{"id":20691,"date":"2026-06-29T14:49:50","date_gmt":"2026-06-29T12:49:50","guid":{"rendered":"https:\/\/www.spkatarzyna.pl\/?p=20691"},"modified":"2026-06-29T15:30:55","modified_gmt":"2026-06-29T13:30:55","slug":"materialy-dot-bezpieczenstwa-dzieci-w-czasie-wakacji","status":"publish","type":"post","link":"https:\/\/www.spkatarzyna.pl\/index.php\/2026\/06\/29\/materialy-dot-bezpieczenstwa-dzieci-w-czasie-wakacji\/","title":{"rendered":"Bezpieczne wakacje &#8211; materia\u0142y"},"content":{"rendered":"\t\t<div data-elementor-type=\"wp-post\" data-elementor-id=\"20691\" class=\"elementor elementor-20691\">\n\t\t\t\t<div class=\"elementor-element elementor-element-072125c e-flex e-con-boxed e-con e-parent\" data-id=\"072125c\" data-element_type=\"container\">\n\t\t\t\t\t<div class=\"e-con-inner\">\n\t\t\t\t<div class=\"elementor-element elementor-element-076ec8d elementor-widget elementor-widget-text-editor\" data-id=\"076ec8d\" data-element_type=\"widget\" data-widget_type=\"text-editor.default\">\n\t\t\t\t\t\t\t\t\t<p><span style=\"font-family: georgia, palatino, serif;\"><span style=\"font-size: 14pt;\"><span style=\"font-style: normal; caret-color: #222222; color: #222222; background-color: #ffffff;\">Materia\u0142y informacyjno &#8211; <\/span><span style=\"font-style: normal; caret-color: #222222; color: #222222; background-color: #ffffff;\">\u00a0<\/span><span style=\"font-style: normal; caret-color: #222222; color: #222222; background-color: #ffffff;\">edukacyjne dotycz\u0105ce bezpiecze\u0144stwa dzieci i m\u0142odzie\u017cy w czasie <\/span><span style=\"font-style: normal; caret-color: #222222; color: #222222; background-color: #ffffff;\">wakacji, przygotowane przez Pa\u0144stwow\u0105 Komisj\u0119 do spraw przeciwdzia\u0142ania\u00a0<\/span><\/span><span style=\"font-style: normal; caret-color: #222222; color: #222222; font-size: 14pt; background-color: #ffffff;\">wykorzystaniu seksualnemu ma\u0142oletnich poni\u017cej lat 15.<\/span><\/span><\/p><ul><li><span style=\"font-family: georgia, palatino, serif;\"><a title=\"Ulotka stawiam na bezpiecze\u0144stwo\" href=\"https:\/\/www.spkatarzyna.pl\/wp-content\/uploads\/2026\/06\/ulotka-stawiam-na-bezpieczenstwo-1.pdf\"><span style=\"font-size: 14pt;\">Ulotka stawiam na bezpiecze\u0144stwo<\/span><\/a><\/span><\/li><li><span style=\"font-family: georgia, palatino, serif;\"><a title=\"Wskaz\u00f3wki dla rodzic\u00f3w\" href=\"https:\/\/www.spkatarzyna.pl\/wp-content\/uploads\/2026\/06\/ulotka-wakacyjne-wskazowki-rodzice-1.pdf\"><span style=\"font-size: 14pt;\">Wskaz\u00f3wki dla rodzic\u00f3w<\/span><\/a><\/span><\/li><li><span style=\"font-family: georgia, palatino, serif;\"><a title=\"Wakacyjne wskaz\u00f3wki dla dzieci\" href=\"https:\/\/www.spkatarzyna.pl\/wp-content\/uploads\/2026\/06\/ulotka-wakacyjne-wskazowki-dzieci-1.pdf\"><span style=\"font-size: 14pt;\">Wakacyjne wskaz\u00f3wki dla dzieci<\/span><\/a><\/span><\/li><li><span style=\"font-family: georgia, palatino, serif;\"><a title=\"Wakacyjne wskaz\u00f3wki dla nastolatk\u00f3w\" href=\"https:\/\/www.spkatarzyna.pl\/wp-content\/uploads\/2026\/06\/ulotka-wakacyjne-wskazowki-nastolatki-1.pdf\"><span style=\"font-size: 14pt;\">Wakacyjne wskaz\u00f3wki dla nastolatk\u00f3w<\/span><\/a><\/span><\/li><li><span style=\"font-family: georgia, palatino, serif;\"><a title=\"Wakacyjne wskaz\u00f3wki dla organizator\u00f3w i wychowawc\u00f3w organizuj\u0105cych letni wypoczynek\" href=\"https:\/\/www.spkatarzyna.pl\/wp-content\/uploads\/2026\/06\/ulotka-wakacyjne-wskazowki-wychowawcy-1.pdf\"><span style=\"font-size: 14pt;\">Wakacyjne wskaz\u00f3wki dla organizator\u00f3w i wychowawc\u00f3w organizuj\u0105cych letni wypoczynek<\/span><\/a><\/span><\/li><\/ul>\t\t\t\t\t\t\t\t<\/div>\n\t\t\t\t<div class=\"elementor-element elementor-element-ca0b735 elementor-widget elementor-widget-image\" data-id=\"ca0b735\" data-element_type=\"widget\" data-widget_type=\"image.default\">\n\t\t\t\t\t\t\t\t\t\t\t\t\t\t\t<img fetchpriority=\"high\" decoding=\"async\" width=\"724\" height=\"1024\" src=\"https:\/\/www.spkatarzyna.pl\/wp-content\/uploads\/2026\/06\/1782737977294-d5874fba-bf97-46be-8714-291494b9d559_1.jpg\" class=\"attachment-medium_large size-medium_large wp-image-20705\" alt=\"\" srcset=\"https:\/\/www.spkatarzyna.pl\/wp-content\/uploads\/2026\/06\/1782737977294-d5874fba-bf97-46be-8714-291494b9d559_1.jpg 724w, https:\/\/www.spkatarzyna.pl\/wp-content\/uploads\/2026\/06\/1782737977294-d5874fba-bf97-46be-8714-291494b9d559_1-212x300.jpg 212w\" sizes=\"(max-width: 724px) 100vw, 724px\" \/>\t\t\t\t\t\t\t\t\t\t\t\t\t\t\t<\/div>\n\t\t\t\t\t<\/div>\n\t\t\t\t<\/div>\n\t\t\t\t<\/div>\n\t\t","protected":false},"excerpt":{"rendered":"<p>Materia\u0142y informacyjno &#8211; \u00a0edukacyjne dotycz\u0105ce bezpiecze\u0144stwa dzieci i m\u0142odzie\u017cy w czasie wakacji, przygotowane przez Pa\u0144stwow\u0105 Komisj\u0119 do spraw przeciwdzia\u0142ania\u00a0wykorzystaniu seksualnemu ma\u0142oletnich poni\u017cej lat 15. Ulotka stawiam na bezpiecze\u0144stwo Wskaz\u00f3wki dla rodzic\u00f3w Wakacyjne wskaz\u00f3wki dla dzieci Wakacyjne wskaz\u00f3wki dla nastolatk\u00f3w Wakacyjne wskaz\u00f3wki dla organizator\u00f3w i wychowawc\u00f3w organizuj\u0105cych letni wypoczynek<\/p>\n","protected":false},"author":6,"featured_media":20693,"comment_status":"open","ping_status":"open","sticky":false,"template":"","format":"standard","meta":{"om_disable_all_campaigns":false,"_monsterinsights_skip_tracking":false,"ngg_post_thumbnail":0,"footnotes":""},"categories":[1],"tags":[],"class_list":["post-20691","post","type-post","status-publish","format-standard","has-post-thumbnail","hentry","category-uncategorized"],"aioseo_notices":[],"aioseo_head":"\n\t\t<!-- All in One SEO 5.0.1.1 - aioseo.com -->\n\t<meta name=\"description\" content=\"Materia\u0142y informacyjno \u2013 edukacyjne dotycz\u0105ce bezpiecze\u0144stwa dzieci i m\u0142odzie\u017cy w czasie wakacji, przygotowane przez Pa\u0144stwow\u0105 Komisj\u0119 do spraw przeciwdzia\u0142ania wykorzystaniu seksualnemu ma\u0142oletnich poni\u017cej lat 15.Ulotka stawiam na bezpiecze\u0144stwoWskaz\u00f3wki dla rodzic\u00f3wWakacyjne wskaz\u00f3wki dla dzieciWakacyjne wskaz\u00f3wki dla nastolatk\u00f3wWakacyjne wskaz\u00f3wki dla organizator\u00f3w i wychowawc\u00f3w organizuj\u0105cych letni wypoczynek\" \/>\n\t<meta name=\"robots\" content=\"max-image-preview:large\" \/>\n\t<meta name=\"author\" content=\"Redakcja\"\/>\n\t<link rel=\"canonical\" href=\"https:\/\/www.spkatarzyna.pl\/index.php\/2026\/06\/29\/materialy-dot-bezpieczenstwa-dzieci-w-czasie-wakacji\/\" \/>\n\t<meta name=\"generator\" content=\"All in One SEO (AIOSEO) 5.0.1.1\" \/>\n\t\t<meta property=\"og:locale\" content=\"pl_PL\" \/>\n\t\t<meta property=\"og:site_name\" content=\"SP Katarzyna - Publiczna Szko\u0142a Podstawowa w \u015awi\u0119tej Katarzynie\" \/>\n\t\t<meta property=\"og:type\" content=\"article\" \/>\n\t\t<meta property=\"og:title\" content=\"Bezpieczne wakacje \u2013 materia\u0142y - SP Katarzyna\" \/>\n\t\t<meta property=\"og:description\" content=\"Materia\u0142y informacyjno \u2013 edukacyjne dotycz\u0105ce bezpiecze\u0144stwa dzieci i m\u0142odzie\u017cy w czasie wakacji, przygotowane przez Pa\u0144stwow\u0105 Komisj\u0119 do spraw przeciwdzia\u0142ania wykorzystaniu seksualnemu ma\u0142oletnich poni\u017cej lat 15.Ulotka stawiam na bezpiecze\u0144stwoWskaz\u00f3wki dla rodzic\u00f3wWakacyjne wskaz\u00f3wki dla dzieciWakacyjne wskaz\u00f3wki dla nastolatk\u00f3wWakacyjne wskaz\u00f3wki dla organizator\u00f3w i wychowawc\u00f3w organizuj\u0105cych letni wypoczynek\" \/>\n\t\t<meta property=\"og:url\" content=\"https:\/\/www.spkatarzyna.pl\/index.php\/2026\/06\/29\/materialy-dot-bezpieczenstwa-dzieci-w-czasie-wakacji\/\" \/>\n\t\t<meta property=\"article:published_time\" content=\"2026-06-29T12:49:50+00:00\" \/>\n\t\t<meta property=\"article:modified_time\" content=\"2026-06-29T13:30:55+00:00\" \/>\n\t\t<meta name=\"twitter:card\" content=\"summary_large_image\" \/>\n\t\t<meta name=\"twitter:title\" content=\"Bezpieczne wakacje \u2013 materia\u0142y - SP Katarzyna\" \/>\n\t\t<meta name=\"twitter:description\" content=\"Materia\u0142y informacyjno \u2013 edukacyjne dotycz\u0105ce bezpiecze\u0144stwa dzieci i m\u0142odzie\u017cy w czasie wakacji, przygotowane przez Pa\u0144stwow\u0105 Komisj\u0119 do spraw przeciwdzia\u0142ania wykorzystaniu seksualnemu ma\u0142oletnich poni\u017cej lat 15.Ulotka stawiam na bezpiecze\u0144stwoWskaz\u00f3wki dla rodzic\u00f3wWakacyjne wskaz\u00f3wki dla dzieciWakacyjne wskaz\u00f3wki dla nastolatk\u00f3wWakacyjne wskaz\u00f3wki dla organizator\u00f3w i wychowawc\u00f3w organizuj\u0105cych letni wypoczynek\" \/>\n\t\t<script type=\"application\/ld+json\" class=\"aioseo-schema\">\n\t\t\t{\"@context\":\"https:\\\/\\\/schema.org\",\"@graph\":[{\"@type\":\"BlogPosting\",\"@id\":\"https:\\\/\\\/www.spkatarzyna.pl\\\/index.php\\\/2026\\\/06\\\/29\\\/materialy-dot-bezpieczenstwa-dzieci-w-czasie-wakacji\\\/#blogposting\",\"name\":\"Bezpieczne wakacje \\u2013 materia\\u0142y - SP Katarzyna\",\"headline\":\"Bezpieczne wakacje &#8211; materia\\u0142y\",\"author\":{\"@id\":\"https:\\\/\\\/www.spkatarzyna.pl\\\/index.php\\\/author\\\/agatasafianspkatarzyna-pl\\\/#author\"},\"publisher\":{\"@id\":\"https:\\\/\\\/www.spkatarzyna.pl\\\/#organization\"},\"image\":{\"@type\":\"ImageObject\",\"url\":\"https:\\\/\\\/www.spkatarzyna.pl\\\/wp-content\\\/uploads\\\/2026\\\/06\\\/Zrzut-ekranu-2026-06-29-o-14.45.png\",\"width\":360,\"height\":202},\"datePublished\":\"2026-06-29T14:49:50+02:00\",\"dateModified\":\"2026-06-29T15:30:55+02:00\",\"inLanguage\":\"pl-PL\",\"mainEntityOfPage\":{\"@id\":\"https:\\\/\\\/www.spkatarzyna.pl\\\/index.php\\\/2026\\\/06\\\/29\\\/materialy-dot-bezpieczenstwa-dzieci-w-czasie-wakacji\\\/#webpage\"},\"isPartOf\":{\"@id\":\"https:\\\/\\\/www.spkatarzyna.pl\\\/index.php\\\/2026\\\/06\\\/29\\\/materialy-dot-bezpieczenstwa-dzieci-w-czasie-wakacji\\\/#webpage\"},\"articleSection\":\"Uncategorized\"},{\"@type\":\"BreadcrumbList\",\"@id\":\"https:\\\/\\\/www.spkatarzyna.pl\\\/index.php\\\/2026\\\/06\\\/29\\\/materialy-dot-bezpieczenstwa-dzieci-w-czasie-wakacji\\\/#breadcrumblist\",\"itemListElement\":[{\"@type\":\"ListItem\",\"@id\":\"https:\\\/\\\/www.spkatarzyna.pl#listItem\",\"position\":1,\"name\":\"Dom\",\"item\":\"https:\\\/\\\/www.spkatarzyna.pl\",\"nextItem\":{\"@type\":\"ListItem\",\"@id\":\"https:\\\/\\\/www.spkatarzyna.pl\\\/index.php\\\/category\\\/uncategorized\\\/#listItem\",\"name\":\"Uncategorized\"}},{\"@type\":\"ListItem\",\"@id\":\"https:\\\/\\\/www.spkatarzyna.pl\\\/index.php\\\/category\\\/uncategorized\\\/#listItem\",\"position\":2,\"name\":\"Uncategorized\",\"item\":\"https:\\\/\\\/www.spkatarzyna.pl\\\/index.php\\\/category\\\/uncategorized\\\/\",\"nextItem\":{\"@type\":\"ListItem\",\"@id\":\"https:\\\/\\\/www.spkatarzyna.pl\\\/index.php\\\/2026\\\/06\\\/29\\\/materialy-dot-bezpieczenstwa-dzieci-w-czasie-wakacji\\\/#listItem\",\"name\":\"Bezpieczne wakacje &#8211; materia\\u0142y\"},\"previousItem\":{\"@type\":\"ListItem\",\"@id\":\"https:\\\/\\\/www.spkatarzyna.pl#listItem\",\"name\":\"Dom\"}},{\"@type\":\"ListItem\",\"@id\":\"https:\\\/\\\/www.spkatarzyna.pl\\\/index.php\\\/2026\\\/06\\\/29\\\/materialy-dot-bezpieczenstwa-dzieci-w-czasie-wakacji\\\/#listItem\",\"position\":3,\"name\":\"Bezpieczne wakacje &#8211; materia\\u0142y\",\"previousItem\":{\"@type\":\"ListItem\",\"@id\":\"https:\\\/\\\/www.spkatarzyna.pl\\\/index.php\\\/category\\\/uncategorized\\\/#listItem\",\"name\":\"Uncategorized\"}}]},{\"@type\":\"Organization\",\"@id\":\"https:\\\/\\\/www.spkatarzyna.pl\\\/#organization\",\"name\":\"SP Katarzyna\",\"description\":\"Publiczna Szko\\u0142a Podstawowa w \\u015awi\\u0119tej Katarzynie\",\"url\":\"https:\\\/\\\/www.spkatarzyna.pl\\\/\",\"telephone\":\"+48713116378\",\"sameAs\":[\"https:\\\/\\\/facebook.com\\\/\",\"https:\\\/\\\/x.com\\\/\",\"https:\\\/\\\/instagram.com\\\/\",\"https:\\\/\\\/pinterest.com\\\/\",\"https:\\\/\\\/youtube.com\\\/\",\"https:\\\/\\\/linkedin.com\\\/in\\\/\"]},{\"@type\":\"Person\",\"@id\":\"https:\\\/\\\/www.spkatarzyna.pl\\\/index.php\\\/author\\\/agatasafianspkatarzyna-pl\\\/#author\",\"url\":\"https:\\\/\\\/www.spkatarzyna.pl\\\/index.php\\\/author\\\/agatasafianspkatarzyna-pl\\\/\",\"name\":\"Redakcja\",\"image\":{\"@type\":\"ImageObject\",\"@id\":\"https:\\\/\\\/www.spkatarzyna.pl\\\/index.php\\\/2026\\\/06\\\/29\\\/materialy-dot-bezpieczenstwa-dzieci-w-czasie-wakacji\\\/#authorImage\",\"url\":\"https:\\\/\\\/secure.gravatar.com\\\/avatar\\\/765290513df94d442152250e92b42327?s=96&d=mm&r=g\",\"width\":96,\"height\":96,\"caption\":\"Redakcja\"}},{\"@type\":\"WebPage\",\"@id\":\"https:\\\/\\\/www.spkatarzyna.pl\\\/index.php\\\/2026\\\/06\\\/29\\\/materialy-dot-bezpieczenstwa-dzieci-w-czasie-wakacji\\\/#webpage\",\"url\":\"https:\\\/\\\/www.spkatarzyna.pl\\\/index.php\\\/2026\\\/06\\\/29\\\/materialy-dot-bezpieczenstwa-dzieci-w-czasie-wakacji\\\/\",\"name\":\"Bezpieczne wakacje \\u2013 materia\\u0142y - SP Katarzyna\",\"description\":\"Materia\\u0142y informacyjno \\u2013 edukacyjne dotycz\\u0105ce bezpiecze\\u0144stwa dzieci i m\\u0142odzie\\u017cy w czasie wakacji, przygotowane przez Pa\\u0144stwow\\u0105 Komisj\\u0119 do spraw przeciwdzia\\u0142ania wykorzystaniu seksualnemu ma\\u0142oletnich poni\\u017cej lat 15.Ulotka stawiam na bezpiecze\\u0144stwoWskaz\\u00f3wki dla rodzic\\u00f3wWakacyjne wskaz\\u00f3wki dla dzieciWakacyjne wskaz\\u00f3wki dla nastolatk\\u00f3wWakacyjne wskaz\\u00f3wki dla organizator\\u00f3w i wychowawc\\u00f3w organizuj\\u0105cych letni wypoczynek\",\"inLanguage\":\"pl-PL\",\"isPartOf\":{\"@id\":\"https:\\\/\\\/www.spkatarzyna.pl\\\/#website\"},\"breadcrumb\":{\"@id\":\"https:\\\/\\\/www.spkatarzyna.pl\\\/index.php\\\/2026\\\/06\\\/29\\\/materialy-dot-bezpieczenstwa-dzieci-w-czasie-wakacji\\\/#breadcrumblist\"},\"author\":{\"@id\":\"https:\\\/\\\/www.spkatarzyna.pl\\\/index.php\\\/author\\\/agatasafianspkatarzyna-pl\\\/#author\"},\"creator\":{\"@id\":\"https:\\\/\\\/www.spkatarzyna.pl\\\/index.php\\\/author\\\/agatasafianspkatarzyna-pl\\\/#author\"},\"image\":{\"@type\":\"ImageObject\",\"url\":\"https:\\\/\\\/www.spkatarzyna.pl\\\/wp-content\\\/uploads\\\/2026\\\/06\\\/Zrzut-ekranu-2026-06-29-o-14.45.png\",\"@id\":\"https:\\\/\\\/www.spkatarzyna.pl\\\/index.php\\\/2026\\\/06\\\/29\\\/materialy-dot-bezpieczenstwa-dzieci-w-czasie-wakacji\\\/#mainImage\",\"width\":360,\"height\":202},\"primaryImageOfPage\":{\"@id\":\"https:\\\/\\\/www.spkatarzyna.pl\\\/index.php\\\/2026\\\/06\\\/29\\\/materialy-dot-bezpieczenstwa-dzieci-w-czasie-wakacji\\\/#mainImage\"},\"datePublished\":\"2026-06-29T14:49:50+02:00\",\"dateModified\":\"2026-06-29T15:30:55+02:00\"},{\"@type\":\"WebSite\",\"@id\":\"https:\\\/\\\/www.spkatarzyna.pl\\\/#website\",\"url\":\"https:\\\/\\\/www.spkatarzyna.pl\\\/\",\"name\":\"SP Katarzyna\",\"description\":\"Publiczna Szko\\u0142a Podstawowa w \\u015awi\\u0119tej Katarzynie\",\"inLanguage\":\"pl-PL\",\"publisher\":{\"@id\":\"https:\\\/\\\/www.spkatarzyna.pl\\\/#organization\"}}]}\n\t\t<\/script>\n\t\t<!-- All in One SEO -->\n\n","aioseo_head_json":{"title":"Bezpieczne wakacje \u2013 materia\u0142y - SP Katarzyna","description":"Materia\u0142y informacyjno \u2013 edukacyjne dotycz\u0105ce bezpiecze\u0144stwa dzieci i m\u0142odzie\u017cy w czasie wakacji, przygotowane przez Pa\u0144stwow\u0105 Komisj\u0119 do spraw przeciwdzia\u0142ania wykorzystaniu seksualnemu ma\u0142oletnich poni\u017cej lat 15.Ulotka stawiam na bezpiecze\u0144stwoWskaz\u00f3wki dla rodzic\u00f3wWakacyjne wskaz\u00f3wki dla dzieciWakacyjne wskaz\u00f3wki dla nastolatk\u00f3wWakacyjne wskaz\u00f3wki dla organizator\u00f3w i wychowawc\u00f3w organizuj\u0105cych letni wypoczynek","canonical_url":"https:\/\/www.spkatarzyna.pl\/index.php\/2026\/06\/29\/materialy-dot-bezpieczenstwa-dzieci-w-czasie-wakacji\/","robots":"max-image-preview:large","keywords":"","webmasterTools":{"miscellaneous":""},"schema":{"@context":"https:\/\/schema.org","@graph":[{"@type":"BlogPosting","@id":"https:\/\/www.spkatarzyna.pl\/index.php\/2026\/06\/29\/materialy-dot-bezpieczenstwa-dzieci-w-czasie-wakacji\/#blogposting","name":"Bezpieczne wakacje \u2013 materia\u0142y - SP Katarzyna","headline":"Bezpieczne wakacje &#8211; materia\u0142y","author":{"@id":"https:\/\/www.spkatarzyna.pl\/index.php\/author\/agatasafianspkatarzyna-pl\/#author"},"publisher":{"@id":"https:\/\/www.spkatarzyna.pl\/#organization"},"image":{"@type":"ImageObject","url":"https:\/\/www.spkatarzyna.pl\/wp-content\/uploads\/2026\/06\/Zrzut-ekranu-2026-06-29-o-14.45.png","width":360,"height":202},"datePublished":"2026-06-29T14:49:50+02:00","dateModified":"2026-06-29T15:30:55+02:00","inLanguage":"pl-PL","mainEntityOfPage":{"@id":"https:\/\/www.spkatarzyna.pl\/index.php\/2026\/06\/29\/materialy-dot-bezpieczenstwa-dzieci-w-czasie-wakacji\/#webpage"},"isPartOf":{"@id":"https:\/\/www.spkatarzyna.pl\/index.php\/2026\/06\/29\/materialy-dot-bezpieczenstwa-dzieci-w-czasie-wakacji\/#webpage"},"articleSection":"Uncategorized"},{"@type":"BreadcrumbList","@id":"https:\/\/www.spkatarzyna.pl\/index.php\/2026\/06\/29\/materialy-dot-bezpieczenstwa-dzieci-w-czasie-wakacji\/#breadcrumblist","itemListElement":[{"@type":"ListItem","@id":"https:\/\/www.spkatarzyna.pl#listItem","position":1,"name":"Dom","item":"https:\/\/www.spkatarzyna.pl","nextItem":{"@type":"ListItem","@id":"https:\/\/www.spkatarzyna.pl\/index.php\/category\/uncategorized\/#listItem","name":"Uncategorized"}},{"@type":"ListItem","@id":"https:\/\/www.spkatarzyna.pl\/index.php\/category\/uncategorized\/#listItem","position":2,"name":"Uncategorized","item":"https:\/\/www.spkatarzyna.pl\/index.php\/category\/uncategorized\/","nextItem":{"@type":"ListItem","@id":"https:\/\/www.spkatarzyna.pl\/index.php\/2026\/06\/29\/materialy-dot-bezpieczenstwa-dzieci-w-czasie-wakacji\/#listItem","name":"Bezpieczne wakacje &#8211; materia\u0142y"},"previousItem":{"@type":"ListItem","@id":"https:\/\/www.spkatarzyna.pl#listItem","name":"Dom"}},{"@type":"ListItem","@id":"https:\/\/www.spkatarzyna.pl\/index.php\/2026\/06\/29\/materialy-dot-bezpieczenstwa-dzieci-w-czasie-wakacji\/#listItem","position":3,"name":"Bezpieczne wakacje &#8211; materia\u0142y","previousItem":{"@type":"ListItem","@id":"https:\/\/www.spkatarzyna.pl\/index.php\/category\/uncategorized\/#listItem","name":"Uncategorized"}}]},{"@type":"Organization","@id":"https:\/\/www.spkatarzyna.pl\/#organization","name":"SP Katarzyna","description":"Publiczna Szko\u0142a Podstawowa w \u015awi\u0119tej Katarzynie","url":"https:\/\/www.spkatarzyna.pl\/","telephone":"+48713116378","sameAs":["https:\/\/facebook.com\/","https:\/\/x.com\/","https:\/\/instagram.com\/","https:\/\/pinterest.com\/","https:\/\/youtube.com\/","https:\/\/linkedin.com\/in\/"]},{"@type":"Person","@id":"https:\/\/www.spkatarzyna.pl\/index.php\/author\/agatasafianspkatarzyna-pl\/#author","url":"https:\/\/www.spkatarzyna.pl\/index.php\/author\/agatasafianspkatarzyna-pl\/","name":"Redakcja","image":{"@type":"ImageObject","@id":"https:\/\/www.spkatarzyna.pl\/index.php\/2026\/06\/29\/materialy-dot-bezpieczenstwa-dzieci-w-czasie-wakacji\/#authorImage","url":"https:\/\/secure.gravatar.com\/avatar\/765290513df94d442152250e92b42327?s=96&d=mm&r=g","width":96,"height":96,"caption":"Redakcja"}},{"@type":"WebPage","@id":"https:\/\/www.spkatarzyna.pl\/index.php\/2026\/06\/29\/materialy-dot-bezpieczenstwa-dzieci-w-czasie-wakacji\/#webpage","url":"https:\/\/www.spkatarzyna.pl\/index.php\/2026\/06\/29\/materialy-dot-bezpieczenstwa-dzieci-w-czasie-wakacji\/","name":"Bezpieczne wakacje \u2013 materia\u0142y - SP Katarzyna","description":"Materia\u0142y informacyjno \u2013 edukacyjne dotycz\u0105ce bezpiecze\u0144stwa dzieci i m\u0142odzie\u017cy w czasie wakacji, przygotowane przez Pa\u0144stwow\u0105 Komisj\u0119 do spraw przeciwdzia\u0142ania wykorzystaniu seksualnemu ma\u0142oletnich poni\u017cej lat 15.Ulotka stawiam na bezpiecze\u0144stwoWskaz\u00f3wki dla rodzic\u00f3wWakacyjne wskaz\u00f3wki dla dzieciWakacyjne wskaz\u00f3wki dla nastolatk\u00f3wWakacyjne wskaz\u00f3wki dla organizator\u00f3w i wychowawc\u00f3w organizuj\u0105cych letni wypoczynek","inLanguage":"pl-PL","isPartOf":{"@id":"https:\/\/www.spkatarzyna.pl\/#website"},"breadcrumb":{"@id":"https:\/\/www.spkatarzyna.pl\/index.php\/2026\/06\/29\/materialy-dot-bezpieczenstwa-dzieci-w-czasie-wakacji\/#breadcrumblist"},"author":{"@id":"https:\/\/www.spkatarzyna.pl\/index.php\/author\/agatasafianspkatarzyna-pl\/#author"},"creator":{"@id":"https:\/\/www.spkatarzyna.pl\/index.php\/author\/agatasafianspkatarzyna-pl\/#author"},"image":{"@type":"ImageObject","url":"https:\/\/www.spkatarzyna.pl\/wp-content\/uploads\/2026\/06\/Zrzut-ekranu-2026-06-29-o-14.45.png","@id":"https:\/\/www.spkatarzyna.pl\/index.php\/2026\/06\/29\/materialy-dot-bezpieczenstwa-dzieci-w-czasie-wakacji\/#mainImage","width":360,"height":202},"primaryImageOfPage":{"@id":"https:\/\/www.spkatarzyna.pl\/index.php\/2026\/06\/29\/materialy-dot-bezpieczenstwa-dzieci-w-czasie-wakacji\/#mainImage"},"datePublished":"2026-06-29T14:49:50+02:00","dateModified":"2026-06-29T15:30:55+02:00"},{"@type":"WebSite","@id":"https:\/\/www.spkatarzyna.pl\/#website","url":"https:\/\/www.spkatarzyna.pl\/","name":"SP Katarzyna","description":"Publiczna Szko\u0142a Podstawowa w \u015awi\u0119tej Katarzynie","inLanguage":"pl-PL","publisher":{"@id":"https:\/\/www.spkatarzyna.pl\/#organization"}}]},"og:locale":"pl_PL","og:site_name":"SP Katarzyna - Publiczna Szko\u0142a Podstawowa w \u015awi\u0119tej Katarzynie","og:type":"article","og:title":"Bezpieczne wakacje \u2013 materia\u0142y - SP Katarzyna","og:description":"Materia\u0142y informacyjno \u2013 edukacyjne dotycz\u0105ce bezpiecze\u0144stwa dzieci i m\u0142odzie\u017cy w czasie wakacji, przygotowane przez Pa\u0144stwow\u0105 Komisj\u0119 do spraw przeciwdzia\u0142ania wykorzystaniu seksualnemu ma\u0142oletnich poni\u017cej lat 15.Ulotka stawiam na bezpiecze\u0144stwoWskaz\u00f3wki dla rodzic\u00f3wWakacyjne wskaz\u00f3wki dla dzieciWakacyjne wskaz\u00f3wki dla nastolatk\u00f3wWakacyjne wskaz\u00f3wki dla organizator\u00f3w i wychowawc\u00f3w organizuj\u0105cych letni wypoczynek","og:url":"https:\/\/www.spkatarzyna.pl\/index.php\/2026\/06\/29\/materialy-dot-bezpieczenstwa-dzieci-w-czasie-wakacji\/","article:published_time":"2026-06-29T12:49:50+00:00","article:modified_time":"2026-06-29T13:30:55+00:00","twitter:card":"summary_large_image","twitter:title":"Bezpieczne wakacje \u2013 materia\u0142y - SP Katarzyna","twitter:description":"Materia\u0142y informacyjno \u2013 edukacyjne dotycz\u0105ce bezpiecze\u0144stwa dzieci i m\u0142odzie\u017cy w czasie wakacji, przygotowane przez Pa\u0144stwow\u0105 Komisj\u0119 do spraw przeciwdzia\u0142ania wykorzystaniu seksualnemu ma\u0142oletnich poni\u017cej lat 15.Ulotka stawiam na bezpiecze\u0144stwoWskaz\u00f3wki dla rodzic\u00f3wWakacyjne wskaz\u00f3wki dla dzieciWakacyjne wskaz\u00f3wki dla nastolatk\u00f3wWakacyjne wskaz\u00f3wki dla organizator\u00f3w i wychowawc\u00f3w organizuj\u0105cych letni wypoczynek"},"aioseo_meta_data":{"post_id":"20691","title":null,"description":null,"keywords":null,"keyphrases":{"focus":[],"additional":[]},"primary_term":null,"canonical_url":null,"og_title":null,"og_description":null,"og_object_type":"default","og_image_type":"default","og_image_url":null,"og_image_width":null,"og_image_height":null,"og_image_custom_url":null,"og_image_custom_fields":null,"og_video":"","og_custom_url":null,"og_article_section":null,"og_article_tags":null,"twitter_use_og":false,"twitter_card":"default","twitter_image_type":"default","twitter_image_url":null,"twitter_image_custom_url":null,"twitter_image_custom_fields":null,"twitter_title":null,"twitter_description":null,"schema":{"blockGraphs":[],"customGraphs":[],"default":{"data":{"Article":[],"Course":[],"Dataset":[],"FAQPage":[],"Movie":[],"Person":[],"Product":[],"ProductReview":[],"Car":[],"Recipe":[],"Service":[],"SoftwareApplication":[],"WebPage":[]},"graphName":"BlogPosting","isEnabled":true},"graphs":[]},"schema_type":"default","schema_type_options":null,"pillar_content":false,"robots_default":true,"robots_noindex":false,"robots_noarchive":false,"robots_nosnippet":false,"robots_nofollow":false,"robots_noimageindex":false,"robots_noodp":false,"robots_notranslate":false,"robots_max_snippet":"-1","robots_max_videopreview":"-1","robots_max_imagepreview":"large","priority":null,"frequency":"default","local_seo":null,"limit_modified_date":false,"created":"2026-06-29 12:49:51","updated":"2026-09-03 18:21:46","focus_keyword":null,"additional_keywords":null,"truseo_locale":null,"ai":null,"breadcrumb_settings":null,"seo_analyzer_scan_date":null},"aioseo_breadcrumb":"<div class=\"aioseo-breadcrumbs\"><span class=\"aioseo-breadcrumb\">\n\t\t\t<a href=\"https:\/\/www.spkatarzyna.pl\" title=\"Dom\">Dom<\/a>\n\t\t<\/span><span class=\"aioseo-breadcrumb-separator\">&raquo;<\/span><span class=\"aioseo-breadcrumb\">\n\t\t\t<a href=\"https:\/\/www.spkatarzyna.pl\/index.php\/category\/uncategorized\/\" title=\"Uncategorized\">Uncategorized<\/a>\n\t\t<\/span><span class=\"aioseo-breadcrumb-separator\">&raquo;<\/span><span class=\"aioseo-breadcrumb\">\n\t\t\tBezpieczne wakacje \u2013 materia\u0142y\n\t\t<\/span><\/div>","aioseo_breadcrumb_json":[{"label":"Dom","link":"https:\/\/www.spkatarzyna.pl"},{"label":"Uncategorized","link":"https:\/\/www.spkatarzyna.pl\/index.php\/category\/uncategorized\/"},{"label":"Bezpieczne wakacje &#8211; materia\u0142y","link":"https:\/\/www.spkatarzyna.pl\/index.php\/2026\/06\/29\/materialy-dot-bezpieczenstwa-dzieci-w-czasie-wakacji\/"}],"_links":{"self":[{"href":"https:\/\/www.spkatarzyna.pl\/index.php\/wp-json\/wp\/v2\/posts\/20691","targetHints":{"allow":["GET"]}}],"collection":[{"href":"https:\/\/www.spkatarzyna.pl\/index.php\/wp-json\/wp\/v2\/posts"}],"about":[{"href":"https:\/\/www.spkatarzyna.pl\/index.php\/wp-json\/wp\/v2\/types\/post"}],"author":[{"embeddable":true,"href":"https:\/\/www.spkatarzyna.pl\/index.php\/wp-json\/wp\/v2\/users\/6"}],"replies":[{"embeddable":true,"href":"https:\/\/www.spkatarzyna.pl\/index.php\/wp-json\/wp\/v2\/comments?post=20691"}],"version-history":[{"count":14,"href":"https:\/\/www.spkatarzyna.pl\/index.php\/wp-json\/wp\/v2\/posts\/20691\/revisions"}],"predecessor-version":[{"id":20722,"href":"https:\/\/www.spkatarzyna.pl\/index.php\/wp-json\/wp\/v2\/posts\/20691\/revisions\/20722"}],"wp:featuredmedia":[{"embeddable":true,"href":"https:\/\/www.spkatarzyna.pl\/index.php\/wp-json\/wp\/v2\/media\/20693"}],"wp:attachment":[{"href":"https:\/\/www.spkatarzyna.pl\/index.php\/wp-json\/wp\/v2\/media?parent=20691"}],"wp:term":[{"taxonomy":"category","embeddable":true,"href":"https:\/\/www.spkatarzyna.pl\/index.php\/wp-json\/wp\/v2\/categories?post=20691"},{"taxonomy":"post_tag","embeddable":true,"href":"https:\/\/www.spkatarzyna.pl\/index.php\/wp-json\/wp\/v2\/tags?post=20691"}],"curies":[{"name":"wp","href":"https:\/\/api.w.org\/{rel}","templated":true}]}}