{"id":20892,"date":"2026-09-02T17:53:29","date_gmt":"2026-09-02T15:53:29","guid":{"rendered":"https:\/\/www.spkatarzyna.pl\/?p=20892"},"modified":"2026-09-02T21:14:48","modified_gmt":"2026-09-02T19:14:48","slug":"uroczysta-inauguracja-roku-szkolnego-2026-2027","status":"publish","type":"post","link":"https:\/\/www.spkatarzyna.pl\/index.php\/2026\/09\/02\/uroczysta-inauguracja-roku-szkolnego-2026-2027\/","title":{"rendered":"Inauguracja roku szkolnego 2026\/2027"},"content":{"rendered":"\t\t<div data-elementor-type=\"wp-post\" data-elementor-id=\"20892\" class=\"elementor elementor-20892\">\n\t\t\t\t<div class=\"elementor-element elementor-element-2e8043e8 e-flex e-con-boxed e-con e-parent\" data-id=\"2e8043e8\" data-element_type=\"container\">\n\t\t\t\t\t<div class=\"e-con-inner\">\n\t\t\t\t<div class=\"elementor-element elementor-element-1b492dae elementor-widget elementor-widget-text-editor\" data-id=\"1b492dae\" data-element_type=\"widget\" data-widget_type=\"text-editor.default\">\n\t\t\t\t\t\t\t\t\t<div class=\"qJYHHd mp0vvc\" data-xid=\"aim-mars-turn-root\" data-sfc-root=\"c\" data-sfc-inited=\"2\" data-asrc=\"true\" data-copy-service-computed-style=\"font-family: &quot;Google Sans&quot;, &quot;Helvetica Neue&quot;, sans-serif; font-size: 14px; font-weight: 400; margin: 0px -0.22px 0px -0.21875px; text-decoration: none; border-bottom: 0px rgb(10, 10, 10);\"><div class=\"tonYlb\" data-tr-rsts=\"false\" data-copy-service-computed-style=\"font-family: &quot;Google Sans&quot;, &quot;Helvetica Neue&quot;, sans-serif; font-size: 14px; font-weight: 400; margin: 24px 0px 0px; text-decoration: none; border-bottom: 0px rgb(10, 10, 10);\"><div data-copy-service-computed-style=\"font-family: &quot;Google Sans&quot;, &quot;Helvetica Neue&quot;, sans-serif; font-size: 14px; font-weight: 400; margin: 0px; text-decoration: none; border-bottom: 0px rgb(10, 10, 10);\"><div class=\"\" data-streaming-container=\"\" data-copy-service-computed-style=\"font-family: &quot;Google Sans&quot;, &quot;Helvetica Neue&quot;, sans-serif; font-size: 14px; font-weight: 400; margin: 0px; text-decoration: none; border-bottom: 0px rgb(10, 10, 10);\"><div data-processed=\"true\" data-copy-service-computed-style=\"font-family: &quot;Google Sans&quot;, &quot;Helvetica Neue&quot;, sans-serif; font-size: 14px; font-weight: 400; margin: 0px; text-decoration: none; border-bottom: 0px rgb(10, 10, 10);\"><div class=\"CKgc1d\" data-scope-id=\"turn\" data-sfc-root=\"ep\" data-processed=\"true\" data-complete=\"true\" data-copy-service-computed-style=\"font-family: &quot;Google Sans&quot;, &quot;Helvetica Neue&quot;, sans-serif; font-size: 14px; font-weight: 400; margin: 0px; text-decoration: none; border-bottom: 0px rgb(10, 10, 10);\"><div data-subtree=\"aimc\" data-sfc-cp=\"\" data-sfc-root=\"c\" data-processed=\"true\" data-complete=\"true\" data-copy-service-computed-style=\"font-family: &quot;Google Sans&quot;, &quot;Helvetica Neue&quot;, sans-serif; font-size: 14px; font-weight: 400; margin: 0px; text-decoration: none; border-bottom: 0px rgb(10, 10, 10);\"><div class=\"Zkbeff\" dir=\"ltr\" data-sfc-root=\"ep\" data-wiz-uids=\"dm1JP_2\" data-ctx-provider=\"[[[&quot;b9Q7he&quot;,&quot;[{\\&quot;s\\&quot;:3,\\&quot;i\\&quot;:\\&quot;dm1JP_1\/LL5gb\\&quot;}]&quot;],[&quot;dMtGDc&quot;,&quot;[false]&quot;]]]\" data-ved=\"2ahUKEwiszM25n9CWAxXzVfEDHR7eGR4Q2O0OegYIAAgEEAA\" data-hveid=\"CAAIBBAA\" data-processed=\"true\" data-complete=\"true\" data-sfc-inited=\"2\" data-copy-service-computed-style=\"font-family: &quot;Google Sans&quot;, &quot;Helvetica Neue&quot;, sans-serif; font-size: 14px; font-weight: 400; margin: 0px; text-decoration: none; border-bottom: 0px rgb(10, 10, 10);\"><div class=\"pWvJNd\" data-sfc-root=\"ep\" data-processed=\"true\" data-complete=\"true\" data-copy-service-computed-style=\"font-family: &quot;Google Sans&quot;, &quot;Helvetica Neue&quot;, sans-serif; font-size: 14px; font-weight: 400; margin: 0px; text-decoration: none; border-bottom: 0px rgb(10, 10, 10);\"><div class=\"mZJni Dn7Fzd\" dir=\"ltr\" data-container-id=\"main-col\" data-xid=\"VpUvz\" data-sfc-root=\"ep\" data-ctx-provider=\"[[[&quot;dMtGDc&quot;,&quot;[false]&quot;]]]\" data-ved=\"2ahUKEwiszM25n9CWAxXzVfEDHR7eGR4Q3KYQegYIAAgEEAE\" data-processed=\"true\" data-sfc-inited=\"2\" data-copy-service-computed-style=\"font-family: &quot;Google Sans&quot;, &quot;Helvetica Neue&quot;, sans-serif; font-size: 14px; font-weight: 400; margin: 0px; text-decoration: none; border-bottom: 0px rgb(10, 10, 10);\"><p class=\"n6owBd awi2gc\" style=\"text-align: justify;\" data-sfc-root=\"ep\" data-hveid=\"CAAIDBAC\" data-complete=\"true\" data-copy-service-computed-style=\"font-family: &quot;Google Sans&quot;, &quot;Helvetica Neue&quot;, sans-serif; font-size: 16px; font-weight: 400; margin: 12px 0px 16px; text-decoration: none; border-bottom: 0px rgb(10, 10, 10);\"><span style=\"font-size: 14pt; color: #000000;\">1 wrze\u015bnia oficjalnie powitali\u015bmy nowy rok szkolny, dziel\u0105c uroczysto\u015bci na dwie cz\u0119\u015bci.<\/span><\/p><p class=\"n6owBd awi2gc\" style=\"text-align: justify;\" data-sfc-root=\"ep\" data-hveid=\"CAAIDBAD\" data-complete=\"true\" data-copy-service-computed-style=\"font-family: &quot;Google Sans&quot;, &quot;Helvetica Neue&quot;, sans-serif; font-size: 16px; font-weight: 400; margin: 12px 0px 16px; text-decoration: none; border-bottom: 0px rgb(10, 10, 10);\"><span style=\"font-size: 14pt; color: #000000;\">O godzinie 9:00 na placu przed g\u0142\u00f3wnym wej\u015bciem zgromadzili si\u0119 uczniowie klas 1\u20134 wraz z rodzicami i nauczycielami. Uroczysto\u015b\u0107 swoj\u0105 obecno\u015bci\u0105 zaszczycili zaproszeni go\u015bcie \u2013 \u00a0Zast\u0119pca Burmistrza Siechnic, pan Pawe\u0142 Jasi\u0119ga oraz przewodnicz\u0105ca Rady Rodzic\u00f3w, pani Joanna Kowal. Po kr\u00f3tkiej cz\u0119\u015bci oficjalnej najm\u0142odsi udali si\u0119 do sal lekcyjnych na spotkania ze swoimi wychowawcami. <\/span><\/p><p class=\"n6owBd awi2gc\" style=\"text-align: justify;\" data-sfc-root=\"ep\" data-hveid=\"CAAIDBAD\" data-complete=\"true\" data-copy-service-computed-style=\"font-family: &quot;Google Sans&quot;, &quot;Helvetica Neue&quot;, sans-serif; font-size: 16px; font-weight: 400; margin: 12px 0px 16px; text-decoration: none; border-bottom: 0px rgb(10, 10, 10);\"><span style=\"font-size: 14pt; color: #000000;\">Natomiast o godzinie 10:00, nowy rok szkolny rozpocz\u0119li starsi uczniowie z klas 5\u20138, kt\u00f3rzy spotkali si\u0119 ze swoimi pedagogami bezpo\u015brednio w klasach.<\/span><\/p><p class=\"n6owBd awi2gc\" style=\"text-align: justify;\" data-sfc-root=\"ep\" data-hveid=\"CAAIDBAE\" data-complete=\"true\" aria-owns=\"action-menu-parent-container\" data-copy-service-computed-style=\"font-family: &quot;Google Sans&quot;, &quot;Helvetica Neue&quot;, sans-serif; font-size: 16px; font-weight: 400; margin: 12px 0px 0px; text-decoration: none; border-bottom: 0px rgb(10, 10, 10);\"><span style=\"font-size: 14pt; color: #000000;\">Wszystkim uczniom, a w szczeg\u00f3lno\u015bci pierwszoklasistom, \u017cyczymy bezpiecznego, pe\u0142nego sukces\u00f3w i fascynuj\u0105cych odkry\u0107 roku szkolnego.<\/span><\/p><\/div><\/div><\/div><\/div><\/div><\/div><\/div><\/div><\/div><\/div>\t\t\t\t\t\t\t\t<\/div>\n\t\t\t\t<div class=\"elementor-element elementor-element-7a78a90 elementor-widget elementor-widget-image-gallery\" data-id=\"7a78a90\" data-element_type=\"widget\" data-widget_type=\"image-gallery.default\">\n\t\t\t\t\t\t\t<div class=\"elementor-image-gallery\">\n\t\t\t\n\t\t<div id='gallery-1' class='gallery galleryid-20892 gallery-columns-4 gallery-size-thumbnail gallery1'><script type=\"text\/javascript\">\n\/\/ <![CDATA[\n\tjQuery(document).ready(function () {\n\t\tjQuery(\".gallery1 a\").attr(\"rel\",\"gallery1\");\t\n\t\tjQuery('a[rel=\"gallery1\"]').colorbox({title: function(){ return jQuery(this).children().attr(\"alt\"); }});\n\t});\n\/\/ ]]>\n<\/script>\n<dl class=\"gallery-item\">\n<dt class=\"gallery-icon\">\n<a href=\"https:\/\/www.spkatarzyna.pl\/wp-content\/uploads\/2026\/09\/IMG_3767-300x200.jpg\" title=\"\" rel=\"gallery1\" rel=\"lightbox[20892]\"><img decoding=\"async\" src=\"https:\/\/www.spkatarzyna.pl\/wp-content\/uploads\/2026\/09\/IMG_3767-150x150.jpg\" width=\"150\" height=\"150\" alt=\"\" \/><\/a>\n<\/dt><\/dl><dl class=\"gallery-item\">\n<dt class=\"gallery-icon\">\n<a href=\"https:\/\/www.spkatarzyna.pl\/wp-content\/uploads\/2026\/09\/IMG_3770-300x200.jpg\" title=\"\" rel=\"gallery1\" rel=\"lightbox[20892]\"><img decoding=\"async\" src=\"https:\/\/www.spkatarzyna.pl\/wp-content\/uploads\/2026\/09\/IMG_3770-150x150.jpg\" width=\"150\" height=\"150\" alt=\"\" \/><\/a>\n<\/dt><\/dl><dl class=\"gallery-item\">\n<dt class=\"gallery-icon\">\n<a href=\"https:\/\/www.spkatarzyna.pl\/wp-content\/uploads\/2026\/09\/IMG_3776-1-300x200.jpg\" title=\"\" rel=\"gallery1\" rel=\"lightbox[20892]\"><img decoding=\"async\" src=\"https:\/\/www.spkatarzyna.pl\/wp-content\/uploads\/2026\/09\/IMG_3776-1-150x150.jpg\" width=\"150\" height=\"150\" alt=\"\" \/><\/a>\n<\/dt><\/dl><dl class=\"gallery-item\">\n<dt class=\"gallery-icon\">\n<a href=\"https:\/\/www.spkatarzyna.pl\/wp-content\/uploads\/2026\/09\/IMG_3779-300x200.jpg\" title=\"\" rel=\"gallery1\" rel=\"lightbox[20892]\"><img loading=\"lazy\" decoding=\"async\" src=\"https:\/\/www.spkatarzyna.pl\/wp-content\/uploads\/2026\/09\/IMG_3779-150x150.jpg\" width=\"150\" height=\"150\" alt=\"\" \/><\/a>\n<\/dt><\/dl><br style=\"clear: both\" \/><dl class=\"gallery-item\">\n<dt class=\"gallery-icon\">\n<a href=\"https:\/\/www.spkatarzyna.pl\/wp-content\/uploads\/2026\/09\/IMG_3782-300x200.jpg\" title=\"\" rel=\"gallery1\" rel=\"lightbox[20892]\"><img loading=\"lazy\" decoding=\"async\" src=\"https:\/\/www.spkatarzyna.pl\/wp-content\/uploads\/2026\/09\/IMG_3782-150x150.jpg\" width=\"150\" height=\"150\" alt=\"\" \/><\/a>\n<\/dt><\/dl><dl class=\"gallery-item\">\n<dt class=\"gallery-icon\">\n<a href=\"https:\/\/www.spkatarzyna.pl\/wp-content\/uploads\/2026\/09\/IMG_3784-300x200.jpg\" title=\"\" rel=\"gallery1\" rel=\"lightbox[20892]\"><img loading=\"lazy\" decoding=\"async\" src=\"https:\/\/www.spkatarzyna.pl\/wp-content\/uploads\/2026\/09\/IMG_3784-150x150.jpg\" width=\"150\" height=\"150\" alt=\"\" \/><\/a>\n<\/dt><\/dl><dl class=\"gallery-item\">\n<dt class=\"gallery-icon\">\n<a href=\"https:\/\/www.spkatarzyna.pl\/wp-content\/uploads\/2026\/09\/IMG_3786-300x200.jpg\" title=\"\" rel=\"gallery1\" rel=\"lightbox[20892]\"><img loading=\"lazy\" decoding=\"async\" src=\"https:\/\/www.spkatarzyna.pl\/wp-content\/uploads\/2026\/09\/IMG_3786-150x150.jpg\" width=\"150\" height=\"150\" alt=\"\" \/><\/a>\n<\/dt><\/dl><dl class=\"gallery-item\">\n<dt class=\"gallery-icon\">\n<a href=\"https:\/\/www.spkatarzyna.pl\/wp-content\/uploads\/2026\/09\/IMG_3788-300x200.jpg\" title=\"\" rel=\"gallery1\" rel=\"lightbox[20892]\"><img loading=\"lazy\" decoding=\"async\" src=\"https:\/\/www.spkatarzyna.pl\/wp-content\/uploads\/2026\/09\/IMG_3788-150x150.jpg\" width=\"150\" height=\"150\" alt=\"\" \/><\/a>\n<\/dt><\/dl><br style=\"clear: both\" \/><dl class=\"gallery-item\">\n<dt class=\"gallery-icon\">\n<a href=\"https:\/\/www.spkatarzyna.pl\/wp-content\/uploads\/2026\/09\/IMG_3795-300x200.jpg\" title=\"\" rel=\"gallery1\" rel=\"lightbox[20892]\"><img loading=\"lazy\" decoding=\"async\" src=\"https:\/\/www.spkatarzyna.pl\/wp-content\/uploads\/2026\/09\/IMG_3795-150x150.jpg\" width=\"150\" height=\"150\" alt=\"\" \/><\/a>\n<\/dt><\/dl><dl class=\"gallery-item\">\n<dt class=\"gallery-icon\">\n<a href=\"https:\/\/www.spkatarzyna.pl\/wp-content\/uploads\/2026\/09\/IMG_3807-300x200.jpg\" title=\"\" rel=\"gallery1\" rel=\"lightbox[20892]\"><img loading=\"lazy\" decoding=\"async\" src=\"https:\/\/www.spkatarzyna.pl\/wp-content\/uploads\/2026\/09\/IMG_3807-150x150.jpg\" width=\"150\" height=\"150\" alt=\"\" \/><\/a>\n<\/dt><\/dl><dl class=\"gallery-item\">\n<dt class=\"gallery-icon\">\n<a href=\"https:\/\/www.spkatarzyna.pl\/wp-content\/uploads\/2026\/09\/IMG_3814-300x200.jpg\" title=\"\" rel=\"gallery1\" rel=\"lightbox[20892]\"><img loading=\"lazy\" decoding=\"async\" src=\"https:\/\/www.spkatarzyna.pl\/wp-content\/uploads\/2026\/09\/IMG_3814-150x150.jpg\" width=\"150\" height=\"150\" alt=\"\" \/><\/a>\n<\/dt><\/dl><dl class=\"gallery-item\">\n<dt class=\"gallery-icon\">\n<a href=\"https:\/\/www.spkatarzyna.pl\/wp-content\/uploads\/2026\/09\/IMG_3816-300x200.jpg\" title=\"\" rel=\"gallery1\" rel=\"lightbox[20892]\"><img loading=\"lazy\" decoding=\"async\" src=\"https:\/\/www.spkatarzyna.pl\/wp-content\/uploads\/2026\/09\/IMG_3816-150x150.jpg\" width=\"150\" height=\"150\" alt=\"\" \/><\/a>\n<\/dt><\/dl><br style=\"clear: both\" \/><br style=\"clear: both\" \/><\/div>\t\t<\/div>\n\t\t\t\t\t\t<\/div>\n\t\t\t\t\t<\/div>\n\t\t\t\t<\/div>\n\t\t\t\t<\/div>\n\t\t","protected":false},"excerpt":{"rendered":"<p>1 wrze\u015bnia oficjalnie powitali\u015bmy nowy rok szkolny, dziel\u0105c uroczysto\u015bci na dwie cz\u0119\u015bci. O godzinie 9:00 na placu przed g\u0142\u00f3wnym wej\u015bciem zgromadzili si\u0119 uczniowie klas 1\u20134 wraz z rodzicami i nauczycielami. Uroczysto\u015b\u0107 swoj\u0105 obecno\u015bci\u0105 zaszczycili zaproszeni go\u015bcie \u2013 \u00a0Zast\u0119pca Burmistrza Siechnic, pan Pawe\u0142 Jasi\u0119ga oraz przewodnicz\u0105ca Rady Rodzic\u00f3w, pani Joanna Kowal. [&hellip;]<\/p>\n","protected":false},"author":6,"featured_media":20893,"comment_status":"open","ping_status":"open","sticky":false,"template":"","format":"standard","meta":{"om_disable_all_campaigns":false,"_monsterinsights_skip_tracking":false,"ngg_post_thumbnail":0,"footnotes":""},"categories":[1],"tags":[],"class_list":["post-20892","post","type-post","status-publish","format-standard","has-post-thumbnail","hentry","category-uncategorized"],"aioseo_notices":[],"aioseo_head":"\n\t\t<!-- All in One SEO 5.0.1.1 - aioseo.com -->\n\t<meta name=\"description\" content=\"1 wrze\u015bnia oficjalnie powitali\u015bmy nowy rok szkolny, dziel\u0105c uroczysto\u015bci na dwie cz\u0119\u015bci.O godzinie 9:00 na placu przed g\u0142\u00f3wnym wej\u015bciem zgromadzili si\u0119 uczniowie klas 1\u20134 wraz z rodzicami i nauczycielami. Uroczysto\u015b\u0107 swoj\u0105 obecno\u015bci\u0105 zaszczycili zaproszeni go\u015bcie \u2013 Zast\u0119pca Burmistrza Siechnic, pan Pawe\u0142 Jasi\u0119ga oraz przewodnicz\u0105ca Rady Rodzic\u00f3w, pani Joanna Kowal. Po kr\u00f3tkiej cz\u0119\u015bci oficjalnej najm\u0142odsi udali\" \/>\n\t<meta name=\"robots\" content=\"max-image-preview:large\" \/>\n\t<meta name=\"author\" content=\"Redakcja\"\/>\n\t<link rel=\"canonical\" href=\"https:\/\/www.spkatarzyna.pl\/index.php\/2026\/09\/02\/uroczysta-inauguracja-roku-szkolnego-2026-2027\/\" \/>\n\t<meta name=\"generator\" content=\"All in One SEO (AIOSEO) 5.0.1.1\" \/>\n\t\t<meta property=\"og:locale\" content=\"pl_PL\" \/>\n\t\t<meta property=\"og:site_name\" content=\"SP Katarzyna - Publiczna Szko\u0142a Podstawowa w \u015awi\u0119tej Katarzynie\" \/>\n\t\t<meta property=\"og:type\" content=\"article\" \/>\n\t\t<meta property=\"og:title\" content=\"Inauguracja roku szkolnego 2026\/2027 - SP Katarzyna\" \/>\n\t\t<meta property=\"og:description\" content=\"1 wrze\u015bnia oficjalnie powitali\u015bmy nowy rok szkolny, dziel\u0105c uroczysto\u015bci na dwie cz\u0119\u015bci.O godzinie 9:00 na placu przed g\u0142\u00f3wnym wej\u015bciem zgromadzili si\u0119 uczniowie klas 1\u20134 wraz z rodzicami i nauczycielami. Uroczysto\u015b\u0107 swoj\u0105 obecno\u015bci\u0105 zaszczycili zaproszeni go\u015bcie \u2013 Zast\u0119pca Burmistrza Siechnic, pan Pawe\u0142 Jasi\u0119ga oraz przewodnicz\u0105ca Rady Rodzic\u00f3w, pani Joanna Kowal. Po kr\u00f3tkiej cz\u0119\u015bci oficjalnej najm\u0142odsi udali\" \/>\n\t\t<meta property=\"og:url\" content=\"https:\/\/www.spkatarzyna.pl\/index.php\/2026\/09\/02\/uroczysta-inauguracja-roku-szkolnego-2026-2027\/\" \/>\n\t\t<meta property=\"article:published_time\" content=\"2026-09-02T15:53:29+00:00\" \/>\n\t\t<meta property=\"article:modified_time\" content=\"2026-09-02T19:14:48+00:00\" \/>\n\t\t<meta name=\"twitter:card\" content=\"summary_large_image\" \/>\n\t\t<meta name=\"twitter:title\" content=\"Inauguracja roku szkolnego 2026\/2027 - SP Katarzyna\" \/>\n\t\t<meta name=\"twitter:description\" content=\"1 wrze\u015bnia oficjalnie powitali\u015bmy nowy rok szkolny, dziel\u0105c uroczysto\u015bci na dwie cz\u0119\u015bci.O godzinie 9:00 na placu przed g\u0142\u00f3wnym wej\u015bciem zgromadzili si\u0119 uczniowie klas 1\u20134 wraz z rodzicami i nauczycielami. Uroczysto\u015b\u0107 swoj\u0105 obecno\u015bci\u0105 zaszczycili zaproszeni go\u015bcie \u2013 Zast\u0119pca Burmistrza Siechnic, pan Pawe\u0142 Jasi\u0119ga oraz przewodnicz\u0105ca Rady Rodzic\u00f3w, pani Joanna Kowal. Po kr\u00f3tkiej cz\u0119\u015bci oficjalnej najm\u0142odsi udali\" \/>\n\t\t<script type=\"application\/ld+json\" class=\"aioseo-schema\">\n\t\t\t{\"@context\":\"https:\\\/\\\/schema.org\",\"@graph\":[{\"@type\":\"BlogPosting\",\"@id\":\"https:\\\/\\\/www.spkatarzyna.pl\\\/index.php\\\/2026\\\/09\\\/02\\\/uroczysta-inauguracja-roku-szkolnego-2026-2027\\\/#blogposting\",\"name\":\"Inauguracja roku szkolnego 2026\\\/2027 - SP Katarzyna\",\"headline\":\"Inauguracja roku szkolnego 2026\\\/2027\",\"author\":{\"@id\":\"https:\\\/\\\/www.spkatarzyna.pl\\\/index.php\\\/author\\\/agatasafianspkatarzyna-pl\\\/#author\"},\"publisher\":{\"@id\":\"https:\\\/\\\/www.spkatarzyna.pl\\\/#organization\"},\"image\":{\"@type\":\"ImageObject\",\"url\":\"https:\\\/\\\/www.spkatarzyna.pl\\\/wp-content\\\/uploads\\\/2026\\\/09\\\/IMG_3776.jpg\",\"width\":360,\"height\":202},\"datePublished\":\"2026-09-02T17:53:29+02:00\",\"dateModified\":\"2026-09-02T21:14:48+02:00\",\"inLanguage\":\"pl-PL\",\"mainEntityOfPage\":{\"@id\":\"https:\\\/\\\/www.spkatarzyna.pl\\\/index.php\\\/2026\\\/09\\\/02\\\/uroczysta-inauguracja-roku-szkolnego-2026-2027\\\/#webpage\"},\"isPartOf\":{\"@id\":\"https:\\\/\\\/www.spkatarzyna.pl\\\/index.php\\\/2026\\\/09\\\/02\\\/uroczysta-inauguracja-roku-szkolnego-2026-2027\\\/#webpage\"},\"articleSection\":\"Uncategorized\"},{\"@type\":\"BreadcrumbList\",\"@id\":\"https:\\\/\\\/www.spkatarzyna.pl\\\/index.php\\\/2026\\\/09\\\/02\\\/uroczysta-inauguracja-roku-szkolnego-2026-2027\\\/#breadcrumblist\",\"itemListElement\":[{\"@type\":\"ListItem\",\"@id\":\"https:\\\/\\\/www.spkatarzyna.pl#listItem\",\"position\":1,\"name\":\"Dom\",\"item\":\"https:\\\/\\\/www.spkatarzyna.pl\",\"nextItem\":{\"@type\":\"ListItem\",\"@id\":\"https:\\\/\\\/www.spkatarzyna.pl\\\/index.php\\\/category\\\/uncategorized\\\/#listItem\",\"name\":\"Uncategorized\"}},{\"@type\":\"ListItem\",\"@id\":\"https:\\\/\\\/www.spkatarzyna.pl\\\/index.php\\\/category\\\/uncategorized\\\/#listItem\",\"position\":2,\"name\":\"Uncategorized\",\"item\":\"https:\\\/\\\/www.spkatarzyna.pl\\\/index.php\\\/category\\\/uncategorized\\\/\",\"nextItem\":{\"@type\":\"ListItem\",\"@id\":\"https:\\\/\\\/www.spkatarzyna.pl\\\/index.php\\\/2026\\\/09\\\/02\\\/uroczysta-inauguracja-roku-szkolnego-2026-2027\\\/#listItem\",\"name\":\"Inauguracja roku szkolnego 2026\\\/2027\"},\"previousItem\":{\"@type\":\"ListItem\",\"@id\":\"https:\\\/\\\/www.spkatarzyna.pl#listItem\",\"name\":\"Dom\"}},{\"@type\":\"ListItem\",\"@id\":\"https:\\\/\\\/www.spkatarzyna.pl\\\/index.php\\\/2026\\\/09\\\/02\\\/uroczysta-inauguracja-roku-szkolnego-2026-2027\\\/#listItem\",\"position\":3,\"name\":\"Inauguracja roku szkolnego 2026\\\/2027\",\"previousItem\":{\"@type\":\"ListItem\",\"@id\":\"https:\\\/\\\/www.spkatarzyna.pl\\\/index.php\\\/category\\\/uncategorized\\\/#listItem\",\"name\":\"Uncategorized\"}}]},{\"@type\":\"Organization\",\"@id\":\"https:\\\/\\\/www.spkatarzyna.pl\\\/#organization\",\"name\":\"SP Katarzyna\",\"description\":\"Publiczna Szko\\u0142a Podstawowa w \\u015awi\\u0119tej Katarzynie\",\"url\":\"https:\\\/\\\/www.spkatarzyna.pl\\\/\",\"telephone\":\"+48713116378\",\"sameAs\":[\"https:\\\/\\\/facebook.com\\\/\",\"https:\\\/\\\/x.com\\\/\",\"https:\\\/\\\/instagram.com\\\/\",\"https:\\\/\\\/pinterest.com\\\/\",\"https:\\\/\\\/youtube.com\\\/\",\"https:\\\/\\\/linkedin.com\\\/in\\\/\"]},{\"@type\":\"Person\",\"@id\":\"https:\\\/\\\/www.spkatarzyna.pl\\\/index.php\\\/author\\\/agatasafianspkatarzyna-pl\\\/#author\",\"url\":\"https:\\\/\\\/www.spkatarzyna.pl\\\/index.php\\\/author\\\/agatasafianspkatarzyna-pl\\\/\",\"name\":\"Redakcja\",\"image\":{\"@type\":\"ImageObject\",\"@id\":\"https:\\\/\\\/www.spkatarzyna.pl\\\/index.php\\\/2026\\\/09\\\/02\\\/uroczysta-inauguracja-roku-szkolnego-2026-2027\\\/#authorImage\",\"url\":\"https:\\\/\\\/secure.gravatar.com\\\/avatar\\\/765290513df94d442152250e92b42327?s=96&d=mm&r=g\",\"width\":96,\"height\":96,\"caption\":\"Redakcja\"}},{\"@type\":\"WebPage\",\"@id\":\"https:\\\/\\\/www.spkatarzyna.pl\\\/index.php\\\/2026\\\/09\\\/02\\\/uroczysta-inauguracja-roku-szkolnego-2026-2027\\\/#webpage\",\"url\":\"https:\\\/\\\/www.spkatarzyna.pl\\\/index.php\\\/2026\\\/09\\\/02\\\/uroczysta-inauguracja-roku-szkolnego-2026-2027\\\/\",\"name\":\"Inauguracja roku szkolnego 2026\\\/2027 - SP Katarzyna\",\"description\":\"1 wrze\\u015bnia oficjalnie powitali\\u015bmy nowy rok szkolny, dziel\\u0105c uroczysto\\u015bci na dwie cz\\u0119\\u015bci.O godzinie 9:00 na placu przed g\\u0142\\u00f3wnym wej\\u015bciem zgromadzili si\\u0119 uczniowie klas 1\\u20134 wraz z rodzicami i nauczycielami. Uroczysto\\u015b\\u0107 swoj\\u0105 obecno\\u015bci\\u0105 zaszczycili zaproszeni go\\u015bcie \\u2013 Zast\\u0119pca Burmistrza Siechnic, pan Pawe\\u0142 Jasi\\u0119ga oraz przewodnicz\\u0105ca Rady Rodzic\\u00f3w, pani Joanna Kowal. Po kr\\u00f3tkiej cz\\u0119\\u015bci oficjalnej najm\\u0142odsi udali\",\"inLanguage\":\"pl-PL\",\"isPartOf\":{\"@id\":\"https:\\\/\\\/www.spkatarzyna.pl\\\/#website\"},\"breadcrumb\":{\"@id\":\"https:\\\/\\\/www.spkatarzyna.pl\\\/index.php\\\/2026\\\/09\\\/02\\\/uroczysta-inauguracja-roku-szkolnego-2026-2027\\\/#breadcrumblist\"},\"author\":{\"@id\":\"https:\\\/\\\/www.spkatarzyna.pl\\\/index.php\\\/author\\\/agatasafianspkatarzyna-pl\\\/#author\"},\"creator\":{\"@id\":\"https:\\\/\\\/www.spkatarzyna.pl\\\/index.php\\\/author\\\/agatasafianspkatarzyna-pl\\\/#author\"},\"image\":{\"@type\":\"ImageObject\",\"url\":\"https:\\\/\\\/www.spkatarzyna.pl\\\/wp-content\\\/uploads\\\/2026\\\/09\\\/IMG_3776.jpg\",\"@id\":\"https:\\\/\\\/www.spkatarzyna.pl\\\/index.php\\\/2026\\\/09\\\/02\\\/uroczysta-inauguracja-roku-szkolnego-2026-2027\\\/#mainImage\",\"width\":360,\"height\":202},\"primaryImageOfPage\":{\"@id\":\"https:\\\/\\\/www.spkatarzyna.pl\\\/index.php\\\/2026\\\/09\\\/02\\\/uroczysta-inauguracja-roku-szkolnego-2026-2027\\\/#mainImage\"},\"datePublished\":\"2026-09-02T17:53:29+02:00\",\"dateModified\":\"2026-09-02T21:14:48+02:00\"},{\"@type\":\"WebSite\",\"@id\":\"https:\\\/\\\/www.spkatarzyna.pl\\\/#website\",\"url\":\"https:\\\/\\\/www.spkatarzyna.pl\\\/\",\"name\":\"SP Katarzyna\",\"description\":\"Publiczna Szko\\u0142a Podstawowa w \\u015awi\\u0119tej Katarzynie\",\"inLanguage\":\"pl-PL\",\"publisher\":{\"@id\":\"https:\\\/\\\/www.spkatarzyna.pl\\\/#organization\"}}]}\n\t\t<\/script>\n\t\t<!-- All in One SEO -->\n\n","aioseo_head_json":{"title":"Inauguracja roku szkolnego 2026\/2027 - SP Katarzyna","description":"1 wrze\u015bnia oficjalnie powitali\u015bmy nowy rok szkolny, dziel\u0105c uroczysto\u015bci na dwie cz\u0119\u015bci.O godzinie 9:00 na placu przed g\u0142\u00f3wnym wej\u015bciem zgromadzili si\u0119 uczniowie klas 1\u20134 wraz z rodzicami i nauczycielami. Uroczysto\u015b\u0107 swoj\u0105 obecno\u015bci\u0105 zaszczycili zaproszeni go\u015bcie \u2013 Zast\u0119pca Burmistrza Siechnic, pan Pawe\u0142 Jasi\u0119ga oraz przewodnicz\u0105ca Rady Rodzic\u00f3w, pani Joanna Kowal. Po kr\u00f3tkiej cz\u0119\u015bci oficjalnej najm\u0142odsi udali","canonical_url":"https:\/\/www.spkatarzyna.pl\/index.php\/2026\/09\/02\/uroczysta-inauguracja-roku-szkolnego-2026-2027\/","robots":"max-image-preview:large","keywords":"","webmasterTools":{"miscellaneous":""},"schema":{"@context":"https:\/\/schema.org","@graph":[{"@type":"BlogPosting","@id":"https:\/\/www.spkatarzyna.pl\/index.php\/2026\/09\/02\/uroczysta-inauguracja-roku-szkolnego-2026-2027\/#blogposting","name":"Inauguracja roku szkolnego 2026\/2027 - SP Katarzyna","headline":"Inauguracja roku szkolnego 2026\/2027","author":{"@id":"https:\/\/www.spkatarzyna.pl\/index.php\/author\/agatasafianspkatarzyna-pl\/#author"},"publisher":{"@id":"https:\/\/www.spkatarzyna.pl\/#organization"},"image":{"@type":"ImageObject","url":"https:\/\/www.spkatarzyna.pl\/wp-content\/uploads\/2026\/09\/IMG_3776.jpg","width":360,"height":202},"datePublished":"2026-09-02T17:53:29+02:00","dateModified":"2026-09-02T21:14:48+02:00","inLanguage":"pl-PL","mainEntityOfPage":{"@id":"https:\/\/www.spkatarzyna.pl\/index.php\/2026\/09\/02\/uroczysta-inauguracja-roku-szkolnego-2026-2027\/#webpage"},"isPartOf":{"@id":"https:\/\/www.spkatarzyna.pl\/index.php\/2026\/09\/02\/uroczysta-inauguracja-roku-szkolnego-2026-2027\/#webpage"},"articleSection":"Uncategorized"},{"@type":"BreadcrumbList","@id":"https:\/\/www.spkatarzyna.pl\/index.php\/2026\/09\/02\/uroczysta-inauguracja-roku-szkolnego-2026-2027\/#breadcrumblist","itemListElement":[{"@type":"ListItem","@id":"https:\/\/www.spkatarzyna.pl#listItem","position":1,"name":"Dom","item":"https:\/\/www.spkatarzyna.pl","nextItem":{"@type":"ListItem","@id":"https:\/\/www.spkatarzyna.pl\/index.php\/category\/uncategorized\/#listItem","name":"Uncategorized"}},{"@type":"ListItem","@id":"https:\/\/www.spkatarzyna.pl\/index.php\/category\/uncategorized\/#listItem","position":2,"name":"Uncategorized","item":"https:\/\/www.spkatarzyna.pl\/index.php\/category\/uncategorized\/","nextItem":{"@type":"ListItem","@id":"https:\/\/www.spkatarzyna.pl\/index.php\/2026\/09\/02\/uroczysta-inauguracja-roku-szkolnego-2026-2027\/#listItem","name":"Inauguracja roku szkolnego 2026\/2027"},"previousItem":{"@type":"ListItem","@id":"https:\/\/www.spkatarzyna.pl#listItem","name":"Dom"}},{"@type":"ListItem","@id":"https:\/\/www.spkatarzyna.pl\/index.php\/2026\/09\/02\/uroczysta-inauguracja-roku-szkolnego-2026-2027\/#listItem","position":3,"name":"Inauguracja roku szkolnego 2026\/2027","previousItem":{"@type":"ListItem","@id":"https:\/\/www.spkatarzyna.pl\/index.php\/category\/uncategorized\/#listItem","name":"Uncategorized"}}]},{"@type":"Organization","@id":"https:\/\/www.spkatarzyna.pl\/#organization","name":"SP Katarzyna","description":"Publiczna Szko\u0142a Podstawowa w \u015awi\u0119tej Katarzynie","url":"https:\/\/www.spkatarzyna.pl\/","telephone":"+48713116378","sameAs":["https:\/\/facebook.com\/","https:\/\/x.com\/","https:\/\/instagram.com\/","https:\/\/pinterest.com\/","https:\/\/youtube.com\/","https:\/\/linkedin.com\/in\/"]},{"@type":"Person","@id":"https:\/\/www.spkatarzyna.pl\/index.php\/author\/agatasafianspkatarzyna-pl\/#author","url":"https:\/\/www.spkatarzyna.pl\/index.php\/author\/agatasafianspkatarzyna-pl\/","name":"Redakcja","image":{"@type":"ImageObject","@id":"https:\/\/www.spkatarzyna.pl\/index.php\/2026\/09\/02\/uroczysta-inauguracja-roku-szkolnego-2026-2027\/#authorImage","url":"https:\/\/secure.gravatar.com\/avatar\/765290513df94d442152250e92b42327?s=96&d=mm&r=g","width":96,"height":96,"caption":"Redakcja"}},{"@type":"WebPage","@id":"https:\/\/www.spkatarzyna.pl\/index.php\/2026\/09\/02\/uroczysta-inauguracja-roku-szkolnego-2026-2027\/#webpage","url":"https:\/\/www.spkatarzyna.pl\/index.php\/2026\/09\/02\/uroczysta-inauguracja-roku-szkolnego-2026-2027\/","name":"Inauguracja roku szkolnego 2026\/2027 - SP Katarzyna","description":"1 wrze\u015bnia oficjalnie powitali\u015bmy nowy rok szkolny, dziel\u0105c uroczysto\u015bci na dwie cz\u0119\u015bci.O godzinie 9:00 na placu przed g\u0142\u00f3wnym wej\u015bciem zgromadzili si\u0119 uczniowie klas 1\u20134 wraz z rodzicami i nauczycielami. Uroczysto\u015b\u0107 swoj\u0105 obecno\u015bci\u0105 zaszczycili zaproszeni go\u015bcie \u2013 Zast\u0119pca Burmistrza Siechnic, pan Pawe\u0142 Jasi\u0119ga oraz przewodnicz\u0105ca Rady Rodzic\u00f3w, pani Joanna Kowal. Po kr\u00f3tkiej cz\u0119\u015bci oficjalnej najm\u0142odsi udali","inLanguage":"pl-PL","isPartOf":{"@id":"https:\/\/www.spkatarzyna.pl\/#website"},"breadcrumb":{"@id":"https:\/\/www.spkatarzyna.pl\/index.php\/2026\/09\/02\/uroczysta-inauguracja-roku-szkolnego-2026-2027\/#breadcrumblist"},"author":{"@id":"https:\/\/www.spkatarzyna.pl\/index.php\/author\/agatasafianspkatarzyna-pl\/#author"},"creator":{"@id":"https:\/\/www.spkatarzyna.pl\/index.php\/author\/agatasafianspkatarzyna-pl\/#author"},"image":{"@type":"ImageObject","url":"https:\/\/www.spkatarzyna.pl\/wp-content\/uploads\/2026\/09\/IMG_3776.jpg","@id":"https:\/\/www.spkatarzyna.pl\/index.php\/2026\/09\/02\/uroczysta-inauguracja-roku-szkolnego-2026-2027\/#mainImage","width":360,"height":202},"primaryImageOfPage":{"@id":"https:\/\/www.spkatarzyna.pl\/index.php\/2026\/09\/02\/uroczysta-inauguracja-roku-szkolnego-2026-2027\/#mainImage"},"datePublished":"2026-09-02T17:53:29+02:00","dateModified":"2026-09-02T21:14:48+02:00"},{"@type":"WebSite","@id":"https:\/\/www.spkatarzyna.pl\/#website","url":"https:\/\/www.spkatarzyna.pl\/","name":"SP Katarzyna","description":"Publiczna Szko\u0142a Podstawowa w \u015awi\u0119tej Katarzynie","inLanguage":"pl-PL","publisher":{"@id":"https:\/\/www.spkatarzyna.pl\/#organization"}}]},"og:locale":"pl_PL","og:site_name":"SP Katarzyna - Publiczna Szko\u0142a Podstawowa w \u015awi\u0119tej Katarzynie","og:type":"article","og:title":"Inauguracja roku szkolnego 2026\/2027 - SP Katarzyna","og:description":"1 wrze\u015bnia oficjalnie powitali\u015bmy nowy rok szkolny, dziel\u0105c uroczysto\u015bci na dwie cz\u0119\u015bci.O godzinie 9:00 na placu przed g\u0142\u00f3wnym wej\u015bciem zgromadzili si\u0119 uczniowie klas 1\u20134 wraz z rodzicami i nauczycielami. Uroczysto\u015b\u0107 swoj\u0105 obecno\u015bci\u0105 zaszczycili zaproszeni go\u015bcie \u2013 Zast\u0119pca Burmistrza Siechnic, pan Pawe\u0142 Jasi\u0119ga oraz przewodnicz\u0105ca Rady Rodzic\u00f3w, pani Joanna Kowal. Po kr\u00f3tkiej cz\u0119\u015bci oficjalnej najm\u0142odsi udali","og:url":"https:\/\/www.spkatarzyna.pl\/index.php\/2026\/09\/02\/uroczysta-inauguracja-roku-szkolnego-2026-2027\/","article:published_time":"2026-09-02T15:53:29+00:00","article:modified_time":"2026-09-02T19:14:48+00:00","twitter:card":"summary_large_image","twitter:title":"Inauguracja roku szkolnego 2026\/2027 - SP Katarzyna","twitter:description":"1 wrze\u015bnia oficjalnie powitali\u015bmy nowy rok szkolny, dziel\u0105c uroczysto\u015bci na dwie cz\u0119\u015bci.O godzinie 9:00 na placu przed g\u0142\u00f3wnym wej\u015bciem zgromadzili si\u0119 uczniowie klas 1\u20134 wraz z rodzicami i nauczycielami. Uroczysto\u015b\u0107 swoj\u0105 obecno\u015bci\u0105 zaszczycili zaproszeni go\u015bcie \u2013 Zast\u0119pca Burmistrza Siechnic, pan Pawe\u0142 Jasi\u0119ga oraz przewodnicz\u0105ca Rady Rodzic\u00f3w, pani Joanna Kowal. Po kr\u00f3tkiej cz\u0119\u015bci oficjalnej najm\u0142odsi udali"},"aioseo_meta_data":{"post_id":"20892","title":null,"description":null,"keywords":null,"keyphrases":{"focus":{"keyphrase":"","score":0,"analysis":{"keyphraseInTitle":{"score":0,"maxScore":9,"error":1}}},"additional":[]},"primary_term":null,"canonical_url":null,"og_title":null,"og_description":null,"og_object_type":"default","og_image_type":"default","og_image_url":null,"og_image_width":null,"og_image_height":null,"og_image_custom_url":null,"og_image_custom_fields":null,"og_video":"","og_custom_url":null,"og_article_section":null,"og_article_tags":null,"twitter_use_og":false,"twitter_card":"default","twitter_image_type":"default","twitter_image_url":null,"twitter_image_custom_url":null,"twitter_image_custom_fields":null,"twitter_title":null,"twitter_description":null,"schema":{"blockGraphs":[],"customGraphs":[],"default":{"data":{"Article":[],"Course":[],"Dataset":[],"FAQPage":[],"Movie":[],"Person":[],"Product":[],"ProductReview":[],"Car":[],"Recipe":[],"Service":[],"SoftwareApplication":[],"WebPage":[]},"graphName":"BlogPosting","isEnabled":true},"graphs":[]},"schema_type":"default","schema_type_options":null,"pillar_content":false,"robots_default":true,"robots_noindex":false,"robots_noarchive":false,"robots_nosnippet":false,"robots_nofollow":false,"robots_noimageindex":false,"robots_noodp":false,"robots_notranslate":false,"robots_max_snippet":"-1","robots_max_videopreview":"-1","robots_max_imagepreview":"large","priority":null,"frequency":"default","local_seo":null,"limit_modified_date":false,"created":"2026-09-02 15:53:29","updated":"2026-09-02 15:55:27","focus_keyword":null,"additional_keywords":null,"truseo_locale":null,"ai":{"faqs":[],"keyPoints":[],"schemas":[],"titles":[],"descriptions":[],"socialPosts":{"email":{"subject":"","preview":"","content":""},"linkedin":[],"twitter":[],"facebook":[],"instagram":[]}},"breadcrumb_settings":null,"seo_analyzer_scan_date":null},"aioseo_breadcrumb":"<div class=\"aioseo-breadcrumbs\"><span class=\"aioseo-breadcrumb\">\n\t\t\t<a href=\"https:\/\/www.spkatarzyna.pl\" title=\"Dom\">Dom<\/a>\n\t\t<\/span><span class=\"aioseo-breadcrumb-separator\">&raquo;<\/span><span class=\"aioseo-breadcrumb\">\n\t\t\t<a href=\"https:\/\/www.spkatarzyna.pl\/index.php\/category\/uncategorized\/\" title=\"Uncategorized\">Uncategorized<\/a>\n\t\t<\/span><span class=\"aioseo-breadcrumb-separator\">&raquo;<\/span><span class=\"aioseo-breadcrumb\">\n\t\t\tInauguracja roku szkolnego 2026\/2027\n\t\t<\/span><\/div>","aioseo_breadcrumb_json":[{"label":"Dom","link":"https:\/\/www.spkatarzyna.pl"},{"label":"Uncategorized","link":"https:\/\/www.spkatarzyna.pl\/index.php\/category\/uncategorized\/"},{"label":"Inauguracja roku szkolnego 2026\/2027","link":"https:\/\/www.spkatarzyna.pl\/index.php\/2026\/09\/02\/uroczysta-inauguracja-roku-szkolnego-2026-2027\/"}],"_links":{"self":[{"href":"https:\/\/www.spkatarzyna.pl\/index.php\/wp-json\/wp\/v2\/posts\/20892","targetHints":{"allow":["GET"]}}],"collection":[{"href":"https:\/\/www.spkatarzyna.pl\/index.php\/wp-json\/wp\/v2\/posts"}],"about":[{"href":"https:\/\/www.spkatarzyna.pl\/index.php\/wp-json\/wp\/v2\/types\/post"}],"author":[{"embeddable":true,"href":"https:\/\/www.spkatarzyna.pl\/index.php\/wp-json\/wp\/v2\/users\/6"}],"replies":[{"embeddable":true,"href":"https:\/\/www.spkatarzyna.pl\/index.php\/wp-json\/wp\/v2\/comments?post=20892"}],"version-history":[{"count":17,"href":"https:\/\/www.spkatarzyna.pl\/index.php\/wp-json\/wp\/v2\/posts\/20892\/revisions"}],"predecessor-version":[{"id":20924,"href":"https:\/\/www.spkatarzyna.pl\/index.php\/wp-json\/wp\/v2\/posts\/20892\/revisions\/20924"}],"wp:featuredmedia":[{"embeddable":true,"href":"https:\/\/www.spkatarzyna.pl\/index.php\/wp-json\/wp\/v2\/media\/20893"}],"wp:attachment":[{"href":"https:\/\/www.spkatarzyna.pl\/index.php\/wp-json\/wp\/v2\/media?parent=20892"}],"wp:term":[{"taxonomy":"category","embeddable":true,"href":"https:\/\/www.spkatarzyna.pl\/index.php\/wp-json\/wp\/v2\/categories?post=20892"},{"taxonomy":"post_tag","embeddable":true,"href":"https:\/\/www.spkatarzyna.pl\/index.php\/wp-json\/wp\/v2\/tags?post=20892"}],"curies":[{"name":"wp","href":"https:\/\/api.w.org\/{rel}","templated":true}]}}