{"id":2127,"date":"2022-10-02T05:03:11","date_gmt":"2022-10-02T05:03:11","guid":{"rendered":"http:\/\/www.spkatarzyna.pl\/?p=2127"},"modified":"2022-10-07T07:49:25","modified_gmt":"2022-10-07T07:49:25","slug":"zarzadzenie-19-2022-w-sprawie-dni-dodatkowo-wolnych","status":"publish","type":"post","link":"https:\/\/www.spkatarzyna.pl\/index.php\/2022\/10\/02\/zarzadzenie-19-2022-w-sprawie-dni-dodatkowo-wolnych\/","title":{"rendered":"Zarz\u0105dzenie 19\/2022 w sprawie dni dodatkowo wolnych dla uczni\u00f3w"},"content":{"rendered":"<div class=\"content clearfix\">\n<p>Zarz\u0105dzenie nr 19 \/2022<\/p>\n<p>z dnia 30 wrze\u015bnia 2022 roku<\/p>\n<p>Dyrektora Publicznej Szko\u0142y Podstawowej w \u015aw. Katarzynie im. Stefana Kardyna\u0142a Wyszy\u0144skiego Prymasa Tysi\u0105clecia<\/p>\n<p><strong><em><u>w sprawie dni dodatkowo wolnych od zaj\u0119\u0107 dydaktyczno \u2013 wychowawczych <\/u><\/em><\/strong><\/p>\n<p><strong><em><u>dla uczni\u00f3w klas I-VIII w roku szkolnym 2022\/2023<\/u><\/em><\/strong><\/p>\n<p>&nbsp;<\/p>\n<p>Dzia\u0142aj\u0105c na podstawie Rozporz\u0105dzenia Ministra Edukacji Narodowej z dnia 11 sierpnia 2017 roku w sprawie organizacji roku szkolnego \u00a75, ust. 1 pkt. 1 oraz ust. 3 (Dz.U. z 2017\u00a0 poz. 1603), po zasi\u0119gni\u0119ciu opinii Rady Pedagogicznej, Rady Rodzic\u00f3w i Samorz\u0105du Uczniowskiego, bior\u0105c pod uwag\u0119 warunki lokalowe i mo\u017cliwo\u015bci \u00a0organizacyjne szko\u0142y \u00a0zarz\u0105dzam co nast\u0119puje:<\/p>\n<p>&nbsp;<\/p>\n<p>Dodatkowymi dniami wolnymi od zaj\u0119\u0107 dydaktyczno \u2013 wychowawczych w roku szkolnym 2022\/2023 s\u0105 :<\/p>\n<ul>\n<li>31 pa\u017adziernika 2022 roku (poniedzia\u0142ek);<\/li>\n<li>2 maja 2023 roku (\u015broda);<\/li>\n<li>23 maja 2023 roku (wtorek) \u2013 egzamin \u00f3smoklasisty;<\/li>\n<li>24 maja 2023 roku (\u015broda) \u2013 egzamin \u00f3smoklasisty;<\/li>\n<li>25 maja 2023 roku (czwartek) \u2013 egzamin \u00f3smoklasisty;<\/li>\n<li>9 czerwca 2023 roku (pi\u0105tek)\u2013 dzie\u0144 po Bo\u017cym Ciele.<\/li>\n<\/ul>\n<p>Zobowi\u0105zuj\u0119 wszystkich wychowawc\u00f3w do powiadomienia uczni\u00f3w i ich rodzic\u00f3w o w\/w terminach.<\/p>\n<p>W dniach wolnych od zaj\u0119\u0107 dydaktycznych\u00a0\u00a0 \u2013\u00a0 szko\u0142a zapewnia opiek\u0119 uczniom rodzic\u00f3w pracuj\u0105cych.<\/p>\n<p>Zarz\u0105dzenie wchodzi w \u017cycie z dniem podpisania.<\/p>\n<p>Jolanta Przybytniowska- dyrektor<\/p>\n<\/div>\n","protected":false},"excerpt":{"rendered":"<p>Zarz\u0105dzenie nr 19 \/2022 z dnia 30 wrze\u015bnia 2022 roku Dyrektora Publicznej Szko\u0142y Podstawowej w \u015aw. Katarzynie im. Stefana Kardyna\u0142a Wyszy\u0144skiego Prymasa Tysi\u0105clecia w sprawie dni dodatkowo wolnych od zaj\u0119\u0107 dydaktyczno \u2013 wychowawczych dla uczni\u00f3w klas I-VIII w roku szkolnym 2022\/2023 &nbsp; Dzia\u0142aj\u0105c na podstawie Rozporz\u0105dzenia Ministra Edukacji Narodowej z [&hellip;]<\/p>\n","protected":false},"author":1,"featured_media":2128,"comment_status":"open","ping_status":"open","sticky":false,"template":"","format":"standard","meta":{"om_disable_all_campaigns":false,"_monsterinsights_skip_tracking":false,"ngg_post_thumbnail":0,"footnotes":""},"categories":[1],"tags":[],"class_list":["post-2127","post","type-post","status-publish","format-standard","has-post-thumbnail","hentry","category-uncategorized"],"aioseo_notices":[],"aioseo_head":"\n\t\t<!-- All in One SEO 5.0.1.1 - aioseo.com -->\n\t<meta name=\"description\" content=\"Zarz\u0105dzenie nr 19 \/2022 z dnia 30 wrze\u015bnia 2022 roku Dyrektora Publicznej Szko\u0142y Podstawowej w \u015aw. Katarzynie im. Stefana Kardyna\u0142a Wyszy\u0144skiego Prymasa Tysi\u0105clecia w sprawie dni dodatkowo wolnych od zaj\u0119\u0107 dydaktyczno \u2013 wychowawczych dla uczni\u00f3w klas I-VIII w roku szkolnym 2022\/2023 Dzia\u0142aj\u0105c na podstawie Rozporz\u0105dzenia Ministra Edukacji Narodowej z dnia 11 sierpnia 2017 roku\" \/>\n\t<meta name=\"robots\" content=\"max-image-preview:large\" \/>\n\t<meta name=\"author\" content=\"admin\"\/>\n\t<link rel=\"canonical\" href=\"https:\/\/www.spkatarzyna.pl\/index.php\/2022\/10\/02\/zarzadzenie-19-2022-w-sprawie-dni-dodatkowo-wolnych\/\" \/>\n\t<meta name=\"generator\" content=\"All in One SEO (AIOSEO) 5.0.1.1\" \/>\n\t\t<meta property=\"og:locale\" content=\"pl_PL\" \/>\n\t\t<meta property=\"og:site_name\" content=\"SP Katarzyna - Publiczna Szko\u0142a Podstawowa w \u015awi\u0119tej Katarzynie\" \/>\n\t\t<meta property=\"og:type\" content=\"article\" \/>\n\t\t<meta property=\"og:title\" content=\"Zarz\u0105dzenie 19\/2022 w sprawie dni dodatkowo wolnych dla uczni\u00f3w - SP Katarzyna\" \/>\n\t\t<meta property=\"og:description\" content=\"Zarz\u0105dzenie nr 19 \/2022 z dnia 30 wrze\u015bnia 2022 roku Dyrektora Publicznej Szko\u0142y Podstawowej w \u015aw. Katarzynie im. Stefana Kardyna\u0142a Wyszy\u0144skiego Prymasa Tysi\u0105clecia w sprawie dni dodatkowo wolnych od zaj\u0119\u0107 dydaktyczno \u2013 wychowawczych dla uczni\u00f3w klas I-VIII w roku szkolnym 2022\/2023 Dzia\u0142aj\u0105c na podstawie Rozporz\u0105dzenia Ministra Edukacji Narodowej z dnia 11 sierpnia 2017 roku\" \/>\n\t\t<meta property=\"og:url\" content=\"https:\/\/www.spkatarzyna.pl\/index.php\/2022\/10\/02\/zarzadzenie-19-2022-w-sprawie-dni-dodatkowo-wolnych\/\" \/>\n\t\t<meta property=\"article:published_time\" content=\"2022-10-02T05:03:11+00:00\" \/>\n\t\t<meta property=\"article:modified_time\" content=\"2022-10-07T07:49:25+00:00\" \/>\n\t\t<meta name=\"twitter:card\" content=\"summary_large_image\" \/>\n\t\t<meta name=\"twitter:title\" content=\"Zarz\u0105dzenie 19\/2022 w sprawie dni dodatkowo wolnych dla uczni\u00f3w - SP Katarzyna\" \/>\n\t\t<meta name=\"twitter:description\" content=\"Zarz\u0105dzenie nr 19 \/2022 z dnia 30 wrze\u015bnia 2022 roku Dyrektora Publicznej Szko\u0142y Podstawowej w \u015aw. Katarzynie im. Stefana Kardyna\u0142a Wyszy\u0144skiego Prymasa Tysi\u0105clecia w sprawie dni dodatkowo wolnych od zaj\u0119\u0107 dydaktyczno \u2013 wychowawczych dla uczni\u00f3w klas I-VIII w roku szkolnym 2022\/2023 Dzia\u0142aj\u0105c na podstawie Rozporz\u0105dzenia Ministra Edukacji Narodowej z dnia 11 sierpnia 2017 roku\" \/>\n\t\t<script type=\"application\/ld+json\" class=\"aioseo-schema\">\n\t\t\t{\"@context\":\"https:\\\/\\\/schema.org\",\"@graph\":[{\"@type\":\"BlogPosting\",\"@id\":\"https:\\\/\\\/www.spkatarzyna.pl\\\/index.php\\\/2022\\\/10\\\/02\\\/zarzadzenie-19-2022-w-sprawie-dni-dodatkowo-wolnych\\\/#blogposting\",\"name\":\"Zarz\\u0105dzenie 19\\\/2022 w sprawie dni dodatkowo wolnych dla uczni\\u00f3w - SP Katarzyna\",\"headline\":\"Zarz\\u0105dzenie 19\\\/2022 w sprawie dni dodatkowo wolnych dla uczni\\u00f3w\",\"author\":{\"@id\":\"https:\\\/\\\/www.spkatarzyna.pl\\\/index.php\\\/author\\\/admin\\\/#author\"},\"publisher\":{\"@id\":\"https:\\\/\\\/www.spkatarzyna.pl\\\/#organization\"},\"image\":{\"@type\":\"ImageObject\",\"url\":\"https:\\\/\\\/www.spkatarzyna.pl\\\/wp-content\\\/uploads\\\/2022\\\/10\\\/images-e1744382383533.jpg\",\"width\":360,\"height\":202},\"datePublished\":\"2022-10-02T05:03:11+02:00\",\"dateModified\":\"2022-10-07T07:49:25+02:00\",\"inLanguage\":\"pl-PL\",\"mainEntityOfPage\":{\"@id\":\"https:\\\/\\\/www.spkatarzyna.pl\\\/index.php\\\/2022\\\/10\\\/02\\\/zarzadzenie-19-2022-w-sprawie-dni-dodatkowo-wolnych\\\/#webpage\"},\"isPartOf\":{\"@id\":\"https:\\\/\\\/www.spkatarzyna.pl\\\/index.php\\\/2022\\\/10\\\/02\\\/zarzadzenie-19-2022-w-sprawie-dni-dodatkowo-wolnych\\\/#webpage\"},\"articleSection\":\"Uncategorized\"},{\"@type\":\"BreadcrumbList\",\"@id\":\"https:\\\/\\\/www.spkatarzyna.pl\\\/index.php\\\/2022\\\/10\\\/02\\\/zarzadzenie-19-2022-w-sprawie-dni-dodatkowo-wolnych\\\/#breadcrumblist\",\"itemListElement\":[{\"@type\":\"ListItem\",\"@id\":\"https:\\\/\\\/www.spkatarzyna.pl#listItem\",\"position\":1,\"name\":\"Dom\",\"item\":\"https:\\\/\\\/www.spkatarzyna.pl\",\"nextItem\":{\"@type\":\"ListItem\",\"@id\":\"https:\\\/\\\/www.spkatarzyna.pl\\\/index.php\\\/category\\\/uncategorized\\\/#listItem\",\"name\":\"Uncategorized\"}},{\"@type\":\"ListItem\",\"@id\":\"https:\\\/\\\/www.spkatarzyna.pl\\\/index.php\\\/category\\\/uncategorized\\\/#listItem\",\"position\":2,\"name\":\"Uncategorized\",\"item\":\"https:\\\/\\\/www.spkatarzyna.pl\\\/index.php\\\/category\\\/uncategorized\\\/\",\"nextItem\":{\"@type\":\"ListItem\",\"@id\":\"https:\\\/\\\/www.spkatarzyna.pl\\\/index.php\\\/2022\\\/10\\\/02\\\/zarzadzenie-19-2022-w-sprawie-dni-dodatkowo-wolnych\\\/#listItem\",\"name\":\"Zarz\\u0105dzenie 19\\\/2022 w sprawie dni dodatkowo wolnych dla uczni\\u00f3w\"},\"previousItem\":{\"@type\":\"ListItem\",\"@id\":\"https:\\\/\\\/www.spkatarzyna.pl#listItem\",\"name\":\"Dom\"}},{\"@type\":\"ListItem\",\"@id\":\"https:\\\/\\\/www.spkatarzyna.pl\\\/index.php\\\/2022\\\/10\\\/02\\\/zarzadzenie-19-2022-w-sprawie-dni-dodatkowo-wolnych\\\/#listItem\",\"position\":3,\"name\":\"Zarz\\u0105dzenie 19\\\/2022 w sprawie dni dodatkowo wolnych dla uczni\\u00f3w\",\"previousItem\":{\"@type\":\"ListItem\",\"@id\":\"https:\\\/\\\/www.spkatarzyna.pl\\\/index.php\\\/category\\\/uncategorized\\\/#listItem\",\"name\":\"Uncategorized\"}}]},{\"@type\":\"Organization\",\"@id\":\"https:\\\/\\\/www.spkatarzyna.pl\\\/#organization\",\"name\":\"SP Katarzyna\",\"description\":\"Publiczna Szko\\u0142a Podstawowa w \\u015awi\\u0119tej Katarzynie\",\"url\":\"https:\\\/\\\/www.spkatarzyna.pl\\\/\",\"telephone\":\"+48713116378\",\"sameAs\":[\"https:\\\/\\\/facebook.com\\\/\",\"https:\\\/\\\/x.com\\\/\",\"https:\\\/\\\/instagram.com\\\/\",\"https:\\\/\\\/pinterest.com\\\/\",\"https:\\\/\\\/youtube.com\\\/\",\"https:\\\/\\\/linkedin.com\\\/in\\\/\"]},{\"@type\":\"Person\",\"@id\":\"https:\\\/\\\/www.spkatarzyna.pl\\\/index.php\\\/author\\\/admin\\\/#author\",\"url\":\"https:\\\/\\\/www.spkatarzyna.pl\\\/index.php\\\/author\\\/admin\\\/\",\"name\":\"admin\",\"image\":{\"@type\":\"ImageObject\",\"@id\":\"https:\\\/\\\/www.spkatarzyna.pl\\\/index.php\\\/2022\\\/10\\\/02\\\/zarzadzenie-19-2022-w-sprawie-dni-dodatkowo-wolnych\\\/#authorImage\",\"url\":\"https:\\\/\\\/secure.gravatar.com\\\/avatar\\\/1aa4ab0ba1b6b91fbb20017299b4319e?s=96&d=mm&r=g\",\"width\":96,\"height\":96,\"caption\":\"admin\"}},{\"@type\":\"WebPage\",\"@id\":\"https:\\\/\\\/www.spkatarzyna.pl\\\/index.php\\\/2022\\\/10\\\/02\\\/zarzadzenie-19-2022-w-sprawie-dni-dodatkowo-wolnych\\\/#webpage\",\"url\":\"https:\\\/\\\/www.spkatarzyna.pl\\\/index.php\\\/2022\\\/10\\\/02\\\/zarzadzenie-19-2022-w-sprawie-dni-dodatkowo-wolnych\\\/\",\"name\":\"Zarz\\u0105dzenie 19\\\/2022 w sprawie dni dodatkowo wolnych dla uczni\\u00f3w - SP Katarzyna\",\"description\":\"Zarz\\u0105dzenie nr 19 \\\/2022 z dnia 30 wrze\\u015bnia 2022 roku Dyrektora Publicznej Szko\\u0142y Podstawowej w \\u015aw. Katarzynie im. Stefana Kardyna\\u0142a Wyszy\\u0144skiego Prymasa Tysi\\u0105clecia w sprawie dni dodatkowo wolnych od zaj\\u0119\\u0107 dydaktyczno \\u2013 wychowawczych dla uczni\\u00f3w klas I-VIII w roku szkolnym 2022\\\/2023 Dzia\\u0142aj\\u0105c na podstawie Rozporz\\u0105dzenia Ministra Edukacji Narodowej z dnia 11 sierpnia 2017 roku\",\"inLanguage\":\"pl-PL\",\"isPartOf\":{\"@id\":\"https:\\\/\\\/www.spkatarzyna.pl\\\/#website\"},\"breadcrumb\":{\"@id\":\"https:\\\/\\\/www.spkatarzyna.pl\\\/index.php\\\/2022\\\/10\\\/02\\\/zarzadzenie-19-2022-w-sprawie-dni-dodatkowo-wolnych\\\/#breadcrumblist\"},\"author\":{\"@id\":\"https:\\\/\\\/www.spkatarzyna.pl\\\/index.php\\\/author\\\/admin\\\/#author\"},\"creator\":{\"@id\":\"https:\\\/\\\/www.spkatarzyna.pl\\\/index.php\\\/author\\\/admin\\\/#author\"},\"image\":{\"@type\":\"ImageObject\",\"url\":\"https:\\\/\\\/www.spkatarzyna.pl\\\/wp-content\\\/uploads\\\/2022\\\/10\\\/images-e1744382383533.jpg\",\"@id\":\"https:\\\/\\\/www.spkatarzyna.pl\\\/index.php\\\/2022\\\/10\\\/02\\\/zarzadzenie-19-2022-w-sprawie-dni-dodatkowo-wolnych\\\/#mainImage\",\"width\":360,\"height\":202},\"primaryImageOfPage\":{\"@id\":\"https:\\\/\\\/www.spkatarzyna.pl\\\/index.php\\\/2022\\\/10\\\/02\\\/zarzadzenie-19-2022-w-sprawie-dni-dodatkowo-wolnych\\\/#mainImage\"},\"datePublished\":\"2022-10-02T05:03:11+02:00\",\"dateModified\":\"2022-10-07T07:49:25+02:00\"},{\"@type\":\"WebSite\",\"@id\":\"https:\\\/\\\/www.spkatarzyna.pl\\\/#website\",\"url\":\"https:\\\/\\\/www.spkatarzyna.pl\\\/\",\"name\":\"SP Katarzyna\",\"description\":\"Publiczna Szko\\u0142a Podstawowa w \\u015awi\\u0119tej Katarzynie\",\"inLanguage\":\"pl-PL\",\"publisher\":{\"@id\":\"https:\\\/\\\/www.spkatarzyna.pl\\\/#organization\"}}]}\n\t\t<\/script>\n\t\t<!-- All in One SEO -->\n\n","aioseo_head_json":{"title":"Zarz\u0105dzenie 19\/2022 w sprawie dni dodatkowo wolnych dla uczni\u00f3w - SP Katarzyna","description":"Zarz\u0105dzenie nr 19 \/2022 z dnia 30 wrze\u015bnia 2022 roku Dyrektora Publicznej Szko\u0142y Podstawowej w \u015aw. Katarzynie im. Stefana Kardyna\u0142a Wyszy\u0144skiego Prymasa Tysi\u0105clecia w sprawie dni dodatkowo wolnych od zaj\u0119\u0107 dydaktyczno \u2013 wychowawczych dla uczni\u00f3w klas I-VIII w roku szkolnym 2022\/2023 Dzia\u0142aj\u0105c na podstawie Rozporz\u0105dzenia Ministra Edukacji Narodowej z dnia 11 sierpnia 2017 roku","canonical_url":"https:\/\/www.spkatarzyna.pl\/index.php\/2022\/10\/02\/zarzadzenie-19-2022-w-sprawie-dni-dodatkowo-wolnych\/","robots":"max-image-preview:large","keywords":"","webmasterTools":{"miscellaneous":""},"schema":{"@context":"https:\/\/schema.org","@graph":[{"@type":"BlogPosting","@id":"https:\/\/www.spkatarzyna.pl\/index.php\/2022\/10\/02\/zarzadzenie-19-2022-w-sprawie-dni-dodatkowo-wolnych\/#blogposting","name":"Zarz\u0105dzenie 19\/2022 w sprawie dni dodatkowo wolnych dla uczni\u00f3w - SP Katarzyna","headline":"Zarz\u0105dzenie 19\/2022 w sprawie dni dodatkowo wolnych dla uczni\u00f3w","author":{"@id":"https:\/\/www.spkatarzyna.pl\/index.php\/author\/admin\/#author"},"publisher":{"@id":"https:\/\/www.spkatarzyna.pl\/#organization"},"image":{"@type":"ImageObject","url":"https:\/\/www.spkatarzyna.pl\/wp-content\/uploads\/2022\/10\/images-e1744382383533.jpg","width":360,"height":202},"datePublished":"2022-10-02T05:03:11+02:00","dateModified":"2022-10-07T07:49:25+02:00","inLanguage":"pl-PL","mainEntityOfPage":{"@id":"https:\/\/www.spkatarzyna.pl\/index.php\/2022\/10\/02\/zarzadzenie-19-2022-w-sprawie-dni-dodatkowo-wolnych\/#webpage"},"isPartOf":{"@id":"https:\/\/www.spkatarzyna.pl\/index.php\/2022\/10\/02\/zarzadzenie-19-2022-w-sprawie-dni-dodatkowo-wolnych\/#webpage"},"articleSection":"Uncategorized"},{"@type":"BreadcrumbList","@id":"https:\/\/www.spkatarzyna.pl\/index.php\/2022\/10\/02\/zarzadzenie-19-2022-w-sprawie-dni-dodatkowo-wolnych\/#breadcrumblist","itemListElement":[{"@type":"ListItem","@id":"https:\/\/www.spkatarzyna.pl#listItem","position":1,"name":"Dom","item":"https:\/\/www.spkatarzyna.pl","nextItem":{"@type":"ListItem","@id":"https:\/\/www.spkatarzyna.pl\/index.php\/category\/uncategorized\/#listItem","name":"Uncategorized"}},{"@type":"ListItem","@id":"https:\/\/www.spkatarzyna.pl\/index.php\/category\/uncategorized\/#listItem","position":2,"name":"Uncategorized","item":"https:\/\/www.spkatarzyna.pl\/index.php\/category\/uncategorized\/","nextItem":{"@type":"ListItem","@id":"https:\/\/www.spkatarzyna.pl\/index.php\/2022\/10\/02\/zarzadzenie-19-2022-w-sprawie-dni-dodatkowo-wolnych\/#listItem","name":"Zarz\u0105dzenie 19\/2022 w sprawie dni dodatkowo wolnych dla uczni\u00f3w"},"previousItem":{"@type":"ListItem","@id":"https:\/\/www.spkatarzyna.pl#listItem","name":"Dom"}},{"@type":"ListItem","@id":"https:\/\/www.spkatarzyna.pl\/index.php\/2022\/10\/02\/zarzadzenie-19-2022-w-sprawie-dni-dodatkowo-wolnych\/#listItem","position":3,"name":"Zarz\u0105dzenie 19\/2022 w sprawie dni dodatkowo wolnych dla uczni\u00f3w","previousItem":{"@type":"ListItem","@id":"https:\/\/www.spkatarzyna.pl\/index.php\/category\/uncategorized\/#listItem","name":"Uncategorized"}}]},{"@type":"Organization","@id":"https:\/\/www.spkatarzyna.pl\/#organization","name":"SP Katarzyna","description":"Publiczna Szko\u0142a Podstawowa w \u015awi\u0119tej Katarzynie","url":"https:\/\/www.spkatarzyna.pl\/","telephone":"+48713116378","sameAs":["https:\/\/facebook.com\/","https:\/\/x.com\/","https:\/\/instagram.com\/","https:\/\/pinterest.com\/","https:\/\/youtube.com\/","https:\/\/linkedin.com\/in\/"]},{"@type":"Person","@id":"https:\/\/www.spkatarzyna.pl\/index.php\/author\/admin\/#author","url":"https:\/\/www.spkatarzyna.pl\/index.php\/author\/admin\/","name":"admin","image":{"@type":"ImageObject","@id":"https:\/\/www.spkatarzyna.pl\/index.php\/2022\/10\/02\/zarzadzenie-19-2022-w-sprawie-dni-dodatkowo-wolnych\/#authorImage","url":"https:\/\/secure.gravatar.com\/avatar\/1aa4ab0ba1b6b91fbb20017299b4319e?s=96&d=mm&r=g","width":96,"height":96,"caption":"admin"}},{"@type":"WebPage","@id":"https:\/\/www.spkatarzyna.pl\/index.php\/2022\/10\/02\/zarzadzenie-19-2022-w-sprawie-dni-dodatkowo-wolnych\/#webpage","url":"https:\/\/www.spkatarzyna.pl\/index.php\/2022\/10\/02\/zarzadzenie-19-2022-w-sprawie-dni-dodatkowo-wolnych\/","name":"Zarz\u0105dzenie 19\/2022 w sprawie dni dodatkowo wolnych dla uczni\u00f3w - SP Katarzyna","description":"Zarz\u0105dzenie nr 19 \/2022 z dnia 30 wrze\u015bnia 2022 roku Dyrektora Publicznej Szko\u0142y Podstawowej w \u015aw. Katarzynie im. Stefana Kardyna\u0142a Wyszy\u0144skiego Prymasa Tysi\u0105clecia w sprawie dni dodatkowo wolnych od zaj\u0119\u0107 dydaktyczno \u2013 wychowawczych dla uczni\u00f3w klas I-VIII w roku szkolnym 2022\/2023 Dzia\u0142aj\u0105c na podstawie Rozporz\u0105dzenia Ministra Edukacji Narodowej z dnia 11 sierpnia 2017 roku","inLanguage":"pl-PL","isPartOf":{"@id":"https:\/\/www.spkatarzyna.pl\/#website"},"breadcrumb":{"@id":"https:\/\/www.spkatarzyna.pl\/index.php\/2022\/10\/02\/zarzadzenie-19-2022-w-sprawie-dni-dodatkowo-wolnych\/#breadcrumblist"},"author":{"@id":"https:\/\/www.spkatarzyna.pl\/index.php\/author\/admin\/#author"},"creator":{"@id":"https:\/\/www.spkatarzyna.pl\/index.php\/author\/admin\/#author"},"image":{"@type":"ImageObject","url":"https:\/\/www.spkatarzyna.pl\/wp-content\/uploads\/2022\/10\/images-e1744382383533.jpg","@id":"https:\/\/www.spkatarzyna.pl\/index.php\/2022\/10\/02\/zarzadzenie-19-2022-w-sprawie-dni-dodatkowo-wolnych\/#mainImage","width":360,"height":202},"primaryImageOfPage":{"@id":"https:\/\/www.spkatarzyna.pl\/index.php\/2022\/10\/02\/zarzadzenie-19-2022-w-sprawie-dni-dodatkowo-wolnych\/#mainImage"},"datePublished":"2022-10-02T05:03:11+02:00","dateModified":"2022-10-07T07:49:25+02:00"},{"@type":"WebSite","@id":"https:\/\/www.spkatarzyna.pl\/#website","url":"https:\/\/www.spkatarzyna.pl\/","name":"SP Katarzyna","description":"Publiczna Szko\u0142a Podstawowa w \u015awi\u0119tej Katarzynie","inLanguage":"pl-PL","publisher":{"@id":"https:\/\/www.spkatarzyna.pl\/#organization"}}]},"og:locale":"pl_PL","og:site_name":"SP Katarzyna - Publiczna Szko\u0142a Podstawowa w \u015awi\u0119tej Katarzynie","og:type":"article","og:title":"Zarz\u0105dzenie 19\/2022 w sprawie dni dodatkowo wolnych dla uczni\u00f3w - SP Katarzyna","og:description":"Zarz\u0105dzenie nr 19 \/2022 z dnia 30 wrze\u015bnia 2022 roku Dyrektora Publicznej Szko\u0142y Podstawowej w \u015aw. Katarzynie im. Stefana Kardyna\u0142a Wyszy\u0144skiego Prymasa Tysi\u0105clecia w sprawie dni dodatkowo wolnych od zaj\u0119\u0107 dydaktyczno \u2013 wychowawczych dla uczni\u00f3w klas I-VIII w roku szkolnym 2022\/2023 Dzia\u0142aj\u0105c na podstawie Rozporz\u0105dzenia Ministra Edukacji Narodowej z dnia 11 sierpnia 2017 roku","og:url":"https:\/\/www.spkatarzyna.pl\/index.php\/2022\/10\/02\/zarzadzenie-19-2022-w-sprawie-dni-dodatkowo-wolnych\/","article:published_time":"2022-10-02T05:03:11+00:00","article:modified_time":"2022-10-07T07:49:25+00:00","twitter:card":"summary_large_image","twitter:title":"Zarz\u0105dzenie 19\/2022 w sprawie dni dodatkowo wolnych dla uczni\u00f3w - SP Katarzyna","twitter:description":"Zarz\u0105dzenie nr 19 \/2022 z dnia 30 wrze\u015bnia 2022 roku Dyrektora Publicznej Szko\u0142y Podstawowej w \u015aw. Katarzynie im. Stefana Kardyna\u0142a Wyszy\u0144skiego Prymasa Tysi\u0105clecia w sprawie dni dodatkowo wolnych od zaj\u0119\u0107 dydaktyczno \u2013 wychowawczych dla uczni\u00f3w klas I-VIII w roku szkolnym 2022\/2023 Dzia\u0142aj\u0105c na podstawie Rozporz\u0105dzenia Ministra Edukacji Narodowej z dnia 11 sierpnia 2017 roku"},"aioseo_meta_data":{"post_id":"2127","title":null,"description":null,"keywords":null,"keyphrases":null,"primary_term":null,"canonical_url":null,"og_title":null,"og_description":null,"og_object_type":"default","og_image_type":"default","og_image_url":null,"og_image_width":null,"og_image_height":null,"og_image_custom_url":null,"og_image_custom_fields":null,"og_video":null,"og_custom_url":null,"og_article_section":null,"og_article_tags":null,"twitter_use_og":false,"twitter_card":"default","twitter_image_type":"default","twitter_image_url":null,"twitter_image_custom_url":null,"twitter_image_custom_fields":null,"twitter_title":null,"twitter_description":null,"schema":{"blockGraphs":[],"customGraphs":[],"default":{"data":{"Article":[],"Course":[],"Dataset":[],"FAQPage":[],"Movie":[],"Person":[],"Product":[],"ProductReview":[],"Car":[],"Recipe":[],"Service":[],"SoftwareApplication":[],"WebPage":[]},"graphName":"","isEnabled":true},"graphs":[]},"schema_type":"default","schema_type_options":null,"pillar_content":false,"robots_default":true,"robots_noindex":false,"robots_noarchive":false,"robots_nosnippet":false,"robots_nofollow":false,"robots_noimageindex":false,"robots_noodp":false,"robots_notranslate":false,"robots_max_snippet":null,"robots_max_videopreview":null,"robots_max_imagepreview":"large","priority":null,"frequency":null,"local_seo":null,"limit_modified_date":false,"created":"2024-04-03 07:10:54","updated":"2026-09-03 13:49:23","focus_keyword":null,"additional_keywords":null,"truseo_locale":null,"ai":null,"breadcrumb_settings":null,"seo_analyzer_scan_date":null},"aioseo_breadcrumb":"<div class=\"aioseo-breadcrumbs\"><span class=\"aioseo-breadcrumb\">\n\t\t\t<a href=\"https:\/\/www.spkatarzyna.pl\" title=\"Dom\">Dom<\/a>\n\t\t<\/span><span class=\"aioseo-breadcrumb-separator\">&raquo;<\/span><span class=\"aioseo-breadcrumb\">\n\t\t\t<a href=\"https:\/\/www.spkatarzyna.pl\/index.php\/category\/uncategorized\/\" title=\"Uncategorized\">Uncategorized<\/a>\n\t\t<\/span><span class=\"aioseo-breadcrumb-separator\">&raquo;<\/span><span class=\"aioseo-breadcrumb\">\n\t\t\tZarz\u0105dzenie 19\/2022 w sprawie dni dodatkowo wolnych dla uczni\u00f3w\n\t\t<\/span><\/div>","aioseo_breadcrumb_json":[{"label":"Dom","link":"https:\/\/www.spkatarzyna.pl"},{"label":"Uncategorized","link":"https:\/\/www.spkatarzyna.pl\/index.php\/category\/uncategorized\/"},{"label":"Zarz\u0105dzenie 19\/2022 w sprawie dni dodatkowo wolnych dla uczni\u00f3w","link":"https:\/\/www.spkatarzyna.pl\/index.php\/2022\/10\/02\/zarzadzenie-19-2022-w-sprawie-dni-dodatkowo-wolnych\/"}],"_links":{"self":[{"href":"https:\/\/www.spkatarzyna.pl\/index.php\/wp-json\/wp\/v2\/posts\/2127","targetHints":{"allow":["GET"]}}],"collection":[{"href":"https:\/\/www.spkatarzyna.pl\/index.php\/wp-json\/wp\/v2\/posts"}],"about":[{"href":"https:\/\/www.spkatarzyna.pl\/index.php\/wp-json\/wp\/v2\/types\/post"}],"author":[{"embeddable":true,"href":"https:\/\/www.spkatarzyna.pl\/index.php\/wp-json\/wp\/v2\/users\/1"}],"replies":[{"embeddable":true,"href":"https:\/\/www.spkatarzyna.pl\/index.php\/wp-json\/wp\/v2\/comments?post=2127"}],"version-history":[{"count":2,"href":"https:\/\/www.spkatarzyna.pl\/index.php\/wp-json\/wp\/v2\/posts\/2127\/revisions"}],"predecessor-version":[{"id":2210,"href":"https:\/\/www.spkatarzyna.pl\/index.php\/wp-json\/wp\/v2\/posts\/2127\/revisions\/2210"}],"wp:featuredmedia":[{"embeddable":true,"href":"https:\/\/www.spkatarzyna.pl\/index.php\/wp-json\/wp\/v2\/media\/2128"}],"wp:attachment":[{"href":"https:\/\/www.spkatarzyna.pl\/index.php\/wp-json\/wp\/v2\/media?parent=2127"}],"wp:term":[{"taxonomy":"category","embeddable":true,"href":"https:\/\/www.spkatarzyna.pl\/index.php\/wp-json\/wp\/v2\/categories?post=2127"},{"taxonomy":"post_tag","embeddable":true,"href":"https:\/\/www.spkatarzyna.pl\/index.php\/wp-json\/wp\/v2\/tags?post=2127"}],"curies":[{"name":"wp","href":"https:\/\/api.w.org\/{rel}","templated":true}]}}