{"id":2288,"date":"2022-10-20T15:50:00","date_gmt":"2022-10-20T15:50:00","guid":{"rendered":"http:\/\/www.spkatarzyna.pl\/?p=2288"},"modified":"2022-11-02T21:59:25","modified_gmt":"2022-11-02T21:59:25","slug":"wycieczki-klas-piatych","status":"publish","type":"post","link":"https:\/\/www.spkatarzyna.pl\/index.php\/2022\/10\/20\/wycieczki-klas-piatych\/","title":{"rendered":"Wycieczki klas pi\u0105tych"},"content":{"rendered":"<p style=\"text-align: justify;\"><span style=\"font-weight: 400;\">Ostatnie dni by\u0142y intensywnym czasem wyjazd\u00f3w klas pi\u0105tych. Jednak nikt nie narzeka\u0142, poniewa\u017c by\u0142 to czas bardzo dobrze wykorzystany.<\/span><\/p>\n<p style=\"text-align: justify;\"><span style=\"font-weight: 400;\">30 wrze\u015bnia pojechali\u015bmy na wycieczk\u0119 do Bolkowa i w Rudawy Janowickie. Bolk\u00f3w przywita\u0142 nas s\u0142oneczn\u0105, jesienn\u0105 pogod\u0105. Wszyscy zwr\u00f3cili\u015bmy uwag\u0119 na wysok\u0105 wie\u017c\u0119 zamku i jego grube mury. W towarzystwie przewodnik\u00f3w poszli\u015bmy na szczyt wie\u017cy. Tam wys\u0142uchali\u015bmy opowie\u015bci przewodnika i podziwiali\u015bmy wspania\u0142\u0105 panoram\u0119. P\u00f3\u017aniej mieli\u015bmy okazj\u0119 zajrze\u0107 do loch\u00f3w i obejrze\u0107 bro\u0144 oraz narz\u0119dzia tortur. Z zamku pojechali\u015bmy zwiedza\u0107 Kolorowe Jeziorka w Wie\u015bciszowicach. Potem turystycznym szlakiem poszli\u015bmy pod schronisko Szwajcarka, gdzie upiekli\u015bmy przy ognisku pyszne kie\u0142baski.\u00a0<\/span><span style=\"font-weight: 400;\">Pe\u0142ni wra\u017ce\u0144 wr\u00f3cili\u015bmy wieczorem do \u015aw. Katarzyny.<\/span><\/p>\n<p style=\"text-align: justify;\"><span style=\"font-weight: 400;\">Z kolei dzie\u0144 10 pa\u017adziernika by\u0142 czasem wra\u017ce\u0144 kulturalnych. Trzy klasy pi\u0105te pojecha\u0142y do Wroc\u0142awia na przedstawienie teatralne pt. ,,Mity greckie\u201d w Narodowym Teatrze Edukacji. Uczniowie ogl\u0105dali je z zainteresowaniem, poniewa\u017c mia\u0142o wartk\u0105 akcj\u0119 po\u0142\u0105czon\u0105 z du\u017c\u0105 dawk\u0105 humoru i dobr\u0105 gr\u0105 aktor\u00f3w.<\/span><\/p>\n<p>\u00a0 \u00a0 \u00a0 \u00a0 \u00a0 \u00a0 \u00a0 \u00a0 \u00a0 \u00a0 \u00a0 \u00a0 \u00a0 \u00a0 \u00a0 \u00a0 \u00a0 \u00a0 \u00a0 \u00a0 \u00a0 <img fetchpriority=\"high\" decoding=\"async\" class=\"alignnone size-medium wp-image-2335\" src=\"http:\/\/www.spkatarzyna.pl\/wp-content\/uploads\/2022\/10\/DSCN5240-2-300x225.jpg\" alt=\"\" width=\"300\" height=\"225\" srcset=\"https:\/\/www.spkatarzyna.pl\/wp-content\/uploads\/2022\/10\/DSCN5240-2-300x225.jpg 300w, https:\/\/www.spkatarzyna.pl\/wp-content\/uploads\/2022\/10\/DSCN5240-2-1024x768.jpg 1024w, https:\/\/www.spkatarzyna.pl\/wp-content\/uploads\/2022\/10\/DSCN5240-2-768x576.jpg 768w, https:\/\/www.spkatarzyna.pl\/wp-content\/uploads\/2022\/10\/DSCN5240-2-1536x1152.jpg 1536w, https:\/\/www.spkatarzyna.pl\/wp-content\/uploads\/2022\/10\/DSCN5240-2-2048x1536.jpg 2048w\" sizes=\"(max-width: 300px) 100vw, 300px\" \/>\u00a0 <img decoding=\"async\" class=\"alignnone size-medium wp-image-2339\" src=\"http:\/\/www.spkatarzyna.pl\/wp-content\/uploads\/2022\/10\/DSCN5229-1-300x225.jpg\" alt=\"\" width=\"300\" height=\"225\" srcset=\"https:\/\/www.spkatarzyna.pl\/wp-content\/uploads\/2022\/10\/DSCN5229-1-300x225.jpg 300w, https:\/\/www.spkatarzyna.pl\/wp-content\/uploads\/2022\/10\/DSCN5229-1-1024x768.jpg 1024w, https:\/\/www.spkatarzyna.pl\/wp-content\/uploads\/2022\/10\/DSCN5229-1-768x576.jpg 768w, https:\/\/www.spkatarzyna.pl\/wp-content\/uploads\/2022\/10\/DSCN5229-1-1536x1152.jpg 1536w, https:\/\/www.spkatarzyna.pl\/wp-content\/uploads\/2022\/10\/DSCN5229-1-2048x1536.jpg 2048w\" sizes=\"(max-width: 300px) 100vw, 300px\" \/><\/p>\n","protected":false},"excerpt":{"rendered":"<p>Ostatnie dni by\u0142y intensywnym czasem wyjazd\u00f3w klas pi\u0105tych. Jednak nikt nie narzeka\u0142, poniewa\u017c by\u0142 to czas bardzo dobrze wykorzystany. 30 wrze\u015bnia pojechali\u015bmy na wycieczk\u0119 do Bolkowa i w Rudawy Janowickie. Bolk\u00f3w przywita\u0142 nas s\u0142oneczn\u0105, jesienn\u0105 pogod\u0105. Wszyscy zwr\u00f3cili\u015bmy uwag\u0119 na wysok\u0105 wie\u017c\u0119 zamku i jego grube mury. W towarzystwie przewodnik\u00f3w [&hellip;]<\/p>\n","protected":false},"author":6,"featured_media":2492,"comment_status":"open","ping_status":"open","sticky":false,"template":"","format":"standard","meta":{"om_disable_all_campaigns":false,"_monsterinsights_skip_tracking":false,"ngg_post_thumbnail":0,"footnotes":""},"categories":[1],"tags":[],"class_list":["post-2288","post","type-post","status-publish","format-standard","has-post-thumbnail","hentry","category-uncategorized"],"aioseo_notices":[],"aioseo_head":"\n\t\t<!-- All in One SEO 5.0.1.1 - aioseo.com -->\n\t<meta name=\"description\" content=\"Ostatnie dni by\u0142y intensywnym czasem wyjazd\u00f3w klas pi\u0105tych. Jednak nikt nie narzeka\u0142, poniewa\u017c by\u0142 to czas bardzo dobrze wykorzystany. 30 wrze\u015bnia pojechali\u015bmy na wycieczk\u0119 do Bolkowa i w Rudawy Janowickie. Bolk\u00f3w przywita\u0142 nas s\u0142oneczn\u0105, jesienn\u0105 pogod\u0105. Wszyscy zwr\u00f3cili\u015bmy uwag\u0119 na wysok\u0105 wie\u017c\u0119 zamku i jego grube mury. W towarzystwie przewodnik\u00f3w poszli\u015bmy na szczyt wie\u017cy. Tam\" \/>\n\t<meta name=\"robots\" content=\"max-image-preview:large\" \/>\n\t<meta name=\"author\" content=\"Redakcja\"\/>\n\t<link rel=\"canonical\" href=\"https:\/\/www.spkatarzyna.pl\/index.php\/2022\/10\/20\/wycieczki-klas-piatych\/\" \/>\n\t<meta name=\"generator\" content=\"All in One SEO (AIOSEO) 5.0.1.1\" \/>\n\t\t<meta property=\"og:locale\" content=\"pl_PL\" \/>\n\t\t<meta property=\"og:site_name\" content=\"SP Katarzyna - Publiczna Szko\u0142a Podstawowa w \u015awi\u0119tej Katarzynie\" \/>\n\t\t<meta property=\"og:type\" content=\"article\" \/>\n\t\t<meta property=\"og:title\" content=\"Wycieczki klas pi\u0105tych - SP Katarzyna\" \/>\n\t\t<meta property=\"og:description\" content=\"Ostatnie dni by\u0142y intensywnym czasem wyjazd\u00f3w klas pi\u0105tych. Jednak nikt nie narzeka\u0142, poniewa\u017c by\u0142 to czas bardzo dobrze wykorzystany. 30 wrze\u015bnia pojechali\u015bmy na wycieczk\u0119 do Bolkowa i w Rudawy Janowickie. Bolk\u00f3w przywita\u0142 nas s\u0142oneczn\u0105, jesienn\u0105 pogod\u0105. Wszyscy zwr\u00f3cili\u015bmy uwag\u0119 na wysok\u0105 wie\u017c\u0119 zamku i jego grube mury. W towarzystwie przewodnik\u00f3w poszli\u015bmy na szczyt wie\u017cy. Tam\" \/>\n\t\t<meta property=\"og:url\" content=\"https:\/\/www.spkatarzyna.pl\/index.php\/2022\/10\/20\/wycieczki-klas-piatych\/\" \/>\n\t\t<meta property=\"article:published_time\" content=\"2022-10-20T15:50:00+00:00\" \/>\n\t\t<meta property=\"article:modified_time\" content=\"2022-11-02T21:59:25+00:00\" \/>\n\t\t<meta name=\"twitter:card\" content=\"summary_large_image\" \/>\n\t\t<meta name=\"twitter:title\" content=\"Wycieczki klas pi\u0105tych - SP Katarzyna\" \/>\n\t\t<meta name=\"twitter:description\" content=\"Ostatnie dni by\u0142y intensywnym czasem wyjazd\u00f3w klas pi\u0105tych. Jednak nikt nie narzeka\u0142, poniewa\u017c by\u0142 to czas bardzo dobrze wykorzystany. 30 wrze\u015bnia pojechali\u015bmy na wycieczk\u0119 do Bolkowa i w Rudawy Janowickie. Bolk\u00f3w przywita\u0142 nas s\u0142oneczn\u0105, jesienn\u0105 pogod\u0105. Wszyscy zwr\u00f3cili\u015bmy uwag\u0119 na wysok\u0105 wie\u017c\u0119 zamku i jego grube mury. W towarzystwie przewodnik\u00f3w poszli\u015bmy na szczyt wie\u017cy. Tam\" \/>\n\t\t<script type=\"application\/ld+json\" class=\"aioseo-schema\">\n\t\t\t{\"@context\":\"https:\\\/\\\/schema.org\",\"@graph\":[{\"@type\":\"BlogPosting\",\"@id\":\"https:\\\/\\\/www.spkatarzyna.pl\\\/index.php\\\/2022\\\/10\\\/20\\\/wycieczki-klas-piatych\\\/#blogposting\",\"name\":\"Wycieczki klas pi\\u0105tych - SP Katarzyna\",\"headline\":\"Wycieczki klas pi\\u0105tych\",\"author\":{\"@id\":\"https:\\\/\\\/www.spkatarzyna.pl\\\/index.php\\\/author\\\/agatasafianspkatarzyna-pl\\\/#author\"},\"publisher\":{\"@id\":\"https:\\\/\\\/www.spkatarzyna.pl\\\/#organization\"},\"image\":{\"@type\":\"ImageObject\",\"url\":\"https:\\\/\\\/www.spkatarzyna.pl\\\/wp-content\\\/uploads\\\/2022\\\/10\\\/DSCN5240-3-2.jpg\",\"width\":360,\"height\":240},\"datePublished\":\"2022-10-20T15:50:00+02:00\",\"dateModified\":\"2022-11-02T21:59:25+01:00\",\"inLanguage\":\"pl-PL\",\"mainEntityOfPage\":{\"@id\":\"https:\\\/\\\/www.spkatarzyna.pl\\\/index.php\\\/2022\\\/10\\\/20\\\/wycieczki-klas-piatych\\\/#webpage\"},\"isPartOf\":{\"@id\":\"https:\\\/\\\/www.spkatarzyna.pl\\\/index.php\\\/2022\\\/10\\\/20\\\/wycieczki-klas-piatych\\\/#webpage\"},\"articleSection\":\"Uncategorized\"},{\"@type\":\"BreadcrumbList\",\"@id\":\"https:\\\/\\\/www.spkatarzyna.pl\\\/index.php\\\/2022\\\/10\\\/20\\\/wycieczki-klas-piatych\\\/#breadcrumblist\",\"itemListElement\":[{\"@type\":\"ListItem\",\"@id\":\"https:\\\/\\\/www.spkatarzyna.pl#listItem\",\"position\":1,\"name\":\"Dom\",\"item\":\"https:\\\/\\\/www.spkatarzyna.pl\",\"nextItem\":{\"@type\":\"ListItem\",\"@id\":\"https:\\\/\\\/www.spkatarzyna.pl\\\/index.php\\\/category\\\/uncategorized\\\/#listItem\",\"name\":\"Uncategorized\"}},{\"@type\":\"ListItem\",\"@id\":\"https:\\\/\\\/www.spkatarzyna.pl\\\/index.php\\\/category\\\/uncategorized\\\/#listItem\",\"position\":2,\"name\":\"Uncategorized\",\"item\":\"https:\\\/\\\/www.spkatarzyna.pl\\\/index.php\\\/category\\\/uncategorized\\\/\",\"nextItem\":{\"@type\":\"ListItem\",\"@id\":\"https:\\\/\\\/www.spkatarzyna.pl\\\/index.php\\\/2022\\\/10\\\/20\\\/wycieczki-klas-piatych\\\/#listItem\",\"name\":\"Wycieczki klas pi\\u0105tych\"},\"previousItem\":{\"@type\":\"ListItem\",\"@id\":\"https:\\\/\\\/www.spkatarzyna.pl#listItem\",\"name\":\"Dom\"}},{\"@type\":\"ListItem\",\"@id\":\"https:\\\/\\\/www.spkatarzyna.pl\\\/index.php\\\/2022\\\/10\\\/20\\\/wycieczki-klas-piatych\\\/#listItem\",\"position\":3,\"name\":\"Wycieczki klas pi\\u0105tych\",\"previousItem\":{\"@type\":\"ListItem\",\"@id\":\"https:\\\/\\\/www.spkatarzyna.pl\\\/index.php\\\/category\\\/uncategorized\\\/#listItem\",\"name\":\"Uncategorized\"}}]},{\"@type\":\"Organization\",\"@id\":\"https:\\\/\\\/www.spkatarzyna.pl\\\/#organization\",\"name\":\"SP Katarzyna\",\"description\":\"Publiczna Szko\\u0142a Podstawowa w \\u015awi\\u0119tej Katarzynie\",\"url\":\"https:\\\/\\\/www.spkatarzyna.pl\\\/\",\"telephone\":\"+48713116378\",\"sameAs\":[\"https:\\\/\\\/facebook.com\\\/\",\"https:\\\/\\\/x.com\\\/\",\"https:\\\/\\\/instagram.com\\\/\",\"https:\\\/\\\/pinterest.com\\\/\",\"https:\\\/\\\/youtube.com\\\/\",\"https:\\\/\\\/linkedin.com\\\/in\\\/\"]},{\"@type\":\"Person\",\"@id\":\"https:\\\/\\\/www.spkatarzyna.pl\\\/index.php\\\/author\\\/agatasafianspkatarzyna-pl\\\/#author\",\"url\":\"https:\\\/\\\/www.spkatarzyna.pl\\\/index.php\\\/author\\\/agatasafianspkatarzyna-pl\\\/\",\"name\":\"Redakcja\",\"image\":{\"@type\":\"ImageObject\",\"@id\":\"https:\\\/\\\/www.spkatarzyna.pl\\\/index.php\\\/2022\\\/10\\\/20\\\/wycieczki-klas-piatych\\\/#authorImage\",\"url\":\"https:\\\/\\\/secure.gravatar.com\\\/avatar\\\/765290513df94d442152250e92b42327?s=96&d=mm&r=g\",\"width\":96,\"height\":96,\"caption\":\"Redakcja\"}},{\"@type\":\"WebPage\",\"@id\":\"https:\\\/\\\/www.spkatarzyna.pl\\\/index.php\\\/2022\\\/10\\\/20\\\/wycieczki-klas-piatych\\\/#webpage\",\"url\":\"https:\\\/\\\/www.spkatarzyna.pl\\\/index.php\\\/2022\\\/10\\\/20\\\/wycieczki-klas-piatych\\\/\",\"name\":\"Wycieczki klas pi\\u0105tych - SP Katarzyna\",\"description\":\"Ostatnie dni by\\u0142y intensywnym czasem wyjazd\\u00f3w klas pi\\u0105tych. Jednak nikt nie narzeka\\u0142, poniewa\\u017c by\\u0142 to czas bardzo dobrze wykorzystany. 30 wrze\\u015bnia pojechali\\u015bmy na wycieczk\\u0119 do Bolkowa i w Rudawy Janowickie. Bolk\\u00f3w przywita\\u0142 nas s\\u0142oneczn\\u0105, jesienn\\u0105 pogod\\u0105. Wszyscy zwr\\u00f3cili\\u015bmy uwag\\u0119 na wysok\\u0105 wie\\u017c\\u0119 zamku i jego grube mury. W towarzystwie przewodnik\\u00f3w poszli\\u015bmy na szczyt wie\\u017cy. Tam\",\"inLanguage\":\"pl-PL\",\"isPartOf\":{\"@id\":\"https:\\\/\\\/www.spkatarzyna.pl\\\/#website\"},\"breadcrumb\":{\"@id\":\"https:\\\/\\\/www.spkatarzyna.pl\\\/index.php\\\/2022\\\/10\\\/20\\\/wycieczki-klas-piatych\\\/#breadcrumblist\"},\"author\":{\"@id\":\"https:\\\/\\\/www.spkatarzyna.pl\\\/index.php\\\/author\\\/agatasafianspkatarzyna-pl\\\/#author\"},\"creator\":{\"@id\":\"https:\\\/\\\/www.spkatarzyna.pl\\\/index.php\\\/author\\\/agatasafianspkatarzyna-pl\\\/#author\"},\"image\":{\"@type\":\"ImageObject\",\"url\":\"https:\\\/\\\/www.spkatarzyna.pl\\\/wp-content\\\/uploads\\\/2022\\\/10\\\/DSCN5240-3-2.jpg\",\"@id\":\"https:\\\/\\\/www.spkatarzyna.pl\\\/index.php\\\/2022\\\/10\\\/20\\\/wycieczki-klas-piatych\\\/#mainImage\",\"width\":360,\"height\":240},\"primaryImageOfPage\":{\"@id\":\"https:\\\/\\\/www.spkatarzyna.pl\\\/index.php\\\/2022\\\/10\\\/20\\\/wycieczki-klas-piatych\\\/#mainImage\"},\"datePublished\":\"2022-10-20T15:50:00+02:00\",\"dateModified\":\"2022-11-02T21:59:25+01:00\"},{\"@type\":\"WebSite\",\"@id\":\"https:\\\/\\\/www.spkatarzyna.pl\\\/#website\",\"url\":\"https:\\\/\\\/www.spkatarzyna.pl\\\/\",\"name\":\"SP Katarzyna\",\"description\":\"Publiczna Szko\\u0142a Podstawowa w \\u015awi\\u0119tej Katarzynie\",\"inLanguage\":\"pl-PL\",\"publisher\":{\"@id\":\"https:\\\/\\\/www.spkatarzyna.pl\\\/#organization\"}}]}\n\t\t<\/script>\n\t\t<!-- All in One SEO -->\n\n","aioseo_head_json":{"title":"Wycieczki klas pi\u0105tych - SP Katarzyna","description":"Ostatnie dni by\u0142y intensywnym czasem wyjazd\u00f3w klas pi\u0105tych. Jednak nikt nie narzeka\u0142, poniewa\u017c by\u0142 to czas bardzo dobrze wykorzystany. 30 wrze\u015bnia pojechali\u015bmy na wycieczk\u0119 do Bolkowa i w Rudawy Janowickie. Bolk\u00f3w przywita\u0142 nas s\u0142oneczn\u0105, jesienn\u0105 pogod\u0105. Wszyscy zwr\u00f3cili\u015bmy uwag\u0119 na wysok\u0105 wie\u017c\u0119 zamku i jego grube mury. W towarzystwie przewodnik\u00f3w poszli\u015bmy na szczyt wie\u017cy. Tam","canonical_url":"https:\/\/www.spkatarzyna.pl\/index.php\/2022\/10\/20\/wycieczki-klas-piatych\/","robots":"max-image-preview:large","keywords":"","webmasterTools":{"miscellaneous":""},"schema":{"@context":"https:\/\/schema.org","@graph":[{"@type":"BlogPosting","@id":"https:\/\/www.spkatarzyna.pl\/index.php\/2022\/10\/20\/wycieczki-klas-piatych\/#blogposting","name":"Wycieczki klas pi\u0105tych - SP Katarzyna","headline":"Wycieczki klas pi\u0105tych","author":{"@id":"https:\/\/www.spkatarzyna.pl\/index.php\/author\/agatasafianspkatarzyna-pl\/#author"},"publisher":{"@id":"https:\/\/www.spkatarzyna.pl\/#organization"},"image":{"@type":"ImageObject","url":"https:\/\/www.spkatarzyna.pl\/wp-content\/uploads\/2022\/10\/DSCN5240-3-2.jpg","width":360,"height":240},"datePublished":"2022-10-20T15:50:00+02:00","dateModified":"2022-11-02T21:59:25+01:00","inLanguage":"pl-PL","mainEntityOfPage":{"@id":"https:\/\/www.spkatarzyna.pl\/index.php\/2022\/10\/20\/wycieczki-klas-piatych\/#webpage"},"isPartOf":{"@id":"https:\/\/www.spkatarzyna.pl\/index.php\/2022\/10\/20\/wycieczki-klas-piatych\/#webpage"},"articleSection":"Uncategorized"},{"@type":"BreadcrumbList","@id":"https:\/\/www.spkatarzyna.pl\/index.php\/2022\/10\/20\/wycieczki-klas-piatych\/#breadcrumblist","itemListElement":[{"@type":"ListItem","@id":"https:\/\/www.spkatarzyna.pl#listItem","position":1,"name":"Dom","item":"https:\/\/www.spkatarzyna.pl","nextItem":{"@type":"ListItem","@id":"https:\/\/www.spkatarzyna.pl\/index.php\/category\/uncategorized\/#listItem","name":"Uncategorized"}},{"@type":"ListItem","@id":"https:\/\/www.spkatarzyna.pl\/index.php\/category\/uncategorized\/#listItem","position":2,"name":"Uncategorized","item":"https:\/\/www.spkatarzyna.pl\/index.php\/category\/uncategorized\/","nextItem":{"@type":"ListItem","@id":"https:\/\/www.spkatarzyna.pl\/index.php\/2022\/10\/20\/wycieczki-klas-piatych\/#listItem","name":"Wycieczki klas pi\u0105tych"},"previousItem":{"@type":"ListItem","@id":"https:\/\/www.spkatarzyna.pl#listItem","name":"Dom"}},{"@type":"ListItem","@id":"https:\/\/www.spkatarzyna.pl\/index.php\/2022\/10\/20\/wycieczki-klas-piatych\/#listItem","position":3,"name":"Wycieczki klas pi\u0105tych","previousItem":{"@type":"ListItem","@id":"https:\/\/www.spkatarzyna.pl\/index.php\/category\/uncategorized\/#listItem","name":"Uncategorized"}}]},{"@type":"Organization","@id":"https:\/\/www.spkatarzyna.pl\/#organization","name":"SP Katarzyna","description":"Publiczna Szko\u0142a Podstawowa w \u015awi\u0119tej Katarzynie","url":"https:\/\/www.spkatarzyna.pl\/","telephone":"+48713116378","sameAs":["https:\/\/facebook.com\/","https:\/\/x.com\/","https:\/\/instagram.com\/","https:\/\/pinterest.com\/","https:\/\/youtube.com\/","https:\/\/linkedin.com\/in\/"]},{"@type":"Person","@id":"https:\/\/www.spkatarzyna.pl\/index.php\/author\/agatasafianspkatarzyna-pl\/#author","url":"https:\/\/www.spkatarzyna.pl\/index.php\/author\/agatasafianspkatarzyna-pl\/","name":"Redakcja","image":{"@type":"ImageObject","@id":"https:\/\/www.spkatarzyna.pl\/index.php\/2022\/10\/20\/wycieczki-klas-piatych\/#authorImage","url":"https:\/\/secure.gravatar.com\/avatar\/765290513df94d442152250e92b42327?s=96&d=mm&r=g","width":96,"height":96,"caption":"Redakcja"}},{"@type":"WebPage","@id":"https:\/\/www.spkatarzyna.pl\/index.php\/2022\/10\/20\/wycieczki-klas-piatych\/#webpage","url":"https:\/\/www.spkatarzyna.pl\/index.php\/2022\/10\/20\/wycieczki-klas-piatych\/","name":"Wycieczki klas pi\u0105tych - SP Katarzyna","description":"Ostatnie dni by\u0142y intensywnym czasem wyjazd\u00f3w klas pi\u0105tych. Jednak nikt nie narzeka\u0142, poniewa\u017c by\u0142 to czas bardzo dobrze wykorzystany. 30 wrze\u015bnia pojechali\u015bmy na wycieczk\u0119 do Bolkowa i w Rudawy Janowickie. Bolk\u00f3w przywita\u0142 nas s\u0142oneczn\u0105, jesienn\u0105 pogod\u0105. Wszyscy zwr\u00f3cili\u015bmy uwag\u0119 na wysok\u0105 wie\u017c\u0119 zamku i jego grube mury. W towarzystwie przewodnik\u00f3w poszli\u015bmy na szczyt wie\u017cy. Tam","inLanguage":"pl-PL","isPartOf":{"@id":"https:\/\/www.spkatarzyna.pl\/#website"},"breadcrumb":{"@id":"https:\/\/www.spkatarzyna.pl\/index.php\/2022\/10\/20\/wycieczki-klas-piatych\/#breadcrumblist"},"author":{"@id":"https:\/\/www.spkatarzyna.pl\/index.php\/author\/agatasafianspkatarzyna-pl\/#author"},"creator":{"@id":"https:\/\/www.spkatarzyna.pl\/index.php\/author\/agatasafianspkatarzyna-pl\/#author"},"image":{"@type":"ImageObject","url":"https:\/\/www.spkatarzyna.pl\/wp-content\/uploads\/2022\/10\/DSCN5240-3-2.jpg","@id":"https:\/\/www.spkatarzyna.pl\/index.php\/2022\/10\/20\/wycieczki-klas-piatych\/#mainImage","width":360,"height":240},"primaryImageOfPage":{"@id":"https:\/\/www.spkatarzyna.pl\/index.php\/2022\/10\/20\/wycieczki-klas-piatych\/#mainImage"},"datePublished":"2022-10-20T15:50:00+02:00","dateModified":"2022-11-02T21:59:25+01:00"},{"@type":"WebSite","@id":"https:\/\/www.spkatarzyna.pl\/#website","url":"https:\/\/www.spkatarzyna.pl\/","name":"SP Katarzyna","description":"Publiczna Szko\u0142a Podstawowa w \u015awi\u0119tej Katarzynie","inLanguage":"pl-PL","publisher":{"@id":"https:\/\/www.spkatarzyna.pl\/#organization"}}]},"og:locale":"pl_PL","og:site_name":"SP Katarzyna - Publiczna Szko\u0142a Podstawowa w \u015awi\u0119tej Katarzynie","og:type":"article","og:title":"Wycieczki klas pi\u0105tych - SP Katarzyna","og:description":"Ostatnie dni by\u0142y intensywnym czasem wyjazd\u00f3w klas pi\u0105tych. Jednak nikt nie narzeka\u0142, poniewa\u017c by\u0142 to czas bardzo dobrze wykorzystany. 30 wrze\u015bnia pojechali\u015bmy na wycieczk\u0119 do Bolkowa i w Rudawy Janowickie. Bolk\u00f3w przywita\u0142 nas s\u0142oneczn\u0105, jesienn\u0105 pogod\u0105. Wszyscy zwr\u00f3cili\u015bmy uwag\u0119 na wysok\u0105 wie\u017c\u0119 zamku i jego grube mury. W towarzystwie przewodnik\u00f3w poszli\u015bmy na szczyt wie\u017cy. Tam","og:url":"https:\/\/www.spkatarzyna.pl\/index.php\/2022\/10\/20\/wycieczki-klas-piatych\/","article:published_time":"2022-10-20T15:50:00+00:00","article:modified_time":"2022-11-02T21:59:25+00:00","twitter:card":"summary_large_image","twitter:title":"Wycieczki klas pi\u0105tych - SP Katarzyna","twitter:description":"Ostatnie dni by\u0142y intensywnym czasem wyjazd\u00f3w klas pi\u0105tych. Jednak nikt nie narzeka\u0142, poniewa\u017c by\u0142 to czas bardzo dobrze wykorzystany. 30 wrze\u015bnia pojechali\u015bmy na wycieczk\u0119 do Bolkowa i w Rudawy Janowickie. Bolk\u00f3w przywita\u0142 nas s\u0142oneczn\u0105, jesienn\u0105 pogod\u0105. Wszyscy zwr\u00f3cili\u015bmy uwag\u0119 na wysok\u0105 wie\u017c\u0119 zamku i jego grube mury. W towarzystwie przewodnik\u00f3w poszli\u015bmy na szczyt wie\u017cy. Tam"},"aioseo_meta_data":{"post_id":"2288","title":null,"description":null,"keywords":null,"keyphrases":null,"primary_term":null,"canonical_url":null,"og_title":null,"og_description":null,"og_object_type":"default","og_image_type":"default","og_image_url":null,"og_image_width":null,"og_image_height":null,"og_image_custom_url":null,"og_image_custom_fields":null,"og_video":null,"og_custom_url":null,"og_article_section":null,"og_article_tags":null,"twitter_use_og":false,"twitter_card":"default","twitter_image_type":"default","twitter_image_url":null,"twitter_image_custom_url":null,"twitter_image_custom_fields":null,"twitter_title":null,"twitter_description":null,"schema":{"blockGraphs":[],"customGraphs":[],"default":{"data":{"Article":[],"Course":[],"Dataset":[],"FAQPage":[],"Movie":[],"Person":[],"Product":[],"ProductReview":[],"Car":[],"Recipe":[],"Service":[],"SoftwareApplication":[],"WebPage":[]},"graphName":"","isEnabled":true},"graphs":[]},"schema_type":"default","schema_type_options":null,"pillar_content":false,"robots_default":true,"robots_noindex":false,"robots_noarchive":false,"robots_nosnippet":false,"robots_nofollow":false,"robots_noimageindex":false,"robots_noodp":false,"robots_notranslate":false,"robots_max_snippet":null,"robots_max_videopreview":null,"robots_max_imagepreview":"large","priority":null,"frequency":null,"local_seo":null,"limit_modified_date":false,"created":"2024-04-03 07:10:54","updated":"2026-09-03 13:49:23","focus_keyword":null,"additional_keywords":null,"truseo_locale":null,"ai":null,"breadcrumb_settings":null,"seo_analyzer_scan_date":null},"aioseo_breadcrumb":"<div class=\"aioseo-breadcrumbs\"><span class=\"aioseo-breadcrumb\">\n\t\t\t<a href=\"https:\/\/www.spkatarzyna.pl\" title=\"Dom\">Dom<\/a>\n\t\t<\/span><span class=\"aioseo-breadcrumb-separator\">&raquo;<\/span><span class=\"aioseo-breadcrumb\">\n\t\t\t<a href=\"https:\/\/www.spkatarzyna.pl\/index.php\/category\/uncategorized\/\" title=\"Uncategorized\">Uncategorized<\/a>\n\t\t<\/span><span class=\"aioseo-breadcrumb-separator\">&raquo;<\/span><span class=\"aioseo-breadcrumb\">\n\t\t\tWycieczki klas pi\u0105tych\n\t\t<\/span><\/div>","aioseo_breadcrumb_json":[{"label":"Dom","link":"https:\/\/www.spkatarzyna.pl"},{"label":"Uncategorized","link":"https:\/\/www.spkatarzyna.pl\/index.php\/category\/uncategorized\/"},{"label":"Wycieczki klas pi\u0105tych","link":"https:\/\/www.spkatarzyna.pl\/index.php\/2022\/10\/20\/wycieczki-klas-piatych\/"}],"_links":{"self":[{"href":"https:\/\/www.spkatarzyna.pl\/index.php\/wp-json\/wp\/v2\/posts\/2288","targetHints":{"allow":["GET"]}}],"collection":[{"href":"https:\/\/www.spkatarzyna.pl\/index.php\/wp-json\/wp\/v2\/posts"}],"about":[{"href":"https:\/\/www.spkatarzyna.pl\/index.php\/wp-json\/wp\/v2\/types\/post"}],"author":[{"embeddable":true,"href":"https:\/\/www.spkatarzyna.pl\/index.php\/wp-json\/wp\/v2\/users\/6"}],"replies":[{"embeddable":true,"href":"https:\/\/www.spkatarzyna.pl\/index.php\/wp-json\/wp\/v2\/comments?post=2288"}],"version-history":[{"count":11,"href":"https:\/\/www.spkatarzyna.pl\/index.php\/wp-json\/wp\/v2\/posts\/2288\/revisions"}],"predecessor-version":[{"id":2340,"href":"https:\/\/www.spkatarzyna.pl\/index.php\/wp-json\/wp\/v2\/posts\/2288\/revisions\/2340"}],"wp:featuredmedia":[{"embeddable":true,"href":"https:\/\/www.spkatarzyna.pl\/index.php\/wp-json\/wp\/v2\/media\/2492"}],"wp:attachment":[{"href":"https:\/\/www.spkatarzyna.pl\/index.php\/wp-json\/wp\/v2\/media?parent=2288"}],"wp:term":[{"taxonomy":"category","embeddable":true,"href":"https:\/\/www.spkatarzyna.pl\/index.php\/wp-json\/wp\/v2\/categories?post=2288"},{"taxonomy":"post_tag","embeddable":true,"href":"https:\/\/www.spkatarzyna.pl\/index.php\/wp-json\/wp\/v2\/tags?post=2288"}],"curies":[{"name":"wp","href":"https:\/\/api.w.org\/{rel}","templated":true}]}}