{"id":2316,"date":"2022-10-23T12:37:42","date_gmt":"2022-10-23T12:37:42","guid":{"rendered":"http:\/\/www.spkatarzyna.pl\/?p=2316"},"modified":"2022-11-02T21:54:05","modified_gmt":"2022-11-02T21:54:05","slug":"europejski-tydzien-kodowania-codeweek-2022","status":"publish","type":"post","link":"https:\/\/www.spkatarzyna.pl\/index.php\/2022\/10\/23\/europejski-tydzien-kodowania-codeweek-2022\/","title":{"rendered":"EUROPEJSKI TYDZIE\u0143 KODOWANIA CODEWEEK 2022"},"content":{"rendered":"<p style=\"text-align: justify;\"><span style=\"font-weight: 400;\">Nasza szko\u0142a w\u0142\u0105czy\u0142a si\u0119 w <\/span><b><i>Europejski Tydzie\u0144 Kodowania CodeWeek<\/i><\/b><span style=\"font-weight: 400;\">, kt\u00f3ry trwa\u0142 od 8 do 23 pa\u017adziernika 2022 r.\u00a0<\/span><\/p>\n<p style=\"text-align: justify;\"><span style=\"font-weight: 400;\">CodeWeek to spo\u0142eczna inicjatywa, w ramach kt\u00f3rej europejskie pa\u0144stwa rywalizuj\u0105 \u00a0w liczbie zorganizowanych wydarze\u0144 zwi\u0105zanych z programowaniem. Akcja organizowana jest na terenie ca\u0142ej Europy i dedykowana wszystkim, kt\u00f3rzy chc\u0105 rozpocz\u0105\u0107 lub kontynuowa\u0107 przygod\u0119 z programowaniem.<\/span><\/p>\n<p style=\"text-align: justify;\"><span style=\"font-weight: 400;\">W ramach akcji uczniowie naszej szko\u0142y programowali na lekcjach informatyki, ko\u0142ach rozwijaj\u0105cych zainteresowania oraz\u00a0 na przerwach w bibliotece. Uczniowie\u00a0 programowali z wykorzystaniem robot\u00f3w edukacyjnych ozobot\u00f3w oraz kodowali z <\/span><i><span style=\"font-weight: 400;\">Minecraftem:<\/span><\/i> <a href=\"https:\/\/code.org\/minecraft\"><span style=\"font-weight: 400;\">https:\/\/code.org\/minecraft<\/span><\/a><span style=\"font-weight: 400;\">. Budowali tak\u017ce galaktyk\u0119 przy pomocy kodu w grze <\/span><i><span style=\"font-weight: 400;\">Star Wars:<\/span><\/i> <a href=\"https:\/\/hourofcode.com\/star-wars\"><span style=\"font-weight: 400;\">https:\/\/hourofcode.com\/star-wars<\/span><\/a><span style=\"font-weight: 400;\"> oraz tworzyli kody z Els\u0105 i Ann\u0105 przygotowuj\u0105c wirtualn\u0105 niezapomnian\u0105 zimow\u0105 krain\u0119:<\/span><a href=\"https:\/\/studio.code.org\/s\/frozen\/lessons\/1\/levels\/1\"> <span style=\"font-weight: 400;\">https:\/\/studio.code.org\/s\/frozen\/lessons\/1\/levels\/1<\/span><\/a><span style=\"font-weight: 400;\">\u00a0<\/span><\/p>\n<p style=\"text-align: justify;\"><img fetchpriority=\"high\" decoding=\"async\" class=\"alignnone size-medium wp-image-2319\" src=\"http:\/\/www.spkatarzyna.pl\/wp-content\/uploads\/2022\/10\/IMG_0652-scaled-e1666528155328-225x300.jpg\" alt=\"\" width=\"225\" height=\"300\" srcset=\"https:\/\/www.spkatarzyna.pl\/wp-content\/uploads\/2022\/10\/IMG_0652-scaled-e1666528155328-225x300.jpg 225w, https:\/\/www.spkatarzyna.pl\/wp-content\/uploads\/2022\/10\/IMG_0652-scaled-e1666528155328.jpg 360w\" sizes=\"(max-width: 225px) 100vw, 225px\" \/>\u00a0<img decoding=\"async\" class=\"alignnone size-medium wp-image-2318\" src=\"http:\/\/www.spkatarzyna.pl\/wp-content\/uploads\/2022\/10\/IMG_0651-scaled-e1666528120738-225x300.jpg\" alt=\"\" width=\"225\" height=\"300\" srcset=\"https:\/\/www.spkatarzyna.pl\/wp-content\/uploads\/2022\/10\/IMG_0651-scaled-e1666528120738-225x300.jpg 225w, https:\/\/www.spkatarzyna.pl\/wp-content\/uploads\/2022\/10\/IMG_0651-scaled-e1666528120738.jpg 360w\" sizes=\"(max-width: 225px) 100vw, 225px\" \/>\u00a0<img decoding=\"async\" class=\"alignnone size-medium wp-image-2321\" src=\"http:\/\/www.spkatarzyna.pl\/wp-content\/uploads\/2022\/10\/IMG_0693-scaled-e1666528247494-300x196.jpg\" alt=\"\" width=\"300\" height=\"196\" srcset=\"https:\/\/www.spkatarzyna.pl\/wp-content\/uploads\/2022\/10\/IMG_0693-scaled-e1666528247494-300x196.jpg 300w, https:\/\/www.spkatarzyna.pl\/wp-content\/uploads\/2022\/10\/IMG_0693-scaled-e1666528247494.jpg 360w\" sizes=\"(max-width: 300px) 100vw, 300px\" \/><\/p>\n<p style=\"text-align: justify;\"><img loading=\"lazy\" decoding=\"async\" class=\"alignnone size-medium wp-image-2320\" src=\"http:\/\/www.spkatarzyna.pl\/wp-content\/uploads\/2022\/10\/IMG_0653-scaled-e1666528195834-300x225.jpg\" alt=\"\" width=\"300\" height=\"225\" srcset=\"https:\/\/www.spkatarzyna.pl\/wp-content\/uploads\/2022\/10\/IMG_0653-scaled-e1666528195834-300x225.jpg 300w, https:\/\/www.spkatarzyna.pl\/wp-content\/uploads\/2022\/10\/IMG_0653-scaled-e1666528195834.jpg 360w\" sizes=\"(max-width: 300px) 100vw, 300px\" \/> <img loading=\"lazy\" decoding=\"async\" class=\"alignnone size-medium wp-image-2323\" src=\"http:\/\/www.spkatarzyna.pl\/wp-content\/uploads\/2022\/10\/IMG_0648-scaled-e1666528635625-300x225.jpg\" alt=\"\" width=\"300\" height=\"225\" srcset=\"https:\/\/www.spkatarzyna.pl\/wp-content\/uploads\/2022\/10\/IMG_0648-scaled-e1666528635625-300x225.jpg 300w, https:\/\/www.spkatarzyna.pl\/wp-content\/uploads\/2022\/10\/IMG_0648-scaled-e1666528635625.jpg 360w\" sizes=\"(max-width: 300px) 100vw, 300px\" \/> <img loading=\"lazy\" decoding=\"async\" class=\"alignnone size-medium wp-image-2322\" src=\"http:\/\/www.spkatarzyna.pl\/wp-content\/uploads\/2022\/10\/IMG_0646-scaled-e1666528614496-300x225.jpg\" alt=\"\" width=\"300\" height=\"225\" srcset=\"https:\/\/www.spkatarzyna.pl\/wp-content\/uploads\/2022\/10\/IMG_0646-scaled-e1666528614496-300x225.jpg 300w, https:\/\/www.spkatarzyna.pl\/wp-content\/uploads\/2022\/10\/IMG_0646-scaled-e1666528614496.jpg 360w\" sizes=\"(max-width: 300px) 100vw, 300px\" \/><\/p>\n","protected":false},"excerpt":{"rendered":"<p>Nasza szko\u0142a w\u0142\u0105czy\u0142a si\u0119 w Europejski Tydzie\u0144 Kodowania CodeWeek, kt\u00f3ry trwa\u0142 od 8 do 23 pa\u017adziernika 2022 r.\u00a0 CodeWeek to spo\u0142eczna inicjatywa, w ramach kt\u00f3rej europejskie pa\u0144stwa rywalizuj\u0105 \u00a0w liczbie zorganizowanych wydarze\u0144 zwi\u0105zanych z programowaniem. Akcja organizowana jest na terenie ca\u0142ej Europy i dedykowana wszystkim, kt\u00f3rzy chc\u0105 rozpocz\u0105\u0107 lub kontynuowa\u0107 [&hellip;]<\/p>\n","protected":false},"author":6,"featured_media":2490,"comment_status":"open","ping_status":"open","sticky":false,"template":"","format":"standard","meta":{"om_disable_all_campaigns":false,"_monsterinsights_skip_tracking":false,"ngg_post_thumbnail":0,"footnotes":""},"categories":[1],"tags":[],"class_list":["post-2316","post","type-post","status-publish","format-standard","has-post-thumbnail","hentry","category-uncategorized"],"aioseo_notices":[],"aioseo_head":"\n\t\t<!-- All in One SEO 5.0.1.1 - aioseo.com -->\n\t<meta name=\"description\" content=\"Nasza szko\u0142a w\u0142\u0105czy\u0142a si\u0119 w Europejski Tydzie\u0144 Kodowania CodeWeek, kt\u00f3ry trwa\u0142 od 8 do 23 pa\u017adziernika 2022 r. CodeWeek to spo\u0142eczna inicjatywa, w ramach kt\u00f3rej europejskie pa\u0144stwa rywalizuj\u0105 w liczbie zorganizowanych wydarze\u0144 zwi\u0105zanych z programowaniem. Akcja organizowana jest na terenie ca\u0142ej Europy i dedykowana wszystkim, kt\u00f3rzy chc\u0105 rozpocz\u0105\u0107 lub kontynuowa\u0107 przygod\u0119 z programowaniem. W ramach\" \/>\n\t<meta name=\"robots\" content=\"max-image-preview:large\" \/>\n\t<meta name=\"author\" content=\"Redakcja\"\/>\n\t<link rel=\"canonical\" href=\"https:\/\/www.spkatarzyna.pl\/index.php\/2022\/10\/23\/europejski-tydzien-kodowania-codeweek-2022\/\" \/>\n\t<meta name=\"generator\" content=\"All in One SEO (AIOSEO) 5.0.1.1\" \/>\n\t\t<meta property=\"og:locale\" content=\"pl_PL\" \/>\n\t\t<meta property=\"og:site_name\" content=\"SP Katarzyna - Publiczna Szko\u0142a Podstawowa w \u015awi\u0119tej Katarzynie\" \/>\n\t\t<meta property=\"og:type\" content=\"article\" \/>\n\t\t<meta property=\"og:title\" content=\"EUROPEJSKI TYDZIE\u0143 KODOWANIA CODEWEEK 2022 - SP Katarzyna\" \/>\n\t\t<meta property=\"og:description\" content=\"Nasza szko\u0142a w\u0142\u0105czy\u0142a si\u0119 w Europejski Tydzie\u0144 Kodowania CodeWeek, kt\u00f3ry trwa\u0142 od 8 do 23 pa\u017adziernika 2022 r. CodeWeek to spo\u0142eczna inicjatywa, w ramach kt\u00f3rej europejskie pa\u0144stwa rywalizuj\u0105 w liczbie zorganizowanych wydarze\u0144 zwi\u0105zanych z programowaniem. Akcja organizowana jest na terenie ca\u0142ej Europy i dedykowana wszystkim, kt\u00f3rzy chc\u0105 rozpocz\u0105\u0107 lub kontynuowa\u0107 przygod\u0119 z programowaniem. W ramach\" \/>\n\t\t<meta property=\"og:url\" content=\"https:\/\/www.spkatarzyna.pl\/index.php\/2022\/10\/23\/europejski-tydzien-kodowania-codeweek-2022\/\" \/>\n\t\t<meta property=\"article:published_time\" content=\"2022-10-23T12:37:42+00:00\" \/>\n\t\t<meta property=\"article:modified_time\" content=\"2022-11-02T21:54:05+00:00\" \/>\n\t\t<meta name=\"twitter:card\" content=\"summary_large_image\" \/>\n\t\t<meta name=\"twitter:title\" content=\"EUROPEJSKI TYDZIE\u0143 KODOWANIA CODEWEEK 2022 - SP Katarzyna\" \/>\n\t\t<meta name=\"twitter:description\" content=\"Nasza szko\u0142a w\u0142\u0105czy\u0142a si\u0119 w Europejski Tydzie\u0144 Kodowania CodeWeek, kt\u00f3ry trwa\u0142 od 8 do 23 pa\u017adziernika 2022 r. CodeWeek to spo\u0142eczna inicjatywa, w ramach kt\u00f3rej europejskie pa\u0144stwa rywalizuj\u0105 w liczbie zorganizowanych wydarze\u0144 zwi\u0105zanych z programowaniem. Akcja organizowana jest na terenie ca\u0142ej Europy i dedykowana wszystkim, kt\u00f3rzy chc\u0105 rozpocz\u0105\u0107 lub kontynuowa\u0107 przygod\u0119 z programowaniem. W ramach\" \/>\n\t\t<script type=\"application\/ld+json\" class=\"aioseo-schema\">\n\t\t\t{\"@context\":\"https:\\\/\\\/schema.org\",\"@graph\":[{\"@type\":\"BlogPosting\",\"@id\":\"https:\\\/\\\/www.spkatarzyna.pl\\\/index.php\\\/2022\\\/10\\\/23\\\/europejski-tydzien-kodowania-codeweek-2022\\\/#blogposting\",\"name\":\"EUROPEJSKI TYDZIE\\u0143 KODOWANIA CODEWEEK 2022 - SP Katarzyna\",\"headline\":\"EUROPEJSKI TYDZIE\\u0143 KODOWANIA CODEWEEK 2022\",\"author\":{\"@id\":\"https:\\\/\\\/www.spkatarzyna.pl\\\/index.php\\\/author\\\/agatasafianspkatarzyna-pl\\\/#author\"},\"publisher\":{\"@id\":\"https:\\\/\\\/www.spkatarzyna.pl\\\/#organization\"},\"image\":{\"@type\":\"ImageObject\",\"url\":\"https:\\\/\\\/www.spkatarzyna.pl\\\/wp-content\\\/uploads\\\/2022\\\/10\\\/Codeweek2022_SoMpost_TW-1-2.png\",\"width\":360,\"height\":240},\"datePublished\":\"2022-10-23T12:37:42+02:00\",\"dateModified\":\"2022-11-02T21:54:05+01:00\",\"inLanguage\":\"pl-PL\",\"mainEntityOfPage\":{\"@id\":\"https:\\\/\\\/www.spkatarzyna.pl\\\/index.php\\\/2022\\\/10\\\/23\\\/europejski-tydzien-kodowania-codeweek-2022\\\/#webpage\"},\"isPartOf\":{\"@id\":\"https:\\\/\\\/www.spkatarzyna.pl\\\/index.php\\\/2022\\\/10\\\/23\\\/europejski-tydzien-kodowania-codeweek-2022\\\/#webpage\"},\"articleSection\":\"Uncategorized\"},{\"@type\":\"BreadcrumbList\",\"@id\":\"https:\\\/\\\/www.spkatarzyna.pl\\\/index.php\\\/2022\\\/10\\\/23\\\/europejski-tydzien-kodowania-codeweek-2022\\\/#breadcrumblist\",\"itemListElement\":[{\"@type\":\"ListItem\",\"@id\":\"https:\\\/\\\/www.spkatarzyna.pl#listItem\",\"position\":1,\"name\":\"Dom\",\"item\":\"https:\\\/\\\/www.spkatarzyna.pl\",\"nextItem\":{\"@type\":\"ListItem\",\"@id\":\"https:\\\/\\\/www.spkatarzyna.pl\\\/index.php\\\/category\\\/uncategorized\\\/#listItem\",\"name\":\"Uncategorized\"}},{\"@type\":\"ListItem\",\"@id\":\"https:\\\/\\\/www.spkatarzyna.pl\\\/index.php\\\/category\\\/uncategorized\\\/#listItem\",\"position\":2,\"name\":\"Uncategorized\",\"item\":\"https:\\\/\\\/www.spkatarzyna.pl\\\/index.php\\\/category\\\/uncategorized\\\/\",\"nextItem\":{\"@type\":\"ListItem\",\"@id\":\"https:\\\/\\\/www.spkatarzyna.pl\\\/index.php\\\/2022\\\/10\\\/23\\\/europejski-tydzien-kodowania-codeweek-2022\\\/#listItem\",\"name\":\"EUROPEJSKI TYDZIE\\u0143 KODOWANIA CODEWEEK 2022\"},\"previousItem\":{\"@type\":\"ListItem\",\"@id\":\"https:\\\/\\\/www.spkatarzyna.pl#listItem\",\"name\":\"Dom\"}},{\"@type\":\"ListItem\",\"@id\":\"https:\\\/\\\/www.spkatarzyna.pl\\\/index.php\\\/2022\\\/10\\\/23\\\/europejski-tydzien-kodowania-codeweek-2022\\\/#listItem\",\"position\":3,\"name\":\"EUROPEJSKI TYDZIE\\u0143 KODOWANIA CODEWEEK 2022\",\"previousItem\":{\"@type\":\"ListItem\",\"@id\":\"https:\\\/\\\/www.spkatarzyna.pl\\\/index.php\\\/category\\\/uncategorized\\\/#listItem\",\"name\":\"Uncategorized\"}}]},{\"@type\":\"Organization\",\"@id\":\"https:\\\/\\\/www.spkatarzyna.pl\\\/#organization\",\"name\":\"SP Katarzyna\",\"description\":\"Publiczna Szko\\u0142a Podstawowa w \\u015awi\\u0119tej Katarzynie\",\"url\":\"https:\\\/\\\/www.spkatarzyna.pl\\\/\",\"telephone\":\"+48713116378\",\"sameAs\":[\"https:\\\/\\\/facebook.com\\\/\",\"https:\\\/\\\/x.com\\\/\",\"https:\\\/\\\/instagram.com\\\/\",\"https:\\\/\\\/pinterest.com\\\/\",\"https:\\\/\\\/youtube.com\\\/\",\"https:\\\/\\\/linkedin.com\\\/in\\\/\"]},{\"@type\":\"Person\",\"@id\":\"https:\\\/\\\/www.spkatarzyna.pl\\\/index.php\\\/author\\\/agatasafianspkatarzyna-pl\\\/#author\",\"url\":\"https:\\\/\\\/www.spkatarzyna.pl\\\/index.php\\\/author\\\/agatasafianspkatarzyna-pl\\\/\",\"name\":\"Redakcja\",\"image\":{\"@type\":\"ImageObject\",\"@id\":\"https:\\\/\\\/www.spkatarzyna.pl\\\/index.php\\\/2022\\\/10\\\/23\\\/europejski-tydzien-kodowania-codeweek-2022\\\/#authorImage\",\"url\":\"https:\\\/\\\/secure.gravatar.com\\\/avatar\\\/765290513df94d442152250e92b42327?s=96&d=mm&r=g\",\"width\":96,\"height\":96,\"caption\":\"Redakcja\"}},{\"@type\":\"WebPage\",\"@id\":\"https:\\\/\\\/www.spkatarzyna.pl\\\/index.php\\\/2022\\\/10\\\/23\\\/europejski-tydzien-kodowania-codeweek-2022\\\/#webpage\",\"url\":\"https:\\\/\\\/www.spkatarzyna.pl\\\/index.php\\\/2022\\\/10\\\/23\\\/europejski-tydzien-kodowania-codeweek-2022\\\/\",\"name\":\"EUROPEJSKI TYDZIE\\u0143 KODOWANIA CODEWEEK 2022 - SP Katarzyna\",\"description\":\"Nasza szko\\u0142a w\\u0142\\u0105czy\\u0142a si\\u0119 w Europejski Tydzie\\u0144 Kodowania CodeWeek, kt\\u00f3ry trwa\\u0142 od 8 do 23 pa\\u017adziernika 2022 r. CodeWeek to spo\\u0142eczna inicjatywa, w ramach kt\\u00f3rej europejskie pa\\u0144stwa rywalizuj\\u0105 w liczbie zorganizowanych wydarze\\u0144 zwi\\u0105zanych z programowaniem. Akcja organizowana jest na terenie ca\\u0142ej Europy i dedykowana wszystkim, kt\\u00f3rzy chc\\u0105 rozpocz\\u0105\\u0107 lub kontynuowa\\u0107 przygod\\u0119 z programowaniem. W ramach\",\"inLanguage\":\"pl-PL\",\"isPartOf\":{\"@id\":\"https:\\\/\\\/www.spkatarzyna.pl\\\/#website\"},\"breadcrumb\":{\"@id\":\"https:\\\/\\\/www.spkatarzyna.pl\\\/index.php\\\/2022\\\/10\\\/23\\\/europejski-tydzien-kodowania-codeweek-2022\\\/#breadcrumblist\"},\"author\":{\"@id\":\"https:\\\/\\\/www.spkatarzyna.pl\\\/index.php\\\/author\\\/agatasafianspkatarzyna-pl\\\/#author\"},\"creator\":{\"@id\":\"https:\\\/\\\/www.spkatarzyna.pl\\\/index.php\\\/author\\\/agatasafianspkatarzyna-pl\\\/#author\"},\"image\":{\"@type\":\"ImageObject\",\"url\":\"https:\\\/\\\/www.spkatarzyna.pl\\\/wp-content\\\/uploads\\\/2022\\\/10\\\/Codeweek2022_SoMpost_TW-1-2.png\",\"@id\":\"https:\\\/\\\/www.spkatarzyna.pl\\\/index.php\\\/2022\\\/10\\\/23\\\/europejski-tydzien-kodowania-codeweek-2022\\\/#mainImage\",\"width\":360,\"height\":240},\"primaryImageOfPage\":{\"@id\":\"https:\\\/\\\/www.spkatarzyna.pl\\\/index.php\\\/2022\\\/10\\\/23\\\/europejski-tydzien-kodowania-codeweek-2022\\\/#mainImage\"},\"datePublished\":\"2022-10-23T12:37:42+02:00\",\"dateModified\":\"2022-11-02T21:54:05+01:00\"},{\"@type\":\"WebSite\",\"@id\":\"https:\\\/\\\/www.spkatarzyna.pl\\\/#website\",\"url\":\"https:\\\/\\\/www.spkatarzyna.pl\\\/\",\"name\":\"SP Katarzyna\",\"description\":\"Publiczna Szko\\u0142a Podstawowa w \\u015awi\\u0119tej Katarzynie\",\"inLanguage\":\"pl-PL\",\"publisher\":{\"@id\":\"https:\\\/\\\/www.spkatarzyna.pl\\\/#organization\"}}]}\n\t\t<\/script>\n\t\t<!-- All in One SEO -->\n\n","aioseo_head_json":{"title":"EUROPEJSKI TYDZIE\u0143 KODOWANIA CODEWEEK 2022 - SP Katarzyna","description":"Nasza szko\u0142a w\u0142\u0105czy\u0142a si\u0119 w Europejski Tydzie\u0144 Kodowania CodeWeek, kt\u00f3ry trwa\u0142 od 8 do 23 pa\u017adziernika 2022 r. CodeWeek to spo\u0142eczna inicjatywa, w ramach kt\u00f3rej europejskie pa\u0144stwa rywalizuj\u0105 w liczbie zorganizowanych wydarze\u0144 zwi\u0105zanych z programowaniem. Akcja organizowana jest na terenie ca\u0142ej Europy i dedykowana wszystkim, kt\u00f3rzy chc\u0105 rozpocz\u0105\u0107 lub kontynuowa\u0107 przygod\u0119 z programowaniem. W ramach","canonical_url":"https:\/\/www.spkatarzyna.pl\/index.php\/2022\/10\/23\/europejski-tydzien-kodowania-codeweek-2022\/","robots":"max-image-preview:large","keywords":"","webmasterTools":{"miscellaneous":""},"schema":{"@context":"https:\/\/schema.org","@graph":[{"@type":"BlogPosting","@id":"https:\/\/www.spkatarzyna.pl\/index.php\/2022\/10\/23\/europejski-tydzien-kodowania-codeweek-2022\/#blogposting","name":"EUROPEJSKI TYDZIE\u0143 KODOWANIA CODEWEEK 2022 - SP Katarzyna","headline":"EUROPEJSKI TYDZIE\u0143 KODOWANIA CODEWEEK 2022","author":{"@id":"https:\/\/www.spkatarzyna.pl\/index.php\/author\/agatasafianspkatarzyna-pl\/#author"},"publisher":{"@id":"https:\/\/www.spkatarzyna.pl\/#organization"},"image":{"@type":"ImageObject","url":"https:\/\/www.spkatarzyna.pl\/wp-content\/uploads\/2022\/10\/Codeweek2022_SoMpost_TW-1-2.png","width":360,"height":240},"datePublished":"2022-10-23T12:37:42+02:00","dateModified":"2022-11-02T21:54:05+01:00","inLanguage":"pl-PL","mainEntityOfPage":{"@id":"https:\/\/www.spkatarzyna.pl\/index.php\/2022\/10\/23\/europejski-tydzien-kodowania-codeweek-2022\/#webpage"},"isPartOf":{"@id":"https:\/\/www.spkatarzyna.pl\/index.php\/2022\/10\/23\/europejski-tydzien-kodowania-codeweek-2022\/#webpage"},"articleSection":"Uncategorized"},{"@type":"BreadcrumbList","@id":"https:\/\/www.spkatarzyna.pl\/index.php\/2022\/10\/23\/europejski-tydzien-kodowania-codeweek-2022\/#breadcrumblist","itemListElement":[{"@type":"ListItem","@id":"https:\/\/www.spkatarzyna.pl#listItem","position":1,"name":"Dom","item":"https:\/\/www.spkatarzyna.pl","nextItem":{"@type":"ListItem","@id":"https:\/\/www.spkatarzyna.pl\/index.php\/category\/uncategorized\/#listItem","name":"Uncategorized"}},{"@type":"ListItem","@id":"https:\/\/www.spkatarzyna.pl\/index.php\/category\/uncategorized\/#listItem","position":2,"name":"Uncategorized","item":"https:\/\/www.spkatarzyna.pl\/index.php\/category\/uncategorized\/","nextItem":{"@type":"ListItem","@id":"https:\/\/www.spkatarzyna.pl\/index.php\/2022\/10\/23\/europejski-tydzien-kodowania-codeweek-2022\/#listItem","name":"EUROPEJSKI TYDZIE\u0143 KODOWANIA CODEWEEK 2022"},"previousItem":{"@type":"ListItem","@id":"https:\/\/www.spkatarzyna.pl#listItem","name":"Dom"}},{"@type":"ListItem","@id":"https:\/\/www.spkatarzyna.pl\/index.php\/2022\/10\/23\/europejski-tydzien-kodowania-codeweek-2022\/#listItem","position":3,"name":"EUROPEJSKI TYDZIE\u0143 KODOWANIA CODEWEEK 2022","previousItem":{"@type":"ListItem","@id":"https:\/\/www.spkatarzyna.pl\/index.php\/category\/uncategorized\/#listItem","name":"Uncategorized"}}]},{"@type":"Organization","@id":"https:\/\/www.spkatarzyna.pl\/#organization","name":"SP Katarzyna","description":"Publiczna Szko\u0142a Podstawowa w \u015awi\u0119tej Katarzynie","url":"https:\/\/www.spkatarzyna.pl\/","telephone":"+48713116378","sameAs":["https:\/\/facebook.com\/","https:\/\/x.com\/","https:\/\/instagram.com\/","https:\/\/pinterest.com\/","https:\/\/youtube.com\/","https:\/\/linkedin.com\/in\/"]},{"@type":"Person","@id":"https:\/\/www.spkatarzyna.pl\/index.php\/author\/agatasafianspkatarzyna-pl\/#author","url":"https:\/\/www.spkatarzyna.pl\/index.php\/author\/agatasafianspkatarzyna-pl\/","name":"Redakcja","image":{"@type":"ImageObject","@id":"https:\/\/www.spkatarzyna.pl\/index.php\/2022\/10\/23\/europejski-tydzien-kodowania-codeweek-2022\/#authorImage","url":"https:\/\/secure.gravatar.com\/avatar\/765290513df94d442152250e92b42327?s=96&d=mm&r=g","width":96,"height":96,"caption":"Redakcja"}},{"@type":"WebPage","@id":"https:\/\/www.spkatarzyna.pl\/index.php\/2022\/10\/23\/europejski-tydzien-kodowania-codeweek-2022\/#webpage","url":"https:\/\/www.spkatarzyna.pl\/index.php\/2022\/10\/23\/europejski-tydzien-kodowania-codeweek-2022\/","name":"EUROPEJSKI TYDZIE\u0143 KODOWANIA CODEWEEK 2022 - SP Katarzyna","description":"Nasza szko\u0142a w\u0142\u0105czy\u0142a si\u0119 w Europejski Tydzie\u0144 Kodowania CodeWeek, kt\u00f3ry trwa\u0142 od 8 do 23 pa\u017adziernika 2022 r. CodeWeek to spo\u0142eczna inicjatywa, w ramach kt\u00f3rej europejskie pa\u0144stwa rywalizuj\u0105 w liczbie zorganizowanych wydarze\u0144 zwi\u0105zanych z programowaniem. Akcja organizowana jest na terenie ca\u0142ej Europy i dedykowana wszystkim, kt\u00f3rzy chc\u0105 rozpocz\u0105\u0107 lub kontynuowa\u0107 przygod\u0119 z programowaniem. W ramach","inLanguage":"pl-PL","isPartOf":{"@id":"https:\/\/www.spkatarzyna.pl\/#website"},"breadcrumb":{"@id":"https:\/\/www.spkatarzyna.pl\/index.php\/2022\/10\/23\/europejski-tydzien-kodowania-codeweek-2022\/#breadcrumblist"},"author":{"@id":"https:\/\/www.spkatarzyna.pl\/index.php\/author\/agatasafianspkatarzyna-pl\/#author"},"creator":{"@id":"https:\/\/www.spkatarzyna.pl\/index.php\/author\/agatasafianspkatarzyna-pl\/#author"},"image":{"@type":"ImageObject","url":"https:\/\/www.spkatarzyna.pl\/wp-content\/uploads\/2022\/10\/Codeweek2022_SoMpost_TW-1-2.png","@id":"https:\/\/www.spkatarzyna.pl\/index.php\/2022\/10\/23\/europejski-tydzien-kodowania-codeweek-2022\/#mainImage","width":360,"height":240},"primaryImageOfPage":{"@id":"https:\/\/www.spkatarzyna.pl\/index.php\/2022\/10\/23\/europejski-tydzien-kodowania-codeweek-2022\/#mainImage"},"datePublished":"2022-10-23T12:37:42+02:00","dateModified":"2022-11-02T21:54:05+01:00"},{"@type":"WebSite","@id":"https:\/\/www.spkatarzyna.pl\/#website","url":"https:\/\/www.spkatarzyna.pl\/","name":"SP Katarzyna","description":"Publiczna Szko\u0142a Podstawowa w \u015awi\u0119tej Katarzynie","inLanguage":"pl-PL","publisher":{"@id":"https:\/\/www.spkatarzyna.pl\/#organization"}}]},"og:locale":"pl_PL","og:site_name":"SP Katarzyna - Publiczna Szko\u0142a Podstawowa w \u015awi\u0119tej Katarzynie","og:type":"article","og:title":"EUROPEJSKI TYDZIE\u0143 KODOWANIA CODEWEEK 2022 - SP Katarzyna","og:description":"Nasza szko\u0142a w\u0142\u0105czy\u0142a si\u0119 w Europejski Tydzie\u0144 Kodowania CodeWeek, kt\u00f3ry trwa\u0142 od 8 do 23 pa\u017adziernika 2022 r. CodeWeek to spo\u0142eczna inicjatywa, w ramach kt\u00f3rej europejskie pa\u0144stwa rywalizuj\u0105 w liczbie zorganizowanych wydarze\u0144 zwi\u0105zanych z programowaniem. Akcja organizowana jest na terenie ca\u0142ej Europy i dedykowana wszystkim, kt\u00f3rzy chc\u0105 rozpocz\u0105\u0107 lub kontynuowa\u0107 przygod\u0119 z programowaniem. W ramach","og:url":"https:\/\/www.spkatarzyna.pl\/index.php\/2022\/10\/23\/europejski-tydzien-kodowania-codeweek-2022\/","article:published_time":"2022-10-23T12:37:42+00:00","article:modified_time":"2022-11-02T21:54:05+00:00","twitter:card":"summary_large_image","twitter:title":"EUROPEJSKI TYDZIE\u0143 KODOWANIA CODEWEEK 2022 - SP Katarzyna","twitter:description":"Nasza szko\u0142a w\u0142\u0105czy\u0142a si\u0119 w Europejski Tydzie\u0144 Kodowania CodeWeek, kt\u00f3ry trwa\u0142 od 8 do 23 pa\u017adziernika 2022 r. CodeWeek to spo\u0142eczna inicjatywa, w ramach kt\u00f3rej europejskie pa\u0144stwa rywalizuj\u0105 w liczbie zorganizowanych wydarze\u0144 zwi\u0105zanych z programowaniem. Akcja organizowana jest na terenie ca\u0142ej Europy i dedykowana wszystkim, kt\u00f3rzy chc\u0105 rozpocz\u0105\u0107 lub kontynuowa\u0107 przygod\u0119 z programowaniem. W ramach"},"aioseo_meta_data":{"post_id":"2316","title":null,"description":null,"keywords":null,"keyphrases":null,"primary_term":null,"canonical_url":null,"og_title":null,"og_description":null,"og_object_type":"default","og_image_type":"default","og_image_url":null,"og_image_width":null,"og_image_height":null,"og_image_custom_url":null,"og_image_custom_fields":null,"og_video":null,"og_custom_url":null,"og_article_section":null,"og_article_tags":null,"twitter_use_og":false,"twitter_card":"default","twitter_image_type":"default","twitter_image_url":null,"twitter_image_custom_url":null,"twitter_image_custom_fields":null,"twitter_title":null,"twitter_description":null,"schema":{"blockGraphs":[],"customGraphs":[],"default":{"data":{"Article":[],"Course":[],"Dataset":[],"FAQPage":[],"Movie":[],"Person":[],"Product":[],"ProductReview":[],"Car":[],"Recipe":[],"Service":[],"SoftwareApplication":[],"WebPage":[]},"graphName":"","isEnabled":true},"graphs":[]},"schema_type":"default","schema_type_options":null,"pillar_content":false,"robots_default":true,"robots_noindex":false,"robots_noarchive":false,"robots_nosnippet":false,"robots_nofollow":false,"robots_noimageindex":false,"robots_noodp":false,"robots_notranslate":false,"robots_max_snippet":null,"robots_max_videopreview":null,"robots_max_imagepreview":"large","priority":null,"frequency":null,"local_seo":null,"limit_modified_date":false,"created":"2024-04-03 07:10:54","updated":"2026-09-03 13:52:32","focus_keyword":null,"additional_keywords":null,"truseo_locale":null,"ai":null,"breadcrumb_settings":null,"seo_analyzer_scan_date":null},"aioseo_breadcrumb":"<div class=\"aioseo-breadcrumbs\"><span class=\"aioseo-breadcrumb\">\n\t\t\t<a href=\"https:\/\/www.spkatarzyna.pl\" title=\"Dom\">Dom<\/a>\n\t\t<\/span><span class=\"aioseo-breadcrumb-separator\">&raquo;<\/span><span class=\"aioseo-breadcrumb\">\n\t\t\t<a href=\"https:\/\/www.spkatarzyna.pl\/index.php\/category\/uncategorized\/\" title=\"Uncategorized\">Uncategorized<\/a>\n\t\t<\/span><span class=\"aioseo-breadcrumb-separator\">&raquo;<\/span><span class=\"aioseo-breadcrumb\">\n\t\t\tEUROPEJSKI TYDZIE\u0143 KODOWANIA CODEWEEK 2022\n\t\t<\/span><\/div>","aioseo_breadcrumb_json":[{"label":"Dom","link":"https:\/\/www.spkatarzyna.pl"},{"label":"Uncategorized","link":"https:\/\/www.spkatarzyna.pl\/index.php\/category\/uncategorized\/"},{"label":"EUROPEJSKI TYDZIE\u0143 KODOWANIA CODEWEEK 2022","link":"https:\/\/www.spkatarzyna.pl\/index.php\/2022\/10\/23\/europejski-tydzien-kodowania-codeweek-2022\/"}],"_links":{"self":[{"href":"https:\/\/www.spkatarzyna.pl\/index.php\/wp-json\/wp\/v2\/posts\/2316","targetHints":{"allow":["GET"]}}],"collection":[{"href":"https:\/\/www.spkatarzyna.pl\/index.php\/wp-json\/wp\/v2\/posts"}],"about":[{"href":"https:\/\/www.spkatarzyna.pl\/index.php\/wp-json\/wp\/v2\/types\/post"}],"author":[{"embeddable":true,"href":"https:\/\/www.spkatarzyna.pl\/index.php\/wp-json\/wp\/v2\/users\/6"}],"replies":[{"embeddable":true,"href":"https:\/\/www.spkatarzyna.pl\/index.php\/wp-json\/wp\/v2\/comments?post=2316"}],"version-history":[{"count":5,"href":"https:\/\/www.spkatarzyna.pl\/index.php\/wp-json\/wp\/v2\/posts\/2316\/revisions"}],"predecessor-version":[{"id":2331,"href":"https:\/\/www.spkatarzyna.pl\/index.php\/wp-json\/wp\/v2\/posts\/2316\/revisions\/2331"}],"wp:featuredmedia":[{"embeddable":true,"href":"https:\/\/www.spkatarzyna.pl\/index.php\/wp-json\/wp\/v2\/media\/2490"}],"wp:attachment":[{"href":"https:\/\/www.spkatarzyna.pl\/index.php\/wp-json\/wp\/v2\/media?parent=2316"}],"wp:term":[{"taxonomy":"category","embeddable":true,"href":"https:\/\/www.spkatarzyna.pl\/index.php\/wp-json\/wp\/v2\/categories?post=2316"},{"taxonomy":"post_tag","embeddable":true,"href":"https:\/\/www.spkatarzyna.pl\/index.php\/wp-json\/wp\/v2\/tags?post=2316"}],"curies":[{"name":"wp","href":"https:\/\/api.w.org\/{rel}","templated":true}]}}