{"id":2347,"date":"2022-10-26T06:03:18","date_gmt":"2022-10-26T06:03:18","guid":{"rendered":"http:\/\/www.spkatarzyna.pl\/?p=2347"},"modified":"2022-10-26T07:03:59","modified_gmt":"2022-10-26T07:03:59","slug":"miedzynarodowy-dzien-kropki-z-robotem-dash","status":"publish","type":"post","link":"https:\/\/www.spkatarzyna.pl\/index.php\/2022\/10\/26\/miedzynarodowy-dzien-kropki-z-robotem-dash\/","title":{"rendered":"MI\u0118DZYNARODOWY DZIE\u0143 KROPKI  Z ROBOTEM DASH"},"content":{"rendered":"<p>15 wrze\u015bnia w naszej szkole odby\u0142o si\u0119 \u015bwi\u0119to kreatywno\u015bci, odwagi i zabawy z wykorzystaniem interaktywnych robot\u00f3w edukacyjnych Dash. Uczniowie, nauczyciele, pracownicy instytucji kultury na ca\u0142ym \u015bwiecie, organizuj\u0105 tego dnia wiele dzia\u0142a\u0144, kt\u00f3re pomagaj\u0105 dzieciom odkry\u0107 talenty, pozna\u0107 ich mocne strony i je zaprezentowa\u0107. W naszej szkole uczniowie pierwszych klas od samego rana cieszyli si\u0119 tym dniem. Odby\u0142a si\u0119 pogadanka na temat ksi\u0105\u017cki <b>The Dot<\/b>, kt\u00f3r\u0105 napisa\u0142 <b>Peter Reynolds<\/b>. Nast\u0119pnie uczniowie wykonywali r\u00f3\u017cnorodne zadania, kt\u00f3rych motywem przewodnim by\u0142a kropka. W czasie zaj\u0119\u0107 uczniowie klas pierwszych uczyli si\u0119 sterowania robotami oraz tworzyli programy, pozwalaj\u0105ce robotom porusza\u0107 si\u0119 i wydawa\u0107 d\u017awi\u0119ki. Pracuj\u0105c z Dashem uczniowie ustalali plan wydarze\u0144 do opowiadania, przeje\u017cd\u017cali wyznaczone trasy wykonuj\u0105c zadania.&nbsp;<\/p>\n<p>Zaj\u0119cia&nbsp; wprowadzaj\u0105ce uczni\u00f3w w \u015bwiat robotyki i programowania odby\u0142y si\u0119 dzi\u0119ki wyposa\u017ceniu szko\u0142y w sprz\u0119t w ramach projektu \u201eLaboratoria przysz\u0142o\u015bci\u201d<\/p>\n<p><img fetchpriority=\"high\" decoding=\"async\" class=\"alignnone size-medium wp-image-2309\" src=\"http:\/\/www.spkatarzyna.pl\/wp-content\/uploads\/2022\/10\/IMG_0516-scaled-e1666524891792-225x300.jpg\" sizes=\"(max-width: 225px) 100vw, 225px\" srcset=\"http:\/\/www.spkatarzyna.pl\/wp-content\/uploads\/2022\/10\/IMG_0516-scaled-e1666524891792-225x300.jpg 225w, http:\/\/www.spkatarzyna.pl\/wp-content\/uploads\/2022\/10\/IMG_0516-scaled-e1666524891792.jpg 360w\" alt=\"\" width=\"225\" height=\"300\">&nbsp;<img decoding=\"async\" class=\"alignnone size-medium wp-image-2308\" src=\"http:\/\/www.spkatarzyna.pl\/wp-content\/uploads\/2022\/10\/IMG_0514-scaled-e1666524876192-225x300.jpg\" sizes=\"(max-width: 225px) 100vw, 225px\" srcset=\"http:\/\/www.spkatarzyna.pl\/wp-content\/uploads\/2022\/10\/IMG_0514-scaled-e1666524876192-225x300.jpg 225w, http:\/\/www.spkatarzyna.pl\/wp-content\/uploads\/2022\/10\/IMG_0514-scaled-e1666524876192.jpg 360w\" alt=\"\" width=\"225\" height=\"300\">&nbsp;<img decoding=\"async\" class=\"alignnone size-medium wp-image-2310\" src=\"http:\/\/www.spkatarzyna.pl\/wp-content\/uploads\/2022\/10\/IMG_0512-scaled-e1666524909849-225x300.jpg\" sizes=\"(max-width: 225px) 100vw, 225px\" srcset=\"http:\/\/www.spkatarzyna.pl\/wp-content\/uploads\/2022\/10\/IMG_0512-scaled-e1666524909849-225x300.jpg 225w, http:\/\/www.spkatarzyna.pl\/wp-content\/uploads\/2022\/10\/IMG_0512-scaled-e1666524909849.jpg 360w\" alt=\"\" width=\"225\" height=\"300\">&nbsp; <img loading=\"lazy\" decoding=\"async\" class=\"alignnone size-medium wp-image-2314\" src=\"http:\/\/www.spkatarzyna.pl\/wp-content\/uploads\/2022\/10\/IMG_6121-e1666525600462-225x300.jpg\" sizes=\"(max-width: 225px) 100vw, 225px\" srcset=\"http:\/\/www.spkatarzyna.pl\/wp-content\/uploads\/2022\/10\/IMG_6121-e1666525600462-225x300.jpg 225w, http:\/\/www.spkatarzyna.pl\/wp-content\/uploads\/2022\/10\/IMG_6121-e1666525600462.jpg 360w\" alt=\"\" width=\"225\" height=\"300\"><\/p>\n","protected":false},"excerpt":{"rendered":"<p>15 wrze\u015bnia w naszej szkole odby\u0142o si\u0119 \u015bwi\u0119to kreatywno\u015bci, odwagi i zabawy z wykorzystaniem interaktywnych robot\u00f3w edukacyjnych Dash. Uczniowie, nauczyciele, pracownicy instytucji kultury na ca\u0142ym \u015bwiecie, organizuj\u0105 tego dnia wiele dzia\u0142a\u0144, kt\u00f3re pomagaj\u0105 dzieciom odkry\u0107 talenty, pozna\u0107 ich mocne strony i je zaprezentowa\u0107. W naszej szkole uczniowie pierwszych klas od [&hellip;]<\/p>\n","protected":false},"author":1,"featured_media":0,"comment_status":"open","ping_status":"open","sticky":false,"template":"","format":"standard","meta":{"om_disable_all_campaigns":false,"_monsterinsights_skip_tracking":false,"ngg_post_thumbnail":0,"footnotes":""},"categories":[109],"tags":[],"class_list":["post-2347","post","type-post","status-publish","format-standard","hentry","category-laboratoria"],"aioseo_notices":[],"aioseo_head":"\n\t\t<!-- All in One SEO 5.0.1.1 - aioseo.com -->\n\t<meta name=\"description\" content=\"15 wrze\u015bnia w naszej szkole odby\u0142o si\u0119 \u015bwi\u0119to kreatywno\u015bci, odwagi i zabawy z wykorzystaniem interaktywnych robot\u00f3w edukacyjnych Dash. Uczniowie, nauczyciele, pracownicy instytucji kultury na ca\u0142ym \u015bwiecie, organizuj\u0105 tego dnia wiele dzia\u0142a\u0144, kt\u00f3re pomagaj\u0105 dzieciom odkry\u0107 talenty, pozna\u0107 ich mocne strony i je zaprezentowa\u0107. W naszej szkole uczniowie pierwszych klas od samego rana cieszyli si\u0119 tym\" \/>\n\t<meta name=\"robots\" content=\"max-image-preview:large\" \/>\n\t<meta name=\"author\" content=\"admin\"\/>\n\t<link rel=\"canonical\" href=\"https:\/\/www.spkatarzyna.pl\/index.php\/2022\/10\/26\/miedzynarodowy-dzien-kropki-z-robotem-dash\/\" \/>\n\t<meta name=\"generator\" content=\"All in One SEO (AIOSEO) 5.0.1.1\" \/>\n\t\t<meta property=\"og:locale\" content=\"pl_PL\" \/>\n\t\t<meta property=\"og:site_name\" content=\"SP Katarzyna - Publiczna Szko\u0142a Podstawowa w \u015awi\u0119tej Katarzynie\" \/>\n\t\t<meta property=\"og:type\" content=\"article\" \/>\n\t\t<meta property=\"og:title\" content=\"MI\u0118DZYNARODOWY DZIE\u0143 KROPKI Z ROBOTEM DASH - SP Katarzyna\" \/>\n\t\t<meta property=\"og:description\" content=\"15 wrze\u015bnia w naszej szkole odby\u0142o si\u0119 \u015bwi\u0119to kreatywno\u015bci, odwagi i zabawy z wykorzystaniem interaktywnych robot\u00f3w edukacyjnych Dash. Uczniowie, nauczyciele, pracownicy instytucji kultury na ca\u0142ym \u015bwiecie, organizuj\u0105 tego dnia wiele dzia\u0142a\u0144, kt\u00f3re pomagaj\u0105 dzieciom odkry\u0107 talenty, pozna\u0107 ich mocne strony i je zaprezentowa\u0107. W naszej szkole uczniowie pierwszych klas od samego rana cieszyli si\u0119 tym\" \/>\n\t\t<meta property=\"og:url\" content=\"https:\/\/www.spkatarzyna.pl\/index.php\/2022\/10\/26\/miedzynarodowy-dzien-kropki-z-robotem-dash\/\" \/>\n\t\t<meta property=\"article:published_time\" content=\"2022-10-26T06:03:18+00:00\" \/>\n\t\t<meta property=\"article:modified_time\" content=\"2022-10-26T07:03:59+00:00\" \/>\n\t\t<meta name=\"twitter:card\" content=\"summary_large_image\" \/>\n\t\t<meta name=\"twitter:title\" content=\"MI\u0118DZYNARODOWY DZIE\u0143 KROPKI Z ROBOTEM DASH - SP Katarzyna\" \/>\n\t\t<meta name=\"twitter:description\" content=\"15 wrze\u015bnia w naszej szkole odby\u0142o si\u0119 \u015bwi\u0119to kreatywno\u015bci, odwagi i zabawy z wykorzystaniem interaktywnych robot\u00f3w edukacyjnych Dash. Uczniowie, nauczyciele, pracownicy instytucji kultury na ca\u0142ym \u015bwiecie, organizuj\u0105 tego dnia wiele dzia\u0142a\u0144, kt\u00f3re pomagaj\u0105 dzieciom odkry\u0107 talenty, pozna\u0107 ich mocne strony i je zaprezentowa\u0107. W naszej szkole uczniowie pierwszych klas od samego rana cieszyli si\u0119 tym\" \/>\n\t\t<script type=\"application\/ld+json\" class=\"aioseo-schema\">\n\t\t\t{\"@context\":\"https:\\\/\\\/schema.org\",\"@graph\":[{\"@type\":\"BlogPosting\",\"@id\":\"https:\\\/\\\/www.spkatarzyna.pl\\\/index.php\\\/2022\\\/10\\\/26\\\/miedzynarodowy-dzien-kropki-z-robotem-dash\\\/#blogposting\",\"name\":\"MI\\u0118DZYNARODOWY DZIE\\u0143 KROPKI Z ROBOTEM DASH - SP Katarzyna\",\"headline\":\"MI\\u0118DZYNARODOWY DZIE\\u0143 KROPKI  Z ROBOTEM DASH\",\"author\":{\"@id\":\"https:\\\/\\\/www.spkatarzyna.pl\\\/index.php\\\/author\\\/admin\\\/#author\"},\"publisher\":{\"@id\":\"https:\\\/\\\/www.spkatarzyna.pl\\\/#organization\"},\"image\":{\"@type\":\"ImageObject\",\"url\":\"http:\\\/\\\/www.spkatarzyna.pl\\\/wp-content\\\/uploads\\\/2022\\\/10\\\/IMG_0516-scaled-e1666524891792-225x300.jpg\",\"@id\":\"https:\\\/\\\/www.spkatarzyna.pl\\\/index.php\\\/2022\\\/10\\\/26\\\/miedzynarodowy-dzien-kropki-z-robotem-dash\\\/#articleImage\"},\"datePublished\":\"2022-10-26T06:03:18+02:00\",\"dateModified\":\"2022-10-26T07:03:59+02:00\",\"inLanguage\":\"pl-PL\",\"mainEntityOfPage\":{\"@id\":\"https:\\\/\\\/www.spkatarzyna.pl\\\/index.php\\\/2022\\\/10\\\/26\\\/miedzynarodowy-dzien-kropki-z-robotem-dash\\\/#webpage\"},\"isPartOf\":{\"@id\":\"https:\\\/\\\/www.spkatarzyna.pl\\\/index.php\\\/2022\\\/10\\\/26\\\/miedzynarodowy-dzien-kropki-z-robotem-dash\\\/#webpage\"},\"articleSection\":\"Laboratoria\"},{\"@type\":\"BreadcrumbList\",\"@id\":\"https:\\\/\\\/www.spkatarzyna.pl\\\/index.php\\\/2022\\\/10\\\/26\\\/miedzynarodowy-dzien-kropki-z-robotem-dash\\\/#breadcrumblist\",\"itemListElement\":[{\"@type\":\"ListItem\",\"@id\":\"https:\\\/\\\/www.spkatarzyna.pl#listItem\",\"position\":1,\"name\":\"Dom\",\"item\":\"https:\\\/\\\/www.spkatarzyna.pl\",\"nextItem\":{\"@type\":\"ListItem\",\"@id\":\"https:\\\/\\\/www.spkatarzyna.pl\\\/index.php\\\/category\\\/laboratoria\\\/#listItem\",\"name\":\"Laboratoria\"}},{\"@type\":\"ListItem\",\"@id\":\"https:\\\/\\\/www.spkatarzyna.pl\\\/index.php\\\/category\\\/laboratoria\\\/#listItem\",\"position\":2,\"name\":\"Laboratoria\",\"item\":\"https:\\\/\\\/www.spkatarzyna.pl\\\/index.php\\\/category\\\/laboratoria\\\/\",\"nextItem\":{\"@type\":\"ListItem\",\"@id\":\"https:\\\/\\\/www.spkatarzyna.pl\\\/index.php\\\/2022\\\/10\\\/26\\\/miedzynarodowy-dzien-kropki-z-robotem-dash\\\/#listItem\",\"name\":\"MI\\u0118DZYNARODOWY DZIE\\u0143 KROPKI  Z ROBOTEM DASH\"},\"previousItem\":{\"@type\":\"ListItem\",\"@id\":\"https:\\\/\\\/www.spkatarzyna.pl#listItem\",\"name\":\"Dom\"}},{\"@type\":\"ListItem\",\"@id\":\"https:\\\/\\\/www.spkatarzyna.pl\\\/index.php\\\/2022\\\/10\\\/26\\\/miedzynarodowy-dzien-kropki-z-robotem-dash\\\/#listItem\",\"position\":3,\"name\":\"MI\\u0118DZYNARODOWY DZIE\\u0143 KROPKI  Z ROBOTEM DASH\",\"previousItem\":{\"@type\":\"ListItem\",\"@id\":\"https:\\\/\\\/www.spkatarzyna.pl\\\/index.php\\\/category\\\/laboratoria\\\/#listItem\",\"name\":\"Laboratoria\"}}]},{\"@type\":\"Organization\",\"@id\":\"https:\\\/\\\/www.spkatarzyna.pl\\\/#organization\",\"name\":\"SP Katarzyna\",\"description\":\"Publiczna Szko\\u0142a Podstawowa w \\u015awi\\u0119tej Katarzynie\",\"url\":\"https:\\\/\\\/www.spkatarzyna.pl\\\/\",\"telephone\":\"+48713116378\",\"sameAs\":[\"https:\\\/\\\/facebook.com\\\/\",\"https:\\\/\\\/x.com\\\/\",\"https:\\\/\\\/instagram.com\\\/\",\"https:\\\/\\\/pinterest.com\\\/\",\"https:\\\/\\\/youtube.com\\\/\",\"https:\\\/\\\/linkedin.com\\\/in\\\/\"]},{\"@type\":\"Person\",\"@id\":\"https:\\\/\\\/www.spkatarzyna.pl\\\/index.php\\\/author\\\/admin\\\/#author\",\"url\":\"https:\\\/\\\/www.spkatarzyna.pl\\\/index.php\\\/author\\\/admin\\\/\",\"name\":\"admin\",\"image\":{\"@type\":\"ImageObject\",\"@id\":\"https:\\\/\\\/www.spkatarzyna.pl\\\/index.php\\\/2022\\\/10\\\/26\\\/miedzynarodowy-dzien-kropki-z-robotem-dash\\\/#authorImage\",\"url\":\"https:\\\/\\\/secure.gravatar.com\\\/avatar\\\/1aa4ab0ba1b6b91fbb20017299b4319e?s=96&d=mm&r=g\",\"width\":96,\"height\":96,\"caption\":\"admin\"}},{\"@type\":\"WebPage\",\"@id\":\"https:\\\/\\\/www.spkatarzyna.pl\\\/index.php\\\/2022\\\/10\\\/26\\\/miedzynarodowy-dzien-kropki-z-robotem-dash\\\/#webpage\",\"url\":\"https:\\\/\\\/www.spkatarzyna.pl\\\/index.php\\\/2022\\\/10\\\/26\\\/miedzynarodowy-dzien-kropki-z-robotem-dash\\\/\",\"name\":\"MI\\u0118DZYNARODOWY DZIE\\u0143 KROPKI Z ROBOTEM DASH - SP Katarzyna\",\"description\":\"15 wrze\\u015bnia w naszej szkole odby\\u0142o si\\u0119 \\u015bwi\\u0119to kreatywno\\u015bci, odwagi i zabawy z wykorzystaniem interaktywnych robot\\u00f3w edukacyjnych Dash. Uczniowie, nauczyciele, pracownicy instytucji kultury na ca\\u0142ym \\u015bwiecie, organizuj\\u0105 tego dnia wiele dzia\\u0142a\\u0144, kt\\u00f3re pomagaj\\u0105 dzieciom odkry\\u0107 talenty, pozna\\u0107 ich mocne strony i je zaprezentowa\\u0107. W naszej szkole uczniowie pierwszych klas od samego rana cieszyli si\\u0119 tym\",\"inLanguage\":\"pl-PL\",\"isPartOf\":{\"@id\":\"https:\\\/\\\/www.spkatarzyna.pl\\\/#website\"},\"breadcrumb\":{\"@id\":\"https:\\\/\\\/www.spkatarzyna.pl\\\/index.php\\\/2022\\\/10\\\/26\\\/miedzynarodowy-dzien-kropki-z-robotem-dash\\\/#breadcrumblist\"},\"author\":{\"@id\":\"https:\\\/\\\/www.spkatarzyna.pl\\\/index.php\\\/author\\\/admin\\\/#author\"},\"creator\":{\"@id\":\"https:\\\/\\\/www.spkatarzyna.pl\\\/index.php\\\/author\\\/admin\\\/#author\"},\"datePublished\":\"2022-10-26T06:03:18+02:00\",\"dateModified\":\"2022-10-26T07:03:59+02:00\"},{\"@type\":\"WebSite\",\"@id\":\"https:\\\/\\\/www.spkatarzyna.pl\\\/#website\",\"url\":\"https:\\\/\\\/www.spkatarzyna.pl\\\/\",\"name\":\"SP Katarzyna\",\"description\":\"Publiczna Szko\\u0142a Podstawowa w \\u015awi\\u0119tej Katarzynie\",\"inLanguage\":\"pl-PL\",\"publisher\":{\"@id\":\"https:\\\/\\\/www.spkatarzyna.pl\\\/#organization\"}}]}\n\t\t<\/script>\n\t\t<!-- All in One SEO -->\n\n","aioseo_head_json":{"title":"MI\u0118DZYNARODOWY DZIE\u0143 KROPKI Z ROBOTEM DASH - SP Katarzyna","description":"15 wrze\u015bnia w naszej szkole odby\u0142o si\u0119 \u015bwi\u0119to kreatywno\u015bci, odwagi i zabawy z wykorzystaniem interaktywnych robot\u00f3w edukacyjnych Dash. Uczniowie, nauczyciele, pracownicy instytucji kultury na ca\u0142ym \u015bwiecie, organizuj\u0105 tego dnia wiele dzia\u0142a\u0144, kt\u00f3re pomagaj\u0105 dzieciom odkry\u0107 talenty, pozna\u0107 ich mocne strony i je zaprezentowa\u0107. W naszej szkole uczniowie pierwszych klas od samego rana cieszyli si\u0119 tym","canonical_url":"https:\/\/www.spkatarzyna.pl\/index.php\/2022\/10\/26\/miedzynarodowy-dzien-kropki-z-robotem-dash\/","robots":"max-image-preview:large","keywords":"","webmasterTools":{"miscellaneous":""},"schema":{"@context":"https:\/\/schema.org","@graph":[{"@type":"BlogPosting","@id":"https:\/\/www.spkatarzyna.pl\/index.php\/2022\/10\/26\/miedzynarodowy-dzien-kropki-z-robotem-dash\/#blogposting","name":"MI\u0118DZYNARODOWY DZIE\u0143 KROPKI Z ROBOTEM DASH - SP Katarzyna","headline":"MI\u0118DZYNARODOWY DZIE\u0143 KROPKI  Z ROBOTEM DASH","author":{"@id":"https:\/\/www.spkatarzyna.pl\/index.php\/author\/admin\/#author"},"publisher":{"@id":"https:\/\/www.spkatarzyna.pl\/#organization"},"image":{"@type":"ImageObject","url":"http:\/\/www.spkatarzyna.pl\/wp-content\/uploads\/2022\/10\/IMG_0516-scaled-e1666524891792-225x300.jpg","@id":"https:\/\/www.spkatarzyna.pl\/index.php\/2022\/10\/26\/miedzynarodowy-dzien-kropki-z-robotem-dash\/#articleImage"},"datePublished":"2022-10-26T06:03:18+02:00","dateModified":"2022-10-26T07:03:59+02:00","inLanguage":"pl-PL","mainEntityOfPage":{"@id":"https:\/\/www.spkatarzyna.pl\/index.php\/2022\/10\/26\/miedzynarodowy-dzien-kropki-z-robotem-dash\/#webpage"},"isPartOf":{"@id":"https:\/\/www.spkatarzyna.pl\/index.php\/2022\/10\/26\/miedzynarodowy-dzien-kropki-z-robotem-dash\/#webpage"},"articleSection":"Laboratoria"},{"@type":"BreadcrumbList","@id":"https:\/\/www.spkatarzyna.pl\/index.php\/2022\/10\/26\/miedzynarodowy-dzien-kropki-z-robotem-dash\/#breadcrumblist","itemListElement":[{"@type":"ListItem","@id":"https:\/\/www.spkatarzyna.pl#listItem","position":1,"name":"Dom","item":"https:\/\/www.spkatarzyna.pl","nextItem":{"@type":"ListItem","@id":"https:\/\/www.spkatarzyna.pl\/index.php\/category\/laboratoria\/#listItem","name":"Laboratoria"}},{"@type":"ListItem","@id":"https:\/\/www.spkatarzyna.pl\/index.php\/category\/laboratoria\/#listItem","position":2,"name":"Laboratoria","item":"https:\/\/www.spkatarzyna.pl\/index.php\/category\/laboratoria\/","nextItem":{"@type":"ListItem","@id":"https:\/\/www.spkatarzyna.pl\/index.php\/2022\/10\/26\/miedzynarodowy-dzien-kropki-z-robotem-dash\/#listItem","name":"MI\u0118DZYNARODOWY DZIE\u0143 KROPKI  Z ROBOTEM DASH"},"previousItem":{"@type":"ListItem","@id":"https:\/\/www.spkatarzyna.pl#listItem","name":"Dom"}},{"@type":"ListItem","@id":"https:\/\/www.spkatarzyna.pl\/index.php\/2022\/10\/26\/miedzynarodowy-dzien-kropki-z-robotem-dash\/#listItem","position":3,"name":"MI\u0118DZYNARODOWY DZIE\u0143 KROPKI  Z ROBOTEM DASH","previousItem":{"@type":"ListItem","@id":"https:\/\/www.spkatarzyna.pl\/index.php\/category\/laboratoria\/#listItem","name":"Laboratoria"}}]},{"@type":"Organization","@id":"https:\/\/www.spkatarzyna.pl\/#organization","name":"SP Katarzyna","description":"Publiczna Szko\u0142a Podstawowa w \u015awi\u0119tej Katarzynie","url":"https:\/\/www.spkatarzyna.pl\/","telephone":"+48713116378","sameAs":["https:\/\/facebook.com\/","https:\/\/x.com\/","https:\/\/instagram.com\/","https:\/\/pinterest.com\/","https:\/\/youtube.com\/","https:\/\/linkedin.com\/in\/"]},{"@type":"Person","@id":"https:\/\/www.spkatarzyna.pl\/index.php\/author\/admin\/#author","url":"https:\/\/www.spkatarzyna.pl\/index.php\/author\/admin\/","name":"admin","image":{"@type":"ImageObject","@id":"https:\/\/www.spkatarzyna.pl\/index.php\/2022\/10\/26\/miedzynarodowy-dzien-kropki-z-robotem-dash\/#authorImage","url":"https:\/\/secure.gravatar.com\/avatar\/1aa4ab0ba1b6b91fbb20017299b4319e?s=96&d=mm&r=g","width":96,"height":96,"caption":"admin"}},{"@type":"WebPage","@id":"https:\/\/www.spkatarzyna.pl\/index.php\/2022\/10\/26\/miedzynarodowy-dzien-kropki-z-robotem-dash\/#webpage","url":"https:\/\/www.spkatarzyna.pl\/index.php\/2022\/10\/26\/miedzynarodowy-dzien-kropki-z-robotem-dash\/","name":"MI\u0118DZYNARODOWY DZIE\u0143 KROPKI Z ROBOTEM DASH - SP Katarzyna","description":"15 wrze\u015bnia w naszej szkole odby\u0142o si\u0119 \u015bwi\u0119to kreatywno\u015bci, odwagi i zabawy z wykorzystaniem interaktywnych robot\u00f3w edukacyjnych Dash. Uczniowie, nauczyciele, pracownicy instytucji kultury na ca\u0142ym \u015bwiecie, organizuj\u0105 tego dnia wiele dzia\u0142a\u0144, kt\u00f3re pomagaj\u0105 dzieciom odkry\u0107 talenty, pozna\u0107 ich mocne strony i je zaprezentowa\u0107. W naszej szkole uczniowie pierwszych klas od samego rana cieszyli si\u0119 tym","inLanguage":"pl-PL","isPartOf":{"@id":"https:\/\/www.spkatarzyna.pl\/#website"},"breadcrumb":{"@id":"https:\/\/www.spkatarzyna.pl\/index.php\/2022\/10\/26\/miedzynarodowy-dzien-kropki-z-robotem-dash\/#breadcrumblist"},"author":{"@id":"https:\/\/www.spkatarzyna.pl\/index.php\/author\/admin\/#author"},"creator":{"@id":"https:\/\/www.spkatarzyna.pl\/index.php\/author\/admin\/#author"},"datePublished":"2022-10-26T06:03:18+02:00","dateModified":"2022-10-26T07:03:59+02:00"},{"@type":"WebSite","@id":"https:\/\/www.spkatarzyna.pl\/#website","url":"https:\/\/www.spkatarzyna.pl\/","name":"SP Katarzyna","description":"Publiczna Szko\u0142a Podstawowa w \u015awi\u0119tej Katarzynie","inLanguage":"pl-PL","publisher":{"@id":"https:\/\/www.spkatarzyna.pl\/#organization"}}]},"og:locale":"pl_PL","og:site_name":"SP Katarzyna - Publiczna Szko\u0142a Podstawowa w \u015awi\u0119tej Katarzynie","og:type":"article","og:title":"MI\u0118DZYNARODOWY DZIE\u0143 KROPKI Z ROBOTEM DASH - SP Katarzyna","og:description":"15 wrze\u015bnia w naszej szkole odby\u0142o si\u0119 \u015bwi\u0119to kreatywno\u015bci, odwagi i zabawy z wykorzystaniem interaktywnych robot\u00f3w edukacyjnych Dash. Uczniowie, nauczyciele, pracownicy instytucji kultury na ca\u0142ym \u015bwiecie, organizuj\u0105 tego dnia wiele dzia\u0142a\u0144, kt\u00f3re pomagaj\u0105 dzieciom odkry\u0107 talenty, pozna\u0107 ich mocne strony i je zaprezentowa\u0107. W naszej szkole uczniowie pierwszych klas od samego rana cieszyli si\u0119 tym","og:url":"https:\/\/www.spkatarzyna.pl\/index.php\/2022\/10\/26\/miedzynarodowy-dzien-kropki-z-robotem-dash\/","article:published_time":"2022-10-26T06:03:18+00:00","article:modified_time":"2022-10-26T07:03:59+00:00","twitter:card":"summary_large_image","twitter:title":"MI\u0118DZYNARODOWY DZIE\u0143 KROPKI Z ROBOTEM DASH - SP Katarzyna","twitter:description":"15 wrze\u015bnia w naszej szkole odby\u0142o si\u0119 \u015bwi\u0119to kreatywno\u015bci, odwagi i zabawy z wykorzystaniem interaktywnych robot\u00f3w edukacyjnych Dash. Uczniowie, nauczyciele, pracownicy instytucji kultury na ca\u0142ym \u015bwiecie, organizuj\u0105 tego dnia wiele dzia\u0142a\u0144, kt\u00f3re pomagaj\u0105 dzieciom odkry\u0107 talenty, pozna\u0107 ich mocne strony i je zaprezentowa\u0107. W naszej szkole uczniowie pierwszych klas od samego rana cieszyli si\u0119 tym"},"aioseo_meta_data":{"post_id":"2347","title":null,"description":null,"keywords":null,"keyphrases":null,"primary_term":null,"canonical_url":null,"og_title":null,"og_description":null,"og_object_type":"default","og_image_type":"default","og_image_url":null,"og_image_width":null,"og_image_height":null,"og_image_custom_url":null,"og_image_custom_fields":null,"og_video":null,"og_custom_url":null,"og_article_section":null,"og_article_tags":null,"twitter_use_og":false,"twitter_card":"default","twitter_image_type":"default","twitter_image_url":null,"twitter_image_custom_url":null,"twitter_image_custom_fields":null,"twitter_title":null,"twitter_description":null,"schema":{"blockGraphs":[],"customGraphs":[],"default":{"data":{"Article":[],"Course":[],"Dataset":[],"FAQPage":[],"Movie":[],"Person":[],"Product":[],"ProductReview":[],"Car":[],"Recipe":[],"Service":[],"SoftwareApplication":[],"WebPage":[]},"graphName":"","isEnabled":true},"graphs":[]},"schema_type":"default","schema_type_options":null,"pillar_content":false,"robots_default":true,"robots_noindex":false,"robots_noarchive":false,"robots_nosnippet":false,"robots_nofollow":false,"robots_noimageindex":false,"robots_noodp":false,"robots_notranslate":false,"robots_max_snippet":null,"robots_max_videopreview":null,"robots_max_imagepreview":"large","priority":null,"frequency":null,"local_seo":null,"limit_modified_date":false,"created":"2024-04-03 07:10:54","updated":"2026-09-03 13:52:32","focus_keyword":null,"additional_keywords":null,"truseo_locale":null,"ai":null,"breadcrumb_settings":null,"seo_analyzer_scan_date":null},"aioseo_breadcrumb":"<div class=\"aioseo-breadcrumbs\"><span class=\"aioseo-breadcrumb\">\n\t\t\t<a href=\"https:\/\/www.spkatarzyna.pl\" title=\"Dom\">Dom<\/a>\n\t\t<\/span><span class=\"aioseo-breadcrumb-separator\">&raquo;<\/span><span class=\"aioseo-breadcrumb\">\n\t\t\t<a href=\"https:\/\/www.spkatarzyna.pl\/index.php\/category\/laboratoria\/\" title=\"Laboratoria\">Laboratoria<\/a>\n\t\t<\/span><span class=\"aioseo-breadcrumb-separator\">&raquo;<\/span><span class=\"aioseo-breadcrumb\">\n\t\t\tMI\u0118DZYNARODOWY DZIE\u0143 KROPKI  Z ROBOTEM DASH\n\t\t<\/span><\/div>","aioseo_breadcrumb_json":[{"label":"Dom","link":"https:\/\/www.spkatarzyna.pl"},{"label":"Laboratoria","link":"https:\/\/www.spkatarzyna.pl\/index.php\/category\/laboratoria\/"},{"label":"MI\u0118DZYNARODOWY DZIE\u0143 KROPKI  Z ROBOTEM DASH","link":"https:\/\/www.spkatarzyna.pl\/index.php\/2022\/10\/26\/miedzynarodowy-dzien-kropki-z-robotem-dash\/"}],"_links":{"self":[{"href":"https:\/\/www.spkatarzyna.pl\/index.php\/wp-json\/wp\/v2\/posts\/2347","targetHints":{"allow":["GET"]}}],"collection":[{"href":"https:\/\/www.spkatarzyna.pl\/index.php\/wp-json\/wp\/v2\/posts"}],"about":[{"href":"https:\/\/www.spkatarzyna.pl\/index.php\/wp-json\/wp\/v2\/types\/post"}],"author":[{"embeddable":true,"href":"https:\/\/www.spkatarzyna.pl\/index.php\/wp-json\/wp\/v2\/users\/1"}],"replies":[{"embeddable":true,"href":"https:\/\/www.spkatarzyna.pl\/index.php\/wp-json\/wp\/v2\/comments?post=2347"}],"version-history":[{"count":1,"href":"https:\/\/www.spkatarzyna.pl\/index.php\/wp-json\/wp\/v2\/posts\/2347\/revisions"}],"predecessor-version":[{"id":2348,"href":"https:\/\/www.spkatarzyna.pl\/index.php\/wp-json\/wp\/v2\/posts\/2347\/revisions\/2348"}],"wp:attachment":[{"href":"https:\/\/www.spkatarzyna.pl\/index.php\/wp-json\/wp\/v2\/media?parent=2347"}],"wp:term":[{"taxonomy":"category","embeddable":true,"href":"https:\/\/www.spkatarzyna.pl\/index.php\/wp-json\/wp\/v2\/categories?post=2347"},{"taxonomy":"post_tag","embeddable":true,"href":"https:\/\/www.spkatarzyna.pl\/index.php\/wp-json\/wp\/v2\/tags?post=2347"}],"curies":[{"name":"wp","href":"https:\/\/api.w.org\/{rel}","templated":true}]}}