{"id":2357,"date":"2022-10-26T13:42:40","date_gmt":"2022-10-26T13:42:40","guid":{"rendered":"http:\/\/www.spkatarzyna.pl\/?p=2357"},"modified":"2022-11-02T21:56:35","modified_gmt":"2022-11-02T21:56:35","slug":"przerwa-na-czytanie-2022-bicie-rekordu-w-czytaniu","status":"publish","type":"post","link":"https:\/\/www.spkatarzyna.pl\/index.php\/2022\/10\/26\/przerwa-na-czytanie-2022-bicie-rekordu-w-czytaniu\/","title":{"rendered":"PRZERWA NA CZYTANIE 2022"},"content":{"rendered":"<p style=\"text-align: justify;\">25 pa\u017adziernika (wtorek) na d\u0142ugiej <span class=\"il\">przerwie<\/span> o godz. 12:30 nasza szko\u0142a bra\u0142a udzia\u0142 w III MI\u0118DZYNARODOWEJ EDYCJI VII OG\u00d3LNOPOLSKIEJ AKCJI <span class=\"il\">PRZERWA<\/span> NA <span class=\"il\">CZYTANIE<\/span> &#8211; BICIE REKORDU W <span class=\"il\">CZYTANIU<\/span> NA <span class=\"il\">PRZERWIE<\/span>. Celem akcji jest promocja czytelnictwa w\u015br\u00f3d dzieci i m\u0142odzie\u017cy, zach\u0119cenie uczni\u00f3w do si\u0119gania po ksi\u0105\u017ck\u0119 w ka\u017cdej sytuacji i ka\u017cdym miejscu oraz pokazanie uczniom, \u017ce <span class=\"il\">czytanie<\/span> to przyjemna rozrywka i fajna zabawa. Tego dnia uczniowie przynie\u015bli do szko\u0142y swoje ulubione ksi\u0105\u017cki i podczas d\u0142ugiej <span class=\"il\">przerwy<\/span> czytali zar\u00f3wno w ciszy, jak i g\u0142o\u015bno. Czytali na korytarzach szkolnych, na sali gimnastycznej, w bibliotece i w \u015bwietlicy. Najm\u0142odsi uczniowie mogli skorzysta\u0107 ze specjalnie przygotowanych tzw. STREF <span class=\"il\">CZYTANIA<\/span>, w kt\u00f3rych m\u0142odszym uczniom czytali starsi koledzy, nauczyciele.<br \/>\n<span class=\"il\">Przerwa<\/span> na <span class=\"il\">czytanie<\/span> jest coraz ch\u0119tniej realizowan\u0105 akcj\u0105 czytelnicz\u0105 w Polsce i na \u015bwiecie, w poprzednim roku o ponad tysi\u0105c wi\u0119cej plac\u00f3wek o\u015bwiatowych wzi\u0119\u0142o w niej udzia\u0142 tj. w 1867 plac\u00f3wkach z Polski i z 14 innych pa\u0144stw.<\/p>\n<p style=\"text-align: justify;\">Mamy nadziej\u0119, \u017ce przyczynili\u015bmy si\u0119 tak jak w ubieg\u0142ym roku do pobicia ostatniego rekordu, kt\u00f3ry wyni\u00f3s\u0142 377 tysi\u0119cy 586 os\u00f3b czytaj\u0105cych na <span class=\"il\">przerwie<\/span>.<\/p>\n<p><img fetchpriority=\"high\" decoding=\"async\" class=\"alignnone size-medium wp-image-2358\" src=\"http:\/\/www.spkatarzyna.pl\/wp-content\/uploads\/2022\/10\/DSC07148-300x169.jpg\" alt=\"\" width=\"300\" height=\"169\" srcset=\"https:\/\/www.spkatarzyna.pl\/wp-content\/uploads\/2022\/10\/DSC07148-300x169.jpg 300w, https:\/\/www.spkatarzyna.pl\/wp-content\/uploads\/2022\/10\/DSC07148-1024x576.jpg 1024w, https:\/\/www.spkatarzyna.pl\/wp-content\/uploads\/2022\/10\/DSC07148-768x432.jpg 768w, https:\/\/www.spkatarzyna.pl\/wp-content\/uploads\/2022\/10\/DSC07148-1536x864.jpg 1536w, https:\/\/www.spkatarzyna.pl\/wp-content\/uploads\/2022\/10\/DSC07148.jpg 1920w\" sizes=\"(max-width: 300px) 100vw, 300px\" \/> <img decoding=\"async\" class=\"alignnone size-medium wp-image-2359\" src=\"http:\/\/www.spkatarzyna.pl\/wp-content\/uploads\/2022\/10\/DSC07149-300x169.jpg\" alt=\"\" width=\"300\" height=\"169\" srcset=\"https:\/\/www.spkatarzyna.pl\/wp-content\/uploads\/2022\/10\/DSC07149-300x169.jpg 300w, https:\/\/www.spkatarzyna.pl\/wp-content\/uploads\/2022\/10\/DSC07149-1024x576.jpg 1024w, https:\/\/www.spkatarzyna.pl\/wp-content\/uploads\/2022\/10\/DSC07149-768x432.jpg 768w, https:\/\/www.spkatarzyna.pl\/wp-content\/uploads\/2022\/10\/DSC07149-1536x864.jpg 1536w, https:\/\/www.spkatarzyna.pl\/wp-content\/uploads\/2022\/10\/DSC07149.jpg 1920w\" sizes=\"(max-width: 300px) 100vw, 300px\" \/> <img decoding=\"async\" class=\"alignnone size-medium wp-image-2360\" src=\"http:\/\/www.spkatarzyna.pl\/wp-content\/uploads\/2022\/10\/DSC07150-300x169.jpg\" alt=\"\" width=\"300\" height=\"169\" srcset=\"https:\/\/www.spkatarzyna.pl\/wp-content\/uploads\/2022\/10\/DSC07150-300x169.jpg 300w, https:\/\/www.spkatarzyna.pl\/wp-content\/uploads\/2022\/10\/DSC07150-1024x576.jpg 1024w, https:\/\/www.spkatarzyna.pl\/wp-content\/uploads\/2022\/10\/DSC07150-768x432.jpg 768w, https:\/\/www.spkatarzyna.pl\/wp-content\/uploads\/2022\/10\/DSC07150-1536x864.jpg 1536w, https:\/\/www.spkatarzyna.pl\/wp-content\/uploads\/2022\/10\/DSC07150.jpg 1920w\" sizes=\"(max-width: 300px) 100vw, 300px\" \/> <img loading=\"lazy\" decoding=\"async\" class=\"alignnone size-medium wp-image-2362\" src=\"http:\/\/www.spkatarzyna.pl\/wp-content\/uploads\/2022\/10\/DSC07155-300x169.jpg\" alt=\"\" width=\"300\" height=\"169\" srcset=\"https:\/\/www.spkatarzyna.pl\/wp-content\/uploads\/2022\/10\/DSC07155-300x169.jpg 300w, https:\/\/www.spkatarzyna.pl\/wp-content\/uploads\/2022\/10\/DSC07155-1024x576.jpg 1024w, https:\/\/www.spkatarzyna.pl\/wp-content\/uploads\/2022\/10\/DSC07155-768x432.jpg 768w, https:\/\/www.spkatarzyna.pl\/wp-content\/uploads\/2022\/10\/DSC07155-1536x864.jpg 1536w, https:\/\/www.spkatarzyna.pl\/wp-content\/uploads\/2022\/10\/DSC07155.jpg 1920w\" sizes=\"(max-width: 300px) 100vw, 300px\" \/> <img loading=\"lazy\" decoding=\"async\" class=\"alignnone size-medium wp-image-2363\" src=\"http:\/\/www.spkatarzyna.pl\/wp-content\/uploads\/2022\/10\/DSC07156-300x169.jpg\" alt=\"\" width=\"300\" height=\"169\" srcset=\"https:\/\/www.spkatarzyna.pl\/wp-content\/uploads\/2022\/10\/DSC07156-300x169.jpg 300w, https:\/\/www.spkatarzyna.pl\/wp-content\/uploads\/2022\/10\/DSC07156-1024x576.jpg 1024w, https:\/\/www.spkatarzyna.pl\/wp-content\/uploads\/2022\/10\/DSC07156-768x432.jpg 768w, https:\/\/www.spkatarzyna.pl\/wp-content\/uploads\/2022\/10\/DSC07156-1536x864.jpg 1536w, https:\/\/www.spkatarzyna.pl\/wp-content\/uploads\/2022\/10\/DSC07156.jpg 1920w\" sizes=\"(max-width: 300px) 100vw, 300px\" \/> <img loading=\"lazy\" decoding=\"async\" class=\"alignnone size-medium wp-image-2364\" src=\"http:\/\/www.spkatarzyna.pl\/wp-content\/uploads\/2022\/10\/DSC07157-300x169.jpg\" alt=\"\" width=\"300\" height=\"169\" \/> <img loading=\"lazy\" decoding=\"async\" class=\"alignnone size-medium wp-image-2365\" src=\"http:\/\/www.spkatarzyna.pl\/wp-content\/uploads\/2022\/10\/DSC07158-300x169.jpg\" alt=\"\" width=\"300\" height=\"169\" srcset=\"https:\/\/www.spkatarzyna.pl\/wp-content\/uploads\/2022\/10\/DSC07158-300x169.jpg 300w, https:\/\/www.spkatarzyna.pl\/wp-content\/uploads\/2022\/10\/DSC07158-1024x576.jpg 1024w, https:\/\/www.spkatarzyna.pl\/wp-content\/uploads\/2022\/10\/DSC07158-768x432.jpg 768w, https:\/\/www.spkatarzyna.pl\/wp-content\/uploads\/2022\/10\/DSC07158-1536x864.jpg 1536w, https:\/\/www.spkatarzyna.pl\/wp-content\/uploads\/2022\/10\/DSC07158.jpg 1920w\" sizes=\"(max-width: 300px) 100vw, 300px\" \/> <img loading=\"lazy\" decoding=\"async\" class=\"alignnone size-medium wp-image-2366\" src=\"http:\/\/www.spkatarzyna.pl\/wp-content\/uploads\/2022\/10\/DSC07163-300x169.jpg\" alt=\"\" width=\"300\" height=\"169\" srcset=\"https:\/\/www.spkatarzyna.pl\/wp-content\/uploads\/2022\/10\/DSC07163-300x169.jpg 300w, https:\/\/www.spkatarzyna.pl\/wp-content\/uploads\/2022\/10\/DSC07163-1024x576.jpg 1024w, https:\/\/www.spkatarzyna.pl\/wp-content\/uploads\/2022\/10\/DSC07163-768x432.jpg 768w, https:\/\/www.spkatarzyna.pl\/wp-content\/uploads\/2022\/10\/DSC07163-1536x864.jpg 1536w, https:\/\/www.spkatarzyna.pl\/wp-content\/uploads\/2022\/10\/DSC07163.jpg 1920w\" sizes=\"(max-width: 300px) 100vw, 300px\" \/> <img loading=\"lazy\" decoding=\"async\" class=\"alignnone size-medium wp-image-2367\" src=\"http:\/\/www.spkatarzyna.pl\/wp-content\/uploads\/2022\/10\/DSC07167-300x169.jpg\" alt=\"\" width=\"300\" height=\"169\" srcset=\"https:\/\/www.spkatarzyna.pl\/wp-content\/uploads\/2022\/10\/DSC07167-300x169.jpg 300w, https:\/\/www.spkatarzyna.pl\/wp-content\/uploads\/2022\/10\/DSC07167-1024x576.jpg 1024w, https:\/\/www.spkatarzyna.pl\/wp-content\/uploads\/2022\/10\/DSC07167-768x432.jpg 768w, https:\/\/www.spkatarzyna.pl\/wp-content\/uploads\/2022\/10\/DSC07167-1536x864.jpg 1536w, https:\/\/www.spkatarzyna.pl\/wp-content\/uploads\/2022\/10\/DSC07167.jpg 1920w\" sizes=\"(max-width: 300px) 100vw, 300px\" \/> <img loading=\"lazy\" decoding=\"async\" class=\"alignnone size-medium wp-image-2368\" src=\"http:\/\/www.spkatarzyna.pl\/wp-content\/uploads\/2022\/10\/DSC07173-300x169.jpg\" alt=\"\" width=\"300\" height=\"169\" srcset=\"https:\/\/www.spkatarzyna.pl\/wp-content\/uploads\/2022\/10\/DSC07173-300x169.jpg 300w, https:\/\/www.spkatarzyna.pl\/wp-content\/uploads\/2022\/10\/DSC07173-1024x576.jpg 1024w, https:\/\/www.spkatarzyna.pl\/wp-content\/uploads\/2022\/10\/DSC07173-768x432.jpg 768w, https:\/\/www.spkatarzyna.pl\/wp-content\/uploads\/2022\/10\/DSC07173-1536x864.jpg 1536w, https:\/\/www.spkatarzyna.pl\/wp-content\/uploads\/2022\/10\/DSC07173.jpg 1920w\" sizes=\"(max-width: 300px) 100vw, 300px\" \/> <img loading=\"lazy\" decoding=\"async\" class=\"alignnone size-medium wp-image-2369\" src=\"http:\/\/www.spkatarzyna.pl\/wp-content\/uploads\/2022\/10\/DSC07188-300x169.jpg\" alt=\"\" width=\"300\" height=\"169\" srcset=\"https:\/\/www.spkatarzyna.pl\/wp-content\/uploads\/2022\/10\/DSC07188-300x169.jpg 300w, https:\/\/www.spkatarzyna.pl\/wp-content\/uploads\/2022\/10\/DSC07188-1024x576.jpg 1024w, https:\/\/www.spkatarzyna.pl\/wp-content\/uploads\/2022\/10\/DSC07188-768x432.jpg 768w, https:\/\/www.spkatarzyna.pl\/wp-content\/uploads\/2022\/10\/DSC07188-1536x864.jpg 1536w, https:\/\/www.spkatarzyna.pl\/wp-content\/uploads\/2022\/10\/DSC07188.jpg 1920w\" sizes=\"(max-width: 300px) 100vw, 300px\" \/> <img loading=\"lazy\" decoding=\"async\" class=\"alignnone size-medium wp-image-2370\" src=\"http:\/\/www.spkatarzyna.pl\/wp-content\/uploads\/2022\/10\/DSC07189-300x169.jpg\" alt=\"\" width=\"300\" height=\"169\" srcset=\"https:\/\/www.spkatarzyna.pl\/wp-content\/uploads\/2022\/10\/DSC07189-300x169.jpg 300w, https:\/\/www.spkatarzyna.pl\/wp-content\/uploads\/2022\/10\/DSC07189-1024x576.jpg 1024w, https:\/\/www.spkatarzyna.pl\/wp-content\/uploads\/2022\/10\/DSC07189-768x432.jpg 768w, https:\/\/www.spkatarzyna.pl\/wp-content\/uploads\/2022\/10\/DSC07189-1536x864.jpg 1536w, https:\/\/www.spkatarzyna.pl\/wp-content\/uploads\/2022\/10\/DSC07189.jpg 1920w\" sizes=\"(max-width: 300px) 100vw, 300px\" \/> <img loading=\"lazy\" decoding=\"async\" class=\"alignnone size-medium wp-image-2371\" src=\"http:\/\/www.spkatarzyna.pl\/wp-content\/uploads\/2022\/10\/DSC07192-300x169.jpg\" alt=\"\" width=\"300\" height=\"169\" srcset=\"https:\/\/www.spkatarzyna.pl\/wp-content\/uploads\/2022\/10\/DSC07192-300x169.jpg 300w, https:\/\/www.spkatarzyna.pl\/wp-content\/uploads\/2022\/10\/DSC07192-1024x576.jpg 1024w, https:\/\/www.spkatarzyna.pl\/wp-content\/uploads\/2022\/10\/DSC07192-768x432.jpg 768w, https:\/\/www.spkatarzyna.pl\/wp-content\/uploads\/2022\/10\/DSC07192-1536x864.jpg 1536w, https:\/\/www.spkatarzyna.pl\/wp-content\/uploads\/2022\/10\/DSC07192.jpg 1920w\" sizes=\"(max-width: 300px) 100vw, 300px\" \/> <img loading=\"lazy\" decoding=\"async\" class=\"alignnone size-medium wp-image-2373\" src=\"http:\/\/www.spkatarzyna.pl\/wp-content\/uploads\/2022\/10\/DSC07197-300x169.jpg\" alt=\"\" width=\"300\" height=\"169\" srcset=\"https:\/\/www.spkatarzyna.pl\/wp-content\/uploads\/2022\/10\/DSC07197-300x169.jpg 300w, https:\/\/www.spkatarzyna.pl\/wp-content\/uploads\/2022\/10\/DSC07197-1024x576.jpg 1024w, https:\/\/www.spkatarzyna.pl\/wp-content\/uploads\/2022\/10\/DSC07197-768x432.jpg 768w, https:\/\/www.spkatarzyna.pl\/wp-content\/uploads\/2022\/10\/DSC07197-1536x864.jpg 1536w, https:\/\/www.spkatarzyna.pl\/wp-content\/uploads\/2022\/10\/DSC07197.jpg 1920w\" sizes=\"(max-width: 300px) 100vw, 300px\" \/> <img loading=\"lazy\" decoding=\"async\" class=\"alignnone size-medium wp-image-2376\" src=\"http:\/\/www.spkatarzyna.pl\/wp-content\/uploads\/2022\/10\/IMG_0710-300x225.jpg\" alt=\"\" width=\"300\" height=\"225\" srcset=\"https:\/\/www.spkatarzyna.pl\/wp-content\/uploads\/2022\/10\/IMG_0710-300x225.jpg 300w, https:\/\/www.spkatarzyna.pl\/wp-content\/uploads\/2022\/10\/IMG_0710-1024x768.jpg 1024w, https:\/\/www.spkatarzyna.pl\/wp-content\/uploads\/2022\/10\/IMG_0710-768x576.jpg 768w, https:\/\/www.spkatarzyna.pl\/wp-content\/uploads\/2022\/10\/IMG_0710-1536x1152.jpg 1536w, https:\/\/www.spkatarzyna.pl\/wp-content\/uploads\/2022\/10\/IMG_0710-2048x1536.jpg 2048w\" sizes=\"(max-width: 300px) 100vw, 300px\" \/> <img loading=\"lazy\" decoding=\"async\" class=\"alignnone size-medium wp-image-2377\" src=\"http:\/\/www.spkatarzyna.pl\/wp-content\/uploads\/2022\/10\/IMG_0714-300x225.jpg\" alt=\"\" width=\"300\" height=\"225\" srcset=\"https:\/\/www.spkatarzyna.pl\/wp-content\/uploads\/2022\/10\/IMG_0714-300x225.jpg 300w, https:\/\/www.spkatarzyna.pl\/wp-content\/uploads\/2022\/10\/IMG_0714-1024x768.jpg 1024w, https:\/\/www.spkatarzyna.pl\/wp-content\/uploads\/2022\/10\/IMG_0714-768x576.jpg 768w, https:\/\/www.spkatarzyna.pl\/wp-content\/uploads\/2022\/10\/IMG_0714-1536x1152.jpg 1536w, https:\/\/www.spkatarzyna.pl\/wp-content\/uploads\/2022\/10\/IMG_0714-2048x1536.jpg 2048w\" sizes=\"(max-width: 300px) 100vw, 300px\" \/> <img loading=\"lazy\" decoding=\"async\" class=\"alignnone size-medium wp-image-2380\" src=\"http:\/\/www.spkatarzyna.pl\/wp-content\/uploads\/2022\/10\/IMG_0727-225x300.jpg\" alt=\"\" width=\"225\" height=\"300\" \/> <img loading=\"lazy\" decoding=\"async\" class=\"alignnone size-medium wp-image-2382\" src=\"http:\/\/www.spkatarzyna.pl\/wp-content\/uploads\/2022\/10\/PHOTO-2022-10-25-12-53-51-300x235.jpg\" alt=\"\" width=\"300\" height=\"235\" \/> <img loading=\"lazy\" decoding=\"async\" class=\"alignnone size-medium wp-image-2383\" src=\"http:\/\/www.spkatarzyna.pl\/wp-content\/uploads\/2022\/10\/PHOTO-2022-10-25-12-53-521-300x210.jpg\" alt=\"\" width=\"300\" height=\"210\" \/> <img loading=\"lazy\" decoding=\"async\" class=\"alignnone size-medium wp-image-2384\" src=\"http:\/\/www.spkatarzyna.pl\/wp-content\/uploads\/2022\/10\/PHOTO-2022-10-25-12-53-522-300x221.jpg\" alt=\"\" width=\"300\" height=\"221\" \/> <img loading=\"lazy\" decoding=\"async\" class=\"alignnone size-medium wp-image-2385\" src=\"http:\/\/www.spkatarzyna.pl\/wp-content\/uploads\/2022\/10\/PHOTO-2022-10-25-12-53-52-300x225.jpg\" alt=\"\" width=\"300\" height=\"225\" srcset=\"https:\/\/www.spkatarzyna.pl\/wp-content\/uploads\/2022\/10\/PHOTO-2022-10-25-12-53-52-300x225.jpg 300w, https:\/\/www.spkatarzyna.pl\/wp-content\/uploads\/2022\/10\/PHOTO-2022-10-25-12-53-52-768x576.jpg 768w, https:\/\/www.spkatarzyna.pl\/wp-content\/uploads\/2022\/10\/PHOTO-2022-10-25-12-53-52.jpg 1024w\" sizes=\"(max-width: 300px) 100vw, 300px\" \/><\/p>\n","protected":false},"excerpt":{"rendered":"<p>25 pa\u017adziernika (wtorek) na d\u0142ugiej przerwie o godz. 12:30 nasza szko\u0142a bra\u0142a udzia\u0142 w III MI\u0118DZYNARODOWEJ EDYCJI VII OG\u00d3LNOPOLSKIEJ AKCJI PRZERWA NA CZYTANIE &#8211; BICIE REKORDU W CZYTANIU NA PRZERWIE. Celem akcji jest promocja czytelnictwa w\u015br\u00f3d dzieci i m\u0142odzie\u017cy, zach\u0119cenie uczni\u00f3w do si\u0119gania po ksi\u0105\u017ck\u0119 w ka\u017cdej sytuacji i ka\u017cdym [&hellip;]<\/p>\n","protected":false},"author":6,"featured_media":2491,"comment_status":"open","ping_status":"open","sticky":false,"template":"","format":"standard","meta":{"om_disable_all_campaigns":false,"_monsterinsights_skip_tracking":false,"ngg_post_thumbnail":0,"footnotes":""},"categories":[1],"tags":[],"class_list":["post-2357","post","type-post","status-publish","format-standard","has-post-thumbnail","hentry","category-uncategorized"],"aioseo_notices":[],"aioseo_head":"\n\t\t<!-- All in One SEO 5.0.1.1 - aioseo.com -->\n\t<meta name=\"description\" content=\"25 pa\u017adziernika (wtorek) na d\u0142ugiej przerwie o godz. 12:30 nasza szko\u0142a bra\u0142a udzia\u0142 w III MI\u0118DZYNARODOWEJ EDYCJI VII OG\u00d3LNOPOLSKIEJ AKCJI PRZERWA NA CZYTANIE - BICIE REKORDU W CZYTANIU NA PRZERWIE. Celem akcji jest promocja czytelnictwa w\u015br\u00f3d dzieci i m\u0142odzie\u017cy, zach\u0119cenie uczni\u00f3w do si\u0119gania po ksi\u0105\u017ck\u0119 w ka\u017cdej sytuacji i ka\u017cdym miejscu oraz pokazanie uczniom, \u017ce\" \/>\n\t<meta name=\"robots\" content=\"max-image-preview:large\" \/>\n\t<meta name=\"author\" content=\"Redakcja\"\/>\n\t<link rel=\"canonical\" href=\"https:\/\/www.spkatarzyna.pl\/index.php\/2022\/10\/26\/przerwa-na-czytanie-2022-bicie-rekordu-w-czytaniu\/\" \/>\n\t<meta name=\"generator\" content=\"All in One SEO (AIOSEO) 5.0.1.1\" \/>\n\t\t<meta property=\"og:locale\" content=\"pl_PL\" \/>\n\t\t<meta property=\"og:site_name\" content=\"SP Katarzyna - Publiczna Szko\u0142a Podstawowa w \u015awi\u0119tej Katarzynie\" \/>\n\t\t<meta property=\"og:type\" content=\"article\" \/>\n\t\t<meta property=\"og:title\" content=\"PRZERWA NA CZYTANIE 2022 - SP Katarzyna\" \/>\n\t\t<meta property=\"og:description\" content=\"25 pa\u017adziernika (wtorek) na d\u0142ugiej przerwie o godz. 12:30 nasza szko\u0142a bra\u0142a udzia\u0142 w III MI\u0118DZYNARODOWEJ EDYCJI VII OG\u00d3LNOPOLSKIEJ AKCJI PRZERWA NA CZYTANIE - BICIE REKORDU W CZYTANIU NA PRZERWIE. Celem akcji jest promocja czytelnictwa w\u015br\u00f3d dzieci i m\u0142odzie\u017cy, zach\u0119cenie uczni\u00f3w do si\u0119gania po ksi\u0105\u017ck\u0119 w ka\u017cdej sytuacji i ka\u017cdym miejscu oraz pokazanie uczniom, \u017ce\" \/>\n\t\t<meta property=\"og:url\" content=\"https:\/\/www.spkatarzyna.pl\/index.php\/2022\/10\/26\/przerwa-na-czytanie-2022-bicie-rekordu-w-czytaniu\/\" \/>\n\t\t<meta property=\"article:published_time\" content=\"2022-10-26T13:42:40+00:00\" \/>\n\t\t<meta property=\"article:modified_time\" content=\"2022-11-02T21:56:35+00:00\" \/>\n\t\t<meta name=\"twitter:card\" content=\"summary_large_image\" \/>\n\t\t<meta name=\"twitter:title\" content=\"PRZERWA NA CZYTANIE 2022 - SP Katarzyna\" \/>\n\t\t<meta name=\"twitter:description\" content=\"25 pa\u017adziernika (wtorek) na d\u0142ugiej przerwie o godz. 12:30 nasza szko\u0142a bra\u0142a udzia\u0142 w III MI\u0118DZYNARODOWEJ EDYCJI VII OG\u00d3LNOPOLSKIEJ AKCJI PRZERWA NA CZYTANIE - BICIE REKORDU W CZYTANIU NA PRZERWIE. Celem akcji jest promocja czytelnictwa w\u015br\u00f3d dzieci i m\u0142odzie\u017cy, zach\u0119cenie uczni\u00f3w do si\u0119gania po ksi\u0105\u017ck\u0119 w ka\u017cdej sytuacji i ka\u017cdym miejscu oraz pokazanie uczniom, \u017ce\" \/>\n\t\t<script type=\"application\/ld+json\" class=\"aioseo-schema\">\n\t\t\t{\"@context\":\"https:\\\/\\\/schema.org\",\"@graph\":[{\"@type\":\"BlogPosting\",\"@id\":\"https:\\\/\\\/www.spkatarzyna.pl\\\/index.php\\\/2022\\\/10\\\/26\\\/przerwa-na-czytanie-2022-bicie-rekordu-w-czytaniu\\\/#blogposting\",\"name\":\"PRZERWA NA CZYTANIE 2022 - SP Katarzyna\",\"headline\":\"PRZERWA NA CZYTANIE 2022\",\"author\":{\"@id\":\"https:\\\/\\\/www.spkatarzyna.pl\\\/index.php\\\/author\\\/agatasafianspkatarzyna-pl\\\/#author\"},\"publisher\":{\"@id\":\"https:\\\/\\\/www.spkatarzyna.pl\\\/#organization\"},\"image\":{\"@type\":\"ImageObject\",\"url\":\"https:\\\/\\\/www.spkatarzyna.pl\\\/wp-content\\\/uploads\\\/2022\\\/10\\\/DSC07211-1200x580-2-2.jpg\",\"width\":360,\"height\":240},\"datePublished\":\"2022-10-26T13:42:40+02:00\",\"dateModified\":\"2022-11-02T21:56:35+01:00\",\"inLanguage\":\"pl-PL\",\"mainEntityOfPage\":{\"@id\":\"https:\\\/\\\/www.spkatarzyna.pl\\\/index.php\\\/2022\\\/10\\\/26\\\/przerwa-na-czytanie-2022-bicie-rekordu-w-czytaniu\\\/#webpage\"},\"isPartOf\":{\"@id\":\"https:\\\/\\\/www.spkatarzyna.pl\\\/index.php\\\/2022\\\/10\\\/26\\\/przerwa-na-czytanie-2022-bicie-rekordu-w-czytaniu\\\/#webpage\"},\"articleSection\":\"Uncategorized\"},{\"@type\":\"BreadcrumbList\",\"@id\":\"https:\\\/\\\/www.spkatarzyna.pl\\\/index.php\\\/2022\\\/10\\\/26\\\/przerwa-na-czytanie-2022-bicie-rekordu-w-czytaniu\\\/#breadcrumblist\",\"itemListElement\":[{\"@type\":\"ListItem\",\"@id\":\"https:\\\/\\\/www.spkatarzyna.pl#listItem\",\"position\":1,\"name\":\"Dom\",\"item\":\"https:\\\/\\\/www.spkatarzyna.pl\",\"nextItem\":{\"@type\":\"ListItem\",\"@id\":\"https:\\\/\\\/www.spkatarzyna.pl\\\/index.php\\\/category\\\/uncategorized\\\/#listItem\",\"name\":\"Uncategorized\"}},{\"@type\":\"ListItem\",\"@id\":\"https:\\\/\\\/www.spkatarzyna.pl\\\/index.php\\\/category\\\/uncategorized\\\/#listItem\",\"position\":2,\"name\":\"Uncategorized\",\"item\":\"https:\\\/\\\/www.spkatarzyna.pl\\\/index.php\\\/category\\\/uncategorized\\\/\",\"nextItem\":{\"@type\":\"ListItem\",\"@id\":\"https:\\\/\\\/www.spkatarzyna.pl\\\/index.php\\\/2022\\\/10\\\/26\\\/przerwa-na-czytanie-2022-bicie-rekordu-w-czytaniu\\\/#listItem\",\"name\":\"PRZERWA NA CZYTANIE 2022\"},\"previousItem\":{\"@type\":\"ListItem\",\"@id\":\"https:\\\/\\\/www.spkatarzyna.pl#listItem\",\"name\":\"Dom\"}},{\"@type\":\"ListItem\",\"@id\":\"https:\\\/\\\/www.spkatarzyna.pl\\\/index.php\\\/2022\\\/10\\\/26\\\/przerwa-na-czytanie-2022-bicie-rekordu-w-czytaniu\\\/#listItem\",\"position\":3,\"name\":\"PRZERWA NA CZYTANIE 2022\",\"previousItem\":{\"@type\":\"ListItem\",\"@id\":\"https:\\\/\\\/www.spkatarzyna.pl\\\/index.php\\\/category\\\/uncategorized\\\/#listItem\",\"name\":\"Uncategorized\"}}]},{\"@type\":\"Organization\",\"@id\":\"https:\\\/\\\/www.spkatarzyna.pl\\\/#organization\",\"name\":\"SP Katarzyna\",\"description\":\"Publiczna Szko\\u0142a Podstawowa w \\u015awi\\u0119tej Katarzynie\",\"url\":\"https:\\\/\\\/www.spkatarzyna.pl\\\/\",\"telephone\":\"+48713116378\",\"sameAs\":[\"https:\\\/\\\/facebook.com\\\/\",\"https:\\\/\\\/x.com\\\/\",\"https:\\\/\\\/instagram.com\\\/\",\"https:\\\/\\\/pinterest.com\\\/\",\"https:\\\/\\\/youtube.com\\\/\",\"https:\\\/\\\/linkedin.com\\\/in\\\/\"]},{\"@type\":\"Person\",\"@id\":\"https:\\\/\\\/www.spkatarzyna.pl\\\/index.php\\\/author\\\/agatasafianspkatarzyna-pl\\\/#author\",\"url\":\"https:\\\/\\\/www.spkatarzyna.pl\\\/index.php\\\/author\\\/agatasafianspkatarzyna-pl\\\/\",\"name\":\"Redakcja\",\"image\":{\"@type\":\"ImageObject\",\"@id\":\"https:\\\/\\\/www.spkatarzyna.pl\\\/index.php\\\/2022\\\/10\\\/26\\\/przerwa-na-czytanie-2022-bicie-rekordu-w-czytaniu\\\/#authorImage\",\"url\":\"https:\\\/\\\/secure.gravatar.com\\\/avatar\\\/765290513df94d442152250e92b42327?s=96&d=mm&r=g\",\"width\":96,\"height\":96,\"caption\":\"Redakcja\"}},{\"@type\":\"WebPage\",\"@id\":\"https:\\\/\\\/www.spkatarzyna.pl\\\/index.php\\\/2022\\\/10\\\/26\\\/przerwa-na-czytanie-2022-bicie-rekordu-w-czytaniu\\\/#webpage\",\"url\":\"https:\\\/\\\/www.spkatarzyna.pl\\\/index.php\\\/2022\\\/10\\\/26\\\/przerwa-na-czytanie-2022-bicie-rekordu-w-czytaniu\\\/\",\"name\":\"PRZERWA NA CZYTANIE 2022 - SP Katarzyna\",\"description\":\"25 pa\\u017adziernika (wtorek) na d\\u0142ugiej przerwie o godz. 12:30 nasza szko\\u0142a bra\\u0142a udzia\\u0142 w III MI\\u0118DZYNARODOWEJ EDYCJI VII OG\\u00d3LNOPOLSKIEJ AKCJI PRZERWA NA CZYTANIE - BICIE REKORDU W CZYTANIU NA PRZERWIE. Celem akcji jest promocja czytelnictwa w\\u015br\\u00f3d dzieci i m\\u0142odzie\\u017cy, zach\\u0119cenie uczni\\u00f3w do si\\u0119gania po ksi\\u0105\\u017ck\\u0119 w ka\\u017cdej sytuacji i ka\\u017cdym miejscu oraz pokazanie uczniom, \\u017ce\",\"inLanguage\":\"pl-PL\",\"isPartOf\":{\"@id\":\"https:\\\/\\\/www.spkatarzyna.pl\\\/#website\"},\"breadcrumb\":{\"@id\":\"https:\\\/\\\/www.spkatarzyna.pl\\\/index.php\\\/2022\\\/10\\\/26\\\/przerwa-na-czytanie-2022-bicie-rekordu-w-czytaniu\\\/#breadcrumblist\"},\"author\":{\"@id\":\"https:\\\/\\\/www.spkatarzyna.pl\\\/index.php\\\/author\\\/agatasafianspkatarzyna-pl\\\/#author\"},\"creator\":{\"@id\":\"https:\\\/\\\/www.spkatarzyna.pl\\\/index.php\\\/author\\\/agatasafianspkatarzyna-pl\\\/#author\"},\"image\":{\"@type\":\"ImageObject\",\"url\":\"https:\\\/\\\/www.spkatarzyna.pl\\\/wp-content\\\/uploads\\\/2022\\\/10\\\/DSC07211-1200x580-2-2.jpg\",\"@id\":\"https:\\\/\\\/www.spkatarzyna.pl\\\/index.php\\\/2022\\\/10\\\/26\\\/przerwa-na-czytanie-2022-bicie-rekordu-w-czytaniu\\\/#mainImage\",\"width\":360,\"height\":240},\"primaryImageOfPage\":{\"@id\":\"https:\\\/\\\/www.spkatarzyna.pl\\\/index.php\\\/2022\\\/10\\\/26\\\/przerwa-na-czytanie-2022-bicie-rekordu-w-czytaniu\\\/#mainImage\"},\"datePublished\":\"2022-10-26T13:42:40+02:00\",\"dateModified\":\"2022-11-02T21:56:35+01:00\"},{\"@type\":\"WebSite\",\"@id\":\"https:\\\/\\\/www.spkatarzyna.pl\\\/#website\",\"url\":\"https:\\\/\\\/www.spkatarzyna.pl\\\/\",\"name\":\"SP Katarzyna\",\"description\":\"Publiczna Szko\\u0142a Podstawowa w \\u015awi\\u0119tej Katarzynie\",\"inLanguage\":\"pl-PL\",\"publisher\":{\"@id\":\"https:\\\/\\\/www.spkatarzyna.pl\\\/#organization\"}}]}\n\t\t<\/script>\n\t\t<!-- All in One SEO -->\n\n","aioseo_head_json":{"title":"PRZERWA NA CZYTANIE 2022 - SP Katarzyna","description":"25 pa\u017adziernika (wtorek) na d\u0142ugiej przerwie o godz. 12:30 nasza szko\u0142a bra\u0142a udzia\u0142 w III MI\u0118DZYNARODOWEJ EDYCJI VII OG\u00d3LNOPOLSKIEJ AKCJI PRZERWA NA CZYTANIE - BICIE REKORDU W CZYTANIU NA PRZERWIE. Celem akcji jest promocja czytelnictwa w\u015br\u00f3d dzieci i m\u0142odzie\u017cy, zach\u0119cenie uczni\u00f3w do si\u0119gania po ksi\u0105\u017ck\u0119 w ka\u017cdej sytuacji i ka\u017cdym miejscu oraz pokazanie uczniom, \u017ce","canonical_url":"https:\/\/www.spkatarzyna.pl\/index.php\/2022\/10\/26\/przerwa-na-czytanie-2022-bicie-rekordu-w-czytaniu\/","robots":"max-image-preview:large","keywords":"","webmasterTools":{"miscellaneous":""},"schema":{"@context":"https:\/\/schema.org","@graph":[{"@type":"BlogPosting","@id":"https:\/\/www.spkatarzyna.pl\/index.php\/2022\/10\/26\/przerwa-na-czytanie-2022-bicie-rekordu-w-czytaniu\/#blogposting","name":"PRZERWA NA CZYTANIE 2022 - SP Katarzyna","headline":"PRZERWA NA CZYTANIE 2022","author":{"@id":"https:\/\/www.spkatarzyna.pl\/index.php\/author\/agatasafianspkatarzyna-pl\/#author"},"publisher":{"@id":"https:\/\/www.spkatarzyna.pl\/#organization"},"image":{"@type":"ImageObject","url":"https:\/\/www.spkatarzyna.pl\/wp-content\/uploads\/2022\/10\/DSC07211-1200x580-2-2.jpg","width":360,"height":240},"datePublished":"2022-10-26T13:42:40+02:00","dateModified":"2022-11-02T21:56:35+01:00","inLanguage":"pl-PL","mainEntityOfPage":{"@id":"https:\/\/www.spkatarzyna.pl\/index.php\/2022\/10\/26\/przerwa-na-czytanie-2022-bicie-rekordu-w-czytaniu\/#webpage"},"isPartOf":{"@id":"https:\/\/www.spkatarzyna.pl\/index.php\/2022\/10\/26\/przerwa-na-czytanie-2022-bicie-rekordu-w-czytaniu\/#webpage"},"articleSection":"Uncategorized"},{"@type":"BreadcrumbList","@id":"https:\/\/www.spkatarzyna.pl\/index.php\/2022\/10\/26\/przerwa-na-czytanie-2022-bicie-rekordu-w-czytaniu\/#breadcrumblist","itemListElement":[{"@type":"ListItem","@id":"https:\/\/www.spkatarzyna.pl#listItem","position":1,"name":"Dom","item":"https:\/\/www.spkatarzyna.pl","nextItem":{"@type":"ListItem","@id":"https:\/\/www.spkatarzyna.pl\/index.php\/category\/uncategorized\/#listItem","name":"Uncategorized"}},{"@type":"ListItem","@id":"https:\/\/www.spkatarzyna.pl\/index.php\/category\/uncategorized\/#listItem","position":2,"name":"Uncategorized","item":"https:\/\/www.spkatarzyna.pl\/index.php\/category\/uncategorized\/","nextItem":{"@type":"ListItem","@id":"https:\/\/www.spkatarzyna.pl\/index.php\/2022\/10\/26\/przerwa-na-czytanie-2022-bicie-rekordu-w-czytaniu\/#listItem","name":"PRZERWA NA CZYTANIE 2022"},"previousItem":{"@type":"ListItem","@id":"https:\/\/www.spkatarzyna.pl#listItem","name":"Dom"}},{"@type":"ListItem","@id":"https:\/\/www.spkatarzyna.pl\/index.php\/2022\/10\/26\/przerwa-na-czytanie-2022-bicie-rekordu-w-czytaniu\/#listItem","position":3,"name":"PRZERWA NA CZYTANIE 2022","previousItem":{"@type":"ListItem","@id":"https:\/\/www.spkatarzyna.pl\/index.php\/category\/uncategorized\/#listItem","name":"Uncategorized"}}]},{"@type":"Organization","@id":"https:\/\/www.spkatarzyna.pl\/#organization","name":"SP Katarzyna","description":"Publiczna Szko\u0142a Podstawowa w \u015awi\u0119tej Katarzynie","url":"https:\/\/www.spkatarzyna.pl\/","telephone":"+48713116378","sameAs":["https:\/\/facebook.com\/","https:\/\/x.com\/","https:\/\/instagram.com\/","https:\/\/pinterest.com\/","https:\/\/youtube.com\/","https:\/\/linkedin.com\/in\/"]},{"@type":"Person","@id":"https:\/\/www.spkatarzyna.pl\/index.php\/author\/agatasafianspkatarzyna-pl\/#author","url":"https:\/\/www.spkatarzyna.pl\/index.php\/author\/agatasafianspkatarzyna-pl\/","name":"Redakcja","image":{"@type":"ImageObject","@id":"https:\/\/www.spkatarzyna.pl\/index.php\/2022\/10\/26\/przerwa-na-czytanie-2022-bicie-rekordu-w-czytaniu\/#authorImage","url":"https:\/\/secure.gravatar.com\/avatar\/765290513df94d442152250e92b42327?s=96&d=mm&r=g","width":96,"height":96,"caption":"Redakcja"}},{"@type":"WebPage","@id":"https:\/\/www.spkatarzyna.pl\/index.php\/2022\/10\/26\/przerwa-na-czytanie-2022-bicie-rekordu-w-czytaniu\/#webpage","url":"https:\/\/www.spkatarzyna.pl\/index.php\/2022\/10\/26\/przerwa-na-czytanie-2022-bicie-rekordu-w-czytaniu\/","name":"PRZERWA NA CZYTANIE 2022 - SP Katarzyna","description":"25 pa\u017adziernika (wtorek) na d\u0142ugiej przerwie o godz. 12:30 nasza szko\u0142a bra\u0142a udzia\u0142 w III MI\u0118DZYNARODOWEJ EDYCJI VII OG\u00d3LNOPOLSKIEJ AKCJI PRZERWA NA CZYTANIE - BICIE REKORDU W CZYTANIU NA PRZERWIE. Celem akcji jest promocja czytelnictwa w\u015br\u00f3d dzieci i m\u0142odzie\u017cy, zach\u0119cenie uczni\u00f3w do si\u0119gania po ksi\u0105\u017ck\u0119 w ka\u017cdej sytuacji i ka\u017cdym miejscu oraz pokazanie uczniom, \u017ce","inLanguage":"pl-PL","isPartOf":{"@id":"https:\/\/www.spkatarzyna.pl\/#website"},"breadcrumb":{"@id":"https:\/\/www.spkatarzyna.pl\/index.php\/2022\/10\/26\/przerwa-na-czytanie-2022-bicie-rekordu-w-czytaniu\/#breadcrumblist"},"author":{"@id":"https:\/\/www.spkatarzyna.pl\/index.php\/author\/agatasafianspkatarzyna-pl\/#author"},"creator":{"@id":"https:\/\/www.spkatarzyna.pl\/index.php\/author\/agatasafianspkatarzyna-pl\/#author"},"image":{"@type":"ImageObject","url":"https:\/\/www.spkatarzyna.pl\/wp-content\/uploads\/2022\/10\/DSC07211-1200x580-2-2.jpg","@id":"https:\/\/www.spkatarzyna.pl\/index.php\/2022\/10\/26\/przerwa-na-czytanie-2022-bicie-rekordu-w-czytaniu\/#mainImage","width":360,"height":240},"primaryImageOfPage":{"@id":"https:\/\/www.spkatarzyna.pl\/index.php\/2022\/10\/26\/przerwa-na-czytanie-2022-bicie-rekordu-w-czytaniu\/#mainImage"},"datePublished":"2022-10-26T13:42:40+02:00","dateModified":"2022-11-02T21:56:35+01:00"},{"@type":"WebSite","@id":"https:\/\/www.spkatarzyna.pl\/#website","url":"https:\/\/www.spkatarzyna.pl\/","name":"SP Katarzyna","description":"Publiczna Szko\u0142a Podstawowa w \u015awi\u0119tej Katarzynie","inLanguage":"pl-PL","publisher":{"@id":"https:\/\/www.spkatarzyna.pl\/#organization"}}]},"og:locale":"pl_PL","og:site_name":"SP Katarzyna - Publiczna Szko\u0142a Podstawowa w \u015awi\u0119tej Katarzynie","og:type":"article","og:title":"PRZERWA NA CZYTANIE 2022 - SP Katarzyna","og:description":"25 pa\u017adziernika (wtorek) na d\u0142ugiej przerwie o godz. 12:30 nasza szko\u0142a bra\u0142a udzia\u0142 w III MI\u0118DZYNARODOWEJ EDYCJI VII OG\u00d3LNOPOLSKIEJ AKCJI PRZERWA NA CZYTANIE - BICIE REKORDU W CZYTANIU NA PRZERWIE. Celem akcji jest promocja czytelnictwa w\u015br\u00f3d dzieci i m\u0142odzie\u017cy, zach\u0119cenie uczni\u00f3w do si\u0119gania po ksi\u0105\u017ck\u0119 w ka\u017cdej sytuacji i ka\u017cdym miejscu oraz pokazanie uczniom, \u017ce","og:url":"https:\/\/www.spkatarzyna.pl\/index.php\/2022\/10\/26\/przerwa-na-czytanie-2022-bicie-rekordu-w-czytaniu\/","article:published_time":"2022-10-26T13:42:40+00:00","article:modified_time":"2022-11-02T21:56:35+00:00","twitter:card":"summary_large_image","twitter:title":"PRZERWA NA CZYTANIE 2022 - SP Katarzyna","twitter:description":"25 pa\u017adziernika (wtorek) na d\u0142ugiej przerwie o godz. 12:30 nasza szko\u0142a bra\u0142a udzia\u0142 w III MI\u0118DZYNARODOWEJ EDYCJI VII OG\u00d3LNOPOLSKIEJ AKCJI PRZERWA NA CZYTANIE - BICIE REKORDU W CZYTANIU NA PRZERWIE. Celem akcji jest promocja czytelnictwa w\u015br\u00f3d dzieci i m\u0142odzie\u017cy, zach\u0119cenie uczni\u00f3w do si\u0119gania po ksi\u0105\u017ck\u0119 w ka\u017cdej sytuacji i ka\u017cdym miejscu oraz pokazanie uczniom, \u017ce"},"aioseo_meta_data":{"post_id":"2357","title":null,"description":null,"keywords":null,"keyphrases":null,"primary_term":null,"canonical_url":null,"og_title":null,"og_description":null,"og_object_type":"default","og_image_type":"default","og_image_url":null,"og_image_width":null,"og_image_height":null,"og_image_custom_url":null,"og_image_custom_fields":null,"og_video":null,"og_custom_url":null,"og_article_section":null,"og_article_tags":null,"twitter_use_og":false,"twitter_card":"default","twitter_image_type":"default","twitter_image_url":null,"twitter_image_custom_url":null,"twitter_image_custom_fields":null,"twitter_title":null,"twitter_description":null,"schema":{"blockGraphs":[],"customGraphs":[],"default":{"data":{"Article":[],"Course":[],"Dataset":[],"FAQPage":[],"Movie":[],"Person":[],"Product":[],"ProductReview":[],"Car":[],"Recipe":[],"Service":[],"SoftwareApplication":[],"WebPage":[]},"graphName":"","isEnabled":true},"graphs":[]},"schema_type":"default","schema_type_options":null,"pillar_content":false,"robots_default":true,"robots_noindex":false,"robots_noarchive":false,"robots_nosnippet":false,"robots_nofollow":false,"robots_noimageindex":false,"robots_noodp":false,"robots_notranslate":false,"robots_max_snippet":null,"robots_max_videopreview":null,"robots_max_imagepreview":"large","priority":null,"frequency":null,"local_seo":null,"limit_modified_date":false,"created":"2024-04-03 07:10:54","updated":"2026-09-03 13:52:32","focus_keyword":null,"additional_keywords":null,"truseo_locale":null,"ai":null,"breadcrumb_settings":null,"seo_analyzer_scan_date":null},"aioseo_breadcrumb":"<div class=\"aioseo-breadcrumbs\"><span class=\"aioseo-breadcrumb\">\n\t\t\t<a href=\"https:\/\/www.spkatarzyna.pl\" title=\"Dom\">Dom<\/a>\n\t\t<\/span><span class=\"aioseo-breadcrumb-separator\">&raquo;<\/span><span class=\"aioseo-breadcrumb\">\n\t\t\t<a href=\"https:\/\/www.spkatarzyna.pl\/index.php\/category\/uncategorized\/\" title=\"Uncategorized\">Uncategorized<\/a>\n\t\t<\/span><span class=\"aioseo-breadcrumb-separator\">&raquo;<\/span><span class=\"aioseo-breadcrumb\">\n\t\t\tPRZERWA NA CZYTANIE 2022\n\t\t<\/span><\/div>","aioseo_breadcrumb_json":[{"label":"Dom","link":"https:\/\/www.spkatarzyna.pl"},{"label":"Uncategorized","link":"https:\/\/www.spkatarzyna.pl\/index.php\/category\/uncategorized\/"},{"label":"PRZERWA NA CZYTANIE 2022","link":"https:\/\/www.spkatarzyna.pl\/index.php\/2022\/10\/26\/przerwa-na-czytanie-2022-bicie-rekordu-w-czytaniu\/"}],"_links":{"self":[{"href":"https:\/\/www.spkatarzyna.pl\/index.php\/wp-json\/wp\/v2\/posts\/2357","targetHints":{"allow":["GET"]}}],"collection":[{"href":"https:\/\/www.spkatarzyna.pl\/index.php\/wp-json\/wp\/v2\/posts"}],"about":[{"href":"https:\/\/www.spkatarzyna.pl\/index.php\/wp-json\/wp\/v2\/types\/post"}],"author":[{"embeddable":true,"href":"https:\/\/www.spkatarzyna.pl\/index.php\/wp-json\/wp\/v2\/users\/6"}],"replies":[{"embeddable":true,"href":"https:\/\/www.spkatarzyna.pl\/index.php\/wp-json\/wp\/v2\/comments?post=2357"}],"version-history":[{"count":2,"href":"https:\/\/www.spkatarzyna.pl\/index.php\/wp-json\/wp\/v2\/posts\/2357\/revisions"}],"predecessor-version":[{"id":2387,"href":"https:\/\/www.spkatarzyna.pl\/index.php\/wp-json\/wp\/v2\/posts\/2357\/revisions\/2387"}],"wp:featuredmedia":[{"embeddable":true,"href":"https:\/\/www.spkatarzyna.pl\/index.php\/wp-json\/wp\/v2\/media\/2491"}],"wp:attachment":[{"href":"https:\/\/www.spkatarzyna.pl\/index.php\/wp-json\/wp\/v2\/media?parent=2357"}],"wp:term":[{"taxonomy":"category","embeddable":true,"href":"https:\/\/www.spkatarzyna.pl\/index.php\/wp-json\/wp\/v2\/categories?post=2357"},{"taxonomy":"post_tag","embeddable":true,"href":"https:\/\/www.spkatarzyna.pl\/index.php\/wp-json\/wp\/v2\/tags?post=2357"}],"curies":[{"name":"wp","href":"https:\/\/api.w.org\/{rel}","templated":true}]}}