{"id":2429,"date":"2022-10-28T20:42:11","date_gmt":"2022-10-28T20:42:11","guid":{"rendered":"http:\/\/www.spkatarzyna.pl\/?p=2429"},"modified":"2022-11-14T17:27:15","modified_gmt":"2022-11-14T17:27:15","slug":"mickiewiczowskie-zaduszki","status":"publish","type":"post","link":"https:\/\/www.spkatarzyna.pl\/index.php\/2022\/10\/28\/mickiewiczowskie-zaduszki\/","title":{"rendered":"Mickiewiczowskie Zaduszki"},"content":{"rendered":"\t\t<div data-elementor-type=\"wp-post\" data-elementor-id=\"2429\" class=\"elementor elementor-2429\">\n\t\t\t\t\t\t<section class=\"elementor-section elementor-top-section elementor-element elementor-element-41a60429 elementor-section-boxed elementor-section-height-default elementor-section-height-default\" data-id=\"41a60429\" data-element_type=\"section\">\n\t\t\t\t\t\t<div class=\"elementor-container elementor-column-gap-default\">\n\t\t\t\t\t<div class=\"elementor-column elementor-col-100 elementor-top-column elementor-element elementor-element-5da8daa7\" data-id=\"5da8daa7\" data-element_type=\"column\">\n\t\t\t<div class=\"elementor-widget-wrap elementor-element-populated\">\n\t\t\t\t\t\t<div class=\"elementor-element elementor-element-7d42b62c elementor-widget elementor-widget-text-editor\" data-id=\"7d42b62c\" data-element_type=\"widget\" data-widget_type=\"text-editor.default\">\n\t\t\t\t\t\t\t\t\t<p style=\"text-align: justify;\">28 pa\u017adziernika grupa uczni\u00f3w z klasy 8a przygotowa\u0142a przedstawienie teatralne &#8222;Dziady&#8221; cz. II Adama Mickiewicza.\u00a0\u00a0<em>Dziady <\/em>to uroczysto\u015b\u0107 po\u015bwi\u0119cona duchom zmar\u0142ych. Obrz\u0119dom przewodniczy\u0142 Gu\u015blarz, to on wydawa\u0142 polecenia ludowi i przywo\u0142ywa\u0142 kolejne przebywaj\u0105ce w czy\u015b\u0107cu duchy.\u00a0 Z przedstawienia p\u0142ynie konkretna nauka. Mamy nadziej\u0119, \u017ce i tym razem w \u017cyciu ka\u017cdego z nas zwyci\u0119\u017cy dobro i pomoc drugiemu cz\u0142owiekowi, a wszelkie z\u0142o i egoizm p\u00f3jd\u0105 w zapomnienie.<\/p>\t\t\t\t\t\t\t\t<\/div>\n\t\t\t\t<div class=\"elementor-element elementor-element-9fe3e2f elementor-widget elementor-widget-gallery\" data-id=\"9fe3e2f\" data-element_type=\"widget\" data-settings=\"{&quot;lazyload&quot;:&quot;yes&quot;,&quot;gallery_layout&quot;:&quot;grid&quot;,&quot;columns&quot;:4,&quot;columns_tablet&quot;:2,&quot;columns_mobile&quot;:1,&quot;gap&quot;:{&quot;unit&quot;:&quot;px&quot;,&quot;size&quot;:10,&quot;sizes&quot;:[]},&quot;gap_tablet&quot;:{&quot;unit&quot;:&quot;px&quot;,&quot;size&quot;:10,&quot;sizes&quot;:[]},&quot;gap_mobile&quot;:{&quot;unit&quot;:&quot;px&quot;,&quot;size&quot;:10,&quot;sizes&quot;:[]},&quot;link_to&quot;:&quot;file&quot;,&quot;aspect_ratio&quot;:&quot;3:2&quot;,&quot;overlay_background&quot;:&quot;yes&quot;,&quot;content_hover_animation&quot;:&quot;fade-in&quot;}\" data-widget_type=\"gallery.default\">\n\t\t\t\t<div class=\"elementor-widget-container\">\n\t\t\t\t\t\t\t<div class=\"elementor-gallery__container\">\n\t\t\t\t\t\t\t<a class=\"e-gallery-item elementor-gallery-item elementor-animated-content\" href=\"https:\/\/www.spkatarzyna.pl\/wp-content\/uploads\/2022\/10\/PHOTO-2022-10-28-12-47-21-6.jpg\" data-elementor-open-lightbox=\"yes\" data-elementor-lightbox-slideshow=\"all-9fe3e2f\" data-elementor-lightbox-title=\"PHOTO-2022-10-28-12-47-21-6\" data-e-action-hash=\"#elementor-action%3Aaction%3Dlightbox%26settings%3DeyJpZCI6MjQzOCwidXJsIjoiaHR0cHM6XC9cL3d3dy5zcGthdGFyenluYS5wbFwvd3AtY29udGVudFwvdXBsb2Fkc1wvMjAyMlwvMTBcL1BIT1RPLTIwMjItMTAtMjgtMTItNDctMjEtNi5qcGciLCJzbGlkZXNob3ciOiJhbGwtOWZlM2UyZiJ9\" rel=\"lightbox[2429]\">\n\t\t\t\t\t<div class=\"e-gallery-image elementor-gallery-item__image\" data-thumbnail=\"https:\/\/www.spkatarzyna.pl\/wp-content\/uploads\/2022\/10\/PHOTO-2022-10-28-12-47-21-6-300x199.jpg\" data-width=\"300\" data-height=\"199\" alt=\"\" ><\/div>\n\t\t\t\t\t\t\t\t\t\t<div class=\"elementor-gallery-item__overlay\"><\/div>\n\t\t\t\t\t\t\t\t\t\t\t\t\t\t<\/a>\n\t\t\t\t\t\t\t<a class=\"e-gallery-item elementor-gallery-item elementor-animated-content\" href=\"https:\/\/www.spkatarzyna.pl\/wp-content\/uploads\/2022\/10\/PHOTO-2022-10-28-12-47-21.jpg\" data-elementor-open-lightbox=\"yes\" data-elementor-lightbox-slideshow=\"all-9fe3e2f\" data-elementor-lightbox-title=\"PHOTO-2022-10-28-12-47-21\" data-e-action-hash=\"#elementor-action%3Aaction%3Dlightbox%26settings%3DeyJpZCI6MjQ0MywidXJsIjoiaHR0cHM6XC9cL3d3dy5zcGthdGFyenluYS5wbFwvd3AtY29udGVudFwvdXBsb2Fkc1wvMjAyMlwvMTBcL1BIT1RPLTIwMjItMTAtMjgtMTItNDctMjEuanBnIiwic2xpZGVzaG93IjoiYWxsLTlmZTNlMmYifQ%3D%3D\" rel=\"lightbox[2429]\">\n\t\t\t\t\t<div class=\"e-gallery-image elementor-gallery-item__image\" data-thumbnail=\"https:\/\/www.spkatarzyna.pl\/wp-content\/uploads\/2022\/10\/PHOTO-2022-10-28-12-47-21-300x235.jpg\" data-width=\"300\" data-height=\"235\" alt=\"\" ><\/div>\n\t\t\t\t\t\t\t\t\t\t<div class=\"elementor-gallery-item__overlay\"><\/div>\n\t\t\t\t\t\t\t\t\t\t\t\t\t\t<\/a>\n\t\t\t\t\t\t\t<a class=\"e-gallery-item elementor-gallery-item elementor-animated-content\" href=\"https:\/\/www.spkatarzyna.pl\/wp-content\/uploads\/2022\/11\/part000001-2.jpg\" data-elementor-open-lightbox=\"yes\" data-elementor-lightbox-slideshow=\"all-9fe3e2f\" data-elementor-lightbox-title=\"part000001 (2)\" data-e-action-hash=\"#elementor-action%3Aaction%3Dlightbox%26settings%3DeyJpZCI6MjUzMiwidXJsIjoiaHR0cHM6XC9cL3d3dy5zcGthdGFyenluYS5wbFwvd3AtY29udGVudFwvdXBsb2Fkc1wvMjAyMlwvMTFcL3BhcnQwMDAwMDEtMi5qcGciLCJzbGlkZXNob3ciOiJhbGwtOWZlM2UyZiJ9\" rel=\"lightbox[2429]\">\n\t\t\t\t\t<div class=\"e-gallery-image elementor-gallery-item__image\" data-thumbnail=\"https:\/\/www.spkatarzyna.pl\/wp-content\/uploads\/2022\/11\/part000001-2-300x224.jpg\" data-width=\"300\" data-height=\"224\" alt=\"\" ><\/div>\n\t\t\t\t\t\t\t\t\t\t<div class=\"elementor-gallery-item__overlay\"><\/div>\n\t\t\t\t\t\t\t\t\t\t\t\t\t\t<\/a>\n\t\t\t\t\t\t\t<a class=\"e-gallery-item elementor-gallery-item elementor-animated-content\" href=\"https:\/\/www.spkatarzyna.pl\/wp-content\/uploads\/2022\/10\/PHOTO-2022-10-28-12-47-21-8-3-2.jpg\" data-elementor-open-lightbox=\"yes\" data-elementor-lightbox-slideshow=\"all-9fe3e2f\" data-elementor-lightbox-title=\"PHOTO-2022-10-28-12-47-21-8-3-2\" data-e-action-hash=\"#elementor-action%3Aaction%3Dlightbox%26settings%3DeyJpZCI6MjQ4OSwidXJsIjoiaHR0cHM6XC9cL3d3dy5zcGthdGFyenluYS5wbFwvd3AtY29udGVudFwvdXBsb2Fkc1wvMjAyMlwvMTBcL1BIT1RPLTIwMjItMTAtMjgtMTItNDctMjEtOC0zLTIuanBnIiwic2xpZGVzaG93IjoiYWxsLTlmZTNlMmYifQ%3D%3D\" rel=\"lightbox[2429]\">\n\t\t\t\t\t<div class=\"e-gallery-image elementor-gallery-item__image\" data-thumbnail=\"https:\/\/www.spkatarzyna.pl\/wp-content\/uploads\/2022\/10\/PHOTO-2022-10-28-12-47-21-8-3-2-300x200.jpg\" data-width=\"300\" data-height=\"200\" alt=\"\" ><\/div>\n\t\t\t\t\t\t\t\t\t\t<div class=\"elementor-gallery-item__overlay\"><\/div>\n\t\t\t\t\t\t\t\t\t\t\t\t\t\t<\/a>\n\t\t\t\t\t\t\t<a class=\"e-gallery-item elementor-gallery-item elementor-animated-content\" href=\"https:\/\/www.spkatarzyna.pl\/wp-content\/uploads\/2022\/10\/PHOTO-2022-10-28-12-47-21-2.jpg\" data-elementor-open-lightbox=\"yes\" data-elementor-lightbox-slideshow=\"all-9fe3e2f\" data-elementor-lightbox-title=\"PHOTO-2022-10-28-12-47-21-2\" data-e-action-hash=\"#elementor-action%3Aaction%3Dlightbox%26settings%3DeyJpZCI6MjQ0MiwidXJsIjoiaHR0cHM6XC9cL3d3dy5zcGthdGFyenluYS5wbFwvd3AtY29udGVudFwvdXBsb2Fkc1wvMjAyMlwvMTBcL1BIT1RPLTIwMjItMTAtMjgtMTItNDctMjEtMi5qcGciLCJzbGlkZXNob3ciOiJhbGwtOWZlM2UyZiJ9\" rel=\"lightbox[2429]\">\n\t\t\t\t\t<div class=\"e-gallery-image elementor-gallery-item__image\" data-thumbnail=\"https:\/\/www.spkatarzyna.pl\/wp-content\/uploads\/2022\/10\/PHOTO-2022-10-28-12-47-21-2-300x224.jpg\" data-width=\"300\" data-height=\"224\" alt=\"\" ><\/div>\n\t\t\t\t\t\t\t\t\t\t<div class=\"elementor-gallery-item__overlay\"><\/div>\n\t\t\t\t\t\t\t\t\t\t\t\t\t\t<\/a>\n\t\t\t\t\t\t\t<a class=\"e-gallery-item elementor-gallery-item elementor-animated-content\" href=\"https:\/\/www.spkatarzyna.pl\/wp-content\/uploads\/2022\/10\/PHOTO-2022-10-28-12-47-21-3.jpg\" data-elementor-open-lightbox=\"yes\" data-elementor-lightbox-slideshow=\"all-9fe3e2f\" data-elementor-lightbox-title=\"PHOTO-2022-10-28-12-47-21-3\" data-e-action-hash=\"#elementor-action%3Aaction%3Dlightbox%26settings%3DeyJpZCI6MjQ0MSwidXJsIjoiaHR0cHM6XC9cL3d3dy5zcGthdGFyenluYS5wbFwvd3AtY29udGVudFwvdXBsb2Fkc1wvMjAyMlwvMTBcL1BIT1RPLTIwMjItMTAtMjgtMTItNDctMjEtMy5qcGciLCJzbGlkZXNob3ciOiJhbGwtOWZlM2UyZiJ9\" rel=\"lightbox[2429]\">\n\t\t\t\t\t<div class=\"e-gallery-image elementor-gallery-item__image\" data-thumbnail=\"https:\/\/www.spkatarzyna.pl\/wp-content\/uploads\/2022\/10\/PHOTO-2022-10-28-12-47-21-3-300x217.jpg\" data-width=\"300\" data-height=\"217\" alt=\"\" ><\/div>\n\t\t\t\t\t\t\t\t\t\t<div class=\"elementor-gallery-item__overlay\"><\/div>\n\t\t\t\t\t\t\t\t\t\t\t\t\t\t<\/a>\n\t\t\t\t\t\t\t<a class=\"e-gallery-item elementor-gallery-item elementor-animated-content\" href=\"https:\/\/www.spkatarzyna.pl\/wp-content\/uploads\/2022\/10\/PHOTO-2022-10-28-12-47-21-4.jpg\" data-elementor-open-lightbox=\"yes\" data-elementor-lightbox-slideshow=\"all-9fe3e2f\" data-elementor-lightbox-title=\"PHOTO-2022-10-28-12-47-21-4\" data-e-action-hash=\"#elementor-action%3Aaction%3Dlightbox%26settings%3DeyJpZCI6MjQ0MCwidXJsIjoiaHR0cHM6XC9cL3d3dy5zcGthdGFyenluYS5wbFwvd3AtY29udGVudFwvdXBsb2Fkc1wvMjAyMlwvMTBcL1BIT1RPLTIwMjItMTAtMjgtMTItNDctMjEtNC5qcGciLCJzbGlkZXNob3ciOiJhbGwtOWZlM2UyZiJ9\" rel=\"lightbox[2429]\">\n\t\t\t\t\t<div class=\"e-gallery-image elementor-gallery-item__image\" data-thumbnail=\"https:\/\/www.spkatarzyna.pl\/wp-content\/uploads\/2022\/10\/PHOTO-2022-10-28-12-47-21-4-300x221.jpg\" data-width=\"300\" data-height=\"221\" alt=\"\" ><\/div>\n\t\t\t\t\t\t\t\t\t\t<div class=\"elementor-gallery-item__overlay\"><\/div>\n\t\t\t\t\t\t\t\t\t\t\t\t\t\t<\/a>\n\t\t\t\t\t\t\t<a class=\"e-gallery-item elementor-gallery-item elementor-animated-content\" href=\"https:\/\/www.spkatarzyna.pl\/wp-content\/uploads\/2022\/10\/PHOTO-2022-10-28-12-47-21-5.jpg\" data-elementor-open-lightbox=\"yes\" data-elementor-lightbox-slideshow=\"all-9fe3e2f\" data-elementor-lightbox-title=\"PHOTO-2022-10-28-12-47-21-5\" data-e-action-hash=\"#elementor-action%3Aaction%3Dlightbox%26settings%3DeyJpZCI6MjQzOSwidXJsIjoiaHR0cHM6XC9cL3d3dy5zcGthdGFyenluYS5wbFwvd3AtY29udGVudFwvdXBsb2Fkc1wvMjAyMlwvMTBcL1BIT1RPLTIwMjItMTAtMjgtMTItNDctMjEtNS5qcGciLCJzbGlkZXNob3ciOiJhbGwtOWZlM2UyZiJ9\" rel=\"lightbox[2429]\">\n\t\t\t\t\t<div class=\"e-gallery-image elementor-gallery-item__image\" data-thumbnail=\"https:\/\/www.spkatarzyna.pl\/wp-content\/uploads\/2022\/10\/PHOTO-2022-10-28-12-47-21-5-300x225.jpg\" data-width=\"300\" data-height=\"225\" alt=\"\" ><\/div>\n\t\t\t\t\t\t\t\t\t\t<div class=\"elementor-gallery-item__overlay\"><\/div>\n\t\t\t\t\t\t\t\t\t\t\t\t\t\t<\/a>\n\t\t\t\t\t\t\t<a class=\"e-gallery-item elementor-gallery-item elementor-animated-content\" href=\"https:\/\/www.spkatarzyna.pl\/wp-content\/uploads\/2022\/10\/PHOTO-2022-10-28-12-47-21-7.jpg\" data-elementor-open-lightbox=\"yes\" data-elementor-lightbox-slideshow=\"all-9fe3e2f\" data-elementor-lightbox-title=\"PHOTO-2022-10-28-12-47-21-7\" data-e-action-hash=\"#elementor-action%3Aaction%3Dlightbox%26settings%3DeyJpZCI6MjQzNywidXJsIjoiaHR0cHM6XC9cL3d3dy5zcGthdGFyenluYS5wbFwvd3AtY29udGVudFwvdXBsb2Fkc1wvMjAyMlwvMTBcL1BIT1RPLTIwMjItMTAtMjgtMTItNDctMjEtNy5qcGciLCJzbGlkZXNob3ciOiJhbGwtOWZlM2UyZiJ9\" rel=\"lightbox[2429]\">\n\t\t\t\t\t<div class=\"e-gallery-image elementor-gallery-item__image\" data-thumbnail=\"https:\/\/www.spkatarzyna.pl\/wp-content\/uploads\/2022\/10\/PHOTO-2022-10-28-12-47-21-7-300x227.jpg\" data-width=\"300\" data-height=\"227\" alt=\"\" ><\/div>\n\t\t\t\t\t\t\t\t\t\t<div class=\"elementor-gallery-item__overlay\"><\/div>\n\t\t\t\t\t\t\t\t\t\t\t\t\t\t<\/a>\n\t\t\t\t\t\t\t<a class=\"e-gallery-item elementor-gallery-item elementor-animated-content\" href=\"https:\/\/www.spkatarzyna.pl\/wp-content\/uploads\/2022\/10\/PHOTO-2022-10-28-12-47-21-9.jpg\" data-elementor-open-lightbox=\"yes\" data-elementor-lightbox-slideshow=\"all-9fe3e2f\" data-elementor-lightbox-title=\"PHOTO-2022-10-28-12-47-21-9\" data-e-action-hash=\"#elementor-action%3Aaction%3Dlightbox%26settings%3DeyJpZCI6MjQzNSwidXJsIjoiaHR0cHM6XC9cL3d3dy5zcGthdGFyenluYS5wbFwvd3AtY29udGVudFwvdXBsb2Fkc1wvMjAyMlwvMTBcL1BIT1RPLTIwMjItMTAtMjgtMTItNDctMjEtOS5qcGciLCJzbGlkZXNob3ciOiJhbGwtOWZlM2UyZiJ9\" rel=\"lightbox[2429]\">\n\t\t\t\t\t<div class=\"e-gallery-image elementor-gallery-item__image\" data-thumbnail=\"https:\/\/www.spkatarzyna.pl\/wp-content\/uploads\/2022\/10\/PHOTO-2022-10-28-12-47-21-9-300x217.jpg\" data-width=\"300\" data-height=\"217\" alt=\"\" ><\/div>\n\t\t\t\t\t\t\t\t\t\t<div class=\"elementor-gallery-item__overlay\"><\/div>\n\t\t\t\t\t\t\t\t\t\t\t\t\t\t<\/a>\n\t\t\t\t\t\t\t<a class=\"e-gallery-item elementor-gallery-item elementor-animated-content\" href=\"https:\/\/www.spkatarzyna.pl\/wp-content\/uploads\/2022\/10\/PHOTO-2022-10-28-12-47-21-10.jpg\" data-elementor-open-lightbox=\"yes\" data-elementor-lightbox-slideshow=\"all-9fe3e2f\" data-elementor-lightbox-title=\"PHOTO-2022-10-28-12-47-21-10\" data-e-action-hash=\"#elementor-action%3Aaction%3Dlightbox%26settings%3DeyJpZCI6MjQzNCwidXJsIjoiaHR0cHM6XC9cL3d3dy5zcGthdGFyenluYS5wbFwvd3AtY29udGVudFwvdXBsb2Fkc1wvMjAyMlwvMTBcL1BIT1RPLTIwMjItMTAtMjgtMTItNDctMjEtMTAuanBnIiwic2xpZGVzaG93IjoiYWxsLTlmZTNlMmYifQ%3D%3D\" rel=\"lightbox[2429]\">\n\t\t\t\t\t<div class=\"e-gallery-image elementor-gallery-item__image\" data-thumbnail=\"https:\/\/www.spkatarzyna.pl\/wp-content\/uploads\/2022\/10\/PHOTO-2022-10-28-12-47-21-10-300x229.jpg\" data-width=\"300\" data-height=\"229\" alt=\"\" ><\/div>\n\t\t\t\t\t\t\t\t\t\t<div class=\"elementor-gallery-item__overlay\"><\/div>\n\t\t\t\t\t\t\t\t\t\t\t\t\t\t<\/a>\n\t\t\t\t\t\t\t<a class=\"e-gallery-item elementor-gallery-item elementor-animated-content\" href=\"https:\/\/www.spkatarzyna.pl\/wp-content\/uploads\/2022\/10\/PHOTO-2022-10-28-12-47-21-11.jpg\" data-elementor-open-lightbox=\"yes\" data-elementor-lightbox-slideshow=\"all-9fe3e2f\" data-elementor-lightbox-title=\"PHOTO-2022-10-28-12-47-21-11\" data-e-action-hash=\"#elementor-action%3Aaction%3Dlightbox%26settings%3DeyJpZCI6MjQzMywidXJsIjoiaHR0cHM6XC9cL3d3dy5zcGthdGFyenluYS5wbFwvd3AtY29udGVudFwvdXBsb2Fkc1wvMjAyMlwvMTBcL1BIT1RPLTIwMjItMTAtMjgtMTItNDctMjEtMTEuanBnIiwic2xpZGVzaG93IjoiYWxsLTlmZTNlMmYifQ%3D%3D\" rel=\"lightbox[2429]\">\n\t\t\t\t\t<div class=\"e-gallery-image elementor-gallery-item__image\" data-thumbnail=\"https:\/\/www.spkatarzyna.pl\/wp-content\/uploads\/2022\/10\/PHOTO-2022-10-28-12-47-21-11-300x185.jpg\" data-width=\"300\" data-height=\"185\" alt=\"\" ><\/div>\n\t\t\t\t\t\t\t\t\t\t<div class=\"elementor-gallery-item__overlay\"><\/div>\n\t\t\t\t\t\t\t\t\t\t\t\t\t\t<\/a>\n\t\t\t\t\t\t\t<a class=\"e-gallery-item elementor-gallery-item elementor-animated-content\" href=\"https:\/\/www.spkatarzyna.pl\/wp-content\/uploads\/2022\/10\/PHOTO-2022-10-28-12-47-21-12.jpg\" data-elementor-open-lightbox=\"yes\" data-elementor-lightbox-slideshow=\"all-9fe3e2f\" data-elementor-lightbox-title=\"PHOTO-2022-10-28-12-47-21-12\" data-e-action-hash=\"#elementor-action%3Aaction%3Dlightbox%26settings%3DeyJpZCI6MjQzMiwidXJsIjoiaHR0cHM6XC9cL3d3dy5zcGthdGFyenluYS5wbFwvd3AtY29udGVudFwvdXBsb2Fkc1wvMjAyMlwvMTBcL1BIT1RPLTIwMjItMTAtMjgtMTItNDctMjEtMTIuanBnIiwic2xpZGVzaG93IjoiYWxsLTlmZTNlMmYifQ%3D%3D\" rel=\"lightbox[2429]\">\n\t\t\t\t\t<div class=\"e-gallery-image elementor-gallery-item__image\" data-thumbnail=\"https:\/\/www.spkatarzyna.pl\/wp-content\/uploads\/2022\/10\/PHOTO-2022-10-28-12-47-21-12-300x230.jpg\" data-width=\"300\" data-height=\"230\" alt=\"\" ><\/div>\n\t\t\t\t\t\t\t\t\t\t<div class=\"elementor-gallery-item__overlay\"><\/div>\n\t\t\t\t\t\t\t\t\t\t\t\t\t\t<\/a>\n\t\t\t\t\t\t\t<a class=\"e-gallery-item elementor-gallery-item elementor-animated-content\" href=\"https:\/\/www.spkatarzyna.pl\/wp-content\/uploads\/2022\/10\/PHOTO-2022-10-28-12-47-21-13.jpg\" data-elementor-open-lightbox=\"yes\" data-elementor-lightbox-slideshow=\"all-9fe3e2f\" data-elementor-lightbox-title=\"PHOTO-2022-10-28-12-47-21-13\" data-e-action-hash=\"#elementor-action%3Aaction%3Dlightbox%26settings%3DeyJpZCI6MjQzMSwidXJsIjoiaHR0cHM6XC9cL3d3dy5zcGthdGFyenluYS5wbFwvd3AtY29udGVudFwvdXBsb2Fkc1wvMjAyMlwvMTBcL1BIT1RPLTIwMjItMTAtMjgtMTItNDctMjEtMTMuanBnIiwic2xpZGVzaG93IjoiYWxsLTlmZTNlMmYifQ%3D%3D\" rel=\"lightbox[2429]\">\n\t\t\t\t\t<div class=\"e-gallery-image elementor-gallery-item__image\" data-thumbnail=\"https:\/\/www.spkatarzyna.pl\/wp-content\/uploads\/2022\/10\/PHOTO-2022-10-28-12-47-21-13-300x190.jpg\" data-width=\"300\" data-height=\"190\" alt=\"\" ><\/div>\n\t\t\t\t\t\t\t\t\t\t<div class=\"elementor-gallery-item__overlay\"><\/div>\n\t\t\t\t\t\t\t\t\t\t\t\t\t\t<\/a>\n\t\t\t\t\t\t\t<a class=\"e-gallery-item elementor-gallery-item elementor-animated-content\" href=\"https:\/\/www.spkatarzyna.pl\/wp-content\/uploads\/2022\/10\/PHOTO-2022-10-28-12-47-21-14.jpg\" data-elementor-open-lightbox=\"yes\" data-elementor-lightbox-slideshow=\"all-9fe3e2f\" data-elementor-lightbox-title=\"PHOTO-2022-10-28-12-47-21-14\" data-e-action-hash=\"#elementor-action%3Aaction%3Dlightbox%26settings%3DeyJpZCI6MjQzMCwidXJsIjoiaHR0cHM6XC9cL3d3dy5zcGthdGFyenluYS5wbFwvd3AtY29udGVudFwvdXBsb2Fkc1wvMjAyMlwvMTBcL1BIT1RPLTIwMjItMTAtMjgtMTItNDctMjEtMTQuanBnIiwic2xpZGVzaG93IjoiYWxsLTlmZTNlMmYifQ%3D%3D\" rel=\"lightbox[2429]\">\n\t\t\t\t\t<div class=\"e-gallery-image elementor-gallery-item__image\" data-thumbnail=\"https:\/\/www.spkatarzyna.pl\/wp-content\/uploads\/2022\/10\/PHOTO-2022-10-28-12-47-21-14-300x235.jpg\" data-width=\"300\" data-height=\"235\" alt=\"\" ><\/div>\n\t\t\t\t\t\t\t\t\t\t<div class=\"elementor-gallery-item__overlay\"><\/div>\n\t\t\t\t\t\t\t\t\t\t\t\t\t\t<\/a>\n\t\t\t\t\t<\/div>\n\t\t\t\t\t<\/div>\n\t\t\t\t<\/div>\n\t\t\t\t\t<\/div>\n\t\t<\/div>\n\t\t\t\t\t<\/div>\n\t\t<\/section>\n\t\t\t\t<\/div>\n\t\t","protected":false},"excerpt":{"rendered":"<p>28 pa\u017adziernika grupa uczni\u00f3w z klasy 8a przygotowa\u0142a przedstawienie teatralne &#8222;Dziady&#8221; cz. II Adama Mickiewicza.\u00a0\u00a0Dziady to uroczysto\u015b\u0107 po\u015bwi\u0119cona duchom zmar\u0142ych. Obrz\u0119dom przewodniczy\u0142 Gu\u015blarz, to on wydawa\u0142 polecenia ludowi i przywo\u0142ywa\u0142 kolejne przebywaj\u0105ce w czy\u015b\u0107cu duchy.\u00a0 Z przedstawienia p\u0142ynie konkretna nauka. Mamy nadziej\u0119, \u017ce i tym razem w \u017cyciu ka\u017cdego z [&hellip;]<\/p>\n","protected":false},"author":6,"featured_media":2489,"comment_status":"open","ping_status":"open","sticky":false,"template":"","format":"standard","meta":{"om_disable_all_campaigns":false,"_monsterinsights_skip_tracking":false,"ngg_post_thumbnail":0,"footnotes":""},"categories":[1],"tags":[],"class_list":["post-2429","post","type-post","status-publish","format-standard","has-post-thumbnail","hentry","category-uncategorized"],"aioseo_notices":[],"aioseo_head":"\n\t\t<!-- All in One SEO 5.0.1.1 - aioseo.com -->\n\t<meta name=\"description\" content=\"28 pa\u017adziernika grupa uczni\u00f3w z klasy 8a przygotowa\u0142a przedstawienie teatralne \u201eDziady\u201d cz. II Adama Mickiewicza. Dziady to uroczysto\u015b\u0107 po\u015bwi\u0119cona duchom zmar\u0142ych. Obrz\u0119dom przewodniczy\u0142 Gu\u015blarz, to on wydawa\u0142 polecenia ludowi i przywo\u0142ywa\u0142 kolejne przebywaj\u0105ce w czy\u015b\u0107cu duchy. Z przedstawienia p\u0142ynie konkretna nauka. Mamy nadziej\u0119, \u017ce i tym razem w \u017cyciu ka\u017cdego z nas zwyci\u0119\u017cy dobro i pomoc\" \/>\n\t<meta name=\"robots\" content=\"max-image-preview:large\" \/>\n\t<meta name=\"author\" content=\"Redakcja\"\/>\n\t<link rel=\"canonical\" href=\"https:\/\/www.spkatarzyna.pl\/index.php\/2022\/10\/28\/mickiewiczowskie-zaduszki\/\" \/>\n\t<meta name=\"generator\" content=\"All in One SEO (AIOSEO) 5.0.1.1\" \/>\n\t\t<meta property=\"og:locale\" content=\"pl_PL\" \/>\n\t\t<meta property=\"og:site_name\" content=\"SP Katarzyna - Publiczna Szko\u0142a Podstawowa w \u015awi\u0119tej Katarzynie\" \/>\n\t\t<meta property=\"og:type\" content=\"article\" \/>\n\t\t<meta property=\"og:title\" content=\"Mickiewiczowskie Zaduszki - SP Katarzyna\" \/>\n\t\t<meta property=\"og:description\" content=\"28 pa\u017adziernika grupa uczni\u00f3w z klasy 8a przygotowa\u0142a przedstawienie teatralne \u201eDziady\u201d cz. II Adama Mickiewicza. Dziady to uroczysto\u015b\u0107 po\u015bwi\u0119cona duchom zmar\u0142ych. Obrz\u0119dom przewodniczy\u0142 Gu\u015blarz, to on wydawa\u0142 polecenia ludowi i przywo\u0142ywa\u0142 kolejne przebywaj\u0105ce w czy\u015b\u0107cu duchy. Z przedstawienia p\u0142ynie konkretna nauka. Mamy nadziej\u0119, \u017ce i tym razem w \u017cyciu ka\u017cdego z nas zwyci\u0119\u017cy dobro i pomoc\" \/>\n\t\t<meta property=\"og:url\" content=\"https:\/\/www.spkatarzyna.pl\/index.php\/2022\/10\/28\/mickiewiczowskie-zaduszki\/\" \/>\n\t\t<meta property=\"article:published_time\" content=\"2022-10-28T20:42:11+00:00\" \/>\n\t\t<meta property=\"article:modified_time\" content=\"2022-11-14T17:27:15+00:00\" \/>\n\t\t<meta name=\"twitter:card\" content=\"summary_large_image\" \/>\n\t\t<meta name=\"twitter:title\" content=\"Mickiewiczowskie Zaduszki - SP Katarzyna\" \/>\n\t\t<meta name=\"twitter:description\" content=\"28 pa\u017adziernika grupa uczni\u00f3w z klasy 8a przygotowa\u0142a przedstawienie teatralne \u201eDziady\u201d cz. II Adama Mickiewicza. Dziady to uroczysto\u015b\u0107 po\u015bwi\u0119cona duchom zmar\u0142ych. Obrz\u0119dom przewodniczy\u0142 Gu\u015blarz, to on wydawa\u0142 polecenia ludowi i przywo\u0142ywa\u0142 kolejne przebywaj\u0105ce w czy\u015b\u0107cu duchy. Z przedstawienia p\u0142ynie konkretna nauka. Mamy nadziej\u0119, \u017ce i tym razem w \u017cyciu ka\u017cdego z nas zwyci\u0119\u017cy dobro i pomoc\" \/>\n\t\t<script type=\"application\/ld+json\" class=\"aioseo-schema\">\n\t\t\t{\"@context\":\"https:\\\/\\\/schema.org\",\"@graph\":[{\"@type\":\"BlogPosting\",\"@id\":\"https:\\\/\\\/www.spkatarzyna.pl\\\/index.php\\\/2022\\\/10\\\/28\\\/mickiewiczowskie-zaduszki\\\/#blogposting\",\"name\":\"Mickiewiczowskie Zaduszki - SP Katarzyna\",\"headline\":\"Mickiewiczowskie Zaduszki\",\"author\":{\"@id\":\"https:\\\/\\\/www.spkatarzyna.pl\\\/index.php\\\/author\\\/agatasafianspkatarzyna-pl\\\/#author\"},\"publisher\":{\"@id\":\"https:\\\/\\\/www.spkatarzyna.pl\\\/#organization\"},\"image\":{\"@type\":\"ImageObject\",\"url\":\"https:\\\/\\\/www.spkatarzyna.pl\\\/wp-content\\\/uploads\\\/2022\\\/10\\\/PHOTO-2022-10-28-12-47-21-8-3-2.jpg\",\"width\":360,\"height\":240},\"datePublished\":\"2022-10-28T20:42:11+02:00\",\"dateModified\":\"2022-11-14T17:27:15+01:00\",\"inLanguage\":\"pl-PL\",\"mainEntityOfPage\":{\"@id\":\"https:\\\/\\\/www.spkatarzyna.pl\\\/index.php\\\/2022\\\/10\\\/28\\\/mickiewiczowskie-zaduszki\\\/#webpage\"},\"isPartOf\":{\"@id\":\"https:\\\/\\\/www.spkatarzyna.pl\\\/index.php\\\/2022\\\/10\\\/28\\\/mickiewiczowskie-zaduszki\\\/#webpage\"},\"articleSection\":\"Uncategorized\"},{\"@type\":\"BreadcrumbList\",\"@id\":\"https:\\\/\\\/www.spkatarzyna.pl\\\/index.php\\\/2022\\\/10\\\/28\\\/mickiewiczowskie-zaduszki\\\/#breadcrumblist\",\"itemListElement\":[{\"@type\":\"ListItem\",\"@id\":\"https:\\\/\\\/www.spkatarzyna.pl#listItem\",\"position\":1,\"name\":\"Dom\",\"item\":\"https:\\\/\\\/www.spkatarzyna.pl\",\"nextItem\":{\"@type\":\"ListItem\",\"@id\":\"https:\\\/\\\/www.spkatarzyna.pl\\\/index.php\\\/category\\\/uncategorized\\\/#listItem\",\"name\":\"Uncategorized\"}},{\"@type\":\"ListItem\",\"@id\":\"https:\\\/\\\/www.spkatarzyna.pl\\\/index.php\\\/category\\\/uncategorized\\\/#listItem\",\"position\":2,\"name\":\"Uncategorized\",\"item\":\"https:\\\/\\\/www.spkatarzyna.pl\\\/index.php\\\/category\\\/uncategorized\\\/\",\"nextItem\":{\"@type\":\"ListItem\",\"@id\":\"https:\\\/\\\/www.spkatarzyna.pl\\\/index.php\\\/2022\\\/10\\\/28\\\/mickiewiczowskie-zaduszki\\\/#listItem\",\"name\":\"Mickiewiczowskie Zaduszki\"},\"previousItem\":{\"@type\":\"ListItem\",\"@id\":\"https:\\\/\\\/www.spkatarzyna.pl#listItem\",\"name\":\"Dom\"}},{\"@type\":\"ListItem\",\"@id\":\"https:\\\/\\\/www.spkatarzyna.pl\\\/index.php\\\/2022\\\/10\\\/28\\\/mickiewiczowskie-zaduszki\\\/#listItem\",\"position\":3,\"name\":\"Mickiewiczowskie Zaduszki\",\"previousItem\":{\"@type\":\"ListItem\",\"@id\":\"https:\\\/\\\/www.spkatarzyna.pl\\\/index.php\\\/category\\\/uncategorized\\\/#listItem\",\"name\":\"Uncategorized\"}}]},{\"@type\":\"Organization\",\"@id\":\"https:\\\/\\\/www.spkatarzyna.pl\\\/#organization\",\"name\":\"SP Katarzyna\",\"description\":\"Publiczna Szko\\u0142a Podstawowa w \\u015awi\\u0119tej Katarzynie\",\"url\":\"https:\\\/\\\/www.spkatarzyna.pl\\\/\",\"telephone\":\"+48713116378\",\"sameAs\":[\"https:\\\/\\\/facebook.com\\\/\",\"https:\\\/\\\/x.com\\\/\",\"https:\\\/\\\/instagram.com\\\/\",\"https:\\\/\\\/pinterest.com\\\/\",\"https:\\\/\\\/youtube.com\\\/\",\"https:\\\/\\\/linkedin.com\\\/in\\\/\"]},{\"@type\":\"Person\",\"@id\":\"https:\\\/\\\/www.spkatarzyna.pl\\\/index.php\\\/author\\\/agatasafianspkatarzyna-pl\\\/#author\",\"url\":\"https:\\\/\\\/www.spkatarzyna.pl\\\/index.php\\\/author\\\/agatasafianspkatarzyna-pl\\\/\",\"name\":\"Redakcja\",\"image\":{\"@type\":\"ImageObject\",\"@id\":\"https:\\\/\\\/www.spkatarzyna.pl\\\/index.php\\\/2022\\\/10\\\/28\\\/mickiewiczowskie-zaduszki\\\/#authorImage\",\"url\":\"https:\\\/\\\/secure.gravatar.com\\\/avatar\\\/765290513df94d442152250e92b42327?s=96&d=mm&r=g\",\"width\":96,\"height\":96,\"caption\":\"Redakcja\"}},{\"@type\":\"WebPage\",\"@id\":\"https:\\\/\\\/www.spkatarzyna.pl\\\/index.php\\\/2022\\\/10\\\/28\\\/mickiewiczowskie-zaduszki\\\/#webpage\",\"url\":\"https:\\\/\\\/www.spkatarzyna.pl\\\/index.php\\\/2022\\\/10\\\/28\\\/mickiewiczowskie-zaduszki\\\/\",\"name\":\"Mickiewiczowskie Zaduszki - SP Katarzyna\",\"description\":\"28 pa\\u017adziernika grupa uczni\\u00f3w z klasy 8a przygotowa\\u0142a przedstawienie teatralne \\u201eDziady\\u201d cz. II Adama Mickiewicza. Dziady to uroczysto\\u015b\\u0107 po\\u015bwi\\u0119cona duchom zmar\\u0142ych. Obrz\\u0119dom przewodniczy\\u0142 Gu\\u015blarz, to on wydawa\\u0142 polecenia ludowi i przywo\\u0142ywa\\u0142 kolejne przebywaj\\u0105ce w czy\\u015b\\u0107cu duchy. Z przedstawienia p\\u0142ynie konkretna nauka. Mamy nadziej\\u0119, \\u017ce i tym razem w \\u017cyciu ka\\u017cdego z nas zwyci\\u0119\\u017cy dobro i pomoc\",\"inLanguage\":\"pl-PL\",\"isPartOf\":{\"@id\":\"https:\\\/\\\/www.spkatarzyna.pl\\\/#website\"},\"breadcrumb\":{\"@id\":\"https:\\\/\\\/www.spkatarzyna.pl\\\/index.php\\\/2022\\\/10\\\/28\\\/mickiewiczowskie-zaduszki\\\/#breadcrumblist\"},\"author\":{\"@id\":\"https:\\\/\\\/www.spkatarzyna.pl\\\/index.php\\\/author\\\/agatasafianspkatarzyna-pl\\\/#author\"},\"creator\":{\"@id\":\"https:\\\/\\\/www.spkatarzyna.pl\\\/index.php\\\/author\\\/agatasafianspkatarzyna-pl\\\/#author\"},\"image\":{\"@type\":\"ImageObject\",\"url\":\"https:\\\/\\\/www.spkatarzyna.pl\\\/wp-content\\\/uploads\\\/2022\\\/10\\\/PHOTO-2022-10-28-12-47-21-8-3-2.jpg\",\"@id\":\"https:\\\/\\\/www.spkatarzyna.pl\\\/index.php\\\/2022\\\/10\\\/28\\\/mickiewiczowskie-zaduszki\\\/#mainImage\",\"width\":360,\"height\":240},\"primaryImageOfPage\":{\"@id\":\"https:\\\/\\\/www.spkatarzyna.pl\\\/index.php\\\/2022\\\/10\\\/28\\\/mickiewiczowskie-zaduszki\\\/#mainImage\"},\"datePublished\":\"2022-10-28T20:42:11+02:00\",\"dateModified\":\"2022-11-14T17:27:15+01:00\"},{\"@type\":\"WebSite\",\"@id\":\"https:\\\/\\\/www.spkatarzyna.pl\\\/#website\",\"url\":\"https:\\\/\\\/www.spkatarzyna.pl\\\/\",\"name\":\"SP Katarzyna\",\"description\":\"Publiczna Szko\\u0142a Podstawowa w \\u015awi\\u0119tej Katarzynie\",\"inLanguage\":\"pl-PL\",\"publisher\":{\"@id\":\"https:\\\/\\\/www.spkatarzyna.pl\\\/#organization\"}}]}\n\t\t<\/script>\n\t\t<!-- All in One SEO -->\n\n","aioseo_head_json":{"title":"Mickiewiczowskie Zaduszki - SP Katarzyna","description":"28 pa\u017adziernika grupa uczni\u00f3w z klasy 8a przygotowa\u0142a przedstawienie teatralne \u201eDziady\u201d cz. II Adama Mickiewicza. Dziady to uroczysto\u015b\u0107 po\u015bwi\u0119cona duchom zmar\u0142ych. Obrz\u0119dom przewodniczy\u0142 Gu\u015blarz, to on wydawa\u0142 polecenia ludowi i przywo\u0142ywa\u0142 kolejne przebywaj\u0105ce w czy\u015b\u0107cu duchy. Z przedstawienia p\u0142ynie konkretna nauka. Mamy nadziej\u0119, \u017ce i tym razem w \u017cyciu ka\u017cdego z nas zwyci\u0119\u017cy dobro i pomoc","canonical_url":"https:\/\/www.spkatarzyna.pl\/index.php\/2022\/10\/28\/mickiewiczowskie-zaduszki\/","robots":"max-image-preview:large","keywords":"","webmasterTools":{"miscellaneous":""},"schema":{"@context":"https:\/\/schema.org","@graph":[{"@type":"BlogPosting","@id":"https:\/\/www.spkatarzyna.pl\/index.php\/2022\/10\/28\/mickiewiczowskie-zaduszki\/#blogposting","name":"Mickiewiczowskie Zaduszki - SP Katarzyna","headline":"Mickiewiczowskie Zaduszki","author":{"@id":"https:\/\/www.spkatarzyna.pl\/index.php\/author\/agatasafianspkatarzyna-pl\/#author"},"publisher":{"@id":"https:\/\/www.spkatarzyna.pl\/#organization"},"image":{"@type":"ImageObject","url":"https:\/\/www.spkatarzyna.pl\/wp-content\/uploads\/2022\/10\/PHOTO-2022-10-28-12-47-21-8-3-2.jpg","width":360,"height":240},"datePublished":"2022-10-28T20:42:11+02:00","dateModified":"2022-11-14T17:27:15+01:00","inLanguage":"pl-PL","mainEntityOfPage":{"@id":"https:\/\/www.spkatarzyna.pl\/index.php\/2022\/10\/28\/mickiewiczowskie-zaduszki\/#webpage"},"isPartOf":{"@id":"https:\/\/www.spkatarzyna.pl\/index.php\/2022\/10\/28\/mickiewiczowskie-zaduszki\/#webpage"},"articleSection":"Uncategorized"},{"@type":"BreadcrumbList","@id":"https:\/\/www.spkatarzyna.pl\/index.php\/2022\/10\/28\/mickiewiczowskie-zaduszki\/#breadcrumblist","itemListElement":[{"@type":"ListItem","@id":"https:\/\/www.spkatarzyna.pl#listItem","position":1,"name":"Dom","item":"https:\/\/www.spkatarzyna.pl","nextItem":{"@type":"ListItem","@id":"https:\/\/www.spkatarzyna.pl\/index.php\/category\/uncategorized\/#listItem","name":"Uncategorized"}},{"@type":"ListItem","@id":"https:\/\/www.spkatarzyna.pl\/index.php\/category\/uncategorized\/#listItem","position":2,"name":"Uncategorized","item":"https:\/\/www.spkatarzyna.pl\/index.php\/category\/uncategorized\/","nextItem":{"@type":"ListItem","@id":"https:\/\/www.spkatarzyna.pl\/index.php\/2022\/10\/28\/mickiewiczowskie-zaduszki\/#listItem","name":"Mickiewiczowskie Zaduszki"},"previousItem":{"@type":"ListItem","@id":"https:\/\/www.spkatarzyna.pl#listItem","name":"Dom"}},{"@type":"ListItem","@id":"https:\/\/www.spkatarzyna.pl\/index.php\/2022\/10\/28\/mickiewiczowskie-zaduszki\/#listItem","position":3,"name":"Mickiewiczowskie Zaduszki","previousItem":{"@type":"ListItem","@id":"https:\/\/www.spkatarzyna.pl\/index.php\/category\/uncategorized\/#listItem","name":"Uncategorized"}}]},{"@type":"Organization","@id":"https:\/\/www.spkatarzyna.pl\/#organization","name":"SP Katarzyna","description":"Publiczna Szko\u0142a Podstawowa w \u015awi\u0119tej Katarzynie","url":"https:\/\/www.spkatarzyna.pl\/","telephone":"+48713116378","sameAs":["https:\/\/facebook.com\/","https:\/\/x.com\/","https:\/\/instagram.com\/","https:\/\/pinterest.com\/","https:\/\/youtube.com\/","https:\/\/linkedin.com\/in\/"]},{"@type":"Person","@id":"https:\/\/www.spkatarzyna.pl\/index.php\/author\/agatasafianspkatarzyna-pl\/#author","url":"https:\/\/www.spkatarzyna.pl\/index.php\/author\/agatasafianspkatarzyna-pl\/","name":"Redakcja","image":{"@type":"ImageObject","@id":"https:\/\/www.spkatarzyna.pl\/index.php\/2022\/10\/28\/mickiewiczowskie-zaduszki\/#authorImage","url":"https:\/\/secure.gravatar.com\/avatar\/765290513df94d442152250e92b42327?s=96&d=mm&r=g","width":96,"height":96,"caption":"Redakcja"}},{"@type":"WebPage","@id":"https:\/\/www.spkatarzyna.pl\/index.php\/2022\/10\/28\/mickiewiczowskie-zaduszki\/#webpage","url":"https:\/\/www.spkatarzyna.pl\/index.php\/2022\/10\/28\/mickiewiczowskie-zaduszki\/","name":"Mickiewiczowskie Zaduszki - SP Katarzyna","description":"28 pa\u017adziernika grupa uczni\u00f3w z klasy 8a przygotowa\u0142a przedstawienie teatralne \u201eDziady\u201d cz. II Adama Mickiewicza. Dziady to uroczysto\u015b\u0107 po\u015bwi\u0119cona duchom zmar\u0142ych. Obrz\u0119dom przewodniczy\u0142 Gu\u015blarz, to on wydawa\u0142 polecenia ludowi i przywo\u0142ywa\u0142 kolejne przebywaj\u0105ce w czy\u015b\u0107cu duchy. Z przedstawienia p\u0142ynie konkretna nauka. Mamy nadziej\u0119, \u017ce i tym razem w \u017cyciu ka\u017cdego z nas zwyci\u0119\u017cy dobro i pomoc","inLanguage":"pl-PL","isPartOf":{"@id":"https:\/\/www.spkatarzyna.pl\/#website"},"breadcrumb":{"@id":"https:\/\/www.spkatarzyna.pl\/index.php\/2022\/10\/28\/mickiewiczowskie-zaduszki\/#breadcrumblist"},"author":{"@id":"https:\/\/www.spkatarzyna.pl\/index.php\/author\/agatasafianspkatarzyna-pl\/#author"},"creator":{"@id":"https:\/\/www.spkatarzyna.pl\/index.php\/author\/agatasafianspkatarzyna-pl\/#author"},"image":{"@type":"ImageObject","url":"https:\/\/www.spkatarzyna.pl\/wp-content\/uploads\/2022\/10\/PHOTO-2022-10-28-12-47-21-8-3-2.jpg","@id":"https:\/\/www.spkatarzyna.pl\/index.php\/2022\/10\/28\/mickiewiczowskie-zaduszki\/#mainImage","width":360,"height":240},"primaryImageOfPage":{"@id":"https:\/\/www.spkatarzyna.pl\/index.php\/2022\/10\/28\/mickiewiczowskie-zaduszki\/#mainImage"},"datePublished":"2022-10-28T20:42:11+02:00","dateModified":"2022-11-14T17:27:15+01:00"},{"@type":"WebSite","@id":"https:\/\/www.spkatarzyna.pl\/#website","url":"https:\/\/www.spkatarzyna.pl\/","name":"SP Katarzyna","description":"Publiczna Szko\u0142a Podstawowa w \u015awi\u0119tej Katarzynie","inLanguage":"pl-PL","publisher":{"@id":"https:\/\/www.spkatarzyna.pl\/#organization"}}]},"og:locale":"pl_PL","og:site_name":"SP Katarzyna - Publiczna Szko\u0142a Podstawowa w \u015awi\u0119tej Katarzynie","og:type":"article","og:title":"Mickiewiczowskie Zaduszki - SP Katarzyna","og:description":"28 pa\u017adziernika grupa uczni\u00f3w z klasy 8a przygotowa\u0142a przedstawienie teatralne \u201eDziady\u201d cz. II Adama Mickiewicza. Dziady to uroczysto\u015b\u0107 po\u015bwi\u0119cona duchom zmar\u0142ych. Obrz\u0119dom przewodniczy\u0142 Gu\u015blarz, to on wydawa\u0142 polecenia ludowi i przywo\u0142ywa\u0142 kolejne przebywaj\u0105ce w czy\u015b\u0107cu duchy. Z przedstawienia p\u0142ynie konkretna nauka. Mamy nadziej\u0119, \u017ce i tym razem w \u017cyciu ka\u017cdego z nas zwyci\u0119\u017cy dobro i pomoc","og:url":"https:\/\/www.spkatarzyna.pl\/index.php\/2022\/10\/28\/mickiewiczowskie-zaduszki\/","article:published_time":"2022-10-28T20:42:11+00:00","article:modified_time":"2022-11-14T17:27:15+00:00","twitter:card":"summary_large_image","twitter:title":"Mickiewiczowskie Zaduszki - SP Katarzyna","twitter:description":"28 pa\u017adziernika grupa uczni\u00f3w z klasy 8a przygotowa\u0142a przedstawienie teatralne \u201eDziady\u201d cz. II Adama Mickiewicza. Dziady to uroczysto\u015b\u0107 po\u015bwi\u0119cona duchom zmar\u0142ych. Obrz\u0119dom przewodniczy\u0142 Gu\u015blarz, to on wydawa\u0142 polecenia ludowi i przywo\u0142ywa\u0142 kolejne przebywaj\u0105ce w czy\u015b\u0107cu duchy. Z przedstawienia p\u0142ynie konkretna nauka. Mamy nadziej\u0119, \u017ce i tym razem w \u017cyciu ka\u017cdego z nas zwyci\u0119\u017cy dobro i pomoc"},"aioseo_meta_data":{"post_id":"2429","title":null,"description":null,"keywords":null,"keyphrases":null,"primary_term":null,"canonical_url":null,"og_title":null,"og_description":null,"og_object_type":"default","og_image_type":"default","og_image_url":null,"og_image_width":null,"og_image_height":null,"og_image_custom_url":null,"og_image_custom_fields":null,"og_video":null,"og_custom_url":null,"og_article_section":null,"og_article_tags":null,"twitter_use_og":false,"twitter_card":"default","twitter_image_type":"default","twitter_image_url":null,"twitter_image_custom_url":null,"twitter_image_custom_fields":null,"twitter_title":null,"twitter_description":null,"schema":{"blockGraphs":[],"customGraphs":[],"default":{"data":{"Article":[],"Course":[],"Dataset":[],"FAQPage":[],"Movie":[],"Person":[],"Product":[],"ProductReview":[],"Car":[],"Recipe":[],"Service":[],"SoftwareApplication":[],"WebPage":[]},"graphName":"","isEnabled":true},"graphs":[]},"schema_type":"default","schema_type_options":null,"pillar_content":false,"robots_default":true,"robots_noindex":false,"robots_noarchive":false,"robots_nosnippet":false,"robots_nofollow":false,"robots_noimageindex":false,"robots_noodp":false,"robots_notranslate":false,"robots_max_snippet":null,"robots_max_videopreview":null,"robots_max_imagepreview":"large","priority":null,"frequency":null,"local_seo":null,"limit_modified_date":false,"created":"2024-04-03 07:10:54","updated":"2026-09-03 13:52:32","focus_keyword":null,"additional_keywords":null,"truseo_locale":null,"ai":null,"breadcrumb_settings":null,"seo_analyzer_scan_date":null},"aioseo_breadcrumb":"<div class=\"aioseo-breadcrumbs\"><span class=\"aioseo-breadcrumb\">\n\t\t\t<a href=\"https:\/\/www.spkatarzyna.pl\" title=\"Dom\">Dom<\/a>\n\t\t<\/span><span class=\"aioseo-breadcrumb-separator\">&raquo;<\/span><span class=\"aioseo-breadcrumb\">\n\t\t\t<a href=\"https:\/\/www.spkatarzyna.pl\/index.php\/category\/uncategorized\/\" title=\"Uncategorized\">Uncategorized<\/a>\n\t\t<\/span><span class=\"aioseo-breadcrumb-separator\">&raquo;<\/span><span class=\"aioseo-breadcrumb\">\n\t\t\tMickiewiczowskie Zaduszki\n\t\t<\/span><\/div>","aioseo_breadcrumb_json":[{"label":"Dom","link":"https:\/\/www.spkatarzyna.pl"},{"label":"Uncategorized","link":"https:\/\/www.spkatarzyna.pl\/index.php\/category\/uncategorized\/"},{"label":"Mickiewiczowskie Zaduszki","link":"https:\/\/www.spkatarzyna.pl\/index.php\/2022\/10\/28\/mickiewiczowskie-zaduszki\/"}],"_links":{"self":[{"href":"https:\/\/www.spkatarzyna.pl\/index.php\/wp-json\/wp\/v2\/posts\/2429","targetHints":{"allow":["GET"]}}],"collection":[{"href":"https:\/\/www.spkatarzyna.pl\/index.php\/wp-json\/wp\/v2\/posts"}],"about":[{"href":"https:\/\/www.spkatarzyna.pl\/index.php\/wp-json\/wp\/v2\/types\/post"}],"author":[{"embeddable":true,"href":"https:\/\/www.spkatarzyna.pl\/index.php\/wp-json\/wp\/v2\/users\/6"}],"replies":[{"embeddable":true,"href":"https:\/\/www.spkatarzyna.pl\/index.php\/wp-json\/wp\/v2\/comments?post=2429"}],"version-history":[{"count":12,"href":"https:\/\/www.spkatarzyna.pl\/index.php\/wp-json\/wp\/v2\/posts\/2429\/revisions"}],"predecessor-version":[{"id":2836,"href":"https:\/\/www.spkatarzyna.pl\/index.php\/wp-json\/wp\/v2\/posts\/2429\/revisions\/2836"}],"wp:featuredmedia":[{"embeddable":true,"href":"https:\/\/www.spkatarzyna.pl\/index.php\/wp-json\/wp\/v2\/media\/2489"}],"wp:attachment":[{"href":"https:\/\/www.spkatarzyna.pl\/index.php\/wp-json\/wp\/v2\/media?parent=2429"}],"wp:term":[{"taxonomy":"category","embeddable":true,"href":"https:\/\/www.spkatarzyna.pl\/index.php\/wp-json\/wp\/v2\/categories?post=2429"},{"taxonomy":"post_tag","embeddable":true,"href":"https:\/\/www.spkatarzyna.pl\/index.php\/wp-json\/wp\/v2\/tags?post=2429"}],"curies":[{"name":"wp","href":"https:\/\/api.w.org\/{rel}","templated":true}]}}