{"id":3289,"date":"2022-12-02T19:14:49","date_gmt":"2022-12-02T19:14:49","guid":{"rendered":"http:\/\/www.spkatarzyna.pl\/?p=3289"},"modified":"2022-12-02T20:31:42","modified_gmt":"2022-12-02T20:31:42","slug":"rok-2022-rokiem-romantyzmu-polskiego","status":"publish","type":"post","link":"https:\/\/www.spkatarzyna.pl\/index.php\/2022\/12\/02\/rok-2022-rokiem-romantyzmu-polskiego\/","title":{"rendered":"ROK 2022 ROKIEM ROMANTYZMU POLSKIEGO\u00a0"},"content":{"rendered":"\t\t<div data-elementor-type=\"wp-post\" data-elementor-id=\"3289\" class=\"elementor elementor-3289\">\n\t\t\t\t\t\t<section class=\"elementor-section elementor-top-section elementor-element elementor-element-7d2b1979 elementor-section-boxed elementor-section-height-default elementor-section-height-default\" data-id=\"7d2b1979\" data-element_type=\"section\">\n\t\t\t\t\t\t<div class=\"elementor-container elementor-column-gap-default\">\n\t\t\t\t\t<div class=\"elementor-column elementor-col-100 elementor-top-column elementor-element elementor-element-66481757\" data-id=\"66481757\" data-element_type=\"column\">\n\t\t\t<div class=\"elementor-widget-wrap elementor-element-populated\">\n\t\t\t\t\t\t<div class=\"elementor-element elementor-element-4e703eaf elementor-widget elementor-widget-text-editor\" data-id=\"4e703eaf\" data-element_type=\"widget\" data-widget_type=\"text-editor.default\">\n\t\t\t\t\t\t\t\t\t<p style=\"text-align: justify;\"><span style=\"font-weight: 400; font-size: 14pt;\">\u201ePami\u0119\u0107 romantyzmu polskiego jest pami\u0119ci\u0105 najwa\u017cniejszych znak\u00f3w okre\u015blaj\u0105cych narodow\u0105 to\u017csamo\u015b\u0107. W roku 2022 przypadaj\u0105 dwusetne urodziny tej epoki i jest to dobry pow\u00f3d do przypomnienia duchowego depozytu, jaki pozostawili nam romantyczni bohaterowie, arty\u015bci i my\u015bliciele\u201d \u2013 s\u0142owa zapisane w sejmowej uchwale sta\u0142y si\u0119 przyczyn\u0105 organizacji licznych inicjatyw w naszej szkole. Dzi\u0119ki zaanga\u017cowaniu uczni\u00f3w klas VIII, uda\u0142o si\u0119 zrealizowa\u0107:<\/span><\/p><ul><li style=\"font-weight: 400;\" aria-level=\"1\"><span style=\"font-weight: 400; font-size: 14pt;\">gazetk\u0119 tematyczn\u0105 \u201eRok Romantyzmu Polskiego\u201d;<\/span><\/li><li style=\"font-weight: 400;\" aria-level=\"1\"><span style=\"font-weight: 400; font-size: 14pt;\">przeczyta\u0107 wybranych fragment\u00f3w prozy i poezji wybitnych tw\u00f3rc\u00f3w epoki Romantyzmu;<\/span><\/li><li style=\"font-weight: 400;\" aria-level=\"1\"><span style=\"font-size: 14pt;\"><span style=\"font-weight: 400;\">inscenizacj\u0119 teatraln\u0105\u00a0 <\/span><i><span style=\"font-weight: 400;\">Dziady <\/span><\/i><span style=\"font-weight: 400;\">cz\u0119\u015b\u0107 II;<\/span><\/span><\/li><li style=\"font-weight: 400;\" aria-level=\"1\"><span style=\"font-weight: 400; font-size: 14pt;\">ekranizacj\u0119 \u201cBalladyny\u201d J. S\u0142owackiego;<\/span><\/li><li style=\"font-weight: 400;\" aria-level=\"1\"><span style=\"font-weight: 400; font-size: 14pt;\">lekcje muzealne\u00a0 w Muzeum Pana Tadeusza we Wroc\u0142awiu: \u201eJu\u017c ukropi\u0142em tysi\u0105c wierszy\u201d \u2013 jak Adam Mickiewicz pisa\u0142 \u201ePana Tadeusza\u201d\u00a0 oraz\u00a0 \u201cZobaczy\u0107 Soplicowo&#8230; Opowie\u015b\u0107 o Polsce szlacheckiej\u201d.\u00a0<\/span><\/li><\/ul><p style=\"text-align: center;\"><strong><span style=\"font-size: 14pt;\">Romantyzm w kadrze<\/span><\/strong><\/p><p style=\"text-align: center;\"><span style=\"font-size: 14pt;\"><b>\u201cBalladyna\u201d<\/b><span style=\"font-weight: 400;\">\u00a0<\/span><\/span><\/p><p><span style=\"color: #993300;\"><strong><span style=\"font-size: 14pt;\">Link do filmu: <a style=\"color: #993300;\" href=\"https:\/\/www.youtube.com\/watch?v=E1EeLourLSE\">https:\/\/www.youtube.com\/watch?v=E1EeLourLSE<\/a><\/span><\/strong><\/span><\/p><p style=\"text-align: justify;\"><span style=\"font-size: 14pt;\"><span style=\"font-weight: 400;\">Uczniowie klasy VIII a, przygotowali ekranizacj\u0119 dramatu romantycznego <\/span><i><span style=\"font-weight: 400;\">Balladyna<\/span><\/i><span style=\"font-weight: 400;\">\u00a0 \u00a0J. S\u0142owackiego. Historia dw\u00f3ch si\u00f3str \u2013 z\u0142ej i ow\u0142adni\u0119tej \u017c\u0105dz\u0105 w\u0142adzy Balladyny oraz dobrej i pracowitej Aliny podbi\u0142a serca m\u0142odych odbiorc\u00f3w. Z odegraniem skomplikowanych charakterologicznie postaci dramatu, wspaniale poradzili sobie:\u00a0<\/span><\/span><\/p><p style=\"text-align: justify;\"><span style=\"font-weight: 400; font-size: 14pt;\">Balladyna &#8211; Malwina Nieradko, Alina &#8211; Marika Klich, Goplana &#8211; Alicja Olszewska, Skierka &#8211; Martyna Mikuszewska, Chochlik &#8211; Jakub Hasik, Pustelnik\/ Grabiec &#8211; Kacper \u017buchelkowski, Kirkor &#8211; Kaleb Bartczak, Filon &#8211; Piotr Mikulski, Matka &#8211; Paulina Konieczna.<\/span><\/p><p style=\"text-align: justify;\"><span style=\"font-weight: 400; font-size: 14pt;\">Ekranizacja nie tylko przybli\u017cy\u0142a uczniom tre\u015b\u0107 dramatu, ale okaza\u0142a si\u0119 r\u00f3wnie\u017c niezwykle cenn\u0105 lekcj\u0105 kultury.<\/span><\/p>\t\t\t\t\t\t\t\t<\/div>\n\t\t\t\t<div class=\"elementor-element elementor-element-4756ef9 elementor-widget elementor-widget-gallery\" data-id=\"4756ef9\" data-element_type=\"widget\" data-settings=\"{&quot;lazyload&quot;:&quot;yes&quot;,&quot;gallery_layout&quot;:&quot;grid&quot;,&quot;columns&quot;:4,&quot;columns_tablet&quot;:2,&quot;columns_mobile&quot;:1,&quot;gap&quot;:{&quot;unit&quot;:&quot;px&quot;,&quot;size&quot;:10,&quot;sizes&quot;:[]},&quot;gap_tablet&quot;:{&quot;unit&quot;:&quot;px&quot;,&quot;size&quot;:10,&quot;sizes&quot;:[]},&quot;gap_mobile&quot;:{&quot;unit&quot;:&quot;px&quot;,&quot;size&quot;:10,&quot;sizes&quot;:[]},&quot;link_to&quot;:&quot;file&quot;,&quot;aspect_ratio&quot;:&quot;3:2&quot;,&quot;overlay_background&quot;:&quot;yes&quot;,&quot;content_hover_animation&quot;:&quot;fade-in&quot;}\" data-widget_type=\"gallery.default\">\n\t\t\t\t<div class=\"elementor-widget-container\">\n\t\t\t\t\t\t\t<div class=\"elementor-gallery__container\">\n\t\t\t\t\t\t\t<a class=\"e-gallery-item elementor-gallery-item elementor-animated-content\" href=\"https:\/\/www.spkatarzyna.pl\/wp-content\/uploads\/2022\/12\/BALLADYNA-2.jpg\" data-elementor-open-lightbox=\"yes\" data-elementor-lightbox-slideshow=\"all-4756ef9\" data-elementor-lightbox-title=\"BALLADYNA 2\" data-e-action-hash=\"#elementor-action%3Aaction%3Dlightbox%26settings%3DeyJpZCI6MzI5NiwidXJsIjoiaHR0cHM6XC9cL3d3dy5zcGthdGFyenluYS5wbFwvd3AtY29udGVudFwvdXBsb2Fkc1wvMjAyMlwvMTJcL0JBTExBRFlOQS0yLmpwZyIsInNsaWRlc2hvdyI6ImFsbC00NzU2ZWY5In0%3D\" rel=\"lightbox[3289]\">\n\t\t\t\t\t<div class=\"e-gallery-image elementor-gallery-item__image\" data-thumbnail=\"https:\/\/www.spkatarzyna.pl\/wp-content\/uploads\/2022\/12\/BALLADYNA-2-300x225.jpg\" data-width=\"300\" data-height=\"225\" alt=\"\" ><\/div>\n\t\t\t\t\t\t\t\t\t\t<div class=\"elementor-gallery-item__overlay\"><\/div>\n\t\t\t\t\t\t\t\t\t\t\t\t\t\t<\/a>\n\t\t\t\t\t\t\t<a class=\"e-gallery-item elementor-gallery-item elementor-animated-content\" href=\"https:\/\/www.spkatarzyna.pl\/wp-content\/uploads\/2022\/12\/BALLADYNA-3.png\" data-elementor-open-lightbox=\"yes\" data-elementor-lightbox-slideshow=\"all-4756ef9\" data-elementor-lightbox-title=\"BALLADYNA 3\" data-e-action-hash=\"#elementor-action%3Aaction%3Dlightbox%26settings%3DeyJpZCI6MzI5NSwidXJsIjoiaHR0cHM6XC9cL3d3dy5zcGthdGFyenluYS5wbFwvd3AtY29udGVudFwvdXBsb2Fkc1wvMjAyMlwvMTJcL0JBTExBRFlOQS0zLnBuZyIsInNsaWRlc2hvdyI6ImFsbC00NzU2ZWY5In0%3D\" rel=\"lightbox[3289]\">\n\t\t\t\t\t<div class=\"e-gallery-image elementor-gallery-item__image\" data-thumbnail=\"https:\/\/www.spkatarzyna.pl\/wp-content\/uploads\/2022\/12\/BALLADYNA-3-300x225.png\" data-width=\"300\" data-height=\"225\" alt=\"\" ><\/div>\n\t\t\t\t\t\t\t\t\t\t<div class=\"elementor-gallery-item__overlay\"><\/div>\n\t\t\t\t\t\t\t\t\t\t\t\t\t\t<\/a>\n\t\t\t\t\t<\/div>\n\t\t\t\t\t<\/div>\n\t\t\t\t<\/div>\n\t\t\t\t\t<\/div>\n\t\t<\/div>\n\t\t\t\t\t<\/div>\n\t\t<\/section>\n\t\t\t\t<section class=\"elementor-section elementor-top-section elementor-element elementor-element-a55e067 elementor-section-boxed elementor-section-height-default elementor-section-height-default\" data-id=\"a55e067\" data-element_type=\"section\">\n\t\t\t\t\t\t<div class=\"elementor-container elementor-column-gap-default\">\n\t\t\t\t\t<div class=\"elementor-column elementor-col-100 elementor-top-column elementor-element elementor-element-3d08430\" data-id=\"3d08430\" data-element_type=\"column\">\n\t\t\t<div class=\"elementor-widget-wrap elementor-element-populated\">\n\t\t\t\t\t\t<div class=\"elementor-element elementor-element-cf5e98a elementor-widget elementor-widget-text-editor\" data-id=\"cf5e98a\" data-element_type=\"widget\" data-widget_type=\"text-editor.default\">\n\t\t\t\t\t\t\t\t\t<p dir=\"ltr\" style=\"line-height: 1.38; margin-top: 0pt; margin-bottom: 0pt; text-align: center;\"><span style=\"font-size: 14pt; font-family: Arial; color: #000000; background-color: #ffffff; font-weight: bold; font-style: normal; font-variant-ligatures: normal; font-variant-caps: normal; font-variant-east-asian: normal; text-decoration: none; vertical-align: baseline; white-space: pre-wrap;\">\u201cDziady II\u201d<\/span><\/p><p dir=\"ltr\" style=\"line-height: 1.38; margin-top: 0pt; margin-bottom: 0pt; text-align: justify;\"><span style=\"font-size: 14pt; font-family: Arial; color: #000000; background-color: #ffffff; font-weight: 400; font-style: normal; font-variant-ligatures: normal; font-variant-caps: normal; font-variant-east-asian: normal; text-decoration: none; vertical-align: baseline; white-space: pre-wrap;\">Wizyjno\u015b\u0107 i fantastyka, akcentowanie roli tradycji ludowej i wiary ludu w si\u0142\u0119 rytua\u0142\u00f3w\/ obrz\u0119d\u00f3w (wsp\u00f3\u0142istnienie \u015bwiata ludzi ze \u015bwiatem duch\u00f3w) to tematy poruszane w dramacie A. Mickiewicza. Uczniowie klasy 8a przygotowali inscenizacj\u0119 guse\u0142, przekazuj\u0105c nauki moralne spo\u0142eczno\u015bci szkolnej. Pojawi\u0142y si\u0119 duchy lekkie, ci\u0119\u017ckie i po\u015brednie, zawita\u0142 te\u017c ch\u00f3r ptak\u00f3w nocnych.\u00a0<\/span><\/p>\t\t\t\t\t\t\t\t<\/div>\n\t\t\t\t\t<\/div>\n\t\t<\/div>\n\t\t\t\t\t<\/div>\n\t\t<\/section>\n\t\t\t\t<section class=\"elementor-section elementor-top-section elementor-element elementor-element-331a6cf elementor-section-boxed elementor-section-height-default elementor-section-height-default\" data-id=\"331a6cf\" data-element_type=\"section\">\n\t\t\t\t\t\t<div class=\"elementor-container elementor-column-gap-default\">\n\t\t\t\t\t<div class=\"elementor-column elementor-col-100 elementor-top-column elementor-element elementor-element-0a69764\" data-id=\"0a69764\" data-element_type=\"column\">\n\t\t\t<div class=\"elementor-widget-wrap elementor-element-populated\">\n\t\t\t\t\t\t<div class=\"elementor-element elementor-element-f6a9d5d elementor-widget elementor-widget-gallery\" data-id=\"f6a9d5d\" data-element_type=\"widget\" data-settings=\"{&quot;lazyload&quot;:&quot;yes&quot;,&quot;gallery_layout&quot;:&quot;grid&quot;,&quot;columns&quot;:4,&quot;columns_tablet&quot;:2,&quot;columns_mobile&quot;:1,&quot;gap&quot;:{&quot;unit&quot;:&quot;px&quot;,&quot;size&quot;:10,&quot;sizes&quot;:[]},&quot;gap_tablet&quot;:{&quot;unit&quot;:&quot;px&quot;,&quot;size&quot;:10,&quot;sizes&quot;:[]},&quot;gap_mobile&quot;:{&quot;unit&quot;:&quot;px&quot;,&quot;size&quot;:10,&quot;sizes&quot;:[]},&quot;link_to&quot;:&quot;file&quot;,&quot;aspect_ratio&quot;:&quot;3:2&quot;,&quot;overlay_background&quot;:&quot;yes&quot;,&quot;content_hover_animation&quot;:&quot;fade-in&quot;}\" data-widget_type=\"gallery.default\">\n\t\t\t\t<div class=\"elementor-widget-container\">\n\t\t\t\t\t\t\t<div class=\"elementor-gallery__container\">\n\t\t\t\t\t\t\t<a class=\"e-gallery-item elementor-gallery-item elementor-animated-content\" href=\"https:\/\/www.spkatarzyna.pl\/wp-content\/uploads\/2022\/12\/DZIADY.jpg\" data-elementor-open-lightbox=\"yes\" data-elementor-lightbox-slideshow=\"all-f6a9d5d\" data-elementor-lightbox-title=\"DZIADY\" data-e-action-hash=\"#elementor-action%3Aaction%3Dlightbox%26settings%3DeyJpZCI6MzI5OCwidXJsIjoiaHR0cHM6XC9cL3d3dy5zcGthdGFyenluYS5wbFwvd3AtY29udGVudFwvdXBsb2Fkc1wvMjAyMlwvMTJcL0RaSUFEWS5qcGciLCJzbGlkZXNob3ciOiJhbGwtZjZhOWQ1ZCJ9\" rel=\"lightbox[3289]\">\n\t\t\t\t\t<div class=\"e-gallery-image elementor-gallery-item__image\" data-thumbnail=\"https:\/\/www.spkatarzyna.pl\/wp-content\/uploads\/2022\/12\/DZIADY-300x225.jpg\" data-width=\"300\" data-height=\"225\" alt=\"\" ><\/div>\n\t\t\t\t\t\t\t\t\t\t<div class=\"elementor-gallery-item__overlay\"><\/div>\n\t\t\t\t\t\t\t\t\t\t\t\t\t\t<\/a>\n\t\t\t\t\t\t\t<a class=\"e-gallery-item elementor-gallery-item elementor-animated-content\" href=\"https:\/\/www.spkatarzyna.pl\/wp-content\/uploads\/2022\/10\/PHOTO-2022-10-28-12-47-21.jpg\" data-elementor-open-lightbox=\"yes\" data-elementor-lightbox-slideshow=\"all-f6a9d5d\" data-elementor-lightbox-title=\"PHOTO-2022-10-28-12-47-21\" data-e-action-hash=\"#elementor-action%3Aaction%3Dlightbox%26settings%3DeyJpZCI6MjQ0MywidXJsIjoiaHR0cHM6XC9cL3d3dy5zcGthdGFyenluYS5wbFwvd3AtY29udGVudFwvdXBsb2Fkc1wvMjAyMlwvMTBcL1BIT1RPLTIwMjItMTAtMjgtMTItNDctMjEuanBnIiwic2xpZGVzaG93IjoiYWxsLWY2YTlkNWQifQ%3D%3D\" rel=\"lightbox[3289]\">\n\t\t\t\t\t<div class=\"e-gallery-image elementor-gallery-item__image\" data-thumbnail=\"https:\/\/www.spkatarzyna.pl\/wp-content\/uploads\/2022\/10\/PHOTO-2022-10-28-12-47-21-300x235.jpg\" data-width=\"300\" data-height=\"235\" alt=\"\" ><\/div>\n\t\t\t\t\t\t\t\t\t\t<div class=\"elementor-gallery-item__overlay\"><\/div>\n\t\t\t\t\t\t\t\t\t\t\t\t\t\t<\/a>\n\t\t\t\t\t\t\t<a class=\"e-gallery-item elementor-gallery-item elementor-animated-content\" href=\"https:\/\/www.spkatarzyna.pl\/wp-content\/uploads\/2022\/10\/PHOTO-2022-10-28-12-47-21-10.jpg\" data-elementor-open-lightbox=\"yes\" data-elementor-lightbox-slideshow=\"all-f6a9d5d\" data-elementor-lightbox-title=\"PHOTO-2022-10-28-12-47-21-10\" data-e-action-hash=\"#elementor-action%3Aaction%3Dlightbox%26settings%3DeyJpZCI6MjQzNCwidXJsIjoiaHR0cHM6XC9cL3d3dy5zcGthdGFyenluYS5wbFwvd3AtY29udGVudFwvdXBsb2Fkc1wvMjAyMlwvMTBcL1BIT1RPLTIwMjItMTAtMjgtMTItNDctMjEtMTAuanBnIiwic2xpZGVzaG93IjoiYWxsLWY2YTlkNWQifQ%3D%3D\" rel=\"lightbox[3289]\">\n\t\t\t\t\t<div class=\"e-gallery-image elementor-gallery-item__image\" data-thumbnail=\"https:\/\/www.spkatarzyna.pl\/wp-content\/uploads\/2022\/10\/PHOTO-2022-10-28-12-47-21-10-300x229.jpg\" data-width=\"300\" data-height=\"229\" alt=\"\" ><\/div>\n\t\t\t\t\t\t\t\t\t\t<div class=\"elementor-gallery-item__overlay\"><\/div>\n\t\t\t\t\t\t\t\t\t\t\t\t\t\t<\/a>\n\t\t\t\t\t\t\t<a class=\"e-gallery-item elementor-gallery-item elementor-animated-content\" href=\"https:\/\/www.spkatarzyna.pl\/wp-content\/uploads\/2022\/10\/PHOTO-2022-10-28-12-47-21-5.jpg\" data-elementor-open-lightbox=\"yes\" data-elementor-lightbox-slideshow=\"all-f6a9d5d\" data-elementor-lightbox-title=\"PHOTO-2022-10-28-12-47-21-5\" data-e-action-hash=\"#elementor-action%3Aaction%3Dlightbox%26settings%3DeyJpZCI6MjQzOSwidXJsIjoiaHR0cHM6XC9cL3d3dy5zcGthdGFyenluYS5wbFwvd3AtY29udGVudFwvdXBsb2Fkc1wvMjAyMlwvMTBcL1BIT1RPLTIwMjItMTAtMjgtMTItNDctMjEtNS5qcGciLCJzbGlkZXNob3ciOiJhbGwtZjZhOWQ1ZCJ9\" rel=\"lightbox[3289]\">\n\t\t\t\t\t<div class=\"e-gallery-image elementor-gallery-item__image\" data-thumbnail=\"https:\/\/www.spkatarzyna.pl\/wp-content\/uploads\/2022\/10\/PHOTO-2022-10-28-12-47-21-5-300x225.jpg\" data-width=\"300\" data-height=\"225\" alt=\"\" ><\/div>\n\t\t\t\t\t\t\t\t\t\t<div class=\"elementor-gallery-item__overlay\"><\/div>\n\t\t\t\t\t\t\t\t\t\t\t\t\t\t<\/a>\n\t\t\t\t\t<\/div>\n\t\t\t\t\t<\/div>\n\t\t\t\t<\/div>\n\t\t\t\t\t<\/div>\n\t\t<\/div>\n\t\t\t\t\t<\/div>\n\t\t<\/section>\n\t\t\t\t<section class=\"elementor-section elementor-top-section elementor-element elementor-element-fb3d0ce elementor-section-boxed elementor-section-height-default elementor-section-height-default\" data-id=\"fb3d0ce\" data-element_type=\"section\">\n\t\t\t\t\t\t<div class=\"elementor-container elementor-column-gap-default\">\n\t\t\t\t\t<div class=\"elementor-column elementor-col-100 elementor-top-column elementor-element elementor-element-b57e6d0\" data-id=\"b57e6d0\" data-element_type=\"column\">\n\t\t\t<div class=\"elementor-widget-wrap elementor-element-populated\">\n\t\t\t\t\t\t<div class=\"elementor-element elementor-element-ad0c6fc elementor-widget elementor-widget-text-editor\" data-id=\"ad0c6fc\" data-element_type=\"widget\" data-widget_type=\"text-editor.default\">\n\t\t\t\t\t\t\t\t\t<p style=\"text-align: center;\"><span style=\"font-size: 14pt;\"><b>Muzeum Pana Tadeusza<\/b><\/span><\/p><p style=\"text-align: center;\"><span style=\"font-size: 14pt;\"><b>Lekcje muzealne\u00a0<\/b><\/span><\/p><p style=\"text-align: justify;\"><span style=\"font-size: 14pt;\"><span style=\"font-weight: 400;\">W listopadzie uczniowie klas 8, wzi\u0119li za\u015b udzia\u0142 w lekcji <\/span><i><span style=\"font-weight: 400;\">Zobaczy\u0107 Soplicowo&#8230; Opowie\u015b\u0107\u00a0 \u00a0o Polsce szlacheckiej<\/span><\/i><span style=\"font-weight: 400;\"> w Muzeum Pana Tadeusza we Wroc\u0142awiu. Podczas zaj\u0119\u0107 us\u0142yszeli wiele ciekawostek zwi\u0105zanych z kultur\u0105 szlacheck\u0105, przyjrzeli si\u0119 wybranym elementom \u015bwiata przedstawionego w utworze (m.in. karabela, zegar szafowy, pas kontuszowy), ujrzeli r\u00f3wnie\u017c jeden z najwi\u0119kszych zabytk\u00f3w polskiej literatury \u2013 r\u0119kopis <\/span><i><span style=\"font-weight: 400;\">Pana Tadeusza<\/span><\/i><span style=\"font-weight: 400;\">.<\/span><\/span><\/p><p style=\"text-align: justify;\"><span style=\"font-weight: 400; font-size: 14pt;\">Zainteresowaniem uczni\u00f3w cieszy\u0142y si\u0119 r\u00f3wnie\u017c warsztaty kaligrafii; z niezwyk\u0142\u0105 staranno\u015bci\u0105 starali si\u0119 zapisa\u0107 g\u0119sim pi\u00f3rem s\u0142owa inwokacji.<\/span><\/p><p style=\"text-align: justify;\"><strong style=\"background-color: transparent; font-size: 14px;\"><span style=\"font-size: 14pt; color: #800000;\">Link do filmu: <a style=\"color: #800000;\" href=\"https:\/\/www.youtube.com\/watch?v=YjwZFPkUeK4\">https:\/\/www.youtube.com\/watch?v=YjwZFPkUeK4<\/a><\/span><\/strong><\/p>\t\t\t\t\t\t\t\t<\/div>\n\t\t\t\t\t<\/div>\n\t\t<\/div>\n\t\t\t\t\t<\/div>\n\t\t<\/section>\n\t\t\t\t<section class=\"elementor-section elementor-top-section elementor-element elementor-element-44dba64 elementor-section-boxed elementor-section-height-default elementor-section-height-default\" data-id=\"44dba64\" data-element_type=\"section\">\n\t\t\t\t\t\t<div class=\"elementor-container elementor-column-gap-default\">\n\t\t\t\t\t<div class=\"elementor-column elementor-col-100 elementor-top-column elementor-element elementor-element-a16f53d\" data-id=\"a16f53d\" data-element_type=\"column\">\n\t\t\t<div class=\"elementor-widget-wrap elementor-element-populated\">\n\t\t\t\t\t\t<div class=\"elementor-element elementor-element-f16cbe2 elementor-widget elementor-widget-gallery\" data-id=\"f16cbe2\" data-element_type=\"widget\" data-settings=\"{&quot;lazyload&quot;:&quot;yes&quot;,&quot;gallery_layout&quot;:&quot;grid&quot;,&quot;columns&quot;:4,&quot;columns_tablet&quot;:2,&quot;columns_mobile&quot;:1,&quot;gap&quot;:{&quot;unit&quot;:&quot;px&quot;,&quot;size&quot;:10,&quot;sizes&quot;:[]},&quot;gap_tablet&quot;:{&quot;unit&quot;:&quot;px&quot;,&quot;size&quot;:10,&quot;sizes&quot;:[]},&quot;gap_mobile&quot;:{&quot;unit&quot;:&quot;px&quot;,&quot;size&quot;:10,&quot;sizes&quot;:[]},&quot;link_to&quot;:&quot;file&quot;,&quot;aspect_ratio&quot;:&quot;3:2&quot;,&quot;overlay_background&quot;:&quot;yes&quot;,&quot;content_hover_animation&quot;:&quot;fade-in&quot;}\" data-widget_type=\"gallery.default\">\n\t\t\t\t<div class=\"elementor-widget-container\">\n\t\t\t\t\t\t\t<div class=\"elementor-gallery__container\">\n\t\t\t\t\t\t\t<a class=\"e-gallery-item elementor-gallery-item elementor-animated-content\" href=\"https:\/\/www.spkatarzyna.pl\/wp-content\/uploads\/2022\/12\/MUZEUM6.jpg\" data-elementor-open-lightbox=\"yes\" data-elementor-lightbox-slideshow=\"all-f16cbe2\" data-elementor-lightbox-title=\"MUZEUM6\" data-e-action-hash=\"#elementor-action%3Aaction%3Dlightbox%26settings%3DeyJpZCI6MzMwNiwidXJsIjoiaHR0cHM6XC9cL3d3dy5zcGthdGFyenluYS5wbFwvd3AtY29udGVudFwvdXBsb2Fkc1wvMjAyMlwvMTJcL01VWkVVTTYuanBnIiwic2xpZGVzaG93IjoiYWxsLWYxNmNiZTIifQ%3D%3D\" rel=\"lightbox[3289]\">\n\t\t\t\t\t<div class=\"e-gallery-image elementor-gallery-item__image\" data-thumbnail=\"https:\/\/www.spkatarzyna.pl\/wp-content\/uploads\/2022\/12\/MUZEUM6-300x225.jpg\" data-width=\"300\" data-height=\"225\" alt=\"\" ><\/div>\n\t\t\t\t\t\t\t\t\t\t<div class=\"elementor-gallery-item__overlay\"><\/div>\n\t\t\t\t\t\t\t\t\t\t\t\t\t\t<\/a>\n\t\t\t\t\t\t\t<a class=\"e-gallery-item elementor-gallery-item elementor-animated-content\" href=\"https:\/\/www.spkatarzyna.pl\/wp-content\/uploads\/2022\/12\/MUZEUM-3.jpg\" data-elementor-open-lightbox=\"yes\" data-elementor-lightbox-slideshow=\"all-f16cbe2\" data-elementor-lightbox-title=\"MUZEUM 3\" data-e-action-hash=\"#elementor-action%3Aaction%3Dlightbox%26settings%3DeyJpZCI6MzMwMywidXJsIjoiaHR0cHM6XC9cL3d3dy5zcGthdGFyenluYS5wbFwvd3AtY29udGVudFwvdXBsb2Fkc1wvMjAyMlwvMTJcL01VWkVVTS0zLmpwZyIsInNsaWRlc2hvdyI6ImFsbC1mMTZjYmUyIn0%3D\" rel=\"lightbox[3289]\">\n\t\t\t\t\t<div class=\"e-gallery-image elementor-gallery-item__image\" data-thumbnail=\"https:\/\/www.spkatarzyna.pl\/wp-content\/uploads\/2022\/12\/MUZEUM-3-300x214.jpg\" data-width=\"300\" data-height=\"214\" alt=\"\" ><\/div>\n\t\t\t\t\t\t\t\t\t\t<div class=\"elementor-gallery-item__overlay\"><\/div>\n\t\t\t\t\t\t\t\t\t\t\t\t\t\t<\/a>\n\t\t\t\t\t\t\t<a class=\"e-gallery-item elementor-gallery-item elementor-animated-content\" href=\"https:\/\/www.spkatarzyna.pl\/wp-content\/uploads\/2022\/12\/MUZEUM-5.jpg\" data-elementor-open-lightbox=\"yes\" data-elementor-lightbox-slideshow=\"all-f16cbe2\" data-elementor-lightbox-title=\"MUZEUM 5\" data-e-action-hash=\"#elementor-action%3Aaction%3Dlightbox%26settings%3DeyJpZCI6MzMwMSwidXJsIjoiaHR0cHM6XC9cL3d3dy5zcGthdGFyenluYS5wbFwvd3AtY29udGVudFwvdXBsb2Fkc1wvMjAyMlwvMTJcL01VWkVVTS01LmpwZyIsInNsaWRlc2hvdyI6ImFsbC1mMTZjYmUyIn0%3D\" rel=\"lightbox[3289]\">\n\t\t\t\t\t<div class=\"e-gallery-image elementor-gallery-item__image\" data-thumbnail=\"https:\/\/www.spkatarzyna.pl\/wp-content\/uploads\/2022\/12\/MUZEUM-5-300x215.jpg\" data-width=\"300\" data-height=\"215\" alt=\"\" ><\/div>\n\t\t\t\t\t\t\t\t\t\t<div class=\"elementor-gallery-item__overlay\"><\/div>\n\t\t\t\t\t\t\t\t\t\t\t\t\t\t<\/a>\n\t\t\t\t\t\t\t<a class=\"e-gallery-item elementor-gallery-item elementor-animated-content\" href=\"https:\/\/www.spkatarzyna.pl\/wp-content\/uploads\/2022\/12\/MUZEUM-1.jpg\" data-elementor-open-lightbox=\"yes\" data-elementor-lightbox-slideshow=\"all-f16cbe2\" data-elementor-lightbox-title=\"MUZEUM 1\" data-e-action-hash=\"#elementor-action%3Aaction%3Dlightbox%26settings%3DeyJpZCI6MzMwNSwidXJsIjoiaHR0cHM6XC9cL3d3dy5zcGthdGFyenluYS5wbFwvd3AtY29udGVudFwvdXBsb2Fkc1wvMjAyMlwvMTJcL01VWkVVTS0xLmpwZyIsInNsaWRlc2hvdyI6ImFsbC1mMTZjYmUyIn0%3D\" rel=\"lightbox[3289]\">\n\t\t\t\t\t<div class=\"e-gallery-image elementor-gallery-item__image\" data-thumbnail=\"https:\/\/www.spkatarzyna.pl\/wp-content\/uploads\/2022\/12\/MUZEUM-1-300x225.jpg\" data-width=\"300\" data-height=\"225\" alt=\"\" ><\/div>\n\t\t\t\t\t\t\t\t\t\t<div class=\"elementor-gallery-item__overlay\"><\/div>\n\t\t\t\t\t\t\t\t\t\t\t\t\t\t<\/a>\n\t\t\t\t\t\t\t<a class=\"e-gallery-item elementor-gallery-item elementor-animated-content\" href=\"https:\/\/www.spkatarzyna.pl\/wp-content\/uploads\/2022\/12\/MUZEUM-2.jpg\" data-elementor-open-lightbox=\"yes\" data-elementor-lightbox-slideshow=\"all-f16cbe2\" data-elementor-lightbox-title=\"MUZEUM 2\" data-e-action-hash=\"#elementor-action%3Aaction%3Dlightbox%26settings%3DeyJpZCI6MzMwNCwidXJsIjoiaHR0cHM6XC9cL3d3dy5zcGthdGFyenluYS5wbFwvd3AtY29udGVudFwvdXBsb2Fkc1wvMjAyMlwvMTJcL01VWkVVTS0yLmpwZyIsInNsaWRlc2hvdyI6ImFsbC1mMTZjYmUyIn0%3D\" rel=\"lightbox[3289]\">\n\t\t\t\t\t<div class=\"e-gallery-image elementor-gallery-item__image\" data-thumbnail=\"https:\/\/www.spkatarzyna.pl\/wp-content\/uploads\/2022\/12\/MUZEUM-2-300x231.jpg\" data-width=\"300\" data-height=\"231\" alt=\"\" ><\/div>\n\t\t\t\t\t\t\t\t\t\t<div class=\"elementor-gallery-item__overlay\"><\/div>\n\t\t\t\t\t\t\t\t\t\t\t\t\t\t<\/a>\n\t\t\t\t\t\t\t<a class=\"e-gallery-item elementor-gallery-item elementor-animated-content\" href=\"https:\/\/www.spkatarzyna.pl\/wp-content\/uploads\/2022\/12\/MUZEUM-7.jpg\" data-elementor-open-lightbox=\"yes\" data-elementor-lightbox-slideshow=\"all-f16cbe2\" data-elementor-lightbox-title=\"MUZEUM 7\" data-e-action-hash=\"#elementor-action%3Aaction%3Dlightbox%26settings%3DeyJpZCI6MzMwMCwidXJsIjoiaHR0cHM6XC9cL3d3dy5zcGthdGFyenluYS5wbFwvd3AtY29udGVudFwvdXBsb2Fkc1wvMjAyMlwvMTJcL01VWkVVTS03LmpwZyIsInNsaWRlc2hvdyI6ImFsbC1mMTZjYmUyIn0%3D\" rel=\"lightbox[3289]\">\n\t\t\t\t\t<div class=\"e-gallery-image elementor-gallery-item__image\" data-thumbnail=\"https:\/\/www.spkatarzyna.pl\/wp-content\/uploads\/2022\/12\/MUZEUM-7-300x225.jpg\" data-width=\"300\" data-height=\"225\" alt=\"\" ><\/div>\n\t\t\t\t\t\t\t\t\t\t<div class=\"elementor-gallery-item__overlay\"><\/div>\n\t\t\t\t\t\t\t\t\t\t\t\t\t\t<\/a>\n\t\t\t\t\t\t\t<a class=\"e-gallery-item elementor-gallery-item elementor-animated-content\" href=\"https:\/\/www.spkatarzyna.pl\/wp-content\/uploads\/2022\/12\/MUZEUM-4.jpg\" data-elementor-open-lightbox=\"yes\" data-elementor-lightbox-slideshow=\"all-f16cbe2\" data-elementor-lightbox-title=\"MUZEUM 4\" data-e-action-hash=\"#elementor-action%3Aaction%3Dlightbox%26settings%3DeyJpZCI6MzMwMiwidXJsIjoiaHR0cHM6XC9cL3d3dy5zcGthdGFyenluYS5wbFwvd3AtY29udGVudFwvdXBsb2Fkc1wvMjAyMlwvMTJcL01VWkVVTS00LmpwZyIsInNsaWRlc2hvdyI6ImFsbC1mMTZjYmUyIn0%3D\" rel=\"lightbox[3289]\">\n\t\t\t\t\t<div class=\"e-gallery-image elementor-gallery-item__image\" data-thumbnail=\"https:\/\/www.spkatarzyna.pl\/wp-content\/uploads\/2022\/12\/MUZEUM-4-300x225.jpg\" data-width=\"300\" data-height=\"225\" alt=\"\" ><\/div>\n\t\t\t\t\t\t\t\t\t\t<div class=\"elementor-gallery-item__overlay\"><\/div>\n\t\t\t\t\t\t\t\t\t\t\t\t\t\t<\/a>\n\t\t\t\t\t\t\t<a class=\"e-gallery-item elementor-gallery-item elementor-animated-content\" href=\"https:\/\/www.spkatarzyna.pl\/wp-content\/uploads\/2022\/12\/MUZEUM-8.jpg\" data-elementor-open-lightbox=\"yes\" data-elementor-lightbox-slideshow=\"all-f16cbe2\" data-elementor-lightbox-title=\"MUZEUM 8\" data-e-action-hash=\"#elementor-action%3Aaction%3Dlightbox%26settings%3DeyJpZCI6MzI5OSwidXJsIjoiaHR0cHM6XC9cL3d3dy5zcGthdGFyenluYS5wbFwvd3AtY29udGVudFwvdXBsb2Fkc1wvMjAyMlwvMTJcL01VWkVVTS04LmpwZyIsInNsaWRlc2hvdyI6ImFsbC1mMTZjYmUyIn0%3D\" rel=\"lightbox[3289]\">\n\t\t\t\t\t<div class=\"e-gallery-image elementor-gallery-item__image\" data-thumbnail=\"https:\/\/www.spkatarzyna.pl\/wp-content\/uploads\/2022\/12\/MUZEUM-8-300x225.jpg\" data-width=\"300\" data-height=\"225\" alt=\"\" ><\/div>\n\t\t\t\t\t\t\t\t\t\t<div class=\"elementor-gallery-item__overlay\"><\/div>\n\t\t\t\t\t\t\t\t\t\t\t\t\t\t<\/a>\n\t\t\t\t\t<\/div>\n\t\t\t\t\t<\/div>\n\t\t\t\t<\/div>\n\t\t\t\t\t<\/div>\n\t\t<\/div>\n\t\t\t\t\t<\/div>\n\t\t<\/section>\n\t\t\t\t<\/div>\n\t\t","protected":false},"excerpt":{"rendered":"<p>\u201ePami\u0119\u0107 romantyzmu polskiego jest pami\u0119ci\u0105 najwa\u017cniejszych znak\u00f3w okre\u015blaj\u0105cych narodow\u0105 to\u017csamo\u015b\u0107. W roku 2022 przypadaj\u0105 dwusetne urodziny tej epoki i jest to dobry pow\u00f3d do przypomnienia duchowego depozytu, jaki pozostawili nam romantyczni bohaterowie, arty\u015bci i my\u015bliciele\u201d \u2013 s\u0142owa zapisane w sejmowej uchwale sta\u0142y si\u0119 przyczyn\u0105 organizacji licznych inicjatyw w naszej szkole. [&hellip;]<\/p>\n","protected":false},"author":6,"featured_media":3290,"comment_status":"open","ping_status":"open","sticky":false,"template":"","format":"standard","meta":{"om_disable_all_campaigns":false,"_monsterinsights_skip_tracking":false,"ngg_post_thumbnail":0,"footnotes":""},"categories":[1],"tags":[],"class_list":["post-3289","post","type-post","status-publish","format-standard","has-post-thumbnail","hentry","category-uncategorized"],"aioseo_notices":[],"aioseo_head":"\n\t\t<!-- All in One SEO 5.0.1.1 - aioseo.com -->\n\t<meta name=\"description\" content=\"\u201ePami\u0119\u0107 romantyzmu polskiego jest pami\u0119ci\u0105 najwa\u017cniejszych znak\u00f3w okre\u015blaj\u0105cych narodow\u0105 to\u017csamo\u015b\u0107. W roku 2022 przypadaj\u0105 dwusetne urodziny tej epoki i jest to dobry pow\u00f3d do przypomnienia duchowego depozytu, jaki pozostawili nam romantyczni bohaterowie, arty\u015bci i my\u015bliciele\u201d \u2013 s\u0142owa zapisane w sejmowej uchwale sta\u0142y si\u0119 przyczyn\u0105 organizacji licznych inicjatyw w naszej szkole. Dzi\u0119ki zaanga\u017cowaniu uczni\u00f3w klas VIII,\" \/>\n\t<meta name=\"robots\" content=\"max-image-preview:large\" \/>\n\t<meta name=\"author\" content=\"Redakcja\"\/>\n\t<link rel=\"canonical\" href=\"https:\/\/www.spkatarzyna.pl\/index.php\/2022\/12\/02\/rok-2022-rokiem-romantyzmu-polskiego\/\" \/>\n\t<meta name=\"generator\" content=\"All in One SEO (AIOSEO) 5.0.1.1\" \/>\n\t\t<meta property=\"og:locale\" content=\"pl_PL\" \/>\n\t\t<meta property=\"og:site_name\" content=\"SP Katarzyna - Publiczna Szko\u0142a Podstawowa w \u015awi\u0119tej Katarzynie\" \/>\n\t\t<meta property=\"og:type\" content=\"article\" \/>\n\t\t<meta property=\"og:title\" content=\"ROK 2022 ROKIEM ROMANTYZMU POLSKIEGO - SP Katarzyna\" \/>\n\t\t<meta property=\"og:description\" content=\"\u201ePami\u0119\u0107 romantyzmu polskiego jest pami\u0119ci\u0105 najwa\u017cniejszych znak\u00f3w okre\u015blaj\u0105cych narodow\u0105 to\u017csamo\u015b\u0107. W roku 2022 przypadaj\u0105 dwusetne urodziny tej epoki i jest to dobry pow\u00f3d do przypomnienia duchowego depozytu, jaki pozostawili nam romantyczni bohaterowie, arty\u015bci i my\u015bliciele\u201d \u2013 s\u0142owa zapisane w sejmowej uchwale sta\u0142y si\u0119 przyczyn\u0105 organizacji licznych inicjatyw w naszej szkole. Dzi\u0119ki zaanga\u017cowaniu uczni\u00f3w klas VIII,\" \/>\n\t\t<meta property=\"og:url\" content=\"https:\/\/www.spkatarzyna.pl\/index.php\/2022\/12\/02\/rok-2022-rokiem-romantyzmu-polskiego\/\" \/>\n\t\t<meta property=\"article:published_time\" content=\"2022-12-02T19:14:49+00:00\" \/>\n\t\t<meta property=\"article:modified_time\" content=\"2022-12-02T20:31:42+00:00\" \/>\n\t\t<meta name=\"twitter:card\" content=\"summary_large_image\" \/>\n\t\t<meta name=\"twitter:title\" content=\"ROK 2022 ROKIEM ROMANTYZMU POLSKIEGO - SP Katarzyna\" \/>\n\t\t<meta name=\"twitter:description\" content=\"\u201ePami\u0119\u0107 romantyzmu polskiego jest pami\u0119ci\u0105 najwa\u017cniejszych znak\u00f3w okre\u015blaj\u0105cych narodow\u0105 to\u017csamo\u015b\u0107. W roku 2022 przypadaj\u0105 dwusetne urodziny tej epoki i jest to dobry pow\u00f3d do przypomnienia duchowego depozytu, jaki pozostawili nam romantyczni bohaterowie, arty\u015bci i my\u015bliciele\u201d \u2013 s\u0142owa zapisane w sejmowej uchwale sta\u0142y si\u0119 przyczyn\u0105 organizacji licznych inicjatyw w naszej szkole. Dzi\u0119ki zaanga\u017cowaniu uczni\u00f3w klas VIII,\" \/>\n\t\t<script type=\"application\/ld+json\" class=\"aioseo-schema\">\n\t\t\t{\"@context\":\"https:\\\/\\\/schema.org\",\"@graph\":[{\"@type\":\"BlogPosting\",\"@id\":\"https:\\\/\\\/www.spkatarzyna.pl\\\/index.php\\\/2022\\\/12\\\/02\\\/rok-2022-rokiem-romantyzmu-polskiego\\\/#blogposting\",\"name\":\"ROK 2022 ROKIEM ROMANTYZMU POLSKIEGO - SP Katarzyna\",\"headline\":\"ROK 2022 ROKIEM ROMANTYZMU POLSKIEGO\\u00a0\",\"author\":{\"@id\":\"https:\\\/\\\/www.spkatarzyna.pl\\\/index.php\\\/author\\\/agatasafianspkatarzyna-pl\\\/#author\"},\"publisher\":{\"@id\":\"https:\\\/\\\/www.spkatarzyna.pl\\\/#organization\"},\"image\":{\"@type\":\"ImageObject\",\"url\":\"https:\\\/\\\/www.spkatarzyna.pl\\\/wp-content\\\/uploads\\\/2022\\\/12\\\/NAGLOWEK-2.png\",\"width\":360,\"height\":202},\"datePublished\":\"2022-12-02T19:14:49+01:00\",\"dateModified\":\"2022-12-02T20:31:42+01:00\",\"inLanguage\":\"pl-PL\",\"mainEntityOfPage\":{\"@id\":\"https:\\\/\\\/www.spkatarzyna.pl\\\/index.php\\\/2022\\\/12\\\/02\\\/rok-2022-rokiem-romantyzmu-polskiego\\\/#webpage\"},\"isPartOf\":{\"@id\":\"https:\\\/\\\/www.spkatarzyna.pl\\\/index.php\\\/2022\\\/12\\\/02\\\/rok-2022-rokiem-romantyzmu-polskiego\\\/#webpage\"},\"articleSection\":\"Uncategorized\"},{\"@type\":\"BreadcrumbList\",\"@id\":\"https:\\\/\\\/www.spkatarzyna.pl\\\/index.php\\\/2022\\\/12\\\/02\\\/rok-2022-rokiem-romantyzmu-polskiego\\\/#breadcrumblist\",\"itemListElement\":[{\"@type\":\"ListItem\",\"@id\":\"https:\\\/\\\/www.spkatarzyna.pl#listItem\",\"position\":1,\"name\":\"Dom\",\"item\":\"https:\\\/\\\/www.spkatarzyna.pl\",\"nextItem\":{\"@type\":\"ListItem\",\"@id\":\"https:\\\/\\\/www.spkatarzyna.pl\\\/index.php\\\/category\\\/uncategorized\\\/#listItem\",\"name\":\"Uncategorized\"}},{\"@type\":\"ListItem\",\"@id\":\"https:\\\/\\\/www.spkatarzyna.pl\\\/index.php\\\/category\\\/uncategorized\\\/#listItem\",\"position\":2,\"name\":\"Uncategorized\",\"item\":\"https:\\\/\\\/www.spkatarzyna.pl\\\/index.php\\\/category\\\/uncategorized\\\/\",\"nextItem\":{\"@type\":\"ListItem\",\"@id\":\"https:\\\/\\\/www.spkatarzyna.pl\\\/index.php\\\/2022\\\/12\\\/02\\\/rok-2022-rokiem-romantyzmu-polskiego\\\/#listItem\",\"name\":\"ROK 2022 ROKIEM ROMANTYZMU POLSKIEGO\\u00a0\"},\"previousItem\":{\"@type\":\"ListItem\",\"@id\":\"https:\\\/\\\/www.spkatarzyna.pl#listItem\",\"name\":\"Dom\"}},{\"@type\":\"ListItem\",\"@id\":\"https:\\\/\\\/www.spkatarzyna.pl\\\/index.php\\\/2022\\\/12\\\/02\\\/rok-2022-rokiem-romantyzmu-polskiego\\\/#listItem\",\"position\":3,\"name\":\"ROK 2022 ROKIEM ROMANTYZMU POLSKIEGO\\u00a0\",\"previousItem\":{\"@type\":\"ListItem\",\"@id\":\"https:\\\/\\\/www.spkatarzyna.pl\\\/index.php\\\/category\\\/uncategorized\\\/#listItem\",\"name\":\"Uncategorized\"}}]},{\"@type\":\"Organization\",\"@id\":\"https:\\\/\\\/www.spkatarzyna.pl\\\/#organization\",\"name\":\"SP Katarzyna\",\"description\":\"Publiczna Szko\\u0142a Podstawowa w \\u015awi\\u0119tej Katarzynie\",\"url\":\"https:\\\/\\\/www.spkatarzyna.pl\\\/\",\"telephone\":\"+48713116378\",\"sameAs\":[\"https:\\\/\\\/facebook.com\\\/\",\"https:\\\/\\\/x.com\\\/\",\"https:\\\/\\\/instagram.com\\\/\",\"https:\\\/\\\/pinterest.com\\\/\",\"https:\\\/\\\/youtube.com\\\/\",\"https:\\\/\\\/linkedin.com\\\/in\\\/\"]},{\"@type\":\"Person\",\"@id\":\"https:\\\/\\\/www.spkatarzyna.pl\\\/index.php\\\/author\\\/agatasafianspkatarzyna-pl\\\/#author\",\"url\":\"https:\\\/\\\/www.spkatarzyna.pl\\\/index.php\\\/author\\\/agatasafianspkatarzyna-pl\\\/\",\"name\":\"Redakcja\",\"image\":{\"@type\":\"ImageObject\",\"@id\":\"https:\\\/\\\/www.spkatarzyna.pl\\\/index.php\\\/2022\\\/12\\\/02\\\/rok-2022-rokiem-romantyzmu-polskiego\\\/#authorImage\",\"url\":\"https:\\\/\\\/secure.gravatar.com\\\/avatar\\\/765290513df94d442152250e92b42327?s=96&d=mm&r=g\",\"width\":96,\"height\":96,\"caption\":\"Redakcja\"}},{\"@type\":\"WebPage\",\"@id\":\"https:\\\/\\\/www.spkatarzyna.pl\\\/index.php\\\/2022\\\/12\\\/02\\\/rok-2022-rokiem-romantyzmu-polskiego\\\/#webpage\",\"url\":\"https:\\\/\\\/www.spkatarzyna.pl\\\/index.php\\\/2022\\\/12\\\/02\\\/rok-2022-rokiem-romantyzmu-polskiego\\\/\",\"name\":\"ROK 2022 ROKIEM ROMANTYZMU POLSKIEGO - SP Katarzyna\",\"description\":\"\\u201ePami\\u0119\\u0107 romantyzmu polskiego jest pami\\u0119ci\\u0105 najwa\\u017cniejszych znak\\u00f3w okre\\u015blaj\\u0105cych narodow\\u0105 to\\u017csamo\\u015b\\u0107. W roku 2022 przypadaj\\u0105 dwusetne urodziny tej epoki i jest to dobry pow\\u00f3d do przypomnienia duchowego depozytu, jaki pozostawili nam romantyczni bohaterowie, arty\\u015bci i my\\u015bliciele\\u201d \\u2013 s\\u0142owa zapisane w sejmowej uchwale sta\\u0142y si\\u0119 przyczyn\\u0105 organizacji licznych inicjatyw w naszej szkole. Dzi\\u0119ki zaanga\\u017cowaniu uczni\\u00f3w klas VIII,\",\"inLanguage\":\"pl-PL\",\"isPartOf\":{\"@id\":\"https:\\\/\\\/www.spkatarzyna.pl\\\/#website\"},\"breadcrumb\":{\"@id\":\"https:\\\/\\\/www.spkatarzyna.pl\\\/index.php\\\/2022\\\/12\\\/02\\\/rok-2022-rokiem-romantyzmu-polskiego\\\/#breadcrumblist\"},\"author\":{\"@id\":\"https:\\\/\\\/www.spkatarzyna.pl\\\/index.php\\\/author\\\/agatasafianspkatarzyna-pl\\\/#author\"},\"creator\":{\"@id\":\"https:\\\/\\\/www.spkatarzyna.pl\\\/index.php\\\/author\\\/agatasafianspkatarzyna-pl\\\/#author\"},\"image\":{\"@type\":\"ImageObject\",\"url\":\"https:\\\/\\\/www.spkatarzyna.pl\\\/wp-content\\\/uploads\\\/2022\\\/12\\\/NAGLOWEK-2.png\",\"@id\":\"https:\\\/\\\/www.spkatarzyna.pl\\\/index.php\\\/2022\\\/12\\\/02\\\/rok-2022-rokiem-romantyzmu-polskiego\\\/#mainImage\",\"width\":360,\"height\":202},\"primaryImageOfPage\":{\"@id\":\"https:\\\/\\\/www.spkatarzyna.pl\\\/index.php\\\/2022\\\/12\\\/02\\\/rok-2022-rokiem-romantyzmu-polskiego\\\/#mainImage\"},\"datePublished\":\"2022-12-02T19:14:49+01:00\",\"dateModified\":\"2022-12-02T20:31:42+01:00\"},{\"@type\":\"WebSite\",\"@id\":\"https:\\\/\\\/www.spkatarzyna.pl\\\/#website\",\"url\":\"https:\\\/\\\/www.spkatarzyna.pl\\\/\",\"name\":\"SP Katarzyna\",\"description\":\"Publiczna Szko\\u0142a Podstawowa w \\u015awi\\u0119tej Katarzynie\",\"inLanguage\":\"pl-PL\",\"publisher\":{\"@id\":\"https:\\\/\\\/www.spkatarzyna.pl\\\/#organization\"}}]}\n\t\t<\/script>\n\t\t<!-- All in One SEO -->\n\n","aioseo_head_json":{"title":"ROK 2022 ROKIEM ROMANTYZMU POLSKIEGO - SP Katarzyna","description":"\u201ePami\u0119\u0107 romantyzmu polskiego jest pami\u0119ci\u0105 najwa\u017cniejszych znak\u00f3w okre\u015blaj\u0105cych narodow\u0105 to\u017csamo\u015b\u0107. W roku 2022 przypadaj\u0105 dwusetne urodziny tej epoki i jest to dobry pow\u00f3d do przypomnienia duchowego depozytu, jaki pozostawili nam romantyczni bohaterowie, arty\u015bci i my\u015bliciele\u201d \u2013 s\u0142owa zapisane w sejmowej uchwale sta\u0142y si\u0119 przyczyn\u0105 organizacji licznych inicjatyw w naszej szkole. Dzi\u0119ki zaanga\u017cowaniu uczni\u00f3w klas VIII,","canonical_url":"https:\/\/www.spkatarzyna.pl\/index.php\/2022\/12\/02\/rok-2022-rokiem-romantyzmu-polskiego\/","robots":"max-image-preview:large","keywords":"","webmasterTools":{"miscellaneous":""},"schema":{"@context":"https:\/\/schema.org","@graph":[{"@type":"BlogPosting","@id":"https:\/\/www.spkatarzyna.pl\/index.php\/2022\/12\/02\/rok-2022-rokiem-romantyzmu-polskiego\/#blogposting","name":"ROK 2022 ROKIEM ROMANTYZMU POLSKIEGO - SP Katarzyna","headline":"ROK 2022 ROKIEM ROMANTYZMU POLSKIEGO\u00a0","author":{"@id":"https:\/\/www.spkatarzyna.pl\/index.php\/author\/agatasafianspkatarzyna-pl\/#author"},"publisher":{"@id":"https:\/\/www.spkatarzyna.pl\/#organization"},"image":{"@type":"ImageObject","url":"https:\/\/www.spkatarzyna.pl\/wp-content\/uploads\/2022\/12\/NAGLOWEK-2.png","width":360,"height":202},"datePublished":"2022-12-02T19:14:49+01:00","dateModified":"2022-12-02T20:31:42+01:00","inLanguage":"pl-PL","mainEntityOfPage":{"@id":"https:\/\/www.spkatarzyna.pl\/index.php\/2022\/12\/02\/rok-2022-rokiem-romantyzmu-polskiego\/#webpage"},"isPartOf":{"@id":"https:\/\/www.spkatarzyna.pl\/index.php\/2022\/12\/02\/rok-2022-rokiem-romantyzmu-polskiego\/#webpage"},"articleSection":"Uncategorized"},{"@type":"BreadcrumbList","@id":"https:\/\/www.spkatarzyna.pl\/index.php\/2022\/12\/02\/rok-2022-rokiem-romantyzmu-polskiego\/#breadcrumblist","itemListElement":[{"@type":"ListItem","@id":"https:\/\/www.spkatarzyna.pl#listItem","position":1,"name":"Dom","item":"https:\/\/www.spkatarzyna.pl","nextItem":{"@type":"ListItem","@id":"https:\/\/www.spkatarzyna.pl\/index.php\/category\/uncategorized\/#listItem","name":"Uncategorized"}},{"@type":"ListItem","@id":"https:\/\/www.spkatarzyna.pl\/index.php\/category\/uncategorized\/#listItem","position":2,"name":"Uncategorized","item":"https:\/\/www.spkatarzyna.pl\/index.php\/category\/uncategorized\/","nextItem":{"@type":"ListItem","@id":"https:\/\/www.spkatarzyna.pl\/index.php\/2022\/12\/02\/rok-2022-rokiem-romantyzmu-polskiego\/#listItem","name":"ROK 2022 ROKIEM ROMANTYZMU POLSKIEGO\u00a0"},"previousItem":{"@type":"ListItem","@id":"https:\/\/www.spkatarzyna.pl#listItem","name":"Dom"}},{"@type":"ListItem","@id":"https:\/\/www.spkatarzyna.pl\/index.php\/2022\/12\/02\/rok-2022-rokiem-romantyzmu-polskiego\/#listItem","position":3,"name":"ROK 2022 ROKIEM ROMANTYZMU POLSKIEGO\u00a0","previousItem":{"@type":"ListItem","@id":"https:\/\/www.spkatarzyna.pl\/index.php\/category\/uncategorized\/#listItem","name":"Uncategorized"}}]},{"@type":"Organization","@id":"https:\/\/www.spkatarzyna.pl\/#organization","name":"SP Katarzyna","description":"Publiczna Szko\u0142a Podstawowa w \u015awi\u0119tej Katarzynie","url":"https:\/\/www.spkatarzyna.pl\/","telephone":"+48713116378","sameAs":["https:\/\/facebook.com\/","https:\/\/x.com\/","https:\/\/instagram.com\/","https:\/\/pinterest.com\/","https:\/\/youtube.com\/","https:\/\/linkedin.com\/in\/"]},{"@type":"Person","@id":"https:\/\/www.spkatarzyna.pl\/index.php\/author\/agatasafianspkatarzyna-pl\/#author","url":"https:\/\/www.spkatarzyna.pl\/index.php\/author\/agatasafianspkatarzyna-pl\/","name":"Redakcja","image":{"@type":"ImageObject","@id":"https:\/\/www.spkatarzyna.pl\/index.php\/2022\/12\/02\/rok-2022-rokiem-romantyzmu-polskiego\/#authorImage","url":"https:\/\/secure.gravatar.com\/avatar\/765290513df94d442152250e92b42327?s=96&d=mm&r=g","width":96,"height":96,"caption":"Redakcja"}},{"@type":"WebPage","@id":"https:\/\/www.spkatarzyna.pl\/index.php\/2022\/12\/02\/rok-2022-rokiem-romantyzmu-polskiego\/#webpage","url":"https:\/\/www.spkatarzyna.pl\/index.php\/2022\/12\/02\/rok-2022-rokiem-romantyzmu-polskiego\/","name":"ROK 2022 ROKIEM ROMANTYZMU POLSKIEGO - SP Katarzyna","description":"\u201ePami\u0119\u0107 romantyzmu polskiego jest pami\u0119ci\u0105 najwa\u017cniejszych znak\u00f3w okre\u015blaj\u0105cych narodow\u0105 to\u017csamo\u015b\u0107. W roku 2022 przypadaj\u0105 dwusetne urodziny tej epoki i jest to dobry pow\u00f3d do przypomnienia duchowego depozytu, jaki pozostawili nam romantyczni bohaterowie, arty\u015bci i my\u015bliciele\u201d \u2013 s\u0142owa zapisane w sejmowej uchwale sta\u0142y si\u0119 przyczyn\u0105 organizacji licznych inicjatyw w naszej szkole. Dzi\u0119ki zaanga\u017cowaniu uczni\u00f3w klas VIII,","inLanguage":"pl-PL","isPartOf":{"@id":"https:\/\/www.spkatarzyna.pl\/#website"},"breadcrumb":{"@id":"https:\/\/www.spkatarzyna.pl\/index.php\/2022\/12\/02\/rok-2022-rokiem-romantyzmu-polskiego\/#breadcrumblist"},"author":{"@id":"https:\/\/www.spkatarzyna.pl\/index.php\/author\/agatasafianspkatarzyna-pl\/#author"},"creator":{"@id":"https:\/\/www.spkatarzyna.pl\/index.php\/author\/agatasafianspkatarzyna-pl\/#author"},"image":{"@type":"ImageObject","url":"https:\/\/www.spkatarzyna.pl\/wp-content\/uploads\/2022\/12\/NAGLOWEK-2.png","@id":"https:\/\/www.spkatarzyna.pl\/index.php\/2022\/12\/02\/rok-2022-rokiem-romantyzmu-polskiego\/#mainImage","width":360,"height":202},"primaryImageOfPage":{"@id":"https:\/\/www.spkatarzyna.pl\/index.php\/2022\/12\/02\/rok-2022-rokiem-romantyzmu-polskiego\/#mainImage"},"datePublished":"2022-12-02T19:14:49+01:00","dateModified":"2022-12-02T20:31:42+01:00"},{"@type":"WebSite","@id":"https:\/\/www.spkatarzyna.pl\/#website","url":"https:\/\/www.spkatarzyna.pl\/","name":"SP Katarzyna","description":"Publiczna Szko\u0142a Podstawowa w \u015awi\u0119tej Katarzynie","inLanguage":"pl-PL","publisher":{"@id":"https:\/\/www.spkatarzyna.pl\/#organization"}}]},"og:locale":"pl_PL","og:site_name":"SP Katarzyna - Publiczna Szko\u0142a Podstawowa w \u015awi\u0119tej Katarzynie","og:type":"article","og:title":"ROK 2022 ROKIEM ROMANTYZMU POLSKIEGO - SP Katarzyna","og:description":"\u201ePami\u0119\u0107 romantyzmu polskiego jest pami\u0119ci\u0105 najwa\u017cniejszych znak\u00f3w okre\u015blaj\u0105cych narodow\u0105 to\u017csamo\u015b\u0107. W roku 2022 przypadaj\u0105 dwusetne urodziny tej epoki i jest to dobry pow\u00f3d do przypomnienia duchowego depozytu, jaki pozostawili nam romantyczni bohaterowie, arty\u015bci i my\u015bliciele\u201d \u2013 s\u0142owa zapisane w sejmowej uchwale sta\u0142y si\u0119 przyczyn\u0105 organizacji licznych inicjatyw w naszej szkole. Dzi\u0119ki zaanga\u017cowaniu uczni\u00f3w klas VIII,","og:url":"https:\/\/www.spkatarzyna.pl\/index.php\/2022\/12\/02\/rok-2022-rokiem-romantyzmu-polskiego\/","article:published_time":"2022-12-02T19:14:49+00:00","article:modified_time":"2022-12-02T20:31:42+00:00","twitter:card":"summary_large_image","twitter:title":"ROK 2022 ROKIEM ROMANTYZMU POLSKIEGO - SP Katarzyna","twitter:description":"\u201ePami\u0119\u0107 romantyzmu polskiego jest pami\u0119ci\u0105 najwa\u017cniejszych znak\u00f3w okre\u015blaj\u0105cych narodow\u0105 to\u017csamo\u015b\u0107. W roku 2022 przypadaj\u0105 dwusetne urodziny tej epoki i jest to dobry pow\u00f3d do przypomnienia duchowego depozytu, jaki pozostawili nam romantyczni bohaterowie, arty\u015bci i my\u015bliciele\u201d \u2013 s\u0142owa zapisane w sejmowej uchwale sta\u0142y si\u0119 przyczyn\u0105 organizacji licznych inicjatyw w naszej szkole. Dzi\u0119ki zaanga\u017cowaniu uczni\u00f3w klas VIII,"},"aioseo_meta_data":{"post_id":"3289","title":null,"description":null,"keywords":null,"keyphrases":null,"primary_term":null,"canonical_url":null,"og_title":null,"og_description":null,"og_object_type":"default","og_image_type":"default","og_image_url":null,"og_image_width":null,"og_image_height":null,"og_image_custom_url":null,"og_image_custom_fields":null,"og_video":null,"og_custom_url":null,"og_article_section":null,"og_article_tags":null,"twitter_use_og":false,"twitter_card":"default","twitter_image_type":"default","twitter_image_url":null,"twitter_image_custom_url":null,"twitter_image_custom_fields":null,"twitter_title":null,"twitter_description":null,"schema":{"blockGraphs":[],"customGraphs":[],"default":{"data":{"Article":[],"Course":[],"Dataset":[],"FAQPage":[],"Movie":[],"Person":[],"Product":[],"ProductReview":[],"Car":[],"Recipe":[],"Service":[],"SoftwareApplication":[],"WebPage":[]},"graphName":"","isEnabled":true},"graphs":[]},"schema_type":"default","schema_type_options":null,"pillar_content":false,"robots_default":true,"robots_noindex":false,"robots_noarchive":false,"robots_nosnippet":false,"robots_nofollow":false,"robots_noimageindex":false,"robots_noodp":false,"robots_notranslate":false,"robots_max_snippet":null,"robots_max_videopreview":null,"robots_max_imagepreview":"large","priority":null,"frequency":null,"local_seo":null,"limit_modified_date":false,"created":"2024-04-03 07:24:51","updated":"2026-09-03 13:59:43","focus_keyword":null,"additional_keywords":null,"truseo_locale":null,"ai":null,"breadcrumb_settings":null,"seo_analyzer_scan_date":null},"aioseo_breadcrumb":"<div class=\"aioseo-breadcrumbs\"><span class=\"aioseo-breadcrumb\">\n\t\t\t<a href=\"https:\/\/www.spkatarzyna.pl\" title=\"Dom\">Dom<\/a>\n\t\t<\/span><span class=\"aioseo-breadcrumb-separator\">&raquo;<\/span><span class=\"aioseo-breadcrumb\">\n\t\t\t<a href=\"https:\/\/www.spkatarzyna.pl\/index.php\/category\/uncategorized\/\" title=\"Uncategorized\">Uncategorized<\/a>\n\t\t<\/span><span class=\"aioseo-breadcrumb-separator\">&raquo;<\/span><span class=\"aioseo-breadcrumb\">\n\t\t\tROK 2022 ROKIEM ROMANTYZMU POLSKIEGO \n\t\t<\/span><\/div>","aioseo_breadcrumb_json":[{"label":"Dom","link":"https:\/\/www.spkatarzyna.pl"},{"label":"Uncategorized","link":"https:\/\/www.spkatarzyna.pl\/index.php\/category\/uncategorized\/"},{"label":"ROK 2022 ROKIEM ROMANTYZMU POLSKIEGO\u00a0","link":"https:\/\/www.spkatarzyna.pl\/index.php\/2022\/12\/02\/rok-2022-rokiem-romantyzmu-polskiego\/"}],"_links":{"self":[{"href":"https:\/\/www.spkatarzyna.pl\/index.php\/wp-json\/wp\/v2\/posts\/3289","targetHints":{"allow":["GET"]}}],"collection":[{"href":"https:\/\/www.spkatarzyna.pl\/index.php\/wp-json\/wp\/v2\/posts"}],"about":[{"href":"https:\/\/www.spkatarzyna.pl\/index.php\/wp-json\/wp\/v2\/types\/post"}],"author":[{"embeddable":true,"href":"https:\/\/www.spkatarzyna.pl\/index.php\/wp-json\/wp\/v2\/users\/6"}],"replies":[{"embeddable":true,"href":"https:\/\/www.spkatarzyna.pl\/index.php\/wp-json\/wp\/v2\/comments?post=3289"}],"version-history":[{"count":57,"href":"https:\/\/www.spkatarzyna.pl\/index.php\/wp-json\/wp\/v2\/posts\/3289\/revisions"}],"predecessor-version":[{"id":3371,"href":"https:\/\/www.spkatarzyna.pl\/index.php\/wp-json\/wp\/v2\/posts\/3289\/revisions\/3371"}],"wp:featuredmedia":[{"embeddable":true,"href":"https:\/\/www.spkatarzyna.pl\/index.php\/wp-json\/wp\/v2\/media\/3290"}],"wp:attachment":[{"href":"https:\/\/www.spkatarzyna.pl\/index.php\/wp-json\/wp\/v2\/media?parent=3289"}],"wp:term":[{"taxonomy":"category","embeddable":true,"href":"https:\/\/www.spkatarzyna.pl\/index.php\/wp-json\/wp\/v2\/categories?post=3289"},{"taxonomy":"post_tag","embeddable":true,"href":"https:\/\/www.spkatarzyna.pl\/index.php\/wp-json\/wp\/v2\/tags?post=3289"}],"curies":[{"name":"wp","href":"https:\/\/api.w.org\/{rel}","templated":true}]}}