{"id":3372,"date":"2022-12-06T06:48:01","date_gmt":"2022-12-06T06:48:01","guid":{"rendered":"http:\/\/www.spkatarzyna.pl\/?p=3372"},"modified":"2022-12-06T06:52:06","modified_gmt":"2022-12-06T06:52:06","slug":"swieto-dziekczynienia-w-naszej-szkole","status":"publish","type":"post","link":"https:\/\/www.spkatarzyna.pl\/index.php\/2022\/12\/06\/swieto-dziekczynienia-w-naszej-szkole\/","title":{"rendered":"\u015awi\u0119to Dzi\u0119kczynienia w naszej szkole"},"content":{"rendered":"\t\t<div data-elementor-type=\"wp-post\" data-elementor-id=\"3372\" class=\"elementor elementor-3372\">\n\t\t\t\t\t\t<section class=\"elementor-section elementor-top-section elementor-element elementor-element-19765e6 elementor-section-boxed elementor-section-height-default elementor-section-height-default\" data-id=\"19765e6\" data-element_type=\"section\">\n\t\t\t\t\t\t<div class=\"elementor-container elementor-column-gap-default\">\n\t\t\t\t\t<div class=\"elementor-column elementor-col-100 elementor-top-column elementor-element elementor-element-5ed7719\" data-id=\"5ed7719\" data-element_type=\"column\">\n\t\t\t<div class=\"elementor-widget-wrap elementor-element-populated\">\n\t\t\t\t\t\t<div class=\"elementor-element elementor-element-50804e19 elementor-widget elementor-widget-text-editor\" data-id=\"50804e19\" data-element_type=\"widget\" data-widget_type=\"text-editor.default\">\n\t\t\t\t\t\t\t\t\t<p style=\"text-align: justify;\"><span style=\"font-size: 14pt;\">Uczniowie PSP w \u015awi\u0119tej Katarzynie zawsze ch\u0119tnie poznaj\u0105 kultur\u0119 kraj\u00f3w angloj\u0119zycznych. Tym razem, podczas lekcji j. angielskiego, mieli okazj\u0119 zapozna\u0107 si\u0119 z histori\u0105 i tradycjami \u015awi\u0119ta Dzi\u0119kczynienia. Jest to \u015bwi\u0119to obchodzone w Stanach Zjednoczonych w czwarty czwartek listopada, a w Kanadzie w drugi poniedzia\u0142ek pa\u017adziernika, jako pami\u0105tka pierwszych do\u017cynek mieszka\u0144c\u00f3w kolonii Plymouth w 1621 roku. Swoj\u0105 wiedz\u0119 wyniesion\u0105 z lekcji uczniowie wykorzystali do stworzenia przepi\u0119knych i edukacyjnych plakat\u00f3w, kt\u00f3re zosta\u0142y wyeksponowane w hallu szko\u0142y.<\/span><\/p>\r\n<p style=\"text-align: right;\">\r\n<span style=\"font-size: 14pt;\">HAPPY THANKSGIVING!!<\/span><\/p>\r\n<p style=\"text-align: right;\">Nauczyciele j\u0119zyka angielskiego<\/p>\t\t\t\t\t\t\t\t<\/div>\n\t\t\t\t<div class=\"elementor-element elementor-element-095e8f0 elementor-widget elementor-widget-gallery\" data-id=\"095e8f0\" data-element_type=\"widget\" data-settings=\"{&quot;lazyload&quot;:&quot;yes&quot;,&quot;gallery_layout&quot;:&quot;grid&quot;,&quot;columns&quot;:4,&quot;columns_tablet&quot;:2,&quot;columns_mobile&quot;:1,&quot;gap&quot;:{&quot;unit&quot;:&quot;px&quot;,&quot;size&quot;:10,&quot;sizes&quot;:[]},&quot;gap_tablet&quot;:{&quot;unit&quot;:&quot;px&quot;,&quot;size&quot;:10,&quot;sizes&quot;:[]},&quot;gap_mobile&quot;:{&quot;unit&quot;:&quot;px&quot;,&quot;size&quot;:10,&quot;sizes&quot;:[]},&quot;link_to&quot;:&quot;file&quot;,&quot;aspect_ratio&quot;:&quot;3:2&quot;,&quot;overlay_background&quot;:&quot;yes&quot;,&quot;content_hover_animation&quot;:&quot;fade-in&quot;}\" data-widget_type=\"gallery.default\">\n\t\t\t\t<div class=\"elementor-widget-container\">\n\t\t\t\t\t\t\t<div class=\"elementor-gallery__container\">\n\t\t\t\t\t\t\t<a class=\"e-gallery-item elementor-gallery-item elementor-animated-content\" href=\"https:\/\/www.spkatarzyna.pl\/wp-content\/uploads\/2022\/12\/IMG-20221129-WA0000.jpg\" data-elementor-open-lightbox=\"yes\" data-elementor-lightbox-slideshow=\"all-095e8f0\" data-elementor-lightbox-title=\"IMG-20221129-WA0000\" data-e-action-hash=\"#elementor-action%3Aaction%3Dlightbox%26settings%3DeyJpZCI6MzM3NSwidXJsIjoiaHR0cHM6XC9cL3d3dy5zcGthdGFyenluYS5wbFwvd3AtY29udGVudFwvdXBsb2Fkc1wvMjAyMlwvMTJcL0lNRy0yMDIyMTEyOS1XQTAwMDAuanBnIiwic2xpZGVzaG93IjoiYWxsLTA5NWU4ZjAifQ%3D%3D\" rel=\"lightbox[3372]\">\n\t\t\t\t\t<div class=\"e-gallery-image elementor-gallery-item__image\" data-thumbnail=\"https:\/\/www.spkatarzyna.pl\/wp-content\/uploads\/2022\/12\/IMG-20221129-WA0000-300x225.jpg\" data-width=\"300\" data-height=\"225\" alt=\"\" ><\/div>\n\t\t\t\t\t\t\t\t\t\t<div class=\"elementor-gallery-item__overlay\"><\/div>\n\t\t\t\t\t\t\t\t\t\t\t\t\t\t<\/a>\n\t\t\t\t\t\t\t<a class=\"e-gallery-item elementor-gallery-item elementor-animated-content\" href=\"https:\/\/www.spkatarzyna.pl\/wp-content\/uploads\/2022\/12\/IMG-20221129-WA0001.jpg\" data-elementor-open-lightbox=\"yes\" data-elementor-lightbox-slideshow=\"all-095e8f0\" data-elementor-lightbox-title=\"IMG-20221129-WA0001\" data-e-action-hash=\"#elementor-action%3Aaction%3Dlightbox%26settings%3DeyJpZCI6MzM3NiwidXJsIjoiaHR0cHM6XC9cL3d3dy5zcGthdGFyenluYS5wbFwvd3AtY29udGVudFwvdXBsb2Fkc1wvMjAyMlwvMTJcL0lNRy0yMDIyMTEyOS1XQTAwMDEuanBnIiwic2xpZGVzaG93IjoiYWxsLTA5NWU4ZjAifQ%3D%3D\" rel=\"lightbox[3372]\">\n\t\t\t\t\t<div class=\"e-gallery-image elementor-gallery-item__image\" data-thumbnail=\"https:\/\/www.spkatarzyna.pl\/wp-content\/uploads\/2022\/12\/IMG-20221129-WA0001-225x300.jpg\" data-width=\"225\" data-height=\"300\" alt=\"\" ><\/div>\n\t\t\t\t\t\t\t\t\t\t<div class=\"elementor-gallery-item__overlay\"><\/div>\n\t\t\t\t\t\t\t\t\t\t\t\t\t\t<\/a>\n\t\t\t\t\t\t\t<a class=\"e-gallery-item elementor-gallery-item elementor-animated-content\" href=\"https:\/\/www.spkatarzyna.pl\/wp-content\/uploads\/2022\/12\/IMG-20221129-WA0003.jpg\" data-elementor-open-lightbox=\"yes\" data-elementor-lightbox-slideshow=\"all-095e8f0\" data-elementor-lightbox-title=\"IMG-20221129-WA0003\" data-e-action-hash=\"#elementor-action%3Aaction%3Dlightbox%26settings%3DeyJpZCI6MzM3OCwidXJsIjoiaHR0cHM6XC9cL3d3dy5zcGthdGFyenluYS5wbFwvd3AtY29udGVudFwvdXBsb2Fkc1wvMjAyMlwvMTJcL0lNRy0yMDIyMTEyOS1XQTAwMDMuanBnIiwic2xpZGVzaG93IjoiYWxsLTA5NWU4ZjAifQ%3D%3D\" rel=\"lightbox[3372]\">\n\t\t\t\t\t<div class=\"e-gallery-image elementor-gallery-item__image\" data-thumbnail=\"https:\/\/www.spkatarzyna.pl\/wp-content\/uploads\/2022\/12\/IMG-20221129-WA0003-225x300.jpg\" data-width=\"225\" data-height=\"300\" alt=\"\" ><\/div>\n\t\t\t\t\t\t\t\t\t\t<div class=\"elementor-gallery-item__overlay\"><\/div>\n\t\t\t\t\t\t\t\t\t\t\t\t\t\t<\/a>\n\t\t\t\t\t\t\t<a class=\"e-gallery-item elementor-gallery-item elementor-animated-content\" href=\"https:\/\/www.spkatarzyna.pl\/wp-content\/uploads\/2022\/12\/IMG-20221129-WA0004.jpg\" data-elementor-open-lightbox=\"yes\" data-elementor-lightbox-slideshow=\"all-095e8f0\" data-elementor-lightbox-title=\"IMG-20221129-WA0004\" data-e-action-hash=\"#elementor-action%3Aaction%3Dlightbox%26settings%3DeyJpZCI6MzM3OSwidXJsIjoiaHR0cHM6XC9cL3d3dy5zcGthdGFyenluYS5wbFwvd3AtY29udGVudFwvdXBsb2Fkc1wvMjAyMlwvMTJcL0lNRy0yMDIyMTEyOS1XQTAwMDQuanBnIiwic2xpZGVzaG93IjoiYWxsLTA5NWU4ZjAifQ%3D%3D\" rel=\"lightbox[3372]\">\n\t\t\t\t\t<div class=\"e-gallery-image elementor-gallery-item__image\" data-thumbnail=\"https:\/\/www.spkatarzyna.pl\/wp-content\/uploads\/2022\/12\/IMG-20221129-WA0004-225x300.jpg\" data-width=\"225\" data-height=\"300\" alt=\"\" ><\/div>\n\t\t\t\t\t\t\t\t\t\t<div class=\"elementor-gallery-item__overlay\"><\/div>\n\t\t\t\t\t\t\t\t\t\t\t\t\t\t<\/a>\n\t\t\t\t\t\t\t<a class=\"e-gallery-item elementor-gallery-item elementor-animated-content\" href=\"https:\/\/www.spkatarzyna.pl\/wp-content\/uploads\/2022\/12\/IMG-20221129-WA0005.jpg\" data-elementor-open-lightbox=\"yes\" data-elementor-lightbox-slideshow=\"all-095e8f0\" data-elementor-lightbox-title=\"IMG-20221129-WA0005\" data-e-action-hash=\"#elementor-action%3Aaction%3Dlightbox%26settings%3DeyJpZCI6MzM4MCwidXJsIjoiaHR0cHM6XC9cL3d3dy5zcGthdGFyenluYS5wbFwvd3AtY29udGVudFwvdXBsb2Fkc1wvMjAyMlwvMTJcL0lNRy0yMDIyMTEyOS1XQTAwMDUuanBnIiwic2xpZGVzaG93IjoiYWxsLTA5NWU4ZjAifQ%3D%3D\" rel=\"lightbox[3372]\">\n\t\t\t\t\t<div class=\"e-gallery-image elementor-gallery-item__image\" data-thumbnail=\"https:\/\/www.spkatarzyna.pl\/wp-content\/uploads\/2022\/12\/IMG-20221129-WA0005-300x225.jpg\" data-width=\"300\" data-height=\"225\" alt=\"\" ><\/div>\n\t\t\t\t\t\t\t\t\t\t<div class=\"elementor-gallery-item__overlay\"><\/div>\n\t\t\t\t\t\t\t\t\t\t\t\t\t\t<\/a>\n\t\t\t\t\t\t\t<a class=\"e-gallery-item elementor-gallery-item elementor-animated-content\" href=\"https:\/\/www.spkatarzyna.pl\/wp-content\/uploads\/2022\/12\/IMG-20221129-WA0007.jpg\" data-elementor-open-lightbox=\"yes\" data-elementor-lightbox-slideshow=\"all-095e8f0\" data-elementor-lightbox-title=\"IMG-20221129-WA0007\" data-e-action-hash=\"#elementor-action%3Aaction%3Dlightbox%26settings%3DeyJpZCI6MzM4MiwidXJsIjoiaHR0cHM6XC9cL3d3dy5zcGthdGFyenluYS5wbFwvd3AtY29udGVudFwvdXBsb2Fkc1wvMjAyMlwvMTJcL0lNRy0yMDIyMTEyOS1XQTAwMDcuanBnIiwic2xpZGVzaG93IjoiYWxsLTA5NWU4ZjAifQ%3D%3D\" rel=\"lightbox[3372]\">\n\t\t\t\t\t<div class=\"e-gallery-image elementor-gallery-item__image\" data-thumbnail=\"https:\/\/www.spkatarzyna.pl\/wp-content\/uploads\/2022\/12\/IMG-20221129-WA0007-225x300.jpg\" data-width=\"225\" data-height=\"300\" alt=\"\" ><\/div>\n\t\t\t\t\t\t\t\t\t\t<div class=\"elementor-gallery-item__overlay\"><\/div>\n\t\t\t\t\t\t\t\t\t\t\t\t\t\t<\/a>\n\t\t\t\t\t\t\t<a class=\"e-gallery-item elementor-gallery-item elementor-animated-content\" href=\"https:\/\/www.spkatarzyna.pl\/wp-content\/uploads\/2022\/12\/IMG-20221129-WA0008-1.jpg\" data-elementor-open-lightbox=\"yes\" data-elementor-lightbox-slideshow=\"all-095e8f0\" data-elementor-lightbox-title=\"IMG-20221129-WA0008\" data-e-action-hash=\"#elementor-action%3Aaction%3Dlightbox%26settings%3DeyJpZCI6MzM4MywidXJsIjoiaHR0cHM6XC9cL3d3dy5zcGthdGFyenluYS5wbFwvd3AtY29udGVudFwvdXBsb2Fkc1wvMjAyMlwvMTJcL0lNRy0yMDIyMTEyOS1XQTAwMDgtMS5qcGciLCJzbGlkZXNob3ciOiJhbGwtMDk1ZThmMCJ9\" rel=\"lightbox[3372]\">\n\t\t\t\t\t<div class=\"e-gallery-image elementor-gallery-item__image\" data-thumbnail=\"https:\/\/www.spkatarzyna.pl\/wp-content\/uploads\/2022\/12\/IMG-20221129-WA0008-1-300x225.jpg\" data-width=\"300\" data-height=\"225\" alt=\"\" ><\/div>\n\t\t\t\t\t\t\t\t\t\t<div class=\"elementor-gallery-item__overlay\"><\/div>\n\t\t\t\t\t\t\t\t\t\t\t\t\t\t<\/a>\n\t\t\t\t\t\t\t<a class=\"e-gallery-item elementor-gallery-item elementor-animated-content\" href=\"https:\/\/www.spkatarzyna.pl\/wp-content\/uploads\/2022\/12\/IMG-20221129-WA0010.jpg\" data-elementor-open-lightbox=\"yes\" data-elementor-lightbox-slideshow=\"all-095e8f0\" data-elementor-lightbox-title=\"IMG-20221129-WA0010\" data-e-action-hash=\"#elementor-action%3Aaction%3Dlightbox%26settings%3DeyJpZCI6MzM4NSwidXJsIjoiaHR0cHM6XC9cL3d3dy5zcGthdGFyenluYS5wbFwvd3AtY29udGVudFwvdXBsb2Fkc1wvMjAyMlwvMTJcL0lNRy0yMDIyMTEyOS1XQTAwMTAuanBnIiwic2xpZGVzaG93IjoiYWxsLTA5NWU4ZjAifQ%3D%3D\" rel=\"lightbox[3372]\">\n\t\t\t\t\t<div class=\"e-gallery-image elementor-gallery-item__image\" data-thumbnail=\"https:\/\/www.spkatarzyna.pl\/wp-content\/uploads\/2022\/12\/IMG-20221129-WA0010-300x225.jpg\" data-width=\"300\" data-height=\"225\" alt=\"\" ><\/div>\n\t\t\t\t\t\t\t\t\t\t<div class=\"elementor-gallery-item__overlay\"><\/div>\n\t\t\t\t\t\t\t\t\t\t\t\t\t\t<\/a>\n\t\t\t\t\t\t\t<a class=\"e-gallery-item elementor-gallery-item elementor-animated-content\" href=\"https:\/\/www.spkatarzyna.pl\/wp-content\/uploads\/2022\/12\/IMG-20221129-WA0012.jpg\" data-elementor-open-lightbox=\"yes\" data-elementor-lightbox-slideshow=\"all-095e8f0\" data-elementor-lightbox-title=\"IMG-20221129-WA0012\" data-e-action-hash=\"#elementor-action%3Aaction%3Dlightbox%26settings%3DeyJpZCI6MzM4NywidXJsIjoiaHR0cHM6XC9cL3d3dy5zcGthdGFyenluYS5wbFwvd3AtY29udGVudFwvdXBsb2Fkc1wvMjAyMlwvMTJcL0lNRy0yMDIyMTEyOS1XQTAwMTIuanBnIiwic2xpZGVzaG93IjoiYWxsLTA5NWU4ZjAifQ%3D%3D\" rel=\"lightbox[3372]\">\n\t\t\t\t\t<div class=\"e-gallery-image elementor-gallery-item__image\" data-thumbnail=\"https:\/\/www.spkatarzyna.pl\/wp-content\/uploads\/2022\/12\/IMG-20221129-WA0012-300x225.jpg\" data-width=\"300\" data-height=\"225\" alt=\"\" ><\/div>\n\t\t\t\t\t\t\t\t\t\t<div class=\"elementor-gallery-item__overlay\"><\/div>\n\t\t\t\t\t\t\t\t\t\t\t\t\t\t<\/a>\n\t\t\t\t\t\t\t<a class=\"e-gallery-item elementor-gallery-item elementor-animated-content\" href=\"https:\/\/www.spkatarzyna.pl\/wp-content\/uploads\/2022\/12\/IMG-20221129-WA0013.jpg\" data-elementor-open-lightbox=\"yes\" data-elementor-lightbox-slideshow=\"all-095e8f0\" data-elementor-lightbox-title=\"IMG-20221129-WA0013\" data-e-action-hash=\"#elementor-action%3Aaction%3Dlightbox%26settings%3DeyJpZCI6MzM4OCwidXJsIjoiaHR0cHM6XC9cL3d3dy5zcGthdGFyenluYS5wbFwvd3AtY29udGVudFwvdXBsb2Fkc1wvMjAyMlwvMTJcL0lNRy0yMDIyMTEyOS1XQTAwMTMuanBnIiwic2xpZGVzaG93IjoiYWxsLTA5NWU4ZjAifQ%3D%3D\" rel=\"lightbox[3372]\">\n\t\t\t\t\t<div class=\"e-gallery-image elementor-gallery-item__image\" data-thumbnail=\"https:\/\/www.spkatarzyna.pl\/wp-content\/uploads\/2022\/12\/IMG-20221129-WA0013-300x225.jpg\" data-width=\"300\" data-height=\"225\" alt=\"\" ><\/div>\n\t\t\t\t\t\t\t\t\t\t<div class=\"elementor-gallery-item__overlay\"><\/div>\n\t\t\t\t\t\t\t\t\t\t\t\t\t\t<\/a>\n\t\t\t\t\t\t\t<a class=\"e-gallery-item elementor-gallery-item elementor-animated-content\" href=\"https:\/\/www.spkatarzyna.pl\/wp-content\/uploads\/2022\/12\/IMG-20221129-WA0014.jpg\" data-elementor-open-lightbox=\"yes\" data-elementor-lightbox-slideshow=\"all-095e8f0\" data-elementor-lightbox-title=\"IMG-20221129-WA0014\" data-e-action-hash=\"#elementor-action%3Aaction%3Dlightbox%26settings%3DeyJpZCI6MzM4OSwidXJsIjoiaHR0cHM6XC9cL3d3dy5zcGthdGFyenluYS5wbFwvd3AtY29udGVudFwvdXBsb2Fkc1wvMjAyMlwvMTJcL0lNRy0yMDIyMTEyOS1XQTAwMTQuanBnIiwic2xpZGVzaG93IjoiYWxsLTA5NWU4ZjAifQ%3D%3D\" rel=\"lightbox[3372]\">\n\t\t\t\t\t<div class=\"e-gallery-image elementor-gallery-item__image\" data-thumbnail=\"https:\/\/www.spkatarzyna.pl\/wp-content\/uploads\/2022\/12\/IMG-20221129-WA0014-225x300.jpg\" data-width=\"225\" data-height=\"300\" alt=\"\" ><\/div>\n\t\t\t\t\t\t\t\t\t\t<div class=\"elementor-gallery-item__overlay\"><\/div>\n\t\t\t\t\t\t\t\t\t\t\t\t\t\t<\/a>\n\t\t\t\t\t\t\t<a class=\"e-gallery-item elementor-gallery-item elementor-animated-content\" href=\"https:\/\/www.spkatarzyna.pl\/wp-content\/uploads\/2022\/12\/IMG-20221129-WA0015.jpg\" data-elementor-open-lightbox=\"yes\" data-elementor-lightbox-slideshow=\"all-095e8f0\" data-elementor-lightbox-title=\"IMG-20221129-WA0015\" data-e-action-hash=\"#elementor-action%3Aaction%3Dlightbox%26settings%3DeyJpZCI6MzM5MCwidXJsIjoiaHR0cHM6XC9cL3d3dy5zcGthdGFyenluYS5wbFwvd3AtY29udGVudFwvdXBsb2Fkc1wvMjAyMlwvMTJcL0lNRy0yMDIyMTEyOS1XQTAwMTUuanBnIiwic2xpZGVzaG93IjoiYWxsLTA5NWU4ZjAifQ%3D%3D\" rel=\"lightbox[3372]\">\n\t\t\t\t\t<div class=\"e-gallery-image elementor-gallery-item__image\" data-thumbnail=\"https:\/\/www.spkatarzyna.pl\/wp-content\/uploads\/2022\/12\/IMG-20221129-WA0015-225x300.jpg\" data-width=\"225\" data-height=\"300\" alt=\"\" ><\/div>\n\t\t\t\t\t\t\t\t\t\t<div class=\"elementor-gallery-item__overlay\"><\/div>\n\t\t\t\t\t\t\t\t\t\t\t\t\t\t<\/a>\n\t\t\t\t\t<\/div>\n\t\t\t\t\t<\/div>\n\t\t\t\t<\/div>\n\t\t\t\t\t<\/div>\n\t\t<\/div>\n\t\t\t\t\t<\/div>\n\t\t<\/section>\n\t\t\t\t<\/div>\n\t\t","protected":false},"excerpt":{"rendered":"<p>Uczniowie PSP w \u015awi\u0119tej Katarzynie zawsze ch\u0119tnie poznaj\u0105 kultur\u0119 kraj\u00f3w angloj\u0119zycznych. Tym razem, podczas lekcji j. angielskiego, mieli okazj\u0119 zapozna\u0107 si\u0119 z histori\u0105 i tradycjami \u015awi\u0119ta Dzi\u0119kczynienia. Jest to \u015bwi\u0119to obchodzone w Stanach Zjednoczonych w czwarty czwartek listopada, a w Kanadzie w drugi poniedzia\u0142ek pa\u017adziernika, jako pami\u0105tka pierwszych do\u017cynek mieszka\u0144c\u00f3w [&hellip;]<\/p>\n","protected":false},"author":6,"featured_media":3373,"comment_status":"open","ping_status":"open","sticky":false,"template":"","format":"standard","meta":{"om_disable_all_campaigns":false,"_monsterinsights_skip_tracking":false,"ngg_post_thumbnail":0,"footnotes":""},"categories":[1],"tags":[],"class_list":["post-3372","post","type-post","status-publish","format-standard","has-post-thumbnail","hentry","category-uncategorized"],"aioseo_notices":[],"aioseo_head":"\n\t\t<!-- All in One SEO 5.0.1.1 - aioseo.com -->\n\t<meta name=\"description\" content=\"Uczniowie PSP w \u015awi\u0119tej Katarzynie zawsze ch\u0119tnie poznaj\u0105 kultur\u0119 kraj\u00f3w angloj\u0119zycznych. Tym razem, podczas lekcji j. angielskiego, mieli okazj\u0119 zapozna\u0107 si\u0119 z histori\u0105 i tradycjami \u015awi\u0119ta Dzi\u0119kczynienia. Jest to \u015bwi\u0119to obchodzone w Stanach Zjednoczonych w czwarty czwartek listopada, a w Kanadzie w drugi poniedzia\u0142ek pa\u017adziernika, jako pami\u0105tka pierwszych do\u017cynek mieszka\u0144c\u00f3w kolonii Plymouth w 1621 roku.\" \/>\n\t<meta name=\"robots\" content=\"max-image-preview:large\" \/>\n\t<meta name=\"author\" content=\"Redakcja\"\/>\n\t<link rel=\"canonical\" href=\"https:\/\/www.spkatarzyna.pl\/index.php\/2022\/12\/06\/swieto-dziekczynienia-w-naszej-szkole\/\" \/>\n\t<meta name=\"generator\" content=\"All in One SEO (AIOSEO) 5.0.1.1\" \/>\n\t\t<meta property=\"og:locale\" content=\"pl_PL\" \/>\n\t\t<meta property=\"og:site_name\" content=\"SP Katarzyna - Publiczna Szko\u0142a Podstawowa w \u015awi\u0119tej Katarzynie\" \/>\n\t\t<meta property=\"og:type\" content=\"article\" \/>\n\t\t<meta property=\"og:title\" content=\"\u015awi\u0119to Dzi\u0119kczynienia w naszej szkole - SP Katarzyna\" \/>\n\t\t<meta property=\"og:description\" content=\"Uczniowie PSP w \u015awi\u0119tej Katarzynie zawsze ch\u0119tnie poznaj\u0105 kultur\u0119 kraj\u00f3w angloj\u0119zycznych. Tym razem, podczas lekcji j. angielskiego, mieli okazj\u0119 zapozna\u0107 si\u0119 z histori\u0105 i tradycjami \u015awi\u0119ta Dzi\u0119kczynienia. Jest to \u015bwi\u0119to obchodzone w Stanach Zjednoczonych w czwarty czwartek listopada, a w Kanadzie w drugi poniedzia\u0142ek pa\u017adziernika, jako pami\u0105tka pierwszych do\u017cynek mieszka\u0144c\u00f3w kolonii Plymouth w 1621 roku.\" \/>\n\t\t<meta property=\"og:url\" content=\"https:\/\/www.spkatarzyna.pl\/index.php\/2022\/12\/06\/swieto-dziekczynienia-w-naszej-szkole\/\" \/>\n\t\t<meta property=\"article:published_time\" content=\"2022-12-06T06:48:01+00:00\" \/>\n\t\t<meta property=\"article:modified_time\" content=\"2022-12-06T06:52:06+00:00\" \/>\n\t\t<meta name=\"twitter:card\" content=\"summary_large_image\" \/>\n\t\t<meta name=\"twitter:title\" content=\"\u015awi\u0119to Dzi\u0119kczynienia w naszej szkole - SP Katarzyna\" \/>\n\t\t<meta name=\"twitter:description\" content=\"Uczniowie PSP w \u015awi\u0119tej Katarzynie zawsze ch\u0119tnie poznaj\u0105 kultur\u0119 kraj\u00f3w angloj\u0119zycznych. Tym razem, podczas lekcji j. angielskiego, mieli okazj\u0119 zapozna\u0107 si\u0119 z histori\u0105 i tradycjami \u015awi\u0119ta Dzi\u0119kczynienia. Jest to \u015bwi\u0119to obchodzone w Stanach Zjednoczonych w czwarty czwartek listopada, a w Kanadzie w drugi poniedzia\u0142ek pa\u017adziernika, jako pami\u0105tka pierwszych do\u017cynek mieszka\u0144c\u00f3w kolonii Plymouth w 1621 roku.\" \/>\n\t\t<script type=\"application\/ld+json\" class=\"aioseo-schema\">\n\t\t\t{\"@context\":\"https:\\\/\\\/schema.org\",\"@graph\":[{\"@type\":\"BlogPosting\",\"@id\":\"https:\\\/\\\/www.spkatarzyna.pl\\\/index.php\\\/2022\\\/12\\\/06\\\/swieto-dziekczynienia-w-naszej-szkole\\\/#blogposting\",\"name\":\"\\u015awi\\u0119to Dzi\\u0119kczynienia w naszej szkole - SP Katarzyna\",\"headline\":\"\\u015awi\\u0119to Dzi\\u0119kczynienia w naszej szkole\",\"author\":{\"@id\":\"https:\\\/\\\/www.spkatarzyna.pl\\\/index.php\\\/author\\\/agatasafianspkatarzyna-pl\\\/#author\"},\"publisher\":{\"@id\":\"https:\\\/\\\/www.spkatarzyna.pl\\\/#organization\"},\"image\":{\"@type\":\"ImageObject\",\"url\":\"https:\\\/\\\/www.spkatarzyna.pl\\\/wp-content\\\/uploads\\\/2022\\\/12\\\/IMG-20221129-WA0008.jpg\",\"width\":360,\"height\":202},\"datePublished\":\"2022-12-06T06:48:01+01:00\",\"dateModified\":\"2022-12-06T06:52:06+01:00\",\"inLanguage\":\"pl-PL\",\"mainEntityOfPage\":{\"@id\":\"https:\\\/\\\/www.spkatarzyna.pl\\\/index.php\\\/2022\\\/12\\\/06\\\/swieto-dziekczynienia-w-naszej-szkole\\\/#webpage\"},\"isPartOf\":{\"@id\":\"https:\\\/\\\/www.spkatarzyna.pl\\\/index.php\\\/2022\\\/12\\\/06\\\/swieto-dziekczynienia-w-naszej-szkole\\\/#webpage\"},\"articleSection\":\"Uncategorized\"},{\"@type\":\"BreadcrumbList\",\"@id\":\"https:\\\/\\\/www.spkatarzyna.pl\\\/index.php\\\/2022\\\/12\\\/06\\\/swieto-dziekczynienia-w-naszej-szkole\\\/#breadcrumblist\",\"itemListElement\":[{\"@type\":\"ListItem\",\"@id\":\"https:\\\/\\\/www.spkatarzyna.pl#listItem\",\"position\":1,\"name\":\"Dom\",\"item\":\"https:\\\/\\\/www.spkatarzyna.pl\",\"nextItem\":{\"@type\":\"ListItem\",\"@id\":\"https:\\\/\\\/www.spkatarzyna.pl\\\/index.php\\\/category\\\/uncategorized\\\/#listItem\",\"name\":\"Uncategorized\"}},{\"@type\":\"ListItem\",\"@id\":\"https:\\\/\\\/www.spkatarzyna.pl\\\/index.php\\\/category\\\/uncategorized\\\/#listItem\",\"position\":2,\"name\":\"Uncategorized\",\"item\":\"https:\\\/\\\/www.spkatarzyna.pl\\\/index.php\\\/category\\\/uncategorized\\\/\",\"nextItem\":{\"@type\":\"ListItem\",\"@id\":\"https:\\\/\\\/www.spkatarzyna.pl\\\/index.php\\\/2022\\\/12\\\/06\\\/swieto-dziekczynienia-w-naszej-szkole\\\/#listItem\",\"name\":\"\\u015awi\\u0119to Dzi\\u0119kczynienia w naszej szkole\"},\"previousItem\":{\"@type\":\"ListItem\",\"@id\":\"https:\\\/\\\/www.spkatarzyna.pl#listItem\",\"name\":\"Dom\"}},{\"@type\":\"ListItem\",\"@id\":\"https:\\\/\\\/www.spkatarzyna.pl\\\/index.php\\\/2022\\\/12\\\/06\\\/swieto-dziekczynienia-w-naszej-szkole\\\/#listItem\",\"position\":3,\"name\":\"\\u015awi\\u0119to Dzi\\u0119kczynienia w naszej szkole\",\"previousItem\":{\"@type\":\"ListItem\",\"@id\":\"https:\\\/\\\/www.spkatarzyna.pl\\\/index.php\\\/category\\\/uncategorized\\\/#listItem\",\"name\":\"Uncategorized\"}}]},{\"@type\":\"Organization\",\"@id\":\"https:\\\/\\\/www.spkatarzyna.pl\\\/#organization\",\"name\":\"SP Katarzyna\",\"description\":\"Publiczna Szko\\u0142a Podstawowa w \\u015awi\\u0119tej Katarzynie\",\"url\":\"https:\\\/\\\/www.spkatarzyna.pl\\\/\",\"telephone\":\"+48713116378\",\"sameAs\":[\"https:\\\/\\\/facebook.com\\\/\",\"https:\\\/\\\/x.com\\\/\",\"https:\\\/\\\/instagram.com\\\/\",\"https:\\\/\\\/pinterest.com\\\/\",\"https:\\\/\\\/youtube.com\\\/\",\"https:\\\/\\\/linkedin.com\\\/in\\\/\"]},{\"@type\":\"Person\",\"@id\":\"https:\\\/\\\/www.spkatarzyna.pl\\\/index.php\\\/author\\\/agatasafianspkatarzyna-pl\\\/#author\",\"url\":\"https:\\\/\\\/www.spkatarzyna.pl\\\/index.php\\\/author\\\/agatasafianspkatarzyna-pl\\\/\",\"name\":\"Redakcja\",\"image\":{\"@type\":\"ImageObject\",\"@id\":\"https:\\\/\\\/www.spkatarzyna.pl\\\/index.php\\\/2022\\\/12\\\/06\\\/swieto-dziekczynienia-w-naszej-szkole\\\/#authorImage\",\"url\":\"https:\\\/\\\/secure.gravatar.com\\\/avatar\\\/765290513df94d442152250e92b42327?s=96&d=mm&r=g\",\"width\":96,\"height\":96,\"caption\":\"Redakcja\"}},{\"@type\":\"WebPage\",\"@id\":\"https:\\\/\\\/www.spkatarzyna.pl\\\/index.php\\\/2022\\\/12\\\/06\\\/swieto-dziekczynienia-w-naszej-szkole\\\/#webpage\",\"url\":\"https:\\\/\\\/www.spkatarzyna.pl\\\/index.php\\\/2022\\\/12\\\/06\\\/swieto-dziekczynienia-w-naszej-szkole\\\/\",\"name\":\"\\u015awi\\u0119to Dzi\\u0119kczynienia w naszej szkole - SP Katarzyna\",\"description\":\"Uczniowie PSP w \\u015awi\\u0119tej Katarzynie zawsze ch\\u0119tnie poznaj\\u0105 kultur\\u0119 kraj\\u00f3w angloj\\u0119zycznych. Tym razem, podczas lekcji j. angielskiego, mieli okazj\\u0119 zapozna\\u0107 si\\u0119 z histori\\u0105 i tradycjami \\u015awi\\u0119ta Dzi\\u0119kczynienia. Jest to \\u015bwi\\u0119to obchodzone w Stanach Zjednoczonych w czwarty czwartek listopada, a w Kanadzie w drugi poniedzia\\u0142ek pa\\u017adziernika, jako pami\\u0105tka pierwszych do\\u017cynek mieszka\\u0144c\\u00f3w kolonii Plymouth w 1621 roku.\",\"inLanguage\":\"pl-PL\",\"isPartOf\":{\"@id\":\"https:\\\/\\\/www.spkatarzyna.pl\\\/#website\"},\"breadcrumb\":{\"@id\":\"https:\\\/\\\/www.spkatarzyna.pl\\\/index.php\\\/2022\\\/12\\\/06\\\/swieto-dziekczynienia-w-naszej-szkole\\\/#breadcrumblist\"},\"author\":{\"@id\":\"https:\\\/\\\/www.spkatarzyna.pl\\\/index.php\\\/author\\\/agatasafianspkatarzyna-pl\\\/#author\"},\"creator\":{\"@id\":\"https:\\\/\\\/www.spkatarzyna.pl\\\/index.php\\\/author\\\/agatasafianspkatarzyna-pl\\\/#author\"},\"image\":{\"@type\":\"ImageObject\",\"url\":\"https:\\\/\\\/www.spkatarzyna.pl\\\/wp-content\\\/uploads\\\/2022\\\/12\\\/IMG-20221129-WA0008.jpg\",\"@id\":\"https:\\\/\\\/www.spkatarzyna.pl\\\/index.php\\\/2022\\\/12\\\/06\\\/swieto-dziekczynienia-w-naszej-szkole\\\/#mainImage\",\"width\":360,\"height\":202},\"primaryImageOfPage\":{\"@id\":\"https:\\\/\\\/www.spkatarzyna.pl\\\/index.php\\\/2022\\\/12\\\/06\\\/swieto-dziekczynienia-w-naszej-szkole\\\/#mainImage\"},\"datePublished\":\"2022-12-06T06:48:01+01:00\",\"dateModified\":\"2022-12-06T06:52:06+01:00\"},{\"@type\":\"WebSite\",\"@id\":\"https:\\\/\\\/www.spkatarzyna.pl\\\/#website\",\"url\":\"https:\\\/\\\/www.spkatarzyna.pl\\\/\",\"name\":\"SP Katarzyna\",\"description\":\"Publiczna Szko\\u0142a Podstawowa w \\u015awi\\u0119tej Katarzynie\",\"inLanguage\":\"pl-PL\",\"publisher\":{\"@id\":\"https:\\\/\\\/www.spkatarzyna.pl\\\/#organization\"}}]}\n\t\t<\/script>\n\t\t<!-- All in One SEO -->\n\n","aioseo_head_json":{"title":"\u015awi\u0119to Dzi\u0119kczynienia w naszej szkole - SP Katarzyna","description":"Uczniowie PSP w \u015awi\u0119tej Katarzynie zawsze ch\u0119tnie poznaj\u0105 kultur\u0119 kraj\u00f3w angloj\u0119zycznych. Tym razem, podczas lekcji j. angielskiego, mieli okazj\u0119 zapozna\u0107 si\u0119 z histori\u0105 i tradycjami \u015awi\u0119ta Dzi\u0119kczynienia. Jest to \u015bwi\u0119to obchodzone w Stanach Zjednoczonych w czwarty czwartek listopada, a w Kanadzie w drugi poniedzia\u0142ek pa\u017adziernika, jako pami\u0105tka pierwszych do\u017cynek mieszka\u0144c\u00f3w kolonii Plymouth w 1621 roku.","canonical_url":"https:\/\/www.spkatarzyna.pl\/index.php\/2022\/12\/06\/swieto-dziekczynienia-w-naszej-szkole\/","robots":"max-image-preview:large","keywords":"","webmasterTools":{"miscellaneous":""},"schema":{"@context":"https:\/\/schema.org","@graph":[{"@type":"BlogPosting","@id":"https:\/\/www.spkatarzyna.pl\/index.php\/2022\/12\/06\/swieto-dziekczynienia-w-naszej-szkole\/#blogposting","name":"\u015awi\u0119to Dzi\u0119kczynienia w naszej szkole - SP Katarzyna","headline":"\u015awi\u0119to Dzi\u0119kczynienia w naszej szkole","author":{"@id":"https:\/\/www.spkatarzyna.pl\/index.php\/author\/agatasafianspkatarzyna-pl\/#author"},"publisher":{"@id":"https:\/\/www.spkatarzyna.pl\/#organization"},"image":{"@type":"ImageObject","url":"https:\/\/www.spkatarzyna.pl\/wp-content\/uploads\/2022\/12\/IMG-20221129-WA0008.jpg","width":360,"height":202},"datePublished":"2022-12-06T06:48:01+01:00","dateModified":"2022-12-06T06:52:06+01:00","inLanguage":"pl-PL","mainEntityOfPage":{"@id":"https:\/\/www.spkatarzyna.pl\/index.php\/2022\/12\/06\/swieto-dziekczynienia-w-naszej-szkole\/#webpage"},"isPartOf":{"@id":"https:\/\/www.spkatarzyna.pl\/index.php\/2022\/12\/06\/swieto-dziekczynienia-w-naszej-szkole\/#webpage"},"articleSection":"Uncategorized"},{"@type":"BreadcrumbList","@id":"https:\/\/www.spkatarzyna.pl\/index.php\/2022\/12\/06\/swieto-dziekczynienia-w-naszej-szkole\/#breadcrumblist","itemListElement":[{"@type":"ListItem","@id":"https:\/\/www.spkatarzyna.pl#listItem","position":1,"name":"Dom","item":"https:\/\/www.spkatarzyna.pl","nextItem":{"@type":"ListItem","@id":"https:\/\/www.spkatarzyna.pl\/index.php\/category\/uncategorized\/#listItem","name":"Uncategorized"}},{"@type":"ListItem","@id":"https:\/\/www.spkatarzyna.pl\/index.php\/category\/uncategorized\/#listItem","position":2,"name":"Uncategorized","item":"https:\/\/www.spkatarzyna.pl\/index.php\/category\/uncategorized\/","nextItem":{"@type":"ListItem","@id":"https:\/\/www.spkatarzyna.pl\/index.php\/2022\/12\/06\/swieto-dziekczynienia-w-naszej-szkole\/#listItem","name":"\u015awi\u0119to Dzi\u0119kczynienia w naszej szkole"},"previousItem":{"@type":"ListItem","@id":"https:\/\/www.spkatarzyna.pl#listItem","name":"Dom"}},{"@type":"ListItem","@id":"https:\/\/www.spkatarzyna.pl\/index.php\/2022\/12\/06\/swieto-dziekczynienia-w-naszej-szkole\/#listItem","position":3,"name":"\u015awi\u0119to Dzi\u0119kczynienia w naszej szkole","previousItem":{"@type":"ListItem","@id":"https:\/\/www.spkatarzyna.pl\/index.php\/category\/uncategorized\/#listItem","name":"Uncategorized"}}]},{"@type":"Organization","@id":"https:\/\/www.spkatarzyna.pl\/#organization","name":"SP Katarzyna","description":"Publiczna Szko\u0142a Podstawowa w \u015awi\u0119tej Katarzynie","url":"https:\/\/www.spkatarzyna.pl\/","telephone":"+48713116378","sameAs":["https:\/\/facebook.com\/","https:\/\/x.com\/","https:\/\/instagram.com\/","https:\/\/pinterest.com\/","https:\/\/youtube.com\/","https:\/\/linkedin.com\/in\/"]},{"@type":"Person","@id":"https:\/\/www.spkatarzyna.pl\/index.php\/author\/agatasafianspkatarzyna-pl\/#author","url":"https:\/\/www.spkatarzyna.pl\/index.php\/author\/agatasafianspkatarzyna-pl\/","name":"Redakcja","image":{"@type":"ImageObject","@id":"https:\/\/www.spkatarzyna.pl\/index.php\/2022\/12\/06\/swieto-dziekczynienia-w-naszej-szkole\/#authorImage","url":"https:\/\/secure.gravatar.com\/avatar\/765290513df94d442152250e92b42327?s=96&d=mm&r=g","width":96,"height":96,"caption":"Redakcja"}},{"@type":"WebPage","@id":"https:\/\/www.spkatarzyna.pl\/index.php\/2022\/12\/06\/swieto-dziekczynienia-w-naszej-szkole\/#webpage","url":"https:\/\/www.spkatarzyna.pl\/index.php\/2022\/12\/06\/swieto-dziekczynienia-w-naszej-szkole\/","name":"\u015awi\u0119to Dzi\u0119kczynienia w naszej szkole - SP Katarzyna","description":"Uczniowie PSP w \u015awi\u0119tej Katarzynie zawsze ch\u0119tnie poznaj\u0105 kultur\u0119 kraj\u00f3w angloj\u0119zycznych. Tym razem, podczas lekcji j. angielskiego, mieli okazj\u0119 zapozna\u0107 si\u0119 z histori\u0105 i tradycjami \u015awi\u0119ta Dzi\u0119kczynienia. Jest to \u015bwi\u0119to obchodzone w Stanach Zjednoczonych w czwarty czwartek listopada, a w Kanadzie w drugi poniedzia\u0142ek pa\u017adziernika, jako pami\u0105tka pierwszych do\u017cynek mieszka\u0144c\u00f3w kolonii Plymouth w 1621 roku.","inLanguage":"pl-PL","isPartOf":{"@id":"https:\/\/www.spkatarzyna.pl\/#website"},"breadcrumb":{"@id":"https:\/\/www.spkatarzyna.pl\/index.php\/2022\/12\/06\/swieto-dziekczynienia-w-naszej-szkole\/#breadcrumblist"},"author":{"@id":"https:\/\/www.spkatarzyna.pl\/index.php\/author\/agatasafianspkatarzyna-pl\/#author"},"creator":{"@id":"https:\/\/www.spkatarzyna.pl\/index.php\/author\/agatasafianspkatarzyna-pl\/#author"},"image":{"@type":"ImageObject","url":"https:\/\/www.spkatarzyna.pl\/wp-content\/uploads\/2022\/12\/IMG-20221129-WA0008.jpg","@id":"https:\/\/www.spkatarzyna.pl\/index.php\/2022\/12\/06\/swieto-dziekczynienia-w-naszej-szkole\/#mainImage","width":360,"height":202},"primaryImageOfPage":{"@id":"https:\/\/www.spkatarzyna.pl\/index.php\/2022\/12\/06\/swieto-dziekczynienia-w-naszej-szkole\/#mainImage"},"datePublished":"2022-12-06T06:48:01+01:00","dateModified":"2022-12-06T06:52:06+01:00"},{"@type":"WebSite","@id":"https:\/\/www.spkatarzyna.pl\/#website","url":"https:\/\/www.spkatarzyna.pl\/","name":"SP Katarzyna","description":"Publiczna Szko\u0142a Podstawowa w \u015awi\u0119tej Katarzynie","inLanguage":"pl-PL","publisher":{"@id":"https:\/\/www.spkatarzyna.pl\/#organization"}}]},"og:locale":"pl_PL","og:site_name":"SP Katarzyna - Publiczna Szko\u0142a Podstawowa w \u015awi\u0119tej Katarzynie","og:type":"article","og:title":"\u015awi\u0119to Dzi\u0119kczynienia w naszej szkole - SP Katarzyna","og:description":"Uczniowie PSP w \u015awi\u0119tej Katarzynie zawsze ch\u0119tnie poznaj\u0105 kultur\u0119 kraj\u00f3w angloj\u0119zycznych. Tym razem, podczas lekcji j. angielskiego, mieli okazj\u0119 zapozna\u0107 si\u0119 z histori\u0105 i tradycjami \u015awi\u0119ta Dzi\u0119kczynienia. Jest to \u015bwi\u0119to obchodzone w Stanach Zjednoczonych w czwarty czwartek listopada, a w Kanadzie w drugi poniedzia\u0142ek pa\u017adziernika, jako pami\u0105tka pierwszych do\u017cynek mieszka\u0144c\u00f3w kolonii Plymouth w 1621 roku.","og:url":"https:\/\/www.spkatarzyna.pl\/index.php\/2022\/12\/06\/swieto-dziekczynienia-w-naszej-szkole\/","article:published_time":"2022-12-06T06:48:01+00:00","article:modified_time":"2022-12-06T06:52:06+00:00","twitter:card":"summary_large_image","twitter:title":"\u015awi\u0119to Dzi\u0119kczynienia w naszej szkole - SP Katarzyna","twitter:description":"Uczniowie PSP w \u015awi\u0119tej Katarzynie zawsze ch\u0119tnie poznaj\u0105 kultur\u0119 kraj\u00f3w angloj\u0119zycznych. Tym razem, podczas lekcji j. angielskiego, mieli okazj\u0119 zapozna\u0107 si\u0119 z histori\u0105 i tradycjami \u015awi\u0119ta Dzi\u0119kczynienia. Jest to \u015bwi\u0119to obchodzone w Stanach Zjednoczonych w czwarty czwartek listopada, a w Kanadzie w drugi poniedzia\u0142ek pa\u017adziernika, jako pami\u0105tka pierwszych do\u017cynek mieszka\u0144c\u00f3w kolonii Plymouth w 1621 roku."},"aioseo_meta_data":{"post_id":"3372","title":null,"description":null,"keywords":null,"keyphrases":null,"primary_term":null,"canonical_url":null,"og_title":null,"og_description":null,"og_object_type":"default","og_image_type":"default","og_image_url":null,"og_image_width":null,"og_image_height":null,"og_image_custom_url":null,"og_image_custom_fields":null,"og_video":null,"og_custom_url":null,"og_article_section":null,"og_article_tags":null,"twitter_use_og":false,"twitter_card":"default","twitter_image_type":"default","twitter_image_url":null,"twitter_image_custom_url":null,"twitter_image_custom_fields":null,"twitter_title":null,"twitter_description":null,"schema":{"blockGraphs":[],"customGraphs":[],"default":{"data":{"Article":[],"Course":[],"Dataset":[],"FAQPage":[],"Movie":[],"Person":[],"Product":[],"ProductReview":[],"Car":[],"Recipe":[],"Service":[],"SoftwareApplication":[],"WebPage":[]},"graphName":"","isEnabled":true},"graphs":[]},"schema_type":"default","schema_type_options":null,"pillar_content":false,"robots_default":true,"robots_noindex":false,"robots_noarchive":false,"robots_nosnippet":false,"robots_nofollow":false,"robots_noimageindex":false,"robots_noodp":false,"robots_notranslate":false,"robots_max_snippet":null,"robots_max_videopreview":null,"robots_max_imagepreview":"large","priority":null,"frequency":null,"local_seo":null,"limit_modified_date":false,"created":"2024-04-03 07:24:51","updated":"2026-09-03 13:59:43","focus_keyword":null,"additional_keywords":null,"truseo_locale":null,"ai":null,"breadcrumb_settings":null,"seo_analyzer_scan_date":null},"aioseo_breadcrumb":"<div class=\"aioseo-breadcrumbs\"><span class=\"aioseo-breadcrumb\">\n\t\t\t<a href=\"https:\/\/www.spkatarzyna.pl\" title=\"Dom\">Dom<\/a>\n\t\t<\/span><span class=\"aioseo-breadcrumb-separator\">&raquo;<\/span><span class=\"aioseo-breadcrumb\">\n\t\t\t<a href=\"https:\/\/www.spkatarzyna.pl\/index.php\/category\/uncategorized\/\" title=\"Uncategorized\">Uncategorized<\/a>\n\t\t<\/span><span class=\"aioseo-breadcrumb-separator\">&raquo;<\/span><span class=\"aioseo-breadcrumb\">\n\t\t\t\u015awi\u0119to Dzi\u0119kczynienia w naszej szkole\n\t\t<\/span><\/div>","aioseo_breadcrumb_json":[{"label":"Dom","link":"https:\/\/www.spkatarzyna.pl"},{"label":"Uncategorized","link":"https:\/\/www.spkatarzyna.pl\/index.php\/category\/uncategorized\/"},{"label":"\u015awi\u0119to Dzi\u0119kczynienia w naszej szkole","link":"https:\/\/www.spkatarzyna.pl\/index.php\/2022\/12\/06\/swieto-dziekczynienia-w-naszej-szkole\/"}],"_links":{"self":[{"href":"https:\/\/www.spkatarzyna.pl\/index.php\/wp-json\/wp\/v2\/posts\/3372","targetHints":{"allow":["GET"]}}],"collection":[{"href":"https:\/\/www.spkatarzyna.pl\/index.php\/wp-json\/wp\/v2\/posts"}],"about":[{"href":"https:\/\/www.spkatarzyna.pl\/index.php\/wp-json\/wp\/v2\/types\/post"}],"author":[{"embeddable":true,"href":"https:\/\/www.spkatarzyna.pl\/index.php\/wp-json\/wp\/v2\/users\/6"}],"replies":[{"embeddable":true,"href":"https:\/\/www.spkatarzyna.pl\/index.php\/wp-json\/wp\/v2\/comments?post=3372"}],"version-history":[{"count":7,"href":"https:\/\/www.spkatarzyna.pl\/index.php\/wp-json\/wp\/v2\/posts\/3372\/revisions"}],"predecessor-version":[{"id":3396,"href":"https:\/\/www.spkatarzyna.pl\/index.php\/wp-json\/wp\/v2\/posts\/3372\/revisions\/3396"}],"wp:featuredmedia":[{"embeddable":true,"href":"https:\/\/www.spkatarzyna.pl\/index.php\/wp-json\/wp\/v2\/media\/3373"}],"wp:attachment":[{"href":"https:\/\/www.spkatarzyna.pl\/index.php\/wp-json\/wp\/v2\/media?parent=3372"}],"wp:term":[{"taxonomy":"category","embeddable":true,"href":"https:\/\/www.spkatarzyna.pl\/index.php\/wp-json\/wp\/v2\/categories?post=3372"},{"taxonomy":"post_tag","embeddable":true,"href":"https:\/\/www.spkatarzyna.pl\/index.php\/wp-json\/wp\/v2\/tags?post=3372"}],"curies":[{"name":"wp","href":"https:\/\/api.w.org\/{rel}","templated":true}]}}