{"id":3602,"date":"2022-12-16T10:58:28","date_gmt":"2022-12-16T10:58:28","guid":{"rendered":"http:\/\/www.spkatarzyna.pl\/?p=3602"},"modified":"2022-12-16T12:57:26","modified_gmt":"2022-12-16T12:57:26","slug":"podsumowanie-akcji-bozonarodzeniowej-dla-hospicjum-we-wroclawiu","status":"publish","type":"post","link":"https:\/\/www.spkatarzyna.pl\/index.php\/2022\/12\/16\/podsumowanie-akcji-bozonarodzeniowej-dla-hospicjum-we-wroclawiu\/","title":{"rendered":"Podsumowanie akcji dla Hospicjum"},"content":{"rendered":"<p style=\"text-align: center;\">&nbsp;<\/p>\n<p style=\"text-align: center;\"><span style=\"font-size: 18pt; color: #800000;\"><strong><img decoding=\"async\" class=\" wp-image-3606 alignleft\" src=\"http:\/\/www.spkatarzyna.pl\/wp-content\/uploads\/2022\/12\/christmas-tree-gad3ecd1d4_1920-300x300.png\" alt=\"\" width=\"170\" height=\"170\">Drodzy Uczniowie, Rodzice, Darczy\u0144cy!<\/strong><\/span><span style=\"font-size: 18pt; color: #800000;\"><strong> &nbsp;&nbsp;&nbsp;&nbsp;&nbsp;&nbsp; <\/strong><\/span><\/p>\n<p style=\"text-align: justify;\"><span style=\"font-size: 14pt;\">W tym roku, w okresie przed\u015bwi\u0105tecznym, tradycj\u0105 lat poprzednich Dyrekcja Szko\u0142y, Rada Rodzic\u00f3w, Szkolne Ko\u0142o Wolontariatu&nbsp; przy wsp\u00f3\u0142pracy z Samorz\u0105dem Uczniowskim zorganizowa\u0142y akcj\u0119 charytatywn\u0105 na rzecz Hospicjum dla Dzieci Dolnego \u015al\u0105ska \u201eFormu\u0142a Dobra\u201d.<\/span><\/p>\n<p style=\"text-align: justify;\"><span style=\"font-size: 14pt;\">Akcja trwa\u0142a od 17 listopada do 09 grudnia 2022 r. i nastawiona by\u0142a na pomoc rzeczow\u0105. Zgromadzili\u015bmy&nbsp; du\u017c\u0105 ilo\u015b\u0107&nbsp; podk\u0142ad\u00f3w jednorazowych, lek\u00f3w sinssept, octanisept, kaszek, mus\u00f3w, chusteczek nawil\u017conych, kosmetyk\u00f3w do piel\u0119gnacji dla dzieci.<\/span><\/p>\n<p style=\"text-align: justify;\"><span style=\"font-size: 14pt;\">W dniach 08 &#8211; 09. 12. 2022 r. zorganizowali\u015bmy dodatkowo kiermasz \u015bwi\u0105teczny. Wszystkie \u015brodki uzyskane ze sprzeda\u017cy wypiek\u00f3w, w wysoko\u015bci 4,472z\u0142 zostan\u0105 przeznaczone na rehabilitacj\u0119 dzieci z hospicjum. Rada Rodzic\u00f3w&nbsp; przelewem bankowym przekaza\u0142a w\/w kwot\u0119 do Hospicjum w dniu 13.12.2022r.<\/span><\/p>\n<p style=\"text-align: justify;\"><span style=\"font-size: 14pt;\">Do \u015bwi\u0105tecznej&nbsp; akcji pomocy w\u0142\u0105czyli si\u0119 uczniowie, rodzice, nauczyciele, pracownicy administracji i obs\u0142ugi naszej szko\u0142y. Projekt przer\u00f3s\u0142 naj\u015bmielsze oczekiwania organizator\u00f3w.&nbsp;<\/span><\/p>\n<p style=\"text-align: justify;\"><span style=\"font-size: 14pt;\">W imieniu&nbsp; Szkolnego Ko\u0142a Wolontariatu oraz pozosta\u0142ych organizator\u00f3w pragniemy z ca\u0142ego serca podzi\u0119kowa\u0107 wszystkim Darczy\u0144com&nbsp; za \u017cyczliwo\u015b\u0107, pomoc oraz zaanga\u017cowanie, za cegie\u0142k\u0119 dobroci i mi\u0142o\u015bci okazanej bezbronnym i potrzebuj\u0105cym troski dzieciom.<\/span><\/p>\n<p style=\"text-align: center;\"><strong><span style=\"font-size: 14pt;\">PAMI\u0118TAJMY DOBRO ZAWSZE POWRACA.<\/span><\/strong><\/p>\n<p style=\"text-align: right;\">&nbsp;&nbsp;&nbsp;&nbsp;&nbsp;&nbsp;&nbsp;&nbsp;&nbsp;&nbsp;&nbsp;&nbsp;&nbsp;&nbsp;&nbsp;&nbsp;&nbsp;&nbsp;&nbsp;&nbsp;&nbsp;&nbsp;&nbsp;&nbsp;&nbsp;&nbsp;&nbsp;&nbsp;&nbsp;&nbsp;&nbsp;&nbsp;&nbsp;&nbsp;&nbsp;&nbsp;&nbsp;&nbsp;&nbsp;&nbsp;&nbsp;&nbsp;&nbsp;&nbsp;&nbsp;&nbsp;&nbsp;&nbsp;&nbsp;&nbsp;&nbsp;&nbsp;&nbsp;&nbsp;&nbsp;&nbsp;&nbsp;&nbsp;&nbsp;&nbsp;&nbsp;&nbsp;&nbsp;&nbsp;&nbsp;&nbsp;&nbsp;&nbsp;&nbsp;&nbsp;&nbsp;&nbsp;&nbsp;&nbsp;&nbsp;&nbsp;&nbsp;&nbsp;&nbsp;&nbsp;&nbsp;&nbsp;&nbsp;&nbsp;&nbsp;&nbsp;&nbsp;&nbsp;&nbsp;&nbsp;&nbsp;&nbsp;&nbsp;&nbsp;&nbsp;&nbsp;&nbsp;&nbsp;&nbsp;&nbsp;&nbsp;&nbsp;&nbsp;&nbsp;&nbsp;<\/p>\n<p style=\"text-align: right;\">Jolanta Przybytniowska &#8211; Dyrektor Szko\u0142y<\/p>\n<p style=\"text-align: right;\">Krzysztof J\u0119drzejczak &#8211; Opiekun Szkolnego Ko\u0142a Wolontariatu<\/p>\n<p style=\"text-align: right;\">Anna Krasnowska &#8211;&nbsp; Nauczyciel wspomagaj\u0105cy prac\u0119 SKW<\/p>\n<p>&nbsp;&nbsp;&nbsp;&nbsp;&nbsp;&nbsp;&nbsp;&nbsp;&nbsp;&nbsp;&nbsp;&nbsp;&nbsp;&nbsp;&nbsp;&nbsp;&nbsp;&nbsp;&nbsp;&nbsp;&nbsp;&nbsp;&nbsp;&nbsp;&nbsp;&nbsp;&nbsp;&nbsp;&nbsp;&nbsp;&nbsp;&nbsp;&nbsp;&nbsp;&nbsp;&nbsp;&nbsp;&nbsp;&nbsp;&nbsp;&nbsp;&nbsp;&nbsp;&nbsp;&nbsp;&nbsp;&nbsp;&nbsp;&nbsp;&nbsp;&nbsp;&nbsp;&nbsp;&nbsp;&nbsp;&nbsp;&nbsp;&nbsp;&nbsp;&nbsp;&nbsp;&nbsp;&nbsp;&nbsp;&nbsp;&nbsp;&nbsp;&nbsp;&nbsp;&nbsp;&nbsp;&nbsp;&nbsp;&nbsp;&nbsp;&nbsp;&nbsp;&nbsp;&nbsp;&nbsp;&nbsp;&nbsp;&nbsp;&nbsp;&nbsp;&nbsp;<\/p>\n","protected":false},"excerpt":{"rendered":"<p>&nbsp; Drodzy Uczniowie, Rodzice, Darczy\u0144cy! &nbsp;&nbsp;&nbsp;&nbsp;&nbsp;&nbsp; W tym roku, w okresie przed\u015bwi\u0105tecznym, tradycj\u0105 lat poprzednich Dyrekcja Szko\u0142y, Rada Rodzic\u00f3w, Szkolne Ko\u0142o Wolontariatu&nbsp; przy wsp\u00f3\u0142pracy z Samorz\u0105dem Uczniowskim zorganizowa\u0142y akcj\u0119 charytatywn\u0105 na rzecz Hospicjum dla Dzieci Dolnego \u015al\u0105ska \u201eFormu\u0142a Dobra\u201d. Akcja trwa\u0142a od 17 listopada do 09 grudnia 2022 r. i [&hellip;]<\/p>\n","protected":false},"author":6,"featured_media":3625,"comment_status":"open","ping_status":"open","sticky":false,"template":"","format":"standard","meta":{"om_disable_all_campaigns":false,"_monsterinsights_skip_tracking":false,"ngg_post_thumbnail":0,"footnotes":""},"categories":[1],"tags":[],"class_list":["post-3602","post","type-post","status-publish","format-standard","has-post-thumbnail","hentry","category-uncategorized"],"aioseo_notices":[],"aioseo_head":"\n\t\t<!-- All in One SEO 5.0.1.1 - aioseo.com -->\n\t<meta name=\"description\" content=\"Drodzy Uczniowie, Rodzice, Darczy\u0144cy! W tym roku, w okresie przed\u015bwi\u0105tecznym, tradycj\u0105 lat poprzednich Dyrekcja Szko\u0142y, Rada Rodzic\u00f3w, Szkolne Ko\u0142o Wolontariatu przy wsp\u00f3\u0142pracy z Samorz\u0105dem Uczniowskim zorganizowa\u0142y akcj\u0119 charytatywn\u0105 na rzecz Hospicjum dla Dzieci Dolnego \u015al\u0105ska \u201eFormu\u0142a Dobra\u201d. Akcja trwa\u0142a od 17 listopada do 09 grudnia 2022 r. i nastawiona by\u0142a na pomoc rzeczow\u0105.\" \/>\n\t<meta name=\"robots\" content=\"max-image-preview:large\" \/>\n\t<meta name=\"author\" content=\"Redakcja\"\/>\n\t<link rel=\"canonical\" href=\"https:\/\/www.spkatarzyna.pl\/index.php\/2022\/12\/16\/podsumowanie-akcji-bozonarodzeniowej-dla-hospicjum-we-wroclawiu\/\" \/>\n\t<meta name=\"generator\" content=\"All in One SEO (AIOSEO) 5.0.1.1\" \/>\n\t\t<meta property=\"og:locale\" content=\"pl_PL\" \/>\n\t\t<meta property=\"og:site_name\" content=\"SP Katarzyna - Publiczna Szko\u0142a Podstawowa w \u015awi\u0119tej Katarzynie\" \/>\n\t\t<meta property=\"og:type\" content=\"article\" \/>\n\t\t<meta property=\"og:title\" content=\"Podsumowanie akcji dla Hospicjum - SP Katarzyna\" \/>\n\t\t<meta property=\"og:description\" content=\"Drodzy Uczniowie, Rodzice, Darczy\u0144cy! W tym roku, w okresie przed\u015bwi\u0105tecznym, tradycj\u0105 lat poprzednich Dyrekcja Szko\u0142y, Rada Rodzic\u00f3w, Szkolne Ko\u0142o Wolontariatu przy wsp\u00f3\u0142pracy z Samorz\u0105dem Uczniowskim zorganizowa\u0142y akcj\u0119 charytatywn\u0105 na rzecz Hospicjum dla Dzieci Dolnego \u015al\u0105ska \u201eFormu\u0142a Dobra\u201d. Akcja trwa\u0142a od 17 listopada do 09 grudnia 2022 r. i nastawiona by\u0142a na pomoc rzeczow\u0105.\" \/>\n\t\t<meta property=\"og:url\" content=\"https:\/\/www.spkatarzyna.pl\/index.php\/2022\/12\/16\/podsumowanie-akcji-bozonarodzeniowej-dla-hospicjum-we-wroclawiu\/\" \/>\n\t\t<meta property=\"article:published_time\" content=\"2022-12-16T10:58:28+00:00\" \/>\n\t\t<meta property=\"article:modified_time\" content=\"2022-12-16T12:57:26+00:00\" \/>\n\t\t<meta name=\"twitter:card\" content=\"summary_large_image\" \/>\n\t\t<meta name=\"twitter:title\" content=\"Podsumowanie akcji dla Hospicjum - SP Katarzyna\" \/>\n\t\t<meta name=\"twitter:description\" content=\"Drodzy Uczniowie, Rodzice, Darczy\u0144cy! W tym roku, w okresie przed\u015bwi\u0105tecznym, tradycj\u0105 lat poprzednich Dyrekcja Szko\u0142y, Rada Rodzic\u00f3w, Szkolne Ko\u0142o Wolontariatu przy wsp\u00f3\u0142pracy z Samorz\u0105dem Uczniowskim zorganizowa\u0142y akcj\u0119 charytatywn\u0105 na rzecz Hospicjum dla Dzieci Dolnego \u015al\u0105ska \u201eFormu\u0142a Dobra\u201d. Akcja trwa\u0142a od 17 listopada do 09 grudnia 2022 r. i nastawiona by\u0142a na pomoc rzeczow\u0105.\" \/>\n\t\t<script type=\"application\/ld+json\" class=\"aioseo-schema\">\n\t\t\t{\"@context\":\"https:\\\/\\\/schema.org\",\"@graph\":[{\"@type\":\"BlogPosting\",\"@id\":\"https:\\\/\\\/www.spkatarzyna.pl\\\/index.php\\\/2022\\\/12\\\/16\\\/podsumowanie-akcji-bozonarodzeniowej-dla-hospicjum-we-wroclawiu\\\/#blogposting\",\"name\":\"Podsumowanie akcji dla Hospicjum - SP Katarzyna\",\"headline\":\"Podsumowanie akcji dla Hospicjum\",\"author\":{\"@id\":\"https:\\\/\\\/www.spkatarzyna.pl\\\/index.php\\\/author\\\/agatasafianspkatarzyna-pl\\\/#author\"},\"publisher\":{\"@id\":\"https:\\\/\\\/www.spkatarzyna.pl\\\/#organization\"},\"image\":{\"@type\":\"ImageObject\",\"url\":\"https:\\\/\\\/www.spkatarzyna.pl\\\/wp-content\\\/uploads\\\/2022\\\/12\\\/certyfikat-dobra1.jpg\",\"width\":360,\"height\":202},\"datePublished\":\"2022-12-16T10:58:28+01:00\",\"dateModified\":\"2022-12-16T12:57:26+01:00\",\"inLanguage\":\"pl-PL\",\"mainEntityOfPage\":{\"@id\":\"https:\\\/\\\/www.spkatarzyna.pl\\\/index.php\\\/2022\\\/12\\\/16\\\/podsumowanie-akcji-bozonarodzeniowej-dla-hospicjum-we-wroclawiu\\\/#webpage\"},\"isPartOf\":{\"@id\":\"https:\\\/\\\/www.spkatarzyna.pl\\\/index.php\\\/2022\\\/12\\\/16\\\/podsumowanie-akcji-bozonarodzeniowej-dla-hospicjum-we-wroclawiu\\\/#webpage\"},\"articleSection\":\"Uncategorized\"},{\"@type\":\"BreadcrumbList\",\"@id\":\"https:\\\/\\\/www.spkatarzyna.pl\\\/index.php\\\/2022\\\/12\\\/16\\\/podsumowanie-akcji-bozonarodzeniowej-dla-hospicjum-we-wroclawiu\\\/#breadcrumblist\",\"itemListElement\":[{\"@type\":\"ListItem\",\"@id\":\"https:\\\/\\\/www.spkatarzyna.pl#listItem\",\"position\":1,\"name\":\"Dom\",\"item\":\"https:\\\/\\\/www.spkatarzyna.pl\",\"nextItem\":{\"@type\":\"ListItem\",\"@id\":\"https:\\\/\\\/www.spkatarzyna.pl\\\/index.php\\\/category\\\/uncategorized\\\/#listItem\",\"name\":\"Uncategorized\"}},{\"@type\":\"ListItem\",\"@id\":\"https:\\\/\\\/www.spkatarzyna.pl\\\/index.php\\\/category\\\/uncategorized\\\/#listItem\",\"position\":2,\"name\":\"Uncategorized\",\"item\":\"https:\\\/\\\/www.spkatarzyna.pl\\\/index.php\\\/category\\\/uncategorized\\\/\",\"nextItem\":{\"@type\":\"ListItem\",\"@id\":\"https:\\\/\\\/www.spkatarzyna.pl\\\/index.php\\\/2022\\\/12\\\/16\\\/podsumowanie-akcji-bozonarodzeniowej-dla-hospicjum-we-wroclawiu\\\/#listItem\",\"name\":\"Podsumowanie akcji dla Hospicjum\"},\"previousItem\":{\"@type\":\"ListItem\",\"@id\":\"https:\\\/\\\/www.spkatarzyna.pl#listItem\",\"name\":\"Dom\"}},{\"@type\":\"ListItem\",\"@id\":\"https:\\\/\\\/www.spkatarzyna.pl\\\/index.php\\\/2022\\\/12\\\/16\\\/podsumowanie-akcji-bozonarodzeniowej-dla-hospicjum-we-wroclawiu\\\/#listItem\",\"position\":3,\"name\":\"Podsumowanie akcji dla Hospicjum\",\"previousItem\":{\"@type\":\"ListItem\",\"@id\":\"https:\\\/\\\/www.spkatarzyna.pl\\\/index.php\\\/category\\\/uncategorized\\\/#listItem\",\"name\":\"Uncategorized\"}}]},{\"@type\":\"Organization\",\"@id\":\"https:\\\/\\\/www.spkatarzyna.pl\\\/#organization\",\"name\":\"SP Katarzyna\",\"description\":\"Publiczna Szko\\u0142a Podstawowa w \\u015awi\\u0119tej Katarzynie\",\"url\":\"https:\\\/\\\/www.spkatarzyna.pl\\\/\",\"telephone\":\"+48713116378\",\"sameAs\":[\"https:\\\/\\\/facebook.com\\\/\",\"https:\\\/\\\/x.com\\\/\",\"https:\\\/\\\/instagram.com\\\/\",\"https:\\\/\\\/pinterest.com\\\/\",\"https:\\\/\\\/youtube.com\\\/\",\"https:\\\/\\\/linkedin.com\\\/in\\\/\"]},{\"@type\":\"Person\",\"@id\":\"https:\\\/\\\/www.spkatarzyna.pl\\\/index.php\\\/author\\\/agatasafianspkatarzyna-pl\\\/#author\",\"url\":\"https:\\\/\\\/www.spkatarzyna.pl\\\/index.php\\\/author\\\/agatasafianspkatarzyna-pl\\\/\",\"name\":\"Redakcja\",\"image\":{\"@type\":\"ImageObject\",\"@id\":\"https:\\\/\\\/www.spkatarzyna.pl\\\/index.php\\\/2022\\\/12\\\/16\\\/podsumowanie-akcji-bozonarodzeniowej-dla-hospicjum-we-wroclawiu\\\/#authorImage\",\"url\":\"https:\\\/\\\/secure.gravatar.com\\\/avatar\\\/765290513df94d442152250e92b42327?s=96&d=mm&r=g\",\"width\":96,\"height\":96,\"caption\":\"Redakcja\"}},{\"@type\":\"WebPage\",\"@id\":\"https:\\\/\\\/www.spkatarzyna.pl\\\/index.php\\\/2022\\\/12\\\/16\\\/podsumowanie-akcji-bozonarodzeniowej-dla-hospicjum-we-wroclawiu\\\/#webpage\",\"url\":\"https:\\\/\\\/www.spkatarzyna.pl\\\/index.php\\\/2022\\\/12\\\/16\\\/podsumowanie-akcji-bozonarodzeniowej-dla-hospicjum-we-wroclawiu\\\/\",\"name\":\"Podsumowanie akcji dla Hospicjum - SP Katarzyna\",\"description\":\"Drodzy Uczniowie, Rodzice, Darczy\\u0144cy! W tym roku, w okresie przed\\u015bwi\\u0105tecznym, tradycj\\u0105 lat poprzednich Dyrekcja Szko\\u0142y, Rada Rodzic\\u00f3w, Szkolne Ko\\u0142o Wolontariatu przy wsp\\u00f3\\u0142pracy z Samorz\\u0105dem Uczniowskim zorganizowa\\u0142y akcj\\u0119 charytatywn\\u0105 na rzecz Hospicjum dla Dzieci Dolnego \\u015al\\u0105ska \\u201eFormu\\u0142a Dobra\\u201d. Akcja trwa\\u0142a od 17 listopada do 09 grudnia 2022 r. i nastawiona by\\u0142a na pomoc rzeczow\\u0105.\",\"inLanguage\":\"pl-PL\",\"isPartOf\":{\"@id\":\"https:\\\/\\\/www.spkatarzyna.pl\\\/#website\"},\"breadcrumb\":{\"@id\":\"https:\\\/\\\/www.spkatarzyna.pl\\\/index.php\\\/2022\\\/12\\\/16\\\/podsumowanie-akcji-bozonarodzeniowej-dla-hospicjum-we-wroclawiu\\\/#breadcrumblist\"},\"author\":{\"@id\":\"https:\\\/\\\/www.spkatarzyna.pl\\\/index.php\\\/author\\\/agatasafianspkatarzyna-pl\\\/#author\"},\"creator\":{\"@id\":\"https:\\\/\\\/www.spkatarzyna.pl\\\/index.php\\\/author\\\/agatasafianspkatarzyna-pl\\\/#author\"},\"image\":{\"@type\":\"ImageObject\",\"url\":\"https:\\\/\\\/www.spkatarzyna.pl\\\/wp-content\\\/uploads\\\/2022\\\/12\\\/certyfikat-dobra1.jpg\",\"@id\":\"https:\\\/\\\/www.spkatarzyna.pl\\\/index.php\\\/2022\\\/12\\\/16\\\/podsumowanie-akcji-bozonarodzeniowej-dla-hospicjum-we-wroclawiu\\\/#mainImage\",\"width\":360,\"height\":202},\"primaryImageOfPage\":{\"@id\":\"https:\\\/\\\/www.spkatarzyna.pl\\\/index.php\\\/2022\\\/12\\\/16\\\/podsumowanie-akcji-bozonarodzeniowej-dla-hospicjum-we-wroclawiu\\\/#mainImage\"},\"datePublished\":\"2022-12-16T10:58:28+01:00\",\"dateModified\":\"2022-12-16T12:57:26+01:00\"},{\"@type\":\"WebSite\",\"@id\":\"https:\\\/\\\/www.spkatarzyna.pl\\\/#website\",\"url\":\"https:\\\/\\\/www.spkatarzyna.pl\\\/\",\"name\":\"SP Katarzyna\",\"description\":\"Publiczna Szko\\u0142a Podstawowa w \\u015awi\\u0119tej Katarzynie\",\"inLanguage\":\"pl-PL\",\"publisher\":{\"@id\":\"https:\\\/\\\/www.spkatarzyna.pl\\\/#organization\"}}]}\n\t\t<\/script>\n\t\t<!-- All in One SEO -->\n\n","aioseo_head_json":{"title":"Podsumowanie akcji dla Hospicjum - SP Katarzyna","description":"Drodzy Uczniowie, Rodzice, Darczy\u0144cy! W tym roku, w okresie przed\u015bwi\u0105tecznym, tradycj\u0105 lat poprzednich Dyrekcja Szko\u0142y, Rada Rodzic\u00f3w, Szkolne Ko\u0142o Wolontariatu przy wsp\u00f3\u0142pracy z Samorz\u0105dem Uczniowskim zorganizowa\u0142y akcj\u0119 charytatywn\u0105 na rzecz Hospicjum dla Dzieci Dolnego \u015al\u0105ska \u201eFormu\u0142a Dobra\u201d. Akcja trwa\u0142a od 17 listopada do 09 grudnia 2022 r. i nastawiona by\u0142a na pomoc rzeczow\u0105.","canonical_url":"https:\/\/www.spkatarzyna.pl\/index.php\/2022\/12\/16\/podsumowanie-akcji-bozonarodzeniowej-dla-hospicjum-we-wroclawiu\/","robots":"max-image-preview:large","keywords":"","webmasterTools":{"miscellaneous":""},"schema":{"@context":"https:\/\/schema.org","@graph":[{"@type":"BlogPosting","@id":"https:\/\/www.spkatarzyna.pl\/index.php\/2022\/12\/16\/podsumowanie-akcji-bozonarodzeniowej-dla-hospicjum-we-wroclawiu\/#blogposting","name":"Podsumowanie akcji dla Hospicjum - SP Katarzyna","headline":"Podsumowanie akcji dla Hospicjum","author":{"@id":"https:\/\/www.spkatarzyna.pl\/index.php\/author\/agatasafianspkatarzyna-pl\/#author"},"publisher":{"@id":"https:\/\/www.spkatarzyna.pl\/#organization"},"image":{"@type":"ImageObject","url":"https:\/\/www.spkatarzyna.pl\/wp-content\/uploads\/2022\/12\/certyfikat-dobra1.jpg","width":360,"height":202},"datePublished":"2022-12-16T10:58:28+01:00","dateModified":"2022-12-16T12:57:26+01:00","inLanguage":"pl-PL","mainEntityOfPage":{"@id":"https:\/\/www.spkatarzyna.pl\/index.php\/2022\/12\/16\/podsumowanie-akcji-bozonarodzeniowej-dla-hospicjum-we-wroclawiu\/#webpage"},"isPartOf":{"@id":"https:\/\/www.spkatarzyna.pl\/index.php\/2022\/12\/16\/podsumowanie-akcji-bozonarodzeniowej-dla-hospicjum-we-wroclawiu\/#webpage"},"articleSection":"Uncategorized"},{"@type":"BreadcrumbList","@id":"https:\/\/www.spkatarzyna.pl\/index.php\/2022\/12\/16\/podsumowanie-akcji-bozonarodzeniowej-dla-hospicjum-we-wroclawiu\/#breadcrumblist","itemListElement":[{"@type":"ListItem","@id":"https:\/\/www.spkatarzyna.pl#listItem","position":1,"name":"Dom","item":"https:\/\/www.spkatarzyna.pl","nextItem":{"@type":"ListItem","@id":"https:\/\/www.spkatarzyna.pl\/index.php\/category\/uncategorized\/#listItem","name":"Uncategorized"}},{"@type":"ListItem","@id":"https:\/\/www.spkatarzyna.pl\/index.php\/category\/uncategorized\/#listItem","position":2,"name":"Uncategorized","item":"https:\/\/www.spkatarzyna.pl\/index.php\/category\/uncategorized\/","nextItem":{"@type":"ListItem","@id":"https:\/\/www.spkatarzyna.pl\/index.php\/2022\/12\/16\/podsumowanie-akcji-bozonarodzeniowej-dla-hospicjum-we-wroclawiu\/#listItem","name":"Podsumowanie akcji dla Hospicjum"},"previousItem":{"@type":"ListItem","@id":"https:\/\/www.spkatarzyna.pl#listItem","name":"Dom"}},{"@type":"ListItem","@id":"https:\/\/www.spkatarzyna.pl\/index.php\/2022\/12\/16\/podsumowanie-akcji-bozonarodzeniowej-dla-hospicjum-we-wroclawiu\/#listItem","position":3,"name":"Podsumowanie akcji dla Hospicjum","previousItem":{"@type":"ListItem","@id":"https:\/\/www.spkatarzyna.pl\/index.php\/category\/uncategorized\/#listItem","name":"Uncategorized"}}]},{"@type":"Organization","@id":"https:\/\/www.spkatarzyna.pl\/#organization","name":"SP Katarzyna","description":"Publiczna Szko\u0142a Podstawowa w \u015awi\u0119tej Katarzynie","url":"https:\/\/www.spkatarzyna.pl\/","telephone":"+48713116378","sameAs":["https:\/\/facebook.com\/","https:\/\/x.com\/","https:\/\/instagram.com\/","https:\/\/pinterest.com\/","https:\/\/youtube.com\/","https:\/\/linkedin.com\/in\/"]},{"@type":"Person","@id":"https:\/\/www.spkatarzyna.pl\/index.php\/author\/agatasafianspkatarzyna-pl\/#author","url":"https:\/\/www.spkatarzyna.pl\/index.php\/author\/agatasafianspkatarzyna-pl\/","name":"Redakcja","image":{"@type":"ImageObject","@id":"https:\/\/www.spkatarzyna.pl\/index.php\/2022\/12\/16\/podsumowanie-akcji-bozonarodzeniowej-dla-hospicjum-we-wroclawiu\/#authorImage","url":"https:\/\/secure.gravatar.com\/avatar\/765290513df94d442152250e92b42327?s=96&d=mm&r=g","width":96,"height":96,"caption":"Redakcja"}},{"@type":"WebPage","@id":"https:\/\/www.spkatarzyna.pl\/index.php\/2022\/12\/16\/podsumowanie-akcji-bozonarodzeniowej-dla-hospicjum-we-wroclawiu\/#webpage","url":"https:\/\/www.spkatarzyna.pl\/index.php\/2022\/12\/16\/podsumowanie-akcji-bozonarodzeniowej-dla-hospicjum-we-wroclawiu\/","name":"Podsumowanie akcji dla Hospicjum - SP Katarzyna","description":"Drodzy Uczniowie, Rodzice, Darczy\u0144cy! W tym roku, w okresie przed\u015bwi\u0105tecznym, tradycj\u0105 lat poprzednich Dyrekcja Szko\u0142y, Rada Rodzic\u00f3w, Szkolne Ko\u0142o Wolontariatu przy wsp\u00f3\u0142pracy z Samorz\u0105dem Uczniowskim zorganizowa\u0142y akcj\u0119 charytatywn\u0105 na rzecz Hospicjum dla Dzieci Dolnego \u015al\u0105ska \u201eFormu\u0142a Dobra\u201d. Akcja trwa\u0142a od 17 listopada do 09 grudnia 2022 r. i nastawiona by\u0142a na pomoc rzeczow\u0105.","inLanguage":"pl-PL","isPartOf":{"@id":"https:\/\/www.spkatarzyna.pl\/#website"},"breadcrumb":{"@id":"https:\/\/www.spkatarzyna.pl\/index.php\/2022\/12\/16\/podsumowanie-akcji-bozonarodzeniowej-dla-hospicjum-we-wroclawiu\/#breadcrumblist"},"author":{"@id":"https:\/\/www.spkatarzyna.pl\/index.php\/author\/agatasafianspkatarzyna-pl\/#author"},"creator":{"@id":"https:\/\/www.spkatarzyna.pl\/index.php\/author\/agatasafianspkatarzyna-pl\/#author"},"image":{"@type":"ImageObject","url":"https:\/\/www.spkatarzyna.pl\/wp-content\/uploads\/2022\/12\/certyfikat-dobra1.jpg","@id":"https:\/\/www.spkatarzyna.pl\/index.php\/2022\/12\/16\/podsumowanie-akcji-bozonarodzeniowej-dla-hospicjum-we-wroclawiu\/#mainImage","width":360,"height":202},"primaryImageOfPage":{"@id":"https:\/\/www.spkatarzyna.pl\/index.php\/2022\/12\/16\/podsumowanie-akcji-bozonarodzeniowej-dla-hospicjum-we-wroclawiu\/#mainImage"},"datePublished":"2022-12-16T10:58:28+01:00","dateModified":"2022-12-16T12:57:26+01:00"},{"@type":"WebSite","@id":"https:\/\/www.spkatarzyna.pl\/#website","url":"https:\/\/www.spkatarzyna.pl\/","name":"SP Katarzyna","description":"Publiczna Szko\u0142a Podstawowa w \u015awi\u0119tej Katarzynie","inLanguage":"pl-PL","publisher":{"@id":"https:\/\/www.spkatarzyna.pl\/#organization"}}]},"og:locale":"pl_PL","og:site_name":"SP Katarzyna - Publiczna Szko\u0142a Podstawowa w \u015awi\u0119tej Katarzynie","og:type":"article","og:title":"Podsumowanie akcji dla Hospicjum - SP Katarzyna","og:description":"Drodzy Uczniowie, Rodzice, Darczy\u0144cy! W tym roku, w okresie przed\u015bwi\u0105tecznym, tradycj\u0105 lat poprzednich Dyrekcja Szko\u0142y, Rada Rodzic\u00f3w, Szkolne Ko\u0142o Wolontariatu przy wsp\u00f3\u0142pracy z Samorz\u0105dem Uczniowskim zorganizowa\u0142y akcj\u0119 charytatywn\u0105 na rzecz Hospicjum dla Dzieci Dolnego \u015al\u0105ska \u201eFormu\u0142a Dobra\u201d. Akcja trwa\u0142a od 17 listopada do 09 grudnia 2022 r. i nastawiona by\u0142a na pomoc rzeczow\u0105.","og:url":"https:\/\/www.spkatarzyna.pl\/index.php\/2022\/12\/16\/podsumowanie-akcji-bozonarodzeniowej-dla-hospicjum-we-wroclawiu\/","article:published_time":"2022-12-16T10:58:28+00:00","article:modified_time":"2022-12-16T12:57:26+00:00","twitter:card":"summary_large_image","twitter:title":"Podsumowanie akcji dla Hospicjum - SP Katarzyna","twitter:description":"Drodzy Uczniowie, Rodzice, Darczy\u0144cy! W tym roku, w okresie przed\u015bwi\u0105tecznym, tradycj\u0105 lat poprzednich Dyrekcja Szko\u0142y, Rada Rodzic\u00f3w, Szkolne Ko\u0142o Wolontariatu przy wsp\u00f3\u0142pracy z Samorz\u0105dem Uczniowskim zorganizowa\u0142y akcj\u0119 charytatywn\u0105 na rzecz Hospicjum dla Dzieci Dolnego \u015al\u0105ska \u201eFormu\u0142a Dobra\u201d. Akcja trwa\u0142a od 17 listopada do 09 grudnia 2022 r. i nastawiona by\u0142a na pomoc rzeczow\u0105."},"aioseo_meta_data":{"post_id":"3602","title":null,"description":null,"keywords":null,"keyphrases":null,"primary_term":null,"canonical_url":null,"og_title":null,"og_description":null,"og_object_type":"default","og_image_type":"default","og_image_url":null,"og_image_width":null,"og_image_height":null,"og_image_custom_url":null,"og_image_custom_fields":null,"og_video":null,"og_custom_url":null,"og_article_section":null,"og_article_tags":null,"twitter_use_og":false,"twitter_card":"default","twitter_image_type":"default","twitter_image_url":null,"twitter_image_custom_url":null,"twitter_image_custom_fields":null,"twitter_title":null,"twitter_description":null,"schema":{"blockGraphs":[],"customGraphs":[],"default":{"data":{"Article":[],"Course":[],"Dataset":[],"FAQPage":[],"Movie":[],"Person":[],"Product":[],"ProductReview":[],"Car":[],"Recipe":[],"Service":[],"SoftwareApplication":[],"WebPage":[]},"graphName":"","isEnabled":true},"graphs":[]},"schema_type":"default","schema_type_options":null,"pillar_content":false,"robots_default":true,"robots_noindex":false,"robots_noarchive":false,"robots_nosnippet":false,"robots_nofollow":false,"robots_noimageindex":false,"robots_noodp":false,"robots_notranslate":false,"robots_max_snippet":null,"robots_max_videopreview":null,"robots_max_imagepreview":"large","priority":null,"frequency":null,"local_seo":null,"limit_modified_date":false,"created":"2024-04-03 07:24:51","updated":"2026-09-03 14:10:13","focus_keyword":null,"additional_keywords":null,"truseo_locale":null,"ai":null,"breadcrumb_settings":null,"seo_analyzer_scan_date":null},"aioseo_breadcrumb":"<div class=\"aioseo-breadcrumbs\"><span class=\"aioseo-breadcrumb\">\n\t\t\t<a href=\"https:\/\/www.spkatarzyna.pl\" title=\"Dom\">Dom<\/a>\n\t\t<\/span><span class=\"aioseo-breadcrumb-separator\">&raquo;<\/span><span class=\"aioseo-breadcrumb\">\n\t\t\t<a href=\"https:\/\/www.spkatarzyna.pl\/index.php\/category\/uncategorized\/\" title=\"Uncategorized\">Uncategorized<\/a>\n\t\t<\/span><span class=\"aioseo-breadcrumb-separator\">&raquo;<\/span><span class=\"aioseo-breadcrumb\">\n\t\t\tPodsumowanie akcji dla Hospicjum\n\t\t<\/span><\/div>","aioseo_breadcrumb_json":[{"label":"Dom","link":"https:\/\/www.spkatarzyna.pl"},{"label":"Uncategorized","link":"https:\/\/www.spkatarzyna.pl\/index.php\/category\/uncategorized\/"},{"label":"Podsumowanie akcji dla Hospicjum","link":"https:\/\/www.spkatarzyna.pl\/index.php\/2022\/12\/16\/podsumowanie-akcji-bozonarodzeniowej-dla-hospicjum-we-wroclawiu\/"}],"_links":{"self":[{"href":"https:\/\/www.spkatarzyna.pl\/index.php\/wp-json\/wp\/v2\/posts\/3602","targetHints":{"allow":["GET"]}}],"collection":[{"href":"https:\/\/www.spkatarzyna.pl\/index.php\/wp-json\/wp\/v2\/posts"}],"about":[{"href":"https:\/\/www.spkatarzyna.pl\/index.php\/wp-json\/wp\/v2\/types\/post"}],"author":[{"embeddable":true,"href":"https:\/\/www.spkatarzyna.pl\/index.php\/wp-json\/wp\/v2\/users\/6"}],"replies":[{"embeddable":true,"href":"https:\/\/www.spkatarzyna.pl\/index.php\/wp-json\/wp\/v2\/comments?post=3602"}],"version-history":[{"count":16,"href":"https:\/\/www.spkatarzyna.pl\/index.php\/wp-json\/wp\/v2\/posts\/3602\/revisions"}],"predecessor-version":[{"id":3626,"href":"https:\/\/www.spkatarzyna.pl\/index.php\/wp-json\/wp\/v2\/posts\/3602\/revisions\/3626"}],"wp:featuredmedia":[{"embeddable":true,"href":"https:\/\/www.spkatarzyna.pl\/index.php\/wp-json\/wp\/v2\/media\/3625"}],"wp:attachment":[{"href":"https:\/\/www.spkatarzyna.pl\/index.php\/wp-json\/wp\/v2\/media?parent=3602"}],"wp:term":[{"taxonomy":"category","embeddable":true,"href":"https:\/\/www.spkatarzyna.pl\/index.php\/wp-json\/wp\/v2\/categories?post=3602"},{"taxonomy":"post_tag","embeddable":true,"href":"https:\/\/www.spkatarzyna.pl\/index.php\/wp-json\/wp\/v2\/tags?post=3602"}],"curies":[{"name":"wp","href":"https:\/\/api.w.org\/{rel}","templated":true}]}}