{"id":3627,"date":"2022-12-16T12:06:20","date_gmt":"2022-12-16T12:06:20","guid":{"rendered":"http:\/\/www.spkatarzyna.pl\/?p=3627"},"modified":"2022-12-16T12:35:05","modified_gmt":"2022-12-16T12:35:05","slug":"konkurs-zyj-w-zgodzie-z-przyroda","status":"publish","type":"post","link":"https:\/\/www.spkatarzyna.pl\/index.php\/2022\/12\/16\/konkurs-zyj-w-zgodzie-z-przyroda\/","title":{"rendered":"konkurs \u201e\u017byj w zgodzie z przyrod\u0105&#8221;"},"content":{"rendered":"\t\t<div data-elementor-type=\"wp-post\" data-elementor-id=\"3627\" class=\"elementor elementor-3627\">\n\t\t\t\t\t\t<section class=\"elementor-section elementor-top-section elementor-element elementor-element-60224c8b elementor-section-boxed elementor-section-height-default elementor-section-height-default\" data-id=\"60224c8b\" data-element_type=\"section\">\n\t\t\t\t\t\t<div class=\"elementor-container elementor-column-gap-default\">\n\t\t\t\t\t<div class=\"elementor-column elementor-col-100 elementor-top-column elementor-element elementor-element-2a05ac91\" data-id=\"2a05ac91\" data-element_type=\"column\">\n\t\t\t<div class=\"elementor-widget-wrap elementor-element-populated\">\n\t\t\t\t\t\t<div class=\"elementor-element elementor-element-7d7844a7 elementor-widget elementor-widget-text-editor\" data-id=\"7d7844a7\" data-element_type=\"widget\" data-widget_type=\"text-editor.default\">\n\t\t\t\t\t\t\t\t\t<p style=\"text-align: justify;\"><span style=\"font-size: 14pt;\">Na prze\u0142omie listopada oraz grudnia zosta\u0142 przeprowadzony konkurs \u201e\u017byj w zgodzie z przyrod\u0105\u201d. Tematyka nawi\u0105zywa\u0142a do ekologii i tego jak j\u0105 postrzegaj\u0105 dzieci. Konkurs skierowany by\u0142 dla uczni\u00f3w klas I-III. Na konkurs wp\u0142yn\u0119\u0142o wiele prac, kt\u00f3re zosta\u0142y wykonane z du\u017c\u0105 pomys\u0142owo\u015bci\u0105 oraz ciekawym sposobem wykonania. Wszystkie prace mo\u017cna obejrze\u0107 do 22.12.2022 r. (czwartek) na korytarzu szkolnym, na parterze, w nowej cz\u0119\u015bci szko\u0142y.<\/span><\/p><p style=\"text-align: justify;\"><span style=\"font-size: 14pt;\">Organizatorzy wy\u0142onili nast\u0119puj\u0105cych zwyci\u0119zc\u00f3w:<\/span><\/p><p style=\"text-align: justify;\"><span style=\"font-size: 14pt;\"><b>Kategoria I (klasy pierwsze):<\/b><\/span><\/p><p style=\"text-align: justify;\"><span style=\"font-size: 14pt;\">I miejsce \u2013 Hania Szyd\u0142owska, klasa 1 b<\/span><\/p><p style=\"text-align: justify;\"><span style=\"font-size: 14pt;\">I miejsce \u2013 Amelia Borycka, klasa 1c<\/span><\/p><p style=\"text-align: justify;\"><span style=\"font-size: 14pt;\">II miejsce \u2013 Martyna Bogda\u0142, klasa 1b<\/span><\/p><p style=\"text-align: justify;\"><span style=\"font-size: 14pt;\">III miejsce \u2013 Tymon Janiaczak, klasa 1b<\/span><\/p><p style=\"text-align: justify;\"><span style=\"font-size: 14pt;\"><b>Wyr\u00f3\u017cnienia:<\/b><\/span><\/p><p style=\"text-align: justify;\"><span style=\"font-size: 14pt;\">Rebeka Weso\u0142owska, klasa 1b<\/span><\/p><p style=\"text-align: justify;\"><span style=\"font-size: 14pt;\">Lena Domaga\u0142a, klasa 1c<\/span><\/p><p style=\"text-align: justify;\"><span style=\"font-size: 14pt;\">Piotr O\u017c\u00f3g, klasa 1c<\/span><\/p><p style=\"text-align: justify;\"><span style=\"font-size: 14pt;\"><b>Kategoria II (klsasy drugie i trzecie):<\/b><\/span><\/p><p style=\"text-align: justify;\"><span style=\"font-size: 14pt;\">I miejsce \u2013 Zofia Barabasz, klasa 2a<\/span><\/p><p style=\"text-align: justify;\"><span style=\"font-size: 14pt;\">II miejsce \u2013 Lena Maliczkiewicz, klasa 3a<\/span><\/p><p style=\"text-align: justify;\"><span style=\"font-size: 14pt;\">III miejsce \u2013 Wiktoria Jancyk, klasa 2b<\/span><\/p><p style=\"text-align: justify;\"><span style=\"font-size: 14pt;\"><b>Wyr\u00f3\u017cnienia:<\/b><\/span><\/p><p style=\"text-align: justify;\"><span style=\"font-size: 14pt;\">Wiktoria Alfawicka, kl. 2b<\/span><\/p><p style=\"text-align: justify;\"><span style=\"font-size: 14pt;\">Alicja Organa, kl. 2c<\/span><\/p>\t\t\t\t\t\t\t\t<\/div>\n\t\t\t\t<div class=\"elementor-element elementor-element-689bc55 elementor-widget elementor-widget-gallery\" data-id=\"689bc55\" data-element_type=\"widget\" data-settings=\"{&quot;lazyload&quot;:&quot;yes&quot;,&quot;gallery_layout&quot;:&quot;grid&quot;,&quot;columns&quot;:4,&quot;columns_tablet&quot;:2,&quot;columns_mobile&quot;:1,&quot;gap&quot;:{&quot;unit&quot;:&quot;px&quot;,&quot;size&quot;:10,&quot;sizes&quot;:[]},&quot;gap_tablet&quot;:{&quot;unit&quot;:&quot;px&quot;,&quot;size&quot;:10,&quot;sizes&quot;:[]},&quot;gap_mobile&quot;:{&quot;unit&quot;:&quot;px&quot;,&quot;size&quot;:10,&quot;sizes&quot;:[]},&quot;link_to&quot;:&quot;file&quot;,&quot;aspect_ratio&quot;:&quot;3:2&quot;,&quot;overlay_background&quot;:&quot;yes&quot;,&quot;content_hover_animation&quot;:&quot;fade-in&quot;}\" data-widget_type=\"gallery.default\">\n\t\t\t\t<div class=\"elementor-widget-container\">\n\t\t\t\t\t\t\t<div class=\"elementor-gallery__container\">\n\t\t\t\t\t\t\t<a class=\"e-gallery-item elementor-gallery-item elementor-animated-content\" href=\"https:\/\/www.spkatarzyna.pl\/wp-content\/uploads\/2022\/12\/IMG_20221215_160133-scaled-e1671192457684.jpg\" data-elementor-open-lightbox=\"yes\" data-elementor-lightbox-slideshow=\"all-689bc55\" data-elementor-lightbox-title=\"IMG_20221215_160133\" data-e-action-hash=\"#elementor-action%3Aaction%3Dlightbox%26settings%3DeyJpZCI6MzYzMCwidXJsIjoiaHR0cHM6XC9cL3d3dy5zcGthdGFyenluYS5wbFwvd3AtY29udGVudFwvdXBsb2Fkc1wvMjAyMlwvMTJcL0lNR18yMDIyMTIxNV8xNjAxMzMtc2NhbGVkLWUxNjcxMTkyNDU3Njg0LmpwZyIsInNsaWRlc2hvdyI6ImFsbC02ODliYzU1In0%3D\" rel=\"lightbox[3627]\">\n\t\t\t\t\t<div class=\"e-gallery-image elementor-gallery-item__image\" data-thumbnail=\"https:\/\/www.spkatarzyna.pl\/wp-content\/uploads\/2022\/12\/IMG_20221215_160133-scaled-e1671192457684-239x300.jpg\" data-width=\"239\" data-height=\"300\" alt=\"\" ><\/div>\n\t\t\t\t\t\t\t\t\t\t<div class=\"elementor-gallery-item__overlay\"><\/div>\n\t\t\t\t\t\t\t\t\t\t\t\t\t\t<\/a>\n\t\t\t\t\t\t\t<a class=\"e-gallery-item elementor-gallery-item elementor-animated-content\" href=\"https:\/\/www.spkatarzyna.pl\/wp-content\/uploads\/2022\/12\/IMG_20221214_165530-scaled-e1671193521937.jpg\" data-elementor-open-lightbox=\"yes\" data-elementor-lightbox-slideshow=\"all-689bc55\" data-elementor-lightbox-title=\"IMG_20221214_165530\" data-e-action-hash=\"#elementor-action%3Aaction%3Dlightbox%26settings%3DeyJpZCI6MzYzMiwidXJsIjoiaHR0cHM6XC9cL3d3dy5zcGthdGFyenluYS5wbFwvd3AtY29udGVudFwvdXBsb2Fkc1wvMjAyMlwvMTJcL0lNR18yMDIyMTIxNF8xNjU1MzAtc2NhbGVkLWUxNjcxMTkzNTIxOTM3LmpwZyIsInNsaWRlc2hvdyI6ImFsbC02ODliYzU1In0%3D\" rel=\"lightbox[3627]\">\n\t\t\t\t\t<div class=\"e-gallery-image elementor-gallery-item__image\" data-thumbnail=\"https:\/\/www.spkatarzyna.pl\/wp-content\/uploads\/2022\/12\/IMG_20221214_165530-scaled-e1671193521937-300x211.jpg\" data-width=\"300\" data-height=\"211\" alt=\"\" ><\/div>\n\t\t\t\t\t\t\t\t\t\t<div class=\"elementor-gallery-item__overlay\"><\/div>\n\t\t\t\t\t\t\t\t\t\t\t\t\t\t<\/a>\n\t\t\t\t\t\t\t<a class=\"e-gallery-item elementor-gallery-item elementor-animated-content\" href=\"https:\/\/www.spkatarzyna.pl\/wp-content\/uploads\/2022\/12\/IMG_20221214_165036-scaled-e1671192517852.jpg\" data-elementor-open-lightbox=\"yes\" data-elementor-lightbox-slideshow=\"all-689bc55\" data-elementor-lightbox-title=\"IMG_20221214_165036\" data-e-action-hash=\"#elementor-action%3Aaction%3Dlightbox%26settings%3DeyJpZCI6MzYzMywidXJsIjoiaHR0cHM6XC9cL3d3dy5zcGthdGFyenluYS5wbFwvd3AtY29udGVudFwvdXBsb2Fkc1wvMjAyMlwvMTJcL0lNR18yMDIyMTIxNF8xNjUwMzYtc2NhbGVkLWUxNjcxMTkyNTE3ODUyLmpwZyIsInNsaWRlc2hvdyI6ImFsbC02ODliYzU1In0%3D\" rel=\"lightbox[3627]\">\n\t\t\t\t\t<div class=\"e-gallery-image elementor-gallery-item__image\" data-thumbnail=\"https:\/\/www.spkatarzyna.pl\/wp-content\/uploads\/2022\/12\/IMG_20221214_165036-scaled-e1671192517852-300x206.jpg\" data-width=\"300\" data-height=\"206\" alt=\"\" ><\/div>\n\t\t\t\t\t\t\t\t\t\t<div class=\"elementor-gallery-item__overlay\"><\/div>\n\t\t\t\t\t\t\t\t\t\t\t\t\t\t<\/a>\n\t\t\t\t\t\t\t<a class=\"e-gallery-item elementor-gallery-item elementor-animated-content\" href=\"https:\/\/www.spkatarzyna.pl\/wp-content\/uploads\/2022\/12\/IMG_20221214_165021-scaled-e1671192536630.jpg\" data-elementor-open-lightbox=\"yes\" data-elementor-lightbox-slideshow=\"all-689bc55\" data-elementor-lightbox-title=\"IMG_20221214_165021\" data-e-action-hash=\"#elementor-action%3Aaction%3Dlightbox%26settings%3DeyJpZCI6MzYzNCwidXJsIjoiaHR0cHM6XC9cL3d3dy5zcGthdGFyenluYS5wbFwvd3AtY29udGVudFwvdXBsb2Fkc1wvMjAyMlwvMTJcL0lNR18yMDIyMTIxNF8xNjUwMjEtc2NhbGVkLWUxNjcxMTkyNTM2NjMwLmpwZyIsInNsaWRlc2hvdyI6ImFsbC02ODliYzU1In0%3D\" rel=\"lightbox[3627]\">\n\t\t\t\t\t<div class=\"e-gallery-image elementor-gallery-item__image\" data-thumbnail=\"https:\/\/www.spkatarzyna.pl\/wp-content\/uploads\/2022\/12\/IMG_20221214_165021-scaled-e1671192536630-300x109.jpg\" data-width=\"300\" data-height=\"109\" alt=\"\" ><\/div>\n\t\t\t\t\t\t\t\t\t\t<div class=\"elementor-gallery-item__overlay\"><\/div>\n\t\t\t\t\t\t\t\t\t\t\t\t\t\t<\/a>\n\t\t\t\t\t\t\t<a class=\"e-gallery-item elementor-gallery-item elementor-animated-content\" href=\"https:\/\/www.spkatarzyna.pl\/wp-content\/uploads\/2022\/12\/IMG_20221214_165125-scaled-e1671192558485.jpg\" data-elementor-open-lightbox=\"yes\" data-elementor-lightbox-slideshow=\"all-689bc55\" data-elementor-lightbox-title=\"IMG_20221214_165125\" data-e-action-hash=\"#elementor-action%3Aaction%3Dlightbox%26settings%3DeyJpZCI6MzYzNSwidXJsIjoiaHR0cHM6XC9cL3d3dy5zcGthdGFyenluYS5wbFwvd3AtY29udGVudFwvdXBsb2Fkc1wvMjAyMlwvMTJcL0lNR18yMDIyMTIxNF8xNjUxMjUtc2NhbGVkLWUxNjcxMTkyNTU4NDg1LmpwZyIsInNsaWRlc2hvdyI6ImFsbC02ODliYzU1In0%3D\" rel=\"lightbox[3627]\">\n\t\t\t\t\t<div class=\"e-gallery-image elementor-gallery-item__image\" data-thumbnail=\"https:\/\/www.spkatarzyna.pl\/wp-content\/uploads\/2022\/12\/IMG_20221214_165125-scaled-e1671192558485-300x213.jpg\" data-width=\"300\" data-height=\"213\" alt=\"\" ><\/div>\n\t\t\t\t\t\t\t\t\t\t<div class=\"elementor-gallery-item__overlay\"><\/div>\n\t\t\t\t\t\t\t\t\t\t\t\t\t\t<\/a>\n\t\t\t\t\t<\/div>\n\t\t\t\t\t<\/div>\n\t\t\t\t<\/div>\n\t\t\t\t\t<\/div>\n\t\t<\/div>\n\t\t\t\t\t<\/div>\n\t\t<\/section>\n\t\t\t\t<\/div>\n\t\t","protected":false},"excerpt":{"rendered":"<p>Na prze\u0142omie listopada oraz grudnia zosta\u0142 przeprowadzony konkurs \u201e\u017byj w zgodzie z przyrod\u0105\u201d. Tematyka nawi\u0105zywa\u0142a do ekologii i tego jak j\u0105 postrzegaj\u0105 dzieci. Konkurs skierowany by\u0142 dla uczni\u00f3w klas I-III. Na konkurs wp\u0142yn\u0119\u0142o wiele prac, kt\u00f3re zosta\u0142y wykonane z du\u017c\u0105 pomys\u0142owo\u015bci\u0105 oraz ciekawym sposobem wykonania. Wszystkie prace mo\u017cna obejrze\u0107 do [&hellip;]<\/p>\n","protected":false},"author":6,"featured_media":0,"comment_status":"open","ping_status":"open","sticky":false,"template":"","format":"standard","meta":{"om_disable_all_campaigns":false,"_monsterinsights_skip_tracking":false,"ngg_post_thumbnail":0,"footnotes":""},"categories":[1],"tags":[],"class_list":["post-3627","post","type-post","status-publish","format-standard","hentry","category-uncategorized"],"aioseo_notices":[],"aioseo_head":"\n\t\t<!-- All in One SEO 5.0.1.1 - aioseo.com -->\n\t<meta name=\"description\" content=\"Na prze\u0142omie listopada oraz grudnia zosta\u0142 przeprowadzony konkurs \u201e\u017byj w zgodzie z przyrod\u0105\u201d. Tematyka nawi\u0105zywa\u0142a do ekologii i tego jak j\u0105 postrzegaj\u0105 dzieci. Konkurs skierowany by\u0142 dla uczni\u00f3w klas I-III. Na konkurs wp\u0142yn\u0119\u0142o wiele prac, kt\u00f3re zosta\u0142y wykonane z du\u017c\u0105 pomys\u0142owo\u015bci\u0105 oraz ciekawym sposobem wykonania. Wszystkie prace mo\u017cna obejrze\u0107 do 22.12.2022 r. (czwartek) na korytarzu\" \/>\n\t<meta name=\"robots\" content=\"max-image-preview:large\" \/>\n\t<meta name=\"author\" content=\"Redakcja\"\/>\n\t<link rel=\"canonical\" href=\"https:\/\/www.spkatarzyna.pl\/index.php\/2022\/12\/16\/konkurs-zyj-w-zgodzie-z-przyroda\/\" \/>\n\t<meta name=\"generator\" content=\"All in One SEO (AIOSEO) 5.0.1.1\" \/>\n\t\t<meta property=\"og:locale\" content=\"pl_PL\" \/>\n\t\t<meta property=\"og:site_name\" content=\"SP Katarzyna - Publiczna Szko\u0142a Podstawowa w \u015awi\u0119tej Katarzynie\" \/>\n\t\t<meta property=\"og:type\" content=\"article\" \/>\n\t\t<meta property=\"og:title\" content=\"konkurs \u201e\u017byj w zgodzie z przyrod\u0105\u201d - SP Katarzyna\" \/>\n\t\t<meta property=\"og:description\" content=\"Na prze\u0142omie listopada oraz grudnia zosta\u0142 przeprowadzony konkurs \u201e\u017byj w zgodzie z przyrod\u0105\u201d. Tematyka nawi\u0105zywa\u0142a do ekologii i tego jak j\u0105 postrzegaj\u0105 dzieci. Konkurs skierowany by\u0142 dla uczni\u00f3w klas I-III. Na konkurs wp\u0142yn\u0119\u0142o wiele prac, kt\u00f3re zosta\u0142y wykonane z du\u017c\u0105 pomys\u0142owo\u015bci\u0105 oraz ciekawym sposobem wykonania. Wszystkie prace mo\u017cna obejrze\u0107 do 22.12.2022 r. (czwartek) na korytarzu\" \/>\n\t\t<meta property=\"og:url\" content=\"https:\/\/www.spkatarzyna.pl\/index.php\/2022\/12\/16\/konkurs-zyj-w-zgodzie-z-przyroda\/\" \/>\n\t\t<meta property=\"article:published_time\" content=\"2022-12-16T12:06:20+00:00\" \/>\n\t\t<meta property=\"article:modified_time\" content=\"2022-12-16T12:35:05+00:00\" \/>\n\t\t<meta name=\"twitter:card\" content=\"summary_large_image\" \/>\n\t\t<meta name=\"twitter:title\" content=\"konkurs \u201e\u017byj w zgodzie z przyrod\u0105\u201d - SP Katarzyna\" \/>\n\t\t<meta name=\"twitter:description\" content=\"Na prze\u0142omie listopada oraz grudnia zosta\u0142 przeprowadzony konkurs \u201e\u017byj w zgodzie z przyrod\u0105\u201d. Tematyka nawi\u0105zywa\u0142a do ekologii i tego jak j\u0105 postrzegaj\u0105 dzieci. Konkurs skierowany by\u0142 dla uczni\u00f3w klas I-III. Na konkurs wp\u0142yn\u0119\u0142o wiele prac, kt\u00f3re zosta\u0142y wykonane z du\u017c\u0105 pomys\u0142owo\u015bci\u0105 oraz ciekawym sposobem wykonania. Wszystkie prace mo\u017cna obejrze\u0107 do 22.12.2022 r. (czwartek) na korytarzu\" \/>\n\t\t<script type=\"application\/ld+json\" class=\"aioseo-schema\">\n\t\t\t{\"@context\":\"https:\\\/\\\/schema.org\",\"@graph\":[{\"@type\":\"BlogPosting\",\"@id\":\"https:\\\/\\\/www.spkatarzyna.pl\\\/index.php\\\/2022\\\/12\\\/16\\\/konkurs-zyj-w-zgodzie-z-przyroda\\\/#blogposting\",\"name\":\"konkurs \\u201e\\u017byj w zgodzie z przyrod\\u0105\\u201d - SP Katarzyna\",\"headline\":\"konkurs \\u201e\\u017byj w zgodzie z przyrod\\u0105&#8221;\",\"author\":{\"@id\":\"https:\\\/\\\/www.spkatarzyna.pl\\\/index.php\\\/author\\\/agatasafianspkatarzyna-pl\\\/#author\"},\"publisher\":{\"@id\":\"https:\\\/\\\/www.spkatarzyna.pl\\\/#organization\"},\"datePublished\":\"2022-12-16T12:06:20+01:00\",\"dateModified\":\"2022-12-16T12:35:05+01:00\",\"inLanguage\":\"pl-PL\",\"mainEntityOfPage\":{\"@id\":\"https:\\\/\\\/www.spkatarzyna.pl\\\/index.php\\\/2022\\\/12\\\/16\\\/konkurs-zyj-w-zgodzie-z-przyroda\\\/#webpage\"},\"isPartOf\":{\"@id\":\"https:\\\/\\\/www.spkatarzyna.pl\\\/index.php\\\/2022\\\/12\\\/16\\\/konkurs-zyj-w-zgodzie-z-przyroda\\\/#webpage\"},\"articleSection\":\"Uncategorized\"},{\"@type\":\"BreadcrumbList\",\"@id\":\"https:\\\/\\\/www.spkatarzyna.pl\\\/index.php\\\/2022\\\/12\\\/16\\\/konkurs-zyj-w-zgodzie-z-przyroda\\\/#breadcrumblist\",\"itemListElement\":[{\"@type\":\"ListItem\",\"@id\":\"https:\\\/\\\/www.spkatarzyna.pl#listItem\",\"position\":1,\"name\":\"Dom\",\"item\":\"https:\\\/\\\/www.spkatarzyna.pl\",\"nextItem\":{\"@type\":\"ListItem\",\"@id\":\"https:\\\/\\\/www.spkatarzyna.pl\\\/index.php\\\/category\\\/uncategorized\\\/#listItem\",\"name\":\"Uncategorized\"}},{\"@type\":\"ListItem\",\"@id\":\"https:\\\/\\\/www.spkatarzyna.pl\\\/index.php\\\/category\\\/uncategorized\\\/#listItem\",\"position\":2,\"name\":\"Uncategorized\",\"item\":\"https:\\\/\\\/www.spkatarzyna.pl\\\/index.php\\\/category\\\/uncategorized\\\/\",\"nextItem\":{\"@type\":\"ListItem\",\"@id\":\"https:\\\/\\\/www.spkatarzyna.pl\\\/index.php\\\/2022\\\/12\\\/16\\\/konkurs-zyj-w-zgodzie-z-przyroda\\\/#listItem\",\"name\":\"konkurs \\u201e\\u017byj w zgodzie z przyrod\\u0105&#8221;\"},\"previousItem\":{\"@type\":\"ListItem\",\"@id\":\"https:\\\/\\\/www.spkatarzyna.pl#listItem\",\"name\":\"Dom\"}},{\"@type\":\"ListItem\",\"@id\":\"https:\\\/\\\/www.spkatarzyna.pl\\\/index.php\\\/2022\\\/12\\\/16\\\/konkurs-zyj-w-zgodzie-z-przyroda\\\/#listItem\",\"position\":3,\"name\":\"konkurs \\u201e\\u017byj w zgodzie z przyrod\\u0105&#8221;\",\"previousItem\":{\"@type\":\"ListItem\",\"@id\":\"https:\\\/\\\/www.spkatarzyna.pl\\\/index.php\\\/category\\\/uncategorized\\\/#listItem\",\"name\":\"Uncategorized\"}}]},{\"@type\":\"Organization\",\"@id\":\"https:\\\/\\\/www.spkatarzyna.pl\\\/#organization\",\"name\":\"SP Katarzyna\",\"description\":\"Publiczna Szko\\u0142a Podstawowa w \\u015awi\\u0119tej Katarzynie\",\"url\":\"https:\\\/\\\/www.spkatarzyna.pl\\\/\",\"telephone\":\"+48713116378\",\"sameAs\":[\"https:\\\/\\\/facebook.com\\\/\",\"https:\\\/\\\/x.com\\\/\",\"https:\\\/\\\/instagram.com\\\/\",\"https:\\\/\\\/pinterest.com\\\/\",\"https:\\\/\\\/youtube.com\\\/\",\"https:\\\/\\\/linkedin.com\\\/in\\\/\"]},{\"@type\":\"Person\",\"@id\":\"https:\\\/\\\/www.spkatarzyna.pl\\\/index.php\\\/author\\\/agatasafianspkatarzyna-pl\\\/#author\",\"url\":\"https:\\\/\\\/www.spkatarzyna.pl\\\/index.php\\\/author\\\/agatasafianspkatarzyna-pl\\\/\",\"name\":\"Redakcja\",\"image\":{\"@type\":\"ImageObject\",\"@id\":\"https:\\\/\\\/www.spkatarzyna.pl\\\/index.php\\\/2022\\\/12\\\/16\\\/konkurs-zyj-w-zgodzie-z-przyroda\\\/#authorImage\",\"url\":\"https:\\\/\\\/secure.gravatar.com\\\/avatar\\\/765290513df94d442152250e92b42327?s=96&d=mm&r=g\",\"width\":96,\"height\":96,\"caption\":\"Redakcja\"}},{\"@type\":\"WebPage\",\"@id\":\"https:\\\/\\\/www.spkatarzyna.pl\\\/index.php\\\/2022\\\/12\\\/16\\\/konkurs-zyj-w-zgodzie-z-przyroda\\\/#webpage\",\"url\":\"https:\\\/\\\/www.spkatarzyna.pl\\\/index.php\\\/2022\\\/12\\\/16\\\/konkurs-zyj-w-zgodzie-z-przyroda\\\/\",\"name\":\"konkurs \\u201e\\u017byj w zgodzie z przyrod\\u0105\\u201d - SP Katarzyna\",\"description\":\"Na prze\\u0142omie listopada oraz grudnia zosta\\u0142 przeprowadzony konkurs \\u201e\\u017byj w zgodzie z przyrod\\u0105\\u201d. Tematyka nawi\\u0105zywa\\u0142a do ekologii i tego jak j\\u0105 postrzegaj\\u0105 dzieci. Konkurs skierowany by\\u0142 dla uczni\\u00f3w klas I-III. Na konkurs wp\\u0142yn\\u0119\\u0142o wiele prac, kt\\u00f3re zosta\\u0142y wykonane z du\\u017c\\u0105 pomys\\u0142owo\\u015bci\\u0105 oraz ciekawym sposobem wykonania. Wszystkie prace mo\\u017cna obejrze\\u0107 do 22.12.2022 r. (czwartek) na korytarzu\",\"inLanguage\":\"pl-PL\",\"isPartOf\":{\"@id\":\"https:\\\/\\\/www.spkatarzyna.pl\\\/#website\"},\"breadcrumb\":{\"@id\":\"https:\\\/\\\/www.spkatarzyna.pl\\\/index.php\\\/2022\\\/12\\\/16\\\/konkurs-zyj-w-zgodzie-z-przyroda\\\/#breadcrumblist\"},\"author\":{\"@id\":\"https:\\\/\\\/www.spkatarzyna.pl\\\/index.php\\\/author\\\/agatasafianspkatarzyna-pl\\\/#author\"},\"creator\":{\"@id\":\"https:\\\/\\\/www.spkatarzyna.pl\\\/index.php\\\/author\\\/agatasafianspkatarzyna-pl\\\/#author\"},\"datePublished\":\"2022-12-16T12:06:20+01:00\",\"dateModified\":\"2022-12-16T12:35:05+01:00\"},{\"@type\":\"WebSite\",\"@id\":\"https:\\\/\\\/www.spkatarzyna.pl\\\/#website\",\"url\":\"https:\\\/\\\/www.spkatarzyna.pl\\\/\",\"name\":\"SP Katarzyna\",\"description\":\"Publiczna Szko\\u0142a Podstawowa w \\u015awi\\u0119tej Katarzynie\",\"inLanguage\":\"pl-PL\",\"publisher\":{\"@id\":\"https:\\\/\\\/www.spkatarzyna.pl\\\/#organization\"}}]}\n\t\t<\/script>\n\t\t<!-- All in One SEO -->\n\n","aioseo_head_json":{"title":"konkurs \u201e\u017byj w zgodzie z przyrod\u0105\u201d - SP Katarzyna","description":"Na prze\u0142omie listopada oraz grudnia zosta\u0142 przeprowadzony konkurs \u201e\u017byj w zgodzie z przyrod\u0105\u201d. Tematyka nawi\u0105zywa\u0142a do ekologii i tego jak j\u0105 postrzegaj\u0105 dzieci. Konkurs skierowany by\u0142 dla uczni\u00f3w klas I-III. Na konkurs wp\u0142yn\u0119\u0142o wiele prac, kt\u00f3re zosta\u0142y wykonane z du\u017c\u0105 pomys\u0142owo\u015bci\u0105 oraz ciekawym sposobem wykonania. Wszystkie prace mo\u017cna obejrze\u0107 do 22.12.2022 r. (czwartek) na korytarzu","canonical_url":"https:\/\/www.spkatarzyna.pl\/index.php\/2022\/12\/16\/konkurs-zyj-w-zgodzie-z-przyroda\/","robots":"max-image-preview:large","keywords":"","webmasterTools":{"miscellaneous":""},"schema":{"@context":"https:\/\/schema.org","@graph":[{"@type":"BlogPosting","@id":"https:\/\/www.spkatarzyna.pl\/index.php\/2022\/12\/16\/konkurs-zyj-w-zgodzie-z-przyroda\/#blogposting","name":"konkurs \u201e\u017byj w zgodzie z przyrod\u0105\u201d - SP Katarzyna","headline":"konkurs \u201e\u017byj w zgodzie z przyrod\u0105&#8221;","author":{"@id":"https:\/\/www.spkatarzyna.pl\/index.php\/author\/agatasafianspkatarzyna-pl\/#author"},"publisher":{"@id":"https:\/\/www.spkatarzyna.pl\/#organization"},"datePublished":"2022-12-16T12:06:20+01:00","dateModified":"2022-12-16T12:35:05+01:00","inLanguage":"pl-PL","mainEntityOfPage":{"@id":"https:\/\/www.spkatarzyna.pl\/index.php\/2022\/12\/16\/konkurs-zyj-w-zgodzie-z-przyroda\/#webpage"},"isPartOf":{"@id":"https:\/\/www.spkatarzyna.pl\/index.php\/2022\/12\/16\/konkurs-zyj-w-zgodzie-z-przyroda\/#webpage"},"articleSection":"Uncategorized"},{"@type":"BreadcrumbList","@id":"https:\/\/www.spkatarzyna.pl\/index.php\/2022\/12\/16\/konkurs-zyj-w-zgodzie-z-przyroda\/#breadcrumblist","itemListElement":[{"@type":"ListItem","@id":"https:\/\/www.spkatarzyna.pl#listItem","position":1,"name":"Dom","item":"https:\/\/www.spkatarzyna.pl","nextItem":{"@type":"ListItem","@id":"https:\/\/www.spkatarzyna.pl\/index.php\/category\/uncategorized\/#listItem","name":"Uncategorized"}},{"@type":"ListItem","@id":"https:\/\/www.spkatarzyna.pl\/index.php\/category\/uncategorized\/#listItem","position":2,"name":"Uncategorized","item":"https:\/\/www.spkatarzyna.pl\/index.php\/category\/uncategorized\/","nextItem":{"@type":"ListItem","@id":"https:\/\/www.spkatarzyna.pl\/index.php\/2022\/12\/16\/konkurs-zyj-w-zgodzie-z-przyroda\/#listItem","name":"konkurs \u201e\u017byj w zgodzie z przyrod\u0105&#8221;"},"previousItem":{"@type":"ListItem","@id":"https:\/\/www.spkatarzyna.pl#listItem","name":"Dom"}},{"@type":"ListItem","@id":"https:\/\/www.spkatarzyna.pl\/index.php\/2022\/12\/16\/konkurs-zyj-w-zgodzie-z-przyroda\/#listItem","position":3,"name":"konkurs \u201e\u017byj w zgodzie z przyrod\u0105&#8221;","previousItem":{"@type":"ListItem","@id":"https:\/\/www.spkatarzyna.pl\/index.php\/category\/uncategorized\/#listItem","name":"Uncategorized"}}]},{"@type":"Organization","@id":"https:\/\/www.spkatarzyna.pl\/#organization","name":"SP Katarzyna","description":"Publiczna Szko\u0142a Podstawowa w \u015awi\u0119tej Katarzynie","url":"https:\/\/www.spkatarzyna.pl\/","telephone":"+48713116378","sameAs":["https:\/\/facebook.com\/","https:\/\/x.com\/","https:\/\/instagram.com\/","https:\/\/pinterest.com\/","https:\/\/youtube.com\/","https:\/\/linkedin.com\/in\/"]},{"@type":"Person","@id":"https:\/\/www.spkatarzyna.pl\/index.php\/author\/agatasafianspkatarzyna-pl\/#author","url":"https:\/\/www.spkatarzyna.pl\/index.php\/author\/agatasafianspkatarzyna-pl\/","name":"Redakcja","image":{"@type":"ImageObject","@id":"https:\/\/www.spkatarzyna.pl\/index.php\/2022\/12\/16\/konkurs-zyj-w-zgodzie-z-przyroda\/#authorImage","url":"https:\/\/secure.gravatar.com\/avatar\/765290513df94d442152250e92b42327?s=96&d=mm&r=g","width":96,"height":96,"caption":"Redakcja"}},{"@type":"WebPage","@id":"https:\/\/www.spkatarzyna.pl\/index.php\/2022\/12\/16\/konkurs-zyj-w-zgodzie-z-przyroda\/#webpage","url":"https:\/\/www.spkatarzyna.pl\/index.php\/2022\/12\/16\/konkurs-zyj-w-zgodzie-z-przyroda\/","name":"konkurs \u201e\u017byj w zgodzie z przyrod\u0105\u201d - SP Katarzyna","description":"Na prze\u0142omie listopada oraz grudnia zosta\u0142 przeprowadzony konkurs \u201e\u017byj w zgodzie z przyrod\u0105\u201d. Tematyka nawi\u0105zywa\u0142a do ekologii i tego jak j\u0105 postrzegaj\u0105 dzieci. Konkurs skierowany by\u0142 dla uczni\u00f3w klas I-III. Na konkurs wp\u0142yn\u0119\u0142o wiele prac, kt\u00f3re zosta\u0142y wykonane z du\u017c\u0105 pomys\u0142owo\u015bci\u0105 oraz ciekawym sposobem wykonania. Wszystkie prace mo\u017cna obejrze\u0107 do 22.12.2022 r. (czwartek) na korytarzu","inLanguage":"pl-PL","isPartOf":{"@id":"https:\/\/www.spkatarzyna.pl\/#website"},"breadcrumb":{"@id":"https:\/\/www.spkatarzyna.pl\/index.php\/2022\/12\/16\/konkurs-zyj-w-zgodzie-z-przyroda\/#breadcrumblist"},"author":{"@id":"https:\/\/www.spkatarzyna.pl\/index.php\/author\/agatasafianspkatarzyna-pl\/#author"},"creator":{"@id":"https:\/\/www.spkatarzyna.pl\/index.php\/author\/agatasafianspkatarzyna-pl\/#author"},"datePublished":"2022-12-16T12:06:20+01:00","dateModified":"2022-12-16T12:35:05+01:00"},{"@type":"WebSite","@id":"https:\/\/www.spkatarzyna.pl\/#website","url":"https:\/\/www.spkatarzyna.pl\/","name":"SP Katarzyna","description":"Publiczna Szko\u0142a Podstawowa w \u015awi\u0119tej Katarzynie","inLanguage":"pl-PL","publisher":{"@id":"https:\/\/www.spkatarzyna.pl\/#organization"}}]},"og:locale":"pl_PL","og:site_name":"SP Katarzyna - Publiczna Szko\u0142a Podstawowa w \u015awi\u0119tej Katarzynie","og:type":"article","og:title":"konkurs \u201e\u017byj w zgodzie z przyrod\u0105\u201d - SP Katarzyna","og:description":"Na prze\u0142omie listopada oraz grudnia zosta\u0142 przeprowadzony konkurs \u201e\u017byj w zgodzie z przyrod\u0105\u201d. Tematyka nawi\u0105zywa\u0142a do ekologii i tego jak j\u0105 postrzegaj\u0105 dzieci. Konkurs skierowany by\u0142 dla uczni\u00f3w klas I-III. Na konkurs wp\u0142yn\u0119\u0142o wiele prac, kt\u00f3re zosta\u0142y wykonane z du\u017c\u0105 pomys\u0142owo\u015bci\u0105 oraz ciekawym sposobem wykonania. Wszystkie prace mo\u017cna obejrze\u0107 do 22.12.2022 r. (czwartek) na korytarzu","og:url":"https:\/\/www.spkatarzyna.pl\/index.php\/2022\/12\/16\/konkurs-zyj-w-zgodzie-z-przyroda\/","article:published_time":"2022-12-16T12:06:20+00:00","article:modified_time":"2022-12-16T12:35:05+00:00","twitter:card":"summary_large_image","twitter:title":"konkurs \u201e\u017byj w zgodzie z przyrod\u0105\u201d - SP Katarzyna","twitter:description":"Na prze\u0142omie listopada oraz grudnia zosta\u0142 przeprowadzony konkurs \u201e\u017byj w zgodzie z przyrod\u0105\u201d. Tematyka nawi\u0105zywa\u0142a do ekologii i tego jak j\u0105 postrzegaj\u0105 dzieci. Konkurs skierowany by\u0142 dla uczni\u00f3w klas I-III. Na konkurs wp\u0142yn\u0119\u0142o wiele prac, kt\u00f3re zosta\u0142y wykonane z du\u017c\u0105 pomys\u0142owo\u015bci\u0105 oraz ciekawym sposobem wykonania. Wszystkie prace mo\u017cna obejrze\u0107 do 22.12.2022 r. (czwartek) na korytarzu"},"aioseo_meta_data":{"post_id":"3627","title":null,"description":null,"keywords":null,"keyphrases":null,"primary_term":null,"canonical_url":null,"og_title":null,"og_description":null,"og_object_type":"default","og_image_type":"default","og_image_url":null,"og_image_width":null,"og_image_height":null,"og_image_custom_url":null,"og_image_custom_fields":null,"og_video":null,"og_custom_url":null,"og_article_section":null,"og_article_tags":null,"twitter_use_og":false,"twitter_card":"default","twitter_image_type":"default","twitter_image_url":null,"twitter_image_custom_url":null,"twitter_image_custom_fields":null,"twitter_title":null,"twitter_description":null,"schema":{"blockGraphs":[],"customGraphs":[],"default":{"data":{"Article":[],"Course":[],"Dataset":[],"FAQPage":[],"Movie":[],"Person":[],"Product":[],"ProductReview":[],"Car":[],"Recipe":[],"Service":[],"SoftwareApplication":[],"WebPage":[]},"graphName":"","isEnabled":true},"graphs":[]},"schema_type":"default","schema_type_options":null,"pillar_content":false,"robots_default":true,"robots_noindex":false,"robots_noarchive":false,"robots_nosnippet":false,"robots_nofollow":false,"robots_noimageindex":false,"robots_noodp":false,"robots_notranslate":false,"robots_max_snippet":null,"robots_max_videopreview":null,"robots_max_imagepreview":"large","priority":null,"frequency":null,"local_seo":null,"limit_modified_date":false,"created":"2024-04-03 07:24:51","updated":"2026-09-03 14:10:13","focus_keyword":null,"additional_keywords":null,"truseo_locale":null,"ai":null,"breadcrumb_settings":null,"seo_analyzer_scan_date":null},"aioseo_breadcrumb":"<div class=\"aioseo-breadcrumbs\"><span class=\"aioseo-breadcrumb\">\n\t\t\t<a href=\"https:\/\/www.spkatarzyna.pl\" title=\"Dom\">Dom<\/a>\n\t\t<\/span><span class=\"aioseo-breadcrumb-separator\">&raquo;<\/span><span class=\"aioseo-breadcrumb\">\n\t\t\t<a href=\"https:\/\/www.spkatarzyna.pl\/index.php\/category\/uncategorized\/\" title=\"Uncategorized\">Uncategorized<\/a>\n\t\t<\/span><span class=\"aioseo-breadcrumb-separator\">&raquo;<\/span><span class=\"aioseo-breadcrumb\">\n\t\t\tkonkurs \u201e\u017byj w zgodzie z przyrod\u0105\u201d\n\t\t<\/span><\/div>","aioseo_breadcrumb_json":[{"label":"Dom","link":"https:\/\/www.spkatarzyna.pl"},{"label":"Uncategorized","link":"https:\/\/www.spkatarzyna.pl\/index.php\/category\/uncategorized\/"},{"label":"konkurs \u201e\u017byj w zgodzie z przyrod\u0105&#8221;","link":"https:\/\/www.spkatarzyna.pl\/index.php\/2022\/12\/16\/konkurs-zyj-w-zgodzie-z-przyroda\/"}],"_links":{"self":[{"href":"https:\/\/www.spkatarzyna.pl\/index.php\/wp-json\/wp\/v2\/posts\/3627","targetHints":{"allow":["GET"]}}],"collection":[{"href":"https:\/\/www.spkatarzyna.pl\/index.php\/wp-json\/wp\/v2\/posts"}],"about":[{"href":"https:\/\/www.spkatarzyna.pl\/index.php\/wp-json\/wp\/v2\/types\/post"}],"author":[{"embeddable":true,"href":"https:\/\/www.spkatarzyna.pl\/index.php\/wp-json\/wp\/v2\/users\/6"}],"replies":[{"embeddable":true,"href":"https:\/\/www.spkatarzyna.pl\/index.php\/wp-json\/wp\/v2\/comments?post=3627"}],"version-history":[{"count":19,"href":"https:\/\/www.spkatarzyna.pl\/index.php\/wp-json\/wp\/v2\/posts\/3627\/revisions"}],"predecessor-version":[{"id":3655,"href":"https:\/\/www.spkatarzyna.pl\/index.php\/wp-json\/wp\/v2\/posts\/3627\/revisions\/3655"}],"wp:attachment":[{"href":"https:\/\/www.spkatarzyna.pl\/index.php\/wp-json\/wp\/v2\/media?parent=3627"}],"wp:term":[{"taxonomy":"category","embeddable":true,"href":"https:\/\/www.spkatarzyna.pl\/index.php\/wp-json\/wp\/v2\/categories?post=3627"},{"taxonomy":"post_tag","embeddable":true,"href":"https:\/\/www.spkatarzyna.pl\/index.php\/wp-json\/wp\/v2\/tags?post=3627"}],"curies":[{"name":"wp","href":"https:\/\/api.w.org\/{rel}","templated":true}]}}