{"id":3715,"date":"2022-12-21T10:02:12","date_gmt":"2022-12-21T10:02:12","guid":{"rendered":"http:\/\/www.spkatarzyna.pl\/?p=3715"},"modified":"2022-12-21T10:48:35","modified_gmt":"2022-12-21T10:48:35","slug":"romantyzm-w-kadrze-rozstrzygniecie-konkursu","status":"publish","type":"post","link":"https:\/\/www.spkatarzyna.pl\/index.php\/2022\/12\/21\/romantyzm-w-kadrze-rozstrzygniecie-konkursu\/","title":{"rendered":"\u201eRomantyzm w kadrze\u201d"},"content":{"rendered":"\t\t<div data-elementor-type=\"wp-post\" data-elementor-id=\"3715\" class=\"elementor elementor-3715\">\n\t\t\t\t\t\t<section class=\"elementor-section elementor-top-section elementor-element elementor-element-3f7dd6c4 elementor-section-boxed elementor-section-height-default elementor-section-height-default\" data-id=\"3f7dd6c4\" data-element_type=\"section\">\n\t\t\t\t\t\t<div class=\"elementor-container elementor-column-gap-default\">\n\t\t\t\t\t<div class=\"elementor-column elementor-col-100 elementor-top-column elementor-element elementor-element-643e8c75\" data-id=\"643e8c75\" data-element_type=\"column\">\n\t\t\t<div class=\"elementor-widget-wrap elementor-element-populated\">\n\t\t\t\t\t\t<div class=\"elementor-element elementor-element-7ba1f3eb elementor-widget elementor-widget-text-editor\" data-id=\"7ba1f3eb\" data-element_type=\"widget\" data-widget_type=\"text-editor.default\">\n\t\t\t\t\t\t\t\t\t<div class=\"adn ads\" data-message-id=\"#msg-f:1752814881896287513\" data-legacy-message-id=\"18533fd928724d19\"><div class=\"gs\"><div class=\"\"><div id=\":t2\" class=\"ii gt\"><div id=\":202\" class=\"a3s aiL \"><div dir=\"ltr\"><p dir=\"ltr\" style=\"text-align: justify;\"><span style=\"font-size: 14pt;\">21 grudnia jury wy\u0142oni\u0142o zwyci\u0119zc\u00f3w Szkolnego Konkursu \u201eRomantyzm w kadrze\u201d. Celem konkursu, a jednocze\u015bnie zadaniem uczestnik\u00f3w by\u0142a popularyzacja lektur czo\u0142owych polskich romantyk\u00f3w.<\/span><\/p><p dir=\"ltr\" style=\"text-align: justify;\"><span style=\"font-size: 14pt;\">Jury zdecydowa\u0142o nagrodzi\u0107 dwie \u201eekipy filmowe\u201d z klasy VI a i VI b, kt\u00f3re wykaza\u0142y si\u0119 nie tylko inwencj\u0105, ale r\u00f3wnie\u017c ciekawym uj\u0119ciem tematu.<\/span><\/p><p dir=\"ltr\" style=\"text-align: justify;\"><span style=\"color: #800000; font-size: 14pt;\"><strong>Nagrodzone osoby:\u00a0<\/strong><\/span><\/p><p><span style=\"font-size: 14pt;\"><strong>klasa VIa<\/strong><\/span><\/p><ul><li dir=\"ltr\" style=\"text-align: justify;\"><span style=\"font-size: 14pt;\">Barbara D\u0105browska, Zofia Sentfleben, Hubert Micha\u0142owski, Wojciech Olszewski, Jakub Markowski<\/span><\/li><\/ul><p><span style=\"font-size: 14pt;\"><strong>klasa VIb<\/strong><\/span><\/p><ul><li dir=\"ltr\" style=\"text-align: justify;\"><span style=\"font-size: 14pt;\">Agata Cisek, Liwia Domaga\u0142a, Martyna Staniszewska, Miko\u0142aj Kurylczyk, Marcel Klich, Norbert Pawlicki, Kacper Sobieraj<\/span><\/li><\/ul><p style=\"text-align: justify;\"><span style=\"font-size: 14pt;\">Wszystkim uczestnikom konkursu serdecznie gratulujemy, doceniaj\u0105c po\u015bwi\u0119cony czas\u00a0 i wysi\u0142ek w\u0142o\u017cony w wykonanie i monta\u017c filmu.<\/span><\/p><ul><li dir=\"ltr\" style=\"text-align: justify;\"><span style=\"font-size: 14pt;\"><strong>Link do filmu<\/strong><\/span><\/li><\/ul><p><span style=\"font-size: 14pt;\"><a href=\"https:\/\/youtu.be\/psUcynSfJ5w\" target=\"_blank\" rel=\"noopener\" data-saferedirecturl=\"https:\/\/www.google.com\/url?q=https:\/\/youtu.be\/psUcynSfJ5w&amp;source=gmail&amp;ust=1671700962185000&amp;usg=AOvVaw3DUfuIxpDzjxAr0zC3gpC4\">https:\/\/youtu.be\/psUcynSfJ5w<\/a><\/span><\/p><ul><li dir=\"ltr\" style=\"text-align: justify;\"><span style=\"font-size: 14pt;\"><strong>Link do filmu<\/strong><\/span><\/li><\/ul><p><span style=\"font-size: 14pt;\"><a href=\"https:\/\/youtu.be\/oUXqOlvit5E\" target=\"_blank\" rel=\"noopener\" data-saferedirecturl=\"https:\/\/www.google.com\/url?q=https:\/\/youtu.be\/oUXqOlvit5E&amp;source=gmail&amp;ust=1671700962185000&amp;usg=AOvVaw0cNFCzpJ2v0bnsHm_PMNKA\">https:\/\/youtu.be\/oUXqOlvit5E<\/a><\/span><\/p><p style=\"text-align: right;\"><span style=\"font-size: 14pt;\">Zesp\u00f3\u0142 polonist\u00f3w<\/span><\/p><\/div><div class=\"adL\" style=\"text-align: justify;\">\u00a0<\/div><\/div><\/div><div class=\"hi\" style=\"text-align: justify;\">\u00a0<\/div><\/div><\/div><div class=\"ajx\" style=\"text-align: justify;\">\u00a0<\/div><\/div><div class=\"gA gt acV\"><div class=\"gB xu\"><div class=\"ip iq\"><div id=\":t5\"><table class=\"cf wS\" role=\"presentation\"><tbody><tr><td class=\"amq\" style=\"text-align: justify;\">\u00a0<\/td><td class=\"amr\"><div class=\"nr wR\"><div class=\"amn\" style=\"text-align: justify;\">\u00a0<\/div><\/div><\/td><\/tr><\/tbody><\/table><\/div><\/div><\/div><\/div>\t\t\t\t\t\t\t\t<\/div>\n\t\t\t\t<div class=\"elementor-element elementor-element-7ddba5c elementor-widget elementor-widget-gallery\" data-id=\"7ddba5c\" data-element_type=\"widget\" data-settings=\"{&quot;lazyload&quot;:&quot;yes&quot;,&quot;gallery_layout&quot;:&quot;grid&quot;,&quot;columns&quot;:4,&quot;columns_tablet&quot;:2,&quot;columns_mobile&quot;:1,&quot;gap&quot;:{&quot;unit&quot;:&quot;px&quot;,&quot;size&quot;:10,&quot;sizes&quot;:[]},&quot;gap_tablet&quot;:{&quot;unit&quot;:&quot;px&quot;,&quot;size&quot;:10,&quot;sizes&quot;:[]},&quot;gap_mobile&quot;:{&quot;unit&quot;:&quot;px&quot;,&quot;size&quot;:10,&quot;sizes&quot;:[]},&quot;link_to&quot;:&quot;file&quot;,&quot;aspect_ratio&quot;:&quot;3:2&quot;,&quot;overlay_background&quot;:&quot;yes&quot;,&quot;content_hover_animation&quot;:&quot;fade-in&quot;}\" data-widget_type=\"gallery.default\">\n\t\t\t\t<div class=\"elementor-widget-container\">\n\t\t\t\t\t\t\t<div class=\"elementor-gallery__container\">\n\t\t\t\t\t\t\t<a class=\"e-gallery-item elementor-gallery-item elementor-animated-content\" href=\"https:\/\/www.spkatarzyna.pl\/wp-content\/uploads\/2022\/12\/63453ba7-afdf-4884-b39a-48c1f97ae38c.jpg\" data-elementor-open-lightbox=\"yes\" data-elementor-lightbox-slideshow=\"all-7ddba5c\" data-elementor-lightbox-title=\"63453ba7-afdf-4884-b39a-48c1f97ae38c\" data-e-action-hash=\"#elementor-action%3Aaction%3Dlightbox%26settings%3DeyJpZCI6MzcyMSwidXJsIjoiaHR0cHM6XC9cL3d3dy5zcGthdGFyenluYS5wbFwvd3AtY29udGVudFwvdXBsb2Fkc1wvMjAyMlwvMTJcLzYzNDUzYmE3LWFmZGYtNDg4NC1iMzlhLTQ4YzFmOTdhZTM4Yy5qcGciLCJzbGlkZXNob3ciOiJhbGwtN2RkYmE1YyJ9\" rel=\"lightbox[3715]\">\n\t\t\t\t\t<div class=\"e-gallery-image elementor-gallery-item__image\" data-thumbnail=\"https:\/\/www.spkatarzyna.pl\/wp-content\/uploads\/2022\/12\/63453ba7-afdf-4884-b39a-48c1f97ae38c-300x220.jpg\" data-width=\"300\" data-height=\"220\" alt=\"\" ><\/div>\n\t\t\t\t\t\t\t\t\t\t<div class=\"elementor-gallery-item__overlay\"><\/div>\n\t\t\t\t\t\t\t\t\t\t\t\t\t\t<\/a>\n\t\t\t\t\t\t\t<a class=\"e-gallery-item elementor-gallery-item elementor-animated-content\" href=\"https:\/\/www.spkatarzyna.pl\/wp-content\/uploads\/2022\/12\/2b4c721b-f776-4858-9c88-d86301ce46f8.jpg\" data-elementor-open-lightbox=\"yes\" data-elementor-lightbox-slideshow=\"all-7ddba5c\" data-elementor-lightbox-title=\"2b4c721b-f776-4858-9c88-d86301ce46f8\" data-e-action-hash=\"#elementor-action%3Aaction%3Dlightbox%26settings%3DeyJpZCI6MzcyMiwidXJsIjoiaHR0cHM6XC9cL3d3dy5zcGthdGFyenluYS5wbFwvd3AtY29udGVudFwvdXBsb2Fkc1wvMjAyMlwvMTJcLzJiNGM3MjFiLWY3NzYtNDg1OC05Yzg4LWQ4NjMwMWNlNDZmOC5qcGciLCJzbGlkZXNob3ciOiJhbGwtN2RkYmE1YyJ9\" rel=\"lightbox[3715]\">\n\t\t\t\t\t<div class=\"e-gallery-image elementor-gallery-item__image\" data-thumbnail=\"https:\/\/www.spkatarzyna.pl\/wp-content\/uploads\/2022\/12\/2b4c721b-f776-4858-9c88-d86301ce46f8-300x225.jpg\" data-width=\"300\" data-height=\"225\" alt=\"\" ><\/div>\n\t\t\t\t\t\t\t\t\t\t<div class=\"elementor-gallery-item__overlay\"><\/div>\n\t\t\t\t\t\t\t\t\t\t\t\t\t\t<\/a>\n\t\t\t\t\t<\/div>\n\t\t\t\t\t<\/div>\n\t\t\t\t<\/div>\n\t\t\t\t\t<\/div>\n\t\t<\/div>\n\t\t\t\t\t<\/div>\n\t\t<\/section>\n\t\t\t\t<\/div>\n\t\t","protected":false},"excerpt":{"rendered":"<p>21 grudnia jury wy\u0142oni\u0142o zwyci\u0119zc\u00f3w Szkolnego Konkursu \u201eRomantyzm w kadrze\u201d. Celem konkursu, a jednocze\u015bnie zadaniem uczestnik\u00f3w by\u0142a popularyzacja lektur czo\u0142owych polskich romantyk\u00f3w. Jury zdecydowa\u0142o nagrodzi\u0107 dwie \u201eekipy filmowe\u201d z klasy VI a i VI b, kt\u00f3re wykaza\u0142y si\u0119 nie tylko inwencj\u0105, ale r\u00f3wnie\u017c ciekawym uj\u0119ciem tematu. Nagrodzone osoby:\u00a0 klasa VIa [&hellip;]<\/p>\n","protected":false},"author":6,"featured_media":3716,"comment_status":"open","ping_status":"open","sticky":false,"template":"","format":"standard","meta":{"om_disable_all_campaigns":false,"_monsterinsights_skip_tracking":false,"ngg_post_thumbnail":0,"footnotes":""},"categories":[1],"tags":[],"class_list":["post-3715","post","type-post","status-publish","format-standard","has-post-thumbnail","hentry","category-uncategorized"],"aioseo_notices":[],"aioseo_head":"\n\t\t<!-- All in One SEO 5.0.1.1 - aioseo.com -->\n\t<meta name=\"description\" content=\"21 grudnia jury wy\u0142oni\u0142o zwyci\u0119zc\u00f3w Szkolnego Konkursu \u201eRomantyzm w kadrze\u201d. Celem konkursu, a jednocze\u015bnie zadaniem uczestnik\u00f3w by\u0142a popularyzacja lektur czo\u0142owych polskich romantyk\u00f3w.Jury zdecydowa\u0142o nagrodzi\u0107 dwie \u201eekipy filmowe\u201d z klasy VI a i VI b, kt\u00f3re wykaza\u0142y si\u0119 nie tylko inwencj\u0105, ale r\u00f3wnie\u017c ciekawym uj\u0119ciem tematu.Nagrodzone osoby: klasa VIaBarbara D\u0105browska, Zofia Sentfleben, Hubert Micha\u0142owski, Wojciech Olszewski, Jakub\" \/>\n\t<meta name=\"robots\" content=\"max-image-preview:large\" \/>\n\t<meta name=\"author\" content=\"Redakcja\"\/>\n\t<link rel=\"canonical\" href=\"https:\/\/www.spkatarzyna.pl\/index.php\/2022\/12\/21\/romantyzm-w-kadrze-rozstrzygniecie-konkursu\/\" \/>\n\t<meta name=\"generator\" content=\"All in One SEO (AIOSEO) 5.0.1.1\" \/>\n\t\t<meta property=\"og:locale\" content=\"pl_PL\" \/>\n\t\t<meta property=\"og:site_name\" content=\"SP Katarzyna - Publiczna Szko\u0142a Podstawowa w \u015awi\u0119tej Katarzynie\" \/>\n\t\t<meta property=\"og:type\" content=\"article\" \/>\n\t\t<meta property=\"og:title\" content=\"\u201eRomantyzm w kadrze\u201d - SP Katarzyna\" \/>\n\t\t<meta property=\"og:description\" content=\"21 grudnia jury wy\u0142oni\u0142o zwyci\u0119zc\u00f3w Szkolnego Konkursu \u201eRomantyzm w kadrze\u201d. Celem konkursu, a jednocze\u015bnie zadaniem uczestnik\u00f3w by\u0142a popularyzacja lektur czo\u0142owych polskich romantyk\u00f3w.Jury zdecydowa\u0142o nagrodzi\u0107 dwie \u201eekipy filmowe\u201d z klasy VI a i VI b, kt\u00f3re wykaza\u0142y si\u0119 nie tylko inwencj\u0105, ale r\u00f3wnie\u017c ciekawym uj\u0119ciem tematu.Nagrodzone osoby: klasa VIaBarbara D\u0105browska, Zofia Sentfleben, Hubert Micha\u0142owski, Wojciech Olszewski, Jakub\" \/>\n\t\t<meta property=\"og:url\" content=\"https:\/\/www.spkatarzyna.pl\/index.php\/2022\/12\/21\/romantyzm-w-kadrze-rozstrzygniecie-konkursu\/\" \/>\n\t\t<meta property=\"article:published_time\" content=\"2022-12-21T10:02:12+00:00\" \/>\n\t\t<meta property=\"article:modified_time\" content=\"2022-12-21T10:48:35+00:00\" \/>\n\t\t<meta name=\"twitter:card\" content=\"summary_large_image\" \/>\n\t\t<meta name=\"twitter:title\" content=\"\u201eRomantyzm w kadrze\u201d - SP Katarzyna\" \/>\n\t\t<meta name=\"twitter:description\" content=\"21 grudnia jury wy\u0142oni\u0142o zwyci\u0119zc\u00f3w Szkolnego Konkursu \u201eRomantyzm w kadrze\u201d. Celem konkursu, a jednocze\u015bnie zadaniem uczestnik\u00f3w by\u0142a popularyzacja lektur czo\u0142owych polskich romantyk\u00f3w.Jury zdecydowa\u0142o nagrodzi\u0107 dwie \u201eekipy filmowe\u201d z klasy VI a i VI b, kt\u00f3re wykaza\u0142y si\u0119 nie tylko inwencj\u0105, ale r\u00f3wnie\u017c ciekawym uj\u0119ciem tematu.Nagrodzone osoby: klasa VIaBarbara D\u0105browska, Zofia Sentfleben, Hubert Micha\u0142owski, Wojciech Olszewski, Jakub\" \/>\n\t\t<script type=\"application\/ld+json\" class=\"aioseo-schema\">\n\t\t\t{\"@context\":\"https:\\\/\\\/schema.org\",\"@graph\":[{\"@type\":\"BlogPosting\",\"@id\":\"https:\\\/\\\/www.spkatarzyna.pl\\\/index.php\\\/2022\\\/12\\\/21\\\/romantyzm-w-kadrze-rozstrzygniecie-konkursu\\\/#blogposting\",\"name\":\"\\u201eRomantyzm w kadrze\\u201d - SP Katarzyna\",\"headline\":\"\\u201eRomantyzm w kadrze\\u201d\",\"author\":{\"@id\":\"https:\\\/\\\/www.spkatarzyna.pl\\\/index.php\\\/author\\\/agatasafianspkatarzyna-pl\\\/#author\"},\"publisher\":{\"@id\":\"https:\\\/\\\/www.spkatarzyna.pl\\\/#organization\"},\"image\":{\"@type\":\"ImageObject\",\"url\":\"https:\\\/\\\/www.spkatarzyna.pl\\\/wp-content\\\/uploads\\\/2022\\\/12\\\/c56e2b4f-9ba6-437b-a650-01b442601.jpg\",\"width\":360,\"height\":202},\"datePublished\":\"2022-12-21T10:02:12+01:00\",\"dateModified\":\"2022-12-21T10:48:35+01:00\",\"inLanguage\":\"pl-PL\",\"mainEntityOfPage\":{\"@id\":\"https:\\\/\\\/www.spkatarzyna.pl\\\/index.php\\\/2022\\\/12\\\/21\\\/romantyzm-w-kadrze-rozstrzygniecie-konkursu\\\/#webpage\"},\"isPartOf\":{\"@id\":\"https:\\\/\\\/www.spkatarzyna.pl\\\/index.php\\\/2022\\\/12\\\/21\\\/romantyzm-w-kadrze-rozstrzygniecie-konkursu\\\/#webpage\"},\"articleSection\":\"Uncategorized\"},{\"@type\":\"BreadcrumbList\",\"@id\":\"https:\\\/\\\/www.spkatarzyna.pl\\\/index.php\\\/2022\\\/12\\\/21\\\/romantyzm-w-kadrze-rozstrzygniecie-konkursu\\\/#breadcrumblist\",\"itemListElement\":[{\"@type\":\"ListItem\",\"@id\":\"https:\\\/\\\/www.spkatarzyna.pl#listItem\",\"position\":1,\"name\":\"Dom\",\"item\":\"https:\\\/\\\/www.spkatarzyna.pl\",\"nextItem\":{\"@type\":\"ListItem\",\"@id\":\"https:\\\/\\\/www.spkatarzyna.pl\\\/index.php\\\/category\\\/uncategorized\\\/#listItem\",\"name\":\"Uncategorized\"}},{\"@type\":\"ListItem\",\"@id\":\"https:\\\/\\\/www.spkatarzyna.pl\\\/index.php\\\/category\\\/uncategorized\\\/#listItem\",\"position\":2,\"name\":\"Uncategorized\",\"item\":\"https:\\\/\\\/www.spkatarzyna.pl\\\/index.php\\\/category\\\/uncategorized\\\/\",\"nextItem\":{\"@type\":\"ListItem\",\"@id\":\"https:\\\/\\\/www.spkatarzyna.pl\\\/index.php\\\/2022\\\/12\\\/21\\\/romantyzm-w-kadrze-rozstrzygniecie-konkursu\\\/#listItem\",\"name\":\"\\u201eRomantyzm w kadrze\\u201d\"},\"previousItem\":{\"@type\":\"ListItem\",\"@id\":\"https:\\\/\\\/www.spkatarzyna.pl#listItem\",\"name\":\"Dom\"}},{\"@type\":\"ListItem\",\"@id\":\"https:\\\/\\\/www.spkatarzyna.pl\\\/index.php\\\/2022\\\/12\\\/21\\\/romantyzm-w-kadrze-rozstrzygniecie-konkursu\\\/#listItem\",\"position\":3,\"name\":\"\\u201eRomantyzm w kadrze\\u201d\",\"previousItem\":{\"@type\":\"ListItem\",\"@id\":\"https:\\\/\\\/www.spkatarzyna.pl\\\/index.php\\\/category\\\/uncategorized\\\/#listItem\",\"name\":\"Uncategorized\"}}]},{\"@type\":\"Organization\",\"@id\":\"https:\\\/\\\/www.spkatarzyna.pl\\\/#organization\",\"name\":\"SP Katarzyna\",\"description\":\"Publiczna Szko\\u0142a Podstawowa w \\u015awi\\u0119tej Katarzynie\",\"url\":\"https:\\\/\\\/www.spkatarzyna.pl\\\/\",\"telephone\":\"+48713116378\",\"sameAs\":[\"https:\\\/\\\/facebook.com\\\/\",\"https:\\\/\\\/x.com\\\/\",\"https:\\\/\\\/instagram.com\\\/\",\"https:\\\/\\\/pinterest.com\\\/\",\"https:\\\/\\\/youtube.com\\\/\",\"https:\\\/\\\/linkedin.com\\\/in\\\/\"]},{\"@type\":\"Person\",\"@id\":\"https:\\\/\\\/www.spkatarzyna.pl\\\/index.php\\\/author\\\/agatasafianspkatarzyna-pl\\\/#author\",\"url\":\"https:\\\/\\\/www.spkatarzyna.pl\\\/index.php\\\/author\\\/agatasafianspkatarzyna-pl\\\/\",\"name\":\"Redakcja\",\"image\":{\"@type\":\"ImageObject\",\"@id\":\"https:\\\/\\\/www.spkatarzyna.pl\\\/index.php\\\/2022\\\/12\\\/21\\\/romantyzm-w-kadrze-rozstrzygniecie-konkursu\\\/#authorImage\",\"url\":\"https:\\\/\\\/secure.gravatar.com\\\/avatar\\\/765290513df94d442152250e92b42327?s=96&d=mm&r=g\",\"width\":96,\"height\":96,\"caption\":\"Redakcja\"}},{\"@type\":\"WebPage\",\"@id\":\"https:\\\/\\\/www.spkatarzyna.pl\\\/index.php\\\/2022\\\/12\\\/21\\\/romantyzm-w-kadrze-rozstrzygniecie-konkursu\\\/#webpage\",\"url\":\"https:\\\/\\\/www.spkatarzyna.pl\\\/index.php\\\/2022\\\/12\\\/21\\\/romantyzm-w-kadrze-rozstrzygniecie-konkursu\\\/\",\"name\":\"\\u201eRomantyzm w kadrze\\u201d - SP Katarzyna\",\"description\":\"21 grudnia jury wy\\u0142oni\\u0142o zwyci\\u0119zc\\u00f3w Szkolnego Konkursu \\u201eRomantyzm w kadrze\\u201d. Celem konkursu, a jednocze\\u015bnie zadaniem uczestnik\\u00f3w by\\u0142a popularyzacja lektur czo\\u0142owych polskich romantyk\\u00f3w.Jury zdecydowa\\u0142o nagrodzi\\u0107 dwie \\u201eekipy filmowe\\u201d z klasy VI a i VI b, kt\\u00f3re wykaza\\u0142y si\\u0119 nie tylko inwencj\\u0105, ale r\\u00f3wnie\\u017c ciekawym uj\\u0119ciem tematu.Nagrodzone osoby: klasa VIaBarbara D\\u0105browska, Zofia Sentfleben, Hubert Micha\\u0142owski, Wojciech Olszewski, Jakub\",\"inLanguage\":\"pl-PL\",\"isPartOf\":{\"@id\":\"https:\\\/\\\/www.spkatarzyna.pl\\\/#website\"},\"breadcrumb\":{\"@id\":\"https:\\\/\\\/www.spkatarzyna.pl\\\/index.php\\\/2022\\\/12\\\/21\\\/romantyzm-w-kadrze-rozstrzygniecie-konkursu\\\/#breadcrumblist\"},\"author\":{\"@id\":\"https:\\\/\\\/www.spkatarzyna.pl\\\/index.php\\\/author\\\/agatasafianspkatarzyna-pl\\\/#author\"},\"creator\":{\"@id\":\"https:\\\/\\\/www.spkatarzyna.pl\\\/index.php\\\/author\\\/agatasafianspkatarzyna-pl\\\/#author\"},\"image\":{\"@type\":\"ImageObject\",\"url\":\"https:\\\/\\\/www.spkatarzyna.pl\\\/wp-content\\\/uploads\\\/2022\\\/12\\\/c56e2b4f-9ba6-437b-a650-01b442601.jpg\",\"@id\":\"https:\\\/\\\/www.spkatarzyna.pl\\\/index.php\\\/2022\\\/12\\\/21\\\/romantyzm-w-kadrze-rozstrzygniecie-konkursu\\\/#mainImage\",\"width\":360,\"height\":202},\"primaryImageOfPage\":{\"@id\":\"https:\\\/\\\/www.spkatarzyna.pl\\\/index.php\\\/2022\\\/12\\\/21\\\/romantyzm-w-kadrze-rozstrzygniecie-konkursu\\\/#mainImage\"},\"datePublished\":\"2022-12-21T10:02:12+01:00\",\"dateModified\":\"2022-12-21T10:48:35+01:00\"},{\"@type\":\"WebSite\",\"@id\":\"https:\\\/\\\/www.spkatarzyna.pl\\\/#website\",\"url\":\"https:\\\/\\\/www.spkatarzyna.pl\\\/\",\"name\":\"SP Katarzyna\",\"description\":\"Publiczna Szko\\u0142a Podstawowa w \\u015awi\\u0119tej Katarzynie\",\"inLanguage\":\"pl-PL\",\"publisher\":{\"@id\":\"https:\\\/\\\/www.spkatarzyna.pl\\\/#organization\"}}]}\n\t\t<\/script>\n\t\t<!-- All in One SEO -->\n\n","aioseo_head_json":{"title":"\u201eRomantyzm w kadrze\u201d - SP Katarzyna","description":"21 grudnia jury wy\u0142oni\u0142o zwyci\u0119zc\u00f3w Szkolnego Konkursu \u201eRomantyzm w kadrze\u201d. Celem konkursu, a jednocze\u015bnie zadaniem uczestnik\u00f3w by\u0142a popularyzacja lektur czo\u0142owych polskich romantyk\u00f3w.Jury zdecydowa\u0142o nagrodzi\u0107 dwie \u201eekipy filmowe\u201d z klasy VI a i VI b, kt\u00f3re wykaza\u0142y si\u0119 nie tylko inwencj\u0105, ale r\u00f3wnie\u017c ciekawym uj\u0119ciem tematu.Nagrodzone osoby: klasa VIaBarbara D\u0105browska, Zofia Sentfleben, Hubert Micha\u0142owski, Wojciech Olszewski, Jakub","canonical_url":"https:\/\/www.spkatarzyna.pl\/index.php\/2022\/12\/21\/romantyzm-w-kadrze-rozstrzygniecie-konkursu\/","robots":"max-image-preview:large","keywords":"","webmasterTools":{"miscellaneous":""},"schema":{"@context":"https:\/\/schema.org","@graph":[{"@type":"BlogPosting","@id":"https:\/\/www.spkatarzyna.pl\/index.php\/2022\/12\/21\/romantyzm-w-kadrze-rozstrzygniecie-konkursu\/#blogposting","name":"\u201eRomantyzm w kadrze\u201d - SP Katarzyna","headline":"\u201eRomantyzm w kadrze\u201d","author":{"@id":"https:\/\/www.spkatarzyna.pl\/index.php\/author\/agatasafianspkatarzyna-pl\/#author"},"publisher":{"@id":"https:\/\/www.spkatarzyna.pl\/#organization"},"image":{"@type":"ImageObject","url":"https:\/\/www.spkatarzyna.pl\/wp-content\/uploads\/2022\/12\/c56e2b4f-9ba6-437b-a650-01b442601.jpg","width":360,"height":202},"datePublished":"2022-12-21T10:02:12+01:00","dateModified":"2022-12-21T10:48:35+01:00","inLanguage":"pl-PL","mainEntityOfPage":{"@id":"https:\/\/www.spkatarzyna.pl\/index.php\/2022\/12\/21\/romantyzm-w-kadrze-rozstrzygniecie-konkursu\/#webpage"},"isPartOf":{"@id":"https:\/\/www.spkatarzyna.pl\/index.php\/2022\/12\/21\/romantyzm-w-kadrze-rozstrzygniecie-konkursu\/#webpage"},"articleSection":"Uncategorized"},{"@type":"BreadcrumbList","@id":"https:\/\/www.spkatarzyna.pl\/index.php\/2022\/12\/21\/romantyzm-w-kadrze-rozstrzygniecie-konkursu\/#breadcrumblist","itemListElement":[{"@type":"ListItem","@id":"https:\/\/www.spkatarzyna.pl#listItem","position":1,"name":"Dom","item":"https:\/\/www.spkatarzyna.pl","nextItem":{"@type":"ListItem","@id":"https:\/\/www.spkatarzyna.pl\/index.php\/category\/uncategorized\/#listItem","name":"Uncategorized"}},{"@type":"ListItem","@id":"https:\/\/www.spkatarzyna.pl\/index.php\/category\/uncategorized\/#listItem","position":2,"name":"Uncategorized","item":"https:\/\/www.spkatarzyna.pl\/index.php\/category\/uncategorized\/","nextItem":{"@type":"ListItem","@id":"https:\/\/www.spkatarzyna.pl\/index.php\/2022\/12\/21\/romantyzm-w-kadrze-rozstrzygniecie-konkursu\/#listItem","name":"\u201eRomantyzm w kadrze\u201d"},"previousItem":{"@type":"ListItem","@id":"https:\/\/www.spkatarzyna.pl#listItem","name":"Dom"}},{"@type":"ListItem","@id":"https:\/\/www.spkatarzyna.pl\/index.php\/2022\/12\/21\/romantyzm-w-kadrze-rozstrzygniecie-konkursu\/#listItem","position":3,"name":"\u201eRomantyzm w kadrze\u201d","previousItem":{"@type":"ListItem","@id":"https:\/\/www.spkatarzyna.pl\/index.php\/category\/uncategorized\/#listItem","name":"Uncategorized"}}]},{"@type":"Organization","@id":"https:\/\/www.spkatarzyna.pl\/#organization","name":"SP Katarzyna","description":"Publiczna Szko\u0142a Podstawowa w \u015awi\u0119tej Katarzynie","url":"https:\/\/www.spkatarzyna.pl\/","telephone":"+48713116378","sameAs":["https:\/\/facebook.com\/","https:\/\/x.com\/","https:\/\/instagram.com\/","https:\/\/pinterest.com\/","https:\/\/youtube.com\/","https:\/\/linkedin.com\/in\/"]},{"@type":"Person","@id":"https:\/\/www.spkatarzyna.pl\/index.php\/author\/agatasafianspkatarzyna-pl\/#author","url":"https:\/\/www.spkatarzyna.pl\/index.php\/author\/agatasafianspkatarzyna-pl\/","name":"Redakcja","image":{"@type":"ImageObject","@id":"https:\/\/www.spkatarzyna.pl\/index.php\/2022\/12\/21\/romantyzm-w-kadrze-rozstrzygniecie-konkursu\/#authorImage","url":"https:\/\/secure.gravatar.com\/avatar\/765290513df94d442152250e92b42327?s=96&d=mm&r=g","width":96,"height":96,"caption":"Redakcja"}},{"@type":"WebPage","@id":"https:\/\/www.spkatarzyna.pl\/index.php\/2022\/12\/21\/romantyzm-w-kadrze-rozstrzygniecie-konkursu\/#webpage","url":"https:\/\/www.spkatarzyna.pl\/index.php\/2022\/12\/21\/romantyzm-w-kadrze-rozstrzygniecie-konkursu\/","name":"\u201eRomantyzm w kadrze\u201d - SP Katarzyna","description":"21 grudnia jury wy\u0142oni\u0142o zwyci\u0119zc\u00f3w Szkolnego Konkursu \u201eRomantyzm w kadrze\u201d. Celem konkursu, a jednocze\u015bnie zadaniem uczestnik\u00f3w by\u0142a popularyzacja lektur czo\u0142owych polskich romantyk\u00f3w.Jury zdecydowa\u0142o nagrodzi\u0107 dwie \u201eekipy filmowe\u201d z klasy VI a i VI b, kt\u00f3re wykaza\u0142y si\u0119 nie tylko inwencj\u0105, ale r\u00f3wnie\u017c ciekawym uj\u0119ciem tematu.Nagrodzone osoby: klasa VIaBarbara D\u0105browska, Zofia Sentfleben, Hubert Micha\u0142owski, Wojciech Olszewski, Jakub","inLanguage":"pl-PL","isPartOf":{"@id":"https:\/\/www.spkatarzyna.pl\/#website"},"breadcrumb":{"@id":"https:\/\/www.spkatarzyna.pl\/index.php\/2022\/12\/21\/romantyzm-w-kadrze-rozstrzygniecie-konkursu\/#breadcrumblist"},"author":{"@id":"https:\/\/www.spkatarzyna.pl\/index.php\/author\/agatasafianspkatarzyna-pl\/#author"},"creator":{"@id":"https:\/\/www.spkatarzyna.pl\/index.php\/author\/agatasafianspkatarzyna-pl\/#author"},"image":{"@type":"ImageObject","url":"https:\/\/www.spkatarzyna.pl\/wp-content\/uploads\/2022\/12\/c56e2b4f-9ba6-437b-a650-01b442601.jpg","@id":"https:\/\/www.spkatarzyna.pl\/index.php\/2022\/12\/21\/romantyzm-w-kadrze-rozstrzygniecie-konkursu\/#mainImage","width":360,"height":202},"primaryImageOfPage":{"@id":"https:\/\/www.spkatarzyna.pl\/index.php\/2022\/12\/21\/romantyzm-w-kadrze-rozstrzygniecie-konkursu\/#mainImage"},"datePublished":"2022-12-21T10:02:12+01:00","dateModified":"2022-12-21T10:48:35+01:00"},{"@type":"WebSite","@id":"https:\/\/www.spkatarzyna.pl\/#website","url":"https:\/\/www.spkatarzyna.pl\/","name":"SP Katarzyna","description":"Publiczna Szko\u0142a Podstawowa w \u015awi\u0119tej Katarzynie","inLanguage":"pl-PL","publisher":{"@id":"https:\/\/www.spkatarzyna.pl\/#organization"}}]},"og:locale":"pl_PL","og:site_name":"SP Katarzyna - Publiczna Szko\u0142a Podstawowa w \u015awi\u0119tej Katarzynie","og:type":"article","og:title":"\u201eRomantyzm w kadrze\u201d - SP Katarzyna","og:description":"21 grudnia jury wy\u0142oni\u0142o zwyci\u0119zc\u00f3w Szkolnego Konkursu \u201eRomantyzm w kadrze\u201d. Celem konkursu, a jednocze\u015bnie zadaniem uczestnik\u00f3w by\u0142a popularyzacja lektur czo\u0142owych polskich romantyk\u00f3w.Jury zdecydowa\u0142o nagrodzi\u0107 dwie \u201eekipy filmowe\u201d z klasy VI a i VI b, kt\u00f3re wykaza\u0142y si\u0119 nie tylko inwencj\u0105, ale r\u00f3wnie\u017c ciekawym uj\u0119ciem tematu.Nagrodzone osoby: klasa VIaBarbara D\u0105browska, Zofia Sentfleben, Hubert Micha\u0142owski, Wojciech Olszewski, Jakub","og:url":"https:\/\/www.spkatarzyna.pl\/index.php\/2022\/12\/21\/romantyzm-w-kadrze-rozstrzygniecie-konkursu\/","article:published_time":"2022-12-21T10:02:12+00:00","article:modified_time":"2022-12-21T10:48:35+00:00","twitter:card":"summary_large_image","twitter:title":"\u201eRomantyzm w kadrze\u201d - SP Katarzyna","twitter:description":"21 grudnia jury wy\u0142oni\u0142o zwyci\u0119zc\u00f3w Szkolnego Konkursu \u201eRomantyzm w kadrze\u201d. Celem konkursu, a jednocze\u015bnie zadaniem uczestnik\u00f3w by\u0142a popularyzacja lektur czo\u0142owych polskich romantyk\u00f3w.Jury zdecydowa\u0142o nagrodzi\u0107 dwie \u201eekipy filmowe\u201d z klasy VI a i VI b, kt\u00f3re wykaza\u0142y si\u0119 nie tylko inwencj\u0105, ale r\u00f3wnie\u017c ciekawym uj\u0119ciem tematu.Nagrodzone osoby: klasa VIaBarbara D\u0105browska, Zofia Sentfleben, Hubert Micha\u0142owski, Wojciech Olszewski, Jakub"},"aioseo_meta_data":{"post_id":"3715","title":null,"description":null,"keywords":null,"keyphrases":null,"primary_term":null,"canonical_url":null,"og_title":null,"og_description":null,"og_object_type":"default","og_image_type":"default","og_image_url":null,"og_image_width":null,"og_image_height":null,"og_image_custom_url":null,"og_image_custom_fields":null,"og_video":null,"og_custom_url":null,"og_article_section":null,"og_article_tags":null,"twitter_use_og":false,"twitter_card":"default","twitter_image_type":"default","twitter_image_url":null,"twitter_image_custom_url":null,"twitter_image_custom_fields":null,"twitter_title":null,"twitter_description":null,"schema":{"blockGraphs":[],"customGraphs":[],"default":{"data":{"Article":[],"Course":[],"Dataset":[],"FAQPage":[],"Movie":[],"Person":[],"Product":[],"ProductReview":[],"Car":[],"Recipe":[],"Service":[],"SoftwareApplication":[],"WebPage":[]},"graphName":"","isEnabled":true},"graphs":[]},"schema_type":"default","schema_type_options":null,"pillar_content":false,"robots_default":true,"robots_noindex":false,"robots_noarchive":false,"robots_nosnippet":false,"robots_nofollow":false,"robots_noimageindex":false,"robots_noodp":false,"robots_notranslate":false,"robots_max_snippet":null,"robots_max_videopreview":null,"robots_max_imagepreview":"large","priority":null,"frequency":null,"local_seo":null,"limit_modified_date":false,"created":"2024-04-03 07:40:35","updated":"2026-09-03 14:10:13","focus_keyword":null,"additional_keywords":null,"truseo_locale":null,"ai":null,"breadcrumb_settings":null,"seo_analyzer_scan_date":null},"aioseo_breadcrumb":"<div class=\"aioseo-breadcrumbs\"><span class=\"aioseo-breadcrumb\">\n\t\t\t<a href=\"https:\/\/www.spkatarzyna.pl\" title=\"Dom\">Dom<\/a>\n\t\t<\/span><span class=\"aioseo-breadcrumb-separator\">&raquo;<\/span><span class=\"aioseo-breadcrumb\">\n\t\t\t<a href=\"https:\/\/www.spkatarzyna.pl\/index.php\/category\/uncategorized\/\" title=\"Uncategorized\">Uncategorized<\/a>\n\t\t<\/span><span class=\"aioseo-breadcrumb-separator\">&raquo;<\/span><span class=\"aioseo-breadcrumb\">\n\t\t\t\u201eRomantyzm w kadrze\u201d\n\t\t<\/span><\/div>","aioseo_breadcrumb_json":[{"label":"Dom","link":"https:\/\/www.spkatarzyna.pl"},{"label":"Uncategorized","link":"https:\/\/www.spkatarzyna.pl\/index.php\/category\/uncategorized\/"},{"label":"\u201eRomantyzm w kadrze\u201d","link":"https:\/\/www.spkatarzyna.pl\/index.php\/2022\/12\/21\/romantyzm-w-kadrze-rozstrzygniecie-konkursu\/"}],"_links":{"self":[{"href":"https:\/\/www.spkatarzyna.pl\/index.php\/wp-json\/wp\/v2\/posts\/3715","targetHints":{"allow":["GET"]}}],"collection":[{"href":"https:\/\/www.spkatarzyna.pl\/index.php\/wp-json\/wp\/v2\/posts"}],"about":[{"href":"https:\/\/www.spkatarzyna.pl\/index.php\/wp-json\/wp\/v2\/types\/post"}],"author":[{"embeddable":true,"href":"https:\/\/www.spkatarzyna.pl\/index.php\/wp-json\/wp\/v2\/users\/6"}],"replies":[{"embeddable":true,"href":"https:\/\/www.spkatarzyna.pl\/index.php\/wp-json\/wp\/v2\/comments?post=3715"}],"version-history":[{"count":10,"href":"https:\/\/www.spkatarzyna.pl\/index.php\/wp-json\/wp\/v2\/posts\/3715\/revisions"}],"predecessor-version":[{"id":3736,"href":"https:\/\/www.spkatarzyna.pl\/index.php\/wp-json\/wp\/v2\/posts\/3715\/revisions\/3736"}],"wp:featuredmedia":[{"embeddable":true,"href":"https:\/\/www.spkatarzyna.pl\/index.php\/wp-json\/wp\/v2\/media\/3716"}],"wp:attachment":[{"href":"https:\/\/www.spkatarzyna.pl\/index.php\/wp-json\/wp\/v2\/media?parent=3715"}],"wp:term":[{"taxonomy":"category","embeddable":true,"href":"https:\/\/www.spkatarzyna.pl\/index.php\/wp-json\/wp\/v2\/categories?post=3715"},{"taxonomy":"post_tag","embeddable":true,"href":"https:\/\/www.spkatarzyna.pl\/index.php\/wp-json\/wp\/v2\/tags?post=3715"}],"curies":[{"name":"wp","href":"https:\/\/api.w.org\/{rel}","templated":true}]}}