{"id":3749,"date":"2022-12-22T14:13:38","date_gmt":"2022-12-22T14:13:38","guid":{"rendered":"http:\/\/www.spkatarzyna.pl\/?p=3749"},"modified":"2022-12-22T14:16:21","modified_gmt":"2022-12-22T14:16:21","slug":"znicze-dla-kresowiakow","status":"publish","type":"post","link":"https:\/\/www.spkatarzyna.pl\/index.php\/2022\/12\/22\/znicze-dla-kresowiakow\/","title":{"rendered":"Znicze dla kresowiak\u00f3w"},"content":{"rendered":"\t\t<div data-elementor-type=\"wp-post\" data-elementor-id=\"3749\" class=\"elementor elementor-3749\">\n\t\t\t\t\t\t<section class=\"elementor-section elementor-top-section elementor-element elementor-element-40344f26 elementor-section-boxed elementor-section-height-default elementor-section-height-default\" data-id=\"40344f26\" data-element_type=\"section\">\n\t\t\t\t\t\t<div class=\"elementor-container elementor-column-gap-default\">\n\t\t\t\t\t<div class=\"elementor-column elementor-col-100 elementor-top-column elementor-element elementor-element-1fcf42a7\" data-id=\"1fcf42a7\" data-element_type=\"column\">\n\t\t\t<div class=\"elementor-widget-wrap elementor-element-populated\">\n\t\t\t\t\t\t<div class=\"elementor-element elementor-element-6828b89e elementor-widget elementor-widget-text-editor\" data-id=\"6828b89e\" data-element_type=\"widget\" data-widget_type=\"text-editor.default\">\n\t\t\t\t\t\t\t\t\t<div style=\"text-align: justify;\"><span style=\"font-size: 14pt;\">Szanowni Pa\u0144stwo, Drodzy Uczniowie,<\/span><\/div>\r\n<div>&nbsp;<\/div>\r\n<div style=\"text-align: justify;\"><span style=\"font-size: 14pt;\">w imieniu Stowarzyszenia Odra-Niemen pragniemy podzi\u0119kowa\u0107 za wszystkie przyniesione znicze. Zostan\u0105 one zapalone na grobach naszych przodk\u00f3w na Kresach Wschodnich. Ten drobny gest to wyraz naszego patriotyzmu i pami\u0119ci o ludziach, kt\u00f3rzy&nbsp;przelali swoj\u0105 krew za ojczyzn\u0119.<\/span><\/div>\r\n<div style=\"text-align: justify;\">&nbsp;<\/div>\r\n<div style=\"text-align: right;\"><span style=\"font-size: 14pt;\">Alicja Dubaj<\/span><\/div>\r\n<div style=\"text-align: right;\"><span style=\"font-size: 14pt;\">Krzysztof J\u0119drzejczyk<\/span><\/div>\r\n<div style=\"text-align: right;\"><span style=\"font-size: 14pt;\">Tomasz Wilczak<\/span><\/div>\t\t\t\t\t\t\t\t<\/div>\n\t\t\t\t\t<\/div>\n\t\t<\/div>\n\t\t\t\t\t<\/div>\n\t\t<\/section>\n\t\t\t\t<section class=\"elementor-section elementor-top-section elementor-element elementor-element-4897390 elementor-section-boxed elementor-section-height-default elementor-section-height-default\" data-id=\"4897390\" data-element_type=\"section\">\n\t\t\t\t\t\t<div class=\"elementor-container elementor-column-gap-default\">\n\t\t\t\t\t<div class=\"elementor-column elementor-col-100 elementor-top-column elementor-element elementor-element-3836a8b\" data-id=\"3836a8b\" data-element_type=\"column\">\n\t\t\t<div class=\"elementor-widget-wrap elementor-element-populated\">\n\t\t\t\t\t\t<div class=\"elementor-element elementor-element-7b00779 elementor-widget elementor-widget-gallery\" data-id=\"7b00779\" data-element_type=\"widget\" data-settings=\"{&quot;lazyload&quot;:&quot;yes&quot;,&quot;gallery_layout&quot;:&quot;grid&quot;,&quot;columns&quot;:4,&quot;columns_tablet&quot;:2,&quot;columns_mobile&quot;:1,&quot;gap&quot;:{&quot;unit&quot;:&quot;px&quot;,&quot;size&quot;:10,&quot;sizes&quot;:[]},&quot;gap_tablet&quot;:{&quot;unit&quot;:&quot;px&quot;,&quot;size&quot;:10,&quot;sizes&quot;:[]},&quot;gap_mobile&quot;:{&quot;unit&quot;:&quot;px&quot;,&quot;size&quot;:10,&quot;sizes&quot;:[]},&quot;link_to&quot;:&quot;file&quot;,&quot;aspect_ratio&quot;:&quot;3:2&quot;,&quot;overlay_background&quot;:&quot;yes&quot;,&quot;content_hover_animation&quot;:&quot;fade-in&quot;}\" data-widget_type=\"gallery.default\">\n\t\t\t\t<div class=\"elementor-widget-container\">\n\t\t\t\t\t\t\t<div class=\"elementor-gallery__container\">\n\t\t\t\t\t\t\t<a class=\"e-gallery-item elementor-gallery-item elementor-animated-content\" href=\"https:\/\/www.spkatarzyna.pl\/wp-content\/uploads\/2022\/12\/IMG_20221220_083653-scaled-e1671718505304.jpg\" data-elementor-open-lightbox=\"yes\" data-elementor-lightbox-slideshow=\"all-7b00779\" data-elementor-lightbox-title=\"IMG_20221220_083653\" data-e-action-hash=\"#elementor-action%3Aaction%3Dlightbox%26settings%3DeyJpZCI6Mzc1MiwidXJsIjoiaHR0cHM6XC9cL3d3dy5zcGthdGFyenluYS5wbFwvd3AtY29udGVudFwvdXBsb2Fkc1wvMjAyMlwvMTJcL0lNR18yMDIyMTIyMF8wODM2NTMtc2NhbGVkLWUxNjcxNzE4NTA1MzA0LmpwZyIsInNsaWRlc2hvdyI6ImFsbC03YjAwNzc5In0%3D\" rel=\"lightbox[3749]\">\n\t\t\t\t\t<div class=\"e-gallery-image elementor-gallery-item__image\" data-thumbnail=\"https:\/\/www.spkatarzyna.pl\/wp-content\/uploads\/2022\/12\/IMG_20221220_083653-scaled-e1671718505304-300x224.jpg\" data-width=\"300\" data-height=\"224\" alt=\"\" ><\/div>\n\t\t\t\t\t\t\t\t\t\t<div class=\"elementor-gallery-item__overlay\"><\/div>\n\t\t\t\t\t\t\t\t\t\t\t\t\t\t<\/a>\n\t\t\t\t\t\t\t<a class=\"e-gallery-item elementor-gallery-item elementor-animated-content\" href=\"https:\/\/www.spkatarzyna.pl\/wp-content\/uploads\/2022\/12\/IMG_20221220_083626_1-scaled.jpg\" data-elementor-open-lightbox=\"yes\" data-elementor-lightbox-slideshow=\"all-7b00779\" data-elementor-lightbox-title=\"IMG_20221220_083626_1\" data-e-action-hash=\"#elementor-action%3Aaction%3Dlightbox%26settings%3DeyJpZCI6Mzc1NCwidXJsIjoiaHR0cHM6XC9cL3d3dy5zcGthdGFyenluYS5wbFwvd3AtY29udGVudFwvdXBsb2Fkc1wvMjAyMlwvMTJcL0lNR18yMDIyMTIyMF8wODM2MjZfMS1zY2FsZWQuanBnIiwic2xpZGVzaG93IjoiYWxsLTdiMDA3NzkifQ%3D%3D\" rel=\"lightbox[3749]\">\n\t\t\t\t\t<div class=\"e-gallery-image elementor-gallery-item__image\" data-thumbnail=\"https:\/\/www.spkatarzyna.pl\/wp-content\/uploads\/2022\/12\/IMG_20221220_083626_1-300x224.jpg\" data-width=\"300\" data-height=\"224\" alt=\"\" ><\/div>\n\t\t\t\t\t\t\t\t\t\t<div class=\"elementor-gallery-item__overlay\"><\/div>\n\t\t\t\t\t\t\t\t\t\t\t\t\t\t<\/a>\n\t\t\t\t\t\t\t<a class=\"e-gallery-item elementor-gallery-item elementor-animated-content\" href=\"https:\/\/www.spkatarzyna.pl\/wp-content\/uploads\/2022\/12\/IMG_20221220_083634_1-scaled.jpg\" data-elementor-open-lightbox=\"yes\" data-elementor-lightbox-slideshow=\"all-7b00779\" data-elementor-lightbox-title=\"IMG_20221220_083634_1\" data-e-action-hash=\"#elementor-action%3Aaction%3Dlightbox%26settings%3DeyJpZCI6Mzc1MywidXJsIjoiaHR0cHM6XC9cL3d3dy5zcGthdGFyenluYS5wbFwvd3AtY29udGVudFwvdXBsb2Fkc1wvMjAyMlwvMTJcL0lNR18yMDIyMTIyMF8wODM2MzRfMS1zY2FsZWQuanBnIiwic2xpZGVzaG93IjoiYWxsLTdiMDA3NzkifQ%3D%3D\" rel=\"lightbox[3749]\">\n\t\t\t\t\t<div class=\"e-gallery-image elementor-gallery-item__image\" data-thumbnail=\"https:\/\/www.spkatarzyna.pl\/wp-content\/uploads\/2022\/12\/IMG_20221220_083634_1-300x224.jpg\" data-width=\"300\" data-height=\"224\" alt=\"\" ><\/div>\n\t\t\t\t\t\t\t\t\t\t<div class=\"elementor-gallery-item__overlay\"><\/div>\n\t\t\t\t\t\t\t\t\t\t\t\t\t\t<\/a>\n\t\t\t\t\t\t\t<a class=\"e-gallery-item elementor-gallery-item elementor-animated-content\" href=\"https:\/\/www.spkatarzyna.pl\/wp-content\/uploads\/2022\/12\/IMG_20221220_083653-1-scaled-e1671718567768.jpg\" data-elementor-open-lightbox=\"yes\" data-elementor-lightbox-slideshow=\"all-7b00779\" data-elementor-lightbox-title=\"IMG_20221220_083653\" data-e-action-hash=\"#elementor-action%3Aaction%3Dlightbox%26settings%3DeyJpZCI6Mzc1NSwidXJsIjoiaHR0cHM6XC9cL3d3dy5zcGthdGFyenluYS5wbFwvd3AtY29udGVudFwvdXBsb2Fkc1wvMjAyMlwvMTJcL0lNR18yMDIyMTIyMF8wODM2NTMtMS1zY2FsZWQtZTE2NzE3MTg1Njc3NjguanBnIiwic2xpZGVzaG93IjoiYWxsLTdiMDA3NzkifQ%3D%3D\" rel=\"lightbox[3749]\">\n\t\t\t\t\t<div class=\"e-gallery-image elementor-gallery-item__image\" data-thumbnail=\"https:\/\/www.spkatarzyna.pl\/wp-content\/uploads\/2022\/12\/IMG_20221220_083653-1-scaled-e1671718567768-300x224.jpg\" data-width=\"300\" data-height=\"224\" alt=\"\" ><\/div>\n\t\t\t\t\t\t\t\t\t\t<div class=\"elementor-gallery-item__overlay\"><\/div>\n\t\t\t\t\t\t\t\t\t\t\t\t\t\t<\/a>\n\t\t\t\t\t<\/div>\n\t\t\t\t\t<\/div>\n\t\t\t\t<\/div>\n\t\t\t\t\t<\/div>\n\t\t<\/div>\n\t\t\t\t\t<\/div>\n\t\t<\/section>\n\t\t\t\t<\/div>\n\t\t","protected":false},"excerpt":{"rendered":"<p>Szanowni Pa\u0144stwo, Drodzy Uczniowie, &nbsp; w imieniu Stowarzyszenia Odra-Niemen pragniemy podzi\u0119kowa\u0107 za wszystkie przyniesione znicze. Zostan\u0105 one zapalone na grobach naszych przodk\u00f3w na Kresach Wschodnich. Ten drobny gest to wyraz naszego patriotyzmu i pami\u0119ci o ludziach, kt\u00f3rzy&nbsp;przelali swoj\u0105 krew za ojczyzn\u0119. &nbsp; Alicja Dubaj Krzysztof J\u0119drzejczyk Tomasz Wilczak<\/p>\n","protected":false},"author":6,"featured_media":3750,"comment_status":"open","ping_status":"open","sticky":false,"template":"","format":"standard","meta":{"om_disable_all_campaigns":false,"_monsterinsights_skip_tracking":false,"ngg_post_thumbnail":0,"footnotes":""},"categories":[1],"tags":[],"class_list":["post-3749","post","type-post","status-publish","format-standard","has-post-thumbnail","hentry","category-uncategorized"],"aioseo_notices":[],"aioseo_head":"\n\t\t<!-- All in One SEO 5.0.1.1 - aioseo.com -->\n\t<meta name=\"description\" content=\"Szanowni Pa\u0144stwo, Drodzy Uczniowie, w imieniu Stowarzyszenia Odra-Niemen pragniemy podzi\u0119kowa\u0107 za wszystkie przyniesione znicze. Zostan\u0105 one zapalone na grobach naszych przodk\u00f3w na Kresach Wschodnich. Ten drobny gest to wyraz naszego patriotyzmu i pami\u0119ci o ludziach, kt\u00f3rzy przelali swoj\u0105 krew za ojczyzn\u0119. Alicja Dubaj Krzysztof J\u0119drzejczyk Tomasz Wilczak\" \/>\n\t<meta name=\"robots\" content=\"max-image-preview:large\" \/>\n\t<meta name=\"author\" content=\"Redakcja\"\/>\n\t<link rel=\"canonical\" href=\"https:\/\/www.spkatarzyna.pl\/index.php\/2022\/12\/22\/znicze-dla-kresowiakow\/\" \/>\n\t<meta name=\"generator\" content=\"All in One SEO (AIOSEO) 5.0.1.1\" \/>\n\t\t<meta property=\"og:locale\" content=\"pl_PL\" \/>\n\t\t<meta property=\"og:site_name\" content=\"SP Katarzyna - Publiczna Szko\u0142a Podstawowa w \u015awi\u0119tej Katarzynie\" \/>\n\t\t<meta property=\"og:type\" content=\"article\" \/>\n\t\t<meta property=\"og:title\" content=\"Znicze dla kresowiak\u00f3w - SP Katarzyna\" \/>\n\t\t<meta property=\"og:description\" content=\"Szanowni Pa\u0144stwo, Drodzy Uczniowie, w imieniu Stowarzyszenia Odra-Niemen pragniemy podzi\u0119kowa\u0107 za wszystkie przyniesione znicze. Zostan\u0105 one zapalone na grobach naszych przodk\u00f3w na Kresach Wschodnich. Ten drobny gest to wyraz naszego patriotyzmu i pami\u0119ci o ludziach, kt\u00f3rzy przelali swoj\u0105 krew za ojczyzn\u0119. Alicja Dubaj Krzysztof J\u0119drzejczyk Tomasz Wilczak\" \/>\n\t\t<meta property=\"og:url\" content=\"https:\/\/www.spkatarzyna.pl\/index.php\/2022\/12\/22\/znicze-dla-kresowiakow\/\" \/>\n\t\t<meta property=\"article:published_time\" content=\"2022-12-22T14:13:38+00:00\" \/>\n\t\t<meta property=\"article:modified_time\" content=\"2022-12-22T14:16:21+00:00\" \/>\n\t\t<meta name=\"twitter:card\" content=\"summary_large_image\" \/>\n\t\t<meta name=\"twitter:title\" content=\"Znicze dla kresowiak\u00f3w - SP Katarzyna\" \/>\n\t\t<meta name=\"twitter:description\" content=\"Szanowni Pa\u0144stwo, Drodzy Uczniowie, w imieniu Stowarzyszenia Odra-Niemen pragniemy podzi\u0119kowa\u0107 za wszystkie przyniesione znicze. Zostan\u0105 one zapalone na grobach naszych przodk\u00f3w na Kresach Wschodnich. Ten drobny gest to wyraz naszego patriotyzmu i pami\u0119ci o ludziach, kt\u00f3rzy przelali swoj\u0105 krew za ojczyzn\u0119. Alicja Dubaj Krzysztof J\u0119drzejczyk Tomasz Wilczak\" \/>\n\t\t<script type=\"application\/ld+json\" class=\"aioseo-schema\">\n\t\t\t{\"@context\":\"https:\\\/\\\/schema.org\",\"@graph\":[{\"@type\":\"BlogPosting\",\"@id\":\"https:\\\/\\\/www.spkatarzyna.pl\\\/index.php\\\/2022\\\/12\\\/22\\\/znicze-dla-kresowiakow\\\/#blogposting\",\"name\":\"Znicze dla kresowiak\\u00f3w - SP Katarzyna\",\"headline\":\"Znicze dla kresowiak\\u00f3w\",\"author\":{\"@id\":\"https:\\\/\\\/www.spkatarzyna.pl\\\/index.php\\\/author\\\/agatasafianspkatarzyna-pl\\\/#author\"},\"publisher\":{\"@id\":\"https:\\\/\\\/www.spkatarzyna.pl\\\/#organization\"},\"image\":{\"@type\":\"ImageObject\",\"url\":\"https:\\\/\\\/www.spkatarzyna.pl\\\/wp-content\\\/uploads\\\/2022\\\/12\\\/IMG_20221220_083626_11.jpg\",\"width\":360,\"height\":202},\"datePublished\":\"2022-12-22T14:13:38+01:00\",\"dateModified\":\"2022-12-22T14:16:21+01:00\",\"inLanguage\":\"pl-PL\",\"mainEntityOfPage\":{\"@id\":\"https:\\\/\\\/www.spkatarzyna.pl\\\/index.php\\\/2022\\\/12\\\/22\\\/znicze-dla-kresowiakow\\\/#webpage\"},\"isPartOf\":{\"@id\":\"https:\\\/\\\/www.spkatarzyna.pl\\\/index.php\\\/2022\\\/12\\\/22\\\/znicze-dla-kresowiakow\\\/#webpage\"},\"articleSection\":\"Uncategorized\"},{\"@type\":\"BreadcrumbList\",\"@id\":\"https:\\\/\\\/www.spkatarzyna.pl\\\/index.php\\\/2022\\\/12\\\/22\\\/znicze-dla-kresowiakow\\\/#breadcrumblist\",\"itemListElement\":[{\"@type\":\"ListItem\",\"@id\":\"https:\\\/\\\/www.spkatarzyna.pl#listItem\",\"position\":1,\"name\":\"Dom\",\"item\":\"https:\\\/\\\/www.spkatarzyna.pl\",\"nextItem\":{\"@type\":\"ListItem\",\"@id\":\"https:\\\/\\\/www.spkatarzyna.pl\\\/index.php\\\/category\\\/uncategorized\\\/#listItem\",\"name\":\"Uncategorized\"}},{\"@type\":\"ListItem\",\"@id\":\"https:\\\/\\\/www.spkatarzyna.pl\\\/index.php\\\/category\\\/uncategorized\\\/#listItem\",\"position\":2,\"name\":\"Uncategorized\",\"item\":\"https:\\\/\\\/www.spkatarzyna.pl\\\/index.php\\\/category\\\/uncategorized\\\/\",\"nextItem\":{\"@type\":\"ListItem\",\"@id\":\"https:\\\/\\\/www.spkatarzyna.pl\\\/index.php\\\/2022\\\/12\\\/22\\\/znicze-dla-kresowiakow\\\/#listItem\",\"name\":\"Znicze dla kresowiak\\u00f3w\"},\"previousItem\":{\"@type\":\"ListItem\",\"@id\":\"https:\\\/\\\/www.spkatarzyna.pl#listItem\",\"name\":\"Dom\"}},{\"@type\":\"ListItem\",\"@id\":\"https:\\\/\\\/www.spkatarzyna.pl\\\/index.php\\\/2022\\\/12\\\/22\\\/znicze-dla-kresowiakow\\\/#listItem\",\"position\":3,\"name\":\"Znicze dla kresowiak\\u00f3w\",\"previousItem\":{\"@type\":\"ListItem\",\"@id\":\"https:\\\/\\\/www.spkatarzyna.pl\\\/index.php\\\/category\\\/uncategorized\\\/#listItem\",\"name\":\"Uncategorized\"}}]},{\"@type\":\"Organization\",\"@id\":\"https:\\\/\\\/www.spkatarzyna.pl\\\/#organization\",\"name\":\"SP Katarzyna\",\"description\":\"Publiczna Szko\\u0142a Podstawowa w \\u015awi\\u0119tej Katarzynie\",\"url\":\"https:\\\/\\\/www.spkatarzyna.pl\\\/\",\"telephone\":\"+48713116378\",\"sameAs\":[\"https:\\\/\\\/facebook.com\\\/\",\"https:\\\/\\\/x.com\\\/\",\"https:\\\/\\\/instagram.com\\\/\",\"https:\\\/\\\/pinterest.com\\\/\",\"https:\\\/\\\/youtube.com\\\/\",\"https:\\\/\\\/linkedin.com\\\/in\\\/\"]},{\"@type\":\"Person\",\"@id\":\"https:\\\/\\\/www.spkatarzyna.pl\\\/index.php\\\/author\\\/agatasafianspkatarzyna-pl\\\/#author\",\"url\":\"https:\\\/\\\/www.spkatarzyna.pl\\\/index.php\\\/author\\\/agatasafianspkatarzyna-pl\\\/\",\"name\":\"Redakcja\",\"image\":{\"@type\":\"ImageObject\",\"@id\":\"https:\\\/\\\/www.spkatarzyna.pl\\\/index.php\\\/2022\\\/12\\\/22\\\/znicze-dla-kresowiakow\\\/#authorImage\",\"url\":\"https:\\\/\\\/secure.gravatar.com\\\/avatar\\\/765290513df94d442152250e92b42327?s=96&d=mm&r=g\",\"width\":96,\"height\":96,\"caption\":\"Redakcja\"}},{\"@type\":\"WebPage\",\"@id\":\"https:\\\/\\\/www.spkatarzyna.pl\\\/index.php\\\/2022\\\/12\\\/22\\\/znicze-dla-kresowiakow\\\/#webpage\",\"url\":\"https:\\\/\\\/www.spkatarzyna.pl\\\/index.php\\\/2022\\\/12\\\/22\\\/znicze-dla-kresowiakow\\\/\",\"name\":\"Znicze dla kresowiak\\u00f3w - SP Katarzyna\",\"description\":\"Szanowni Pa\\u0144stwo, Drodzy Uczniowie, w imieniu Stowarzyszenia Odra-Niemen pragniemy podzi\\u0119kowa\\u0107 za wszystkie przyniesione znicze. Zostan\\u0105 one zapalone na grobach naszych przodk\\u00f3w na Kresach Wschodnich. Ten drobny gest to wyraz naszego patriotyzmu i pami\\u0119ci o ludziach, kt\\u00f3rzy przelali swoj\\u0105 krew za ojczyzn\\u0119. Alicja Dubaj Krzysztof J\\u0119drzejczyk Tomasz Wilczak\",\"inLanguage\":\"pl-PL\",\"isPartOf\":{\"@id\":\"https:\\\/\\\/www.spkatarzyna.pl\\\/#website\"},\"breadcrumb\":{\"@id\":\"https:\\\/\\\/www.spkatarzyna.pl\\\/index.php\\\/2022\\\/12\\\/22\\\/znicze-dla-kresowiakow\\\/#breadcrumblist\"},\"author\":{\"@id\":\"https:\\\/\\\/www.spkatarzyna.pl\\\/index.php\\\/author\\\/agatasafianspkatarzyna-pl\\\/#author\"},\"creator\":{\"@id\":\"https:\\\/\\\/www.spkatarzyna.pl\\\/index.php\\\/author\\\/agatasafianspkatarzyna-pl\\\/#author\"},\"image\":{\"@type\":\"ImageObject\",\"url\":\"https:\\\/\\\/www.spkatarzyna.pl\\\/wp-content\\\/uploads\\\/2022\\\/12\\\/IMG_20221220_083626_11.jpg\",\"@id\":\"https:\\\/\\\/www.spkatarzyna.pl\\\/index.php\\\/2022\\\/12\\\/22\\\/znicze-dla-kresowiakow\\\/#mainImage\",\"width\":360,\"height\":202},\"primaryImageOfPage\":{\"@id\":\"https:\\\/\\\/www.spkatarzyna.pl\\\/index.php\\\/2022\\\/12\\\/22\\\/znicze-dla-kresowiakow\\\/#mainImage\"},\"datePublished\":\"2022-12-22T14:13:38+01:00\",\"dateModified\":\"2022-12-22T14:16:21+01:00\"},{\"@type\":\"WebSite\",\"@id\":\"https:\\\/\\\/www.spkatarzyna.pl\\\/#website\",\"url\":\"https:\\\/\\\/www.spkatarzyna.pl\\\/\",\"name\":\"SP Katarzyna\",\"description\":\"Publiczna Szko\\u0142a Podstawowa w \\u015awi\\u0119tej Katarzynie\",\"inLanguage\":\"pl-PL\",\"publisher\":{\"@id\":\"https:\\\/\\\/www.spkatarzyna.pl\\\/#organization\"}}]}\n\t\t<\/script>\n\t\t<!-- All in One SEO -->\n\n","aioseo_head_json":{"title":"Znicze dla kresowiak\u00f3w - SP Katarzyna","description":"Szanowni Pa\u0144stwo, Drodzy Uczniowie, w imieniu Stowarzyszenia Odra-Niemen pragniemy podzi\u0119kowa\u0107 za wszystkie przyniesione znicze. Zostan\u0105 one zapalone na grobach naszych przodk\u00f3w na Kresach Wschodnich. Ten drobny gest to wyraz naszego patriotyzmu i pami\u0119ci o ludziach, kt\u00f3rzy przelali swoj\u0105 krew za ojczyzn\u0119. Alicja Dubaj Krzysztof J\u0119drzejczyk Tomasz Wilczak","canonical_url":"https:\/\/www.spkatarzyna.pl\/index.php\/2022\/12\/22\/znicze-dla-kresowiakow\/","robots":"max-image-preview:large","keywords":"","webmasterTools":{"miscellaneous":""},"schema":{"@context":"https:\/\/schema.org","@graph":[{"@type":"BlogPosting","@id":"https:\/\/www.spkatarzyna.pl\/index.php\/2022\/12\/22\/znicze-dla-kresowiakow\/#blogposting","name":"Znicze dla kresowiak\u00f3w - SP Katarzyna","headline":"Znicze dla kresowiak\u00f3w","author":{"@id":"https:\/\/www.spkatarzyna.pl\/index.php\/author\/agatasafianspkatarzyna-pl\/#author"},"publisher":{"@id":"https:\/\/www.spkatarzyna.pl\/#organization"},"image":{"@type":"ImageObject","url":"https:\/\/www.spkatarzyna.pl\/wp-content\/uploads\/2022\/12\/IMG_20221220_083626_11.jpg","width":360,"height":202},"datePublished":"2022-12-22T14:13:38+01:00","dateModified":"2022-12-22T14:16:21+01:00","inLanguage":"pl-PL","mainEntityOfPage":{"@id":"https:\/\/www.spkatarzyna.pl\/index.php\/2022\/12\/22\/znicze-dla-kresowiakow\/#webpage"},"isPartOf":{"@id":"https:\/\/www.spkatarzyna.pl\/index.php\/2022\/12\/22\/znicze-dla-kresowiakow\/#webpage"},"articleSection":"Uncategorized"},{"@type":"BreadcrumbList","@id":"https:\/\/www.spkatarzyna.pl\/index.php\/2022\/12\/22\/znicze-dla-kresowiakow\/#breadcrumblist","itemListElement":[{"@type":"ListItem","@id":"https:\/\/www.spkatarzyna.pl#listItem","position":1,"name":"Dom","item":"https:\/\/www.spkatarzyna.pl","nextItem":{"@type":"ListItem","@id":"https:\/\/www.spkatarzyna.pl\/index.php\/category\/uncategorized\/#listItem","name":"Uncategorized"}},{"@type":"ListItem","@id":"https:\/\/www.spkatarzyna.pl\/index.php\/category\/uncategorized\/#listItem","position":2,"name":"Uncategorized","item":"https:\/\/www.spkatarzyna.pl\/index.php\/category\/uncategorized\/","nextItem":{"@type":"ListItem","@id":"https:\/\/www.spkatarzyna.pl\/index.php\/2022\/12\/22\/znicze-dla-kresowiakow\/#listItem","name":"Znicze dla kresowiak\u00f3w"},"previousItem":{"@type":"ListItem","@id":"https:\/\/www.spkatarzyna.pl#listItem","name":"Dom"}},{"@type":"ListItem","@id":"https:\/\/www.spkatarzyna.pl\/index.php\/2022\/12\/22\/znicze-dla-kresowiakow\/#listItem","position":3,"name":"Znicze dla kresowiak\u00f3w","previousItem":{"@type":"ListItem","@id":"https:\/\/www.spkatarzyna.pl\/index.php\/category\/uncategorized\/#listItem","name":"Uncategorized"}}]},{"@type":"Organization","@id":"https:\/\/www.spkatarzyna.pl\/#organization","name":"SP Katarzyna","description":"Publiczna Szko\u0142a Podstawowa w \u015awi\u0119tej Katarzynie","url":"https:\/\/www.spkatarzyna.pl\/","telephone":"+48713116378","sameAs":["https:\/\/facebook.com\/","https:\/\/x.com\/","https:\/\/instagram.com\/","https:\/\/pinterest.com\/","https:\/\/youtube.com\/","https:\/\/linkedin.com\/in\/"]},{"@type":"Person","@id":"https:\/\/www.spkatarzyna.pl\/index.php\/author\/agatasafianspkatarzyna-pl\/#author","url":"https:\/\/www.spkatarzyna.pl\/index.php\/author\/agatasafianspkatarzyna-pl\/","name":"Redakcja","image":{"@type":"ImageObject","@id":"https:\/\/www.spkatarzyna.pl\/index.php\/2022\/12\/22\/znicze-dla-kresowiakow\/#authorImage","url":"https:\/\/secure.gravatar.com\/avatar\/765290513df94d442152250e92b42327?s=96&d=mm&r=g","width":96,"height":96,"caption":"Redakcja"}},{"@type":"WebPage","@id":"https:\/\/www.spkatarzyna.pl\/index.php\/2022\/12\/22\/znicze-dla-kresowiakow\/#webpage","url":"https:\/\/www.spkatarzyna.pl\/index.php\/2022\/12\/22\/znicze-dla-kresowiakow\/","name":"Znicze dla kresowiak\u00f3w - SP Katarzyna","description":"Szanowni Pa\u0144stwo, Drodzy Uczniowie, w imieniu Stowarzyszenia Odra-Niemen pragniemy podzi\u0119kowa\u0107 za wszystkie przyniesione znicze. Zostan\u0105 one zapalone na grobach naszych przodk\u00f3w na Kresach Wschodnich. Ten drobny gest to wyraz naszego patriotyzmu i pami\u0119ci o ludziach, kt\u00f3rzy przelali swoj\u0105 krew za ojczyzn\u0119. Alicja Dubaj Krzysztof J\u0119drzejczyk Tomasz Wilczak","inLanguage":"pl-PL","isPartOf":{"@id":"https:\/\/www.spkatarzyna.pl\/#website"},"breadcrumb":{"@id":"https:\/\/www.spkatarzyna.pl\/index.php\/2022\/12\/22\/znicze-dla-kresowiakow\/#breadcrumblist"},"author":{"@id":"https:\/\/www.spkatarzyna.pl\/index.php\/author\/agatasafianspkatarzyna-pl\/#author"},"creator":{"@id":"https:\/\/www.spkatarzyna.pl\/index.php\/author\/agatasafianspkatarzyna-pl\/#author"},"image":{"@type":"ImageObject","url":"https:\/\/www.spkatarzyna.pl\/wp-content\/uploads\/2022\/12\/IMG_20221220_083626_11.jpg","@id":"https:\/\/www.spkatarzyna.pl\/index.php\/2022\/12\/22\/znicze-dla-kresowiakow\/#mainImage","width":360,"height":202},"primaryImageOfPage":{"@id":"https:\/\/www.spkatarzyna.pl\/index.php\/2022\/12\/22\/znicze-dla-kresowiakow\/#mainImage"},"datePublished":"2022-12-22T14:13:38+01:00","dateModified":"2022-12-22T14:16:21+01:00"},{"@type":"WebSite","@id":"https:\/\/www.spkatarzyna.pl\/#website","url":"https:\/\/www.spkatarzyna.pl\/","name":"SP Katarzyna","description":"Publiczna Szko\u0142a Podstawowa w \u015awi\u0119tej Katarzynie","inLanguage":"pl-PL","publisher":{"@id":"https:\/\/www.spkatarzyna.pl\/#organization"}}]},"og:locale":"pl_PL","og:site_name":"SP Katarzyna - Publiczna Szko\u0142a Podstawowa w \u015awi\u0119tej Katarzynie","og:type":"article","og:title":"Znicze dla kresowiak\u00f3w - SP Katarzyna","og:description":"Szanowni Pa\u0144stwo, Drodzy Uczniowie, w imieniu Stowarzyszenia Odra-Niemen pragniemy podzi\u0119kowa\u0107 za wszystkie przyniesione znicze. Zostan\u0105 one zapalone na grobach naszych przodk\u00f3w na Kresach Wschodnich. Ten drobny gest to wyraz naszego patriotyzmu i pami\u0119ci o ludziach, kt\u00f3rzy przelali swoj\u0105 krew za ojczyzn\u0119. Alicja Dubaj Krzysztof J\u0119drzejczyk Tomasz Wilczak","og:url":"https:\/\/www.spkatarzyna.pl\/index.php\/2022\/12\/22\/znicze-dla-kresowiakow\/","article:published_time":"2022-12-22T14:13:38+00:00","article:modified_time":"2022-12-22T14:16:21+00:00","twitter:card":"summary_large_image","twitter:title":"Znicze dla kresowiak\u00f3w - SP Katarzyna","twitter:description":"Szanowni Pa\u0144stwo, Drodzy Uczniowie, w imieniu Stowarzyszenia Odra-Niemen pragniemy podzi\u0119kowa\u0107 za wszystkie przyniesione znicze. Zostan\u0105 one zapalone na grobach naszych przodk\u00f3w na Kresach Wschodnich. Ten drobny gest to wyraz naszego patriotyzmu i pami\u0119ci o ludziach, kt\u00f3rzy przelali swoj\u0105 krew za ojczyzn\u0119. Alicja Dubaj Krzysztof J\u0119drzejczyk Tomasz Wilczak"},"aioseo_meta_data":{"post_id":"3749","title":null,"description":null,"keywords":null,"keyphrases":null,"primary_term":null,"canonical_url":null,"og_title":null,"og_description":null,"og_object_type":"default","og_image_type":"default","og_image_url":null,"og_image_width":null,"og_image_height":null,"og_image_custom_url":null,"og_image_custom_fields":null,"og_video":null,"og_custom_url":null,"og_article_section":null,"og_article_tags":null,"twitter_use_og":false,"twitter_card":"default","twitter_image_type":"default","twitter_image_url":null,"twitter_image_custom_url":null,"twitter_image_custom_fields":null,"twitter_title":null,"twitter_description":null,"schema":{"blockGraphs":[],"customGraphs":[],"default":{"data":{"Article":[],"Course":[],"Dataset":[],"FAQPage":[],"Movie":[],"Person":[],"Product":[],"ProductReview":[],"Car":[],"Recipe":[],"Service":[],"SoftwareApplication":[],"WebPage":[]},"graphName":"","isEnabled":true},"graphs":[]},"schema_type":"default","schema_type_options":null,"pillar_content":false,"robots_default":true,"robots_noindex":false,"robots_noarchive":false,"robots_nosnippet":false,"robots_nofollow":false,"robots_noimageindex":false,"robots_noodp":false,"robots_notranslate":false,"robots_max_snippet":null,"robots_max_videopreview":null,"robots_max_imagepreview":"large","priority":null,"frequency":null,"local_seo":null,"limit_modified_date":false,"created":"2024-04-03 07:40:35","updated":"2026-09-03 14:10:13","focus_keyword":null,"additional_keywords":null,"truseo_locale":null,"ai":null,"breadcrumb_settings":null,"seo_analyzer_scan_date":null},"aioseo_breadcrumb":"<div class=\"aioseo-breadcrumbs\"><span class=\"aioseo-breadcrumb\">\n\t\t\t<a href=\"https:\/\/www.spkatarzyna.pl\" title=\"Dom\">Dom<\/a>\n\t\t<\/span><span class=\"aioseo-breadcrumb-separator\">&raquo;<\/span><span class=\"aioseo-breadcrumb\">\n\t\t\t<a href=\"https:\/\/www.spkatarzyna.pl\/index.php\/category\/uncategorized\/\" title=\"Uncategorized\">Uncategorized<\/a>\n\t\t<\/span><span class=\"aioseo-breadcrumb-separator\">&raquo;<\/span><span class=\"aioseo-breadcrumb\">\n\t\t\tZnicze dla kresowiak\u00f3w\n\t\t<\/span><\/div>","aioseo_breadcrumb_json":[{"label":"Dom","link":"https:\/\/www.spkatarzyna.pl"},{"label":"Uncategorized","link":"https:\/\/www.spkatarzyna.pl\/index.php\/category\/uncategorized\/"},{"label":"Znicze dla kresowiak\u00f3w","link":"https:\/\/www.spkatarzyna.pl\/index.php\/2022\/12\/22\/znicze-dla-kresowiakow\/"}],"_links":{"self":[{"href":"https:\/\/www.spkatarzyna.pl\/index.php\/wp-json\/wp\/v2\/posts\/3749","targetHints":{"allow":["GET"]}}],"collection":[{"href":"https:\/\/www.spkatarzyna.pl\/index.php\/wp-json\/wp\/v2\/posts"}],"about":[{"href":"https:\/\/www.spkatarzyna.pl\/index.php\/wp-json\/wp\/v2\/types\/post"}],"author":[{"embeddable":true,"href":"https:\/\/www.spkatarzyna.pl\/index.php\/wp-json\/wp\/v2\/users\/6"}],"replies":[{"embeddable":true,"href":"https:\/\/www.spkatarzyna.pl\/index.php\/wp-json\/wp\/v2\/comments?post=3749"}],"version-history":[{"count":4,"href":"https:\/\/www.spkatarzyna.pl\/index.php\/wp-json\/wp\/v2\/posts\/3749\/revisions"}],"predecessor-version":[{"id":3758,"href":"https:\/\/www.spkatarzyna.pl\/index.php\/wp-json\/wp\/v2\/posts\/3749\/revisions\/3758"}],"wp:featuredmedia":[{"embeddable":true,"href":"https:\/\/www.spkatarzyna.pl\/index.php\/wp-json\/wp\/v2\/media\/3750"}],"wp:attachment":[{"href":"https:\/\/www.spkatarzyna.pl\/index.php\/wp-json\/wp\/v2\/media?parent=3749"}],"wp:term":[{"taxonomy":"category","embeddable":true,"href":"https:\/\/www.spkatarzyna.pl\/index.php\/wp-json\/wp\/v2\/categories?post=3749"},{"taxonomy":"post_tag","embeddable":true,"href":"https:\/\/www.spkatarzyna.pl\/index.php\/wp-json\/wp\/v2\/tags?post=3749"}],"curies":[{"name":"wp","href":"https:\/\/api.w.org\/{rel}","templated":true}]}}