{"id":3939,"date":"2023-01-11T15:16:40","date_gmt":"2023-01-11T15:16:40","guid":{"rendered":"http:\/\/www.spkatarzyna.pl\/?p=3939"},"modified":"2023-01-11T15:24:38","modified_gmt":"2023-01-11T15:24:38","slug":"dokarmiamy-ptaki-zima","status":"publish","type":"post","link":"https:\/\/www.spkatarzyna.pl\/index.php\/2023\/01\/11\/dokarmiamy-ptaki-zima\/","title":{"rendered":"Dokarmiamy ptaki zim\u0105"},"content":{"rendered":"\t\t<div data-elementor-type=\"wp-post\" data-elementor-id=\"3939\" class=\"elementor elementor-3939\">\n\t\t\t\t\t\t<section class=\"elementor-section elementor-top-section elementor-element elementor-element-31766d43 elementor-section-boxed elementor-section-height-default elementor-section-height-default\" data-id=\"31766d43\" data-element_type=\"section\">\n\t\t\t\t\t\t<div class=\"elementor-container elementor-column-gap-default\">\n\t\t\t\t\t<div class=\"elementor-column elementor-col-100 elementor-top-column elementor-element elementor-element-697835a\" data-id=\"697835a\" data-element_type=\"column\">\n\t\t\t<div class=\"elementor-widget-wrap elementor-element-populated\">\n\t\t\t\t\t\t<div class=\"elementor-element elementor-element-74eff075 elementor-widget elementor-widget-text-editor\" data-id=\"74eff075\" data-element_type=\"widget\" data-widget_type=\"text-editor.default\">\n\t\t\t\t\t\t\t\t\t<p style=\"text-align: justify;\"><span style=\"font-size: 14pt;\">Dokarmianie ptak\u00f3w zim\u0105 jest niezwykle wa\u017cne. Wiedz\u0105 o tym uczniowie klasy 1a, kt\u00f3rzy 9 stycznia 2023 r. zadbali o to, by w szkolnym parku karmniki by\u0142y pe\u0142ne. Najm\u0142odsi uczniowie przygotowali ziarenka, p\u0142atki kukurydziane, kasz\u0119 oraz s\u0142onink\u0119. Zima jest to bardzo trudny okres dla ptak\u00f3w, kt\u00f3re bez pomocy ludzi mog\u0142oby nie prze\u017cy\u0107 ci\u0119\u017ckich zimowych warunk\u00f3w. Dokarmianie ptak\u00f3w zim\u0105 to tak\u017ce okazja do kszta\u0142towania u dzieci poczucia odpowiedzialno\u015bci i wra\u017cliwo\u015bci na losy zwierz\u0105t.<\/span><\/p>\r\n&nbsp;\t\t\t\t\t\t\t\t<\/div>\n\t\t\t\t\t<\/div>\n\t\t<\/div>\n\t\t\t\t\t<\/div>\n\t\t<\/section>\n\t\t\t\t<section class=\"elementor-section elementor-top-section elementor-element elementor-element-965b348 elementor-section-boxed elementor-section-height-default elementor-section-height-default\" data-id=\"965b348\" data-element_type=\"section\">\n\t\t\t\t\t\t<div class=\"elementor-container elementor-column-gap-default\">\n\t\t\t\t\t<div class=\"elementor-column elementor-col-100 elementor-top-column elementor-element elementor-element-9a626c7\" data-id=\"9a626c7\" data-element_type=\"column\">\n\t\t\t<div class=\"elementor-widget-wrap elementor-element-populated\">\n\t\t\t\t\t\t<div class=\"elementor-element elementor-element-c3282f2 elementor-widget elementor-widget-gallery\" data-id=\"c3282f2\" data-element_type=\"widget\" data-settings=\"{&quot;lazyload&quot;:&quot;yes&quot;,&quot;gallery_layout&quot;:&quot;grid&quot;,&quot;columns&quot;:4,&quot;columns_tablet&quot;:2,&quot;columns_mobile&quot;:1,&quot;gap&quot;:{&quot;unit&quot;:&quot;px&quot;,&quot;size&quot;:10,&quot;sizes&quot;:[]},&quot;gap_tablet&quot;:{&quot;unit&quot;:&quot;px&quot;,&quot;size&quot;:10,&quot;sizes&quot;:[]},&quot;gap_mobile&quot;:{&quot;unit&quot;:&quot;px&quot;,&quot;size&quot;:10,&quot;sizes&quot;:[]},&quot;link_to&quot;:&quot;file&quot;,&quot;aspect_ratio&quot;:&quot;3:2&quot;,&quot;overlay_background&quot;:&quot;yes&quot;,&quot;content_hover_animation&quot;:&quot;fade-in&quot;}\" data-widget_type=\"gallery.default\">\n\t\t\t\t<div class=\"elementor-widget-container\">\n\t\t\t\t\t\t\t<div class=\"elementor-gallery__container\">\n\t\t\t\t\t\t\t<a class=\"e-gallery-item elementor-gallery-item elementor-animated-content\" href=\"https:\/\/www.spkatarzyna.pl\/wp-content\/uploads\/2023\/01\/IMG_7151-scaled.jpg\" data-elementor-open-lightbox=\"yes\" data-elementor-lightbox-slideshow=\"all-c3282f2\" data-elementor-lightbox-title=\"IMG_7151\" data-e-action-hash=\"#elementor-action%3Aaction%3Dlightbox%26settings%3DeyJpZCI6Mzk0MiwidXJsIjoiaHR0cHM6XC9cL3d3dy5zcGthdGFyenluYS5wbFwvd3AtY29udGVudFwvdXBsb2Fkc1wvMjAyM1wvMDFcL0lNR183MTUxLXNjYWxlZC5qcGciLCJzbGlkZXNob3ciOiJhbGwtYzMyODJmMiJ9\" rel=\"lightbox[3939]\">\n\t\t\t\t\t<div class=\"e-gallery-image elementor-gallery-item__image\" data-thumbnail=\"https:\/\/www.spkatarzyna.pl\/wp-content\/uploads\/2023\/01\/IMG_7151-225x300.jpg\" data-width=\"225\" data-height=\"300\" alt=\"\" ><\/div>\n\t\t\t\t\t\t\t\t\t\t<div class=\"elementor-gallery-item__overlay\"><\/div>\n\t\t\t\t\t\t\t\t\t\t\t\t\t\t<\/a>\n\t\t\t\t\t\t\t<a class=\"e-gallery-item elementor-gallery-item elementor-animated-content\" href=\"https:\/\/www.spkatarzyna.pl\/wp-content\/uploads\/2023\/01\/IMG_7152-1-scaled.jpg\" data-elementor-open-lightbox=\"yes\" data-elementor-lightbox-slideshow=\"all-c3282f2\" data-elementor-lightbox-title=\"IMG_7152\" data-e-action-hash=\"#elementor-action%3Aaction%3Dlightbox%26settings%3DeyJpZCI6Mzk0NSwidXJsIjoiaHR0cHM6XC9cL3d3dy5zcGthdGFyenluYS5wbFwvd3AtY29udGVudFwvdXBsb2Fkc1wvMjAyM1wvMDFcL0lNR183MTUyLTEtc2NhbGVkLmpwZyIsInNsaWRlc2hvdyI6ImFsbC1jMzI4MmYyIn0%3D\" rel=\"lightbox[3939]\">\n\t\t\t\t\t<div class=\"e-gallery-image elementor-gallery-item__image\" data-thumbnail=\"https:\/\/www.spkatarzyna.pl\/wp-content\/uploads\/2023\/01\/IMG_7152-1-225x300.jpg\" data-width=\"225\" data-height=\"300\" alt=\"\" ><\/div>\n\t\t\t\t\t\t\t\t\t\t<div class=\"elementor-gallery-item__overlay\"><\/div>\n\t\t\t\t\t\t\t\t\t\t\t\t\t\t<\/a>\n\t\t\t\t\t\t\t<a class=\"e-gallery-item elementor-gallery-item elementor-animated-content\" href=\"https:\/\/www.spkatarzyna.pl\/wp-content\/uploads\/2023\/01\/IMG_7148-scaled.jpg\" data-elementor-open-lightbox=\"yes\" data-elementor-lightbox-slideshow=\"all-c3282f2\" data-elementor-lightbox-title=\"IMG_7148\" data-e-action-hash=\"#elementor-action%3Aaction%3Dlightbox%26settings%3DeyJpZCI6Mzk0MywidXJsIjoiaHR0cHM6XC9cL3d3dy5zcGthdGFyenluYS5wbFwvd3AtY29udGVudFwvdXBsb2Fkc1wvMjAyM1wvMDFcL0lNR183MTQ4LXNjYWxlZC5qcGciLCJzbGlkZXNob3ciOiJhbGwtYzMyODJmMiJ9\" rel=\"lightbox[3939]\">\n\t\t\t\t\t<div class=\"e-gallery-image elementor-gallery-item__image\" data-thumbnail=\"https:\/\/www.spkatarzyna.pl\/wp-content\/uploads\/2023\/01\/IMG_7148-225x300.jpg\" data-width=\"225\" data-height=\"300\" alt=\"\" ><\/div>\n\t\t\t\t\t\t\t\t\t\t<div class=\"elementor-gallery-item__overlay\"><\/div>\n\t\t\t\t\t\t\t\t\t\t\t\t\t\t<\/a>\n\t\t\t\t\t\t\t<a class=\"e-gallery-item elementor-gallery-item elementor-animated-content\" href=\"https:\/\/www.spkatarzyna.pl\/wp-content\/uploads\/2023\/01\/IMG_7152-scaled.jpg\" data-elementor-open-lightbox=\"yes\" data-elementor-lightbox-slideshow=\"all-c3282f2\" data-elementor-lightbox-title=\"IMG_7152\" data-e-action-hash=\"#elementor-action%3Aaction%3Dlightbox%26settings%3DeyJpZCI6Mzk0NCwidXJsIjoiaHR0cHM6XC9cL3d3dy5zcGthdGFyenluYS5wbFwvd3AtY29udGVudFwvdXBsb2Fkc1wvMjAyM1wvMDFcL0lNR183MTUyLXNjYWxlZC5qcGciLCJzbGlkZXNob3ciOiJhbGwtYzMyODJmMiJ9\" rel=\"lightbox[3939]\">\n\t\t\t\t\t<div class=\"e-gallery-image elementor-gallery-item__image\" data-thumbnail=\"https:\/\/www.spkatarzyna.pl\/wp-content\/uploads\/2023\/01\/IMG_7152-225x300.jpg\" data-width=\"225\" data-height=\"300\" alt=\"\" ><\/div>\n\t\t\t\t\t\t\t\t\t\t<div class=\"elementor-gallery-item__overlay\"><\/div>\n\t\t\t\t\t\t\t\t\t\t\t\t\t\t<\/a>\n\t\t\t\t\t<\/div>\n\t\t\t\t\t<\/div>\n\t\t\t\t<\/div>\n\t\t\t\t\t<\/div>\n\t\t<\/div>\n\t\t\t\t\t<\/div>\n\t\t<\/section>\n\t\t\t\t<\/div>\n\t\t","protected":false},"excerpt":{"rendered":"<p>Dokarmianie ptak\u00f3w zim\u0105 jest niezwykle wa\u017cne. Wiedz\u0105 o tym uczniowie klasy 1a, kt\u00f3rzy 9 stycznia 2023 r. zadbali o to, by w szkolnym parku karmniki by\u0142y pe\u0142ne. Najm\u0142odsi uczniowie przygotowali ziarenka, p\u0142atki kukurydziane, kasz\u0119 oraz s\u0142onink\u0119. Zima jest to bardzo trudny okres dla ptak\u00f3w, kt\u00f3re bez pomocy ludzi mog\u0142oby nie [&hellip;]<\/p>\n","protected":false},"author":6,"featured_media":3940,"comment_status":"open","ping_status":"open","sticky":false,"template":"","format":"standard","meta":{"om_disable_all_campaigns":false,"_monsterinsights_skip_tracking":false,"ngg_post_thumbnail":0,"footnotes":""},"categories":[1],"tags":[],"class_list":["post-3939","post","type-post","status-publish","format-standard","has-post-thumbnail","hentry","category-uncategorized"],"aioseo_notices":[],"aioseo_head":"\n\t\t<!-- All in One SEO 5.0.1.1 - aioseo.com -->\n\t<meta name=\"description\" content=\"Dokarmianie ptak\u00f3w zim\u0105 jest niezwykle wa\u017cne. Wiedz\u0105 o tym uczniowie klasy 1a, kt\u00f3rzy 9 stycznia 2023 r. zadbali o to, by w szkolnym parku karmniki by\u0142y pe\u0142ne. Najm\u0142odsi uczniowie przygotowali ziarenka, p\u0142atki kukurydziane, kasz\u0119 oraz s\u0142onink\u0119. Zima jest to bardzo trudny okres dla ptak\u00f3w, kt\u00f3re bez pomocy ludzi mog\u0142oby nie prze\u017cy\u0107 ci\u0119\u017ckich zimowych warunk\u00f3w. Dokarmianie\" \/>\n\t<meta name=\"robots\" content=\"max-image-preview:large\" \/>\n\t<meta name=\"author\" content=\"Redakcja\"\/>\n\t<link rel=\"canonical\" href=\"https:\/\/www.spkatarzyna.pl\/index.php\/2023\/01\/11\/dokarmiamy-ptaki-zima\/\" \/>\n\t<meta name=\"generator\" content=\"All in One SEO (AIOSEO) 5.0.1.1\" \/>\n\t\t<meta property=\"og:locale\" content=\"pl_PL\" \/>\n\t\t<meta property=\"og:site_name\" content=\"SP Katarzyna - Publiczna Szko\u0142a Podstawowa w \u015awi\u0119tej Katarzynie\" \/>\n\t\t<meta property=\"og:type\" content=\"article\" \/>\n\t\t<meta property=\"og:title\" content=\"Dokarmiamy ptaki zim\u0105 - SP Katarzyna\" \/>\n\t\t<meta property=\"og:description\" content=\"Dokarmianie ptak\u00f3w zim\u0105 jest niezwykle wa\u017cne. Wiedz\u0105 o tym uczniowie klasy 1a, kt\u00f3rzy 9 stycznia 2023 r. zadbali o to, by w szkolnym parku karmniki by\u0142y pe\u0142ne. Najm\u0142odsi uczniowie przygotowali ziarenka, p\u0142atki kukurydziane, kasz\u0119 oraz s\u0142onink\u0119. Zima jest to bardzo trudny okres dla ptak\u00f3w, kt\u00f3re bez pomocy ludzi mog\u0142oby nie prze\u017cy\u0107 ci\u0119\u017ckich zimowych warunk\u00f3w. Dokarmianie\" \/>\n\t\t<meta property=\"og:url\" content=\"https:\/\/www.spkatarzyna.pl\/index.php\/2023\/01\/11\/dokarmiamy-ptaki-zima\/\" \/>\n\t\t<meta property=\"article:published_time\" content=\"2023-01-11T15:16:40+00:00\" \/>\n\t\t<meta property=\"article:modified_time\" content=\"2023-01-11T15:24:38+00:00\" \/>\n\t\t<meta name=\"twitter:card\" content=\"summary_large_image\" \/>\n\t\t<meta name=\"twitter:title\" content=\"Dokarmiamy ptaki zim\u0105 - SP Katarzyna\" \/>\n\t\t<meta name=\"twitter:description\" content=\"Dokarmianie ptak\u00f3w zim\u0105 jest niezwykle wa\u017cne. Wiedz\u0105 o tym uczniowie klasy 1a, kt\u00f3rzy 9 stycznia 2023 r. zadbali o to, by w szkolnym parku karmniki by\u0142y pe\u0142ne. Najm\u0142odsi uczniowie przygotowali ziarenka, p\u0142atki kukurydziane, kasz\u0119 oraz s\u0142onink\u0119. Zima jest to bardzo trudny okres dla ptak\u00f3w, kt\u00f3re bez pomocy ludzi mog\u0142oby nie prze\u017cy\u0107 ci\u0119\u017ckich zimowych warunk\u00f3w. Dokarmianie\" \/>\n\t\t<script type=\"application\/ld+json\" class=\"aioseo-schema\">\n\t\t\t{\"@context\":\"https:\\\/\\\/schema.org\",\"@graph\":[{\"@type\":\"BlogPosting\",\"@id\":\"https:\\\/\\\/www.spkatarzyna.pl\\\/index.php\\\/2023\\\/01\\\/11\\\/dokarmiamy-ptaki-zima\\\/#blogposting\",\"name\":\"Dokarmiamy ptaki zim\\u0105 - SP Katarzyna\",\"headline\":\"Dokarmiamy ptaki zim\\u0105\",\"author\":{\"@id\":\"https:\\\/\\\/www.spkatarzyna.pl\\\/index.php\\\/author\\\/agatasafianspkatarzyna-pl\\\/#author\"},\"publisher\":{\"@id\":\"https:\\\/\\\/www.spkatarzyna.pl\\\/#organization\"},\"image\":{\"@type\":\"ImageObject\",\"url\":\"https:\\\/\\\/www.spkatarzyna.pl\\\/wp-content\\\/uploads\\\/2023\\\/01\\\/IMG_71482.jpg\",\"width\":360,\"height\":202},\"datePublished\":\"2023-01-11T15:16:40+01:00\",\"dateModified\":\"2023-01-11T15:24:38+01:00\",\"inLanguage\":\"pl-PL\",\"mainEntityOfPage\":{\"@id\":\"https:\\\/\\\/www.spkatarzyna.pl\\\/index.php\\\/2023\\\/01\\\/11\\\/dokarmiamy-ptaki-zima\\\/#webpage\"},\"isPartOf\":{\"@id\":\"https:\\\/\\\/www.spkatarzyna.pl\\\/index.php\\\/2023\\\/01\\\/11\\\/dokarmiamy-ptaki-zima\\\/#webpage\"},\"articleSection\":\"Uncategorized\"},{\"@type\":\"BreadcrumbList\",\"@id\":\"https:\\\/\\\/www.spkatarzyna.pl\\\/index.php\\\/2023\\\/01\\\/11\\\/dokarmiamy-ptaki-zima\\\/#breadcrumblist\",\"itemListElement\":[{\"@type\":\"ListItem\",\"@id\":\"https:\\\/\\\/www.spkatarzyna.pl#listItem\",\"position\":1,\"name\":\"Dom\",\"item\":\"https:\\\/\\\/www.spkatarzyna.pl\",\"nextItem\":{\"@type\":\"ListItem\",\"@id\":\"https:\\\/\\\/www.spkatarzyna.pl\\\/index.php\\\/category\\\/uncategorized\\\/#listItem\",\"name\":\"Uncategorized\"}},{\"@type\":\"ListItem\",\"@id\":\"https:\\\/\\\/www.spkatarzyna.pl\\\/index.php\\\/category\\\/uncategorized\\\/#listItem\",\"position\":2,\"name\":\"Uncategorized\",\"item\":\"https:\\\/\\\/www.spkatarzyna.pl\\\/index.php\\\/category\\\/uncategorized\\\/\",\"nextItem\":{\"@type\":\"ListItem\",\"@id\":\"https:\\\/\\\/www.spkatarzyna.pl\\\/index.php\\\/2023\\\/01\\\/11\\\/dokarmiamy-ptaki-zima\\\/#listItem\",\"name\":\"Dokarmiamy ptaki zim\\u0105\"},\"previousItem\":{\"@type\":\"ListItem\",\"@id\":\"https:\\\/\\\/www.spkatarzyna.pl#listItem\",\"name\":\"Dom\"}},{\"@type\":\"ListItem\",\"@id\":\"https:\\\/\\\/www.spkatarzyna.pl\\\/index.php\\\/2023\\\/01\\\/11\\\/dokarmiamy-ptaki-zima\\\/#listItem\",\"position\":3,\"name\":\"Dokarmiamy ptaki zim\\u0105\",\"previousItem\":{\"@type\":\"ListItem\",\"@id\":\"https:\\\/\\\/www.spkatarzyna.pl\\\/index.php\\\/category\\\/uncategorized\\\/#listItem\",\"name\":\"Uncategorized\"}}]},{\"@type\":\"Organization\",\"@id\":\"https:\\\/\\\/www.spkatarzyna.pl\\\/#organization\",\"name\":\"SP Katarzyna\",\"description\":\"Publiczna Szko\\u0142a Podstawowa w \\u015awi\\u0119tej Katarzynie\",\"url\":\"https:\\\/\\\/www.spkatarzyna.pl\\\/\",\"telephone\":\"+48713116378\",\"sameAs\":[\"https:\\\/\\\/facebook.com\\\/\",\"https:\\\/\\\/x.com\\\/\",\"https:\\\/\\\/instagram.com\\\/\",\"https:\\\/\\\/pinterest.com\\\/\",\"https:\\\/\\\/youtube.com\\\/\",\"https:\\\/\\\/linkedin.com\\\/in\\\/\"]},{\"@type\":\"Person\",\"@id\":\"https:\\\/\\\/www.spkatarzyna.pl\\\/index.php\\\/author\\\/agatasafianspkatarzyna-pl\\\/#author\",\"url\":\"https:\\\/\\\/www.spkatarzyna.pl\\\/index.php\\\/author\\\/agatasafianspkatarzyna-pl\\\/\",\"name\":\"Redakcja\",\"image\":{\"@type\":\"ImageObject\",\"@id\":\"https:\\\/\\\/www.spkatarzyna.pl\\\/index.php\\\/2023\\\/01\\\/11\\\/dokarmiamy-ptaki-zima\\\/#authorImage\",\"url\":\"https:\\\/\\\/secure.gravatar.com\\\/avatar\\\/765290513df94d442152250e92b42327?s=96&d=mm&r=g\",\"width\":96,\"height\":96,\"caption\":\"Redakcja\"}},{\"@type\":\"WebPage\",\"@id\":\"https:\\\/\\\/www.spkatarzyna.pl\\\/index.php\\\/2023\\\/01\\\/11\\\/dokarmiamy-ptaki-zima\\\/#webpage\",\"url\":\"https:\\\/\\\/www.spkatarzyna.pl\\\/index.php\\\/2023\\\/01\\\/11\\\/dokarmiamy-ptaki-zima\\\/\",\"name\":\"Dokarmiamy ptaki zim\\u0105 - SP Katarzyna\",\"description\":\"Dokarmianie ptak\\u00f3w zim\\u0105 jest niezwykle wa\\u017cne. Wiedz\\u0105 o tym uczniowie klasy 1a, kt\\u00f3rzy 9 stycznia 2023 r. zadbali o to, by w szkolnym parku karmniki by\\u0142y pe\\u0142ne. Najm\\u0142odsi uczniowie przygotowali ziarenka, p\\u0142atki kukurydziane, kasz\\u0119 oraz s\\u0142onink\\u0119. Zima jest to bardzo trudny okres dla ptak\\u00f3w, kt\\u00f3re bez pomocy ludzi mog\\u0142oby nie prze\\u017cy\\u0107 ci\\u0119\\u017ckich zimowych warunk\\u00f3w. Dokarmianie\",\"inLanguage\":\"pl-PL\",\"isPartOf\":{\"@id\":\"https:\\\/\\\/www.spkatarzyna.pl\\\/#website\"},\"breadcrumb\":{\"@id\":\"https:\\\/\\\/www.spkatarzyna.pl\\\/index.php\\\/2023\\\/01\\\/11\\\/dokarmiamy-ptaki-zima\\\/#breadcrumblist\"},\"author\":{\"@id\":\"https:\\\/\\\/www.spkatarzyna.pl\\\/index.php\\\/author\\\/agatasafianspkatarzyna-pl\\\/#author\"},\"creator\":{\"@id\":\"https:\\\/\\\/www.spkatarzyna.pl\\\/index.php\\\/author\\\/agatasafianspkatarzyna-pl\\\/#author\"},\"image\":{\"@type\":\"ImageObject\",\"url\":\"https:\\\/\\\/www.spkatarzyna.pl\\\/wp-content\\\/uploads\\\/2023\\\/01\\\/IMG_71482.jpg\",\"@id\":\"https:\\\/\\\/www.spkatarzyna.pl\\\/index.php\\\/2023\\\/01\\\/11\\\/dokarmiamy-ptaki-zima\\\/#mainImage\",\"width\":360,\"height\":202},\"primaryImageOfPage\":{\"@id\":\"https:\\\/\\\/www.spkatarzyna.pl\\\/index.php\\\/2023\\\/01\\\/11\\\/dokarmiamy-ptaki-zima\\\/#mainImage\"},\"datePublished\":\"2023-01-11T15:16:40+01:00\",\"dateModified\":\"2023-01-11T15:24:38+01:00\"},{\"@type\":\"WebSite\",\"@id\":\"https:\\\/\\\/www.spkatarzyna.pl\\\/#website\",\"url\":\"https:\\\/\\\/www.spkatarzyna.pl\\\/\",\"name\":\"SP Katarzyna\",\"description\":\"Publiczna Szko\\u0142a Podstawowa w \\u015awi\\u0119tej Katarzynie\",\"inLanguage\":\"pl-PL\",\"publisher\":{\"@id\":\"https:\\\/\\\/www.spkatarzyna.pl\\\/#organization\"}}]}\n\t\t<\/script>\n\t\t<!-- All in One SEO -->\n\n","aioseo_head_json":{"title":"Dokarmiamy ptaki zim\u0105 - SP Katarzyna","description":"Dokarmianie ptak\u00f3w zim\u0105 jest niezwykle wa\u017cne. Wiedz\u0105 o tym uczniowie klasy 1a, kt\u00f3rzy 9 stycznia 2023 r. zadbali o to, by w szkolnym parku karmniki by\u0142y pe\u0142ne. Najm\u0142odsi uczniowie przygotowali ziarenka, p\u0142atki kukurydziane, kasz\u0119 oraz s\u0142onink\u0119. Zima jest to bardzo trudny okres dla ptak\u00f3w, kt\u00f3re bez pomocy ludzi mog\u0142oby nie prze\u017cy\u0107 ci\u0119\u017ckich zimowych warunk\u00f3w. Dokarmianie","canonical_url":"https:\/\/www.spkatarzyna.pl\/index.php\/2023\/01\/11\/dokarmiamy-ptaki-zima\/","robots":"max-image-preview:large","keywords":"","webmasterTools":{"miscellaneous":""},"schema":{"@context":"https:\/\/schema.org","@graph":[{"@type":"BlogPosting","@id":"https:\/\/www.spkatarzyna.pl\/index.php\/2023\/01\/11\/dokarmiamy-ptaki-zima\/#blogposting","name":"Dokarmiamy ptaki zim\u0105 - SP Katarzyna","headline":"Dokarmiamy ptaki zim\u0105","author":{"@id":"https:\/\/www.spkatarzyna.pl\/index.php\/author\/agatasafianspkatarzyna-pl\/#author"},"publisher":{"@id":"https:\/\/www.spkatarzyna.pl\/#organization"},"image":{"@type":"ImageObject","url":"https:\/\/www.spkatarzyna.pl\/wp-content\/uploads\/2023\/01\/IMG_71482.jpg","width":360,"height":202},"datePublished":"2023-01-11T15:16:40+01:00","dateModified":"2023-01-11T15:24:38+01:00","inLanguage":"pl-PL","mainEntityOfPage":{"@id":"https:\/\/www.spkatarzyna.pl\/index.php\/2023\/01\/11\/dokarmiamy-ptaki-zima\/#webpage"},"isPartOf":{"@id":"https:\/\/www.spkatarzyna.pl\/index.php\/2023\/01\/11\/dokarmiamy-ptaki-zima\/#webpage"},"articleSection":"Uncategorized"},{"@type":"BreadcrumbList","@id":"https:\/\/www.spkatarzyna.pl\/index.php\/2023\/01\/11\/dokarmiamy-ptaki-zima\/#breadcrumblist","itemListElement":[{"@type":"ListItem","@id":"https:\/\/www.spkatarzyna.pl#listItem","position":1,"name":"Dom","item":"https:\/\/www.spkatarzyna.pl","nextItem":{"@type":"ListItem","@id":"https:\/\/www.spkatarzyna.pl\/index.php\/category\/uncategorized\/#listItem","name":"Uncategorized"}},{"@type":"ListItem","@id":"https:\/\/www.spkatarzyna.pl\/index.php\/category\/uncategorized\/#listItem","position":2,"name":"Uncategorized","item":"https:\/\/www.spkatarzyna.pl\/index.php\/category\/uncategorized\/","nextItem":{"@type":"ListItem","@id":"https:\/\/www.spkatarzyna.pl\/index.php\/2023\/01\/11\/dokarmiamy-ptaki-zima\/#listItem","name":"Dokarmiamy ptaki zim\u0105"},"previousItem":{"@type":"ListItem","@id":"https:\/\/www.spkatarzyna.pl#listItem","name":"Dom"}},{"@type":"ListItem","@id":"https:\/\/www.spkatarzyna.pl\/index.php\/2023\/01\/11\/dokarmiamy-ptaki-zima\/#listItem","position":3,"name":"Dokarmiamy ptaki zim\u0105","previousItem":{"@type":"ListItem","@id":"https:\/\/www.spkatarzyna.pl\/index.php\/category\/uncategorized\/#listItem","name":"Uncategorized"}}]},{"@type":"Organization","@id":"https:\/\/www.spkatarzyna.pl\/#organization","name":"SP Katarzyna","description":"Publiczna Szko\u0142a Podstawowa w \u015awi\u0119tej Katarzynie","url":"https:\/\/www.spkatarzyna.pl\/","telephone":"+48713116378","sameAs":["https:\/\/facebook.com\/","https:\/\/x.com\/","https:\/\/instagram.com\/","https:\/\/pinterest.com\/","https:\/\/youtube.com\/","https:\/\/linkedin.com\/in\/"]},{"@type":"Person","@id":"https:\/\/www.spkatarzyna.pl\/index.php\/author\/agatasafianspkatarzyna-pl\/#author","url":"https:\/\/www.spkatarzyna.pl\/index.php\/author\/agatasafianspkatarzyna-pl\/","name":"Redakcja","image":{"@type":"ImageObject","@id":"https:\/\/www.spkatarzyna.pl\/index.php\/2023\/01\/11\/dokarmiamy-ptaki-zima\/#authorImage","url":"https:\/\/secure.gravatar.com\/avatar\/765290513df94d442152250e92b42327?s=96&d=mm&r=g","width":96,"height":96,"caption":"Redakcja"}},{"@type":"WebPage","@id":"https:\/\/www.spkatarzyna.pl\/index.php\/2023\/01\/11\/dokarmiamy-ptaki-zima\/#webpage","url":"https:\/\/www.spkatarzyna.pl\/index.php\/2023\/01\/11\/dokarmiamy-ptaki-zima\/","name":"Dokarmiamy ptaki zim\u0105 - SP Katarzyna","description":"Dokarmianie ptak\u00f3w zim\u0105 jest niezwykle wa\u017cne. Wiedz\u0105 o tym uczniowie klasy 1a, kt\u00f3rzy 9 stycznia 2023 r. zadbali o to, by w szkolnym parku karmniki by\u0142y pe\u0142ne. Najm\u0142odsi uczniowie przygotowali ziarenka, p\u0142atki kukurydziane, kasz\u0119 oraz s\u0142onink\u0119. Zima jest to bardzo trudny okres dla ptak\u00f3w, kt\u00f3re bez pomocy ludzi mog\u0142oby nie prze\u017cy\u0107 ci\u0119\u017ckich zimowych warunk\u00f3w. Dokarmianie","inLanguage":"pl-PL","isPartOf":{"@id":"https:\/\/www.spkatarzyna.pl\/#website"},"breadcrumb":{"@id":"https:\/\/www.spkatarzyna.pl\/index.php\/2023\/01\/11\/dokarmiamy-ptaki-zima\/#breadcrumblist"},"author":{"@id":"https:\/\/www.spkatarzyna.pl\/index.php\/author\/agatasafianspkatarzyna-pl\/#author"},"creator":{"@id":"https:\/\/www.spkatarzyna.pl\/index.php\/author\/agatasafianspkatarzyna-pl\/#author"},"image":{"@type":"ImageObject","url":"https:\/\/www.spkatarzyna.pl\/wp-content\/uploads\/2023\/01\/IMG_71482.jpg","@id":"https:\/\/www.spkatarzyna.pl\/index.php\/2023\/01\/11\/dokarmiamy-ptaki-zima\/#mainImage","width":360,"height":202},"primaryImageOfPage":{"@id":"https:\/\/www.spkatarzyna.pl\/index.php\/2023\/01\/11\/dokarmiamy-ptaki-zima\/#mainImage"},"datePublished":"2023-01-11T15:16:40+01:00","dateModified":"2023-01-11T15:24:38+01:00"},{"@type":"WebSite","@id":"https:\/\/www.spkatarzyna.pl\/#website","url":"https:\/\/www.spkatarzyna.pl\/","name":"SP Katarzyna","description":"Publiczna Szko\u0142a Podstawowa w \u015awi\u0119tej Katarzynie","inLanguage":"pl-PL","publisher":{"@id":"https:\/\/www.spkatarzyna.pl\/#organization"}}]},"og:locale":"pl_PL","og:site_name":"SP Katarzyna - Publiczna Szko\u0142a Podstawowa w \u015awi\u0119tej Katarzynie","og:type":"article","og:title":"Dokarmiamy ptaki zim\u0105 - SP Katarzyna","og:description":"Dokarmianie ptak\u00f3w zim\u0105 jest niezwykle wa\u017cne. Wiedz\u0105 o tym uczniowie klasy 1a, kt\u00f3rzy 9 stycznia 2023 r. zadbali o to, by w szkolnym parku karmniki by\u0142y pe\u0142ne. Najm\u0142odsi uczniowie przygotowali ziarenka, p\u0142atki kukurydziane, kasz\u0119 oraz s\u0142onink\u0119. Zima jest to bardzo trudny okres dla ptak\u00f3w, kt\u00f3re bez pomocy ludzi mog\u0142oby nie prze\u017cy\u0107 ci\u0119\u017ckich zimowych warunk\u00f3w. Dokarmianie","og:url":"https:\/\/www.spkatarzyna.pl\/index.php\/2023\/01\/11\/dokarmiamy-ptaki-zima\/","article:published_time":"2023-01-11T15:16:40+00:00","article:modified_time":"2023-01-11T15:24:38+00:00","twitter:card":"summary_large_image","twitter:title":"Dokarmiamy ptaki zim\u0105 - SP Katarzyna","twitter:description":"Dokarmianie ptak\u00f3w zim\u0105 jest niezwykle wa\u017cne. Wiedz\u0105 o tym uczniowie klasy 1a, kt\u00f3rzy 9 stycznia 2023 r. zadbali o to, by w szkolnym parku karmniki by\u0142y pe\u0142ne. Najm\u0142odsi uczniowie przygotowali ziarenka, p\u0142atki kukurydziane, kasz\u0119 oraz s\u0142onink\u0119. Zima jest to bardzo trudny okres dla ptak\u00f3w, kt\u00f3re bez pomocy ludzi mog\u0142oby nie prze\u017cy\u0107 ci\u0119\u017ckich zimowych warunk\u00f3w. Dokarmianie"},"aioseo_meta_data":{"post_id":"3939","title":null,"description":null,"keywords":null,"keyphrases":null,"primary_term":null,"canonical_url":null,"og_title":null,"og_description":null,"og_object_type":"default","og_image_type":"default","og_image_url":null,"og_image_width":null,"og_image_height":null,"og_image_custom_url":null,"og_image_custom_fields":null,"og_video":null,"og_custom_url":null,"og_article_section":null,"og_article_tags":null,"twitter_use_og":false,"twitter_card":"default","twitter_image_type":"default","twitter_image_url":null,"twitter_image_custom_url":null,"twitter_image_custom_fields":null,"twitter_title":null,"twitter_description":null,"schema":{"blockGraphs":[],"customGraphs":[],"default":{"data":{"Article":[],"Course":[],"Dataset":[],"FAQPage":[],"Movie":[],"Person":[],"Product":[],"ProductReview":[],"Car":[],"Recipe":[],"Service":[],"SoftwareApplication":[],"WebPage":[]},"graphName":"","isEnabled":true},"graphs":[]},"schema_type":"default","schema_type_options":null,"pillar_content":false,"robots_default":true,"robots_noindex":false,"robots_noarchive":false,"robots_nosnippet":false,"robots_nofollow":false,"robots_noimageindex":false,"robots_noodp":false,"robots_notranslate":false,"robots_max_snippet":null,"robots_max_videopreview":null,"robots_max_imagepreview":"large","priority":null,"frequency":null,"local_seo":null,"limit_modified_date":false,"created":"2024-04-03 07:43:08","updated":"2026-09-03 14:11:26","focus_keyword":null,"additional_keywords":null,"truseo_locale":null,"ai":null,"breadcrumb_settings":null,"seo_analyzer_scan_date":null},"aioseo_breadcrumb":"<div class=\"aioseo-breadcrumbs\"><span class=\"aioseo-breadcrumb\">\n\t\t\t<a href=\"https:\/\/www.spkatarzyna.pl\" title=\"Dom\">Dom<\/a>\n\t\t<\/span><span class=\"aioseo-breadcrumb-separator\">&raquo;<\/span><span class=\"aioseo-breadcrumb\">\n\t\t\t<a href=\"https:\/\/www.spkatarzyna.pl\/index.php\/category\/uncategorized\/\" title=\"Uncategorized\">Uncategorized<\/a>\n\t\t<\/span><span class=\"aioseo-breadcrumb-separator\">&raquo;<\/span><span class=\"aioseo-breadcrumb\">\n\t\t\tDokarmiamy ptaki zim\u0105\n\t\t<\/span><\/div>","aioseo_breadcrumb_json":[{"label":"Dom","link":"https:\/\/www.spkatarzyna.pl"},{"label":"Uncategorized","link":"https:\/\/www.spkatarzyna.pl\/index.php\/category\/uncategorized\/"},{"label":"Dokarmiamy ptaki zim\u0105","link":"https:\/\/www.spkatarzyna.pl\/index.php\/2023\/01\/11\/dokarmiamy-ptaki-zima\/"}],"_links":{"self":[{"href":"https:\/\/www.spkatarzyna.pl\/index.php\/wp-json\/wp\/v2\/posts\/3939","targetHints":{"allow":["GET"]}}],"collection":[{"href":"https:\/\/www.spkatarzyna.pl\/index.php\/wp-json\/wp\/v2\/posts"}],"about":[{"href":"https:\/\/www.spkatarzyna.pl\/index.php\/wp-json\/wp\/v2\/types\/post"}],"author":[{"embeddable":true,"href":"https:\/\/www.spkatarzyna.pl\/index.php\/wp-json\/wp\/v2\/users\/6"}],"replies":[{"embeddable":true,"href":"https:\/\/www.spkatarzyna.pl\/index.php\/wp-json\/wp\/v2\/comments?post=3939"}],"version-history":[{"count":15,"href":"https:\/\/www.spkatarzyna.pl\/index.php\/wp-json\/wp\/v2\/posts\/3939\/revisions"}],"predecessor-version":[{"id":3961,"href":"https:\/\/www.spkatarzyna.pl\/index.php\/wp-json\/wp\/v2\/posts\/3939\/revisions\/3961"}],"wp:featuredmedia":[{"embeddable":true,"href":"https:\/\/www.spkatarzyna.pl\/index.php\/wp-json\/wp\/v2\/media\/3940"}],"wp:attachment":[{"href":"https:\/\/www.spkatarzyna.pl\/index.php\/wp-json\/wp\/v2\/media?parent=3939"}],"wp:term":[{"taxonomy":"category","embeddable":true,"href":"https:\/\/www.spkatarzyna.pl\/index.php\/wp-json\/wp\/v2\/categories?post=3939"},{"taxonomy":"post_tag","embeddable":true,"href":"https:\/\/www.spkatarzyna.pl\/index.php\/wp-json\/wp\/v2\/tags?post=3939"}],"curies":[{"name":"wp","href":"https:\/\/api.w.org\/{rel}","templated":true}]}}