{"id":3962,"date":"2023-01-12T10:43:46","date_gmt":"2023-01-12T10:43:46","guid":{"rendered":"http:\/\/www.spkatarzyna.pl\/?p=3962"},"modified":"2023-01-24T11:07:39","modified_gmt":"2023-01-24T11:07:39","slug":"i-miejsce-na-turnieju-minikoszykowki-chlopcow","status":"publish","type":"post","link":"https:\/\/www.spkatarzyna.pl\/index.php\/2023\/01\/12\/i-miejsce-na-turnieju-minikoszykowki-chlopcow\/","title":{"rendered":"I miejsce na turnieju minikoszyk\u00f3wki"},"content":{"rendered":"\t\t<div data-elementor-type=\"wp-post\" data-elementor-id=\"3962\" class=\"elementor elementor-3962\">\n\t\t\t\t\t\t<section class=\"elementor-section elementor-top-section elementor-element elementor-element-7814fa06 elementor-section-boxed elementor-section-height-default elementor-section-height-default\" data-id=\"7814fa06\" data-element_type=\"section\">\n\t\t\t\t\t\t<div class=\"elementor-container elementor-column-gap-default\">\n\t\t\t\t\t<div class=\"elementor-column elementor-col-100 elementor-top-column elementor-element elementor-element-752058ee\" data-id=\"752058ee\" data-element_type=\"column\">\n\t\t\t<div class=\"elementor-widget-wrap elementor-element-populated\">\n\t\t\t\t\t\t<div class=\"elementor-element elementor-element-2a662809 elementor-widget elementor-widget-text-editor\" data-id=\"2a662809\" data-element_type=\"widget\" data-widget_type=\"text-editor.default\">\n\t\t\t\t\t\t\t\t\t<p style=\"text-align: justify;\"><span style=\"font-size: 14pt;\">Dru\u017cyna klas 6 w sk\u0142adzie:\u00a0<\/span><span style=\"font-size: 14pt;\"> Jakub Nowak, <\/span><span style=\"font-size: 14pt;\">Julian Zaj\u0105c, <\/span><span style=\"font-size: 14pt;\">Hubert Micha\u0142owski, <\/span><span style=\"font-size: 14pt;\">Tymoteusz Zbyrad, <\/span><span style=\"font-size: 14pt;\">Aleksander Tom, <\/span><span style=\"font-size: 14pt;\">Jakub Kupniewski, <\/span><span style=\"font-size: 14pt;\">Tomasz Pawlak, <\/span><span style=\"font-size: 14pt;\">Dominik Kwiatkowski, <\/span><span style=\"font-size: 14pt;\">Antoni \u017bmuda, <\/span><span style=\"font-size: 14pt;\">Micha\u0142 Je\u017cewski, <\/span><span style=\"font-size: 14pt;\">Jakub \u0141ukasz\u00f3w,\u00a0<\/span><span style=\"font-size: 14pt;\"> Maciej Andraka, <\/span><span style=\"font-size: 14pt;\">Szymon Buczy\u0144ski, <\/span><span style=\"font-size: 14pt;\">Franciszek Kolan<\/span><\/p><p style=\"text-align: justify;\"><span style=\"font-size: 14pt;\">Trenerzy: Tadeusz Kinzel, Dominik Makowski<\/span><\/p><p style=\"text-align: justify;\"><span style=\"font-size: 14pt;\">Zdobyli <strong>I miejsce<\/strong> na Gminnym turnieju minikoszyk\u00f3wki ch\u0142opc\u00f3w, jednocze\u015bnie awansuj\u0105c do kolejnego etapu rozgrywek.<\/span><\/p><p>\u00a0<\/p><p style=\"text-align: right;\"><span style=\"font-size: 14pt;\">Serdecznie gratulujemy !!!<\/span><br \/><span style=\"font-size: 14pt;\">ZESP\u00d3\u0141 WF<\/span><\/p><p style=\"text-align: justify;\">\u00a0<\/p><div style=\"text-align: justify;\">\u00a0<\/div><div style=\"text-align: justify;\">\u00a0<\/div>\t\t\t\t\t\t\t\t<\/div>\n\t\t\t\t\t<\/div>\n\t\t<\/div>\n\t\t\t\t\t<\/div>\n\t\t<\/section>\n\t\t\t\t<section class=\"elementor-section elementor-top-section elementor-element elementor-element-ff11d80 elementor-section-boxed elementor-section-height-default elementor-section-height-default\" data-id=\"ff11d80\" data-element_type=\"section\">\n\t\t\t\t\t\t<div class=\"elementor-container elementor-column-gap-default\">\n\t\t\t\t\t<div class=\"elementor-column elementor-col-100 elementor-top-column elementor-element elementor-element-d72d9ec\" data-id=\"d72d9ec\" data-element_type=\"column\">\n\t\t\t<div class=\"elementor-widget-wrap elementor-element-populated\">\n\t\t\t\t\t\t<div class=\"elementor-element elementor-element-e03f221 elementor-widget elementor-widget-gallery\" data-id=\"e03f221\" data-element_type=\"widget\" data-settings=\"{&quot;lazyload&quot;:&quot;yes&quot;,&quot;gallery_layout&quot;:&quot;grid&quot;,&quot;columns&quot;:4,&quot;columns_tablet&quot;:2,&quot;columns_mobile&quot;:1,&quot;gap&quot;:{&quot;unit&quot;:&quot;px&quot;,&quot;size&quot;:10,&quot;sizes&quot;:[]},&quot;gap_tablet&quot;:{&quot;unit&quot;:&quot;px&quot;,&quot;size&quot;:10,&quot;sizes&quot;:[]},&quot;gap_mobile&quot;:{&quot;unit&quot;:&quot;px&quot;,&quot;size&quot;:10,&quot;sizes&quot;:[]},&quot;link_to&quot;:&quot;file&quot;,&quot;aspect_ratio&quot;:&quot;3:2&quot;,&quot;overlay_background&quot;:&quot;yes&quot;,&quot;content_hover_animation&quot;:&quot;fade-in&quot;}\" data-widget_type=\"gallery.default\">\n\t\t\t\t<div class=\"elementor-widget-container\">\n\t\t\t\t\t\t\t<div class=\"elementor-gallery__container\">\n\t\t\t\t\t\t\t<a class=\"e-gallery-item elementor-gallery-item elementor-animated-content\" href=\"https:\/\/www.spkatarzyna.pl\/wp-content\/uploads\/2023\/01\/image7-scaled.jpeg\" data-elementor-open-lightbox=\"yes\" data-elementor-lightbox-slideshow=\"all-e03f221\" data-elementor-lightbox-title=\"image7\" data-e-action-hash=\"#elementor-action%3Aaction%3Dlightbox%26settings%3DeyJpZCI6Mzk2OSwidXJsIjoiaHR0cHM6XC9cL3d3dy5zcGthdGFyenluYS5wbFwvd3AtY29udGVudFwvdXBsb2Fkc1wvMjAyM1wvMDFcL2ltYWdlNy1zY2FsZWQuanBlZyIsInNsaWRlc2hvdyI6ImFsbC1lMDNmMjIxIn0%3D\" rel=\"lightbox[3962]\">\n\t\t\t\t\t<div class=\"e-gallery-image elementor-gallery-item__image\" data-thumbnail=\"https:\/\/www.spkatarzyna.pl\/wp-content\/uploads\/2023\/01\/image7-300x169.jpeg\" data-width=\"300\" data-height=\"169\" alt=\"\" ><\/div>\n\t\t\t\t\t\t\t\t\t\t<div class=\"elementor-gallery-item__overlay\"><\/div>\n\t\t\t\t\t\t\t\t\t\t\t\t\t\t<\/a>\n\t\t\t\t\t\t\t<a class=\"e-gallery-item elementor-gallery-item elementor-animated-content\" href=\"https:\/\/www.spkatarzyna.pl\/wp-content\/uploads\/2023\/01\/image6-scaled.jpeg\" data-elementor-open-lightbox=\"yes\" data-elementor-lightbox-slideshow=\"all-e03f221\" data-elementor-lightbox-title=\"image6\" data-e-action-hash=\"#elementor-action%3Aaction%3Dlightbox%26settings%3DeyJpZCI6Mzk3MCwidXJsIjoiaHR0cHM6XC9cL3d3dy5zcGthdGFyenluYS5wbFwvd3AtY29udGVudFwvdXBsb2Fkc1wvMjAyM1wvMDFcL2ltYWdlNi1zY2FsZWQuanBlZyIsInNsaWRlc2hvdyI6ImFsbC1lMDNmMjIxIn0%3D\" rel=\"lightbox[3962]\">\n\t\t\t\t\t<div class=\"e-gallery-image elementor-gallery-item__image\" data-thumbnail=\"https:\/\/www.spkatarzyna.pl\/wp-content\/uploads\/2023\/01\/image6-225x300.jpeg\" data-width=\"225\" data-height=\"300\" alt=\"\" ><\/div>\n\t\t\t\t\t\t\t\t\t\t<div class=\"elementor-gallery-item__overlay\"><\/div>\n\t\t\t\t\t\t\t\t\t\t\t\t\t\t<\/a>\n\t\t\t\t\t\t\t<a class=\"e-gallery-item elementor-gallery-item elementor-animated-content\" href=\"https:\/\/www.spkatarzyna.pl\/wp-content\/uploads\/2023\/01\/image4-scaled.jpeg\" data-elementor-open-lightbox=\"yes\" data-elementor-lightbox-slideshow=\"all-e03f221\" data-elementor-lightbox-title=\"image4\" data-e-action-hash=\"#elementor-action%3Aaction%3Dlightbox%26settings%3DeyJpZCI6Mzk3MiwidXJsIjoiaHR0cHM6XC9cL3d3dy5zcGthdGFyenluYS5wbFwvd3AtY29udGVudFwvdXBsb2Fkc1wvMjAyM1wvMDFcL2ltYWdlNC1zY2FsZWQuanBlZyIsInNsaWRlc2hvdyI6ImFsbC1lMDNmMjIxIn0%3D\" rel=\"lightbox[3962]\">\n\t\t\t\t\t<div class=\"e-gallery-image elementor-gallery-item__image\" data-thumbnail=\"https:\/\/www.spkatarzyna.pl\/wp-content\/uploads\/2023\/01\/image4-225x300.jpeg\" data-width=\"225\" data-height=\"300\" alt=\"\" ><\/div>\n\t\t\t\t\t\t\t\t\t\t<div class=\"elementor-gallery-item__overlay\"><\/div>\n\t\t\t\t\t\t\t\t\t\t\t\t\t\t<\/a>\n\t\t\t\t\t\t\t<a class=\"e-gallery-item elementor-gallery-item elementor-animated-content\" href=\"https:\/\/www.spkatarzyna.pl\/wp-content\/uploads\/2023\/01\/image2-scaled.jpeg\" data-elementor-open-lightbox=\"yes\" data-elementor-lightbox-slideshow=\"all-e03f221\" data-elementor-lightbox-title=\"image2\" data-e-action-hash=\"#elementor-action%3Aaction%3Dlightbox%26settings%3DeyJpZCI6Mzk3NCwidXJsIjoiaHR0cHM6XC9cL3d3dy5zcGthdGFyenluYS5wbFwvd3AtY29udGVudFwvdXBsb2Fkc1wvMjAyM1wvMDFcL2ltYWdlMi1zY2FsZWQuanBlZyIsInNsaWRlc2hvdyI6ImFsbC1lMDNmMjIxIn0%3D\" rel=\"lightbox[3962]\">\n\t\t\t\t\t<div class=\"e-gallery-image elementor-gallery-item__image\" data-thumbnail=\"https:\/\/www.spkatarzyna.pl\/wp-content\/uploads\/2023\/01\/image2-300x225.jpeg\" data-width=\"300\" data-height=\"225\" alt=\"\" ><\/div>\n\t\t\t\t\t\t\t\t\t\t<div class=\"elementor-gallery-item__overlay\"><\/div>\n\t\t\t\t\t\t\t\t\t\t\t\t\t\t<\/a>\n\t\t\t\t\t\t\t<a class=\"e-gallery-item elementor-gallery-item elementor-animated-content\" href=\"https:\/\/www.spkatarzyna.pl\/wp-content\/uploads\/2023\/01\/image1-scaled.jpeg\" data-elementor-open-lightbox=\"yes\" data-elementor-lightbox-slideshow=\"all-e03f221\" data-elementor-lightbox-title=\"image1\" data-e-action-hash=\"#elementor-action%3Aaction%3Dlightbox%26settings%3DeyJpZCI6Mzk3NSwidXJsIjoiaHR0cHM6XC9cL3d3dy5zcGthdGFyenluYS5wbFwvd3AtY29udGVudFwvdXBsb2Fkc1wvMjAyM1wvMDFcL2ltYWdlMS1zY2FsZWQuanBlZyIsInNsaWRlc2hvdyI6ImFsbC1lMDNmMjIxIn0%3D\" rel=\"lightbox[3962]\">\n\t\t\t\t\t<div class=\"e-gallery-image elementor-gallery-item__image\" data-thumbnail=\"https:\/\/www.spkatarzyna.pl\/wp-content\/uploads\/2023\/01\/image1-300x225.jpeg\" data-width=\"300\" data-height=\"225\" alt=\"\" ><\/div>\n\t\t\t\t\t\t\t\t\t\t<div class=\"elementor-gallery-item__overlay\"><\/div>\n\t\t\t\t\t\t\t\t\t\t\t\t\t\t<\/a>\n\t\t\t\t\t\t\t<a class=\"e-gallery-item elementor-gallery-item elementor-animated-content\" href=\"https:\/\/www.spkatarzyna.pl\/wp-content\/uploads\/2023\/01\/image8-scaled.jpeg\" data-elementor-open-lightbox=\"yes\" data-elementor-lightbox-slideshow=\"all-e03f221\" data-elementor-lightbox-title=\"image8\" data-e-action-hash=\"#elementor-action%3Aaction%3Dlightbox%26settings%3DeyJpZCI6Mzk2OCwidXJsIjoiaHR0cHM6XC9cL3d3dy5zcGthdGFyenluYS5wbFwvd3AtY29udGVudFwvdXBsb2Fkc1wvMjAyM1wvMDFcL2ltYWdlOC1zY2FsZWQuanBlZyIsInNsaWRlc2hvdyI6ImFsbC1lMDNmMjIxIn0%3D\" rel=\"lightbox[3962]\">\n\t\t\t\t\t<div class=\"e-gallery-image elementor-gallery-item__image\" data-thumbnail=\"https:\/\/www.spkatarzyna.pl\/wp-content\/uploads\/2023\/01\/image8-300x225.jpeg\" data-width=\"300\" data-height=\"225\" alt=\"\" ><\/div>\n\t\t\t\t\t\t\t\t\t\t<div class=\"elementor-gallery-item__overlay\"><\/div>\n\t\t\t\t\t\t\t\t\t\t\t\t\t\t<\/a>\n\t\t\t\t\t\t\t<a class=\"e-gallery-item elementor-gallery-item elementor-animated-content\" href=\"https:\/\/www.spkatarzyna.pl\/wp-content\/uploads\/2023\/01\/image5-scaled.jpeg\" data-elementor-open-lightbox=\"yes\" data-elementor-lightbox-slideshow=\"all-e03f221\" data-elementor-lightbox-title=\"image5\" data-e-action-hash=\"#elementor-action%3Aaction%3Dlightbox%26settings%3DeyJpZCI6Mzk3MSwidXJsIjoiaHR0cHM6XC9cL3d3dy5zcGthdGFyenluYS5wbFwvd3AtY29udGVudFwvdXBsb2Fkc1wvMjAyM1wvMDFcL2ltYWdlNS1zY2FsZWQuanBlZyIsInNsaWRlc2hvdyI6ImFsbC1lMDNmMjIxIn0%3D\" rel=\"lightbox[3962]\">\n\t\t\t\t\t<div class=\"e-gallery-image elementor-gallery-item__image\" data-thumbnail=\"https:\/\/www.spkatarzyna.pl\/wp-content\/uploads\/2023\/01\/image5-225x300.jpeg\" data-width=\"225\" data-height=\"300\" alt=\"\" ><\/div>\n\t\t\t\t\t\t\t\t\t\t<div class=\"elementor-gallery-item__overlay\"><\/div>\n\t\t\t\t\t\t\t\t\t\t\t\t\t\t<\/a>\n\t\t\t\t\t\t\t<a class=\"e-gallery-item elementor-gallery-item elementor-animated-content\" href=\"https:\/\/www.spkatarzyna.pl\/wp-content\/uploads\/2023\/01\/CCF_000163-1.jpg\" data-elementor-open-lightbox=\"yes\" data-elementor-lightbox-slideshow=\"all-e03f221\" data-elementor-lightbox-title=\"CCF_000163-1\" data-e-action-hash=\"#elementor-action%3Aaction%3Dlightbox%26settings%3DeyJpZCI6Mzk4OCwidXJsIjoiaHR0cHM6XC9cL3d3dy5zcGthdGFyenluYS5wbFwvd3AtY29udGVudFwvdXBsb2Fkc1wvMjAyM1wvMDFcL0NDRl8wMDAxNjMtMS5qcGciLCJzbGlkZXNob3ciOiJhbGwtZTAzZjIyMSJ9\" rel=\"lightbox[3962]\">\n\t\t\t\t\t<div class=\"e-gallery-image elementor-gallery-item__image\" data-thumbnail=\"https:\/\/www.spkatarzyna.pl\/wp-content\/uploads\/2023\/01\/CCF_000163-1-210x300.jpg\" data-width=\"210\" data-height=\"300\" alt=\"\" ><\/div>\n\t\t\t\t\t\t\t\t\t\t<div class=\"elementor-gallery-item__overlay\"><\/div>\n\t\t\t\t\t\t\t\t\t\t\t\t\t\t<\/a>\n\t\t\t\t\t<\/div>\n\t\t\t\t\t<\/div>\n\t\t\t\t<\/div>\n\t\t\t\t\t<\/div>\n\t\t<\/div>\n\t\t\t\t\t<\/div>\n\t\t<\/section>\n\t\t\t\t<\/div>\n\t\t","protected":false},"excerpt":{"rendered":"<p>Dru\u017cyna klas 6 w sk\u0142adzie:\u00a0 Jakub Nowak, Julian Zaj\u0105c, Hubert Micha\u0142owski, Tymoteusz Zbyrad, Aleksander Tom, Jakub Kupniewski, Tomasz Pawlak, Dominik Kwiatkowski, Antoni \u017bmuda, Micha\u0142 Je\u017cewski, Jakub \u0141ukasz\u00f3w,\u00a0 Maciej Andraka, Szymon Buczy\u0144ski, Franciszek Kolan Trenerzy: Tadeusz Kinzel, Dominik Makowski Zdobyli I miejsce na Gminnym turnieju minikoszyk\u00f3wki ch\u0142opc\u00f3w, jednocze\u015bnie awansuj\u0105c do kolejnego [&hellip;]<\/p>\n","protected":false},"author":6,"featured_media":3963,"comment_status":"open","ping_status":"open","sticky":false,"template":"","format":"standard","meta":{"om_disable_all_campaigns":false,"_monsterinsights_skip_tracking":false,"ngg_post_thumbnail":0,"footnotes":""},"categories":[1],"tags":[],"class_list":["post-3962","post","type-post","status-publish","format-standard","has-post-thumbnail","hentry","category-uncategorized"],"aioseo_notices":[],"aioseo_head":"\n\t\t<!-- All in One SEO 5.0.1.1 - aioseo.com -->\n\t<meta name=\"description\" content=\"Dru\u017cyna klas 6 w sk\u0142adzie: Jakub Nowak, Julian Zaj\u0105c, Hubert Micha\u0142owski, Tymoteusz Zbyrad, Aleksander Tom, Jakub Kupniewski, Tomasz Pawlak, Dominik Kwiatkowski, Antoni \u017bmuda, Micha\u0142 Je\u017cewski, Jakub \u0141ukasz\u00f3w, Maciej Andraka, Szymon Buczy\u0144ski, Franciszek KolanTrenerzy: Tadeusz Kinzel, Dominik MakowskiZdobyli I miejsce na Gminnym turnieju minikoszyk\u00f3wki ch\u0142opc\u00f3w, jednocze\u015bnie awansuj\u0105c do kolejnego etapu rozgrywek. Serdecznie gratulujemy !!!ZESP\u00d3\u0141 WF\" \/>\n\t<meta name=\"robots\" content=\"max-image-preview:large\" \/>\n\t<meta name=\"author\" content=\"Redakcja\"\/>\n\t<link rel=\"canonical\" href=\"https:\/\/www.spkatarzyna.pl\/index.php\/2023\/01\/12\/i-miejsce-na-turnieju-minikoszykowki-chlopcow\/\" \/>\n\t<meta name=\"generator\" content=\"All in One SEO (AIOSEO) 5.0.1.1\" \/>\n\t\t<meta property=\"og:locale\" content=\"pl_PL\" \/>\n\t\t<meta property=\"og:site_name\" content=\"SP Katarzyna - Publiczna Szko\u0142a Podstawowa w \u015awi\u0119tej Katarzynie\" \/>\n\t\t<meta property=\"og:type\" content=\"article\" \/>\n\t\t<meta property=\"og:title\" content=\"I miejsce na turnieju minikoszyk\u00f3wki - SP Katarzyna\" \/>\n\t\t<meta property=\"og:description\" content=\"Dru\u017cyna klas 6 w sk\u0142adzie: Jakub Nowak, Julian Zaj\u0105c, Hubert Micha\u0142owski, Tymoteusz Zbyrad, Aleksander Tom, Jakub Kupniewski, Tomasz Pawlak, Dominik Kwiatkowski, Antoni \u017bmuda, Micha\u0142 Je\u017cewski, Jakub \u0141ukasz\u00f3w, Maciej Andraka, Szymon Buczy\u0144ski, Franciszek KolanTrenerzy: Tadeusz Kinzel, Dominik MakowskiZdobyli I miejsce na Gminnym turnieju minikoszyk\u00f3wki ch\u0142opc\u00f3w, jednocze\u015bnie awansuj\u0105c do kolejnego etapu rozgrywek. Serdecznie gratulujemy !!!ZESP\u00d3\u0141 WF\" \/>\n\t\t<meta property=\"og:url\" content=\"https:\/\/www.spkatarzyna.pl\/index.php\/2023\/01\/12\/i-miejsce-na-turnieju-minikoszykowki-chlopcow\/\" \/>\n\t\t<meta property=\"article:published_time\" content=\"2023-01-12T10:43:46+00:00\" \/>\n\t\t<meta property=\"article:modified_time\" content=\"2023-01-24T11:07:39+00:00\" \/>\n\t\t<meta name=\"twitter:card\" content=\"summary_large_image\" \/>\n\t\t<meta name=\"twitter:title\" content=\"I miejsce na turnieju minikoszyk\u00f3wki - SP Katarzyna\" \/>\n\t\t<meta name=\"twitter:description\" content=\"Dru\u017cyna klas 6 w sk\u0142adzie: Jakub Nowak, Julian Zaj\u0105c, Hubert Micha\u0142owski, Tymoteusz Zbyrad, Aleksander Tom, Jakub Kupniewski, Tomasz Pawlak, Dominik Kwiatkowski, Antoni \u017bmuda, Micha\u0142 Je\u017cewski, Jakub \u0141ukasz\u00f3w, Maciej Andraka, Szymon Buczy\u0144ski, Franciszek KolanTrenerzy: Tadeusz Kinzel, Dominik MakowskiZdobyli I miejsce na Gminnym turnieju minikoszyk\u00f3wki ch\u0142opc\u00f3w, jednocze\u015bnie awansuj\u0105c do kolejnego etapu rozgrywek. Serdecznie gratulujemy !!!ZESP\u00d3\u0141 WF\" \/>\n\t\t<script type=\"application\/ld+json\" class=\"aioseo-schema\">\n\t\t\t{\"@context\":\"https:\\\/\\\/schema.org\",\"@graph\":[{\"@type\":\"BlogPosting\",\"@id\":\"https:\\\/\\\/www.spkatarzyna.pl\\\/index.php\\\/2023\\\/01\\\/12\\\/i-miejsce-na-turnieju-minikoszykowki-chlopcow\\\/#blogposting\",\"name\":\"I miejsce na turnieju minikoszyk\\u00f3wki - SP Katarzyna\",\"headline\":\"I miejsce na turnieju minikoszyk\\u00f3wki\",\"author\":{\"@id\":\"https:\\\/\\\/www.spkatarzyna.pl\\\/index.php\\\/author\\\/agatasafianspkatarzyna-pl\\\/#author\"},\"publisher\":{\"@id\":\"https:\\\/\\\/www.spkatarzyna.pl\\\/#organization\"},\"image\":{\"@type\":\"ImageObject\",\"url\":\"https:\\\/\\\/www.spkatarzyna.pl\\\/wp-content\\\/uploads\\\/2023\\\/01\\\/image0.jpg\",\"width\":360,\"height\":202},\"datePublished\":\"2023-01-12T10:43:46+01:00\",\"dateModified\":\"2023-01-24T11:07:39+01:00\",\"inLanguage\":\"pl-PL\",\"mainEntityOfPage\":{\"@id\":\"https:\\\/\\\/www.spkatarzyna.pl\\\/index.php\\\/2023\\\/01\\\/12\\\/i-miejsce-na-turnieju-minikoszykowki-chlopcow\\\/#webpage\"},\"isPartOf\":{\"@id\":\"https:\\\/\\\/www.spkatarzyna.pl\\\/index.php\\\/2023\\\/01\\\/12\\\/i-miejsce-na-turnieju-minikoszykowki-chlopcow\\\/#webpage\"},\"articleSection\":\"Uncategorized\"},{\"@type\":\"BreadcrumbList\",\"@id\":\"https:\\\/\\\/www.spkatarzyna.pl\\\/index.php\\\/2023\\\/01\\\/12\\\/i-miejsce-na-turnieju-minikoszykowki-chlopcow\\\/#breadcrumblist\",\"itemListElement\":[{\"@type\":\"ListItem\",\"@id\":\"https:\\\/\\\/www.spkatarzyna.pl#listItem\",\"position\":1,\"name\":\"Dom\",\"item\":\"https:\\\/\\\/www.spkatarzyna.pl\",\"nextItem\":{\"@type\":\"ListItem\",\"@id\":\"https:\\\/\\\/www.spkatarzyna.pl\\\/index.php\\\/category\\\/uncategorized\\\/#listItem\",\"name\":\"Uncategorized\"}},{\"@type\":\"ListItem\",\"@id\":\"https:\\\/\\\/www.spkatarzyna.pl\\\/index.php\\\/category\\\/uncategorized\\\/#listItem\",\"position\":2,\"name\":\"Uncategorized\",\"item\":\"https:\\\/\\\/www.spkatarzyna.pl\\\/index.php\\\/category\\\/uncategorized\\\/\",\"nextItem\":{\"@type\":\"ListItem\",\"@id\":\"https:\\\/\\\/www.spkatarzyna.pl\\\/index.php\\\/2023\\\/01\\\/12\\\/i-miejsce-na-turnieju-minikoszykowki-chlopcow\\\/#listItem\",\"name\":\"I miejsce na turnieju minikoszyk\\u00f3wki\"},\"previousItem\":{\"@type\":\"ListItem\",\"@id\":\"https:\\\/\\\/www.spkatarzyna.pl#listItem\",\"name\":\"Dom\"}},{\"@type\":\"ListItem\",\"@id\":\"https:\\\/\\\/www.spkatarzyna.pl\\\/index.php\\\/2023\\\/01\\\/12\\\/i-miejsce-na-turnieju-minikoszykowki-chlopcow\\\/#listItem\",\"position\":3,\"name\":\"I miejsce na turnieju minikoszyk\\u00f3wki\",\"previousItem\":{\"@type\":\"ListItem\",\"@id\":\"https:\\\/\\\/www.spkatarzyna.pl\\\/index.php\\\/category\\\/uncategorized\\\/#listItem\",\"name\":\"Uncategorized\"}}]},{\"@type\":\"Organization\",\"@id\":\"https:\\\/\\\/www.spkatarzyna.pl\\\/#organization\",\"name\":\"SP Katarzyna\",\"description\":\"Publiczna Szko\\u0142a Podstawowa w \\u015awi\\u0119tej Katarzynie\",\"url\":\"https:\\\/\\\/www.spkatarzyna.pl\\\/\",\"telephone\":\"+48713116378\",\"sameAs\":[\"https:\\\/\\\/facebook.com\\\/\",\"https:\\\/\\\/x.com\\\/\",\"https:\\\/\\\/instagram.com\\\/\",\"https:\\\/\\\/pinterest.com\\\/\",\"https:\\\/\\\/youtube.com\\\/\",\"https:\\\/\\\/linkedin.com\\\/in\\\/\"]},{\"@type\":\"Person\",\"@id\":\"https:\\\/\\\/www.spkatarzyna.pl\\\/index.php\\\/author\\\/agatasafianspkatarzyna-pl\\\/#author\",\"url\":\"https:\\\/\\\/www.spkatarzyna.pl\\\/index.php\\\/author\\\/agatasafianspkatarzyna-pl\\\/\",\"name\":\"Redakcja\",\"image\":{\"@type\":\"ImageObject\",\"@id\":\"https:\\\/\\\/www.spkatarzyna.pl\\\/index.php\\\/2023\\\/01\\\/12\\\/i-miejsce-na-turnieju-minikoszykowki-chlopcow\\\/#authorImage\",\"url\":\"https:\\\/\\\/secure.gravatar.com\\\/avatar\\\/765290513df94d442152250e92b42327?s=96&d=mm&r=g\",\"width\":96,\"height\":96,\"caption\":\"Redakcja\"}},{\"@type\":\"WebPage\",\"@id\":\"https:\\\/\\\/www.spkatarzyna.pl\\\/index.php\\\/2023\\\/01\\\/12\\\/i-miejsce-na-turnieju-minikoszykowki-chlopcow\\\/#webpage\",\"url\":\"https:\\\/\\\/www.spkatarzyna.pl\\\/index.php\\\/2023\\\/01\\\/12\\\/i-miejsce-na-turnieju-minikoszykowki-chlopcow\\\/\",\"name\":\"I miejsce na turnieju minikoszyk\\u00f3wki - SP Katarzyna\",\"description\":\"Dru\\u017cyna klas 6 w sk\\u0142adzie: Jakub Nowak, Julian Zaj\\u0105c, Hubert Micha\\u0142owski, Tymoteusz Zbyrad, Aleksander Tom, Jakub Kupniewski, Tomasz Pawlak, Dominik Kwiatkowski, Antoni \\u017bmuda, Micha\\u0142 Je\\u017cewski, Jakub \\u0141ukasz\\u00f3w, Maciej Andraka, Szymon Buczy\\u0144ski, Franciszek KolanTrenerzy: Tadeusz Kinzel, Dominik MakowskiZdobyli I miejsce na Gminnym turnieju minikoszyk\\u00f3wki ch\\u0142opc\\u00f3w, jednocze\\u015bnie awansuj\\u0105c do kolejnego etapu rozgrywek. Serdecznie gratulujemy !!!ZESP\\u00d3\\u0141 WF\",\"inLanguage\":\"pl-PL\",\"isPartOf\":{\"@id\":\"https:\\\/\\\/www.spkatarzyna.pl\\\/#website\"},\"breadcrumb\":{\"@id\":\"https:\\\/\\\/www.spkatarzyna.pl\\\/index.php\\\/2023\\\/01\\\/12\\\/i-miejsce-na-turnieju-minikoszykowki-chlopcow\\\/#breadcrumblist\"},\"author\":{\"@id\":\"https:\\\/\\\/www.spkatarzyna.pl\\\/index.php\\\/author\\\/agatasafianspkatarzyna-pl\\\/#author\"},\"creator\":{\"@id\":\"https:\\\/\\\/www.spkatarzyna.pl\\\/index.php\\\/author\\\/agatasafianspkatarzyna-pl\\\/#author\"},\"image\":{\"@type\":\"ImageObject\",\"url\":\"https:\\\/\\\/www.spkatarzyna.pl\\\/wp-content\\\/uploads\\\/2023\\\/01\\\/image0.jpg\",\"@id\":\"https:\\\/\\\/www.spkatarzyna.pl\\\/index.php\\\/2023\\\/01\\\/12\\\/i-miejsce-na-turnieju-minikoszykowki-chlopcow\\\/#mainImage\",\"width\":360,\"height\":202},\"primaryImageOfPage\":{\"@id\":\"https:\\\/\\\/www.spkatarzyna.pl\\\/index.php\\\/2023\\\/01\\\/12\\\/i-miejsce-na-turnieju-minikoszykowki-chlopcow\\\/#mainImage\"},\"datePublished\":\"2023-01-12T10:43:46+01:00\",\"dateModified\":\"2023-01-24T11:07:39+01:00\"},{\"@type\":\"WebSite\",\"@id\":\"https:\\\/\\\/www.spkatarzyna.pl\\\/#website\",\"url\":\"https:\\\/\\\/www.spkatarzyna.pl\\\/\",\"name\":\"SP Katarzyna\",\"description\":\"Publiczna Szko\\u0142a Podstawowa w \\u015awi\\u0119tej Katarzynie\",\"inLanguage\":\"pl-PL\",\"publisher\":{\"@id\":\"https:\\\/\\\/www.spkatarzyna.pl\\\/#organization\"}}]}\n\t\t<\/script>\n\t\t<!-- All in One SEO -->\n\n","aioseo_head_json":{"title":"I miejsce na turnieju minikoszyk\u00f3wki - SP Katarzyna","description":"Dru\u017cyna klas 6 w sk\u0142adzie: Jakub Nowak, Julian Zaj\u0105c, Hubert Micha\u0142owski, Tymoteusz Zbyrad, Aleksander Tom, Jakub Kupniewski, Tomasz Pawlak, Dominik Kwiatkowski, Antoni \u017bmuda, Micha\u0142 Je\u017cewski, Jakub \u0141ukasz\u00f3w, Maciej Andraka, Szymon Buczy\u0144ski, Franciszek KolanTrenerzy: Tadeusz Kinzel, Dominik MakowskiZdobyli I miejsce na Gminnym turnieju minikoszyk\u00f3wki ch\u0142opc\u00f3w, jednocze\u015bnie awansuj\u0105c do kolejnego etapu rozgrywek. Serdecznie gratulujemy !!!ZESP\u00d3\u0141 WF","canonical_url":"https:\/\/www.spkatarzyna.pl\/index.php\/2023\/01\/12\/i-miejsce-na-turnieju-minikoszykowki-chlopcow\/","robots":"max-image-preview:large","keywords":"","webmasterTools":{"miscellaneous":""},"schema":{"@context":"https:\/\/schema.org","@graph":[{"@type":"BlogPosting","@id":"https:\/\/www.spkatarzyna.pl\/index.php\/2023\/01\/12\/i-miejsce-na-turnieju-minikoszykowki-chlopcow\/#blogposting","name":"I miejsce na turnieju minikoszyk\u00f3wki - SP Katarzyna","headline":"I miejsce na turnieju minikoszyk\u00f3wki","author":{"@id":"https:\/\/www.spkatarzyna.pl\/index.php\/author\/agatasafianspkatarzyna-pl\/#author"},"publisher":{"@id":"https:\/\/www.spkatarzyna.pl\/#organization"},"image":{"@type":"ImageObject","url":"https:\/\/www.spkatarzyna.pl\/wp-content\/uploads\/2023\/01\/image0.jpg","width":360,"height":202},"datePublished":"2023-01-12T10:43:46+01:00","dateModified":"2023-01-24T11:07:39+01:00","inLanguage":"pl-PL","mainEntityOfPage":{"@id":"https:\/\/www.spkatarzyna.pl\/index.php\/2023\/01\/12\/i-miejsce-na-turnieju-minikoszykowki-chlopcow\/#webpage"},"isPartOf":{"@id":"https:\/\/www.spkatarzyna.pl\/index.php\/2023\/01\/12\/i-miejsce-na-turnieju-minikoszykowki-chlopcow\/#webpage"},"articleSection":"Uncategorized"},{"@type":"BreadcrumbList","@id":"https:\/\/www.spkatarzyna.pl\/index.php\/2023\/01\/12\/i-miejsce-na-turnieju-minikoszykowki-chlopcow\/#breadcrumblist","itemListElement":[{"@type":"ListItem","@id":"https:\/\/www.spkatarzyna.pl#listItem","position":1,"name":"Dom","item":"https:\/\/www.spkatarzyna.pl","nextItem":{"@type":"ListItem","@id":"https:\/\/www.spkatarzyna.pl\/index.php\/category\/uncategorized\/#listItem","name":"Uncategorized"}},{"@type":"ListItem","@id":"https:\/\/www.spkatarzyna.pl\/index.php\/category\/uncategorized\/#listItem","position":2,"name":"Uncategorized","item":"https:\/\/www.spkatarzyna.pl\/index.php\/category\/uncategorized\/","nextItem":{"@type":"ListItem","@id":"https:\/\/www.spkatarzyna.pl\/index.php\/2023\/01\/12\/i-miejsce-na-turnieju-minikoszykowki-chlopcow\/#listItem","name":"I miejsce na turnieju minikoszyk\u00f3wki"},"previousItem":{"@type":"ListItem","@id":"https:\/\/www.spkatarzyna.pl#listItem","name":"Dom"}},{"@type":"ListItem","@id":"https:\/\/www.spkatarzyna.pl\/index.php\/2023\/01\/12\/i-miejsce-na-turnieju-minikoszykowki-chlopcow\/#listItem","position":3,"name":"I miejsce na turnieju minikoszyk\u00f3wki","previousItem":{"@type":"ListItem","@id":"https:\/\/www.spkatarzyna.pl\/index.php\/category\/uncategorized\/#listItem","name":"Uncategorized"}}]},{"@type":"Organization","@id":"https:\/\/www.spkatarzyna.pl\/#organization","name":"SP Katarzyna","description":"Publiczna Szko\u0142a Podstawowa w \u015awi\u0119tej Katarzynie","url":"https:\/\/www.spkatarzyna.pl\/","telephone":"+48713116378","sameAs":["https:\/\/facebook.com\/","https:\/\/x.com\/","https:\/\/instagram.com\/","https:\/\/pinterest.com\/","https:\/\/youtube.com\/","https:\/\/linkedin.com\/in\/"]},{"@type":"Person","@id":"https:\/\/www.spkatarzyna.pl\/index.php\/author\/agatasafianspkatarzyna-pl\/#author","url":"https:\/\/www.spkatarzyna.pl\/index.php\/author\/agatasafianspkatarzyna-pl\/","name":"Redakcja","image":{"@type":"ImageObject","@id":"https:\/\/www.spkatarzyna.pl\/index.php\/2023\/01\/12\/i-miejsce-na-turnieju-minikoszykowki-chlopcow\/#authorImage","url":"https:\/\/secure.gravatar.com\/avatar\/765290513df94d442152250e92b42327?s=96&d=mm&r=g","width":96,"height":96,"caption":"Redakcja"}},{"@type":"WebPage","@id":"https:\/\/www.spkatarzyna.pl\/index.php\/2023\/01\/12\/i-miejsce-na-turnieju-minikoszykowki-chlopcow\/#webpage","url":"https:\/\/www.spkatarzyna.pl\/index.php\/2023\/01\/12\/i-miejsce-na-turnieju-minikoszykowki-chlopcow\/","name":"I miejsce na turnieju minikoszyk\u00f3wki - SP Katarzyna","description":"Dru\u017cyna klas 6 w sk\u0142adzie: Jakub Nowak, Julian Zaj\u0105c, Hubert Micha\u0142owski, Tymoteusz Zbyrad, Aleksander Tom, Jakub Kupniewski, Tomasz Pawlak, Dominik Kwiatkowski, Antoni \u017bmuda, Micha\u0142 Je\u017cewski, Jakub \u0141ukasz\u00f3w, Maciej Andraka, Szymon Buczy\u0144ski, Franciszek KolanTrenerzy: Tadeusz Kinzel, Dominik MakowskiZdobyli I miejsce na Gminnym turnieju minikoszyk\u00f3wki ch\u0142opc\u00f3w, jednocze\u015bnie awansuj\u0105c do kolejnego etapu rozgrywek. Serdecznie gratulujemy !!!ZESP\u00d3\u0141 WF","inLanguage":"pl-PL","isPartOf":{"@id":"https:\/\/www.spkatarzyna.pl\/#website"},"breadcrumb":{"@id":"https:\/\/www.spkatarzyna.pl\/index.php\/2023\/01\/12\/i-miejsce-na-turnieju-minikoszykowki-chlopcow\/#breadcrumblist"},"author":{"@id":"https:\/\/www.spkatarzyna.pl\/index.php\/author\/agatasafianspkatarzyna-pl\/#author"},"creator":{"@id":"https:\/\/www.spkatarzyna.pl\/index.php\/author\/agatasafianspkatarzyna-pl\/#author"},"image":{"@type":"ImageObject","url":"https:\/\/www.spkatarzyna.pl\/wp-content\/uploads\/2023\/01\/image0.jpg","@id":"https:\/\/www.spkatarzyna.pl\/index.php\/2023\/01\/12\/i-miejsce-na-turnieju-minikoszykowki-chlopcow\/#mainImage","width":360,"height":202},"primaryImageOfPage":{"@id":"https:\/\/www.spkatarzyna.pl\/index.php\/2023\/01\/12\/i-miejsce-na-turnieju-minikoszykowki-chlopcow\/#mainImage"},"datePublished":"2023-01-12T10:43:46+01:00","dateModified":"2023-01-24T11:07:39+01:00"},{"@type":"WebSite","@id":"https:\/\/www.spkatarzyna.pl\/#website","url":"https:\/\/www.spkatarzyna.pl\/","name":"SP Katarzyna","description":"Publiczna Szko\u0142a Podstawowa w \u015awi\u0119tej Katarzynie","inLanguage":"pl-PL","publisher":{"@id":"https:\/\/www.spkatarzyna.pl\/#organization"}}]},"og:locale":"pl_PL","og:site_name":"SP Katarzyna - Publiczna Szko\u0142a Podstawowa w \u015awi\u0119tej Katarzynie","og:type":"article","og:title":"I miejsce na turnieju minikoszyk\u00f3wki - SP Katarzyna","og:description":"Dru\u017cyna klas 6 w sk\u0142adzie: Jakub Nowak, Julian Zaj\u0105c, Hubert Micha\u0142owski, Tymoteusz Zbyrad, Aleksander Tom, Jakub Kupniewski, Tomasz Pawlak, Dominik Kwiatkowski, Antoni \u017bmuda, Micha\u0142 Je\u017cewski, Jakub \u0141ukasz\u00f3w, Maciej Andraka, Szymon Buczy\u0144ski, Franciszek KolanTrenerzy: Tadeusz Kinzel, Dominik MakowskiZdobyli I miejsce na Gminnym turnieju minikoszyk\u00f3wki ch\u0142opc\u00f3w, jednocze\u015bnie awansuj\u0105c do kolejnego etapu rozgrywek. Serdecznie gratulujemy !!!ZESP\u00d3\u0141 WF","og:url":"https:\/\/www.spkatarzyna.pl\/index.php\/2023\/01\/12\/i-miejsce-na-turnieju-minikoszykowki-chlopcow\/","article:published_time":"2023-01-12T10:43:46+00:00","article:modified_time":"2023-01-24T11:07:39+00:00","twitter:card":"summary_large_image","twitter:title":"I miejsce na turnieju minikoszyk\u00f3wki - SP Katarzyna","twitter:description":"Dru\u017cyna klas 6 w sk\u0142adzie: Jakub Nowak, Julian Zaj\u0105c, Hubert Micha\u0142owski, Tymoteusz Zbyrad, Aleksander Tom, Jakub Kupniewski, Tomasz Pawlak, Dominik Kwiatkowski, Antoni \u017bmuda, Micha\u0142 Je\u017cewski, Jakub \u0141ukasz\u00f3w, Maciej Andraka, Szymon Buczy\u0144ski, Franciszek KolanTrenerzy: Tadeusz Kinzel, Dominik MakowskiZdobyli I miejsce na Gminnym turnieju minikoszyk\u00f3wki ch\u0142opc\u00f3w, jednocze\u015bnie awansuj\u0105c do kolejnego etapu rozgrywek. Serdecznie gratulujemy !!!ZESP\u00d3\u0141 WF"},"aioseo_meta_data":{"post_id":"3962","title":null,"description":null,"keywords":null,"keyphrases":null,"primary_term":null,"canonical_url":null,"og_title":null,"og_description":null,"og_object_type":"default","og_image_type":"default","og_image_url":null,"og_image_width":null,"og_image_height":null,"og_image_custom_url":null,"og_image_custom_fields":null,"og_video":null,"og_custom_url":null,"og_article_section":null,"og_article_tags":null,"twitter_use_og":false,"twitter_card":"default","twitter_image_type":"default","twitter_image_url":null,"twitter_image_custom_url":null,"twitter_image_custom_fields":null,"twitter_title":null,"twitter_description":null,"schema":{"blockGraphs":[],"customGraphs":[],"default":{"data":{"Article":[],"Course":[],"Dataset":[],"FAQPage":[],"Movie":[],"Person":[],"Product":[],"ProductReview":[],"Car":[],"Recipe":[],"Service":[],"SoftwareApplication":[],"WebPage":[]},"graphName":"","isEnabled":true},"graphs":[]},"schema_type":"default","schema_type_options":null,"pillar_content":false,"robots_default":true,"robots_noindex":false,"robots_noarchive":false,"robots_nosnippet":false,"robots_nofollow":false,"robots_noimageindex":false,"robots_noodp":false,"robots_notranslate":false,"robots_max_snippet":null,"robots_max_videopreview":null,"robots_max_imagepreview":"large","priority":null,"frequency":null,"local_seo":null,"limit_modified_date":false,"created":"2024-04-03 07:43:08","updated":"2026-09-03 14:11:26","focus_keyword":null,"additional_keywords":null,"truseo_locale":null,"ai":null,"breadcrumb_settings":null,"seo_analyzer_scan_date":null},"aioseo_breadcrumb":"<div class=\"aioseo-breadcrumbs\"><span class=\"aioseo-breadcrumb\">\n\t\t\t<a href=\"https:\/\/www.spkatarzyna.pl\" title=\"Dom\">Dom<\/a>\n\t\t<\/span><span class=\"aioseo-breadcrumb-separator\">&raquo;<\/span><span class=\"aioseo-breadcrumb\">\n\t\t\t<a href=\"https:\/\/www.spkatarzyna.pl\/index.php\/category\/uncategorized\/\" title=\"Uncategorized\">Uncategorized<\/a>\n\t\t<\/span><span class=\"aioseo-breadcrumb-separator\">&raquo;<\/span><span class=\"aioseo-breadcrumb\">\n\t\t\tI miejsce na turnieju minikoszyk\u00f3wki\n\t\t<\/span><\/div>","aioseo_breadcrumb_json":[{"label":"Dom","link":"https:\/\/www.spkatarzyna.pl"},{"label":"Uncategorized","link":"https:\/\/www.spkatarzyna.pl\/index.php\/category\/uncategorized\/"},{"label":"I miejsce na turnieju minikoszyk\u00f3wki","link":"https:\/\/www.spkatarzyna.pl\/index.php\/2023\/01\/12\/i-miejsce-na-turnieju-minikoszykowki-chlopcow\/"}],"_links":{"self":[{"href":"https:\/\/www.spkatarzyna.pl\/index.php\/wp-json\/wp\/v2\/posts\/3962","targetHints":{"allow":["GET"]}}],"collection":[{"href":"https:\/\/www.spkatarzyna.pl\/index.php\/wp-json\/wp\/v2\/posts"}],"about":[{"href":"https:\/\/www.spkatarzyna.pl\/index.php\/wp-json\/wp\/v2\/types\/post"}],"author":[{"embeddable":true,"href":"https:\/\/www.spkatarzyna.pl\/index.php\/wp-json\/wp\/v2\/users\/6"}],"replies":[{"embeddable":true,"href":"https:\/\/www.spkatarzyna.pl\/index.php\/wp-json\/wp\/v2\/comments?post=3962"}],"version-history":[{"count":12,"href":"https:\/\/www.spkatarzyna.pl\/index.php\/wp-json\/wp\/v2\/posts\/3962\/revisions"}],"predecessor-version":[{"id":4139,"href":"https:\/\/www.spkatarzyna.pl\/index.php\/wp-json\/wp\/v2\/posts\/3962\/revisions\/4139"}],"wp:featuredmedia":[{"embeddable":true,"href":"https:\/\/www.spkatarzyna.pl\/index.php\/wp-json\/wp\/v2\/media\/3963"}],"wp:attachment":[{"href":"https:\/\/www.spkatarzyna.pl\/index.php\/wp-json\/wp\/v2\/media?parent=3962"}],"wp:term":[{"taxonomy":"category","embeddable":true,"href":"https:\/\/www.spkatarzyna.pl\/index.php\/wp-json\/wp\/v2\/categories?post=3962"},{"taxonomy":"post_tag","embeddable":true,"href":"https:\/\/www.spkatarzyna.pl\/index.php\/wp-json\/wp\/v2\/tags?post=3962"}],"curies":[{"name":"wp","href":"https:\/\/api.w.org\/{rel}","templated":true}]}}