{"id":4065,"date":"2023-01-19T09:54:23","date_gmt":"2023-01-19T09:54:23","guid":{"rendered":"http:\/\/www.spkatarzyna.pl\/?p=4065"},"modified":"2023-01-19T10:00:34","modified_gmt":"2023-01-19T10:00:34","slug":"zyczenia-od-ksiecia-liechtensteinu","status":"publish","type":"post","link":"https:\/\/www.spkatarzyna.pl\/index.php\/2023\/01\/19\/zyczenia-od-ksiecia-liechtensteinu\/","title":{"rendered":"\u017byczenia od Ksi\u0119cia Liechtensteinu"},"content":{"rendered":"\t\t<div data-elementor-type=\"wp-post\" data-elementor-id=\"4065\" class=\"elementor elementor-4065\">\n\t\t\t\t\t\t<section class=\"elementor-section elementor-top-section elementor-element elementor-element-7a5cc226 elementor-section-boxed elementor-section-height-default elementor-section-height-default\" data-id=\"7a5cc226\" data-element_type=\"section\">\n\t\t\t\t\t\t<div class=\"elementor-container elementor-column-gap-default\">\n\t\t\t\t\t<div class=\"elementor-column elementor-col-100 elementor-top-column elementor-element elementor-element-243b7512\" data-id=\"243b7512\" data-element_type=\"column\">\n\t\t\t<div class=\"elementor-widget-wrap elementor-element-populated\">\n\t\t\t\t\t\t<div class=\"elementor-element elementor-element-3d688df7 elementor-widget elementor-widget-text-editor\" data-id=\"3d688df7\" data-element_type=\"widget\" data-widget_type=\"text-editor.default\">\n\t\t\t\t\t\t\t\t\t<p style=\"text-align: justify;\"><span style=\"font-size: 14pt;\">Dost\u0105pili\u015bmy zaszczytu. Odpisa\u0142 na nasze \u017cyczenia Ksi\u0105\u017ce Liechtensteinu Hans Adam II. Z\u0142o\u017cy\u0142 nam osobi\u015bcie \u017cyczenia \u015bwi\u0105teczne i noworoczne, dodatkowo z\u0142o\u017cy\u0142 w\u0142asnor\u0119czny podpis, co stanowi dla nas ogromny pow\u00f3d do dumy.<\/span><\/p>\r\n&nbsp;\t\t\t\t\t\t\t\t<\/div>\n\t\t\t\t\t<\/div>\n\t\t<\/div>\n\t\t\t\t\t<\/div>\n\t\t<\/section>\n\t\t\t\t<section class=\"elementor-section elementor-top-section elementor-element elementor-element-e18a6e5 elementor-section-boxed elementor-section-height-default elementor-section-height-default\" data-id=\"e18a6e5\" data-element_type=\"section\">\n\t\t\t\t\t\t<div class=\"elementor-container elementor-column-gap-default\">\n\t\t\t\t\t<div class=\"elementor-column elementor-col-100 elementor-top-column elementor-element elementor-element-87135b4\" data-id=\"87135b4\" data-element_type=\"column\">\n\t\t\t<div class=\"elementor-widget-wrap elementor-element-populated\">\n\t\t\t\t\t\t<div class=\"elementor-element elementor-element-73d6a3a elementor-widget elementor-widget-gallery\" data-id=\"73d6a3a\" data-element_type=\"widget\" data-settings=\"{&quot;aspect_ratio&quot;:&quot;4:3&quot;,&quot;lazyload&quot;:&quot;yes&quot;,&quot;gallery_layout&quot;:&quot;grid&quot;,&quot;columns&quot;:4,&quot;columns_tablet&quot;:2,&quot;columns_mobile&quot;:1,&quot;gap&quot;:{&quot;unit&quot;:&quot;px&quot;,&quot;size&quot;:10,&quot;sizes&quot;:[]},&quot;gap_tablet&quot;:{&quot;unit&quot;:&quot;px&quot;,&quot;size&quot;:10,&quot;sizes&quot;:[]},&quot;gap_mobile&quot;:{&quot;unit&quot;:&quot;px&quot;,&quot;size&quot;:10,&quot;sizes&quot;:[]},&quot;link_to&quot;:&quot;file&quot;,&quot;overlay_background&quot;:&quot;yes&quot;,&quot;content_hover_animation&quot;:&quot;fade-in&quot;}\" data-widget_type=\"gallery.default\">\n\t\t\t\t<div class=\"elementor-widget-container\">\n\t\t\t\t\t\t\t<div class=\"elementor-gallery__container\">\n\t\t\t\t\t\t\t<a class=\"e-gallery-item elementor-gallery-item elementor-animated-content\" href=\"https:\/\/www.spkatarzyna.pl\/wp-content\/uploads\/2023\/01\/Resized_20230113_1238271-1.jpg\" data-elementor-open-lightbox=\"yes\" data-elementor-lightbox-slideshow=\"all-73d6a3a\" data-elementor-lightbox-title=\"Resized_20230113_123827(1)\" data-e-action-hash=\"#elementor-action%3Aaction%3Dlightbox%26settings%3DeyJpZCI6NDA2OSwidXJsIjoiaHR0cHM6XC9cL3d3dy5zcGthdGFyenluYS5wbFwvd3AtY29udGVudFwvdXBsb2Fkc1wvMjAyM1wvMDFcL1Jlc2l6ZWRfMjAyMzAxMTNfMTIzODI3MS0xLmpwZyIsInNsaWRlc2hvdyI6ImFsbC03M2Q2YTNhIn0%3D\" rel=\"lightbox[4065]\">\n\t\t\t\t\t<div class=\"e-gallery-image elementor-gallery-item__image\" data-thumbnail=\"https:\/\/www.spkatarzyna.pl\/wp-content\/uploads\/2023\/01\/Resized_20230113_1238271-1-300x169.jpg\" data-width=\"300\" data-height=\"169\" alt=\"\" ><\/div>\n\t\t\t\t\t\t\t\t\t\t<div class=\"elementor-gallery-item__overlay\"><\/div>\n\t\t\t\t\t\t\t\t\t\t\t\t\t\t<\/a>\n\t\t\t\t\t\t\t<a class=\"e-gallery-item elementor-gallery-item elementor-animated-content\" href=\"https:\/\/www.spkatarzyna.pl\/wp-content\/uploads\/2023\/01\/Resized_20230113_1240272.jpg\" data-elementor-open-lightbox=\"yes\" data-elementor-lightbox-slideshow=\"all-73d6a3a\" data-elementor-lightbox-title=\"Resized_20230113_124027(2)\" data-e-action-hash=\"#elementor-action%3Aaction%3Dlightbox%26settings%3DeyJpZCI6NDA3MCwidXJsIjoiaHR0cHM6XC9cL3d3dy5zcGthdGFyenluYS5wbFwvd3AtY29udGVudFwvdXBsb2Fkc1wvMjAyM1wvMDFcL1Jlc2l6ZWRfMjAyMzAxMTNfMTI0MDI3Mi5qcGciLCJzbGlkZXNob3ciOiJhbGwtNzNkNmEzYSJ9\" rel=\"lightbox[4065]\">\n\t\t\t\t\t<div class=\"e-gallery-image elementor-gallery-item__image\" data-thumbnail=\"https:\/\/www.spkatarzyna.pl\/wp-content\/uploads\/2023\/01\/Resized_20230113_1240272-300x169.jpg\" data-width=\"300\" data-height=\"169\" alt=\"\" ><\/div>\n\t\t\t\t\t\t\t\t\t\t<div class=\"elementor-gallery-item__overlay\"><\/div>\n\t\t\t\t\t\t\t\t\t\t\t\t\t\t<\/a>\n\t\t\t\t\t\t\t<a class=\"e-gallery-item elementor-gallery-item elementor-animated-content\" href=\"https:\/\/www.spkatarzyna.pl\/wp-content\/uploads\/2023\/01\/Resized_20230113_12384131.jpg\" data-elementor-open-lightbox=\"yes\" data-elementor-lightbox-slideshow=\"all-73d6a3a\" data-elementor-lightbox-title=\"Resized_20230113_123841(3)(1)\" data-e-action-hash=\"#elementor-action%3Aaction%3Dlightbox%26settings%3DeyJpZCI6NDA3NiwidXJsIjoiaHR0cHM6XC9cL3d3dy5zcGthdGFyenluYS5wbFwvd3AtY29udGVudFwvdXBsb2Fkc1wvMjAyM1wvMDFcL1Jlc2l6ZWRfMjAyMzAxMTNfMTIzODQxMzEuanBnIiwic2xpZGVzaG93IjoiYWxsLTczZDZhM2EifQ%3D%3D\" rel=\"lightbox[4065]\">\n\t\t\t\t\t<div class=\"e-gallery-image elementor-gallery-item__image\" data-thumbnail=\"https:\/\/www.spkatarzyna.pl\/wp-content\/uploads\/2023\/01\/Resized_20230113_12384131-300x196.jpg\" data-width=\"300\" data-height=\"196\" alt=\"\" ><\/div>\n\t\t\t\t\t\t\t\t\t\t<div class=\"elementor-gallery-item__overlay\"><\/div>\n\t\t\t\t\t\t\t\t\t\t\t\t\t\t<\/a>\n\t\t\t\t\t\t\t<a class=\"e-gallery-item elementor-gallery-item elementor-animated-content\" href=\"https:\/\/www.spkatarzyna.pl\/wp-content\/uploads\/2023\/01\/Resized_20230113_1240161.jpg\" data-elementor-open-lightbox=\"yes\" data-elementor-lightbox-slideshow=\"all-73d6a3a\" data-elementor-lightbox-title=\"Resized_20230113_124016(1)\" data-e-action-hash=\"#elementor-action%3Aaction%3Dlightbox%26settings%3DeyJpZCI6NDA3NywidXJsIjoiaHR0cHM6XC9cL3d3dy5zcGthdGFyenluYS5wbFwvd3AtY29udGVudFwvdXBsb2Fkc1wvMjAyM1wvMDFcL1Jlc2l6ZWRfMjAyMzAxMTNfMTI0MDE2MS5qcGciLCJzbGlkZXNob3ciOiJhbGwtNzNkNmEzYSJ9\" rel=\"lightbox[4065]\">\n\t\t\t\t\t<div class=\"e-gallery-image elementor-gallery-item__image\" data-thumbnail=\"https:\/\/www.spkatarzyna.pl\/wp-content\/uploads\/2023\/01\/Resized_20230113_1240161-169x300.jpg\" data-width=\"169\" data-height=\"300\" alt=\"\" ><\/div>\n\t\t\t\t\t\t\t\t\t\t<div class=\"elementor-gallery-item__overlay\"><\/div>\n\t\t\t\t\t\t\t\t\t\t\t\t\t\t<\/a>\n\t\t\t\t\t<\/div>\n\t\t\t\t\t<\/div>\n\t\t\t\t<\/div>\n\t\t\t\t\t<\/div>\n\t\t<\/div>\n\t\t\t\t\t<\/div>\n\t\t<\/section>\n\t\t\t\t<\/div>\n\t\t","protected":false},"excerpt":{"rendered":"<p>Dost\u0105pili\u015bmy zaszczytu. Odpisa\u0142 na nasze \u017cyczenia Ksi\u0105\u017ce Liechtensteinu Hans Adam II. Z\u0142o\u017cy\u0142 nam osobi\u015bcie \u017cyczenia \u015bwi\u0105teczne i noworoczne, dodatkowo z\u0142o\u017cy\u0142 w\u0142asnor\u0119czny podpis, co stanowi dla nas ogromny pow\u00f3d do dumy. &nbsp;<\/p>\n","protected":false},"author":6,"featured_media":4067,"comment_status":"open","ping_status":"open","sticky":false,"template":"","format":"standard","meta":{"om_disable_all_campaigns":false,"_monsterinsights_skip_tracking":false,"ngg_post_thumbnail":0,"footnotes":""},"categories":[1],"tags":[],"class_list":["post-4065","post","type-post","status-publish","format-standard","has-post-thumbnail","hentry","category-uncategorized"],"aioseo_notices":[],"aioseo_head":"\n\t\t<!-- All in One SEO 5.0.1.1 - aioseo.com -->\n\t<meta name=\"description\" content=\"Dost\u0105pili\u015bmy zaszczytu. Odpisa\u0142 na nasze \u017cyczenia Ksi\u0105\u017ce Liechtensteinu Hans Adam II. Z\u0142o\u017cy\u0142 nam osobi\u015bcie \u017cyczenia \u015bwi\u0105teczne i noworoczne, dodatkowo z\u0142o\u017cy\u0142 w\u0142asnor\u0119czny podpis, co stanowi dla nas ogromny pow\u00f3d do dumy.\" \/>\n\t<meta name=\"robots\" content=\"max-image-preview:large\" \/>\n\t<meta name=\"author\" content=\"Redakcja\"\/>\n\t<link rel=\"canonical\" href=\"https:\/\/www.spkatarzyna.pl\/index.php\/2023\/01\/19\/zyczenia-od-ksiecia-liechtensteinu\/\" \/>\n\t<meta name=\"generator\" content=\"All in One SEO (AIOSEO) 5.0.1.1\" \/>\n\t\t<meta property=\"og:locale\" content=\"pl_PL\" \/>\n\t\t<meta property=\"og:site_name\" content=\"SP Katarzyna - Publiczna Szko\u0142a Podstawowa w \u015awi\u0119tej Katarzynie\" \/>\n\t\t<meta property=\"og:type\" content=\"article\" \/>\n\t\t<meta property=\"og:title\" content=\"\u017byczenia od Ksi\u0119cia Liechtensteinu - SP Katarzyna\" \/>\n\t\t<meta property=\"og:description\" content=\"Dost\u0105pili\u015bmy zaszczytu. Odpisa\u0142 na nasze \u017cyczenia Ksi\u0105\u017ce Liechtensteinu Hans Adam II. Z\u0142o\u017cy\u0142 nam osobi\u015bcie \u017cyczenia \u015bwi\u0105teczne i noworoczne, dodatkowo z\u0142o\u017cy\u0142 w\u0142asnor\u0119czny podpis, co stanowi dla nas ogromny pow\u00f3d do dumy.\" \/>\n\t\t<meta property=\"og:url\" content=\"https:\/\/www.spkatarzyna.pl\/index.php\/2023\/01\/19\/zyczenia-od-ksiecia-liechtensteinu\/\" \/>\n\t\t<meta property=\"article:published_time\" content=\"2023-01-19T09:54:23+00:00\" \/>\n\t\t<meta property=\"article:modified_time\" content=\"2023-01-19T10:00:34+00:00\" \/>\n\t\t<meta name=\"twitter:card\" content=\"summary_large_image\" \/>\n\t\t<meta name=\"twitter:title\" content=\"\u017byczenia od Ksi\u0119cia Liechtensteinu - SP Katarzyna\" \/>\n\t\t<meta name=\"twitter:description\" content=\"Dost\u0105pili\u015bmy zaszczytu. Odpisa\u0142 na nasze \u017cyczenia Ksi\u0105\u017ce Liechtensteinu Hans Adam II. Z\u0142o\u017cy\u0142 nam osobi\u015bcie \u017cyczenia \u015bwi\u0105teczne i noworoczne, dodatkowo z\u0142o\u017cy\u0142 w\u0142asnor\u0119czny podpis, co stanowi dla nas ogromny pow\u00f3d do dumy.\" \/>\n\t\t<script type=\"application\/ld+json\" class=\"aioseo-schema\">\n\t\t\t{\"@context\":\"https:\\\/\\\/schema.org\",\"@graph\":[{\"@type\":\"BlogPosting\",\"@id\":\"https:\\\/\\\/www.spkatarzyna.pl\\\/index.php\\\/2023\\\/01\\\/19\\\/zyczenia-od-ksiecia-liechtensteinu\\\/#blogposting\",\"name\":\"\\u017byczenia od Ksi\\u0119cia Liechtensteinu - SP Katarzyna\",\"headline\":\"\\u017byczenia od Ksi\\u0119cia Liechtensteinu\",\"author\":{\"@id\":\"https:\\\/\\\/www.spkatarzyna.pl\\\/index.php\\\/author\\\/agatasafianspkatarzyna-pl\\\/#author\"},\"publisher\":{\"@id\":\"https:\\\/\\\/www.spkatarzyna.pl\\\/#organization\"},\"image\":{\"@type\":\"ImageObject\",\"url\":\"https:\\\/\\\/www.spkatarzyna.pl\\\/wp-content\\\/uploads\\\/2023\\\/01\\\/Resized_20230113_12402711.jpg\",\"width\":360,\"height\":202},\"datePublished\":\"2023-01-19T09:54:23+01:00\",\"dateModified\":\"2023-01-19T10:00:34+01:00\",\"inLanguage\":\"pl-PL\",\"mainEntityOfPage\":{\"@id\":\"https:\\\/\\\/www.spkatarzyna.pl\\\/index.php\\\/2023\\\/01\\\/19\\\/zyczenia-od-ksiecia-liechtensteinu\\\/#webpage\"},\"isPartOf\":{\"@id\":\"https:\\\/\\\/www.spkatarzyna.pl\\\/index.php\\\/2023\\\/01\\\/19\\\/zyczenia-od-ksiecia-liechtensteinu\\\/#webpage\"},\"articleSection\":\"Uncategorized\"},{\"@type\":\"BreadcrumbList\",\"@id\":\"https:\\\/\\\/www.spkatarzyna.pl\\\/index.php\\\/2023\\\/01\\\/19\\\/zyczenia-od-ksiecia-liechtensteinu\\\/#breadcrumblist\",\"itemListElement\":[{\"@type\":\"ListItem\",\"@id\":\"https:\\\/\\\/www.spkatarzyna.pl#listItem\",\"position\":1,\"name\":\"Dom\",\"item\":\"https:\\\/\\\/www.spkatarzyna.pl\",\"nextItem\":{\"@type\":\"ListItem\",\"@id\":\"https:\\\/\\\/www.spkatarzyna.pl\\\/index.php\\\/category\\\/uncategorized\\\/#listItem\",\"name\":\"Uncategorized\"}},{\"@type\":\"ListItem\",\"@id\":\"https:\\\/\\\/www.spkatarzyna.pl\\\/index.php\\\/category\\\/uncategorized\\\/#listItem\",\"position\":2,\"name\":\"Uncategorized\",\"item\":\"https:\\\/\\\/www.spkatarzyna.pl\\\/index.php\\\/category\\\/uncategorized\\\/\",\"nextItem\":{\"@type\":\"ListItem\",\"@id\":\"https:\\\/\\\/www.spkatarzyna.pl\\\/index.php\\\/2023\\\/01\\\/19\\\/zyczenia-od-ksiecia-liechtensteinu\\\/#listItem\",\"name\":\"\\u017byczenia od Ksi\\u0119cia Liechtensteinu\"},\"previousItem\":{\"@type\":\"ListItem\",\"@id\":\"https:\\\/\\\/www.spkatarzyna.pl#listItem\",\"name\":\"Dom\"}},{\"@type\":\"ListItem\",\"@id\":\"https:\\\/\\\/www.spkatarzyna.pl\\\/index.php\\\/2023\\\/01\\\/19\\\/zyczenia-od-ksiecia-liechtensteinu\\\/#listItem\",\"position\":3,\"name\":\"\\u017byczenia od Ksi\\u0119cia Liechtensteinu\",\"previousItem\":{\"@type\":\"ListItem\",\"@id\":\"https:\\\/\\\/www.spkatarzyna.pl\\\/index.php\\\/category\\\/uncategorized\\\/#listItem\",\"name\":\"Uncategorized\"}}]},{\"@type\":\"Organization\",\"@id\":\"https:\\\/\\\/www.spkatarzyna.pl\\\/#organization\",\"name\":\"SP Katarzyna\",\"description\":\"Publiczna Szko\\u0142a Podstawowa w \\u015awi\\u0119tej Katarzynie\",\"url\":\"https:\\\/\\\/www.spkatarzyna.pl\\\/\",\"telephone\":\"+48713116378\",\"sameAs\":[\"https:\\\/\\\/facebook.com\\\/\",\"https:\\\/\\\/x.com\\\/\",\"https:\\\/\\\/instagram.com\\\/\",\"https:\\\/\\\/pinterest.com\\\/\",\"https:\\\/\\\/youtube.com\\\/\",\"https:\\\/\\\/linkedin.com\\\/in\\\/\"]},{\"@type\":\"Person\",\"@id\":\"https:\\\/\\\/www.spkatarzyna.pl\\\/index.php\\\/author\\\/agatasafianspkatarzyna-pl\\\/#author\",\"url\":\"https:\\\/\\\/www.spkatarzyna.pl\\\/index.php\\\/author\\\/agatasafianspkatarzyna-pl\\\/\",\"name\":\"Redakcja\",\"image\":{\"@type\":\"ImageObject\",\"@id\":\"https:\\\/\\\/www.spkatarzyna.pl\\\/index.php\\\/2023\\\/01\\\/19\\\/zyczenia-od-ksiecia-liechtensteinu\\\/#authorImage\",\"url\":\"https:\\\/\\\/secure.gravatar.com\\\/avatar\\\/765290513df94d442152250e92b42327?s=96&d=mm&r=g\",\"width\":96,\"height\":96,\"caption\":\"Redakcja\"}},{\"@type\":\"WebPage\",\"@id\":\"https:\\\/\\\/www.spkatarzyna.pl\\\/index.php\\\/2023\\\/01\\\/19\\\/zyczenia-od-ksiecia-liechtensteinu\\\/#webpage\",\"url\":\"https:\\\/\\\/www.spkatarzyna.pl\\\/index.php\\\/2023\\\/01\\\/19\\\/zyczenia-od-ksiecia-liechtensteinu\\\/\",\"name\":\"\\u017byczenia od Ksi\\u0119cia Liechtensteinu - SP Katarzyna\",\"description\":\"Dost\\u0105pili\\u015bmy zaszczytu. Odpisa\\u0142 na nasze \\u017cyczenia Ksi\\u0105\\u017ce Liechtensteinu Hans Adam II. Z\\u0142o\\u017cy\\u0142 nam osobi\\u015bcie \\u017cyczenia \\u015bwi\\u0105teczne i noworoczne, dodatkowo z\\u0142o\\u017cy\\u0142 w\\u0142asnor\\u0119czny podpis, co stanowi dla nas ogromny pow\\u00f3d do dumy.\",\"inLanguage\":\"pl-PL\",\"isPartOf\":{\"@id\":\"https:\\\/\\\/www.spkatarzyna.pl\\\/#website\"},\"breadcrumb\":{\"@id\":\"https:\\\/\\\/www.spkatarzyna.pl\\\/index.php\\\/2023\\\/01\\\/19\\\/zyczenia-od-ksiecia-liechtensteinu\\\/#breadcrumblist\"},\"author\":{\"@id\":\"https:\\\/\\\/www.spkatarzyna.pl\\\/index.php\\\/author\\\/agatasafianspkatarzyna-pl\\\/#author\"},\"creator\":{\"@id\":\"https:\\\/\\\/www.spkatarzyna.pl\\\/index.php\\\/author\\\/agatasafianspkatarzyna-pl\\\/#author\"},\"image\":{\"@type\":\"ImageObject\",\"url\":\"https:\\\/\\\/www.spkatarzyna.pl\\\/wp-content\\\/uploads\\\/2023\\\/01\\\/Resized_20230113_12402711.jpg\",\"@id\":\"https:\\\/\\\/www.spkatarzyna.pl\\\/index.php\\\/2023\\\/01\\\/19\\\/zyczenia-od-ksiecia-liechtensteinu\\\/#mainImage\",\"width\":360,\"height\":202},\"primaryImageOfPage\":{\"@id\":\"https:\\\/\\\/www.spkatarzyna.pl\\\/index.php\\\/2023\\\/01\\\/19\\\/zyczenia-od-ksiecia-liechtensteinu\\\/#mainImage\"},\"datePublished\":\"2023-01-19T09:54:23+01:00\",\"dateModified\":\"2023-01-19T10:00:34+01:00\"},{\"@type\":\"WebSite\",\"@id\":\"https:\\\/\\\/www.spkatarzyna.pl\\\/#website\",\"url\":\"https:\\\/\\\/www.spkatarzyna.pl\\\/\",\"name\":\"SP Katarzyna\",\"description\":\"Publiczna Szko\\u0142a Podstawowa w \\u015awi\\u0119tej Katarzynie\",\"inLanguage\":\"pl-PL\",\"publisher\":{\"@id\":\"https:\\\/\\\/www.spkatarzyna.pl\\\/#organization\"}}]}\n\t\t<\/script>\n\t\t<!-- All in One SEO -->\n\n","aioseo_head_json":{"title":"\u017byczenia od Ksi\u0119cia Liechtensteinu - SP Katarzyna","description":"Dost\u0105pili\u015bmy zaszczytu. Odpisa\u0142 na nasze \u017cyczenia Ksi\u0105\u017ce Liechtensteinu Hans Adam II. Z\u0142o\u017cy\u0142 nam osobi\u015bcie \u017cyczenia \u015bwi\u0105teczne i noworoczne, dodatkowo z\u0142o\u017cy\u0142 w\u0142asnor\u0119czny podpis, co stanowi dla nas ogromny pow\u00f3d do dumy.","canonical_url":"https:\/\/www.spkatarzyna.pl\/index.php\/2023\/01\/19\/zyczenia-od-ksiecia-liechtensteinu\/","robots":"max-image-preview:large","keywords":"","webmasterTools":{"miscellaneous":""},"schema":{"@context":"https:\/\/schema.org","@graph":[{"@type":"BlogPosting","@id":"https:\/\/www.spkatarzyna.pl\/index.php\/2023\/01\/19\/zyczenia-od-ksiecia-liechtensteinu\/#blogposting","name":"\u017byczenia od Ksi\u0119cia Liechtensteinu - SP Katarzyna","headline":"\u017byczenia od Ksi\u0119cia Liechtensteinu","author":{"@id":"https:\/\/www.spkatarzyna.pl\/index.php\/author\/agatasafianspkatarzyna-pl\/#author"},"publisher":{"@id":"https:\/\/www.spkatarzyna.pl\/#organization"},"image":{"@type":"ImageObject","url":"https:\/\/www.spkatarzyna.pl\/wp-content\/uploads\/2023\/01\/Resized_20230113_12402711.jpg","width":360,"height":202},"datePublished":"2023-01-19T09:54:23+01:00","dateModified":"2023-01-19T10:00:34+01:00","inLanguage":"pl-PL","mainEntityOfPage":{"@id":"https:\/\/www.spkatarzyna.pl\/index.php\/2023\/01\/19\/zyczenia-od-ksiecia-liechtensteinu\/#webpage"},"isPartOf":{"@id":"https:\/\/www.spkatarzyna.pl\/index.php\/2023\/01\/19\/zyczenia-od-ksiecia-liechtensteinu\/#webpage"},"articleSection":"Uncategorized"},{"@type":"BreadcrumbList","@id":"https:\/\/www.spkatarzyna.pl\/index.php\/2023\/01\/19\/zyczenia-od-ksiecia-liechtensteinu\/#breadcrumblist","itemListElement":[{"@type":"ListItem","@id":"https:\/\/www.spkatarzyna.pl#listItem","position":1,"name":"Dom","item":"https:\/\/www.spkatarzyna.pl","nextItem":{"@type":"ListItem","@id":"https:\/\/www.spkatarzyna.pl\/index.php\/category\/uncategorized\/#listItem","name":"Uncategorized"}},{"@type":"ListItem","@id":"https:\/\/www.spkatarzyna.pl\/index.php\/category\/uncategorized\/#listItem","position":2,"name":"Uncategorized","item":"https:\/\/www.spkatarzyna.pl\/index.php\/category\/uncategorized\/","nextItem":{"@type":"ListItem","@id":"https:\/\/www.spkatarzyna.pl\/index.php\/2023\/01\/19\/zyczenia-od-ksiecia-liechtensteinu\/#listItem","name":"\u017byczenia od Ksi\u0119cia Liechtensteinu"},"previousItem":{"@type":"ListItem","@id":"https:\/\/www.spkatarzyna.pl#listItem","name":"Dom"}},{"@type":"ListItem","@id":"https:\/\/www.spkatarzyna.pl\/index.php\/2023\/01\/19\/zyczenia-od-ksiecia-liechtensteinu\/#listItem","position":3,"name":"\u017byczenia od Ksi\u0119cia Liechtensteinu","previousItem":{"@type":"ListItem","@id":"https:\/\/www.spkatarzyna.pl\/index.php\/category\/uncategorized\/#listItem","name":"Uncategorized"}}]},{"@type":"Organization","@id":"https:\/\/www.spkatarzyna.pl\/#organization","name":"SP Katarzyna","description":"Publiczna Szko\u0142a Podstawowa w \u015awi\u0119tej Katarzynie","url":"https:\/\/www.spkatarzyna.pl\/","telephone":"+48713116378","sameAs":["https:\/\/facebook.com\/","https:\/\/x.com\/","https:\/\/instagram.com\/","https:\/\/pinterest.com\/","https:\/\/youtube.com\/","https:\/\/linkedin.com\/in\/"]},{"@type":"Person","@id":"https:\/\/www.spkatarzyna.pl\/index.php\/author\/agatasafianspkatarzyna-pl\/#author","url":"https:\/\/www.spkatarzyna.pl\/index.php\/author\/agatasafianspkatarzyna-pl\/","name":"Redakcja","image":{"@type":"ImageObject","@id":"https:\/\/www.spkatarzyna.pl\/index.php\/2023\/01\/19\/zyczenia-od-ksiecia-liechtensteinu\/#authorImage","url":"https:\/\/secure.gravatar.com\/avatar\/765290513df94d442152250e92b42327?s=96&d=mm&r=g","width":96,"height":96,"caption":"Redakcja"}},{"@type":"WebPage","@id":"https:\/\/www.spkatarzyna.pl\/index.php\/2023\/01\/19\/zyczenia-od-ksiecia-liechtensteinu\/#webpage","url":"https:\/\/www.spkatarzyna.pl\/index.php\/2023\/01\/19\/zyczenia-od-ksiecia-liechtensteinu\/","name":"\u017byczenia od Ksi\u0119cia Liechtensteinu - SP Katarzyna","description":"Dost\u0105pili\u015bmy zaszczytu. Odpisa\u0142 na nasze \u017cyczenia Ksi\u0105\u017ce Liechtensteinu Hans Adam II. Z\u0142o\u017cy\u0142 nam osobi\u015bcie \u017cyczenia \u015bwi\u0105teczne i noworoczne, dodatkowo z\u0142o\u017cy\u0142 w\u0142asnor\u0119czny podpis, co stanowi dla nas ogromny pow\u00f3d do dumy.","inLanguage":"pl-PL","isPartOf":{"@id":"https:\/\/www.spkatarzyna.pl\/#website"},"breadcrumb":{"@id":"https:\/\/www.spkatarzyna.pl\/index.php\/2023\/01\/19\/zyczenia-od-ksiecia-liechtensteinu\/#breadcrumblist"},"author":{"@id":"https:\/\/www.spkatarzyna.pl\/index.php\/author\/agatasafianspkatarzyna-pl\/#author"},"creator":{"@id":"https:\/\/www.spkatarzyna.pl\/index.php\/author\/agatasafianspkatarzyna-pl\/#author"},"image":{"@type":"ImageObject","url":"https:\/\/www.spkatarzyna.pl\/wp-content\/uploads\/2023\/01\/Resized_20230113_12402711.jpg","@id":"https:\/\/www.spkatarzyna.pl\/index.php\/2023\/01\/19\/zyczenia-od-ksiecia-liechtensteinu\/#mainImage","width":360,"height":202},"primaryImageOfPage":{"@id":"https:\/\/www.spkatarzyna.pl\/index.php\/2023\/01\/19\/zyczenia-od-ksiecia-liechtensteinu\/#mainImage"},"datePublished":"2023-01-19T09:54:23+01:00","dateModified":"2023-01-19T10:00:34+01:00"},{"@type":"WebSite","@id":"https:\/\/www.spkatarzyna.pl\/#website","url":"https:\/\/www.spkatarzyna.pl\/","name":"SP Katarzyna","description":"Publiczna Szko\u0142a Podstawowa w \u015awi\u0119tej Katarzynie","inLanguage":"pl-PL","publisher":{"@id":"https:\/\/www.spkatarzyna.pl\/#organization"}}]},"og:locale":"pl_PL","og:site_name":"SP Katarzyna - Publiczna Szko\u0142a Podstawowa w \u015awi\u0119tej Katarzynie","og:type":"article","og:title":"\u017byczenia od Ksi\u0119cia Liechtensteinu - SP Katarzyna","og:description":"Dost\u0105pili\u015bmy zaszczytu. Odpisa\u0142 na nasze \u017cyczenia Ksi\u0105\u017ce Liechtensteinu Hans Adam II. Z\u0142o\u017cy\u0142 nam osobi\u015bcie \u017cyczenia \u015bwi\u0105teczne i noworoczne, dodatkowo z\u0142o\u017cy\u0142 w\u0142asnor\u0119czny podpis, co stanowi dla nas ogromny pow\u00f3d do dumy.","og:url":"https:\/\/www.spkatarzyna.pl\/index.php\/2023\/01\/19\/zyczenia-od-ksiecia-liechtensteinu\/","article:published_time":"2023-01-19T09:54:23+00:00","article:modified_time":"2023-01-19T10:00:34+00:00","twitter:card":"summary_large_image","twitter:title":"\u017byczenia od Ksi\u0119cia Liechtensteinu - SP Katarzyna","twitter:description":"Dost\u0105pili\u015bmy zaszczytu. Odpisa\u0142 na nasze \u017cyczenia Ksi\u0105\u017ce Liechtensteinu Hans Adam II. Z\u0142o\u017cy\u0142 nam osobi\u015bcie \u017cyczenia \u015bwi\u0105teczne i noworoczne, dodatkowo z\u0142o\u017cy\u0142 w\u0142asnor\u0119czny podpis, co stanowi dla nas ogromny pow\u00f3d do dumy."},"aioseo_meta_data":{"post_id":"4065","title":null,"description":null,"keywords":null,"keyphrases":null,"primary_term":null,"canonical_url":null,"og_title":null,"og_description":null,"og_object_type":"default","og_image_type":"default","og_image_url":null,"og_image_width":null,"og_image_height":null,"og_image_custom_url":null,"og_image_custom_fields":null,"og_video":null,"og_custom_url":null,"og_article_section":null,"og_article_tags":null,"twitter_use_og":false,"twitter_card":"default","twitter_image_type":"default","twitter_image_url":null,"twitter_image_custom_url":null,"twitter_image_custom_fields":null,"twitter_title":null,"twitter_description":null,"schema":{"blockGraphs":[],"customGraphs":[],"default":{"data":{"Article":[],"Course":[],"Dataset":[],"FAQPage":[],"Movie":[],"Person":[],"Product":[],"ProductReview":[],"Car":[],"Recipe":[],"Service":[],"SoftwareApplication":[],"WebPage":[]},"graphName":"","isEnabled":true},"graphs":[]},"schema_type":"default","schema_type_options":null,"pillar_content":false,"robots_default":true,"robots_noindex":false,"robots_noarchive":false,"robots_nosnippet":false,"robots_nofollow":false,"robots_noimageindex":false,"robots_noodp":false,"robots_notranslate":false,"robots_max_snippet":null,"robots_max_videopreview":null,"robots_max_imagepreview":"large","priority":null,"frequency":null,"local_seo":null,"limit_modified_date":false,"created":"2024-04-03 07:43:08","updated":"2026-09-03 14:16:58","focus_keyword":null,"additional_keywords":null,"truseo_locale":null,"ai":null,"breadcrumb_settings":null,"seo_analyzer_scan_date":null},"aioseo_breadcrumb":"<div class=\"aioseo-breadcrumbs\"><span class=\"aioseo-breadcrumb\">\n\t\t\t<a href=\"https:\/\/www.spkatarzyna.pl\" title=\"Dom\">Dom<\/a>\n\t\t<\/span><span class=\"aioseo-breadcrumb-separator\">&raquo;<\/span><span class=\"aioseo-breadcrumb\">\n\t\t\t<a href=\"https:\/\/www.spkatarzyna.pl\/index.php\/category\/uncategorized\/\" title=\"Uncategorized\">Uncategorized<\/a>\n\t\t<\/span><span class=\"aioseo-breadcrumb-separator\">&raquo;<\/span><span class=\"aioseo-breadcrumb\">\n\t\t\t\u017byczenia od Ksi\u0119cia Liechtensteinu\n\t\t<\/span><\/div>","aioseo_breadcrumb_json":[{"label":"Dom","link":"https:\/\/www.spkatarzyna.pl"},{"label":"Uncategorized","link":"https:\/\/www.spkatarzyna.pl\/index.php\/category\/uncategorized\/"},{"label":"\u017byczenia od Ksi\u0119cia Liechtensteinu","link":"https:\/\/www.spkatarzyna.pl\/index.php\/2023\/01\/19\/zyczenia-od-ksiecia-liechtensteinu\/"}],"_links":{"self":[{"href":"https:\/\/www.spkatarzyna.pl\/index.php\/wp-json\/wp\/v2\/posts\/4065","targetHints":{"allow":["GET"]}}],"collection":[{"href":"https:\/\/www.spkatarzyna.pl\/index.php\/wp-json\/wp\/v2\/posts"}],"about":[{"href":"https:\/\/www.spkatarzyna.pl\/index.php\/wp-json\/wp\/v2\/types\/post"}],"author":[{"embeddable":true,"href":"https:\/\/www.spkatarzyna.pl\/index.php\/wp-json\/wp\/v2\/users\/6"}],"replies":[{"embeddable":true,"href":"https:\/\/www.spkatarzyna.pl\/index.php\/wp-json\/wp\/v2\/comments?post=4065"}],"version-history":[{"count":4,"href":"https:\/\/www.spkatarzyna.pl\/index.php\/wp-json\/wp\/v2\/posts\/4065\/revisions"}],"predecessor-version":[{"id":4080,"href":"https:\/\/www.spkatarzyna.pl\/index.php\/wp-json\/wp\/v2\/posts\/4065\/revisions\/4080"}],"wp:featuredmedia":[{"embeddable":true,"href":"https:\/\/www.spkatarzyna.pl\/index.php\/wp-json\/wp\/v2\/media\/4067"}],"wp:attachment":[{"href":"https:\/\/www.spkatarzyna.pl\/index.php\/wp-json\/wp\/v2\/media?parent=4065"}],"wp:term":[{"taxonomy":"category","embeddable":true,"href":"https:\/\/www.spkatarzyna.pl\/index.php\/wp-json\/wp\/v2\/categories?post=4065"},{"taxonomy":"post_tag","embeddable":true,"href":"https:\/\/www.spkatarzyna.pl\/index.php\/wp-json\/wp\/v2\/tags?post=4065"}],"curies":[{"name":"wp","href":"https:\/\/api.w.org\/{rel}","templated":true}]}}