{"id":4123,"date":"2023-01-24T10:10:21","date_gmt":"2023-01-24T10:10:21","guid":{"rendered":"http:\/\/www.spkatarzyna.pl\/?p=4123"},"modified":"2023-01-27T11:25:43","modified_gmt":"2023-01-27T11:25:43","slug":"iii-miejsce-na-powiatowym-turnieju-minikoszykowki","status":"publish","type":"post","link":"https:\/\/www.spkatarzyna.pl\/index.php\/2023\/01\/24\/iii-miejsce-na-powiatowym-turnieju-minikoszykowki\/","title":{"rendered":"Powiatowy turniej minikoszyk\u00f3wki"},"content":{"rendered":"\t\t<div data-elementor-type=\"wp-post\" data-elementor-id=\"4123\" class=\"elementor elementor-4123\">\n\t\t\t\t\t\t<section class=\"elementor-section elementor-top-section elementor-element elementor-element-2aeb3ed1 elementor-section-boxed elementor-section-height-default elementor-section-height-default\" data-id=\"2aeb3ed1\" data-element_type=\"section\">\n\t\t\t\t\t\t<div class=\"elementor-container elementor-column-gap-default\">\n\t\t\t\t\t<div class=\"elementor-column elementor-col-100 elementor-top-column elementor-element elementor-element-10bb7d45\" data-id=\"10bb7d45\" data-element_type=\"column\">\n\t\t\t<div class=\"elementor-widget-wrap elementor-element-populated\">\n\t\t\t\t\t\t<div class=\"elementor-element elementor-element-256fc72 elementor-widget elementor-widget-text-editor\" data-id=\"256fc72\" data-element_type=\"widget\" data-widget_type=\"text-editor.default\">\n\t\t\t\t\t\t\t\t\t<p style=\"text-align: justify;\"><span style=\"font-size: 14pt;\">Dru\u017cyna klas 6 w sk\u0142adzie:&nbsp; Jakub Nowak, Julian Zaj\u0105c, Hubert Micha\u0142owski, Tymoteusz Zbyrad, Aleksander Tom, Jakub Kupniewski,&nbsp; Antoni \u017bmuda, Micha\u0142 Je\u017cewski, Bruno Zalewski,&nbsp; Maciej Andraka, Franciszek Kolan, Fabjan Hordejuk. <\/span><\/p>\r\n<p style=\"text-align: justify;\"><span style=\"font-size: 14pt;\">Trenerzy: Tadeusz Kinzel, Dominik Makowski Zdobyli <strong>III miejsce<\/strong> w Powiatowym Turnieju Minikoszyk\u00f3wki Ch\u0142opc\u00f3w.<\/span><\/p>\r\n<p style=\"text-align: right;\"><em><strong><span style=\"font-size: 14pt;\"> Serdecznie gratulujemy !!! <\/span><\/strong><\/em><\/p>\r\n<p style=\"text-align: right;\"><em><strong><span style=\"font-size: 14pt;\">ZESP\u00d3\u0141 WF<\/span><\/strong><\/em><\/p>\r\n<p style=\"text-align: right;\"><em><strong><span style=\"font-size: 14pt;\"> &nbsp;<\/span><\/strong><\/em><\/p>\t\t\t\t\t\t\t\t<\/div>\n\t\t\t\t<div class=\"elementor-element elementor-element-e1d9122 elementor-widget elementor-widget-gallery\" data-id=\"e1d9122\" data-element_type=\"widget\" data-settings=\"{&quot;lazyload&quot;:&quot;yes&quot;,&quot;gallery_layout&quot;:&quot;grid&quot;,&quot;columns&quot;:4,&quot;columns_tablet&quot;:2,&quot;columns_mobile&quot;:1,&quot;gap&quot;:{&quot;unit&quot;:&quot;px&quot;,&quot;size&quot;:10,&quot;sizes&quot;:[]},&quot;gap_tablet&quot;:{&quot;unit&quot;:&quot;px&quot;,&quot;size&quot;:10,&quot;sizes&quot;:[]},&quot;gap_mobile&quot;:{&quot;unit&quot;:&quot;px&quot;,&quot;size&quot;:10,&quot;sizes&quot;:[]},&quot;link_to&quot;:&quot;file&quot;,&quot;aspect_ratio&quot;:&quot;3:2&quot;,&quot;overlay_background&quot;:&quot;yes&quot;,&quot;content_hover_animation&quot;:&quot;fade-in&quot;}\" data-widget_type=\"gallery.default\">\n\t\t\t\t<div class=\"elementor-widget-container\">\n\t\t\t\t\t\t\t<div class=\"elementor-gallery__container\">\n\t\t\t\t\t\t\t<a class=\"e-gallery-item elementor-gallery-item elementor-animated-content\" href=\"https:\/\/www.spkatarzyna.pl\/wp-content\/uploads\/2023\/01\/770458848260567698-1.jpg\" data-elementor-open-lightbox=\"yes\" data-elementor-lightbox-slideshow=\"all-e1d9122\" data-elementor-lightbox-title=\"770458848260567698\" data-e-action-hash=\"#elementor-action%3Aaction%3Dlightbox%26settings%3DeyJpZCI6NDIzMCwidXJsIjoiaHR0cHM6XC9cL3d3dy5zcGthdGFyenluYS5wbFwvd3AtY29udGVudFwvdXBsb2Fkc1wvMjAyM1wvMDFcLzc3MDQ1ODg0ODI2MDU2NzY5OC0xLmpwZyIsInNsaWRlc2hvdyI6ImFsbC1lMWQ5MTIyIn0%3D\" rel=\"lightbox[4123]\">\n\t\t\t\t\t<div class=\"e-gallery-image elementor-gallery-item__image\" data-thumbnail=\"https:\/\/www.spkatarzyna.pl\/wp-content\/uploads\/2023\/01\/770458848260567698-1-300x225.jpg\" data-width=\"300\" data-height=\"225\" alt=\"\" ><\/div>\n\t\t\t\t\t\t\t\t\t\t<div class=\"elementor-gallery-item__overlay\"><\/div>\n\t\t\t\t\t\t\t\t\t\t\t\t\t\t<\/a>\n\t\t\t\t\t\t\t<a class=\"e-gallery-item elementor-gallery-item elementor-animated-content\" href=\"https:\/\/www.spkatarzyna.pl\/wp-content\/uploads\/2023\/01\/2307886221251498250.jpg\" data-elementor-open-lightbox=\"yes\" data-elementor-lightbox-slideshow=\"all-e1d9122\" data-elementor-lightbox-title=\"-2307886221251498250\" data-e-action-hash=\"#elementor-action%3Aaction%3Dlightbox%26settings%3DeyJpZCI6NDIyMywidXJsIjoiaHR0cHM6XC9cL3d3dy5zcGthdGFyenluYS5wbFwvd3AtY29udGVudFwvdXBsb2Fkc1wvMjAyM1wvMDFcLzIzMDc4ODYyMjEyNTE0OTgyNTAuanBnIiwic2xpZGVzaG93IjoiYWxsLWUxZDkxMjIifQ%3D%3D\" rel=\"lightbox[4123]\">\n\t\t\t\t\t<div class=\"e-gallery-image elementor-gallery-item__image\" data-thumbnail=\"https:\/\/www.spkatarzyna.pl\/wp-content\/uploads\/2023\/01\/2307886221251498250-300x225.jpg\" data-width=\"300\" data-height=\"225\" alt=\"\" ><\/div>\n\t\t\t\t\t\t\t\t\t\t<div class=\"elementor-gallery-item__overlay\"><\/div>\n\t\t\t\t\t\t\t\t\t\t\t\t\t\t<\/a>\n\t\t\t\t\t\t\t<a class=\"e-gallery-item elementor-gallery-item elementor-animated-content\" href=\"https:\/\/www.spkatarzyna.pl\/wp-content\/uploads\/2023\/01\/6268709701435799755.jpg\" data-elementor-open-lightbox=\"yes\" data-elementor-lightbox-slideshow=\"all-e1d9122\" data-elementor-lightbox-title=\"6268709701435799755\" data-e-action-hash=\"#elementor-action%3Aaction%3Dlightbox%26settings%3DeyJpZCI6NDIyNCwidXJsIjoiaHR0cHM6XC9cL3d3dy5zcGthdGFyenluYS5wbFwvd3AtY29udGVudFwvdXBsb2Fkc1wvMjAyM1wvMDFcLzYyNjg3MDk3MDE0MzU3OTk3NTUuanBnIiwic2xpZGVzaG93IjoiYWxsLWUxZDkxMjIifQ%3D%3D\" rel=\"lightbox[4123]\">\n\t\t\t\t\t<div class=\"e-gallery-image elementor-gallery-item__image\" data-thumbnail=\"https:\/\/www.spkatarzyna.pl\/wp-content\/uploads\/2023\/01\/6268709701435799755-300x225.jpg\" data-width=\"300\" data-height=\"225\" alt=\"\" ><\/div>\n\t\t\t\t\t\t\t\t\t\t<div class=\"elementor-gallery-item__overlay\"><\/div>\n\t\t\t\t\t\t\t\t\t\t\t\t\t\t<\/a>\n\t\t\t\t\t\t\t<a class=\"e-gallery-item elementor-gallery-item elementor-animated-content\" href=\"https:\/\/www.spkatarzyna.pl\/wp-content\/uploads\/2023\/01\/8189992786068434268.jpg\" data-elementor-open-lightbox=\"yes\" data-elementor-lightbox-slideshow=\"all-e1d9122\" data-elementor-lightbox-title=\"-8189992786068434268\" data-e-action-hash=\"#elementor-action%3Aaction%3Dlightbox%26settings%3DeyJpZCI6NDIyNSwidXJsIjoiaHR0cHM6XC9cL3d3dy5zcGthdGFyenluYS5wbFwvd3AtY29udGVudFwvdXBsb2Fkc1wvMjAyM1wvMDFcLzgxODk5OTI3ODYwNjg0MzQyNjguanBnIiwic2xpZGVzaG93IjoiYWxsLWUxZDkxMjIifQ%3D%3D\" rel=\"lightbox[4123]\">\n\t\t\t\t\t<div class=\"e-gallery-image elementor-gallery-item__image\" data-thumbnail=\"https:\/\/www.spkatarzyna.pl\/wp-content\/uploads\/2023\/01\/8189992786068434268-300x225.jpg\" data-width=\"300\" data-height=\"225\" alt=\"\" ><\/div>\n\t\t\t\t\t\t\t\t\t\t<div class=\"elementor-gallery-item__overlay\"><\/div>\n\t\t\t\t\t\t\t\t\t\t\t\t\t\t<\/a>\n\t\t\t\t\t\t\t<a class=\"e-gallery-item elementor-gallery-item elementor-animated-content\" href=\"https:\/\/www.spkatarzyna.pl\/wp-content\/uploads\/2023\/01\/1988062342918417867.jpg\" data-elementor-open-lightbox=\"yes\" data-elementor-lightbox-slideshow=\"all-e1d9122\" data-elementor-lightbox-title=\"1988062342918417867\" data-e-action-hash=\"#elementor-action%3Aaction%3Dlightbox%26settings%3DeyJpZCI6NDIyNiwidXJsIjoiaHR0cHM6XC9cL3d3dy5zcGthdGFyenluYS5wbFwvd3AtY29udGVudFwvdXBsb2Fkc1wvMjAyM1wvMDFcLzE5ODgwNjIzNDI5MTg0MTc4NjcuanBnIiwic2xpZGVzaG93IjoiYWxsLWUxZDkxMjIifQ%3D%3D\" rel=\"lightbox[4123]\">\n\t\t\t\t\t<div class=\"e-gallery-image elementor-gallery-item__image\" data-thumbnail=\"https:\/\/www.spkatarzyna.pl\/wp-content\/uploads\/2023\/01\/1988062342918417867-300x225.jpg\" data-width=\"300\" data-height=\"225\" alt=\"\" ><\/div>\n\t\t\t\t\t\t\t\t\t\t<div class=\"elementor-gallery-item__overlay\"><\/div>\n\t\t\t\t\t\t\t\t\t\t\t\t\t\t<\/a>\n\t\t\t\t\t\t\t<a class=\"e-gallery-item elementor-gallery-item elementor-animated-content\" href=\"https:\/\/www.spkatarzyna.pl\/wp-content\/uploads\/2023\/01\/7675576328847063438.jpg\" data-elementor-open-lightbox=\"yes\" data-elementor-lightbox-slideshow=\"all-e1d9122\" data-elementor-lightbox-title=\"7675576328847063438\" data-e-action-hash=\"#elementor-action%3Aaction%3Dlightbox%26settings%3DeyJpZCI6NDIyNywidXJsIjoiaHR0cHM6XC9cL3d3dy5zcGthdGFyenluYS5wbFwvd3AtY29udGVudFwvdXBsb2Fkc1wvMjAyM1wvMDFcLzc2NzU1NzYzMjg4NDcwNjM0MzguanBnIiwic2xpZGVzaG93IjoiYWxsLWUxZDkxMjIifQ%3D%3D\" rel=\"lightbox[4123]\">\n\t\t\t\t\t<div class=\"e-gallery-image elementor-gallery-item__image\" data-thumbnail=\"https:\/\/www.spkatarzyna.pl\/wp-content\/uploads\/2023\/01\/7675576328847063438-300x225.jpg\" data-width=\"300\" data-height=\"225\" alt=\"\" ><\/div>\n\t\t\t\t\t\t\t\t\t\t<div class=\"elementor-gallery-item__overlay\"><\/div>\n\t\t\t\t\t\t\t\t\t\t\t\t\t\t<\/a>\n\t\t\t\t\t\t\t<a class=\"e-gallery-item elementor-gallery-item elementor-animated-content\" href=\"https:\/\/www.spkatarzyna.pl\/wp-content\/uploads\/2023\/01\/8062334441546513514.jpg\" data-elementor-open-lightbox=\"yes\" data-elementor-lightbox-slideshow=\"all-e1d9122\" data-elementor-lightbox-title=\"8062334441546513514\" data-e-action-hash=\"#elementor-action%3Aaction%3Dlightbox%26settings%3DeyJpZCI6NDIyOCwidXJsIjoiaHR0cHM6XC9cL3d3dy5zcGthdGFyenluYS5wbFwvd3AtY29udGVudFwvdXBsb2Fkc1wvMjAyM1wvMDFcLzgwNjIzMzQ0NDE1NDY1MTM1MTQuanBnIiwic2xpZGVzaG93IjoiYWxsLWUxZDkxMjIifQ%3D%3D\" rel=\"lightbox[4123]\">\n\t\t\t\t\t<div class=\"e-gallery-image elementor-gallery-item__image\" data-thumbnail=\"https:\/\/www.spkatarzyna.pl\/wp-content\/uploads\/2023\/01\/8062334441546513514-300x225.jpg\" data-width=\"300\" data-height=\"225\" alt=\"\" ><\/div>\n\t\t\t\t\t\t\t\t\t\t<div class=\"elementor-gallery-item__overlay\"><\/div>\n\t\t\t\t\t\t\t\t\t\t\t\t\t\t<\/a>\n\t\t\t\t\t\t\t<a class=\"e-gallery-item elementor-gallery-item elementor-animated-content\" href=\"https:\/\/www.spkatarzyna.pl\/wp-content\/uploads\/2023\/01\/770458848260567698.jpg\" data-elementor-open-lightbox=\"yes\" data-elementor-lightbox-slideshow=\"all-e1d9122\" data-elementor-lightbox-title=\"770458848260567698\" data-e-action-hash=\"#elementor-action%3Aaction%3Dlightbox%26settings%3DeyJpZCI6NDIyOSwidXJsIjoiaHR0cHM6XC9cL3d3dy5zcGthdGFyenluYS5wbFwvd3AtY29udGVudFwvdXBsb2Fkc1wvMjAyM1wvMDFcLzc3MDQ1ODg0ODI2MDU2NzY5OC5qcGciLCJzbGlkZXNob3ciOiJhbGwtZTFkOTEyMiJ9\" rel=\"lightbox[4123]\">\n\t\t\t\t\t<div class=\"e-gallery-image elementor-gallery-item__image\" data-thumbnail=\"https:\/\/www.spkatarzyna.pl\/wp-content\/uploads\/2023\/01\/770458848260567698-300x225.jpg\" data-width=\"300\" data-height=\"225\" alt=\"\" ><\/div>\n\t\t\t\t\t\t\t\t\t\t<div class=\"elementor-gallery-item__overlay\"><\/div>\n\t\t\t\t\t\t\t\t\t\t\t\t\t\t<\/a>\n\t\t\t\t\t<\/div>\n\t\t\t\t\t<\/div>\n\t\t\t\t<\/div>\n\t\t\t\t\t<\/div>\n\t\t<\/div>\n\t\t\t\t\t<\/div>\n\t\t<\/section>\n\t\t\t\t<section class=\"elementor-section elementor-top-section elementor-element elementor-element-818f24e elementor-section-boxed elementor-section-height-default elementor-section-height-default\" data-id=\"818f24e\" data-element_type=\"section\">\n\t\t\t\t\t\t<div class=\"elementor-container elementor-column-gap-default\">\n\t\t\t\t\t<div class=\"elementor-column elementor-col-100 elementor-top-column elementor-element elementor-element-0589076\" data-id=\"0589076\" data-element_type=\"column\">\n\t\t\t<div class=\"elementor-widget-wrap elementor-element-populated\">\n\t\t\t\t\t\t<div class=\"elementor-element elementor-element-11f865d elementor-widget elementor-widget-image\" data-id=\"11f865d\" data-element_type=\"widget\" data-widget_type=\"image.default\">\n\t\t\t\t\t\t\t\t\t\t\t\t\t\t\t<img fetchpriority=\"high\" decoding=\"async\" width=\"1024\" height=\"724\" src=\"https:\/\/www.spkatarzyna.pl\/wp-content\/uploads\/2023\/01\/Dyplom-1024x724.jpg\" class=\"attachment-large size-large wp-image-4129\" alt=\"\" srcset=\"https:\/\/www.spkatarzyna.pl\/wp-content\/uploads\/2023\/01\/Dyplom-1024x724.jpg 1024w, https:\/\/www.spkatarzyna.pl\/wp-content\/uploads\/2023\/01\/Dyplom-300x212.jpg 300w, https:\/\/www.spkatarzyna.pl\/wp-content\/uploads\/2023\/01\/Dyplom-768x543.jpg 768w, https:\/\/www.spkatarzyna.pl\/wp-content\/uploads\/2023\/01\/Dyplom-100x70.jpg 100w, https:\/\/www.spkatarzyna.pl\/wp-content\/uploads\/2023\/01\/Dyplom.jpg 1175w\" sizes=\"(max-width: 1024px) 100vw, 1024px\" \/>\t\t\t\t\t\t\t\t\t\t\t\t\t\t\t<\/div>\n\t\t\t\t\t<\/div>\n\t\t<\/div>\n\t\t\t\t\t<\/div>\n\t\t<\/section>\n\t\t\t\t<\/div>\n\t\t","protected":false},"excerpt":{"rendered":"<p>Dru\u017cyna klas 6 w sk\u0142adzie:&nbsp; Jakub Nowak, Julian Zaj\u0105c, Hubert Micha\u0142owski, Tymoteusz Zbyrad, Aleksander Tom, Jakub Kupniewski,&nbsp; Antoni \u017bmuda, Micha\u0142 Je\u017cewski, Bruno Zalewski,&nbsp; Maciej Andraka, Franciszek Kolan, Fabjan Hordejuk. Trenerzy: Tadeusz Kinzel, Dominik Makowski Zdobyli III miejsce w Powiatowym Turnieju Minikoszyk\u00f3wki Ch\u0142opc\u00f3w. Serdecznie gratulujemy !!! ZESP\u00d3\u0141 WF &nbsp;<\/p>\n","protected":false},"author":6,"featured_media":4124,"comment_status":"open","ping_status":"open","sticky":false,"template":"","format":"standard","meta":{"om_disable_all_campaigns":false,"_monsterinsights_skip_tracking":false,"ngg_post_thumbnail":0,"footnotes":""},"categories":[1],"tags":[],"class_list":["post-4123","post","type-post","status-publish","format-standard","has-post-thumbnail","hentry","category-uncategorized"],"aioseo_notices":[],"aioseo_head":"\n\t\t<!-- All in One SEO 5.0.1.1 - aioseo.com -->\n\t<meta name=\"description\" content=\"Dru\u017cyna klas 6 w sk\u0142adzie: Jakub Nowak, Julian Zaj\u0105c, Hubert Micha\u0142owski, Tymoteusz Zbyrad, Aleksander Tom, Jakub Kupniewski, Antoni \u017bmuda, Micha\u0142 Je\u017cewski, Bruno Zalewski, Maciej Andraka, Franciszek Kolan, Fabjan Hordejuk. Trenerzy: Tadeusz Kinzel, Dominik Makowski Zdobyli III miejsce w Powiatowym Turnieju Minikoszyk\u00f3wki Ch\u0142opc\u00f3w. Serdecznie gratulujemy !!! ZESP\u00d3\u0141 WF\" \/>\n\t<meta name=\"robots\" content=\"max-image-preview:large\" \/>\n\t<meta name=\"author\" content=\"Redakcja\"\/>\n\t<link rel=\"canonical\" href=\"https:\/\/www.spkatarzyna.pl\/index.php\/2023\/01\/24\/iii-miejsce-na-powiatowym-turnieju-minikoszykowki\/\" \/>\n\t<meta name=\"generator\" content=\"All in One SEO (AIOSEO) 5.0.1.1\" \/>\n\t\t<meta property=\"og:locale\" content=\"pl_PL\" \/>\n\t\t<meta property=\"og:site_name\" content=\"SP Katarzyna - Publiczna Szko\u0142a Podstawowa w \u015awi\u0119tej Katarzynie\" \/>\n\t\t<meta property=\"og:type\" content=\"article\" \/>\n\t\t<meta property=\"og:title\" content=\"Powiatowy turniej minikoszyk\u00f3wki - SP Katarzyna\" \/>\n\t\t<meta property=\"og:description\" content=\"Dru\u017cyna klas 6 w sk\u0142adzie: Jakub Nowak, Julian Zaj\u0105c, Hubert Micha\u0142owski, Tymoteusz Zbyrad, Aleksander Tom, Jakub Kupniewski, Antoni \u017bmuda, Micha\u0142 Je\u017cewski, Bruno Zalewski, Maciej Andraka, Franciszek Kolan, Fabjan Hordejuk. Trenerzy: Tadeusz Kinzel, Dominik Makowski Zdobyli III miejsce w Powiatowym Turnieju Minikoszyk\u00f3wki Ch\u0142opc\u00f3w. Serdecznie gratulujemy !!! ZESP\u00d3\u0141 WF\" \/>\n\t\t<meta property=\"og:url\" content=\"https:\/\/www.spkatarzyna.pl\/index.php\/2023\/01\/24\/iii-miejsce-na-powiatowym-turnieju-minikoszykowki\/\" \/>\n\t\t<meta property=\"article:published_time\" content=\"2023-01-24T10:10:21+00:00\" \/>\n\t\t<meta property=\"article:modified_time\" content=\"2023-01-27T11:25:43+00:00\" \/>\n\t\t<meta name=\"twitter:card\" content=\"summary_large_image\" \/>\n\t\t<meta name=\"twitter:title\" content=\"Powiatowy turniej minikoszyk\u00f3wki - SP Katarzyna\" \/>\n\t\t<meta name=\"twitter:description\" content=\"Dru\u017cyna klas 6 w sk\u0142adzie: Jakub Nowak, Julian Zaj\u0105c, Hubert Micha\u0142owski, Tymoteusz Zbyrad, Aleksander Tom, Jakub Kupniewski, Antoni \u017bmuda, Micha\u0142 Je\u017cewski, Bruno Zalewski, Maciej Andraka, Franciszek Kolan, Fabjan Hordejuk. Trenerzy: Tadeusz Kinzel, Dominik Makowski Zdobyli III miejsce w Powiatowym Turnieju Minikoszyk\u00f3wki Ch\u0142opc\u00f3w. Serdecznie gratulujemy !!! ZESP\u00d3\u0141 WF\" \/>\n\t\t<script type=\"application\/ld+json\" class=\"aioseo-schema\">\n\t\t\t{\"@context\":\"https:\\\/\\\/schema.org\",\"@graph\":[{\"@type\":\"BlogPosting\",\"@id\":\"https:\\\/\\\/www.spkatarzyna.pl\\\/index.php\\\/2023\\\/01\\\/24\\\/iii-miejsce-na-powiatowym-turnieju-minikoszykowki\\\/#blogposting\",\"name\":\"Powiatowy turniej minikoszyk\\u00f3wki - SP Katarzyna\",\"headline\":\"Powiatowy turniej minikoszyk\\u00f3wki\",\"author\":{\"@id\":\"https:\\\/\\\/www.spkatarzyna.pl\\\/index.php\\\/author\\\/agatasafianspkatarzyna-pl\\\/#author\"},\"publisher\":{\"@id\":\"https:\\\/\\\/www.spkatarzyna.pl\\\/#organization\"},\"image\":{\"@type\":\"ImageObject\",\"url\":\"https:\\\/\\\/www.spkatarzyna.pl\\\/wp-content\\\/uploads\\\/2023\\\/01\\\/Dyplom1.jpg\",\"width\":360,\"height\":202},\"datePublished\":\"2023-01-24T10:10:21+01:00\",\"dateModified\":\"2023-01-27T11:25:43+01:00\",\"inLanguage\":\"pl-PL\",\"mainEntityOfPage\":{\"@id\":\"https:\\\/\\\/www.spkatarzyna.pl\\\/index.php\\\/2023\\\/01\\\/24\\\/iii-miejsce-na-powiatowym-turnieju-minikoszykowki\\\/#webpage\"},\"isPartOf\":{\"@id\":\"https:\\\/\\\/www.spkatarzyna.pl\\\/index.php\\\/2023\\\/01\\\/24\\\/iii-miejsce-na-powiatowym-turnieju-minikoszykowki\\\/#webpage\"},\"articleSection\":\"Uncategorized\"},{\"@type\":\"BreadcrumbList\",\"@id\":\"https:\\\/\\\/www.spkatarzyna.pl\\\/index.php\\\/2023\\\/01\\\/24\\\/iii-miejsce-na-powiatowym-turnieju-minikoszykowki\\\/#breadcrumblist\",\"itemListElement\":[{\"@type\":\"ListItem\",\"@id\":\"https:\\\/\\\/www.spkatarzyna.pl#listItem\",\"position\":1,\"name\":\"Dom\",\"item\":\"https:\\\/\\\/www.spkatarzyna.pl\",\"nextItem\":{\"@type\":\"ListItem\",\"@id\":\"https:\\\/\\\/www.spkatarzyna.pl\\\/index.php\\\/category\\\/uncategorized\\\/#listItem\",\"name\":\"Uncategorized\"}},{\"@type\":\"ListItem\",\"@id\":\"https:\\\/\\\/www.spkatarzyna.pl\\\/index.php\\\/category\\\/uncategorized\\\/#listItem\",\"position\":2,\"name\":\"Uncategorized\",\"item\":\"https:\\\/\\\/www.spkatarzyna.pl\\\/index.php\\\/category\\\/uncategorized\\\/\",\"nextItem\":{\"@type\":\"ListItem\",\"@id\":\"https:\\\/\\\/www.spkatarzyna.pl\\\/index.php\\\/2023\\\/01\\\/24\\\/iii-miejsce-na-powiatowym-turnieju-minikoszykowki\\\/#listItem\",\"name\":\"Powiatowy turniej minikoszyk\\u00f3wki\"},\"previousItem\":{\"@type\":\"ListItem\",\"@id\":\"https:\\\/\\\/www.spkatarzyna.pl#listItem\",\"name\":\"Dom\"}},{\"@type\":\"ListItem\",\"@id\":\"https:\\\/\\\/www.spkatarzyna.pl\\\/index.php\\\/2023\\\/01\\\/24\\\/iii-miejsce-na-powiatowym-turnieju-minikoszykowki\\\/#listItem\",\"position\":3,\"name\":\"Powiatowy turniej minikoszyk\\u00f3wki\",\"previousItem\":{\"@type\":\"ListItem\",\"@id\":\"https:\\\/\\\/www.spkatarzyna.pl\\\/index.php\\\/category\\\/uncategorized\\\/#listItem\",\"name\":\"Uncategorized\"}}]},{\"@type\":\"Organization\",\"@id\":\"https:\\\/\\\/www.spkatarzyna.pl\\\/#organization\",\"name\":\"SP Katarzyna\",\"description\":\"Publiczna Szko\\u0142a Podstawowa w \\u015awi\\u0119tej Katarzynie\",\"url\":\"https:\\\/\\\/www.spkatarzyna.pl\\\/\",\"telephone\":\"+48713116378\",\"sameAs\":[\"https:\\\/\\\/facebook.com\\\/\",\"https:\\\/\\\/x.com\\\/\",\"https:\\\/\\\/instagram.com\\\/\",\"https:\\\/\\\/pinterest.com\\\/\",\"https:\\\/\\\/youtube.com\\\/\",\"https:\\\/\\\/linkedin.com\\\/in\\\/\"]},{\"@type\":\"Person\",\"@id\":\"https:\\\/\\\/www.spkatarzyna.pl\\\/index.php\\\/author\\\/agatasafianspkatarzyna-pl\\\/#author\",\"url\":\"https:\\\/\\\/www.spkatarzyna.pl\\\/index.php\\\/author\\\/agatasafianspkatarzyna-pl\\\/\",\"name\":\"Redakcja\",\"image\":{\"@type\":\"ImageObject\",\"@id\":\"https:\\\/\\\/www.spkatarzyna.pl\\\/index.php\\\/2023\\\/01\\\/24\\\/iii-miejsce-na-powiatowym-turnieju-minikoszykowki\\\/#authorImage\",\"url\":\"https:\\\/\\\/secure.gravatar.com\\\/avatar\\\/765290513df94d442152250e92b42327?s=96&d=mm&r=g\",\"width\":96,\"height\":96,\"caption\":\"Redakcja\"}},{\"@type\":\"WebPage\",\"@id\":\"https:\\\/\\\/www.spkatarzyna.pl\\\/index.php\\\/2023\\\/01\\\/24\\\/iii-miejsce-na-powiatowym-turnieju-minikoszykowki\\\/#webpage\",\"url\":\"https:\\\/\\\/www.spkatarzyna.pl\\\/index.php\\\/2023\\\/01\\\/24\\\/iii-miejsce-na-powiatowym-turnieju-minikoszykowki\\\/\",\"name\":\"Powiatowy turniej minikoszyk\\u00f3wki - SP Katarzyna\",\"description\":\"Dru\\u017cyna klas 6 w sk\\u0142adzie: Jakub Nowak, Julian Zaj\\u0105c, Hubert Micha\\u0142owski, Tymoteusz Zbyrad, Aleksander Tom, Jakub Kupniewski, Antoni \\u017bmuda, Micha\\u0142 Je\\u017cewski, Bruno Zalewski, Maciej Andraka, Franciszek Kolan, Fabjan Hordejuk. Trenerzy: Tadeusz Kinzel, Dominik Makowski Zdobyli III miejsce w Powiatowym Turnieju Minikoszyk\\u00f3wki Ch\\u0142opc\\u00f3w. Serdecznie gratulujemy !!! ZESP\\u00d3\\u0141 WF\",\"inLanguage\":\"pl-PL\",\"isPartOf\":{\"@id\":\"https:\\\/\\\/www.spkatarzyna.pl\\\/#website\"},\"breadcrumb\":{\"@id\":\"https:\\\/\\\/www.spkatarzyna.pl\\\/index.php\\\/2023\\\/01\\\/24\\\/iii-miejsce-na-powiatowym-turnieju-minikoszykowki\\\/#breadcrumblist\"},\"author\":{\"@id\":\"https:\\\/\\\/www.spkatarzyna.pl\\\/index.php\\\/author\\\/agatasafianspkatarzyna-pl\\\/#author\"},\"creator\":{\"@id\":\"https:\\\/\\\/www.spkatarzyna.pl\\\/index.php\\\/author\\\/agatasafianspkatarzyna-pl\\\/#author\"},\"image\":{\"@type\":\"ImageObject\",\"url\":\"https:\\\/\\\/www.spkatarzyna.pl\\\/wp-content\\\/uploads\\\/2023\\\/01\\\/Dyplom1.jpg\",\"@id\":\"https:\\\/\\\/www.spkatarzyna.pl\\\/index.php\\\/2023\\\/01\\\/24\\\/iii-miejsce-na-powiatowym-turnieju-minikoszykowki\\\/#mainImage\",\"width\":360,\"height\":202},\"primaryImageOfPage\":{\"@id\":\"https:\\\/\\\/www.spkatarzyna.pl\\\/index.php\\\/2023\\\/01\\\/24\\\/iii-miejsce-na-powiatowym-turnieju-minikoszykowki\\\/#mainImage\"},\"datePublished\":\"2023-01-24T10:10:21+01:00\",\"dateModified\":\"2023-01-27T11:25:43+01:00\"},{\"@type\":\"WebSite\",\"@id\":\"https:\\\/\\\/www.spkatarzyna.pl\\\/#website\",\"url\":\"https:\\\/\\\/www.spkatarzyna.pl\\\/\",\"name\":\"SP Katarzyna\",\"description\":\"Publiczna Szko\\u0142a Podstawowa w \\u015awi\\u0119tej Katarzynie\",\"inLanguage\":\"pl-PL\",\"publisher\":{\"@id\":\"https:\\\/\\\/www.spkatarzyna.pl\\\/#organization\"}}]}\n\t\t<\/script>\n\t\t<!-- All in One SEO -->\n\n","aioseo_head_json":{"title":"Powiatowy turniej minikoszyk\u00f3wki - SP Katarzyna","description":"Dru\u017cyna klas 6 w sk\u0142adzie: Jakub Nowak, Julian Zaj\u0105c, Hubert Micha\u0142owski, Tymoteusz Zbyrad, Aleksander Tom, Jakub Kupniewski, Antoni \u017bmuda, Micha\u0142 Je\u017cewski, Bruno Zalewski, Maciej Andraka, Franciszek Kolan, Fabjan Hordejuk. Trenerzy: Tadeusz Kinzel, Dominik Makowski Zdobyli III miejsce w Powiatowym Turnieju Minikoszyk\u00f3wki Ch\u0142opc\u00f3w. Serdecznie gratulujemy !!! ZESP\u00d3\u0141 WF","canonical_url":"https:\/\/www.spkatarzyna.pl\/index.php\/2023\/01\/24\/iii-miejsce-na-powiatowym-turnieju-minikoszykowki\/","robots":"max-image-preview:large","keywords":"","webmasterTools":{"miscellaneous":""},"schema":{"@context":"https:\/\/schema.org","@graph":[{"@type":"BlogPosting","@id":"https:\/\/www.spkatarzyna.pl\/index.php\/2023\/01\/24\/iii-miejsce-na-powiatowym-turnieju-minikoszykowki\/#blogposting","name":"Powiatowy turniej minikoszyk\u00f3wki - SP Katarzyna","headline":"Powiatowy turniej minikoszyk\u00f3wki","author":{"@id":"https:\/\/www.spkatarzyna.pl\/index.php\/author\/agatasafianspkatarzyna-pl\/#author"},"publisher":{"@id":"https:\/\/www.spkatarzyna.pl\/#organization"},"image":{"@type":"ImageObject","url":"https:\/\/www.spkatarzyna.pl\/wp-content\/uploads\/2023\/01\/Dyplom1.jpg","width":360,"height":202},"datePublished":"2023-01-24T10:10:21+01:00","dateModified":"2023-01-27T11:25:43+01:00","inLanguage":"pl-PL","mainEntityOfPage":{"@id":"https:\/\/www.spkatarzyna.pl\/index.php\/2023\/01\/24\/iii-miejsce-na-powiatowym-turnieju-minikoszykowki\/#webpage"},"isPartOf":{"@id":"https:\/\/www.spkatarzyna.pl\/index.php\/2023\/01\/24\/iii-miejsce-na-powiatowym-turnieju-minikoszykowki\/#webpage"},"articleSection":"Uncategorized"},{"@type":"BreadcrumbList","@id":"https:\/\/www.spkatarzyna.pl\/index.php\/2023\/01\/24\/iii-miejsce-na-powiatowym-turnieju-minikoszykowki\/#breadcrumblist","itemListElement":[{"@type":"ListItem","@id":"https:\/\/www.spkatarzyna.pl#listItem","position":1,"name":"Dom","item":"https:\/\/www.spkatarzyna.pl","nextItem":{"@type":"ListItem","@id":"https:\/\/www.spkatarzyna.pl\/index.php\/category\/uncategorized\/#listItem","name":"Uncategorized"}},{"@type":"ListItem","@id":"https:\/\/www.spkatarzyna.pl\/index.php\/category\/uncategorized\/#listItem","position":2,"name":"Uncategorized","item":"https:\/\/www.spkatarzyna.pl\/index.php\/category\/uncategorized\/","nextItem":{"@type":"ListItem","@id":"https:\/\/www.spkatarzyna.pl\/index.php\/2023\/01\/24\/iii-miejsce-na-powiatowym-turnieju-minikoszykowki\/#listItem","name":"Powiatowy turniej minikoszyk\u00f3wki"},"previousItem":{"@type":"ListItem","@id":"https:\/\/www.spkatarzyna.pl#listItem","name":"Dom"}},{"@type":"ListItem","@id":"https:\/\/www.spkatarzyna.pl\/index.php\/2023\/01\/24\/iii-miejsce-na-powiatowym-turnieju-minikoszykowki\/#listItem","position":3,"name":"Powiatowy turniej minikoszyk\u00f3wki","previousItem":{"@type":"ListItem","@id":"https:\/\/www.spkatarzyna.pl\/index.php\/category\/uncategorized\/#listItem","name":"Uncategorized"}}]},{"@type":"Organization","@id":"https:\/\/www.spkatarzyna.pl\/#organization","name":"SP Katarzyna","description":"Publiczna Szko\u0142a Podstawowa w \u015awi\u0119tej Katarzynie","url":"https:\/\/www.spkatarzyna.pl\/","telephone":"+48713116378","sameAs":["https:\/\/facebook.com\/","https:\/\/x.com\/","https:\/\/instagram.com\/","https:\/\/pinterest.com\/","https:\/\/youtube.com\/","https:\/\/linkedin.com\/in\/"]},{"@type":"Person","@id":"https:\/\/www.spkatarzyna.pl\/index.php\/author\/agatasafianspkatarzyna-pl\/#author","url":"https:\/\/www.spkatarzyna.pl\/index.php\/author\/agatasafianspkatarzyna-pl\/","name":"Redakcja","image":{"@type":"ImageObject","@id":"https:\/\/www.spkatarzyna.pl\/index.php\/2023\/01\/24\/iii-miejsce-na-powiatowym-turnieju-minikoszykowki\/#authorImage","url":"https:\/\/secure.gravatar.com\/avatar\/765290513df94d442152250e92b42327?s=96&d=mm&r=g","width":96,"height":96,"caption":"Redakcja"}},{"@type":"WebPage","@id":"https:\/\/www.spkatarzyna.pl\/index.php\/2023\/01\/24\/iii-miejsce-na-powiatowym-turnieju-minikoszykowki\/#webpage","url":"https:\/\/www.spkatarzyna.pl\/index.php\/2023\/01\/24\/iii-miejsce-na-powiatowym-turnieju-minikoszykowki\/","name":"Powiatowy turniej minikoszyk\u00f3wki - SP Katarzyna","description":"Dru\u017cyna klas 6 w sk\u0142adzie: Jakub Nowak, Julian Zaj\u0105c, Hubert Micha\u0142owski, Tymoteusz Zbyrad, Aleksander Tom, Jakub Kupniewski, Antoni \u017bmuda, Micha\u0142 Je\u017cewski, Bruno Zalewski, Maciej Andraka, Franciszek Kolan, Fabjan Hordejuk. Trenerzy: Tadeusz Kinzel, Dominik Makowski Zdobyli III miejsce w Powiatowym Turnieju Minikoszyk\u00f3wki Ch\u0142opc\u00f3w. Serdecznie gratulujemy !!! ZESP\u00d3\u0141 WF","inLanguage":"pl-PL","isPartOf":{"@id":"https:\/\/www.spkatarzyna.pl\/#website"},"breadcrumb":{"@id":"https:\/\/www.spkatarzyna.pl\/index.php\/2023\/01\/24\/iii-miejsce-na-powiatowym-turnieju-minikoszykowki\/#breadcrumblist"},"author":{"@id":"https:\/\/www.spkatarzyna.pl\/index.php\/author\/agatasafianspkatarzyna-pl\/#author"},"creator":{"@id":"https:\/\/www.spkatarzyna.pl\/index.php\/author\/agatasafianspkatarzyna-pl\/#author"},"image":{"@type":"ImageObject","url":"https:\/\/www.spkatarzyna.pl\/wp-content\/uploads\/2023\/01\/Dyplom1.jpg","@id":"https:\/\/www.spkatarzyna.pl\/index.php\/2023\/01\/24\/iii-miejsce-na-powiatowym-turnieju-minikoszykowki\/#mainImage","width":360,"height":202},"primaryImageOfPage":{"@id":"https:\/\/www.spkatarzyna.pl\/index.php\/2023\/01\/24\/iii-miejsce-na-powiatowym-turnieju-minikoszykowki\/#mainImage"},"datePublished":"2023-01-24T10:10:21+01:00","dateModified":"2023-01-27T11:25:43+01:00"},{"@type":"WebSite","@id":"https:\/\/www.spkatarzyna.pl\/#website","url":"https:\/\/www.spkatarzyna.pl\/","name":"SP Katarzyna","description":"Publiczna Szko\u0142a Podstawowa w \u015awi\u0119tej Katarzynie","inLanguage":"pl-PL","publisher":{"@id":"https:\/\/www.spkatarzyna.pl\/#organization"}}]},"og:locale":"pl_PL","og:site_name":"SP Katarzyna - Publiczna Szko\u0142a Podstawowa w \u015awi\u0119tej Katarzynie","og:type":"article","og:title":"Powiatowy turniej minikoszyk\u00f3wki - SP Katarzyna","og:description":"Dru\u017cyna klas 6 w sk\u0142adzie: Jakub Nowak, Julian Zaj\u0105c, Hubert Micha\u0142owski, Tymoteusz Zbyrad, Aleksander Tom, Jakub Kupniewski, Antoni \u017bmuda, Micha\u0142 Je\u017cewski, Bruno Zalewski, Maciej Andraka, Franciszek Kolan, Fabjan Hordejuk. Trenerzy: Tadeusz Kinzel, Dominik Makowski Zdobyli III miejsce w Powiatowym Turnieju Minikoszyk\u00f3wki Ch\u0142opc\u00f3w. Serdecznie gratulujemy !!! ZESP\u00d3\u0141 WF","og:url":"https:\/\/www.spkatarzyna.pl\/index.php\/2023\/01\/24\/iii-miejsce-na-powiatowym-turnieju-minikoszykowki\/","article:published_time":"2023-01-24T10:10:21+00:00","article:modified_time":"2023-01-27T11:25:43+00:00","twitter:card":"summary_large_image","twitter:title":"Powiatowy turniej minikoszyk\u00f3wki - SP Katarzyna","twitter:description":"Dru\u017cyna klas 6 w sk\u0142adzie: Jakub Nowak, Julian Zaj\u0105c, Hubert Micha\u0142owski, Tymoteusz Zbyrad, Aleksander Tom, Jakub Kupniewski, Antoni \u017bmuda, Micha\u0142 Je\u017cewski, Bruno Zalewski, Maciej Andraka, Franciszek Kolan, Fabjan Hordejuk. Trenerzy: Tadeusz Kinzel, Dominik Makowski Zdobyli III miejsce w Powiatowym Turnieju Minikoszyk\u00f3wki Ch\u0142opc\u00f3w. Serdecznie gratulujemy !!! ZESP\u00d3\u0141 WF"},"aioseo_meta_data":{"post_id":"4123","title":null,"description":null,"keywords":null,"keyphrases":null,"primary_term":null,"canonical_url":null,"og_title":null,"og_description":null,"og_object_type":"default","og_image_type":"default","og_image_url":null,"og_image_width":null,"og_image_height":null,"og_image_custom_url":null,"og_image_custom_fields":null,"og_video":null,"og_custom_url":null,"og_article_section":null,"og_article_tags":null,"twitter_use_og":false,"twitter_card":"default","twitter_image_type":"default","twitter_image_url":null,"twitter_image_custom_url":null,"twitter_image_custom_fields":null,"twitter_title":null,"twitter_description":null,"schema":{"blockGraphs":[],"customGraphs":[],"default":{"data":{"Article":[],"Course":[],"Dataset":[],"FAQPage":[],"Movie":[],"Person":[],"Product":[],"ProductReview":[],"Car":[],"Recipe":[],"Service":[],"SoftwareApplication":[],"WebPage":[]},"graphName":"","isEnabled":true},"graphs":[]},"schema_type":"default","schema_type_options":null,"pillar_content":false,"robots_default":true,"robots_noindex":false,"robots_noarchive":false,"robots_nosnippet":false,"robots_nofollow":false,"robots_noimageindex":false,"robots_noodp":false,"robots_notranslate":false,"robots_max_snippet":null,"robots_max_videopreview":null,"robots_max_imagepreview":"large","priority":null,"frequency":null,"local_seo":null,"limit_modified_date":false,"created":"2024-04-03 07:43:08","updated":"2026-09-03 14:16:58","focus_keyword":null,"additional_keywords":null,"truseo_locale":null,"ai":null,"breadcrumb_settings":null,"seo_analyzer_scan_date":null},"aioseo_breadcrumb":"<div class=\"aioseo-breadcrumbs\"><span class=\"aioseo-breadcrumb\">\n\t\t\t<a href=\"https:\/\/www.spkatarzyna.pl\" title=\"Dom\">Dom<\/a>\n\t\t<\/span><span class=\"aioseo-breadcrumb-separator\">&raquo;<\/span><span class=\"aioseo-breadcrumb\">\n\t\t\t<a href=\"https:\/\/www.spkatarzyna.pl\/index.php\/category\/uncategorized\/\" title=\"Uncategorized\">Uncategorized<\/a>\n\t\t<\/span><span class=\"aioseo-breadcrumb-separator\">&raquo;<\/span><span class=\"aioseo-breadcrumb\">\n\t\t\tPowiatowy turniej minikoszyk\u00f3wki\n\t\t<\/span><\/div>","aioseo_breadcrumb_json":[{"label":"Dom","link":"https:\/\/www.spkatarzyna.pl"},{"label":"Uncategorized","link":"https:\/\/www.spkatarzyna.pl\/index.php\/category\/uncategorized\/"},{"label":"Powiatowy turniej minikoszyk\u00f3wki","link":"https:\/\/www.spkatarzyna.pl\/index.php\/2023\/01\/24\/iii-miejsce-na-powiatowym-turnieju-minikoszykowki\/"}],"_links":{"self":[{"href":"https:\/\/www.spkatarzyna.pl\/index.php\/wp-json\/wp\/v2\/posts\/4123","targetHints":{"allow":["GET"]}}],"collection":[{"href":"https:\/\/www.spkatarzyna.pl\/index.php\/wp-json\/wp\/v2\/posts"}],"about":[{"href":"https:\/\/www.spkatarzyna.pl\/index.php\/wp-json\/wp\/v2\/types\/post"}],"author":[{"embeddable":true,"href":"https:\/\/www.spkatarzyna.pl\/index.php\/wp-json\/wp\/v2\/users\/6"}],"replies":[{"embeddable":true,"href":"https:\/\/www.spkatarzyna.pl\/index.php\/wp-json\/wp\/v2\/comments?post=4123"}],"version-history":[{"count":13,"href":"https:\/\/www.spkatarzyna.pl\/index.php\/wp-json\/wp\/v2\/posts\/4123\/revisions"}],"predecessor-version":[{"id":4233,"href":"https:\/\/www.spkatarzyna.pl\/index.php\/wp-json\/wp\/v2\/posts\/4123\/revisions\/4233"}],"wp:featuredmedia":[{"embeddable":true,"href":"https:\/\/www.spkatarzyna.pl\/index.php\/wp-json\/wp\/v2\/media\/4124"}],"wp:attachment":[{"href":"https:\/\/www.spkatarzyna.pl\/index.php\/wp-json\/wp\/v2\/media?parent=4123"}],"wp:term":[{"taxonomy":"category","embeddable":true,"href":"https:\/\/www.spkatarzyna.pl\/index.php\/wp-json\/wp\/v2\/categories?post=4123"},{"taxonomy":"post_tag","embeddable":true,"href":"https:\/\/www.spkatarzyna.pl\/index.php\/wp-json\/wp\/v2\/tags?post=4123"}],"curies":[{"name":"wp","href":"https:\/\/api.w.org\/{rel}","templated":true}]}}