{"id":4175,"date":"2023-01-25T14:51:59","date_gmt":"2023-01-25T14:51:59","guid":{"rendered":"http:\/\/www.spkatarzyna.pl\/?p=4175"},"modified":"2023-05-04T06:23:00","modified_gmt":"2023-05-04T06:23:00","slug":"autorskie-lekcje-w-klasie-1b","status":"publish","type":"post","link":"https:\/\/www.spkatarzyna.pl\/index.php\/2023\/01\/25\/autorskie-lekcje-w-klasie-1b\/","title":{"rendered":"Autorskie lekcje w klasie 1b"},"content":{"rendered":"\t\t<div data-elementor-type=\"wp-post\" data-elementor-id=\"4175\" class=\"elementor elementor-4175\">\n\t\t\t\t\t\t<section class=\"elementor-section elementor-top-section elementor-element elementor-element-484fac5c elementor-section-boxed elementor-section-height-default elementor-section-height-default\" data-id=\"484fac5c\" data-element_type=\"section\">\n\t\t\t\t\t\t<div class=\"elementor-container elementor-column-gap-default\">\n\t\t\t\t\t<div class=\"elementor-column elementor-col-100 elementor-top-column elementor-element elementor-element-8077d53\" data-id=\"8077d53\" data-element_type=\"column\">\n\t\t\t<div class=\"elementor-widget-wrap elementor-element-populated\">\n\t\t\t\t\t\t<div class=\"elementor-element elementor-element-17ec3a16 elementor-widget elementor-widget-text-editor\" data-id=\"17ec3a16\" data-element_type=\"widget\" data-widget_type=\"text-editor.default\">\n\t\t\t\t\t\t\t\t\t<p style=\"text-align: justify;\"><span style=\"font-size: 14pt;\">W miesi\u0105cu styczniu uczniowie klasy 1b przeprowadzali autorskie lekcje przed w\u0142asn\u0105 klas\u0105. Dzieci opowiada\u0142y o swoich hobby, zainteresowaniach, tematach, kt\u00f3re je inspiruj\u0105 i na kt\u00f3rych si\u0119 dobrze znaj\u0105. Klasa wraz z \u00a0wychowawczyni\u0105 Weronik\u0105 Kuszyk z przyjemno\u015bci\u0105 wys\u0142ucha\u0142a ka\u017cdej lekcji:<\/span><\/p><ul><li style=\"text-align: justify;\"><span style=\"font-size: 14pt;\">Ada\u015b opowiada\u0142 o kotach<\/span><\/li><li style=\"text-align: justify;\"><span style=\"font-size: 14pt;\">Filipek uczy\u0142 nas w\u0119dkowania<\/span><\/li><li style=\"text-align: justify;\"><span style=\"font-size: 14pt;\">Lila i Tymon prowadzili lekcj\u0119 o kosmosie<\/span><\/li><li style=\"text-align: justify;\"><span style=\"font-size: 14pt;\">Jula i Marysia opowiada\u0142y o koniach<\/span><\/li><li style=\"text-align: justify;\"><span style=\"font-size: 14pt;\">Pola prowadzi\u0142a warsztaty origami<\/span><\/li><li style=\"text-align: justify;\"><span style=\"font-size: 14pt;\">Antek prezentowa\u0142 sporty ekstremalne<\/span><\/li><li style=\"text-align: justify;\"><span style=\"font-size: 14pt;\">Kacper dzieli\u0142 si\u0119 wiedz\u0105 na temat koszyk\u00f3wki<\/span><\/li><li style=\"text-align: justify;\"><span style=\"font-size: 14pt;\">Adam opowiada\u0142 o dinozaurach<\/span><\/li><li style=\"text-align: justify;\"><span style=\"font-size: 14pt;\">Martynka uczy\u0142a podstawowych pozycji baletowych przy akompaniamencie \u201eJeziora \u0142ab\u0119dziego\u201d<\/span><\/li><li style=\"text-align: justify;\"><span style=\"font-size: 14pt;\">Laura i Justyna uczy\u0142y klas\u0119 sztuki rysowania<\/span><\/li><li style=\"text-align: justify;\"><span style=\"font-size: 14pt;\">Hania dzieli\u0142a si\u0119 swoj\u0105 wiedz\u0105 dotycz\u0105c\u0105 instrument\u00f3w<\/span><\/li><li style=\"text-align: justify;\"><span style=\"font-size: 14pt;\">Beniu m\u00f3wi\u0142 o ciekawych wyspach, a Aleks o kraju RPA<\/span><\/li><li style=\"text-align: justify;\"><span style=\"font-size: 14pt;\">Kaja przedstawi\u0142a swoj\u0105 pasj\u0119: fotografi\u0119<\/span><\/li><li style=\"text-align: justify;\"><span style=\"font-size: 14pt;\">Eryk m\u00f3wi\u0142 o maszynach rolniczych<\/span><\/li><li style=\"text-align: justify;\"><span style=\"font-size: 14pt;\">Tymu\u015b pokazywa\u0142 eksperymenty<\/span><\/li><li style=\"text-align: justify;\"><span style=\"font-size: 14pt;\">Olu\u015b poleca\u0142 do zwiedzania miasto Krak\u00f3w<\/span><\/li><li style=\"text-align: justify;\"><span style=\"font-size: 14pt;\">Olek zdradza\u0142 tajniki boksu<\/span><\/li><li style=\"text-align: justify;\"><span style=\"font-size: 14pt;\">Kuba opowiada\u0142 wszystko o jab\u0142kach i uczy\u0142 je bezpiecznie kroi\u0107<\/span><\/li><li style=\"text-align: justify;\"><span style=\"font-size: 14pt;\">Arinka m\u00f3wi\u0142a o psach<\/span><\/li><li style=\"text-align: justify;\"><span style=\"font-size: 14pt;\">Rebeka opowiada\u0142a o W\u0119grach i uczy\u0142a nas s\u0142\u00f3w w tym j\u0119zyku<\/span><\/li><li style=\"text-align: justify;\"><span style=\"font-size: 14pt;\">Filip prowadzi\u0142 lekcje matematyki \u2013 dodawanie w s\u0142upkach.<\/span><\/li><\/ul><p style=\"text-align: justify;\"><span style=\"font-size: 14pt;\">Lekcje mia\u0142y na celu przekazanie innym uczniom swojej wiedzy, inspirowania innych do pr\u00f3bowania nowych aktywno\u015bci. Uczniowie mieli te\u017c okazj\u0119 prze\u0142amywa\u0107 sw\u00f3j l\u0119k przed wyst\u0105pieniami publicznymi i oswaja\u0107 si\u0119 z m\u00f3wieniem do audytorium. Walory edukacyjne by\u0142y niezwyk\u0142e, tematy szersze ni\u017c podstawa programowa, a rado\u015b\u0107 i satysfakcja dzieci ogromna. Szczeg\u00f3lnie wa\u017cne by\u0142o docenienie ka\u017cdego kolegi i kole\u017canki, s\u0142owa wsparcia i podziwu, a tak\u017ce uwa\u017cno\u015b\u0107. Uczniowie mogli r\u00f3wnie\u017c\u00a0 zrozumie\u0107, jak trudn\u0105 prac\u0119 ma do wykonania ka\u017cdego dnia nauczyciel.<\/span><\/p><p style=\"text-align: justify;\"><span style=\"font-size: 14pt;\">Zaj\u0119cia bardzo spodoba\u0142y si\u0119 uczniom, kt\u00f3rzy ju\u017c planuj\u0105 w drugim semestrze kolejn\u0105 edycj\u0119 lekcji autorskich.<\/span><\/p>\t\t\t\t\t\t\t\t<\/div>\n\t\t\t\t\t<\/div>\n\t\t<\/div>\n\t\t\t\t\t<\/div>\n\t\t<\/section>\n\t\t\t\t<section class=\"elementor-section elementor-top-section elementor-element elementor-element-2106a98 elementor-section-boxed elementor-section-height-default elementor-section-height-default\" data-id=\"2106a98\" data-element_type=\"section\">\n\t\t\t\t\t\t<div class=\"elementor-container elementor-column-gap-default\">\n\t\t\t\t\t<div class=\"elementor-column elementor-col-100 elementor-top-column elementor-element elementor-element-b1a3825\" data-id=\"b1a3825\" data-element_type=\"column\">\n\t\t\t<div class=\"elementor-widget-wrap elementor-element-populated\">\n\t\t\t\t\t\t<div class=\"elementor-element elementor-element-5063289 elementor-widget elementor-widget-gallery\" data-id=\"5063289\" data-element_type=\"widget\" data-settings=\"{&quot;lazyload&quot;:&quot;yes&quot;,&quot;gallery_layout&quot;:&quot;grid&quot;,&quot;columns&quot;:4,&quot;columns_tablet&quot;:2,&quot;columns_mobile&quot;:1,&quot;gap&quot;:{&quot;unit&quot;:&quot;px&quot;,&quot;size&quot;:10,&quot;sizes&quot;:[]},&quot;gap_tablet&quot;:{&quot;unit&quot;:&quot;px&quot;,&quot;size&quot;:10,&quot;sizes&quot;:[]},&quot;gap_mobile&quot;:{&quot;unit&quot;:&quot;px&quot;,&quot;size&quot;:10,&quot;sizes&quot;:[]},&quot;link_to&quot;:&quot;file&quot;,&quot;aspect_ratio&quot;:&quot;3:2&quot;,&quot;overlay_background&quot;:&quot;yes&quot;,&quot;content_hover_animation&quot;:&quot;fade-in&quot;}\" data-widget_type=\"gallery.default\">\n\t\t\t\t<div class=\"elementor-widget-container\">\n\t\t\t\t\t\t\t<div class=\"elementor-gallery__container\">\n\t\t\t\t\t\t\t<a class=\"e-gallery-item elementor-gallery-item elementor-animated-content\" href=\"https:\/\/www.spkatarzyna.pl\/wp-content\/uploads\/2023\/01\/20230116_092331-scaled.jpg\" data-elementor-open-lightbox=\"yes\" data-elementor-lightbox-slideshow=\"all-5063289\" data-elementor-lightbox-title=\"20230116_092331\" data-e-action-hash=\"#elementor-action%3Aaction%3Dlightbox%26settings%3DeyJpZCI6NDE3OCwidXJsIjoiaHR0cHM6XC9cL3d3dy5zcGthdGFyenluYS5wbFwvd3AtY29udGVudFwvdXBsb2Fkc1wvMjAyM1wvMDFcLzIwMjMwMTE2XzA5MjMzMS1zY2FsZWQuanBnIiwic2xpZGVzaG93IjoiYWxsLTUwNjMyODkifQ%3D%3D\" rel=\"lightbox[4175]\">\n\t\t\t\t\t<div class=\"e-gallery-image elementor-gallery-item__image\" data-thumbnail=\"https:\/\/www.spkatarzyna.pl\/wp-content\/uploads\/2023\/01\/20230116_092331-300x225.jpg\" data-width=\"300\" data-height=\"225\" alt=\"\" ><\/div>\n\t\t\t\t\t\t\t\t\t\t<div class=\"elementor-gallery-item__overlay\"><\/div>\n\t\t\t\t\t\t\t\t\t\t\t\t\t\t<\/a>\n\t\t\t\t\t\t\t<a class=\"e-gallery-item elementor-gallery-item elementor-animated-content\" href=\"https:\/\/www.spkatarzyna.pl\/wp-content\/uploads\/2023\/01\/20230117_100905-scaled.jpg\" data-elementor-open-lightbox=\"yes\" data-elementor-lightbox-slideshow=\"all-5063289\" data-elementor-lightbox-title=\"20230117_100905\" data-e-action-hash=\"#elementor-action%3Aaction%3Dlightbox%26settings%3DeyJpZCI6NDE3OSwidXJsIjoiaHR0cHM6XC9cL3d3dy5zcGthdGFyenluYS5wbFwvd3AtY29udGVudFwvdXBsb2Fkc1wvMjAyM1wvMDFcLzIwMjMwMTE3XzEwMDkwNS1zY2FsZWQuanBnIiwic2xpZGVzaG93IjoiYWxsLTUwNjMyODkifQ%3D%3D\" rel=\"lightbox[4175]\">\n\t\t\t\t\t<div class=\"e-gallery-image elementor-gallery-item__image\" data-thumbnail=\"https:\/\/www.spkatarzyna.pl\/wp-content\/uploads\/2023\/01\/20230117_100905-300x225.jpg\" data-width=\"300\" data-height=\"225\" alt=\"\" ><\/div>\n\t\t\t\t\t\t\t\t\t\t<div class=\"elementor-gallery-item__overlay\"><\/div>\n\t\t\t\t\t\t\t\t\t\t\t\t\t\t<\/a>\n\t\t\t\t\t\t\t<a class=\"e-gallery-item elementor-gallery-item elementor-animated-content\" href=\"https:\/\/www.spkatarzyna.pl\/wp-content\/uploads\/2023\/01\/20230118_100013-scaled.jpg\" data-elementor-open-lightbox=\"yes\" data-elementor-lightbox-slideshow=\"all-5063289\" data-elementor-lightbox-title=\"20230118_100013\" data-e-action-hash=\"#elementor-action%3Aaction%3Dlightbox%26settings%3DeyJpZCI6NDE4MCwidXJsIjoiaHR0cHM6XC9cL3d3dy5zcGthdGFyenluYS5wbFwvd3AtY29udGVudFwvdXBsb2Fkc1wvMjAyM1wvMDFcLzIwMjMwMTE4XzEwMDAxMy1zY2FsZWQuanBnIiwic2xpZGVzaG93IjoiYWxsLTUwNjMyODkifQ%3D%3D\" rel=\"lightbox[4175]\">\n\t\t\t\t\t<div class=\"e-gallery-image elementor-gallery-item__image\" data-thumbnail=\"https:\/\/www.spkatarzyna.pl\/wp-content\/uploads\/2023\/01\/20230118_100013-300x225.jpg\" data-width=\"300\" data-height=\"225\" alt=\"\" ><\/div>\n\t\t\t\t\t\t\t\t\t\t<div class=\"elementor-gallery-item__overlay\"><\/div>\n\t\t\t\t\t\t\t\t\t\t\t\t\t\t<\/a>\n\t\t\t\t\t\t\t<a class=\"e-gallery-item elementor-gallery-item elementor-animated-content\" href=\"https:\/\/www.spkatarzyna.pl\/wp-content\/uploads\/2023\/01\/20230119_080723-scaled.jpg\" data-elementor-open-lightbox=\"yes\" data-elementor-lightbox-slideshow=\"all-5063289\" data-elementor-lightbox-title=\"20230119_080723\" data-e-action-hash=\"#elementor-action%3Aaction%3Dlightbox%26settings%3DeyJpZCI6NDE4MSwidXJsIjoiaHR0cHM6XC9cL3d3dy5zcGthdGFyenluYS5wbFwvd3AtY29udGVudFwvdXBsb2Fkc1wvMjAyM1wvMDFcLzIwMjMwMTE5XzA4MDcyMy1zY2FsZWQuanBnIiwic2xpZGVzaG93IjoiYWxsLTUwNjMyODkifQ%3D%3D\" rel=\"lightbox[4175]\">\n\t\t\t\t\t<div class=\"e-gallery-image elementor-gallery-item__image\" data-thumbnail=\"https:\/\/www.spkatarzyna.pl\/wp-content\/uploads\/2023\/01\/20230119_080723-225x300.jpg\" data-width=\"225\" data-height=\"300\" alt=\"\" ><\/div>\n\t\t\t\t\t\t\t\t\t\t<div class=\"elementor-gallery-item__overlay\"><\/div>\n\t\t\t\t\t\t\t\t\t\t\t\t\t\t<\/a>\n\t\t\t\t\t\t\t<a class=\"e-gallery-item elementor-gallery-item elementor-animated-content\" href=\"https:\/\/www.spkatarzyna.pl\/wp-content\/uploads\/2023\/01\/20230123_090833-scaled.jpg\" data-elementor-open-lightbox=\"yes\" data-elementor-lightbox-slideshow=\"all-5063289\" data-elementor-lightbox-title=\"20230123_090833\" data-e-action-hash=\"#elementor-action%3Aaction%3Dlightbox%26settings%3DeyJpZCI6NDE4MiwidXJsIjoiaHR0cHM6XC9cL3d3dy5zcGthdGFyenluYS5wbFwvd3AtY29udGVudFwvdXBsb2Fkc1wvMjAyM1wvMDFcLzIwMjMwMTIzXzA5MDgzMy1zY2FsZWQuanBnIiwic2xpZGVzaG93IjoiYWxsLTUwNjMyODkifQ%3D%3D\" rel=\"lightbox[4175]\">\n\t\t\t\t\t<div class=\"e-gallery-image elementor-gallery-item__image\" data-thumbnail=\"https:\/\/www.spkatarzyna.pl\/wp-content\/uploads\/2023\/01\/20230123_090833-300x225.jpg\" data-width=\"300\" data-height=\"225\" alt=\"\" ><\/div>\n\t\t\t\t\t\t\t\t\t\t<div class=\"elementor-gallery-item__overlay\"><\/div>\n\t\t\t\t\t\t\t\t\t\t\t\t\t\t<\/a>\n\t\t\t\t\t\t\t<a class=\"e-gallery-item elementor-gallery-item elementor-animated-content\" href=\"https:\/\/www.spkatarzyna.pl\/wp-content\/uploads\/2023\/01\/20230125_105252-scaled.jpg\" data-elementor-open-lightbox=\"yes\" data-elementor-lightbox-slideshow=\"all-5063289\" data-elementor-lightbox-title=\"20230125_105252\" data-e-action-hash=\"#elementor-action%3Aaction%3Dlightbox%26settings%3DeyJpZCI6NDE4NCwidXJsIjoiaHR0cHM6XC9cL3d3dy5zcGthdGFyenluYS5wbFwvd3AtY29udGVudFwvdXBsb2Fkc1wvMjAyM1wvMDFcLzIwMjMwMTI1XzEwNTI1Mi1zY2FsZWQuanBnIiwic2xpZGVzaG93IjoiYWxsLTUwNjMyODkifQ%3D%3D\" rel=\"lightbox[4175]\">\n\t\t\t\t\t<div class=\"e-gallery-image elementor-gallery-item__image\" data-thumbnail=\"https:\/\/www.spkatarzyna.pl\/wp-content\/uploads\/2023\/01\/20230125_105252-300x225.jpg\" data-width=\"300\" data-height=\"225\" alt=\"\" ><\/div>\n\t\t\t\t\t\t\t\t\t\t<div class=\"elementor-gallery-item__overlay\"><\/div>\n\t\t\t\t\t\t\t\t\t\t\t\t\t\t<\/a>\n\t\t\t\t\t\t\t<a class=\"e-gallery-item elementor-gallery-item elementor-animated-content\" href=\"https:\/\/www.spkatarzyna.pl\/wp-content\/uploads\/2023\/01\/20230125_104813-scaled.jpg\" data-elementor-open-lightbox=\"yes\" data-elementor-lightbox-slideshow=\"all-5063289\" data-elementor-lightbox-title=\"20230125_104813\" data-e-action-hash=\"#elementor-action%3Aaction%3Dlightbox%26settings%3DeyJpZCI6NDE4NSwidXJsIjoiaHR0cHM6XC9cL3d3dy5zcGthdGFyenluYS5wbFwvd3AtY29udGVudFwvdXBsb2Fkc1wvMjAyM1wvMDFcLzIwMjMwMTI1XzEwNDgxMy1zY2FsZWQuanBnIiwic2xpZGVzaG93IjoiYWxsLTUwNjMyODkifQ%3D%3D\" rel=\"lightbox[4175]\">\n\t\t\t\t\t<div class=\"e-gallery-image elementor-gallery-item__image\" data-thumbnail=\"https:\/\/www.spkatarzyna.pl\/wp-content\/uploads\/2023\/01\/20230125_104813-300x225.jpg\" data-width=\"300\" data-height=\"225\" alt=\"\" ><\/div>\n\t\t\t\t\t\t\t\t\t\t<div class=\"elementor-gallery-item__overlay\"><\/div>\n\t\t\t\t\t\t\t\t\t\t\t\t\t\t<\/a>\n\t\t\t\t\t\t\t<a class=\"e-gallery-item elementor-gallery-item elementor-animated-content\" href=\"https:\/\/www.spkatarzyna.pl\/wp-content\/uploads\/2023\/01\/20230125_104744-scaled.jpg\" data-elementor-open-lightbox=\"yes\" data-elementor-lightbox-slideshow=\"all-5063289\" data-elementor-lightbox-title=\"20230125_104744\" data-e-action-hash=\"#elementor-action%3Aaction%3Dlightbox%26settings%3DeyJpZCI6NDE4NiwidXJsIjoiaHR0cHM6XC9cL3d3dy5zcGthdGFyenluYS5wbFwvd3AtY29udGVudFwvdXBsb2Fkc1wvMjAyM1wvMDFcLzIwMjMwMTI1XzEwNDc0NC1zY2FsZWQuanBnIiwic2xpZGVzaG93IjoiYWxsLTUwNjMyODkifQ%3D%3D\" rel=\"lightbox[4175]\">\n\t\t\t\t\t<div class=\"e-gallery-image elementor-gallery-item__image\" data-thumbnail=\"https:\/\/www.spkatarzyna.pl\/wp-content\/uploads\/2023\/01\/20230125_104744-300x225.jpg\" data-width=\"300\" data-height=\"225\" alt=\"\" ><\/div>\n\t\t\t\t\t\t\t\t\t\t<div class=\"elementor-gallery-item__overlay\"><\/div>\n\t\t\t\t\t\t\t\t\t\t\t\t\t\t<\/a>\n\t\t\t\t\t\t\t<a class=\"e-gallery-item elementor-gallery-item elementor-animated-content\" href=\"https:\/\/www.spkatarzyna.pl\/wp-content\/uploads\/2023\/01\/20230120_101618-scaled.jpg\" data-elementor-open-lightbox=\"yes\" data-elementor-lightbox-slideshow=\"all-5063289\" data-elementor-lightbox-title=\"20230120_101618\" data-e-action-hash=\"#elementor-action%3Aaction%3Dlightbox%26settings%3DeyJpZCI6NDE4NywidXJsIjoiaHR0cHM6XC9cL3d3dy5zcGthdGFyenluYS5wbFwvd3AtY29udGVudFwvdXBsb2Fkc1wvMjAyM1wvMDFcLzIwMjMwMTIwXzEwMTYxOC1zY2FsZWQuanBnIiwic2xpZGVzaG93IjoiYWxsLTUwNjMyODkifQ%3D%3D\" rel=\"lightbox[4175]\">\n\t\t\t\t\t<div class=\"e-gallery-image elementor-gallery-item__image\" data-thumbnail=\"https:\/\/www.spkatarzyna.pl\/wp-content\/uploads\/2023\/01\/20230120_101618-225x300.jpg\" data-width=\"225\" data-height=\"300\" alt=\"\" ><\/div>\n\t\t\t\t\t\t\t\t\t\t<div class=\"elementor-gallery-item__overlay\"><\/div>\n\t\t\t\t\t\t\t\t\t\t\t\t\t\t<\/a>\n\t\t\t\t\t\t\t<a class=\"e-gallery-item elementor-gallery-item elementor-animated-content\" href=\"https:\/\/www.spkatarzyna.pl\/wp-content\/uploads\/2023\/01\/20230120_0841101-scaled.jpg\" data-elementor-open-lightbox=\"yes\" data-elementor-lightbox-slideshow=\"all-5063289\" data-elementor-lightbox-title=\"20230120_084110(1)\" data-e-action-hash=\"#elementor-action%3Aaction%3Dlightbox%26settings%3DeyJpZCI6NDE4OCwidXJsIjoiaHR0cHM6XC9cL3d3dy5zcGthdGFyenluYS5wbFwvd3AtY29udGVudFwvdXBsb2Fkc1wvMjAyM1wvMDFcLzIwMjMwMTIwXzA4NDExMDEtc2NhbGVkLmpwZyIsInNsaWRlc2hvdyI6ImFsbC01MDYzMjg5In0%3D\" rel=\"lightbox[4175]\">\n\t\t\t\t\t<div class=\"e-gallery-image elementor-gallery-item__image\" data-thumbnail=\"https:\/\/www.spkatarzyna.pl\/wp-content\/uploads\/2023\/01\/20230120_0841101-300x225.jpg\" data-width=\"300\" data-height=\"225\" alt=\"\" ><\/div>\n\t\t\t\t\t\t\t\t\t\t<div class=\"elementor-gallery-item__overlay\"><\/div>\n\t\t\t\t\t\t\t\t\t\t\t\t\t\t<\/a>\n\t\t\t\t\t\t\t<a class=\"e-gallery-item elementor-gallery-item elementor-animated-content\" href=\"https:\/\/www.spkatarzyna.pl\/wp-content\/uploads\/2023\/01\/20230120_083238-scaled.jpg\" data-elementor-open-lightbox=\"yes\" data-elementor-lightbox-slideshow=\"all-5063289\" data-elementor-lightbox-title=\"20230120_083238\" data-e-action-hash=\"#elementor-action%3Aaction%3Dlightbox%26settings%3DeyJpZCI6NDE4OSwidXJsIjoiaHR0cHM6XC9cL3d3dy5zcGthdGFyenluYS5wbFwvd3AtY29udGVudFwvdXBsb2Fkc1wvMjAyM1wvMDFcLzIwMjMwMTIwXzA4MzIzOC1zY2FsZWQuanBnIiwic2xpZGVzaG93IjoiYWxsLTUwNjMyODkifQ%3D%3D\" rel=\"lightbox[4175]\">\n\t\t\t\t\t<div class=\"e-gallery-image elementor-gallery-item__image\" data-thumbnail=\"https:\/\/www.spkatarzyna.pl\/wp-content\/uploads\/2023\/01\/20230120_083238-225x300.jpg\" data-width=\"225\" data-height=\"300\" alt=\"\" ><\/div>\n\t\t\t\t\t\t\t\t\t\t<div class=\"elementor-gallery-item__overlay\"><\/div>\n\t\t\t\t\t\t\t\t\t\t\t\t\t\t<\/a>\n\t\t\t\t\t\t\t<a class=\"e-gallery-item elementor-gallery-item elementor-animated-content\" href=\"https:\/\/www.spkatarzyna.pl\/wp-content\/uploads\/2023\/01\/20230120_081019-scaled.jpg\" data-elementor-open-lightbox=\"yes\" data-elementor-lightbox-slideshow=\"all-5063289\" data-elementor-lightbox-title=\"20230120_081019\" data-e-action-hash=\"#elementor-action%3Aaction%3Dlightbox%26settings%3DeyJpZCI6NDE5MCwidXJsIjoiaHR0cHM6XC9cL3d3dy5zcGthdGFyenluYS5wbFwvd3AtY29udGVudFwvdXBsb2Fkc1wvMjAyM1wvMDFcLzIwMjMwMTIwXzA4MTAxOS1zY2FsZWQuanBnIiwic2xpZGVzaG93IjoiYWxsLTUwNjMyODkifQ%3D%3D\" rel=\"lightbox[4175]\">\n\t\t\t\t\t<div class=\"e-gallery-image elementor-gallery-item__image\" data-thumbnail=\"https:\/\/www.spkatarzyna.pl\/wp-content\/uploads\/2023\/01\/20230120_081019-225x300.jpg\" data-width=\"225\" data-height=\"300\" alt=\"\" ><\/div>\n\t\t\t\t\t\t\t\t\t\t<div class=\"elementor-gallery-item__overlay\"><\/div>\n\t\t\t\t\t\t\t\t\t\t\t\t\t\t<\/a>\n\t\t\t\t\t\t\t<a class=\"e-gallery-item elementor-gallery-item elementor-animated-content\" href=\"https:\/\/www.spkatarzyna.pl\/wp-content\/uploads\/2023\/01\/20230117_093904-scaled.jpg\" data-elementor-open-lightbox=\"yes\" data-elementor-lightbox-slideshow=\"all-5063289\" data-elementor-lightbox-title=\"20230117_093904\" data-e-action-hash=\"#elementor-action%3Aaction%3Dlightbox%26settings%3DeyJpZCI6NDE5MiwidXJsIjoiaHR0cHM6XC9cL3d3dy5zcGthdGFyenluYS5wbFwvd3AtY29udGVudFwvdXBsb2Fkc1wvMjAyM1wvMDFcLzIwMjMwMTE3XzA5MzkwNC1zY2FsZWQuanBnIiwic2xpZGVzaG93IjoiYWxsLTUwNjMyODkifQ%3D%3D\" rel=\"lightbox[4175]\">\n\t\t\t\t\t<div class=\"e-gallery-image elementor-gallery-item__image\" data-thumbnail=\"https:\/\/www.spkatarzyna.pl\/wp-content\/uploads\/2023\/01\/20230117_093904-300x225.jpg\" data-width=\"300\" data-height=\"225\" alt=\"\" ><\/div>\n\t\t\t\t\t\t\t\t\t\t<div class=\"elementor-gallery-item__overlay\"><\/div>\n\t\t\t\t\t\t\t\t\t\t\t\t\t\t<\/a>\n\t\t\t\t\t\t\t<a class=\"e-gallery-item elementor-gallery-item elementor-animated-content\" href=\"https:\/\/www.spkatarzyna.pl\/wp-content\/uploads\/2023\/01\/20230117_091518-scaled.jpg\" data-elementor-open-lightbox=\"yes\" data-elementor-lightbox-slideshow=\"all-5063289\" data-elementor-lightbox-title=\"20230117_091518\" data-e-action-hash=\"#elementor-action%3Aaction%3Dlightbox%26settings%3DeyJpZCI6NDE5MywidXJsIjoiaHR0cHM6XC9cL3d3dy5zcGthdGFyenluYS5wbFwvd3AtY29udGVudFwvdXBsb2Fkc1wvMjAyM1wvMDFcLzIwMjMwMTE3XzA5MTUxOC1zY2FsZWQuanBnIiwic2xpZGVzaG93IjoiYWxsLTUwNjMyODkifQ%3D%3D\" rel=\"lightbox[4175]\">\n\t\t\t\t\t<div class=\"e-gallery-image elementor-gallery-item__image\" data-thumbnail=\"https:\/\/www.spkatarzyna.pl\/wp-content\/uploads\/2023\/01\/20230117_091518-225x300.jpg\" data-width=\"225\" data-height=\"300\" alt=\"\" ><\/div>\n\t\t\t\t\t\t\t\t\t\t<div class=\"elementor-gallery-item__overlay\"><\/div>\n\t\t\t\t\t\t\t\t\t\t\t\t\t\t<\/a>\n\t\t\t\t\t\t\t<a class=\"e-gallery-item elementor-gallery-item elementor-animated-content\" href=\"https:\/\/www.spkatarzyna.pl\/wp-content\/uploads\/2023\/01\/20230116_093607-scaled.jpg\" data-elementor-open-lightbox=\"yes\" data-elementor-lightbox-slideshow=\"all-5063289\" data-elementor-lightbox-title=\"20230116_093607\" data-e-action-hash=\"#elementor-action%3Aaction%3Dlightbox%26settings%3DeyJpZCI6NDE5NCwidXJsIjoiaHR0cHM6XC9cL3d3dy5zcGthdGFyenluYS5wbFwvd3AtY29udGVudFwvdXBsb2Fkc1wvMjAyM1wvMDFcLzIwMjMwMTE2XzA5MzYwNy1zY2FsZWQuanBnIiwic2xpZGVzaG93IjoiYWxsLTUwNjMyODkifQ%3D%3D\" rel=\"lightbox[4175]\">\n\t\t\t\t\t<div class=\"e-gallery-image elementor-gallery-item__image\" data-thumbnail=\"https:\/\/www.spkatarzyna.pl\/wp-content\/uploads\/2023\/01\/20230116_093607-300x225.jpg\" data-width=\"300\" data-height=\"225\" alt=\"\" ><\/div>\n\t\t\t\t\t\t\t\t\t\t<div class=\"elementor-gallery-item__overlay\"><\/div>\n\t\t\t\t\t\t\t\t\t\t\t\t\t\t<\/a>\n\t\t\t\t\t\t\t<a class=\"e-gallery-item elementor-gallery-item elementor-animated-content\" href=\"https:\/\/www.spkatarzyna.pl\/wp-content\/uploads\/2023\/01\/20230116_091244-scaled.jpg\" data-elementor-open-lightbox=\"yes\" data-elementor-lightbox-slideshow=\"all-5063289\" data-elementor-lightbox-title=\"20230116_091244\" data-e-action-hash=\"#elementor-action%3Aaction%3Dlightbox%26settings%3DeyJpZCI6NDE5NSwidXJsIjoiaHR0cHM6XC9cL3d3dy5zcGthdGFyenluYS5wbFwvd3AtY29udGVudFwvdXBsb2Fkc1wvMjAyM1wvMDFcLzIwMjMwMTE2XzA5MTI0NC1zY2FsZWQuanBnIiwic2xpZGVzaG93IjoiYWxsLTUwNjMyODkifQ%3D%3D\" rel=\"lightbox[4175]\">\n\t\t\t\t\t<div class=\"e-gallery-image elementor-gallery-item__image\" data-thumbnail=\"https:\/\/www.spkatarzyna.pl\/wp-content\/uploads\/2023\/01\/20230116_091244-300x225.jpg\" data-width=\"300\" data-height=\"225\" alt=\"\" ><\/div>\n\t\t\t\t\t\t\t\t\t\t<div class=\"elementor-gallery-item__overlay\"><\/div>\n\t\t\t\t\t\t\t\t\t\t\t\t\t\t<\/a>\n\t\t\t\t\t\t\t<a class=\"e-gallery-item elementor-gallery-item elementor-animated-content\" href=\"https:\/\/www.spkatarzyna.pl\/wp-content\/uploads\/2023\/01\/20230113_093011-scaled.jpg\" data-elementor-open-lightbox=\"yes\" data-elementor-lightbox-slideshow=\"all-5063289\" data-elementor-lightbox-title=\"20230113_093011\" data-e-action-hash=\"#elementor-action%3Aaction%3Dlightbox%26settings%3DeyJpZCI6NDE5NiwidXJsIjoiaHR0cHM6XC9cL3d3dy5zcGthdGFyenluYS5wbFwvd3AtY29udGVudFwvdXBsb2Fkc1wvMjAyM1wvMDFcLzIwMjMwMTEzXzA5MzAxMS1zY2FsZWQuanBnIiwic2xpZGVzaG93IjoiYWxsLTUwNjMyODkifQ%3D%3D\" rel=\"lightbox[4175]\">\n\t\t\t\t\t<div class=\"e-gallery-image elementor-gallery-item__image\" data-thumbnail=\"https:\/\/www.spkatarzyna.pl\/wp-content\/uploads\/2023\/01\/20230113_093011-225x300.jpg\" data-width=\"225\" data-height=\"300\" alt=\"\" ><\/div>\n\t\t\t\t\t\t\t\t\t\t<div class=\"elementor-gallery-item__overlay\"><\/div>\n\t\t\t\t\t\t\t\t\t\t\t\t\t\t<\/a>\n\t\t\t\t\t\t\t<a class=\"e-gallery-item elementor-gallery-item elementor-animated-content\" href=\"https:\/\/www.spkatarzyna.pl\/wp-content\/uploads\/2023\/01\/20230112_084235-scaled.jpg\" data-elementor-open-lightbox=\"yes\" data-elementor-lightbox-slideshow=\"all-5063289\" data-elementor-lightbox-title=\"20230112_084235\" data-e-action-hash=\"#elementor-action%3Aaction%3Dlightbox%26settings%3DeyJpZCI6NDIwMSwidXJsIjoiaHR0cHM6XC9cL3d3dy5zcGthdGFyenluYS5wbFwvd3AtY29udGVudFwvdXBsb2Fkc1wvMjAyM1wvMDFcLzIwMjMwMTEyXzA4NDIzNS1zY2FsZWQuanBnIiwic2xpZGVzaG93IjoiYWxsLTUwNjMyODkifQ%3D%3D\" rel=\"lightbox[4175]\">\n\t\t\t\t\t<div class=\"e-gallery-image elementor-gallery-item__image\" data-thumbnail=\"https:\/\/www.spkatarzyna.pl\/wp-content\/uploads\/2023\/01\/20230112_084235-225x300.jpg\" data-width=\"225\" data-height=\"300\" alt=\"\" ><\/div>\n\t\t\t\t\t\t\t\t\t\t<div class=\"elementor-gallery-item__overlay\"><\/div>\n\t\t\t\t\t\t\t\t\t\t\t\t\t\t<\/a>\n\t\t\t\t\t\t\t<a class=\"e-gallery-item elementor-gallery-item elementor-animated-content\" href=\"https:\/\/www.spkatarzyna.pl\/wp-content\/uploads\/2023\/01\/20230110_092835-scaled.jpg\" data-elementor-open-lightbox=\"yes\" data-elementor-lightbox-slideshow=\"all-5063289\" data-elementor-lightbox-title=\"20230110_092835\" data-e-action-hash=\"#elementor-action%3Aaction%3Dlightbox%26settings%3DeyJpZCI6NDIwMywidXJsIjoiaHR0cHM6XC9cL3d3dy5zcGthdGFyenluYS5wbFwvd3AtY29udGVudFwvdXBsb2Fkc1wvMjAyM1wvMDFcLzIwMjMwMTEwXzA5MjgzNS1zY2FsZWQuanBnIiwic2xpZGVzaG93IjoiYWxsLTUwNjMyODkifQ%3D%3D\" rel=\"lightbox[4175]\">\n\t\t\t\t\t<div class=\"e-gallery-image elementor-gallery-item__image\" data-thumbnail=\"https:\/\/www.spkatarzyna.pl\/wp-content\/uploads\/2023\/01\/20230110_092835-300x225.jpg\" data-width=\"300\" data-height=\"225\" alt=\"\" ><\/div>\n\t\t\t\t\t\t\t\t\t\t<div class=\"elementor-gallery-item__overlay\"><\/div>\n\t\t\t\t\t\t\t\t\t\t\t\t\t\t<\/a>\n\t\t\t\t\t\t\t<a class=\"e-gallery-item elementor-gallery-item elementor-animated-content\" href=\"https:\/\/www.spkatarzyna.pl\/wp-content\/uploads\/2023\/01\/20230109_091114-scaled.jpg\" data-elementor-open-lightbox=\"yes\" data-elementor-lightbox-slideshow=\"all-5063289\" data-elementor-lightbox-title=\"20230109_091114\" data-e-action-hash=\"#elementor-action%3Aaction%3Dlightbox%26settings%3DeyJpZCI6NDIwNSwidXJsIjoiaHR0cHM6XC9cL3d3dy5zcGthdGFyenluYS5wbFwvd3AtY29udGVudFwvdXBsb2Fkc1wvMjAyM1wvMDFcLzIwMjMwMTA5XzA5MTExNC1zY2FsZWQuanBnIiwic2xpZGVzaG93IjoiYWxsLTUwNjMyODkifQ%3D%3D\" rel=\"lightbox[4175]\">\n\t\t\t\t\t<div class=\"e-gallery-image elementor-gallery-item__image\" data-thumbnail=\"https:\/\/www.spkatarzyna.pl\/wp-content\/uploads\/2023\/01\/20230109_091114-225x300.jpg\" data-width=\"225\" data-height=\"300\" alt=\"\" ><\/div>\n\t\t\t\t\t\t\t\t\t\t<div class=\"elementor-gallery-item__overlay\"><\/div>\n\t\t\t\t\t\t\t\t\t\t\t\t\t\t<\/a>\n\t\t\t\t\t\t\t<a class=\"e-gallery-item elementor-gallery-item elementor-animated-content\" href=\"https:\/\/www.spkatarzyna.pl\/wp-content\/uploads\/2023\/01\/20230109_083640-scaled.jpg\" data-elementor-open-lightbox=\"yes\" data-elementor-lightbox-slideshow=\"all-5063289\" data-elementor-lightbox-title=\"20230109_083640\" data-e-action-hash=\"#elementor-action%3Aaction%3Dlightbox%26settings%3DeyJpZCI6NDIwNiwidXJsIjoiaHR0cHM6XC9cL3d3dy5zcGthdGFyenluYS5wbFwvd3AtY29udGVudFwvdXBsb2Fkc1wvMjAyM1wvMDFcLzIwMjMwMTA5XzA4MzY0MC1zY2FsZWQuanBnIiwic2xpZGVzaG93IjoiYWxsLTUwNjMyODkifQ%3D%3D\" rel=\"lightbox[4175]\">\n\t\t\t\t\t<div class=\"e-gallery-image elementor-gallery-item__image\" data-thumbnail=\"https:\/\/www.spkatarzyna.pl\/wp-content\/uploads\/2023\/01\/20230109_083640-300x225.jpg\" data-width=\"300\" data-height=\"225\" alt=\"\" ><\/div>\n\t\t\t\t\t\t\t\t\t\t<div class=\"elementor-gallery-item__overlay\"><\/div>\n\t\t\t\t\t\t\t\t\t\t\t\t\t\t<\/a>\n\t\t\t\t\t<\/div>\n\t\t\t\t\t<\/div>\n\t\t\t\t<\/div>\n\t\t\t\t\t<\/div>\n\t\t<\/div>\n\t\t\t\t\t<\/div>\n\t\t<\/section>\n\t\t\t\t<\/div>\n\t\t","protected":false},"excerpt":{"rendered":"<p>W miesi\u0105cu styczniu uczniowie klasy 1b przeprowadzali autorskie lekcje przed w\u0142asn\u0105 klas\u0105. Dzieci opowiada\u0142y o swoich hobby, zainteresowaniach, tematach, kt\u00f3re je inspiruj\u0105 i na kt\u00f3rych si\u0119 dobrze znaj\u0105. Klasa wraz z &nbsp;wychowawczyni\u0105 Weronik\u0105 Kuszyk z przyjemno\u015bci\u0105 wys\u0142ucha\u0142a ka\u017cdej lekcji: Ada\u015b opowiada\u0142 o kotach Filipek uczy\u0142 nas w\u0119dkowania Lila i Tymon [&hellip;]<\/p>\n","protected":false},"author":6,"featured_media":5249,"comment_status":"open","ping_status":"open","sticky":false,"template":"","format":"standard","meta":{"om_disable_all_campaigns":false,"_monsterinsights_skip_tracking":false,"ngg_post_thumbnail":0,"footnotes":""},"categories":[1],"tags":[],"class_list":["post-4175","post","type-post","status-publish","format-standard","has-post-thumbnail","hentry","category-uncategorized"],"aioseo_notices":[],"aioseo_head":"\n\t\t<!-- All in One SEO 5.0.1.1 - aioseo.com -->\n\t<meta name=\"description\" content=\"W miesi\u0105cu styczniu uczniowie klasy 1b przeprowadzali autorskie lekcje przed w\u0142asn\u0105 klas\u0105. Dzieci opowiada\u0142y o swoich hobby, zainteresowaniach, tematach, kt\u00f3re je inspiruj\u0105 i na kt\u00f3rych si\u0119 dobrze znaj\u0105. Klasa wraz z wychowawczyni\u0105 Weronik\u0105 Kuszyk z przyjemno\u015bci\u0105 wys\u0142ucha\u0142a ka\u017cdej lekcji:Ada\u015b opowiada\u0142 o kotachFilipek uczy\u0142 nas w\u0119dkowaniaLila i Tymon prowadzili lekcj\u0119 o kosmosieJula i Marysia opowiada\u0142y o\" \/>\n\t<meta name=\"robots\" content=\"max-image-preview:large\" \/>\n\t<meta name=\"author\" content=\"Redakcja\"\/>\n\t<link rel=\"canonical\" href=\"https:\/\/www.spkatarzyna.pl\/index.php\/2023\/01\/25\/autorskie-lekcje-w-klasie-1b\/\" \/>\n\t<meta name=\"generator\" content=\"All in One SEO (AIOSEO) 5.0.1.1\" \/>\n\t\t<meta property=\"og:locale\" content=\"pl_PL\" \/>\n\t\t<meta property=\"og:site_name\" content=\"SP Katarzyna - Publiczna Szko\u0142a Podstawowa w \u015awi\u0119tej Katarzynie\" \/>\n\t\t<meta property=\"og:type\" content=\"article\" \/>\n\t\t<meta property=\"og:title\" content=\"Autorskie lekcje w klasie 1b - SP Katarzyna\" \/>\n\t\t<meta property=\"og:description\" content=\"W miesi\u0105cu styczniu uczniowie klasy 1b przeprowadzali autorskie lekcje przed w\u0142asn\u0105 klas\u0105. Dzieci opowiada\u0142y o swoich hobby, zainteresowaniach, tematach, kt\u00f3re je inspiruj\u0105 i na kt\u00f3rych si\u0119 dobrze znaj\u0105. Klasa wraz z wychowawczyni\u0105 Weronik\u0105 Kuszyk z przyjemno\u015bci\u0105 wys\u0142ucha\u0142a ka\u017cdej lekcji:Ada\u015b opowiada\u0142 o kotachFilipek uczy\u0142 nas w\u0119dkowaniaLila i Tymon prowadzili lekcj\u0119 o kosmosieJula i Marysia opowiada\u0142y o\" \/>\n\t\t<meta property=\"og:url\" content=\"https:\/\/www.spkatarzyna.pl\/index.php\/2023\/01\/25\/autorskie-lekcje-w-klasie-1b\/\" \/>\n\t\t<meta property=\"article:published_time\" content=\"2023-01-25T14:51:59+00:00\" \/>\n\t\t<meta property=\"article:modified_time\" content=\"2023-05-04T06:23:00+00:00\" \/>\n\t\t<meta name=\"twitter:card\" content=\"summary_large_image\" \/>\n\t\t<meta name=\"twitter:title\" content=\"Autorskie lekcje w klasie 1b - SP Katarzyna\" \/>\n\t\t<meta name=\"twitter:description\" content=\"W miesi\u0105cu styczniu uczniowie klasy 1b przeprowadzali autorskie lekcje przed w\u0142asn\u0105 klas\u0105. Dzieci opowiada\u0142y o swoich hobby, zainteresowaniach, tematach, kt\u00f3re je inspiruj\u0105 i na kt\u00f3rych si\u0119 dobrze znaj\u0105. Klasa wraz z wychowawczyni\u0105 Weronik\u0105 Kuszyk z przyjemno\u015bci\u0105 wys\u0142ucha\u0142a ka\u017cdej lekcji:Ada\u015b opowiada\u0142 o kotachFilipek uczy\u0142 nas w\u0119dkowaniaLila i Tymon prowadzili lekcj\u0119 o kosmosieJula i Marysia opowiada\u0142y o\" \/>\n\t\t<script type=\"application\/ld+json\" class=\"aioseo-schema\">\n\t\t\t{\"@context\":\"https:\\\/\\\/schema.org\",\"@graph\":[{\"@type\":\"BlogPosting\",\"@id\":\"https:\\\/\\\/www.spkatarzyna.pl\\\/index.php\\\/2023\\\/01\\\/25\\\/autorskie-lekcje-w-klasie-1b\\\/#blogposting\",\"name\":\"Autorskie lekcje w klasie 1b - SP Katarzyna\",\"headline\":\"Autorskie lekcje w klasie 1b\",\"author\":{\"@id\":\"https:\\\/\\\/www.spkatarzyna.pl\\\/index.php\\\/author\\\/agatasafianspkatarzyna-pl\\\/#author\"},\"publisher\":{\"@id\":\"https:\\\/\\\/www.spkatarzyna.pl\\\/#organization\"},\"image\":{\"@type\":\"ImageObject\",\"url\":\"https:\\\/\\\/www.spkatarzyna.pl\\\/wp-content\\\/uploads\\\/2023\\\/01\\\/20230113_090753-scaled1.jpg\",\"width\":360,\"height\":202},\"datePublished\":\"2023-01-25T14:51:59+01:00\",\"dateModified\":\"2023-05-04T06:23:00+02:00\",\"inLanguage\":\"pl-PL\",\"mainEntityOfPage\":{\"@id\":\"https:\\\/\\\/www.spkatarzyna.pl\\\/index.php\\\/2023\\\/01\\\/25\\\/autorskie-lekcje-w-klasie-1b\\\/#webpage\"},\"isPartOf\":{\"@id\":\"https:\\\/\\\/www.spkatarzyna.pl\\\/index.php\\\/2023\\\/01\\\/25\\\/autorskie-lekcje-w-klasie-1b\\\/#webpage\"},\"articleSection\":\"Uncategorized\"},{\"@type\":\"BreadcrumbList\",\"@id\":\"https:\\\/\\\/www.spkatarzyna.pl\\\/index.php\\\/2023\\\/01\\\/25\\\/autorskie-lekcje-w-klasie-1b\\\/#breadcrumblist\",\"itemListElement\":[{\"@type\":\"ListItem\",\"@id\":\"https:\\\/\\\/www.spkatarzyna.pl#listItem\",\"position\":1,\"name\":\"Dom\",\"item\":\"https:\\\/\\\/www.spkatarzyna.pl\",\"nextItem\":{\"@type\":\"ListItem\",\"@id\":\"https:\\\/\\\/www.spkatarzyna.pl\\\/index.php\\\/category\\\/uncategorized\\\/#listItem\",\"name\":\"Uncategorized\"}},{\"@type\":\"ListItem\",\"@id\":\"https:\\\/\\\/www.spkatarzyna.pl\\\/index.php\\\/category\\\/uncategorized\\\/#listItem\",\"position\":2,\"name\":\"Uncategorized\",\"item\":\"https:\\\/\\\/www.spkatarzyna.pl\\\/index.php\\\/category\\\/uncategorized\\\/\",\"nextItem\":{\"@type\":\"ListItem\",\"@id\":\"https:\\\/\\\/www.spkatarzyna.pl\\\/index.php\\\/2023\\\/01\\\/25\\\/autorskie-lekcje-w-klasie-1b\\\/#listItem\",\"name\":\"Autorskie lekcje w klasie 1b\"},\"previousItem\":{\"@type\":\"ListItem\",\"@id\":\"https:\\\/\\\/www.spkatarzyna.pl#listItem\",\"name\":\"Dom\"}},{\"@type\":\"ListItem\",\"@id\":\"https:\\\/\\\/www.spkatarzyna.pl\\\/index.php\\\/2023\\\/01\\\/25\\\/autorskie-lekcje-w-klasie-1b\\\/#listItem\",\"position\":3,\"name\":\"Autorskie lekcje w klasie 1b\",\"previousItem\":{\"@type\":\"ListItem\",\"@id\":\"https:\\\/\\\/www.spkatarzyna.pl\\\/index.php\\\/category\\\/uncategorized\\\/#listItem\",\"name\":\"Uncategorized\"}}]},{\"@type\":\"Organization\",\"@id\":\"https:\\\/\\\/www.spkatarzyna.pl\\\/#organization\",\"name\":\"SP Katarzyna\",\"description\":\"Publiczna Szko\\u0142a Podstawowa w \\u015awi\\u0119tej Katarzynie\",\"url\":\"https:\\\/\\\/www.spkatarzyna.pl\\\/\",\"telephone\":\"+48713116378\",\"sameAs\":[\"https:\\\/\\\/facebook.com\\\/\",\"https:\\\/\\\/x.com\\\/\",\"https:\\\/\\\/instagram.com\\\/\",\"https:\\\/\\\/pinterest.com\\\/\",\"https:\\\/\\\/youtube.com\\\/\",\"https:\\\/\\\/linkedin.com\\\/in\\\/\"]},{\"@type\":\"Person\",\"@id\":\"https:\\\/\\\/www.spkatarzyna.pl\\\/index.php\\\/author\\\/agatasafianspkatarzyna-pl\\\/#author\",\"url\":\"https:\\\/\\\/www.spkatarzyna.pl\\\/index.php\\\/author\\\/agatasafianspkatarzyna-pl\\\/\",\"name\":\"Redakcja\",\"image\":{\"@type\":\"ImageObject\",\"@id\":\"https:\\\/\\\/www.spkatarzyna.pl\\\/index.php\\\/2023\\\/01\\\/25\\\/autorskie-lekcje-w-klasie-1b\\\/#authorImage\",\"url\":\"https:\\\/\\\/secure.gravatar.com\\\/avatar\\\/765290513df94d442152250e92b42327?s=96&d=mm&r=g\",\"width\":96,\"height\":96,\"caption\":\"Redakcja\"}},{\"@type\":\"WebPage\",\"@id\":\"https:\\\/\\\/www.spkatarzyna.pl\\\/index.php\\\/2023\\\/01\\\/25\\\/autorskie-lekcje-w-klasie-1b\\\/#webpage\",\"url\":\"https:\\\/\\\/www.spkatarzyna.pl\\\/index.php\\\/2023\\\/01\\\/25\\\/autorskie-lekcje-w-klasie-1b\\\/\",\"name\":\"Autorskie lekcje w klasie 1b - SP Katarzyna\",\"description\":\"W miesi\\u0105cu styczniu uczniowie klasy 1b przeprowadzali autorskie lekcje przed w\\u0142asn\\u0105 klas\\u0105. Dzieci opowiada\\u0142y o swoich hobby, zainteresowaniach, tematach, kt\\u00f3re je inspiruj\\u0105 i na kt\\u00f3rych si\\u0119 dobrze znaj\\u0105. Klasa wraz z wychowawczyni\\u0105 Weronik\\u0105 Kuszyk z przyjemno\\u015bci\\u0105 wys\\u0142ucha\\u0142a ka\\u017cdej lekcji:Ada\\u015b opowiada\\u0142 o kotachFilipek uczy\\u0142 nas w\\u0119dkowaniaLila i Tymon prowadzili lekcj\\u0119 o kosmosieJula i Marysia opowiada\\u0142y o\",\"inLanguage\":\"pl-PL\",\"isPartOf\":{\"@id\":\"https:\\\/\\\/www.spkatarzyna.pl\\\/#website\"},\"breadcrumb\":{\"@id\":\"https:\\\/\\\/www.spkatarzyna.pl\\\/index.php\\\/2023\\\/01\\\/25\\\/autorskie-lekcje-w-klasie-1b\\\/#breadcrumblist\"},\"author\":{\"@id\":\"https:\\\/\\\/www.spkatarzyna.pl\\\/index.php\\\/author\\\/agatasafianspkatarzyna-pl\\\/#author\"},\"creator\":{\"@id\":\"https:\\\/\\\/www.spkatarzyna.pl\\\/index.php\\\/author\\\/agatasafianspkatarzyna-pl\\\/#author\"},\"image\":{\"@type\":\"ImageObject\",\"url\":\"https:\\\/\\\/www.spkatarzyna.pl\\\/wp-content\\\/uploads\\\/2023\\\/01\\\/20230113_090753-scaled1.jpg\",\"@id\":\"https:\\\/\\\/www.spkatarzyna.pl\\\/index.php\\\/2023\\\/01\\\/25\\\/autorskie-lekcje-w-klasie-1b\\\/#mainImage\",\"width\":360,\"height\":202},\"primaryImageOfPage\":{\"@id\":\"https:\\\/\\\/www.spkatarzyna.pl\\\/index.php\\\/2023\\\/01\\\/25\\\/autorskie-lekcje-w-klasie-1b\\\/#mainImage\"},\"datePublished\":\"2023-01-25T14:51:59+01:00\",\"dateModified\":\"2023-05-04T06:23:00+02:00\"},{\"@type\":\"WebSite\",\"@id\":\"https:\\\/\\\/www.spkatarzyna.pl\\\/#website\",\"url\":\"https:\\\/\\\/www.spkatarzyna.pl\\\/\",\"name\":\"SP Katarzyna\",\"description\":\"Publiczna Szko\\u0142a Podstawowa w \\u015awi\\u0119tej Katarzynie\",\"inLanguage\":\"pl-PL\",\"publisher\":{\"@id\":\"https:\\\/\\\/www.spkatarzyna.pl\\\/#organization\"}}]}\n\t\t<\/script>\n\t\t<!-- All in One SEO -->\n\n","aioseo_head_json":{"title":"Autorskie lekcje w klasie 1b - SP Katarzyna","description":"W miesi\u0105cu styczniu uczniowie klasy 1b przeprowadzali autorskie lekcje przed w\u0142asn\u0105 klas\u0105. Dzieci opowiada\u0142y o swoich hobby, zainteresowaniach, tematach, kt\u00f3re je inspiruj\u0105 i na kt\u00f3rych si\u0119 dobrze znaj\u0105. Klasa wraz z wychowawczyni\u0105 Weronik\u0105 Kuszyk z przyjemno\u015bci\u0105 wys\u0142ucha\u0142a ka\u017cdej lekcji:Ada\u015b opowiada\u0142 o kotachFilipek uczy\u0142 nas w\u0119dkowaniaLila i Tymon prowadzili lekcj\u0119 o kosmosieJula i Marysia opowiada\u0142y o","canonical_url":"https:\/\/www.spkatarzyna.pl\/index.php\/2023\/01\/25\/autorskie-lekcje-w-klasie-1b\/","robots":"max-image-preview:large","keywords":"","webmasterTools":{"miscellaneous":""},"schema":{"@context":"https:\/\/schema.org","@graph":[{"@type":"BlogPosting","@id":"https:\/\/www.spkatarzyna.pl\/index.php\/2023\/01\/25\/autorskie-lekcje-w-klasie-1b\/#blogposting","name":"Autorskie lekcje w klasie 1b - SP Katarzyna","headline":"Autorskie lekcje w klasie 1b","author":{"@id":"https:\/\/www.spkatarzyna.pl\/index.php\/author\/agatasafianspkatarzyna-pl\/#author"},"publisher":{"@id":"https:\/\/www.spkatarzyna.pl\/#organization"},"image":{"@type":"ImageObject","url":"https:\/\/www.spkatarzyna.pl\/wp-content\/uploads\/2023\/01\/20230113_090753-scaled1.jpg","width":360,"height":202},"datePublished":"2023-01-25T14:51:59+01:00","dateModified":"2023-05-04T06:23:00+02:00","inLanguage":"pl-PL","mainEntityOfPage":{"@id":"https:\/\/www.spkatarzyna.pl\/index.php\/2023\/01\/25\/autorskie-lekcje-w-klasie-1b\/#webpage"},"isPartOf":{"@id":"https:\/\/www.spkatarzyna.pl\/index.php\/2023\/01\/25\/autorskie-lekcje-w-klasie-1b\/#webpage"},"articleSection":"Uncategorized"},{"@type":"BreadcrumbList","@id":"https:\/\/www.spkatarzyna.pl\/index.php\/2023\/01\/25\/autorskie-lekcje-w-klasie-1b\/#breadcrumblist","itemListElement":[{"@type":"ListItem","@id":"https:\/\/www.spkatarzyna.pl#listItem","position":1,"name":"Dom","item":"https:\/\/www.spkatarzyna.pl","nextItem":{"@type":"ListItem","@id":"https:\/\/www.spkatarzyna.pl\/index.php\/category\/uncategorized\/#listItem","name":"Uncategorized"}},{"@type":"ListItem","@id":"https:\/\/www.spkatarzyna.pl\/index.php\/category\/uncategorized\/#listItem","position":2,"name":"Uncategorized","item":"https:\/\/www.spkatarzyna.pl\/index.php\/category\/uncategorized\/","nextItem":{"@type":"ListItem","@id":"https:\/\/www.spkatarzyna.pl\/index.php\/2023\/01\/25\/autorskie-lekcje-w-klasie-1b\/#listItem","name":"Autorskie lekcje w klasie 1b"},"previousItem":{"@type":"ListItem","@id":"https:\/\/www.spkatarzyna.pl#listItem","name":"Dom"}},{"@type":"ListItem","@id":"https:\/\/www.spkatarzyna.pl\/index.php\/2023\/01\/25\/autorskie-lekcje-w-klasie-1b\/#listItem","position":3,"name":"Autorskie lekcje w klasie 1b","previousItem":{"@type":"ListItem","@id":"https:\/\/www.spkatarzyna.pl\/index.php\/category\/uncategorized\/#listItem","name":"Uncategorized"}}]},{"@type":"Organization","@id":"https:\/\/www.spkatarzyna.pl\/#organization","name":"SP Katarzyna","description":"Publiczna Szko\u0142a Podstawowa w \u015awi\u0119tej Katarzynie","url":"https:\/\/www.spkatarzyna.pl\/","telephone":"+48713116378","sameAs":["https:\/\/facebook.com\/","https:\/\/x.com\/","https:\/\/instagram.com\/","https:\/\/pinterest.com\/","https:\/\/youtube.com\/","https:\/\/linkedin.com\/in\/"]},{"@type":"Person","@id":"https:\/\/www.spkatarzyna.pl\/index.php\/author\/agatasafianspkatarzyna-pl\/#author","url":"https:\/\/www.spkatarzyna.pl\/index.php\/author\/agatasafianspkatarzyna-pl\/","name":"Redakcja","image":{"@type":"ImageObject","@id":"https:\/\/www.spkatarzyna.pl\/index.php\/2023\/01\/25\/autorskie-lekcje-w-klasie-1b\/#authorImage","url":"https:\/\/secure.gravatar.com\/avatar\/765290513df94d442152250e92b42327?s=96&d=mm&r=g","width":96,"height":96,"caption":"Redakcja"}},{"@type":"WebPage","@id":"https:\/\/www.spkatarzyna.pl\/index.php\/2023\/01\/25\/autorskie-lekcje-w-klasie-1b\/#webpage","url":"https:\/\/www.spkatarzyna.pl\/index.php\/2023\/01\/25\/autorskie-lekcje-w-klasie-1b\/","name":"Autorskie lekcje w klasie 1b - SP Katarzyna","description":"W miesi\u0105cu styczniu uczniowie klasy 1b przeprowadzali autorskie lekcje przed w\u0142asn\u0105 klas\u0105. Dzieci opowiada\u0142y o swoich hobby, zainteresowaniach, tematach, kt\u00f3re je inspiruj\u0105 i na kt\u00f3rych si\u0119 dobrze znaj\u0105. Klasa wraz z wychowawczyni\u0105 Weronik\u0105 Kuszyk z przyjemno\u015bci\u0105 wys\u0142ucha\u0142a ka\u017cdej lekcji:Ada\u015b opowiada\u0142 o kotachFilipek uczy\u0142 nas w\u0119dkowaniaLila i Tymon prowadzili lekcj\u0119 o kosmosieJula i Marysia opowiada\u0142y o","inLanguage":"pl-PL","isPartOf":{"@id":"https:\/\/www.spkatarzyna.pl\/#website"},"breadcrumb":{"@id":"https:\/\/www.spkatarzyna.pl\/index.php\/2023\/01\/25\/autorskie-lekcje-w-klasie-1b\/#breadcrumblist"},"author":{"@id":"https:\/\/www.spkatarzyna.pl\/index.php\/author\/agatasafianspkatarzyna-pl\/#author"},"creator":{"@id":"https:\/\/www.spkatarzyna.pl\/index.php\/author\/agatasafianspkatarzyna-pl\/#author"},"image":{"@type":"ImageObject","url":"https:\/\/www.spkatarzyna.pl\/wp-content\/uploads\/2023\/01\/20230113_090753-scaled1.jpg","@id":"https:\/\/www.spkatarzyna.pl\/index.php\/2023\/01\/25\/autorskie-lekcje-w-klasie-1b\/#mainImage","width":360,"height":202},"primaryImageOfPage":{"@id":"https:\/\/www.spkatarzyna.pl\/index.php\/2023\/01\/25\/autorskie-lekcje-w-klasie-1b\/#mainImage"},"datePublished":"2023-01-25T14:51:59+01:00","dateModified":"2023-05-04T06:23:00+02:00"},{"@type":"WebSite","@id":"https:\/\/www.spkatarzyna.pl\/#website","url":"https:\/\/www.spkatarzyna.pl\/","name":"SP Katarzyna","description":"Publiczna Szko\u0142a Podstawowa w \u015awi\u0119tej Katarzynie","inLanguage":"pl-PL","publisher":{"@id":"https:\/\/www.spkatarzyna.pl\/#organization"}}]},"og:locale":"pl_PL","og:site_name":"SP Katarzyna - Publiczna Szko\u0142a Podstawowa w \u015awi\u0119tej Katarzynie","og:type":"article","og:title":"Autorskie lekcje w klasie 1b - SP Katarzyna","og:description":"W miesi\u0105cu styczniu uczniowie klasy 1b przeprowadzali autorskie lekcje przed w\u0142asn\u0105 klas\u0105. Dzieci opowiada\u0142y o swoich hobby, zainteresowaniach, tematach, kt\u00f3re je inspiruj\u0105 i na kt\u00f3rych si\u0119 dobrze znaj\u0105. Klasa wraz z wychowawczyni\u0105 Weronik\u0105 Kuszyk z przyjemno\u015bci\u0105 wys\u0142ucha\u0142a ka\u017cdej lekcji:Ada\u015b opowiada\u0142 o kotachFilipek uczy\u0142 nas w\u0119dkowaniaLila i Tymon prowadzili lekcj\u0119 o kosmosieJula i Marysia opowiada\u0142y o","og:url":"https:\/\/www.spkatarzyna.pl\/index.php\/2023\/01\/25\/autorskie-lekcje-w-klasie-1b\/","article:published_time":"2023-01-25T14:51:59+00:00","article:modified_time":"2023-05-04T06:23:00+00:00","twitter:card":"summary_large_image","twitter:title":"Autorskie lekcje w klasie 1b - SP Katarzyna","twitter:description":"W miesi\u0105cu styczniu uczniowie klasy 1b przeprowadzali autorskie lekcje przed w\u0142asn\u0105 klas\u0105. Dzieci opowiada\u0142y o swoich hobby, zainteresowaniach, tematach, kt\u00f3re je inspiruj\u0105 i na kt\u00f3rych si\u0119 dobrze znaj\u0105. Klasa wraz z wychowawczyni\u0105 Weronik\u0105 Kuszyk z przyjemno\u015bci\u0105 wys\u0142ucha\u0142a ka\u017cdej lekcji:Ada\u015b opowiada\u0142 o kotachFilipek uczy\u0142 nas w\u0119dkowaniaLila i Tymon prowadzili lekcj\u0119 o kosmosieJula i Marysia opowiada\u0142y o"},"aioseo_meta_data":{"post_id":"4175","title":null,"description":null,"keywords":null,"keyphrases":null,"primary_term":null,"canonical_url":null,"og_title":null,"og_description":null,"og_object_type":"default","og_image_type":"default","og_image_url":null,"og_image_width":null,"og_image_height":null,"og_image_custom_url":null,"og_image_custom_fields":null,"og_video":null,"og_custom_url":null,"og_article_section":null,"og_article_tags":null,"twitter_use_og":false,"twitter_card":"default","twitter_image_type":"default","twitter_image_url":null,"twitter_image_custom_url":null,"twitter_image_custom_fields":null,"twitter_title":null,"twitter_description":null,"schema":{"blockGraphs":[],"customGraphs":[],"default":{"data":{"Article":[],"Course":[],"Dataset":[],"FAQPage":[],"Movie":[],"Person":[],"Product":[],"ProductReview":[],"Car":[],"Recipe":[],"Service":[],"SoftwareApplication":[],"WebPage":[]},"graphName":"","isEnabled":true},"graphs":[]},"schema_type":"default","schema_type_options":null,"pillar_content":false,"robots_default":true,"robots_noindex":false,"robots_noarchive":false,"robots_nosnippet":false,"robots_nofollow":false,"robots_noimageindex":false,"robots_noodp":false,"robots_notranslate":false,"robots_max_snippet":null,"robots_max_videopreview":null,"robots_max_imagepreview":"large","priority":null,"frequency":null,"local_seo":null,"limit_modified_date":false,"created":"2024-04-03 07:44:39","updated":"2026-09-03 14:16:58","focus_keyword":null,"additional_keywords":null,"truseo_locale":null,"ai":null,"breadcrumb_settings":null,"seo_analyzer_scan_date":null},"aioseo_breadcrumb":"<div class=\"aioseo-breadcrumbs\"><span class=\"aioseo-breadcrumb\">\n\t\t\t<a href=\"https:\/\/www.spkatarzyna.pl\" title=\"Dom\">Dom<\/a>\n\t\t<\/span><span class=\"aioseo-breadcrumb-separator\">&raquo;<\/span><span class=\"aioseo-breadcrumb\">\n\t\t\t<a href=\"https:\/\/www.spkatarzyna.pl\/index.php\/category\/uncategorized\/\" title=\"Uncategorized\">Uncategorized<\/a>\n\t\t<\/span><span class=\"aioseo-breadcrumb-separator\">&raquo;<\/span><span class=\"aioseo-breadcrumb\">\n\t\t\tAutorskie lekcje w klasie 1b\n\t\t<\/span><\/div>","aioseo_breadcrumb_json":[{"label":"Dom","link":"https:\/\/www.spkatarzyna.pl"},{"label":"Uncategorized","link":"https:\/\/www.spkatarzyna.pl\/index.php\/category\/uncategorized\/"},{"label":"Autorskie lekcje w klasie 1b","link":"https:\/\/www.spkatarzyna.pl\/index.php\/2023\/01\/25\/autorskie-lekcje-w-klasie-1b\/"}],"_links":{"self":[{"href":"https:\/\/www.spkatarzyna.pl\/index.php\/wp-json\/wp\/v2\/posts\/4175","targetHints":{"allow":["GET"]}}],"collection":[{"href":"https:\/\/www.spkatarzyna.pl\/index.php\/wp-json\/wp\/v2\/posts"}],"about":[{"href":"https:\/\/www.spkatarzyna.pl\/index.php\/wp-json\/wp\/v2\/types\/post"}],"author":[{"embeddable":true,"href":"https:\/\/www.spkatarzyna.pl\/index.php\/wp-json\/wp\/v2\/users\/6"}],"replies":[{"embeddable":true,"href":"https:\/\/www.spkatarzyna.pl\/index.php\/wp-json\/wp\/v2\/comments?post=4175"}],"version-history":[{"count":17,"href":"https:\/\/www.spkatarzyna.pl\/index.php\/wp-json\/wp\/v2\/posts\/4175\/revisions"}],"predecessor-version":[{"id":5250,"href":"https:\/\/www.spkatarzyna.pl\/index.php\/wp-json\/wp\/v2\/posts\/4175\/revisions\/5250"}],"wp:featuredmedia":[{"embeddable":true,"href":"https:\/\/www.spkatarzyna.pl\/index.php\/wp-json\/wp\/v2\/media\/5249"}],"wp:attachment":[{"href":"https:\/\/www.spkatarzyna.pl\/index.php\/wp-json\/wp\/v2\/media?parent=4175"}],"wp:term":[{"taxonomy":"category","embeddable":true,"href":"https:\/\/www.spkatarzyna.pl\/index.php\/wp-json\/wp\/v2\/categories?post=4175"},{"taxonomy":"post_tag","embeddable":true,"href":"https:\/\/www.spkatarzyna.pl\/index.php\/wp-json\/wp\/v2\/tags?post=4175"}],"curies":[{"name":"wp","href":"https:\/\/api.w.org\/{rel}","templated":true}]}}