{"id":4234,"date":"2023-01-27T14:14:05","date_gmt":"2023-01-27T14:14:05","guid":{"rendered":"http:\/\/www.spkatarzyna.pl\/?p=4234"},"modified":"2023-01-27T14:20:51","modified_gmt":"2023-01-27T14:20:51","slug":"lekcja-z-okularami-vr","status":"publish","type":"post","link":"https:\/\/www.spkatarzyna.pl\/index.php\/2023\/01\/27\/lekcja-z-okularami-vr\/","title":{"rendered":"Lekcja z okularami VR"},"content":{"rendered":"\t\t<div data-elementor-type=\"wp-post\" data-elementor-id=\"4234\" class=\"elementor elementor-4234\">\n\t\t\t\t\t\t<section class=\"elementor-section elementor-top-section elementor-element elementor-element-20c966a6 elementor-section-boxed elementor-section-height-default elementor-section-height-default\" data-id=\"20c966a6\" data-element_type=\"section\">\n\t\t\t\t\t\t<div class=\"elementor-container elementor-column-gap-default\">\n\t\t\t\t\t<div class=\"elementor-column elementor-col-100 elementor-top-column elementor-element elementor-element-15aba43e\" data-id=\"15aba43e\" data-element_type=\"column\">\n\t\t\t<div class=\"elementor-widget-wrap elementor-element-populated\">\n\t\t\t\t\t\t<div class=\"elementor-element elementor-element-445878c4 elementor-widget elementor-widget-text-editor\" data-id=\"445878c4\" data-element_type=\"widget\" data-widget_type=\"text-editor.default\">\n\t\t\t\t\t\t\t\t\t<p style=\"text-align: justify;\"><span style=\"font-size: 14pt;\">Klasa 3c z sercem na d\u0142oni. <\/span><\/p>\r\n<p style=\"text-align: justify;\"><span style=\"font-size: 14pt;\">Tym razem nie chodzi o zbi\u00f3rk\u0119 charytatywn\u0105, a o lekcj\u0119 w wirtualnej rzeczywisto\u015bci. Uczniowie uczestniczyli w lekcji powt\u00f3rzeniowej z przyrody, dotycz\u0105cej uk\u0142adu oddechowego i krwiono\u015bnego w naszym organizmie. Dzi\u0119ki nowoczesnej technologii i goglom VR, zobaczyli serce i p\u0142uca z efektem 3D.<\/span><\/p>\r\n<p style=\"text-align: justify;\"><span style=\"font-size: 14pt;\">Klasa zachwycona, a wiedza przyswojona w 100%.<\/span><\/p>\t\t\t\t\t\t\t\t<\/div>\n\t\t\t\t\t<\/div>\n\t\t<\/div>\n\t\t\t\t\t<\/div>\n\t\t<\/section>\n\t\t\t\t<section class=\"elementor-section elementor-top-section elementor-element elementor-element-f8be542 elementor-section-boxed elementor-section-height-default elementor-section-height-default\" data-id=\"f8be542\" data-element_type=\"section\">\n\t\t\t\t\t\t<div class=\"elementor-container elementor-column-gap-default\">\n\t\t\t\t\t<div class=\"elementor-column elementor-col-100 elementor-top-column elementor-element elementor-element-723f33e\" data-id=\"723f33e\" data-element_type=\"column\">\n\t\t\t<div class=\"elementor-widget-wrap elementor-element-populated\">\n\t\t\t\t\t\t<div class=\"elementor-element elementor-element-80b427b elementor-widget elementor-widget-gallery\" data-id=\"80b427b\" data-element_type=\"widget\" data-settings=\"{&quot;lazyload&quot;:&quot;yes&quot;,&quot;gallery_layout&quot;:&quot;grid&quot;,&quot;columns&quot;:4,&quot;columns_tablet&quot;:2,&quot;columns_mobile&quot;:1,&quot;gap&quot;:{&quot;unit&quot;:&quot;px&quot;,&quot;size&quot;:10,&quot;sizes&quot;:[]},&quot;gap_tablet&quot;:{&quot;unit&quot;:&quot;px&quot;,&quot;size&quot;:10,&quot;sizes&quot;:[]},&quot;gap_mobile&quot;:{&quot;unit&quot;:&quot;px&quot;,&quot;size&quot;:10,&quot;sizes&quot;:[]},&quot;link_to&quot;:&quot;file&quot;,&quot;aspect_ratio&quot;:&quot;3:2&quot;,&quot;overlay_background&quot;:&quot;yes&quot;,&quot;content_hover_animation&quot;:&quot;fade-in&quot;}\" data-widget_type=\"gallery.default\">\n\t\t\t\t<div class=\"elementor-widget-container\">\n\t\t\t\t\t\t\t<div class=\"elementor-gallery__container\">\n\t\t\t\t\t\t\t<a class=\"e-gallery-item elementor-gallery-item elementor-animated-content\" href=\"https:\/\/www.spkatarzyna.pl\/wp-content\/uploads\/2023\/01\/IMG_20230118_081110-scaled.jpg\" data-elementor-open-lightbox=\"yes\" data-elementor-lightbox-slideshow=\"all-80b427b\" data-elementor-lightbox-title=\"IMG_20230118_081110\" data-e-action-hash=\"#elementor-action%3Aaction%3Dlightbox%26settings%3DeyJpZCI6NDIzNywidXJsIjoiaHR0cHM6XC9cL3d3dy5zcGthdGFyenluYS5wbFwvd3AtY29udGVudFwvdXBsb2Fkc1wvMjAyM1wvMDFcL0lNR18yMDIzMDExOF8wODExMTAtc2NhbGVkLmpwZyIsInNsaWRlc2hvdyI6ImFsbC04MGI0MjdiIn0%3D\" rel=\"lightbox[4234]\">\n\t\t\t\t\t<div class=\"e-gallery-image elementor-gallery-item__image\" data-thumbnail=\"https:\/\/www.spkatarzyna.pl\/wp-content\/uploads\/2023\/01\/IMG_20230118_081110-225x300.jpg\" data-width=\"225\" data-height=\"300\" alt=\"\" ><\/div>\n\t\t\t\t\t\t\t\t\t\t<div class=\"elementor-gallery-item__overlay\"><\/div>\n\t\t\t\t\t\t\t\t\t\t\t\t\t\t<\/a>\n\t\t\t\t\t\t\t<a class=\"e-gallery-item elementor-gallery-item elementor-animated-content\" href=\"https:\/\/www.spkatarzyna.pl\/wp-content\/uploads\/2023\/01\/IMG_20230118_0832511-scaled.jpg\" data-elementor-open-lightbox=\"yes\" data-elementor-lightbox-slideshow=\"all-80b427b\" data-elementor-lightbox-title=\"IMG_20230118_083251(1)\" data-e-action-hash=\"#elementor-action%3Aaction%3Dlightbox%26settings%3DeyJpZCI6NDIzOCwidXJsIjoiaHR0cHM6XC9cL3d3dy5zcGthdGFyenluYS5wbFwvd3AtY29udGVudFwvdXBsb2Fkc1wvMjAyM1wvMDFcL0lNR18yMDIzMDExOF8wODMyNTExLXNjYWxlZC5qcGciLCJzbGlkZXNob3ciOiJhbGwtODBiNDI3YiJ9\" rel=\"lightbox[4234]\">\n\t\t\t\t\t<div class=\"e-gallery-image elementor-gallery-item__image\" data-thumbnail=\"https:\/\/www.spkatarzyna.pl\/wp-content\/uploads\/2023\/01\/IMG_20230118_0832511-225x300.jpg\" data-width=\"225\" data-height=\"300\" alt=\"\" ><\/div>\n\t\t\t\t\t\t\t\t\t\t<div class=\"elementor-gallery-item__overlay\"><\/div>\n\t\t\t\t\t\t\t\t\t\t\t\t\t\t<\/a>\n\t\t\t\t\t\t\t<a class=\"e-gallery-item elementor-gallery-item elementor-animated-content\" href=\"https:\/\/www.spkatarzyna.pl\/wp-content\/uploads\/2023\/01\/IMG_20230118_083251-scaled.jpg\" data-elementor-open-lightbox=\"yes\" data-elementor-lightbox-slideshow=\"all-80b427b\" data-elementor-lightbox-title=\"IMG_20230118_083251\" data-e-action-hash=\"#elementor-action%3Aaction%3Dlightbox%26settings%3DeyJpZCI6NDI0MCwidXJsIjoiaHR0cHM6XC9cL3d3dy5zcGthdGFyenluYS5wbFwvd3AtY29udGVudFwvdXBsb2Fkc1wvMjAyM1wvMDFcL0lNR18yMDIzMDExOF8wODMyNTEtc2NhbGVkLmpwZyIsInNsaWRlc2hvdyI6ImFsbC04MGI0MjdiIn0%3D\" rel=\"lightbox[4234]\">\n\t\t\t\t\t<div class=\"e-gallery-image elementor-gallery-item__image\" data-thumbnail=\"https:\/\/www.spkatarzyna.pl\/wp-content\/uploads\/2023\/01\/IMG_20230118_083251-225x300.jpg\" data-width=\"225\" data-height=\"300\" alt=\"\" ><\/div>\n\t\t\t\t\t\t\t\t\t\t<div class=\"elementor-gallery-item__overlay\"><\/div>\n\t\t\t\t\t\t\t\t\t\t\t\t\t\t<\/a>\n\t\t\t\t\t\t\t<a class=\"e-gallery-item elementor-gallery-item elementor-animated-content\" href=\"https:\/\/www.spkatarzyna.pl\/wp-content\/uploads\/2023\/01\/IMG_20230118_080916-scaled.jpg\" data-elementor-open-lightbox=\"yes\" data-elementor-lightbox-slideshow=\"all-80b427b\" data-elementor-lightbox-title=\"IMG_20230118_080916\" data-e-action-hash=\"#elementor-action%3Aaction%3Dlightbox%26settings%3DeyJpZCI6NDI0MSwidXJsIjoiaHR0cHM6XC9cL3d3dy5zcGthdGFyenluYS5wbFwvd3AtY29udGVudFwvdXBsb2Fkc1wvMjAyM1wvMDFcL0lNR18yMDIzMDExOF8wODA5MTYtc2NhbGVkLmpwZyIsInNsaWRlc2hvdyI6ImFsbC04MGI0MjdiIn0%3D\" rel=\"lightbox[4234]\">\n\t\t\t\t\t<div class=\"e-gallery-image elementor-gallery-item__image\" data-thumbnail=\"https:\/\/www.spkatarzyna.pl\/wp-content\/uploads\/2023\/01\/IMG_20230118_080916-225x300.jpg\" data-width=\"225\" data-height=\"300\" alt=\"\" ><\/div>\n\t\t\t\t\t\t\t\t\t\t<div class=\"elementor-gallery-item__overlay\"><\/div>\n\t\t\t\t\t\t\t\t\t\t\t\t\t\t<\/a>\n\t\t\t\t\t<\/div>\n\t\t\t\t\t<\/div>\n\t\t\t\t<\/div>\n\t\t\t\t\t<\/div>\n\t\t<\/div>\n\t\t\t\t\t<\/div>\n\t\t<\/section>\n\t\t\t\t<\/div>\n\t\t","protected":false},"excerpt":{"rendered":"<p>Klasa 3c z sercem na d\u0142oni. Tym razem nie chodzi o zbi\u00f3rk\u0119 charytatywn\u0105, a o lekcj\u0119 w wirtualnej rzeczywisto\u015bci. Uczniowie uczestniczyli w lekcji powt\u00f3rzeniowej z przyrody, dotycz\u0105cej uk\u0142adu oddechowego i krwiono\u015bnego w naszym organizmie. Dzi\u0119ki nowoczesnej technologii i goglom VR, zobaczyli serce i p\u0142uca z efektem 3D. Klasa zachwycona, a [&hellip;]<\/p>\n","protected":false},"author":6,"featured_media":4235,"comment_status":"open","ping_status":"open","sticky":false,"template":"","format":"standard","meta":{"om_disable_all_campaigns":false,"_monsterinsights_skip_tracking":false,"ngg_post_thumbnail":0,"footnotes":""},"categories":[1],"tags":[],"class_list":["post-4234","post","type-post","status-publish","format-standard","has-post-thumbnail","hentry","category-uncategorized"],"aioseo_notices":[],"aioseo_head":"\n\t\t<!-- All in One SEO 5.0.1.1 - aioseo.com -->\n\t<meta name=\"description\" content=\"Klasa 3c z sercem na d\u0142oni. Tym razem nie chodzi o zbi\u00f3rk\u0119 charytatywn\u0105, a o lekcj\u0119 w wirtualnej rzeczywisto\u015bci. Uczniowie uczestniczyli w lekcji powt\u00f3rzeniowej z przyrody, dotycz\u0105cej uk\u0142adu oddechowego i krwiono\u015bnego w naszym organizmie. Dzi\u0119ki nowoczesnej technologii i goglom VR, zobaczyli serce i p\u0142uca z efektem 3D. Klasa zachwycona, a wiedza przyswojona w 100%.\" \/>\n\t<meta name=\"robots\" content=\"max-image-preview:large\" \/>\n\t<meta name=\"author\" content=\"Redakcja\"\/>\n\t<link rel=\"canonical\" href=\"https:\/\/www.spkatarzyna.pl\/index.php\/2023\/01\/27\/lekcja-z-okularami-vr\/\" \/>\n\t<meta name=\"generator\" content=\"All in One SEO (AIOSEO) 5.0.1.1\" \/>\n\t\t<meta property=\"og:locale\" content=\"pl_PL\" \/>\n\t\t<meta property=\"og:site_name\" content=\"SP Katarzyna - Publiczna Szko\u0142a Podstawowa w \u015awi\u0119tej Katarzynie\" \/>\n\t\t<meta property=\"og:type\" content=\"article\" \/>\n\t\t<meta property=\"og:title\" content=\"Lekcja z okularami VR - SP Katarzyna\" \/>\n\t\t<meta property=\"og:description\" content=\"Klasa 3c z sercem na d\u0142oni. Tym razem nie chodzi o zbi\u00f3rk\u0119 charytatywn\u0105, a o lekcj\u0119 w wirtualnej rzeczywisto\u015bci. Uczniowie uczestniczyli w lekcji powt\u00f3rzeniowej z przyrody, dotycz\u0105cej uk\u0142adu oddechowego i krwiono\u015bnego w naszym organizmie. Dzi\u0119ki nowoczesnej technologii i goglom VR, zobaczyli serce i p\u0142uca z efektem 3D. Klasa zachwycona, a wiedza przyswojona w 100%.\" \/>\n\t\t<meta property=\"og:url\" content=\"https:\/\/www.spkatarzyna.pl\/index.php\/2023\/01\/27\/lekcja-z-okularami-vr\/\" \/>\n\t\t<meta property=\"article:published_time\" content=\"2023-01-27T14:14:05+00:00\" \/>\n\t\t<meta property=\"article:modified_time\" content=\"2023-01-27T14:20:51+00:00\" \/>\n\t\t<meta name=\"twitter:card\" content=\"summary_large_image\" \/>\n\t\t<meta name=\"twitter:title\" content=\"Lekcja z okularami VR - SP Katarzyna\" \/>\n\t\t<meta name=\"twitter:description\" content=\"Klasa 3c z sercem na d\u0142oni. Tym razem nie chodzi o zbi\u00f3rk\u0119 charytatywn\u0105, a o lekcj\u0119 w wirtualnej rzeczywisto\u015bci. Uczniowie uczestniczyli w lekcji powt\u00f3rzeniowej z przyrody, dotycz\u0105cej uk\u0142adu oddechowego i krwiono\u015bnego w naszym organizmie. Dzi\u0119ki nowoczesnej technologii i goglom VR, zobaczyli serce i p\u0142uca z efektem 3D. Klasa zachwycona, a wiedza przyswojona w 100%.\" \/>\n\t\t<script type=\"application\/ld+json\" class=\"aioseo-schema\">\n\t\t\t{\"@context\":\"https:\\\/\\\/schema.org\",\"@graph\":[{\"@type\":\"BlogPosting\",\"@id\":\"https:\\\/\\\/www.spkatarzyna.pl\\\/index.php\\\/2023\\\/01\\\/27\\\/lekcja-z-okularami-vr\\\/#blogposting\",\"name\":\"Lekcja z okularami VR - SP Katarzyna\",\"headline\":\"Lekcja z okularami VR\",\"author\":{\"@id\":\"https:\\\/\\\/www.spkatarzyna.pl\\\/index.php\\\/author\\\/agatasafianspkatarzyna-pl\\\/#author\"},\"publisher\":{\"@id\":\"https:\\\/\\\/www.spkatarzyna.pl\\\/#organization\"},\"image\":{\"@type\":\"ImageObject\",\"url\":\"https:\\\/\\\/www.spkatarzyna.pl\\\/wp-content\\\/uploads\\\/2023\\\/01\\\/IMG_20230118_0811101.jpg\",\"width\":360,\"height\":202},\"datePublished\":\"2023-01-27T14:14:05+01:00\",\"dateModified\":\"2023-01-27T14:20:51+01:00\",\"inLanguage\":\"pl-PL\",\"mainEntityOfPage\":{\"@id\":\"https:\\\/\\\/www.spkatarzyna.pl\\\/index.php\\\/2023\\\/01\\\/27\\\/lekcja-z-okularami-vr\\\/#webpage\"},\"isPartOf\":{\"@id\":\"https:\\\/\\\/www.spkatarzyna.pl\\\/index.php\\\/2023\\\/01\\\/27\\\/lekcja-z-okularami-vr\\\/#webpage\"},\"articleSection\":\"Uncategorized\"},{\"@type\":\"BreadcrumbList\",\"@id\":\"https:\\\/\\\/www.spkatarzyna.pl\\\/index.php\\\/2023\\\/01\\\/27\\\/lekcja-z-okularami-vr\\\/#breadcrumblist\",\"itemListElement\":[{\"@type\":\"ListItem\",\"@id\":\"https:\\\/\\\/www.spkatarzyna.pl#listItem\",\"position\":1,\"name\":\"Dom\",\"item\":\"https:\\\/\\\/www.spkatarzyna.pl\",\"nextItem\":{\"@type\":\"ListItem\",\"@id\":\"https:\\\/\\\/www.spkatarzyna.pl\\\/index.php\\\/category\\\/uncategorized\\\/#listItem\",\"name\":\"Uncategorized\"}},{\"@type\":\"ListItem\",\"@id\":\"https:\\\/\\\/www.spkatarzyna.pl\\\/index.php\\\/category\\\/uncategorized\\\/#listItem\",\"position\":2,\"name\":\"Uncategorized\",\"item\":\"https:\\\/\\\/www.spkatarzyna.pl\\\/index.php\\\/category\\\/uncategorized\\\/\",\"nextItem\":{\"@type\":\"ListItem\",\"@id\":\"https:\\\/\\\/www.spkatarzyna.pl\\\/index.php\\\/2023\\\/01\\\/27\\\/lekcja-z-okularami-vr\\\/#listItem\",\"name\":\"Lekcja z okularami VR\"},\"previousItem\":{\"@type\":\"ListItem\",\"@id\":\"https:\\\/\\\/www.spkatarzyna.pl#listItem\",\"name\":\"Dom\"}},{\"@type\":\"ListItem\",\"@id\":\"https:\\\/\\\/www.spkatarzyna.pl\\\/index.php\\\/2023\\\/01\\\/27\\\/lekcja-z-okularami-vr\\\/#listItem\",\"position\":3,\"name\":\"Lekcja z okularami VR\",\"previousItem\":{\"@type\":\"ListItem\",\"@id\":\"https:\\\/\\\/www.spkatarzyna.pl\\\/index.php\\\/category\\\/uncategorized\\\/#listItem\",\"name\":\"Uncategorized\"}}]},{\"@type\":\"Organization\",\"@id\":\"https:\\\/\\\/www.spkatarzyna.pl\\\/#organization\",\"name\":\"SP Katarzyna\",\"description\":\"Publiczna Szko\\u0142a Podstawowa w \\u015awi\\u0119tej Katarzynie\",\"url\":\"https:\\\/\\\/www.spkatarzyna.pl\\\/\",\"telephone\":\"+48713116378\",\"sameAs\":[\"https:\\\/\\\/facebook.com\\\/\",\"https:\\\/\\\/x.com\\\/\",\"https:\\\/\\\/instagram.com\\\/\",\"https:\\\/\\\/pinterest.com\\\/\",\"https:\\\/\\\/youtube.com\\\/\",\"https:\\\/\\\/linkedin.com\\\/in\\\/\"]},{\"@type\":\"Person\",\"@id\":\"https:\\\/\\\/www.spkatarzyna.pl\\\/index.php\\\/author\\\/agatasafianspkatarzyna-pl\\\/#author\",\"url\":\"https:\\\/\\\/www.spkatarzyna.pl\\\/index.php\\\/author\\\/agatasafianspkatarzyna-pl\\\/\",\"name\":\"Redakcja\",\"image\":{\"@type\":\"ImageObject\",\"@id\":\"https:\\\/\\\/www.spkatarzyna.pl\\\/index.php\\\/2023\\\/01\\\/27\\\/lekcja-z-okularami-vr\\\/#authorImage\",\"url\":\"https:\\\/\\\/secure.gravatar.com\\\/avatar\\\/765290513df94d442152250e92b42327?s=96&d=mm&r=g\",\"width\":96,\"height\":96,\"caption\":\"Redakcja\"}},{\"@type\":\"WebPage\",\"@id\":\"https:\\\/\\\/www.spkatarzyna.pl\\\/index.php\\\/2023\\\/01\\\/27\\\/lekcja-z-okularami-vr\\\/#webpage\",\"url\":\"https:\\\/\\\/www.spkatarzyna.pl\\\/index.php\\\/2023\\\/01\\\/27\\\/lekcja-z-okularami-vr\\\/\",\"name\":\"Lekcja z okularami VR - SP Katarzyna\",\"description\":\"Klasa 3c z sercem na d\\u0142oni. Tym razem nie chodzi o zbi\\u00f3rk\\u0119 charytatywn\\u0105, a o lekcj\\u0119 w wirtualnej rzeczywisto\\u015bci. Uczniowie uczestniczyli w lekcji powt\\u00f3rzeniowej z przyrody, dotycz\\u0105cej uk\\u0142adu oddechowego i krwiono\\u015bnego w naszym organizmie. Dzi\\u0119ki nowoczesnej technologii i goglom VR, zobaczyli serce i p\\u0142uca z efektem 3D. Klasa zachwycona, a wiedza przyswojona w 100%.\",\"inLanguage\":\"pl-PL\",\"isPartOf\":{\"@id\":\"https:\\\/\\\/www.spkatarzyna.pl\\\/#website\"},\"breadcrumb\":{\"@id\":\"https:\\\/\\\/www.spkatarzyna.pl\\\/index.php\\\/2023\\\/01\\\/27\\\/lekcja-z-okularami-vr\\\/#breadcrumblist\"},\"author\":{\"@id\":\"https:\\\/\\\/www.spkatarzyna.pl\\\/index.php\\\/author\\\/agatasafianspkatarzyna-pl\\\/#author\"},\"creator\":{\"@id\":\"https:\\\/\\\/www.spkatarzyna.pl\\\/index.php\\\/author\\\/agatasafianspkatarzyna-pl\\\/#author\"},\"image\":{\"@type\":\"ImageObject\",\"url\":\"https:\\\/\\\/www.spkatarzyna.pl\\\/wp-content\\\/uploads\\\/2023\\\/01\\\/IMG_20230118_0811101.jpg\",\"@id\":\"https:\\\/\\\/www.spkatarzyna.pl\\\/index.php\\\/2023\\\/01\\\/27\\\/lekcja-z-okularami-vr\\\/#mainImage\",\"width\":360,\"height\":202},\"primaryImageOfPage\":{\"@id\":\"https:\\\/\\\/www.spkatarzyna.pl\\\/index.php\\\/2023\\\/01\\\/27\\\/lekcja-z-okularami-vr\\\/#mainImage\"},\"datePublished\":\"2023-01-27T14:14:05+01:00\",\"dateModified\":\"2023-01-27T14:20:51+01:00\"},{\"@type\":\"WebSite\",\"@id\":\"https:\\\/\\\/www.spkatarzyna.pl\\\/#website\",\"url\":\"https:\\\/\\\/www.spkatarzyna.pl\\\/\",\"name\":\"SP Katarzyna\",\"description\":\"Publiczna Szko\\u0142a Podstawowa w \\u015awi\\u0119tej Katarzynie\",\"inLanguage\":\"pl-PL\",\"publisher\":{\"@id\":\"https:\\\/\\\/www.spkatarzyna.pl\\\/#organization\"}}]}\n\t\t<\/script>\n\t\t<!-- All in One SEO -->\n\n","aioseo_head_json":{"title":"Lekcja z okularami VR - SP Katarzyna","description":"Klasa 3c z sercem na d\u0142oni. Tym razem nie chodzi o zbi\u00f3rk\u0119 charytatywn\u0105, a o lekcj\u0119 w wirtualnej rzeczywisto\u015bci. Uczniowie uczestniczyli w lekcji powt\u00f3rzeniowej z przyrody, dotycz\u0105cej uk\u0142adu oddechowego i krwiono\u015bnego w naszym organizmie. Dzi\u0119ki nowoczesnej technologii i goglom VR, zobaczyli serce i p\u0142uca z efektem 3D. Klasa zachwycona, a wiedza przyswojona w 100%.","canonical_url":"https:\/\/www.spkatarzyna.pl\/index.php\/2023\/01\/27\/lekcja-z-okularami-vr\/","robots":"max-image-preview:large","keywords":"","webmasterTools":{"miscellaneous":""},"schema":{"@context":"https:\/\/schema.org","@graph":[{"@type":"BlogPosting","@id":"https:\/\/www.spkatarzyna.pl\/index.php\/2023\/01\/27\/lekcja-z-okularami-vr\/#blogposting","name":"Lekcja z okularami VR - SP Katarzyna","headline":"Lekcja z okularami VR","author":{"@id":"https:\/\/www.spkatarzyna.pl\/index.php\/author\/agatasafianspkatarzyna-pl\/#author"},"publisher":{"@id":"https:\/\/www.spkatarzyna.pl\/#organization"},"image":{"@type":"ImageObject","url":"https:\/\/www.spkatarzyna.pl\/wp-content\/uploads\/2023\/01\/IMG_20230118_0811101.jpg","width":360,"height":202},"datePublished":"2023-01-27T14:14:05+01:00","dateModified":"2023-01-27T14:20:51+01:00","inLanguage":"pl-PL","mainEntityOfPage":{"@id":"https:\/\/www.spkatarzyna.pl\/index.php\/2023\/01\/27\/lekcja-z-okularami-vr\/#webpage"},"isPartOf":{"@id":"https:\/\/www.spkatarzyna.pl\/index.php\/2023\/01\/27\/lekcja-z-okularami-vr\/#webpage"},"articleSection":"Uncategorized"},{"@type":"BreadcrumbList","@id":"https:\/\/www.spkatarzyna.pl\/index.php\/2023\/01\/27\/lekcja-z-okularami-vr\/#breadcrumblist","itemListElement":[{"@type":"ListItem","@id":"https:\/\/www.spkatarzyna.pl#listItem","position":1,"name":"Dom","item":"https:\/\/www.spkatarzyna.pl","nextItem":{"@type":"ListItem","@id":"https:\/\/www.spkatarzyna.pl\/index.php\/category\/uncategorized\/#listItem","name":"Uncategorized"}},{"@type":"ListItem","@id":"https:\/\/www.spkatarzyna.pl\/index.php\/category\/uncategorized\/#listItem","position":2,"name":"Uncategorized","item":"https:\/\/www.spkatarzyna.pl\/index.php\/category\/uncategorized\/","nextItem":{"@type":"ListItem","@id":"https:\/\/www.spkatarzyna.pl\/index.php\/2023\/01\/27\/lekcja-z-okularami-vr\/#listItem","name":"Lekcja z okularami VR"},"previousItem":{"@type":"ListItem","@id":"https:\/\/www.spkatarzyna.pl#listItem","name":"Dom"}},{"@type":"ListItem","@id":"https:\/\/www.spkatarzyna.pl\/index.php\/2023\/01\/27\/lekcja-z-okularami-vr\/#listItem","position":3,"name":"Lekcja z okularami VR","previousItem":{"@type":"ListItem","@id":"https:\/\/www.spkatarzyna.pl\/index.php\/category\/uncategorized\/#listItem","name":"Uncategorized"}}]},{"@type":"Organization","@id":"https:\/\/www.spkatarzyna.pl\/#organization","name":"SP Katarzyna","description":"Publiczna Szko\u0142a Podstawowa w \u015awi\u0119tej Katarzynie","url":"https:\/\/www.spkatarzyna.pl\/","telephone":"+48713116378","sameAs":["https:\/\/facebook.com\/","https:\/\/x.com\/","https:\/\/instagram.com\/","https:\/\/pinterest.com\/","https:\/\/youtube.com\/","https:\/\/linkedin.com\/in\/"]},{"@type":"Person","@id":"https:\/\/www.spkatarzyna.pl\/index.php\/author\/agatasafianspkatarzyna-pl\/#author","url":"https:\/\/www.spkatarzyna.pl\/index.php\/author\/agatasafianspkatarzyna-pl\/","name":"Redakcja","image":{"@type":"ImageObject","@id":"https:\/\/www.spkatarzyna.pl\/index.php\/2023\/01\/27\/lekcja-z-okularami-vr\/#authorImage","url":"https:\/\/secure.gravatar.com\/avatar\/765290513df94d442152250e92b42327?s=96&d=mm&r=g","width":96,"height":96,"caption":"Redakcja"}},{"@type":"WebPage","@id":"https:\/\/www.spkatarzyna.pl\/index.php\/2023\/01\/27\/lekcja-z-okularami-vr\/#webpage","url":"https:\/\/www.spkatarzyna.pl\/index.php\/2023\/01\/27\/lekcja-z-okularami-vr\/","name":"Lekcja z okularami VR - SP Katarzyna","description":"Klasa 3c z sercem na d\u0142oni. Tym razem nie chodzi o zbi\u00f3rk\u0119 charytatywn\u0105, a o lekcj\u0119 w wirtualnej rzeczywisto\u015bci. Uczniowie uczestniczyli w lekcji powt\u00f3rzeniowej z przyrody, dotycz\u0105cej uk\u0142adu oddechowego i krwiono\u015bnego w naszym organizmie. Dzi\u0119ki nowoczesnej technologii i goglom VR, zobaczyli serce i p\u0142uca z efektem 3D. Klasa zachwycona, a wiedza przyswojona w 100%.","inLanguage":"pl-PL","isPartOf":{"@id":"https:\/\/www.spkatarzyna.pl\/#website"},"breadcrumb":{"@id":"https:\/\/www.spkatarzyna.pl\/index.php\/2023\/01\/27\/lekcja-z-okularami-vr\/#breadcrumblist"},"author":{"@id":"https:\/\/www.spkatarzyna.pl\/index.php\/author\/agatasafianspkatarzyna-pl\/#author"},"creator":{"@id":"https:\/\/www.spkatarzyna.pl\/index.php\/author\/agatasafianspkatarzyna-pl\/#author"},"image":{"@type":"ImageObject","url":"https:\/\/www.spkatarzyna.pl\/wp-content\/uploads\/2023\/01\/IMG_20230118_0811101.jpg","@id":"https:\/\/www.spkatarzyna.pl\/index.php\/2023\/01\/27\/lekcja-z-okularami-vr\/#mainImage","width":360,"height":202},"primaryImageOfPage":{"@id":"https:\/\/www.spkatarzyna.pl\/index.php\/2023\/01\/27\/lekcja-z-okularami-vr\/#mainImage"},"datePublished":"2023-01-27T14:14:05+01:00","dateModified":"2023-01-27T14:20:51+01:00"},{"@type":"WebSite","@id":"https:\/\/www.spkatarzyna.pl\/#website","url":"https:\/\/www.spkatarzyna.pl\/","name":"SP Katarzyna","description":"Publiczna Szko\u0142a Podstawowa w \u015awi\u0119tej Katarzynie","inLanguage":"pl-PL","publisher":{"@id":"https:\/\/www.spkatarzyna.pl\/#organization"}}]},"og:locale":"pl_PL","og:site_name":"SP Katarzyna - Publiczna Szko\u0142a Podstawowa w \u015awi\u0119tej Katarzynie","og:type":"article","og:title":"Lekcja z okularami VR - SP Katarzyna","og:description":"Klasa 3c z sercem na d\u0142oni. Tym razem nie chodzi o zbi\u00f3rk\u0119 charytatywn\u0105, a o lekcj\u0119 w wirtualnej rzeczywisto\u015bci. Uczniowie uczestniczyli w lekcji powt\u00f3rzeniowej z przyrody, dotycz\u0105cej uk\u0142adu oddechowego i krwiono\u015bnego w naszym organizmie. Dzi\u0119ki nowoczesnej technologii i goglom VR, zobaczyli serce i p\u0142uca z efektem 3D. Klasa zachwycona, a wiedza przyswojona w 100%.","og:url":"https:\/\/www.spkatarzyna.pl\/index.php\/2023\/01\/27\/lekcja-z-okularami-vr\/","article:published_time":"2023-01-27T14:14:05+00:00","article:modified_time":"2023-01-27T14:20:51+00:00","twitter:card":"summary_large_image","twitter:title":"Lekcja z okularami VR - SP Katarzyna","twitter:description":"Klasa 3c z sercem na d\u0142oni. Tym razem nie chodzi o zbi\u00f3rk\u0119 charytatywn\u0105, a o lekcj\u0119 w wirtualnej rzeczywisto\u015bci. Uczniowie uczestniczyli w lekcji powt\u00f3rzeniowej z przyrody, dotycz\u0105cej uk\u0142adu oddechowego i krwiono\u015bnego w naszym organizmie. Dzi\u0119ki nowoczesnej technologii i goglom VR, zobaczyli serce i p\u0142uca z efektem 3D. Klasa zachwycona, a wiedza przyswojona w 100%."},"aioseo_meta_data":{"post_id":"4234","title":null,"description":null,"keywords":null,"keyphrases":null,"primary_term":null,"canonical_url":null,"og_title":null,"og_description":null,"og_object_type":"default","og_image_type":"default","og_image_url":null,"og_image_width":null,"og_image_height":null,"og_image_custom_url":null,"og_image_custom_fields":null,"og_video":null,"og_custom_url":null,"og_article_section":null,"og_article_tags":null,"twitter_use_og":false,"twitter_card":"default","twitter_image_type":"default","twitter_image_url":null,"twitter_image_custom_url":null,"twitter_image_custom_fields":null,"twitter_title":null,"twitter_description":null,"schema":{"blockGraphs":[],"customGraphs":[],"default":{"data":{"Article":[],"Course":[],"Dataset":[],"FAQPage":[],"Movie":[],"Person":[],"Product":[],"ProductReview":[],"Car":[],"Recipe":[],"Service":[],"SoftwareApplication":[],"WebPage":[]},"graphName":"","isEnabled":true},"graphs":[]},"schema_type":"default","schema_type_options":null,"pillar_content":false,"robots_default":true,"robots_noindex":false,"robots_noarchive":false,"robots_nosnippet":false,"robots_nofollow":false,"robots_noimageindex":false,"robots_noodp":false,"robots_notranslate":false,"robots_max_snippet":null,"robots_max_videopreview":null,"robots_max_imagepreview":"large","priority":null,"frequency":null,"local_seo":null,"limit_modified_date":false,"created":"2024-04-03 07:44:39","updated":"2026-09-03 14:16:58","focus_keyword":null,"additional_keywords":null,"truseo_locale":null,"ai":null,"breadcrumb_settings":null,"seo_analyzer_scan_date":null},"aioseo_breadcrumb":"<div class=\"aioseo-breadcrumbs\"><span class=\"aioseo-breadcrumb\">\n\t\t\t<a href=\"https:\/\/www.spkatarzyna.pl\" title=\"Dom\">Dom<\/a>\n\t\t<\/span><span class=\"aioseo-breadcrumb-separator\">&raquo;<\/span><span class=\"aioseo-breadcrumb\">\n\t\t\t<a href=\"https:\/\/www.spkatarzyna.pl\/index.php\/category\/uncategorized\/\" title=\"Uncategorized\">Uncategorized<\/a>\n\t\t<\/span><span class=\"aioseo-breadcrumb-separator\">&raquo;<\/span><span class=\"aioseo-breadcrumb\">\n\t\t\tLekcja z okularami VR\n\t\t<\/span><\/div>","aioseo_breadcrumb_json":[{"label":"Dom","link":"https:\/\/www.spkatarzyna.pl"},{"label":"Uncategorized","link":"https:\/\/www.spkatarzyna.pl\/index.php\/category\/uncategorized\/"},{"label":"Lekcja z okularami VR","link":"https:\/\/www.spkatarzyna.pl\/index.php\/2023\/01\/27\/lekcja-z-okularami-vr\/"}],"_links":{"self":[{"href":"https:\/\/www.spkatarzyna.pl\/index.php\/wp-json\/wp\/v2\/posts\/4234","targetHints":{"allow":["GET"]}}],"collection":[{"href":"https:\/\/www.spkatarzyna.pl\/index.php\/wp-json\/wp\/v2\/posts"}],"about":[{"href":"https:\/\/www.spkatarzyna.pl\/index.php\/wp-json\/wp\/v2\/types\/post"}],"author":[{"embeddable":true,"href":"https:\/\/www.spkatarzyna.pl\/index.php\/wp-json\/wp\/v2\/users\/6"}],"replies":[{"embeddable":true,"href":"https:\/\/www.spkatarzyna.pl\/index.php\/wp-json\/wp\/v2\/comments?post=4234"}],"version-history":[{"count":7,"href":"https:\/\/www.spkatarzyna.pl\/index.php\/wp-json\/wp\/v2\/posts\/4234\/revisions"}],"predecessor-version":[{"id":4251,"href":"https:\/\/www.spkatarzyna.pl\/index.php\/wp-json\/wp\/v2\/posts\/4234\/revisions\/4251"}],"wp:featuredmedia":[{"embeddable":true,"href":"https:\/\/www.spkatarzyna.pl\/index.php\/wp-json\/wp\/v2\/media\/4235"}],"wp:attachment":[{"href":"https:\/\/www.spkatarzyna.pl\/index.php\/wp-json\/wp\/v2\/media?parent=4234"}],"wp:term":[{"taxonomy":"category","embeddable":true,"href":"https:\/\/www.spkatarzyna.pl\/index.php\/wp-json\/wp\/v2\/categories?post=4234"},{"taxonomy":"post_tag","embeddable":true,"href":"https:\/\/www.spkatarzyna.pl\/index.php\/wp-json\/wp\/v2\/tags?post=4234"}],"curies":[{"name":"wp","href":"https:\/\/api.w.org\/{rel}","templated":true}]}}