{"id":4353,"date":"2023-02-01T08:20:37","date_gmt":"2023-02-01T08:20:37","guid":{"rendered":"http:\/\/www.spkatarzyna.pl\/?p=4353"},"modified":"2023-02-01T08:22:32","modified_gmt":"2023-02-01T08:22:32","slug":"x-edycja-ogolnopolskiej-olimpiady-z-jezyka-polskiego","status":"publish","type":"post","link":"https:\/\/www.spkatarzyna.pl\/index.php\/2023\/02\/01\/x-edycja-ogolnopolskiej-olimpiady-z-jezyka-polskiego\/","title":{"rendered":"Wysokie miejsca w rankingu"},"content":{"rendered":"<p style=\"text-align: justify;\"><span style=\"font-size: 14pt;\">Informujemy Pa\u0144stwa, \u017ce nasi uczniowie zaj\u0119li wysokie miejsca w rankingu X edycji Og\u00f3lnopolskiej Olimpiady z &#8222;J\u0119zyka polskiego&#8221; zorganizowanej przez Olimp School w \u0141odzi:<\/span><\/p>\n<ul>\n<li style=\"text-align: justify;\"><span style=\"font-size: 14pt;\">Liwia Domaga\u0142a &#8211; 9. miejsce, <\/span><\/li>\n<li style=\"text-align: justify;\"><span style=\"font-size: 14pt;\">Miko\u0142aj Kurylczyk &#8211; 11. miejsce w kraju.<\/span><\/li>\n<\/ul>\n<p style=\"text-align: right;\"><span style=\"font-size: 14pt;\">Gratulujemy, \u017cycz\u0105c dalszych sukces\u00f3w!<\/span><br \/>\n<span style=\"font-size: 14pt;\">Zesp\u00f3\u0142 polonist\u00f3w<\/span><\/p>\n","protected":false},"excerpt":{"rendered":"<p>Informujemy Pa\u0144stwa, \u017ce nasi uczniowie zaj\u0119li wysokie miejsca w rankingu X edycji Og\u00f3lnopolskiej Olimpiady z &#8222;J\u0119zyka polskiego&#8221; zorganizowanej przez Olimp School w \u0141odzi: Liwia Domaga\u0142a &#8211; 9. miejsce, Miko\u0142aj Kurylczyk &#8211; 11. miejsce w kraju. Gratulujemy, \u017cycz\u0105c dalszych sukces\u00f3w! Zesp\u00f3\u0142 polonist\u00f3w<\/p>\n","protected":false},"author":6,"featured_media":4354,"comment_status":"open","ping_status":"open","sticky":false,"template":"","format":"standard","meta":{"om_disable_all_campaigns":false,"_monsterinsights_skip_tracking":false,"ngg_post_thumbnail":0,"footnotes":""},"categories":[1],"tags":[],"class_list":["post-4353","post","type-post","status-publish","format-standard","has-post-thumbnail","hentry","category-uncategorized"],"aioseo_notices":[],"aioseo_head":"\n\t\t<!-- All in One SEO 5.0.1.1 - aioseo.com -->\n\t<meta name=\"description\" content=\"Informujemy Pa\u0144stwa, \u017ce nasi uczniowie zaj\u0119li wysokie miejsca w rankingu X edycji Og\u00f3lnopolskiej Olimpiady z &quot;J\u0119zyka polskiego&quot; zorganizowanej przez Olimp School w \u0141odzi: Liwia Domaga\u0142a - 9. miejsce, Miko\u0142aj Kurylczyk - 11. miejsce w kraju. Gratulujemy, \u017cycz\u0105c dalszych sukces\u00f3w! Zesp\u00f3\u0142 polonist\u00f3w\" \/>\n\t<meta name=\"robots\" content=\"max-image-preview:large\" \/>\n\t<meta name=\"author\" content=\"Redakcja\"\/>\n\t<link rel=\"canonical\" href=\"https:\/\/www.spkatarzyna.pl\/index.php\/2023\/02\/01\/x-edycja-ogolnopolskiej-olimpiady-z-jezyka-polskiego\/\" \/>\n\t<meta name=\"generator\" content=\"All in One SEO (AIOSEO) 5.0.1.1\" \/>\n\t\t<meta property=\"og:locale\" content=\"pl_PL\" \/>\n\t\t<meta property=\"og:site_name\" content=\"SP Katarzyna - Publiczna Szko\u0142a Podstawowa w \u015awi\u0119tej Katarzynie\" \/>\n\t\t<meta property=\"og:type\" content=\"article\" \/>\n\t\t<meta property=\"og:title\" content=\"Wysokie miejsca w rankingu - SP Katarzyna\" \/>\n\t\t<meta property=\"og:description\" content=\"Informujemy Pa\u0144stwa, \u017ce nasi uczniowie zaj\u0119li wysokie miejsca w rankingu X edycji Og\u00f3lnopolskiej Olimpiady z &quot;J\u0119zyka polskiego&quot; zorganizowanej przez Olimp School w \u0141odzi: Liwia Domaga\u0142a - 9. miejsce, Miko\u0142aj Kurylczyk - 11. miejsce w kraju. Gratulujemy, \u017cycz\u0105c dalszych sukces\u00f3w! Zesp\u00f3\u0142 polonist\u00f3w\" \/>\n\t\t<meta property=\"og:url\" content=\"https:\/\/www.spkatarzyna.pl\/index.php\/2023\/02\/01\/x-edycja-ogolnopolskiej-olimpiady-z-jezyka-polskiego\/\" \/>\n\t\t<meta property=\"article:published_time\" content=\"2023-02-01T08:20:37+00:00\" \/>\n\t\t<meta property=\"article:modified_time\" content=\"2023-02-01T08:22:32+00:00\" \/>\n\t\t<meta name=\"twitter:card\" content=\"summary_large_image\" \/>\n\t\t<meta name=\"twitter:title\" content=\"Wysokie miejsca w rankingu - SP Katarzyna\" \/>\n\t\t<meta name=\"twitter:description\" content=\"Informujemy Pa\u0144stwa, \u017ce nasi uczniowie zaj\u0119li wysokie miejsca w rankingu X edycji Og\u00f3lnopolskiej Olimpiady z &quot;J\u0119zyka polskiego&quot; zorganizowanej przez Olimp School w \u0141odzi: Liwia Domaga\u0142a - 9. miejsce, Miko\u0142aj Kurylczyk - 11. miejsce w kraju. Gratulujemy, \u017cycz\u0105c dalszych sukces\u00f3w! Zesp\u00f3\u0142 polonist\u00f3w\" \/>\n\t\t<script type=\"application\/ld+json\" class=\"aioseo-schema\">\n\t\t\t{\"@context\":\"https:\\\/\\\/schema.org\",\"@graph\":[{\"@type\":\"BlogPosting\",\"@id\":\"https:\\\/\\\/www.spkatarzyna.pl\\\/index.php\\\/2023\\\/02\\\/01\\\/x-edycja-ogolnopolskiej-olimpiady-z-jezyka-polskiego\\\/#blogposting\",\"name\":\"Wysokie miejsca w rankingu - SP Katarzyna\",\"headline\":\"Wysokie miejsca w rankingu\",\"author\":{\"@id\":\"https:\\\/\\\/www.spkatarzyna.pl\\\/index.php\\\/author\\\/agatasafianspkatarzyna-pl\\\/#author\"},\"publisher\":{\"@id\":\"https:\\\/\\\/www.spkatarzyna.pl\\\/#organization\"},\"image\":{\"@type\":\"ImageObject\",\"url\":\"https:\\\/\\\/www.spkatarzyna.pl\\\/wp-content\\\/uploads\\\/2023\\\/02\\\/writing-geaca828ab_19201.jpg\",\"width\":360,\"height\":202},\"datePublished\":\"2023-02-01T08:20:37+01:00\",\"dateModified\":\"2023-02-01T08:22:32+01:00\",\"inLanguage\":\"pl-PL\",\"mainEntityOfPage\":{\"@id\":\"https:\\\/\\\/www.spkatarzyna.pl\\\/index.php\\\/2023\\\/02\\\/01\\\/x-edycja-ogolnopolskiej-olimpiady-z-jezyka-polskiego\\\/#webpage\"},\"isPartOf\":{\"@id\":\"https:\\\/\\\/www.spkatarzyna.pl\\\/index.php\\\/2023\\\/02\\\/01\\\/x-edycja-ogolnopolskiej-olimpiady-z-jezyka-polskiego\\\/#webpage\"},\"articleSection\":\"Uncategorized\"},{\"@type\":\"BreadcrumbList\",\"@id\":\"https:\\\/\\\/www.spkatarzyna.pl\\\/index.php\\\/2023\\\/02\\\/01\\\/x-edycja-ogolnopolskiej-olimpiady-z-jezyka-polskiego\\\/#breadcrumblist\",\"itemListElement\":[{\"@type\":\"ListItem\",\"@id\":\"https:\\\/\\\/www.spkatarzyna.pl#listItem\",\"position\":1,\"name\":\"Dom\",\"item\":\"https:\\\/\\\/www.spkatarzyna.pl\",\"nextItem\":{\"@type\":\"ListItem\",\"@id\":\"https:\\\/\\\/www.spkatarzyna.pl\\\/index.php\\\/category\\\/uncategorized\\\/#listItem\",\"name\":\"Uncategorized\"}},{\"@type\":\"ListItem\",\"@id\":\"https:\\\/\\\/www.spkatarzyna.pl\\\/index.php\\\/category\\\/uncategorized\\\/#listItem\",\"position\":2,\"name\":\"Uncategorized\",\"item\":\"https:\\\/\\\/www.spkatarzyna.pl\\\/index.php\\\/category\\\/uncategorized\\\/\",\"nextItem\":{\"@type\":\"ListItem\",\"@id\":\"https:\\\/\\\/www.spkatarzyna.pl\\\/index.php\\\/2023\\\/02\\\/01\\\/x-edycja-ogolnopolskiej-olimpiady-z-jezyka-polskiego\\\/#listItem\",\"name\":\"Wysokie miejsca w rankingu\"},\"previousItem\":{\"@type\":\"ListItem\",\"@id\":\"https:\\\/\\\/www.spkatarzyna.pl#listItem\",\"name\":\"Dom\"}},{\"@type\":\"ListItem\",\"@id\":\"https:\\\/\\\/www.spkatarzyna.pl\\\/index.php\\\/2023\\\/02\\\/01\\\/x-edycja-ogolnopolskiej-olimpiady-z-jezyka-polskiego\\\/#listItem\",\"position\":3,\"name\":\"Wysokie miejsca w rankingu\",\"previousItem\":{\"@type\":\"ListItem\",\"@id\":\"https:\\\/\\\/www.spkatarzyna.pl\\\/index.php\\\/category\\\/uncategorized\\\/#listItem\",\"name\":\"Uncategorized\"}}]},{\"@type\":\"Organization\",\"@id\":\"https:\\\/\\\/www.spkatarzyna.pl\\\/#organization\",\"name\":\"SP Katarzyna\",\"description\":\"Publiczna Szko\\u0142a Podstawowa w \\u015awi\\u0119tej Katarzynie\",\"url\":\"https:\\\/\\\/www.spkatarzyna.pl\\\/\",\"telephone\":\"+48713116378\",\"sameAs\":[\"https:\\\/\\\/facebook.com\\\/\",\"https:\\\/\\\/x.com\\\/\",\"https:\\\/\\\/instagram.com\\\/\",\"https:\\\/\\\/pinterest.com\\\/\",\"https:\\\/\\\/youtube.com\\\/\",\"https:\\\/\\\/linkedin.com\\\/in\\\/\"]},{\"@type\":\"Person\",\"@id\":\"https:\\\/\\\/www.spkatarzyna.pl\\\/index.php\\\/author\\\/agatasafianspkatarzyna-pl\\\/#author\",\"url\":\"https:\\\/\\\/www.spkatarzyna.pl\\\/index.php\\\/author\\\/agatasafianspkatarzyna-pl\\\/\",\"name\":\"Redakcja\",\"image\":{\"@type\":\"ImageObject\",\"@id\":\"https:\\\/\\\/www.spkatarzyna.pl\\\/index.php\\\/2023\\\/02\\\/01\\\/x-edycja-ogolnopolskiej-olimpiady-z-jezyka-polskiego\\\/#authorImage\",\"url\":\"https:\\\/\\\/secure.gravatar.com\\\/avatar\\\/765290513df94d442152250e92b42327?s=96&d=mm&r=g\",\"width\":96,\"height\":96,\"caption\":\"Redakcja\"}},{\"@type\":\"WebPage\",\"@id\":\"https:\\\/\\\/www.spkatarzyna.pl\\\/index.php\\\/2023\\\/02\\\/01\\\/x-edycja-ogolnopolskiej-olimpiady-z-jezyka-polskiego\\\/#webpage\",\"url\":\"https:\\\/\\\/www.spkatarzyna.pl\\\/index.php\\\/2023\\\/02\\\/01\\\/x-edycja-ogolnopolskiej-olimpiady-z-jezyka-polskiego\\\/\",\"name\":\"Wysokie miejsca w rankingu - SP Katarzyna\",\"description\":\"Informujemy Pa\\u0144stwa, \\u017ce nasi uczniowie zaj\\u0119li wysokie miejsca w rankingu X edycji Og\\u00f3lnopolskiej Olimpiady z \\\"J\\u0119zyka polskiego\\\" zorganizowanej przez Olimp School w \\u0141odzi: Liwia Domaga\\u0142a - 9. miejsce, Miko\\u0142aj Kurylczyk - 11. miejsce w kraju. Gratulujemy, \\u017cycz\\u0105c dalszych sukces\\u00f3w! Zesp\\u00f3\\u0142 polonist\\u00f3w\",\"inLanguage\":\"pl-PL\",\"isPartOf\":{\"@id\":\"https:\\\/\\\/www.spkatarzyna.pl\\\/#website\"},\"breadcrumb\":{\"@id\":\"https:\\\/\\\/www.spkatarzyna.pl\\\/index.php\\\/2023\\\/02\\\/01\\\/x-edycja-ogolnopolskiej-olimpiady-z-jezyka-polskiego\\\/#breadcrumblist\"},\"author\":{\"@id\":\"https:\\\/\\\/www.spkatarzyna.pl\\\/index.php\\\/author\\\/agatasafianspkatarzyna-pl\\\/#author\"},\"creator\":{\"@id\":\"https:\\\/\\\/www.spkatarzyna.pl\\\/index.php\\\/author\\\/agatasafianspkatarzyna-pl\\\/#author\"},\"image\":{\"@type\":\"ImageObject\",\"url\":\"https:\\\/\\\/www.spkatarzyna.pl\\\/wp-content\\\/uploads\\\/2023\\\/02\\\/writing-geaca828ab_19201.jpg\",\"@id\":\"https:\\\/\\\/www.spkatarzyna.pl\\\/index.php\\\/2023\\\/02\\\/01\\\/x-edycja-ogolnopolskiej-olimpiady-z-jezyka-polskiego\\\/#mainImage\",\"width\":360,\"height\":202},\"primaryImageOfPage\":{\"@id\":\"https:\\\/\\\/www.spkatarzyna.pl\\\/index.php\\\/2023\\\/02\\\/01\\\/x-edycja-ogolnopolskiej-olimpiady-z-jezyka-polskiego\\\/#mainImage\"},\"datePublished\":\"2023-02-01T08:20:37+01:00\",\"dateModified\":\"2023-02-01T08:22:32+01:00\"},{\"@type\":\"WebSite\",\"@id\":\"https:\\\/\\\/www.spkatarzyna.pl\\\/#website\",\"url\":\"https:\\\/\\\/www.spkatarzyna.pl\\\/\",\"name\":\"SP Katarzyna\",\"description\":\"Publiczna Szko\\u0142a Podstawowa w \\u015awi\\u0119tej Katarzynie\",\"inLanguage\":\"pl-PL\",\"publisher\":{\"@id\":\"https:\\\/\\\/www.spkatarzyna.pl\\\/#organization\"}}]}\n\t\t<\/script>\n\t\t<!-- All in One SEO -->\n\n","aioseo_head_json":{"title":"Wysokie miejsca w rankingu - SP Katarzyna","description":"Informujemy Pa\u0144stwa, \u017ce nasi uczniowie zaj\u0119li wysokie miejsca w rankingu X edycji Og\u00f3lnopolskiej Olimpiady z \"J\u0119zyka polskiego\" zorganizowanej przez Olimp School w \u0141odzi: Liwia Domaga\u0142a - 9. miejsce, Miko\u0142aj Kurylczyk - 11. miejsce w kraju. Gratulujemy, \u017cycz\u0105c dalszych sukces\u00f3w! Zesp\u00f3\u0142 polonist\u00f3w","canonical_url":"https:\/\/www.spkatarzyna.pl\/index.php\/2023\/02\/01\/x-edycja-ogolnopolskiej-olimpiady-z-jezyka-polskiego\/","robots":"max-image-preview:large","keywords":"","webmasterTools":{"miscellaneous":""},"schema":{"@context":"https:\/\/schema.org","@graph":[{"@type":"BlogPosting","@id":"https:\/\/www.spkatarzyna.pl\/index.php\/2023\/02\/01\/x-edycja-ogolnopolskiej-olimpiady-z-jezyka-polskiego\/#blogposting","name":"Wysokie miejsca w rankingu - SP Katarzyna","headline":"Wysokie miejsca w rankingu","author":{"@id":"https:\/\/www.spkatarzyna.pl\/index.php\/author\/agatasafianspkatarzyna-pl\/#author"},"publisher":{"@id":"https:\/\/www.spkatarzyna.pl\/#organization"},"image":{"@type":"ImageObject","url":"https:\/\/www.spkatarzyna.pl\/wp-content\/uploads\/2023\/02\/writing-geaca828ab_19201.jpg","width":360,"height":202},"datePublished":"2023-02-01T08:20:37+01:00","dateModified":"2023-02-01T08:22:32+01:00","inLanguage":"pl-PL","mainEntityOfPage":{"@id":"https:\/\/www.spkatarzyna.pl\/index.php\/2023\/02\/01\/x-edycja-ogolnopolskiej-olimpiady-z-jezyka-polskiego\/#webpage"},"isPartOf":{"@id":"https:\/\/www.spkatarzyna.pl\/index.php\/2023\/02\/01\/x-edycja-ogolnopolskiej-olimpiady-z-jezyka-polskiego\/#webpage"},"articleSection":"Uncategorized"},{"@type":"BreadcrumbList","@id":"https:\/\/www.spkatarzyna.pl\/index.php\/2023\/02\/01\/x-edycja-ogolnopolskiej-olimpiady-z-jezyka-polskiego\/#breadcrumblist","itemListElement":[{"@type":"ListItem","@id":"https:\/\/www.spkatarzyna.pl#listItem","position":1,"name":"Dom","item":"https:\/\/www.spkatarzyna.pl","nextItem":{"@type":"ListItem","@id":"https:\/\/www.spkatarzyna.pl\/index.php\/category\/uncategorized\/#listItem","name":"Uncategorized"}},{"@type":"ListItem","@id":"https:\/\/www.spkatarzyna.pl\/index.php\/category\/uncategorized\/#listItem","position":2,"name":"Uncategorized","item":"https:\/\/www.spkatarzyna.pl\/index.php\/category\/uncategorized\/","nextItem":{"@type":"ListItem","@id":"https:\/\/www.spkatarzyna.pl\/index.php\/2023\/02\/01\/x-edycja-ogolnopolskiej-olimpiady-z-jezyka-polskiego\/#listItem","name":"Wysokie miejsca w rankingu"},"previousItem":{"@type":"ListItem","@id":"https:\/\/www.spkatarzyna.pl#listItem","name":"Dom"}},{"@type":"ListItem","@id":"https:\/\/www.spkatarzyna.pl\/index.php\/2023\/02\/01\/x-edycja-ogolnopolskiej-olimpiady-z-jezyka-polskiego\/#listItem","position":3,"name":"Wysokie miejsca w rankingu","previousItem":{"@type":"ListItem","@id":"https:\/\/www.spkatarzyna.pl\/index.php\/category\/uncategorized\/#listItem","name":"Uncategorized"}}]},{"@type":"Organization","@id":"https:\/\/www.spkatarzyna.pl\/#organization","name":"SP Katarzyna","description":"Publiczna Szko\u0142a Podstawowa w \u015awi\u0119tej Katarzynie","url":"https:\/\/www.spkatarzyna.pl\/","telephone":"+48713116378","sameAs":["https:\/\/facebook.com\/","https:\/\/x.com\/","https:\/\/instagram.com\/","https:\/\/pinterest.com\/","https:\/\/youtube.com\/","https:\/\/linkedin.com\/in\/"]},{"@type":"Person","@id":"https:\/\/www.spkatarzyna.pl\/index.php\/author\/agatasafianspkatarzyna-pl\/#author","url":"https:\/\/www.spkatarzyna.pl\/index.php\/author\/agatasafianspkatarzyna-pl\/","name":"Redakcja","image":{"@type":"ImageObject","@id":"https:\/\/www.spkatarzyna.pl\/index.php\/2023\/02\/01\/x-edycja-ogolnopolskiej-olimpiady-z-jezyka-polskiego\/#authorImage","url":"https:\/\/secure.gravatar.com\/avatar\/765290513df94d442152250e92b42327?s=96&d=mm&r=g","width":96,"height":96,"caption":"Redakcja"}},{"@type":"WebPage","@id":"https:\/\/www.spkatarzyna.pl\/index.php\/2023\/02\/01\/x-edycja-ogolnopolskiej-olimpiady-z-jezyka-polskiego\/#webpage","url":"https:\/\/www.spkatarzyna.pl\/index.php\/2023\/02\/01\/x-edycja-ogolnopolskiej-olimpiady-z-jezyka-polskiego\/","name":"Wysokie miejsca w rankingu - SP Katarzyna","description":"Informujemy Pa\u0144stwa, \u017ce nasi uczniowie zaj\u0119li wysokie miejsca w rankingu X edycji Og\u00f3lnopolskiej Olimpiady z \"J\u0119zyka polskiego\" zorganizowanej przez Olimp School w \u0141odzi: Liwia Domaga\u0142a - 9. miejsce, Miko\u0142aj Kurylczyk - 11. miejsce w kraju. Gratulujemy, \u017cycz\u0105c dalszych sukces\u00f3w! Zesp\u00f3\u0142 polonist\u00f3w","inLanguage":"pl-PL","isPartOf":{"@id":"https:\/\/www.spkatarzyna.pl\/#website"},"breadcrumb":{"@id":"https:\/\/www.spkatarzyna.pl\/index.php\/2023\/02\/01\/x-edycja-ogolnopolskiej-olimpiady-z-jezyka-polskiego\/#breadcrumblist"},"author":{"@id":"https:\/\/www.spkatarzyna.pl\/index.php\/author\/agatasafianspkatarzyna-pl\/#author"},"creator":{"@id":"https:\/\/www.spkatarzyna.pl\/index.php\/author\/agatasafianspkatarzyna-pl\/#author"},"image":{"@type":"ImageObject","url":"https:\/\/www.spkatarzyna.pl\/wp-content\/uploads\/2023\/02\/writing-geaca828ab_19201.jpg","@id":"https:\/\/www.spkatarzyna.pl\/index.php\/2023\/02\/01\/x-edycja-ogolnopolskiej-olimpiady-z-jezyka-polskiego\/#mainImage","width":360,"height":202},"primaryImageOfPage":{"@id":"https:\/\/www.spkatarzyna.pl\/index.php\/2023\/02\/01\/x-edycja-ogolnopolskiej-olimpiady-z-jezyka-polskiego\/#mainImage"},"datePublished":"2023-02-01T08:20:37+01:00","dateModified":"2023-02-01T08:22:32+01:00"},{"@type":"WebSite","@id":"https:\/\/www.spkatarzyna.pl\/#website","url":"https:\/\/www.spkatarzyna.pl\/","name":"SP Katarzyna","description":"Publiczna Szko\u0142a Podstawowa w \u015awi\u0119tej Katarzynie","inLanguage":"pl-PL","publisher":{"@id":"https:\/\/www.spkatarzyna.pl\/#organization"}}]},"og:locale":"pl_PL","og:site_name":"SP Katarzyna - Publiczna Szko\u0142a Podstawowa w \u015awi\u0119tej Katarzynie","og:type":"article","og:title":"Wysokie miejsca w rankingu - SP Katarzyna","og:description":"Informujemy Pa\u0144stwa, \u017ce nasi uczniowie zaj\u0119li wysokie miejsca w rankingu X edycji Og\u00f3lnopolskiej Olimpiady z &quot;J\u0119zyka polskiego&quot; zorganizowanej przez Olimp School w \u0141odzi: Liwia Domaga\u0142a - 9. miejsce, Miko\u0142aj Kurylczyk - 11. miejsce w kraju. Gratulujemy, \u017cycz\u0105c dalszych sukces\u00f3w! Zesp\u00f3\u0142 polonist\u00f3w","og:url":"https:\/\/www.spkatarzyna.pl\/index.php\/2023\/02\/01\/x-edycja-ogolnopolskiej-olimpiady-z-jezyka-polskiego\/","article:published_time":"2023-02-01T08:20:37+00:00","article:modified_time":"2023-02-01T08:22:32+00:00","twitter:card":"summary_large_image","twitter:title":"Wysokie miejsca w rankingu - SP Katarzyna","twitter:description":"Informujemy Pa\u0144stwa, \u017ce nasi uczniowie zaj\u0119li wysokie miejsca w rankingu X edycji Og\u00f3lnopolskiej Olimpiady z &quot;J\u0119zyka polskiego&quot; zorganizowanej przez Olimp School w \u0141odzi: Liwia Domaga\u0142a - 9. miejsce, Miko\u0142aj Kurylczyk - 11. miejsce w kraju. Gratulujemy, \u017cycz\u0105c dalszych sukces\u00f3w! Zesp\u00f3\u0142 polonist\u00f3w"},"aioseo_meta_data":{"post_id":"4353","title":null,"description":null,"keywords":null,"keyphrases":null,"primary_term":null,"canonical_url":null,"og_title":null,"og_description":null,"og_object_type":"default","og_image_type":"default","og_image_url":null,"og_image_width":null,"og_image_height":null,"og_image_custom_url":null,"og_image_custom_fields":null,"og_video":null,"og_custom_url":null,"og_article_section":null,"og_article_tags":null,"twitter_use_og":false,"twitter_card":"default","twitter_image_type":"default","twitter_image_url":null,"twitter_image_custom_url":null,"twitter_image_custom_fields":null,"twitter_title":null,"twitter_description":null,"schema":{"blockGraphs":[],"customGraphs":[],"default":{"data":{"Article":[],"Course":[],"Dataset":[],"FAQPage":[],"Movie":[],"Person":[],"Product":[],"ProductReview":[],"Car":[],"Recipe":[],"Service":[],"SoftwareApplication":[],"WebPage":[]},"graphName":"","isEnabled":true},"graphs":[]},"schema_type":"default","schema_type_options":null,"pillar_content":false,"robots_default":true,"robots_noindex":false,"robots_noarchive":false,"robots_nosnippet":false,"robots_nofollow":false,"robots_noimageindex":false,"robots_noodp":false,"robots_notranslate":false,"robots_max_snippet":null,"robots_max_videopreview":null,"robots_max_imagepreview":"large","priority":null,"frequency":null,"local_seo":null,"limit_modified_date":false,"created":"2024-04-03 07:44:39","updated":"2026-09-03 14:19:10","focus_keyword":null,"additional_keywords":null,"truseo_locale":null,"ai":null,"breadcrumb_settings":null,"seo_analyzer_scan_date":null},"aioseo_breadcrumb":"<div class=\"aioseo-breadcrumbs\"><span class=\"aioseo-breadcrumb\">\n\t\t\t<a href=\"https:\/\/www.spkatarzyna.pl\" title=\"Dom\">Dom<\/a>\n\t\t<\/span><span class=\"aioseo-breadcrumb-separator\">&raquo;<\/span><span class=\"aioseo-breadcrumb\">\n\t\t\t<a href=\"https:\/\/www.spkatarzyna.pl\/index.php\/category\/uncategorized\/\" title=\"Uncategorized\">Uncategorized<\/a>\n\t\t<\/span><span class=\"aioseo-breadcrumb-separator\">&raquo;<\/span><span class=\"aioseo-breadcrumb\">\n\t\t\tWysokie miejsca w rankingu\n\t\t<\/span><\/div>","aioseo_breadcrumb_json":[{"label":"Dom","link":"https:\/\/www.spkatarzyna.pl"},{"label":"Uncategorized","link":"https:\/\/www.spkatarzyna.pl\/index.php\/category\/uncategorized\/"},{"label":"Wysokie miejsca w rankingu","link":"https:\/\/www.spkatarzyna.pl\/index.php\/2023\/02\/01\/x-edycja-ogolnopolskiej-olimpiady-z-jezyka-polskiego\/"}],"_links":{"self":[{"href":"https:\/\/www.spkatarzyna.pl\/index.php\/wp-json\/wp\/v2\/posts\/4353","targetHints":{"allow":["GET"]}}],"collection":[{"href":"https:\/\/www.spkatarzyna.pl\/index.php\/wp-json\/wp\/v2\/posts"}],"about":[{"href":"https:\/\/www.spkatarzyna.pl\/index.php\/wp-json\/wp\/v2\/types\/post"}],"author":[{"embeddable":true,"href":"https:\/\/www.spkatarzyna.pl\/index.php\/wp-json\/wp\/v2\/users\/6"}],"replies":[{"embeddable":true,"href":"https:\/\/www.spkatarzyna.pl\/index.php\/wp-json\/wp\/v2\/comments?post=4353"}],"version-history":[{"count":4,"href":"https:\/\/www.spkatarzyna.pl\/index.php\/wp-json\/wp\/v2\/posts\/4353\/revisions"}],"predecessor-version":[{"id":4358,"href":"https:\/\/www.spkatarzyna.pl\/index.php\/wp-json\/wp\/v2\/posts\/4353\/revisions\/4358"}],"wp:featuredmedia":[{"embeddable":true,"href":"https:\/\/www.spkatarzyna.pl\/index.php\/wp-json\/wp\/v2\/media\/4354"}],"wp:attachment":[{"href":"https:\/\/www.spkatarzyna.pl\/index.php\/wp-json\/wp\/v2\/media?parent=4353"}],"wp:term":[{"taxonomy":"category","embeddable":true,"href":"https:\/\/www.spkatarzyna.pl\/index.php\/wp-json\/wp\/v2\/categories?post=4353"},{"taxonomy":"post_tag","embeddable":true,"href":"https:\/\/www.spkatarzyna.pl\/index.php\/wp-json\/wp\/v2\/tags?post=4353"}],"curies":[{"name":"wp","href":"https:\/\/api.w.org\/{rel}","templated":true}]}}