{"id":4413,"date":"2023-02-06T08:38:57","date_gmt":"2023-02-06T08:38:57","guid":{"rendered":"http:\/\/www.spkatarzyna.pl\/?p=4413"},"modified":"2023-02-06T08:38:57","modified_gmt":"2023-02-06T08:38:57","slug":"lekcje-z-okularami-vr-w-klasie-3c","status":"publish","type":"post","link":"https:\/\/www.spkatarzyna.pl\/index.php\/2023\/02\/06\/lekcje-z-okularami-vr-w-klasie-3c\/","title":{"rendered":"Lekcje z okularami VR w klasie 3c"},"content":{"rendered":"<p>Klasa 3c z sercem na d\u0142oni.<\/p>\n<p><span style=\"font-size: 14pt;\">Tym razem nie chodzi o zbi\u00f3rk\u0119 charytatywn\u0105, a o lekcj\u0119 w wirtualnej rzeczywisto\u015bci. Uczniowie uczestniczyli w lekcji powt\u00f3rzeniowej z przyrody, dotycz\u0105cej uk\u0142adu oddechowego i krwiono\u015bnego w naszym organizmie. Dzi\u0119ki nowoczesnej technologii i goglom VR, zobaczyli serce i p\u0142uca z efektem 3D.<\/span><\/p>\n<p><span style=\"font-size: 14pt;\">Klasa zachwycona, a wiedza przyswojona w 100%.<\/span><\/p>\n<p><img fetchpriority=\"high\" decoding=\"async\" class=\"alignnone size-medium wp-image-4242\" src=\"http:\/\/www.spkatarzyna.pl\/wp-content\/uploads\/2023\/01\/IMG_20230118_080838-225x300.jpg\" alt=\"\" width=\"225\" height=\"300\" srcset=\"https:\/\/www.spkatarzyna.pl\/wp-content\/uploads\/2023\/01\/IMG_20230118_080838-225x300.jpg 225w, https:\/\/www.spkatarzyna.pl\/wp-content\/uploads\/2023\/01\/IMG_20230118_080838-768x1024.jpg 768w, https:\/\/www.spkatarzyna.pl\/wp-content\/uploads\/2023\/01\/IMG_20230118_080838-1152x1536.jpg 1152w, https:\/\/www.spkatarzyna.pl\/wp-content\/uploads\/2023\/01\/IMG_20230118_080838-1536x2048.jpg 1536w, https:\/\/www.spkatarzyna.pl\/wp-content\/uploads\/2023\/01\/IMG_20230118_080838-scaled.jpg 1920w\" sizes=\"(max-width: 225px) 100vw, 225px\" \/> <img decoding=\"async\" class=\"alignnone size-medium wp-image-4241\" src=\"http:\/\/www.spkatarzyna.pl\/wp-content\/uploads\/2023\/01\/IMG_20230118_080916-225x300.jpg\" alt=\"\" width=\"225\" height=\"300\" srcset=\"https:\/\/www.spkatarzyna.pl\/wp-content\/uploads\/2023\/01\/IMG_20230118_080916-225x300.jpg 225w, https:\/\/www.spkatarzyna.pl\/wp-content\/uploads\/2023\/01\/IMG_20230118_080916-768x1024.jpg 768w, https:\/\/www.spkatarzyna.pl\/wp-content\/uploads\/2023\/01\/IMG_20230118_080916-1152x1536.jpg 1152w, https:\/\/www.spkatarzyna.pl\/wp-content\/uploads\/2023\/01\/IMG_20230118_080916-1536x2048.jpg 1536w, https:\/\/www.spkatarzyna.pl\/wp-content\/uploads\/2023\/01\/IMG_20230118_080916-scaled.jpg 1920w\" sizes=\"(max-width: 225px) 100vw, 225px\" \/> <img decoding=\"async\" class=\"alignnone size-medium wp-image-4240\" src=\"http:\/\/www.spkatarzyna.pl\/wp-content\/uploads\/2023\/01\/IMG_20230118_083251-225x300.jpg\" alt=\"\" width=\"225\" height=\"300\" srcset=\"https:\/\/www.spkatarzyna.pl\/wp-content\/uploads\/2023\/01\/IMG_20230118_083251-225x300.jpg 225w, https:\/\/www.spkatarzyna.pl\/wp-content\/uploads\/2023\/01\/IMG_20230118_083251-768x1024.jpg 768w, https:\/\/www.spkatarzyna.pl\/wp-content\/uploads\/2023\/01\/IMG_20230118_083251-1152x1536.jpg 1152w, https:\/\/www.spkatarzyna.pl\/wp-content\/uploads\/2023\/01\/IMG_20230118_083251-1536x2048.jpg 1536w, https:\/\/www.spkatarzyna.pl\/wp-content\/uploads\/2023\/01\/IMG_20230118_083251-scaled.jpg 1920w\" sizes=\"(max-width: 225px) 100vw, 225px\" \/> <img loading=\"lazy\" decoding=\"async\" class=\"alignnone size-medium wp-image-4237\" src=\"http:\/\/www.spkatarzyna.pl\/wp-content\/uploads\/2023\/01\/IMG_20230118_081110-225x300.jpg\" alt=\"\" width=\"225\" height=\"300\" srcset=\"https:\/\/www.spkatarzyna.pl\/wp-content\/uploads\/2023\/01\/IMG_20230118_081110-225x300.jpg 225w, https:\/\/www.spkatarzyna.pl\/wp-content\/uploads\/2023\/01\/IMG_20230118_081110-768x1024.jpg 768w, https:\/\/www.spkatarzyna.pl\/wp-content\/uploads\/2023\/01\/IMG_20230118_081110-1152x1536.jpg 1152w, https:\/\/www.spkatarzyna.pl\/wp-content\/uploads\/2023\/01\/IMG_20230118_081110-1536x2048.jpg 1536w, https:\/\/www.spkatarzyna.pl\/wp-content\/uploads\/2023\/01\/IMG_20230118_081110-scaled.jpg 1920w\" sizes=\"(max-width: 225px) 100vw, 225px\" \/><\/p>\n<p>&nbsp;<\/p>\n","protected":false},"excerpt":{"rendered":"<p>Klasa 3c z sercem na d\u0142oni. Tym razem nie chodzi o zbi\u00f3rk\u0119 charytatywn\u0105, a o lekcj\u0119 w wirtualnej rzeczywisto\u015bci. Uczniowie uczestniczyli w lekcji powt\u00f3rzeniowej z przyrody, dotycz\u0105cej uk\u0142adu oddechowego i krwiono\u015bnego w naszym organizmie. Dzi\u0119ki nowoczesnej technologii i goglom VR, zobaczyli serce i p\u0142uca z efektem 3D. Klasa zachwycona, a [&hellip;]<\/p>\n","protected":false},"author":6,"featured_media":0,"comment_status":"open","ping_status":"open","sticky":false,"template":"","format":"standard","meta":{"om_disable_all_campaigns":false,"_monsterinsights_skip_tracking":false,"ngg_post_thumbnail":0,"footnotes":""},"categories":[109],"tags":[],"class_list":["post-4413","post","type-post","status-publish","format-standard","hentry","category-laboratoria"],"aioseo_notices":[],"aioseo_head":"\n\t\t<!-- All in One SEO 5.0.1.1 - aioseo.com -->\n\t<meta name=\"description\" content=\"Klasa 3c z sercem na d\u0142oni. Tym razem nie chodzi o zbi\u00f3rk\u0119 charytatywn\u0105, a o lekcj\u0119 w wirtualnej rzeczywisto\u015bci. Uczniowie uczestniczyli w lekcji powt\u00f3rzeniowej z przyrody, dotycz\u0105cej uk\u0142adu oddechowego i krwiono\u015bnego w naszym organizmie. Dzi\u0119ki nowoczesnej technologii i goglom VR, zobaczyli serce i p\u0142uca z efektem 3D. Klasa zachwycona, a wiedza przyswojona w 100%.\" \/>\n\t<meta name=\"robots\" content=\"max-image-preview:large\" \/>\n\t<meta name=\"author\" content=\"Redakcja\"\/>\n\t<link rel=\"canonical\" href=\"https:\/\/www.spkatarzyna.pl\/index.php\/2023\/02\/06\/lekcje-z-okularami-vr-w-klasie-3c\/\" \/>\n\t<meta name=\"generator\" content=\"All in One SEO (AIOSEO) 5.0.1.1\" \/>\n\t\t<meta property=\"og:locale\" content=\"pl_PL\" \/>\n\t\t<meta property=\"og:site_name\" content=\"SP Katarzyna - Publiczna Szko\u0142a Podstawowa w \u015awi\u0119tej Katarzynie\" \/>\n\t\t<meta property=\"og:type\" content=\"article\" \/>\n\t\t<meta property=\"og:title\" content=\"Lekcje z okularami VR w klasie 3c - SP Katarzyna\" \/>\n\t\t<meta property=\"og:description\" content=\"Klasa 3c z sercem na d\u0142oni. Tym razem nie chodzi o zbi\u00f3rk\u0119 charytatywn\u0105, a o lekcj\u0119 w wirtualnej rzeczywisto\u015bci. Uczniowie uczestniczyli w lekcji powt\u00f3rzeniowej z przyrody, dotycz\u0105cej uk\u0142adu oddechowego i krwiono\u015bnego w naszym organizmie. Dzi\u0119ki nowoczesnej technologii i goglom VR, zobaczyli serce i p\u0142uca z efektem 3D. Klasa zachwycona, a wiedza przyswojona w 100%.\" \/>\n\t\t<meta property=\"og:url\" content=\"https:\/\/www.spkatarzyna.pl\/index.php\/2023\/02\/06\/lekcje-z-okularami-vr-w-klasie-3c\/\" \/>\n\t\t<meta property=\"article:published_time\" content=\"2023-02-06T08:38:57+00:00\" \/>\n\t\t<meta property=\"article:modified_time\" content=\"2023-02-06T08:38:57+00:00\" \/>\n\t\t<meta name=\"twitter:card\" content=\"summary_large_image\" \/>\n\t\t<meta name=\"twitter:title\" content=\"Lekcje z okularami VR w klasie 3c - SP Katarzyna\" \/>\n\t\t<meta name=\"twitter:description\" content=\"Klasa 3c z sercem na d\u0142oni. Tym razem nie chodzi o zbi\u00f3rk\u0119 charytatywn\u0105, a o lekcj\u0119 w wirtualnej rzeczywisto\u015bci. Uczniowie uczestniczyli w lekcji powt\u00f3rzeniowej z przyrody, dotycz\u0105cej uk\u0142adu oddechowego i krwiono\u015bnego w naszym organizmie. Dzi\u0119ki nowoczesnej technologii i goglom VR, zobaczyli serce i p\u0142uca z efektem 3D. Klasa zachwycona, a wiedza przyswojona w 100%.\" \/>\n\t\t<script type=\"application\/ld+json\" class=\"aioseo-schema\">\n\t\t\t{\"@context\":\"https:\\\/\\\/schema.org\",\"@graph\":[{\"@type\":\"BlogPosting\",\"@id\":\"https:\\\/\\\/www.spkatarzyna.pl\\\/index.php\\\/2023\\\/02\\\/06\\\/lekcje-z-okularami-vr-w-klasie-3c\\\/#blogposting\",\"name\":\"Lekcje z okularami VR w klasie 3c - SP Katarzyna\",\"headline\":\"Lekcje z okularami VR w klasie 3c\",\"author\":{\"@id\":\"https:\\\/\\\/www.spkatarzyna.pl\\\/index.php\\\/author\\\/agatasafianspkatarzyna-pl\\\/#author\"},\"publisher\":{\"@id\":\"https:\\\/\\\/www.spkatarzyna.pl\\\/#organization\"},\"image\":{\"@type\":\"ImageObject\",\"url\":\"http:\\\/\\\/www.spkatarzyna.pl\\\/wp-content\\\/uploads\\\/2023\\\/01\\\/IMG_20230118_080838-225x300.jpg\",\"@id\":\"https:\\\/\\\/www.spkatarzyna.pl\\\/index.php\\\/2023\\\/02\\\/06\\\/lekcje-z-okularami-vr-w-klasie-3c\\\/#articleImage\"},\"datePublished\":\"2023-02-06T08:38:57+01:00\",\"dateModified\":\"2023-02-06T08:38:57+01:00\",\"inLanguage\":\"pl-PL\",\"mainEntityOfPage\":{\"@id\":\"https:\\\/\\\/www.spkatarzyna.pl\\\/index.php\\\/2023\\\/02\\\/06\\\/lekcje-z-okularami-vr-w-klasie-3c\\\/#webpage\"},\"isPartOf\":{\"@id\":\"https:\\\/\\\/www.spkatarzyna.pl\\\/index.php\\\/2023\\\/02\\\/06\\\/lekcje-z-okularami-vr-w-klasie-3c\\\/#webpage\"},\"articleSection\":\"Laboratoria\"},{\"@type\":\"BreadcrumbList\",\"@id\":\"https:\\\/\\\/www.spkatarzyna.pl\\\/index.php\\\/2023\\\/02\\\/06\\\/lekcje-z-okularami-vr-w-klasie-3c\\\/#breadcrumblist\",\"itemListElement\":[{\"@type\":\"ListItem\",\"@id\":\"https:\\\/\\\/www.spkatarzyna.pl#listItem\",\"position\":1,\"name\":\"Dom\",\"item\":\"https:\\\/\\\/www.spkatarzyna.pl\",\"nextItem\":{\"@type\":\"ListItem\",\"@id\":\"https:\\\/\\\/www.spkatarzyna.pl\\\/index.php\\\/category\\\/laboratoria\\\/#listItem\",\"name\":\"Laboratoria\"}},{\"@type\":\"ListItem\",\"@id\":\"https:\\\/\\\/www.spkatarzyna.pl\\\/index.php\\\/category\\\/laboratoria\\\/#listItem\",\"position\":2,\"name\":\"Laboratoria\",\"item\":\"https:\\\/\\\/www.spkatarzyna.pl\\\/index.php\\\/category\\\/laboratoria\\\/\",\"nextItem\":{\"@type\":\"ListItem\",\"@id\":\"https:\\\/\\\/www.spkatarzyna.pl\\\/index.php\\\/2023\\\/02\\\/06\\\/lekcje-z-okularami-vr-w-klasie-3c\\\/#listItem\",\"name\":\"Lekcje z okularami VR w klasie 3c\"},\"previousItem\":{\"@type\":\"ListItem\",\"@id\":\"https:\\\/\\\/www.spkatarzyna.pl#listItem\",\"name\":\"Dom\"}},{\"@type\":\"ListItem\",\"@id\":\"https:\\\/\\\/www.spkatarzyna.pl\\\/index.php\\\/2023\\\/02\\\/06\\\/lekcje-z-okularami-vr-w-klasie-3c\\\/#listItem\",\"position\":3,\"name\":\"Lekcje z okularami VR w klasie 3c\",\"previousItem\":{\"@type\":\"ListItem\",\"@id\":\"https:\\\/\\\/www.spkatarzyna.pl\\\/index.php\\\/category\\\/laboratoria\\\/#listItem\",\"name\":\"Laboratoria\"}}]},{\"@type\":\"Organization\",\"@id\":\"https:\\\/\\\/www.spkatarzyna.pl\\\/#organization\",\"name\":\"SP Katarzyna\",\"description\":\"Publiczna Szko\\u0142a Podstawowa w \\u015awi\\u0119tej Katarzynie\",\"url\":\"https:\\\/\\\/www.spkatarzyna.pl\\\/\",\"telephone\":\"+48713116378\",\"sameAs\":[\"https:\\\/\\\/facebook.com\\\/\",\"https:\\\/\\\/x.com\\\/\",\"https:\\\/\\\/instagram.com\\\/\",\"https:\\\/\\\/pinterest.com\\\/\",\"https:\\\/\\\/youtube.com\\\/\",\"https:\\\/\\\/linkedin.com\\\/in\\\/\"]},{\"@type\":\"Person\",\"@id\":\"https:\\\/\\\/www.spkatarzyna.pl\\\/index.php\\\/author\\\/agatasafianspkatarzyna-pl\\\/#author\",\"url\":\"https:\\\/\\\/www.spkatarzyna.pl\\\/index.php\\\/author\\\/agatasafianspkatarzyna-pl\\\/\",\"name\":\"Redakcja\",\"image\":{\"@type\":\"ImageObject\",\"@id\":\"https:\\\/\\\/www.spkatarzyna.pl\\\/index.php\\\/2023\\\/02\\\/06\\\/lekcje-z-okularami-vr-w-klasie-3c\\\/#authorImage\",\"url\":\"https:\\\/\\\/secure.gravatar.com\\\/avatar\\\/765290513df94d442152250e92b42327?s=96&d=mm&r=g\",\"width\":96,\"height\":96,\"caption\":\"Redakcja\"}},{\"@type\":\"WebPage\",\"@id\":\"https:\\\/\\\/www.spkatarzyna.pl\\\/index.php\\\/2023\\\/02\\\/06\\\/lekcje-z-okularami-vr-w-klasie-3c\\\/#webpage\",\"url\":\"https:\\\/\\\/www.spkatarzyna.pl\\\/index.php\\\/2023\\\/02\\\/06\\\/lekcje-z-okularami-vr-w-klasie-3c\\\/\",\"name\":\"Lekcje z okularami VR w klasie 3c - SP Katarzyna\",\"description\":\"Klasa 3c z sercem na d\\u0142oni. Tym razem nie chodzi o zbi\\u00f3rk\\u0119 charytatywn\\u0105, a o lekcj\\u0119 w wirtualnej rzeczywisto\\u015bci. Uczniowie uczestniczyli w lekcji powt\\u00f3rzeniowej z przyrody, dotycz\\u0105cej uk\\u0142adu oddechowego i krwiono\\u015bnego w naszym organizmie. Dzi\\u0119ki nowoczesnej technologii i goglom VR, zobaczyli serce i p\\u0142uca z efektem 3D. Klasa zachwycona, a wiedza przyswojona w 100%.\",\"inLanguage\":\"pl-PL\",\"isPartOf\":{\"@id\":\"https:\\\/\\\/www.spkatarzyna.pl\\\/#website\"},\"breadcrumb\":{\"@id\":\"https:\\\/\\\/www.spkatarzyna.pl\\\/index.php\\\/2023\\\/02\\\/06\\\/lekcje-z-okularami-vr-w-klasie-3c\\\/#breadcrumblist\"},\"author\":{\"@id\":\"https:\\\/\\\/www.spkatarzyna.pl\\\/index.php\\\/author\\\/agatasafianspkatarzyna-pl\\\/#author\"},\"creator\":{\"@id\":\"https:\\\/\\\/www.spkatarzyna.pl\\\/index.php\\\/author\\\/agatasafianspkatarzyna-pl\\\/#author\"},\"datePublished\":\"2023-02-06T08:38:57+01:00\",\"dateModified\":\"2023-02-06T08:38:57+01:00\"},{\"@type\":\"WebSite\",\"@id\":\"https:\\\/\\\/www.spkatarzyna.pl\\\/#website\",\"url\":\"https:\\\/\\\/www.spkatarzyna.pl\\\/\",\"name\":\"SP Katarzyna\",\"description\":\"Publiczna Szko\\u0142a Podstawowa w \\u015awi\\u0119tej Katarzynie\",\"inLanguage\":\"pl-PL\",\"publisher\":{\"@id\":\"https:\\\/\\\/www.spkatarzyna.pl\\\/#organization\"}}]}\n\t\t<\/script>\n\t\t<!-- All in One SEO -->\n\n","aioseo_head_json":{"title":"Lekcje z okularami VR w klasie 3c - SP Katarzyna","description":"Klasa 3c z sercem na d\u0142oni. Tym razem nie chodzi o zbi\u00f3rk\u0119 charytatywn\u0105, a o lekcj\u0119 w wirtualnej rzeczywisto\u015bci. Uczniowie uczestniczyli w lekcji powt\u00f3rzeniowej z przyrody, dotycz\u0105cej uk\u0142adu oddechowego i krwiono\u015bnego w naszym organizmie. Dzi\u0119ki nowoczesnej technologii i goglom VR, zobaczyli serce i p\u0142uca z efektem 3D. Klasa zachwycona, a wiedza przyswojona w 100%.","canonical_url":"https:\/\/www.spkatarzyna.pl\/index.php\/2023\/02\/06\/lekcje-z-okularami-vr-w-klasie-3c\/","robots":"max-image-preview:large","keywords":"","webmasterTools":{"miscellaneous":""},"schema":{"@context":"https:\/\/schema.org","@graph":[{"@type":"BlogPosting","@id":"https:\/\/www.spkatarzyna.pl\/index.php\/2023\/02\/06\/lekcje-z-okularami-vr-w-klasie-3c\/#blogposting","name":"Lekcje z okularami VR w klasie 3c - SP Katarzyna","headline":"Lekcje z okularami VR w klasie 3c","author":{"@id":"https:\/\/www.spkatarzyna.pl\/index.php\/author\/agatasafianspkatarzyna-pl\/#author"},"publisher":{"@id":"https:\/\/www.spkatarzyna.pl\/#organization"},"image":{"@type":"ImageObject","url":"http:\/\/www.spkatarzyna.pl\/wp-content\/uploads\/2023\/01\/IMG_20230118_080838-225x300.jpg","@id":"https:\/\/www.spkatarzyna.pl\/index.php\/2023\/02\/06\/lekcje-z-okularami-vr-w-klasie-3c\/#articleImage"},"datePublished":"2023-02-06T08:38:57+01:00","dateModified":"2023-02-06T08:38:57+01:00","inLanguage":"pl-PL","mainEntityOfPage":{"@id":"https:\/\/www.spkatarzyna.pl\/index.php\/2023\/02\/06\/lekcje-z-okularami-vr-w-klasie-3c\/#webpage"},"isPartOf":{"@id":"https:\/\/www.spkatarzyna.pl\/index.php\/2023\/02\/06\/lekcje-z-okularami-vr-w-klasie-3c\/#webpage"},"articleSection":"Laboratoria"},{"@type":"BreadcrumbList","@id":"https:\/\/www.spkatarzyna.pl\/index.php\/2023\/02\/06\/lekcje-z-okularami-vr-w-klasie-3c\/#breadcrumblist","itemListElement":[{"@type":"ListItem","@id":"https:\/\/www.spkatarzyna.pl#listItem","position":1,"name":"Dom","item":"https:\/\/www.spkatarzyna.pl","nextItem":{"@type":"ListItem","@id":"https:\/\/www.spkatarzyna.pl\/index.php\/category\/laboratoria\/#listItem","name":"Laboratoria"}},{"@type":"ListItem","@id":"https:\/\/www.spkatarzyna.pl\/index.php\/category\/laboratoria\/#listItem","position":2,"name":"Laboratoria","item":"https:\/\/www.spkatarzyna.pl\/index.php\/category\/laboratoria\/","nextItem":{"@type":"ListItem","@id":"https:\/\/www.spkatarzyna.pl\/index.php\/2023\/02\/06\/lekcje-z-okularami-vr-w-klasie-3c\/#listItem","name":"Lekcje z okularami VR w klasie 3c"},"previousItem":{"@type":"ListItem","@id":"https:\/\/www.spkatarzyna.pl#listItem","name":"Dom"}},{"@type":"ListItem","@id":"https:\/\/www.spkatarzyna.pl\/index.php\/2023\/02\/06\/lekcje-z-okularami-vr-w-klasie-3c\/#listItem","position":3,"name":"Lekcje z okularami VR w klasie 3c","previousItem":{"@type":"ListItem","@id":"https:\/\/www.spkatarzyna.pl\/index.php\/category\/laboratoria\/#listItem","name":"Laboratoria"}}]},{"@type":"Organization","@id":"https:\/\/www.spkatarzyna.pl\/#organization","name":"SP Katarzyna","description":"Publiczna Szko\u0142a Podstawowa w \u015awi\u0119tej Katarzynie","url":"https:\/\/www.spkatarzyna.pl\/","telephone":"+48713116378","sameAs":["https:\/\/facebook.com\/","https:\/\/x.com\/","https:\/\/instagram.com\/","https:\/\/pinterest.com\/","https:\/\/youtube.com\/","https:\/\/linkedin.com\/in\/"]},{"@type":"Person","@id":"https:\/\/www.spkatarzyna.pl\/index.php\/author\/agatasafianspkatarzyna-pl\/#author","url":"https:\/\/www.spkatarzyna.pl\/index.php\/author\/agatasafianspkatarzyna-pl\/","name":"Redakcja","image":{"@type":"ImageObject","@id":"https:\/\/www.spkatarzyna.pl\/index.php\/2023\/02\/06\/lekcje-z-okularami-vr-w-klasie-3c\/#authorImage","url":"https:\/\/secure.gravatar.com\/avatar\/765290513df94d442152250e92b42327?s=96&d=mm&r=g","width":96,"height":96,"caption":"Redakcja"}},{"@type":"WebPage","@id":"https:\/\/www.spkatarzyna.pl\/index.php\/2023\/02\/06\/lekcje-z-okularami-vr-w-klasie-3c\/#webpage","url":"https:\/\/www.spkatarzyna.pl\/index.php\/2023\/02\/06\/lekcje-z-okularami-vr-w-klasie-3c\/","name":"Lekcje z okularami VR w klasie 3c - SP Katarzyna","description":"Klasa 3c z sercem na d\u0142oni. Tym razem nie chodzi o zbi\u00f3rk\u0119 charytatywn\u0105, a o lekcj\u0119 w wirtualnej rzeczywisto\u015bci. Uczniowie uczestniczyli w lekcji powt\u00f3rzeniowej z przyrody, dotycz\u0105cej uk\u0142adu oddechowego i krwiono\u015bnego w naszym organizmie. Dzi\u0119ki nowoczesnej technologii i goglom VR, zobaczyli serce i p\u0142uca z efektem 3D. Klasa zachwycona, a wiedza przyswojona w 100%.","inLanguage":"pl-PL","isPartOf":{"@id":"https:\/\/www.spkatarzyna.pl\/#website"},"breadcrumb":{"@id":"https:\/\/www.spkatarzyna.pl\/index.php\/2023\/02\/06\/lekcje-z-okularami-vr-w-klasie-3c\/#breadcrumblist"},"author":{"@id":"https:\/\/www.spkatarzyna.pl\/index.php\/author\/agatasafianspkatarzyna-pl\/#author"},"creator":{"@id":"https:\/\/www.spkatarzyna.pl\/index.php\/author\/agatasafianspkatarzyna-pl\/#author"},"datePublished":"2023-02-06T08:38:57+01:00","dateModified":"2023-02-06T08:38:57+01:00"},{"@type":"WebSite","@id":"https:\/\/www.spkatarzyna.pl\/#website","url":"https:\/\/www.spkatarzyna.pl\/","name":"SP Katarzyna","description":"Publiczna Szko\u0142a Podstawowa w \u015awi\u0119tej Katarzynie","inLanguage":"pl-PL","publisher":{"@id":"https:\/\/www.spkatarzyna.pl\/#organization"}}]},"og:locale":"pl_PL","og:site_name":"SP Katarzyna - Publiczna Szko\u0142a Podstawowa w \u015awi\u0119tej Katarzynie","og:type":"article","og:title":"Lekcje z okularami VR w klasie 3c - SP Katarzyna","og:description":"Klasa 3c z sercem na d\u0142oni. Tym razem nie chodzi o zbi\u00f3rk\u0119 charytatywn\u0105, a o lekcj\u0119 w wirtualnej rzeczywisto\u015bci. Uczniowie uczestniczyli w lekcji powt\u00f3rzeniowej z przyrody, dotycz\u0105cej uk\u0142adu oddechowego i krwiono\u015bnego w naszym organizmie. Dzi\u0119ki nowoczesnej technologii i goglom VR, zobaczyli serce i p\u0142uca z efektem 3D. Klasa zachwycona, a wiedza przyswojona w 100%.","og:url":"https:\/\/www.spkatarzyna.pl\/index.php\/2023\/02\/06\/lekcje-z-okularami-vr-w-klasie-3c\/","article:published_time":"2023-02-06T08:38:57+00:00","article:modified_time":"2023-02-06T08:38:57+00:00","twitter:card":"summary_large_image","twitter:title":"Lekcje z okularami VR w klasie 3c - SP Katarzyna","twitter:description":"Klasa 3c z sercem na d\u0142oni. Tym razem nie chodzi o zbi\u00f3rk\u0119 charytatywn\u0105, a o lekcj\u0119 w wirtualnej rzeczywisto\u015bci. Uczniowie uczestniczyli w lekcji powt\u00f3rzeniowej z przyrody, dotycz\u0105cej uk\u0142adu oddechowego i krwiono\u015bnego w naszym organizmie. Dzi\u0119ki nowoczesnej technologii i goglom VR, zobaczyli serce i p\u0142uca z efektem 3D. Klasa zachwycona, a wiedza przyswojona w 100%."},"aioseo_meta_data":{"post_id":"4413","title":null,"description":null,"keywords":null,"keyphrases":null,"primary_term":null,"canonical_url":null,"og_title":null,"og_description":null,"og_object_type":"default","og_image_type":"default","og_image_url":null,"og_image_width":null,"og_image_height":null,"og_image_custom_url":null,"og_image_custom_fields":null,"og_video":null,"og_custom_url":null,"og_article_section":null,"og_article_tags":null,"twitter_use_og":false,"twitter_card":"default","twitter_image_type":"default","twitter_image_url":null,"twitter_image_custom_url":null,"twitter_image_custom_fields":null,"twitter_title":null,"twitter_description":null,"schema":{"blockGraphs":[],"customGraphs":[],"default":{"data":{"Article":[],"Course":[],"Dataset":[],"FAQPage":[],"Movie":[],"Person":[],"Product":[],"ProductReview":[],"Car":[],"Recipe":[],"Service":[],"SoftwareApplication":[],"WebPage":[]},"graphName":"","isEnabled":true},"graphs":[]},"schema_type":"default","schema_type_options":null,"pillar_content":false,"robots_default":true,"robots_noindex":false,"robots_noarchive":false,"robots_nosnippet":false,"robots_nofollow":false,"robots_noimageindex":false,"robots_noodp":false,"robots_notranslate":false,"robots_max_snippet":null,"robots_max_videopreview":null,"robots_max_imagepreview":"large","priority":null,"frequency":null,"local_seo":null,"limit_modified_date":false,"created":"2024-04-03 07:44:39","updated":"2026-09-03 14:19:10","focus_keyword":null,"additional_keywords":null,"truseo_locale":null,"ai":null,"breadcrumb_settings":null,"seo_analyzer_scan_date":null},"aioseo_breadcrumb":"<div class=\"aioseo-breadcrumbs\"><span class=\"aioseo-breadcrumb\">\n\t\t\t<a href=\"https:\/\/www.spkatarzyna.pl\" title=\"Dom\">Dom<\/a>\n\t\t<\/span><span class=\"aioseo-breadcrumb-separator\">&raquo;<\/span><span class=\"aioseo-breadcrumb\">\n\t\t\t<a href=\"https:\/\/www.spkatarzyna.pl\/index.php\/category\/laboratoria\/\" title=\"Laboratoria\">Laboratoria<\/a>\n\t\t<\/span><span class=\"aioseo-breadcrumb-separator\">&raquo;<\/span><span class=\"aioseo-breadcrumb\">\n\t\t\tLekcje z okularami VR w klasie 3c\n\t\t<\/span><\/div>","aioseo_breadcrumb_json":[{"label":"Dom","link":"https:\/\/www.spkatarzyna.pl"},{"label":"Laboratoria","link":"https:\/\/www.spkatarzyna.pl\/index.php\/category\/laboratoria\/"},{"label":"Lekcje z okularami VR w klasie 3c","link":"https:\/\/www.spkatarzyna.pl\/index.php\/2023\/02\/06\/lekcje-z-okularami-vr-w-klasie-3c\/"}],"_links":{"self":[{"href":"https:\/\/www.spkatarzyna.pl\/index.php\/wp-json\/wp\/v2\/posts\/4413","targetHints":{"allow":["GET"]}}],"collection":[{"href":"https:\/\/www.spkatarzyna.pl\/index.php\/wp-json\/wp\/v2\/posts"}],"about":[{"href":"https:\/\/www.spkatarzyna.pl\/index.php\/wp-json\/wp\/v2\/types\/post"}],"author":[{"embeddable":true,"href":"https:\/\/www.spkatarzyna.pl\/index.php\/wp-json\/wp\/v2\/users\/6"}],"replies":[{"embeddable":true,"href":"https:\/\/www.spkatarzyna.pl\/index.php\/wp-json\/wp\/v2\/comments?post=4413"}],"version-history":[{"count":1,"href":"https:\/\/www.spkatarzyna.pl\/index.php\/wp-json\/wp\/v2\/posts\/4413\/revisions"}],"predecessor-version":[{"id":4414,"href":"https:\/\/www.spkatarzyna.pl\/index.php\/wp-json\/wp\/v2\/posts\/4413\/revisions\/4414"}],"wp:attachment":[{"href":"https:\/\/www.spkatarzyna.pl\/index.php\/wp-json\/wp\/v2\/media?parent=4413"}],"wp:term":[{"taxonomy":"category","embeddable":true,"href":"https:\/\/www.spkatarzyna.pl\/index.php\/wp-json\/wp\/v2\/categories?post=4413"},{"taxonomy":"post_tag","embeddable":true,"href":"https:\/\/www.spkatarzyna.pl\/index.php\/wp-json\/wp\/v2\/tags?post=4413"}],"curies":[{"name":"wp","href":"https:\/\/api.w.org\/{rel}","templated":true}]}}