{"id":4417,"date":"2023-02-06T13:38:08","date_gmt":"2023-02-06T13:38:08","guid":{"rendered":"http:\/\/www.spkatarzyna.pl\/?p=4417"},"modified":"2023-02-06T13:38:08","modified_gmt":"2023-02-06T13:38:08","slug":"dzien-bezpiecznego-internetu-2023","status":"publish","type":"post","link":"https:\/\/www.spkatarzyna.pl\/index.php\/2023\/02\/06\/dzien-bezpiecznego-internetu-2023\/","title":{"rendered":"Dzie\u0144 Bezpiecznego Internetu 2023"},"content":{"rendered":"<p style=\"text-align: justify;\"><span style=\"font-size: 14pt;\">Od 2004 roku z inicjatywy Komisji Europejskiej w lutym obchodzony jest Dzie\u0144 Bezpiecznego Internetu <b>Safer Internet Day.<\/b> Organizatorem wydarzenia w Polsce od 2005 roku jest Polskie Centrum Programu Safer Internet.&nbsp; DBI ma na celu przede wszystkim inicjowanie i propagowanie dzia\u0142a\u0144 na rzecz bezpiecznego dost\u0119pu dzieci i m\u0142odzie\u017cy do zasob\u00f3w internetowych oraz promocj\u0119 pozytywnego wykorzystywania sieci Internet.<\/span><\/p>\n<p style=\"text-align: justify;\"><span style=\"font-size: 14pt;\">W tym roku <b>Dzie\u0144 Bezpiecznego Internetu 2023<\/b> przypada <b>7 lutego<\/b>. W zwi\u0105zku z tym podczas lekcji informatyki, uczniowie klas 4-8, przypomn\u0105 sobie zasady odpowiedniego zachowania w sieci czyli Netykiet\u0119. Swoje przemy\u015blenia i internetowe do\u015bwiadczenia zobrazuj\u0105 tworz\u0105c scenki w j\u0119zyku programowania Scratch oraz Baltie. Uczniowie b\u0119d\u0105 r\u00f3wnie\u017c tworzy\u0107 animacje poklatkowe przestrzegaj\u0105ce przed spotkaniami z osobami poznanymi w sieci Internet i o&nbsp; odpowiednim zabezpieczeniu sprz\u0119tu komputerowego w aplikacji Pivot.<\/span><\/p>\n","protected":false},"excerpt":{"rendered":"<p>Od 2004 roku z inicjatywy Komisji Europejskiej w lutym obchodzony jest Dzie\u0144 Bezpiecznego Internetu Safer Internet Day. Organizatorem wydarzenia w Polsce od 2005 roku jest Polskie Centrum Programu Safer Internet.&nbsp; DBI ma na celu przede wszystkim inicjowanie i propagowanie dzia\u0142a\u0144 na rzecz bezpiecznego dost\u0119pu dzieci i m\u0142odzie\u017cy do zasob\u00f3w internetowych [&hellip;]<\/p>\n","protected":false},"author":6,"featured_media":4418,"comment_status":"open","ping_status":"open","sticky":false,"template":"","format":"standard","meta":{"om_disable_all_campaigns":false,"_monsterinsights_skip_tracking":false,"ngg_post_thumbnail":0,"footnotes":""},"categories":[1],"tags":[],"class_list":["post-4417","post","type-post","status-publish","format-standard","has-post-thumbnail","hentry","category-uncategorized"],"aioseo_notices":[],"aioseo_head":"\n\t\t<!-- All in One SEO 5.0.1.1 - aioseo.com -->\n\t<meta name=\"description\" content=\"Od 2004 roku z inicjatywy Komisji Europejskiej w lutym obchodzony jest Dzie\u0144 Bezpiecznego Internetu Safer Internet Day. Organizatorem wydarzenia w Polsce od 2005 roku jest Polskie Centrum Programu Safer Internet. DBI ma na celu przede wszystkim inicjowanie i propagowanie dzia\u0142a\u0144 na rzecz bezpiecznego dost\u0119pu dzieci i m\u0142odzie\u017cy do zasob\u00f3w internetowych oraz promocj\u0119 pozytywnego wykorzystywania sieci\" \/>\n\t<meta name=\"robots\" content=\"max-image-preview:large\" \/>\n\t<meta name=\"author\" content=\"Redakcja\"\/>\n\t<link rel=\"canonical\" href=\"https:\/\/www.spkatarzyna.pl\/index.php\/2023\/02\/06\/dzien-bezpiecznego-internetu-2023\/\" \/>\n\t<meta name=\"generator\" content=\"All in One SEO (AIOSEO) 5.0.1.1\" \/>\n\t\t<meta property=\"og:locale\" content=\"pl_PL\" \/>\n\t\t<meta property=\"og:site_name\" content=\"SP Katarzyna - Publiczna Szko\u0142a Podstawowa w \u015awi\u0119tej Katarzynie\" \/>\n\t\t<meta property=\"og:type\" content=\"article\" \/>\n\t\t<meta property=\"og:title\" content=\"Dzie\u0144 Bezpiecznego Internetu 2023 - SP Katarzyna\" \/>\n\t\t<meta property=\"og:description\" content=\"Od 2004 roku z inicjatywy Komisji Europejskiej w lutym obchodzony jest Dzie\u0144 Bezpiecznego Internetu Safer Internet Day. Organizatorem wydarzenia w Polsce od 2005 roku jest Polskie Centrum Programu Safer Internet. DBI ma na celu przede wszystkim inicjowanie i propagowanie dzia\u0142a\u0144 na rzecz bezpiecznego dost\u0119pu dzieci i m\u0142odzie\u017cy do zasob\u00f3w internetowych oraz promocj\u0119 pozytywnego wykorzystywania sieci\" \/>\n\t\t<meta property=\"og:url\" content=\"https:\/\/www.spkatarzyna.pl\/index.php\/2023\/02\/06\/dzien-bezpiecznego-internetu-2023\/\" \/>\n\t\t<meta property=\"article:published_time\" content=\"2023-02-06T13:38:08+00:00\" \/>\n\t\t<meta property=\"article:modified_time\" content=\"2023-02-06T13:38:08+00:00\" \/>\n\t\t<meta name=\"twitter:card\" content=\"summary_large_image\" \/>\n\t\t<meta name=\"twitter:title\" content=\"Dzie\u0144 Bezpiecznego Internetu 2023 - SP Katarzyna\" \/>\n\t\t<meta name=\"twitter:description\" content=\"Od 2004 roku z inicjatywy Komisji Europejskiej w lutym obchodzony jest Dzie\u0144 Bezpiecznego Internetu Safer Internet Day. Organizatorem wydarzenia w Polsce od 2005 roku jest Polskie Centrum Programu Safer Internet. DBI ma na celu przede wszystkim inicjowanie i propagowanie dzia\u0142a\u0144 na rzecz bezpiecznego dost\u0119pu dzieci i m\u0142odzie\u017cy do zasob\u00f3w internetowych oraz promocj\u0119 pozytywnego wykorzystywania sieci\" \/>\n\t\t<script type=\"application\/ld+json\" class=\"aioseo-schema\">\n\t\t\t{\"@context\":\"https:\\\/\\\/schema.org\",\"@graph\":[{\"@type\":\"BlogPosting\",\"@id\":\"https:\\\/\\\/www.spkatarzyna.pl\\\/index.php\\\/2023\\\/02\\\/06\\\/dzien-bezpiecznego-internetu-2023\\\/#blogposting\",\"name\":\"Dzie\\u0144 Bezpiecznego Internetu 2023 - SP Katarzyna\",\"headline\":\"Dzie\\u0144 Bezpiecznego Internetu 2023\",\"author\":{\"@id\":\"https:\\\/\\\/www.spkatarzyna.pl\\\/index.php\\\/author\\\/agatasafianspkatarzyna-pl\\\/#author\"},\"publisher\":{\"@id\":\"https:\\\/\\\/www.spkatarzyna.pl\\\/#organization\"},\"image\":{\"@type\":\"ImageObject\",\"url\":\"https:\\\/\\\/www.spkatarzyna.pl\\\/wp-content\\\/uploads\\\/2023\\\/02\\\/136-o1.jpg\",\"width\":360,\"height\":202},\"datePublished\":\"2023-02-06T13:38:08+01:00\",\"dateModified\":\"2023-02-06T13:38:08+01:00\",\"inLanguage\":\"pl-PL\",\"mainEntityOfPage\":{\"@id\":\"https:\\\/\\\/www.spkatarzyna.pl\\\/index.php\\\/2023\\\/02\\\/06\\\/dzien-bezpiecznego-internetu-2023\\\/#webpage\"},\"isPartOf\":{\"@id\":\"https:\\\/\\\/www.spkatarzyna.pl\\\/index.php\\\/2023\\\/02\\\/06\\\/dzien-bezpiecznego-internetu-2023\\\/#webpage\"},\"articleSection\":\"Uncategorized\"},{\"@type\":\"BreadcrumbList\",\"@id\":\"https:\\\/\\\/www.spkatarzyna.pl\\\/index.php\\\/2023\\\/02\\\/06\\\/dzien-bezpiecznego-internetu-2023\\\/#breadcrumblist\",\"itemListElement\":[{\"@type\":\"ListItem\",\"@id\":\"https:\\\/\\\/www.spkatarzyna.pl#listItem\",\"position\":1,\"name\":\"Dom\",\"item\":\"https:\\\/\\\/www.spkatarzyna.pl\",\"nextItem\":{\"@type\":\"ListItem\",\"@id\":\"https:\\\/\\\/www.spkatarzyna.pl\\\/index.php\\\/category\\\/uncategorized\\\/#listItem\",\"name\":\"Uncategorized\"}},{\"@type\":\"ListItem\",\"@id\":\"https:\\\/\\\/www.spkatarzyna.pl\\\/index.php\\\/category\\\/uncategorized\\\/#listItem\",\"position\":2,\"name\":\"Uncategorized\",\"item\":\"https:\\\/\\\/www.spkatarzyna.pl\\\/index.php\\\/category\\\/uncategorized\\\/\",\"nextItem\":{\"@type\":\"ListItem\",\"@id\":\"https:\\\/\\\/www.spkatarzyna.pl\\\/index.php\\\/2023\\\/02\\\/06\\\/dzien-bezpiecznego-internetu-2023\\\/#listItem\",\"name\":\"Dzie\\u0144 Bezpiecznego Internetu 2023\"},\"previousItem\":{\"@type\":\"ListItem\",\"@id\":\"https:\\\/\\\/www.spkatarzyna.pl#listItem\",\"name\":\"Dom\"}},{\"@type\":\"ListItem\",\"@id\":\"https:\\\/\\\/www.spkatarzyna.pl\\\/index.php\\\/2023\\\/02\\\/06\\\/dzien-bezpiecznego-internetu-2023\\\/#listItem\",\"position\":3,\"name\":\"Dzie\\u0144 Bezpiecznego Internetu 2023\",\"previousItem\":{\"@type\":\"ListItem\",\"@id\":\"https:\\\/\\\/www.spkatarzyna.pl\\\/index.php\\\/category\\\/uncategorized\\\/#listItem\",\"name\":\"Uncategorized\"}}]},{\"@type\":\"Organization\",\"@id\":\"https:\\\/\\\/www.spkatarzyna.pl\\\/#organization\",\"name\":\"SP Katarzyna\",\"description\":\"Publiczna Szko\\u0142a Podstawowa w \\u015awi\\u0119tej Katarzynie\",\"url\":\"https:\\\/\\\/www.spkatarzyna.pl\\\/\",\"telephone\":\"+48713116378\",\"sameAs\":[\"https:\\\/\\\/facebook.com\\\/\",\"https:\\\/\\\/x.com\\\/\",\"https:\\\/\\\/instagram.com\\\/\",\"https:\\\/\\\/pinterest.com\\\/\",\"https:\\\/\\\/youtube.com\\\/\",\"https:\\\/\\\/linkedin.com\\\/in\\\/\"]},{\"@type\":\"Person\",\"@id\":\"https:\\\/\\\/www.spkatarzyna.pl\\\/index.php\\\/author\\\/agatasafianspkatarzyna-pl\\\/#author\",\"url\":\"https:\\\/\\\/www.spkatarzyna.pl\\\/index.php\\\/author\\\/agatasafianspkatarzyna-pl\\\/\",\"name\":\"Redakcja\",\"image\":{\"@type\":\"ImageObject\",\"@id\":\"https:\\\/\\\/www.spkatarzyna.pl\\\/index.php\\\/2023\\\/02\\\/06\\\/dzien-bezpiecznego-internetu-2023\\\/#authorImage\",\"url\":\"https:\\\/\\\/secure.gravatar.com\\\/avatar\\\/765290513df94d442152250e92b42327?s=96&d=mm&r=g\",\"width\":96,\"height\":96,\"caption\":\"Redakcja\"}},{\"@type\":\"WebPage\",\"@id\":\"https:\\\/\\\/www.spkatarzyna.pl\\\/index.php\\\/2023\\\/02\\\/06\\\/dzien-bezpiecznego-internetu-2023\\\/#webpage\",\"url\":\"https:\\\/\\\/www.spkatarzyna.pl\\\/index.php\\\/2023\\\/02\\\/06\\\/dzien-bezpiecznego-internetu-2023\\\/\",\"name\":\"Dzie\\u0144 Bezpiecznego Internetu 2023 - SP Katarzyna\",\"description\":\"Od 2004 roku z inicjatywy Komisji Europejskiej w lutym obchodzony jest Dzie\\u0144 Bezpiecznego Internetu Safer Internet Day. Organizatorem wydarzenia w Polsce od 2005 roku jest Polskie Centrum Programu Safer Internet. DBI ma na celu przede wszystkim inicjowanie i propagowanie dzia\\u0142a\\u0144 na rzecz bezpiecznego dost\\u0119pu dzieci i m\\u0142odzie\\u017cy do zasob\\u00f3w internetowych oraz promocj\\u0119 pozytywnego wykorzystywania sieci\",\"inLanguage\":\"pl-PL\",\"isPartOf\":{\"@id\":\"https:\\\/\\\/www.spkatarzyna.pl\\\/#website\"},\"breadcrumb\":{\"@id\":\"https:\\\/\\\/www.spkatarzyna.pl\\\/index.php\\\/2023\\\/02\\\/06\\\/dzien-bezpiecznego-internetu-2023\\\/#breadcrumblist\"},\"author\":{\"@id\":\"https:\\\/\\\/www.spkatarzyna.pl\\\/index.php\\\/author\\\/agatasafianspkatarzyna-pl\\\/#author\"},\"creator\":{\"@id\":\"https:\\\/\\\/www.spkatarzyna.pl\\\/index.php\\\/author\\\/agatasafianspkatarzyna-pl\\\/#author\"},\"image\":{\"@type\":\"ImageObject\",\"url\":\"https:\\\/\\\/www.spkatarzyna.pl\\\/wp-content\\\/uploads\\\/2023\\\/02\\\/136-o1.jpg\",\"@id\":\"https:\\\/\\\/www.spkatarzyna.pl\\\/index.php\\\/2023\\\/02\\\/06\\\/dzien-bezpiecznego-internetu-2023\\\/#mainImage\",\"width\":360,\"height\":202},\"primaryImageOfPage\":{\"@id\":\"https:\\\/\\\/www.spkatarzyna.pl\\\/index.php\\\/2023\\\/02\\\/06\\\/dzien-bezpiecznego-internetu-2023\\\/#mainImage\"},\"datePublished\":\"2023-02-06T13:38:08+01:00\",\"dateModified\":\"2023-02-06T13:38:08+01:00\"},{\"@type\":\"WebSite\",\"@id\":\"https:\\\/\\\/www.spkatarzyna.pl\\\/#website\",\"url\":\"https:\\\/\\\/www.spkatarzyna.pl\\\/\",\"name\":\"SP Katarzyna\",\"description\":\"Publiczna Szko\\u0142a Podstawowa w \\u015awi\\u0119tej Katarzynie\",\"inLanguage\":\"pl-PL\",\"publisher\":{\"@id\":\"https:\\\/\\\/www.spkatarzyna.pl\\\/#organization\"}}]}\n\t\t<\/script>\n\t\t<!-- All in One SEO -->\n\n","aioseo_head_json":{"title":"Dzie\u0144 Bezpiecznego Internetu 2023 - SP Katarzyna","description":"Od 2004 roku z inicjatywy Komisji Europejskiej w lutym obchodzony jest Dzie\u0144 Bezpiecznego Internetu Safer Internet Day. Organizatorem wydarzenia w Polsce od 2005 roku jest Polskie Centrum Programu Safer Internet. DBI ma na celu przede wszystkim inicjowanie i propagowanie dzia\u0142a\u0144 na rzecz bezpiecznego dost\u0119pu dzieci i m\u0142odzie\u017cy do zasob\u00f3w internetowych oraz promocj\u0119 pozytywnego wykorzystywania sieci","canonical_url":"https:\/\/www.spkatarzyna.pl\/index.php\/2023\/02\/06\/dzien-bezpiecznego-internetu-2023\/","robots":"max-image-preview:large","keywords":"","webmasterTools":{"miscellaneous":""},"schema":{"@context":"https:\/\/schema.org","@graph":[{"@type":"BlogPosting","@id":"https:\/\/www.spkatarzyna.pl\/index.php\/2023\/02\/06\/dzien-bezpiecznego-internetu-2023\/#blogposting","name":"Dzie\u0144 Bezpiecznego Internetu 2023 - SP Katarzyna","headline":"Dzie\u0144 Bezpiecznego Internetu 2023","author":{"@id":"https:\/\/www.spkatarzyna.pl\/index.php\/author\/agatasafianspkatarzyna-pl\/#author"},"publisher":{"@id":"https:\/\/www.spkatarzyna.pl\/#organization"},"image":{"@type":"ImageObject","url":"https:\/\/www.spkatarzyna.pl\/wp-content\/uploads\/2023\/02\/136-o1.jpg","width":360,"height":202},"datePublished":"2023-02-06T13:38:08+01:00","dateModified":"2023-02-06T13:38:08+01:00","inLanguage":"pl-PL","mainEntityOfPage":{"@id":"https:\/\/www.spkatarzyna.pl\/index.php\/2023\/02\/06\/dzien-bezpiecznego-internetu-2023\/#webpage"},"isPartOf":{"@id":"https:\/\/www.spkatarzyna.pl\/index.php\/2023\/02\/06\/dzien-bezpiecznego-internetu-2023\/#webpage"},"articleSection":"Uncategorized"},{"@type":"BreadcrumbList","@id":"https:\/\/www.spkatarzyna.pl\/index.php\/2023\/02\/06\/dzien-bezpiecznego-internetu-2023\/#breadcrumblist","itemListElement":[{"@type":"ListItem","@id":"https:\/\/www.spkatarzyna.pl#listItem","position":1,"name":"Dom","item":"https:\/\/www.spkatarzyna.pl","nextItem":{"@type":"ListItem","@id":"https:\/\/www.spkatarzyna.pl\/index.php\/category\/uncategorized\/#listItem","name":"Uncategorized"}},{"@type":"ListItem","@id":"https:\/\/www.spkatarzyna.pl\/index.php\/category\/uncategorized\/#listItem","position":2,"name":"Uncategorized","item":"https:\/\/www.spkatarzyna.pl\/index.php\/category\/uncategorized\/","nextItem":{"@type":"ListItem","@id":"https:\/\/www.spkatarzyna.pl\/index.php\/2023\/02\/06\/dzien-bezpiecznego-internetu-2023\/#listItem","name":"Dzie\u0144 Bezpiecznego Internetu 2023"},"previousItem":{"@type":"ListItem","@id":"https:\/\/www.spkatarzyna.pl#listItem","name":"Dom"}},{"@type":"ListItem","@id":"https:\/\/www.spkatarzyna.pl\/index.php\/2023\/02\/06\/dzien-bezpiecznego-internetu-2023\/#listItem","position":3,"name":"Dzie\u0144 Bezpiecznego Internetu 2023","previousItem":{"@type":"ListItem","@id":"https:\/\/www.spkatarzyna.pl\/index.php\/category\/uncategorized\/#listItem","name":"Uncategorized"}}]},{"@type":"Organization","@id":"https:\/\/www.spkatarzyna.pl\/#organization","name":"SP Katarzyna","description":"Publiczna Szko\u0142a Podstawowa w \u015awi\u0119tej Katarzynie","url":"https:\/\/www.spkatarzyna.pl\/","telephone":"+48713116378","sameAs":["https:\/\/facebook.com\/","https:\/\/x.com\/","https:\/\/instagram.com\/","https:\/\/pinterest.com\/","https:\/\/youtube.com\/","https:\/\/linkedin.com\/in\/"]},{"@type":"Person","@id":"https:\/\/www.spkatarzyna.pl\/index.php\/author\/agatasafianspkatarzyna-pl\/#author","url":"https:\/\/www.spkatarzyna.pl\/index.php\/author\/agatasafianspkatarzyna-pl\/","name":"Redakcja","image":{"@type":"ImageObject","@id":"https:\/\/www.spkatarzyna.pl\/index.php\/2023\/02\/06\/dzien-bezpiecznego-internetu-2023\/#authorImage","url":"https:\/\/secure.gravatar.com\/avatar\/765290513df94d442152250e92b42327?s=96&d=mm&r=g","width":96,"height":96,"caption":"Redakcja"}},{"@type":"WebPage","@id":"https:\/\/www.spkatarzyna.pl\/index.php\/2023\/02\/06\/dzien-bezpiecznego-internetu-2023\/#webpage","url":"https:\/\/www.spkatarzyna.pl\/index.php\/2023\/02\/06\/dzien-bezpiecznego-internetu-2023\/","name":"Dzie\u0144 Bezpiecznego Internetu 2023 - SP Katarzyna","description":"Od 2004 roku z inicjatywy Komisji Europejskiej w lutym obchodzony jest Dzie\u0144 Bezpiecznego Internetu Safer Internet Day. Organizatorem wydarzenia w Polsce od 2005 roku jest Polskie Centrum Programu Safer Internet. DBI ma na celu przede wszystkim inicjowanie i propagowanie dzia\u0142a\u0144 na rzecz bezpiecznego dost\u0119pu dzieci i m\u0142odzie\u017cy do zasob\u00f3w internetowych oraz promocj\u0119 pozytywnego wykorzystywania sieci","inLanguage":"pl-PL","isPartOf":{"@id":"https:\/\/www.spkatarzyna.pl\/#website"},"breadcrumb":{"@id":"https:\/\/www.spkatarzyna.pl\/index.php\/2023\/02\/06\/dzien-bezpiecznego-internetu-2023\/#breadcrumblist"},"author":{"@id":"https:\/\/www.spkatarzyna.pl\/index.php\/author\/agatasafianspkatarzyna-pl\/#author"},"creator":{"@id":"https:\/\/www.spkatarzyna.pl\/index.php\/author\/agatasafianspkatarzyna-pl\/#author"},"image":{"@type":"ImageObject","url":"https:\/\/www.spkatarzyna.pl\/wp-content\/uploads\/2023\/02\/136-o1.jpg","@id":"https:\/\/www.spkatarzyna.pl\/index.php\/2023\/02\/06\/dzien-bezpiecznego-internetu-2023\/#mainImage","width":360,"height":202},"primaryImageOfPage":{"@id":"https:\/\/www.spkatarzyna.pl\/index.php\/2023\/02\/06\/dzien-bezpiecznego-internetu-2023\/#mainImage"},"datePublished":"2023-02-06T13:38:08+01:00","dateModified":"2023-02-06T13:38:08+01:00"},{"@type":"WebSite","@id":"https:\/\/www.spkatarzyna.pl\/#website","url":"https:\/\/www.spkatarzyna.pl\/","name":"SP Katarzyna","description":"Publiczna Szko\u0142a Podstawowa w \u015awi\u0119tej Katarzynie","inLanguage":"pl-PL","publisher":{"@id":"https:\/\/www.spkatarzyna.pl\/#organization"}}]},"og:locale":"pl_PL","og:site_name":"SP Katarzyna - Publiczna Szko\u0142a Podstawowa w \u015awi\u0119tej Katarzynie","og:type":"article","og:title":"Dzie\u0144 Bezpiecznego Internetu 2023 - SP Katarzyna","og:description":"Od 2004 roku z inicjatywy Komisji Europejskiej w lutym obchodzony jest Dzie\u0144 Bezpiecznego Internetu Safer Internet Day. Organizatorem wydarzenia w Polsce od 2005 roku jest Polskie Centrum Programu Safer Internet. DBI ma na celu przede wszystkim inicjowanie i propagowanie dzia\u0142a\u0144 na rzecz bezpiecznego dost\u0119pu dzieci i m\u0142odzie\u017cy do zasob\u00f3w internetowych oraz promocj\u0119 pozytywnego wykorzystywania sieci","og:url":"https:\/\/www.spkatarzyna.pl\/index.php\/2023\/02\/06\/dzien-bezpiecznego-internetu-2023\/","article:published_time":"2023-02-06T13:38:08+00:00","article:modified_time":"2023-02-06T13:38:08+00:00","twitter:card":"summary_large_image","twitter:title":"Dzie\u0144 Bezpiecznego Internetu 2023 - SP Katarzyna","twitter:description":"Od 2004 roku z inicjatywy Komisji Europejskiej w lutym obchodzony jest Dzie\u0144 Bezpiecznego Internetu Safer Internet Day. Organizatorem wydarzenia w Polsce od 2005 roku jest Polskie Centrum Programu Safer Internet. DBI ma na celu przede wszystkim inicjowanie i propagowanie dzia\u0142a\u0144 na rzecz bezpiecznego dost\u0119pu dzieci i m\u0142odzie\u017cy do zasob\u00f3w internetowych oraz promocj\u0119 pozytywnego wykorzystywania sieci"},"aioseo_meta_data":{"post_id":"4417","title":null,"description":null,"keywords":null,"keyphrases":null,"primary_term":null,"canonical_url":null,"og_title":null,"og_description":null,"og_object_type":"default","og_image_type":"default","og_image_url":null,"og_image_width":null,"og_image_height":null,"og_image_custom_url":null,"og_image_custom_fields":null,"og_video":null,"og_custom_url":null,"og_article_section":null,"og_article_tags":null,"twitter_use_og":false,"twitter_card":"default","twitter_image_type":"default","twitter_image_url":null,"twitter_image_custom_url":null,"twitter_image_custom_fields":null,"twitter_title":null,"twitter_description":null,"schema":{"blockGraphs":[],"customGraphs":[],"default":{"data":{"Article":[],"Course":[],"Dataset":[],"FAQPage":[],"Movie":[],"Person":[],"Product":[],"ProductReview":[],"Car":[],"Recipe":[],"Service":[],"SoftwareApplication":[],"WebPage":[]},"graphName":"","isEnabled":true},"graphs":[]},"schema_type":"default","schema_type_options":null,"pillar_content":false,"robots_default":true,"robots_noindex":false,"robots_noarchive":false,"robots_nosnippet":false,"robots_nofollow":false,"robots_noimageindex":false,"robots_noodp":false,"robots_notranslate":false,"robots_max_snippet":null,"robots_max_videopreview":null,"robots_max_imagepreview":"large","priority":null,"frequency":null,"local_seo":null,"limit_modified_date":false,"created":"2024-04-03 07:54:13","updated":"2026-09-03 14:19:10","focus_keyword":null,"additional_keywords":null,"truseo_locale":null,"ai":null,"breadcrumb_settings":null,"seo_analyzer_scan_date":null},"aioseo_breadcrumb":"<div class=\"aioseo-breadcrumbs\"><span class=\"aioseo-breadcrumb\">\n\t\t\t<a href=\"https:\/\/www.spkatarzyna.pl\" title=\"Dom\">Dom<\/a>\n\t\t<\/span><span class=\"aioseo-breadcrumb-separator\">&raquo;<\/span><span class=\"aioseo-breadcrumb\">\n\t\t\t<a href=\"https:\/\/www.spkatarzyna.pl\/index.php\/category\/uncategorized\/\" title=\"Uncategorized\">Uncategorized<\/a>\n\t\t<\/span><span class=\"aioseo-breadcrumb-separator\">&raquo;<\/span><span class=\"aioseo-breadcrumb\">\n\t\t\tDzie\u0144 Bezpiecznego Internetu 2023\n\t\t<\/span><\/div>","aioseo_breadcrumb_json":[{"label":"Dom","link":"https:\/\/www.spkatarzyna.pl"},{"label":"Uncategorized","link":"https:\/\/www.spkatarzyna.pl\/index.php\/category\/uncategorized\/"},{"label":"Dzie\u0144 Bezpiecznego Internetu 2023","link":"https:\/\/www.spkatarzyna.pl\/index.php\/2023\/02\/06\/dzien-bezpiecznego-internetu-2023\/"}],"_links":{"self":[{"href":"https:\/\/www.spkatarzyna.pl\/index.php\/wp-json\/wp\/v2\/posts\/4417","targetHints":{"allow":["GET"]}}],"collection":[{"href":"https:\/\/www.spkatarzyna.pl\/index.php\/wp-json\/wp\/v2\/posts"}],"about":[{"href":"https:\/\/www.spkatarzyna.pl\/index.php\/wp-json\/wp\/v2\/types\/post"}],"author":[{"embeddable":true,"href":"https:\/\/www.spkatarzyna.pl\/index.php\/wp-json\/wp\/v2\/users\/6"}],"replies":[{"embeddable":true,"href":"https:\/\/www.spkatarzyna.pl\/index.php\/wp-json\/wp\/v2\/comments?post=4417"}],"version-history":[{"count":1,"href":"https:\/\/www.spkatarzyna.pl\/index.php\/wp-json\/wp\/v2\/posts\/4417\/revisions"}],"predecessor-version":[{"id":4419,"href":"https:\/\/www.spkatarzyna.pl\/index.php\/wp-json\/wp\/v2\/posts\/4417\/revisions\/4419"}],"wp:featuredmedia":[{"embeddable":true,"href":"https:\/\/www.spkatarzyna.pl\/index.php\/wp-json\/wp\/v2\/media\/4418"}],"wp:attachment":[{"href":"https:\/\/www.spkatarzyna.pl\/index.php\/wp-json\/wp\/v2\/media?parent=4417"}],"wp:term":[{"taxonomy":"category","embeddable":true,"href":"https:\/\/www.spkatarzyna.pl\/index.php\/wp-json\/wp\/v2\/categories?post=4417"},{"taxonomy":"post_tag","embeddable":true,"href":"https:\/\/www.spkatarzyna.pl\/index.php\/wp-json\/wp\/v2\/tags?post=4417"}],"curies":[{"name":"wp","href":"https:\/\/api.w.org\/{rel}","templated":true}]}}