{"id":4486,"date":"2023-03-08T14:10:09","date_gmt":"2023-03-08T14:10:09","guid":{"rendered":"http:\/\/www.spkatarzyna.pl\/?p=4486"},"modified":"2023-03-13T19:42:44","modified_gmt":"2023-03-13T19:42:44","slug":"teatr-w-szkole","status":"publish","type":"post","link":"https:\/\/www.spkatarzyna.pl\/index.php\/2023\/03\/08\/teatr-w-szkole\/","title":{"rendered":"Teatr w szkole"},"content":{"rendered":"\t\t<div data-elementor-type=\"wp-post\" data-elementor-id=\"4486\" class=\"elementor elementor-4486\">\n\t\t\t\t\t\t<section class=\"elementor-section elementor-top-section elementor-element elementor-element-aa7663f elementor-section-boxed elementor-section-height-default elementor-section-height-default\" data-id=\"aa7663f\" data-element_type=\"section\">\n\t\t\t\t\t\t<div class=\"elementor-container elementor-column-gap-default\">\n\t\t\t\t\t<div class=\"elementor-column elementor-col-100 elementor-top-column elementor-element elementor-element-12e6d6a1\" data-id=\"12e6d6a1\" data-element_type=\"column\">\n\t\t\t<div class=\"elementor-widget-wrap elementor-element-populated\">\n\t\t\t\t\t\t<div class=\"elementor-element elementor-element-3597376c elementor-widget elementor-widget-text-editor\" data-id=\"3597376c\" data-element_type=\"widget\" data-widget_type=\"text-editor.default\">\n\t\t\t\t\t\t\t\t\t<p style=\"text-align: justify;\"><span style=\"font-size: 14pt;\">8 marca z okazji Dnia Kobiet i Dnia Teatru, kt\u00f3ry obchodzimy 27 marca przyjecha\u0142 do naszej szko\u0142y teatr Regeneracja. Spektakl pt. ,,Daleko, daleko st\u0105d&#8230; zaciekawi\u0142 i rozbawi\u0142 publiczno\u015b\u0107. Uczniowie bawili si\u0119 \u015bwietnie, a mora\u0142 o m\u00f3wienie prawdy i szczero\u015bci dzieci zapami\u0119taj\u0105 na przysz\u0142o\u015b\u0107.<\/span><\/p>\n<p style=\"text-align: justify;\"><span style=\"font-size: 14pt;\">&nbsp;<\/span><\/p>\t\t\t\t\t\t\t\t<\/div>\n\t\t\t\t<div class=\"elementor-element elementor-element-2d94991 elementor-widget elementor-widget-gallery\" data-id=\"2d94991\" data-element_type=\"widget\" data-settings=\"{&quot;lazyload&quot;:&quot;yes&quot;,&quot;gallery_layout&quot;:&quot;grid&quot;,&quot;columns&quot;:4,&quot;columns_tablet&quot;:2,&quot;columns_mobile&quot;:1,&quot;gap&quot;:{&quot;unit&quot;:&quot;px&quot;,&quot;size&quot;:10,&quot;sizes&quot;:[]},&quot;gap_tablet&quot;:{&quot;unit&quot;:&quot;px&quot;,&quot;size&quot;:10,&quot;sizes&quot;:[]},&quot;gap_mobile&quot;:{&quot;unit&quot;:&quot;px&quot;,&quot;size&quot;:10,&quot;sizes&quot;:[]},&quot;link_to&quot;:&quot;file&quot;,&quot;aspect_ratio&quot;:&quot;3:2&quot;,&quot;overlay_background&quot;:&quot;yes&quot;,&quot;content_hover_animation&quot;:&quot;fade-in&quot;}\" data-widget_type=\"gallery.default\">\n\t\t\t\t<div class=\"elementor-widget-container\">\n\t\t\t\t\t\t\t<div class=\"elementor-gallery__container\">\n\t\t\t\t\t\t\t<a class=\"e-gallery-item elementor-gallery-item elementor-animated-content\" href=\"https:\/\/www.spkatarzyna.pl\/wp-content\/uploads\/2023\/03\/IMG_7779-scaled.jpg\" data-elementor-open-lightbox=\"yes\" data-elementor-lightbox-slideshow=\"all-2d94991\" data-elementor-lightbox-title=\"IMG_7779\" data-e-action-hash=\"#elementor-action%3Aaction%3Dlightbox%26settings%3DeyJpZCI6NDQ4OSwidXJsIjoiaHR0cHM6XC9cL3d3dy5zcGthdGFyenluYS5wbFwvd3AtY29udGVudFwvdXBsb2Fkc1wvMjAyM1wvMDNcL0lNR183Nzc5LXNjYWxlZC5qcGciLCJzbGlkZXNob3ciOiJhbGwtMmQ5NDk5MSJ9\" rel=\"lightbox[4486]\">\n\t\t\t\t\t<div class=\"e-gallery-image elementor-gallery-item__image\" data-thumbnail=\"https:\/\/www.spkatarzyna.pl\/wp-content\/uploads\/2023\/03\/IMG_7779-225x300.jpg\" data-width=\"225\" data-height=\"300\" alt=\"\" ><\/div>\n\t\t\t\t\t\t\t\t\t\t<div class=\"elementor-gallery-item__overlay\"><\/div>\n\t\t\t\t\t\t\t\t\t\t\t\t\t\t<\/a>\n\t\t\t\t\t\t\t<a class=\"e-gallery-item elementor-gallery-item elementor-animated-content\" href=\"https:\/\/www.spkatarzyna.pl\/wp-content\/uploads\/2023\/03\/IMG_7767-scaled.jpg\" data-elementor-open-lightbox=\"yes\" data-elementor-lightbox-slideshow=\"all-2d94991\" data-elementor-lightbox-title=\"IMG_7767\" data-e-action-hash=\"#elementor-action%3Aaction%3Dlightbox%26settings%3DeyJpZCI6NDQ5MCwidXJsIjoiaHR0cHM6XC9cL3d3dy5zcGthdGFyenluYS5wbFwvd3AtY29udGVudFwvdXBsb2Fkc1wvMjAyM1wvMDNcL0lNR183NzY3LXNjYWxlZC5qcGciLCJzbGlkZXNob3ciOiJhbGwtMmQ5NDk5MSJ9\" rel=\"lightbox[4486]\">\n\t\t\t\t\t<div class=\"e-gallery-image elementor-gallery-item__image\" data-thumbnail=\"https:\/\/www.spkatarzyna.pl\/wp-content\/uploads\/2023\/03\/IMG_7767-225x300.jpg\" data-width=\"225\" data-height=\"300\" alt=\"\" ><\/div>\n\t\t\t\t\t\t\t\t\t\t<div class=\"elementor-gallery-item__overlay\"><\/div>\n\t\t\t\t\t\t\t\t\t\t\t\t\t\t<\/a>\n\t\t\t\t\t\t\t<a class=\"e-gallery-item elementor-gallery-item elementor-animated-content\" href=\"https:\/\/www.spkatarzyna.pl\/wp-content\/uploads\/2023\/03\/IMG_7770-scaled.jpg\" data-elementor-open-lightbox=\"yes\" data-elementor-lightbox-slideshow=\"all-2d94991\" data-elementor-lightbox-title=\"IMG_7770\" data-e-action-hash=\"#elementor-action%3Aaction%3Dlightbox%26settings%3DeyJpZCI6NDQ5MSwidXJsIjoiaHR0cHM6XC9cL3d3dy5zcGthdGFyenluYS5wbFwvd3AtY29udGVudFwvdXBsb2Fkc1wvMjAyM1wvMDNcL0lNR183NzcwLXNjYWxlZC5qcGciLCJzbGlkZXNob3ciOiJhbGwtMmQ5NDk5MSJ9\" rel=\"lightbox[4486]\">\n\t\t\t\t\t<div class=\"e-gallery-image elementor-gallery-item__image\" data-thumbnail=\"https:\/\/www.spkatarzyna.pl\/wp-content\/uploads\/2023\/03\/IMG_7770-225x300.jpg\" data-width=\"225\" data-height=\"300\" alt=\"\" ><\/div>\n\t\t\t\t\t\t\t\t\t\t<div class=\"elementor-gallery-item__overlay\"><\/div>\n\t\t\t\t\t\t\t\t\t\t\t\t\t\t<\/a>\n\t\t\t\t\t\t\t<a class=\"e-gallery-item elementor-gallery-item elementor-animated-content\" href=\"https:\/\/www.spkatarzyna.pl\/wp-content\/uploads\/2023\/03\/IMG_7775-scaled.jpg\" data-elementor-open-lightbox=\"yes\" data-elementor-lightbox-slideshow=\"all-2d94991\" data-elementor-lightbox-title=\"IMG_7775\" data-e-action-hash=\"#elementor-action%3Aaction%3Dlightbox%26settings%3DeyJpZCI6NDQ5MiwidXJsIjoiaHR0cHM6XC9cL3d3dy5zcGthdGFyenluYS5wbFwvd3AtY29udGVudFwvdXBsb2Fkc1wvMjAyM1wvMDNcL0lNR183Nzc1LXNjYWxlZC5qcGciLCJzbGlkZXNob3ciOiJhbGwtMmQ5NDk5MSJ9\" rel=\"lightbox[4486]\">\n\t\t\t\t\t<div class=\"e-gallery-image elementor-gallery-item__image\" data-thumbnail=\"https:\/\/www.spkatarzyna.pl\/wp-content\/uploads\/2023\/03\/IMG_7775-225x300.jpg\" data-width=\"225\" data-height=\"300\" alt=\"\" ><\/div>\n\t\t\t\t\t\t\t\t\t\t<div class=\"elementor-gallery-item__overlay\"><\/div>\n\t\t\t\t\t\t\t\t\t\t\t\t\t\t<\/a>\n\t\t\t\t\t<\/div>\n\t\t\t\t\t<\/div>\n\t\t\t\t<\/div>\n\t\t\t\t\t<\/div>\n\t\t<\/div>\n\t\t\t\t\t<\/div>\n\t\t<\/section>\n\t\t\t\t<\/div>\n\t\t","protected":false},"excerpt":{"rendered":"<p>8 marca z okazji Dnia Kobiet i Dnia Teatru, kt\u00f3ry obchodzimy 27 marca przyjecha\u0142 do naszej szko\u0142y teatr Regeneracja. Spektakl pt. ,,Daleko, daleko st\u0105d&#8230; zaciekawi\u0142 i rozbawi\u0142 publiczno\u015b\u0107. Uczniowie bawili si\u0119 \u015bwietnie, a mora\u0142 o m\u00f3wienie prawdy i szczero\u015bci dzieci zapami\u0119taj\u0105 na przysz\u0142o\u015b\u0107. &nbsp;<\/p>\n","protected":false},"author":6,"featured_media":4487,"comment_status":"open","ping_status":"open","sticky":false,"template":"","format":"standard","meta":{"om_disable_all_campaigns":false,"_monsterinsights_skip_tracking":false,"ngg_post_thumbnail":0,"footnotes":""},"categories":[1],"tags":[],"class_list":["post-4486","post","type-post","status-publish","format-standard","has-post-thumbnail","hentry","category-uncategorized"],"aioseo_notices":[],"aioseo_head":"\n\t\t<!-- All in One SEO 5.0.1.1 - aioseo.com -->\n\t<meta name=\"description\" content=\"8 marca z okazji Dnia Kobiet i Dnia Teatru, kt\u00f3ry obchodzimy 27 marca przyjecha\u0142 do naszej szko\u0142y teatr Regeneracja. Spektakl pt. ,,Daleko, daleko st\u0105d\u2026 zaciekawi\u0142 i rozbawi\u0142 publiczno\u015b\u0107. Uczniowie bawili si\u0119 \u015bwietnie, a mora\u0142 o m\u00f3wienie prawdy i szczero\u015bci dzieci zapami\u0119taj\u0105 na przysz\u0142o\u015b\u0107.\" \/>\n\t<meta name=\"robots\" content=\"max-image-preview:large\" \/>\n\t<meta name=\"author\" content=\"Redakcja\"\/>\n\t<link rel=\"canonical\" href=\"https:\/\/www.spkatarzyna.pl\/index.php\/2023\/03\/08\/teatr-w-szkole\/\" \/>\n\t<meta name=\"generator\" content=\"All in One SEO (AIOSEO) 5.0.1.1\" \/>\n\t\t<meta property=\"og:locale\" content=\"pl_PL\" \/>\n\t\t<meta property=\"og:site_name\" content=\"SP Katarzyna - Publiczna Szko\u0142a Podstawowa w \u015awi\u0119tej Katarzynie\" \/>\n\t\t<meta property=\"og:type\" content=\"article\" \/>\n\t\t<meta property=\"og:title\" content=\"Teatr w szkole - SP Katarzyna\" \/>\n\t\t<meta property=\"og:description\" content=\"8 marca z okazji Dnia Kobiet i Dnia Teatru, kt\u00f3ry obchodzimy 27 marca przyjecha\u0142 do naszej szko\u0142y teatr Regeneracja. Spektakl pt. ,,Daleko, daleko st\u0105d\u2026 zaciekawi\u0142 i rozbawi\u0142 publiczno\u015b\u0107. Uczniowie bawili si\u0119 \u015bwietnie, a mora\u0142 o m\u00f3wienie prawdy i szczero\u015bci dzieci zapami\u0119taj\u0105 na przysz\u0142o\u015b\u0107.\" \/>\n\t\t<meta property=\"og:url\" content=\"https:\/\/www.spkatarzyna.pl\/index.php\/2023\/03\/08\/teatr-w-szkole\/\" \/>\n\t\t<meta property=\"article:published_time\" content=\"2023-03-08T14:10:09+00:00\" \/>\n\t\t<meta property=\"article:modified_time\" content=\"2023-03-13T19:42:44+00:00\" \/>\n\t\t<meta name=\"twitter:card\" content=\"summary_large_image\" \/>\n\t\t<meta name=\"twitter:title\" content=\"Teatr w szkole - SP Katarzyna\" \/>\n\t\t<meta name=\"twitter:description\" content=\"8 marca z okazji Dnia Kobiet i Dnia Teatru, kt\u00f3ry obchodzimy 27 marca przyjecha\u0142 do naszej szko\u0142y teatr Regeneracja. Spektakl pt. ,,Daleko, daleko st\u0105d\u2026 zaciekawi\u0142 i rozbawi\u0142 publiczno\u015b\u0107. Uczniowie bawili si\u0119 \u015bwietnie, a mora\u0142 o m\u00f3wienie prawdy i szczero\u015bci dzieci zapami\u0119taj\u0105 na przysz\u0142o\u015b\u0107.\" \/>\n\t\t<script type=\"application\/ld+json\" class=\"aioseo-schema\">\n\t\t\t{\"@context\":\"https:\\\/\\\/schema.org\",\"@graph\":[{\"@type\":\"BlogPosting\",\"@id\":\"https:\\\/\\\/www.spkatarzyna.pl\\\/index.php\\\/2023\\\/03\\\/08\\\/teatr-w-szkole\\\/#blogposting\",\"name\":\"Teatr w szkole - SP Katarzyna\",\"headline\":\"Teatr w szkole\",\"author\":{\"@id\":\"https:\\\/\\\/www.spkatarzyna.pl\\\/index.php\\\/author\\\/agatasafianspkatarzyna-pl\\\/#author\"},\"publisher\":{\"@id\":\"https:\\\/\\\/www.spkatarzyna.pl\\\/#organization\"},\"image\":{\"@type\":\"ImageObject\",\"url\":\"https:\\\/\\\/www.spkatarzyna.pl\\\/wp-content\\\/uploads\\\/2023\\\/03\\\/IMG_77801.jpg\",\"width\":360,\"height\":202},\"datePublished\":\"2023-03-08T14:10:09+01:00\",\"dateModified\":\"2023-03-13T19:42:44+01:00\",\"inLanguage\":\"pl-PL\",\"mainEntityOfPage\":{\"@id\":\"https:\\\/\\\/www.spkatarzyna.pl\\\/index.php\\\/2023\\\/03\\\/08\\\/teatr-w-szkole\\\/#webpage\"},\"isPartOf\":{\"@id\":\"https:\\\/\\\/www.spkatarzyna.pl\\\/index.php\\\/2023\\\/03\\\/08\\\/teatr-w-szkole\\\/#webpage\"},\"articleSection\":\"Uncategorized\"},{\"@type\":\"BreadcrumbList\",\"@id\":\"https:\\\/\\\/www.spkatarzyna.pl\\\/index.php\\\/2023\\\/03\\\/08\\\/teatr-w-szkole\\\/#breadcrumblist\",\"itemListElement\":[{\"@type\":\"ListItem\",\"@id\":\"https:\\\/\\\/www.spkatarzyna.pl#listItem\",\"position\":1,\"name\":\"Dom\",\"item\":\"https:\\\/\\\/www.spkatarzyna.pl\",\"nextItem\":{\"@type\":\"ListItem\",\"@id\":\"https:\\\/\\\/www.spkatarzyna.pl\\\/index.php\\\/category\\\/uncategorized\\\/#listItem\",\"name\":\"Uncategorized\"}},{\"@type\":\"ListItem\",\"@id\":\"https:\\\/\\\/www.spkatarzyna.pl\\\/index.php\\\/category\\\/uncategorized\\\/#listItem\",\"position\":2,\"name\":\"Uncategorized\",\"item\":\"https:\\\/\\\/www.spkatarzyna.pl\\\/index.php\\\/category\\\/uncategorized\\\/\",\"nextItem\":{\"@type\":\"ListItem\",\"@id\":\"https:\\\/\\\/www.spkatarzyna.pl\\\/index.php\\\/2023\\\/03\\\/08\\\/teatr-w-szkole\\\/#listItem\",\"name\":\"Teatr w szkole\"},\"previousItem\":{\"@type\":\"ListItem\",\"@id\":\"https:\\\/\\\/www.spkatarzyna.pl#listItem\",\"name\":\"Dom\"}},{\"@type\":\"ListItem\",\"@id\":\"https:\\\/\\\/www.spkatarzyna.pl\\\/index.php\\\/2023\\\/03\\\/08\\\/teatr-w-szkole\\\/#listItem\",\"position\":3,\"name\":\"Teatr w szkole\",\"previousItem\":{\"@type\":\"ListItem\",\"@id\":\"https:\\\/\\\/www.spkatarzyna.pl\\\/index.php\\\/category\\\/uncategorized\\\/#listItem\",\"name\":\"Uncategorized\"}}]},{\"@type\":\"Organization\",\"@id\":\"https:\\\/\\\/www.spkatarzyna.pl\\\/#organization\",\"name\":\"SP Katarzyna\",\"description\":\"Publiczna Szko\\u0142a Podstawowa w \\u015awi\\u0119tej Katarzynie\",\"url\":\"https:\\\/\\\/www.spkatarzyna.pl\\\/\",\"telephone\":\"+48713116378\",\"sameAs\":[\"https:\\\/\\\/facebook.com\\\/\",\"https:\\\/\\\/x.com\\\/\",\"https:\\\/\\\/instagram.com\\\/\",\"https:\\\/\\\/pinterest.com\\\/\",\"https:\\\/\\\/youtube.com\\\/\",\"https:\\\/\\\/linkedin.com\\\/in\\\/\"]},{\"@type\":\"Person\",\"@id\":\"https:\\\/\\\/www.spkatarzyna.pl\\\/index.php\\\/author\\\/agatasafianspkatarzyna-pl\\\/#author\",\"url\":\"https:\\\/\\\/www.spkatarzyna.pl\\\/index.php\\\/author\\\/agatasafianspkatarzyna-pl\\\/\",\"name\":\"Redakcja\",\"image\":{\"@type\":\"ImageObject\",\"@id\":\"https:\\\/\\\/www.spkatarzyna.pl\\\/index.php\\\/2023\\\/03\\\/08\\\/teatr-w-szkole\\\/#authorImage\",\"url\":\"https:\\\/\\\/secure.gravatar.com\\\/avatar\\\/765290513df94d442152250e92b42327?s=96&d=mm&r=g\",\"width\":96,\"height\":96,\"caption\":\"Redakcja\"}},{\"@type\":\"WebPage\",\"@id\":\"https:\\\/\\\/www.spkatarzyna.pl\\\/index.php\\\/2023\\\/03\\\/08\\\/teatr-w-szkole\\\/#webpage\",\"url\":\"https:\\\/\\\/www.spkatarzyna.pl\\\/index.php\\\/2023\\\/03\\\/08\\\/teatr-w-szkole\\\/\",\"name\":\"Teatr w szkole - SP Katarzyna\",\"description\":\"8 marca z okazji Dnia Kobiet i Dnia Teatru, kt\\u00f3ry obchodzimy 27 marca przyjecha\\u0142 do naszej szko\\u0142y teatr Regeneracja. Spektakl pt. ,,Daleko, daleko st\\u0105d\\u2026 zaciekawi\\u0142 i rozbawi\\u0142 publiczno\\u015b\\u0107. Uczniowie bawili si\\u0119 \\u015bwietnie, a mora\\u0142 o m\\u00f3wienie prawdy i szczero\\u015bci dzieci zapami\\u0119taj\\u0105 na przysz\\u0142o\\u015b\\u0107.\",\"inLanguage\":\"pl-PL\",\"isPartOf\":{\"@id\":\"https:\\\/\\\/www.spkatarzyna.pl\\\/#website\"},\"breadcrumb\":{\"@id\":\"https:\\\/\\\/www.spkatarzyna.pl\\\/index.php\\\/2023\\\/03\\\/08\\\/teatr-w-szkole\\\/#breadcrumblist\"},\"author\":{\"@id\":\"https:\\\/\\\/www.spkatarzyna.pl\\\/index.php\\\/author\\\/agatasafianspkatarzyna-pl\\\/#author\"},\"creator\":{\"@id\":\"https:\\\/\\\/www.spkatarzyna.pl\\\/index.php\\\/author\\\/agatasafianspkatarzyna-pl\\\/#author\"},\"image\":{\"@type\":\"ImageObject\",\"url\":\"https:\\\/\\\/www.spkatarzyna.pl\\\/wp-content\\\/uploads\\\/2023\\\/03\\\/IMG_77801.jpg\",\"@id\":\"https:\\\/\\\/www.spkatarzyna.pl\\\/index.php\\\/2023\\\/03\\\/08\\\/teatr-w-szkole\\\/#mainImage\",\"width\":360,\"height\":202},\"primaryImageOfPage\":{\"@id\":\"https:\\\/\\\/www.spkatarzyna.pl\\\/index.php\\\/2023\\\/03\\\/08\\\/teatr-w-szkole\\\/#mainImage\"},\"datePublished\":\"2023-03-08T14:10:09+01:00\",\"dateModified\":\"2023-03-13T19:42:44+01:00\"},{\"@type\":\"WebSite\",\"@id\":\"https:\\\/\\\/www.spkatarzyna.pl\\\/#website\",\"url\":\"https:\\\/\\\/www.spkatarzyna.pl\\\/\",\"name\":\"SP Katarzyna\",\"description\":\"Publiczna Szko\\u0142a Podstawowa w \\u015awi\\u0119tej Katarzynie\",\"inLanguage\":\"pl-PL\",\"publisher\":{\"@id\":\"https:\\\/\\\/www.spkatarzyna.pl\\\/#organization\"}}]}\n\t\t<\/script>\n\t\t<!-- All in One SEO -->\n\n","aioseo_head_json":{"title":"Teatr w szkole - SP Katarzyna","description":"8 marca z okazji Dnia Kobiet i Dnia Teatru, kt\u00f3ry obchodzimy 27 marca przyjecha\u0142 do naszej szko\u0142y teatr Regeneracja. Spektakl pt. ,,Daleko, daleko st\u0105d\u2026 zaciekawi\u0142 i rozbawi\u0142 publiczno\u015b\u0107. Uczniowie bawili si\u0119 \u015bwietnie, a mora\u0142 o m\u00f3wienie prawdy i szczero\u015bci dzieci zapami\u0119taj\u0105 na przysz\u0142o\u015b\u0107.","canonical_url":"https:\/\/www.spkatarzyna.pl\/index.php\/2023\/03\/08\/teatr-w-szkole\/","robots":"max-image-preview:large","keywords":"","webmasterTools":{"miscellaneous":""},"schema":{"@context":"https:\/\/schema.org","@graph":[{"@type":"BlogPosting","@id":"https:\/\/www.spkatarzyna.pl\/index.php\/2023\/03\/08\/teatr-w-szkole\/#blogposting","name":"Teatr w szkole - SP Katarzyna","headline":"Teatr w szkole","author":{"@id":"https:\/\/www.spkatarzyna.pl\/index.php\/author\/agatasafianspkatarzyna-pl\/#author"},"publisher":{"@id":"https:\/\/www.spkatarzyna.pl\/#organization"},"image":{"@type":"ImageObject","url":"https:\/\/www.spkatarzyna.pl\/wp-content\/uploads\/2023\/03\/IMG_77801.jpg","width":360,"height":202},"datePublished":"2023-03-08T14:10:09+01:00","dateModified":"2023-03-13T19:42:44+01:00","inLanguage":"pl-PL","mainEntityOfPage":{"@id":"https:\/\/www.spkatarzyna.pl\/index.php\/2023\/03\/08\/teatr-w-szkole\/#webpage"},"isPartOf":{"@id":"https:\/\/www.spkatarzyna.pl\/index.php\/2023\/03\/08\/teatr-w-szkole\/#webpage"},"articleSection":"Uncategorized"},{"@type":"BreadcrumbList","@id":"https:\/\/www.spkatarzyna.pl\/index.php\/2023\/03\/08\/teatr-w-szkole\/#breadcrumblist","itemListElement":[{"@type":"ListItem","@id":"https:\/\/www.spkatarzyna.pl#listItem","position":1,"name":"Dom","item":"https:\/\/www.spkatarzyna.pl","nextItem":{"@type":"ListItem","@id":"https:\/\/www.spkatarzyna.pl\/index.php\/category\/uncategorized\/#listItem","name":"Uncategorized"}},{"@type":"ListItem","@id":"https:\/\/www.spkatarzyna.pl\/index.php\/category\/uncategorized\/#listItem","position":2,"name":"Uncategorized","item":"https:\/\/www.spkatarzyna.pl\/index.php\/category\/uncategorized\/","nextItem":{"@type":"ListItem","@id":"https:\/\/www.spkatarzyna.pl\/index.php\/2023\/03\/08\/teatr-w-szkole\/#listItem","name":"Teatr w szkole"},"previousItem":{"@type":"ListItem","@id":"https:\/\/www.spkatarzyna.pl#listItem","name":"Dom"}},{"@type":"ListItem","@id":"https:\/\/www.spkatarzyna.pl\/index.php\/2023\/03\/08\/teatr-w-szkole\/#listItem","position":3,"name":"Teatr w szkole","previousItem":{"@type":"ListItem","@id":"https:\/\/www.spkatarzyna.pl\/index.php\/category\/uncategorized\/#listItem","name":"Uncategorized"}}]},{"@type":"Organization","@id":"https:\/\/www.spkatarzyna.pl\/#organization","name":"SP Katarzyna","description":"Publiczna Szko\u0142a Podstawowa w \u015awi\u0119tej Katarzynie","url":"https:\/\/www.spkatarzyna.pl\/","telephone":"+48713116378","sameAs":["https:\/\/facebook.com\/","https:\/\/x.com\/","https:\/\/instagram.com\/","https:\/\/pinterest.com\/","https:\/\/youtube.com\/","https:\/\/linkedin.com\/in\/"]},{"@type":"Person","@id":"https:\/\/www.spkatarzyna.pl\/index.php\/author\/agatasafianspkatarzyna-pl\/#author","url":"https:\/\/www.spkatarzyna.pl\/index.php\/author\/agatasafianspkatarzyna-pl\/","name":"Redakcja","image":{"@type":"ImageObject","@id":"https:\/\/www.spkatarzyna.pl\/index.php\/2023\/03\/08\/teatr-w-szkole\/#authorImage","url":"https:\/\/secure.gravatar.com\/avatar\/765290513df94d442152250e92b42327?s=96&d=mm&r=g","width":96,"height":96,"caption":"Redakcja"}},{"@type":"WebPage","@id":"https:\/\/www.spkatarzyna.pl\/index.php\/2023\/03\/08\/teatr-w-szkole\/#webpage","url":"https:\/\/www.spkatarzyna.pl\/index.php\/2023\/03\/08\/teatr-w-szkole\/","name":"Teatr w szkole - SP Katarzyna","description":"8 marca z okazji Dnia Kobiet i Dnia Teatru, kt\u00f3ry obchodzimy 27 marca przyjecha\u0142 do naszej szko\u0142y teatr Regeneracja. Spektakl pt. ,,Daleko, daleko st\u0105d\u2026 zaciekawi\u0142 i rozbawi\u0142 publiczno\u015b\u0107. Uczniowie bawili si\u0119 \u015bwietnie, a mora\u0142 o m\u00f3wienie prawdy i szczero\u015bci dzieci zapami\u0119taj\u0105 na przysz\u0142o\u015b\u0107.","inLanguage":"pl-PL","isPartOf":{"@id":"https:\/\/www.spkatarzyna.pl\/#website"},"breadcrumb":{"@id":"https:\/\/www.spkatarzyna.pl\/index.php\/2023\/03\/08\/teatr-w-szkole\/#breadcrumblist"},"author":{"@id":"https:\/\/www.spkatarzyna.pl\/index.php\/author\/agatasafianspkatarzyna-pl\/#author"},"creator":{"@id":"https:\/\/www.spkatarzyna.pl\/index.php\/author\/agatasafianspkatarzyna-pl\/#author"},"image":{"@type":"ImageObject","url":"https:\/\/www.spkatarzyna.pl\/wp-content\/uploads\/2023\/03\/IMG_77801.jpg","@id":"https:\/\/www.spkatarzyna.pl\/index.php\/2023\/03\/08\/teatr-w-szkole\/#mainImage","width":360,"height":202},"primaryImageOfPage":{"@id":"https:\/\/www.spkatarzyna.pl\/index.php\/2023\/03\/08\/teatr-w-szkole\/#mainImage"},"datePublished":"2023-03-08T14:10:09+01:00","dateModified":"2023-03-13T19:42:44+01:00"},{"@type":"WebSite","@id":"https:\/\/www.spkatarzyna.pl\/#website","url":"https:\/\/www.spkatarzyna.pl\/","name":"SP Katarzyna","description":"Publiczna Szko\u0142a Podstawowa w \u015awi\u0119tej Katarzynie","inLanguage":"pl-PL","publisher":{"@id":"https:\/\/www.spkatarzyna.pl\/#organization"}}]},"og:locale":"pl_PL","og:site_name":"SP Katarzyna - Publiczna Szko\u0142a Podstawowa w \u015awi\u0119tej Katarzynie","og:type":"article","og:title":"Teatr w szkole - SP Katarzyna","og:description":"8 marca z okazji Dnia Kobiet i Dnia Teatru, kt\u00f3ry obchodzimy 27 marca przyjecha\u0142 do naszej szko\u0142y teatr Regeneracja. Spektakl pt. ,,Daleko, daleko st\u0105d\u2026 zaciekawi\u0142 i rozbawi\u0142 publiczno\u015b\u0107. Uczniowie bawili si\u0119 \u015bwietnie, a mora\u0142 o m\u00f3wienie prawdy i szczero\u015bci dzieci zapami\u0119taj\u0105 na przysz\u0142o\u015b\u0107.","og:url":"https:\/\/www.spkatarzyna.pl\/index.php\/2023\/03\/08\/teatr-w-szkole\/","article:published_time":"2023-03-08T14:10:09+00:00","article:modified_time":"2023-03-13T19:42:44+00:00","twitter:card":"summary_large_image","twitter:title":"Teatr w szkole - SP Katarzyna","twitter:description":"8 marca z okazji Dnia Kobiet i Dnia Teatru, kt\u00f3ry obchodzimy 27 marca przyjecha\u0142 do naszej szko\u0142y teatr Regeneracja. Spektakl pt. ,,Daleko, daleko st\u0105d\u2026 zaciekawi\u0142 i rozbawi\u0142 publiczno\u015b\u0107. Uczniowie bawili si\u0119 \u015bwietnie, a mora\u0142 o m\u00f3wienie prawdy i szczero\u015bci dzieci zapami\u0119taj\u0105 na przysz\u0142o\u015b\u0107."},"aioseo_meta_data":{"post_id":"4486","title":null,"description":null,"keywords":null,"keyphrases":null,"primary_term":null,"canonical_url":null,"og_title":null,"og_description":null,"og_object_type":"default","og_image_type":"default","og_image_url":null,"og_image_width":null,"og_image_height":null,"og_image_custom_url":null,"og_image_custom_fields":null,"og_video":null,"og_custom_url":null,"og_article_section":null,"og_article_tags":null,"twitter_use_og":false,"twitter_card":"default","twitter_image_type":"default","twitter_image_url":null,"twitter_image_custom_url":null,"twitter_image_custom_fields":null,"twitter_title":null,"twitter_description":null,"schema":{"blockGraphs":[],"customGraphs":[],"default":{"data":{"Article":[],"Course":[],"Dataset":[],"FAQPage":[],"Movie":[],"Person":[],"Product":[],"ProductReview":[],"Car":[],"Recipe":[],"Service":[],"SoftwareApplication":[],"WebPage":[]},"graphName":"","isEnabled":true},"graphs":[]},"schema_type":"default","schema_type_options":null,"pillar_content":false,"robots_default":true,"robots_noindex":false,"robots_noarchive":false,"robots_nosnippet":false,"robots_nofollow":false,"robots_noimageindex":false,"robots_noodp":false,"robots_notranslate":false,"robots_max_snippet":null,"robots_max_videopreview":null,"robots_max_imagepreview":"large","priority":null,"frequency":null,"local_seo":null,"limit_modified_date":false,"created":"2024-04-03 07:54:13","updated":"2026-09-03 14:19:10","focus_keyword":null,"additional_keywords":null,"truseo_locale":null,"ai":null,"breadcrumb_settings":null,"seo_analyzer_scan_date":null},"aioseo_breadcrumb":"<div class=\"aioseo-breadcrumbs\"><span class=\"aioseo-breadcrumb\">\n\t\t\t<a href=\"https:\/\/www.spkatarzyna.pl\" title=\"Dom\">Dom<\/a>\n\t\t<\/span><span class=\"aioseo-breadcrumb-separator\">&raquo;<\/span><span class=\"aioseo-breadcrumb\">\n\t\t\t<a href=\"https:\/\/www.spkatarzyna.pl\/index.php\/category\/uncategorized\/\" title=\"Uncategorized\">Uncategorized<\/a>\n\t\t<\/span><span class=\"aioseo-breadcrumb-separator\">&raquo;<\/span><span class=\"aioseo-breadcrumb\">\n\t\t\tTeatr w szkole\n\t\t<\/span><\/div>","aioseo_breadcrumb_json":[{"label":"Dom","link":"https:\/\/www.spkatarzyna.pl"},{"label":"Uncategorized","link":"https:\/\/www.spkatarzyna.pl\/index.php\/category\/uncategorized\/"},{"label":"Teatr w szkole","link":"https:\/\/www.spkatarzyna.pl\/index.php\/2023\/03\/08\/teatr-w-szkole\/"}],"_links":{"self":[{"href":"https:\/\/www.spkatarzyna.pl\/index.php\/wp-json\/wp\/v2\/posts\/4486","targetHints":{"allow":["GET"]}}],"collection":[{"href":"https:\/\/www.spkatarzyna.pl\/index.php\/wp-json\/wp\/v2\/posts"}],"about":[{"href":"https:\/\/www.spkatarzyna.pl\/index.php\/wp-json\/wp\/v2\/types\/post"}],"author":[{"embeddable":true,"href":"https:\/\/www.spkatarzyna.pl\/index.php\/wp-json\/wp\/v2\/users\/6"}],"replies":[{"embeddable":true,"href":"https:\/\/www.spkatarzyna.pl\/index.php\/wp-json\/wp\/v2\/comments?post=4486"}],"version-history":[{"count":7,"href":"https:\/\/www.spkatarzyna.pl\/index.php\/wp-json\/wp\/v2\/posts\/4486\/revisions"}],"predecessor-version":[{"id":4500,"href":"https:\/\/www.spkatarzyna.pl\/index.php\/wp-json\/wp\/v2\/posts\/4486\/revisions\/4500"}],"wp:featuredmedia":[{"embeddable":true,"href":"https:\/\/www.spkatarzyna.pl\/index.php\/wp-json\/wp\/v2\/media\/4487"}],"wp:attachment":[{"href":"https:\/\/www.spkatarzyna.pl\/index.php\/wp-json\/wp\/v2\/media?parent=4486"}],"wp:term":[{"taxonomy":"category","embeddable":true,"href":"https:\/\/www.spkatarzyna.pl\/index.php\/wp-json\/wp\/v2\/categories?post=4486"},{"taxonomy":"post_tag","embeddable":true,"href":"https:\/\/www.spkatarzyna.pl\/index.php\/wp-json\/wp\/v2\/tags?post=4486"}],"curies":[{"name":"wp","href":"https:\/\/api.w.org\/{rel}","templated":true}]}}