{"id":4823,"date":"2023-04-03T17:16:13","date_gmt":"2023-04-03T17:16:13","guid":{"rendered":"http:\/\/www.spkatarzyna.pl\/?p=4823"},"modified":"2023-04-03T17:18:22","modified_gmt":"2023-04-03T17:18:22","slug":"swiatowy-dzien-swiadomosci-autyzmu","status":"publish","type":"post","link":"https:\/\/www.spkatarzyna.pl\/index.php\/2023\/04\/03\/swiatowy-dzien-swiadomosci-autyzmu\/","title":{"rendered":"\u015awiatowy Dzie\u0144 \u015awiadomo\u015bci Autyzmu"},"content":{"rendered":"\t\t<div data-elementor-type=\"wp-post\" data-elementor-id=\"4823\" class=\"elementor elementor-4823\">\n\t\t\t\t\t\t<section class=\"elementor-section elementor-top-section elementor-element elementor-element-41f0bf96 elementor-section-boxed elementor-section-height-default elementor-section-height-default\" data-id=\"41f0bf96\" data-element_type=\"section\">\n\t\t\t\t\t\t<div class=\"elementor-container elementor-column-gap-default\">\n\t\t\t\t\t<div class=\"elementor-column elementor-col-100 elementor-top-column elementor-element elementor-element-a1e3084\" data-id=\"a1e3084\" data-element_type=\"column\">\n\t\t\t<div class=\"elementor-widget-wrap elementor-element-populated\">\n\t\t\t\t\t\t<div class=\"elementor-element elementor-element-5264d858 elementor-widget elementor-widget-text-editor\" data-id=\"5264d858\" data-element_type=\"widget\" data-widget_type=\"text-editor.default\">\n\t\t\t\t\t\t\t\t\t<p style=\"text-align: justify;\"><span style=\"font-size: 14pt;\">2 kwietnia obchodzony by\u0142 Mi\u0119dzynarodowy Dzie\u0144 \u015awiadomo\u015bci dla Autyzmu. W Naszej Szkole ten szczeg\u00f3lny Dzie\u0144 by\u0142 obchodzony w pi\u0105tek 31 marca i w poniedzia\u0142ek 3 kwietnia. W ramach tego dnia zosta\u0142 przygotowany blok tematyczny o autyzmie i spektrum autyzmu. Dzieci dowiedzia\u0142y si\u0119, \u017ce autyzm to nie choroba tylko nic innego jak uwra\u017cliwienie na rzeczy kt\u00f3re s\u0105 niewidoczne \u201ego\u0142ym okiem\u201d. A dlaczego kolor niebieski &#8211; bo niebieski to kolor NADZIEI na lepsze jutro, na akceptacj\u0119, na bezpiecze\u0144stwo i na to \u017ce jeste\u015bmy AUTentyczni.<\/span><\/p>\r\n&nbsp;\t\t\t\t\t\t\t\t<\/div>\n\t\t\t\t<div class=\"elementor-element elementor-element-03118d7 elementor-widget elementor-widget-image-gallery\" data-id=\"03118d7\" data-element_type=\"widget\" data-widget_type=\"image-gallery.default\">\n\t\t\t\t\t\t\t<div class=\"elementor-image-gallery\">\n\t\t\t\n\t\t<div id='gallery-1' class='gallery galleryid-4823 gallery-columns-4 gallery-size-thumbnail gallery1'><script type=\"text\/javascript\">\n\/\/ <![CDATA[\n\tjQuery(document).ready(function () {\n\t\tjQuery(\".gallery1 a\").attr(\"rel\",\"gallery1\");\t\n\t\tjQuery('a[rel=\"gallery1\"]').colorbox({title: function(){ return jQuery(this).children().attr(\"alt\"); }});\n\t});\n\/\/ ]]>\n<\/script>\n<dl class=\"gallery-item\">\n<dt class=\"gallery-icon\">\n<a href=\"https:\/\/www.spkatarzyna.pl\/wp-content\/uploads\/2023\/04\/PHOTO-2023-04-03-16-10-49-225x300.jpg\" title=\"\" rel=\"gallery1\" rel=\"lightbox[4823]\"><img decoding=\"async\" src=\"https:\/\/www.spkatarzyna.pl\/wp-content\/uploads\/2023\/04\/PHOTO-2023-04-03-16-10-49-150x150.jpg\" width=\"150\" height=\"150\" alt=\"\" \/><\/a>\n<\/dt><\/dl><dl class=\"gallery-item\">\n<dt class=\"gallery-icon\">\n<a href=\"https:\/\/www.spkatarzyna.pl\/wp-content\/uploads\/2023\/04\/PHOTO-2023-04-03-16-10-50-2-225x300.jpg\" title=\"\" rel=\"gallery1\" rel=\"lightbox[4823]\"><img decoding=\"async\" src=\"https:\/\/www.spkatarzyna.pl\/wp-content\/uploads\/2023\/04\/PHOTO-2023-04-03-16-10-50-2-150x150.jpg\" width=\"150\" height=\"150\" alt=\"\" \/><\/a>\n<\/dt><\/dl><dl class=\"gallery-item\">\n<dt class=\"gallery-icon\">\n<a href=\"https:\/\/www.spkatarzyna.pl\/wp-content\/uploads\/2023\/04\/PHOTO-2023-04-03-16-10-50-300x225.jpg\" title=\"\" rel=\"gallery1\" rel=\"lightbox[4823]\"><img decoding=\"async\" src=\"https:\/\/www.spkatarzyna.pl\/wp-content\/uploads\/2023\/04\/PHOTO-2023-04-03-16-10-50-150x150.jpg\" width=\"150\" height=\"150\" alt=\"\" \/><\/a>\n<\/dt><\/dl><dl class=\"gallery-item\">\n<dt class=\"gallery-icon\">\n<a href=\"https:\/\/www.spkatarzyna.pl\/wp-content\/uploads\/2023\/04\/PHOTO-2023-04-03-16-10-51-2-225x300.jpg\" title=\"\" rel=\"gallery1\" rel=\"lightbox[4823]\"><img loading=\"lazy\" decoding=\"async\" src=\"https:\/\/www.spkatarzyna.pl\/wp-content\/uploads\/2023\/04\/PHOTO-2023-04-03-16-10-51-2-150x150.jpg\" width=\"150\" height=\"150\" alt=\"\" \/><\/a>\n<\/dt><\/dl><br style=\"clear: both\" \/><dl class=\"gallery-item\">\n<dt class=\"gallery-icon\">\n<a href=\"https:\/\/www.spkatarzyna.pl\/wp-content\/uploads\/2023\/04\/PHOTO-2023-04-03-16-10-52-2-169x300.jpg\" title=\"\" rel=\"gallery1\" rel=\"lightbox[4823]\"><img loading=\"lazy\" decoding=\"async\" src=\"https:\/\/www.spkatarzyna.pl\/wp-content\/uploads\/2023\/04\/PHOTO-2023-04-03-16-10-52-2-150x150.jpg\" width=\"150\" height=\"150\" alt=\"\" \/><\/a>\n<\/dt><\/dl><dl class=\"gallery-item\">\n<dt class=\"gallery-icon\">\n<a href=\"https:\/\/www.spkatarzyna.pl\/wp-content\/uploads\/2023\/04\/PHOTO-2023-04-03-16-10-52-225x300.jpg\" title=\"\" rel=\"gallery1\" rel=\"lightbox[4823]\"><img loading=\"lazy\" decoding=\"async\" src=\"https:\/\/www.spkatarzyna.pl\/wp-content\/uploads\/2023\/04\/PHOTO-2023-04-03-16-10-52-150x150.jpg\" width=\"150\" height=\"150\" alt=\"\" \/><\/a>\n<\/dt><\/dl><dl class=\"gallery-item\">\n<dt class=\"gallery-icon\">\n<a href=\"https:\/\/www.spkatarzyna.pl\/wp-content\/uploads\/2023\/04\/PHOTO-2023-04-03-16-10-55-300x225.jpg\" title=\"\" rel=\"gallery1\" rel=\"lightbox[4823]\"><img loading=\"lazy\" decoding=\"async\" src=\"https:\/\/www.spkatarzyna.pl\/wp-content\/uploads\/2023\/04\/PHOTO-2023-04-03-16-10-55-150x150.jpg\" width=\"150\" height=\"150\" alt=\"\" \/><\/a>\n<\/dt><\/dl><dl class=\"gallery-item\">\n<dt class=\"gallery-icon\">\n<a href=\"https:\/\/www.spkatarzyna.pl\/wp-content\/uploads\/2023\/04\/PHOTO-2023-04-03-16-10-56-225x300.jpg\" title=\"\" rel=\"gallery1\" rel=\"lightbox[4823]\"><img loading=\"lazy\" decoding=\"async\" src=\"https:\/\/www.spkatarzyna.pl\/wp-content\/uploads\/2023\/04\/PHOTO-2023-04-03-16-10-56-150x150.jpg\" width=\"150\" height=\"150\" alt=\"\" \/><\/a>\n<\/dt><\/dl><br style=\"clear: both\" \/><br style=\"clear: both\" \/><\/div>\t\t<\/div>\n\t\t\t\t\t\t<\/div>\n\t\t\t\t\t<\/div>\n\t\t<\/div>\n\t\t\t\t\t<\/div>\n\t\t<\/section>\n\t\t\t\t<\/div>\n\t\t","protected":false},"excerpt":{"rendered":"<p>2 kwietnia obchodzony by\u0142 Mi\u0119dzynarodowy Dzie\u0144 \u015awiadomo\u015bci dla Autyzmu. W Naszej Szkole ten szczeg\u00f3lny Dzie\u0144 by\u0142 obchodzony w pi\u0105tek 31 marca i w poniedzia\u0142ek 3 kwietnia. W ramach tego dnia zosta\u0142 przygotowany blok tematyczny o autyzmie i spektrum autyzmu. Dzieci dowiedzia\u0142y si\u0119, \u017ce autyzm to nie choroba tylko nic innego [&hellip;]<\/p>\n","protected":false},"author":6,"featured_media":4824,"comment_status":"open","ping_status":"open","sticky":false,"template":"","format":"standard","meta":{"om_disable_all_campaigns":false,"_monsterinsights_skip_tracking":false,"ngg_post_thumbnail":0,"footnotes":""},"categories":[1],"tags":[],"class_list":["post-4823","post","type-post","status-publish","format-standard","has-post-thumbnail","hentry","category-uncategorized"],"aioseo_notices":[],"aioseo_head":"\n\t\t<!-- All in One SEO 5.0.1.1 - aioseo.com -->\n\t<meta name=\"description\" content=\"2 kwietnia obchodzony by\u0142 Mi\u0119dzynarodowy Dzie\u0144 \u015awiadomo\u015bci dla Autyzmu. W Naszej Szkole ten szczeg\u00f3lny Dzie\u0144 by\u0142 obchodzony w pi\u0105tek 31 marca i w poniedzia\u0142ek 3 kwietnia. W ramach tego dnia zosta\u0142 przygotowany blok tematyczny o autyzmie i spektrum autyzmu. Dzieci dowiedzia\u0142y si\u0119, \u017ce autyzm to nie choroba tylko nic innego jak uwra\u017cliwienie na rzeczy kt\u00f3re\" \/>\n\t<meta name=\"robots\" content=\"max-image-preview:large\" \/>\n\t<meta name=\"author\" content=\"Redakcja\"\/>\n\t<link rel=\"canonical\" href=\"https:\/\/www.spkatarzyna.pl\/index.php\/2023\/04\/03\/swiatowy-dzien-swiadomosci-autyzmu\/\" \/>\n\t<meta name=\"generator\" content=\"All in One SEO (AIOSEO) 5.0.1.1\" \/>\n\t\t<meta property=\"og:locale\" content=\"pl_PL\" \/>\n\t\t<meta property=\"og:site_name\" content=\"SP Katarzyna - Publiczna Szko\u0142a Podstawowa w \u015awi\u0119tej Katarzynie\" \/>\n\t\t<meta property=\"og:type\" content=\"article\" \/>\n\t\t<meta property=\"og:title\" content=\"\u015awiatowy Dzie\u0144 \u015awiadomo\u015bci Autyzmu - SP Katarzyna\" \/>\n\t\t<meta property=\"og:description\" content=\"2 kwietnia obchodzony by\u0142 Mi\u0119dzynarodowy Dzie\u0144 \u015awiadomo\u015bci dla Autyzmu. W Naszej Szkole ten szczeg\u00f3lny Dzie\u0144 by\u0142 obchodzony w pi\u0105tek 31 marca i w poniedzia\u0142ek 3 kwietnia. W ramach tego dnia zosta\u0142 przygotowany blok tematyczny o autyzmie i spektrum autyzmu. Dzieci dowiedzia\u0142y si\u0119, \u017ce autyzm to nie choroba tylko nic innego jak uwra\u017cliwienie na rzeczy kt\u00f3re\" \/>\n\t\t<meta property=\"og:url\" content=\"https:\/\/www.spkatarzyna.pl\/index.php\/2023\/04\/03\/swiatowy-dzien-swiadomosci-autyzmu\/\" \/>\n\t\t<meta property=\"article:published_time\" content=\"2023-04-03T17:16:13+00:00\" \/>\n\t\t<meta property=\"article:modified_time\" content=\"2023-04-03T17:18:22+00:00\" \/>\n\t\t<meta name=\"twitter:card\" content=\"summary_large_image\" \/>\n\t\t<meta name=\"twitter:title\" content=\"\u015awiatowy Dzie\u0144 \u015awiadomo\u015bci Autyzmu - SP Katarzyna\" \/>\n\t\t<meta name=\"twitter:description\" content=\"2 kwietnia obchodzony by\u0142 Mi\u0119dzynarodowy Dzie\u0144 \u015awiadomo\u015bci dla Autyzmu. W Naszej Szkole ten szczeg\u00f3lny Dzie\u0144 by\u0142 obchodzony w pi\u0105tek 31 marca i w poniedzia\u0142ek 3 kwietnia. W ramach tego dnia zosta\u0142 przygotowany blok tematyczny o autyzmie i spektrum autyzmu. Dzieci dowiedzia\u0142y si\u0119, \u017ce autyzm to nie choroba tylko nic innego jak uwra\u017cliwienie na rzeczy kt\u00f3re\" \/>\n\t\t<script type=\"application\/ld+json\" class=\"aioseo-schema\">\n\t\t\t{\"@context\":\"https:\\\/\\\/schema.org\",\"@graph\":[{\"@type\":\"BlogPosting\",\"@id\":\"https:\\\/\\\/www.spkatarzyna.pl\\\/index.php\\\/2023\\\/04\\\/03\\\/swiatowy-dzien-swiadomosci-autyzmu\\\/#blogposting\",\"name\":\"\\u015awiatowy Dzie\\u0144 \\u015awiadomo\\u015bci Autyzmu - SP Katarzyna\",\"headline\":\"\\u015awiatowy Dzie\\u0144 \\u015awiadomo\\u015bci Autyzmu\",\"author\":{\"@id\":\"https:\\\/\\\/www.spkatarzyna.pl\\\/index.php\\\/author\\\/agatasafianspkatarzyna-pl\\\/#author\"},\"publisher\":{\"@id\":\"https:\\\/\\\/www.spkatarzyna.pl\\\/#organization\"},\"image\":{\"@type\":\"ImageObject\",\"url\":\"https:\\\/\\\/www.spkatarzyna.pl\\\/wp-content\\\/uploads\\\/2023\\\/04\\\/PHOTO-2023-04-03-16-10-56-3.jpg\",\"width\":360,\"height\":202},\"datePublished\":\"2023-04-03T17:16:13+02:00\",\"dateModified\":\"2023-04-03T17:18:22+02:00\",\"inLanguage\":\"pl-PL\",\"mainEntityOfPage\":{\"@id\":\"https:\\\/\\\/www.spkatarzyna.pl\\\/index.php\\\/2023\\\/04\\\/03\\\/swiatowy-dzien-swiadomosci-autyzmu\\\/#webpage\"},\"isPartOf\":{\"@id\":\"https:\\\/\\\/www.spkatarzyna.pl\\\/index.php\\\/2023\\\/04\\\/03\\\/swiatowy-dzien-swiadomosci-autyzmu\\\/#webpage\"},\"articleSection\":\"Uncategorized\"},{\"@type\":\"BreadcrumbList\",\"@id\":\"https:\\\/\\\/www.spkatarzyna.pl\\\/index.php\\\/2023\\\/04\\\/03\\\/swiatowy-dzien-swiadomosci-autyzmu\\\/#breadcrumblist\",\"itemListElement\":[{\"@type\":\"ListItem\",\"@id\":\"https:\\\/\\\/www.spkatarzyna.pl#listItem\",\"position\":1,\"name\":\"Dom\",\"item\":\"https:\\\/\\\/www.spkatarzyna.pl\",\"nextItem\":{\"@type\":\"ListItem\",\"@id\":\"https:\\\/\\\/www.spkatarzyna.pl\\\/index.php\\\/category\\\/uncategorized\\\/#listItem\",\"name\":\"Uncategorized\"}},{\"@type\":\"ListItem\",\"@id\":\"https:\\\/\\\/www.spkatarzyna.pl\\\/index.php\\\/category\\\/uncategorized\\\/#listItem\",\"position\":2,\"name\":\"Uncategorized\",\"item\":\"https:\\\/\\\/www.spkatarzyna.pl\\\/index.php\\\/category\\\/uncategorized\\\/\",\"nextItem\":{\"@type\":\"ListItem\",\"@id\":\"https:\\\/\\\/www.spkatarzyna.pl\\\/index.php\\\/2023\\\/04\\\/03\\\/swiatowy-dzien-swiadomosci-autyzmu\\\/#listItem\",\"name\":\"\\u015awiatowy Dzie\\u0144 \\u015awiadomo\\u015bci Autyzmu\"},\"previousItem\":{\"@type\":\"ListItem\",\"@id\":\"https:\\\/\\\/www.spkatarzyna.pl#listItem\",\"name\":\"Dom\"}},{\"@type\":\"ListItem\",\"@id\":\"https:\\\/\\\/www.spkatarzyna.pl\\\/index.php\\\/2023\\\/04\\\/03\\\/swiatowy-dzien-swiadomosci-autyzmu\\\/#listItem\",\"position\":3,\"name\":\"\\u015awiatowy Dzie\\u0144 \\u015awiadomo\\u015bci Autyzmu\",\"previousItem\":{\"@type\":\"ListItem\",\"@id\":\"https:\\\/\\\/www.spkatarzyna.pl\\\/index.php\\\/category\\\/uncategorized\\\/#listItem\",\"name\":\"Uncategorized\"}}]},{\"@type\":\"Organization\",\"@id\":\"https:\\\/\\\/www.spkatarzyna.pl\\\/#organization\",\"name\":\"SP Katarzyna\",\"description\":\"Publiczna Szko\\u0142a Podstawowa w \\u015awi\\u0119tej Katarzynie\",\"url\":\"https:\\\/\\\/www.spkatarzyna.pl\\\/\",\"telephone\":\"+48713116378\",\"sameAs\":[\"https:\\\/\\\/facebook.com\\\/\",\"https:\\\/\\\/x.com\\\/\",\"https:\\\/\\\/instagram.com\\\/\",\"https:\\\/\\\/pinterest.com\\\/\",\"https:\\\/\\\/youtube.com\\\/\",\"https:\\\/\\\/linkedin.com\\\/in\\\/\"]},{\"@type\":\"Person\",\"@id\":\"https:\\\/\\\/www.spkatarzyna.pl\\\/index.php\\\/author\\\/agatasafianspkatarzyna-pl\\\/#author\",\"url\":\"https:\\\/\\\/www.spkatarzyna.pl\\\/index.php\\\/author\\\/agatasafianspkatarzyna-pl\\\/\",\"name\":\"Redakcja\",\"image\":{\"@type\":\"ImageObject\",\"@id\":\"https:\\\/\\\/www.spkatarzyna.pl\\\/index.php\\\/2023\\\/04\\\/03\\\/swiatowy-dzien-swiadomosci-autyzmu\\\/#authorImage\",\"url\":\"https:\\\/\\\/secure.gravatar.com\\\/avatar\\\/765290513df94d442152250e92b42327?s=96&d=mm&r=g\",\"width\":96,\"height\":96,\"caption\":\"Redakcja\"}},{\"@type\":\"WebPage\",\"@id\":\"https:\\\/\\\/www.spkatarzyna.pl\\\/index.php\\\/2023\\\/04\\\/03\\\/swiatowy-dzien-swiadomosci-autyzmu\\\/#webpage\",\"url\":\"https:\\\/\\\/www.spkatarzyna.pl\\\/index.php\\\/2023\\\/04\\\/03\\\/swiatowy-dzien-swiadomosci-autyzmu\\\/\",\"name\":\"\\u015awiatowy Dzie\\u0144 \\u015awiadomo\\u015bci Autyzmu - SP Katarzyna\",\"description\":\"2 kwietnia obchodzony by\\u0142 Mi\\u0119dzynarodowy Dzie\\u0144 \\u015awiadomo\\u015bci dla Autyzmu. W Naszej Szkole ten szczeg\\u00f3lny Dzie\\u0144 by\\u0142 obchodzony w pi\\u0105tek 31 marca i w poniedzia\\u0142ek 3 kwietnia. W ramach tego dnia zosta\\u0142 przygotowany blok tematyczny o autyzmie i spektrum autyzmu. Dzieci dowiedzia\\u0142y si\\u0119, \\u017ce autyzm to nie choroba tylko nic innego jak uwra\\u017cliwienie na rzeczy kt\\u00f3re\",\"inLanguage\":\"pl-PL\",\"isPartOf\":{\"@id\":\"https:\\\/\\\/www.spkatarzyna.pl\\\/#website\"},\"breadcrumb\":{\"@id\":\"https:\\\/\\\/www.spkatarzyna.pl\\\/index.php\\\/2023\\\/04\\\/03\\\/swiatowy-dzien-swiadomosci-autyzmu\\\/#breadcrumblist\"},\"author\":{\"@id\":\"https:\\\/\\\/www.spkatarzyna.pl\\\/index.php\\\/author\\\/agatasafianspkatarzyna-pl\\\/#author\"},\"creator\":{\"@id\":\"https:\\\/\\\/www.spkatarzyna.pl\\\/index.php\\\/author\\\/agatasafianspkatarzyna-pl\\\/#author\"},\"image\":{\"@type\":\"ImageObject\",\"url\":\"https:\\\/\\\/www.spkatarzyna.pl\\\/wp-content\\\/uploads\\\/2023\\\/04\\\/PHOTO-2023-04-03-16-10-56-3.jpg\",\"@id\":\"https:\\\/\\\/www.spkatarzyna.pl\\\/index.php\\\/2023\\\/04\\\/03\\\/swiatowy-dzien-swiadomosci-autyzmu\\\/#mainImage\",\"width\":360,\"height\":202},\"primaryImageOfPage\":{\"@id\":\"https:\\\/\\\/www.spkatarzyna.pl\\\/index.php\\\/2023\\\/04\\\/03\\\/swiatowy-dzien-swiadomosci-autyzmu\\\/#mainImage\"},\"datePublished\":\"2023-04-03T17:16:13+02:00\",\"dateModified\":\"2023-04-03T17:18:22+02:00\"},{\"@type\":\"WebSite\",\"@id\":\"https:\\\/\\\/www.spkatarzyna.pl\\\/#website\",\"url\":\"https:\\\/\\\/www.spkatarzyna.pl\\\/\",\"name\":\"SP Katarzyna\",\"description\":\"Publiczna Szko\\u0142a Podstawowa w \\u015awi\\u0119tej Katarzynie\",\"inLanguage\":\"pl-PL\",\"publisher\":{\"@id\":\"https:\\\/\\\/www.spkatarzyna.pl\\\/#organization\"}}]}\n\t\t<\/script>\n\t\t<!-- All in One SEO -->\n\n","aioseo_head_json":{"title":"\u015awiatowy Dzie\u0144 \u015awiadomo\u015bci Autyzmu - SP Katarzyna","description":"2 kwietnia obchodzony by\u0142 Mi\u0119dzynarodowy Dzie\u0144 \u015awiadomo\u015bci dla Autyzmu. W Naszej Szkole ten szczeg\u00f3lny Dzie\u0144 by\u0142 obchodzony w pi\u0105tek 31 marca i w poniedzia\u0142ek 3 kwietnia. W ramach tego dnia zosta\u0142 przygotowany blok tematyczny o autyzmie i spektrum autyzmu. Dzieci dowiedzia\u0142y si\u0119, \u017ce autyzm to nie choroba tylko nic innego jak uwra\u017cliwienie na rzeczy kt\u00f3re","canonical_url":"https:\/\/www.spkatarzyna.pl\/index.php\/2023\/04\/03\/swiatowy-dzien-swiadomosci-autyzmu\/","robots":"max-image-preview:large","keywords":"","webmasterTools":{"miscellaneous":""},"schema":{"@context":"https:\/\/schema.org","@graph":[{"@type":"BlogPosting","@id":"https:\/\/www.spkatarzyna.pl\/index.php\/2023\/04\/03\/swiatowy-dzien-swiadomosci-autyzmu\/#blogposting","name":"\u015awiatowy Dzie\u0144 \u015awiadomo\u015bci Autyzmu - SP Katarzyna","headline":"\u015awiatowy Dzie\u0144 \u015awiadomo\u015bci Autyzmu","author":{"@id":"https:\/\/www.spkatarzyna.pl\/index.php\/author\/agatasafianspkatarzyna-pl\/#author"},"publisher":{"@id":"https:\/\/www.spkatarzyna.pl\/#organization"},"image":{"@type":"ImageObject","url":"https:\/\/www.spkatarzyna.pl\/wp-content\/uploads\/2023\/04\/PHOTO-2023-04-03-16-10-56-3.jpg","width":360,"height":202},"datePublished":"2023-04-03T17:16:13+02:00","dateModified":"2023-04-03T17:18:22+02:00","inLanguage":"pl-PL","mainEntityOfPage":{"@id":"https:\/\/www.spkatarzyna.pl\/index.php\/2023\/04\/03\/swiatowy-dzien-swiadomosci-autyzmu\/#webpage"},"isPartOf":{"@id":"https:\/\/www.spkatarzyna.pl\/index.php\/2023\/04\/03\/swiatowy-dzien-swiadomosci-autyzmu\/#webpage"},"articleSection":"Uncategorized"},{"@type":"BreadcrumbList","@id":"https:\/\/www.spkatarzyna.pl\/index.php\/2023\/04\/03\/swiatowy-dzien-swiadomosci-autyzmu\/#breadcrumblist","itemListElement":[{"@type":"ListItem","@id":"https:\/\/www.spkatarzyna.pl#listItem","position":1,"name":"Dom","item":"https:\/\/www.spkatarzyna.pl","nextItem":{"@type":"ListItem","@id":"https:\/\/www.spkatarzyna.pl\/index.php\/category\/uncategorized\/#listItem","name":"Uncategorized"}},{"@type":"ListItem","@id":"https:\/\/www.spkatarzyna.pl\/index.php\/category\/uncategorized\/#listItem","position":2,"name":"Uncategorized","item":"https:\/\/www.spkatarzyna.pl\/index.php\/category\/uncategorized\/","nextItem":{"@type":"ListItem","@id":"https:\/\/www.spkatarzyna.pl\/index.php\/2023\/04\/03\/swiatowy-dzien-swiadomosci-autyzmu\/#listItem","name":"\u015awiatowy Dzie\u0144 \u015awiadomo\u015bci Autyzmu"},"previousItem":{"@type":"ListItem","@id":"https:\/\/www.spkatarzyna.pl#listItem","name":"Dom"}},{"@type":"ListItem","@id":"https:\/\/www.spkatarzyna.pl\/index.php\/2023\/04\/03\/swiatowy-dzien-swiadomosci-autyzmu\/#listItem","position":3,"name":"\u015awiatowy Dzie\u0144 \u015awiadomo\u015bci Autyzmu","previousItem":{"@type":"ListItem","@id":"https:\/\/www.spkatarzyna.pl\/index.php\/category\/uncategorized\/#listItem","name":"Uncategorized"}}]},{"@type":"Organization","@id":"https:\/\/www.spkatarzyna.pl\/#organization","name":"SP Katarzyna","description":"Publiczna Szko\u0142a Podstawowa w \u015awi\u0119tej Katarzynie","url":"https:\/\/www.spkatarzyna.pl\/","telephone":"+48713116378","sameAs":["https:\/\/facebook.com\/","https:\/\/x.com\/","https:\/\/instagram.com\/","https:\/\/pinterest.com\/","https:\/\/youtube.com\/","https:\/\/linkedin.com\/in\/"]},{"@type":"Person","@id":"https:\/\/www.spkatarzyna.pl\/index.php\/author\/agatasafianspkatarzyna-pl\/#author","url":"https:\/\/www.spkatarzyna.pl\/index.php\/author\/agatasafianspkatarzyna-pl\/","name":"Redakcja","image":{"@type":"ImageObject","@id":"https:\/\/www.spkatarzyna.pl\/index.php\/2023\/04\/03\/swiatowy-dzien-swiadomosci-autyzmu\/#authorImage","url":"https:\/\/secure.gravatar.com\/avatar\/765290513df94d442152250e92b42327?s=96&d=mm&r=g","width":96,"height":96,"caption":"Redakcja"}},{"@type":"WebPage","@id":"https:\/\/www.spkatarzyna.pl\/index.php\/2023\/04\/03\/swiatowy-dzien-swiadomosci-autyzmu\/#webpage","url":"https:\/\/www.spkatarzyna.pl\/index.php\/2023\/04\/03\/swiatowy-dzien-swiadomosci-autyzmu\/","name":"\u015awiatowy Dzie\u0144 \u015awiadomo\u015bci Autyzmu - SP Katarzyna","description":"2 kwietnia obchodzony by\u0142 Mi\u0119dzynarodowy Dzie\u0144 \u015awiadomo\u015bci dla Autyzmu. W Naszej Szkole ten szczeg\u00f3lny Dzie\u0144 by\u0142 obchodzony w pi\u0105tek 31 marca i w poniedzia\u0142ek 3 kwietnia. W ramach tego dnia zosta\u0142 przygotowany blok tematyczny o autyzmie i spektrum autyzmu. Dzieci dowiedzia\u0142y si\u0119, \u017ce autyzm to nie choroba tylko nic innego jak uwra\u017cliwienie na rzeczy kt\u00f3re","inLanguage":"pl-PL","isPartOf":{"@id":"https:\/\/www.spkatarzyna.pl\/#website"},"breadcrumb":{"@id":"https:\/\/www.spkatarzyna.pl\/index.php\/2023\/04\/03\/swiatowy-dzien-swiadomosci-autyzmu\/#breadcrumblist"},"author":{"@id":"https:\/\/www.spkatarzyna.pl\/index.php\/author\/agatasafianspkatarzyna-pl\/#author"},"creator":{"@id":"https:\/\/www.spkatarzyna.pl\/index.php\/author\/agatasafianspkatarzyna-pl\/#author"},"image":{"@type":"ImageObject","url":"https:\/\/www.spkatarzyna.pl\/wp-content\/uploads\/2023\/04\/PHOTO-2023-04-03-16-10-56-3.jpg","@id":"https:\/\/www.spkatarzyna.pl\/index.php\/2023\/04\/03\/swiatowy-dzien-swiadomosci-autyzmu\/#mainImage","width":360,"height":202},"primaryImageOfPage":{"@id":"https:\/\/www.spkatarzyna.pl\/index.php\/2023\/04\/03\/swiatowy-dzien-swiadomosci-autyzmu\/#mainImage"},"datePublished":"2023-04-03T17:16:13+02:00","dateModified":"2023-04-03T17:18:22+02:00"},{"@type":"WebSite","@id":"https:\/\/www.spkatarzyna.pl\/#website","url":"https:\/\/www.spkatarzyna.pl\/","name":"SP Katarzyna","description":"Publiczna Szko\u0142a Podstawowa w \u015awi\u0119tej Katarzynie","inLanguage":"pl-PL","publisher":{"@id":"https:\/\/www.spkatarzyna.pl\/#organization"}}]},"og:locale":"pl_PL","og:site_name":"SP Katarzyna - Publiczna Szko\u0142a Podstawowa w \u015awi\u0119tej Katarzynie","og:type":"article","og:title":"\u015awiatowy Dzie\u0144 \u015awiadomo\u015bci Autyzmu - SP Katarzyna","og:description":"2 kwietnia obchodzony by\u0142 Mi\u0119dzynarodowy Dzie\u0144 \u015awiadomo\u015bci dla Autyzmu. W Naszej Szkole ten szczeg\u00f3lny Dzie\u0144 by\u0142 obchodzony w pi\u0105tek 31 marca i w poniedzia\u0142ek 3 kwietnia. W ramach tego dnia zosta\u0142 przygotowany blok tematyczny o autyzmie i spektrum autyzmu. Dzieci dowiedzia\u0142y si\u0119, \u017ce autyzm to nie choroba tylko nic innego jak uwra\u017cliwienie na rzeczy kt\u00f3re","og:url":"https:\/\/www.spkatarzyna.pl\/index.php\/2023\/04\/03\/swiatowy-dzien-swiadomosci-autyzmu\/","article:published_time":"2023-04-03T17:16:13+00:00","article:modified_time":"2023-04-03T17:18:22+00:00","twitter:card":"summary_large_image","twitter:title":"\u015awiatowy Dzie\u0144 \u015awiadomo\u015bci Autyzmu - SP Katarzyna","twitter:description":"2 kwietnia obchodzony by\u0142 Mi\u0119dzynarodowy Dzie\u0144 \u015awiadomo\u015bci dla Autyzmu. W Naszej Szkole ten szczeg\u00f3lny Dzie\u0144 by\u0142 obchodzony w pi\u0105tek 31 marca i w poniedzia\u0142ek 3 kwietnia. W ramach tego dnia zosta\u0142 przygotowany blok tematyczny o autyzmie i spektrum autyzmu. Dzieci dowiedzia\u0142y si\u0119, \u017ce autyzm to nie choroba tylko nic innego jak uwra\u017cliwienie na rzeczy kt\u00f3re"},"aioseo_meta_data":{"post_id":"4823","title":null,"description":null,"keywords":null,"keyphrases":null,"primary_term":null,"canonical_url":null,"og_title":null,"og_description":null,"og_object_type":"default","og_image_type":"default","og_image_url":null,"og_image_width":null,"og_image_height":null,"og_image_custom_url":null,"og_image_custom_fields":null,"og_video":null,"og_custom_url":null,"og_article_section":null,"og_article_tags":null,"twitter_use_og":false,"twitter_card":"default","twitter_image_type":"default","twitter_image_url":null,"twitter_image_custom_url":null,"twitter_image_custom_fields":null,"twitter_title":null,"twitter_description":null,"schema":{"blockGraphs":[],"customGraphs":[],"default":{"data":{"Article":[],"Course":[],"Dataset":[],"FAQPage":[],"Movie":[],"Person":[],"Product":[],"ProductReview":[],"Car":[],"Recipe":[],"Service":[],"SoftwareApplication":[],"WebPage":[]},"graphName":"","isEnabled":true},"graphs":[]},"schema_type":"default","schema_type_options":null,"pillar_content":false,"robots_default":true,"robots_noindex":false,"robots_noarchive":false,"robots_nosnippet":false,"robots_nofollow":false,"robots_noimageindex":false,"robots_noodp":false,"robots_notranslate":false,"robots_max_snippet":null,"robots_max_videopreview":null,"robots_max_imagepreview":"large","priority":null,"frequency":null,"local_seo":null,"limit_modified_date":false,"created":"2024-04-03 08:02:01","updated":"2026-09-03 14:22:48","focus_keyword":null,"additional_keywords":null,"truseo_locale":null,"ai":null,"breadcrumb_settings":null,"seo_analyzer_scan_date":null},"aioseo_breadcrumb":"<div class=\"aioseo-breadcrumbs\"><span class=\"aioseo-breadcrumb\">\n\t\t\t<a href=\"https:\/\/www.spkatarzyna.pl\" title=\"Dom\">Dom<\/a>\n\t\t<\/span><span class=\"aioseo-breadcrumb-separator\">&raquo;<\/span><span class=\"aioseo-breadcrumb\">\n\t\t\t<a href=\"https:\/\/www.spkatarzyna.pl\/index.php\/category\/uncategorized\/\" title=\"Uncategorized\">Uncategorized<\/a>\n\t\t<\/span><span class=\"aioseo-breadcrumb-separator\">&raquo;<\/span><span class=\"aioseo-breadcrumb\">\n\t\t\t\u015awiatowy Dzie\u0144 \u015awiadomo\u015bci Autyzmu\n\t\t<\/span><\/div>","aioseo_breadcrumb_json":[{"label":"Dom","link":"https:\/\/www.spkatarzyna.pl"},{"label":"Uncategorized","link":"https:\/\/www.spkatarzyna.pl\/index.php\/category\/uncategorized\/"},{"label":"\u015awiatowy Dzie\u0144 \u015awiadomo\u015bci Autyzmu","link":"https:\/\/www.spkatarzyna.pl\/index.php\/2023\/04\/03\/swiatowy-dzien-swiadomosci-autyzmu\/"}],"_links":{"self":[{"href":"https:\/\/www.spkatarzyna.pl\/index.php\/wp-json\/wp\/v2\/posts\/4823","targetHints":{"allow":["GET"]}}],"collection":[{"href":"https:\/\/www.spkatarzyna.pl\/index.php\/wp-json\/wp\/v2\/posts"}],"about":[{"href":"https:\/\/www.spkatarzyna.pl\/index.php\/wp-json\/wp\/v2\/types\/post"}],"author":[{"embeddable":true,"href":"https:\/\/www.spkatarzyna.pl\/index.php\/wp-json\/wp\/v2\/users\/6"}],"replies":[{"embeddable":true,"href":"https:\/\/www.spkatarzyna.pl\/index.php\/wp-json\/wp\/v2\/comments?post=4823"}],"version-history":[{"count":4,"href":"https:\/\/www.spkatarzyna.pl\/index.php\/wp-json\/wp\/v2\/posts\/4823\/revisions"}],"predecessor-version":[{"id":4845,"href":"https:\/\/www.spkatarzyna.pl\/index.php\/wp-json\/wp\/v2\/posts\/4823\/revisions\/4845"}],"wp:featuredmedia":[{"embeddable":true,"href":"https:\/\/www.spkatarzyna.pl\/index.php\/wp-json\/wp\/v2\/media\/4824"}],"wp:attachment":[{"href":"https:\/\/www.spkatarzyna.pl\/index.php\/wp-json\/wp\/v2\/media?parent=4823"}],"wp:term":[{"taxonomy":"category","embeddable":true,"href":"https:\/\/www.spkatarzyna.pl\/index.php\/wp-json\/wp\/v2\/categories?post=4823"},{"taxonomy":"post_tag","embeddable":true,"href":"https:\/\/www.spkatarzyna.pl\/index.php\/wp-json\/wp\/v2\/tags?post=4823"}],"curies":[{"name":"wp","href":"https:\/\/api.w.org\/{rel}","templated":true}]}}