{"id":4929,"date":"2023-04-12T09:50:29","date_gmt":"2023-04-12T09:50:29","guid":{"rendered":"http:\/\/www.spkatarzyna.pl\/?p=4929"},"modified":"2023-04-12T10:05:16","modified_gmt":"2023-04-12T10:05:16","slug":"laureata-w-konkursie-zdolny-slazak-z-biologii","status":"publish","type":"post","link":"https:\/\/www.spkatarzyna.pl\/index.php\/2023\/04\/12\/laureata-w-konkursie-zdolny-slazak-z-biologii\/","title":{"rendered":"Mamy laureat\u00f3w"},"content":{"rendered":"<p style=\"text-align: justify;\"><span style=\"font-size: 14pt;\">Szanowni Pa\u0144stwo!<\/span><br \/>\n<span style=\"font-size: 14pt;\">Z ogromn\u0105 rado\u015bci\u0105 informujemy, \u017ce <\/span><span style=\"font-size: 14pt;\">Nina Cieciuch, uczennica klasy 8b, otrzyma\u0142a tytu\u0142 <strong>Laureata Dolno\u015bl\u0105skiego Konkursu Polonistycznego<\/strong> oraz <\/span><span style=\"font-size: 14pt;\">Agata Szreter, uczennica klasy 8b otrzyma\u0142a tytu\u0142 <strong>Laureata w dolno\u015bl\u0105skim konkursie zDolny \u015al\u0105zak z biologii.<\/strong><\/span><\/p>\n<p style=\"text-align: justify;\"><span style=\"font-size: 14pt;\">Laureaci Wojew\u00f3dzkich Konkurs\u00f3w Przedmiotowych organizowanych z zakresu jednego z przedmiot\u00f3w obj\u0119tych egzaminem \u00f3smoklasisty, s\u0105 zwolnieni z egzaminu \u00f3smoklasisty z tego przedmiotu.<\/span><\/p>\n<p style=\"text-align: right;\"><span style=\"font-size: 14pt;\">Serdeczne gratulacje!<\/span><\/p>\n","protected":false},"excerpt":{"rendered":"<p>Szanowni Pa\u0144stwo! Z ogromn\u0105 rado\u015bci\u0105 informujemy, \u017ce Nina Cieciuch, uczennica klasy 8b, otrzyma\u0142a tytu\u0142 Laureata Dolno\u015bl\u0105skiego Konkursu Polonistycznego oraz Agata Szreter, uczennica klasy 8b otrzyma\u0142a tytu\u0142 Laureata w dolno\u015bl\u0105skim konkursie zDolny \u015al\u0105zak z biologii. Laureaci Wojew\u00f3dzkich Konkurs\u00f3w Przedmiotowych organizowanych z zakresu jednego z przedmiot\u00f3w obj\u0119tych egzaminem \u00f3smoklasisty, s\u0105 zwolnieni z [&hellip;]<\/p>\n","protected":false},"author":6,"featured_media":4935,"comment_status":"open","ping_status":"open","sticky":false,"template":"","format":"standard","meta":{"om_disable_all_campaigns":false,"_monsterinsights_skip_tracking":false,"ngg_post_thumbnail":0,"footnotes":""},"categories":[1],"tags":[],"class_list":["post-4929","post","type-post","status-publish","format-standard","has-post-thumbnail","hentry","category-uncategorized"],"aioseo_notices":[],"aioseo_head":"\n\t\t<!-- All in One SEO 5.0.1.1 - aioseo.com -->\n\t<meta name=\"description\" content=\"Szanowni Pa\u0144stwo! Z ogromn\u0105 rado\u015bci\u0105 informujemy, \u017ce Nina Cieciuch, uczennica klasy 8b, otrzyma\u0142a tytu\u0142 Laureata Dolno\u015bl\u0105skiego Konkursu Polonistycznego oraz Agata Szreter, uczennica klasy 8b otrzyma\u0142a tytu\u0142 Laureata w dolno\u015bl\u0105skim konkursie zDolny \u015al\u0105zak z biologii. Laureaci Wojew\u00f3dzkich Konkurs\u00f3w Przedmiotowych organizowanych z zakresu jednego z przedmiot\u00f3w obj\u0119tych egzaminem \u00f3smoklasisty, s\u0105 zwolnieni z egzaminu \u00f3smoklasisty z tego przedmiotu.\" \/>\n\t<meta name=\"robots\" content=\"max-image-preview:large\" \/>\n\t<meta name=\"author\" content=\"Redakcja\"\/>\n\t<link rel=\"canonical\" href=\"https:\/\/www.spkatarzyna.pl\/index.php\/2023\/04\/12\/laureata-w-konkursie-zdolny-slazak-z-biologii\/\" \/>\n\t<meta name=\"generator\" content=\"All in One SEO (AIOSEO) 5.0.1.1\" \/>\n\t\t<meta property=\"og:locale\" content=\"pl_PL\" \/>\n\t\t<meta property=\"og:site_name\" content=\"SP Katarzyna - Publiczna Szko\u0142a Podstawowa w \u015awi\u0119tej Katarzynie\" \/>\n\t\t<meta property=\"og:type\" content=\"article\" \/>\n\t\t<meta property=\"og:title\" content=\"Mamy laureat\u00f3w - SP Katarzyna\" \/>\n\t\t<meta property=\"og:description\" content=\"Szanowni Pa\u0144stwo! Z ogromn\u0105 rado\u015bci\u0105 informujemy, \u017ce Nina Cieciuch, uczennica klasy 8b, otrzyma\u0142a tytu\u0142 Laureata Dolno\u015bl\u0105skiego Konkursu Polonistycznego oraz Agata Szreter, uczennica klasy 8b otrzyma\u0142a tytu\u0142 Laureata w dolno\u015bl\u0105skim konkursie zDolny \u015al\u0105zak z biologii. Laureaci Wojew\u00f3dzkich Konkurs\u00f3w Przedmiotowych organizowanych z zakresu jednego z przedmiot\u00f3w obj\u0119tych egzaminem \u00f3smoklasisty, s\u0105 zwolnieni z egzaminu \u00f3smoklasisty z tego przedmiotu.\" \/>\n\t\t<meta property=\"og:url\" content=\"https:\/\/www.spkatarzyna.pl\/index.php\/2023\/04\/12\/laureata-w-konkursie-zdolny-slazak-z-biologii\/\" \/>\n\t\t<meta property=\"article:published_time\" content=\"2023-04-12T09:50:29+00:00\" \/>\n\t\t<meta property=\"article:modified_time\" content=\"2023-04-12T10:05:16+00:00\" \/>\n\t\t<meta name=\"twitter:card\" content=\"summary_large_image\" \/>\n\t\t<meta name=\"twitter:title\" content=\"Mamy laureat\u00f3w - SP Katarzyna\" \/>\n\t\t<meta name=\"twitter:description\" content=\"Szanowni Pa\u0144stwo! Z ogromn\u0105 rado\u015bci\u0105 informujemy, \u017ce Nina Cieciuch, uczennica klasy 8b, otrzyma\u0142a tytu\u0142 Laureata Dolno\u015bl\u0105skiego Konkursu Polonistycznego oraz Agata Szreter, uczennica klasy 8b otrzyma\u0142a tytu\u0142 Laureata w dolno\u015bl\u0105skim konkursie zDolny \u015al\u0105zak z biologii. Laureaci Wojew\u00f3dzkich Konkurs\u00f3w Przedmiotowych organizowanych z zakresu jednego z przedmiot\u00f3w obj\u0119tych egzaminem \u00f3smoklasisty, s\u0105 zwolnieni z egzaminu \u00f3smoklasisty z tego przedmiotu.\" \/>\n\t\t<script type=\"application\/ld+json\" class=\"aioseo-schema\">\n\t\t\t{\"@context\":\"https:\\\/\\\/schema.org\",\"@graph\":[{\"@type\":\"BlogPosting\",\"@id\":\"https:\\\/\\\/www.spkatarzyna.pl\\\/index.php\\\/2023\\\/04\\\/12\\\/laureata-w-konkursie-zdolny-slazak-z-biologii\\\/#blogposting\",\"name\":\"Mamy laureat\\u00f3w - SP Katarzyna\",\"headline\":\"Mamy laureat\\u00f3w\",\"author\":{\"@id\":\"https:\\\/\\\/www.spkatarzyna.pl\\\/index.php\\\/author\\\/agatasafianspkatarzyna-pl\\\/#author\"},\"publisher\":{\"@id\":\"https:\\\/\\\/www.spkatarzyna.pl\\\/#organization\"},\"image\":{\"@type\":\"ImageObject\",\"url\":\"https:\\\/\\\/www.spkatarzyna.pl\\\/wp-content\\\/uploads\\\/2023\\\/04\\\/open-book-g7057a2680_19201.jpg\",\"width\":360,\"height\":202},\"datePublished\":\"2023-04-12T09:50:29+02:00\",\"dateModified\":\"2023-04-12T10:05:16+02:00\",\"inLanguage\":\"pl-PL\",\"mainEntityOfPage\":{\"@id\":\"https:\\\/\\\/www.spkatarzyna.pl\\\/index.php\\\/2023\\\/04\\\/12\\\/laureata-w-konkursie-zdolny-slazak-z-biologii\\\/#webpage\"},\"isPartOf\":{\"@id\":\"https:\\\/\\\/www.spkatarzyna.pl\\\/index.php\\\/2023\\\/04\\\/12\\\/laureata-w-konkursie-zdolny-slazak-z-biologii\\\/#webpage\"},\"articleSection\":\"Uncategorized\"},{\"@type\":\"BreadcrumbList\",\"@id\":\"https:\\\/\\\/www.spkatarzyna.pl\\\/index.php\\\/2023\\\/04\\\/12\\\/laureata-w-konkursie-zdolny-slazak-z-biologii\\\/#breadcrumblist\",\"itemListElement\":[{\"@type\":\"ListItem\",\"@id\":\"https:\\\/\\\/www.spkatarzyna.pl#listItem\",\"position\":1,\"name\":\"Dom\",\"item\":\"https:\\\/\\\/www.spkatarzyna.pl\",\"nextItem\":{\"@type\":\"ListItem\",\"@id\":\"https:\\\/\\\/www.spkatarzyna.pl\\\/index.php\\\/category\\\/uncategorized\\\/#listItem\",\"name\":\"Uncategorized\"}},{\"@type\":\"ListItem\",\"@id\":\"https:\\\/\\\/www.spkatarzyna.pl\\\/index.php\\\/category\\\/uncategorized\\\/#listItem\",\"position\":2,\"name\":\"Uncategorized\",\"item\":\"https:\\\/\\\/www.spkatarzyna.pl\\\/index.php\\\/category\\\/uncategorized\\\/\",\"nextItem\":{\"@type\":\"ListItem\",\"@id\":\"https:\\\/\\\/www.spkatarzyna.pl\\\/index.php\\\/2023\\\/04\\\/12\\\/laureata-w-konkursie-zdolny-slazak-z-biologii\\\/#listItem\",\"name\":\"Mamy laureat\\u00f3w\"},\"previousItem\":{\"@type\":\"ListItem\",\"@id\":\"https:\\\/\\\/www.spkatarzyna.pl#listItem\",\"name\":\"Dom\"}},{\"@type\":\"ListItem\",\"@id\":\"https:\\\/\\\/www.spkatarzyna.pl\\\/index.php\\\/2023\\\/04\\\/12\\\/laureata-w-konkursie-zdolny-slazak-z-biologii\\\/#listItem\",\"position\":3,\"name\":\"Mamy laureat\\u00f3w\",\"previousItem\":{\"@type\":\"ListItem\",\"@id\":\"https:\\\/\\\/www.spkatarzyna.pl\\\/index.php\\\/category\\\/uncategorized\\\/#listItem\",\"name\":\"Uncategorized\"}}]},{\"@type\":\"Organization\",\"@id\":\"https:\\\/\\\/www.spkatarzyna.pl\\\/#organization\",\"name\":\"SP Katarzyna\",\"description\":\"Publiczna Szko\\u0142a Podstawowa w \\u015awi\\u0119tej Katarzynie\",\"url\":\"https:\\\/\\\/www.spkatarzyna.pl\\\/\",\"telephone\":\"+48713116378\",\"sameAs\":[\"https:\\\/\\\/facebook.com\\\/\",\"https:\\\/\\\/x.com\\\/\",\"https:\\\/\\\/instagram.com\\\/\",\"https:\\\/\\\/pinterest.com\\\/\",\"https:\\\/\\\/youtube.com\\\/\",\"https:\\\/\\\/linkedin.com\\\/in\\\/\"]},{\"@type\":\"Person\",\"@id\":\"https:\\\/\\\/www.spkatarzyna.pl\\\/index.php\\\/author\\\/agatasafianspkatarzyna-pl\\\/#author\",\"url\":\"https:\\\/\\\/www.spkatarzyna.pl\\\/index.php\\\/author\\\/agatasafianspkatarzyna-pl\\\/\",\"name\":\"Redakcja\",\"image\":{\"@type\":\"ImageObject\",\"@id\":\"https:\\\/\\\/www.spkatarzyna.pl\\\/index.php\\\/2023\\\/04\\\/12\\\/laureata-w-konkursie-zdolny-slazak-z-biologii\\\/#authorImage\",\"url\":\"https:\\\/\\\/secure.gravatar.com\\\/avatar\\\/765290513df94d442152250e92b42327?s=96&d=mm&r=g\",\"width\":96,\"height\":96,\"caption\":\"Redakcja\"}},{\"@type\":\"WebPage\",\"@id\":\"https:\\\/\\\/www.spkatarzyna.pl\\\/index.php\\\/2023\\\/04\\\/12\\\/laureata-w-konkursie-zdolny-slazak-z-biologii\\\/#webpage\",\"url\":\"https:\\\/\\\/www.spkatarzyna.pl\\\/index.php\\\/2023\\\/04\\\/12\\\/laureata-w-konkursie-zdolny-slazak-z-biologii\\\/\",\"name\":\"Mamy laureat\\u00f3w - SP Katarzyna\",\"description\":\"Szanowni Pa\\u0144stwo! Z ogromn\\u0105 rado\\u015bci\\u0105 informujemy, \\u017ce Nina Cieciuch, uczennica klasy 8b, otrzyma\\u0142a tytu\\u0142 Laureata Dolno\\u015bl\\u0105skiego Konkursu Polonistycznego oraz Agata Szreter, uczennica klasy 8b otrzyma\\u0142a tytu\\u0142 Laureata w dolno\\u015bl\\u0105skim konkursie zDolny \\u015al\\u0105zak z biologii. Laureaci Wojew\\u00f3dzkich Konkurs\\u00f3w Przedmiotowych organizowanych z zakresu jednego z przedmiot\\u00f3w obj\\u0119tych egzaminem \\u00f3smoklasisty, s\\u0105 zwolnieni z egzaminu \\u00f3smoklasisty z tego przedmiotu.\",\"inLanguage\":\"pl-PL\",\"isPartOf\":{\"@id\":\"https:\\\/\\\/www.spkatarzyna.pl\\\/#website\"},\"breadcrumb\":{\"@id\":\"https:\\\/\\\/www.spkatarzyna.pl\\\/index.php\\\/2023\\\/04\\\/12\\\/laureata-w-konkursie-zdolny-slazak-z-biologii\\\/#breadcrumblist\"},\"author\":{\"@id\":\"https:\\\/\\\/www.spkatarzyna.pl\\\/index.php\\\/author\\\/agatasafianspkatarzyna-pl\\\/#author\"},\"creator\":{\"@id\":\"https:\\\/\\\/www.spkatarzyna.pl\\\/index.php\\\/author\\\/agatasafianspkatarzyna-pl\\\/#author\"},\"image\":{\"@type\":\"ImageObject\",\"url\":\"https:\\\/\\\/www.spkatarzyna.pl\\\/wp-content\\\/uploads\\\/2023\\\/04\\\/open-book-g7057a2680_19201.jpg\",\"@id\":\"https:\\\/\\\/www.spkatarzyna.pl\\\/index.php\\\/2023\\\/04\\\/12\\\/laureata-w-konkursie-zdolny-slazak-z-biologii\\\/#mainImage\",\"width\":360,\"height\":202},\"primaryImageOfPage\":{\"@id\":\"https:\\\/\\\/www.spkatarzyna.pl\\\/index.php\\\/2023\\\/04\\\/12\\\/laureata-w-konkursie-zdolny-slazak-z-biologii\\\/#mainImage\"},\"datePublished\":\"2023-04-12T09:50:29+02:00\",\"dateModified\":\"2023-04-12T10:05:16+02:00\"},{\"@type\":\"WebSite\",\"@id\":\"https:\\\/\\\/www.spkatarzyna.pl\\\/#website\",\"url\":\"https:\\\/\\\/www.spkatarzyna.pl\\\/\",\"name\":\"SP Katarzyna\",\"description\":\"Publiczna Szko\\u0142a Podstawowa w \\u015awi\\u0119tej Katarzynie\",\"inLanguage\":\"pl-PL\",\"publisher\":{\"@id\":\"https:\\\/\\\/www.spkatarzyna.pl\\\/#organization\"}}]}\n\t\t<\/script>\n\t\t<!-- All in One SEO -->\n\n","aioseo_head_json":{"title":"Mamy laureat\u00f3w - SP Katarzyna","description":"Szanowni Pa\u0144stwo! Z ogromn\u0105 rado\u015bci\u0105 informujemy, \u017ce Nina Cieciuch, uczennica klasy 8b, otrzyma\u0142a tytu\u0142 Laureata Dolno\u015bl\u0105skiego Konkursu Polonistycznego oraz Agata Szreter, uczennica klasy 8b otrzyma\u0142a tytu\u0142 Laureata w dolno\u015bl\u0105skim konkursie zDolny \u015al\u0105zak z biologii. Laureaci Wojew\u00f3dzkich Konkurs\u00f3w Przedmiotowych organizowanych z zakresu jednego z przedmiot\u00f3w obj\u0119tych egzaminem \u00f3smoklasisty, s\u0105 zwolnieni z egzaminu \u00f3smoklasisty z tego przedmiotu.","canonical_url":"https:\/\/www.spkatarzyna.pl\/index.php\/2023\/04\/12\/laureata-w-konkursie-zdolny-slazak-z-biologii\/","robots":"max-image-preview:large","keywords":"","webmasterTools":{"miscellaneous":""},"schema":{"@context":"https:\/\/schema.org","@graph":[{"@type":"BlogPosting","@id":"https:\/\/www.spkatarzyna.pl\/index.php\/2023\/04\/12\/laureata-w-konkursie-zdolny-slazak-z-biologii\/#blogposting","name":"Mamy laureat\u00f3w - SP Katarzyna","headline":"Mamy laureat\u00f3w","author":{"@id":"https:\/\/www.spkatarzyna.pl\/index.php\/author\/agatasafianspkatarzyna-pl\/#author"},"publisher":{"@id":"https:\/\/www.spkatarzyna.pl\/#organization"},"image":{"@type":"ImageObject","url":"https:\/\/www.spkatarzyna.pl\/wp-content\/uploads\/2023\/04\/open-book-g7057a2680_19201.jpg","width":360,"height":202},"datePublished":"2023-04-12T09:50:29+02:00","dateModified":"2023-04-12T10:05:16+02:00","inLanguage":"pl-PL","mainEntityOfPage":{"@id":"https:\/\/www.spkatarzyna.pl\/index.php\/2023\/04\/12\/laureata-w-konkursie-zdolny-slazak-z-biologii\/#webpage"},"isPartOf":{"@id":"https:\/\/www.spkatarzyna.pl\/index.php\/2023\/04\/12\/laureata-w-konkursie-zdolny-slazak-z-biologii\/#webpage"},"articleSection":"Uncategorized"},{"@type":"BreadcrumbList","@id":"https:\/\/www.spkatarzyna.pl\/index.php\/2023\/04\/12\/laureata-w-konkursie-zdolny-slazak-z-biologii\/#breadcrumblist","itemListElement":[{"@type":"ListItem","@id":"https:\/\/www.spkatarzyna.pl#listItem","position":1,"name":"Dom","item":"https:\/\/www.spkatarzyna.pl","nextItem":{"@type":"ListItem","@id":"https:\/\/www.spkatarzyna.pl\/index.php\/category\/uncategorized\/#listItem","name":"Uncategorized"}},{"@type":"ListItem","@id":"https:\/\/www.spkatarzyna.pl\/index.php\/category\/uncategorized\/#listItem","position":2,"name":"Uncategorized","item":"https:\/\/www.spkatarzyna.pl\/index.php\/category\/uncategorized\/","nextItem":{"@type":"ListItem","@id":"https:\/\/www.spkatarzyna.pl\/index.php\/2023\/04\/12\/laureata-w-konkursie-zdolny-slazak-z-biologii\/#listItem","name":"Mamy laureat\u00f3w"},"previousItem":{"@type":"ListItem","@id":"https:\/\/www.spkatarzyna.pl#listItem","name":"Dom"}},{"@type":"ListItem","@id":"https:\/\/www.spkatarzyna.pl\/index.php\/2023\/04\/12\/laureata-w-konkursie-zdolny-slazak-z-biologii\/#listItem","position":3,"name":"Mamy laureat\u00f3w","previousItem":{"@type":"ListItem","@id":"https:\/\/www.spkatarzyna.pl\/index.php\/category\/uncategorized\/#listItem","name":"Uncategorized"}}]},{"@type":"Organization","@id":"https:\/\/www.spkatarzyna.pl\/#organization","name":"SP Katarzyna","description":"Publiczna Szko\u0142a Podstawowa w \u015awi\u0119tej Katarzynie","url":"https:\/\/www.spkatarzyna.pl\/","telephone":"+48713116378","sameAs":["https:\/\/facebook.com\/","https:\/\/x.com\/","https:\/\/instagram.com\/","https:\/\/pinterest.com\/","https:\/\/youtube.com\/","https:\/\/linkedin.com\/in\/"]},{"@type":"Person","@id":"https:\/\/www.spkatarzyna.pl\/index.php\/author\/agatasafianspkatarzyna-pl\/#author","url":"https:\/\/www.spkatarzyna.pl\/index.php\/author\/agatasafianspkatarzyna-pl\/","name":"Redakcja","image":{"@type":"ImageObject","@id":"https:\/\/www.spkatarzyna.pl\/index.php\/2023\/04\/12\/laureata-w-konkursie-zdolny-slazak-z-biologii\/#authorImage","url":"https:\/\/secure.gravatar.com\/avatar\/765290513df94d442152250e92b42327?s=96&d=mm&r=g","width":96,"height":96,"caption":"Redakcja"}},{"@type":"WebPage","@id":"https:\/\/www.spkatarzyna.pl\/index.php\/2023\/04\/12\/laureata-w-konkursie-zdolny-slazak-z-biologii\/#webpage","url":"https:\/\/www.spkatarzyna.pl\/index.php\/2023\/04\/12\/laureata-w-konkursie-zdolny-slazak-z-biologii\/","name":"Mamy laureat\u00f3w - SP Katarzyna","description":"Szanowni Pa\u0144stwo! Z ogromn\u0105 rado\u015bci\u0105 informujemy, \u017ce Nina Cieciuch, uczennica klasy 8b, otrzyma\u0142a tytu\u0142 Laureata Dolno\u015bl\u0105skiego Konkursu Polonistycznego oraz Agata Szreter, uczennica klasy 8b otrzyma\u0142a tytu\u0142 Laureata w dolno\u015bl\u0105skim konkursie zDolny \u015al\u0105zak z biologii. Laureaci Wojew\u00f3dzkich Konkurs\u00f3w Przedmiotowych organizowanych z zakresu jednego z przedmiot\u00f3w obj\u0119tych egzaminem \u00f3smoklasisty, s\u0105 zwolnieni z egzaminu \u00f3smoklasisty z tego przedmiotu.","inLanguage":"pl-PL","isPartOf":{"@id":"https:\/\/www.spkatarzyna.pl\/#website"},"breadcrumb":{"@id":"https:\/\/www.spkatarzyna.pl\/index.php\/2023\/04\/12\/laureata-w-konkursie-zdolny-slazak-z-biologii\/#breadcrumblist"},"author":{"@id":"https:\/\/www.spkatarzyna.pl\/index.php\/author\/agatasafianspkatarzyna-pl\/#author"},"creator":{"@id":"https:\/\/www.spkatarzyna.pl\/index.php\/author\/agatasafianspkatarzyna-pl\/#author"},"image":{"@type":"ImageObject","url":"https:\/\/www.spkatarzyna.pl\/wp-content\/uploads\/2023\/04\/open-book-g7057a2680_19201.jpg","@id":"https:\/\/www.spkatarzyna.pl\/index.php\/2023\/04\/12\/laureata-w-konkursie-zdolny-slazak-z-biologii\/#mainImage","width":360,"height":202},"primaryImageOfPage":{"@id":"https:\/\/www.spkatarzyna.pl\/index.php\/2023\/04\/12\/laureata-w-konkursie-zdolny-slazak-z-biologii\/#mainImage"},"datePublished":"2023-04-12T09:50:29+02:00","dateModified":"2023-04-12T10:05:16+02:00"},{"@type":"WebSite","@id":"https:\/\/www.spkatarzyna.pl\/#website","url":"https:\/\/www.spkatarzyna.pl\/","name":"SP Katarzyna","description":"Publiczna Szko\u0142a Podstawowa w \u015awi\u0119tej Katarzynie","inLanguage":"pl-PL","publisher":{"@id":"https:\/\/www.spkatarzyna.pl\/#organization"}}]},"og:locale":"pl_PL","og:site_name":"SP Katarzyna - Publiczna Szko\u0142a Podstawowa w \u015awi\u0119tej Katarzynie","og:type":"article","og:title":"Mamy laureat\u00f3w - SP Katarzyna","og:description":"Szanowni Pa\u0144stwo! Z ogromn\u0105 rado\u015bci\u0105 informujemy, \u017ce Nina Cieciuch, uczennica klasy 8b, otrzyma\u0142a tytu\u0142 Laureata Dolno\u015bl\u0105skiego Konkursu Polonistycznego oraz Agata Szreter, uczennica klasy 8b otrzyma\u0142a tytu\u0142 Laureata w dolno\u015bl\u0105skim konkursie zDolny \u015al\u0105zak z biologii. Laureaci Wojew\u00f3dzkich Konkurs\u00f3w Przedmiotowych organizowanych z zakresu jednego z przedmiot\u00f3w obj\u0119tych egzaminem \u00f3smoklasisty, s\u0105 zwolnieni z egzaminu \u00f3smoklasisty z tego przedmiotu.","og:url":"https:\/\/www.spkatarzyna.pl\/index.php\/2023\/04\/12\/laureata-w-konkursie-zdolny-slazak-z-biologii\/","article:published_time":"2023-04-12T09:50:29+00:00","article:modified_time":"2023-04-12T10:05:16+00:00","twitter:card":"summary_large_image","twitter:title":"Mamy laureat\u00f3w - SP Katarzyna","twitter:description":"Szanowni Pa\u0144stwo! Z ogromn\u0105 rado\u015bci\u0105 informujemy, \u017ce Nina Cieciuch, uczennica klasy 8b, otrzyma\u0142a tytu\u0142 Laureata Dolno\u015bl\u0105skiego Konkursu Polonistycznego oraz Agata Szreter, uczennica klasy 8b otrzyma\u0142a tytu\u0142 Laureata w dolno\u015bl\u0105skim konkursie zDolny \u015al\u0105zak z biologii. Laureaci Wojew\u00f3dzkich Konkurs\u00f3w Przedmiotowych organizowanych z zakresu jednego z przedmiot\u00f3w obj\u0119tych egzaminem \u00f3smoklasisty, s\u0105 zwolnieni z egzaminu \u00f3smoklasisty z tego przedmiotu."},"aioseo_meta_data":{"post_id":"4929","title":null,"description":null,"keywords":null,"keyphrases":null,"primary_term":null,"canonical_url":null,"og_title":null,"og_description":null,"og_object_type":"default","og_image_type":"default","og_image_url":null,"og_image_width":null,"og_image_height":null,"og_image_custom_url":null,"og_image_custom_fields":null,"og_video":null,"og_custom_url":null,"og_article_section":null,"og_article_tags":null,"twitter_use_og":false,"twitter_card":"default","twitter_image_type":"default","twitter_image_url":null,"twitter_image_custom_url":null,"twitter_image_custom_fields":null,"twitter_title":null,"twitter_description":null,"schema":{"blockGraphs":[],"customGraphs":[],"default":{"data":{"Article":[],"Course":[],"Dataset":[],"FAQPage":[],"Movie":[],"Person":[],"Product":[],"ProductReview":[],"Car":[],"Recipe":[],"Service":[],"SoftwareApplication":[],"WebPage":[]},"graphName":"","isEnabled":true},"graphs":[]},"schema_type":"default","schema_type_options":null,"pillar_content":false,"robots_default":true,"robots_noindex":false,"robots_noarchive":false,"robots_nosnippet":false,"robots_nofollow":false,"robots_noimageindex":false,"robots_noodp":false,"robots_notranslate":false,"robots_max_snippet":null,"robots_max_videopreview":null,"robots_max_imagepreview":"large","priority":null,"frequency":null,"local_seo":null,"limit_modified_date":false,"created":"2024-04-03 08:03:23","updated":"2026-09-03 14:22:48","focus_keyword":null,"additional_keywords":null,"truseo_locale":null,"ai":null,"breadcrumb_settings":null,"seo_analyzer_scan_date":null},"aioseo_breadcrumb":"<div class=\"aioseo-breadcrumbs\"><span class=\"aioseo-breadcrumb\">\n\t\t\t<a href=\"https:\/\/www.spkatarzyna.pl\" title=\"Dom\">Dom<\/a>\n\t\t<\/span><span class=\"aioseo-breadcrumb-separator\">&raquo;<\/span><span class=\"aioseo-breadcrumb\">\n\t\t\t<a href=\"https:\/\/www.spkatarzyna.pl\/index.php\/category\/uncategorized\/\" title=\"Uncategorized\">Uncategorized<\/a>\n\t\t<\/span><span class=\"aioseo-breadcrumb-separator\">&raquo;<\/span><span class=\"aioseo-breadcrumb\">\n\t\t\tMamy laureat\u00f3w\n\t\t<\/span><\/div>","aioseo_breadcrumb_json":[{"label":"Dom","link":"https:\/\/www.spkatarzyna.pl"},{"label":"Uncategorized","link":"https:\/\/www.spkatarzyna.pl\/index.php\/category\/uncategorized\/"},{"label":"Mamy laureat\u00f3w","link":"https:\/\/www.spkatarzyna.pl\/index.php\/2023\/04\/12\/laureata-w-konkursie-zdolny-slazak-z-biologii\/"}],"_links":{"self":[{"href":"https:\/\/www.spkatarzyna.pl\/index.php\/wp-json\/wp\/v2\/posts\/4929","targetHints":{"allow":["GET"]}}],"collection":[{"href":"https:\/\/www.spkatarzyna.pl\/index.php\/wp-json\/wp\/v2\/posts"}],"about":[{"href":"https:\/\/www.spkatarzyna.pl\/index.php\/wp-json\/wp\/v2\/types\/post"}],"author":[{"embeddable":true,"href":"https:\/\/www.spkatarzyna.pl\/index.php\/wp-json\/wp\/v2\/users\/6"}],"replies":[{"embeddable":true,"href":"https:\/\/www.spkatarzyna.pl\/index.php\/wp-json\/wp\/v2\/comments?post=4929"}],"version-history":[{"count":4,"href":"https:\/\/www.spkatarzyna.pl\/index.php\/wp-json\/wp\/v2\/posts\/4929\/revisions"}],"predecessor-version":[{"id":4934,"href":"https:\/\/www.spkatarzyna.pl\/index.php\/wp-json\/wp\/v2\/posts\/4929\/revisions\/4934"}],"wp:featuredmedia":[{"embeddable":true,"href":"https:\/\/www.spkatarzyna.pl\/index.php\/wp-json\/wp\/v2\/media\/4935"}],"wp:attachment":[{"href":"https:\/\/www.spkatarzyna.pl\/index.php\/wp-json\/wp\/v2\/media?parent=4929"}],"wp:term":[{"taxonomy":"category","embeddable":true,"href":"https:\/\/www.spkatarzyna.pl\/index.php\/wp-json\/wp\/v2\/categories?post=4929"},{"taxonomy":"post_tag","embeddable":true,"href":"https:\/\/www.spkatarzyna.pl\/index.php\/wp-json\/wp\/v2\/tags?post=4929"}],"curies":[{"name":"wp","href":"https:\/\/api.w.org\/{rel}","templated":true}]}}