{"id":4936,"date":"2023-04-13T05:36:16","date_gmt":"2023-04-13T05:36:16","guid":{"rendered":"http:\/\/www.spkatarzyna.pl\/?p=4936"},"modified":"2023-04-13T05:39:19","modified_gmt":"2023-04-13T05:39:19","slug":"zbiorka-kredki-dla-afryki","status":"publish","type":"post","link":"https:\/\/www.spkatarzyna.pl\/index.php\/2023\/04\/13\/zbiorka-kredki-dla-afryki\/","title":{"rendered":"Zbi\u00f3rka &#8222;Kredki dla Afryki&#8221;"},"content":{"rendered":"\t\t<div data-elementor-type=\"wp-post\" data-elementor-id=\"4936\" class=\"elementor elementor-4936\">\n\t\t\t\t\t\t<section class=\"elementor-section elementor-top-section elementor-element elementor-element-1812ad0c elementor-section-boxed elementor-section-height-default elementor-section-height-default\" data-id=\"1812ad0c\" data-element_type=\"section\">\n\t\t\t\t\t\t<div class=\"elementor-container elementor-column-gap-default\">\n\t\t\t\t\t<div class=\"elementor-column elementor-col-100 elementor-top-column elementor-element elementor-element-655229c1\" data-id=\"655229c1\" data-element_type=\"column\">\n\t\t\t<div class=\"elementor-widget-wrap elementor-element-populated\">\n\t\t\t\t\t\t<div class=\"elementor-element elementor-element-7e12c6f7 elementor-widget elementor-widget-text-editor\" data-id=\"7e12c6f7\" data-element_type=\"widget\" data-widget_type=\"text-editor.default\">\n\t\t\t\t\t\t\t\t\t<p style=\"text-align: justify;\"><span style=\"font-size: 14pt;\">Zapraszamy wszystkich uczni\u00f3w naszej szko\u0142y do udzia\u0142u w zbi\u00f3rce &#8222;Kredki dla Afryki&#8221;! <\/span><br \/><span style=\"font-size: 14pt;\">Akcja prowadzona jest przez Fundacj\u0119 Asante, kt\u00f3ra ju\u017c od ponad 10 lat pomaga szko\u0142om w Kenii, Zambii, Mauretanii i na Wybrze\u017cu Ko\u015bci S\u0142oniowej. Dzi\u0119ki dzia\u0142alno\u015bci fundacji, dzieci z utrudnionym dost\u0119pem do edukacji, mog\u0105 wreszcie uczy\u0107 si\u0119 w szkole i mie\u0107 w\u0142asne przybory szkolne.<\/span><br \/><span style=\"font-size: 14pt;\">Nasza szko\u0142a po raz kolejny przyst\u0119puje do akcji, dlatego do 28 kwietnia do wyznaczonego kartonu w przedsionku szko\u0142y mo\u017cna przynosi\u0107 kredki, o\u0142\u00f3wki, temper\u00f3wki i no\u017cyczki.<\/span><\/p><p style=\"text-align: right;\"><span style=\"font-size: 14pt;\">Katarzyna Mazur &#8211; koordynatorka akcji<\/span><\/p>\t\t\t\t\t\t\t\t<\/div>\n\t\t\t\t\t<\/div>\n\t\t<\/div>\n\t\t\t\t\t<\/div>\n\t\t<\/section>\n\t\t\t\t<section class=\"elementor-section elementor-top-section elementor-element elementor-element-7731c5b elementor-section-boxed elementor-section-height-default elementor-section-height-default\" data-id=\"7731c5b\" data-element_type=\"section\">\n\t\t\t\t\t\t<div class=\"elementor-container elementor-column-gap-default\">\n\t\t\t\t\t<div class=\"elementor-column elementor-col-100 elementor-top-column elementor-element elementor-element-34142e8\" data-id=\"34142e8\" data-element_type=\"column\">\n\t\t\t<div class=\"elementor-widget-wrap elementor-element-populated\">\n\t\t\t\t\t\t<div class=\"elementor-element elementor-element-9b7443f elementor-widget elementor-widget-image\" data-id=\"9b7443f\" data-element_type=\"widget\" data-widget_type=\"image.default\">\n\t\t\t\t\t\t\t\t\t\t\t\t\t\t\t<img fetchpriority=\"high\" decoding=\"async\" width=\"768\" height=\"1086\" src=\"https:\/\/www.spkatarzyna.pl\/wp-content\/uploads\/2023\/04\/1-1-768x1086.jpg\" class=\"attachment-medium_large size-medium_large wp-image-4938\" alt=\"\" srcset=\"https:\/\/www.spkatarzyna.pl\/wp-content\/uploads\/2023\/04\/1-1-768x1086.jpg 768w, https:\/\/www.spkatarzyna.pl\/wp-content\/uploads\/2023\/04\/1-1-212x300.jpg 212w, https:\/\/www.spkatarzyna.pl\/wp-content\/uploads\/2023\/04\/1-1-724x1024.jpg 724w, https:\/\/www.spkatarzyna.pl\/wp-content\/uploads\/2023\/04\/1-1-1086x1536.jpg 1086w, https:\/\/www.spkatarzyna.pl\/wp-content\/uploads\/2023\/04\/1-1-1448x2048.jpg 1448w, https:\/\/www.spkatarzyna.pl\/wp-content\/uploads\/2023\/04\/1-1.jpg 1654w\" sizes=\"(max-width: 768px) 100vw, 768px\" \/>\t\t\t\t\t\t\t\t\t\t\t\t\t\t\t<\/div>\n\t\t\t\t\t<\/div>\n\t\t<\/div>\n\t\t\t\t\t<\/div>\n\t\t<\/section>\n\t\t\t\t<\/div>\n\t\t","protected":false},"excerpt":{"rendered":"<p>Zapraszamy wszystkich uczni\u00f3w naszej szko\u0142y do udzia\u0142u w zbi\u00f3rce &#8222;Kredki dla Afryki&#8221;! Akcja prowadzona jest przez Fundacj\u0119 Asante, kt\u00f3ra ju\u017c od ponad 10 lat pomaga szko\u0142om w Kenii, Zambii, Mauretanii i na Wybrze\u017cu Ko\u015bci S\u0142oniowej. Dzi\u0119ki dzia\u0142alno\u015bci fundacji, dzieci z utrudnionym dost\u0119pem do edukacji, mog\u0105 wreszcie uczy\u0107 si\u0119 w szkole [&hellip;]<\/p>\n","protected":false},"author":6,"featured_media":4937,"comment_status":"open","ping_status":"open","sticky":false,"template":"","format":"standard","meta":{"om_disable_all_campaigns":false,"_monsterinsights_skip_tracking":false,"ngg_post_thumbnail":0,"footnotes":""},"categories":[1],"tags":[],"class_list":["post-4936","post","type-post","status-publish","format-standard","has-post-thumbnail","hentry","category-uncategorized"],"aioseo_notices":[],"aioseo_head":"\n\t\t<!-- All in One SEO 5.0.1.1 - aioseo.com -->\n\t<meta name=\"description\" content=\"Zapraszamy wszystkich uczni\u00f3w naszej szko\u0142y do udzia\u0142u w zbi\u00f3rce \u201eKredki dla Afryki\u201d! Akcja prowadzona jest przez Fundacj\u0119 Asante, kt\u00f3ra ju\u017c od ponad 10 lat pomaga szko\u0142om w Kenii, Zambii, Mauretanii i na Wybrze\u017cu Ko\u015bci S\u0142oniowej. Dzi\u0119ki dzia\u0142alno\u015bci fundacji, dzieci z utrudnionym dost\u0119pem do edukacji, mog\u0105 wreszcie uczy\u0107 si\u0119 w szkole i mie\u0107 w\u0142asne przybory szkolne.Nasza\" \/>\n\t<meta name=\"robots\" content=\"max-image-preview:large\" \/>\n\t<meta name=\"author\" content=\"Redakcja\"\/>\n\t<link rel=\"canonical\" href=\"https:\/\/www.spkatarzyna.pl\/index.php\/2023\/04\/13\/zbiorka-kredki-dla-afryki\/\" \/>\n\t<meta name=\"generator\" content=\"All in One SEO (AIOSEO) 5.0.1.1\" \/>\n\t\t<meta property=\"og:locale\" content=\"pl_PL\" \/>\n\t\t<meta property=\"og:site_name\" content=\"SP Katarzyna - Publiczna Szko\u0142a Podstawowa w \u015awi\u0119tej Katarzynie\" \/>\n\t\t<meta property=\"og:type\" content=\"article\" \/>\n\t\t<meta property=\"og:title\" content=\"Zbi\u00f3rka \u201eKredki dla Afryki\u201d - SP Katarzyna\" \/>\n\t\t<meta property=\"og:description\" content=\"Zapraszamy wszystkich uczni\u00f3w naszej szko\u0142y do udzia\u0142u w zbi\u00f3rce \u201eKredki dla Afryki\u201d! Akcja prowadzona jest przez Fundacj\u0119 Asante, kt\u00f3ra ju\u017c od ponad 10 lat pomaga szko\u0142om w Kenii, Zambii, Mauretanii i na Wybrze\u017cu Ko\u015bci S\u0142oniowej. Dzi\u0119ki dzia\u0142alno\u015bci fundacji, dzieci z utrudnionym dost\u0119pem do edukacji, mog\u0105 wreszcie uczy\u0107 si\u0119 w szkole i mie\u0107 w\u0142asne przybory szkolne.Nasza\" \/>\n\t\t<meta property=\"og:url\" content=\"https:\/\/www.spkatarzyna.pl\/index.php\/2023\/04\/13\/zbiorka-kredki-dla-afryki\/\" \/>\n\t\t<meta property=\"article:published_time\" content=\"2023-04-13T05:36:16+00:00\" \/>\n\t\t<meta property=\"article:modified_time\" content=\"2023-04-13T05:39:19+00:00\" \/>\n\t\t<meta name=\"twitter:card\" content=\"summary_large_image\" \/>\n\t\t<meta name=\"twitter:title\" content=\"Zbi\u00f3rka \u201eKredki dla Afryki\u201d - SP Katarzyna\" \/>\n\t\t<meta name=\"twitter:description\" content=\"Zapraszamy wszystkich uczni\u00f3w naszej szko\u0142y do udzia\u0142u w zbi\u00f3rce \u201eKredki dla Afryki\u201d! Akcja prowadzona jest przez Fundacj\u0119 Asante, kt\u00f3ra ju\u017c od ponad 10 lat pomaga szko\u0142om w Kenii, Zambii, Mauretanii i na Wybrze\u017cu Ko\u015bci S\u0142oniowej. Dzi\u0119ki dzia\u0142alno\u015bci fundacji, dzieci z utrudnionym dost\u0119pem do edukacji, mog\u0105 wreszcie uczy\u0107 si\u0119 w szkole i mie\u0107 w\u0142asne przybory szkolne.Nasza\" \/>\n\t\t<script type=\"application\/ld+json\" class=\"aioseo-schema\">\n\t\t\t{\"@context\":\"https:\\\/\\\/schema.org\",\"@graph\":[{\"@type\":\"BlogPosting\",\"@id\":\"https:\\\/\\\/www.spkatarzyna.pl\\\/index.php\\\/2023\\\/04\\\/13\\\/zbiorka-kredki-dla-afryki\\\/#blogposting\",\"name\":\"Zbi\\u00f3rka \\u201eKredki dla Afryki\\u201d - SP Katarzyna\",\"headline\":\"Zbi\\u00f3rka &#8222;Kredki dla Afryki&#8221;\",\"author\":{\"@id\":\"https:\\\/\\\/www.spkatarzyna.pl\\\/index.php\\\/author\\\/agatasafianspkatarzyna-pl\\\/#author\"},\"publisher\":{\"@id\":\"https:\\\/\\\/www.spkatarzyna.pl\\\/#organization\"},\"image\":{\"@type\":\"ImageObject\",\"url\":\"https:\\\/\\\/www.spkatarzyna.pl\\\/wp-content\\\/uploads\\\/2023\\\/04\\\/zapraszamy-do-wziecia-udzialu-w-.png\",\"width\":360,\"height\":202},\"datePublished\":\"2023-04-13T05:36:16+02:00\",\"dateModified\":\"2023-04-13T05:39:19+02:00\",\"inLanguage\":\"pl-PL\",\"mainEntityOfPage\":{\"@id\":\"https:\\\/\\\/www.spkatarzyna.pl\\\/index.php\\\/2023\\\/04\\\/13\\\/zbiorka-kredki-dla-afryki\\\/#webpage\"},\"isPartOf\":{\"@id\":\"https:\\\/\\\/www.spkatarzyna.pl\\\/index.php\\\/2023\\\/04\\\/13\\\/zbiorka-kredki-dla-afryki\\\/#webpage\"},\"articleSection\":\"Uncategorized\"},{\"@type\":\"BreadcrumbList\",\"@id\":\"https:\\\/\\\/www.spkatarzyna.pl\\\/index.php\\\/2023\\\/04\\\/13\\\/zbiorka-kredki-dla-afryki\\\/#breadcrumblist\",\"itemListElement\":[{\"@type\":\"ListItem\",\"@id\":\"https:\\\/\\\/www.spkatarzyna.pl#listItem\",\"position\":1,\"name\":\"Dom\",\"item\":\"https:\\\/\\\/www.spkatarzyna.pl\",\"nextItem\":{\"@type\":\"ListItem\",\"@id\":\"https:\\\/\\\/www.spkatarzyna.pl\\\/index.php\\\/category\\\/uncategorized\\\/#listItem\",\"name\":\"Uncategorized\"}},{\"@type\":\"ListItem\",\"@id\":\"https:\\\/\\\/www.spkatarzyna.pl\\\/index.php\\\/category\\\/uncategorized\\\/#listItem\",\"position\":2,\"name\":\"Uncategorized\",\"item\":\"https:\\\/\\\/www.spkatarzyna.pl\\\/index.php\\\/category\\\/uncategorized\\\/\",\"nextItem\":{\"@type\":\"ListItem\",\"@id\":\"https:\\\/\\\/www.spkatarzyna.pl\\\/index.php\\\/2023\\\/04\\\/13\\\/zbiorka-kredki-dla-afryki\\\/#listItem\",\"name\":\"Zbi\\u00f3rka &#8222;Kredki dla Afryki&#8221;\"},\"previousItem\":{\"@type\":\"ListItem\",\"@id\":\"https:\\\/\\\/www.spkatarzyna.pl#listItem\",\"name\":\"Dom\"}},{\"@type\":\"ListItem\",\"@id\":\"https:\\\/\\\/www.spkatarzyna.pl\\\/index.php\\\/2023\\\/04\\\/13\\\/zbiorka-kredki-dla-afryki\\\/#listItem\",\"position\":3,\"name\":\"Zbi\\u00f3rka &#8222;Kredki dla Afryki&#8221;\",\"previousItem\":{\"@type\":\"ListItem\",\"@id\":\"https:\\\/\\\/www.spkatarzyna.pl\\\/index.php\\\/category\\\/uncategorized\\\/#listItem\",\"name\":\"Uncategorized\"}}]},{\"@type\":\"Organization\",\"@id\":\"https:\\\/\\\/www.spkatarzyna.pl\\\/#organization\",\"name\":\"SP Katarzyna\",\"description\":\"Publiczna Szko\\u0142a Podstawowa w \\u015awi\\u0119tej Katarzynie\",\"url\":\"https:\\\/\\\/www.spkatarzyna.pl\\\/\",\"telephone\":\"+48713116378\",\"sameAs\":[\"https:\\\/\\\/facebook.com\\\/\",\"https:\\\/\\\/x.com\\\/\",\"https:\\\/\\\/instagram.com\\\/\",\"https:\\\/\\\/pinterest.com\\\/\",\"https:\\\/\\\/youtube.com\\\/\",\"https:\\\/\\\/linkedin.com\\\/in\\\/\"]},{\"@type\":\"Person\",\"@id\":\"https:\\\/\\\/www.spkatarzyna.pl\\\/index.php\\\/author\\\/agatasafianspkatarzyna-pl\\\/#author\",\"url\":\"https:\\\/\\\/www.spkatarzyna.pl\\\/index.php\\\/author\\\/agatasafianspkatarzyna-pl\\\/\",\"name\":\"Redakcja\",\"image\":{\"@type\":\"ImageObject\",\"@id\":\"https:\\\/\\\/www.spkatarzyna.pl\\\/index.php\\\/2023\\\/04\\\/13\\\/zbiorka-kredki-dla-afryki\\\/#authorImage\",\"url\":\"https:\\\/\\\/secure.gravatar.com\\\/avatar\\\/765290513df94d442152250e92b42327?s=96&d=mm&r=g\",\"width\":96,\"height\":96,\"caption\":\"Redakcja\"}},{\"@type\":\"WebPage\",\"@id\":\"https:\\\/\\\/www.spkatarzyna.pl\\\/index.php\\\/2023\\\/04\\\/13\\\/zbiorka-kredki-dla-afryki\\\/#webpage\",\"url\":\"https:\\\/\\\/www.spkatarzyna.pl\\\/index.php\\\/2023\\\/04\\\/13\\\/zbiorka-kredki-dla-afryki\\\/\",\"name\":\"Zbi\\u00f3rka \\u201eKredki dla Afryki\\u201d - SP Katarzyna\",\"description\":\"Zapraszamy wszystkich uczni\\u00f3w naszej szko\\u0142y do udzia\\u0142u w zbi\\u00f3rce \\u201eKredki dla Afryki\\u201d! Akcja prowadzona jest przez Fundacj\\u0119 Asante, kt\\u00f3ra ju\\u017c od ponad 10 lat pomaga szko\\u0142om w Kenii, Zambii, Mauretanii i na Wybrze\\u017cu Ko\\u015bci S\\u0142oniowej. Dzi\\u0119ki dzia\\u0142alno\\u015bci fundacji, dzieci z utrudnionym dost\\u0119pem do edukacji, mog\\u0105 wreszcie uczy\\u0107 si\\u0119 w szkole i mie\\u0107 w\\u0142asne przybory szkolne.Nasza\",\"inLanguage\":\"pl-PL\",\"isPartOf\":{\"@id\":\"https:\\\/\\\/www.spkatarzyna.pl\\\/#website\"},\"breadcrumb\":{\"@id\":\"https:\\\/\\\/www.spkatarzyna.pl\\\/index.php\\\/2023\\\/04\\\/13\\\/zbiorka-kredki-dla-afryki\\\/#breadcrumblist\"},\"author\":{\"@id\":\"https:\\\/\\\/www.spkatarzyna.pl\\\/index.php\\\/author\\\/agatasafianspkatarzyna-pl\\\/#author\"},\"creator\":{\"@id\":\"https:\\\/\\\/www.spkatarzyna.pl\\\/index.php\\\/author\\\/agatasafianspkatarzyna-pl\\\/#author\"},\"image\":{\"@type\":\"ImageObject\",\"url\":\"https:\\\/\\\/www.spkatarzyna.pl\\\/wp-content\\\/uploads\\\/2023\\\/04\\\/zapraszamy-do-wziecia-udzialu-w-.png\",\"@id\":\"https:\\\/\\\/www.spkatarzyna.pl\\\/index.php\\\/2023\\\/04\\\/13\\\/zbiorka-kredki-dla-afryki\\\/#mainImage\",\"width\":360,\"height\":202},\"primaryImageOfPage\":{\"@id\":\"https:\\\/\\\/www.spkatarzyna.pl\\\/index.php\\\/2023\\\/04\\\/13\\\/zbiorka-kredki-dla-afryki\\\/#mainImage\"},\"datePublished\":\"2023-04-13T05:36:16+02:00\",\"dateModified\":\"2023-04-13T05:39:19+02:00\"},{\"@type\":\"WebSite\",\"@id\":\"https:\\\/\\\/www.spkatarzyna.pl\\\/#website\",\"url\":\"https:\\\/\\\/www.spkatarzyna.pl\\\/\",\"name\":\"SP Katarzyna\",\"description\":\"Publiczna Szko\\u0142a Podstawowa w \\u015awi\\u0119tej Katarzynie\",\"inLanguage\":\"pl-PL\",\"publisher\":{\"@id\":\"https:\\\/\\\/www.spkatarzyna.pl\\\/#organization\"}}]}\n\t\t<\/script>\n\t\t<!-- All in One SEO -->\n\n","aioseo_head_json":{"title":"Zbi\u00f3rka \u201eKredki dla Afryki\u201d - SP Katarzyna","description":"Zapraszamy wszystkich uczni\u00f3w naszej szko\u0142y do udzia\u0142u w zbi\u00f3rce \u201eKredki dla Afryki\u201d! Akcja prowadzona jest przez Fundacj\u0119 Asante, kt\u00f3ra ju\u017c od ponad 10 lat pomaga szko\u0142om w Kenii, Zambii, Mauretanii i na Wybrze\u017cu Ko\u015bci S\u0142oniowej. Dzi\u0119ki dzia\u0142alno\u015bci fundacji, dzieci z utrudnionym dost\u0119pem do edukacji, mog\u0105 wreszcie uczy\u0107 si\u0119 w szkole i mie\u0107 w\u0142asne przybory szkolne.Nasza","canonical_url":"https:\/\/www.spkatarzyna.pl\/index.php\/2023\/04\/13\/zbiorka-kredki-dla-afryki\/","robots":"max-image-preview:large","keywords":"","webmasterTools":{"miscellaneous":""},"schema":{"@context":"https:\/\/schema.org","@graph":[{"@type":"BlogPosting","@id":"https:\/\/www.spkatarzyna.pl\/index.php\/2023\/04\/13\/zbiorka-kredki-dla-afryki\/#blogposting","name":"Zbi\u00f3rka \u201eKredki dla Afryki\u201d - SP Katarzyna","headline":"Zbi\u00f3rka &#8222;Kredki dla Afryki&#8221;","author":{"@id":"https:\/\/www.spkatarzyna.pl\/index.php\/author\/agatasafianspkatarzyna-pl\/#author"},"publisher":{"@id":"https:\/\/www.spkatarzyna.pl\/#organization"},"image":{"@type":"ImageObject","url":"https:\/\/www.spkatarzyna.pl\/wp-content\/uploads\/2023\/04\/zapraszamy-do-wziecia-udzialu-w-.png","width":360,"height":202},"datePublished":"2023-04-13T05:36:16+02:00","dateModified":"2023-04-13T05:39:19+02:00","inLanguage":"pl-PL","mainEntityOfPage":{"@id":"https:\/\/www.spkatarzyna.pl\/index.php\/2023\/04\/13\/zbiorka-kredki-dla-afryki\/#webpage"},"isPartOf":{"@id":"https:\/\/www.spkatarzyna.pl\/index.php\/2023\/04\/13\/zbiorka-kredki-dla-afryki\/#webpage"},"articleSection":"Uncategorized"},{"@type":"BreadcrumbList","@id":"https:\/\/www.spkatarzyna.pl\/index.php\/2023\/04\/13\/zbiorka-kredki-dla-afryki\/#breadcrumblist","itemListElement":[{"@type":"ListItem","@id":"https:\/\/www.spkatarzyna.pl#listItem","position":1,"name":"Dom","item":"https:\/\/www.spkatarzyna.pl","nextItem":{"@type":"ListItem","@id":"https:\/\/www.spkatarzyna.pl\/index.php\/category\/uncategorized\/#listItem","name":"Uncategorized"}},{"@type":"ListItem","@id":"https:\/\/www.spkatarzyna.pl\/index.php\/category\/uncategorized\/#listItem","position":2,"name":"Uncategorized","item":"https:\/\/www.spkatarzyna.pl\/index.php\/category\/uncategorized\/","nextItem":{"@type":"ListItem","@id":"https:\/\/www.spkatarzyna.pl\/index.php\/2023\/04\/13\/zbiorka-kredki-dla-afryki\/#listItem","name":"Zbi\u00f3rka &#8222;Kredki dla Afryki&#8221;"},"previousItem":{"@type":"ListItem","@id":"https:\/\/www.spkatarzyna.pl#listItem","name":"Dom"}},{"@type":"ListItem","@id":"https:\/\/www.spkatarzyna.pl\/index.php\/2023\/04\/13\/zbiorka-kredki-dla-afryki\/#listItem","position":3,"name":"Zbi\u00f3rka &#8222;Kredki dla Afryki&#8221;","previousItem":{"@type":"ListItem","@id":"https:\/\/www.spkatarzyna.pl\/index.php\/category\/uncategorized\/#listItem","name":"Uncategorized"}}]},{"@type":"Organization","@id":"https:\/\/www.spkatarzyna.pl\/#organization","name":"SP Katarzyna","description":"Publiczna Szko\u0142a Podstawowa w \u015awi\u0119tej Katarzynie","url":"https:\/\/www.spkatarzyna.pl\/","telephone":"+48713116378","sameAs":["https:\/\/facebook.com\/","https:\/\/x.com\/","https:\/\/instagram.com\/","https:\/\/pinterest.com\/","https:\/\/youtube.com\/","https:\/\/linkedin.com\/in\/"]},{"@type":"Person","@id":"https:\/\/www.spkatarzyna.pl\/index.php\/author\/agatasafianspkatarzyna-pl\/#author","url":"https:\/\/www.spkatarzyna.pl\/index.php\/author\/agatasafianspkatarzyna-pl\/","name":"Redakcja","image":{"@type":"ImageObject","@id":"https:\/\/www.spkatarzyna.pl\/index.php\/2023\/04\/13\/zbiorka-kredki-dla-afryki\/#authorImage","url":"https:\/\/secure.gravatar.com\/avatar\/765290513df94d442152250e92b42327?s=96&d=mm&r=g","width":96,"height":96,"caption":"Redakcja"}},{"@type":"WebPage","@id":"https:\/\/www.spkatarzyna.pl\/index.php\/2023\/04\/13\/zbiorka-kredki-dla-afryki\/#webpage","url":"https:\/\/www.spkatarzyna.pl\/index.php\/2023\/04\/13\/zbiorka-kredki-dla-afryki\/","name":"Zbi\u00f3rka \u201eKredki dla Afryki\u201d - SP Katarzyna","description":"Zapraszamy wszystkich uczni\u00f3w naszej szko\u0142y do udzia\u0142u w zbi\u00f3rce \u201eKredki dla Afryki\u201d! Akcja prowadzona jest przez Fundacj\u0119 Asante, kt\u00f3ra ju\u017c od ponad 10 lat pomaga szko\u0142om w Kenii, Zambii, Mauretanii i na Wybrze\u017cu Ko\u015bci S\u0142oniowej. Dzi\u0119ki dzia\u0142alno\u015bci fundacji, dzieci z utrudnionym dost\u0119pem do edukacji, mog\u0105 wreszcie uczy\u0107 si\u0119 w szkole i mie\u0107 w\u0142asne przybory szkolne.Nasza","inLanguage":"pl-PL","isPartOf":{"@id":"https:\/\/www.spkatarzyna.pl\/#website"},"breadcrumb":{"@id":"https:\/\/www.spkatarzyna.pl\/index.php\/2023\/04\/13\/zbiorka-kredki-dla-afryki\/#breadcrumblist"},"author":{"@id":"https:\/\/www.spkatarzyna.pl\/index.php\/author\/agatasafianspkatarzyna-pl\/#author"},"creator":{"@id":"https:\/\/www.spkatarzyna.pl\/index.php\/author\/agatasafianspkatarzyna-pl\/#author"},"image":{"@type":"ImageObject","url":"https:\/\/www.spkatarzyna.pl\/wp-content\/uploads\/2023\/04\/zapraszamy-do-wziecia-udzialu-w-.png","@id":"https:\/\/www.spkatarzyna.pl\/index.php\/2023\/04\/13\/zbiorka-kredki-dla-afryki\/#mainImage","width":360,"height":202},"primaryImageOfPage":{"@id":"https:\/\/www.spkatarzyna.pl\/index.php\/2023\/04\/13\/zbiorka-kredki-dla-afryki\/#mainImage"},"datePublished":"2023-04-13T05:36:16+02:00","dateModified":"2023-04-13T05:39:19+02:00"},{"@type":"WebSite","@id":"https:\/\/www.spkatarzyna.pl\/#website","url":"https:\/\/www.spkatarzyna.pl\/","name":"SP Katarzyna","description":"Publiczna Szko\u0142a Podstawowa w \u015awi\u0119tej Katarzynie","inLanguage":"pl-PL","publisher":{"@id":"https:\/\/www.spkatarzyna.pl\/#organization"}}]},"og:locale":"pl_PL","og:site_name":"SP Katarzyna - Publiczna Szko\u0142a Podstawowa w \u015awi\u0119tej Katarzynie","og:type":"article","og:title":"Zbi\u00f3rka \u201eKredki dla Afryki\u201d - SP Katarzyna","og:description":"Zapraszamy wszystkich uczni\u00f3w naszej szko\u0142y do udzia\u0142u w zbi\u00f3rce \u201eKredki dla Afryki\u201d! Akcja prowadzona jest przez Fundacj\u0119 Asante, kt\u00f3ra ju\u017c od ponad 10 lat pomaga szko\u0142om w Kenii, Zambii, Mauretanii i na Wybrze\u017cu Ko\u015bci S\u0142oniowej. Dzi\u0119ki dzia\u0142alno\u015bci fundacji, dzieci z utrudnionym dost\u0119pem do edukacji, mog\u0105 wreszcie uczy\u0107 si\u0119 w szkole i mie\u0107 w\u0142asne przybory szkolne.Nasza","og:url":"https:\/\/www.spkatarzyna.pl\/index.php\/2023\/04\/13\/zbiorka-kredki-dla-afryki\/","article:published_time":"2023-04-13T05:36:16+00:00","article:modified_time":"2023-04-13T05:39:19+00:00","twitter:card":"summary_large_image","twitter:title":"Zbi\u00f3rka \u201eKredki dla Afryki\u201d - SP Katarzyna","twitter:description":"Zapraszamy wszystkich uczni\u00f3w naszej szko\u0142y do udzia\u0142u w zbi\u00f3rce \u201eKredki dla Afryki\u201d! Akcja prowadzona jest przez Fundacj\u0119 Asante, kt\u00f3ra ju\u017c od ponad 10 lat pomaga szko\u0142om w Kenii, Zambii, Mauretanii i na Wybrze\u017cu Ko\u015bci S\u0142oniowej. Dzi\u0119ki dzia\u0142alno\u015bci fundacji, dzieci z utrudnionym dost\u0119pem do edukacji, mog\u0105 wreszcie uczy\u0107 si\u0119 w szkole i mie\u0107 w\u0142asne przybory szkolne.Nasza"},"aioseo_meta_data":{"post_id":"4936","title":null,"description":null,"keywords":null,"keyphrases":null,"primary_term":null,"canonical_url":null,"og_title":null,"og_description":null,"og_object_type":"default","og_image_type":"default","og_image_url":null,"og_image_width":null,"og_image_height":null,"og_image_custom_url":null,"og_image_custom_fields":null,"og_video":null,"og_custom_url":null,"og_article_section":null,"og_article_tags":null,"twitter_use_og":false,"twitter_card":"default","twitter_image_type":"default","twitter_image_url":null,"twitter_image_custom_url":null,"twitter_image_custom_fields":null,"twitter_title":null,"twitter_description":null,"schema":{"blockGraphs":[],"customGraphs":[],"default":{"data":{"Article":[],"Course":[],"Dataset":[],"FAQPage":[],"Movie":[],"Person":[],"Product":[],"ProductReview":[],"Car":[],"Recipe":[],"Service":[],"SoftwareApplication":[],"WebPage":[]},"graphName":"","isEnabled":true},"graphs":[]},"schema_type":"default","schema_type_options":null,"pillar_content":false,"robots_default":true,"robots_noindex":false,"robots_noarchive":false,"robots_nosnippet":false,"robots_nofollow":false,"robots_noimageindex":false,"robots_noodp":false,"robots_notranslate":false,"robots_max_snippet":null,"robots_max_videopreview":null,"robots_max_imagepreview":"large","priority":null,"frequency":null,"local_seo":null,"limit_modified_date":false,"created":"2024-04-03 08:03:23","updated":"2026-09-03 14:22:48","focus_keyword":null,"additional_keywords":null,"truseo_locale":null,"ai":null,"breadcrumb_settings":null,"seo_analyzer_scan_date":null},"aioseo_breadcrumb":"<div class=\"aioseo-breadcrumbs\"><span class=\"aioseo-breadcrumb\">\n\t\t\t<a href=\"https:\/\/www.spkatarzyna.pl\" title=\"Dom\">Dom<\/a>\n\t\t<\/span><span class=\"aioseo-breadcrumb-separator\">&raquo;<\/span><span class=\"aioseo-breadcrumb\">\n\t\t\t<a href=\"https:\/\/www.spkatarzyna.pl\/index.php\/category\/uncategorized\/\" title=\"Uncategorized\">Uncategorized<\/a>\n\t\t<\/span><span class=\"aioseo-breadcrumb-separator\">&raquo;<\/span><span class=\"aioseo-breadcrumb\">\n\t\t\tZbi\u00f3rka \u201eKredki dla Afryki\u201d\n\t\t<\/span><\/div>","aioseo_breadcrumb_json":[{"label":"Dom","link":"https:\/\/www.spkatarzyna.pl"},{"label":"Uncategorized","link":"https:\/\/www.spkatarzyna.pl\/index.php\/category\/uncategorized\/"},{"label":"Zbi\u00f3rka &#8222;Kredki dla Afryki&#8221;","link":"https:\/\/www.spkatarzyna.pl\/index.php\/2023\/04\/13\/zbiorka-kredki-dla-afryki\/"}],"_links":{"self":[{"href":"https:\/\/www.spkatarzyna.pl\/index.php\/wp-json\/wp\/v2\/posts\/4936","targetHints":{"allow":["GET"]}}],"collection":[{"href":"https:\/\/www.spkatarzyna.pl\/index.php\/wp-json\/wp\/v2\/posts"}],"about":[{"href":"https:\/\/www.spkatarzyna.pl\/index.php\/wp-json\/wp\/v2\/types\/post"}],"author":[{"embeddable":true,"href":"https:\/\/www.spkatarzyna.pl\/index.php\/wp-json\/wp\/v2\/users\/6"}],"replies":[{"embeddable":true,"href":"https:\/\/www.spkatarzyna.pl\/index.php\/wp-json\/wp\/v2\/comments?post=4936"}],"version-history":[{"count":7,"href":"https:\/\/www.spkatarzyna.pl\/index.php\/wp-json\/wp\/v2\/posts\/4936\/revisions"}],"predecessor-version":[{"id":4945,"href":"https:\/\/www.spkatarzyna.pl\/index.php\/wp-json\/wp\/v2\/posts\/4936\/revisions\/4945"}],"wp:featuredmedia":[{"embeddable":true,"href":"https:\/\/www.spkatarzyna.pl\/index.php\/wp-json\/wp\/v2\/media\/4937"}],"wp:attachment":[{"href":"https:\/\/www.spkatarzyna.pl\/index.php\/wp-json\/wp\/v2\/media?parent=4936"}],"wp:term":[{"taxonomy":"category","embeddable":true,"href":"https:\/\/www.spkatarzyna.pl\/index.php\/wp-json\/wp\/v2\/categories?post=4936"},{"taxonomy":"post_tag","embeddable":true,"href":"https:\/\/www.spkatarzyna.pl\/index.php\/wp-json\/wp\/v2\/tags?post=4936"}],"curies":[{"name":"wp","href":"https:\/\/api.w.org\/{rel}","templated":true}]}}