{"id":4978,"date":"2023-04-24T12:56:40","date_gmt":"2023-04-24T12:56:40","guid":{"rendered":"http:\/\/www.spkatarzyna.pl\/?p=4978"},"modified":"2023-04-24T13:01:02","modified_gmt":"2023-04-24T13:01:02","slug":"szkolne-targi-edukacyjne","status":"publish","type":"post","link":"https:\/\/www.spkatarzyna.pl\/index.php\/2023\/04\/24\/szkolne-targi-edukacyjne\/","title":{"rendered":"Szkolne Targi Edukacyjne"},"content":{"rendered":"\t\t<div data-elementor-type=\"wp-post\" data-elementor-id=\"4978\" class=\"elementor elementor-4978\">\n\t\t\t\t\t\t<section class=\"elementor-section elementor-top-section elementor-element elementor-element-77cf9193 elementor-section-boxed elementor-section-height-default elementor-section-height-default\" data-id=\"77cf9193\" data-element_type=\"section\">\n\t\t\t\t\t\t<div class=\"elementor-container elementor-column-gap-default\">\n\t\t\t\t\t<div class=\"elementor-column elementor-col-100 elementor-top-column elementor-element elementor-element-4fcf5ff2\" data-id=\"4fcf5ff2\" data-element_type=\"column\">\n\t\t\t<div class=\"elementor-widget-wrap elementor-element-populated\">\n\t\t\t\t\t\t<div class=\"elementor-element elementor-element-3e32418e elementor-widget elementor-widget-text-editor\" data-id=\"3e32418e\" data-element_type=\"widget\" data-widget_type=\"text-editor.default\">\n\t\t\t\t\t\t\t\t\t<p style=\"text-align: justify;\"><span style=\"font-size: 14pt;\">We wtorek 4 kwietnia 2023r., w naszej szkole, odby\u0142y si\u0119 po raz kolejny, <strong>Szkolne Targi Edukacyjne<\/strong>. Uczniowie klas \u00f3smych i si\u00f3dmej mieli okazj\u0119 pozna\u0107 ofert\u0119 edukacyjn\u0105 szk\u00f3\u0142 ponadpodstawowych i zdoby\u0107 cenne informacje bezpo\u015brednio od nauczycieli szk\u00f3\u0142 \u015brednich oraz starszych koleg\u00f3w.<\/span>\n<span style=\"font-size: 14pt;\">Nasze zaproszenia przyj\u0119\u0142y nast\u0119puj\u0105ce szko\u0142y:<\/span>\n<span style=\"font-size: 14pt;\">-Liceum Og\u00f3lnokszta\u0142c\u0105ce nr XII we Wroc\u0142awiu<\/span>\n<span style=\"font-size: 14pt;\">-Liceum Og\u00f3lnokszta\u0142c\u0105ce nr XIII we Wroc\u0142awiu<\/span>\n<span style=\"font-size: 14pt;\">-Zesp\u00f3\u0142 Szk\u00f3\u0142 Ekonomiczno-Og\u00f3lnokszta\u0142c\u0105cych &#8211; z Oddzia\u0142ami Mistrzostwa Sportowego we Wroc\u0142awiu<\/span>\n<span style=\"font-size: 14pt;\">-Zesp\u00f3\u0142 Szk\u00f3\u0142 nr 2 we Wroc\u0142awiu<\/span>\n<span style=\"font-size: 14pt;\">-Zesp\u00f3\u0142 Szk\u00f3\u0142 Gastronomicznych we Wroc\u0142awiu<\/span>\n<span style=\"font-size: 14pt;\">-Centrum Kszta\u0142cenia Zawodowego i Ustawicznego w Ludowie Polskim, Technikum, Szko\u0142a Bran\u017cowa. Dzi\u0119kujemy przyby\u0142ym go\u015bciom za po\u015bwi\u0119cony czas i przekazan\u0105 wiedz\u0119.<\/span><\/p>\t\t\t\t\t\t\t\t<\/div>\n\t\t\t\t<div class=\"elementor-element elementor-element-fd1be04 elementor-widget elementor-widget-image-gallery\" data-id=\"fd1be04\" data-element_type=\"widget\" data-widget_type=\"image-gallery.default\">\n\t\t\t\t\t\t\t<div class=\"elementor-image-gallery\">\n\t\t\t\n\t\t<div id='gallery-1' class='gallery galleryid-4978 gallery-columns-4 gallery-size-thumbnail gallery1'><script type=\"text\/javascript\">\n\/\/ <![CDATA[\n\tjQuery(document).ready(function () {\n\t\tjQuery(\".gallery1 a\").attr(\"rel\",\"gallery1\");\t\n\t\tjQuery('a[rel=\"gallery1\"]').colorbox({title: function(){ return jQuery(this).children().attr(\"alt\"); }});\n\t});\n\/\/ ]]>\n<\/script>\n<dl class=\"gallery-item\">\n<dt class=\"gallery-icon\">\n<a href=\"https:\/\/www.spkatarzyna.pl\/wp-content\/uploads\/2023\/04\/DSC07628-300x169.jpg\" title=\"\" rel=\"gallery1\" rel=\"lightbox[4978]\"><img decoding=\"async\" src=\"https:\/\/www.spkatarzyna.pl\/wp-content\/uploads\/2023\/04\/DSC07628-150x150.jpg\" width=\"150\" height=\"150\" alt=\"\" \/><\/a>\n<\/dt><\/dl><dl class=\"gallery-item\">\n<dt class=\"gallery-icon\">\n<a href=\"https:\/\/www.spkatarzyna.pl\/wp-content\/uploads\/2023\/04\/DSC07629-300x169.jpg\" title=\"\" rel=\"gallery1\" rel=\"lightbox[4978]\"><img decoding=\"async\" src=\"https:\/\/www.spkatarzyna.pl\/wp-content\/uploads\/2023\/04\/DSC07629-150x150.jpg\" width=\"150\" height=\"150\" alt=\"\" \/><\/a>\n<\/dt><\/dl><dl class=\"gallery-item\">\n<dt class=\"gallery-icon\">\n<a href=\"https:\/\/www.spkatarzyna.pl\/wp-content\/uploads\/2023\/04\/DSC07635-300x169.jpg\" title=\"\" rel=\"gallery1\" rel=\"lightbox[4978]\"><img decoding=\"async\" src=\"https:\/\/www.spkatarzyna.pl\/wp-content\/uploads\/2023\/04\/DSC07635-150x150.jpg\" width=\"150\" height=\"150\" alt=\"\" \/><\/a>\n<\/dt><\/dl><dl class=\"gallery-item\">\n<dt class=\"gallery-icon\">\n<a href=\"https:\/\/www.spkatarzyna.pl\/wp-content\/uploads\/2023\/04\/DSC07656-300x169.jpg\" title=\"\" rel=\"gallery1\" rel=\"lightbox[4978]\"><img loading=\"lazy\" decoding=\"async\" src=\"https:\/\/www.spkatarzyna.pl\/wp-content\/uploads\/2023\/04\/DSC07656-150x150.jpg\" width=\"150\" height=\"150\" alt=\"\" \/><\/a>\n<\/dt><\/dl><br style=\"clear: both\" \/><dl class=\"gallery-item\">\n<dt class=\"gallery-icon\">\n<a href=\"https:\/\/www.spkatarzyna.pl\/wp-content\/uploads\/2023\/04\/DSC07658-300x169.jpg\" title=\"\" rel=\"gallery1\" rel=\"lightbox[4978]\"><img loading=\"lazy\" decoding=\"async\" src=\"https:\/\/www.spkatarzyna.pl\/wp-content\/uploads\/2023\/04\/DSC07658-150x150.jpg\" width=\"150\" height=\"150\" alt=\"\" \/><\/a>\n<\/dt><\/dl><dl class=\"gallery-item\">\n<dt class=\"gallery-icon\">\n<a href=\"https:\/\/www.spkatarzyna.pl\/wp-content\/uploads\/2023\/04\/DSC07661-300x169.jpg\" title=\"\" rel=\"gallery1\" rel=\"lightbox[4978]\"><img loading=\"lazy\" decoding=\"async\" src=\"https:\/\/www.spkatarzyna.pl\/wp-content\/uploads\/2023\/04\/DSC07661-150x150.jpg\" width=\"150\" height=\"150\" alt=\"\" \/><\/a>\n<\/dt><\/dl><br style=\"clear: both\" \/><\/div>\t\t<\/div>\n\t\t\t\t\t\t<\/div>\n\t\t\t\t\t<\/div>\n\t\t<\/div>\n\t\t\t\t\t<\/div>\n\t\t<\/section>\n\t\t\t\t<\/div>\n\t\t","protected":false},"excerpt":{"rendered":"<p>We wtorek 4 kwietnia 2023r., w naszej szkole, odby\u0142y si\u0119 po raz kolejny, Szkolne Targi Edukacyjne. Uczniowie klas \u00f3smych i si\u00f3dmej mieli okazj\u0119 pozna\u0107 ofert\u0119 edukacyjn\u0105 szk\u00f3\u0142 ponadpodstawowych i zdoby\u0107 cenne informacje bezpo\u015brednio od nauczycieli szk\u00f3\u0142 \u015brednich oraz starszych koleg\u00f3w. Nasze zaproszenia przyj\u0119\u0142y nast\u0119puj\u0105ce szko\u0142y: -Liceum Og\u00f3lnokszta\u0142c\u0105ce nr XII we [&hellip;]<\/p>\n","protected":false},"author":6,"featured_media":4979,"comment_status":"open","ping_status":"open","sticky":false,"template":"","format":"standard","meta":{"om_disable_all_campaigns":false,"_monsterinsights_skip_tracking":false,"ngg_post_thumbnail":0,"footnotes":""},"categories":[1],"tags":[],"class_list":["post-4978","post","type-post","status-publish","format-standard","has-post-thumbnail","hentry","category-uncategorized"],"aioseo_notices":[],"aioseo_head":"\n\t\t<!-- All in One SEO 5.0.1.1 - aioseo.com -->\n\t<meta name=\"description\" content=\"We wtorek 4 kwietnia 2023r., w naszej szkole, odby\u0142y si\u0119 po raz kolejny, Szkolne Targi Edukacyjne. Uczniowie klas \u00f3smych i si\u00f3dmej mieli okazj\u0119 pozna\u0107 ofert\u0119 edukacyjn\u0105 szk\u00f3\u0142 ponadpodstawowych i zdoby\u0107 cenne informacje bezpo\u015brednio od nauczycieli szk\u00f3\u0142 \u015brednich oraz starszych koleg\u00f3w. Nasze zaproszenia przyj\u0119\u0142y nast\u0119puj\u0105ce szko\u0142y: -Liceum Og\u00f3lnokszta\u0142c\u0105ce nr XII we Wroc\u0142awiu -Liceum Og\u00f3lnokszta\u0142c\u0105ce nr XIII\" \/>\n\t<meta name=\"robots\" content=\"max-image-preview:large\" \/>\n\t<meta name=\"author\" content=\"Redakcja\"\/>\n\t<link rel=\"canonical\" href=\"https:\/\/www.spkatarzyna.pl\/index.php\/2023\/04\/24\/szkolne-targi-edukacyjne\/\" \/>\n\t<meta name=\"generator\" content=\"All in One SEO (AIOSEO) 5.0.1.1\" \/>\n\t\t<meta property=\"og:locale\" content=\"pl_PL\" \/>\n\t\t<meta property=\"og:site_name\" content=\"SP Katarzyna - Publiczna Szko\u0142a Podstawowa w \u015awi\u0119tej Katarzynie\" \/>\n\t\t<meta property=\"og:type\" content=\"article\" \/>\n\t\t<meta property=\"og:title\" content=\"Szkolne Targi Edukacyjne - SP Katarzyna\" \/>\n\t\t<meta property=\"og:description\" content=\"We wtorek 4 kwietnia 2023r., w naszej szkole, odby\u0142y si\u0119 po raz kolejny, Szkolne Targi Edukacyjne. Uczniowie klas \u00f3smych i si\u00f3dmej mieli okazj\u0119 pozna\u0107 ofert\u0119 edukacyjn\u0105 szk\u00f3\u0142 ponadpodstawowych i zdoby\u0107 cenne informacje bezpo\u015brednio od nauczycieli szk\u00f3\u0142 \u015brednich oraz starszych koleg\u00f3w. Nasze zaproszenia przyj\u0119\u0142y nast\u0119puj\u0105ce szko\u0142y: -Liceum Og\u00f3lnokszta\u0142c\u0105ce nr XII we Wroc\u0142awiu -Liceum Og\u00f3lnokszta\u0142c\u0105ce nr XIII\" \/>\n\t\t<meta property=\"og:url\" content=\"https:\/\/www.spkatarzyna.pl\/index.php\/2023\/04\/24\/szkolne-targi-edukacyjne\/\" \/>\n\t\t<meta property=\"article:published_time\" content=\"2023-04-24T12:56:40+00:00\" \/>\n\t\t<meta property=\"article:modified_time\" content=\"2023-04-24T13:01:02+00:00\" \/>\n\t\t<meta name=\"twitter:card\" content=\"summary_large_image\" \/>\n\t\t<meta name=\"twitter:title\" content=\"Szkolne Targi Edukacyjne - SP Katarzyna\" \/>\n\t\t<meta name=\"twitter:description\" content=\"We wtorek 4 kwietnia 2023r., w naszej szkole, odby\u0142y si\u0119 po raz kolejny, Szkolne Targi Edukacyjne. Uczniowie klas \u00f3smych i si\u00f3dmej mieli okazj\u0119 pozna\u0107 ofert\u0119 edukacyjn\u0105 szk\u00f3\u0142 ponadpodstawowych i zdoby\u0107 cenne informacje bezpo\u015brednio od nauczycieli szk\u00f3\u0142 \u015brednich oraz starszych koleg\u00f3w. Nasze zaproszenia przyj\u0119\u0142y nast\u0119puj\u0105ce szko\u0142y: -Liceum Og\u00f3lnokszta\u0142c\u0105ce nr XII we Wroc\u0142awiu -Liceum Og\u00f3lnokszta\u0142c\u0105ce nr XIII\" \/>\n\t\t<script type=\"application\/ld+json\" class=\"aioseo-schema\">\n\t\t\t{\"@context\":\"https:\\\/\\\/schema.org\",\"@graph\":[{\"@type\":\"BlogPosting\",\"@id\":\"https:\\\/\\\/www.spkatarzyna.pl\\\/index.php\\\/2023\\\/04\\\/24\\\/szkolne-targi-edukacyjne\\\/#blogposting\",\"name\":\"Szkolne Targi Edukacyjne - SP Katarzyna\",\"headline\":\"Szkolne Targi Edukacyjne\",\"author\":{\"@id\":\"https:\\\/\\\/www.spkatarzyna.pl\\\/index.php\\\/author\\\/agatasafianspkatarzyna-pl\\\/#author\"},\"publisher\":{\"@id\":\"https:\\\/\\\/www.spkatarzyna.pl\\\/#organization\"},\"image\":{\"@type\":\"ImageObject\",\"url\":\"https:\\\/\\\/www.spkatarzyna.pl\\\/wp-content\\\/uploads\\\/2023\\\/04\\\/DSC07659.jpg\",\"width\":360,\"height\":202},\"datePublished\":\"2023-04-24T12:56:40+02:00\",\"dateModified\":\"2023-04-24T13:01:02+02:00\",\"inLanguage\":\"pl-PL\",\"mainEntityOfPage\":{\"@id\":\"https:\\\/\\\/www.spkatarzyna.pl\\\/index.php\\\/2023\\\/04\\\/24\\\/szkolne-targi-edukacyjne\\\/#webpage\"},\"isPartOf\":{\"@id\":\"https:\\\/\\\/www.spkatarzyna.pl\\\/index.php\\\/2023\\\/04\\\/24\\\/szkolne-targi-edukacyjne\\\/#webpage\"},\"articleSection\":\"Uncategorized\"},{\"@type\":\"BreadcrumbList\",\"@id\":\"https:\\\/\\\/www.spkatarzyna.pl\\\/index.php\\\/2023\\\/04\\\/24\\\/szkolne-targi-edukacyjne\\\/#breadcrumblist\",\"itemListElement\":[{\"@type\":\"ListItem\",\"@id\":\"https:\\\/\\\/www.spkatarzyna.pl#listItem\",\"position\":1,\"name\":\"Dom\",\"item\":\"https:\\\/\\\/www.spkatarzyna.pl\",\"nextItem\":{\"@type\":\"ListItem\",\"@id\":\"https:\\\/\\\/www.spkatarzyna.pl\\\/index.php\\\/category\\\/uncategorized\\\/#listItem\",\"name\":\"Uncategorized\"}},{\"@type\":\"ListItem\",\"@id\":\"https:\\\/\\\/www.spkatarzyna.pl\\\/index.php\\\/category\\\/uncategorized\\\/#listItem\",\"position\":2,\"name\":\"Uncategorized\",\"item\":\"https:\\\/\\\/www.spkatarzyna.pl\\\/index.php\\\/category\\\/uncategorized\\\/\",\"nextItem\":{\"@type\":\"ListItem\",\"@id\":\"https:\\\/\\\/www.spkatarzyna.pl\\\/index.php\\\/2023\\\/04\\\/24\\\/szkolne-targi-edukacyjne\\\/#listItem\",\"name\":\"Szkolne Targi Edukacyjne\"},\"previousItem\":{\"@type\":\"ListItem\",\"@id\":\"https:\\\/\\\/www.spkatarzyna.pl#listItem\",\"name\":\"Dom\"}},{\"@type\":\"ListItem\",\"@id\":\"https:\\\/\\\/www.spkatarzyna.pl\\\/index.php\\\/2023\\\/04\\\/24\\\/szkolne-targi-edukacyjne\\\/#listItem\",\"position\":3,\"name\":\"Szkolne Targi Edukacyjne\",\"previousItem\":{\"@type\":\"ListItem\",\"@id\":\"https:\\\/\\\/www.spkatarzyna.pl\\\/index.php\\\/category\\\/uncategorized\\\/#listItem\",\"name\":\"Uncategorized\"}}]},{\"@type\":\"Organization\",\"@id\":\"https:\\\/\\\/www.spkatarzyna.pl\\\/#organization\",\"name\":\"SP Katarzyna\",\"description\":\"Publiczna Szko\\u0142a Podstawowa w \\u015awi\\u0119tej Katarzynie\",\"url\":\"https:\\\/\\\/www.spkatarzyna.pl\\\/\",\"telephone\":\"+48713116378\",\"sameAs\":[\"https:\\\/\\\/facebook.com\\\/\",\"https:\\\/\\\/x.com\\\/\",\"https:\\\/\\\/instagram.com\\\/\",\"https:\\\/\\\/pinterest.com\\\/\",\"https:\\\/\\\/youtube.com\\\/\",\"https:\\\/\\\/linkedin.com\\\/in\\\/\"]},{\"@type\":\"Person\",\"@id\":\"https:\\\/\\\/www.spkatarzyna.pl\\\/index.php\\\/author\\\/agatasafianspkatarzyna-pl\\\/#author\",\"url\":\"https:\\\/\\\/www.spkatarzyna.pl\\\/index.php\\\/author\\\/agatasafianspkatarzyna-pl\\\/\",\"name\":\"Redakcja\",\"image\":{\"@type\":\"ImageObject\",\"@id\":\"https:\\\/\\\/www.spkatarzyna.pl\\\/index.php\\\/2023\\\/04\\\/24\\\/szkolne-targi-edukacyjne\\\/#authorImage\",\"url\":\"https:\\\/\\\/secure.gravatar.com\\\/avatar\\\/765290513df94d442152250e92b42327?s=96&d=mm&r=g\",\"width\":96,\"height\":96,\"caption\":\"Redakcja\"}},{\"@type\":\"WebPage\",\"@id\":\"https:\\\/\\\/www.spkatarzyna.pl\\\/index.php\\\/2023\\\/04\\\/24\\\/szkolne-targi-edukacyjne\\\/#webpage\",\"url\":\"https:\\\/\\\/www.spkatarzyna.pl\\\/index.php\\\/2023\\\/04\\\/24\\\/szkolne-targi-edukacyjne\\\/\",\"name\":\"Szkolne Targi Edukacyjne - SP Katarzyna\",\"description\":\"We wtorek 4 kwietnia 2023r., w naszej szkole, odby\\u0142y si\\u0119 po raz kolejny, Szkolne Targi Edukacyjne. Uczniowie klas \\u00f3smych i si\\u00f3dmej mieli okazj\\u0119 pozna\\u0107 ofert\\u0119 edukacyjn\\u0105 szk\\u00f3\\u0142 ponadpodstawowych i zdoby\\u0107 cenne informacje bezpo\\u015brednio od nauczycieli szk\\u00f3\\u0142 \\u015brednich oraz starszych koleg\\u00f3w. Nasze zaproszenia przyj\\u0119\\u0142y nast\\u0119puj\\u0105ce szko\\u0142y: -Liceum Og\\u00f3lnokszta\\u0142c\\u0105ce nr XII we Wroc\\u0142awiu -Liceum Og\\u00f3lnokszta\\u0142c\\u0105ce nr XIII\",\"inLanguage\":\"pl-PL\",\"isPartOf\":{\"@id\":\"https:\\\/\\\/www.spkatarzyna.pl\\\/#website\"},\"breadcrumb\":{\"@id\":\"https:\\\/\\\/www.spkatarzyna.pl\\\/index.php\\\/2023\\\/04\\\/24\\\/szkolne-targi-edukacyjne\\\/#breadcrumblist\"},\"author\":{\"@id\":\"https:\\\/\\\/www.spkatarzyna.pl\\\/index.php\\\/author\\\/agatasafianspkatarzyna-pl\\\/#author\"},\"creator\":{\"@id\":\"https:\\\/\\\/www.spkatarzyna.pl\\\/index.php\\\/author\\\/agatasafianspkatarzyna-pl\\\/#author\"},\"image\":{\"@type\":\"ImageObject\",\"url\":\"https:\\\/\\\/www.spkatarzyna.pl\\\/wp-content\\\/uploads\\\/2023\\\/04\\\/DSC07659.jpg\",\"@id\":\"https:\\\/\\\/www.spkatarzyna.pl\\\/index.php\\\/2023\\\/04\\\/24\\\/szkolne-targi-edukacyjne\\\/#mainImage\",\"width\":360,\"height\":202},\"primaryImageOfPage\":{\"@id\":\"https:\\\/\\\/www.spkatarzyna.pl\\\/index.php\\\/2023\\\/04\\\/24\\\/szkolne-targi-edukacyjne\\\/#mainImage\"},\"datePublished\":\"2023-04-24T12:56:40+02:00\",\"dateModified\":\"2023-04-24T13:01:02+02:00\"},{\"@type\":\"WebSite\",\"@id\":\"https:\\\/\\\/www.spkatarzyna.pl\\\/#website\",\"url\":\"https:\\\/\\\/www.spkatarzyna.pl\\\/\",\"name\":\"SP Katarzyna\",\"description\":\"Publiczna Szko\\u0142a Podstawowa w \\u015awi\\u0119tej Katarzynie\",\"inLanguage\":\"pl-PL\",\"publisher\":{\"@id\":\"https:\\\/\\\/www.spkatarzyna.pl\\\/#organization\"}}]}\n\t\t<\/script>\n\t\t<!-- All in One SEO -->\n\n","aioseo_head_json":{"title":"Szkolne Targi Edukacyjne - SP Katarzyna","description":"We wtorek 4 kwietnia 2023r., w naszej szkole, odby\u0142y si\u0119 po raz kolejny, Szkolne Targi Edukacyjne. Uczniowie klas \u00f3smych i si\u00f3dmej mieli okazj\u0119 pozna\u0107 ofert\u0119 edukacyjn\u0105 szk\u00f3\u0142 ponadpodstawowych i zdoby\u0107 cenne informacje bezpo\u015brednio od nauczycieli szk\u00f3\u0142 \u015brednich oraz starszych koleg\u00f3w. Nasze zaproszenia przyj\u0119\u0142y nast\u0119puj\u0105ce szko\u0142y: -Liceum Og\u00f3lnokszta\u0142c\u0105ce nr XII we Wroc\u0142awiu -Liceum Og\u00f3lnokszta\u0142c\u0105ce nr XIII","canonical_url":"https:\/\/www.spkatarzyna.pl\/index.php\/2023\/04\/24\/szkolne-targi-edukacyjne\/","robots":"max-image-preview:large","keywords":"","webmasterTools":{"miscellaneous":""},"schema":{"@context":"https:\/\/schema.org","@graph":[{"@type":"BlogPosting","@id":"https:\/\/www.spkatarzyna.pl\/index.php\/2023\/04\/24\/szkolne-targi-edukacyjne\/#blogposting","name":"Szkolne Targi Edukacyjne - SP Katarzyna","headline":"Szkolne Targi Edukacyjne","author":{"@id":"https:\/\/www.spkatarzyna.pl\/index.php\/author\/agatasafianspkatarzyna-pl\/#author"},"publisher":{"@id":"https:\/\/www.spkatarzyna.pl\/#organization"},"image":{"@type":"ImageObject","url":"https:\/\/www.spkatarzyna.pl\/wp-content\/uploads\/2023\/04\/DSC07659.jpg","width":360,"height":202},"datePublished":"2023-04-24T12:56:40+02:00","dateModified":"2023-04-24T13:01:02+02:00","inLanguage":"pl-PL","mainEntityOfPage":{"@id":"https:\/\/www.spkatarzyna.pl\/index.php\/2023\/04\/24\/szkolne-targi-edukacyjne\/#webpage"},"isPartOf":{"@id":"https:\/\/www.spkatarzyna.pl\/index.php\/2023\/04\/24\/szkolne-targi-edukacyjne\/#webpage"},"articleSection":"Uncategorized"},{"@type":"BreadcrumbList","@id":"https:\/\/www.spkatarzyna.pl\/index.php\/2023\/04\/24\/szkolne-targi-edukacyjne\/#breadcrumblist","itemListElement":[{"@type":"ListItem","@id":"https:\/\/www.spkatarzyna.pl#listItem","position":1,"name":"Dom","item":"https:\/\/www.spkatarzyna.pl","nextItem":{"@type":"ListItem","@id":"https:\/\/www.spkatarzyna.pl\/index.php\/category\/uncategorized\/#listItem","name":"Uncategorized"}},{"@type":"ListItem","@id":"https:\/\/www.spkatarzyna.pl\/index.php\/category\/uncategorized\/#listItem","position":2,"name":"Uncategorized","item":"https:\/\/www.spkatarzyna.pl\/index.php\/category\/uncategorized\/","nextItem":{"@type":"ListItem","@id":"https:\/\/www.spkatarzyna.pl\/index.php\/2023\/04\/24\/szkolne-targi-edukacyjne\/#listItem","name":"Szkolne Targi Edukacyjne"},"previousItem":{"@type":"ListItem","@id":"https:\/\/www.spkatarzyna.pl#listItem","name":"Dom"}},{"@type":"ListItem","@id":"https:\/\/www.spkatarzyna.pl\/index.php\/2023\/04\/24\/szkolne-targi-edukacyjne\/#listItem","position":3,"name":"Szkolne Targi Edukacyjne","previousItem":{"@type":"ListItem","@id":"https:\/\/www.spkatarzyna.pl\/index.php\/category\/uncategorized\/#listItem","name":"Uncategorized"}}]},{"@type":"Organization","@id":"https:\/\/www.spkatarzyna.pl\/#organization","name":"SP Katarzyna","description":"Publiczna Szko\u0142a Podstawowa w \u015awi\u0119tej Katarzynie","url":"https:\/\/www.spkatarzyna.pl\/","telephone":"+48713116378","sameAs":["https:\/\/facebook.com\/","https:\/\/x.com\/","https:\/\/instagram.com\/","https:\/\/pinterest.com\/","https:\/\/youtube.com\/","https:\/\/linkedin.com\/in\/"]},{"@type":"Person","@id":"https:\/\/www.spkatarzyna.pl\/index.php\/author\/agatasafianspkatarzyna-pl\/#author","url":"https:\/\/www.spkatarzyna.pl\/index.php\/author\/agatasafianspkatarzyna-pl\/","name":"Redakcja","image":{"@type":"ImageObject","@id":"https:\/\/www.spkatarzyna.pl\/index.php\/2023\/04\/24\/szkolne-targi-edukacyjne\/#authorImage","url":"https:\/\/secure.gravatar.com\/avatar\/765290513df94d442152250e92b42327?s=96&d=mm&r=g","width":96,"height":96,"caption":"Redakcja"}},{"@type":"WebPage","@id":"https:\/\/www.spkatarzyna.pl\/index.php\/2023\/04\/24\/szkolne-targi-edukacyjne\/#webpage","url":"https:\/\/www.spkatarzyna.pl\/index.php\/2023\/04\/24\/szkolne-targi-edukacyjne\/","name":"Szkolne Targi Edukacyjne - SP Katarzyna","description":"We wtorek 4 kwietnia 2023r., w naszej szkole, odby\u0142y si\u0119 po raz kolejny, Szkolne Targi Edukacyjne. Uczniowie klas \u00f3smych i si\u00f3dmej mieli okazj\u0119 pozna\u0107 ofert\u0119 edukacyjn\u0105 szk\u00f3\u0142 ponadpodstawowych i zdoby\u0107 cenne informacje bezpo\u015brednio od nauczycieli szk\u00f3\u0142 \u015brednich oraz starszych koleg\u00f3w. Nasze zaproszenia przyj\u0119\u0142y nast\u0119puj\u0105ce szko\u0142y: -Liceum Og\u00f3lnokszta\u0142c\u0105ce nr XII we Wroc\u0142awiu -Liceum Og\u00f3lnokszta\u0142c\u0105ce nr XIII","inLanguage":"pl-PL","isPartOf":{"@id":"https:\/\/www.spkatarzyna.pl\/#website"},"breadcrumb":{"@id":"https:\/\/www.spkatarzyna.pl\/index.php\/2023\/04\/24\/szkolne-targi-edukacyjne\/#breadcrumblist"},"author":{"@id":"https:\/\/www.spkatarzyna.pl\/index.php\/author\/agatasafianspkatarzyna-pl\/#author"},"creator":{"@id":"https:\/\/www.spkatarzyna.pl\/index.php\/author\/agatasafianspkatarzyna-pl\/#author"},"image":{"@type":"ImageObject","url":"https:\/\/www.spkatarzyna.pl\/wp-content\/uploads\/2023\/04\/DSC07659.jpg","@id":"https:\/\/www.spkatarzyna.pl\/index.php\/2023\/04\/24\/szkolne-targi-edukacyjne\/#mainImage","width":360,"height":202},"primaryImageOfPage":{"@id":"https:\/\/www.spkatarzyna.pl\/index.php\/2023\/04\/24\/szkolne-targi-edukacyjne\/#mainImage"},"datePublished":"2023-04-24T12:56:40+02:00","dateModified":"2023-04-24T13:01:02+02:00"},{"@type":"WebSite","@id":"https:\/\/www.spkatarzyna.pl\/#website","url":"https:\/\/www.spkatarzyna.pl\/","name":"SP Katarzyna","description":"Publiczna Szko\u0142a Podstawowa w \u015awi\u0119tej Katarzynie","inLanguage":"pl-PL","publisher":{"@id":"https:\/\/www.spkatarzyna.pl\/#organization"}}]},"og:locale":"pl_PL","og:site_name":"SP Katarzyna - Publiczna Szko\u0142a Podstawowa w \u015awi\u0119tej Katarzynie","og:type":"article","og:title":"Szkolne Targi Edukacyjne - SP Katarzyna","og:description":"We wtorek 4 kwietnia 2023r., w naszej szkole, odby\u0142y si\u0119 po raz kolejny, Szkolne Targi Edukacyjne. Uczniowie klas \u00f3smych i si\u00f3dmej mieli okazj\u0119 pozna\u0107 ofert\u0119 edukacyjn\u0105 szk\u00f3\u0142 ponadpodstawowych i zdoby\u0107 cenne informacje bezpo\u015brednio od nauczycieli szk\u00f3\u0142 \u015brednich oraz starszych koleg\u00f3w. Nasze zaproszenia przyj\u0119\u0142y nast\u0119puj\u0105ce szko\u0142y: -Liceum Og\u00f3lnokszta\u0142c\u0105ce nr XII we Wroc\u0142awiu -Liceum Og\u00f3lnokszta\u0142c\u0105ce nr XIII","og:url":"https:\/\/www.spkatarzyna.pl\/index.php\/2023\/04\/24\/szkolne-targi-edukacyjne\/","article:published_time":"2023-04-24T12:56:40+00:00","article:modified_time":"2023-04-24T13:01:02+00:00","twitter:card":"summary_large_image","twitter:title":"Szkolne Targi Edukacyjne - SP Katarzyna","twitter:description":"We wtorek 4 kwietnia 2023r., w naszej szkole, odby\u0142y si\u0119 po raz kolejny, Szkolne Targi Edukacyjne. Uczniowie klas \u00f3smych i si\u00f3dmej mieli okazj\u0119 pozna\u0107 ofert\u0119 edukacyjn\u0105 szk\u00f3\u0142 ponadpodstawowych i zdoby\u0107 cenne informacje bezpo\u015brednio od nauczycieli szk\u00f3\u0142 \u015brednich oraz starszych koleg\u00f3w. Nasze zaproszenia przyj\u0119\u0142y nast\u0119puj\u0105ce szko\u0142y: -Liceum Og\u00f3lnokszta\u0142c\u0105ce nr XII we Wroc\u0142awiu -Liceum Og\u00f3lnokszta\u0142c\u0105ce nr XIII"},"aioseo_meta_data":{"post_id":"4978","title":null,"description":null,"keywords":null,"keyphrases":null,"primary_term":null,"canonical_url":null,"og_title":null,"og_description":null,"og_object_type":"default","og_image_type":"default","og_image_url":null,"og_image_width":null,"og_image_height":null,"og_image_custom_url":null,"og_image_custom_fields":null,"og_video":null,"og_custom_url":null,"og_article_section":null,"og_article_tags":null,"twitter_use_og":false,"twitter_card":"default","twitter_image_type":"default","twitter_image_url":null,"twitter_image_custom_url":null,"twitter_image_custom_fields":null,"twitter_title":null,"twitter_description":null,"schema":{"blockGraphs":[],"customGraphs":[],"default":{"data":{"Article":[],"Course":[],"Dataset":[],"FAQPage":[],"Movie":[],"Person":[],"Product":[],"ProductReview":[],"Car":[],"Recipe":[],"Service":[],"SoftwareApplication":[],"WebPage":[]},"graphName":"","isEnabled":true},"graphs":[]},"schema_type":"default","schema_type_options":null,"pillar_content":false,"robots_default":true,"robots_noindex":false,"robots_noarchive":false,"robots_nosnippet":false,"robots_nofollow":false,"robots_noimageindex":false,"robots_noodp":false,"robots_notranslate":false,"robots_max_snippet":null,"robots_max_videopreview":null,"robots_max_imagepreview":"large","priority":null,"frequency":null,"local_seo":null,"limit_modified_date":false,"created":"2024-04-03 08:03:23","updated":"2026-09-03 14:26:46","focus_keyword":null,"additional_keywords":null,"truseo_locale":null,"ai":null,"breadcrumb_settings":null,"seo_analyzer_scan_date":null},"aioseo_breadcrumb":"<div class=\"aioseo-breadcrumbs\"><span class=\"aioseo-breadcrumb\">\n\t\t\t<a href=\"https:\/\/www.spkatarzyna.pl\" title=\"Dom\">Dom<\/a>\n\t\t<\/span><span class=\"aioseo-breadcrumb-separator\">&raquo;<\/span><span class=\"aioseo-breadcrumb\">\n\t\t\t<a href=\"https:\/\/www.spkatarzyna.pl\/index.php\/category\/uncategorized\/\" title=\"Uncategorized\">Uncategorized<\/a>\n\t\t<\/span><span class=\"aioseo-breadcrumb-separator\">&raquo;<\/span><span class=\"aioseo-breadcrumb\">\n\t\t\tSzkolne Targi Edukacyjne\n\t\t<\/span><\/div>","aioseo_breadcrumb_json":[{"label":"Dom","link":"https:\/\/www.spkatarzyna.pl"},{"label":"Uncategorized","link":"https:\/\/www.spkatarzyna.pl\/index.php\/category\/uncategorized\/"},{"label":"Szkolne Targi Edukacyjne","link":"https:\/\/www.spkatarzyna.pl\/index.php\/2023\/04\/24\/szkolne-targi-edukacyjne\/"}],"_links":{"self":[{"href":"https:\/\/www.spkatarzyna.pl\/index.php\/wp-json\/wp\/v2\/posts\/4978","targetHints":{"allow":["GET"]}}],"collection":[{"href":"https:\/\/www.spkatarzyna.pl\/index.php\/wp-json\/wp\/v2\/posts"}],"about":[{"href":"https:\/\/www.spkatarzyna.pl\/index.php\/wp-json\/wp\/v2\/types\/post"}],"author":[{"embeddable":true,"href":"https:\/\/www.spkatarzyna.pl\/index.php\/wp-json\/wp\/v2\/users\/6"}],"replies":[{"embeddable":true,"href":"https:\/\/www.spkatarzyna.pl\/index.php\/wp-json\/wp\/v2\/comments?post=4978"}],"version-history":[{"count":4,"href":"https:\/\/www.spkatarzyna.pl\/index.php\/wp-json\/wp\/v2\/posts\/4978\/revisions"}],"predecessor-version":[{"id":5021,"href":"https:\/\/www.spkatarzyna.pl\/index.php\/wp-json\/wp\/v2\/posts\/4978\/revisions\/5021"}],"wp:featuredmedia":[{"embeddable":true,"href":"https:\/\/www.spkatarzyna.pl\/index.php\/wp-json\/wp\/v2\/media\/4979"}],"wp:attachment":[{"href":"https:\/\/www.spkatarzyna.pl\/index.php\/wp-json\/wp\/v2\/media?parent=4978"}],"wp:term":[{"taxonomy":"category","embeddable":true,"href":"https:\/\/www.spkatarzyna.pl\/index.php\/wp-json\/wp\/v2\/categories?post=4978"},{"taxonomy":"post_tag","embeddable":true,"href":"https:\/\/www.spkatarzyna.pl\/index.php\/wp-json\/wp\/v2\/tags?post=4978"}],"curies":[{"name":"wp","href":"https:\/\/api.w.org\/{rel}","templated":true}]}}