{"id":5022,"date":"2023-04-24T13:07:18","date_gmt":"2023-04-24T13:07:18","guid":{"rendered":"http:\/\/www.spkatarzyna.pl\/?p=5022"},"modified":"2023-04-24T13:09:09","modified_gmt":"2023-04-24T13:09:09","slug":"spotkanie-autorskie","status":"publish","type":"post","link":"https:\/\/www.spkatarzyna.pl\/index.php\/2023\/04\/24\/spotkanie-autorskie\/","title":{"rendered":"Spotkanie autorskie"},"content":{"rendered":"\t\t<div data-elementor-type=\"wp-post\" data-elementor-id=\"5022\" class=\"elementor elementor-5022\">\n\t\t\t\t\t\t<section class=\"elementor-section elementor-top-section elementor-element elementor-element-609dbda6 elementor-section-boxed elementor-section-height-default elementor-section-height-default\" data-id=\"609dbda6\" data-element_type=\"section\">\n\t\t\t\t\t\t<div class=\"elementor-container elementor-column-gap-default\">\n\t\t\t\t\t<div class=\"elementor-column elementor-col-100 elementor-top-column elementor-element elementor-element-5ae4ac23\" data-id=\"5ae4ac23\" data-element_type=\"column\">\n\t\t\t<div class=\"elementor-widget-wrap elementor-element-populated\">\n\t\t\t\t\t\t<div class=\"elementor-element elementor-element-7078b67c elementor-widget elementor-widget-text-editor\" data-id=\"7078b67c\" data-element_type=\"widget\" data-widget_type=\"text-editor.default\">\n\t\t\t\t\t\t\t\t\t<p style=\"text-align: justify;\"><span style=\"font-size: 14pt;\">Kwiecie\u0144 to szczeg\u00f3lny czas czytania ksi\u0105\u017cek. Obchodzimy w tym miesi\u0105cu Dzie\u0144 Ksi\u0105\u017cki. Z tego te\u017c powodu zaprosili\u015bmy do naszej szko\u0142y znan\u0105 autork\u0119 ksi\u0105\u017cek dla dzieci Pani\u0105 Ann\u0119 Paszkiewicz. Pisarka ciekawie przedstawi\u0142a jak powstaj\u0105 ksi\u0105\u017cki i ile os\u00f3b musi tak\u0105 jedn\u0105 ksi\u0105\u017ck\u0119 przygotowa\u0107. Przeczyta\u0142a r\u00f3wnie\u017c kilka fragment\u00f3w swoich dzie\u0142. Uczniowie byli bardzo zainteresowani i ch\u0119tnie s\u0142uchali. Na koniec ka\u017cdy m\u00f3g\u0142 kupi\u0107 sobie ksi\u0105\u017ck\u0119 ze specjaln\u0105 dedykacj\u0105 autorki.<\/span><\/p>\t\t\t\t\t\t\t\t<\/div>\n\t\t\t\t<div class=\"elementor-element elementor-element-a7cf833 elementor-widget elementor-widget-image-gallery\" data-id=\"a7cf833\" data-element_type=\"widget\" data-widget_type=\"image-gallery.default\">\n\t\t\t\t\t\t\t<div class=\"elementor-image-gallery\">\n\t\t\t\n\t\t<div id='gallery-1' class='gallery galleryid-5022 gallery-columns-4 gallery-size-thumbnail gallery1'><script type=\"text\/javascript\">\n\/\/ <![CDATA[\n\tjQuery(document).ready(function () {\n\t\tjQuery(\".gallery1 a\").attr(\"rel\",\"gallery1\");\t\n\t\tjQuery('a[rel=\"gallery1\"]').colorbox({title: function(){ return jQuery(this).children().attr(\"alt\"); }});\n\t});\n\/\/ ]]>\n<\/script>\n<dl class=\"gallery-item\">\n<dt class=\"gallery-icon\">\n<a href=\"https:\/\/www.spkatarzyna.pl\/wp-content\/uploads\/2023\/04\/6f0bef3c-aacb-471a-af6e-d2bb4eb90236-300x244.jpg\" title=\"\" rel=\"gallery1\" rel=\"lightbox[5022]\"><img decoding=\"async\" src=\"https:\/\/www.spkatarzyna.pl\/wp-content\/uploads\/2023\/04\/6f0bef3c-aacb-471a-af6e-d2bb4eb90236-150x150.jpg\" width=\"150\" height=\"150\" alt=\"\" \/><\/a>\n<\/dt><\/dl><dl class=\"gallery-item\">\n<dt class=\"gallery-icon\">\n<a href=\"https:\/\/www.spkatarzyna.pl\/wp-content\/uploads\/2023\/04\/09d7163e-76e4-4d0d-8ca2-4e2e9cf7c322-300x188.jpg\" title=\"\" rel=\"gallery1\" rel=\"lightbox[5022]\"><img decoding=\"async\" src=\"https:\/\/www.spkatarzyna.pl\/wp-content\/uploads\/2023\/04\/09d7163e-76e4-4d0d-8ca2-4e2e9cf7c322-150x150.jpg\" width=\"150\" height=\"150\" alt=\"\" \/><\/a>\n<\/dt><\/dl><dl class=\"gallery-item\">\n<dt class=\"gallery-icon\">\n<a href=\"https:\/\/www.spkatarzyna.pl\/wp-content\/uploads\/2023\/04\/cfc06e4d-dd37-4da5-8443-0b3b8c23cef9-225x300.jpg\" title=\"\" rel=\"gallery1\" rel=\"lightbox[5022]\"><img decoding=\"async\" src=\"https:\/\/www.spkatarzyna.pl\/wp-content\/uploads\/2023\/04\/cfc06e4d-dd37-4da5-8443-0b3b8c23cef9-150x150.jpg\" width=\"150\" height=\"150\" alt=\"\" \/><\/a>\n<\/dt><\/dl><br style=\"clear: both\" \/><\/div>\t\t<\/div>\n\t\t\t\t\t\t<\/div>\n\t\t\t\t\t<\/div>\n\t\t<\/div>\n\t\t\t\t\t<\/div>\n\t\t<\/section>\n\t\t\t\t<\/div>\n\t\t","protected":false},"excerpt":{"rendered":"<p>Kwiecie\u0144 to szczeg\u00f3lny czas czytania ksi\u0105\u017cek. Obchodzimy w tym miesi\u0105cu Dzie\u0144 Ksi\u0105\u017cki. Z tego te\u017c powodu zaprosili\u015bmy do naszej szko\u0142y znan\u0105 autork\u0119 ksi\u0105\u017cek dla dzieci Pani\u0105 Ann\u0119 Paszkiewicz. Pisarka ciekawie przedstawi\u0142a jak powstaj\u0105 ksi\u0105\u017cki i ile os\u00f3b musi tak\u0105 jedn\u0105 ksi\u0105\u017ck\u0119 przygotowa\u0107. Przeczyta\u0142a r\u00f3wnie\u017c kilka fragment\u00f3w swoich dzie\u0142. Uczniowie byli [&hellip;]<\/p>\n","protected":false},"author":6,"featured_media":5023,"comment_status":"open","ping_status":"open","sticky":false,"template":"","format":"standard","meta":{"om_disable_all_campaigns":false,"_monsterinsights_skip_tracking":false,"ngg_post_thumbnail":0,"footnotes":""},"categories":[1],"tags":[],"class_list":["post-5022","post","type-post","status-publish","format-standard","has-post-thumbnail","hentry","category-uncategorized"],"aioseo_notices":[],"aioseo_head":"\n\t\t<!-- All in One SEO 5.0.1.1 - aioseo.com -->\n\t<meta name=\"description\" content=\"Kwiecie\u0144 to szczeg\u00f3lny czas czytania ksi\u0105\u017cek. Obchodzimy w tym miesi\u0105cu Dzie\u0144 Ksi\u0105\u017cki. Z tego te\u017c powodu zaprosili\u015bmy do naszej szko\u0142y znan\u0105 autork\u0119 ksi\u0105\u017cek dla dzieci Pani\u0105 Ann\u0119 Paszkiewicz. Pisarka ciekawie przedstawi\u0142a jak powstaj\u0105 ksi\u0105\u017cki i ile os\u00f3b musi tak\u0105 jedn\u0105 ksi\u0105\u017ck\u0119 przygotowa\u0107. Przeczyta\u0142a r\u00f3wnie\u017c kilka fragment\u00f3w swoich dzie\u0142. Uczniowie byli bardzo zainteresowani i ch\u0119tnie s\u0142uchali.\" \/>\n\t<meta name=\"robots\" content=\"max-image-preview:large\" \/>\n\t<meta name=\"author\" content=\"Redakcja\"\/>\n\t<link rel=\"canonical\" href=\"https:\/\/www.spkatarzyna.pl\/index.php\/2023\/04\/24\/spotkanie-autorskie\/\" \/>\n\t<meta name=\"generator\" content=\"All in One SEO (AIOSEO) 5.0.1.1\" \/>\n\t\t<meta property=\"og:locale\" content=\"pl_PL\" \/>\n\t\t<meta property=\"og:site_name\" content=\"SP Katarzyna - Publiczna Szko\u0142a Podstawowa w \u015awi\u0119tej Katarzynie\" \/>\n\t\t<meta property=\"og:type\" content=\"article\" \/>\n\t\t<meta property=\"og:title\" content=\"Spotkanie autorskie - SP Katarzyna\" \/>\n\t\t<meta property=\"og:description\" content=\"Kwiecie\u0144 to szczeg\u00f3lny czas czytania ksi\u0105\u017cek. Obchodzimy w tym miesi\u0105cu Dzie\u0144 Ksi\u0105\u017cki. Z tego te\u017c powodu zaprosili\u015bmy do naszej szko\u0142y znan\u0105 autork\u0119 ksi\u0105\u017cek dla dzieci Pani\u0105 Ann\u0119 Paszkiewicz. Pisarka ciekawie przedstawi\u0142a jak powstaj\u0105 ksi\u0105\u017cki i ile os\u00f3b musi tak\u0105 jedn\u0105 ksi\u0105\u017ck\u0119 przygotowa\u0107. Przeczyta\u0142a r\u00f3wnie\u017c kilka fragment\u00f3w swoich dzie\u0142. Uczniowie byli bardzo zainteresowani i ch\u0119tnie s\u0142uchali.\" \/>\n\t\t<meta property=\"og:url\" content=\"https:\/\/www.spkatarzyna.pl\/index.php\/2023\/04\/24\/spotkanie-autorskie\/\" \/>\n\t\t<meta property=\"article:published_time\" content=\"2023-04-24T13:07:18+00:00\" \/>\n\t\t<meta property=\"article:modified_time\" content=\"2023-04-24T13:09:09+00:00\" \/>\n\t\t<meta name=\"twitter:card\" content=\"summary_large_image\" \/>\n\t\t<meta name=\"twitter:title\" content=\"Spotkanie autorskie - SP Katarzyna\" \/>\n\t\t<meta name=\"twitter:description\" content=\"Kwiecie\u0144 to szczeg\u00f3lny czas czytania ksi\u0105\u017cek. Obchodzimy w tym miesi\u0105cu Dzie\u0144 Ksi\u0105\u017cki. Z tego te\u017c powodu zaprosili\u015bmy do naszej szko\u0142y znan\u0105 autork\u0119 ksi\u0105\u017cek dla dzieci Pani\u0105 Ann\u0119 Paszkiewicz. Pisarka ciekawie przedstawi\u0142a jak powstaj\u0105 ksi\u0105\u017cki i ile os\u00f3b musi tak\u0105 jedn\u0105 ksi\u0105\u017ck\u0119 przygotowa\u0107. Przeczyta\u0142a r\u00f3wnie\u017c kilka fragment\u00f3w swoich dzie\u0142. Uczniowie byli bardzo zainteresowani i ch\u0119tnie s\u0142uchali.\" \/>\n\t\t<script type=\"application\/ld+json\" class=\"aioseo-schema\">\n\t\t\t{\"@context\":\"https:\\\/\\\/schema.org\",\"@graph\":[{\"@type\":\"BlogPosting\",\"@id\":\"https:\\\/\\\/www.spkatarzyna.pl\\\/index.php\\\/2023\\\/04\\\/24\\\/spotkanie-autorskie\\\/#blogposting\",\"name\":\"Spotkanie autorskie - SP Katarzyna\",\"headline\":\"Spotkanie autorskie\",\"author\":{\"@id\":\"https:\\\/\\\/www.spkatarzyna.pl\\\/index.php\\\/author\\\/agatasafianspkatarzyna-pl\\\/#author\"},\"publisher\":{\"@id\":\"https:\\\/\\\/www.spkatarzyna.pl\\\/#organization\"},\"image\":{\"@type\":\"ImageObject\",\"url\":\"https:\\\/\\\/www.spkatarzyna.pl\\\/wp-content\\\/uploads\\\/2023\\\/04\\\/1cab79a7-c9d3-46b1-976a-c625094f1.jpg\",\"width\":360,\"height\":202},\"datePublished\":\"2023-04-24T13:07:18+02:00\",\"dateModified\":\"2023-04-24T13:09:09+02:00\",\"inLanguage\":\"pl-PL\",\"mainEntityOfPage\":{\"@id\":\"https:\\\/\\\/www.spkatarzyna.pl\\\/index.php\\\/2023\\\/04\\\/24\\\/spotkanie-autorskie\\\/#webpage\"},\"isPartOf\":{\"@id\":\"https:\\\/\\\/www.spkatarzyna.pl\\\/index.php\\\/2023\\\/04\\\/24\\\/spotkanie-autorskie\\\/#webpage\"},\"articleSection\":\"Uncategorized\"},{\"@type\":\"BreadcrumbList\",\"@id\":\"https:\\\/\\\/www.spkatarzyna.pl\\\/index.php\\\/2023\\\/04\\\/24\\\/spotkanie-autorskie\\\/#breadcrumblist\",\"itemListElement\":[{\"@type\":\"ListItem\",\"@id\":\"https:\\\/\\\/www.spkatarzyna.pl#listItem\",\"position\":1,\"name\":\"Dom\",\"item\":\"https:\\\/\\\/www.spkatarzyna.pl\",\"nextItem\":{\"@type\":\"ListItem\",\"@id\":\"https:\\\/\\\/www.spkatarzyna.pl\\\/index.php\\\/category\\\/uncategorized\\\/#listItem\",\"name\":\"Uncategorized\"}},{\"@type\":\"ListItem\",\"@id\":\"https:\\\/\\\/www.spkatarzyna.pl\\\/index.php\\\/category\\\/uncategorized\\\/#listItem\",\"position\":2,\"name\":\"Uncategorized\",\"item\":\"https:\\\/\\\/www.spkatarzyna.pl\\\/index.php\\\/category\\\/uncategorized\\\/\",\"nextItem\":{\"@type\":\"ListItem\",\"@id\":\"https:\\\/\\\/www.spkatarzyna.pl\\\/index.php\\\/2023\\\/04\\\/24\\\/spotkanie-autorskie\\\/#listItem\",\"name\":\"Spotkanie autorskie\"},\"previousItem\":{\"@type\":\"ListItem\",\"@id\":\"https:\\\/\\\/www.spkatarzyna.pl#listItem\",\"name\":\"Dom\"}},{\"@type\":\"ListItem\",\"@id\":\"https:\\\/\\\/www.spkatarzyna.pl\\\/index.php\\\/2023\\\/04\\\/24\\\/spotkanie-autorskie\\\/#listItem\",\"position\":3,\"name\":\"Spotkanie autorskie\",\"previousItem\":{\"@type\":\"ListItem\",\"@id\":\"https:\\\/\\\/www.spkatarzyna.pl\\\/index.php\\\/category\\\/uncategorized\\\/#listItem\",\"name\":\"Uncategorized\"}}]},{\"@type\":\"Organization\",\"@id\":\"https:\\\/\\\/www.spkatarzyna.pl\\\/#organization\",\"name\":\"SP Katarzyna\",\"description\":\"Publiczna Szko\\u0142a Podstawowa w \\u015awi\\u0119tej Katarzynie\",\"url\":\"https:\\\/\\\/www.spkatarzyna.pl\\\/\",\"telephone\":\"+48713116378\",\"sameAs\":[\"https:\\\/\\\/facebook.com\\\/\",\"https:\\\/\\\/x.com\\\/\",\"https:\\\/\\\/instagram.com\\\/\",\"https:\\\/\\\/pinterest.com\\\/\",\"https:\\\/\\\/youtube.com\\\/\",\"https:\\\/\\\/linkedin.com\\\/in\\\/\"]},{\"@type\":\"Person\",\"@id\":\"https:\\\/\\\/www.spkatarzyna.pl\\\/index.php\\\/author\\\/agatasafianspkatarzyna-pl\\\/#author\",\"url\":\"https:\\\/\\\/www.spkatarzyna.pl\\\/index.php\\\/author\\\/agatasafianspkatarzyna-pl\\\/\",\"name\":\"Redakcja\",\"image\":{\"@type\":\"ImageObject\",\"@id\":\"https:\\\/\\\/www.spkatarzyna.pl\\\/index.php\\\/2023\\\/04\\\/24\\\/spotkanie-autorskie\\\/#authorImage\",\"url\":\"https:\\\/\\\/secure.gravatar.com\\\/avatar\\\/765290513df94d442152250e92b42327?s=96&d=mm&r=g\",\"width\":96,\"height\":96,\"caption\":\"Redakcja\"}},{\"@type\":\"WebPage\",\"@id\":\"https:\\\/\\\/www.spkatarzyna.pl\\\/index.php\\\/2023\\\/04\\\/24\\\/spotkanie-autorskie\\\/#webpage\",\"url\":\"https:\\\/\\\/www.spkatarzyna.pl\\\/index.php\\\/2023\\\/04\\\/24\\\/spotkanie-autorskie\\\/\",\"name\":\"Spotkanie autorskie - SP Katarzyna\",\"description\":\"Kwiecie\\u0144 to szczeg\\u00f3lny czas czytania ksi\\u0105\\u017cek. Obchodzimy w tym miesi\\u0105cu Dzie\\u0144 Ksi\\u0105\\u017cki. Z tego te\\u017c powodu zaprosili\\u015bmy do naszej szko\\u0142y znan\\u0105 autork\\u0119 ksi\\u0105\\u017cek dla dzieci Pani\\u0105 Ann\\u0119 Paszkiewicz. Pisarka ciekawie przedstawi\\u0142a jak powstaj\\u0105 ksi\\u0105\\u017cki i ile os\\u00f3b musi tak\\u0105 jedn\\u0105 ksi\\u0105\\u017ck\\u0119 przygotowa\\u0107. Przeczyta\\u0142a r\\u00f3wnie\\u017c kilka fragment\\u00f3w swoich dzie\\u0142. Uczniowie byli bardzo zainteresowani i ch\\u0119tnie s\\u0142uchali.\",\"inLanguage\":\"pl-PL\",\"isPartOf\":{\"@id\":\"https:\\\/\\\/www.spkatarzyna.pl\\\/#website\"},\"breadcrumb\":{\"@id\":\"https:\\\/\\\/www.spkatarzyna.pl\\\/index.php\\\/2023\\\/04\\\/24\\\/spotkanie-autorskie\\\/#breadcrumblist\"},\"author\":{\"@id\":\"https:\\\/\\\/www.spkatarzyna.pl\\\/index.php\\\/author\\\/agatasafianspkatarzyna-pl\\\/#author\"},\"creator\":{\"@id\":\"https:\\\/\\\/www.spkatarzyna.pl\\\/index.php\\\/author\\\/agatasafianspkatarzyna-pl\\\/#author\"},\"image\":{\"@type\":\"ImageObject\",\"url\":\"https:\\\/\\\/www.spkatarzyna.pl\\\/wp-content\\\/uploads\\\/2023\\\/04\\\/1cab79a7-c9d3-46b1-976a-c625094f1.jpg\",\"@id\":\"https:\\\/\\\/www.spkatarzyna.pl\\\/index.php\\\/2023\\\/04\\\/24\\\/spotkanie-autorskie\\\/#mainImage\",\"width\":360,\"height\":202},\"primaryImageOfPage\":{\"@id\":\"https:\\\/\\\/www.spkatarzyna.pl\\\/index.php\\\/2023\\\/04\\\/24\\\/spotkanie-autorskie\\\/#mainImage\"},\"datePublished\":\"2023-04-24T13:07:18+02:00\",\"dateModified\":\"2023-04-24T13:09:09+02:00\"},{\"@type\":\"WebSite\",\"@id\":\"https:\\\/\\\/www.spkatarzyna.pl\\\/#website\",\"url\":\"https:\\\/\\\/www.spkatarzyna.pl\\\/\",\"name\":\"SP Katarzyna\",\"description\":\"Publiczna Szko\\u0142a Podstawowa w \\u015awi\\u0119tej Katarzynie\",\"inLanguage\":\"pl-PL\",\"publisher\":{\"@id\":\"https:\\\/\\\/www.spkatarzyna.pl\\\/#organization\"}}]}\n\t\t<\/script>\n\t\t<!-- All in One SEO -->\n\n","aioseo_head_json":{"title":"Spotkanie autorskie - SP Katarzyna","description":"Kwiecie\u0144 to szczeg\u00f3lny czas czytania ksi\u0105\u017cek. Obchodzimy w tym miesi\u0105cu Dzie\u0144 Ksi\u0105\u017cki. Z tego te\u017c powodu zaprosili\u015bmy do naszej szko\u0142y znan\u0105 autork\u0119 ksi\u0105\u017cek dla dzieci Pani\u0105 Ann\u0119 Paszkiewicz. Pisarka ciekawie przedstawi\u0142a jak powstaj\u0105 ksi\u0105\u017cki i ile os\u00f3b musi tak\u0105 jedn\u0105 ksi\u0105\u017ck\u0119 przygotowa\u0107. Przeczyta\u0142a r\u00f3wnie\u017c kilka fragment\u00f3w swoich dzie\u0142. Uczniowie byli bardzo zainteresowani i ch\u0119tnie s\u0142uchali.","canonical_url":"https:\/\/www.spkatarzyna.pl\/index.php\/2023\/04\/24\/spotkanie-autorskie\/","robots":"max-image-preview:large","keywords":"","webmasterTools":{"miscellaneous":""},"schema":{"@context":"https:\/\/schema.org","@graph":[{"@type":"BlogPosting","@id":"https:\/\/www.spkatarzyna.pl\/index.php\/2023\/04\/24\/spotkanie-autorskie\/#blogposting","name":"Spotkanie autorskie - SP Katarzyna","headline":"Spotkanie autorskie","author":{"@id":"https:\/\/www.spkatarzyna.pl\/index.php\/author\/agatasafianspkatarzyna-pl\/#author"},"publisher":{"@id":"https:\/\/www.spkatarzyna.pl\/#organization"},"image":{"@type":"ImageObject","url":"https:\/\/www.spkatarzyna.pl\/wp-content\/uploads\/2023\/04\/1cab79a7-c9d3-46b1-976a-c625094f1.jpg","width":360,"height":202},"datePublished":"2023-04-24T13:07:18+02:00","dateModified":"2023-04-24T13:09:09+02:00","inLanguage":"pl-PL","mainEntityOfPage":{"@id":"https:\/\/www.spkatarzyna.pl\/index.php\/2023\/04\/24\/spotkanie-autorskie\/#webpage"},"isPartOf":{"@id":"https:\/\/www.spkatarzyna.pl\/index.php\/2023\/04\/24\/spotkanie-autorskie\/#webpage"},"articleSection":"Uncategorized"},{"@type":"BreadcrumbList","@id":"https:\/\/www.spkatarzyna.pl\/index.php\/2023\/04\/24\/spotkanie-autorskie\/#breadcrumblist","itemListElement":[{"@type":"ListItem","@id":"https:\/\/www.spkatarzyna.pl#listItem","position":1,"name":"Dom","item":"https:\/\/www.spkatarzyna.pl","nextItem":{"@type":"ListItem","@id":"https:\/\/www.spkatarzyna.pl\/index.php\/category\/uncategorized\/#listItem","name":"Uncategorized"}},{"@type":"ListItem","@id":"https:\/\/www.spkatarzyna.pl\/index.php\/category\/uncategorized\/#listItem","position":2,"name":"Uncategorized","item":"https:\/\/www.spkatarzyna.pl\/index.php\/category\/uncategorized\/","nextItem":{"@type":"ListItem","@id":"https:\/\/www.spkatarzyna.pl\/index.php\/2023\/04\/24\/spotkanie-autorskie\/#listItem","name":"Spotkanie autorskie"},"previousItem":{"@type":"ListItem","@id":"https:\/\/www.spkatarzyna.pl#listItem","name":"Dom"}},{"@type":"ListItem","@id":"https:\/\/www.spkatarzyna.pl\/index.php\/2023\/04\/24\/spotkanie-autorskie\/#listItem","position":3,"name":"Spotkanie autorskie","previousItem":{"@type":"ListItem","@id":"https:\/\/www.spkatarzyna.pl\/index.php\/category\/uncategorized\/#listItem","name":"Uncategorized"}}]},{"@type":"Organization","@id":"https:\/\/www.spkatarzyna.pl\/#organization","name":"SP Katarzyna","description":"Publiczna Szko\u0142a Podstawowa w \u015awi\u0119tej Katarzynie","url":"https:\/\/www.spkatarzyna.pl\/","telephone":"+48713116378","sameAs":["https:\/\/facebook.com\/","https:\/\/x.com\/","https:\/\/instagram.com\/","https:\/\/pinterest.com\/","https:\/\/youtube.com\/","https:\/\/linkedin.com\/in\/"]},{"@type":"Person","@id":"https:\/\/www.spkatarzyna.pl\/index.php\/author\/agatasafianspkatarzyna-pl\/#author","url":"https:\/\/www.spkatarzyna.pl\/index.php\/author\/agatasafianspkatarzyna-pl\/","name":"Redakcja","image":{"@type":"ImageObject","@id":"https:\/\/www.spkatarzyna.pl\/index.php\/2023\/04\/24\/spotkanie-autorskie\/#authorImage","url":"https:\/\/secure.gravatar.com\/avatar\/765290513df94d442152250e92b42327?s=96&d=mm&r=g","width":96,"height":96,"caption":"Redakcja"}},{"@type":"WebPage","@id":"https:\/\/www.spkatarzyna.pl\/index.php\/2023\/04\/24\/spotkanie-autorskie\/#webpage","url":"https:\/\/www.spkatarzyna.pl\/index.php\/2023\/04\/24\/spotkanie-autorskie\/","name":"Spotkanie autorskie - SP Katarzyna","description":"Kwiecie\u0144 to szczeg\u00f3lny czas czytania ksi\u0105\u017cek. Obchodzimy w tym miesi\u0105cu Dzie\u0144 Ksi\u0105\u017cki. Z tego te\u017c powodu zaprosili\u015bmy do naszej szko\u0142y znan\u0105 autork\u0119 ksi\u0105\u017cek dla dzieci Pani\u0105 Ann\u0119 Paszkiewicz. Pisarka ciekawie przedstawi\u0142a jak powstaj\u0105 ksi\u0105\u017cki i ile os\u00f3b musi tak\u0105 jedn\u0105 ksi\u0105\u017ck\u0119 przygotowa\u0107. Przeczyta\u0142a r\u00f3wnie\u017c kilka fragment\u00f3w swoich dzie\u0142. Uczniowie byli bardzo zainteresowani i ch\u0119tnie s\u0142uchali.","inLanguage":"pl-PL","isPartOf":{"@id":"https:\/\/www.spkatarzyna.pl\/#website"},"breadcrumb":{"@id":"https:\/\/www.spkatarzyna.pl\/index.php\/2023\/04\/24\/spotkanie-autorskie\/#breadcrumblist"},"author":{"@id":"https:\/\/www.spkatarzyna.pl\/index.php\/author\/agatasafianspkatarzyna-pl\/#author"},"creator":{"@id":"https:\/\/www.spkatarzyna.pl\/index.php\/author\/agatasafianspkatarzyna-pl\/#author"},"image":{"@type":"ImageObject","url":"https:\/\/www.spkatarzyna.pl\/wp-content\/uploads\/2023\/04\/1cab79a7-c9d3-46b1-976a-c625094f1.jpg","@id":"https:\/\/www.spkatarzyna.pl\/index.php\/2023\/04\/24\/spotkanie-autorskie\/#mainImage","width":360,"height":202},"primaryImageOfPage":{"@id":"https:\/\/www.spkatarzyna.pl\/index.php\/2023\/04\/24\/spotkanie-autorskie\/#mainImage"},"datePublished":"2023-04-24T13:07:18+02:00","dateModified":"2023-04-24T13:09:09+02:00"},{"@type":"WebSite","@id":"https:\/\/www.spkatarzyna.pl\/#website","url":"https:\/\/www.spkatarzyna.pl\/","name":"SP Katarzyna","description":"Publiczna Szko\u0142a Podstawowa w \u015awi\u0119tej Katarzynie","inLanguage":"pl-PL","publisher":{"@id":"https:\/\/www.spkatarzyna.pl\/#organization"}}]},"og:locale":"pl_PL","og:site_name":"SP Katarzyna - Publiczna Szko\u0142a Podstawowa w \u015awi\u0119tej Katarzynie","og:type":"article","og:title":"Spotkanie autorskie - SP Katarzyna","og:description":"Kwiecie\u0144 to szczeg\u00f3lny czas czytania ksi\u0105\u017cek. Obchodzimy w tym miesi\u0105cu Dzie\u0144 Ksi\u0105\u017cki. Z tego te\u017c powodu zaprosili\u015bmy do naszej szko\u0142y znan\u0105 autork\u0119 ksi\u0105\u017cek dla dzieci Pani\u0105 Ann\u0119 Paszkiewicz. Pisarka ciekawie przedstawi\u0142a jak powstaj\u0105 ksi\u0105\u017cki i ile os\u00f3b musi tak\u0105 jedn\u0105 ksi\u0105\u017ck\u0119 przygotowa\u0107. Przeczyta\u0142a r\u00f3wnie\u017c kilka fragment\u00f3w swoich dzie\u0142. Uczniowie byli bardzo zainteresowani i ch\u0119tnie s\u0142uchali.","og:url":"https:\/\/www.spkatarzyna.pl\/index.php\/2023\/04\/24\/spotkanie-autorskie\/","article:published_time":"2023-04-24T13:07:18+00:00","article:modified_time":"2023-04-24T13:09:09+00:00","twitter:card":"summary_large_image","twitter:title":"Spotkanie autorskie - SP Katarzyna","twitter:description":"Kwiecie\u0144 to szczeg\u00f3lny czas czytania ksi\u0105\u017cek. Obchodzimy w tym miesi\u0105cu Dzie\u0144 Ksi\u0105\u017cki. Z tego te\u017c powodu zaprosili\u015bmy do naszej szko\u0142y znan\u0105 autork\u0119 ksi\u0105\u017cek dla dzieci Pani\u0105 Ann\u0119 Paszkiewicz. Pisarka ciekawie przedstawi\u0142a jak powstaj\u0105 ksi\u0105\u017cki i ile os\u00f3b musi tak\u0105 jedn\u0105 ksi\u0105\u017ck\u0119 przygotowa\u0107. Przeczyta\u0142a r\u00f3wnie\u017c kilka fragment\u00f3w swoich dzie\u0142. Uczniowie byli bardzo zainteresowani i ch\u0119tnie s\u0142uchali."},"aioseo_meta_data":{"post_id":"5022","title":null,"description":null,"keywords":null,"keyphrases":null,"primary_term":null,"canonical_url":null,"og_title":null,"og_description":null,"og_object_type":"default","og_image_type":"default","og_image_url":null,"og_image_width":null,"og_image_height":null,"og_image_custom_url":null,"og_image_custom_fields":null,"og_video":null,"og_custom_url":null,"og_article_section":null,"og_article_tags":null,"twitter_use_og":false,"twitter_card":"default","twitter_image_type":"default","twitter_image_url":null,"twitter_image_custom_url":null,"twitter_image_custom_fields":null,"twitter_title":null,"twitter_description":null,"schema":{"blockGraphs":[],"customGraphs":[],"default":{"data":{"Article":[],"Course":[],"Dataset":[],"FAQPage":[],"Movie":[],"Person":[],"Product":[],"ProductReview":[],"Car":[],"Recipe":[],"Service":[],"SoftwareApplication":[],"WebPage":[]},"graphName":"","isEnabled":true},"graphs":[]},"schema_type":"default","schema_type_options":null,"pillar_content":false,"robots_default":true,"robots_noindex":false,"robots_noarchive":false,"robots_nosnippet":false,"robots_nofollow":false,"robots_noimageindex":false,"robots_noodp":false,"robots_notranslate":false,"robots_max_snippet":null,"robots_max_videopreview":null,"robots_max_imagepreview":"large","priority":null,"frequency":null,"local_seo":null,"limit_modified_date":false,"created":"2024-04-03 08:03:23","updated":"2026-09-03 14:26:46","focus_keyword":null,"additional_keywords":null,"truseo_locale":null,"ai":null,"breadcrumb_settings":null,"seo_analyzer_scan_date":null},"aioseo_breadcrumb":"<div class=\"aioseo-breadcrumbs\"><span class=\"aioseo-breadcrumb\">\n\t\t\t<a href=\"https:\/\/www.spkatarzyna.pl\" title=\"Dom\">Dom<\/a>\n\t\t<\/span><span class=\"aioseo-breadcrumb-separator\">&raquo;<\/span><span class=\"aioseo-breadcrumb\">\n\t\t\t<a href=\"https:\/\/www.spkatarzyna.pl\/index.php\/category\/uncategorized\/\" title=\"Uncategorized\">Uncategorized<\/a>\n\t\t<\/span><span class=\"aioseo-breadcrumb-separator\">&raquo;<\/span><span class=\"aioseo-breadcrumb\">\n\t\t\tSpotkanie autorskie\n\t\t<\/span><\/div>","aioseo_breadcrumb_json":[{"label":"Dom","link":"https:\/\/www.spkatarzyna.pl"},{"label":"Uncategorized","link":"https:\/\/www.spkatarzyna.pl\/index.php\/category\/uncategorized\/"},{"label":"Spotkanie autorskie","link":"https:\/\/www.spkatarzyna.pl\/index.php\/2023\/04\/24\/spotkanie-autorskie\/"}],"_links":{"self":[{"href":"https:\/\/www.spkatarzyna.pl\/index.php\/wp-json\/wp\/v2\/posts\/5022","targetHints":{"allow":["GET"]}}],"collection":[{"href":"https:\/\/www.spkatarzyna.pl\/index.php\/wp-json\/wp\/v2\/posts"}],"about":[{"href":"https:\/\/www.spkatarzyna.pl\/index.php\/wp-json\/wp\/v2\/types\/post"}],"author":[{"embeddable":true,"href":"https:\/\/www.spkatarzyna.pl\/index.php\/wp-json\/wp\/v2\/users\/6"}],"replies":[{"embeddable":true,"href":"https:\/\/www.spkatarzyna.pl\/index.php\/wp-json\/wp\/v2\/comments?post=5022"}],"version-history":[{"count":4,"href":"https:\/\/www.spkatarzyna.pl\/index.php\/wp-json\/wp\/v2\/posts\/5022\/revisions"}],"predecessor-version":[{"id":5035,"href":"https:\/\/www.spkatarzyna.pl\/index.php\/wp-json\/wp\/v2\/posts\/5022\/revisions\/5035"}],"wp:featuredmedia":[{"embeddable":true,"href":"https:\/\/www.spkatarzyna.pl\/index.php\/wp-json\/wp\/v2\/media\/5023"}],"wp:attachment":[{"href":"https:\/\/www.spkatarzyna.pl\/index.php\/wp-json\/wp\/v2\/media?parent=5022"}],"wp:term":[{"taxonomy":"category","embeddable":true,"href":"https:\/\/www.spkatarzyna.pl\/index.php\/wp-json\/wp\/v2\/categories?post=5022"},{"taxonomy":"post_tag","embeddable":true,"href":"https:\/\/www.spkatarzyna.pl\/index.php\/wp-json\/wp\/v2\/tags?post=5022"}],"curies":[{"name":"wp","href":"https:\/\/api.w.org\/{rel}","templated":true}]}}