{"id":5048,"date":"2023-04-25T09:25:09","date_gmt":"2023-04-25T09:25:09","guid":{"rendered":"http:\/\/www.spkatarzyna.pl\/?p=5048"},"modified":"2023-04-28T09:05:12","modified_gmt":"2023-04-28T09:05:12","slug":"zielona-szkola-klas-czwartych","status":"publish","type":"post","link":"https:\/\/www.spkatarzyna.pl\/index.php\/2023\/04\/25\/zielona-szkola-klas-czwartych\/","title":{"rendered":"Zielona Szko\u0142a klas czwartych"},"content":{"rendered":"\t\t<div data-elementor-type=\"wp-post\" data-elementor-id=\"5048\" class=\"elementor elementor-5048\">\n\t\t\t\t\t\t<section class=\"elementor-section elementor-top-section elementor-element elementor-element-259fd9fe elementor-section-boxed elementor-section-height-default elementor-section-height-default\" data-id=\"259fd9fe\" data-element_type=\"section\">\n\t\t\t\t\t\t<div class=\"elementor-container elementor-column-gap-default\">\n\t\t\t\t\t<div class=\"elementor-column elementor-col-100 elementor-top-column elementor-element elementor-element-50784abe\" data-id=\"50784abe\" data-element_type=\"column\">\n\t\t\t<div class=\"elementor-widget-wrap elementor-element-populated\">\n\t\t\t\t\t\t<div class=\"elementor-element elementor-element-4d0a8517 elementor-widget elementor-widget-text-editor\" data-id=\"4d0a8517\" data-element_type=\"widget\" data-widget_type=\"text-editor.default\">\n\t\t\t\t\t\t\t\t\t&nbsp;\r\n<p style=\"text-align: justify;\"><span style=\"font-size: 14pt;\">Od 17 do 21 kwietnia uczniowie czwartych klas przebywali na Zielonej Szkole w Radkowie u podn\u00f3\u017ca Szczeli\u0144ca w G\u00f3rach Sto\u0142owych. Malownicze po\u0142o\u017cenie samego o\u015brodka dostarczy\u0142o czwartoklasistom wspania\u0142ych wra\u017ce\u0144 i pozwoli\u0142o zrealizowa\u0107 interesuj\u0105ce aktywno\u015bci sportowe, artystyczne i naukowe. Opr\u00f3cz nauki i zwiedzania Radkowa oraz przej\u015bcia szlakami g\u00f3rskimi do schroniska Pasterka, mo\u017cna by\u0142o uczestniczy\u0107 w zaj\u0119ciach plastycznych, postrzela\u0107 z \u0142uku, pogra\u0107 w intercrosse i we flagi, powspina\u0107 si\u0119 na \u015bcianie wspinaczkowej, uczestniczy\u0107 w terenowej grze ekologicznej. Wieczorem by\u0142o te\u017c ognisko z zabawami integracyjnymi oraz dyskoteka. Uczniowie po pi\u0119ciu dniach zm\u0119czeni lecz zadowoleni wr\u00f3cili do \u015awi\u0119tej Katarzyny.<\/span><\/p>\t\t\t\t\t\t\t\t<\/div>\n\t\t\t\t\t<\/div>\n\t\t<\/div>\n\t\t\t\t\t<\/div>\n\t\t<\/section>\n\t\t\t\t<section class=\"elementor-section elementor-top-section elementor-element elementor-element-baa7aba elementor-section-boxed elementor-section-height-default elementor-section-height-default\" data-id=\"baa7aba\" data-element_type=\"section\">\n\t\t\t\t\t\t<div class=\"elementor-container elementor-column-gap-default\">\n\t\t\t\t\t<div class=\"elementor-column elementor-col-100 elementor-top-column elementor-element elementor-element-bd2c467\" data-id=\"bd2c467\" data-element_type=\"column\">\n\t\t\t<div class=\"elementor-widget-wrap elementor-element-populated\">\n\t\t\t\t\t\t<div class=\"elementor-element elementor-element-2b5feb5 elementor-widget elementor-widget-image-gallery\" data-id=\"2b5feb5\" data-element_type=\"widget\" data-widget_type=\"image-gallery.default\">\n\t\t\t\t\t\t\t<div class=\"elementor-image-gallery\">\n\t\t\t\n\t\t<div id='gallery-1' class='gallery galleryid-5048 gallery-columns-4 gallery-size-thumbnail gallery1'><script type=\"text\/javascript\">\n\/\/ <![CDATA[\n\tjQuery(document).ready(function () {\n\t\tjQuery(\".gallery1 a\").attr(\"rel\",\"gallery1\");\t\n\t\tjQuery('a[rel=\"gallery1\"]').colorbox({title: function(){ return jQuery(this).children().attr(\"alt\"); }});\n\t});\n\/\/ ]]>\n<\/script>\n<dl class=\"gallery-item\">\n<dt class=\"gallery-icon\">\n<a href=\"https:\/\/www.spkatarzyna.pl\/wp-content\/uploads\/2023\/04\/IMG_2578-1-300x225.jpg\" title=\"\" rel=\"gallery1\" rel=\"lightbox[5048]\"><img decoding=\"async\" src=\"https:\/\/www.spkatarzyna.pl\/wp-content\/uploads\/2023\/04\/IMG_2578-1-scaled.jpg\" width=\"150\" height=\"113\" alt=\"\" \/><\/a>\n<\/dt><\/dl><dl class=\"gallery-item\">\n<dt class=\"gallery-icon\">\n<a href=\"https:\/\/www.spkatarzyna.pl\/wp-content\/uploads\/2023\/04\/IMG_2429-1-300x225.jpg\" title=\"\" rel=\"gallery1\" rel=\"lightbox[5048]\"><img decoding=\"async\" src=\"https:\/\/www.spkatarzyna.pl\/wp-content\/uploads\/2023\/04\/IMG_2429-1-scaled.jpg\" width=\"150\" height=\"113\" alt=\"\" \/><\/a>\n<\/dt><\/dl><dl class=\"gallery-item\">\n<dt class=\"gallery-icon\">\n<a href=\"https:\/\/www.spkatarzyna.pl\/wp-content\/uploads\/2023\/04\/IMG_2423-300x225.jpg\" title=\"\" rel=\"gallery1\" rel=\"lightbox[5048]\"><img decoding=\"async\" src=\"https:\/\/www.spkatarzyna.pl\/wp-content\/uploads\/2023\/04\/IMG_2423-scaled.jpg\" width=\"150\" height=\"113\" alt=\"\" \/><\/a>\n<\/dt><\/dl><dl class=\"gallery-item\">\n<dt class=\"gallery-icon\">\n<a href=\"https:\/\/www.spkatarzyna.pl\/wp-content\/uploads\/2023\/04\/IMG_2428-300x225.jpg\" title=\"\" rel=\"gallery1\" rel=\"lightbox[5048]\"><img loading=\"lazy\" decoding=\"async\" src=\"https:\/\/www.spkatarzyna.pl\/wp-content\/uploads\/2023\/04\/IMG_2428-scaled.jpg\" width=\"150\" height=\"113\" alt=\"\" \/><\/a>\n<\/dt><\/dl><br style=\"clear: both\" \/><dl class=\"gallery-item\">\n<dt class=\"gallery-icon\">\n<a href=\"https:\/\/www.spkatarzyna.pl\/wp-content\/uploads\/2023\/04\/IMG_9048-300x225.jpg\" title=\"\" rel=\"gallery1\" rel=\"lightbox[5048]\"><img loading=\"lazy\" decoding=\"async\" src=\"https:\/\/www.spkatarzyna.pl\/wp-content\/uploads\/2023\/04\/IMG_9048-150x150.jpg\" width=\"150\" height=\"150\" alt=\"\" \/><\/a>\n<\/dt><\/dl><dl class=\"gallery-item\">\n<dt class=\"gallery-icon\">\n<a href=\"https:\/\/www.spkatarzyna.pl\/wp-content\/uploads\/2023\/04\/IMG_9035-225x300.jpg\" title=\"\" rel=\"gallery1\" rel=\"lightbox[5048]\"><img loading=\"lazy\" decoding=\"async\" src=\"https:\/\/www.spkatarzyna.pl\/wp-content\/uploads\/2023\/04\/IMG_9035-150x150.jpg\" width=\"150\" height=\"150\" alt=\"\" \/><\/a>\n<\/dt><\/dl><dl class=\"gallery-item\">\n<dt class=\"gallery-icon\">\n<a href=\"https:\/\/www.spkatarzyna.pl\/wp-content\/uploads\/2023\/04\/IMG_9031-300x169.jpg\" title=\"\" rel=\"gallery1\" rel=\"lightbox[5048]\"><img loading=\"lazy\" decoding=\"async\" src=\"https:\/\/www.spkatarzyna.pl\/wp-content\/uploads\/2023\/04\/IMG_9031-150x150.jpg\" width=\"150\" height=\"150\" alt=\"\" \/><\/a>\n<\/dt><\/dl><dl class=\"gallery-item\">\n<dt class=\"gallery-icon\">\n<a href=\"https:\/\/www.spkatarzyna.pl\/wp-content\/uploads\/2023\/04\/IMG_8987-300x225.jpg\" title=\"\" rel=\"gallery1\" rel=\"lightbox[5048]\"><img loading=\"lazy\" decoding=\"async\" src=\"https:\/\/www.spkatarzyna.pl\/wp-content\/uploads\/2023\/04\/IMG_8987-150x150.jpg\" width=\"150\" height=\"150\" alt=\"\" \/><\/a>\n<\/dt><\/dl><br style=\"clear: both\" \/><dl class=\"gallery-item\">\n<dt class=\"gallery-icon\">\n<a href=\"https:\/\/www.spkatarzyna.pl\/wp-content\/uploads\/2023\/04\/IMG_8973-300x225.jpg\" title=\"\" rel=\"gallery1\" rel=\"lightbox[5048]\"><img loading=\"lazy\" decoding=\"async\" src=\"https:\/\/www.spkatarzyna.pl\/wp-content\/uploads\/2023\/04\/IMG_8973-150x150.jpg\" width=\"150\" height=\"150\" alt=\"\" \/><\/a>\n<\/dt><\/dl><dl class=\"gallery-item\">\n<dt class=\"gallery-icon\">\n<a href=\"https:\/\/www.spkatarzyna.pl\/wp-content\/uploads\/2023\/04\/IMG_8933-300x225.jpg\" title=\"\" rel=\"gallery1\" rel=\"lightbox[5048]\"><img loading=\"lazy\" decoding=\"async\" src=\"https:\/\/www.spkatarzyna.pl\/wp-content\/uploads\/2023\/04\/IMG_8933-150x150.jpg\" width=\"150\" height=\"150\" alt=\"\" \/><\/a>\n<\/dt><\/dl><dl class=\"gallery-item\">\n<dt class=\"gallery-icon\">\n<a href=\"https:\/\/www.spkatarzyna.pl\/wp-content\/uploads\/2023\/04\/IMG_8935-300x225.jpg\" title=\"\" rel=\"gallery1\" rel=\"lightbox[5048]\"><img loading=\"lazy\" decoding=\"async\" src=\"https:\/\/www.spkatarzyna.pl\/wp-content\/uploads\/2023\/04\/IMG_8935-150x150.jpg\" width=\"150\" height=\"150\" alt=\"\" \/><\/a>\n<\/dt><\/dl><dl class=\"gallery-item\">\n<dt class=\"gallery-icon\">\n<a href=\"https:\/\/www.spkatarzyna.pl\/wp-content\/uploads\/2023\/04\/IMG_8929-300x225.jpg\" title=\"\" rel=\"gallery1\" rel=\"lightbox[5048]\"><img loading=\"lazy\" decoding=\"async\" src=\"https:\/\/www.spkatarzyna.pl\/wp-content\/uploads\/2023\/04\/IMG_8929-150x150.jpg\" width=\"150\" height=\"150\" alt=\"\" \/><\/a>\n<\/dt><\/dl><br style=\"clear: both\" \/><dl class=\"gallery-item\">\n<dt class=\"gallery-icon\">\n<a href=\"https:\/\/www.spkatarzyna.pl\/wp-content\/uploads\/2023\/04\/IMG_8926-300x225.jpg\" title=\"\" rel=\"gallery1\" rel=\"lightbox[5048]\"><img loading=\"lazy\" decoding=\"async\" src=\"https:\/\/www.spkatarzyna.pl\/wp-content\/uploads\/2023\/04\/IMG_8926-150x150.jpg\" width=\"150\" height=\"150\" alt=\"\" \/><\/a>\n<\/dt><\/dl><dl class=\"gallery-item\">\n<dt class=\"gallery-icon\">\n<a href=\"https:\/\/www.spkatarzyna.pl\/wp-content\/uploads\/2023\/04\/IMG_8923-300x225.jpg\" title=\"\" rel=\"gallery1\" rel=\"lightbox[5048]\"><img loading=\"lazy\" decoding=\"async\" src=\"https:\/\/www.spkatarzyna.pl\/wp-content\/uploads\/2023\/04\/IMG_8923-150x150.jpg\" width=\"150\" height=\"150\" alt=\"\" \/><\/a>\n<\/dt><\/dl><dl class=\"gallery-item\">\n<dt class=\"gallery-icon\">\n<a href=\"https:\/\/www.spkatarzyna.pl\/wp-content\/uploads\/2023\/04\/IMG_8913-300x225.jpg\" title=\"\" rel=\"gallery1\" rel=\"lightbox[5048]\"><img loading=\"lazy\" decoding=\"async\" src=\"https:\/\/www.spkatarzyna.pl\/wp-content\/uploads\/2023\/04\/IMG_8913-150x150.jpg\" width=\"150\" height=\"150\" alt=\"\" \/><\/a>\n<\/dt><\/dl><dl class=\"gallery-item\">\n<dt class=\"gallery-icon\">\n<a href=\"https:\/\/www.spkatarzyna.pl\/wp-content\/uploads\/2023\/04\/IMG_8900-300x225.jpg\" title=\"\" rel=\"gallery1\" rel=\"lightbox[5048]\"><img loading=\"lazy\" decoding=\"async\" src=\"https:\/\/www.spkatarzyna.pl\/wp-content\/uploads\/2023\/04\/IMG_8900-150x150.jpg\" width=\"150\" height=\"150\" alt=\"\" \/><\/a>\n<\/dt><\/dl><br style=\"clear: both\" \/><dl class=\"gallery-item\">\n<dt class=\"gallery-icon\">\n<a href=\"https:\/\/www.spkatarzyna.pl\/wp-content\/uploads\/2023\/04\/IMG_8869-300x225.jpg\" title=\"\" rel=\"gallery1\" rel=\"lightbox[5048]\"><img loading=\"lazy\" decoding=\"async\" src=\"https:\/\/www.spkatarzyna.pl\/wp-content\/uploads\/2023\/04\/IMG_8869-150x150.jpg\" width=\"150\" height=\"150\" alt=\"\" \/><\/a>\n<\/dt><\/dl><dl class=\"gallery-item\">\n<dt class=\"gallery-icon\">\n<a href=\"https:\/\/www.spkatarzyna.pl\/wp-content\/uploads\/2023\/04\/IMG_8877-300x225.jpg\" title=\"\" rel=\"gallery1\" rel=\"lightbox[5048]\"><img loading=\"lazy\" decoding=\"async\" src=\"https:\/\/www.spkatarzyna.pl\/wp-content\/uploads\/2023\/04\/IMG_8877-150x150.jpg\" width=\"150\" height=\"150\" alt=\"\" \/><\/a>\n<\/dt><\/dl><dl class=\"gallery-item\">\n<dt class=\"gallery-icon\">\n<a href=\"https:\/\/www.spkatarzyna.pl\/wp-content\/uploads\/2023\/04\/IMG_8780-225x300.jpg\" title=\"\" rel=\"gallery1\" rel=\"lightbox[5048]\"><img loading=\"lazy\" decoding=\"async\" src=\"https:\/\/www.spkatarzyna.pl\/wp-content\/uploads\/2023\/04\/IMG_8780-150x150.jpg\" width=\"150\" height=\"150\" alt=\"\" \/><\/a>\n<\/dt><\/dl><dl class=\"gallery-item\">\n<dt class=\"gallery-icon\">\n<a href=\"https:\/\/www.spkatarzyna.pl\/wp-content\/uploads\/2023\/04\/IMG_8746-300x225.jpg\" title=\"\" rel=\"gallery1\" rel=\"lightbox[5048]\"><img loading=\"lazy\" decoding=\"async\" src=\"https:\/\/www.spkatarzyna.pl\/wp-content\/uploads\/2023\/04\/IMG_8746-150x150.jpg\" width=\"150\" height=\"150\" alt=\"\" \/><\/a>\n<\/dt><\/dl><br style=\"clear: both\" \/><dl class=\"gallery-item\">\n<dt class=\"gallery-icon\">\n<a href=\"https:\/\/www.spkatarzyna.pl\/wp-content\/uploads\/2023\/04\/IMG_8729-300x225.jpg\" title=\"\" rel=\"gallery1\" rel=\"lightbox[5048]\"><img loading=\"lazy\" decoding=\"async\" src=\"https:\/\/www.spkatarzyna.pl\/wp-content\/uploads\/2023\/04\/IMG_8729-150x150.jpg\" width=\"150\" height=\"150\" alt=\"\" \/><\/a>\n<\/dt><\/dl><dl class=\"gallery-item\">\n<dt class=\"gallery-icon\">\n<a href=\"https:\/\/www.spkatarzyna.pl\/wp-content\/uploads\/2023\/04\/IMG_8719-300x225.jpg\" title=\"\" rel=\"gallery1\" rel=\"lightbox[5048]\"><img loading=\"lazy\" decoding=\"async\" src=\"https:\/\/www.spkatarzyna.pl\/wp-content\/uploads\/2023\/04\/IMG_8719-150x150.jpg\" width=\"150\" height=\"150\" alt=\"\" \/><\/a>\n<\/dt><\/dl><dl class=\"gallery-item\">\n<dt class=\"gallery-icon\">\n<a href=\"https:\/\/www.spkatarzyna.pl\/wp-content\/uploads\/2023\/04\/IMG_8722-300x225.jpg\" title=\"\" rel=\"gallery1\" rel=\"lightbox[5048]\"><img loading=\"lazy\" decoding=\"async\" src=\"https:\/\/www.spkatarzyna.pl\/wp-content\/uploads\/2023\/04\/IMG_8722-150x150.jpg\" width=\"150\" height=\"150\" alt=\"\" \/><\/a>\n<\/dt><\/dl><dl class=\"gallery-item\">\n<dt class=\"gallery-icon\">\n<a href=\"https:\/\/www.spkatarzyna.pl\/wp-content\/uploads\/2023\/04\/IMG_8686-300x225.jpg\" title=\"\" rel=\"gallery1\" rel=\"lightbox[5048]\"><img loading=\"lazy\" decoding=\"async\" src=\"https:\/\/www.spkatarzyna.pl\/wp-content\/uploads\/2023\/04\/IMG_8686-150x150.jpg\" width=\"150\" height=\"150\" alt=\"\" \/><\/a>\n<\/dt><\/dl><br style=\"clear: both\" \/><br style=\"clear: both\" \/><\/div>\t\t<\/div>\n\t\t\t\t\t\t<\/div>\n\t\t\t\t\t<\/div>\n\t\t<\/div>\n\t\t\t\t\t<\/div>\n\t\t<\/section>\n\t\t\t\t<\/div>\n\t\t","protected":false},"excerpt":{"rendered":"<p>&nbsp; Od 17 do 21 kwietnia uczniowie czwartych klas przebywali na Zielonej Szkole w Radkowie u podn\u00f3\u017ca Szczeli\u0144ca w G\u00f3rach Sto\u0142owych. Malownicze po\u0142o\u017cenie samego o\u015brodka dostarczy\u0142o czwartoklasistom wspania\u0142ych wra\u017ce\u0144 i pozwoli\u0142o zrealizowa\u0107 interesuj\u0105ce aktywno\u015bci sportowe, artystyczne i naukowe. Opr\u00f3cz nauki i zwiedzania Radkowa oraz przej\u015bcia szlakami g\u00f3rskimi do schroniska Pasterka, [&hellip;]<\/p>\n","protected":false},"author":6,"featured_media":5049,"comment_status":"open","ping_status":"open","sticky":false,"template":"","format":"standard","meta":{"om_disable_all_campaigns":false,"_monsterinsights_skip_tracking":false,"ngg_post_thumbnail":0,"footnotes":""},"categories":[1],"tags":[],"class_list":["post-5048","post","type-post","status-publish","format-standard","has-post-thumbnail","hentry","category-uncategorized"],"aioseo_notices":[],"aioseo_head":"\n\t\t<!-- All in One SEO 5.0.1.1 - aioseo.com -->\n\t<meta name=\"description\" content=\"Od 17 do 21 kwietnia uczniowie czwartych klas przebywali na Zielonej Szkole w Radkowie u podn\u00f3\u017ca Szczeli\u0144ca w G\u00f3rach Sto\u0142owych. Malownicze po\u0142o\u017cenie samego o\u015brodka dostarczy\u0142o czwartoklasistom wspania\u0142ych wra\u017ce\u0144 i pozwoli\u0142o zrealizowa\u0107 interesuj\u0105ce aktywno\u015bci sportowe, artystyczne i naukowe. Opr\u00f3cz nauki i zwiedzania Radkowa oraz przej\u015bcia szlakami g\u00f3rskimi do schroniska Pasterka, mo\u017cna by\u0142o uczestniczy\u0107 w zaj\u0119ciach\" \/>\n\t<meta name=\"robots\" content=\"max-image-preview:large\" \/>\n\t<meta name=\"author\" content=\"Redakcja\"\/>\n\t<link rel=\"canonical\" href=\"https:\/\/www.spkatarzyna.pl\/index.php\/2023\/04\/25\/zielona-szkola-klas-czwartych\/\" \/>\n\t<meta name=\"generator\" content=\"All in One SEO (AIOSEO) 5.0.1.1\" \/>\n\t\t<meta property=\"og:locale\" content=\"pl_PL\" \/>\n\t\t<meta property=\"og:site_name\" content=\"SP Katarzyna - Publiczna Szko\u0142a Podstawowa w \u015awi\u0119tej Katarzynie\" \/>\n\t\t<meta property=\"og:type\" content=\"article\" \/>\n\t\t<meta property=\"og:title\" content=\"Zielona Szko\u0142a klas czwartych - SP Katarzyna\" \/>\n\t\t<meta property=\"og:description\" content=\"Od 17 do 21 kwietnia uczniowie czwartych klas przebywali na Zielonej Szkole w Radkowie u podn\u00f3\u017ca Szczeli\u0144ca w G\u00f3rach Sto\u0142owych. Malownicze po\u0142o\u017cenie samego o\u015brodka dostarczy\u0142o czwartoklasistom wspania\u0142ych wra\u017ce\u0144 i pozwoli\u0142o zrealizowa\u0107 interesuj\u0105ce aktywno\u015bci sportowe, artystyczne i naukowe. Opr\u00f3cz nauki i zwiedzania Radkowa oraz przej\u015bcia szlakami g\u00f3rskimi do schroniska Pasterka, mo\u017cna by\u0142o uczestniczy\u0107 w zaj\u0119ciach\" \/>\n\t\t<meta property=\"og:url\" content=\"https:\/\/www.spkatarzyna.pl\/index.php\/2023\/04\/25\/zielona-szkola-klas-czwartych\/\" \/>\n\t\t<meta property=\"article:published_time\" content=\"2023-04-25T09:25:09+00:00\" \/>\n\t\t<meta property=\"article:modified_time\" content=\"2023-04-28T09:05:12+00:00\" \/>\n\t\t<meta name=\"twitter:card\" content=\"summary_large_image\" \/>\n\t\t<meta name=\"twitter:title\" content=\"Zielona Szko\u0142a klas czwartych - SP Katarzyna\" \/>\n\t\t<meta name=\"twitter:description\" content=\"Od 17 do 21 kwietnia uczniowie czwartych klas przebywali na Zielonej Szkole w Radkowie u podn\u00f3\u017ca Szczeli\u0144ca w G\u00f3rach Sto\u0142owych. Malownicze po\u0142o\u017cenie samego o\u015brodka dostarczy\u0142o czwartoklasistom wspania\u0142ych wra\u017ce\u0144 i pozwoli\u0142o zrealizowa\u0107 interesuj\u0105ce aktywno\u015bci sportowe, artystyczne i naukowe. Opr\u00f3cz nauki i zwiedzania Radkowa oraz przej\u015bcia szlakami g\u00f3rskimi do schroniska Pasterka, mo\u017cna by\u0142o uczestniczy\u0107 w zaj\u0119ciach\" \/>\n\t\t<script type=\"application\/ld+json\" class=\"aioseo-schema\">\n\t\t\t{\"@context\":\"https:\\\/\\\/schema.org\",\"@graph\":[{\"@type\":\"BlogPosting\",\"@id\":\"https:\\\/\\\/www.spkatarzyna.pl\\\/index.php\\\/2023\\\/04\\\/25\\\/zielona-szkola-klas-czwartych\\\/#blogposting\",\"name\":\"Zielona Szko\\u0142a klas czwartych - SP Katarzyna\",\"headline\":\"Zielona Szko\\u0142a klas czwartych\",\"author\":{\"@id\":\"https:\\\/\\\/www.spkatarzyna.pl\\\/index.php\\\/author\\\/agatasafianspkatarzyna-pl\\\/#author\"},\"publisher\":{\"@id\":\"https:\\\/\\\/www.spkatarzyna.pl\\\/#organization\"},\"image\":{\"@type\":\"ImageObject\",\"url\":\"https:\\\/\\\/www.spkatarzyna.pl\\\/wp-content\\\/uploads\\\/2023\\\/04\\\/IMG_26301.jpg\",\"width\":360,\"height\":202},\"datePublished\":\"2023-04-25T09:25:09+02:00\",\"dateModified\":\"2023-04-28T09:05:12+02:00\",\"inLanguage\":\"pl-PL\",\"mainEntityOfPage\":{\"@id\":\"https:\\\/\\\/www.spkatarzyna.pl\\\/index.php\\\/2023\\\/04\\\/25\\\/zielona-szkola-klas-czwartych\\\/#webpage\"},\"isPartOf\":{\"@id\":\"https:\\\/\\\/www.spkatarzyna.pl\\\/index.php\\\/2023\\\/04\\\/25\\\/zielona-szkola-klas-czwartych\\\/#webpage\"},\"articleSection\":\"Uncategorized\"},{\"@type\":\"BreadcrumbList\",\"@id\":\"https:\\\/\\\/www.spkatarzyna.pl\\\/index.php\\\/2023\\\/04\\\/25\\\/zielona-szkola-klas-czwartych\\\/#breadcrumblist\",\"itemListElement\":[{\"@type\":\"ListItem\",\"@id\":\"https:\\\/\\\/www.spkatarzyna.pl#listItem\",\"position\":1,\"name\":\"Dom\",\"item\":\"https:\\\/\\\/www.spkatarzyna.pl\",\"nextItem\":{\"@type\":\"ListItem\",\"@id\":\"https:\\\/\\\/www.spkatarzyna.pl\\\/index.php\\\/category\\\/uncategorized\\\/#listItem\",\"name\":\"Uncategorized\"}},{\"@type\":\"ListItem\",\"@id\":\"https:\\\/\\\/www.spkatarzyna.pl\\\/index.php\\\/category\\\/uncategorized\\\/#listItem\",\"position\":2,\"name\":\"Uncategorized\",\"item\":\"https:\\\/\\\/www.spkatarzyna.pl\\\/index.php\\\/category\\\/uncategorized\\\/\",\"nextItem\":{\"@type\":\"ListItem\",\"@id\":\"https:\\\/\\\/www.spkatarzyna.pl\\\/index.php\\\/2023\\\/04\\\/25\\\/zielona-szkola-klas-czwartych\\\/#listItem\",\"name\":\"Zielona Szko\\u0142a klas czwartych\"},\"previousItem\":{\"@type\":\"ListItem\",\"@id\":\"https:\\\/\\\/www.spkatarzyna.pl#listItem\",\"name\":\"Dom\"}},{\"@type\":\"ListItem\",\"@id\":\"https:\\\/\\\/www.spkatarzyna.pl\\\/index.php\\\/2023\\\/04\\\/25\\\/zielona-szkola-klas-czwartych\\\/#listItem\",\"position\":3,\"name\":\"Zielona Szko\\u0142a klas czwartych\",\"previousItem\":{\"@type\":\"ListItem\",\"@id\":\"https:\\\/\\\/www.spkatarzyna.pl\\\/index.php\\\/category\\\/uncategorized\\\/#listItem\",\"name\":\"Uncategorized\"}}]},{\"@type\":\"Organization\",\"@id\":\"https:\\\/\\\/www.spkatarzyna.pl\\\/#organization\",\"name\":\"SP Katarzyna\",\"description\":\"Publiczna Szko\\u0142a Podstawowa w \\u015awi\\u0119tej Katarzynie\",\"url\":\"https:\\\/\\\/www.spkatarzyna.pl\\\/\",\"telephone\":\"+48713116378\",\"sameAs\":[\"https:\\\/\\\/facebook.com\\\/\",\"https:\\\/\\\/x.com\\\/\",\"https:\\\/\\\/instagram.com\\\/\",\"https:\\\/\\\/pinterest.com\\\/\",\"https:\\\/\\\/youtube.com\\\/\",\"https:\\\/\\\/linkedin.com\\\/in\\\/\"]},{\"@type\":\"Person\",\"@id\":\"https:\\\/\\\/www.spkatarzyna.pl\\\/index.php\\\/author\\\/agatasafianspkatarzyna-pl\\\/#author\",\"url\":\"https:\\\/\\\/www.spkatarzyna.pl\\\/index.php\\\/author\\\/agatasafianspkatarzyna-pl\\\/\",\"name\":\"Redakcja\",\"image\":{\"@type\":\"ImageObject\",\"@id\":\"https:\\\/\\\/www.spkatarzyna.pl\\\/index.php\\\/2023\\\/04\\\/25\\\/zielona-szkola-klas-czwartych\\\/#authorImage\",\"url\":\"https:\\\/\\\/secure.gravatar.com\\\/avatar\\\/765290513df94d442152250e92b42327?s=96&d=mm&r=g\",\"width\":96,\"height\":96,\"caption\":\"Redakcja\"}},{\"@type\":\"WebPage\",\"@id\":\"https:\\\/\\\/www.spkatarzyna.pl\\\/index.php\\\/2023\\\/04\\\/25\\\/zielona-szkola-klas-czwartych\\\/#webpage\",\"url\":\"https:\\\/\\\/www.spkatarzyna.pl\\\/index.php\\\/2023\\\/04\\\/25\\\/zielona-szkola-klas-czwartych\\\/\",\"name\":\"Zielona Szko\\u0142a klas czwartych - SP Katarzyna\",\"description\":\"Od 17 do 21 kwietnia uczniowie czwartych klas przebywali na Zielonej Szkole w Radkowie u podn\\u00f3\\u017ca Szczeli\\u0144ca w G\\u00f3rach Sto\\u0142owych. Malownicze po\\u0142o\\u017cenie samego o\\u015brodka dostarczy\\u0142o czwartoklasistom wspania\\u0142ych wra\\u017ce\\u0144 i pozwoli\\u0142o zrealizowa\\u0107 interesuj\\u0105ce aktywno\\u015bci sportowe, artystyczne i naukowe. Opr\\u00f3cz nauki i zwiedzania Radkowa oraz przej\\u015bcia szlakami g\\u00f3rskimi do schroniska Pasterka, mo\\u017cna by\\u0142o uczestniczy\\u0107 w zaj\\u0119ciach\",\"inLanguage\":\"pl-PL\",\"isPartOf\":{\"@id\":\"https:\\\/\\\/www.spkatarzyna.pl\\\/#website\"},\"breadcrumb\":{\"@id\":\"https:\\\/\\\/www.spkatarzyna.pl\\\/index.php\\\/2023\\\/04\\\/25\\\/zielona-szkola-klas-czwartych\\\/#breadcrumblist\"},\"author\":{\"@id\":\"https:\\\/\\\/www.spkatarzyna.pl\\\/index.php\\\/author\\\/agatasafianspkatarzyna-pl\\\/#author\"},\"creator\":{\"@id\":\"https:\\\/\\\/www.spkatarzyna.pl\\\/index.php\\\/author\\\/agatasafianspkatarzyna-pl\\\/#author\"},\"image\":{\"@type\":\"ImageObject\",\"url\":\"https:\\\/\\\/www.spkatarzyna.pl\\\/wp-content\\\/uploads\\\/2023\\\/04\\\/IMG_26301.jpg\",\"@id\":\"https:\\\/\\\/www.spkatarzyna.pl\\\/index.php\\\/2023\\\/04\\\/25\\\/zielona-szkola-klas-czwartych\\\/#mainImage\",\"width\":360,\"height\":202},\"primaryImageOfPage\":{\"@id\":\"https:\\\/\\\/www.spkatarzyna.pl\\\/index.php\\\/2023\\\/04\\\/25\\\/zielona-szkola-klas-czwartych\\\/#mainImage\"},\"datePublished\":\"2023-04-25T09:25:09+02:00\",\"dateModified\":\"2023-04-28T09:05:12+02:00\"},{\"@type\":\"WebSite\",\"@id\":\"https:\\\/\\\/www.spkatarzyna.pl\\\/#website\",\"url\":\"https:\\\/\\\/www.spkatarzyna.pl\\\/\",\"name\":\"SP Katarzyna\",\"description\":\"Publiczna Szko\\u0142a Podstawowa w \\u015awi\\u0119tej Katarzynie\",\"inLanguage\":\"pl-PL\",\"publisher\":{\"@id\":\"https:\\\/\\\/www.spkatarzyna.pl\\\/#organization\"}}]}\n\t\t<\/script>\n\t\t<!-- All in One SEO -->\n\n","aioseo_head_json":{"title":"Zielona Szko\u0142a klas czwartych - SP Katarzyna","description":"Od 17 do 21 kwietnia uczniowie czwartych klas przebywali na Zielonej Szkole w Radkowie u podn\u00f3\u017ca Szczeli\u0144ca w G\u00f3rach Sto\u0142owych. Malownicze po\u0142o\u017cenie samego o\u015brodka dostarczy\u0142o czwartoklasistom wspania\u0142ych wra\u017ce\u0144 i pozwoli\u0142o zrealizowa\u0107 interesuj\u0105ce aktywno\u015bci sportowe, artystyczne i naukowe. Opr\u00f3cz nauki i zwiedzania Radkowa oraz przej\u015bcia szlakami g\u00f3rskimi do schroniska Pasterka, mo\u017cna by\u0142o uczestniczy\u0107 w zaj\u0119ciach","canonical_url":"https:\/\/www.spkatarzyna.pl\/index.php\/2023\/04\/25\/zielona-szkola-klas-czwartych\/","robots":"max-image-preview:large","keywords":"","webmasterTools":{"miscellaneous":""},"schema":{"@context":"https:\/\/schema.org","@graph":[{"@type":"BlogPosting","@id":"https:\/\/www.spkatarzyna.pl\/index.php\/2023\/04\/25\/zielona-szkola-klas-czwartych\/#blogposting","name":"Zielona Szko\u0142a klas czwartych - SP Katarzyna","headline":"Zielona Szko\u0142a klas czwartych","author":{"@id":"https:\/\/www.spkatarzyna.pl\/index.php\/author\/agatasafianspkatarzyna-pl\/#author"},"publisher":{"@id":"https:\/\/www.spkatarzyna.pl\/#organization"},"image":{"@type":"ImageObject","url":"https:\/\/www.spkatarzyna.pl\/wp-content\/uploads\/2023\/04\/IMG_26301.jpg","width":360,"height":202},"datePublished":"2023-04-25T09:25:09+02:00","dateModified":"2023-04-28T09:05:12+02:00","inLanguage":"pl-PL","mainEntityOfPage":{"@id":"https:\/\/www.spkatarzyna.pl\/index.php\/2023\/04\/25\/zielona-szkola-klas-czwartych\/#webpage"},"isPartOf":{"@id":"https:\/\/www.spkatarzyna.pl\/index.php\/2023\/04\/25\/zielona-szkola-klas-czwartych\/#webpage"},"articleSection":"Uncategorized"},{"@type":"BreadcrumbList","@id":"https:\/\/www.spkatarzyna.pl\/index.php\/2023\/04\/25\/zielona-szkola-klas-czwartych\/#breadcrumblist","itemListElement":[{"@type":"ListItem","@id":"https:\/\/www.spkatarzyna.pl#listItem","position":1,"name":"Dom","item":"https:\/\/www.spkatarzyna.pl","nextItem":{"@type":"ListItem","@id":"https:\/\/www.spkatarzyna.pl\/index.php\/category\/uncategorized\/#listItem","name":"Uncategorized"}},{"@type":"ListItem","@id":"https:\/\/www.spkatarzyna.pl\/index.php\/category\/uncategorized\/#listItem","position":2,"name":"Uncategorized","item":"https:\/\/www.spkatarzyna.pl\/index.php\/category\/uncategorized\/","nextItem":{"@type":"ListItem","@id":"https:\/\/www.spkatarzyna.pl\/index.php\/2023\/04\/25\/zielona-szkola-klas-czwartych\/#listItem","name":"Zielona Szko\u0142a klas czwartych"},"previousItem":{"@type":"ListItem","@id":"https:\/\/www.spkatarzyna.pl#listItem","name":"Dom"}},{"@type":"ListItem","@id":"https:\/\/www.spkatarzyna.pl\/index.php\/2023\/04\/25\/zielona-szkola-klas-czwartych\/#listItem","position":3,"name":"Zielona Szko\u0142a klas czwartych","previousItem":{"@type":"ListItem","@id":"https:\/\/www.spkatarzyna.pl\/index.php\/category\/uncategorized\/#listItem","name":"Uncategorized"}}]},{"@type":"Organization","@id":"https:\/\/www.spkatarzyna.pl\/#organization","name":"SP Katarzyna","description":"Publiczna Szko\u0142a Podstawowa w \u015awi\u0119tej Katarzynie","url":"https:\/\/www.spkatarzyna.pl\/","telephone":"+48713116378","sameAs":["https:\/\/facebook.com\/","https:\/\/x.com\/","https:\/\/instagram.com\/","https:\/\/pinterest.com\/","https:\/\/youtube.com\/","https:\/\/linkedin.com\/in\/"]},{"@type":"Person","@id":"https:\/\/www.spkatarzyna.pl\/index.php\/author\/agatasafianspkatarzyna-pl\/#author","url":"https:\/\/www.spkatarzyna.pl\/index.php\/author\/agatasafianspkatarzyna-pl\/","name":"Redakcja","image":{"@type":"ImageObject","@id":"https:\/\/www.spkatarzyna.pl\/index.php\/2023\/04\/25\/zielona-szkola-klas-czwartych\/#authorImage","url":"https:\/\/secure.gravatar.com\/avatar\/765290513df94d442152250e92b42327?s=96&d=mm&r=g","width":96,"height":96,"caption":"Redakcja"}},{"@type":"WebPage","@id":"https:\/\/www.spkatarzyna.pl\/index.php\/2023\/04\/25\/zielona-szkola-klas-czwartych\/#webpage","url":"https:\/\/www.spkatarzyna.pl\/index.php\/2023\/04\/25\/zielona-szkola-klas-czwartych\/","name":"Zielona Szko\u0142a klas czwartych - SP Katarzyna","description":"Od 17 do 21 kwietnia uczniowie czwartych klas przebywali na Zielonej Szkole w Radkowie u podn\u00f3\u017ca Szczeli\u0144ca w G\u00f3rach Sto\u0142owych. Malownicze po\u0142o\u017cenie samego o\u015brodka dostarczy\u0142o czwartoklasistom wspania\u0142ych wra\u017ce\u0144 i pozwoli\u0142o zrealizowa\u0107 interesuj\u0105ce aktywno\u015bci sportowe, artystyczne i naukowe. Opr\u00f3cz nauki i zwiedzania Radkowa oraz przej\u015bcia szlakami g\u00f3rskimi do schroniska Pasterka, mo\u017cna by\u0142o uczestniczy\u0107 w zaj\u0119ciach","inLanguage":"pl-PL","isPartOf":{"@id":"https:\/\/www.spkatarzyna.pl\/#website"},"breadcrumb":{"@id":"https:\/\/www.spkatarzyna.pl\/index.php\/2023\/04\/25\/zielona-szkola-klas-czwartych\/#breadcrumblist"},"author":{"@id":"https:\/\/www.spkatarzyna.pl\/index.php\/author\/agatasafianspkatarzyna-pl\/#author"},"creator":{"@id":"https:\/\/www.spkatarzyna.pl\/index.php\/author\/agatasafianspkatarzyna-pl\/#author"},"image":{"@type":"ImageObject","url":"https:\/\/www.spkatarzyna.pl\/wp-content\/uploads\/2023\/04\/IMG_26301.jpg","@id":"https:\/\/www.spkatarzyna.pl\/index.php\/2023\/04\/25\/zielona-szkola-klas-czwartych\/#mainImage","width":360,"height":202},"primaryImageOfPage":{"@id":"https:\/\/www.spkatarzyna.pl\/index.php\/2023\/04\/25\/zielona-szkola-klas-czwartych\/#mainImage"},"datePublished":"2023-04-25T09:25:09+02:00","dateModified":"2023-04-28T09:05:12+02:00"},{"@type":"WebSite","@id":"https:\/\/www.spkatarzyna.pl\/#website","url":"https:\/\/www.spkatarzyna.pl\/","name":"SP Katarzyna","description":"Publiczna Szko\u0142a Podstawowa w \u015awi\u0119tej Katarzynie","inLanguage":"pl-PL","publisher":{"@id":"https:\/\/www.spkatarzyna.pl\/#organization"}}]},"og:locale":"pl_PL","og:site_name":"SP Katarzyna - Publiczna Szko\u0142a Podstawowa w \u015awi\u0119tej Katarzynie","og:type":"article","og:title":"Zielona Szko\u0142a klas czwartych - SP Katarzyna","og:description":"Od 17 do 21 kwietnia uczniowie czwartych klas przebywali na Zielonej Szkole w Radkowie u podn\u00f3\u017ca Szczeli\u0144ca w G\u00f3rach Sto\u0142owych. Malownicze po\u0142o\u017cenie samego o\u015brodka dostarczy\u0142o czwartoklasistom wspania\u0142ych wra\u017ce\u0144 i pozwoli\u0142o zrealizowa\u0107 interesuj\u0105ce aktywno\u015bci sportowe, artystyczne i naukowe. Opr\u00f3cz nauki i zwiedzania Radkowa oraz przej\u015bcia szlakami g\u00f3rskimi do schroniska Pasterka, mo\u017cna by\u0142o uczestniczy\u0107 w zaj\u0119ciach","og:url":"https:\/\/www.spkatarzyna.pl\/index.php\/2023\/04\/25\/zielona-szkola-klas-czwartych\/","article:published_time":"2023-04-25T09:25:09+00:00","article:modified_time":"2023-04-28T09:05:12+00:00","twitter:card":"summary_large_image","twitter:title":"Zielona Szko\u0142a klas czwartych - SP Katarzyna","twitter:description":"Od 17 do 21 kwietnia uczniowie czwartych klas przebywali na Zielonej Szkole w Radkowie u podn\u00f3\u017ca Szczeli\u0144ca w G\u00f3rach Sto\u0142owych. Malownicze po\u0142o\u017cenie samego o\u015brodka dostarczy\u0142o czwartoklasistom wspania\u0142ych wra\u017ce\u0144 i pozwoli\u0142o zrealizowa\u0107 interesuj\u0105ce aktywno\u015bci sportowe, artystyczne i naukowe. Opr\u00f3cz nauki i zwiedzania Radkowa oraz przej\u015bcia szlakami g\u00f3rskimi do schroniska Pasterka, mo\u017cna by\u0142o uczestniczy\u0107 w zaj\u0119ciach"},"aioseo_meta_data":{"post_id":"5048","title":null,"description":null,"keywords":null,"keyphrases":null,"primary_term":null,"canonical_url":null,"og_title":null,"og_description":null,"og_object_type":"default","og_image_type":"default","og_image_url":null,"og_image_width":null,"og_image_height":null,"og_image_custom_url":null,"og_image_custom_fields":null,"og_video":null,"og_custom_url":null,"og_article_section":null,"og_article_tags":null,"twitter_use_og":false,"twitter_card":"default","twitter_image_type":"default","twitter_image_url":null,"twitter_image_custom_url":null,"twitter_image_custom_fields":null,"twitter_title":null,"twitter_description":null,"schema":{"blockGraphs":[],"customGraphs":[],"default":{"data":{"Article":[],"Course":[],"Dataset":[],"FAQPage":[],"Movie":[],"Person":[],"Product":[],"ProductReview":[],"Car":[],"Recipe":[],"Service":[],"SoftwareApplication":[],"WebPage":[]},"graphName":"","isEnabled":true},"graphs":[]},"schema_type":"default","schema_type_options":null,"pillar_content":false,"robots_default":true,"robots_noindex":false,"robots_noarchive":false,"robots_nosnippet":false,"robots_nofollow":false,"robots_noimageindex":false,"robots_noodp":false,"robots_notranslate":false,"robots_max_snippet":null,"robots_max_videopreview":null,"robots_max_imagepreview":"large","priority":null,"frequency":null,"local_seo":null,"limit_modified_date":false,"created":"2024-04-03 08:03:23","updated":"2026-09-03 14:26:46","focus_keyword":null,"additional_keywords":null,"truseo_locale":null,"ai":null,"breadcrumb_settings":null,"seo_analyzer_scan_date":null},"aioseo_breadcrumb":"<div class=\"aioseo-breadcrumbs\"><span class=\"aioseo-breadcrumb\">\n\t\t\t<a href=\"https:\/\/www.spkatarzyna.pl\" title=\"Dom\">Dom<\/a>\n\t\t<\/span><span class=\"aioseo-breadcrumb-separator\">&raquo;<\/span><span class=\"aioseo-breadcrumb\">\n\t\t\t<a href=\"https:\/\/www.spkatarzyna.pl\/index.php\/category\/uncategorized\/\" title=\"Uncategorized\">Uncategorized<\/a>\n\t\t<\/span><span class=\"aioseo-breadcrumb-separator\">&raquo;<\/span><span class=\"aioseo-breadcrumb\">\n\t\t\tZielona Szko\u0142a klas czwartych\n\t\t<\/span><\/div>","aioseo_breadcrumb_json":[{"label":"Dom","link":"https:\/\/www.spkatarzyna.pl"},{"label":"Uncategorized","link":"https:\/\/www.spkatarzyna.pl\/index.php\/category\/uncategorized\/"},{"label":"Zielona Szko\u0142a klas czwartych","link":"https:\/\/www.spkatarzyna.pl\/index.php\/2023\/04\/25\/zielona-szkola-klas-czwartych\/"}],"_links":{"self":[{"href":"https:\/\/www.spkatarzyna.pl\/index.php\/wp-json\/wp\/v2\/posts\/5048","targetHints":{"allow":["GET"]}}],"collection":[{"href":"https:\/\/www.spkatarzyna.pl\/index.php\/wp-json\/wp\/v2\/posts"}],"about":[{"href":"https:\/\/www.spkatarzyna.pl\/index.php\/wp-json\/wp\/v2\/types\/post"}],"author":[{"embeddable":true,"href":"https:\/\/www.spkatarzyna.pl\/index.php\/wp-json\/wp\/v2\/users\/6"}],"replies":[{"embeddable":true,"href":"https:\/\/www.spkatarzyna.pl\/index.php\/wp-json\/wp\/v2\/comments?post=5048"}],"version-history":[{"count":34,"href":"https:\/\/www.spkatarzyna.pl\/index.php\/wp-json\/wp\/v2\/posts\/5048\/revisions"}],"predecessor-version":[{"id":5171,"href":"https:\/\/www.spkatarzyna.pl\/index.php\/wp-json\/wp\/v2\/posts\/5048\/revisions\/5171"}],"wp:featuredmedia":[{"embeddable":true,"href":"https:\/\/www.spkatarzyna.pl\/index.php\/wp-json\/wp\/v2\/media\/5049"}],"wp:attachment":[{"href":"https:\/\/www.spkatarzyna.pl\/index.php\/wp-json\/wp\/v2\/media?parent=5048"}],"wp:term":[{"taxonomy":"category","embeddable":true,"href":"https:\/\/www.spkatarzyna.pl\/index.php\/wp-json\/wp\/v2\/categories?post=5048"},{"taxonomy":"post_tag","embeddable":true,"href":"https:\/\/www.spkatarzyna.pl\/index.php\/wp-json\/wp\/v2\/tags?post=5048"}],"curies":[{"name":"wp","href":"https:\/\/api.w.org\/{rel}","templated":true}]}}