{"id":5103,"date":"2023-04-26T13:25:55","date_gmt":"2023-04-26T13:25:55","guid":{"rendered":"http:\/\/www.spkatarzyna.pl\/?p=5103"},"modified":"2023-04-26T13:37:34","modified_gmt":"2023-04-26T13:37:34","slug":"akcja-ksiazka-chroni","status":"publish","type":"post","link":"https:\/\/www.spkatarzyna.pl\/index.php\/2023\/04\/26\/akcja-ksiazka-chroni\/","title":{"rendered":"Akcja &#8222;Ksi\u0105\u017cka chroni&#8221;"},"content":{"rendered":"\t\t<div data-elementor-type=\"wp-post\" data-elementor-id=\"5103\" class=\"elementor elementor-5103\">\n\t\t\t\t\t\t<section class=\"elementor-section elementor-top-section elementor-element elementor-element-7faed397 elementor-section-boxed elementor-section-height-default elementor-section-height-default\" data-id=\"7faed397\" data-element_type=\"section\">\n\t\t\t\t\t\t<div class=\"elementor-container elementor-column-gap-default\">\n\t\t\t\t\t<div class=\"elementor-column elementor-col-100 elementor-top-column elementor-element elementor-element-243e45f6\" data-id=\"243e45f6\" data-element_type=\"column\">\n\t\t\t<div class=\"elementor-widget-wrap elementor-element-populated\">\n\t\t\t\t\t\t<div class=\"elementor-element elementor-element-131d6f79 elementor-widget elementor-widget-text-editor\" data-id=\"131d6f79\" data-element_type=\"widget\" data-widget_type=\"text-editor.default\">\n\t\t\t\t\t\t\t\t\t<p style=\"text-align: justify;\"><span style=\"font-size: 14pt;\">Z rado\u015bci\u0105 informujemy, \u017ce dzi\u0119ki Fundacji Powszechnego Czytania w ramach akcji \u201eKsi\u0105\u017cka chroni\u201d nasza szko\u0142a otrzyma\u0142a bezp\u0142atne egzemplarze ksi\u0105\u017cek dla dzieci w j\u0119zyku ukrai\u0144skim i angielskim. W\u015br\u00f3d przekazanych dar\u00f3w jest 15 ksi\u0105\u017cek w j\u0119zyku angielskim, 45 ksi\u0105\u017cek w j\u0119zyku ukrai\u0144skim.&nbsp;<\/span><\/p>\r\n<p style=\"text-align: justify;\"><span style=\"font-size: 14pt;\">Dzi\u0119kujemy bardzo Fundacji Powszechnego Czytania za wsparcie naszych czytelnik\u00f3w i mo\u017cliwo\u015b\u0107 wzbogacenia zbior\u00f3w biblioteki szkolnej.<\/span><\/p>\r\n<p style=\"text-align: justify;\">&nbsp;<\/p>\t\t\t\t\t\t\t\t<\/div>\n\t\t\t\t\t<\/div>\n\t\t<\/div>\n\t\t\t\t\t<\/div>\n\t\t<\/section>\n\t\t\t\t<section class=\"elementor-section elementor-top-section elementor-element elementor-element-a79e88f elementor-section-boxed elementor-section-height-default elementor-section-height-default\" data-id=\"a79e88f\" data-element_type=\"section\">\n\t\t\t\t\t\t<div class=\"elementor-container elementor-column-gap-default\">\n\t\t\t\t\t<div class=\"elementor-column elementor-col-100 elementor-top-column elementor-element elementor-element-4c494f8\" data-id=\"4c494f8\" data-element_type=\"column\">\n\t\t\t<div class=\"elementor-widget-wrap elementor-element-populated\">\n\t\t\t\t\t\t<div class=\"elementor-element elementor-element-cd6e98f elementor-widget elementor-widget-image\" data-id=\"cd6e98f\" data-element_type=\"widget\" data-widget_type=\"image.default\">\n\t\t\t\t\t\t\t\t\t\t\t\t\t\t\t<img fetchpriority=\"high\" decoding=\"async\" width=\"1024\" height=\"768\" src=\"https:\/\/www.spkatarzyna.pl\/wp-content\/uploads\/2023\/04\/IMG_2648-scaled-e1682516235580-1024x768.jpg\" class=\"attachment-large size-large wp-image-5110\" alt=\"\" srcset=\"https:\/\/www.spkatarzyna.pl\/wp-content\/uploads\/2023\/04\/IMG_2648-scaled-e1682516235580-1024x768.jpg 1024w, https:\/\/www.spkatarzyna.pl\/wp-content\/uploads\/2023\/04\/IMG_2648-scaled-e1682516235580-300x225.jpg 300w, https:\/\/www.spkatarzyna.pl\/wp-content\/uploads\/2023\/04\/IMG_2648-scaled-e1682516235580-768x576.jpg 768w, https:\/\/www.spkatarzyna.pl\/wp-content\/uploads\/2023\/04\/IMG_2648-scaled-e1682516235580-1536x1152.jpg 1536w, https:\/\/www.spkatarzyna.pl\/wp-content\/uploads\/2023\/04\/IMG_2648-scaled-e1682516235580-2048x1536.jpg 2048w\" sizes=\"(max-width: 1024px) 100vw, 1024px\" \/>\t\t\t\t\t\t\t\t\t\t\t\t\t\t\t<\/div>\n\t\t\t\t\t<\/div>\n\t\t<\/div>\n\t\t\t\t\t<\/div>\n\t\t<\/section>\n\t\t\t\t<\/div>\n\t\t","protected":false},"excerpt":{"rendered":"<p>Z rado\u015bci\u0105 informujemy, \u017ce dzi\u0119ki Fundacji Powszechnego Czytania w ramach akcji \u201eKsi\u0105\u017cka chroni\u201d nasza szko\u0142a otrzyma\u0142a bezp\u0142atne egzemplarze ksi\u0105\u017cek dla dzieci w j\u0119zyku ukrai\u0144skim i angielskim. W\u015br\u00f3d przekazanych dar\u00f3w jest 15 ksi\u0105\u017cek w j\u0119zyku angielskim, 45 ksi\u0105\u017cek w j\u0119zyku ukrai\u0144skim.&nbsp; Dzi\u0119kujemy bardzo Fundacji Powszechnego Czytania za wsparcie naszych czytelnik\u00f3w i [&hellip;]<\/p>\n","protected":false},"author":6,"featured_media":5109,"comment_status":"open","ping_status":"open","sticky":false,"template":"","format":"standard","meta":{"om_disable_all_campaigns":false,"_monsterinsights_skip_tracking":false,"ngg_post_thumbnail":0,"footnotes":""},"categories":[1],"tags":[],"class_list":["post-5103","post","type-post","status-publish","format-standard","has-post-thumbnail","hentry","category-uncategorized"],"aioseo_notices":[],"aioseo_head":"\n\t\t<!-- All in One SEO 5.0.1.1 - aioseo.com -->\n\t<meta name=\"description\" content=\"Z rado\u015bci\u0105 informujemy, \u017ce dzi\u0119ki Fundacji Powszechnego Czytania w ramach akcji \u201eKsi\u0105\u017cka chroni\u201d nasza szko\u0142a otrzyma\u0142a bezp\u0142atne egzemplarze ksi\u0105\u017cek dla dzieci w j\u0119zyku ukrai\u0144skim i angielskim. W\u015br\u00f3d przekazanych dar\u00f3w jest 15 ksi\u0105\u017cek w j\u0119zyku angielskim, 45 ksi\u0105\u017cek w j\u0119zyku ukrai\u0144skim. Dzi\u0119kujemy bardzo Fundacji Powszechnego Czytania za wsparcie naszych czytelnik\u00f3w i mo\u017cliwo\u015b\u0107 wzbogacenia zbior\u00f3w biblioteki szkolnej.\" \/>\n\t<meta name=\"robots\" content=\"max-image-preview:large\" \/>\n\t<meta name=\"author\" content=\"Redakcja\"\/>\n\t<link rel=\"canonical\" href=\"https:\/\/www.spkatarzyna.pl\/index.php\/2023\/04\/26\/akcja-ksiazka-chroni\/\" \/>\n\t<meta name=\"generator\" content=\"All in One SEO (AIOSEO) 5.0.1.1\" \/>\n\t\t<meta property=\"og:locale\" content=\"pl_PL\" \/>\n\t\t<meta property=\"og:site_name\" content=\"SP Katarzyna - Publiczna Szko\u0142a Podstawowa w \u015awi\u0119tej Katarzynie\" \/>\n\t\t<meta property=\"og:type\" content=\"article\" \/>\n\t\t<meta property=\"og:title\" content=\"Akcja \u201eKsi\u0105\u017cka chroni\u201d - SP Katarzyna\" \/>\n\t\t<meta property=\"og:description\" content=\"Z rado\u015bci\u0105 informujemy, \u017ce dzi\u0119ki Fundacji Powszechnego Czytania w ramach akcji \u201eKsi\u0105\u017cka chroni\u201d nasza szko\u0142a otrzyma\u0142a bezp\u0142atne egzemplarze ksi\u0105\u017cek dla dzieci w j\u0119zyku ukrai\u0144skim i angielskim. W\u015br\u00f3d przekazanych dar\u00f3w jest 15 ksi\u0105\u017cek w j\u0119zyku angielskim, 45 ksi\u0105\u017cek w j\u0119zyku ukrai\u0144skim. Dzi\u0119kujemy bardzo Fundacji Powszechnego Czytania za wsparcie naszych czytelnik\u00f3w i mo\u017cliwo\u015b\u0107 wzbogacenia zbior\u00f3w biblioteki szkolnej.\" \/>\n\t\t<meta property=\"og:url\" content=\"https:\/\/www.spkatarzyna.pl\/index.php\/2023\/04\/26\/akcja-ksiazka-chroni\/\" \/>\n\t\t<meta property=\"article:published_time\" content=\"2023-04-26T13:25:55+00:00\" \/>\n\t\t<meta property=\"article:modified_time\" content=\"2023-04-26T13:37:34+00:00\" \/>\n\t\t<meta name=\"twitter:card\" content=\"summary_large_image\" \/>\n\t\t<meta name=\"twitter:title\" content=\"Akcja \u201eKsi\u0105\u017cka chroni\u201d - SP Katarzyna\" \/>\n\t\t<meta name=\"twitter:description\" content=\"Z rado\u015bci\u0105 informujemy, \u017ce dzi\u0119ki Fundacji Powszechnego Czytania w ramach akcji \u201eKsi\u0105\u017cka chroni\u201d nasza szko\u0142a otrzyma\u0142a bezp\u0142atne egzemplarze ksi\u0105\u017cek dla dzieci w j\u0119zyku ukrai\u0144skim i angielskim. W\u015br\u00f3d przekazanych dar\u00f3w jest 15 ksi\u0105\u017cek w j\u0119zyku angielskim, 45 ksi\u0105\u017cek w j\u0119zyku ukrai\u0144skim. Dzi\u0119kujemy bardzo Fundacji Powszechnego Czytania za wsparcie naszych czytelnik\u00f3w i mo\u017cliwo\u015b\u0107 wzbogacenia zbior\u00f3w biblioteki szkolnej.\" \/>\n\t\t<script type=\"application\/ld+json\" class=\"aioseo-schema\">\n\t\t\t{\"@context\":\"https:\\\/\\\/schema.org\",\"@graph\":[{\"@type\":\"BlogPosting\",\"@id\":\"https:\\\/\\\/www.spkatarzyna.pl\\\/index.php\\\/2023\\\/04\\\/26\\\/akcja-ksiazka-chroni\\\/#blogposting\",\"name\":\"Akcja \\u201eKsi\\u0105\\u017cka chroni\\u201d - SP Katarzyna\",\"headline\":\"Akcja &#8222;Ksi\\u0105\\u017cka chroni&#8221;\",\"author\":{\"@id\":\"https:\\\/\\\/www.spkatarzyna.pl\\\/index.php\\\/author\\\/agatasafianspkatarzyna-pl\\\/#author\"},\"publisher\":{\"@id\":\"https:\\\/\\\/www.spkatarzyna.pl\\\/#organization\"},\"image\":{\"@type\":\"ImageObject\",\"url\":\"https:\\\/\\\/www.spkatarzyna.pl\\\/wp-content\\\/uploads\\\/2023\\\/04\\\/Bez-tytulu-500\\u00d7400-px3.png\",\"width\":360,\"height\":202},\"datePublished\":\"2023-04-26T13:25:55+02:00\",\"dateModified\":\"2023-04-26T13:37:34+02:00\",\"inLanguage\":\"pl-PL\",\"mainEntityOfPage\":{\"@id\":\"https:\\\/\\\/www.spkatarzyna.pl\\\/index.php\\\/2023\\\/04\\\/26\\\/akcja-ksiazka-chroni\\\/#webpage\"},\"isPartOf\":{\"@id\":\"https:\\\/\\\/www.spkatarzyna.pl\\\/index.php\\\/2023\\\/04\\\/26\\\/akcja-ksiazka-chroni\\\/#webpage\"},\"articleSection\":\"Uncategorized\"},{\"@type\":\"BreadcrumbList\",\"@id\":\"https:\\\/\\\/www.spkatarzyna.pl\\\/index.php\\\/2023\\\/04\\\/26\\\/akcja-ksiazka-chroni\\\/#breadcrumblist\",\"itemListElement\":[{\"@type\":\"ListItem\",\"@id\":\"https:\\\/\\\/www.spkatarzyna.pl#listItem\",\"position\":1,\"name\":\"Dom\",\"item\":\"https:\\\/\\\/www.spkatarzyna.pl\",\"nextItem\":{\"@type\":\"ListItem\",\"@id\":\"https:\\\/\\\/www.spkatarzyna.pl\\\/index.php\\\/category\\\/uncategorized\\\/#listItem\",\"name\":\"Uncategorized\"}},{\"@type\":\"ListItem\",\"@id\":\"https:\\\/\\\/www.spkatarzyna.pl\\\/index.php\\\/category\\\/uncategorized\\\/#listItem\",\"position\":2,\"name\":\"Uncategorized\",\"item\":\"https:\\\/\\\/www.spkatarzyna.pl\\\/index.php\\\/category\\\/uncategorized\\\/\",\"nextItem\":{\"@type\":\"ListItem\",\"@id\":\"https:\\\/\\\/www.spkatarzyna.pl\\\/index.php\\\/2023\\\/04\\\/26\\\/akcja-ksiazka-chroni\\\/#listItem\",\"name\":\"Akcja &#8222;Ksi\\u0105\\u017cka chroni&#8221;\"},\"previousItem\":{\"@type\":\"ListItem\",\"@id\":\"https:\\\/\\\/www.spkatarzyna.pl#listItem\",\"name\":\"Dom\"}},{\"@type\":\"ListItem\",\"@id\":\"https:\\\/\\\/www.spkatarzyna.pl\\\/index.php\\\/2023\\\/04\\\/26\\\/akcja-ksiazka-chroni\\\/#listItem\",\"position\":3,\"name\":\"Akcja &#8222;Ksi\\u0105\\u017cka chroni&#8221;\",\"previousItem\":{\"@type\":\"ListItem\",\"@id\":\"https:\\\/\\\/www.spkatarzyna.pl\\\/index.php\\\/category\\\/uncategorized\\\/#listItem\",\"name\":\"Uncategorized\"}}]},{\"@type\":\"Organization\",\"@id\":\"https:\\\/\\\/www.spkatarzyna.pl\\\/#organization\",\"name\":\"SP Katarzyna\",\"description\":\"Publiczna Szko\\u0142a Podstawowa w \\u015awi\\u0119tej Katarzynie\",\"url\":\"https:\\\/\\\/www.spkatarzyna.pl\\\/\",\"telephone\":\"+48713116378\",\"sameAs\":[\"https:\\\/\\\/facebook.com\\\/\",\"https:\\\/\\\/x.com\\\/\",\"https:\\\/\\\/instagram.com\\\/\",\"https:\\\/\\\/pinterest.com\\\/\",\"https:\\\/\\\/youtube.com\\\/\",\"https:\\\/\\\/linkedin.com\\\/in\\\/\"]},{\"@type\":\"Person\",\"@id\":\"https:\\\/\\\/www.spkatarzyna.pl\\\/index.php\\\/author\\\/agatasafianspkatarzyna-pl\\\/#author\",\"url\":\"https:\\\/\\\/www.spkatarzyna.pl\\\/index.php\\\/author\\\/agatasafianspkatarzyna-pl\\\/\",\"name\":\"Redakcja\",\"image\":{\"@type\":\"ImageObject\",\"@id\":\"https:\\\/\\\/www.spkatarzyna.pl\\\/index.php\\\/2023\\\/04\\\/26\\\/akcja-ksiazka-chroni\\\/#authorImage\",\"url\":\"https:\\\/\\\/secure.gravatar.com\\\/avatar\\\/765290513df94d442152250e92b42327?s=96&d=mm&r=g\",\"width\":96,\"height\":96,\"caption\":\"Redakcja\"}},{\"@type\":\"WebPage\",\"@id\":\"https:\\\/\\\/www.spkatarzyna.pl\\\/index.php\\\/2023\\\/04\\\/26\\\/akcja-ksiazka-chroni\\\/#webpage\",\"url\":\"https:\\\/\\\/www.spkatarzyna.pl\\\/index.php\\\/2023\\\/04\\\/26\\\/akcja-ksiazka-chroni\\\/\",\"name\":\"Akcja \\u201eKsi\\u0105\\u017cka chroni\\u201d - SP Katarzyna\",\"description\":\"Z rado\\u015bci\\u0105 informujemy, \\u017ce dzi\\u0119ki Fundacji Powszechnego Czytania w ramach akcji \\u201eKsi\\u0105\\u017cka chroni\\u201d nasza szko\\u0142a otrzyma\\u0142a bezp\\u0142atne egzemplarze ksi\\u0105\\u017cek dla dzieci w j\\u0119zyku ukrai\\u0144skim i angielskim. W\\u015br\\u00f3d przekazanych dar\\u00f3w jest 15 ksi\\u0105\\u017cek w j\\u0119zyku angielskim, 45 ksi\\u0105\\u017cek w j\\u0119zyku ukrai\\u0144skim. Dzi\\u0119kujemy bardzo Fundacji Powszechnego Czytania za wsparcie naszych czytelnik\\u00f3w i mo\\u017cliwo\\u015b\\u0107 wzbogacenia zbior\\u00f3w biblioteki szkolnej.\",\"inLanguage\":\"pl-PL\",\"isPartOf\":{\"@id\":\"https:\\\/\\\/www.spkatarzyna.pl\\\/#website\"},\"breadcrumb\":{\"@id\":\"https:\\\/\\\/www.spkatarzyna.pl\\\/index.php\\\/2023\\\/04\\\/26\\\/akcja-ksiazka-chroni\\\/#breadcrumblist\"},\"author\":{\"@id\":\"https:\\\/\\\/www.spkatarzyna.pl\\\/index.php\\\/author\\\/agatasafianspkatarzyna-pl\\\/#author\"},\"creator\":{\"@id\":\"https:\\\/\\\/www.spkatarzyna.pl\\\/index.php\\\/author\\\/agatasafianspkatarzyna-pl\\\/#author\"},\"image\":{\"@type\":\"ImageObject\",\"url\":\"https:\\\/\\\/www.spkatarzyna.pl\\\/wp-content\\\/uploads\\\/2023\\\/04\\\/Bez-tytulu-500\\u00d7400-px3.png\",\"@id\":\"https:\\\/\\\/www.spkatarzyna.pl\\\/index.php\\\/2023\\\/04\\\/26\\\/akcja-ksiazka-chroni\\\/#mainImage\",\"width\":360,\"height\":202},\"primaryImageOfPage\":{\"@id\":\"https:\\\/\\\/www.spkatarzyna.pl\\\/index.php\\\/2023\\\/04\\\/26\\\/akcja-ksiazka-chroni\\\/#mainImage\"},\"datePublished\":\"2023-04-26T13:25:55+02:00\",\"dateModified\":\"2023-04-26T13:37:34+02:00\"},{\"@type\":\"WebSite\",\"@id\":\"https:\\\/\\\/www.spkatarzyna.pl\\\/#website\",\"url\":\"https:\\\/\\\/www.spkatarzyna.pl\\\/\",\"name\":\"SP Katarzyna\",\"description\":\"Publiczna Szko\\u0142a Podstawowa w \\u015awi\\u0119tej Katarzynie\",\"inLanguage\":\"pl-PL\",\"publisher\":{\"@id\":\"https:\\\/\\\/www.spkatarzyna.pl\\\/#organization\"}}]}\n\t\t<\/script>\n\t\t<!-- All in One SEO -->\n\n","aioseo_head_json":{"title":"Akcja \u201eKsi\u0105\u017cka chroni\u201d - SP Katarzyna","description":"Z rado\u015bci\u0105 informujemy, \u017ce dzi\u0119ki Fundacji Powszechnego Czytania w ramach akcji \u201eKsi\u0105\u017cka chroni\u201d nasza szko\u0142a otrzyma\u0142a bezp\u0142atne egzemplarze ksi\u0105\u017cek dla dzieci w j\u0119zyku ukrai\u0144skim i angielskim. W\u015br\u00f3d przekazanych dar\u00f3w jest 15 ksi\u0105\u017cek w j\u0119zyku angielskim, 45 ksi\u0105\u017cek w j\u0119zyku ukrai\u0144skim. Dzi\u0119kujemy bardzo Fundacji Powszechnego Czytania za wsparcie naszych czytelnik\u00f3w i mo\u017cliwo\u015b\u0107 wzbogacenia zbior\u00f3w biblioteki szkolnej.","canonical_url":"https:\/\/www.spkatarzyna.pl\/index.php\/2023\/04\/26\/akcja-ksiazka-chroni\/","robots":"max-image-preview:large","keywords":"","webmasterTools":{"miscellaneous":""},"schema":{"@context":"https:\/\/schema.org","@graph":[{"@type":"BlogPosting","@id":"https:\/\/www.spkatarzyna.pl\/index.php\/2023\/04\/26\/akcja-ksiazka-chroni\/#blogposting","name":"Akcja \u201eKsi\u0105\u017cka chroni\u201d - SP Katarzyna","headline":"Akcja &#8222;Ksi\u0105\u017cka chroni&#8221;","author":{"@id":"https:\/\/www.spkatarzyna.pl\/index.php\/author\/agatasafianspkatarzyna-pl\/#author"},"publisher":{"@id":"https:\/\/www.spkatarzyna.pl\/#organization"},"image":{"@type":"ImageObject","url":"https:\/\/www.spkatarzyna.pl\/wp-content\/uploads\/2023\/04\/Bez-tytulu-500\u00d7400-px3.png","width":360,"height":202},"datePublished":"2023-04-26T13:25:55+02:00","dateModified":"2023-04-26T13:37:34+02:00","inLanguage":"pl-PL","mainEntityOfPage":{"@id":"https:\/\/www.spkatarzyna.pl\/index.php\/2023\/04\/26\/akcja-ksiazka-chroni\/#webpage"},"isPartOf":{"@id":"https:\/\/www.spkatarzyna.pl\/index.php\/2023\/04\/26\/akcja-ksiazka-chroni\/#webpage"},"articleSection":"Uncategorized"},{"@type":"BreadcrumbList","@id":"https:\/\/www.spkatarzyna.pl\/index.php\/2023\/04\/26\/akcja-ksiazka-chroni\/#breadcrumblist","itemListElement":[{"@type":"ListItem","@id":"https:\/\/www.spkatarzyna.pl#listItem","position":1,"name":"Dom","item":"https:\/\/www.spkatarzyna.pl","nextItem":{"@type":"ListItem","@id":"https:\/\/www.spkatarzyna.pl\/index.php\/category\/uncategorized\/#listItem","name":"Uncategorized"}},{"@type":"ListItem","@id":"https:\/\/www.spkatarzyna.pl\/index.php\/category\/uncategorized\/#listItem","position":2,"name":"Uncategorized","item":"https:\/\/www.spkatarzyna.pl\/index.php\/category\/uncategorized\/","nextItem":{"@type":"ListItem","@id":"https:\/\/www.spkatarzyna.pl\/index.php\/2023\/04\/26\/akcja-ksiazka-chroni\/#listItem","name":"Akcja &#8222;Ksi\u0105\u017cka chroni&#8221;"},"previousItem":{"@type":"ListItem","@id":"https:\/\/www.spkatarzyna.pl#listItem","name":"Dom"}},{"@type":"ListItem","@id":"https:\/\/www.spkatarzyna.pl\/index.php\/2023\/04\/26\/akcja-ksiazka-chroni\/#listItem","position":3,"name":"Akcja &#8222;Ksi\u0105\u017cka chroni&#8221;","previousItem":{"@type":"ListItem","@id":"https:\/\/www.spkatarzyna.pl\/index.php\/category\/uncategorized\/#listItem","name":"Uncategorized"}}]},{"@type":"Organization","@id":"https:\/\/www.spkatarzyna.pl\/#organization","name":"SP Katarzyna","description":"Publiczna Szko\u0142a Podstawowa w \u015awi\u0119tej Katarzynie","url":"https:\/\/www.spkatarzyna.pl\/","telephone":"+48713116378","sameAs":["https:\/\/facebook.com\/","https:\/\/x.com\/","https:\/\/instagram.com\/","https:\/\/pinterest.com\/","https:\/\/youtube.com\/","https:\/\/linkedin.com\/in\/"]},{"@type":"Person","@id":"https:\/\/www.spkatarzyna.pl\/index.php\/author\/agatasafianspkatarzyna-pl\/#author","url":"https:\/\/www.spkatarzyna.pl\/index.php\/author\/agatasafianspkatarzyna-pl\/","name":"Redakcja","image":{"@type":"ImageObject","@id":"https:\/\/www.spkatarzyna.pl\/index.php\/2023\/04\/26\/akcja-ksiazka-chroni\/#authorImage","url":"https:\/\/secure.gravatar.com\/avatar\/765290513df94d442152250e92b42327?s=96&d=mm&r=g","width":96,"height":96,"caption":"Redakcja"}},{"@type":"WebPage","@id":"https:\/\/www.spkatarzyna.pl\/index.php\/2023\/04\/26\/akcja-ksiazka-chroni\/#webpage","url":"https:\/\/www.spkatarzyna.pl\/index.php\/2023\/04\/26\/akcja-ksiazka-chroni\/","name":"Akcja \u201eKsi\u0105\u017cka chroni\u201d - SP Katarzyna","description":"Z rado\u015bci\u0105 informujemy, \u017ce dzi\u0119ki Fundacji Powszechnego Czytania w ramach akcji \u201eKsi\u0105\u017cka chroni\u201d nasza szko\u0142a otrzyma\u0142a bezp\u0142atne egzemplarze ksi\u0105\u017cek dla dzieci w j\u0119zyku ukrai\u0144skim i angielskim. W\u015br\u00f3d przekazanych dar\u00f3w jest 15 ksi\u0105\u017cek w j\u0119zyku angielskim, 45 ksi\u0105\u017cek w j\u0119zyku ukrai\u0144skim. Dzi\u0119kujemy bardzo Fundacji Powszechnego Czytania za wsparcie naszych czytelnik\u00f3w i mo\u017cliwo\u015b\u0107 wzbogacenia zbior\u00f3w biblioteki szkolnej.","inLanguage":"pl-PL","isPartOf":{"@id":"https:\/\/www.spkatarzyna.pl\/#website"},"breadcrumb":{"@id":"https:\/\/www.spkatarzyna.pl\/index.php\/2023\/04\/26\/akcja-ksiazka-chroni\/#breadcrumblist"},"author":{"@id":"https:\/\/www.spkatarzyna.pl\/index.php\/author\/agatasafianspkatarzyna-pl\/#author"},"creator":{"@id":"https:\/\/www.spkatarzyna.pl\/index.php\/author\/agatasafianspkatarzyna-pl\/#author"},"image":{"@type":"ImageObject","url":"https:\/\/www.spkatarzyna.pl\/wp-content\/uploads\/2023\/04\/Bez-tytulu-500\u00d7400-px3.png","@id":"https:\/\/www.spkatarzyna.pl\/index.php\/2023\/04\/26\/akcja-ksiazka-chroni\/#mainImage","width":360,"height":202},"primaryImageOfPage":{"@id":"https:\/\/www.spkatarzyna.pl\/index.php\/2023\/04\/26\/akcja-ksiazka-chroni\/#mainImage"},"datePublished":"2023-04-26T13:25:55+02:00","dateModified":"2023-04-26T13:37:34+02:00"},{"@type":"WebSite","@id":"https:\/\/www.spkatarzyna.pl\/#website","url":"https:\/\/www.spkatarzyna.pl\/","name":"SP Katarzyna","description":"Publiczna Szko\u0142a Podstawowa w \u015awi\u0119tej Katarzynie","inLanguage":"pl-PL","publisher":{"@id":"https:\/\/www.spkatarzyna.pl\/#organization"}}]},"og:locale":"pl_PL","og:site_name":"SP Katarzyna - Publiczna Szko\u0142a Podstawowa w \u015awi\u0119tej Katarzynie","og:type":"article","og:title":"Akcja \u201eKsi\u0105\u017cka chroni\u201d - SP Katarzyna","og:description":"Z rado\u015bci\u0105 informujemy, \u017ce dzi\u0119ki Fundacji Powszechnego Czytania w ramach akcji \u201eKsi\u0105\u017cka chroni\u201d nasza szko\u0142a otrzyma\u0142a bezp\u0142atne egzemplarze ksi\u0105\u017cek dla dzieci w j\u0119zyku ukrai\u0144skim i angielskim. W\u015br\u00f3d przekazanych dar\u00f3w jest 15 ksi\u0105\u017cek w j\u0119zyku angielskim, 45 ksi\u0105\u017cek w j\u0119zyku ukrai\u0144skim. Dzi\u0119kujemy bardzo Fundacji Powszechnego Czytania za wsparcie naszych czytelnik\u00f3w i mo\u017cliwo\u015b\u0107 wzbogacenia zbior\u00f3w biblioteki szkolnej.","og:url":"https:\/\/www.spkatarzyna.pl\/index.php\/2023\/04\/26\/akcja-ksiazka-chroni\/","article:published_time":"2023-04-26T13:25:55+00:00","article:modified_time":"2023-04-26T13:37:34+00:00","twitter:card":"summary_large_image","twitter:title":"Akcja \u201eKsi\u0105\u017cka chroni\u201d - SP Katarzyna","twitter:description":"Z rado\u015bci\u0105 informujemy, \u017ce dzi\u0119ki Fundacji Powszechnego Czytania w ramach akcji \u201eKsi\u0105\u017cka chroni\u201d nasza szko\u0142a otrzyma\u0142a bezp\u0142atne egzemplarze ksi\u0105\u017cek dla dzieci w j\u0119zyku ukrai\u0144skim i angielskim. W\u015br\u00f3d przekazanych dar\u00f3w jest 15 ksi\u0105\u017cek w j\u0119zyku angielskim, 45 ksi\u0105\u017cek w j\u0119zyku ukrai\u0144skim. Dzi\u0119kujemy bardzo Fundacji Powszechnego Czytania za wsparcie naszych czytelnik\u00f3w i mo\u017cliwo\u015b\u0107 wzbogacenia zbior\u00f3w biblioteki szkolnej."},"aioseo_meta_data":{"post_id":"5103","title":null,"description":null,"keywords":null,"keyphrases":null,"primary_term":null,"canonical_url":null,"og_title":null,"og_description":null,"og_object_type":"default","og_image_type":"default","og_image_url":null,"og_image_width":null,"og_image_height":null,"og_image_custom_url":null,"og_image_custom_fields":null,"og_video":null,"og_custom_url":null,"og_article_section":null,"og_article_tags":null,"twitter_use_og":false,"twitter_card":"default","twitter_image_type":"default","twitter_image_url":null,"twitter_image_custom_url":null,"twitter_image_custom_fields":null,"twitter_title":null,"twitter_description":null,"schema":{"blockGraphs":[],"customGraphs":[],"default":{"data":{"Article":[],"Course":[],"Dataset":[],"FAQPage":[],"Movie":[],"Person":[],"Product":[],"ProductReview":[],"Car":[],"Recipe":[],"Service":[],"SoftwareApplication":[],"WebPage":[]},"graphName":"","isEnabled":true},"graphs":[]},"schema_type":"default","schema_type_options":null,"pillar_content":false,"robots_default":true,"robots_noindex":false,"robots_noarchive":false,"robots_nosnippet":false,"robots_nofollow":false,"robots_noimageindex":false,"robots_noodp":false,"robots_notranslate":false,"robots_max_snippet":null,"robots_max_videopreview":null,"robots_max_imagepreview":"large","priority":null,"frequency":null,"local_seo":null,"limit_modified_date":false,"created":"2024-04-03 08:03:23","updated":"2026-09-03 14:26:46","focus_keyword":null,"additional_keywords":null,"truseo_locale":null,"ai":null,"breadcrumb_settings":null,"seo_analyzer_scan_date":null},"aioseo_breadcrumb":"<div class=\"aioseo-breadcrumbs\"><span class=\"aioseo-breadcrumb\">\n\t\t\t<a href=\"https:\/\/www.spkatarzyna.pl\" title=\"Dom\">Dom<\/a>\n\t\t<\/span><span class=\"aioseo-breadcrumb-separator\">&raquo;<\/span><span class=\"aioseo-breadcrumb\">\n\t\t\t<a href=\"https:\/\/www.spkatarzyna.pl\/index.php\/category\/uncategorized\/\" title=\"Uncategorized\">Uncategorized<\/a>\n\t\t<\/span><span class=\"aioseo-breadcrumb-separator\">&raquo;<\/span><span class=\"aioseo-breadcrumb\">\n\t\t\tAkcja \u201eKsi\u0105\u017cka chroni\u201d\n\t\t<\/span><\/div>","aioseo_breadcrumb_json":[{"label":"Dom","link":"https:\/\/www.spkatarzyna.pl"},{"label":"Uncategorized","link":"https:\/\/www.spkatarzyna.pl\/index.php\/category\/uncategorized\/"},{"label":"Akcja &#8222;Ksi\u0105\u017cka chroni&#8221;","link":"https:\/\/www.spkatarzyna.pl\/index.php\/2023\/04\/26\/akcja-ksiazka-chroni\/"}],"_links":{"self":[{"href":"https:\/\/www.spkatarzyna.pl\/index.php\/wp-json\/wp\/v2\/posts\/5103","targetHints":{"allow":["GET"]}}],"collection":[{"href":"https:\/\/www.spkatarzyna.pl\/index.php\/wp-json\/wp\/v2\/posts"}],"about":[{"href":"https:\/\/www.spkatarzyna.pl\/index.php\/wp-json\/wp\/v2\/types\/post"}],"author":[{"embeddable":true,"href":"https:\/\/www.spkatarzyna.pl\/index.php\/wp-json\/wp\/v2\/users\/6"}],"replies":[{"embeddable":true,"href":"https:\/\/www.spkatarzyna.pl\/index.php\/wp-json\/wp\/v2\/comments?post=5103"}],"version-history":[{"count":4,"href":"https:\/\/www.spkatarzyna.pl\/index.php\/wp-json\/wp\/v2\/posts\/5103\/revisions"}],"predecessor-version":[{"id":5116,"href":"https:\/\/www.spkatarzyna.pl\/index.php\/wp-json\/wp\/v2\/posts\/5103\/revisions\/5116"}],"wp:featuredmedia":[{"embeddable":true,"href":"https:\/\/www.spkatarzyna.pl\/index.php\/wp-json\/wp\/v2\/media\/5109"}],"wp:attachment":[{"href":"https:\/\/www.spkatarzyna.pl\/index.php\/wp-json\/wp\/v2\/media?parent=5103"}],"wp:term":[{"taxonomy":"category","embeddable":true,"href":"https:\/\/www.spkatarzyna.pl\/index.php\/wp-json\/wp\/v2\/categories?post=5103"},{"taxonomy":"post_tag","embeddable":true,"href":"https:\/\/www.spkatarzyna.pl\/index.php\/wp-json\/wp\/v2\/tags?post=5103"}],"curies":[{"name":"wp","href":"https:\/\/api.w.org\/{rel}","templated":true}]}}