{"id":5117,"date":"2023-04-27T10:11:04","date_gmt":"2023-04-27T10:11:04","guid":{"rendered":"http:\/\/www.spkatarzyna.pl\/?p=5117"},"modified":"2023-04-27T10:13:23","modified_gmt":"2023-04-27T10:13:23","slug":"polkolonie-letnie-siechnickie-lato-2023","status":"publish","type":"post","link":"https:\/\/www.spkatarzyna.pl\/index.php\/2023\/04\/27\/polkolonie-letnie-siechnickie-lato-2023\/","title":{"rendered":"P\u00d3\u0141KOLONIE LETNIE"},"content":{"rendered":"<p style=\"text-align: justify;\"><span style=\"font-size: 14pt;\">Gminny O\u015brodek Pomocy Spo\u0142ecznej w Siechnicach we wsp\u00f3\u0142pracy z Wydzia\u0142em Edukacji Urz\u0119du Miejskiego w Siechnicach organizuje <\/span><span style=\"font-size: 14pt;\"><span style=\"color: #800000;\"><strong>P\u00d3\u0141KOLONIE LETNIE \u201eSiechnickie lato 2023\u201d<\/strong> <\/span>z elementami programu profilaktyki uzale\u017cnie\u0144<\/span><\/p>\n<p style=\"text-align: justify;\"><span style=\"font-size: 14pt;\">*<\/span><br \/>\n<span style=\"font-size: 14pt;\">dla dzieci w wieku od 7 do 10 lat ( 2013 r. \u2013 2016 r.) zamieszkuj\u0105cych na terenie Gminy Siechnice i ucz\u0119szczaj\u0105cych do szk\u00f3\u0142 podstawowych w: Siechnicach, Radwanicach, \u015awi\u0119tej Katarzynie, \u017bernikach Wroc\u0142awskich, Kotowicach.<\/span><br \/>\n<span style=\"font-size: 14pt;\">Do udzia\u0142 zapraszamy r\u00f3wnie\u017c dzieci z Ukrainy, kt\u00f3re w wyniku konfliktu zbrojnego musia\u0142y opu\u015bci\u0107 kraj, ucz\u0119szczaj\u0105ce do szk\u00f3\u0142 na terenie Gminy Siechnice.<\/span><br \/>\n<span style=\"font-size: 14pt;\">*<\/span><br \/>\n<span style=\"font-size: 14pt;\">I turnus \u2013 26.06 \u2013 07.07.2023 r. &#8211; 5 grup po 15 dzieci<\/span><br \/>\n<span style=\"font-size: 14pt;\">II turnus \u2013 10.07 \u2013 21.07.2023 r.- 5 grup po 15 dzieci<\/span><br \/>\n<span style=\"font-size: 14pt;\">*<\/span><br \/>\n<span style=\"font-size: 14pt;\">Zaj\u0119cia b\u0119d\u0105 odbywa\u0107 si\u0119 w godzinach od 08:00 do 16:00<\/span><br \/>\n<span style=\"font-size: 14pt;\">w Szkole Podstawowej nr 2 w Siechnicach<\/span><br \/>\n<span style=\"font-size: 14pt;\">*<\/span><br \/>\n<span style=\"font-size: 14pt;\">Uczestnicy p\u00f3\u0142kolonii b\u0119d\u0105 mie\u0107 zapewnion\u0105 opiek\u0119 wychowawc\u00f3w (nauczyciele SP), dwa posi\u0142ki (II \u015bniadanie i II danie obiadu), zaj\u0119cia rekreacyjno- sportowe, warsztaty z profilaktyki uzale\u017cnie\u0144. Zaplanowane s\u0105 r\u00f3wnie\u017c zaj\u0119cia wyjazdowe.<\/span><br \/>\n<span style=\"font-size: 14pt;\">*<\/span><br \/>\n<span style=\"font-size: 14pt;\">Op\u0142ata za udzia\u0142 dziecka w p\u00f3\u0142kolonii wynosi 400 z\u0142 za I turnus (p\u0142atna po zakwalifikowaniu dziecka do udzia\u0142u w p\u00f3\u0142kolonii). Decyduje kolejno\u015b\u0107 zg\u0142osze\u0144.<\/span><br \/>\n<span style=\"font-size: 14pt;\">Dziecko mo\u017ce wzi\u0105\u0107 udzia\u0142 wy\u0142\u0105cznie w jednym 2 \u2013 tygodniowym turnusie.<\/span><br \/>\n<span style=\"font-size: 14pt;\">*<\/span><br \/>\n<span style=\"font-size: 14pt;\">Karta kwalifikacyjna wraz z za\u0142\u0105cznikami (do pobrania) oraz wi\u0119cej szczeg\u00f3\u0142\u00f3w dotycz\u0105cych naboru uczestnik\u00f3w p\u00f3\u0142kolonii, dost\u0119pne b\u0119d\u0105 na stronie: <\/span><span style=\"font-size: 14pt;\"><a href=\"http:\/\/www.gops-siechnice.org.pl\">www.gops-siechnice.org.pl<\/a>&nbsp; od dnia<strong> 8 maja 2023 r.<\/strong><\/span><\/p>\n<p>&nbsp;<\/p>\n<p style=\"text-align: right;\"><span style=\"font-size: 14pt;\">Serdecznie zapraszamy \u263a<\/span><\/p>\n","protected":false},"excerpt":{"rendered":"<p>Gminny O\u015brodek Pomocy Spo\u0142ecznej w Siechnicach we wsp\u00f3\u0142pracy z Wydzia\u0142em Edukacji Urz\u0119du Miejskiego w Siechnicach organizuje P\u00d3\u0141KOLONIE LETNIE \u201eSiechnickie lato 2023\u201d z elementami programu profilaktyki uzale\u017cnie\u0144 * dla dzieci w wieku od 7 do 10 lat ( 2013 r. \u2013 2016 r.) zamieszkuj\u0105cych na terenie Gminy Siechnice i ucz\u0119szczaj\u0105cych do [&hellip;]<\/p>\n","protected":false},"author":6,"featured_media":5118,"comment_status":"open","ping_status":"open","sticky":false,"template":"","format":"standard","meta":{"om_disable_all_campaigns":false,"_monsterinsights_skip_tracking":false,"ngg_post_thumbnail":0,"footnotes":""},"categories":[1],"tags":[],"class_list":["post-5117","post","type-post","status-publish","format-standard","has-post-thumbnail","hentry","category-uncategorized"],"aioseo_notices":[],"aioseo_head":"\n\t\t<!-- All in One SEO 5.0.1.1 - aioseo.com -->\n\t<meta name=\"description\" content=\"Gminny O\u015brodek Pomocy Spo\u0142ecznej w Siechnicach we wsp\u00f3\u0142pracy z Wydzia\u0142em Edukacji Urz\u0119du Miejskiego w Siechnicach organizuje P\u00d3\u0141KOLONIE LETNIE \u201eSiechnickie lato 2023\u201d z elementami programu profilaktyki uzale\u017cnie\u0144 * dla dzieci w wieku od 7 do 10 lat ( 2013 r. \u2013 2016 r.) zamieszkuj\u0105cych na terenie Gminy Siechnice i ucz\u0119szczaj\u0105cych do szk\u00f3\u0142 podstawowych w: Siechnicach, Radwanicach,\" \/>\n\t<meta name=\"robots\" content=\"max-image-preview:large\" \/>\n\t<meta name=\"author\" content=\"Redakcja\"\/>\n\t<link rel=\"canonical\" href=\"https:\/\/www.spkatarzyna.pl\/index.php\/2023\/04\/27\/polkolonie-letnie-siechnickie-lato-2023\/\" \/>\n\t<meta name=\"generator\" content=\"All in One SEO (AIOSEO) 5.0.1.1\" \/>\n\t\t<meta property=\"og:locale\" content=\"pl_PL\" \/>\n\t\t<meta property=\"og:site_name\" content=\"SP Katarzyna - Publiczna Szko\u0142a Podstawowa w \u015awi\u0119tej Katarzynie\" \/>\n\t\t<meta property=\"og:type\" content=\"article\" \/>\n\t\t<meta property=\"og:title\" content=\"P\u00d3\u0141KOLONIE LETNIE - SP Katarzyna\" \/>\n\t\t<meta property=\"og:description\" content=\"Gminny O\u015brodek Pomocy Spo\u0142ecznej w Siechnicach we wsp\u00f3\u0142pracy z Wydzia\u0142em Edukacji Urz\u0119du Miejskiego w Siechnicach organizuje P\u00d3\u0141KOLONIE LETNIE \u201eSiechnickie lato 2023\u201d z elementami programu profilaktyki uzale\u017cnie\u0144 * dla dzieci w wieku od 7 do 10 lat ( 2013 r. \u2013 2016 r.) zamieszkuj\u0105cych na terenie Gminy Siechnice i ucz\u0119szczaj\u0105cych do szk\u00f3\u0142 podstawowych w: Siechnicach, Radwanicach,\" \/>\n\t\t<meta property=\"og:url\" content=\"https:\/\/www.spkatarzyna.pl\/index.php\/2023\/04\/27\/polkolonie-letnie-siechnickie-lato-2023\/\" \/>\n\t\t<meta property=\"article:published_time\" content=\"2023-04-27T10:11:04+00:00\" \/>\n\t\t<meta property=\"article:modified_time\" content=\"2023-04-27T10:13:23+00:00\" \/>\n\t\t<meta name=\"twitter:card\" content=\"summary_large_image\" \/>\n\t\t<meta name=\"twitter:title\" content=\"P\u00d3\u0141KOLONIE LETNIE - SP Katarzyna\" \/>\n\t\t<meta name=\"twitter:description\" content=\"Gminny O\u015brodek Pomocy Spo\u0142ecznej w Siechnicach we wsp\u00f3\u0142pracy z Wydzia\u0142em Edukacji Urz\u0119du Miejskiego w Siechnicach organizuje P\u00d3\u0141KOLONIE LETNIE \u201eSiechnickie lato 2023\u201d z elementami programu profilaktyki uzale\u017cnie\u0144 * dla dzieci w wieku od 7 do 10 lat ( 2013 r. \u2013 2016 r.) zamieszkuj\u0105cych na terenie Gminy Siechnice i ucz\u0119szczaj\u0105cych do szk\u00f3\u0142 podstawowych w: Siechnicach, Radwanicach,\" \/>\n\t\t<script type=\"application\/ld+json\" class=\"aioseo-schema\">\n\t\t\t{\"@context\":\"https:\\\/\\\/schema.org\",\"@graph\":[{\"@type\":\"BlogPosting\",\"@id\":\"https:\\\/\\\/www.spkatarzyna.pl\\\/index.php\\\/2023\\\/04\\\/27\\\/polkolonie-letnie-siechnickie-lato-2023\\\/#blogposting\",\"name\":\"P\\u00d3\\u0141KOLONIE LETNIE - SP Katarzyna\",\"headline\":\"P\\u00d3\\u0141KOLONIE LETNIE\",\"author\":{\"@id\":\"https:\\\/\\\/www.spkatarzyna.pl\\\/index.php\\\/author\\\/agatasafianspkatarzyna-pl\\\/#author\"},\"publisher\":{\"@id\":\"https:\\\/\\\/www.spkatarzyna.pl\\\/#organization\"},\"image\":{\"@type\":\"ImageObject\",\"url\":\"https:\\\/\\\/www.spkatarzyna.pl\\\/wp-content\\\/uploads\\\/2023\\\/04\\\/kids-g89efd5207_19201.jpg\",\"width\":360,\"height\":202},\"datePublished\":\"2023-04-27T10:11:04+02:00\",\"dateModified\":\"2023-04-27T10:13:23+02:00\",\"inLanguage\":\"pl-PL\",\"mainEntityOfPage\":{\"@id\":\"https:\\\/\\\/www.spkatarzyna.pl\\\/index.php\\\/2023\\\/04\\\/27\\\/polkolonie-letnie-siechnickie-lato-2023\\\/#webpage\"},\"isPartOf\":{\"@id\":\"https:\\\/\\\/www.spkatarzyna.pl\\\/index.php\\\/2023\\\/04\\\/27\\\/polkolonie-letnie-siechnickie-lato-2023\\\/#webpage\"},\"articleSection\":\"Uncategorized\"},{\"@type\":\"BreadcrumbList\",\"@id\":\"https:\\\/\\\/www.spkatarzyna.pl\\\/index.php\\\/2023\\\/04\\\/27\\\/polkolonie-letnie-siechnickie-lato-2023\\\/#breadcrumblist\",\"itemListElement\":[{\"@type\":\"ListItem\",\"@id\":\"https:\\\/\\\/www.spkatarzyna.pl#listItem\",\"position\":1,\"name\":\"Dom\",\"item\":\"https:\\\/\\\/www.spkatarzyna.pl\",\"nextItem\":{\"@type\":\"ListItem\",\"@id\":\"https:\\\/\\\/www.spkatarzyna.pl\\\/index.php\\\/category\\\/uncategorized\\\/#listItem\",\"name\":\"Uncategorized\"}},{\"@type\":\"ListItem\",\"@id\":\"https:\\\/\\\/www.spkatarzyna.pl\\\/index.php\\\/category\\\/uncategorized\\\/#listItem\",\"position\":2,\"name\":\"Uncategorized\",\"item\":\"https:\\\/\\\/www.spkatarzyna.pl\\\/index.php\\\/category\\\/uncategorized\\\/\",\"nextItem\":{\"@type\":\"ListItem\",\"@id\":\"https:\\\/\\\/www.spkatarzyna.pl\\\/index.php\\\/2023\\\/04\\\/27\\\/polkolonie-letnie-siechnickie-lato-2023\\\/#listItem\",\"name\":\"P\\u00d3\\u0141KOLONIE LETNIE\"},\"previousItem\":{\"@type\":\"ListItem\",\"@id\":\"https:\\\/\\\/www.spkatarzyna.pl#listItem\",\"name\":\"Dom\"}},{\"@type\":\"ListItem\",\"@id\":\"https:\\\/\\\/www.spkatarzyna.pl\\\/index.php\\\/2023\\\/04\\\/27\\\/polkolonie-letnie-siechnickie-lato-2023\\\/#listItem\",\"position\":3,\"name\":\"P\\u00d3\\u0141KOLONIE LETNIE\",\"previousItem\":{\"@type\":\"ListItem\",\"@id\":\"https:\\\/\\\/www.spkatarzyna.pl\\\/index.php\\\/category\\\/uncategorized\\\/#listItem\",\"name\":\"Uncategorized\"}}]},{\"@type\":\"Organization\",\"@id\":\"https:\\\/\\\/www.spkatarzyna.pl\\\/#organization\",\"name\":\"SP Katarzyna\",\"description\":\"Publiczna Szko\\u0142a Podstawowa w \\u015awi\\u0119tej Katarzynie\",\"url\":\"https:\\\/\\\/www.spkatarzyna.pl\\\/\",\"telephone\":\"+48713116378\",\"sameAs\":[\"https:\\\/\\\/facebook.com\\\/\",\"https:\\\/\\\/x.com\\\/\",\"https:\\\/\\\/instagram.com\\\/\",\"https:\\\/\\\/pinterest.com\\\/\",\"https:\\\/\\\/youtube.com\\\/\",\"https:\\\/\\\/linkedin.com\\\/in\\\/\"]},{\"@type\":\"Person\",\"@id\":\"https:\\\/\\\/www.spkatarzyna.pl\\\/index.php\\\/author\\\/agatasafianspkatarzyna-pl\\\/#author\",\"url\":\"https:\\\/\\\/www.spkatarzyna.pl\\\/index.php\\\/author\\\/agatasafianspkatarzyna-pl\\\/\",\"name\":\"Redakcja\",\"image\":{\"@type\":\"ImageObject\",\"@id\":\"https:\\\/\\\/www.spkatarzyna.pl\\\/index.php\\\/2023\\\/04\\\/27\\\/polkolonie-letnie-siechnickie-lato-2023\\\/#authorImage\",\"url\":\"https:\\\/\\\/secure.gravatar.com\\\/avatar\\\/765290513df94d442152250e92b42327?s=96&d=mm&r=g\",\"width\":96,\"height\":96,\"caption\":\"Redakcja\"}},{\"@type\":\"WebPage\",\"@id\":\"https:\\\/\\\/www.spkatarzyna.pl\\\/index.php\\\/2023\\\/04\\\/27\\\/polkolonie-letnie-siechnickie-lato-2023\\\/#webpage\",\"url\":\"https:\\\/\\\/www.spkatarzyna.pl\\\/index.php\\\/2023\\\/04\\\/27\\\/polkolonie-letnie-siechnickie-lato-2023\\\/\",\"name\":\"P\\u00d3\\u0141KOLONIE LETNIE - SP Katarzyna\",\"description\":\"Gminny O\\u015brodek Pomocy Spo\\u0142ecznej w Siechnicach we wsp\\u00f3\\u0142pracy z Wydzia\\u0142em Edukacji Urz\\u0119du Miejskiego w Siechnicach organizuje P\\u00d3\\u0141KOLONIE LETNIE \\u201eSiechnickie lato 2023\\u201d z elementami programu profilaktyki uzale\\u017cnie\\u0144 * dla dzieci w wieku od 7 do 10 lat ( 2013 r. \\u2013 2016 r.) zamieszkuj\\u0105cych na terenie Gminy Siechnice i ucz\\u0119szczaj\\u0105cych do szk\\u00f3\\u0142 podstawowych w: Siechnicach, Radwanicach,\",\"inLanguage\":\"pl-PL\",\"isPartOf\":{\"@id\":\"https:\\\/\\\/www.spkatarzyna.pl\\\/#website\"},\"breadcrumb\":{\"@id\":\"https:\\\/\\\/www.spkatarzyna.pl\\\/index.php\\\/2023\\\/04\\\/27\\\/polkolonie-letnie-siechnickie-lato-2023\\\/#breadcrumblist\"},\"author\":{\"@id\":\"https:\\\/\\\/www.spkatarzyna.pl\\\/index.php\\\/author\\\/agatasafianspkatarzyna-pl\\\/#author\"},\"creator\":{\"@id\":\"https:\\\/\\\/www.spkatarzyna.pl\\\/index.php\\\/author\\\/agatasafianspkatarzyna-pl\\\/#author\"},\"image\":{\"@type\":\"ImageObject\",\"url\":\"https:\\\/\\\/www.spkatarzyna.pl\\\/wp-content\\\/uploads\\\/2023\\\/04\\\/kids-g89efd5207_19201.jpg\",\"@id\":\"https:\\\/\\\/www.spkatarzyna.pl\\\/index.php\\\/2023\\\/04\\\/27\\\/polkolonie-letnie-siechnickie-lato-2023\\\/#mainImage\",\"width\":360,\"height\":202},\"primaryImageOfPage\":{\"@id\":\"https:\\\/\\\/www.spkatarzyna.pl\\\/index.php\\\/2023\\\/04\\\/27\\\/polkolonie-letnie-siechnickie-lato-2023\\\/#mainImage\"},\"datePublished\":\"2023-04-27T10:11:04+02:00\",\"dateModified\":\"2023-04-27T10:13:23+02:00\"},{\"@type\":\"WebSite\",\"@id\":\"https:\\\/\\\/www.spkatarzyna.pl\\\/#website\",\"url\":\"https:\\\/\\\/www.spkatarzyna.pl\\\/\",\"name\":\"SP Katarzyna\",\"description\":\"Publiczna Szko\\u0142a Podstawowa w \\u015awi\\u0119tej Katarzynie\",\"inLanguage\":\"pl-PL\",\"publisher\":{\"@id\":\"https:\\\/\\\/www.spkatarzyna.pl\\\/#organization\"}}]}\n\t\t<\/script>\n\t\t<!-- All in One SEO -->\n\n","aioseo_head_json":{"title":"P\u00d3\u0141KOLONIE LETNIE - SP Katarzyna","description":"Gminny O\u015brodek Pomocy Spo\u0142ecznej w Siechnicach we wsp\u00f3\u0142pracy z Wydzia\u0142em Edukacji Urz\u0119du Miejskiego w Siechnicach organizuje P\u00d3\u0141KOLONIE LETNIE \u201eSiechnickie lato 2023\u201d z elementami programu profilaktyki uzale\u017cnie\u0144 * dla dzieci w wieku od 7 do 10 lat ( 2013 r. \u2013 2016 r.) zamieszkuj\u0105cych na terenie Gminy Siechnice i ucz\u0119szczaj\u0105cych do szk\u00f3\u0142 podstawowych w: Siechnicach, Radwanicach,","canonical_url":"https:\/\/www.spkatarzyna.pl\/index.php\/2023\/04\/27\/polkolonie-letnie-siechnickie-lato-2023\/","robots":"max-image-preview:large","keywords":"","webmasterTools":{"miscellaneous":""},"schema":{"@context":"https:\/\/schema.org","@graph":[{"@type":"BlogPosting","@id":"https:\/\/www.spkatarzyna.pl\/index.php\/2023\/04\/27\/polkolonie-letnie-siechnickie-lato-2023\/#blogposting","name":"P\u00d3\u0141KOLONIE LETNIE - SP Katarzyna","headline":"P\u00d3\u0141KOLONIE LETNIE","author":{"@id":"https:\/\/www.spkatarzyna.pl\/index.php\/author\/agatasafianspkatarzyna-pl\/#author"},"publisher":{"@id":"https:\/\/www.spkatarzyna.pl\/#organization"},"image":{"@type":"ImageObject","url":"https:\/\/www.spkatarzyna.pl\/wp-content\/uploads\/2023\/04\/kids-g89efd5207_19201.jpg","width":360,"height":202},"datePublished":"2023-04-27T10:11:04+02:00","dateModified":"2023-04-27T10:13:23+02:00","inLanguage":"pl-PL","mainEntityOfPage":{"@id":"https:\/\/www.spkatarzyna.pl\/index.php\/2023\/04\/27\/polkolonie-letnie-siechnickie-lato-2023\/#webpage"},"isPartOf":{"@id":"https:\/\/www.spkatarzyna.pl\/index.php\/2023\/04\/27\/polkolonie-letnie-siechnickie-lato-2023\/#webpage"},"articleSection":"Uncategorized"},{"@type":"BreadcrumbList","@id":"https:\/\/www.spkatarzyna.pl\/index.php\/2023\/04\/27\/polkolonie-letnie-siechnickie-lato-2023\/#breadcrumblist","itemListElement":[{"@type":"ListItem","@id":"https:\/\/www.spkatarzyna.pl#listItem","position":1,"name":"Dom","item":"https:\/\/www.spkatarzyna.pl","nextItem":{"@type":"ListItem","@id":"https:\/\/www.spkatarzyna.pl\/index.php\/category\/uncategorized\/#listItem","name":"Uncategorized"}},{"@type":"ListItem","@id":"https:\/\/www.spkatarzyna.pl\/index.php\/category\/uncategorized\/#listItem","position":2,"name":"Uncategorized","item":"https:\/\/www.spkatarzyna.pl\/index.php\/category\/uncategorized\/","nextItem":{"@type":"ListItem","@id":"https:\/\/www.spkatarzyna.pl\/index.php\/2023\/04\/27\/polkolonie-letnie-siechnickie-lato-2023\/#listItem","name":"P\u00d3\u0141KOLONIE LETNIE"},"previousItem":{"@type":"ListItem","@id":"https:\/\/www.spkatarzyna.pl#listItem","name":"Dom"}},{"@type":"ListItem","@id":"https:\/\/www.spkatarzyna.pl\/index.php\/2023\/04\/27\/polkolonie-letnie-siechnickie-lato-2023\/#listItem","position":3,"name":"P\u00d3\u0141KOLONIE LETNIE","previousItem":{"@type":"ListItem","@id":"https:\/\/www.spkatarzyna.pl\/index.php\/category\/uncategorized\/#listItem","name":"Uncategorized"}}]},{"@type":"Organization","@id":"https:\/\/www.spkatarzyna.pl\/#organization","name":"SP Katarzyna","description":"Publiczna Szko\u0142a Podstawowa w \u015awi\u0119tej Katarzynie","url":"https:\/\/www.spkatarzyna.pl\/","telephone":"+48713116378","sameAs":["https:\/\/facebook.com\/","https:\/\/x.com\/","https:\/\/instagram.com\/","https:\/\/pinterest.com\/","https:\/\/youtube.com\/","https:\/\/linkedin.com\/in\/"]},{"@type":"Person","@id":"https:\/\/www.spkatarzyna.pl\/index.php\/author\/agatasafianspkatarzyna-pl\/#author","url":"https:\/\/www.spkatarzyna.pl\/index.php\/author\/agatasafianspkatarzyna-pl\/","name":"Redakcja","image":{"@type":"ImageObject","@id":"https:\/\/www.spkatarzyna.pl\/index.php\/2023\/04\/27\/polkolonie-letnie-siechnickie-lato-2023\/#authorImage","url":"https:\/\/secure.gravatar.com\/avatar\/765290513df94d442152250e92b42327?s=96&d=mm&r=g","width":96,"height":96,"caption":"Redakcja"}},{"@type":"WebPage","@id":"https:\/\/www.spkatarzyna.pl\/index.php\/2023\/04\/27\/polkolonie-letnie-siechnickie-lato-2023\/#webpage","url":"https:\/\/www.spkatarzyna.pl\/index.php\/2023\/04\/27\/polkolonie-letnie-siechnickie-lato-2023\/","name":"P\u00d3\u0141KOLONIE LETNIE - SP Katarzyna","description":"Gminny O\u015brodek Pomocy Spo\u0142ecznej w Siechnicach we wsp\u00f3\u0142pracy z Wydzia\u0142em Edukacji Urz\u0119du Miejskiego w Siechnicach organizuje P\u00d3\u0141KOLONIE LETNIE \u201eSiechnickie lato 2023\u201d z elementami programu profilaktyki uzale\u017cnie\u0144 * dla dzieci w wieku od 7 do 10 lat ( 2013 r. \u2013 2016 r.) zamieszkuj\u0105cych na terenie Gminy Siechnice i ucz\u0119szczaj\u0105cych do szk\u00f3\u0142 podstawowych w: Siechnicach, Radwanicach,","inLanguage":"pl-PL","isPartOf":{"@id":"https:\/\/www.spkatarzyna.pl\/#website"},"breadcrumb":{"@id":"https:\/\/www.spkatarzyna.pl\/index.php\/2023\/04\/27\/polkolonie-letnie-siechnickie-lato-2023\/#breadcrumblist"},"author":{"@id":"https:\/\/www.spkatarzyna.pl\/index.php\/author\/agatasafianspkatarzyna-pl\/#author"},"creator":{"@id":"https:\/\/www.spkatarzyna.pl\/index.php\/author\/agatasafianspkatarzyna-pl\/#author"},"image":{"@type":"ImageObject","url":"https:\/\/www.spkatarzyna.pl\/wp-content\/uploads\/2023\/04\/kids-g89efd5207_19201.jpg","@id":"https:\/\/www.spkatarzyna.pl\/index.php\/2023\/04\/27\/polkolonie-letnie-siechnickie-lato-2023\/#mainImage","width":360,"height":202},"primaryImageOfPage":{"@id":"https:\/\/www.spkatarzyna.pl\/index.php\/2023\/04\/27\/polkolonie-letnie-siechnickie-lato-2023\/#mainImage"},"datePublished":"2023-04-27T10:11:04+02:00","dateModified":"2023-04-27T10:13:23+02:00"},{"@type":"WebSite","@id":"https:\/\/www.spkatarzyna.pl\/#website","url":"https:\/\/www.spkatarzyna.pl\/","name":"SP Katarzyna","description":"Publiczna Szko\u0142a Podstawowa w \u015awi\u0119tej Katarzynie","inLanguage":"pl-PL","publisher":{"@id":"https:\/\/www.spkatarzyna.pl\/#organization"}}]},"og:locale":"pl_PL","og:site_name":"SP Katarzyna - Publiczna Szko\u0142a Podstawowa w \u015awi\u0119tej Katarzynie","og:type":"article","og:title":"P\u00d3\u0141KOLONIE LETNIE - SP Katarzyna","og:description":"Gminny O\u015brodek Pomocy Spo\u0142ecznej w Siechnicach we wsp\u00f3\u0142pracy z Wydzia\u0142em Edukacji Urz\u0119du Miejskiego w Siechnicach organizuje P\u00d3\u0141KOLONIE LETNIE \u201eSiechnickie lato 2023\u201d z elementami programu profilaktyki uzale\u017cnie\u0144 * dla dzieci w wieku od 7 do 10 lat ( 2013 r. \u2013 2016 r.) zamieszkuj\u0105cych na terenie Gminy Siechnice i ucz\u0119szczaj\u0105cych do szk\u00f3\u0142 podstawowych w: Siechnicach, Radwanicach,","og:url":"https:\/\/www.spkatarzyna.pl\/index.php\/2023\/04\/27\/polkolonie-letnie-siechnickie-lato-2023\/","article:published_time":"2023-04-27T10:11:04+00:00","article:modified_time":"2023-04-27T10:13:23+00:00","twitter:card":"summary_large_image","twitter:title":"P\u00d3\u0141KOLONIE LETNIE - SP Katarzyna","twitter:description":"Gminny O\u015brodek Pomocy Spo\u0142ecznej w Siechnicach we wsp\u00f3\u0142pracy z Wydzia\u0142em Edukacji Urz\u0119du Miejskiego w Siechnicach organizuje P\u00d3\u0141KOLONIE LETNIE \u201eSiechnickie lato 2023\u201d z elementami programu profilaktyki uzale\u017cnie\u0144 * dla dzieci w wieku od 7 do 10 lat ( 2013 r. \u2013 2016 r.) zamieszkuj\u0105cych na terenie Gminy Siechnice i ucz\u0119szczaj\u0105cych do szk\u00f3\u0142 podstawowych w: Siechnicach, Radwanicach,"},"aioseo_meta_data":{"post_id":"5117","title":null,"description":null,"keywords":null,"keyphrases":null,"primary_term":null,"canonical_url":null,"og_title":null,"og_description":null,"og_object_type":"default","og_image_type":"default","og_image_url":null,"og_image_width":null,"og_image_height":null,"og_image_custom_url":null,"og_image_custom_fields":null,"og_video":null,"og_custom_url":null,"og_article_section":null,"og_article_tags":null,"twitter_use_og":false,"twitter_card":"default","twitter_image_type":"default","twitter_image_url":null,"twitter_image_custom_url":null,"twitter_image_custom_fields":null,"twitter_title":null,"twitter_description":null,"schema":{"blockGraphs":[],"customGraphs":[],"default":{"data":{"Article":[],"Course":[],"Dataset":[],"FAQPage":[],"Movie":[],"Person":[],"Product":[],"ProductReview":[],"Car":[],"Recipe":[],"Service":[],"SoftwareApplication":[],"WebPage":[]},"graphName":"","isEnabled":true},"graphs":[]},"schema_type":"default","schema_type_options":null,"pillar_content":false,"robots_default":true,"robots_noindex":false,"robots_noarchive":false,"robots_nosnippet":false,"robots_nofollow":false,"robots_noimageindex":false,"robots_noodp":false,"robots_notranslate":false,"robots_max_snippet":null,"robots_max_videopreview":null,"robots_max_imagepreview":"large","priority":null,"frequency":null,"local_seo":null,"limit_modified_date":false,"created":"2024-04-03 08:05:13","updated":"2026-09-03 14:26:46","focus_keyword":null,"additional_keywords":null,"truseo_locale":null,"ai":null,"breadcrumb_settings":null,"seo_analyzer_scan_date":null},"aioseo_breadcrumb":"<div class=\"aioseo-breadcrumbs\"><span class=\"aioseo-breadcrumb\">\n\t\t\t<a href=\"https:\/\/www.spkatarzyna.pl\" title=\"Dom\">Dom<\/a>\n\t\t<\/span><span class=\"aioseo-breadcrumb-separator\">&raquo;<\/span><span class=\"aioseo-breadcrumb\">\n\t\t\t<a href=\"https:\/\/www.spkatarzyna.pl\/index.php\/category\/uncategorized\/\" title=\"Uncategorized\">Uncategorized<\/a>\n\t\t<\/span><span class=\"aioseo-breadcrumb-separator\">&raquo;<\/span><span class=\"aioseo-breadcrumb\">\n\t\t\tP\u00d3\u0141KOLONIE LETNIE\n\t\t<\/span><\/div>","aioseo_breadcrumb_json":[{"label":"Dom","link":"https:\/\/www.spkatarzyna.pl"},{"label":"Uncategorized","link":"https:\/\/www.spkatarzyna.pl\/index.php\/category\/uncategorized\/"},{"label":"P\u00d3\u0141KOLONIE LETNIE","link":"https:\/\/www.spkatarzyna.pl\/index.php\/2023\/04\/27\/polkolonie-letnie-siechnickie-lato-2023\/"}],"_links":{"self":[{"href":"https:\/\/www.spkatarzyna.pl\/index.php\/wp-json\/wp\/v2\/posts\/5117","targetHints":{"allow":["GET"]}}],"collection":[{"href":"https:\/\/www.spkatarzyna.pl\/index.php\/wp-json\/wp\/v2\/posts"}],"about":[{"href":"https:\/\/www.spkatarzyna.pl\/index.php\/wp-json\/wp\/v2\/types\/post"}],"author":[{"embeddable":true,"href":"https:\/\/www.spkatarzyna.pl\/index.php\/wp-json\/wp\/v2\/users\/6"}],"replies":[{"embeddable":true,"href":"https:\/\/www.spkatarzyna.pl\/index.php\/wp-json\/wp\/v2\/comments?post=5117"}],"version-history":[{"count":4,"href":"https:\/\/www.spkatarzyna.pl\/index.php\/wp-json\/wp\/v2\/posts\/5117\/revisions"}],"predecessor-version":[{"id":5122,"href":"https:\/\/www.spkatarzyna.pl\/index.php\/wp-json\/wp\/v2\/posts\/5117\/revisions\/5122"}],"wp:featuredmedia":[{"embeddable":true,"href":"https:\/\/www.spkatarzyna.pl\/index.php\/wp-json\/wp\/v2\/media\/5118"}],"wp:attachment":[{"href":"https:\/\/www.spkatarzyna.pl\/index.php\/wp-json\/wp\/v2\/media?parent=5117"}],"wp:term":[{"taxonomy":"category","embeddable":true,"href":"https:\/\/www.spkatarzyna.pl\/index.php\/wp-json\/wp\/v2\/categories?post=5117"},{"taxonomy":"post_tag","embeddable":true,"href":"https:\/\/www.spkatarzyna.pl\/index.php\/wp-json\/wp\/v2\/tags?post=5117"}],"curies":[{"name":"wp","href":"https:\/\/api.w.org\/{rel}","templated":true}]}}