{"id":5172,"date":"2023-04-28T09:30:09","date_gmt":"2023-04-28T09:30:09","guid":{"rendered":"http:\/\/www.spkatarzyna.pl\/?p=5172"},"modified":"2023-04-28T10:16:11","modified_gmt":"2023-04-28T10:16:11","slug":"wycieczka-klasy-5a-i-5b","status":"publish","type":"post","link":"https:\/\/www.spkatarzyna.pl\/index.php\/2023\/04\/28\/wycieczka-klasy-5a-i-5b\/","title":{"rendered":"Wycieczka klasy 5a i 5b"},"content":{"rendered":"\t\t<div data-elementor-type=\"wp-post\" data-elementor-id=\"5172\" class=\"elementor elementor-5172\">\n\t\t\t\t\t\t<section class=\"elementor-section elementor-top-section elementor-element elementor-element-5b2e0a0f elementor-section-boxed elementor-section-height-default elementor-section-height-default\" data-id=\"5b2e0a0f\" data-element_type=\"section\">\n\t\t\t\t\t\t<div class=\"elementor-container elementor-column-gap-default\">\n\t\t\t\t\t<div class=\"elementor-column elementor-col-100 elementor-top-column elementor-element elementor-element-b77e2e1\" data-id=\"b77e2e1\" data-element_type=\"column\">\n\t\t\t<div class=\"elementor-widget-wrap elementor-element-populated\">\n\t\t\t\t\t\t<div class=\"elementor-element elementor-element-5d38807 elementor-widget elementor-widget-text-editor\" data-id=\"5d38807\" data-element_type=\"widget\" data-widget_type=\"text-editor.default\">\n\t\t\t\t\t\t\t\t\t<p style=\"text-align: justify;\"><span style=\"font-size: 14pt;\">24 kwietnia klasy 5a i 5b uczestniczy\u0142y w wycieczce<strong><span style=\"color: #800000;\"> ,,Szlakiem wygas\u0142ych wulkan\u00f3w&#8221;. <\/span><\/strong><\/span><span style=\"font-size: 14pt;\">&nbsp;Uczniowie uczestniczyli warsztatach w Zagrodzie Sudeckiej, na kt\u00f3rych poznali fascynuj\u0105cy \u015bwiat minera\u0142\u00f3w oraz budow\u0119 wulkan\u00f3w aktywnych dawno temu na Pog\u00f3rzu Kaczawskim.&nbsp;<\/span><span style=\"font-size: 14pt;\"> Zwiedzali\u015bmy tak\u017ce zamek \u015awiny, gdzie obejrzeli\u015bmy pokaz walk woj\u00f3w. <\/span><span style=\"font-size: 14pt;\">Nasz\u0105 baz\u0105 tego dnia by\u0142a miejscowo\u015b\u0107 Dobk\u00f3w, w kt\u00f3rej odbywa\u0142y si\u0119 warsztaty i zjedli\u015bmy tam pyszny obiad. <\/span><span style=\"font-size: 14pt;\">Ka\u017cdy uczestnik znalaz\u0142 na tej wyprawie co\u015b interesuj\u0105cego. <\/span><span style=\"font-size: 14pt;\">Humory nam dopisywa\u0142y i zadowoleni powr\u00f3cili\u015bmy do \u015awi\u0119tej Katarzyny.<\/span><\/p>\n\n<div dir=\"auto\">&nbsp;<\/div>\n<div dir=\"auto\">&nbsp;<\/div>\n<div dir=\"auto\" style=\"text-align: right;\"><span style=\"font-size: 14pt;\">Agata Nowak<\/span><\/div>\n<div dir=\"auto\" style=\"text-align: right;\"><span style=\"font-size: 14pt;\">Tomasz Wilczak&nbsp;<\/span><\/div>\t\t\t\t\t\t\t\t<\/div>\n\t\t\t\t<div class=\"elementor-element elementor-element-0fd5391 elementor-widget elementor-widget-image-gallery\" data-id=\"0fd5391\" data-element_type=\"widget\" data-widget_type=\"image-gallery.default\">\n\t\t\t\t\t\t\t<div class=\"elementor-image-gallery\">\n\t\t\t\n\t\t<div id='gallery-1' class='gallery galleryid-5172 gallery-columns-4 gallery-size-thumbnail gallery1'><script type=\"text\/javascript\">\n\/\/ <![CDATA[\n\tjQuery(document).ready(function () {\n\t\tjQuery(\".gallery1 a\").attr(\"rel\",\"gallery1\");\t\n\t\tjQuery('a[rel=\"gallery1\"]').colorbox({title: function(){ return jQuery(this).children().attr(\"alt\"); }});\n\t});\n\/\/ ]]>\n<\/script>\n<dl class=\"gallery-item\">\n<dt class=\"gallery-icon\">\n<a href=\"https:\/\/www.spkatarzyna.pl\/wp-content\/uploads\/2023\/04\/IMG_20230424_1138101-224x300.jpg\" title=\"\" rel=\"gallery1\" rel=\"lightbox[5172]\"><img decoding=\"async\" src=\"https:\/\/www.spkatarzyna.pl\/wp-content\/uploads\/2023\/04\/IMG_20230424_1138101-150x150.jpg\" width=\"150\" height=\"150\" alt=\"\" \/><\/a>\n<\/dt><\/dl><dl class=\"gallery-item\">\n<dt class=\"gallery-icon\">\n<a href=\"https:\/\/www.spkatarzyna.pl\/wp-content\/uploads\/2023\/04\/IMG_20230424_1137441-224x300.jpg\" title=\"\" rel=\"gallery1\" rel=\"lightbox[5172]\"><img decoding=\"async\" src=\"https:\/\/www.spkatarzyna.pl\/wp-content\/uploads\/2023\/04\/IMG_20230424_1137441-150x150.jpg\" width=\"150\" height=\"150\" alt=\"\" \/><\/a>\n<\/dt><\/dl><dl class=\"gallery-item\">\n<dt class=\"gallery-icon\">\n<a href=\"https:\/\/www.spkatarzyna.pl\/wp-content\/uploads\/2023\/04\/IMG_20230424_1138391-224x300.jpg\" title=\"\" rel=\"gallery1\" rel=\"lightbox[5172]\"><img decoding=\"async\" src=\"https:\/\/www.spkatarzyna.pl\/wp-content\/uploads\/2023\/04\/IMG_20230424_1138391-150x150.jpg\" width=\"150\" height=\"150\" alt=\"\" \/><\/a>\n<\/dt><\/dl><dl class=\"gallery-item\">\n<dt class=\"gallery-icon\">\n<a href=\"https:\/\/www.spkatarzyna.pl\/wp-content\/uploads\/2023\/04\/IMG_20230424_1029501-300x135.jpg\" title=\"\" rel=\"gallery1\" rel=\"lightbox[5172]\"><img loading=\"lazy\" decoding=\"async\" src=\"https:\/\/www.spkatarzyna.pl\/wp-content\/uploads\/2023\/04\/IMG_20230424_1029501-150x150.jpg\" width=\"150\" height=\"150\" alt=\"\" \/><\/a>\n<\/dt><\/dl><br style=\"clear: both\" \/><br style=\"clear: both\" \/><\/div>\t\t<\/div>\n\t\t\t\t\t\t<\/div>\n\t\t\t\t\t<\/div>\n\t\t<\/div>\n\t\t\t\t\t<\/div>\n\t\t<\/section>\n\t\t\t\t<\/div>\n\t\t","protected":false},"excerpt":{"rendered":"<p>24 kwietnia klasy 5a i 5b uczestniczy\u0142y w wycieczce ,,Szlakiem wygas\u0142ych wulkan\u00f3w&#8221;. &nbsp;Uczniowie uczestniczyli warsztatach w Zagrodzie Sudeckiej, na kt\u00f3rych poznali fascynuj\u0105cy \u015bwiat minera\u0142\u00f3w oraz budow\u0119 wulkan\u00f3w aktywnych dawno temu na Pog\u00f3rzu Kaczawskim.&nbsp; Zwiedzali\u015bmy tak\u017ce zamek \u015awiny, gdzie obejrzeli\u015bmy pokaz walk woj\u00f3w. Nasz\u0105 baz\u0105 tego dnia by\u0142a miejscowo\u015b\u0107 Dobk\u00f3w, w [&hellip;]<\/p>\n","protected":false},"author":6,"featured_media":5173,"comment_status":"open","ping_status":"open","sticky":false,"template":"","format":"standard","meta":{"om_disable_all_campaigns":false,"_monsterinsights_skip_tracking":false,"ngg_post_thumbnail":0,"footnotes":""},"categories":[1],"tags":[],"class_list":["post-5172","post","type-post","status-publish","format-standard","has-post-thumbnail","hentry","category-uncategorized"],"aioseo_notices":[],"aioseo_head":"\n\t\t<!-- All in One SEO 5.0.1.1 - aioseo.com -->\n\t<meta name=\"description\" content=\"24 kwietnia klasy 5a i 5b uczestniczy\u0142y w wycieczce ,,Szlakiem wygas\u0142ych wulkan\u00f3w\u201d. Uczniowie uczestniczyli warsztatach w Zagrodzie Sudeckiej, na kt\u00f3rych poznali fascynuj\u0105cy \u015bwiat minera\u0142\u00f3w oraz budow\u0119 wulkan\u00f3w aktywnych dawno temu na Pog\u00f3rzu Kaczawskim. Zwiedzali\u015bmy tak\u017ce zamek \u015awiny, gdzie obejrzeli\u015bmy pokaz walk woj\u00f3w. Nasz\u0105 baz\u0105 tego dnia by\u0142a miejscowo\u015b\u0107 Dobk\u00f3w, w kt\u00f3rej odbywa\u0142y si\u0119 warsztaty i\" \/>\n\t<meta name=\"robots\" content=\"max-image-preview:large\" \/>\n\t<meta name=\"author\" content=\"Redakcja\"\/>\n\t<link rel=\"canonical\" href=\"https:\/\/www.spkatarzyna.pl\/index.php\/2023\/04\/28\/wycieczka-klasy-5a-i-5b\/\" \/>\n\t<meta name=\"generator\" content=\"All in One SEO (AIOSEO) 5.0.1.1\" \/>\n\t\t<meta property=\"og:locale\" content=\"pl_PL\" \/>\n\t\t<meta property=\"og:site_name\" content=\"SP Katarzyna - Publiczna Szko\u0142a Podstawowa w \u015awi\u0119tej Katarzynie\" \/>\n\t\t<meta property=\"og:type\" content=\"article\" \/>\n\t\t<meta property=\"og:title\" content=\"Wycieczka klasy 5a i 5b - SP Katarzyna\" \/>\n\t\t<meta property=\"og:description\" content=\"24 kwietnia klasy 5a i 5b uczestniczy\u0142y w wycieczce ,,Szlakiem wygas\u0142ych wulkan\u00f3w\u201d. Uczniowie uczestniczyli warsztatach w Zagrodzie Sudeckiej, na kt\u00f3rych poznali fascynuj\u0105cy \u015bwiat minera\u0142\u00f3w oraz budow\u0119 wulkan\u00f3w aktywnych dawno temu na Pog\u00f3rzu Kaczawskim. Zwiedzali\u015bmy tak\u017ce zamek \u015awiny, gdzie obejrzeli\u015bmy pokaz walk woj\u00f3w. Nasz\u0105 baz\u0105 tego dnia by\u0142a miejscowo\u015b\u0107 Dobk\u00f3w, w kt\u00f3rej odbywa\u0142y si\u0119 warsztaty i\" \/>\n\t\t<meta property=\"og:url\" content=\"https:\/\/www.spkatarzyna.pl\/index.php\/2023\/04\/28\/wycieczka-klasy-5a-i-5b\/\" \/>\n\t\t<meta property=\"article:published_time\" content=\"2023-04-28T09:30:09+00:00\" \/>\n\t\t<meta property=\"article:modified_time\" content=\"2023-04-28T10:16:11+00:00\" \/>\n\t\t<meta name=\"twitter:card\" content=\"summary_large_image\" \/>\n\t\t<meta name=\"twitter:title\" content=\"Wycieczka klasy 5a i 5b - SP Katarzyna\" \/>\n\t\t<meta name=\"twitter:description\" content=\"24 kwietnia klasy 5a i 5b uczestniczy\u0142y w wycieczce ,,Szlakiem wygas\u0142ych wulkan\u00f3w\u201d. Uczniowie uczestniczyli warsztatach w Zagrodzie Sudeckiej, na kt\u00f3rych poznali fascynuj\u0105cy \u015bwiat minera\u0142\u00f3w oraz budow\u0119 wulkan\u00f3w aktywnych dawno temu na Pog\u00f3rzu Kaczawskim. Zwiedzali\u015bmy tak\u017ce zamek \u015awiny, gdzie obejrzeli\u015bmy pokaz walk woj\u00f3w. Nasz\u0105 baz\u0105 tego dnia by\u0142a miejscowo\u015b\u0107 Dobk\u00f3w, w kt\u00f3rej odbywa\u0142y si\u0119 warsztaty i\" \/>\n\t\t<script type=\"application\/ld+json\" class=\"aioseo-schema\">\n\t\t\t{\"@context\":\"https:\\\/\\\/schema.org\",\"@graph\":[{\"@type\":\"BlogPosting\",\"@id\":\"https:\\\/\\\/www.spkatarzyna.pl\\\/index.php\\\/2023\\\/04\\\/28\\\/wycieczka-klasy-5a-i-5b\\\/#blogposting\",\"name\":\"Wycieczka klasy 5a i 5b - SP Katarzyna\",\"headline\":\"Wycieczka klasy 5a i 5b\",\"author\":{\"@id\":\"https:\\\/\\\/www.spkatarzyna.pl\\\/index.php\\\/author\\\/agatasafianspkatarzyna-pl\\\/#author\"},\"publisher\":{\"@id\":\"https:\\\/\\\/www.spkatarzyna.pl\\\/#organization\"},\"image\":{\"@type\":\"ImageObject\",\"url\":\"https:\\\/\\\/www.spkatarzyna.pl\\\/wp-content\\\/uploads\\\/2023\\\/04\\\/IMG_20230424_10295011.jpg\",\"width\":360,\"height\":202},\"datePublished\":\"2023-04-28T09:30:09+02:00\",\"dateModified\":\"2023-04-28T10:16:11+02:00\",\"inLanguage\":\"pl-PL\",\"mainEntityOfPage\":{\"@id\":\"https:\\\/\\\/www.spkatarzyna.pl\\\/index.php\\\/2023\\\/04\\\/28\\\/wycieczka-klasy-5a-i-5b\\\/#webpage\"},\"isPartOf\":{\"@id\":\"https:\\\/\\\/www.spkatarzyna.pl\\\/index.php\\\/2023\\\/04\\\/28\\\/wycieczka-klasy-5a-i-5b\\\/#webpage\"},\"articleSection\":\"Uncategorized\"},{\"@type\":\"BreadcrumbList\",\"@id\":\"https:\\\/\\\/www.spkatarzyna.pl\\\/index.php\\\/2023\\\/04\\\/28\\\/wycieczka-klasy-5a-i-5b\\\/#breadcrumblist\",\"itemListElement\":[{\"@type\":\"ListItem\",\"@id\":\"https:\\\/\\\/www.spkatarzyna.pl#listItem\",\"position\":1,\"name\":\"Dom\",\"item\":\"https:\\\/\\\/www.spkatarzyna.pl\",\"nextItem\":{\"@type\":\"ListItem\",\"@id\":\"https:\\\/\\\/www.spkatarzyna.pl\\\/index.php\\\/category\\\/uncategorized\\\/#listItem\",\"name\":\"Uncategorized\"}},{\"@type\":\"ListItem\",\"@id\":\"https:\\\/\\\/www.spkatarzyna.pl\\\/index.php\\\/category\\\/uncategorized\\\/#listItem\",\"position\":2,\"name\":\"Uncategorized\",\"item\":\"https:\\\/\\\/www.spkatarzyna.pl\\\/index.php\\\/category\\\/uncategorized\\\/\",\"nextItem\":{\"@type\":\"ListItem\",\"@id\":\"https:\\\/\\\/www.spkatarzyna.pl\\\/index.php\\\/2023\\\/04\\\/28\\\/wycieczka-klasy-5a-i-5b\\\/#listItem\",\"name\":\"Wycieczka klasy 5a i 5b\"},\"previousItem\":{\"@type\":\"ListItem\",\"@id\":\"https:\\\/\\\/www.spkatarzyna.pl#listItem\",\"name\":\"Dom\"}},{\"@type\":\"ListItem\",\"@id\":\"https:\\\/\\\/www.spkatarzyna.pl\\\/index.php\\\/2023\\\/04\\\/28\\\/wycieczka-klasy-5a-i-5b\\\/#listItem\",\"position\":3,\"name\":\"Wycieczka klasy 5a i 5b\",\"previousItem\":{\"@type\":\"ListItem\",\"@id\":\"https:\\\/\\\/www.spkatarzyna.pl\\\/index.php\\\/category\\\/uncategorized\\\/#listItem\",\"name\":\"Uncategorized\"}}]},{\"@type\":\"Organization\",\"@id\":\"https:\\\/\\\/www.spkatarzyna.pl\\\/#organization\",\"name\":\"SP Katarzyna\",\"description\":\"Publiczna Szko\\u0142a Podstawowa w \\u015awi\\u0119tej Katarzynie\",\"url\":\"https:\\\/\\\/www.spkatarzyna.pl\\\/\",\"telephone\":\"+48713116378\",\"sameAs\":[\"https:\\\/\\\/facebook.com\\\/\",\"https:\\\/\\\/x.com\\\/\",\"https:\\\/\\\/instagram.com\\\/\",\"https:\\\/\\\/pinterest.com\\\/\",\"https:\\\/\\\/youtube.com\\\/\",\"https:\\\/\\\/linkedin.com\\\/in\\\/\"]},{\"@type\":\"Person\",\"@id\":\"https:\\\/\\\/www.spkatarzyna.pl\\\/index.php\\\/author\\\/agatasafianspkatarzyna-pl\\\/#author\",\"url\":\"https:\\\/\\\/www.spkatarzyna.pl\\\/index.php\\\/author\\\/agatasafianspkatarzyna-pl\\\/\",\"name\":\"Redakcja\",\"image\":{\"@type\":\"ImageObject\",\"@id\":\"https:\\\/\\\/www.spkatarzyna.pl\\\/index.php\\\/2023\\\/04\\\/28\\\/wycieczka-klasy-5a-i-5b\\\/#authorImage\",\"url\":\"https:\\\/\\\/secure.gravatar.com\\\/avatar\\\/765290513df94d442152250e92b42327?s=96&d=mm&r=g\",\"width\":96,\"height\":96,\"caption\":\"Redakcja\"}},{\"@type\":\"WebPage\",\"@id\":\"https:\\\/\\\/www.spkatarzyna.pl\\\/index.php\\\/2023\\\/04\\\/28\\\/wycieczka-klasy-5a-i-5b\\\/#webpage\",\"url\":\"https:\\\/\\\/www.spkatarzyna.pl\\\/index.php\\\/2023\\\/04\\\/28\\\/wycieczka-klasy-5a-i-5b\\\/\",\"name\":\"Wycieczka klasy 5a i 5b - SP Katarzyna\",\"description\":\"24 kwietnia klasy 5a i 5b uczestniczy\\u0142y w wycieczce ,,Szlakiem wygas\\u0142ych wulkan\\u00f3w\\u201d. Uczniowie uczestniczyli warsztatach w Zagrodzie Sudeckiej, na kt\\u00f3rych poznali fascynuj\\u0105cy \\u015bwiat minera\\u0142\\u00f3w oraz budow\\u0119 wulkan\\u00f3w aktywnych dawno temu na Pog\\u00f3rzu Kaczawskim. Zwiedzali\\u015bmy tak\\u017ce zamek \\u015awiny, gdzie obejrzeli\\u015bmy pokaz walk woj\\u00f3w. Nasz\\u0105 baz\\u0105 tego dnia by\\u0142a miejscowo\\u015b\\u0107 Dobk\\u00f3w, w kt\\u00f3rej odbywa\\u0142y si\\u0119 warsztaty i\",\"inLanguage\":\"pl-PL\",\"isPartOf\":{\"@id\":\"https:\\\/\\\/www.spkatarzyna.pl\\\/#website\"},\"breadcrumb\":{\"@id\":\"https:\\\/\\\/www.spkatarzyna.pl\\\/index.php\\\/2023\\\/04\\\/28\\\/wycieczka-klasy-5a-i-5b\\\/#breadcrumblist\"},\"author\":{\"@id\":\"https:\\\/\\\/www.spkatarzyna.pl\\\/index.php\\\/author\\\/agatasafianspkatarzyna-pl\\\/#author\"},\"creator\":{\"@id\":\"https:\\\/\\\/www.spkatarzyna.pl\\\/index.php\\\/author\\\/agatasafianspkatarzyna-pl\\\/#author\"},\"image\":{\"@type\":\"ImageObject\",\"url\":\"https:\\\/\\\/www.spkatarzyna.pl\\\/wp-content\\\/uploads\\\/2023\\\/04\\\/IMG_20230424_10295011.jpg\",\"@id\":\"https:\\\/\\\/www.spkatarzyna.pl\\\/index.php\\\/2023\\\/04\\\/28\\\/wycieczka-klasy-5a-i-5b\\\/#mainImage\",\"width\":360,\"height\":202},\"primaryImageOfPage\":{\"@id\":\"https:\\\/\\\/www.spkatarzyna.pl\\\/index.php\\\/2023\\\/04\\\/28\\\/wycieczka-klasy-5a-i-5b\\\/#mainImage\"},\"datePublished\":\"2023-04-28T09:30:09+02:00\",\"dateModified\":\"2023-04-28T10:16:11+02:00\"},{\"@type\":\"WebSite\",\"@id\":\"https:\\\/\\\/www.spkatarzyna.pl\\\/#website\",\"url\":\"https:\\\/\\\/www.spkatarzyna.pl\\\/\",\"name\":\"SP Katarzyna\",\"description\":\"Publiczna Szko\\u0142a Podstawowa w \\u015awi\\u0119tej Katarzynie\",\"inLanguage\":\"pl-PL\",\"publisher\":{\"@id\":\"https:\\\/\\\/www.spkatarzyna.pl\\\/#organization\"}}]}\n\t\t<\/script>\n\t\t<!-- All in One SEO -->\n\n","aioseo_head_json":{"title":"Wycieczka klasy 5a i 5b - SP Katarzyna","description":"24 kwietnia klasy 5a i 5b uczestniczy\u0142y w wycieczce ,,Szlakiem wygas\u0142ych wulkan\u00f3w\u201d. Uczniowie uczestniczyli warsztatach w Zagrodzie Sudeckiej, na kt\u00f3rych poznali fascynuj\u0105cy \u015bwiat minera\u0142\u00f3w oraz budow\u0119 wulkan\u00f3w aktywnych dawno temu na Pog\u00f3rzu Kaczawskim. Zwiedzali\u015bmy tak\u017ce zamek \u015awiny, gdzie obejrzeli\u015bmy pokaz walk woj\u00f3w. Nasz\u0105 baz\u0105 tego dnia by\u0142a miejscowo\u015b\u0107 Dobk\u00f3w, w kt\u00f3rej odbywa\u0142y si\u0119 warsztaty i","canonical_url":"https:\/\/www.spkatarzyna.pl\/index.php\/2023\/04\/28\/wycieczka-klasy-5a-i-5b\/","robots":"max-image-preview:large","keywords":"","webmasterTools":{"miscellaneous":""},"schema":{"@context":"https:\/\/schema.org","@graph":[{"@type":"BlogPosting","@id":"https:\/\/www.spkatarzyna.pl\/index.php\/2023\/04\/28\/wycieczka-klasy-5a-i-5b\/#blogposting","name":"Wycieczka klasy 5a i 5b - SP Katarzyna","headline":"Wycieczka klasy 5a i 5b","author":{"@id":"https:\/\/www.spkatarzyna.pl\/index.php\/author\/agatasafianspkatarzyna-pl\/#author"},"publisher":{"@id":"https:\/\/www.spkatarzyna.pl\/#organization"},"image":{"@type":"ImageObject","url":"https:\/\/www.spkatarzyna.pl\/wp-content\/uploads\/2023\/04\/IMG_20230424_10295011.jpg","width":360,"height":202},"datePublished":"2023-04-28T09:30:09+02:00","dateModified":"2023-04-28T10:16:11+02:00","inLanguage":"pl-PL","mainEntityOfPage":{"@id":"https:\/\/www.spkatarzyna.pl\/index.php\/2023\/04\/28\/wycieczka-klasy-5a-i-5b\/#webpage"},"isPartOf":{"@id":"https:\/\/www.spkatarzyna.pl\/index.php\/2023\/04\/28\/wycieczka-klasy-5a-i-5b\/#webpage"},"articleSection":"Uncategorized"},{"@type":"BreadcrumbList","@id":"https:\/\/www.spkatarzyna.pl\/index.php\/2023\/04\/28\/wycieczka-klasy-5a-i-5b\/#breadcrumblist","itemListElement":[{"@type":"ListItem","@id":"https:\/\/www.spkatarzyna.pl#listItem","position":1,"name":"Dom","item":"https:\/\/www.spkatarzyna.pl","nextItem":{"@type":"ListItem","@id":"https:\/\/www.spkatarzyna.pl\/index.php\/category\/uncategorized\/#listItem","name":"Uncategorized"}},{"@type":"ListItem","@id":"https:\/\/www.spkatarzyna.pl\/index.php\/category\/uncategorized\/#listItem","position":2,"name":"Uncategorized","item":"https:\/\/www.spkatarzyna.pl\/index.php\/category\/uncategorized\/","nextItem":{"@type":"ListItem","@id":"https:\/\/www.spkatarzyna.pl\/index.php\/2023\/04\/28\/wycieczka-klasy-5a-i-5b\/#listItem","name":"Wycieczka klasy 5a i 5b"},"previousItem":{"@type":"ListItem","@id":"https:\/\/www.spkatarzyna.pl#listItem","name":"Dom"}},{"@type":"ListItem","@id":"https:\/\/www.spkatarzyna.pl\/index.php\/2023\/04\/28\/wycieczka-klasy-5a-i-5b\/#listItem","position":3,"name":"Wycieczka klasy 5a i 5b","previousItem":{"@type":"ListItem","@id":"https:\/\/www.spkatarzyna.pl\/index.php\/category\/uncategorized\/#listItem","name":"Uncategorized"}}]},{"@type":"Organization","@id":"https:\/\/www.spkatarzyna.pl\/#organization","name":"SP Katarzyna","description":"Publiczna Szko\u0142a Podstawowa w \u015awi\u0119tej Katarzynie","url":"https:\/\/www.spkatarzyna.pl\/","telephone":"+48713116378","sameAs":["https:\/\/facebook.com\/","https:\/\/x.com\/","https:\/\/instagram.com\/","https:\/\/pinterest.com\/","https:\/\/youtube.com\/","https:\/\/linkedin.com\/in\/"]},{"@type":"Person","@id":"https:\/\/www.spkatarzyna.pl\/index.php\/author\/agatasafianspkatarzyna-pl\/#author","url":"https:\/\/www.spkatarzyna.pl\/index.php\/author\/agatasafianspkatarzyna-pl\/","name":"Redakcja","image":{"@type":"ImageObject","@id":"https:\/\/www.spkatarzyna.pl\/index.php\/2023\/04\/28\/wycieczka-klasy-5a-i-5b\/#authorImage","url":"https:\/\/secure.gravatar.com\/avatar\/765290513df94d442152250e92b42327?s=96&d=mm&r=g","width":96,"height":96,"caption":"Redakcja"}},{"@type":"WebPage","@id":"https:\/\/www.spkatarzyna.pl\/index.php\/2023\/04\/28\/wycieczka-klasy-5a-i-5b\/#webpage","url":"https:\/\/www.spkatarzyna.pl\/index.php\/2023\/04\/28\/wycieczka-klasy-5a-i-5b\/","name":"Wycieczka klasy 5a i 5b - SP Katarzyna","description":"24 kwietnia klasy 5a i 5b uczestniczy\u0142y w wycieczce ,,Szlakiem wygas\u0142ych wulkan\u00f3w\u201d. Uczniowie uczestniczyli warsztatach w Zagrodzie Sudeckiej, na kt\u00f3rych poznali fascynuj\u0105cy \u015bwiat minera\u0142\u00f3w oraz budow\u0119 wulkan\u00f3w aktywnych dawno temu na Pog\u00f3rzu Kaczawskim. Zwiedzali\u015bmy tak\u017ce zamek \u015awiny, gdzie obejrzeli\u015bmy pokaz walk woj\u00f3w. Nasz\u0105 baz\u0105 tego dnia by\u0142a miejscowo\u015b\u0107 Dobk\u00f3w, w kt\u00f3rej odbywa\u0142y si\u0119 warsztaty i","inLanguage":"pl-PL","isPartOf":{"@id":"https:\/\/www.spkatarzyna.pl\/#website"},"breadcrumb":{"@id":"https:\/\/www.spkatarzyna.pl\/index.php\/2023\/04\/28\/wycieczka-klasy-5a-i-5b\/#breadcrumblist"},"author":{"@id":"https:\/\/www.spkatarzyna.pl\/index.php\/author\/agatasafianspkatarzyna-pl\/#author"},"creator":{"@id":"https:\/\/www.spkatarzyna.pl\/index.php\/author\/agatasafianspkatarzyna-pl\/#author"},"image":{"@type":"ImageObject","url":"https:\/\/www.spkatarzyna.pl\/wp-content\/uploads\/2023\/04\/IMG_20230424_10295011.jpg","@id":"https:\/\/www.spkatarzyna.pl\/index.php\/2023\/04\/28\/wycieczka-klasy-5a-i-5b\/#mainImage","width":360,"height":202},"primaryImageOfPage":{"@id":"https:\/\/www.spkatarzyna.pl\/index.php\/2023\/04\/28\/wycieczka-klasy-5a-i-5b\/#mainImage"},"datePublished":"2023-04-28T09:30:09+02:00","dateModified":"2023-04-28T10:16:11+02:00"},{"@type":"WebSite","@id":"https:\/\/www.spkatarzyna.pl\/#website","url":"https:\/\/www.spkatarzyna.pl\/","name":"SP Katarzyna","description":"Publiczna Szko\u0142a Podstawowa w \u015awi\u0119tej Katarzynie","inLanguage":"pl-PL","publisher":{"@id":"https:\/\/www.spkatarzyna.pl\/#organization"}}]},"og:locale":"pl_PL","og:site_name":"SP Katarzyna - Publiczna Szko\u0142a Podstawowa w \u015awi\u0119tej Katarzynie","og:type":"article","og:title":"Wycieczka klasy 5a i 5b - SP Katarzyna","og:description":"24 kwietnia klasy 5a i 5b uczestniczy\u0142y w wycieczce ,,Szlakiem wygas\u0142ych wulkan\u00f3w\u201d. Uczniowie uczestniczyli warsztatach w Zagrodzie Sudeckiej, na kt\u00f3rych poznali fascynuj\u0105cy \u015bwiat minera\u0142\u00f3w oraz budow\u0119 wulkan\u00f3w aktywnych dawno temu na Pog\u00f3rzu Kaczawskim. Zwiedzali\u015bmy tak\u017ce zamek \u015awiny, gdzie obejrzeli\u015bmy pokaz walk woj\u00f3w. Nasz\u0105 baz\u0105 tego dnia by\u0142a miejscowo\u015b\u0107 Dobk\u00f3w, w kt\u00f3rej odbywa\u0142y si\u0119 warsztaty i","og:url":"https:\/\/www.spkatarzyna.pl\/index.php\/2023\/04\/28\/wycieczka-klasy-5a-i-5b\/","article:published_time":"2023-04-28T09:30:09+00:00","article:modified_time":"2023-04-28T10:16:11+00:00","twitter:card":"summary_large_image","twitter:title":"Wycieczka klasy 5a i 5b - SP Katarzyna","twitter:description":"24 kwietnia klasy 5a i 5b uczestniczy\u0142y w wycieczce ,,Szlakiem wygas\u0142ych wulkan\u00f3w\u201d. Uczniowie uczestniczyli warsztatach w Zagrodzie Sudeckiej, na kt\u00f3rych poznali fascynuj\u0105cy \u015bwiat minera\u0142\u00f3w oraz budow\u0119 wulkan\u00f3w aktywnych dawno temu na Pog\u00f3rzu Kaczawskim. Zwiedzali\u015bmy tak\u017ce zamek \u015awiny, gdzie obejrzeli\u015bmy pokaz walk woj\u00f3w. Nasz\u0105 baz\u0105 tego dnia by\u0142a miejscowo\u015b\u0107 Dobk\u00f3w, w kt\u00f3rej odbywa\u0142y si\u0119 warsztaty i"},"aioseo_meta_data":{"post_id":"5172","title":null,"description":null,"keywords":null,"keyphrases":null,"primary_term":null,"canonical_url":null,"og_title":null,"og_description":null,"og_object_type":"default","og_image_type":"default","og_image_url":null,"og_image_width":null,"og_image_height":null,"og_image_custom_url":null,"og_image_custom_fields":null,"og_video":null,"og_custom_url":null,"og_article_section":null,"og_article_tags":null,"twitter_use_og":false,"twitter_card":"default","twitter_image_type":"default","twitter_image_url":null,"twitter_image_custom_url":null,"twitter_image_custom_fields":null,"twitter_title":null,"twitter_description":null,"schema":{"blockGraphs":[],"customGraphs":[],"default":{"data":{"Article":[],"Course":[],"Dataset":[],"FAQPage":[],"Movie":[],"Person":[],"Product":[],"ProductReview":[],"Car":[],"Recipe":[],"Service":[],"SoftwareApplication":[],"WebPage":[]},"graphName":"","isEnabled":true},"graphs":[]},"schema_type":"default","schema_type_options":null,"pillar_content":false,"robots_default":true,"robots_noindex":false,"robots_noarchive":false,"robots_nosnippet":false,"robots_nofollow":false,"robots_noimageindex":false,"robots_noodp":false,"robots_notranslate":false,"robots_max_snippet":null,"robots_max_videopreview":null,"robots_max_imagepreview":"large","priority":null,"frequency":null,"local_seo":null,"limit_modified_date":false,"created":"2024-04-03 08:05:13","updated":"2026-09-03 14:26:46","focus_keyword":null,"additional_keywords":null,"truseo_locale":null,"ai":null,"breadcrumb_settings":null,"seo_analyzer_scan_date":null},"aioseo_breadcrumb":"<div class=\"aioseo-breadcrumbs\"><span class=\"aioseo-breadcrumb\">\n\t\t\t<a href=\"https:\/\/www.spkatarzyna.pl\" title=\"Dom\">Dom<\/a>\n\t\t<\/span><span class=\"aioseo-breadcrumb-separator\">&raquo;<\/span><span class=\"aioseo-breadcrumb\">\n\t\t\t<a href=\"https:\/\/www.spkatarzyna.pl\/index.php\/category\/uncategorized\/\" title=\"Uncategorized\">Uncategorized<\/a>\n\t\t<\/span><span class=\"aioseo-breadcrumb-separator\">&raquo;<\/span><span class=\"aioseo-breadcrumb\">\n\t\t\tWycieczka klasy 5a i 5b\n\t\t<\/span><\/div>","aioseo_breadcrumb_json":[{"label":"Dom","link":"https:\/\/www.spkatarzyna.pl"},{"label":"Uncategorized","link":"https:\/\/www.spkatarzyna.pl\/index.php\/category\/uncategorized\/"},{"label":"Wycieczka klasy 5a i 5b","link":"https:\/\/www.spkatarzyna.pl\/index.php\/2023\/04\/28\/wycieczka-klasy-5a-i-5b\/"}],"_links":{"self":[{"href":"https:\/\/www.spkatarzyna.pl\/index.php\/wp-json\/wp\/v2\/posts\/5172","targetHints":{"allow":["GET"]}}],"collection":[{"href":"https:\/\/www.spkatarzyna.pl\/index.php\/wp-json\/wp\/v2\/posts"}],"about":[{"href":"https:\/\/www.spkatarzyna.pl\/index.php\/wp-json\/wp\/v2\/types\/post"}],"author":[{"embeddable":true,"href":"https:\/\/www.spkatarzyna.pl\/index.php\/wp-json\/wp\/v2\/users\/6"}],"replies":[{"embeddable":true,"href":"https:\/\/www.spkatarzyna.pl\/index.php\/wp-json\/wp\/v2\/comments?post=5172"}],"version-history":[{"count":5,"href":"https:\/\/www.spkatarzyna.pl\/index.php\/wp-json\/wp\/v2\/posts\/5172\/revisions"}],"predecessor-version":[{"id":5185,"href":"https:\/\/www.spkatarzyna.pl\/index.php\/wp-json\/wp\/v2\/posts\/5172\/revisions\/5185"}],"wp:featuredmedia":[{"embeddable":true,"href":"https:\/\/www.spkatarzyna.pl\/index.php\/wp-json\/wp\/v2\/media\/5173"}],"wp:attachment":[{"href":"https:\/\/www.spkatarzyna.pl\/index.php\/wp-json\/wp\/v2\/media?parent=5172"}],"wp:term":[{"taxonomy":"category","embeddable":true,"href":"https:\/\/www.spkatarzyna.pl\/index.php\/wp-json\/wp\/v2\/categories?post=5172"},{"taxonomy":"post_tag","embeddable":true,"href":"https:\/\/www.spkatarzyna.pl\/index.php\/wp-json\/wp\/v2\/tags?post=5172"}],"curies":[{"name":"wp","href":"https:\/\/api.w.org\/{rel}","templated":true}]}}