{"id":5236,"date":"2023-05-04T05:41:18","date_gmt":"2023-05-04T05:41:18","guid":{"rendered":"http:\/\/www.spkatarzyna.pl\/?p=5236"},"modified":"2023-05-04T07:52:16","modified_gmt":"2023-05-04T07:52:16","slug":"swieto-konstytucji-3-maja","status":"publish","type":"post","link":"https:\/\/www.spkatarzyna.pl\/index.php\/2023\/05\/04\/swieto-konstytucji-3-maja\/","title":{"rendered":"Apel z okazji \u015awi\u0119ta Konstytucji 3 Maja"},"content":{"rendered":"\t\t<div data-elementor-type=\"wp-post\" data-elementor-id=\"5236\" class=\"elementor elementor-5236\">\n\t\t\t\t\t\t<section class=\"elementor-section elementor-top-section elementor-element elementor-element-61ca050 elementor-section-boxed elementor-section-height-default elementor-section-height-default\" data-id=\"61ca050\" data-element_type=\"section\">\n\t\t\t\t\t\t<div class=\"elementor-container elementor-column-gap-default\">\n\t\t\t\t\t<div class=\"elementor-column elementor-col-100 elementor-top-column elementor-element elementor-element-d764245\" data-id=\"d764245\" data-element_type=\"column\">\n\t\t\t<div class=\"elementor-widget-wrap elementor-element-populated\">\n\t\t\t\t\t\t<div class=\"elementor-element elementor-element-8e5c8ec elementor-widget elementor-widget-text-editor\" data-id=\"8e5c8ec\" data-element_type=\"widget\" data-widget_type=\"text-editor.default\">\n\t\t\t\t\t\t\t\t\t<p style=\"text-align: justify;\"><span style=\"font-size: 14pt;\">28.04.2023 r. odby\u0142 si\u0119 w naszej szkole uroczysty apel z okazji rocznicy<\/span><span style=\"font-size: 14pt;\"> uchwalenia Konstytucji 3 maja. By\u0142 to pierwszy w Europie, a drugi na<\/span><span style=\"font-size: 14pt;\"> \u015bwiecie tego typu dokument. Pr\u00f3ba uratowania Rzeczypospolitej Obojga<\/span><span style=\"font-size: 14pt;\"> Narod\u00f3w przed upadkiem. Z tej okazji uczniowie klasy 6b przygotowali<\/span><span style=\"font-size: 14pt;\"> przedstawienie przypominaj\u0105ce wydarzenia sprzed ponad dwustu lat. Klasy<\/span><span style=\"font-size: 14pt;\"> 1-3 swoim wyst\u0119pem nawi\u0105za\u0142y z kolei do Dnia Flagi RP. <br \/><\/span><\/p><p><span style=\"font-size: 14pt;\">Zapraszamy\u00a0do<\/span><span style=\"font-size: 14pt;\"> obejrzenia kr\u00f3tkiej relacji z tego wydarzenia.<\/span><\/p>\t\t\t\t\t\t\t\t<\/div>\n\t\t\t\t<div class=\"elementor-element elementor-element-0c298ea elementor-widget elementor-widget-video\" data-id=\"0c298ea\" data-element_type=\"widget\" data-settings=\"{&quot;youtube_url&quot;:&quot;https:\\\/\\\/youtu.be\\\/g978ssMd518&quot;,&quot;video_type&quot;:&quot;youtube&quot;,&quot;controls&quot;:&quot;yes&quot;}\" data-widget_type=\"video.default\">\n\t\t\t\t\t\t\t<div class=\"elementor-wrapper elementor-open-inline\">\n\t\t\t<div class=\"elementor-video\"><\/div>\t\t<\/div>\n\t\t\t\t\t\t<\/div>\n\t\t\t\t\t<\/div>\n\t\t<\/div>\n\t\t\t\t\t<\/div>\n\t\t<\/section>\n\t\t\t\t<\/div>\n\t\t","protected":false},"excerpt":{"rendered":"<p>28.04.2023 r. odby\u0142 si\u0119 w naszej szkole uroczysty apel z okazji rocznicy uchwalenia Konstytucji 3 maja. By\u0142 to pierwszy w Europie, a drugi na \u015bwiecie tego typu dokument. Pr\u00f3ba uratowania Rzeczypospolitej Obojga Narod\u00f3w przed upadkiem. Z tej okazji uczniowie klasy 6b przygotowali przedstawienie przypominaj\u0105ce wydarzenia sprzed ponad dwustu lat. Klasy [&hellip;]<\/p>\n","protected":false},"author":6,"featured_media":5237,"comment_status":"open","ping_status":"open","sticky":false,"template":"","format":"standard","meta":{"om_disable_all_campaigns":false,"_monsterinsights_skip_tracking":false,"ngg_post_thumbnail":0,"footnotes":""},"categories":[1],"tags":[],"class_list":["post-5236","post","type-post","status-publish","format-standard","has-post-thumbnail","hentry","category-uncategorized"],"aioseo_notices":[],"aioseo_head":"\n\t\t<!-- All in One SEO 5.0.1.1 - aioseo.com -->\n\t<meta name=\"description\" content=\"28.04.2023 r. odby\u0142 si\u0119 w naszej szkole uroczysty apel z okazji rocznicy uchwalenia Konstytucji 3 maja. By\u0142 to pierwszy w Europie, a drugi na \u015bwiecie tego typu dokument. Pr\u00f3ba uratowania Rzeczypospolitej Obojga Narod\u00f3w przed upadkiem. Z tej okazji uczniowie klasy 6b przygotowali przedstawienie przypominaj\u0105ce wydarzenia sprzed ponad dwustu lat. Klasy 1-3 swoim wyst\u0119pem nawi\u0105za\u0142y z\" \/>\n\t<meta name=\"robots\" content=\"max-image-preview:large\" \/>\n\t<meta name=\"author\" content=\"Redakcja\"\/>\n\t<link rel=\"canonical\" href=\"https:\/\/www.spkatarzyna.pl\/index.php\/2023\/05\/04\/swieto-konstytucji-3-maja\/\" \/>\n\t<meta name=\"generator\" content=\"All in One SEO (AIOSEO) 5.0.1.1\" \/>\n\t\t<meta property=\"og:locale\" content=\"pl_PL\" \/>\n\t\t<meta property=\"og:site_name\" content=\"SP Katarzyna - Publiczna Szko\u0142a Podstawowa w \u015awi\u0119tej Katarzynie\" \/>\n\t\t<meta property=\"og:type\" content=\"article\" \/>\n\t\t<meta property=\"og:title\" content=\"Apel z okazji \u015awi\u0119ta Konstytucji 3 Maja - SP Katarzyna\" \/>\n\t\t<meta property=\"og:description\" content=\"28.04.2023 r. odby\u0142 si\u0119 w naszej szkole uroczysty apel z okazji rocznicy uchwalenia Konstytucji 3 maja. By\u0142 to pierwszy w Europie, a drugi na \u015bwiecie tego typu dokument. Pr\u00f3ba uratowania Rzeczypospolitej Obojga Narod\u00f3w przed upadkiem. Z tej okazji uczniowie klasy 6b przygotowali przedstawienie przypominaj\u0105ce wydarzenia sprzed ponad dwustu lat. Klasy 1-3 swoim wyst\u0119pem nawi\u0105za\u0142y z\" \/>\n\t\t<meta property=\"og:url\" content=\"https:\/\/www.spkatarzyna.pl\/index.php\/2023\/05\/04\/swieto-konstytucji-3-maja\/\" \/>\n\t\t<meta property=\"article:published_time\" content=\"2023-05-04T05:41:18+00:00\" \/>\n\t\t<meta property=\"article:modified_time\" content=\"2023-05-04T07:52:16+00:00\" \/>\n\t\t<meta name=\"twitter:card\" content=\"summary_large_image\" \/>\n\t\t<meta name=\"twitter:title\" content=\"Apel z okazji \u015awi\u0119ta Konstytucji 3 Maja - SP Katarzyna\" \/>\n\t\t<meta name=\"twitter:description\" content=\"28.04.2023 r. odby\u0142 si\u0119 w naszej szkole uroczysty apel z okazji rocznicy uchwalenia Konstytucji 3 maja. By\u0142 to pierwszy w Europie, a drugi na \u015bwiecie tego typu dokument. Pr\u00f3ba uratowania Rzeczypospolitej Obojga Narod\u00f3w przed upadkiem. Z tej okazji uczniowie klasy 6b przygotowali przedstawienie przypominaj\u0105ce wydarzenia sprzed ponad dwustu lat. Klasy 1-3 swoim wyst\u0119pem nawi\u0105za\u0142y z\" \/>\n\t\t<script type=\"application\/ld+json\" class=\"aioseo-schema\">\n\t\t\t{\"@context\":\"https:\\\/\\\/schema.org\",\"@graph\":[{\"@type\":\"BlogPosting\",\"@id\":\"https:\\\/\\\/www.spkatarzyna.pl\\\/index.php\\\/2023\\\/05\\\/04\\\/swieto-konstytucji-3-maja\\\/#blogposting\",\"name\":\"Apel z okazji \\u015awi\\u0119ta Konstytucji 3 Maja - SP Katarzyna\",\"headline\":\"Apel z okazji \\u015awi\\u0119ta Konstytucji 3 Maja\",\"author\":{\"@id\":\"https:\\\/\\\/www.spkatarzyna.pl\\\/index.php\\\/author\\\/agatasafianspkatarzyna-pl\\\/#author\"},\"publisher\":{\"@id\":\"https:\\\/\\\/www.spkatarzyna.pl\\\/#organization\"},\"image\":{\"@type\":\"ImageObject\",\"url\":\"https:\\\/\\\/www.spkatarzyna.pl\\\/wp-content\\\/uploads\\\/2023\\\/05\\\/PHOTO-2023-04-28-11-30-051.jpg\",\"width\":360,\"height\":202},\"datePublished\":\"2023-05-04T05:41:18+02:00\",\"dateModified\":\"2023-05-04T07:52:16+02:00\",\"inLanguage\":\"pl-PL\",\"mainEntityOfPage\":{\"@id\":\"https:\\\/\\\/www.spkatarzyna.pl\\\/index.php\\\/2023\\\/05\\\/04\\\/swieto-konstytucji-3-maja\\\/#webpage\"},\"isPartOf\":{\"@id\":\"https:\\\/\\\/www.spkatarzyna.pl\\\/index.php\\\/2023\\\/05\\\/04\\\/swieto-konstytucji-3-maja\\\/#webpage\"},\"articleSection\":\"Uncategorized\"},{\"@type\":\"BreadcrumbList\",\"@id\":\"https:\\\/\\\/www.spkatarzyna.pl\\\/index.php\\\/2023\\\/05\\\/04\\\/swieto-konstytucji-3-maja\\\/#breadcrumblist\",\"itemListElement\":[{\"@type\":\"ListItem\",\"@id\":\"https:\\\/\\\/www.spkatarzyna.pl#listItem\",\"position\":1,\"name\":\"Dom\",\"item\":\"https:\\\/\\\/www.spkatarzyna.pl\",\"nextItem\":{\"@type\":\"ListItem\",\"@id\":\"https:\\\/\\\/www.spkatarzyna.pl\\\/index.php\\\/category\\\/uncategorized\\\/#listItem\",\"name\":\"Uncategorized\"}},{\"@type\":\"ListItem\",\"@id\":\"https:\\\/\\\/www.spkatarzyna.pl\\\/index.php\\\/category\\\/uncategorized\\\/#listItem\",\"position\":2,\"name\":\"Uncategorized\",\"item\":\"https:\\\/\\\/www.spkatarzyna.pl\\\/index.php\\\/category\\\/uncategorized\\\/\",\"nextItem\":{\"@type\":\"ListItem\",\"@id\":\"https:\\\/\\\/www.spkatarzyna.pl\\\/index.php\\\/2023\\\/05\\\/04\\\/swieto-konstytucji-3-maja\\\/#listItem\",\"name\":\"Apel z okazji \\u015awi\\u0119ta Konstytucji 3 Maja\"},\"previousItem\":{\"@type\":\"ListItem\",\"@id\":\"https:\\\/\\\/www.spkatarzyna.pl#listItem\",\"name\":\"Dom\"}},{\"@type\":\"ListItem\",\"@id\":\"https:\\\/\\\/www.spkatarzyna.pl\\\/index.php\\\/2023\\\/05\\\/04\\\/swieto-konstytucji-3-maja\\\/#listItem\",\"position\":3,\"name\":\"Apel z okazji \\u015awi\\u0119ta Konstytucji 3 Maja\",\"previousItem\":{\"@type\":\"ListItem\",\"@id\":\"https:\\\/\\\/www.spkatarzyna.pl\\\/index.php\\\/category\\\/uncategorized\\\/#listItem\",\"name\":\"Uncategorized\"}}]},{\"@type\":\"Organization\",\"@id\":\"https:\\\/\\\/www.spkatarzyna.pl\\\/#organization\",\"name\":\"SP Katarzyna\",\"description\":\"Publiczna Szko\\u0142a Podstawowa w \\u015awi\\u0119tej Katarzynie\",\"url\":\"https:\\\/\\\/www.spkatarzyna.pl\\\/\",\"telephone\":\"+48713116378\",\"sameAs\":[\"https:\\\/\\\/facebook.com\\\/\",\"https:\\\/\\\/x.com\\\/\",\"https:\\\/\\\/instagram.com\\\/\",\"https:\\\/\\\/pinterest.com\\\/\",\"https:\\\/\\\/youtube.com\\\/\",\"https:\\\/\\\/linkedin.com\\\/in\\\/\"]},{\"@type\":\"Person\",\"@id\":\"https:\\\/\\\/www.spkatarzyna.pl\\\/index.php\\\/author\\\/agatasafianspkatarzyna-pl\\\/#author\",\"url\":\"https:\\\/\\\/www.spkatarzyna.pl\\\/index.php\\\/author\\\/agatasafianspkatarzyna-pl\\\/\",\"name\":\"Redakcja\",\"image\":{\"@type\":\"ImageObject\",\"@id\":\"https:\\\/\\\/www.spkatarzyna.pl\\\/index.php\\\/2023\\\/05\\\/04\\\/swieto-konstytucji-3-maja\\\/#authorImage\",\"url\":\"https:\\\/\\\/secure.gravatar.com\\\/avatar\\\/765290513df94d442152250e92b42327?s=96&d=mm&r=g\",\"width\":96,\"height\":96,\"caption\":\"Redakcja\"}},{\"@type\":\"WebPage\",\"@id\":\"https:\\\/\\\/www.spkatarzyna.pl\\\/index.php\\\/2023\\\/05\\\/04\\\/swieto-konstytucji-3-maja\\\/#webpage\",\"url\":\"https:\\\/\\\/www.spkatarzyna.pl\\\/index.php\\\/2023\\\/05\\\/04\\\/swieto-konstytucji-3-maja\\\/\",\"name\":\"Apel z okazji \\u015awi\\u0119ta Konstytucji 3 Maja - SP Katarzyna\",\"description\":\"28.04.2023 r. odby\\u0142 si\\u0119 w naszej szkole uroczysty apel z okazji rocznicy uchwalenia Konstytucji 3 maja. By\\u0142 to pierwszy w Europie, a drugi na \\u015bwiecie tego typu dokument. Pr\\u00f3ba uratowania Rzeczypospolitej Obojga Narod\\u00f3w przed upadkiem. Z tej okazji uczniowie klasy 6b przygotowali przedstawienie przypominaj\\u0105ce wydarzenia sprzed ponad dwustu lat. Klasy 1-3 swoim wyst\\u0119pem nawi\\u0105za\\u0142y z\",\"inLanguage\":\"pl-PL\",\"isPartOf\":{\"@id\":\"https:\\\/\\\/www.spkatarzyna.pl\\\/#website\"},\"breadcrumb\":{\"@id\":\"https:\\\/\\\/www.spkatarzyna.pl\\\/index.php\\\/2023\\\/05\\\/04\\\/swieto-konstytucji-3-maja\\\/#breadcrumblist\"},\"author\":{\"@id\":\"https:\\\/\\\/www.spkatarzyna.pl\\\/index.php\\\/author\\\/agatasafianspkatarzyna-pl\\\/#author\"},\"creator\":{\"@id\":\"https:\\\/\\\/www.spkatarzyna.pl\\\/index.php\\\/author\\\/agatasafianspkatarzyna-pl\\\/#author\"},\"image\":{\"@type\":\"ImageObject\",\"url\":\"https:\\\/\\\/www.spkatarzyna.pl\\\/wp-content\\\/uploads\\\/2023\\\/05\\\/PHOTO-2023-04-28-11-30-051.jpg\",\"@id\":\"https:\\\/\\\/www.spkatarzyna.pl\\\/index.php\\\/2023\\\/05\\\/04\\\/swieto-konstytucji-3-maja\\\/#mainImage\",\"width\":360,\"height\":202},\"primaryImageOfPage\":{\"@id\":\"https:\\\/\\\/www.spkatarzyna.pl\\\/index.php\\\/2023\\\/05\\\/04\\\/swieto-konstytucji-3-maja\\\/#mainImage\"},\"datePublished\":\"2023-05-04T05:41:18+02:00\",\"dateModified\":\"2023-05-04T07:52:16+02:00\"},{\"@type\":\"WebSite\",\"@id\":\"https:\\\/\\\/www.spkatarzyna.pl\\\/#website\",\"url\":\"https:\\\/\\\/www.spkatarzyna.pl\\\/\",\"name\":\"SP Katarzyna\",\"description\":\"Publiczna Szko\\u0142a Podstawowa w \\u015awi\\u0119tej Katarzynie\",\"inLanguage\":\"pl-PL\",\"publisher\":{\"@id\":\"https:\\\/\\\/www.spkatarzyna.pl\\\/#organization\"}}]}\n\t\t<\/script>\n\t\t<!-- All in One SEO -->\n\n","aioseo_head_json":{"title":"Apel z okazji \u015awi\u0119ta Konstytucji 3 Maja - SP Katarzyna","description":"28.04.2023 r. odby\u0142 si\u0119 w naszej szkole uroczysty apel z okazji rocznicy uchwalenia Konstytucji 3 maja. By\u0142 to pierwszy w Europie, a drugi na \u015bwiecie tego typu dokument. Pr\u00f3ba uratowania Rzeczypospolitej Obojga Narod\u00f3w przed upadkiem. Z tej okazji uczniowie klasy 6b przygotowali przedstawienie przypominaj\u0105ce wydarzenia sprzed ponad dwustu lat. Klasy 1-3 swoim wyst\u0119pem nawi\u0105za\u0142y z","canonical_url":"https:\/\/www.spkatarzyna.pl\/index.php\/2023\/05\/04\/swieto-konstytucji-3-maja\/","robots":"max-image-preview:large","keywords":"","webmasterTools":{"miscellaneous":""},"schema":{"@context":"https:\/\/schema.org","@graph":[{"@type":"BlogPosting","@id":"https:\/\/www.spkatarzyna.pl\/index.php\/2023\/05\/04\/swieto-konstytucji-3-maja\/#blogposting","name":"Apel z okazji \u015awi\u0119ta Konstytucji 3 Maja - SP Katarzyna","headline":"Apel z okazji \u015awi\u0119ta Konstytucji 3 Maja","author":{"@id":"https:\/\/www.spkatarzyna.pl\/index.php\/author\/agatasafianspkatarzyna-pl\/#author"},"publisher":{"@id":"https:\/\/www.spkatarzyna.pl\/#organization"},"image":{"@type":"ImageObject","url":"https:\/\/www.spkatarzyna.pl\/wp-content\/uploads\/2023\/05\/PHOTO-2023-04-28-11-30-051.jpg","width":360,"height":202},"datePublished":"2023-05-04T05:41:18+02:00","dateModified":"2023-05-04T07:52:16+02:00","inLanguage":"pl-PL","mainEntityOfPage":{"@id":"https:\/\/www.spkatarzyna.pl\/index.php\/2023\/05\/04\/swieto-konstytucji-3-maja\/#webpage"},"isPartOf":{"@id":"https:\/\/www.spkatarzyna.pl\/index.php\/2023\/05\/04\/swieto-konstytucji-3-maja\/#webpage"},"articleSection":"Uncategorized"},{"@type":"BreadcrumbList","@id":"https:\/\/www.spkatarzyna.pl\/index.php\/2023\/05\/04\/swieto-konstytucji-3-maja\/#breadcrumblist","itemListElement":[{"@type":"ListItem","@id":"https:\/\/www.spkatarzyna.pl#listItem","position":1,"name":"Dom","item":"https:\/\/www.spkatarzyna.pl","nextItem":{"@type":"ListItem","@id":"https:\/\/www.spkatarzyna.pl\/index.php\/category\/uncategorized\/#listItem","name":"Uncategorized"}},{"@type":"ListItem","@id":"https:\/\/www.spkatarzyna.pl\/index.php\/category\/uncategorized\/#listItem","position":2,"name":"Uncategorized","item":"https:\/\/www.spkatarzyna.pl\/index.php\/category\/uncategorized\/","nextItem":{"@type":"ListItem","@id":"https:\/\/www.spkatarzyna.pl\/index.php\/2023\/05\/04\/swieto-konstytucji-3-maja\/#listItem","name":"Apel z okazji \u015awi\u0119ta Konstytucji 3 Maja"},"previousItem":{"@type":"ListItem","@id":"https:\/\/www.spkatarzyna.pl#listItem","name":"Dom"}},{"@type":"ListItem","@id":"https:\/\/www.spkatarzyna.pl\/index.php\/2023\/05\/04\/swieto-konstytucji-3-maja\/#listItem","position":3,"name":"Apel z okazji \u015awi\u0119ta Konstytucji 3 Maja","previousItem":{"@type":"ListItem","@id":"https:\/\/www.spkatarzyna.pl\/index.php\/category\/uncategorized\/#listItem","name":"Uncategorized"}}]},{"@type":"Organization","@id":"https:\/\/www.spkatarzyna.pl\/#organization","name":"SP Katarzyna","description":"Publiczna Szko\u0142a Podstawowa w \u015awi\u0119tej Katarzynie","url":"https:\/\/www.spkatarzyna.pl\/","telephone":"+48713116378","sameAs":["https:\/\/facebook.com\/","https:\/\/x.com\/","https:\/\/instagram.com\/","https:\/\/pinterest.com\/","https:\/\/youtube.com\/","https:\/\/linkedin.com\/in\/"]},{"@type":"Person","@id":"https:\/\/www.spkatarzyna.pl\/index.php\/author\/agatasafianspkatarzyna-pl\/#author","url":"https:\/\/www.spkatarzyna.pl\/index.php\/author\/agatasafianspkatarzyna-pl\/","name":"Redakcja","image":{"@type":"ImageObject","@id":"https:\/\/www.spkatarzyna.pl\/index.php\/2023\/05\/04\/swieto-konstytucji-3-maja\/#authorImage","url":"https:\/\/secure.gravatar.com\/avatar\/765290513df94d442152250e92b42327?s=96&d=mm&r=g","width":96,"height":96,"caption":"Redakcja"}},{"@type":"WebPage","@id":"https:\/\/www.spkatarzyna.pl\/index.php\/2023\/05\/04\/swieto-konstytucji-3-maja\/#webpage","url":"https:\/\/www.spkatarzyna.pl\/index.php\/2023\/05\/04\/swieto-konstytucji-3-maja\/","name":"Apel z okazji \u015awi\u0119ta Konstytucji 3 Maja - SP Katarzyna","description":"28.04.2023 r. odby\u0142 si\u0119 w naszej szkole uroczysty apel z okazji rocznicy uchwalenia Konstytucji 3 maja. By\u0142 to pierwszy w Europie, a drugi na \u015bwiecie tego typu dokument. Pr\u00f3ba uratowania Rzeczypospolitej Obojga Narod\u00f3w przed upadkiem. Z tej okazji uczniowie klasy 6b przygotowali przedstawienie przypominaj\u0105ce wydarzenia sprzed ponad dwustu lat. Klasy 1-3 swoim wyst\u0119pem nawi\u0105za\u0142y z","inLanguage":"pl-PL","isPartOf":{"@id":"https:\/\/www.spkatarzyna.pl\/#website"},"breadcrumb":{"@id":"https:\/\/www.spkatarzyna.pl\/index.php\/2023\/05\/04\/swieto-konstytucji-3-maja\/#breadcrumblist"},"author":{"@id":"https:\/\/www.spkatarzyna.pl\/index.php\/author\/agatasafianspkatarzyna-pl\/#author"},"creator":{"@id":"https:\/\/www.spkatarzyna.pl\/index.php\/author\/agatasafianspkatarzyna-pl\/#author"},"image":{"@type":"ImageObject","url":"https:\/\/www.spkatarzyna.pl\/wp-content\/uploads\/2023\/05\/PHOTO-2023-04-28-11-30-051.jpg","@id":"https:\/\/www.spkatarzyna.pl\/index.php\/2023\/05\/04\/swieto-konstytucji-3-maja\/#mainImage","width":360,"height":202},"primaryImageOfPage":{"@id":"https:\/\/www.spkatarzyna.pl\/index.php\/2023\/05\/04\/swieto-konstytucji-3-maja\/#mainImage"},"datePublished":"2023-05-04T05:41:18+02:00","dateModified":"2023-05-04T07:52:16+02:00"},{"@type":"WebSite","@id":"https:\/\/www.spkatarzyna.pl\/#website","url":"https:\/\/www.spkatarzyna.pl\/","name":"SP Katarzyna","description":"Publiczna Szko\u0142a Podstawowa w \u015awi\u0119tej Katarzynie","inLanguage":"pl-PL","publisher":{"@id":"https:\/\/www.spkatarzyna.pl\/#organization"}}]},"og:locale":"pl_PL","og:site_name":"SP Katarzyna - Publiczna Szko\u0142a Podstawowa w \u015awi\u0119tej Katarzynie","og:type":"article","og:title":"Apel z okazji \u015awi\u0119ta Konstytucji 3 Maja - SP Katarzyna","og:description":"28.04.2023 r. odby\u0142 si\u0119 w naszej szkole uroczysty apel z okazji rocznicy uchwalenia Konstytucji 3 maja. By\u0142 to pierwszy w Europie, a drugi na \u015bwiecie tego typu dokument. Pr\u00f3ba uratowania Rzeczypospolitej Obojga Narod\u00f3w przed upadkiem. Z tej okazji uczniowie klasy 6b przygotowali przedstawienie przypominaj\u0105ce wydarzenia sprzed ponad dwustu lat. Klasy 1-3 swoim wyst\u0119pem nawi\u0105za\u0142y z","og:url":"https:\/\/www.spkatarzyna.pl\/index.php\/2023\/05\/04\/swieto-konstytucji-3-maja\/","article:published_time":"2023-05-04T05:41:18+00:00","article:modified_time":"2023-05-04T07:52:16+00:00","twitter:card":"summary_large_image","twitter:title":"Apel z okazji \u015awi\u0119ta Konstytucji 3 Maja - SP Katarzyna","twitter:description":"28.04.2023 r. odby\u0142 si\u0119 w naszej szkole uroczysty apel z okazji rocznicy uchwalenia Konstytucji 3 maja. By\u0142 to pierwszy w Europie, a drugi na \u015bwiecie tego typu dokument. Pr\u00f3ba uratowania Rzeczypospolitej Obojga Narod\u00f3w przed upadkiem. Z tej okazji uczniowie klasy 6b przygotowali przedstawienie przypominaj\u0105ce wydarzenia sprzed ponad dwustu lat. Klasy 1-3 swoim wyst\u0119pem nawi\u0105za\u0142y z"},"aioseo_meta_data":{"post_id":"5236","title":null,"description":null,"keywords":null,"keyphrases":null,"primary_term":null,"canonical_url":null,"og_title":null,"og_description":null,"og_object_type":"default","og_image_type":"default","og_image_url":null,"og_image_width":null,"og_image_height":null,"og_image_custom_url":null,"og_image_custom_fields":null,"og_video":null,"og_custom_url":null,"og_article_section":null,"og_article_tags":null,"twitter_use_og":false,"twitter_card":"default","twitter_image_type":"default","twitter_image_url":null,"twitter_image_custom_url":null,"twitter_image_custom_fields":null,"twitter_title":null,"twitter_description":null,"schema":{"blockGraphs":[],"customGraphs":[],"default":{"data":{"Article":[],"Course":[],"Dataset":[],"FAQPage":[],"Movie":[],"Person":[],"Product":[],"ProductReview":[],"Car":[],"Recipe":[],"Service":[],"SoftwareApplication":[],"WebPage":[]},"graphName":"","isEnabled":true},"graphs":[]},"schema_type":"default","schema_type_options":null,"pillar_content":false,"robots_default":true,"robots_noindex":false,"robots_noarchive":false,"robots_nosnippet":false,"robots_nofollow":false,"robots_noimageindex":false,"robots_noodp":false,"robots_notranslate":false,"robots_max_snippet":null,"robots_max_videopreview":null,"robots_max_imagepreview":"large","priority":null,"frequency":null,"local_seo":null,"limit_modified_date":false,"created":"2024-04-03 08:05:13","updated":"2026-09-03 14:32:17","focus_keyword":null,"additional_keywords":null,"truseo_locale":null,"ai":null,"breadcrumb_settings":null,"seo_analyzer_scan_date":null},"aioseo_breadcrumb":"<div class=\"aioseo-breadcrumbs\"><span class=\"aioseo-breadcrumb\">\n\t\t\t<a href=\"https:\/\/www.spkatarzyna.pl\" title=\"Dom\">Dom<\/a>\n\t\t<\/span><span class=\"aioseo-breadcrumb-separator\">&raquo;<\/span><span class=\"aioseo-breadcrumb\">\n\t\t\t<a href=\"https:\/\/www.spkatarzyna.pl\/index.php\/category\/uncategorized\/\" title=\"Uncategorized\">Uncategorized<\/a>\n\t\t<\/span><span class=\"aioseo-breadcrumb-separator\">&raquo;<\/span><span class=\"aioseo-breadcrumb\">\n\t\t\tApel z okazji \u015awi\u0119ta Konstytucji 3 Maja\n\t\t<\/span><\/div>","aioseo_breadcrumb_json":[{"label":"Dom","link":"https:\/\/www.spkatarzyna.pl"},{"label":"Uncategorized","link":"https:\/\/www.spkatarzyna.pl\/index.php\/category\/uncategorized\/"},{"label":"Apel z okazji \u015awi\u0119ta Konstytucji 3 Maja","link":"https:\/\/www.spkatarzyna.pl\/index.php\/2023\/05\/04\/swieto-konstytucji-3-maja\/"}],"_links":{"self":[{"href":"https:\/\/www.spkatarzyna.pl\/index.php\/wp-json\/wp\/v2\/posts\/5236","targetHints":{"allow":["GET"]}}],"collection":[{"href":"https:\/\/www.spkatarzyna.pl\/index.php\/wp-json\/wp\/v2\/posts"}],"about":[{"href":"https:\/\/www.spkatarzyna.pl\/index.php\/wp-json\/wp\/v2\/types\/post"}],"author":[{"embeddable":true,"href":"https:\/\/www.spkatarzyna.pl\/index.php\/wp-json\/wp\/v2\/users\/6"}],"replies":[{"embeddable":true,"href":"https:\/\/www.spkatarzyna.pl\/index.php\/wp-json\/wp\/v2\/comments?post=5236"}],"version-history":[{"count":17,"href":"https:\/\/www.spkatarzyna.pl\/index.php\/wp-json\/wp\/v2\/posts\/5236\/revisions"}],"predecessor-version":[{"id":5256,"href":"https:\/\/www.spkatarzyna.pl\/index.php\/wp-json\/wp\/v2\/posts\/5236\/revisions\/5256"}],"wp:featuredmedia":[{"embeddable":true,"href":"https:\/\/www.spkatarzyna.pl\/index.php\/wp-json\/wp\/v2\/media\/5237"}],"wp:attachment":[{"href":"https:\/\/www.spkatarzyna.pl\/index.php\/wp-json\/wp\/v2\/media?parent=5236"}],"wp:term":[{"taxonomy":"category","embeddable":true,"href":"https:\/\/www.spkatarzyna.pl\/index.php\/wp-json\/wp\/v2\/categories?post=5236"},{"taxonomy":"post_tag","embeddable":true,"href":"https:\/\/www.spkatarzyna.pl\/index.php\/wp-json\/wp\/v2\/tags?post=5236"}],"curies":[{"name":"wp","href":"https:\/\/api.w.org\/{rel}","templated":true}]}}