{"id":5295,"date":"2023-05-05T13:09:27","date_gmt":"2023-05-05T13:09:27","guid":{"rendered":"http:\/\/www.spkatarzyna.pl\/?p=5295"},"modified":"2023-05-05T14:53:17","modified_gmt":"2023-05-05T14:53:17","slug":"sukces-ucznia-w-ogolnopolskim-konkursie","status":"publish","type":"post","link":"https:\/\/www.spkatarzyna.pl\/index.php\/2023\/05\/05\/sukces-ucznia-w-ogolnopolskim-konkursie\/","title":{"rendered":"Sukces ucznia w og\u00f3lnopolskim konkursie"},"content":{"rendered":"\t\t<div data-elementor-type=\"wp-post\" data-elementor-id=\"5295\" class=\"elementor elementor-5295\">\n\t\t\t\t\t\t<section class=\"elementor-section elementor-top-section elementor-element elementor-element-37e377c0 elementor-section-boxed elementor-section-height-default elementor-section-height-default\" data-id=\"37e377c0\" data-element_type=\"section\">\n\t\t\t\t\t\t<div class=\"elementor-container elementor-column-gap-default\">\n\t\t\t\t\t<div class=\"elementor-column elementor-col-100 elementor-top-column elementor-element elementor-element-7b86b60f\" data-id=\"7b86b60f\" data-element_type=\"column\">\n\t\t\t<div class=\"elementor-widget-wrap elementor-element-populated\">\n\t\t\t\t\t\t<div class=\"elementor-element elementor-element-2987f472 elementor-widget elementor-widget-text-editor\" data-id=\"2987f472\" data-element_type=\"widget\" data-widget_type=\"text-editor.default\">\n\t\t\t\t\t\t\t\t\t<p style=\"text-align: justify;\"><span style=\"font-size: 14pt;\">Informujemy, \u017ce ucze\u0144 naszej szko\u0142y\u00a0 Julian Kowalski\u00a0 zaj\u0105\u0142 6 miejsce w og\u00f3lnopolskim konkursie plastycznym pod has\u0142em \u201cWiosna ach to ty\u201d organizowanym\u00a0 pod patronatem Gubernatora Okr\u0119gu 121 Polska Lions Klub International. Fina\u0142 konkursu odby\u0142 si\u0119 18.03.2023 we Wroc\u0142awiu w ramach organizowanego Forum Lion\u00f3w. Szko\u0142a wsp\u00f3\u0142pracuje z Klubem FC Wroc\u0142aw Wratislavia, kt\u00f3ry by\u0142 reprezentowany przez ucznia. Nagrody zosta\u0142y wr\u0119czone przez pani\u0105 El\u017cbiet\u0119 \u015awiech Przedstawicielk\u0119 Klubu Lion Wroc\u0142aw, Przewodnicz\u0105c\u0105 Komisji O\u015bwiaty, Kultury i Pomocy Spo\u0142ecznej Gminy Siechnice oraz pani\u0105 Jolant\u0119 Przybytniowsk\u0105 Dyrektor Publicznej Szko\u0142y Podstawowej w \u015awi\u0119tej Katarzynie.<br \/><\/span><\/p><p style=\"text-align: justify;\"><span style=\"font-size: 14pt;\">Wi\u0119cej informacji na stronie: <a href=\"https:\/\/www.polski-lion.pl\/kwiecie-2022\/articles?m=53040&amp;i=787962&amp;view=articleBrowser&amp;article_id=4550054&amp;ver=html5\">link<\/a><\/span><\/p><p style=\"text-align: justify;\"><span style=\"font-size: 14pt;\">Serdecznie gratulujemy i \u017cyczymy dalszych sukces\u00f3w.<\/span><\/p>\t\t\t\t\t\t\t\t<\/div>\n\t\t\t\t\t<\/div>\n\t\t<\/div>\n\t\t\t\t\t<\/div>\n\t\t<\/section>\n\t\t\t\t<section class=\"elementor-section elementor-top-section elementor-element elementor-element-6691806 elementor-section-boxed elementor-section-height-default elementor-section-height-default\" data-id=\"6691806\" data-element_type=\"section\">\n\t\t\t\t\t\t<div class=\"elementor-container elementor-column-gap-default\">\n\t\t\t\t\t<div class=\"elementor-column elementor-col-100 elementor-top-column elementor-element elementor-element-734ddf2\" data-id=\"734ddf2\" data-element_type=\"column\">\n\t\t\t<div class=\"elementor-widget-wrap elementor-element-populated\">\n\t\t\t\t\t\t<div class=\"elementor-element elementor-element-b4a2ab9 elementor-widget elementor-widget-image\" data-id=\"b4a2ab9\" data-element_type=\"widget\" data-widget_type=\"image.default\">\n\t\t\t\t\t\t\t\t\t\t\t\t<figure class=\"wp-caption\">\n\t\t\t\t\t\t\t\t\t\t<img decoding=\"async\" width=\"160\" height=\"235\" src=\"https:\/\/www.spkatarzyna.pl\/wp-content\/uploads\/2023\/05\/praca.jpg\" class=\"attachment-large size-large wp-image-5298\" alt=\"\" \/>\t\t\t\t\t\t\t\t\t\t\t<figcaption class=\"widget-image-caption wp-caption-text\">Praca konkursowa Juliana Kowalskiego<\/figcaption>\n\t\t\t\t\t\t\t\t\t\t<\/figure>\n\t\t\t\t\t\t\t\t\t<\/div>\n\t\t\t\t\t<\/div>\n\t\t<\/div>\n\t\t\t\t\t<\/div>\n\t\t<\/section>\n\t\t\t\t<\/div>\n\t\t","protected":false},"excerpt":{"rendered":"<p>Informujemy, \u017ce ucze\u0144 naszej szko\u0142y\u00a0 Julian Kowalski\u00a0 zaj\u0105\u0142 6 miejsce w og\u00f3lnopolskim konkursie plastycznym pod has\u0142em \u201cWiosna ach to ty\u201d organizowanym\u00a0 pod patronatem Gubernatora Okr\u0119gu 121 Polska Lions Klub International. Fina\u0142 konkursu odby\u0142 si\u0119 18.03.2023 we Wroc\u0142awiu w ramach organizowanego Forum Lion\u00f3w. Szko\u0142a wsp\u00f3\u0142pracuje z Klubem FC Wroc\u0142aw Wratislavia, kt\u00f3ry [&hellip;]<\/p>\n","protected":false},"author":6,"featured_media":5296,"comment_status":"open","ping_status":"open","sticky":false,"template":"","format":"standard","meta":{"om_disable_all_campaigns":false,"_monsterinsights_skip_tracking":false,"ngg_post_thumbnail":0,"footnotes":""},"categories":[1],"tags":[],"class_list":["post-5295","post","type-post","status-publish","format-standard","has-post-thumbnail","hentry","category-uncategorized"],"aioseo_notices":[],"aioseo_head":"\n\t\t<!-- All in One SEO 5.0.1.1 - aioseo.com -->\n\t<meta name=\"description\" content=\"Informujemy, \u017ce ucze\u0144 naszej szko\u0142y Julian Kowalski zaj\u0105\u0142 6 miejsce w og\u00f3lnopolskim konkursie plastycznym pod has\u0142em \u201cWiosna ach to ty\u201d organizowanym pod patronatem Gubernatora Okr\u0119gu 121 Polska Lions Klub International. Fina\u0142 konkursu odby\u0142 si\u0119 18.03.2023 we Wroc\u0142awiu w ramach organizowanego Forum Lion\u00f3w. Szko\u0142a wsp\u00f3\u0142pracuje z Klubem FC Wroc\u0142aw Wratislavia, kt\u00f3ry by\u0142 reprezentowany przez ucznia. Nagrody\" \/>\n\t<meta name=\"robots\" content=\"max-image-preview:large\" \/>\n\t<meta name=\"author\" content=\"Redakcja\"\/>\n\t<link rel=\"canonical\" href=\"https:\/\/www.spkatarzyna.pl\/index.php\/2023\/05\/05\/sukces-ucznia-w-ogolnopolskim-konkursie\/\" \/>\n\t<meta name=\"generator\" content=\"All in One SEO (AIOSEO) 5.0.1.1\" \/>\n\t\t<meta property=\"og:locale\" content=\"pl_PL\" \/>\n\t\t<meta property=\"og:site_name\" content=\"SP Katarzyna - Publiczna Szko\u0142a Podstawowa w \u015awi\u0119tej Katarzynie\" \/>\n\t\t<meta property=\"og:type\" content=\"article\" \/>\n\t\t<meta property=\"og:title\" content=\"Sukces ucznia w og\u00f3lnopolskim konkursie - SP Katarzyna\" \/>\n\t\t<meta property=\"og:description\" content=\"Informujemy, \u017ce ucze\u0144 naszej szko\u0142y Julian Kowalski zaj\u0105\u0142 6 miejsce w og\u00f3lnopolskim konkursie plastycznym pod has\u0142em \u201cWiosna ach to ty\u201d organizowanym pod patronatem Gubernatora Okr\u0119gu 121 Polska Lions Klub International. Fina\u0142 konkursu odby\u0142 si\u0119 18.03.2023 we Wroc\u0142awiu w ramach organizowanego Forum Lion\u00f3w. Szko\u0142a wsp\u00f3\u0142pracuje z Klubem FC Wroc\u0142aw Wratislavia, kt\u00f3ry by\u0142 reprezentowany przez ucznia. Nagrody\" \/>\n\t\t<meta property=\"og:url\" content=\"https:\/\/www.spkatarzyna.pl\/index.php\/2023\/05\/05\/sukces-ucznia-w-ogolnopolskim-konkursie\/\" \/>\n\t\t<meta property=\"article:published_time\" content=\"2023-05-05T13:09:27+00:00\" \/>\n\t\t<meta property=\"article:modified_time\" content=\"2023-05-05T14:53:17+00:00\" \/>\n\t\t<meta name=\"twitter:card\" content=\"summary_large_image\" \/>\n\t\t<meta name=\"twitter:title\" content=\"Sukces ucznia w og\u00f3lnopolskim konkursie - SP Katarzyna\" \/>\n\t\t<meta name=\"twitter:description\" content=\"Informujemy, \u017ce ucze\u0144 naszej szko\u0142y Julian Kowalski zaj\u0105\u0142 6 miejsce w og\u00f3lnopolskim konkursie plastycznym pod has\u0142em \u201cWiosna ach to ty\u201d organizowanym pod patronatem Gubernatora Okr\u0119gu 121 Polska Lions Klub International. Fina\u0142 konkursu odby\u0142 si\u0119 18.03.2023 we Wroc\u0142awiu w ramach organizowanego Forum Lion\u00f3w. Szko\u0142a wsp\u00f3\u0142pracuje z Klubem FC Wroc\u0142aw Wratislavia, kt\u00f3ry by\u0142 reprezentowany przez ucznia. Nagrody\" \/>\n\t\t<script type=\"application\/ld+json\" class=\"aioseo-schema\">\n\t\t\t{\"@context\":\"https:\\\/\\\/schema.org\",\"@graph\":[{\"@type\":\"BlogPosting\",\"@id\":\"https:\\\/\\\/www.spkatarzyna.pl\\\/index.php\\\/2023\\\/05\\\/05\\\/sukces-ucznia-w-ogolnopolskim-konkursie\\\/#blogposting\",\"name\":\"Sukces ucznia w og\\u00f3lnopolskim konkursie - SP Katarzyna\",\"headline\":\"Sukces ucznia w og\\u00f3lnopolskim konkursie\",\"author\":{\"@id\":\"https:\\\/\\\/www.spkatarzyna.pl\\\/index.php\\\/author\\\/agatasafianspkatarzyna-pl\\\/#author\"},\"publisher\":{\"@id\":\"https:\\\/\\\/www.spkatarzyna.pl\\\/#organization\"},\"image\":{\"@type\":\"ImageObject\",\"url\":\"https:\\\/\\\/www.spkatarzyna.pl\\\/wp-content\\\/uploads\\\/2023\\\/05\\\/DSC07689.jpg\",\"width\":360,\"height\":202},\"datePublished\":\"2023-05-05T13:09:27+02:00\",\"dateModified\":\"2023-05-05T14:53:17+02:00\",\"inLanguage\":\"pl-PL\",\"mainEntityOfPage\":{\"@id\":\"https:\\\/\\\/www.spkatarzyna.pl\\\/index.php\\\/2023\\\/05\\\/05\\\/sukces-ucznia-w-ogolnopolskim-konkursie\\\/#webpage\"},\"isPartOf\":{\"@id\":\"https:\\\/\\\/www.spkatarzyna.pl\\\/index.php\\\/2023\\\/05\\\/05\\\/sukces-ucznia-w-ogolnopolskim-konkursie\\\/#webpage\"},\"articleSection\":\"Uncategorized\"},{\"@type\":\"BreadcrumbList\",\"@id\":\"https:\\\/\\\/www.spkatarzyna.pl\\\/index.php\\\/2023\\\/05\\\/05\\\/sukces-ucznia-w-ogolnopolskim-konkursie\\\/#breadcrumblist\",\"itemListElement\":[{\"@type\":\"ListItem\",\"@id\":\"https:\\\/\\\/www.spkatarzyna.pl#listItem\",\"position\":1,\"name\":\"Dom\",\"item\":\"https:\\\/\\\/www.spkatarzyna.pl\",\"nextItem\":{\"@type\":\"ListItem\",\"@id\":\"https:\\\/\\\/www.spkatarzyna.pl\\\/index.php\\\/category\\\/uncategorized\\\/#listItem\",\"name\":\"Uncategorized\"}},{\"@type\":\"ListItem\",\"@id\":\"https:\\\/\\\/www.spkatarzyna.pl\\\/index.php\\\/category\\\/uncategorized\\\/#listItem\",\"position\":2,\"name\":\"Uncategorized\",\"item\":\"https:\\\/\\\/www.spkatarzyna.pl\\\/index.php\\\/category\\\/uncategorized\\\/\",\"nextItem\":{\"@type\":\"ListItem\",\"@id\":\"https:\\\/\\\/www.spkatarzyna.pl\\\/index.php\\\/2023\\\/05\\\/05\\\/sukces-ucznia-w-ogolnopolskim-konkursie\\\/#listItem\",\"name\":\"Sukces ucznia w og\\u00f3lnopolskim konkursie\"},\"previousItem\":{\"@type\":\"ListItem\",\"@id\":\"https:\\\/\\\/www.spkatarzyna.pl#listItem\",\"name\":\"Dom\"}},{\"@type\":\"ListItem\",\"@id\":\"https:\\\/\\\/www.spkatarzyna.pl\\\/index.php\\\/2023\\\/05\\\/05\\\/sukces-ucznia-w-ogolnopolskim-konkursie\\\/#listItem\",\"position\":3,\"name\":\"Sukces ucznia w og\\u00f3lnopolskim konkursie\",\"previousItem\":{\"@type\":\"ListItem\",\"@id\":\"https:\\\/\\\/www.spkatarzyna.pl\\\/index.php\\\/category\\\/uncategorized\\\/#listItem\",\"name\":\"Uncategorized\"}}]},{\"@type\":\"Organization\",\"@id\":\"https:\\\/\\\/www.spkatarzyna.pl\\\/#organization\",\"name\":\"SP Katarzyna\",\"description\":\"Publiczna Szko\\u0142a Podstawowa w \\u015awi\\u0119tej Katarzynie\",\"url\":\"https:\\\/\\\/www.spkatarzyna.pl\\\/\",\"telephone\":\"+48713116378\",\"sameAs\":[\"https:\\\/\\\/facebook.com\\\/\",\"https:\\\/\\\/x.com\\\/\",\"https:\\\/\\\/instagram.com\\\/\",\"https:\\\/\\\/pinterest.com\\\/\",\"https:\\\/\\\/youtube.com\\\/\",\"https:\\\/\\\/linkedin.com\\\/in\\\/\"]},{\"@type\":\"Person\",\"@id\":\"https:\\\/\\\/www.spkatarzyna.pl\\\/index.php\\\/author\\\/agatasafianspkatarzyna-pl\\\/#author\",\"url\":\"https:\\\/\\\/www.spkatarzyna.pl\\\/index.php\\\/author\\\/agatasafianspkatarzyna-pl\\\/\",\"name\":\"Redakcja\",\"image\":{\"@type\":\"ImageObject\",\"@id\":\"https:\\\/\\\/www.spkatarzyna.pl\\\/index.php\\\/2023\\\/05\\\/05\\\/sukces-ucznia-w-ogolnopolskim-konkursie\\\/#authorImage\",\"url\":\"https:\\\/\\\/secure.gravatar.com\\\/avatar\\\/765290513df94d442152250e92b42327?s=96&d=mm&r=g\",\"width\":96,\"height\":96,\"caption\":\"Redakcja\"}},{\"@type\":\"WebPage\",\"@id\":\"https:\\\/\\\/www.spkatarzyna.pl\\\/index.php\\\/2023\\\/05\\\/05\\\/sukces-ucznia-w-ogolnopolskim-konkursie\\\/#webpage\",\"url\":\"https:\\\/\\\/www.spkatarzyna.pl\\\/index.php\\\/2023\\\/05\\\/05\\\/sukces-ucznia-w-ogolnopolskim-konkursie\\\/\",\"name\":\"Sukces ucznia w og\\u00f3lnopolskim konkursie - SP Katarzyna\",\"description\":\"Informujemy, \\u017ce ucze\\u0144 naszej szko\\u0142y Julian Kowalski zaj\\u0105\\u0142 6 miejsce w og\\u00f3lnopolskim konkursie plastycznym pod has\\u0142em \\u201cWiosna ach to ty\\u201d organizowanym pod patronatem Gubernatora Okr\\u0119gu 121 Polska Lions Klub International. Fina\\u0142 konkursu odby\\u0142 si\\u0119 18.03.2023 we Wroc\\u0142awiu w ramach organizowanego Forum Lion\\u00f3w. Szko\\u0142a wsp\\u00f3\\u0142pracuje z Klubem FC Wroc\\u0142aw Wratislavia, kt\\u00f3ry by\\u0142 reprezentowany przez ucznia. Nagrody\",\"inLanguage\":\"pl-PL\",\"isPartOf\":{\"@id\":\"https:\\\/\\\/www.spkatarzyna.pl\\\/#website\"},\"breadcrumb\":{\"@id\":\"https:\\\/\\\/www.spkatarzyna.pl\\\/index.php\\\/2023\\\/05\\\/05\\\/sukces-ucznia-w-ogolnopolskim-konkursie\\\/#breadcrumblist\"},\"author\":{\"@id\":\"https:\\\/\\\/www.spkatarzyna.pl\\\/index.php\\\/author\\\/agatasafianspkatarzyna-pl\\\/#author\"},\"creator\":{\"@id\":\"https:\\\/\\\/www.spkatarzyna.pl\\\/index.php\\\/author\\\/agatasafianspkatarzyna-pl\\\/#author\"},\"image\":{\"@type\":\"ImageObject\",\"url\":\"https:\\\/\\\/www.spkatarzyna.pl\\\/wp-content\\\/uploads\\\/2023\\\/05\\\/DSC07689.jpg\",\"@id\":\"https:\\\/\\\/www.spkatarzyna.pl\\\/index.php\\\/2023\\\/05\\\/05\\\/sukces-ucznia-w-ogolnopolskim-konkursie\\\/#mainImage\",\"width\":360,\"height\":202},\"primaryImageOfPage\":{\"@id\":\"https:\\\/\\\/www.spkatarzyna.pl\\\/index.php\\\/2023\\\/05\\\/05\\\/sukces-ucznia-w-ogolnopolskim-konkursie\\\/#mainImage\"},\"datePublished\":\"2023-05-05T13:09:27+02:00\",\"dateModified\":\"2023-05-05T14:53:17+02:00\"},{\"@type\":\"WebSite\",\"@id\":\"https:\\\/\\\/www.spkatarzyna.pl\\\/#website\",\"url\":\"https:\\\/\\\/www.spkatarzyna.pl\\\/\",\"name\":\"SP Katarzyna\",\"description\":\"Publiczna Szko\\u0142a Podstawowa w \\u015awi\\u0119tej Katarzynie\",\"inLanguage\":\"pl-PL\",\"publisher\":{\"@id\":\"https:\\\/\\\/www.spkatarzyna.pl\\\/#organization\"}}]}\n\t\t<\/script>\n\t\t<!-- All in One SEO -->\n\n","aioseo_head_json":{"title":"Sukces ucznia w og\u00f3lnopolskim konkursie - SP Katarzyna","description":"Informujemy, \u017ce ucze\u0144 naszej szko\u0142y Julian Kowalski zaj\u0105\u0142 6 miejsce w og\u00f3lnopolskim konkursie plastycznym pod has\u0142em \u201cWiosna ach to ty\u201d organizowanym pod patronatem Gubernatora Okr\u0119gu 121 Polska Lions Klub International. Fina\u0142 konkursu odby\u0142 si\u0119 18.03.2023 we Wroc\u0142awiu w ramach organizowanego Forum Lion\u00f3w. Szko\u0142a wsp\u00f3\u0142pracuje z Klubem FC Wroc\u0142aw Wratislavia, kt\u00f3ry by\u0142 reprezentowany przez ucznia. Nagrody","canonical_url":"https:\/\/www.spkatarzyna.pl\/index.php\/2023\/05\/05\/sukces-ucznia-w-ogolnopolskim-konkursie\/","robots":"max-image-preview:large","keywords":"","webmasterTools":{"miscellaneous":""},"schema":{"@context":"https:\/\/schema.org","@graph":[{"@type":"BlogPosting","@id":"https:\/\/www.spkatarzyna.pl\/index.php\/2023\/05\/05\/sukces-ucznia-w-ogolnopolskim-konkursie\/#blogposting","name":"Sukces ucznia w og\u00f3lnopolskim konkursie - SP Katarzyna","headline":"Sukces ucznia w og\u00f3lnopolskim konkursie","author":{"@id":"https:\/\/www.spkatarzyna.pl\/index.php\/author\/agatasafianspkatarzyna-pl\/#author"},"publisher":{"@id":"https:\/\/www.spkatarzyna.pl\/#organization"},"image":{"@type":"ImageObject","url":"https:\/\/www.spkatarzyna.pl\/wp-content\/uploads\/2023\/05\/DSC07689.jpg","width":360,"height":202},"datePublished":"2023-05-05T13:09:27+02:00","dateModified":"2023-05-05T14:53:17+02:00","inLanguage":"pl-PL","mainEntityOfPage":{"@id":"https:\/\/www.spkatarzyna.pl\/index.php\/2023\/05\/05\/sukces-ucznia-w-ogolnopolskim-konkursie\/#webpage"},"isPartOf":{"@id":"https:\/\/www.spkatarzyna.pl\/index.php\/2023\/05\/05\/sukces-ucznia-w-ogolnopolskim-konkursie\/#webpage"},"articleSection":"Uncategorized"},{"@type":"BreadcrumbList","@id":"https:\/\/www.spkatarzyna.pl\/index.php\/2023\/05\/05\/sukces-ucznia-w-ogolnopolskim-konkursie\/#breadcrumblist","itemListElement":[{"@type":"ListItem","@id":"https:\/\/www.spkatarzyna.pl#listItem","position":1,"name":"Dom","item":"https:\/\/www.spkatarzyna.pl","nextItem":{"@type":"ListItem","@id":"https:\/\/www.spkatarzyna.pl\/index.php\/category\/uncategorized\/#listItem","name":"Uncategorized"}},{"@type":"ListItem","@id":"https:\/\/www.spkatarzyna.pl\/index.php\/category\/uncategorized\/#listItem","position":2,"name":"Uncategorized","item":"https:\/\/www.spkatarzyna.pl\/index.php\/category\/uncategorized\/","nextItem":{"@type":"ListItem","@id":"https:\/\/www.spkatarzyna.pl\/index.php\/2023\/05\/05\/sukces-ucznia-w-ogolnopolskim-konkursie\/#listItem","name":"Sukces ucznia w og\u00f3lnopolskim konkursie"},"previousItem":{"@type":"ListItem","@id":"https:\/\/www.spkatarzyna.pl#listItem","name":"Dom"}},{"@type":"ListItem","@id":"https:\/\/www.spkatarzyna.pl\/index.php\/2023\/05\/05\/sukces-ucznia-w-ogolnopolskim-konkursie\/#listItem","position":3,"name":"Sukces ucznia w og\u00f3lnopolskim konkursie","previousItem":{"@type":"ListItem","@id":"https:\/\/www.spkatarzyna.pl\/index.php\/category\/uncategorized\/#listItem","name":"Uncategorized"}}]},{"@type":"Organization","@id":"https:\/\/www.spkatarzyna.pl\/#organization","name":"SP Katarzyna","description":"Publiczna Szko\u0142a Podstawowa w \u015awi\u0119tej Katarzynie","url":"https:\/\/www.spkatarzyna.pl\/","telephone":"+48713116378","sameAs":["https:\/\/facebook.com\/","https:\/\/x.com\/","https:\/\/instagram.com\/","https:\/\/pinterest.com\/","https:\/\/youtube.com\/","https:\/\/linkedin.com\/in\/"]},{"@type":"Person","@id":"https:\/\/www.spkatarzyna.pl\/index.php\/author\/agatasafianspkatarzyna-pl\/#author","url":"https:\/\/www.spkatarzyna.pl\/index.php\/author\/agatasafianspkatarzyna-pl\/","name":"Redakcja","image":{"@type":"ImageObject","@id":"https:\/\/www.spkatarzyna.pl\/index.php\/2023\/05\/05\/sukces-ucznia-w-ogolnopolskim-konkursie\/#authorImage","url":"https:\/\/secure.gravatar.com\/avatar\/765290513df94d442152250e92b42327?s=96&d=mm&r=g","width":96,"height":96,"caption":"Redakcja"}},{"@type":"WebPage","@id":"https:\/\/www.spkatarzyna.pl\/index.php\/2023\/05\/05\/sukces-ucznia-w-ogolnopolskim-konkursie\/#webpage","url":"https:\/\/www.spkatarzyna.pl\/index.php\/2023\/05\/05\/sukces-ucznia-w-ogolnopolskim-konkursie\/","name":"Sukces ucznia w og\u00f3lnopolskim konkursie - SP Katarzyna","description":"Informujemy, \u017ce ucze\u0144 naszej szko\u0142y Julian Kowalski zaj\u0105\u0142 6 miejsce w og\u00f3lnopolskim konkursie plastycznym pod has\u0142em \u201cWiosna ach to ty\u201d organizowanym pod patronatem Gubernatora Okr\u0119gu 121 Polska Lions Klub International. Fina\u0142 konkursu odby\u0142 si\u0119 18.03.2023 we Wroc\u0142awiu w ramach organizowanego Forum Lion\u00f3w. Szko\u0142a wsp\u00f3\u0142pracuje z Klubem FC Wroc\u0142aw Wratislavia, kt\u00f3ry by\u0142 reprezentowany przez ucznia. Nagrody","inLanguage":"pl-PL","isPartOf":{"@id":"https:\/\/www.spkatarzyna.pl\/#website"},"breadcrumb":{"@id":"https:\/\/www.spkatarzyna.pl\/index.php\/2023\/05\/05\/sukces-ucznia-w-ogolnopolskim-konkursie\/#breadcrumblist"},"author":{"@id":"https:\/\/www.spkatarzyna.pl\/index.php\/author\/agatasafianspkatarzyna-pl\/#author"},"creator":{"@id":"https:\/\/www.spkatarzyna.pl\/index.php\/author\/agatasafianspkatarzyna-pl\/#author"},"image":{"@type":"ImageObject","url":"https:\/\/www.spkatarzyna.pl\/wp-content\/uploads\/2023\/05\/DSC07689.jpg","@id":"https:\/\/www.spkatarzyna.pl\/index.php\/2023\/05\/05\/sukces-ucznia-w-ogolnopolskim-konkursie\/#mainImage","width":360,"height":202},"primaryImageOfPage":{"@id":"https:\/\/www.spkatarzyna.pl\/index.php\/2023\/05\/05\/sukces-ucznia-w-ogolnopolskim-konkursie\/#mainImage"},"datePublished":"2023-05-05T13:09:27+02:00","dateModified":"2023-05-05T14:53:17+02:00"},{"@type":"WebSite","@id":"https:\/\/www.spkatarzyna.pl\/#website","url":"https:\/\/www.spkatarzyna.pl\/","name":"SP Katarzyna","description":"Publiczna Szko\u0142a Podstawowa w \u015awi\u0119tej Katarzynie","inLanguage":"pl-PL","publisher":{"@id":"https:\/\/www.spkatarzyna.pl\/#organization"}}]},"og:locale":"pl_PL","og:site_name":"SP Katarzyna - Publiczna Szko\u0142a Podstawowa w \u015awi\u0119tej Katarzynie","og:type":"article","og:title":"Sukces ucznia w og\u00f3lnopolskim konkursie - SP Katarzyna","og:description":"Informujemy, \u017ce ucze\u0144 naszej szko\u0142y Julian Kowalski zaj\u0105\u0142 6 miejsce w og\u00f3lnopolskim konkursie plastycznym pod has\u0142em \u201cWiosna ach to ty\u201d organizowanym pod patronatem Gubernatora Okr\u0119gu 121 Polska Lions Klub International. Fina\u0142 konkursu odby\u0142 si\u0119 18.03.2023 we Wroc\u0142awiu w ramach organizowanego Forum Lion\u00f3w. Szko\u0142a wsp\u00f3\u0142pracuje z Klubem FC Wroc\u0142aw Wratislavia, kt\u00f3ry by\u0142 reprezentowany przez ucznia. Nagrody","og:url":"https:\/\/www.spkatarzyna.pl\/index.php\/2023\/05\/05\/sukces-ucznia-w-ogolnopolskim-konkursie\/","article:published_time":"2023-05-05T13:09:27+00:00","article:modified_time":"2023-05-05T14:53:17+00:00","twitter:card":"summary_large_image","twitter:title":"Sukces ucznia w og\u00f3lnopolskim konkursie - SP Katarzyna","twitter:description":"Informujemy, \u017ce ucze\u0144 naszej szko\u0142y Julian Kowalski zaj\u0105\u0142 6 miejsce w og\u00f3lnopolskim konkursie plastycznym pod has\u0142em \u201cWiosna ach to ty\u201d organizowanym pod patronatem Gubernatora Okr\u0119gu 121 Polska Lions Klub International. Fina\u0142 konkursu odby\u0142 si\u0119 18.03.2023 we Wroc\u0142awiu w ramach organizowanego Forum Lion\u00f3w. Szko\u0142a wsp\u00f3\u0142pracuje z Klubem FC Wroc\u0142aw Wratislavia, kt\u00f3ry by\u0142 reprezentowany przez ucznia. Nagrody"},"aioseo_meta_data":{"post_id":"5295","title":null,"description":null,"keywords":null,"keyphrases":null,"primary_term":null,"canonical_url":null,"og_title":null,"og_description":null,"og_object_type":"default","og_image_type":"default","og_image_url":null,"og_image_width":null,"og_image_height":null,"og_image_custom_url":null,"og_image_custom_fields":null,"og_video":null,"og_custom_url":null,"og_article_section":null,"og_article_tags":null,"twitter_use_og":false,"twitter_card":"default","twitter_image_type":"default","twitter_image_url":null,"twitter_image_custom_url":null,"twitter_image_custom_fields":null,"twitter_title":null,"twitter_description":null,"schema":{"blockGraphs":[],"customGraphs":[],"default":{"data":{"Article":[],"Course":[],"Dataset":[],"FAQPage":[],"Movie":[],"Person":[],"Product":[],"ProductReview":[],"Car":[],"Recipe":[],"Service":[],"SoftwareApplication":[],"WebPage":[]},"graphName":"","isEnabled":true},"graphs":[]},"schema_type":"default","schema_type_options":null,"pillar_content":false,"robots_default":true,"robots_noindex":false,"robots_noarchive":false,"robots_nosnippet":false,"robots_nofollow":false,"robots_noimageindex":false,"robots_noodp":false,"robots_notranslate":false,"robots_max_snippet":null,"robots_max_videopreview":null,"robots_max_imagepreview":"large","priority":null,"frequency":null,"local_seo":null,"limit_modified_date":false,"created":"2024-04-03 08:05:13","updated":"2026-09-03 14:32:17","focus_keyword":null,"additional_keywords":null,"truseo_locale":null,"ai":null,"breadcrumb_settings":null,"seo_analyzer_scan_date":null},"aioseo_breadcrumb":"<div class=\"aioseo-breadcrumbs\"><span class=\"aioseo-breadcrumb\">\n\t\t\t<a href=\"https:\/\/www.spkatarzyna.pl\" title=\"Dom\">Dom<\/a>\n\t\t<\/span><span class=\"aioseo-breadcrumb-separator\">&raquo;<\/span><span class=\"aioseo-breadcrumb\">\n\t\t\t<a href=\"https:\/\/www.spkatarzyna.pl\/index.php\/category\/uncategorized\/\" title=\"Uncategorized\">Uncategorized<\/a>\n\t\t<\/span><span class=\"aioseo-breadcrumb-separator\">&raquo;<\/span><span class=\"aioseo-breadcrumb\">\n\t\t\tSukces ucznia w og\u00f3lnopolskim konkursie\n\t\t<\/span><\/div>","aioseo_breadcrumb_json":[{"label":"Dom","link":"https:\/\/www.spkatarzyna.pl"},{"label":"Uncategorized","link":"https:\/\/www.spkatarzyna.pl\/index.php\/category\/uncategorized\/"},{"label":"Sukces ucznia w og\u00f3lnopolskim konkursie","link":"https:\/\/www.spkatarzyna.pl\/index.php\/2023\/05\/05\/sukces-ucznia-w-ogolnopolskim-konkursie\/"}],"_links":{"self":[{"href":"https:\/\/www.spkatarzyna.pl\/index.php\/wp-json\/wp\/v2\/posts\/5295","targetHints":{"allow":["GET"]}}],"collection":[{"href":"https:\/\/www.spkatarzyna.pl\/index.php\/wp-json\/wp\/v2\/posts"}],"about":[{"href":"https:\/\/www.spkatarzyna.pl\/index.php\/wp-json\/wp\/v2\/types\/post"}],"author":[{"embeddable":true,"href":"https:\/\/www.spkatarzyna.pl\/index.php\/wp-json\/wp\/v2\/users\/6"}],"replies":[{"embeddable":true,"href":"https:\/\/www.spkatarzyna.pl\/index.php\/wp-json\/wp\/v2\/comments?post=5295"}],"version-history":[{"count":31,"href":"https:\/\/www.spkatarzyna.pl\/index.php\/wp-json\/wp\/v2\/posts\/5295\/revisions"}],"predecessor-version":[{"id":5331,"href":"https:\/\/www.spkatarzyna.pl\/index.php\/wp-json\/wp\/v2\/posts\/5295\/revisions\/5331"}],"wp:featuredmedia":[{"embeddable":true,"href":"https:\/\/www.spkatarzyna.pl\/index.php\/wp-json\/wp\/v2\/media\/5296"}],"wp:attachment":[{"href":"https:\/\/www.spkatarzyna.pl\/index.php\/wp-json\/wp\/v2\/media?parent=5295"}],"wp:term":[{"taxonomy":"category","embeddable":true,"href":"https:\/\/www.spkatarzyna.pl\/index.php\/wp-json\/wp\/v2\/categories?post=5295"},{"taxonomy":"post_tag","embeddable":true,"href":"https:\/\/www.spkatarzyna.pl\/index.php\/wp-json\/wp\/v2\/tags?post=5295"}],"curies":[{"name":"wp","href":"https:\/\/api.w.org\/{rel}","templated":true}]}}