{"id":5332,"date":"2023-05-08T11:01:35","date_gmt":"2023-05-08T11:01:35","guid":{"rendered":"http:\/\/www.spkatarzyna.pl\/?p=5332"},"modified":"2023-05-08T11:04:02","modified_gmt":"2023-05-08T11:04:02","slug":"list-dolnoslaskiego-kuratora-oswiaty-do-rodzicow-uczniow-klas-osmych","status":"publish","type":"post","link":"https:\/\/www.spkatarzyna.pl\/index.php\/2023\/05\/08\/list-dolnoslaskiego-kuratora-oswiaty-do-rodzicow-uczniow-klas-osmych\/","title":{"rendered":"List Dolno\u015bl\u0105skiego Kuratora O\u015bwiaty"},"content":{"rendered":"<p><span style=\"font-size: 14pt;\">List Dolno\u015bl\u0105skiego Kuratora O\u015bwiaty do Rodzic\u00f3w uczni\u00f3w klas \u00f3smych <a href=\"http:\/\/www.spkatarzyna.pl\/wp-content\/uploads\/2023\/05\/list-DKO20230504.pdf\">Czytaj<\/a><\/span><\/p>\n","protected":false},"excerpt":{"rendered":"<p>List Dolno\u015bl\u0105skiego Kuratora O\u015bwiaty do Rodzic\u00f3w uczni\u00f3w klas \u00f3smych Czytaj<\/p>\n","protected":false},"author":6,"featured_media":4477,"comment_status":"open","ping_status":"open","sticky":false,"template":"","format":"standard","meta":{"om_disable_all_campaigns":false,"_monsterinsights_skip_tracking":false,"ngg_post_thumbnail":0,"footnotes":""},"categories":[1],"tags":[],"class_list":["post-5332","post","type-post","status-publish","format-standard","has-post-thumbnail","hentry","category-uncategorized"],"aioseo_notices":[],"aioseo_head":"\n\t\t<!-- All in One SEO 5.0.1.1 - aioseo.com -->\n\t<meta name=\"description\" content=\"List Dolno\u015bl\u0105skiego Kuratora O\u015bwiaty do Rodzic\u00f3w uczni\u00f3w klas \u00f3smych Czytaj\" \/>\n\t<meta name=\"robots\" content=\"max-image-preview:large\" \/>\n\t<meta name=\"author\" content=\"Redakcja\"\/>\n\t<link rel=\"canonical\" href=\"https:\/\/www.spkatarzyna.pl\/index.php\/2023\/05\/08\/list-dolnoslaskiego-kuratora-oswiaty-do-rodzicow-uczniow-klas-osmych\/\" \/>\n\t<meta name=\"generator\" content=\"All in One SEO (AIOSEO) 5.0.1.1\" \/>\n\t\t<meta property=\"og:locale\" content=\"pl_PL\" \/>\n\t\t<meta property=\"og:site_name\" content=\"SP Katarzyna - Publiczna Szko\u0142a Podstawowa w \u015awi\u0119tej Katarzynie\" \/>\n\t\t<meta property=\"og:type\" content=\"article\" \/>\n\t\t<meta property=\"og:title\" content=\"List Dolno\u015bl\u0105skiego Kuratora O\u015bwiaty - SP Katarzyna\" \/>\n\t\t<meta property=\"og:description\" content=\"List Dolno\u015bl\u0105skiego Kuratora O\u015bwiaty do Rodzic\u00f3w uczni\u00f3w klas \u00f3smych Czytaj\" \/>\n\t\t<meta property=\"og:url\" content=\"https:\/\/www.spkatarzyna.pl\/index.php\/2023\/05\/08\/list-dolnoslaskiego-kuratora-oswiaty-do-rodzicow-uczniow-klas-osmych\/\" \/>\n\t\t<meta property=\"article:published_time\" content=\"2023-05-08T11:01:35+00:00\" \/>\n\t\t<meta property=\"article:modified_time\" content=\"2023-05-08T11:04:02+00:00\" \/>\n\t\t<meta name=\"twitter:card\" content=\"summary_large_image\" \/>\n\t\t<meta name=\"twitter:title\" content=\"List Dolno\u015bl\u0105skiego Kuratora O\u015bwiaty - SP Katarzyna\" \/>\n\t\t<meta name=\"twitter:description\" content=\"List Dolno\u015bl\u0105skiego Kuratora O\u015bwiaty do Rodzic\u00f3w uczni\u00f3w klas \u00f3smych Czytaj\" \/>\n\t\t<script type=\"application\/ld+json\" class=\"aioseo-schema\">\n\t\t\t{\"@context\":\"https:\\\/\\\/schema.org\",\"@graph\":[{\"@type\":\"BlogPosting\",\"@id\":\"https:\\\/\\\/www.spkatarzyna.pl\\\/index.php\\\/2023\\\/05\\\/08\\\/list-dolnoslaskiego-kuratora-oswiaty-do-rodzicow-uczniow-klas-osmych\\\/#blogposting\",\"name\":\"List Dolno\\u015bl\\u0105skiego Kuratora O\\u015bwiaty - SP Katarzyna\",\"headline\":\"List Dolno\\u015bl\\u0105skiego Kuratora O\\u015bwiaty\",\"author\":{\"@id\":\"https:\\\/\\\/www.spkatarzyna.pl\\\/index.php\\\/author\\\/agatasafianspkatarzyna-pl\\\/#author\"},\"publisher\":{\"@id\":\"https:\\\/\\\/www.spkatarzyna.pl\\\/#organization\"},\"image\":{\"@type\":\"ImageObject\",\"url\":\"https:\\\/\\\/www.spkatarzyna.pl\\\/wp-content\\\/uploads\\\/2023\\\/03\\\/info-g3a284d54b_12801.png\",\"width\":360,\"height\":202},\"datePublished\":\"2023-05-08T11:01:35+02:00\",\"dateModified\":\"2023-05-08T11:04:02+02:00\",\"inLanguage\":\"pl-PL\",\"mainEntityOfPage\":{\"@id\":\"https:\\\/\\\/www.spkatarzyna.pl\\\/index.php\\\/2023\\\/05\\\/08\\\/list-dolnoslaskiego-kuratora-oswiaty-do-rodzicow-uczniow-klas-osmych\\\/#webpage\"},\"isPartOf\":{\"@id\":\"https:\\\/\\\/www.spkatarzyna.pl\\\/index.php\\\/2023\\\/05\\\/08\\\/list-dolnoslaskiego-kuratora-oswiaty-do-rodzicow-uczniow-klas-osmych\\\/#webpage\"},\"articleSection\":\"Uncategorized\"},{\"@type\":\"BreadcrumbList\",\"@id\":\"https:\\\/\\\/www.spkatarzyna.pl\\\/index.php\\\/2023\\\/05\\\/08\\\/list-dolnoslaskiego-kuratora-oswiaty-do-rodzicow-uczniow-klas-osmych\\\/#breadcrumblist\",\"itemListElement\":[{\"@type\":\"ListItem\",\"@id\":\"https:\\\/\\\/www.spkatarzyna.pl#listItem\",\"position\":1,\"name\":\"Dom\",\"item\":\"https:\\\/\\\/www.spkatarzyna.pl\",\"nextItem\":{\"@type\":\"ListItem\",\"@id\":\"https:\\\/\\\/www.spkatarzyna.pl\\\/index.php\\\/category\\\/uncategorized\\\/#listItem\",\"name\":\"Uncategorized\"}},{\"@type\":\"ListItem\",\"@id\":\"https:\\\/\\\/www.spkatarzyna.pl\\\/index.php\\\/category\\\/uncategorized\\\/#listItem\",\"position\":2,\"name\":\"Uncategorized\",\"item\":\"https:\\\/\\\/www.spkatarzyna.pl\\\/index.php\\\/category\\\/uncategorized\\\/\",\"nextItem\":{\"@type\":\"ListItem\",\"@id\":\"https:\\\/\\\/www.spkatarzyna.pl\\\/index.php\\\/2023\\\/05\\\/08\\\/list-dolnoslaskiego-kuratora-oswiaty-do-rodzicow-uczniow-klas-osmych\\\/#listItem\",\"name\":\"List Dolno\\u015bl\\u0105skiego Kuratora O\\u015bwiaty\"},\"previousItem\":{\"@type\":\"ListItem\",\"@id\":\"https:\\\/\\\/www.spkatarzyna.pl#listItem\",\"name\":\"Dom\"}},{\"@type\":\"ListItem\",\"@id\":\"https:\\\/\\\/www.spkatarzyna.pl\\\/index.php\\\/2023\\\/05\\\/08\\\/list-dolnoslaskiego-kuratora-oswiaty-do-rodzicow-uczniow-klas-osmych\\\/#listItem\",\"position\":3,\"name\":\"List Dolno\\u015bl\\u0105skiego Kuratora O\\u015bwiaty\",\"previousItem\":{\"@type\":\"ListItem\",\"@id\":\"https:\\\/\\\/www.spkatarzyna.pl\\\/index.php\\\/category\\\/uncategorized\\\/#listItem\",\"name\":\"Uncategorized\"}}]},{\"@type\":\"Organization\",\"@id\":\"https:\\\/\\\/www.spkatarzyna.pl\\\/#organization\",\"name\":\"SP Katarzyna\",\"description\":\"Publiczna Szko\\u0142a Podstawowa w \\u015awi\\u0119tej Katarzynie\",\"url\":\"https:\\\/\\\/www.spkatarzyna.pl\\\/\",\"telephone\":\"+48713116378\",\"sameAs\":[\"https:\\\/\\\/facebook.com\\\/\",\"https:\\\/\\\/x.com\\\/\",\"https:\\\/\\\/instagram.com\\\/\",\"https:\\\/\\\/pinterest.com\\\/\",\"https:\\\/\\\/youtube.com\\\/\",\"https:\\\/\\\/linkedin.com\\\/in\\\/\"]},{\"@type\":\"Person\",\"@id\":\"https:\\\/\\\/www.spkatarzyna.pl\\\/index.php\\\/author\\\/agatasafianspkatarzyna-pl\\\/#author\",\"url\":\"https:\\\/\\\/www.spkatarzyna.pl\\\/index.php\\\/author\\\/agatasafianspkatarzyna-pl\\\/\",\"name\":\"Redakcja\",\"image\":{\"@type\":\"ImageObject\",\"@id\":\"https:\\\/\\\/www.spkatarzyna.pl\\\/index.php\\\/2023\\\/05\\\/08\\\/list-dolnoslaskiego-kuratora-oswiaty-do-rodzicow-uczniow-klas-osmych\\\/#authorImage\",\"url\":\"https:\\\/\\\/secure.gravatar.com\\\/avatar\\\/765290513df94d442152250e92b42327?s=96&d=mm&r=g\",\"width\":96,\"height\":96,\"caption\":\"Redakcja\"}},{\"@type\":\"WebPage\",\"@id\":\"https:\\\/\\\/www.spkatarzyna.pl\\\/index.php\\\/2023\\\/05\\\/08\\\/list-dolnoslaskiego-kuratora-oswiaty-do-rodzicow-uczniow-klas-osmych\\\/#webpage\",\"url\":\"https:\\\/\\\/www.spkatarzyna.pl\\\/index.php\\\/2023\\\/05\\\/08\\\/list-dolnoslaskiego-kuratora-oswiaty-do-rodzicow-uczniow-klas-osmych\\\/\",\"name\":\"List Dolno\\u015bl\\u0105skiego Kuratora O\\u015bwiaty - SP Katarzyna\",\"description\":\"List Dolno\\u015bl\\u0105skiego Kuratora O\\u015bwiaty do Rodzic\\u00f3w uczni\\u00f3w klas \\u00f3smych Czytaj\",\"inLanguage\":\"pl-PL\",\"isPartOf\":{\"@id\":\"https:\\\/\\\/www.spkatarzyna.pl\\\/#website\"},\"breadcrumb\":{\"@id\":\"https:\\\/\\\/www.spkatarzyna.pl\\\/index.php\\\/2023\\\/05\\\/08\\\/list-dolnoslaskiego-kuratora-oswiaty-do-rodzicow-uczniow-klas-osmych\\\/#breadcrumblist\"},\"author\":{\"@id\":\"https:\\\/\\\/www.spkatarzyna.pl\\\/index.php\\\/author\\\/agatasafianspkatarzyna-pl\\\/#author\"},\"creator\":{\"@id\":\"https:\\\/\\\/www.spkatarzyna.pl\\\/index.php\\\/author\\\/agatasafianspkatarzyna-pl\\\/#author\"},\"image\":{\"@type\":\"ImageObject\",\"url\":\"https:\\\/\\\/www.spkatarzyna.pl\\\/wp-content\\\/uploads\\\/2023\\\/03\\\/info-g3a284d54b_12801.png\",\"@id\":\"https:\\\/\\\/www.spkatarzyna.pl\\\/index.php\\\/2023\\\/05\\\/08\\\/list-dolnoslaskiego-kuratora-oswiaty-do-rodzicow-uczniow-klas-osmych\\\/#mainImage\",\"width\":360,\"height\":202},\"primaryImageOfPage\":{\"@id\":\"https:\\\/\\\/www.spkatarzyna.pl\\\/index.php\\\/2023\\\/05\\\/08\\\/list-dolnoslaskiego-kuratora-oswiaty-do-rodzicow-uczniow-klas-osmych\\\/#mainImage\"},\"datePublished\":\"2023-05-08T11:01:35+02:00\",\"dateModified\":\"2023-05-08T11:04:02+02:00\"},{\"@type\":\"WebSite\",\"@id\":\"https:\\\/\\\/www.spkatarzyna.pl\\\/#website\",\"url\":\"https:\\\/\\\/www.spkatarzyna.pl\\\/\",\"name\":\"SP Katarzyna\",\"description\":\"Publiczna Szko\\u0142a Podstawowa w \\u015awi\\u0119tej Katarzynie\",\"inLanguage\":\"pl-PL\",\"publisher\":{\"@id\":\"https:\\\/\\\/www.spkatarzyna.pl\\\/#organization\"}}]}\n\t\t<\/script>\n\t\t<!-- All in One SEO -->\n\n","aioseo_head_json":{"title":"List Dolno\u015bl\u0105skiego Kuratora O\u015bwiaty - SP Katarzyna","description":"List Dolno\u015bl\u0105skiego Kuratora O\u015bwiaty do Rodzic\u00f3w uczni\u00f3w klas \u00f3smych Czytaj","canonical_url":"https:\/\/www.spkatarzyna.pl\/index.php\/2023\/05\/08\/list-dolnoslaskiego-kuratora-oswiaty-do-rodzicow-uczniow-klas-osmych\/","robots":"max-image-preview:large","keywords":"","webmasterTools":{"miscellaneous":""},"schema":{"@context":"https:\/\/schema.org","@graph":[{"@type":"BlogPosting","@id":"https:\/\/www.spkatarzyna.pl\/index.php\/2023\/05\/08\/list-dolnoslaskiego-kuratora-oswiaty-do-rodzicow-uczniow-klas-osmych\/#blogposting","name":"List Dolno\u015bl\u0105skiego Kuratora O\u015bwiaty - SP Katarzyna","headline":"List Dolno\u015bl\u0105skiego Kuratora O\u015bwiaty","author":{"@id":"https:\/\/www.spkatarzyna.pl\/index.php\/author\/agatasafianspkatarzyna-pl\/#author"},"publisher":{"@id":"https:\/\/www.spkatarzyna.pl\/#organization"},"image":{"@type":"ImageObject","url":"https:\/\/www.spkatarzyna.pl\/wp-content\/uploads\/2023\/03\/info-g3a284d54b_12801.png","width":360,"height":202},"datePublished":"2023-05-08T11:01:35+02:00","dateModified":"2023-05-08T11:04:02+02:00","inLanguage":"pl-PL","mainEntityOfPage":{"@id":"https:\/\/www.spkatarzyna.pl\/index.php\/2023\/05\/08\/list-dolnoslaskiego-kuratora-oswiaty-do-rodzicow-uczniow-klas-osmych\/#webpage"},"isPartOf":{"@id":"https:\/\/www.spkatarzyna.pl\/index.php\/2023\/05\/08\/list-dolnoslaskiego-kuratora-oswiaty-do-rodzicow-uczniow-klas-osmych\/#webpage"},"articleSection":"Uncategorized"},{"@type":"BreadcrumbList","@id":"https:\/\/www.spkatarzyna.pl\/index.php\/2023\/05\/08\/list-dolnoslaskiego-kuratora-oswiaty-do-rodzicow-uczniow-klas-osmych\/#breadcrumblist","itemListElement":[{"@type":"ListItem","@id":"https:\/\/www.spkatarzyna.pl#listItem","position":1,"name":"Dom","item":"https:\/\/www.spkatarzyna.pl","nextItem":{"@type":"ListItem","@id":"https:\/\/www.spkatarzyna.pl\/index.php\/category\/uncategorized\/#listItem","name":"Uncategorized"}},{"@type":"ListItem","@id":"https:\/\/www.spkatarzyna.pl\/index.php\/category\/uncategorized\/#listItem","position":2,"name":"Uncategorized","item":"https:\/\/www.spkatarzyna.pl\/index.php\/category\/uncategorized\/","nextItem":{"@type":"ListItem","@id":"https:\/\/www.spkatarzyna.pl\/index.php\/2023\/05\/08\/list-dolnoslaskiego-kuratora-oswiaty-do-rodzicow-uczniow-klas-osmych\/#listItem","name":"List Dolno\u015bl\u0105skiego Kuratora O\u015bwiaty"},"previousItem":{"@type":"ListItem","@id":"https:\/\/www.spkatarzyna.pl#listItem","name":"Dom"}},{"@type":"ListItem","@id":"https:\/\/www.spkatarzyna.pl\/index.php\/2023\/05\/08\/list-dolnoslaskiego-kuratora-oswiaty-do-rodzicow-uczniow-klas-osmych\/#listItem","position":3,"name":"List Dolno\u015bl\u0105skiego Kuratora O\u015bwiaty","previousItem":{"@type":"ListItem","@id":"https:\/\/www.spkatarzyna.pl\/index.php\/category\/uncategorized\/#listItem","name":"Uncategorized"}}]},{"@type":"Organization","@id":"https:\/\/www.spkatarzyna.pl\/#organization","name":"SP Katarzyna","description":"Publiczna Szko\u0142a Podstawowa w \u015awi\u0119tej Katarzynie","url":"https:\/\/www.spkatarzyna.pl\/","telephone":"+48713116378","sameAs":["https:\/\/facebook.com\/","https:\/\/x.com\/","https:\/\/instagram.com\/","https:\/\/pinterest.com\/","https:\/\/youtube.com\/","https:\/\/linkedin.com\/in\/"]},{"@type":"Person","@id":"https:\/\/www.spkatarzyna.pl\/index.php\/author\/agatasafianspkatarzyna-pl\/#author","url":"https:\/\/www.spkatarzyna.pl\/index.php\/author\/agatasafianspkatarzyna-pl\/","name":"Redakcja","image":{"@type":"ImageObject","@id":"https:\/\/www.spkatarzyna.pl\/index.php\/2023\/05\/08\/list-dolnoslaskiego-kuratora-oswiaty-do-rodzicow-uczniow-klas-osmych\/#authorImage","url":"https:\/\/secure.gravatar.com\/avatar\/765290513df94d442152250e92b42327?s=96&d=mm&r=g","width":96,"height":96,"caption":"Redakcja"}},{"@type":"WebPage","@id":"https:\/\/www.spkatarzyna.pl\/index.php\/2023\/05\/08\/list-dolnoslaskiego-kuratora-oswiaty-do-rodzicow-uczniow-klas-osmych\/#webpage","url":"https:\/\/www.spkatarzyna.pl\/index.php\/2023\/05\/08\/list-dolnoslaskiego-kuratora-oswiaty-do-rodzicow-uczniow-klas-osmych\/","name":"List Dolno\u015bl\u0105skiego Kuratora O\u015bwiaty - SP Katarzyna","description":"List Dolno\u015bl\u0105skiego Kuratora O\u015bwiaty do Rodzic\u00f3w uczni\u00f3w klas \u00f3smych Czytaj","inLanguage":"pl-PL","isPartOf":{"@id":"https:\/\/www.spkatarzyna.pl\/#website"},"breadcrumb":{"@id":"https:\/\/www.spkatarzyna.pl\/index.php\/2023\/05\/08\/list-dolnoslaskiego-kuratora-oswiaty-do-rodzicow-uczniow-klas-osmych\/#breadcrumblist"},"author":{"@id":"https:\/\/www.spkatarzyna.pl\/index.php\/author\/agatasafianspkatarzyna-pl\/#author"},"creator":{"@id":"https:\/\/www.spkatarzyna.pl\/index.php\/author\/agatasafianspkatarzyna-pl\/#author"},"image":{"@type":"ImageObject","url":"https:\/\/www.spkatarzyna.pl\/wp-content\/uploads\/2023\/03\/info-g3a284d54b_12801.png","@id":"https:\/\/www.spkatarzyna.pl\/index.php\/2023\/05\/08\/list-dolnoslaskiego-kuratora-oswiaty-do-rodzicow-uczniow-klas-osmych\/#mainImage","width":360,"height":202},"primaryImageOfPage":{"@id":"https:\/\/www.spkatarzyna.pl\/index.php\/2023\/05\/08\/list-dolnoslaskiego-kuratora-oswiaty-do-rodzicow-uczniow-klas-osmych\/#mainImage"},"datePublished":"2023-05-08T11:01:35+02:00","dateModified":"2023-05-08T11:04:02+02:00"},{"@type":"WebSite","@id":"https:\/\/www.spkatarzyna.pl\/#website","url":"https:\/\/www.spkatarzyna.pl\/","name":"SP Katarzyna","description":"Publiczna Szko\u0142a Podstawowa w \u015awi\u0119tej Katarzynie","inLanguage":"pl-PL","publisher":{"@id":"https:\/\/www.spkatarzyna.pl\/#organization"}}]},"og:locale":"pl_PL","og:site_name":"SP Katarzyna - Publiczna Szko\u0142a Podstawowa w \u015awi\u0119tej Katarzynie","og:type":"article","og:title":"List Dolno\u015bl\u0105skiego Kuratora O\u015bwiaty - SP Katarzyna","og:description":"List Dolno\u015bl\u0105skiego Kuratora O\u015bwiaty do Rodzic\u00f3w uczni\u00f3w klas \u00f3smych Czytaj","og:url":"https:\/\/www.spkatarzyna.pl\/index.php\/2023\/05\/08\/list-dolnoslaskiego-kuratora-oswiaty-do-rodzicow-uczniow-klas-osmych\/","article:published_time":"2023-05-08T11:01:35+00:00","article:modified_time":"2023-05-08T11:04:02+00:00","twitter:card":"summary_large_image","twitter:title":"List Dolno\u015bl\u0105skiego Kuratora O\u015bwiaty - SP Katarzyna","twitter:description":"List Dolno\u015bl\u0105skiego Kuratora O\u015bwiaty do Rodzic\u00f3w uczni\u00f3w klas \u00f3smych Czytaj"},"aioseo_meta_data":{"post_id":"5332","title":null,"description":null,"keywords":null,"keyphrases":null,"primary_term":null,"canonical_url":null,"og_title":null,"og_description":null,"og_object_type":"default","og_image_type":"default","og_image_url":null,"og_image_width":null,"og_image_height":null,"og_image_custom_url":null,"og_image_custom_fields":null,"og_video":null,"og_custom_url":null,"og_article_section":null,"og_article_tags":null,"twitter_use_og":false,"twitter_card":"default","twitter_image_type":"default","twitter_image_url":null,"twitter_image_custom_url":null,"twitter_image_custom_fields":null,"twitter_title":null,"twitter_description":null,"schema":{"blockGraphs":[],"customGraphs":[],"default":{"data":{"Article":[],"Course":[],"Dataset":[],"FAQPage":[],"Movie":[],"Person":[],"Product":[],"ProductReview":[],"Car":[],"Recipe":[],"Service":[],"SoftwareApplication":[],"WebPage":[]},"graphName":"","isEnabled":true},"graphs":[]},"schema_type":"default","schema_type_options":null,"pillar_content":false,"robots_default":true,"robots_noindex":false,"robots_noarchive":false,"robots_nosnippet":false,"robots_nofollow":false,"robots_noimageindex":false,"robots_noodp":false,"robots_notranslate":false,"robots_max_snippet":null,"robots_max_videopreview":null,"robots_max_imagepreview":"large","priority":null,"frequency":null,"local_seo":null,"limit_modified_date":false,"created":"2024-04-03 08:05:13","updated":"2026-09-03 14:32:17","focus_keyword":null,"additional_keywords":null,"truseo_locale":null,"ai":null,"breadcrumb_settings":null,"seo_analyzer_scan_date":null},"aioseo_breadcrumb":"<div class=\"aioseo-breadcrumbs\"><span class=\"aioseo-breadcrumb\">\n\t\t\t<a href=\"https:\/\/www.spkatarzyna.pl\" title=\"Dom\">Dom<\/a>\n\t\t<\/span><span class=\"aioseo-breadcrumb-separator\">&raquo;<\/span><span class=\"aioseo-breadcrumb\">\n\t\t\t<a href=\"https:\/\/www.spkatarzyna.pl\/index.php\/category\/uncategorized\/\" title=\"Uncategorized\">Uncategorized<\/a>\n\t\t<\/span><span class=\"aioseo-breadcrumb-separator\">&raquo;<\/span><span class=\"aioseo-breadcrumb\">\n\t\t\tList Dolno\u015bl\u0105skiego Kuratora O\u015bwiaty\n\t\t<\/span><\/div>","aioseo_breadcrumb_json":[{"label":"Dom","link":"https:\/\/www.spkatarzyna.pl"},{"label":"Uncategorized","link":"https:\/\/www.spkatarzyna.pl\/index.php\/category\/uncategorized\/"},{"label":"List Dolno\u015bl\u0105skiego Kuratora O\u015bwiaty","link":"https:\/\/www.spkatarzyna.pl\/index.php\/2023\/05\/08\/list-dolnoslaskiego-kuratora-oswiaty-do-rodzicow-uczniow-klas-osmych\/"}],"_links":{"self":[{"href":"https:\/\/www.spkatarzyna.pl\/index.php\/wp-json\/wp\/v2\/posts\/5332","targetHints":{"allow":["GET"]}}],"collection":[{"href":"https:\/\/www.spkatarzyna.pl\/index.php\/wp-json\/wp\/v2\/posts"}],"about":[{"href":"https:\/\/www.spkatarzyna.pl\/index.php\/wp-json\/wp\/v2\/types\/post"}],"author":[{"embeddable":true,"href":"https:\/\/www.spkatarzyna.pl\/index.php\/wp-json\/wp\/v2\/users\/6"}],"replies":[{"embeddable":true,"href":"https:\/\/www.spkatarzyna.pl\/index.php\/wp-json\/wp\/v2\/comments?post=5332"}],"version-history":[{"count":4,"href":"https:\/\/www.spkatarzyna.pl\/index.php\/wp-json\/wp\/v2\/posts\/5332\/revisions"}],"predecessor-version":[{"id":5338,"href":"https:\/\/www.spkatarzyna.pl\/index.php\/wp-json\/wp\/v2\/posts\/5332\/revisions\/5338"}],"wp:featuredmedia":[{"embeddable":true,"href":"https:\/\/www.spkatarzyna.pl\/index.php\/wp-json\/wp\/v2\/media\/4477"}],"wp:attachment":[{"href":"https:\/\/www.spkatarzyna.pl\/index.php\/wp-json\/wp\/v2\/media?parent=5332"}],"wp:term":[{"taxonomy":"category","embeddable":true,"href":"https:\/\/www.spkatarzyna.pl\/index.php\/wp-json\/wp\/v2\/categories?post=5332"},{"taxonomy":"post_tag","embeddable":true,"href":"https:\/\/www.spkatarzyna.pl\/index.php\/wp-json\/wp\/v2\/tags?post=5332"}],"curies":[{"name":"wp","href":"https:\/\/api.w.org\/{rel}","templated":true}]}}