{"id":5355,"date":"2023-05-15T15:05:31","date_gmt":"2023-05-15T15:05:31","guid":{"rendered":"http:\/\/www.spkatarzyna.pl\/?p=5355"},"modified":"2023-05-15T16:44:00","modified_gmt":"2023-05-15T16:44:00","slug":"laureatki-konkursu-zdolny-slazak","status":"publish","type":"post","link":"https:\/\/www.spkatarzyna.pl\/index.php\/2023\/05\/15\/laureatki-konkursu-zdolny-slazak\/","title":{"rendered":"Laureatki konkursu zDolny \u015al\u0105zak"},"content":{"rendered":"\t\t<div data-elementor-type=\"wp-post\" data-elementor-id=\"5355\" class=\"elementor elementor-5355\">\n\t\t\t\t\t\t<section class=\"elementor-section elementor-top-section elementor-element elementor-element-7e66328 elementor-section-boxed elementor-section-height-default elementor-section-height-default\" data-id=\"7e66328\" data-element_type=\"section\">\n\t\t\t\t\t\t<div class=\"elementor-container elementor-column-gap-default\">\n\t\t\t\t\t<div class=\"elementor-column elementor-col-100 elementor-top-column elementor-element elementor-element-724c3877\" data-id=\"724c3877\" data-element_type=\"column\">\n\t\t\t<div class=\"elementor-widget-wrap elementor-element-populated\">\n\t\t\t\t\t\t<div class=\"elementor-element elementor-element-1bb27fe0 elementor-widget elementor-widget-text-editor\" data-id=\"1bb27fe0\" data-element_type=\"widget\" data-widget_type=\"text-editor.default\">\n\t\t\t\t\t\t\t\t\t<div class=\"gs\"><div class=\"\"><div id=\":xm\" class=\"ii gt\"><div id=\":xl\" class=\"a3s aiL \"><div dir=\"ltr\"><p><span style=\"font-size: 14pt;\">Oto nasze\u00a0 laureatki konkursu zDolny \u015al\u0105zak.<\/span><\/p><ul><li><span style=\"font-size: 14pt;\">Nina Cieciuch &#8211; z j\u0119zyka polskiego, <\/span><\/li><li><span style=\"font-size: 14pt;\">Agata Szreter\u00a0 zdoby\u0142a dwa tytu\u0142y &#8211; laureata z biologii i finalisty z j\u0119zyka angielskiego.<\/span><\/li><\/ul><div style=\"text-align: justify;\">\u00a0<\/div><div style=\"text-align: right;\"><span style=\"font-size: 14pt;\">Dziewcz\u0119tom gratulujemy !<\/span><\/div><div class=\"yj6qo\">\u00a0<\/div><div class=\"adL\">\u00a0<\/div><\/div><div class=\"adL\">\u00a0<\/div><\/div><\/div><div class=\"hi\">\u00a0<\/div><\/div><\/div>\t\t\t\t\t\t\t\t<\/div>\n\t\t\t\t\t<\/div>\n\t\t<\/div>\n\t\t\t\t\t<\/div>\n\t\t<\/section>\n\t\t\t\t<section class=\"elementor-section elementor-top-section elementor-element elementor-element-e757da6 elementor-section-boxed elementor-section-height-default elementor-section-height-default\" data-id=\"e757da6\" data-element_type=\"section\">\n\t\t\t\t\t\t<div class=\"elementor-container elementor-column-gap-default\">\n\t\t\t\t\t<div class=\"elementor-column elementor-col-100 elementor-top-column elementor-element elementor-element-b1e7791\" data-id=\"b1e7791\" data-element_type=\"column\">\n\t\t\t<div class=\"elementor-widget-wrap elementor-element-populated\">\n\t\t\t\t\t\t<div class=\"elementor-element elementor-element-f944c15 elementor-widget elementor-widget-image-gallery\" data-id=\"f944c15\" data-element_type=\"widget\" data-widget_type=\"image-gallery.default\">\n\t\t\t\t\t\t\t<div class=\"elementor-image-gallery\">\n\t\t\t\n\t\t<div id='gallery-1' class='gallery galleryid-5355 gallery-columns-4 gallery-size-thumbnail gallery1'><script type=\"text\/javascript\">\n\/\/ <![CDATA[\n\tjQuery(document).ready(function () {\n\t\tjQuery(\".gallery1 a\").attr(\"rel\",\"gallery1\");\t\n\t\tjQuery('a[rel=\"gallery1\"]').colorbox({title: function(){ return jQuery(this).children().attr(\"alt\"); }});\n\t});\n\/\/ ]]>\n<\/script>\n<dl class=\"gallery-item\">\n<dt class=\"gallery-icon\">\n<a href=\"https:\/\/www.spkatarzyna.pl\/wp-content\/uploads\/2023\/05\/IMG_5297-188x300.jpg\" title=\"\" rel=\"gallery1\" rel=\"lightbox[5355]\"><img decoding=\"async\" src=\"https:\/\/www.spkatarzyna.pl\/wp-content\/uploads\/2023\/05\/IMG_5297-150x150.jpg\" width=\"150\" height=\"150\" alt=\"\" \/><\/a>\n<\/dt><\/dl><dl class=\"gallery-item\">\n<dt class=\"gallery-icon\">\n<a href=\"https:\/\/www.spkatarzyna.pl\/wp-content\/uploads\/2023\/05\/IMG_5322-225x300.jpg\" title=\"\" rel=\"gallery1\" rel=\"lightbox[5355]\"><img decoding=\"async\" src=\"https:\/\/www.spkatarzyna.pl\/wp-content\/uploads\/2023\/05\/IMG_5322-150x150.jpg\" width=\"150\" height=\"150\" alt=\"\" \/><\/a>\n<\/dt><\/dl><dl class=\"gallery-item\">\n<dt class=\"gallery-icon\">\n<a href=\"https:\/\/www.spkatarzyna.pl\/wp-content\/uploads\/2023\/05\/IMG_5327-225x300.jpg\" title=\"\" rel=\"gallery1\" rel=\"lightbox[5355]\"><img decoding=\"async\" src=\"https:\/\/www.spkatarzyna.pl\/wp-content\/uploads\/2023\/05\/IMG_5327-150x150.jpg\" width=\"150\" height=\"150\" alt=\"\" \/><\/a>\n<\/dt><\/dl><dl class=\"gallery-item\">\n<dt class=\"gallery-icon\">\n<a href=\"https:\/\/www.spkatarzyna.pl\/wp-content\/uploads\/2023\/05\/Resized_20230515_160504-107x300.jpg\" title=\"\" rel=\"gallery1\" rel=\"lightbox[5355]\"><img loading=\"lazy\" decoding=\"async\" src=\"https:\/\/www.spkatarzyna.pl\/wp-content\/uploads\/2023\/05\/Resized_20230515_160504-150x150.jpg\" width=\"150\" height=\"150\" alt=\"\" \/><\/a>\n<\/dt><\/dl><br style=\"clear: both\" \/><br style=\"clear: both\" \/><\/div>\t\t<\/div>\n\t\t\t\t\t\t<\/div>\n\t\t\t\t\t<\/div>\n\t\t<\/div>\n\t\t\t\t\t<\/div>\n\t\t<\/section>\n\t\t\t\t<\/div>\n\t\t","protected":false},"excerpt":{"rendered":"<p>Oto nasze\u00a0 laureatki konkursu zDolny \u015al\u0105zak. Nina Cieciuch &#8211; z j\u0119zyka polskiego, Agata Szreter\u00a0 zdoby\u0142a dwa tytu\u0142y &#8211; laureata z biologii i finalisty z j\u0119zyka angielskiego. \u00a0Dziewcz\u0119tom gratulujemy !\u00a0\u00a0\u00a0\u00a0<\/p>\n","protected":false},"author":6,"featured_media":5356,"comment_status":"open","ping_status":"open","sticky":false,"template":"","format":"standard","meta":{"om_disable_all_campaigns":false,"_monsterinsights_skip_tracking":false,"ngg_post_thumbnail":0,"footnotes":""},"categories":[1],"tags":[],"class_list":["post-5355","post","type-post","status-publish","format-standard","has-post-thumbnail","hentry","category-uncategorized"],"aioseo_notices":[],"aioseo_head":"\n\t\t<!-- All in One SEO 5.0.1.1 - aioseo.com -->\n\t<meta name=\"description\" content=\"Oto nasze laureatki konkursu zDolny \u015al\u0105zak.Nina Cieciuch \u2013 z j\u0119zyka polskiego, Agata Szreter zdoby\u0142a dwa tytu\u0142y \u2013 laureata z biologii i finalisty z j\u0119zyka angielskiego. Dziewcz\u0119tom gratulujemy !\" \/>\n\t<meta name=\"robots\" content=\"max-image-preview:large\" \/>\n\t<meta name=\"author\" content=\"Redakcja\"\/>\n\t<link rel=\"canonical\" href=\"https:\/\/www.spkatarzyna.pl\/index.php\/2023\/05\/15\/laureatki-konkursu-zdolny-slazak\/\" \/>\n\t<meta name=\"generator\" content=\"All in One SEO (AIOSEO) 5.0.1.1\" \/>\n\t\t<meta property=\"og:locale\" content=\"pl_PL\" \/>\n\t\t<meta property=\"og:site_name\" content=\"SP Katarzyna - Publiczna Szko\u0142a Podstawowa w \u015awi\u0119tej Katarzynie\" \/>\n\t\t<meta property=\"og:type\" content=\"article\" \/>\n\t\t<meta property=\"og:title\" content=\"Laureatki konkursu zDolny \u015al\u0105zak - SP Katarzyna\" \/>\n\t\t<meta property=\"og:description\" content=\"Oto nasze laureatki konkursu zDolny \u015al\u0105zak.Nina Cieciuch \u2013 z j\u0119zyka polskiego, Agata Szreter zdoby\u0142a dwa tytu\u0142y \u2013 laureata z biologii i finalisty z j\u0119zyka angielskiego. Dziewcz\u0119tom gratulujemy !\" \/>\n\t\t<meta property=\"og:url\" content=\"https:\/\/www.spkatarzyna.pl\/index.php\/2023\/05\/15\/laureatki-konkursu-zdolny-slazak\/\" \/>\n\t\t<meta property=\"article:published_time\" content=\"2023-05-15T15:05:31+00:00\" \/>\n\t\t<meta property=\"article:modified_time\" content=\"2023-05-15T16:44:00+00:00\" \/>\n\t\t<meta name=\"twitter:card\" content=\"summary_large_image\" \/>\n\t\t<meta name=\"twitter:title\" content=\"Laureatki konkursu zDolny \u015al\u0105zak - SP Katarzyna\" \/>\n\t\t<meta name=\"twitter:description\" content=\"Oto nasze laureatki konkursu zDolny \u015al\u0105zak.Nina Cieciuch \u2013 z j\u0119zyka polskiego, Agata Szreter zdoby\u0142a dwa tytu\u0142y \u2013 laureata z biologii i finalisty z j\u0119zyka angielskiego. Dziewcz\u0119tom gratulujemy !\" \/>\n\t\t<script type=\"application\/ld+json\" class=\"aioseo-schema\">\n\t\t\t{\"@context\":\"https:\\\/\\\/schema.org\",\"@graph\":[{\"@type\":\"BlogPosting\",\"@id\":\"https:\\\/\\\/www.spkatarzyna.pl\\\/index.php\\\/2023\\\/05\\\/15\\\/laureatki-konkursu-zdolny-slazak\\\/#blogposting\",\"name\":\"Laureatki konkursu zDolny \\u015al\\u0105zak - SP Katarzyna\",\"headline\":\"Laureatki konkursu zDolny \\u015al\\u0105zak\",\"author\":{\"@id\":\"https:\\\/\\\/www.spkatarzyna.pl\\\/index.php\\\/author\\\/agatasafianspkatarzyna-pl\\\/#author\"},\"publisher\":{\"@id\":\"https:\\\/\\\/www.spkatarzyna.pl\\\/#organization\"},\"image\":{\"@type\":\"ImageObject\",\"url\":\"https:\\\/\\\/www.spkatarzyna.pl\\\/wp-content\\\/uploads\\\/2023\\\/05\\\/IMG_5327-2.jpg\",\"width\":360,\"height\":202},\"datePublished\":\"2023-05-15T15:05:31+02:00\",\"dateModified\":\"2023-05-15T16:44:00+02:00\",\"inLanguage\":\"pl-PL\",\"mainEntityOfPage\":{\"@id\":\"https:\\\/\\\/www.spkatarzyna.pl\\\/index.php\\\/2023\\\/05\\\/15\\\/laureatki-konkursu-zdolny-slazak\\\/#webpage\"},\"isPartOf\":{\"@id\":\"https:\\\/\\\/www.spkatarzyna.pl\\\/index.php\\\/2023\\\/05\\\/15\\\/laureatki-konkursu-zdolny-slazak\\\/#webpage\"},\"articleSection\":\"Uncategorized\"},{\"@type\":\"BreadcrumbList\",\"@id\":\"https:\\\/\\\/www.spkatarzyna.pl\\\/index.php\\\/2023\\\/05\\\/15\\\/laureatki-konkursu-zdolny-slazak\\\/#breadcrumblist\",\"itemListElement\":[{\"@type\":\"ListItem\",\"@id\":\"https:\\\/\\\/www.spkatarzyna.pl#listItem\",\"position\":1,\"name\":\"Dom\",\"item\":\"https:\\\/\\\/www.spkatarzyna.pl\",\"nextItem\":{\"@type\":\"ListItem\",\"@id\":\"https:\\\/\\\/www.spkatarzyna.pl\\\/index.php\\\/category\\\/uncategorized\\\/#listItem\",\"name\":\"Uncategorized\"}},{\"@type\":\"ListItem\",\"@id\":\"https:\\\/\\\/www.spkatarzyna.pl\\\/index.php\\\/category\\\/uncategorized\\\/#listItem\",\"position\":2,\"name\":\"Uncategorized\",\"item\":\"https:\\\/\\\/www.spkatarzyna.pl\\\/index.php\\\/category\\\/uncategorized\\\/\",\"nextItem\":{\"@type\":\"ListItem\",\"@id\":\"https:\\\/\\\/www.spkatarzyna.pl\\\/index.php\\\/2023\\\/05\\\/15\\\/laureatki-konkursu-zdolny-slazak\\\/#listItem\",\"name\":\"Laureatki konkursu zDolny \\u015al\\u0105zak\"},\"previousItem\":{\"@type\":\"ListItem\",\"@id\":\"https:\\\/\\\/www.spkatarzyna.pl#listItem\",\"name\":\"Dom\"}},{\"@type\":\"ListItem\",\"@id\":\"https:\\\/\\\/www.spkatarzyna.pl\\\/index.php\\\/2023\\\/05\\\/15\\\/laureatki-konkursu-zdolny-slazak\\\/#listItem\",\"position\":3,\"name\":\"Laureatki konkursu zDolny \\u015al\\u0105zak\",\"previousItem\":{\"@type\":\"ListItem\",\"@id\":\"https:\\\/\\\/www.spkatarzyna.pl\\\/index.php\\\/category\\\/uncategorized\\\/#listItem\",\"name\":\"Uncategorized\"}}]},{\"@type\":\"Organization\",\"@id\":\"https:\\\/\\\/www.spkatarzyna.pl\\\/#organization\",\"name\":\"SP Katarzyna\",\"description\":\"Publiczna Szko\\u0142a Podstawowa w \\u015awi\\u0119tej Katarzynie\",\"url\":\"https:\\\/\\\/www.spkatarzyna.pl\\\/\",\"telephone\":\"+48713116378\",\"sameAs\":[\"https:\\\/\\\/facebook.com\\\/\",\"https:\\\/\\\/x.com\\\/\",\"https:\\\/\\\/instagram.com\\\/\",\"https:\\\/\\\/pinterest.com\\\/\",\"https:\\\/\\\/youtube.com\\\/\",\"https:\\\/\\\/linkedin.com\\\/in\\\/\"]},{\"@type\":\"Person\",\"@id\":\"https:\\\/\\\/www.spkatarzyna.pl\\\/index.php\\\/author\\\/agatasafianspkatarzyna-pl\\\/#author\",\"url\":\"https:\\\/\\\/www.spkatarzyna.pl\\\/index.php\\\/author\\\/agatasafianspkatarzyna-pl\\\/\",\"name\":\"Redakcja\",\"image\":{\"@type\":\"ImageObject\",\"@id\":\"https:\\\/\\\/www.spkatarzyna.pl\\\/index.php\\\/2023\\\/05\\\/15\\\/laureatki-konkursu-zdolny-slazak\\\/#authorImage\",\"url\":\"https:\\\/\\\/secure.gravatar.com\\\/avatar\\\/765290513df94d442152250e92b42327?s=96&d=mm&r=g\",\"width\":96,\"height\":96,\"caption\":\"Redakcja\"}},{\"@type\":\"WebPage\",\"@id\":\"https:\\\/\\\/www.spkatarzyna.pl\\\/index.php\\\/2023\\\/05\\\/15\\\/laureatki-konkursu-zdolny-slazak\\\/#webpage\",\"url\":\"https:\\\/\\\/www.spkatarzyna.pl\\\/index.php\\\/2023\\\/05\\\/15\\\/laureatki-konkursu-zdolny-slazak\\\/\",\"name\":\"Laureatki konkursu zDolny \\u015al\\u0105zak - SP Katarzyna\",\"description\":\"Oto nasze laureatki konkursu zDolny \\u015al\\u0105zak.Nina Cieciuch \\u2013 z j\\u0119zyka polskiego, Agata Szreter zdoby\\u0142a dwa tytu\\u0142y \\u2013 laureata z biologii i finalisty z j\\u0119zyka angielskiego. Dziewcz\\u0119tom gratulujemy !\",\"inLanguage\":\"pl-PL\",\"isPartOf\":{\"@id\":\"https:\\\/\\\/www.spkatarzyna.pl\\\/#website\"},\"breadcrumb\":{\"@id\":\"https:\\\/\\\/www.spkatarzyna.pl\\\/index.php\\\/2023\\\/05\\\/15\\\/laureatki-konkursu-zdolny-slazak\\\/#breadcrumblist\"},\"author\":{\"@id\":\"https:\\\/\\\/www.spkatarzyna.pl\\\/index.php\\\/author\\\/agatasafianspkatarzyna-pl\\\/#author\"},\"creator\":{\"@id\":\"https:\\\/\\\/www.spkatarzyna.pl\\\/index.php\\\/author\\\/agatasafianspkatarzyna-pl\\\/#author\"},\"image\":{\"@type\":\"ImageObject\",\"url\":\"https:\\\/\\\/www.spkatarzyna.pl\\\/wp-content\\\/uploads\\\/2023\\\/05\\\/IMG_5327-2.jpg\",\"@id\":\"https:\\\/\\\/www.spkatarzyna.pl\\\/index.php\\\/2023\\\/05\\\/15\\\/laureatki-konkursu-zdolny-slazak\\\/#mainImage\",\"width\":360,\"height\":202},\"primaryImageOfPage\":{\"@id\":\"https:\\\/\\\/www.spkatarzyna.pl\\\/index.php\\\/2023\\\/05\\\/15\\\/laureatki-konkursu-zdolny-slazak\\\/#mainImage\"},\"datePublished\":\"2023-05-15T15:05:31+02:00\",\"dateModified\":\"2023-05-15T16:44:00+02:00\"},{\"@type\":\"WebSite\",\"@id\":\"https:\\\/\\\/www.spkatarzyna.pl\\\/#website\",\"url\":\"https:\\\/\\\/www.spkatarzyna.pl\\\/\",\"name\":\"SP Katarzyna\",\"description\":\"Publiczna Szko\\u0142a Podstawowa w \\u015awi\\u0119tej Katarzynie\",\"inLanguage\":\"pl-PL\",\"publisher\":{\"@id\":\"https:\\\/\\\/www.spkatarzyna.pl\\\/#organization\"}}]}\n\t\t<\/script>\n\t\t<!-- All in One SEO -->\n\n","aioseo_head_json":{"title":"Laureatki konkursu zDolny \u015al\u0105zak - SP Katarzyna","description":"Oto nasze laureatki konkursu zDolny \u015al\u0105zak.Nina Cieciuch \u2013 z j\u0119zyka polskiego, Agata Szreter zdoby\u0142a dwa tytu\u0142y \u2013 laureata z biologii i finalisty z j\u0119zyka angielskiego. Dziewcz\u0119tom gratulujemy !","canonical_url":"https:\/\/www.spkatarzyna.pl\/index.php\/2023\/05\/15\/laureatki-konkursu-zdolny-slazak\/","robots":"max-image-preview:large","keywords":"","webmasterTools":{"miscellaneous":""},"schema":{"@context":"https:\/\/schema.org","@graph":[{"@type":"BlogPosting","@id":"https:\/\/www.spkatarzyna.pl\/index.php\/2023\/05\/15\/laureatki-konkursu-zdolny-slazak\/#blogposting","name":"Laureatki konkursu zDolny \u015al\u0105zak - SP Katarzyna","headline":"Laureatki konkursu zDolny \u015al\u0105zak","author":{"@id":"https:\/\/www.spkatarzyna.pl\/index.php\/author\/agatasafianspkatarzyna-pl\/#author"},"publisher":{"@id":"https:\/\/www.spkatarzyna.pl\/#organization"},"image":{"@type":"ImageObject","url":"https:\/\/www.spkatarzyna.pl\/wp-content\/uploads\/2023\/05\/IMG_5327-2.jpg","width":360,"height":202},"datePublished":"2023-05-15T15:05:31+02:00","dateModified":"2023-05-15T16:44:00+02:00","inLanguage":"pl-PL","mainEntityOfPage":{"@id":"https:\/\/www.spkatarzyna.pl\/index.php\/2023\/05\/15\/laureatki-konkursu-zdolny-slazak\/#webpage"},"isPartOf":{"@id":"https:\/\/www.spkatarzyna.pl\/index.php\/2023\/05\/15\/laureatki-konkursu-zdolny-slazak\/#webpage"},"articleSection":"Uncategorized"},{"@type":"BreadcrumbList","@id":"https:\/\/www.spkatarzyna.pl\/index.php\/2023\/05\/15\/laureatki-konkursu-zdolny-slazak\/#breadcrumblist","itemListElement":[{"@type":"ListItem","@id":"https:\/\/www.spkatarzyna.pl#listItem","position":1,"name":"Dom","item":"https:\/\/www.spkatarzyna.pl","nextItem":{"@type":"ListItem","@id":"https:\/\/www.spkatarzyna.pl\/index.php\/category\/uncategorized\/#listItem","name":"Uncategorized"}},{"@type":"ListItem","@id":"https:\/\/www.spkatarzyna.pl\/index.php\/category\/uncategorized\/#listItem","position":2,"name":"Uncategorized","item":"https:\/\/www.spkatarzyna.pl\/index.php\/category\/uncategorized\/","nextItem":{"@type":"ListItem","@id":"https:\/\/www.spkatarzyna.pl\/index.php\/2023\/05\/15\/laureatki-konkursu-zdolny-slazak\/#listItem","name":"Laureatki konkursu zDolny \u015al\u0105zak"},"previousItem":{"@type":"ListItem","@id":"https:\/\/www.spkatarzyna.pl#listItem","name":"Dom"}},{"@type":"ListItem","@id":"https:\/\/www.spkatarzyna.pl\/index.php\/2023\/05\/15\/laureatki-konkursu-zdolny-slazak\/#listItem","position":3,"name":"Laureatki konkursu zDolny \u015al\u0105zak","previousItem":{"@type":"ListItem","@id":"https:\/\/www.spkatarzyna.pl\/index.php\/category\/uncategorized\/#listItem","name":"Uncategorized"}}]},{"@type":"Organization","@id":"https:\/\/www.spkatarzyna.pl\/#organization","name":"SP Katarzyna","description":"Publiczna Szko\u0142a Podstawowa w \u015awi\u0119tej Katarzynie","url":"https:\/\/www.spkatarzyna.pl\/","telephone":"+48713116378","sameAs":["https:\/\/facebook.com\/","https:\/\/x.com\/","https:\/\/instagram.com\/","https:\/\/pinterest.com\/","https:\/\/youtube.com\/","https:\/\/linkedin.com\/in\/"]},{"@type":"Person","@id":"https:\/\/www.spkatarzyna.pl\/index.php\/author\/agatasafianspkatarzyna-pl\/#author","url":"https:\/\/www.spkatarzyna.pl\/index.php\/author\/agatasafianspkatarzyna-pl\/","name":"Redakcja","image":{"@type":"ImageObject","@id":"https:\/\/www.spkatarzyna.pl\/index.php\/2023\/05\/15\/laureatki-konkursu-zdolny-slazak\/#authorImage","url":"https:\/\/secure.gravatar.com\/avatar\/765290513df94d442152250e92b42327?s=96&d=mm&r=g","width":96,"height":96,"caption":"Redakcja"}},{"@type":"WebPage","@id":"https:\/\/www.spkatarzyna.pl\/index.php\/2023\/05\/15\/laureatki-konkursu-zdolny-slazak\/#webpage","url":"https:\/\/www.spkatarzyna.pl\/index.php\/2023\/05\/15\/laureatki-konkursu-zdolny-slazak\/","name":"Laureatki konkursu zDolny \u015al\u0105zak - SP Katarzyna","description":"Oto nasze laureatki konkursu zDolny \u015al\u0105zak.Nina Cieciuch \u2013 z j\u0119zyka polskiego, Agata Szreter zdoby\u0142a dwa tytu\u0142y \u2013 laureata z biologii i finalisty z j\u0119zyka angielskiego. Dziewcz\u0119tom gratulujemy !","inLanguage":"pl-PL","isPartOf":{"@id":"https:\/\/www.spkatarzyna.pl\/#website"},"breadcrumb":{"@id":"https:\/\/www.spkatarzyna.pl\/index.php\/2023\/05\/15\/laureatki-konkursu-zdolny-slazak\/#breadcrumblist"},"author":{"@id":"https:\/\/www.spkatarzyna.pl\/index.php\/author\/agatasafianspkatarzyna-pl\/#author"},"creator":{"@id":"https:\/\/www.spkatarzyna.pl\/index.php\/author\/agatasafianspkatarzyna-pl\/#author"},"image":{"@type":"ImageObject","url":"https:\/\/www.spkatarzyna.pl\/wp-content\/uploads\/2023\/05\/IMG_5327-2.jpg","@id":"https:\/\/www.spkatarzyna.pl\/index.php\/2023\/05\/15\/laureatki-konkursu-zdolny-slazak\/#mainImage","width":360,"height":202},"primaryImageOfPage":{"@id":"https:\/\/www.spkatarzyna.pl\/index.php\/2023\/05\/15\/laureatki-konkursu-zdolny-slazak\/#mainImage"},"datePublished":"2023-05-15T15:05:31+02:00","dateModified":"2023-05-15T16:44:00+02:00"},{"@type":"WebSite","@id":"https:\/\/www.spkatarzyna.pl\/#website","url":"https:\/\/www.spkatarzyna.pl\/","name":"SP Katarzyna","description":"Publiczna Szko\u0142a Podstawowa w \u015awi\u0119tej Katarzynie","inLanguage":"pl-PL","publisher":{"@id":"https:\/\/www.spkatarzyna.pl\/#organization"}}]},"og:locale":"pl_PL","og:site_name":"SP Katarzyna - Publiczna Szko\u0142a Podstawowa w \u015awi\u0119tej Katarzynie","og:type":"article","og:title":"Laureatki konkursu zDolny \u015al\u0105zak - SP Katarzyna","og:description":"Oto nasze laureatki konkursu zDolny \u015al\u0105zak.Nina Cieciuch \u2013 z j\u0119zyka polskiego, Agata Szreter zdoby\u0142a dwa tytu\u0142y \u2013 laureata z biologii i finalisty z j\u0119zyka angielskiego. Dziewcz\u0119tom gratulujemy !","og:url":"https:\/\/www.spkatarzyna.pl\/index.php\/2023\/05\/15\/laureatki-konkursu-zdolny-slazak\/","article:published_time":"2023-05-15T15:05:31+00:00","article:modified_time":"2023-05-15T16:44:00+00:00","twitter:card":"summary_large_image","twitter:title":"Laureatki konkursu zDolny \u015al\u0105zak - SP Katarzyna","twitter:description":"Oto nasze laureatki konkursu zDolny \u015al\u0105zak.Nina Cieciuch \u2013 z j\u0119zyka polskiego, Agata Szreter zdoby\u0142a dwa tytu\u0142y \u2013 laureata z biologii i finalisty z j\u0119zyka angielskiego. Dziewcz\u0119tom gratulujemy !"},"aioseo_meta_data":{"post_id":"5355","title":null,"description":null,"keywords":null,"keyphrases":null,"primary_term":null,"canonical_url":null,"og_title":null,"og_description":null,"og_object_type":"default","og_image_type":"default","og_image_url":null,"og_image_width":null,"og_image_height":null,"og_image_custom_url":null,"og_image_custom_fields":null,"og_video":null,"og_custom_url":null,"og_article_section":null,"og_article_tags":null,"twitter_use_og":false,"twitter_card":"default","twitter_image_type":"default","twitter_image_url":null,"twitter_image_custom_url":null,"twitter_image_custom_fields":null,"twitter_title":null,"twitter_description":null,"schema":{"blockGraphs":[],"customGraphs":[],"default":{"data":{"Article":[],"Course":[],"Dataset":[],"FAQPage":[],"Movie":[],"Person":[],"Product":[],"ProductReview":[],"Car":[],"Recipe":[],"Service":[],"SoftwareApplication":[],"WebPage":[]},"graphName":"","isEnabled":true},"graphs":[]},"schema_type":"default","schema_type_options":null,"pillar_content":false,"robots_default":true,"robots_noindex":false,"robots_noarchive":false,"robots_nosnippet":false,"robots_nofollow":false,"robots_noimageindex":false,"robots_noodp":false,"robots_notranslate":false,"robots_max_snippet":null,"robots_max_videopreview":null,"robots_max_imagepreview":"large","priority":null,"frequency":null,"local_seo":null,"limit_modified_date":false,"created":"2024-04-03 08:06:00","updated":"2026-09-03 14:32:17","focus_keyword":null,"additional_keywords":null,"truseo_locale":null,"ai":null,"breadcrumb_settings":null,"seo_analyzer_scan_date":null},"aioseo_breadcrumb":"<div class=\"aioseo-breadcrumbs\"><span class=\"aioseo-breadcrumb\">\n\t\t\t<a href=\"https:\/\/www.spkatarzyna.pl\" title=\"Dom\">Dom<\/a>\n\t\t<\/span><span class=\"aioseo-breadcrumb-separator\">&raquo;<\/span><span class=\"aioseo-breadcrumb\">\n\t\t\t<a href=\"https:\/\/www.spkatarzyna.pl\/index.php\/category\/uncategorized\/\" title=\"Uncategorized\">Uncategorized<\/a>\n\t\t<\/span><span class=\"aioseo-breadcrumb-separator\">&raquo;<\/span><span class=\"aioseo-breadcrumb\">\n\t\t\tLaureatki konkursu zDolny \u015al\u0105zak\n\t\t<\/span><\/div>","aioseo_breadcrumb_json":[{"label":"Dom","link":"https:\/\/www.spkatarzyna.pl"},{"label":"Uncategorized","link":"https:\/\/www.spkatarzyna.pl\/index.php\/category\/uncategorized\/"},{"label":"Laureatki konkursu zDolny \u015al\u0105zak","link":"https:\/\/www.spkatarzyna.pl\/index.php\/2023\/05\/15\/laureatki-konkursu-zdolny-slazak\/"}],"_links":{"self":[{"href":"https:\/\/www.spkatarzyna.pl\/index.php\/wp-json\/wp\/v2\/posts\/5355","targetHints":{"allow":["GET"]}}],"collection":[{"href":"https:\/\/www.spkatarzyna.pl\/index.php\/wp-json\/wp\/v2\/posts"}],"about":[{"href":"https:\/\/www.spkatarzyna.pl\/index.php\/wp-json\/wp\/v2\/types\/post"}],"author":[{"embeddable":true,"href":"https:\/\/www.spkatarzyna.pl\/index.php\/wp-json\/wp\/v2\/users\/6"}],"replies":[{"embeddable":true,"href":"https:\/\/www.spkatarzyna.pl\/index.php\/wp-json\/wp\/v2\/comments?post=5355"}],"version-history":[{"count":13,"href":"https:\/\/www.spkatarzyna.pl\/index.php\/wp-json\/wp\/v2\/posts\/5355\/revisions"}],"predecessor-version":[{"id":5373,"href":"https:\/\/www.spkatarzyna.pl\/index.php\/wp-json\/wp\/v2\/posts\/5355\/revisions\/5373"}],"wp:featuredmedia":[{"embeddable":true,"href":"https:\/\/www.spkatarzyna.pl\/index.php\/wp-json\/wp\/v2\/media\/5356"}],"wp:attachment":[{"href":"https:\/\/www.spkatarzyna.pl\/index.php\/wp-json\/wp\/v2\/media?parent=5355"}],"wp:term":[{"taxonomy":"category","embeddable":true,"href":"https:\/\/www.spkatarzyna.pl\/index.php\/wp-json\/wp\/v2\/categories?post=5355"},{"taxonomy":"post_tag","embeddable":true,"href":"https:\/\/www.spkatarzyna.pl\/index.php\/wp-json\/wp\/v2\/tags?post=5355"}],"curies":[{"name":"wp","href":"https:\/\/api.w.org\/{rel}","templated":true}]}}