{"id":5374,"date":"2023-05-16T19:50:51","date_gmt":"2023-05-16T19:50:51","guid":{"rendered":"http:\/\/www.spkatarzyna.pl\/?p=5374"},"modified":"2023-05-16T19:58:29","modified_gmt":"2023-05-16T19:58:29","slug":"tydzien-bibliotek-2023","status":"publish","type":"post","link":"https:\/\/www.spkatarzyna.pl\/index.php\/2023\/05\/16\/tydzien-bibliotek-2023\/","title":{"rendered":"Tydzie\u0144 Bibliotek 2023"},"content":{"rendered":"\t\t<div data-elementor-type=\"wp-post\" data-elementor-id=\"5374\" class=\"elementor elementor-5374\">\n\t\t\t\t\t\t<section class=\"elementor-section elementor-top-section elementor-element elementor-element-14c86fd9 elementor-section-boxed elementor-section-height-default elementor-section-height-default\" data-id=\"14c86fd9\" data-element_type=\"section\">\n\t\t\t\t\t\t<div class=\"elementor-container elementor-column-gap-default\">\n\t\t\t\t\t<div class=\"elementor-column elementor-col-100 elementor-top-column elementor-element elementor-element-814def\" data-id=\"814def\" data-element_type=\"column\">\n\t\t\t<div class=\"elementor-widget-wrap elementor-element-populated\">\n\t\t\t\t\t\t<div class=\"elementor-element elementor-element-b42adde elementor-widget elementor-widget-text-editor\" data-id=\"b42adde\" data-element_type=\"widget\" data-widget_type=\"text-editor.default\">\n\t\t\t\t\t\t\t\t\t<p style=\"text-align: justify;\"><span style=\"font-size: 14pt;\"><span style=\"font-weight: 400;\">Co roku Stowarzyszenie Bibliotekarzy Polskich od 8 do 15 maja, organizuje Tydzie\u0144 Bibliotek. Celem akcji jest podkre\u015blanie roli czytania i bibliotek w poprawie jako\u015bci \u017cycia, edukacji oraz zainteresowanie ksi\u0105\u017ck\u0105 jak najwi\u0119cej os\u00f3b. W tym roku odby\u0142a si\u0119\u00a0 XX edycja og\u00f3lnopolskiego projektu, promuj\u0105cego bibliotek\u0119 i czytelnictwo. <\/span><\/span><span style=\"font-size: 14pt;\"><span style=\"font-weight: 400;\">Nasza biblioteka szkolna po raz kolejny w\u0142\u0105czy\u0142a si\u0119 w\u00a0 akcj\u0119 organizuj\u0105c dla uczni\u00f3w zaj\u0119cia \u0142\u0105cz\u0105ce czytanie i programowanie. <\/span><span style=\"font-weight: 400;\">W czasie zaj\u0119\u0107 uczniowie klas 1-3 wys\u0142uchali r\u00f3\u017cnych ba\u015bni i bajek, czytanych z wykorzystaniem teatrzyku Kamishibai. Nast\u0119pnie sterowali robotami ustalaj\u0105c plan wydarze\u0144 do przeczytanych ba\u015bni,\u00a0 <\/span><span style=\"font-weight: 400;\">odwzorowywali w\u0119dr\u00f3wki bohater\u00f3w, oraz programowali alternatywne zako\u0144czenia ba\u015bni i bajek.\u00a0<\/span><\/span><span style=\"font-size: 14pt;\"><span style=\"font-weight: 400;\">Zaj\u0119cia czytelnicze z robotami <\/span><span style=\"font-weight: 400;\">to nie tylko \u015bwietna zabawa, kt\u00f3ra rozwija wyobra\u017ani\u0119 i kreatywno\u015b\u0107 uczni\u00f3w, ale r\u00f3wnie\u017c niezwykle przyjemna forma zach\u0119caj\u0105ca ich do czytania<\/span><\/span><\/p><p>\u00a0<\/p>\t\t\t\t\t\t\t\t<\/div>\n\t\t\t\t\t<\/div>\n\t\t<\/div>\n\t\t\t\t\t<\/div>\n\t\t<\/section>\n\t\t\t\t<section class=\"elementor-section elementor-top-section elementor-element elementor-element-7dc8afc elementor-section-boxed elementor-section-height-default elementor-section-height-default\" data-id=\"7dc8afc\" data-element_type=\"section\">\n\t\t\t\t\t\t<div class=\"elementor-container elementor-column-gap-default\">\n\t\t\t\t\t<div class=\"elementor-column elementor-col-100 elementor-top-column elementor-element elementor-element-e89aef5\" data-id=\"e89aef5\" data-element_type=\"column\">\n\t\t\t<div class=\"elementor-widget-wrap elementor-element-populated\">\n\t\t\t\t\t\t<div class=\"elementor-element elementor-element-8edbaa3 elementor-widget elementor-widget-image-gallery\" data-id=\"8edbaa3\" data-element_type=\"widget\" data-widget_type=\"image-gallery.default\">\n\t\t\t\t\t\t\t<div class=\"elementor-image-gallery\">\n\t\t\t\n\t\t<div id='gallery-1' class='gallery galleryid-5374 gallery-columns-4 gallery-size-thumbnail gallery1'><script type=\"text\/javascript\">\n\/\/ <![CDATA[\n\tjQuery(document).ready(function () {\n\t\tjQuery(\".gallery1 a\").attr(\"rel\",\"gallery1\");\t\n\t\tjQuery('a[rel=\"gallery1\"]').colorbox({title: function(){ return jQuery(this).children().attr(\"alt\"); }});\n\t});\n\/\/ ]]>\n<\/script>\n<dl class=\"gallery-item\">\n<dt class=\"gallery-icon\">\n<a href=\"https:\/\/www.spkatarzyna.pl\/wp-content\/uploads\/2023\/05\/IMG_2764-300x225.jpg\" title=\"\" rel=\"gallery1\" rel=\"lightbox[5374]\"><img decoding=\"async\" src=\"https:\/\/www.spkatarzyna.pl\/wp-content\/uploads\/2023\/05\/IMG_2764-150x150.jpg\" width=\"150\" height=\"150\" alt=\"\" \/><\/a>\n<\/dt><\/dl><dl class=\"gallery-item\">\n<dt class=\"gallery-icon\">\n<a href=\"https:\/\/www.spkatarzyna.pl\/wp-content\/uploads\/2023\/05\/IMG_2780-300x225.jpg\" title=\"\" rel=\"gallery1\" rel=\"lightbox[5374]\"><img decoding=\"async\" src=\"https:\/\/www.spkatarzyna.pl\/wp-content\/uploads\/2023\/05\/IMG_2780-150x150.jpg\" width=\"150\" height=\"150\" alt=\"\" \/><\/a>\n<\/dt><\/dl><dl class=\"gallery-item\">\n<dt class=\"gallery-icon\">\n<a href=\"https:\/\/www.spkatarzyna.pl\/wp-content\/uploads\/2023\/05\/IMG_2787-300x225.jpg\" title=\"\" rel=\"gallery1\" rel=\"lightbox[5374]\"><img decoding=\"async\" src=\"https:\/\/www.spkatarzyna.pl\/wp-content\/uploads\/2023\/05\/IMG_2787-150x150.jpg\" width=\"150\" height=\"150\" alt=\"\" \/><\/a>\n<\/dt><\/dl><dl class=\"gallery-item\">\n<dt class=\"gallery-icon\">\n<a href=\"https:\/\/www.spkatarzyna.pl\/wp-content\/uploads\/2023\/05\/IMG_2790-300x225.jpg\" title=\"\" rel=\"gallery1\" rel=\"lightbox[5374]\"><img loading=\"lazy\" decoding=\"async\" src=\"https:\/\/www.spkatarzyna.pl\/wp-content\/uploads\/2023\/05\/IMG_2790-150x150.jpg\" width=\"150\" height=\"150\" alt=\"\" \/><\/a>\n<\/dt><\/dl><br style=\"clear: both\" \/><br style=\"clear: both\" \/><\/div>\t\t<\/div>\n\t\t\t\t\t\t<\/div>\n\t\t\t\t\t<\/div>\n\t\t<\/div>\n\t\t\t\t\t<\/div>\n\t\t<\/section>\n\t\t\t\t<\/div>\n\t\t","protected":false},"excerpt":{"rendered":"<p>Co roku Stowarzyszenie Bibliotekarzy Polskich od 8 do 15 maja, organizuje Tydzie\u0144 Bibliotek. Celem akcji jest podkre\u015blanie roli czytania i bibliotek w poprawie jako\u015bci \u017cycia, edukacji oraz zainteresowanie ksi\u0105\u017ck\u0105 jak najwi\u0119cej os\u00f3b. W tym roku odby\u0142a si\u0119\u00a0 XX edycja og\u00f3lnopolskiego projektu, promuj\u0105cego bibliotek\u0119 i czytelnictwo. Nasza biblioteka szkolna po raz [&hellip;]<\/p>\n","protected":false},"author":6,"featured_media":5375,"comment_status":"open","ping_status":"open","sticky":false,"template":"","format":"standard","meta":{"om_disable_all_campaigns":false,"_monsterinsights_skip_tracking":false,"ngg_post_thumbnail":0,"footnotes":""},"categories":[1],"tags":[],"class_list":["post-5374","post","type-post","status-publish","format-standard","has-post-thumbnail","hentry","category-uncategorized"],"aioseo_notices":[],"aioseo_head":"\n\t\t<!-- All in One SEO 5.0.1.1 - aioseo.com -->\n\t<meta name=\"description\" content=\"Co roku Stowarzyszenie Bibliotekarzy Polskich od 8 do 15 maja, organizuje Tydzie\u0144 Bibliotek. Celem akcji jest podkre\u015blanie roli czytania i bibliotek w poprawie jako\u015bci \u017cycia, edukacji oraz zainteresowanie ksi\u0105\u017ck\u0105 jak najwi\u0119cej os\u00f3b. W tym roku odby\u0142a si\u0119 XX edycja og\u00f3lnopolskiego projektu, promuj\u0105cego bibliotek\u0119 i czytelnictwo. Nasza biblioteka szkolna po raz kolejny w\u0142\u0105czy\u0142a si\u0119 w akcj\u0119\" \/>\n\t<meta name=\"robots\" content=\"max-image-preview:large\" \/>\n\t<meta name=\"author\" content=\"Redakcja\"\/>\n\t<link rel=\"canonical\" href=\"https:\/\/www.spkatarzyna.pl\/index.php\/2023\/05\/16\/tydzien-bibliotek-2023\/\" \/>\n\t<meta name=\"generator\" content=\"All in One SEO (AIOSEO) 5.0.1.1\" \/>\n\t\t<meta property=\"og:locale\" content=\"pl_PL\" \/>\n\t\t<meta property=\"og:site_name\" content=\"SP Katarzyna - Publiczna Szko\u0142a Podstawowa w \u015awi\u0119tej Katarzynie\" \/>\n\t\t<meta property=\"og:type\" content=\"article\" \/>\n\t\t<meta property=\"og:title\" content=\"Tydzie\u0144 Bibliotek 2023 - SP Katarzyna\" \/>\n\t\t<meta property=\"og:description\" content=\"Co roku Stowarzyszenie Bibliotekarzy Polskich od 8 do 15 maja, organizuje Tydzie\u0144 Bibliotek. Celem akcji jest podkre\u015blanie roli czytania i bibliotek w poprawie jako\u015bci \u017cycia, edukacji oraz zainteresowanie ksi\u0105\u017ck\u0105 jak najwi\u0119cej os\u00f3b. W tym roku odby\u0142a si\u0119 XX edycja og\u00f3lnopolskiego projektu, promuj\u0105cego bibliotek\u0119 i czytelnictwo. Nasza biblioteka szkolna po raz kolejny w\u0142\u0105czy\u0142a si\u0119 w akcj\u0119\" \/>\n\t\t<meta property=\"og:url\" content=\"https:\/\/www.spkatarzyna.pl\/index.php\/2023\/05\/16\/tydzien-bibliotek-2023\/\" \/>\n\t\t<meta property=\"article:published_time\" content=\"2023-05-16T19:50:51+00:00\" \/>\n\t\t<meta property=\"article:modified_time\" content=\"2023-05-16T19:58:29+00:00\" \/>\n\t\t<meta name=\"twitter:card\" content=\"summary_large_image\" \/>\n\t\t<meta name=\"twitter:title\" content=\"Tydzie\u0144 Bibliotek 2023 - SP Katarzyna\" \/>\n\t\t<meta name=\"twitter:description\" content=\"Co roku Stowarzyszenie Bibliotekarzy Polskich od 8 do 15 maja, organizuje Tydzie\u0144 Bibliotek. Celem akcji jest podkre\u015blanie roli czytania i bibliotek w poprawie jako\u015bci \u017cycia, edukacji oraz zainteresowanie ksi\u0105\u017ck\u0105 jak najwi\u0119cej os\u00f3b. W tym roku odby\u0142a si\u0119 XX edycja og\u00f3lnopolskiego projektu, promuj\u0105cego bibliotek\u0119 i czytelnictwo. Nasza biblioteka szkolna po raz kolejny w\u0142\u0105czy\u0142a si\u0119 w akcj\u0119\" \/>\n\t\t<script type=\"application\/ld+json\" class=\"aioseo-schema\">\n\t\t\t{\"@context\":\"https:\\\/\\\/schema.org\",\"@graph\":[{\"@type\":\"BlogPosting\",\"@id\":\"https:\\\/\\\/www.spkatarzyna.pl\\\/index.php\\\/2023\\\/05\\\/16\\\/tydzien-bibliotek-2023\\\/#blogposting\",\"name\":\"Tydzie\\u0144 Bibliotek 2023 - SP Katarzyna\",\"headline\":\"Tydzie\\u0144 Bibliotek 2023\",\"author\":{\"@id\":\"https:\\\/\\\/www.spkatarzyna.pl\\\/index.php\\\/author\\\/agatasafianspkatarzyna-pl\\\/#author\"},\"publisher\":{\"@id\":\"https:\\\/\\\/www.spkatarzyna.pl\\\/#organization\"},\"image\":{\"@type\":\"ImageObject\",\"url\":\"https:\\\/\\\/www.spkatarzyna.pl\\\/wp-content\\\/uploads\\\/2023\\\/05\\\/Baner_TB_1280x400-2.jpg\",\"width\":360,\"height\":202},\"datePublished\":\"2023-05-16T19:50:51+02:00\",\"dateModified\":\"2023-05-16T19:58:29+02:00\",\"inLanguage\":\"pl-PL\",\"mainEntityOfPage\":{\"@id\":\"https:\\\/\\\/www.spkatarzyna.pl\\\/index.php\\\/2023\\\/05\\\/16\\\/tydzien-bibliotek-2023\\\/#webpage\"},\"isPartOf\":{\"@id\":\"https:\\\/\\\/www.spkatarzyna.pl\\\/index.php\\\/2023\\\/05\\\/16\\\/tydzien-bibliotek-2023\\\/#webpage\"},\"articleSection\":\"Uncategorized\"},{\"@type\":\"BreadcrumbList\",\"@id\":\"https:\\\/\\\/www.spkatarzyna.pl\\\/index.php\\\/2023\\\/05\\\/16\\\/tydzien-bibliotek-2023\\\/#breadcrumblist\",\"itemListElement\":[{\"@type\":\"ListItem\",\"@id\":\"https:\\\/\\\/www.spkatarzyna.pl#listItem\",\"position\":1,\"name\":\"Dom\",\"item\":\"https:\\\/\\\/www.spkatarzyna.pl\",\"nextItem\":{\"@type\":\"ListItem\",\"@id\":\"https:\\\/\\\/www.spkatarzyna.pl\\\/index.php\\\/category\\\/uncategorized\\\/#listItem\",\"name\":\"Uncategorized\"}},{\"@type\":\"ListItem\",\"@id\":\"https:\\\/\\\/www.spkatarzyna.pl\\\/index.php\\\/category\\\/uncategorized\\\/#listItem\",\"position\":2,\"name\":\"Uncategorized\",\"item\":\"https:\\\/\\\/www.spkatarzyna.pl\\\/index.php\\\/category\\\/uncategorized\\\/\",\"nextItem\":{\"@type\":\"ListItem\",\"@id\":\"https:\\\/\\\/www.spkatarzyna.pl\\\/index.php\\\/2023\\\/05\\\/16\\\/tydzien-bibliotek-2023\\\/#listItem\",\"name\":\"Tydzie\\u0144 Bibliotek 2023\"},\"previousItem\":{\"@type\":\"ListItem\",\"@id\":\"https:\\\/\\\/www.spkatarzyna.pl#listItem\",\"name\":\"Dom\"}},{\"@type\":\"ListItem\",\"@id\":\"https:\\\/\\\/www.spkatarzyna.pl\\\/index.php\\\/2023\\\/05\\\/16\\\/tydzien-bibliotek-2023\\\/#listItem\",\"position\":3,\"name\":\"Tydzie\\u0144 Bibliotek 2023\",\"previousItem\":{\"@type\":\"ListItem\",\"@id\":\"https:\\\/\\\/www.spkatarzyna.pl\\\/index.php\\\/category\\\/uncategorized\\\/#listItem\",\"name\":\"Uncategorized\"}}]},{\"@type\":\"Organization\",\"@id\":\"https:\\\/\\\/www.spkatarzyna.pl\\\/#organization\",\"name\":\"SP Katarzyna\",\"description\":\"Publiczna Szko\\u0142a Podstawowa w \\u015awi\\u0119tej Katarzynie\",\"url\":\"https:\\\/\\\/www.spkatarzyna.pl\\\/\",\"telephone\":\"+48713116378\",\"sameAs\":[\"https:\\\/\\\/facebook.com\\\/\",\"https:\\\/\\\/x.com\\\/\",\"https:\\\/\\\/instagram.com\\\/\",\"https:\\\/\\\/pinterest.com\\\/\",\"https:\\\/\\\/youtube.com\\\/\",\"https:\\\/\\\/linkedin.com\\\/in\\\/\"]},{\"@type\":\"Person\",\"@id\":\"https:\\\/\\\/www.spkatarzyna.pl\\\/index.php\\\/author\\\/agatasafianspkatarzyna-pl\\\/#author\",\"url\":\"https:\\\/\\\/www.spkatarzyna.pl\\\/index.php\\\/author\\\/agatasafianspkatarzyna-pl\\\/\",\"name\":\"Redakcja\",\"image\":{\"@type\":\"ImageObject\",\"@id\":\"https:\\\/\\\/www.spkatarzyna.pl\\\/index.php\\\/2023\\\/05\\\/16\\\/tydzien-bibliotek-2023\\\/#authorImage\",\"url\":\"https:\\\/\\\/secure.gravatar.com\\\/avatar\\\/765290513df94d442152250e92b42327?s=96&d=mm&r=g\",\"width\":96,\"height\":96,\"caption\":\"Redakcja\"}},{\"@type\":\"WebPage\",\"@id\":\"https:\\\/\\\/www.spkatarzyna.pl\\\/index.php\\\/2023\\\/05\\\/16\\\/tydzien-bibliotek-2023\\\/#webpage\",\"url\":\"https:\\\/\\\/www.spkatarzyna.pl\\\/index.php\\\/2023\\\/05\\\/16\\\/tydzien-bibliotek-2023\\\/\",\"name\":\"Tydzie\\u0144 Bibliotek 2023 - SP Katarzyna\",\"description\":\"Co roku Stowarzyszenie Bibliotekarzy Polskich od 8 do 15 maja, organizuje Tydzie\\u0144 Bibliotek. Celem akcji jest podkre\\u015blanie roli czytania i bibliotek w poprawie jako\\u015bci \\u017cycia, edukacji oraz zainteresowanie ksi\\u0105\\u017ck\\u0105 jak najwi\\u0119cej os\\u00f3b. W tym roku odby\\u0142a si\\u0119 XX edycja og\\u00f3lnopolskiego projektu, promuj\\u0105cego bibliotek\\u0119 i czytelnictwo. Nasza biblioteka szkolna po raz kolejny w\\u0142\\u0105czy\\u0142a si\\u0119 w akcj\\u0119\",\"inLanguage\":\"pl-PL\",\"isPartOf\":{\"@id\":\"https:\\\/\\\/www.spkatarzyna.pl\\\/#website\"},\"breadcrumb\":{\"@id\":\"https:\\\/\\\/www.spkatarzyna.pl\\\/index.php\\\/2023\\\/05\\\/16\\\/tydzien-bibliotek-2023\\\/#breadcrumblist\"},\"author\":{\"@id\":\"https:\\\/\\\/www.spkatarzyna.pl\\\/index.php\\\/author\\\/agatasafianspkatarzyna-pl\\\/#author\"},\"creator\":{\"@id\":\"https:\\\/\\\/www.spkatarzyna.pl\\\/index.php\\\/author\\\/agatasafianspkatarzyna-pl\\\/#author\"},\"image\":{\"@type\":\"ImageObject\",\"url\":\"https:\\\/\\\/www.spkatarzyna.pl\\\/wp-content\\\/uploads\\\/2023\\\/05\\\/Baner_TB_1280x400-2.jpg\",\"@id\":\"https:\\\/\\\/www.spkatarzyna.pl\\\/index.php\\\/2023\\\/05\\\/16\\\/tydzien-bibliotek-2023\\\/#mainImage\",\"width\":360,\"height\":202},\"primaryImageOfPage\":{\"@id\":\"https:\\\/\\\/www.spkatarzyna.pl\\\/index.php\\\/2023\\\/05\\\/16\\\/tydzien-bibliotek-2023\\\/#mainImage\"},\"datePublished\":\"2023-05-16T19:50:51+02:00\",\"dateModified\":\"2023-05-16T19:58:29+02:00\"},{\"@type\":\"WebSite\",\"@id\":\"https:\\\/\\\/www.spkatarzyna.pl\\\/#website\",\"url\":\"https:\\\/\\\/www.spkatarzyna.pl\\\/\",\"name\":\"SP Katarzyna\",\"description\":\"Publiczna Szko\\u0142a Podstawowa w \\u015awi\\u0119tej Katarzynie\",\"inLanguage\":\"pl-PL\",\"publisher\":{\"@id\":\"https:\\\/\\\/www.spkatarzyna.pl\\\/#organization\"}}]}\n\t\t<\/script>\n\t\t<!-- All in One SEO -->\n\n","aioseo_head_json":{"title":"Tydzie\u0144 Bibliotek 2023 - SP Katarzyna","description":"Co roku Stowarzyszenie Bibliotekarzy Polskich od 8 do 15 maja, organizuje Tydzie\u0144 Bibliotek. Celem akcji jest podkre\u015blanie roli czytania i bibliotek w poprawie jako\u015bci \u017cycia, edukacji oraz zainteresowanie ksi\u0105\u017ck\u0105 jak najwi\u0119cej os\u00f3b. W tym roku odby\u0142a si\u0119 XX edycja og\u00f3lnopolskiego projektu, promuj\u0105cego bibliotek\u0119 i czytelnictwo. Nasza biblioteka szkolna po raz kolejny w\u0142\u0105czy\u0142a si\u0119 w akcj\u0119","canonical_url":"https:\/\/www.spkatarzyna.pl\/index.php\/2023\/05\/16\/tydzien-bibliotek-2023\/","robots":"max-image-preview:large","keywords":"","webmasterTools":{"miscellaneous":""},"schema":{"@context":"https:\/\/schema.org","@graph":[{"@type":"BlogPosting","@id":"https:\/\/www.spkatarzyna.pl\/index.php\/2023\/05\/16\/tydzien-bibliotek-2023\/#blogposting","name":"Tydzie\u0144 Bibliotek 2023 - SP Katarzyna","headline":"Tydzie\u0144 Bibliotek 2023","author":{"@id":"https:\/\/www.spkatarzyna.pl\/index.php\/author\/agatasafianspkatarzyna-pl\/#author"},"publisher":{"@id":"https:\/\/www.spkatarzyna.pl\/#organization"},"image":{"@type":"ImageObject","url":"https:\/\/www.spkatarzyna.pl\/wp-content\/uploads\/2023\/05\/Baner_TB_1280x400-2.jpg","width":360,"height":202},"datePublished":"2023-05-16T19:50:51+02:00","dateModified":"2023-05-16T19:58:29+02:00","inLanguage":"pl-PL","mainEntityOfPage":{"@id":"https:\/\/www.spkatarzyna.pl\/index.php\/2023\/05\/16\/tydzien-bibliotek-2023\/#webpage"},"isPartOf":{"@id":"https:\/\/www.spkatarzyna.pl\/index.php\/2023\/05\/16\/tydzien-bibliotek-2023\/#webpage"},"articleSection":"Uncategorized"},{"@type":"BreadcrumbList","@id":"https:\/\/www.spkatarzyna.pl\/index.php\/2023\/05\/16\/tydzien-bibliotek-2023\/#breadcrumblist","itemListElement":[{"@type":"ListItem","@id":"https:\/\/www.spkatarzyna.pl#listItem","position":1,"name":"Dom","item":"https:\/\/www.spkatarzyna.pl","nextItem":{"@type":"ListItem","@id":"https:\/\/www.spkatarzyna.pl\/index.php\/category\/uncategorized\/#listItem","name":"Uncategorized"}},{"@type":"ListItem","@id":"https:\/\/www.spkatarzyna.pl\/index.php\/category\/uncategorized\/#listItem","position":2,"name":"Uncategorized","item":"https:\/\/www.spkatarzyna.pl\/index.php\/category\/uncategorized\/","nextItem":{"@type":"ListItem","@id":"https:\/\/www.spkatarzyna.pl\/index.php\/2023\/05\/16\/tydzien-bibliotek-2023\/#listItem","name":"Tydzie\u0144 Bibliotek 2023"},"previousItem":{"@type":"ListItem","@id":"https:\/\/www.spkatarzyna.pl#listItem","name":"Dom"}},{"@type":"ListItem","@id":"https:\/\/www.spkatarzyna.pl\/index.php\/2023\/05\/16\/tydzien-bibliotek-2023\/#listItem","position":3,"name":"Tydzie\u0144 Bibliotek 2023","previousItem":{"@type":"ListItem","@id":"https:\/\/www.spkatarzyna.pl\/index.php\/category\/uncategorized\/#listItem","name":"Uncategorized"}}]},{"@type":"Organization","@id":"https:\/\/www.spkatarzyna.pl\/#organization","name":"SP Katarzyna","description":"Publiczna Szko\u0142a Podstawowa w \u015awi\u0119tej Katarzynie","url":"https:\/\/www.spkatarzyna.pl\/","telephone":"+48713116378","sameAs":["https:\/\/facebook.com\/","https:\/\/x.com\/","https:\/\/instagram.com\/","https:\/\/pinterest.com\/","https:\/\/youtube.com\/","https:\/\/linkedin.com\/in\/"]},{"@type":"Person","@id":"https:\/\/www.spkatarzyna.pl\/index.php\/author\/agatasafianspkatarzyna-pl\/#author","url":"https:\/\/www.spkatarzyna.pl\/index.php\/author\/agatasafianspkatarzyna-pl\/","name":"Redakcja","image":{"@type":"ImageObject","@id":"https:\/\/www.spkatarzyna.pl\/index.php\/2023\/05\/16\/tydzien-bibliotek-2023\/#authorImage","url":"https:\/\/secure.gravatar.com\/avatar\/765290513df94d442152250e92b42327?s=96&d=mm&r=g","width":96,"height":96,"caption":"Redakcja"}},{"@type":"WebPage","@id":"https:\/\/www.spkatarzyna.pl\/index.php\/2023\/05\/16\/tydzien-bibliotek-2023\/#webpage","url":"https:\/\/www.spkatarzyna.pl\/index.php\/2023\/05\/16\/tydzien-bibliotek-2023\/","name":"Tydzie\u0144 Bibliotek 2023 - SP Katarzyna","description":"Co roku Stowarzyszenie Bibliotekarzy Polskich od 8 do 15 maja, organizuje Tydzie\u0144 Bibliotek. Celem akcji jest podkre\u015blanie roli czytania i bibliotek w poprawie jako\u015bci \u017cycia, edukacji oraz zainteresowanie ksi\u0105\u017ck\u0105 jak najwi\u0119cej os\u00f3b. W tym roku odby\u0142a si\u0119 XX edycja og\u00f3lnopolskiego projektu, promuj\u0105cego bibliotek\u0119 i czytelnictwo. Nasza biblioteka szkolna po raz kolejny w\u0142\u0105czy\u0142a si\u0119 w akcj\u0119","inLanguage":"pl-PL","isPartOf":{"@id":"https:\/\/www.spkatarzyna.pl\/#website"},"breadcrumb":{"@id":"https:\/\/www.spkatarzyna.pl\/index.php\/2023\/05\/16\/tydzien-bibliotek-2023\/#breadcrumblist"},"author":{"@id":"https:\/\/www.spkatarzyna.pl\/index.php\/author\/agatasafianspkatarzyna-pl\/#author"},"creator":{"@id":"https:\/\/www.spkatarzyna.pl\/index.php\/author\/agatasafianspkatarzyna-pl\/#author"},"image":{"@type":"ImageObject","url":"https:\/\/www.spkatarzyna.pl\/wp-content\/uploads\/2023\/05\/Baner_TB_1280x400-2.jpg","@id":"https:\/\/www.spkatarzyna.pl\/index.php\/2023\/05\/16\/tydzien-bibliotek-2023\/#mainImage","width":360,"height":202},"primaryImageOfPage":{"@id":"https:\/\/www.spkatarzyna.pl\/index.php\/2023\/05\/16\/tydzien-bibliotek-2023\/#mainImage"},"datePublished":"2023-05-16T19:50:51+02:00","dateModified":"2023-05-16T19:58:29+02:00"},{"@type":"WebSite","@id":"https:\/\/www.spkatarzyna.pl\/#website","url":"https:\/\/www.spkatarzyna.pl\/","name":"SP Katarzyna","description":"Publiczna Szko\u0142a Podstawowa w \u015awi\u0119tej Katarzynie","inLanguage":"pl-PL","publisher":{"@id":"https:\/\/www.spkatarzyna.pl\/#organization"}}]},"og:locale":"pl_PL","og:site_name":"SP Katarzyna - Publiczna Szko\u0142a Podstawowa w \u015awi\u0119tej Katarzynie","og:type":"article","og:title":"Tydzie\u0144 Bibliotek 2023 - SP Katarzyna","og:description":"Co roku Stowarzyszenie Bibliotekarzy Polskich od 8 do 15 maja, organizuje Tydzie\u0144 Bibliotek. Celem akcji jest podkre\u015blanie roli czytania i bibliotek w poprawie jako\u015bci \u017cycia, edukacji oraz zainteresowanie ksi\u0105\u017ck\u0105 jak najwi\u0119cej os\u00f3b. W tym roku odby\u0142a si\u0119 XX edycja og\u00f3lnopolskiego projektu, promuj\u0105cego bibliotek\u0119 i czytelnictwo. Nasza biblioteka szkolna po raz kolejny w\u0142\u0105czy\u0142a si\u0119 w akcj\u0119","og:url":"https:\/\/www.spkatarzyna.pl\/index.php\/2023\/05\/16\/tydzien-bibliotek-2023\/","article:published_time":"2023-05-16T19:50:51+00:00","article:modified_time":"2023-05-16T19:58:29+00:00","twitter:card":"summary_large_image","twitter:title":"Tydzie\u0144 Bibliotek 2023 - SP Katarzyna","twitter:description":"Co roku Stowarzyszenie Bibliotekarzy Polskich od 8 do 15 maja, organizuje Tydzie\u0144 Bibliotek. Celem akcji jest podkre\u015blanie roli czytania i bibliotek w poprawie jako\u015bci \u017cycia, edukacji oraz zainteresowanie ksi\u0105\u017ck\u0105 jak najwi\u0119cej os\u00f3b. W tym roku odby\u0142a si\u0119 XX edycja og\u00f3lnopolskiego projektu, promuj\u0105cego bibliotek\u0119 i czytelnictwo. Nasza biblioteka szkolna po raz kolejny w\u0142\u0105czy\u0142a si\u0119 w akcj\u0119"},"aioseo_meta_data":{"post_id":"5374","title":null,"description":null,"keywords":null,"keyphrases":null,"primary_term":null,"canonical_url":null,"og_title":null,"og_description":null,"og_object_type":"default","og_image_type":"default","og_image_url":null,"og_image_width":null,"og_image_height":null,"og_image_custom_url":null,"og_image_custom_fields":null,"og_video":null,"og_custom_url":null,"og_article_section":null,"og_article_tags":null,"twitter_use_og":false,"twitter_card":"default","twitter_image_type":"default","twitter_image_url":null,"twitter_image_custom_url":null,"twitter_image_custom_fields":null,"twitter_title":null,"twitter_description":null,"schema":{"blockGraphs":[],"customGraphs":[],"default":{"data":{"Article":[],"Course":[],"Dataset":[],"FAQPage":[],"Movie":[],"Person":[],"Product":[],"ProductReview":[],"Car":[],"Recipe":[],"Service":[],"SoftwareApplication":[],"WebPage":[]},"graphName":"","isEnabled":true},"graphs":[]},"schema_type":"default","schema_type_options":null,"pillar_content":false,"robots_default":true,"robots_noindex":false,"robots_noarchive":false,"robots_nosnippet":false,"robots_nofollow":false,"robots_noimageindex":false,"robots_noodp":false,"robots_notranslate":false,"robots_max_snippet":null,"robots_max_videopreview":null,"robots_max_imagepreview":"large","priority":null,"frequency":null,"local_seo":null,"limit_modified_date":false,"created":"2024-04-03 08:06:00","updated":"2026-09-03 14:32:17","focus_keyword":null,"additional_keywords":null,"truseo_locale":null,"ai":null,"breadcrumb_settings":null,"seo_analyzer_scan_date":null},"aioseo_breadcrumb":"<div class=\"aioseo-breadcrumbs\"><span class=\"aioseo-breadcrumb\">\n\t\t\t<a href=\"https:\/\/www.spkatarzyna.pl\" title=\"Dom\">Dom<\/a>\n\t\t<\/span><span class=\"aioseo-breadcrumb-separator\">&raquo;<\/span><span class=\"aioseo-breadcrumb\">\n\t\t\t<a href=\"https:\/\/www.spkatarzyna.pl\/index.php\/category\/uncategorized\/\" title=\"Uncategorized\">Uncategorized<\/a>\n\t\t<\/span><span class=\"aioseo-breadcrumb-separator\">&raquo;<\/span><span class=\"aioseo-breadcrumb\">\n\t\t\tTydzie\u0144 Bibliotek 2023\n\t\t<\/span><\/div>","aioseo_breadcrumb_json":[{"label":"Dom","link":"https:\/\/www.spkatarzyna.pl"},{"label":"Uncategorized","link":"https:\/\/www.spkatarzyna.pl\/index.php\/category\/uncategorized\/"},{"label":"Tydzie\u0144 Bibliotek 2023","link":"https:\/\/www.spkatarzyna.pl\/index.php\/2023\/05\/16\/tydzien-bibliotek-2023\/"}],"_links":{"self":[{"href":"https:\/\/www.spkatarzyna.pl\/index.php\/wp-json\/wp\/v2\/posts\/5374","targetHints":{"allow":["GET"]}}],"collection":[{"href":"https:\/\/www.spkatarzyna.pl\/index.php\/wp-json\/wp\/v2\/posts"}],"about":[{"href":"https:\/\/www.spkatarzyna.pl\/index.php\/wp-json\/wp\/v2\/types\/post"}],"author":[{"embeddable":true,"href":"https:\/\/www.spkatarzyna.pl\/index.php\/wp-json\/wp\/v2\/users\/6"}],"replies":[{"embeddable":true,"href":"https:\/\/www.spkatarzyna.pl\/index.php\/wp-json\/wp\/v2\/comments?post=5374"}],"version-history":[{"count":13,"href":"https:\/\/www.spkatarzyna.pl\/index.php\/wp-json\/wp\/v2\/posts\/5374\/revisions"}],"predecessor-version":[{"id":5393,"href":"https:\/\/www.spkatarzyna.pl\/index.php\/wp-json\/wp\/v2\/posts\/5374\/revisions\/5393"}],"wp:featuredmedia":[{"embeddable":true,"href":"https:\/\/www.spkatarzyna.pl\/index.php\/wp-json\/wp\/v2\/media\/5375"}],"wp:attachment":[{"href":"https:\/\/www.spkatarzyna.pl\/index.php\/wp-json\/wp\/v2\/media?parent=5374"}],"wp:term":[{"taxonomy":"category","embeddable":true,"href":"https:\/\/www.spkatarzyna.pl\/index.php\/wp-json\/wp\/v2\/categories?post=5374"},{"taxonomy":"post_tag","embeddable":true,"href":"https:\/\/www.spkatarzyna.pl\/index.php\/wp-json\/wp\/v2\/tags?post=5374"}],"curies":[{"name":"wp","href":"https:\/\/api.w.org\/{rel}","templated":true}]}}