{"id":5416,"date":"2023-05-20T17:11:55","date_gmt":"2023-05-20T17:11:55","guid":{"rendered":"http:\/\/www.spkatarzyna.pl\/?p=5416"},"modified":"2023-05-20T17:16:33","modified_gmt":"2023-05-20T17:16:33","slug":"sukces-sportowy-uczniow","status":"publish","type":"post","link":"https:\/\/www.spkatarzyna.pl\/index.php\/2023\/05\/20\/sukces-sportowy-uczniow\/","title":{"rendered":"Sukces sportowy uczni\u00f3w"},"content":{"rendered":"\t\t<div data-elementor-type=\"wp-post\" data-elementor-id=\"5416\" class=\"elementor elementor-5416\">\n\t\t\t\t\t\t<section class=\"elementor-section elementor-top-section elementor-element elementor-element-18393a7e elementor-section-boxed elementor-section-height-default elementor-section-height-default\" data-id=\"18393a7e\" data-element_type=\"section\">\n\t\t\t\t\t\t<div class=\"elementor-container elementor-column-gap-default\">\n\t\t\t\t\t<div class=\"elementor-column elementor-col-100 elementor-top-column elementor-element elementor-element-68bd795e\" data-id=\"68bd795e\" data-element_type=\"column\">\n\t\t\t<div class=\"elementor-widget-wrap elementor-element-populated\">\n\t\t\t\t\t\t<div class=\"elementor-element elementor-element-3bde9dee elementor-widget elementor-widget-text-editor\" data-id=\"3bde9dee\" data-element_type=\"widget\" data-widget_type=\"text-editor.default\">\n\t\t\t\t\t\t\t\t\t<p style=\"text-align: justify;\"><span style=\"font-size: 14pt;\">Z przyjemno\u015bci\u0105 informujemy, \u017ce nasi uczniowie zaj\u0119li I miejsce w Powiatowym Turnieju Pi\u0142ki No\u017cnej Ch\u0142opc\u00f3w. <\/span><span style=\"font-size: 14pt;\">Dzi\u0119kujemy za postaw\u0119 i zaanga\u017cowanie oraz godne reprezentowanie Gminy na tych zawodach.<\/span><\/p>\r\n<p style=\"text-align: justify;\"><strong><span style=\"font-size: 14pt;\">Dzi\u0119kujemy zawodnikom: <\/span><\/strong><span style=\"font-size: 14pt;\">Kapitan dru\u017cyny Piotr Kokoszka, <\/span><span style=\"font-size: 14pt;\">Kacper \u0141ukawski, <\/span><span style=\"font-size: 14pt;\">Franciszek Kozik, <\/span><span style=\"font-size: 14pt;\">Piotr \u017by\u017ca, <\/span><span style=\"font-size: 14pt;\">Bartek Kilianowski, <\/span><span style=\"font-size: 14pt;\">Ilii Chornyj, <\/span><span style=\"font-size: 14pt;\">Szymon Muzyka, <\/span><span style=\"font-size: 14pt;\">Mi\u0142osz Wierzbicki, <\/span><span style=\"font-size: 14pt;\">Micha\u0142 Damrych, <\/span><span style=\"font-size: 14pt;\">Kaleb Bartczak, <\/span><span style=\"font-size: 14pt;\">Danylo Zaitsew, <\/span><span style=\"font-size: 14pt;\">Piotr Mikulski, T<\/span><span style=\"font-size: 14pt;\">omasz Siarkowski.<\/span><\/p>\r\n<p style=\"text-align: justify;\">\r\n<span style=\"font-size: 14pt;\">Ch\u0142opaki uzyskali prawo do reprezentowania powiatu wroc\u0142awskiego na Zawodach Mi\u0119dzypowiatowych Strefy Wroc\u0142awskiej. <\/span><span style=\"font-size: 14pt;\">Nasza szko\u0142a wywalczy\u0142a tam <strong>II miejsce<\/strong> ust\u0119puj\u0105c w finale Szkole Mistrzostwa Sportowego z Wroc\u0142awia. W zawodach bra\u0142o udzia\u0142 8 zwyci\u0119zc\u00f3w powiat\u00f3w takich jak Milicz, Trzebnica, Wo\u0142\u00f3w, Ole\u015bnica, O\u0142awa, m. Wroc\u0142aw 2 dru\u017cyny i My pow. wroc\u0142awski. Brawo.<\/span><\/p>\r\n<p style=\"text-align: justify;\"><span style=\"font-size: 14pt;\">By\u0142o mi niezmiernie mi\u0142o przyj\u0105\u0107 w imieniu dru\u017cyny od trener\u00f3w i opiekun\u00f3w z innych powiat\u00f3w, \u017ce zawodnicy prezentuj\u0105 wysokie umiej\u0119tno\u015bci sportowe a co najwa\u017cniejsze super postaw\u0119 jako zawodnicy.<\/span><\/p>\r\n<p style=\"text-align: right;\">\r\n<span style=\"font-size: 14pt;\">Dzi\u0119kujemy <\/span><\/p>\r\n<p style=\"text-align: right;\"><span style=\"font-size: 14pt;\">Dominik Makowski, <\/span><span style=\"font-size: 14pt;\">Tadeusz Kinzel<\/span><\/p>\t\t\t\t\t\t\t\t<\/div>\n\t\t\t\t\t<\/div>\n\t\t<\/div>\n\t\t\t\t\t<\/div>\n\t\t<\/section>\n\t\t\t\t<section class=\"elementor-section elementor-top-section elementor-element elementor-element-4f8e204 elementor-section-boxed elementor-section-height-default elementor-section-height-default\" data-id=\"4f8e204\" data-element_type=\"section\">\n\t\t\t\t\t\t<div class=\"elementor-container elementor-column-gap-default\">\n\t\t\t\t\t<div class=\"elementor-column elementor-col-100 elementor-top-column elementor-element elementor-element-77fb902\" data-id=\"77fb902\" data-element_type=\"column\">\n\t\t\t<div class=\"elementor-widget-wrap elementor-element-populated\">\n\t\t\t\t\t\t<div class=\"elementor-element elementor-element-6fc29aa elementor-widget elementor-widget-image-gallery\" data-id=\"6fc29aa\" data-element_type=\"widget\" data-widget_type=\"image-gallery.default\">\n\t\t\t\t\t\t\t<div class=\"elementor-image-gallery\">\n\t\t\t\n\t\t<div id='gallery-1' class='gallery galleryid-5416 gallery-columns-4 gallery-size-thumbnail gallery1'><script type=\"text\/javascript\">\n\/\/ <![CDATA[\n\tjQuery(document).ready(function () {\n\t\tjQuery(\".gallery1 a\").attr(\"rel\",\"gallery1\");\t\n\t\tjQuery('a[rel=\"gallery1\"]').colorbox({title: function(){ return jQuery(this).children().attr(\"alt\"); }});\n\t});\n\/\/ ]]>\n<\/script>\n<dl class=\"gallery-item\">\n<dt class=\"gallery-icon\">\n<a href=\"https:\/\/www.spkatarzyna.pl\/wp-content\/uploads\/2023\/05\/image000003-300x225.jpg\" title=\"\" rel=\"gallery1\" rel=\"lightbox[5416]\"><img decoding=\"async\" src=\"https:\/\/www.spkatarzyna.pl\/wp-content\/uploads\/2023\/05\/image000003-150x150.jpg\" width=\"150\" height=\"150\" alt=\"\" \/><\/a>\n<\/dt><\/dl><dl class=\"gallery-item\">\n<dt class=\"gallery-icon\">\n<a href=\"https:\/\/www.spkatarzyna.pl\/wp-content\/uploads\/2023\/05\/image000004-300x225.jpg\" title=\"\" rel=\"gallery1\" rel=\"lightbox[5416]\"><img decoding=\"async\" src=\"https:\/\/www.spkatarzyna.pl\/wp-content\/uploads\/2023\/05\/image000004-150x150.jpg\" width=\"150\" height=\"150\" alt=\"\" \/><\/a>\n<\/dt><\/dl><dl class=\"gallery-item\">\n<dt class=\"gallery-icon\">\n<a href=\"https:\/\/www.spkatarzyna.pl\/wp-content\/uploads\/2023\/05\/image000005-300x225.jpg\" title=\"\" rel=\"gallery1\" rel=\"lightbox[5416]\"><img decoding=\"async\" src=\"https:\/\/www.spkatarzyna.pl\/wp-content\/uploads\/2023\/05\/image000005-150x150.jpg\" width=\"150\" height=\"150\" alt=\"\" \/><\/a>\n<\/dt><\/dl><dl class=\"gallery-item\">\n<dt class=\"gallery-icon\">\n<a href=\"https:\/\/www.spkatarzyna.pl\/wp-content\/uploads\/2023\/05\/image000006-300x225.jpg\" title=\"\" rel=\"gallery1\" rel=\"lightbox[5416]\"><img loading=\"lazy\" decoding=\"async\" src=\"https:\/\/www.spkatarzyna.pl\/wp-content\/uploads\/2023\/05\/image000006-150x150.jpg\" width=\"150\" height=\"150\" alt=\"\" \/><\/a>\n<\/dt><\/dl><br style=\"clear: both\" \/><br style=\"clear: both\" \/><\/div>\t\t<\/div>\n\t\t\t\t\t\t<\/div>\n\t\t\t\t\t<\/div>\n\t\t<\/div>\n\t\t\t\t\t<\/div>\n\t\t<\/section>\n\t\t\t\t<section class=\"elementor-section elementor-top-section elementor-element elementor-element-c3f71e2 elementor-section-boxed elementor-section-height-default elementor-section-height-default\" data-id=\"c3f71e2\" data-element_type=\"section\">\n\t\t\t\t\t\t<div class=\"elementor-container elementor-column-gap-default\">\n\t\t\t\t\t<div class=\"elementor-column elementor-col-100 elementor-top-column elementor-element elementor-element-0d94623\" data-id=\"0d94623\" data-element_type=\"column\">\n\t\t\t<div class=\"elementor-widget-wrap elementor-element-populated\">\n\t\t\t\t\t\t<div class=\"elementor-element elementor-element-28ae25c elementor-widget elementor-widget-image\" data-id=\"28ae25c\" data-element_type=\"widget\" data-widget_type=\"image.default\">\n\t\t\t\t\t\t\t\t\t\t\t\t\t\t\t<img loading=\"lazy\" decoding=\"async\" width=\"225\" height=\"300\" src=\"https:\/\/www.spkatarzyna.pl\/wp-content\/uploads\/2023\/05\/image000000-225x300.jpg\" class=\"attachment-medium size-medium wp-image-5424\" alt=\"\" srcset=\"https:\/\/www.spkatarzyna.pl\/wp-content\/uploads\/2023\/05\/image000000-225x300.jpg 225w, https:\/\/www.spkatarzyna.pl\/wp-content\/uploads\/2023\/05\/image000000.jpg 383w\" sizes=\"(max-width: 225px) 100vw, 225px\" \/>\t\t\t\t\t\t\t\t\t\t\t\t\t\t\t<\/div>\n\t\t\t\t\t<\/div>\n\t\t<\/div>\n\t\t\t\t\t<\/div>\n\t\t<\/section>\n\t\t\t\t<\/div>\n\t\t","protected":false},"excerpt":{"rendered":"<p>Z przyjemno\u015bci\u0105 informujemy, \u017ce nasi uczniowie zaj\u0119li I miejsce w Powiatowym Turnieju Pi\u0142ki No\u017cnej Ch\u0142opc\u00f3w. Dzi\u0119kujemy za postaw\u0119 i zaanga\u017cowanie oraz godne reprezentowanie Gminy na tych zawodach. Dzi\u0119kujemy zawodnikom: Kapitan dru\u017cyny Piotr Kokoszka, Kacper \u0141ukawski, Franciszek Kozik, Piotr \u017by\u017ca, Bartek Kilianowski, Ilii Chornyj, Szymon Muzyka, Mi\u0142osz Wierzbicki, Micha\u0142 Damrych, Kaleb [&hellip;]<\/p>\n","protected":false},"author":6,"featured_media":5417,"comment_status":"open","ping_status":"open","sticky":false,"template":"","format":"standard","meta":{"om_disable_all_campaigns":false,"_monsterinsights_skip_tracking":false,"ngg_post_thumbnail":0,"footnotes":""},"categories":[1],"tags":[],"class_list":["post-5416","post","type-post","status-publish","format-standard","has-post-thumbnail","hentry","category-uncategorized"],"aioseo_notices":[],"aioseo_head":"\n\t\t<!-- All in One SEO 5.0.1.1 - aioseo.com -->\n\t<meta name=\"description\" content=\"Z przyjemno\u015bci\u0105 informujemy, \u017ce nasi uczniowie zaj\u0119li I miejsce w Powiatowym Turnieju Pi\u0142ki No\u017cnej Ch\u0142opc\u00f3w. Dzi\u0119kujemy za postaw\u0119 i zaanga\u017cowanie oraz godne reprezentowanie Gminy na tych zawodach. Dzi\u0119kujemy zawodnikom: Kapitan dru\u017cyny Piotr Kokoszka, Kacper \u0141ukawski, Franciszek Kozik, Piotr \u017by\u017ca, Bartek Kilianowski, Ilii Chornyj, Szymon Muzyka, Mi\u0142osz Wierzbicki, Micha\u0142 Damrych, Kaleb Bartczak, Danylo Zaitsew, Piotr Mikulski,\" \/>\n\t<meta name=\"robots\" content=\"max-image-preview:large\" \/>\n\t<meta name=\"author\" content=\"Redakcja\"\/>\n\t<link rel=\"canonical\" href=\"https:\/\/www.spkatarzyna.pl\/index.php\/2023\/05\/20\/sukces-sportowy-uczniow\/\" \/>\n\t<meta name=\"generator\" content=\"All in One SEO (AIOSEO) 5.0.1.1\" \/>\n\t\t<meta property=\"og:locale\" content=\"pl_PL\" \/>\n\t\t<meta property=\"og:site_name\" content=\"SP Katarzyna - Publiczna Szko\u0142a Podstawowa w \u015awi\u0119tej Katarzynie\" \/>\n\t\t<meta property=\"og:type\" content=\"article\" \/>\n\t\t<meta property=\"og:title\" content=\"Sukces sportowy uczni\u00f3w - SP Katarzyna\" \/>\n\t\t<meta property=\"og:description\" content=\"Z przyjemno\u015bci\u0105 informujemy, \u017ce nasi uczniowie zaj\u0119li I miejsce w Powiatowym Turnieju Pi\u0142ki No\u017cnej Ch\u0142opc\u00f3w. Dzi\u0119kujemy za postaw\u0119 i zaanga\u017cowanie oraz godne reprezentowanie Gminy na tych zawodach. Dzi\u0119kujemy zawodnikom: Kapitan dru\u017cyny Piotr Kokoszka, Kacper \u0141ukawski, Franciszek Kozik, Piotr \u017by\u017ca, Bartek Kilianowski, Ilii Chornyj, Szymon Muzyka, Mi\u0142osz Wierzbicki, Micha\u0142 Damrych, Kaleb Bartczak, Danylo Zaitsew, Piotr Mikulski,\" \/>\n\t\t<meta property=\"og:url\" content=\"https:\/\/www.spkatarzyna.pl\/index.php\/2023\/05\/20\/sukces-sportowy-uczniow\/\" \/>\n\t\t<meta property=\"article:published_time\" content=\"2023-05-20T17:11:55+00:00\" \/>\n\t\t<meta property=\"article:modified_time\" content=\"2023-05-20T17:16:33+00:00\" \/>\n\t\t<meta name=\"twitter:card\" content=\"summary_large_image\" \/>\n\t\t<meta name=\"twitter:title\" content=\"Sukces sportowy uczni\u00f3w - SP Katarzyna\" \/>\n\t\t<meta name=\"twitter:description\" content=\"Z przyjemno\u015bci\u0105 informujemy, \u017ce nasi uczniowie zaj\u0119li I miejsce w Powiatowym Turnieju Pi\u0142ki No\u017cnej Ch\u0142opc\u00f3w. Dzi\u0119kujemy za postaw\u0119 i zaanga\u017cowanie oraz godne reprezentowanie Gminy na tych zawodach. Dzi\u0119kujemy zawodnikom: Kapitan dru\u017cyny Piotr Kokoszka, Kacper \u0141ukawski, Franciszek Kozik, Piotr \u017by\u017ca, Bartek Kilianowski, Ilii Chornyj, Szymon Muzyka, Mi\u0142osz Wierzbicki, Micha\u0142 Damrych, Kaleb Bartczak, Danylo Zaitsew, Piotr Mikulski,\" \/>\n\t\t<script type=\"application\/ld+json\" class=\"aioseo-schema\">\n\t\t\t{\"@context\":\"https:\\\/\\\/schema.org\",\"@graph\":[{\"@type\":\"BlogPosting\",\"@id\":\"https:\\\/\\\/www.spkatarzyna.pl\\\/index.php\\\/2023\\\/05\\\/20\\\/sukces-sportowy-uczniow\\\/#blogposting\",\"name\":\"Sukces sportowy uczni\\u00f3w - SP Katarzyna\",\"headline\":\"Sukces sportowy uczni\\u00f3w\",\"author\":{\"@id\":\"https:\\\/\\\/www.spkatarzyna.pl\\\/index.php\\\/author\\\/agatasafianspkatarzyna-pl\\\/#author\"},\"publisher\":{\"@id\":\"https:\\\/\\\/www.spkatarzyna.pl\\\/#organization\"},\"image\":{\"@type\":\"ImageObject\",\"url\":\"https:\\\/\\\/www.spkatarzyna.pl\\\/wp-content\\\/uploads\\\/2023\\\/05\\\/image000008-2.jpg\",\"width\":360,\"height\":202},\"datePublished\":\"2023-05-20T17:11:55+02:00\",\"dateModified\":\"2023-05-20T17:16:33+02:00\",\"inLanguage\":\"pl-PL\",\"mainEntityOfPage\":{\"@id\":\"https:\\\/\\\/www.spkatarzyna.pl\\\/index.php\\\/2023\\\/05\\\/20\\\/sukces-sportowy-uczniow\\\/#webpage\"},\"isPartOf\":{\"@id\":\"https:\\\/\\\/www.spkatarzyna.pl\\\/index.php\\\/2023\\\/05\\\/20\\\/sukces-sportowy-uczniow\\\/#webpage\"},\"articleSection\":\"Uncategorized\"},{\"@type\":\"BreadcrumbList\",\"@id\":\"https:\\\/\\\/www.spkatarzyna.pl\\\/index.php\\\/2023\\\/05\\\/20\\\/sukces-sportowy-uczniow\\\/#breadcrumblist\",\"itemListElement\":[{\"@type\":\"ListItem\",\"@id\":\"https:\\\/\\\/www.spkatarzyna.pl#listItem\",\"position\":1,\"name\":\"Dom\",\"item\":\"https:\\\/\\\/www.spkatarzyna.pl\",\"nextItem\":{\"@type\":\"ListItem\",\"@id\":\"https:\\\/\\\/www.spkatarzyna.pl\\\/index.php\\\/category\\\/uncategorized\\\/#listItem\",\"name\":\"Uncategorized\"}},{\"@type\":\"ListItem\",\"@id\":\"https:\\\/\\\/www.spkatarzyna.pl\\\/index.php\\\/category\\\/uncategorized\\\/#listItem\",\"position\":2,\"name\":\"Uncategorized\",\"item\":\"https:\\\/\\\/www.spkatarzyna.pl\\\/index.php\\\/category\\\/uncategorized\\\/\",\"nextItem\":{\"@type\":\"ListItem\",\"@id\":\"https:\\\/\\\/www.spkatarzyna.pl\\\/index.php\\\/2023\\\/05\\\/20\\\/sukces-sportowy-uczniow\\\/#listItem\",\"name\":\"Sukces sportowy uczni\\u00f3w\"},\"previousItem\":{\"@type\":\"ListItem\",\"@id\":\"https:\\\/\\\/www.spkatarzyna.pl#listItem\",\"name\":\"Dom\"}},{\"@type\":\"ListItem\",\"@id\":\"https:\\\/\\\/www.spkatarzyna.pl\\\/index.php\\\/2023\\\/05\\\/20\\\/sukces-sportowy-uczniow\\\/#listItem\",\"position\":3,\"name\":\"Sukces sportowy uczni\\u00f3w\",\"previousItem\":{\"@type\":\"ListItem\",\"@id\":\"https:\\\/\\\/www.spkatarzyna.pl\\\/index.php\\\/category\\\/uncategorized\\\/#listItem\",\"name\":\"Uncategorized\"}}]},{\"@type\":\"Organization\",\"@id\":\"https:\\\/\\\/www.spkatarzyna.pl\\\/#organization\",\"name\":\"SP Katarzyna\",\"description\":\"Publiczna Szko\\u0142a Podstawowa w \\u015awi\\u0119tej Katarzynie\",\"url\":\"https:\\\/\\\/www.spkatarzyna.pl\\\/\",\"telephone\":\"+48713116378\",\"sameAs\":[\"https:\\\/\\\/facebook.com\\\/\",\"https:\\\/\\\/x.com\\\/\",\"https:\\\/\\\/instagram.com\\\/\",\"https:\\\/\\\/pinterest.com\\\/\",\"https:\\\/\\\/youtube.com\\\/\",\"https:\\\/\\\/linkedin.com\\\/in\\\/\"]},{\"@type\":\"Person\",\"@id\":\"https:\\\/\\\/www.spkatarzyna.pl\\\/index.php\\\/author\\\/agatasafianspkatarzyna-pl\\\/#author\",\"url\":\"https:\\\/\\\/www.spkatarzyna.pl\\\/index.php\\\/author\\\/agatasafianspkatarzyna-pl\\\/\",\"name\":\"Redakcja\",\"image\":{\"@type\":\"ImageObject\",\"@id\":\"https:\\\/\\\/www.spkatarzyna.pl\\\/index.php\\\/2023\\\/05\\\/20\\\/sukces-sportowy-uczniow\\\/#authorImage\",\"url\":\"https:\\\/\\\/secure.gravatar.com\\\/avatar\\\/765290513df94d442152250e92b42327?s=96&d=mm&r=g\",\"width\":96,\"height\":96,\"caption\":\"Redakcja\"}},{\"@type\":\"WebPage\",\"@id\":\"https:\\\/\\\/www.spkatarzyna.pl\\\/index.php\\\/2023\\\/05\\\/20\\\/sukces-sportowy-uczniow\\\/#webpage\",\"url\":\"https:\\\/\\\/www.spkatarzyna.pl\\\/index.php\\\/2023\\\/05\\\/20\\\/sukces-sportowy-uczniow\\\/\",\"name\":\"Sukces sportowy uczni\\u00f3w - SP Katarzyna\",\"description\":\"Z przyjemno\\u015bci\\u0105 informujemy, \\u017ce nasi uczniowie zaj\\u0119li I miejsce w Powiatowym Turnieju Pi\\u0142ki No\\u017cnej Ch\\u0142opc\\u00f3w. Dzi\\u0119kujemy za postaw\\u0119 i zaanga\\u017cowanie oraz godne reprezentowanie Gminy na tych zawodach. Dzi\\u0119kujemy zawodnikom: Kapitan dru\\u017cyny Piotr Kokoszka, Kacper \\u0141ukawski, Franciszek Kozik, Piotr \\u017by\\u017ca, Bartek Kilianowski, Ilii Chornyj, Szymon Muzyka, Mi\\u0142osz Wierzbicki, Micha\\u0142 Damrych, Kaleb Bartczak, Danylo Zaitsew, Piotr Mikulski,\",\"inLanguage\":\"pl-PL\",\"isPartOf\":{\"@id\":\"https:\\\/\\\/www.spkatarzyna.pl\\\/#website\"},\"breadcrumb\":{\"@id\":\"https:\\\/\\\/www.spkatarzyna.pl\\\/index.php\\\/2023\\\/05\\\/20\\\/sukces-sportowy-uczniow\\\/#breadcrumblist\"},\"author\":{\"@id\":\"https:\\\/\\\/www.spkatarzyna.pl\\\/index.php\\\/author\\\/agatasafianspkatarzyna-pl\\\/#author\"},\"creator\":{\"@id\":\"https:\\\/\\\/www.spkatarzyna.pl\\\/index.php\\\/author\\\/agatasafianspkatarzyna-pl\\\/#author\"},\"image\":{\"@type\":\"ImageObject\",\"url\":\"https:\\\/\\\/www.spkatarzyna.pl\\\/wp-content\\\/uploads\\\/2023\\\/05\\\/image000008-2.jpg\",\"@id\":\"https:\\\/\\\/www.spkatarzyna.pl\\\/index.php\\\/2023\\\/05\\\/20\\\/sukces-sportowy-uczniow\\\/#mainImage\",\"width\":360,\"height\":202},\"primaryImageOfPage\":{\"@id\":\"https:\\\/\\\/www.spkatarzyna.pl\\\/index.php\\\/2023\\\/05\\\/20\\\/sukces-sportowy-uczniow\\\/#mainImage\"},\"datePublished\":\"2023-05-20T17:11:55+02:00\",\"dateModified\":\"2023-05-20T17:16:33+02:00\"},{\"@type\":\"WebSite\",\"@id\":\"https:\\\/\\\/www.spkatarzyna.pl\\\/#website\",\"url\":\"https:\\\/\\\/www.spkatarzyna.pl\\\/\",\"name\":\"SP Katarzyna\",\"description\":\"Publiczna Szko\\u0142a Podstawowa w \\u015awi\\u0119tej Katarzynie\",\"inLanguage\":\"pl-PL\",\"publisher\":{\"@id\":\"https:\\\/\\\/www.spkatarzyna.pl\\\/#organization\"}}]}\n\t\t<\/script>\n\t\t<!-- All in One SEO -->\n\n","aioseo_head_json":{"title":"Sukces sportowy uczni\u00f3w - SP Katarzyna","description":"Z przyjemno\u015bci\u0105 informujemy, \u017ce nasi uczniowie zaj\u0119li I miejsce w Powiatowym Turnieju Pi\u0142ki No\u017cnej Ch\u0142opc\u00f3w. Dzi\u0119kujemy za postaw\u0119 i zaanga\u017cowanie oraz godne reprezentowanie Gminy na tych zawodach. Dzi\u0119kujemy zawodnikom: Kapitan dru\u017cyny Piotr Kokoszka, Kacper \u0141ukawski, Franciszek Kozik, Piotr \u017by\u017ca, Bartek Kilianowski, Ilii Chornyj, Szymon Muzyka, Mi\u0142osz Wierzbicki, Micha\u0142 Damrych, Kaleb Bartczak, Danylo Zaitsew, Piotr Mikulski,","canonical_url":"https:\/\/www.spkatarzyna.pl\/index.php\/2023\/05\/20\/sukces-sportowy-uczniow\/","robots":"max-image-preview:large","keywords":"","webmasterTools":{"miscellaneous":""},"schema":{"@context":"https:\/\/schema.org","@graph":[{"@type":"BlogPosting","@id":"https:\/\/www.spkatarzyna.pl\/index.php\/2023\/05\/20\/sukces-sportowy-uczniow\/#blogposting","name":"Sukces sportowy uczni\u00f3w - SP Katarzyna","headline":"Sukces sportowy uczni\u00f3w","author":{"@id":"https:\/\/www.spkatarzyna.pl\/index.php\/author\/agatasafianspkatarzyna-pl\/#author"},"publisher":{"@id":"https:\/\/www.spkatarzyna.pl\/#organization"},"image":{"@type":"ImageObject","url":"https:\/\/www.spkatarzyna.pl\/wp-content\/uploads\/2023\/05\/image000008-2.jpg","width":360,"height":202},"datePublished":"2023-05-20T17:11:55+02:00","dateModified":"2023-05-20T17:16:33+02:00","inLanguage":"pl-PL","mainEntityOfPage":{"@id":"https:\/\/www.spkatarzyna.pl\/index.php\/2023\/05\/20\/sukces-sportowy-uczniow\/#webpage"},"isPartOf":{"@id":"https:\/\/www.spkatarzyna.pl\/index.php\/2023\/05\/20\/sukces-sportowy-uczniow\/#webpage"},"articleSection":"Uncategorized"},{"@type":"BreadcrumbList","@id":"https:\/\/www.spkatarzyna.pl\/index.php\/2023\/05\/20\/sukces-sportowy-uczniow\/#breadcrumblist","itemListElement":[{"@type":"ListItem","@id":"https:\/\/www.spkatarzyna.pl#listItem","position":1,"name":"Dom","item":"https:\/\/www.spkatarzyna.pl","nextItem":{"@type":"ListItem","@id":"https:\/\/www.spkatarzyna.pl\/index.php\/category\/uncategorized\/#listItem","name":"Uncategorized"}},{"@type":"ListItem","@id":"https:\/\/www.spkatarzyna.pl\/index.php\/category\/uncategorized\/#listItem","position":2,"name":"Uncategorized","item":"https:\/\/www.spkatarzyna.pl\/index.php\/category\/uncategorized\/","nextItem":{"@type":"ListItem","@id":"https:\/\/www.spkatarzyna.pl\/index.php\/2023\/05\/20\/sukces-sportowy-uczniow\/#listItem","name":"Sukces sportowy uczni\u00f3w"},"previousItem":{"@type":"ListItem","@id":"https:\/\/www.spkatarzyna.pl#listItem","name":"Dom"}},{"@type":"ListItem","@id":"https:\/\/www.spkatarzyna.pl\/index.php\/2023\/05\/20\/sukces-sportowy-uczniow\/#listItem","position":3,"name":"Sukces sportowy uczni\u00f3w","previousItem":{"@type":"ListItem","@id":"https:\/\/www.spkatarzyna.pl\/index.php\/category\/uncategorized\/#listItem","name":"Uncategorized"}}]},{"@type":"Organization","@id":"https:\/\/www.spkatarzyna.pl\/#organization","name":"SP Katarzyna","description":"Publiczna Szko\u0142a Podstawowa w \u015awi\u0119tej Katarzynie","url":"https:\/\/www.spkatarzyna.pl\/","telephone":"+48713116378","sameAs":["https:\/\/facebook.com\/","https:\/\/x.com\/","https:\/\/instagram.com\/","https:\/\/pinterest.com\/","https:\/\/youtube.com\/","https:\/\/linkedin.com\/in\/"]},{"@type":"Person","@id":"https:\/\/www.spkatarzyna.pl\/index.php\/author\/agatasafianspkatarzyna-pl\/#author","url":"https:\/\/www.spkatarzyna.pl\/index.php\/author\/agatasafianspkatarzyna-pl\/","name":"Redakcja","image":{"@type":"ImageObject","@id":"https:\/\/www.spkatarzyna.pl\/index.php\/2023\/05\/20\/sukces-sportowy-uczniow\/#authorImage","url":"https:\/\/secure.gravatar.com\/avatar\/765290513df94d442152250e92b42327?s=96&d=mm&r=g","width":96,"height":96,"caption":"Redakcja"}},{"@type":"WebPage","@id":"https:\/\/www.spkatarzyna.pl\/index.php\/2023\/05\/20\/sukces-sportowy-uczniow\/#webpage","url":"https:\/\/www.spkatarzyna.pl\/index.php\/2023\/05\/20\/sukces-sportowy-uczniow\/","name":"Sukces sportowy uczni\u00f3w - SP Katarzyna","description":"Z przyjemno\u015bci\u0105 informujemy, \u017ce nasi uczniowie zaj\u0119li I miejsce w Powiatowym Turnieju Pi\u0142ki No\u017cnej Ch\u0142opc\u00f3w. Dzi\u0119kujemy za postaw\u0119 i zaanga\u017cowanie oraz godne reprezentowanie Gminy na tych zawodach. Dzi\u0119kujemy zawodnikom: Kapitan dru\u017cyny Piotr Kokoszka, Kacper \u0141ukawski, Franciszek Kozik, Piotr \u017by\u017ca, Bartek Kilianowski, Ilii Chornyj, Szymon Muzyka, Mi\u0142osz Wierzbicki, Micha\u0142 Damrych, Kaleb Bartczak, Danylo Zaitsew, Piotr Mikulski,","inLanguage":"pl-PL","isPartOf":{"@id":"https:\/\/www.spkatarzyna.pl\/#website"},"breadcrumb":{"@id":"https:\/\/www.spkatarzyna.pl\/index.php\/2023\/05\/20\/sukces-sportowy-uczniow\/#breadcrumblist"},"author":{"@id":"https:\/\/www.spkatarzyna.pl\/index.php\/author\/agatasafianspkatarzyna-pl\/#author"},"creator":{"@id":"https:\/\/www.spkatarzyna.pl\/index.php\/author\/agatasafianspkatarzyna-pl\/#author"},"image":{"@type":"ImageObject","url":"https:\/\/www.spkatarzyna.pl\/wp-content\/uploads\/2023\/05\/image000008-2.jpg","@id":"https:\/\/www.spkatarzyna.pl\/index.php\/2023\/05\/20\/sukces-sportowy-uczniow\/#mainImage","width":360,"height":202},"primaryImageOfPage":{"@id":"https:\/\/www.spkatarzyna.pl\/index.php\/2023\/05\/20\/sukces-sportowy-uczniow\/#mainImage"},"datePublished":"2023-05-20T17:11:55+02:00","dateModified":"2023-05-20T17:16:33+02:00"},{"@type":"WebSite","@id":"https:\/\/www.spkatarzyna.pl\/#website","url":"https:\/\/www.spkatarzyna.pl\/","name":"SP Katarzyna","description":"Publiczna Szko\u0142a Podstawowa w \u015awi\u0119tej Katarzynie","inLanguage":"pl-PL","publisher":{"@id":"https:\/\/www.spkatarzyna.pl\/#organization"}}]},"og:locale":"pl_PL","og:site_name":"SP Katarzyna - Publiczna Szko\u0142a Podstawowa w \u015awi\u0119tej Katarzynie","og:type":"article","og:title":"Sukces sportowy uczni\u00f3w - SP Katarzyna","og:description":"Z przyjemno\u015bci\u0105 informujemy, \u017ce nasi uczniowie zaj\u0119li I miejsce w Powiatowym Turnieju Pi\u0142ki No\u017cnej Ch\u0142opc\u00f3w. Dzi\u0119kujemy za postaw\u0119 i zaanga\u017cowanie oraz godne reprezentowanie Gminy na tych zawodach. Dzi\u0119kujemy zawodnikom: Kapitan dru\u017cyny Piotr Kokoszka, Kacper \u0141ukawski, Franciszek Kozik, Piotr \u017by\u017ca, Bartek Kilianowski, Ilii Chornyj, Szymon Muzyka, Mi\u0142osz Wierzbicki, Micha\u0142 Damrych, Kaleb Bartczak, Danylo Zaitsew, Piotr Mikulski,","og:url":"https:\/\/www.spkatarzyna.pl\/index.php\/2023\/05\/20\/sukces-sportowy-uczniow\/","article:published_time":"2023-05-20T17:11:55+00:00","article:modified_time":"2023-05-20T17:16:33+00:00","twitter:card":"summary_large_image","twitter:title":"Sukces sportowy uczni\u00f3w - SP Katarzyna","twitter:description":"Z przyjemno\u015bci\u0105 informujemy, \u017ce nasi uczniowie zaj\u0119li I miejsce w Powiatowym Turnieju Pi\u0142ki No\u017cnej Ch\u0142opc\u00f3w. Dzi\u0119kujemy za postaw\u0119 i zaanga\u017cowanie oraz godne reprezentowanie Gminy na tych zawodach. Dzi\u0119kujemy zawodnikom: Kapitan dru\u017cyny Piotr Kokoszka, Kacper \u0141ukawski, Franciszek Kozik, Piotr \u017by\u017ca, Bartek Kilianowski, Ilii Chornyj, Szymon Muzyka, Mi\u0142osz Wierzbicki, Micha\u0142 Damrych, Kaleb Bartczak, Danylo Zaitsew, Piotr Mikulski,"},"aioseo_meta_data":{"post_id":"5416","title":null,"description":null,"keywords":null,"keyphrases":null,"primary_term":null,"canonical_url":null,"og_title":null,"og_description":null,"og_object_type":"default","og_image_type":"default","og_image_url":null,"og_image_width":null,"og_image_height":null,"og_image_custom_url":null,"og_image_custom_fields":null,"og_video":null,"og_custom_url":null,"og_article_section":null,"og_article_tags":null,"twitter_use_og":false,"twitter_card":"default","twitter_image_type":"default","twitter_image_url":null,"twitter_image_custom_url":null,"twitter_image_custom_fields":null,"twitter_title":null,"twitter_description":null,"schema":{"blockGraphs":[],"customGraphs":[],"default":{"data":{"Article":[],"Course":[],"Dataset":[],"FAQPage":[],"Movie":[],"Person":[],"Product":[],"ProductReview":[],"Car":[],"Recipe":[],"Service":[],"SoftwareApplication":[],"WebPage":[]},"graphName":"","isEnabled":true},"graphs":[]},"schema_type":"default","schema_type_options":null,"pillar_content":false,"robots_default":true,"robots_noindex":false,"robots_noarchive":false,"robots_nosnippet":false,"robots_nofollow":false,"robots_noimageindex":false,"robots_noodp":false,"robots_notranslate":false,"robots_max_snippet":null,"robots_max_videopreview":null,"robots_max_imagepreview":"large","priority":null,"frequency":null,"local_seo":null,"limit_modified_date":false,"created":"2024-04-03 08:06:00","updated":"2026-09-03 14:35:21","focus_keyword":null,"additional_keywords":null,"truseo_locale":null,"ai":null,"breadcrumb_settings":null,"seo_analyzer_scan_date":null},"aioseo_breadcrumb":"<div class=\"aioseo-breadcrumbs\"><span class=\"aioseo-breadcrumb\">\n\t\t\t<a href=\"https:\/\/www.spkatarzyna.pl\" title=\"Dom\">Dom<\/a>\n\t\t<\/span><span class=\"aioseo-breadcrumb-separator\">&raquo;<\/span><span class=\"aioseo-breadcrumb\">\n\t\t\t<a href=\"https:\/\/www.spkatarzyna.pl\/index.php\/category\/uncategorized\/\" title=\"Uncategorized\">Uncategorized<\/a>\n\t\t<\/span><span class=\"aioseo-breadcrumb-separator\">&raquo;<\/span><span class=\"aioseo-breadcrumb\">\n\t\t\tSukces sportowy uczni\u00f3w\n\t\t<\/span><\/div>","aioseo_breadcrumb_json":[{"label":"Dom","link":"https:\/\/www.spkatarzyna.pl"},{"label":"Uncategorized","link":"https:\/\/www.spkatarzyna.pl\/index.php\/category\/uncategorized\/"},{"label":"Sukces sportowy uczni\u00f3w","link":"https:\/\/www.spkatarzyna.pl\/index.php\/2023\/05\/20\/sukces-sportowy-uczniow\/"}],"_links":{"self":[{"href":"https:\/\/www.spkatarzyna.pl\/index.php\/wp-json\/wp\/v2\/posts\/5416","targetHints":{"allow":["GET"]}}],"collection":[{"href":"https:\/\/www.spkatarzyna.pl\/index.php\/wp-json\/wp\/v2\/posts"}],"about":[{"href":"https:\/\/www.spkatarzyna.pl\/index.php\/wp-json\/wp\/v2\/types\/post"}],"author":[{"embeddable":true,"href":"https:\/\/www.spkatarzyna.pl\/index.php\/wp-json\/wp\/v2\/users\/6"}],"replies":[{"embeddable":true,"href":"https:\/\/www.spkatarzyna.pl\/index.php\/wp-json\/wp\/v2\/comments?post=5416"}],"version-history":[{"count":4,"href":"https:\/\/www.spkatarzyna.pl\/index.php\/wp-json\/wp\/v2\/posts\/5416\/revisions"}],"predecessor-version":[{"id":5427,"href":"https:\/\/www.spkatarzyna.pl\/index.php\/wp-json\/wp\/v2\/posts\/5416\/revisions\/5427"}],"wp:featuredmedia":[{"embeddable":true,"href":"https:\/\/www.spkatarzyna.pl\/index.php\/wp-json\/wp\/v2\/media\/5417"}],"wp:attachment":[{"href":"https:\/\/www.spkatarzyna.pl\/index.php\/wp-json\/wp\/v2\/media?parent=5416"}],"wp:term":[{"taxonomy":"category","embeddable":true,"href":"https:\/\/www.spkatarzyna.pl\/index.php\/wp-json\/wp\/v2\/categories?post=5416"},{"taxonomy":"post_tag","embeddable":true,"href":"https:\/\/www.spkatarzyna.pl\/index.php\/wp-json\/wp\/v2\/tags?post=5416"}],"curies":[{"name":"wp","href":"https:\/\/api.w.org\/{rel}","templated":true}]}}