{"id":5491,"date":"2023-06-01T13:09:03","date_gmt":"2023-06-01T13:09:03","guid":{"rendered":"http:\/\/www.spkatarzyna.pl\/?p=5491"},"modified":"2023-06-01T13:36:36","modified_gmt":"2023-06-01T13:36:36","slug":"oddzial-przedszkolny-otrzymal-dotacje-z-nprcz-2-0-na-lata-2021-2025","status":"publish","type":"post","link":"https:\/\/www.spkatarzyna.pl\/index.php\/2023\/06\/01\/oddzial-przedszkolny-otrzymal-dotacje-z-nprcz-2-0-na-lata-2021-2025\/","title":{"rendered":"Otrzymali\u015bmy \u015brodki z NPRCz 2.0"},"content":{"rendered":"\t\t<div data-elementor-type=\"wp-post\" data-elementor-id=\"5491\" class=\"elementor elementor-5491\">\n\t\t\t\t\t\t<section class=\"elementor-section elementor-top-section elementor-element elementor-element-7a8635b7 elementor-section-boxed elementor-section-height-default elementor-section-height-default\" data-id=\"7a8635b7\" data-element_type=\"section\">\n\t\t\t\t\t\t<div class=\"elementor-container elementor-column-gap-default\">\n\t\t\t\t\t<div class=\"elementor-column elementor-col-100 elementor-top-column elementor-element elementor-element-47d98639\" data-id=\"47d98639\" data-element_type=\"column\">\n\t\t\t<div class=\"elementor-widget-wrap elementor-element-populated\">\n\t\t\t\t\t\t<div class=\"elementor-element elementor-element-1480520 elementor-widget elementor-widget-image\" data-id=\"1480520\" data-element_type=\"widget\" data-widget_type=\"image.default\">\n\t\t\t\t\t\t\t\t\t\t\t\t\t\t\t<img fetchpriority=\"high\" decoding=\"async\" width=\"732\" height=\"384\" src=\"https:\/\/www.spkatarzyna.pl\/wp-content\/uploads\/2023\/06\/logo1-1.jpg\" class=\"attachment-large size-large wp-image-5498\" alt=\"\" srcset=\"https:\/\/www.spkatarzyna.pl\/wp-content\/uploads\/2023\/06\/logo1-1.jpg 732w, https:\/\/www.spkatarzyna.pl\/wp-content\/uploads\/2023\/06\/logo1-1-300x157.jpg 300w\" sizes=\"(max-width: 732px) 100vw, 732px\" \/>\t\t\t\t\t\t\t\t\t\t\t\t\t\t\t<\/div>\n\t\t\t\t<div class=\"elementor-element elementor-element-33a1bb47 elementor-widget elementor-widget-text-editor\" data-id=\"33a1bb47\" data-element_type=\"widget\" data-widget_type=\"text-editor.default\">\n\t\t\t\t\t\t\t\t\t<p style=\"text-align: justify;\"><span style=\"font-weight: 400; color: #000000; font-size: 14pt;\">Oddzia\u0142 Przedszkolny w Publicznej Szkole Podstawowej w \u015awi\u0119tej Katarzynie im. Stefana Kardyna\u0142a Wyszy\u0144skiego Prymasa Tysi\u0105clecia uzyska\u0142 dofinansowanie w ramach Narodowego Programu Rozwoju Czytelnictwa 2.0. na lata 2021-2025 w roku 2023. Zadanie obejmuje zakup ksi\u0105\u017cek b\u0119d\u0105cych nowo\u015bciami wydawniczymi dla dzieci w wieku 3\u20136 lat oraz realizacj\u0119 dzia\u0142a\u0144 promuj\u0105cych czytelnictwo. Warto\u015b\u0107 projektu: 1 875,00 PLN w tym dotacja: 1 500,00 PLN.<\/span><\/p>\r\n&nbsp;\t\t\t\t\t\t\t\t<\/div>\n\t\t\t\t<div class=\"elementor-element elementor-element-603b16d elementor-widget elementor-widget-image\" data-id=\"603b16d\" data-element_type=\"widget\" data-widget_type=\"image.default\">\n\t\t\t\t\t\t\t\t\t\t\t\t\t\t\t<img decoding=\"async\" width=\"713\" height=\"114\" src=\"https:\/\/www.spkatarzyna.pl\/wp-content\/uploads\/2023\/06\/logo2-e1685625203478.jpg\" class=\"attachment-large size-large wp-image-5497\" alt=\"\" srcset=\"https:\/\/www.spkatarzyna.pl\/wp-content\/uploads\/2023\/06\/logo2-e1685625203478.jpg 713w, https:\/\/www.spkatarzyna.pl\/wp-content\/uploads\/2023\/06\/logo2-e1685625203478-300x48.jpg 300w\" sizes=\"(max-width: 713px) 100vw, 713px\" \/>\t\t\t\t\t\t\t\t\t\t\t\t\t\t\t<\/div>\n\t\t\t\t\t<\/div>\n\t\t<\/div>\n\t\t\t\t\t<\/div>\n\t\t<\/section>\n\t\t\t\t<\/div>\n\t\t","protected":false},"excerpt":{"rendered":"<p>Oddzia\u0142 Przedszkolny w Publicznej Szkole Podstawowej w \u015awi\u0119tej Katarzynie im. Stefana Kardyna\u0142a Wyszy\u0144skiego Prymasa Tysi\u0105clecia uzyska\u0142 dofinansowanie w ramach Narodowego Programu Rozwoju Czytelnictwa 2.0. na lata 2021-2025 w roku 2023. Zadanie obejmuje zakup ksi\u0105\u017cek b\u0119d\u0105cych nowo\u015bciami wydawniczymi dla dzieci w wieku 3\u20136 lat oraz realizacj\u0119 dzia\u0142a\u0144 promuj\u0105cych czytelnictwo. Warto\u015b\u0107 projektu: [&hellip;]<\/p>\n","protected":false},"author":6,"featured_media":5485,"comment_status":"open","ping_status":"open","sticky":false,"template":"","format":"standard","meta":{"om_disable_all_campaigns":false,"_monsterinsights_skip_tracking":false,"ngg_post_thumbnail":0,"footnotes":""},"categories":[1],"tags":[],"class_list":["post-5491","post","type-post","status-publish","format-standard","has-post-thumbnail","hentry","category-uncategorized"],"aioseo_notices":[],"aioseo_head":"\n\t\t<!-- All in One SEO 5.0.1.1 - aioseo.com -->\n\t<meta name=\"description\" content=\"Oddzia\u0142 Przedszkolny w Publicznej Szkole Podstawowej w \u015awi\u0119tej Katarzynie im. Stefana Kardyna\u0142a Wyszy\u0144skiego Prymasa Tysi\u0105clecia uzyska\u0142 dofinansowanie w ramach Narodowego Programu Rozwoju Czytelnictwa 2.0. na lata 2021-2025 w roku 2023. Zadanie obejmuje zakup ksi\u0105\u017cek b\u0119d\u0105cych nowo\u015bciami wydawniczymi dla dzieci w wieku 3\u20136 lat oraz realizacj\u0119 dzia\u0142a\u0144 promuj\u0105cych czytelnictwo. Warto\u015b\u0107 projektu: 1 875,00 PLN w tym\" \/>\n\t<meta name=\"robots\" content=\"max-image-preview:large\" \/>\n\t<meta name=\"author\" content=\"Redakcja\"\/>\n\t<link rel=\"canonical\" href=\"https:\/\/www.spkatarzyna.pl\/index.php\/2023\/06\/01\/oddzial-przedszkolny-otrzymal-dotacje-z-nprcz-2-0-na-lata-2021-2025\/\" \/>\n\t<meta name=\"generator\" content=\"All in One SEO (AIOSEO) 5.0.1.1\" \/>\n\t\t<meta property=\"og:locale\" content=\"pl_PL\" \/>\n\t\t<meta property=\"og:site_name\" content=\"SP Katarzyna - Publiczna Szko\u0142a Podstawowa w \u015awi\u0119tej Katarzynie\" \/>\n\t\t<meta property=\"og:type\" content=\"article\" \/>\n\t\t<meta property=\"og:title\" content=\"Otrzymali\u015bmy \u015brodki z NPRCz 2.0 - SP Katarzyna\" \/>\n\t\t<meta property=\"og:description\" content=\"Oddzia\u0142 Przedszkolny w Publicznej Szkole Podstawowej w \u015awi\u0119tej Katarzynie im. Stefana Kardyna\u0142a Wyszy\u0144skiego Prymasa Tysi\u0105clecia uzyska\u0142 dofinansowanie w ramach Narodowego Programu Rozwoju Czytelnictwa 2.0. na lata 2021-2025 w roku 2023. Zadanie obejmuje zakup ksi\u0105\u017cek b\u0119d\u0105cych nowo\u015bciami wydawniczymi dla dzieci w wieku 3\u20136 lat oraz realizacj\u0119 dzia\u0142a\u0144 promuj\u0105cych czytelnictwo. Warto\u015b\u0107 projektu: 1 875,00 PLN w tym\" \/>\n\t\t<meta property=\"og:url\" content=\"https:\/\/www.spkatarzyna.pl\/index.php\/2023\/06\/01\/oddzial-przedszkolny-otrzymal-dotacje-z-nprcz-2-0-na-lata-2021-2025\/\" \/>\n\t\t<meta property=\"article:published_time\" content=\"2023-06-01T13:09:03+00:00\" \/>\n\t\t<meta property=\"article:modified_time\" content=\"2023-06-01T13:36:36+00:00\" \/>\n\t\t<meta name=\"twitter:card\" content=\"summary_large_image\" \/>\n\t\t<meta name=\"twitter:title\" content=\"Otrzymali\u015bmy \u015brodki z NPRCz 2.0 - SP Katarzyna\" \/>\n\t\t<meta name=\"twitter:description\" content=\"Oddzia\u0142 Przedszkolny w Publicznej Szkole Podstawowej w \u015awi\u0119tej Katarzynie im. Stefana Kardyna\u0142a Wyszy\u0144skiego Prymasa Tysi\u0105clecia uzyska\u0142 dofinansowanie w ramach Narodowego Programu Rozwoju Czytelnictwa 2.0. na lata 2021-2025 w roku 2023. Zadanie obejmuje zakup ksi\u0105\u017cek b\u0119d\u0105cych nowo\u015bciami wydawniczymi dla dzieci w wieku 3\u20136 lat oraz realizacj\u0119 dzia\u0142a\u0144 promuj\u0105cych czytelnictwo. Warto\u015b\u0107 projektu: 1 875,00 PLN w tym\" \/>\n\t\t<script type=\"application\/ld+json\" class=\"aioseo-schema\">\n\t\t\t{\"@context\":\"https:\\\/\\\/schema.org\",\"@graph\":[{\"@type\":\"BlogPosting\",\"@id\":\"https:\\\/\\\/www.spkatarzyna.pl\\\/index.php\\\/2023\\\/06\\\/01\\\/oddzial-przedszkolny-otrzymal-dotacje-z-nprcz-2-0-na-lata-2021-2025\\\/#blogposting\",\"name\":\"Otrzymali\\u015bmy \\u015brodki z NPRCz 2.0 - SP Katarzyna\",\"headline\":\"Otrzymali\\u015bmy \\u015brodki z NPRCz 2.0\",\"author\":{\"@id\":\"https:\\\/\\\/www.spkatarzyna.pl\\\/index.php\\\/author\\\/agatasafianspkatarzyna-pl\\\/#author\"},\"publisher\":{\"@id\":\"https:\\\/\\\/www.spkatarzyna.pl\\\/#organization\"},\"image\":{\"@type\":\"ImageObject\",\"url\":\"https:\\\/\\\/www.spkatarzyna.pl\\\/wp-content\\\/uploads\\\/2023\\\/06\\\/bez-nazwy-1.jpg\",\"width\":360,\"height\":202},\"datePublished\":\"2023-06-01T13:09:03+02:00\",\"dateModified\":\"2023-06-01T13:36:36+02:00\",\"inLanguage\":\"pl-PL\",\"mainEntityOfPage\":{\"@id\":\"https:\\\/\\\/www.spkatarzyna.pl\\\/index.php\\\/2023\\\/06\\\/01\\\/oddzial-przedszkolny-otrzymal-dotacje-z-nprcz-2-0-na-lata-2021-2025\\\/#webpage\"},\"isPartOf\":{\"@id\":\"https:\\\/\\\/www.spkatarzyna.pl\\\/index.php\\\/2023\\\/06\\\/01\\\/oddzial-przedszkolny-otrzymal-dotacje-z-nprcz-2-0-na-lata-2021-2025\\\/#webpage\"},\"articleSection\":\"Uncategorized\"},{\"@type\":\"BreadcrumbList\",\"@id\":\"https:\\\/\\\/www.spkatarzyna.pl\\\/index.php\\\/2023\\\/06\\\/01\\\/oddzial-przedszkolny-otrzymal-dotacje-z-nprcz-2-0-na-lata-2021-2025\\\/#breadcrumblist\",\"itemListElement\":[{\"@type\":\"ListItem\",\"@id\":\"https:\\\/\\\/www.spkatarzyna.pl#listItem\",\"position\":1,\"name\":\"Dom\",\"item\":\"https:\\\/\\\/www.spkatarzyna.pl\",\"nextItem\":{\"@type\":\"ListItem\",\"@id\":\"https:\\\/\\\/www.spkatarzyna.pl\\\/index.php\\\/category\\\/uncategorized\\\/#listItem\",\"name\":\"Uncategorized\"}},{\"@type\":\"ListItem\",\"@id\":\"https:\\\/\\\/www.spkatarzyna.pl\\\/index.php\\\/category\\\/uncategorized\\\/#listItem\",\"position\":2,\"name\":\"Uncategorized\",\"item\":\"https:\\\/\\\/www.spkatarzyna.pl\\\/index.php\\\/category\\\/uncategorized\\\/\",\"nextItem\":{\"@type\":\"ListItem\",\"@id\":\"https:\\\/\\\/www.spkatarzyna.pl\\\/index.php\\\/2023\\\/06\\\/01\\\/oddzial-przedszkolny-otrzymal-dotacje-z-nprcz-2-0-na-lata-2021-2025\\\/#listItem\",\"name\":\"Otrzymali\\u015bmy \\u015brodki z NPRCz 2.0\"},\"previousItem\":{\"@type\":\"ListItem\",\"@id\":\"https:\\\/\\\/www.spkatarzyna.pl#listItem\",\"name\":\"Dom\"}},{\"@type\":\"ListItem\",\"@id\":\"https:\\\/\\\/www.spkatarzyna.pl\\\/index.php\\\/2023\\\/06\\\/01\\\/oddzial-przedszkolny-otrzymal-dotacje-z-nprcz-2-0-na-lata-2021-2025\\\/#listItem\",\"position\":3,\"name\":\"Otrzymali\\u015bmy \\u015brodki z NPRCz 2.0\",\"previousItem\":{\"@type\":\"ListItem\",\"@id\":\"https:\\\/\\\/www.spkatarzyna.pl\\\/index.php\\\/category\\\/uncategorized\\\/#listItem\",\"name\":\"Uncategorized\"}}]},{\"@type\":\"Organization\",\"@id\":\"https:\\\/\\\/www.spkatarzyna.pl\\\/#organization\",\"name\":\"SP Katarzyna\",\"description\":\"Publiczna Szko\\u0142a Podstawowa w \\u015awi\\u0119tej Katarzynie\",\"url\":\"https:\\\/\\\/www.spkatarzyna.pl\\\/\",\"telephone\":\"+48713116378\",\"sameAs\":[\"https:\\\/\\\/facebook.com\\\/\",\"https:\\\/\\\/x.com\\\/\",\"https:\\\/\\\/instagram.com\\\/\",\"https:\\\/\\\/pinterest.com\\\/\",\"https:\\\/\\\/youtube.com\\\/\",\"https:\\\/\\\/linkedin.com\\\/in\\\/\"]},{\"@type\":\"Person\",\"@id\":\"https:\\\/\\\/www.spkatarzyna.pl\\\/index.php\\\/author\\\/agatasafianspkatarzyna-pl\\\/#author\",\"url\":\"https:\\\/\\\/www.spkatarzyna.pl\\\/index.php\\\/author\\\/agatasafianspkatarzyna-pl\\\/\",\"name\":\"Redakcja\",\"image\":{\"@type\":\"ImageObject\",\"@id\":\"https:\\\/\\\/www.spkatarzyna.pl\\\/index.php\\\/2023\\\/06\\\/01\\\/oddzial-przedszkolny-otrzymal-dotacje-z-nprcz-2-0-na-lata-2021-2025\\\/#authorImage\",\"url\":\"https:\\\/\\\/secure.gravatar.com\\\/avatar\\\/765290513df94d442152250e92b42327?s=96&d=mm&r=g\",\"width\":96,\"height\":96,\"caption\":\"Redakcja\"}},{\"@type\":\"WebPage\",\"@id\":\"https:\\\/\\\/www.spkatarzyna.pl\\\/index.php\\\/2023\\\/06\\\/01\\\/oddzial-przedszkolny-otrzymal-dotacje-z-nprcz-2-0-na-lata-2021-2025\\\/#webpage\",\"url\":\"https:\\\/\\\/www.spkatarzyna.pl\\\/index.php\\\/2023\\\/06\\\/01\\\/oddzial-przedszkolny-otrzymal-dotacje-z-nprcz-2-0-na-lata-2021-2025\\\/\",\"name\":\"Otrzymali\\u015bmy \\u015brodki z NPRCz 2.0 - SP Katarzyna\",\"description\":\"Oddzia\\u0142 Przedszkolny w Publicznej Szkole Podstawowej w \\u015awi\\u0119tej Katarzynie im. Stefana Kardyna\\u0142a Wyszy\\u0144skiego Prymasa Tysi\\u0105clecia uzyska\\u0142 dofinansowanie w ramach Narodowego Programu Rozwoju Czytelnictwa 2.0. na lata 2021-2025 w roku 2023. Zadanie obejmuje zakup ksi\\u0105\\u017cek b\\u0119d\\u0105cych nowo\\u015bciami wydawniczymi dla dzieci w wieku 3\\u20136 lat oraz realizacj\\u0119 dzia\\u0142a\\u0144 promuj\\u0105cych czytelnictwo. Warto\\u015b\\u0107 projektu: 1 875,00 PLN w tym\",\"inLanguage\":\"pl-PL\",\"isPartOf\":{\"@id\":\"https:\\\/\\\/www.spkatarzyna.pl\\\/#website\"},\"breadcrumb\":{\"@id\":\"https:\\\/\\\/www.spkatarzyna.pl\\\/index.php\\\/2023\\\/06\\\/01\\\/oddzial-przedszkolny-otrzymal-dotacje-z-nprcz-2-0-na-lata-2021-2025\\\/#breadcrumblist\"},\"author\":{\"@id\":\"https:\\\/\\\/www.spkatarzyna.pl\\\/index.php\\\/author\\\/agatasafianspkatarzyna-pl\\\/#author\"},\"creator\":{\"@id\":\"https:\\\/\\\/www.spkatarzyna.pl\\\/index.php\\\/author\\\/agatasafianspkatarzyna-pl\\\/#author\"},\"image\":{\"@type\":\"ImageObject\",\"url\":\"https:\\\/\\\/www.spkatarzyna.pl\\\/wp-content\\\/uploads\\\/2023\\\/06\\\/bez-nazwy-1.jpg\",\"@id\":\"https:\\\/\\\/www.spkatarzyna.pl\\\/index.php\\\/2023\\\/06\\\/01\\\/oddzial-przedszkolny-otrzymal-dotacje-z-nprcz-2-0-na-lata-2021-2025\\\/#mainImage\",\"width\":360,\"height\":202},\"primaryImageOfPage\":{\"@id\":\"https:\\\/\\\/www.spkatarzyna.pl\\\/index.php\\\/2023\\\/06\\\/01\\\/oddzial-przedszkolny-otrzymal-dotacje-z-nprcz-2-0-na-lata-2021-2025\\\/#mainImage\"},\"datePublished\":\"2023-06-01T13:09:03+02:00\",\"dateModified\":\"2023-06-01T13:36:36+02:00\"},{\"@type\":\"WebSite\",\"@id\":\"https:\\\/\\\/www.spkatarzyna.pl\\\/#website\",\"url\":\"https:\\\/\\\/www.spkatarzyna.pl\\\/\",\"name\":\"SP Katarzyna\",\"description\":\"Publiczna Szko\\u0142a Podstawowa w \\u015awi\\u0119tej Katarzynie\",\"inLanguage\":\"pl-PL\",\"publisher\":{\"@id\":\"https:\\\/\\\/www.spkatarzyna.pl\\\/#organization\"}}]}\n\t\t<\/script>\n\t\t<!-- All in One SEO -->\n\n","aioseo_head_json":{"title":"Otrzymali\u015bmy \u015brodki z NPRCz 2.0 - SP Katarzyna","description":"Oddzia\u0142 Przedszkolny w Publicznej Szkole Podstawowej w \u015awi\u0119tej Katarzynie im. Stefana Kardyna\u0142a Wyszy\u0144skiego Prymasa Tysi\u0105clecia uzyska\u0142 dofinansowanie w ramach Narodowego Programu Rozwoju Czytelnictwa 2.0. na lata 2021-2025 w roku 2023. Zadanie obejmuje zakup ksi\u0105\u017cek b\u0119d\u0105cych nowo\u015bciami wydawniczymi dla dzieci w wieku 3\u20136 lat oraz realizacj\u0119 dzia\u0142a\u0144 promuj\u0105cych czytelnictwo. Warto\u015b\u0107 projektu: 1 875,00 PLN w tym","canonical_url":"https:\/\/www.spkatarzyna.pl\/index.php\/2023\/06\/01\/oddzial-przedszkolny-otrzymal-dotacje-z-nprcz-2-0-na-lata-2021-2025\/","robots":"max-image-preview:large","keywords":"","webmasterTools":{"miscellaneous":""},"schema":{"@context":"https:\/\/schema.org","@graph":[{"@type":"BlogPosting","@id":"https:\/\/www.spkatarzyna.pl\/index.php\/2023\/06\/01\/oddzial-przedszkolny-otrzymal-dotacje-z-nprcz-2-0-na-lata-2021-2025\/#blogposting","name":"Otrzymali\u015bmy \u015brodki z NPRCz 2.0 - SP Katarzyna","headline":"Otrzymali\u015bmy \u015brodki z NPRCz 2.0","author":{"@id":"https:\/\/www.spkatarzyna.pl\/index.php\/author\/agatasafianspkatarzyna-pl\/#author"},"publisher":{"@id":"https:\/\/www.spkatarzyna.pl\/#organization"},"image":{"@type":"ImageObject","url":"https:\/\/www.spkatarzyna.pl\/wp-content\/uploads\/2023\/06\/bez-nazwy-1.jpg","width":360,"height":202},"datePublished":"2023-06-01T13:09:03+02:00","dateModified":"2023-06-01T13:36:36+02:00","inLanguage":"pl-PL","mainEntityOfPage":{"@id":"https:\/\/www.spkatarzyna.pl\/index.php\/2023\/06\/01\/oddzial-przedszkolny-otrzymal-dotacje-z-nprcz-2-0-na-lata-2021-2025\/#webpage"},"isPartOf":{"@id":"https:\/\/www.spkatarzyna.pl\/index.php\/2023\/06\/01\/oddzial-przedszkolny-otrzymal-dotacje-z-nprcz-2-0-na-lata-2021-2025\/#webpage"},"articleSection":"Uncategorized"},{"@type":"BreadcrumbList","@id":"https:\/\/www.spkatarzyna.pl\/index.php\/2023\/06\/01\/oddzial-przedszkolny-otrzymal-dotacje-z-nprcz-2-0-na-lata-2021-2025\/#breadcrumblist","itemListElement":[{"@type":"ListItem","@id":"https:\/\/www.spkatarzyna.pl#listItem","position":1,"name":"Dom","item":"https:\/\/www.spkatarzyna.pl","nextItem":{"@type":"ListItem","@id":"https:\/\/www.spkatarzyna.pl\/index.php\/category\/uncategorized\/#listItem","name":"Uncategorized"}},{"@type":"ListItem","@id":"https:\/\/www.spkatarzyna.pl\/index.php\/category\/uncategorized\/#listItem","position":2,"name":"Uncategorized","item":"https:\/\/www.spkatarzyna.pl\/index.php\/category\/uncategorized\/","nextItem":{"@type":"ListItem","@id":"https:\/\/www.spkatarzyna.pl\/index.php\/2023\/06\/01\/oddzial-przedszkolny-otrzymal-dotacje-z-nprcz-2-0-na-lata-2021-2025\/#listItem","name":"Otrzymali\u015bmy \u015brodki z NPRCz 2.0"},"previousItem":{"@type":"ListItem","@id":"https:\/\/www.spkatarzyna.pl#listItem","name":"Dom"}},{"@type":"ListItem","@id":"https:\/\/www.spkatarzyna.pl\/index.php\/2023\/06\/01\/oddzial-przedszkolny-otrzymal-dotacje-z-nprcz-2-0-na-lata-2021-2025\/#listItem","position":3,"name":"Otrzymali\u015bmy \u015brodki z NPRCz 2.0","previousItem":{"@type":"ListItem","@id":"https:\/\/www.spkatarzyna.pl\/index.php\/category\/uncategorized\/#listItem","name":"Uncategorized"}}]},{"@type":"Organization","@id":"https:\/\/www.spkatarzyna.pl\/#organization","name":"SP Katarzyna","description":"Publiczna Szko\u0142a Podstawowa w \u015awi\u0119tej Katarzynie","url":"https:\/\/www.spkatarzyna.pl\/","telephone":"+48713116378","sameAs":["https:\/\/facebook.com\/","https:\/\/x.com\/","https:\/\/instagram.com\/","https:\/\/pinterest.com\/","https:\/\/youtube.com\/","https:\/\/linkedin.com\/in\/"]},{"@type":"Person","@id":"https:\/\/www.spkatarzyna.pl\/index.php\/author\/agatasafianspkatarzyna-pl\/#author","url":"https:\/\/www.spkatarzyna.pl\/index.php\/author\/agatasafianspkatarzyna-pl\/","name":"Redakcja","image":{"@type":"ImageObject","@id":"https:\/\/www.spkatarzyna.pl\/index.php\/2023\/06\/01\/oddzial-przedszkolny-otrzymal-dotacje-z-nprcz-2-0-na-lata-2021-2025\/#authorImage","url":"https:\/\/secure.gravatar.com\/avatar\/765290513df94d442152250e92b42327?s=96&d=mm&r=g","width":96,"height":96,"caption":"Redakcja"}},{"@type":"WebPage","@id":"https:\/\/www.spkatarzyna.pl\/index.php\/2023\/06\/01\/oddzial-przedszkolny-otrzymal-dotacje-z-nprcz-2-0-na-lata-2021-2025\/#webpage","url":"https:\/\/www.spkatarzyna.pl\/index.php\/2023\/06\/01\/oddzial-przedszkolny-otrzymal-dotacje-z-nprcz-2-0-na-lata-2021-2025\/","name":"Otrzymali\u015bmy \u015brodki z NPRCz 2.0 - SP Katarzyna","description":"Oddzia\u0142 Przedszkolny w Publicznej Szkole Podstawowej w \u015awi\u0119tej Katarzynie im. Stefana Kardyna\u0142a Wyszy\u0144skiego Prymasa Tysi\u0105clecia uzyska\u0142 dofinansowanie w ramach Narodowego Programu Rozwoju Czytelnictwa 2.0. na lata 2021-2025 w roku 2023. Zadanie obejmuje zakup ksi\u0105\u017cek b\u0119d\u0105cych nowo\u015bciami wydawniczymi dla dzieci w wieku 3\u20136 lat oraz realizacj\u0119 dzia\u0142a\u0144 promuj\u0105cych czytelnictwo. Warto\u015b\u0107 projektu: 1 875,00 PLN w tym","inLanguage":"pl-PL","isPartOf":{"@id":"https:\/\/www.spkatarzyna.pl\/#website"},"breadcrumb":{"@id":"https:\/\/www.spkatarzyna.pl\/index.php\/2023\/06\/01\/oddzial-przedszkolny-otrzymal-dotacje-z-nprcz-2-0-na-lata-2021-2025\/#breadcrumblist"},"author":{"@id":"https:\/\/www.spkatarzyna.pl\/index.php\/author\/agatasafianspkatarzyna-pl\/#author"},"creator":{"@id":"https:\/\/www.spkatarzyna.pl\/index.php\/author\/agatasafianspkatarzyna-pl\/#author"},"image":{"@type":"ImageObject","url":"https:\/\/www.spkatarzyna.pl\/wp-content\/uploads\/2023\/06\/bez-nazwy-1.jpg","@id":"https:\/\/www.spkatarzyna.pl\/index.php\/2023\/06\/01\/oddzial-przedszkolny-otrzymal-dotacje-z-nprcz-2-0-na-lata-2021-2025\/#mainImage","width":360,"height":202},"primaryImageOfPage":{"@id":"https:\/\/www.spkatarzyna.pl\/index.php\/2023\/06\/01\/oddzial-przedszkolny-otrzymal-dotacje-z-nprcz-2-0-na-lata-2021-2025\/#mainImage"},"datePublished":"2023-06-01T13:09:03+02:00","dateModified":"2023-06-01T13:36:36+02:00"},{"@type":"WebSite","@id":"https:\/\/www.spkatarzyna.pl\/#website","url":"https:\/\/www.spkatarzyna.pl\/","name":"SP Katarzyna","description":"Publiczna Szko\u0142a Podstawowa w \u015awi\u0119tej Katarzynie","inLanguage":"pl-PL","publisher":{"@id":"https:\/\/www.spkatarzyna.pl\/#organization"}}]},"og:locale":"pl_PL","og:site_name":"SP Katarzyna - Publiczna Szko\u0142a Podstawowa w \u015awi\u0119tej Katarzynie","og:type":"article","og:title":"Otrzymali\u015bmy \u015brodki z NPRCz 2.0 - SP Katarzyna","og:description":"Oddzia\u0142 Przedszkolny w Publicznej Szkole Podstawowej w \u015awi\u0119tej Katarzynie im. Stefana Kardyna\u0142a Wyszy\u0144skiego Prymasa Tysi\u0105clecia uzyska\u0142 dofinansowanie w ramach Narodowego Programu Rozwoju Czytelnictwa 2.0. na lata 2021-2025 w roku 2023. Zadanie obejmuje zakup ksi\u0105\u017cek b\u0119d\u0105cych nowo\u015bciami wydawniczymi dla dzieci w wieku 3\u20136 lat oraz realizacj\u0119 dzia\u0142a\u0144 promuj\u0105cych czytelnictwo. Warto\u015b\u0107 projektu: 1 875,00 PLN w tym","og:url":"https:\/\/www.spkatarzyna.pl\/index.php\/2023\/06\/01\/oddzial-przedszkolny-otrzymal-dotacje-z-nprcz-2-0-na-lata-2021-2025\/","article:published_time":"2023-06-01T13:09:03+00:00","article:modified_time":"2023-06-01T13:36:36+00:00","twitter:card":"summary_large_image","twitter:title":"Otrzymali\u015bmy \u015brodki z NPRCz 2.0 - SP Katarzyna","twitter:description":"Oddzia\u0142 Przedszkolny w Publicznej Szkole Podstawowej w \u015awi\u0119tej Katarzynie im. Stefana Kardyna\u0142a Wyszy\u0144skiego Prymasa Tysi\u0105clecia uzyska\u0142 dofinansowanie w ramach Narodowego Programu Rozwoju Czytelnictwa 2.0. na lata 2021-2025 w roku 2023. Zadanie obejmuje zakup ksi\u0105\u017cek b\u0119d\u0105cych nowo\u015bciami wydawniczymi dla dzieci w wieku 3\u20136 lat oraz realizacj\u0119 dzia\u0142a\u0144 promuj\u0105cych czytelnictwo. Warto\u015b\u0107 projektu: 1 875,00 PLN w tym"},"aioseo_meta_data":{"post_id":"5491","title":null,"description":null,"keywords":null,"keyphrases":null,"primary_term":null,"canonical_url":null,"og_title":null,"og_description":null,"og_object_type":"default","og_image_type":"default","og_image_url":null,"og_image_width":null,"og_image_height":null,"og_image_custom_url":null,"og_image_custom_fields":null,"og_video":null,"og_custom_url":null,"og_article_section":null,"og_article_tags":null,"twitter_use_og":false,"twitter_card":"default","twitter_image_type":"default","twitter_image_url":null,"twitter_image_custom_url":null,"twitter_image_custom_fields":null,"twitter_title":null,"twitter_description":null,"schema":{"blockGraphs":[],"customGraphs":[],"default":{"data":{"Article":[],"Course":[],"Dataset":[],"FAQPage":[],"Movie":[],"Person":[],"Product":[],"ProductReview":[],"Car":[],"Recipe":[],"Service":[],"SoftwareApplication":[],"WebPage":[]},"graphName":"","isEnabled":true},"graphs":[]},"schema_type":"default","schema_type_options":null,"pillar_content":false,"robots_default":true,"robots_noindex":false,"robots_noarchive":false,"robots_nosnippet":false,"robots_nofollow":false,"robots_noimageindex":false,"robots_noodp":false,"robots_notranslate":false,"robots_max_snippet":null,"robots_max_videopreview":null,"robots_max_imagepreview":"large","priority":null,"frequency":null,"local_seo":null,"limit_modified_date":false,"created":"2024-04-03 08:06:00","updated":"2026-09-03 14:35:21","focus_keyword":null,"additional_keywords":null,"truseo_locale":null,"ai":null,"breadcrumb_settings":null,"seo_analyzer_scan_date":null},"aioseo_breadcrumb":"<div class=\"aioseo-breadcrumbs\"><span class=\"aioseo-breadcrumb\">\n\t\t\t<a href=\"https:\/\/www.spkatarzyna.pl\" title=\"Dom\">Dom<\/a>\n\t\t<\/span><span class=\"aioseo-breadcrumb-separator\">&raquo;<\/span><span class=\"aioseo-breadcrumb\">\n\t\t\t<a href=\"https:\/\/www.spkatarzyna.pl\/index.php\/category\/uncategorized\/\" title=\"Uncategorized\">Uncategorized<\/a>\n\t\t<\/span><span class=\"aioseo-breadcrumb-separator\">&raquo;<\/span><span class=\"aioseo-breadcrumb\">\n\t\t\tOtrzymali\u015bmy \u015brodki z NPRCz 2.0\n\t\t<\/span><\/div>","aioseo_breadcrumb_json":[{"label":"Dom","link":"https:\/\/www.spkatarzyna.pl"},{"label":"Uncategorized","link":"https:\/\/www.spkatarzyna.pl\/index.php\/category\/uncategorized\/"},{"label":"Otrzymali\u015bmy \u015brodki z NPRCz 2.0","link":"https:\/\/www.spkatarzyna.pl\/index.php\/2023\/06\/01\/oddzial-przedszkolny-otrzymal-dotacje-z-nprcz-2-0-na-lata-2021-2025\/"}],"_links":{"self":[{"href":"https:\/\/www.spkatarzyna.pl\/index.php\/wp-json\/wp\/v2\/posts\/5491","targetHints":{"allow":["GET"]}}],"collection":[{"href":"https:\/\/www.spkatarzyna.pl\/index.php\/wp-json\/wp\/v2\/posts"}],"about":[{"href":"https:\/\/www.spkatarzyna.pl\/index.php\/wp-json\/wp\/v2\/types\/post"}],"author":[{"embeddable":true,"href":"https:\/\/www.spkatarzyna.pl\/index.php\/wp-json\/wp\/v2\/users\/6"}],"replies":[{"embeddable":true,"href":"https:\/\/www.spkatarzyna.pl\/index.php\/wp-json\/wp\/v2\/comments?post=5491"}],"version-history":[{"count":15,"href":"https:\/\/www.spkatarzyna.pl\/index.php\/wp-json\/wp\/v2\/posts\/5491\/revisions"}],"predecessor-version":[{"id":5516,"href":"https:\/\/www.spkatarzyna.pl\/index.php\/wp-json\/wp\/v2\/posts\/5491\/revisions\/5516"}],"wp:featuredmedia":[{"embeddable":true,"href":"https:\/\/www.spkatarzyna.pl\/index.php\/wp-json\/wp\/v2\/media\/5485"}],"wp:attachment":[{"href":"https:\/\/www.spkatarzyna.pl\/index.php\/wp-json\/wp\/v2\/media?parent=5491"}],"wp:term":[{"taxonomy":"category","embeddable":true,"href":"https:\/\/www.spkatarzyna.pl\/index.php\/wp-json\/wp\/v2\/categories?post=5491"},{"taxonomy":"post_tag","embeddable":true,"href":"https:\/\/www.spkatarzyna.pl\/index.php\/wp-json\/wp\/v2\/tags?post=5491"}],"curies":[{"name":"wp","href":"https:\/\/api.w.org\/{rel}","templated":true}]}}