{"id":5610,"date":"2023-06-09T15:40:07","date_gmt":"2023-06-09T15:40:07","guid":{"rendered":"http:\/\/www.spkatarzyna.pl\/?p=5610"},"modified":"2023-06-09T20:15:52","modified_gmt":"2023-06-09T20:15:52","slug":"wycieczka-kl-4a-i-4b","status":"publish","type":"post","link":"https:\/\/www.spkatarzyna.pl\/index.php\/2023\/06\/09\/wycieczka-kl-4a-i-4b\/","title":{"rendered":"Wycieczka kl. 4a i 4b"},"content":{"rendered":"\t\t<div data-elementor-type=\"wp-post\" data-elementor-id=\"5610\" class=\"elementor elementor-5610\">\n\t\t\t\t\t\t<section class=\"elementor-section elementor-top-section elementor-element elementor-element-6201058e elementor-section-boxed elementor-section-height-default elementor-section-height-default\" data-id=\"6201058e\" data-element_type=\"section\">\n\t\t\t\t\t\t<div class=\"elementor-container elementor-column-gap-default\">\n\t\t\t\t\t<div class=\"elementor-column elementor-col-100 elementor-top-column elementor-element elementor-element-7f98275d\" data-id=\"7f98275d\" data-element_type=\"column\">\n\t\t\t<div class=\"elementor-widget-wrap elementor-element-populated\">\n\t\t\t\t\t\t<div class=\"elementor-element elementor-element-7870038b elementor-widget elementor-widget-text-editor\" data-id=\"7870038b\" data-element_type=\"widget\" data-widget_type=\"text-editor.default\">\n\t\t\t\t\t\t\t\t\t<p style=\"text-align: justify;\"><span style=\"font-size: 14pt;\"><span style=\"font-weight: 400;\">5 i 7 czerwca uczniowie klasy 4a i 4b uczestniczyli we Wroc\u0142awiu w Showroomie w\u00a0 ramach akcji maj\u0105cej na celu aktywne i kreatywne wykorzystanie sprz\u0119tu otrzymanego w projekcie \u201eLaboratoria Przysz\u0142o\u015bci\u201d. Uczniowie uczestniczyli w warsztatach, na kt\u00f3rych zapoznali si\u0119\u00a0 z nowoczesnymi urz\u0105dzeniami tj.: drukarka 3D, d\u0142ugopisy 3D oraz programem do rozpoznawania gest\u00f3w. Mieli tak\u017ce mo\u017cliwo\u015b\u0107\u00a0 uczestniczy\u0107 w <\/span><span style=\"font-weight: 400;\">klasowych mini rozgrywkach w pi\u0142ce no\u017cnej\u00a0 z wykorzystaniem Magicznego Dywanu.<\/span><\/span><\/p><p style=\"text-align: justify;\"><span style=\"font-weight: 400; font-size: 14pt;\">Zaj\u0119cia cieszy\u0142y si\u0119 du\u017cym zainteresowaniem uczni\u00f3w, kt\u00f3rzy z entuzjazmem podchodzili do wykonywanych zada\u0144. Za zaanga\u017cowanie na warsztatach czwartoklasi\u015bci otrzymali niespodzianki &#8211; firmowe kubki oraz jaszczurki wydrukowane w drukarce 3D.<\/span><\/p><p style=\"text-align: justify;\">\u00a0<\/p>\t\t\t\t\t\t\t\t<\/div>\n\t\t\t\t<div class=\"elementor-element elementor-element-b4c840b elementor-widget elementor-widget-image-gallery\" data-id=\"b4c840b\" data-element_type=\"widget\" data-widget_type=\"image-gallery.default\">\n\t\t\t\t\t\t\t<div class=\"elementor-image-gallery\">\n\t\t\t\n\t\t<div id='gallery-1' class='gallery galleryid-5610 gallery-columns-4 gallery-size-thumbnail gallery1'><script type=\"text\/javascript\">\n\/\/ <![CDATA[\n\tjQuery(document).ready(function () {\n\t\tjQuery(\".gallery1 a\").attr(\"rel\",\"gallery1\");\t\n\t\tjQuery('a[rel=\"gallery1\"]').colorbox({title: function(){ return jQuery(this).children().attr(\"alt\"); }});\n\t});\n\/\/ ]]>\n<\/script>\n<dl class=\"gallery-item\">\n<dt class=\"gallery-icon\">\n<a href=\"https:\/\/www.spkatarzyna.pl\/wp-content\/uploads\/2023\/06\/7dea4d6c-0888-4207-927b-6a60dd259608-300x224.jpg\" title=\"\" rel=\"gallery1\" rel=\"lightbox[5610]\"><img decoding=\"async\" src=\"https:\/\/www.spkatarzyna.pl\/wp-content\/uploads\/2023\/06\/7dea4d6c-0888-4207-927b-6a60dd259608-150x150.jpg\" width=\"150\" height=\"150\" alt=\"\" \/><\/a>\n<\/dt><\/dl><dl class=\"gallery-item\">\n<dt class=\"gallery-icon\">\n<a href=\"https:\/\/www.spkatarzyna.pl\/wp-content\/uploads\/2023\/06\/57281edd-4045-457e-be10-e2b7c52ac780-300x224.jpg\" title=\"\" rel=\"gallery1\" rel=\"lightbox[5610]\"><img decoding=\"async\" src=\"https:\/\/www.spkatarzyna.pl\/wp-content\/uploads\/2023\/06\/57281edd-4045-457e-be10-e2b7c52ac780-150x150.jpg\" width=\"150\" height=\"150\" alt=\"\" \/><\/a>\n<\/dt><\/dl><dl class=\"gallery-item\">\n<dt class=\"gallery-icon\">\n<a href=\"https:\/\/www.spkatarzyna.pl\/wp-content\/uploads\/2023\/06\/IMG_3050-300x225.jpg\" title=\"\" rel=\"gallery1\" rel=\"lightbox[5610]\"><img decoding=\"async\" src=\"https:\/\/www.spkatarzyna.pl\/wp-content\/uploads\/2023\/06\/IMG_3050-150x150.jpg\" width=\"150\" height=\"150\" alt=\"\" \/><\/a>\n<\/dt><\/dl><dl class=\"gallery-item\">\n<dt class=\"gallery-icon\">\n<a href=\"https:\/\/www.spkatarzyna.pl\/wp-content\/uploads\/2023\/06\/IMG_3054-300x225.jpg\" title=\"\" rel=\"gallery1\" rel=\"lightbox[5610]\"><img loading=\"lazy\" decoding=\"async\" src=\"https:\/\/www.spkatarzyna.pl\/wp-content\/uploads\/2023\/06\/IMG_3054-150x150.jpg\" width=\"150\" height=\"150\" alt=\"\" \/><\/a>\n<\/dt><\/dl><br style=\"clear: both\" \/><dl class=\"gallery-item\">\n<dt class=\"gallery-icon\">\n<a href=\"https:\/\/www.spkatarzyna.pl\/wp-content\/uploads\/2023\/06\/IMG_3044-300x225.jpg\" title=\"\" rel=\"gallery1\" rel=\"lightbox[5610]\"><img loading=\"lazy\" decoding=\"async\" src=\"https:\/\/www.spkatarzyna.pl\/wp-content\/uploads\/2023\/06\/IMG_3044-150x150.jpg\" width=\"150\" height=\"150\" alt=\"\" \/><\/a>\n<\/dt><\/dl><dl class=\"gallery-item\">\n<dt class=\"gallery-icon\">\n<a href=\"https:\/\/www.spkatarzyna.pl\/wp-content\/uploads\/2023\/06\/c9ac4404-c624-48ad-9b2d-8a0668ea21d6-269x300.jpg\" title=\"\" rel=\"gallery1\" rel=\"lightbox[5610]\"><img loading=\"lazy\" decoding=\"async\" src=\"https:\/\/www.spkatarzyna.pl\/wp-content\/uploads\/2023\/06\/c9ac4404-c624-48ad-9b2d-8a0668ea21d6-150x150.jpg\" width=\"150\" height=\"150\" alt=\"\" \/><\/a>\n<\/dt><\/dl><dl class=\"gallery-item\">\n<dt class=\"gallery-icon\">\n<a href=\"https:\/\/www.spkatarzyna.pl\/wp-content\/uploads\/2023\/06\/IMG_3051-225x300.jpg\" title=\"\" rel=\"gallery1\" rel=\"lightbox[5610]\"><img loading=\"lazy\" decoding=\"async\" src=\"https:\/\/www.spkatarzyna.pl\/wp-content\/uploads\/2023\/06\/IMG_3051-150x150.jpg\" width=\"150\" height=\"150\" alt=\"\" \/><\/a>\n<\/dt><\/dl><dl class=\"gallery-item\">\n<dt class=\"gallery-icon\">\n<a href=\"https:\/\/www.spkatarzyna.pl\/wp-content\/uploads\/2023\/06\/IMG_3056-300x225.jpg\" title=\"\" rel=\"gallery1\" rel=\"lightbox[5610]\"><img loading=\"lazy\" decoding=\"async\" src=\"https:\/\/www.spkatarzyna.pl\/wp-content\/uploads\/2023\/06\/IMG_3056-150x150.jpg\" width=\"150\" height=\"150\" alt=\"\" \/><\/a>\n<\/dt><\/dl><br style=\"clear: both\" \/><br style=\"clear: both\" \/><\/div>\t\t<\/div>\n\t\t\t\t\t\t<\/div>\n\t\t\t\t\t<\/div>\n\t\t<\/div>\n\t\t\t\t\t<\/div>\n\t\t<\/section>\n\t\t\t\t<\/div>\n\t\t","protected":false},"excerpt":{"rendered":"<p>5 i 7 czerwca uczniowie klasy 4a i 4b uczestniczyli we Wroc\u0142awiu w Showroomie w\u00a0 ramach akcji maj\u0105cej na celu aktywne i kreatywne wykorzystanie sprz\u0119tu otrzymanego w projekcie \u201eLaboratoria Przysz\u0142o\u015bci\u201d. Uczniowie uczestniczyli w warsztatach, na kt\u00f3rych zapoznali si\u0119\u00a0 z nowoczesnymi urz\u0105dzeniami tj.: drukarka 3D, d\u0142ugopisy 3D oraz programem do rozpoznawania [&hellip;]<\/p>\n","protected":false},"author":6,"featured_media":5611,"comment_status":"open","ping_status":"open","sticky":false,"template":"","format":"standard","meta":{"om_disable_all_campaigns":false,"_monsterinsights_skip_tracking":false,"ngg_post_thumbnail":0,"footnotes":""},"categories":[1],"tags":[],"class_list":["post-5610","post","type-post","status-publish","format-standard","has-post-thumbnail","hentry","category-uncategorized"],"aioseo_notices":[],"aioseo_head":"\n\t\t<!-- All in One SEO 5.0.1.1 - aioseo.com -->\n\t<meta name=\"description\" content=\"5 i 7 czerwca uczniowie klasy 4a i 4b uczestniczyli we Wroc\u0142awiu w Showroomie w ramach akcji maj\u0105cej na celu aktywne i kreatywne wykorzystanie sprz\u0119tu otrzymanego w projekcie \u201eLaboratoria Przysz\u0142o\u015bci\u201d. Uczniowie uczestniczyli w warsztatach, na kt\u00f3rych zapoznali si\u0119 z nowoczesnymi urz\u0105dzeniami tj.: drukarka 3D, d\u0142ugopisy 3D oraz programem do rozpoznawania gest\u00f3w. Mieli tak\u017ce mo\u017cliwo\u015b\u0107 uczestniczy\u0107\" \/>\n\t<meta name=\"robots\" content=\"max-image-preview:large\" \/>\n\t<meta name=\"author\" content=\"Redakcja\"\/>\n\t<link rel=\"canonical\" href=\"https:\/\/www.spkatarzyna.pl\/index.php\/2023\/06\/09\/wycieczka-kl-4a-i-4b\/\" \/>\n\t<meta name=\"generator\" content=\"All in One SEO (AIOSEO) 5.0.1.1\" \/>\n\t\t<meta property=\"og:locale\" content=\"pl_PL\" \/>\n\t\t<meta property=\"og:site_name\" content=\"SP Katarzyna - Publiczna Szko\u0142a Podstawowa w \u015awi\u0119tej Katarzynie\" \/>\n\t\t<meta property=\"og:type\" content=\"article\" \/>\n\t\t<meta property=\"og:title\" content=\"Wycieczka kl. 4a i 4b - SP Katarzyna\" \/>\n\t\t<meta property=\"og:description\" content=\"5 i 7 czerwca uczniowie klasy 4a i 4b uczestniczyli we Wroc\u0142awiu w Showroomie w ramach akcji maj\u0105cej na celu aktywne i kreatywne wykorzystanie sprz\u0119tu otrzymanego w projekcie \u201eLaboratoria Przysz\u0142o\u015bci\u201d. Uczniowie uczestniczyli w warsztatach, na kt\u00f3rych zapoznali si\u0119 z nowoczesnymi urz\u0105dzeniami tj.: drukarka 3D, d\u0142ugopisy 3D oraz programem do rozpoznawania gest\u00f3w. Mieli tak\u017ce mo\u017cliwo\u015b\u0107 uczestniczy\u0107\" \/>\n\t\t<meta property=\"og:url\" content=\"https:\/\/www.spkatarzyna.pl\/index.php\/2023\/06\/09\/wycieczka-kl-4a-i-4b\/\" \/>\n\t\t<meta property=\"article:published_time\" content=\"2023-06-09T15:40:07+00:00\" \/>\n\t\t<meta property=\"article:modified_time\" content=\"2023-06-09T20:15:52+00:00\" \/>\n\t\t<meta name=\"twitter:card\" content=\"summary_large_image\" \/>\n\t\t<meta name=\"twitter:title\" content=\"Wycieczka kl. 4a i 4b - SP Katarzyna\" \/>\n\t\t<meta name=\"twitter:description\" content=\"5 i 7 czerwca uczniowie klasy 4a i 4b uczestniczyli we Wroc\u0142awiu w Showroomie w ramach akcji maj\u0105cej na celu aktywne i kreatywne wykorzystanie sprz\u0119tu otrzymanego w projekcie \u201eLaboratoria Przysz\u0142o\u015bci\u201d. Uczniowie uczestniczyli w warsztatach, na kt\u00f3rych zapoznali si\u0119 z nowoczesnymi urz\u0105dzeniami tj.: drukarka 3D, d\u0142ugopisy 3D oraz programem do rozpoznawania gest\u00f3w. Mieli tak\u017ce mo\u017cliwo\u015b\u0107 uczestniczy\u0107\" \/>\n\t\t<script type=\"application\/ld+json\" class=\"aioseo-schema\">\n\t\t\t{\"@context\":\"https:\\\/\\\/schema.org\",\"@graph\":[{\"@type\":\"BlogPosting\",\"@id\":\"https:\\\/\\\/www.spkatarzyna.pl\\\/index.php\\\/2023\\\/06\\\/09\\\/wycieczka-kl-4a-i-4b\\\/#blogposting\",\"name\":\"Wycieczka kl. 4a i 4b - SP Katarzyna\",\"headline\":\"Wycieczka kl. 4a i 4b\",\"author\":{\"@id\":\"https:\\\/\\\/www.spkatarzyna.pl\\\/index.php\\\/author\\\/agatasafianspkatarzyna-pl\\\/#author\"},\"publisher\":{\"@id\":\"https:\\\/\\\/www.spkatarzyna.pl\\\/#organization\"},\"image\":{\"@type\":\"ImageObject\",\"url\":\"https:\\\/\\\/www.spkatarzyna.pl\\\/wp-content\\\/uploads\\\/2023\\\/06\\\/IMG_3058-3.jpg\",\"width\":360,\"height\":202},\"datePublished\":\"2023-06-09T15:40:07+02:00\",\"dateModified\":\"2023-06-09T20:15:52+02:00\",\"inLanguage\":\"pl-PL\",\"mainEntityOfPage\":{\"@id\":\"https:\\\/\\\/www.spkatarzyna.pl\\\/index.php\\\/2023\\\/06\\\/09\\\/wycieczka-kl-4a-i-4b\\\/#webpage\"},\"isPartOf\":{\"@id\":\"https:\\\/\\\/www.spkatarzyna.pl\\\/index.php\\\/2023\\\/06\\\/09\\\/wycieczka-kl-4a-i-4b\\\/#webpage\"},\"articleSection\":\"Uncategorized\"},{\"@type\":\"BreadcrumbList\",\"@id\":\"https:\\\/\\\/www.spkatarzyna.pl\\\/index.php\\\/2023\\\/06\\\/09\\\/wycieczka-kl-4a-i-4b\\\/#breadcrumblist\",\"itemListElement\":[{\"@type\":\"ListItem\",\"@id\":\"https:\\\/\\\/www.spkatarzyna.pl#listItem\",\"position\":1,\"name\":\"Dom\",\"item\":\"https:\\\/\\\/www.spkatarzyna.pl\",\"nextItem\":{\"@type\":\"ListItem\",\"@id\":\"https:\\\/\\\/www.spkatarzyna.pl\\\/index.php\\\/category\\\/uncategorized\\\/#listItem\",\"name\":\"Uncategorized\"}},{\"@type\":\"ListItem\",\"@id\":\"https:\\\/\\\/www.spkatarzyna.pl\\\/index.php\\\/category\\\/uncategorized\\\/#listItem\",\"position\":2,\"name\":\"Uncategorized\",\"item\":\"https:\\\/\\\/www.spkatarzyna.pl\\\/index.php\\\/category\\\/uncategorized\\\/\",\"nextItem\":{\"@type\":\"ListItem\",\"@id\":\"https:\\\/\\\/www.spkatarzyna.pl\\\/index.php\\\/2023\\\/06\\\/09\\\/wycieczka-kl-4a-i-4b\\\/#listItem\",\"name\":\"Wycieczka kl. 4a i 4b\"},\"previousItem\":{\"@type\":\"ListItem\",\"@id\":\"https:\\\/\\\/www.spkatarzyna.pl#listItem\",\"name\":\"Dom\"}},{\"@type\":\"ListItem\",\"@id\":\"https:\\\/\\\/www.spkatarzyna.pl\\\/index.php\\\/2023\\\/06\\\/09\\\/wycieczka-kl-4a-i-4b\\\/#listItem\",\"position\":3,\"name\":\"Wycieczka kl. 4a i 4b\",\"previousItem\":{\"@type\":\"ListItem\",\"@id\":\"https:\\\/\\\/www.spkatarzyna.pl\\\/index.php\\\/category\\\/uncategorized\\\/#listItem\",\"name\":\"Uncategorized\"}}]},{\"@type\":\"Organization\",\"@id\":\"https:\\\/\\\/www.spkatarzyna.pl\\\/#organization\",\"name\":\"SP Katarzyna\",\"description\":\"Publiczna Szko\\u0142a Podstawowa w \\u015awi\\u0119tej Katarzynie\",\"url\":\"https:\\\/\\\/www.spkatarzyna.pl\\\/\",\"telephone\":\"+48713116378\",\"sameAs\":[\"https:\\\/\\\/facebook.com\\\/\",\"https:\\\/\\\/x.com\\\/\",\"https:\\\/\\\/instagram.com\\\/\",\"https:\\\/\\\/pinterest.com\\\/\",\"https:\\\/\\\/youtube.com\\\/\",\"https:\\\/\\\/linkedin.com\\\/in\\\/\"]},{\"@type\":\"Person\",\"@id\":\"https:\\\/\\\/www.spkatarzyna.pl\\\/index.php\\\/author\\\/agatasafianspkatarzyna-pl\\\/#author\",\"url\":\"https:\\\/\\\/www.spkatarzyna.pl\\\/index.php\\\/author\\\/agatasafianspkatarzyna-pl\\\/\",\"name\":\"Redakcja\",\"image\":{\"@type\":\"ImageObject\",\"@id\":\"https:\\\/\\\/www.spkatarzyna.pl\\\/index.php\\\/2023\\\/06\\\/09\\\/wycieczka-kl-4a-i-4b\\\/#authorImage\",\"url\":\"https:\\\/\\\/secure.gravatar.com\\\/avatar\\\/765290513df94d442152250e92b42327?s=96&d=mm&r=g\",\"width\":96,\"height\":96,\"caption\":\"Redakcja\"}},{\"@type\":\"WebPage\",\"@id\":\"https:\\\/\\\/www.spkatarzyna.pl\\\/index.php\\\/2023\\\/06\\\/09\\\/wycieczka-kl-4a-i-4b\\\/#webpage\",\"url\":\"https:\\\/\\\/www.spkatarzyna.pl\\\/index.php\\\/2023\\\/06\\\/09\\\/wycieczka-kl-4a-i-4b\\\/\",\"name\":\"Wycieczka kl. 4a i 4b - SP Katarzyna\",\"description\":\"5 i 7 czerwca uczniowie klasy 4a i 4b uczestniczyli we Wroc\\u0142awiu w Showroomie w ramach akcji maj\\u0105cej na celu aktywne i kreatywne wykorzystanie sprz\\u0119tu otrzymanego w projekcie \\u201eLaboratoria Przysz\\u0142o\\u015bci\\u201d. Uczniowie uczestniczyli w warsztatach, na kt\\u00f3rych zapoznali si\\u0119 z nowoczesnymi urz\\u0105dzeniami tj.: drukarka 3D, d\\u0142ugopisy 3D oraz programem do rozpoznawania gest\\u00f3w. Mieli tak\\u017ce mo\\u017cliwo\\u015b\\u0107 uczestniczy\\u0107\",\"inLanguage\":\"pl-PL\",\"isPartOf\":{\"@id\":\"https:\\\/\\\/www.spkatarzyna.pl\\\/#website\"},\"breadcrumb\":{\"@id\":\"https:\\\/\\\/www.spkatarzyna.pl\\\/index.php\\\/2023\\\/06\\\/09\\\/wycieczka-kl-4a-i-4b\\\/#breadcrumblist\"},\"author\":{\"@id\":\"https:\\\/\\\/www.spkatarzyna.pl\\\/index.php\\\/author\\\/agatasafianspkatarzyna-pl\\\/#author\"},\"creator\":{\"@id\":\"https:\\\/\\\/www.spkatarzyna.pl\\\/index.php\\\/author\\\/agatasafianspkatarzyna-pl\\\/#author\"},\"image\":{\"@type\":\"ImageObject\",\"url\":\"https:\\\/\\\/www.spkatarzyna.pl\\\/wp-content\\\/uploads\\\/2023\\\/06\\\/IMG_3058-3.jpg\",\"@id\":\"https:\\\/\\\/www.spkatarzyna.pl\\\/index.php\\\/2023\\\/06\\\/09\\\/wycieczka-kl-4a-i-4b\\\/#mainImage\",\"width\":360,\"height\":202},\"primaryImageOfPage\":{\"@id\":\"https:\\\/\\\/www.spkatarzyna.pl\\\/index.php\\\/2023\\\/06\\\/09\\\/wycieczka-kl-4a-i-4b\\\/#mainImage\"},\"datePublished\":\"2023-06-09T15:40:07+02:00\",\"dateModified\":\"2023-06-09T20:15:52+02:00\"},{\"@type\":\"WebSite\",\"@id\":\"https:\\\/\\\/www.spkatarzyna.pl\\\/#website\",\"url\":\"https:\\\/\\\/www.spkatarzyna.pl\\\/\",\"name\":\"SP Katarzyna\",\"description\":\"Publiczna Szko\\u0142a Podstawowa w \\u015awi\\u0119tej Katarzynie\",\"inLanguage\":\"pl-PL\",\"publisher\":{\"@id\":\"https:\\\/\\\/www.spkatarzyna.pl\\\/#organization\"}}]}\n\t\t<\/script>\n\t\t<!-- All in One SEO -->\n\n","aioseo_head_json":{"title":"Wycieczka kl. 4a i 4b - SP Katarzyna","description":"5 i 7 czerwca uczniowie klasy 4a i 4b uczestniczyli we Wroc\u0142awiu w Showroomie w ramach akcji maj\u0105cej na celu aktywne i kreatywne wykorzystanie sprz\u0119tu otrzymanego w projekcie \u201eLaboratoria Przysz\u0142o\u015bci\u201d. Uczniowie uczestniczyli w warsztatach, na kt\u00f3rych zapoznali si\u0119 z nowoczesnymi urz\u0105dzeniami tj.: drukarka 3D, d\u0142ugopisy 3D oraz programem do rozpoznawania gest\u00f3w. Mieli tak\u017ce mo\u017cliwo\u015b\u0107 uczestniczy\u0107","canonical_url":"https:\/\/www.spkatarzyna.pl\/index.php\/2023\/06\/09\/wycieczka-kl-4a-i-4b\/","robots":"max-image-preview:large","keywords":"","webmasterTools":{"miscellaneous":""},"schema":{"@context":"https:\/\/schema.org","@graph":[{"@type":"BlogPosting","@id":"https:\/\/www.spkatarzyna.pl\/index.php\/2023\/06\/09\/wycieczka-kl-4a-i-4b\/#blogposting","name":"Wycieczka kl. 4a i 4b - SP Katarzyna","headline":"Wycieczka kl. 4a i 4b","author":{"@id":"https:\/\/www.spkatarzyna.pl\/index.php\/author\/agatasafianspkatarzyna-pl\/#author"},"publisher":{"@id":"https:\/\/www.spkatarzyna.pl\/#organization"},"image":{"@type":"ImageObject","url":"https:\/\/www.spkatarzyna.pl\/wp-content\/uploads\/2023\/06\/IMG_3058-3.jpg","width":360,"height":202},"datePublished":"2023-06-09T15:40:07+02:00","dateModified":"2023-06-09T20:15:52+02:00","inLanguage":"pl-PL","mainEntityOfPage":{"@id":"https:\/\/www.spkatarzyna.pl\/index.php\/2023\/06\/09\/wycieczka-kl-4a-i-4b\/#webpage"},"isPartOf":{"@id":"https:\/\/www.spkatarzyna.pl\/index.php\/2023\/06\/09\/wycieczka-kl-4a-i-4b\/#webpage"},"articleSection":"Uncategorized"},{"@type":"BreadcrumbList","@id":"https:\/\/www.spkatarzyna.pl\/index.php\/2023\/06\/09\/wycieczka-kl-4a-i-4b\/#breadcrumblist","itemListElement":[{"@type":"ListItem","@id":"https:\/\/www.spkatarzyna.pl#listItem","position":1,"name":"Dom","item":"https:\/\/www.spkatarzyna.pl","nextItem":{"@type":"ListItem","@id":"https:\/\/www.spkatarzyna.pl\/index.php\/category\/uncategorized\/#listItem","name":"Uncategorized"}},{"@type":"ListItem","@id":"https:\/\/www.spkatarzyna.pl\/index.php\/category\/uncategorized\/#listItem","position":2,"name":"Uncategorized","item":"https:\/\/www.spkatarzyna.pl\/index.php\/category\/uncategorized\/","nextItem":{"@type":"ListItem","@id":"https:\/\/www.spkatarzyna.pl\/index.php\/2023\/06\/09\/wycieczka-kl-4a-i-4b\/#listItem","name":"Wycieczka kl. 4a i 4b"},"previousItem":{"@type":"ListItem","@id":"https:\/\/www.spkatarzyna.pl#listItem","name":"Dom"}},{"@type":"ListItem","@id":"https:\/\/www.spkatarzyna.pl\/index.php\/2023\/06\/09\/wycieczka-kl-4a-i-4b\/#listItem","position":3,"name":"Wycieczka kl. 4a i 4b","previousItem":{"@type":"ListItem","@id":"https:\/\/www.spkatarzyna.pl\/index.php\/category\/uncategorized\/#listItem","name":"Uncategorized"}}]},{"@type":"Organization","@id":"https:\/\/www.spkatarzyna.pl\/#organization","name":"SP Katarzyna","description":"Publiczna Szko\u0142a Podstawowa w \u015awi\u0119tej Katarzynie","url":"https:\/\/www.spkatarzyna.pl\/","telephone":"+48713116378","sameAs":["https:\/\/facebook.com\/","https:\/\/x.com\/","https:\/\/instagram.com\/","https:\/\/pinterest.com\/","https:\/\/youtube.com\/","https:\/\/linkedin.com\/in\/"]},{"@type":"Person","@id":"https:\/\/www.spkatarzyna.pl\/index.php\/author\/agatasafianspkatarzyna-pl\/#author","url":"https:\/\/www.spkatarzyna.pl\/index.php\/author\/agatasafianspkatarzyna-pl\/","name":"Redakcja","image":{"@type":"ImageObject","@id":"https:\/\/www.spkatarzyna.pl\/index.php\/2023\/06\/09\/wycieczka-kl-4a-i-4b\/#authorImage","url":"https:\/\/secure.gravatar.com\/avatar\/765290513df94d442152250e92b42327?s=96&d=mm&r=g","width":96,"height":96,"caption":"Redakcja"}},{"@type":"WebPage","@id":"https:\/\/www.spkatarzyna.pl\/index.php\/2023\/06\/09\/wycieczka-kl-4a-i-4b\/#webpage","url":"https:\/\/www.spkatarzyna.pl\/index.php\/2023\/06\/09\/wycieczka-kl-4a-i-4b\/","name":"Wycieczka kl. 4a i 4b - SP Katarzyna","description":"5 i 7 czerwca uczniowie klasy 4a i 4b uczestniczyli we Wroc\u0142awiu w Showroomie w ramach akcji maj\u0105cej na celu aktywne i kreatywne wykorzystanie sprz\u0119tu otrzymanego w projekcie \u201eLaboratoria Przysz\u0142o\u015bci\u201d. Uczniowie uczestniczyli w warsztatach, na kt\u00f3rych zapoznali si\u0119 z nowoczesnymi urz\u0105dzeniami tj.: drukarka 3D, d\u0142ugopisy 3D oraz programem do rozpoznawania gest\u00f3w. Mieli tak\u017ce mo\u017cliwo\u015b\u0107 uczestniczy\u0107","inLanguage":"pl-PL","isPartOf":{"@id":"https:\/\/www.spkatarzyna.pl\/#website"},"breadcrumb":{"@id":"https:\/\/www.spkatarzyna.pl\/index.php\/2023\/06\/09\/wycieczka-kl-4a-i-4b\/#breadcrumblist"},"author":{"@id":"https:\/\/www.spkatarzyna.pl\/index.php\/author\/agatasafianspkatarzyna-pl\/#author"},"creator":{"@id":"https:\/\/www.spkatarzyna.pl\/index.php\/author\/agatasafianspkatarzyna-pl\/#author"},"image":{"@type":"ImageObject","url":"https:\/\/www.spkatarzyna.pl\/wp-content\/uploads\/2023\/06\/IMG_3058-3.jpg","@id":"https:\/\/www.spkatarzyna.pl\/index.php\/2023\/06\/09\/wycieczka-kl-4a-i-4b\/#mainImage","width":360,"height":202},"primaryImageOfPage":{"@id":"https:\/\/www.spkatarzyna.pl\/index.php\/2023\/06\/09\/wycieczka-kl-4a-i-4b\/#mainImage"},"datePublished":"2023-06-09T15:40:07+02:00","dateModified":"2023-06-09T20:15:52+02:00"},{"@type":"WebSite","@id":"https:\/\/www.spkatarzyna.pl\/#website","url":"https:\/\/www.spkatarzyna.pl\/","name":"SP Katarzyna","description":"Publiczna Szko\u0142a Podstawowa w \u015awi\u0119tej Katarzynie","inLanguage":"pl-PL","publisher":{"@id":"https:\/\/www.spkatarzyna.pl\/#organization"}}]},"og:locale":"pl_PL","og:site_name":"SP Katarzyna - Publiczna Szko\u0142a Podstawowa w \u015awi\u0119tej Katarzynie","og:type":"article","og:title":"Wycieczka kl. 4a i 4b - SP Katarzyna","og:description":"5 i 7 czerwca uczniowie klasy 4a i 4b uczestniczyli we Wroc\u0142awiu w Showroomie w ramach akcji maj\u0105cej na celu aktywne i kreatywne wykorzystanie sprz\u0119tu otrzymanego w projekcie \u201eLaboratoria Przysz\u0142o\u015bci\u201d. Uczniowie uczestniczyli w warsztatach, na kt\u00f3rych zapoznali si\u0119 z nowoczesnymi urz\u0105dzeniami tj.: drukarka 3D, d\u0142ugopisy 3D oraz programem do rozpoznawania gest\u00f3w. Mieli tak\u017ce mo\u017cliwo\u015b\u0107 uczestniczy\u0107","og:url":"https:\/\/www.spkatarzyna.pl\/index.php\/2023\/06\/09\/wycieczka-kl-4a-i-4b\/","article:published_time":"2023-06-09T15:40:07+00:00","article:modified_time":"2023-06-09T20:15:52+00:00","twitter:card":"summary_large_image","twitter:title":"Wycieczka kl. 4a i 4b - SP Katarzyna","twitter:description":"5 i 7 czerwca uczniowie klasy 4a i 4b uczestniczyli we Wroc\u0142awiu w Showroomie w ramach akcji maj\u0105cej na celu aktywne i kreatywne wykorzystanie sprz\u0119tu otrzymanego w projekcie \u201eLaboratoria Przysz\u0142o\u015bci\u201d. Uczniowie uczestniczyli w warsztatach, na kt\u00f3rych zapoznali si\u0119 z nowoczesnymi urz\u0105dzeniami tj.: drukarka 3D, d\u0142ugopisy 3D oraz programem do rozpoznawania gest\u00f3w. Mieli tak\u017ce mo\u017cliwo\u015b\u0107 uczestniczy\u0107"},"aioseo_meta_data":{"post_id":"5610","title":null,"description":null,"keywords":null,"keyphrases":null,"primary_term":null,"canonical_url":null,"og_title":null,"og_description":null,"og_object_type":"default","og_image_type":"default","og_image_url":null,"og_image_width":null,"og_image_height":null,"og_image_custom_url":null,"og_image_custom_fields":null,"og_video":null,"og_custom_url":null,"og_article_section":null,"og_article_tags":null,"twitter_use_og":false,"twitter_card":"default","twitter_image_type":"default","twitter_image_url":null,"twitter_image_custom_url":null,"twitter_image_custom_fields":null,"twitter_title":null,"twitter_description":null,"schema":{"blockGraphs":[],"customGraphs":[],"default":{"data":{"Article":[],"Course":[],"Dataset":[],"FAQPage":[],"Movie":[],"Person":[],"Product":[],"ProductReview":[],"Car":[],"Recipe":[],"Service":[],"SoftwareApplication":[],"WebPage":[]},"graphName":"","isEnabled":true},"graphs":[]},"schema_type":"default","schema_type_options":null,"pillar_content":false,"robots_default":true,"robots_noindex":false,"robots_noarchive":false,"robots_nosnippet":false,"robots_nofollow":false,"robots_noimageindex":false,"robots_noodp":false,"robots_notranslate":false,"robots_max_snippet":null,"robots_max_videopreview":null,"robots_max_imagepreview":"large","priority":null,"frequency":null,"local_seo":null,"limit_modified_date":false,"created":"2024-04-03 08:18:15","updated":"2026-09-03 14:38:09","focus_keyword":null,"additional_keywords":null,"truseo_locale":null,"ai":null,"breadcrumb_settings":null,"seo_analyzer_scan_date":null},"aioseo_breadcrumb":"<div class=\"aioseo-breadcrumbs\"><span class=\"aioseo-breadcrumb\">\n\t\t\t<a href=\"https:\/\/www.spkatarzyna.pl\" title=\"Dom\">Dom<\/a>\n\t\t<\/span><span class=\"aioseo-breadcrumb-separator\">&raquo;<\/span><span class=\"aioseo-breadcrumb\">\n\t\t\t<a href=\"https:\/\/www.spkatarzyna.pl\/index.php\/category\/uncategorized\/\" title=\"Uncategorized\">Uncategorized<\/a>\n\t\t<\/span><span class=\"aioseo-breadcrumb-separator\">&raquo;<\/span><span class=\"aioseo-breadcrumb\">\n\t\t\tWycieczka kl. 4a i 4b\n\t\t<\/span><\/div>","aioseo_breadcrumb_json":[{"label":"Dom","link":"https:\/\/www.spkatarzyna.pl"},{"label":"Uncategorized","link":"https:\/\/www.spkatarzyna.pl\/index.php\/category\/uncategorized\/"},{"label":"Wycieczka kl. 4a i 4b","link":"https:\/\/www.spkatarzyna.pl\/index.php\/2023\/06\/09\/wycieczka-kl-4a-i-4b\/"}],"_links":{"self":[{"href":"https:\/\/www.spkatarzyna.pl\/index.php\/wp-json\/wp\/v2\/posts\/5610","targetHints":{"allow":["GET"]}}],"collection":[{"href":"https:\/\/www.spkatarzyna.pl\/index.php\/wp-json\/wp\/v2\/posts"}],"about":[{"href":"https:\/\/www.spkatarzyna.pl\/index.php\/wp-json\/wp\/v2\/types\/post"}],"author":[{"embeddable":true,"href":"https:\/\/www.spkatarzyna.pl\/index.php\/wp-json\/wp\/v2\/users\/6"}],"replies":[{"embeddable":true,"href":"https:\/\/www.spkatarzyna.pl\/index.php\/wp-json\/wp\/v2\/comments?post=5610"}],"version-history":[{"count":22,"href":"https:\/\/www.spkatarzyna.pl\/index.php\/wp-json\/wp\/v2\/posts\/5610\/revisions"}],"predecessor-version":[{"id":5645,"href":"https:\/\/www.spkatarzyna.pl\/index.php\/wp-json\/wp\/v2\/posts\/5610\/revisions\/5645"}],"wp:featuredmedia":[{"embeddable":true,"href":"https:\/\/www.spkatarzyna.pl\/index.php\/wp-json\/wp\/v2\/media\/5611"}],"wp:attachment":[{"href":"https:\/\/www.spkatarzyna.pl\/index.php\/wp-json\/wp\/v2\/media?parent=5610"}],"wp:term":[{"taxonomy":"category","embeddable":true,"href":"https:\/\/www.spkatarzyna.pl\/index.php\/wp-json\/wp\/v2\/categories?post=5610"},{"taxonomy":"post_tag","embeddable":true,"href":"https:\/\/www.spkatarzyna.pl\/index.php\/wp-json\/wp\/v2\/tags?post=5610"}],"curies":[{"name":"wp","href":"https:\/\/api.w.org\/{rel}","templated":true}]}}