{"id":5752,"date":"2023-06-28T12:24:19","date_gmt":"2023-06-28T12:24:19","guid":{"rendered":"http:\/\/www.spkatarzyna.pl\/?p=5752"},"modified":"2023-07-04T09:32:47","modified_gmt":"2023-07-04T09:32:47","slug":"dni-dla-zdrowia-i-bezpieczenstwa","status":"publish","type":"post","link":"https:\/\/www.spkatarzyna.pl\/index.php\/2023\/06\/28\/dni-dla-zdrowia-i-bezpieczenstwa\/","title":{"rendered":"Dni dla Zdrowia i Bezpiecze\u0144stwa"},"content":{"rendered":"\t\t<div data-elementor-type=\"wp-post\" data-elementor-id=\"5752\" class=\"elementor elementor-5752\">\n\t\t\t\t\t\t<section class=\"elementor-section elementor-top-section elementor-element elementor-element-1ac0ca16 elementor-section-boxed elementor-section-height-default elementor-section-height-default\" data-id=\"1ac0ca16\" data-element_type=\"section\">\n\t\t\t\t\t\t<div class=\"elementor-container elementor-column-gap-default\">\n\t\t\t\t\t<div class=\"elementor-column elementor-col-100 elementor-top-column elementor-element elementor-element-705f9e35\" data-id=\"705f9e35\" data-element_type=\"column\">\n\t\t\t<div class=\"elementor-widget-wrap elementor-element-populated\">\n\t\t\t\t\t\t<div class=\"elementor-element elementor-element-4419c1dc elementor-widget elementor-widget-text-editor\" data-id=\"4419c1dc\" data-element_type=\"widget\" data-widget_type=\"text-editor.default\">\n\t\t\t\t\t\t\t\t\t<p style=\"text-align: justify;\"><span style=\"font-size: 14pt;\">Jak co roku na prze\u0142omie maja i czerwca w naszej szkole odby\u0142y si\u0119 dzia\u0142ania w ramach Dni dla Zdrowia i Bezpiecze\u0144stwa. Rozpocz\u0119li\u015bmy od prelekcji pt.: \u201eBezpieczne wakacje \u2013 zagro\u017cenia zwi\u0105zane z chorobami odkleszczowymi\u201d, kt\u00f3re przeprowadzone zosta\u0142y przez specjalist\u0119 chor\u00f3b odkleszczowych Pani\u0105 Karolin\u0119 Pardel \u2013 pracownika Sanepidu. Klasy 1-3 uczestniczy\u0142y w rozgrywkach sportowych, podczas kt\u00f3rych uczniowie wykazali si\u0119 kondycj\u0105 fizyczn\u0105 oraz umiej\u0119tno\u015bciami koordynacyjnymi. Przygotowywa\u0142y r\u00f3wnie\u017c zdrowe kanapki, soki, sa\u0142atki. W ramach Dni dla Zdrowia i Bezpiecze\u0144stwa, Pani Ewa Wilczarska \u2013 nauczyciel wsp\u00f3\u0142organizuj\u0105cy proces kszta\u0142cenia, przeprowadzi\u0142a w m\u0142odszych klasach treningi relaksacyjne. W klasach sz\u00f3stych i si\u00f3dmych psycholog szkolny Pani Ewelina Weps-Duffy przeprowadzi\u0142a zaj\u0119cia warsztatowe pt.: \u201ePrawid\u0142owo\u015bci rozwojowe i zaburzenia zdrowia psychicznego nastolatk\u00f3w\u201d. W klasach \u00f3smych zaproszony go\u015b\u0107 &#8211; Pan Pawe\u0142 Krawczyk \u2013 trener personalny, zaznajomi\u0142 m\u0142odzie\u017c z zasadami zdrowego od\u017cywiania, zbilansowanej diety oraz podkre\u015bli\u0142 rol\u0119 aktywno\u015bci fizycznej. Klub Sportowy Rugby Wroc\u0142aw zorganizowa\u0142 w naszej szkole pr\u00f3bny trening, dzi\u0119ki temu klasy pi\u0105te mia\u0142y okazj\u0119 do zapoznania si\u0119 z t\u0105 dyscyplin\u0105 sportu. Piel\u0119gniarka szkolna Pani Jolanta Str\u00f3\u017cewska-Bednarek poruszy\u0142a w klasach starszych temat bardzo aktualny, a dotycz\u0105cy zdrowego od\u017cywiania, natomiast Pani pedagog Anna Chmura przeprowadzi\u0142a w klasach m\u0142odszych prelekcje pt.: \u201e Bezpiecze\u0144stwo podczas czasu wolnego i wakacji\u201d.&nbsp;<\/span><\/p>\r\n<p style=\"text-align: justify;\"><span style=\"font-size: 14pt;\">Zwie\u0144czeniem dzia\u0142a\u0144 w ramach Dni dla Zdrowia i Bezpiecze\u0144stwa by\u0142 Dzie\u0144 Pierwszej Pomocy, podczas kt\u00f3rego uczniowie wszystkich klas nabywali nie tylko wiedz\u0119 teoretyczn\u0105, ale tak\u017ce umiej\u0119tno\u015bci praktyczne zwi\u0105zane z udzielaniem pierwszej pomocy przedmedycznej. Organizatorem tego dnia by\u0142a Pani Gra\u017cyna Schneider nauczyciel przedmiotu \u2013 edukacja dla bezpiecze\u0144stwa oraz wf-u. Cieszymy si\u0119, \u017ce Dni dla Zdrowia i Bezpiecze\u0144stwa by\u0142y dla naszych uczni\u00f3w powodem do rado\u015bci, zabawy i u\u015bmiechu.<\/span><\/p>\t\t\t\t\t\t\t\t<\/div>\n\t\t\t\t<div class=\"elementor-element elementor-element-2de2b66 elementor-widget elementor-widget-image-gallery\" data-id=\"2de2b66\" data-element_type=\"widget\" data-widget_type=\"image-gallery.default\">\n\t\t\t\t\t\t\t<div class=\"elementor-image-gallery\">\n\t\t\t\n\t\t<div id='gallery-1' class='gallery galleryid-5752 gallery-columns-4 gallery-size-thumbnail gallery1'><script type=\"text\/javascript\">\n\/\/ <![CDATA[\n\tjQuery(document).ready(function () {\n\t\tjQuery(\".gallery1 a\").attr(\"rel\",\"gallery1\");\t\n\t\tjQuery('a[rel=\"gallery1\"]').colorbox({title: function(){ return jQuery(this).children().attr(\"alt\"); }});\n\t});\n\/\/ ]]>\n<\/script>\n<dl class=\"gallery-item\">\n<dt class=\"gallery-icon\">\n<a href=\"https:\/\/www.spkatarzyna.pl\/wp-content\/uploads\/2023\/06\/IMG_9639-225x300.jpg\" title=\"\" rel=\"gallery1\" rel=\"lightbox[5752]\"><img decoding=\"async\" src=\"https:\/\/www.spkatarzyna.pl\/wp-content\/uploads\/2023\/06\/IMG_9639-150x150.jpg\" width=\"150\" height=\"150\" alt=\"\" \/><\/a>\n<\/dt><\/dl><dl class=\"gallery-item\">\n<dt class=\"gallery-icon\">\n<a href=\"https:\/\/www.spkatarzyna.pl\/wp-content\/uploads\/2023\/06\/IMG_9637-225x300.jpg\" title=\"\" rel=\"gallery1\" rel=\"lightbox[5752]\"><img decoding=\"async\" src=\"https:\/\/www.spkatarzyna.pl\/wp-content\/uploads\/2023\/06\/IMG_9637-150x150.jpg\" width=\"150\" height=\"150\" alt=\"\" \/><\/a>\n<\/dt><\/dl><dl class=\"gallery-item\">\n<dt class=\"gallery-icon\">\n<a href=\"https:\/\/www.spkatarzyna.pl\/wp-content\/uploads\/2023\/06\/IMG_9636-300x225.jpg\" title=\"\" rel=\"gallery1\" rel=\"lightbox[5752]\"><img decoding=\"async\" src=\"https:\/\/www.spkatarzyna.pl\/wp-content\/uploads\/2023\/06\/IMG_9636-150x150.jpg\" width=\"150\" height=\"150\" alt=\"\" \/><\/a>\n<\/dt><\/dl><dl class=\"gallery-item\">\n<dt class=\"gallery-icon\">\n<a href=\"https:\/\/www.spkatarzyna.pl\/wp-content\/uploads\/2023\/06\/IMG_9629-225x300.jpg\" title=\"\" rel=\"gallery1\" rel=\"lightbox[5752]\"><img loading=\"lazy\" decoding=\"async\" src=\"https:\/\/www.spkatarzyna.pl\/wp-content\/uploads\/2023\/06\/IMG_9629-150x150.jpg\" width=\"150\" height=\"150\" alt=\"\" \/><\/a>\n<\/dt><\/dl><br style=\"clear: both\" \/><dl class=\"gallery-item\">\n<dt class=\"gallery-icon\">\n<a href=\"https:\/\/www.spkatarzyna.pl\/wp-content\/uploads\/2023\/06\/IMG_9630-225x300.jpg\" title=\"\" rel=\"gallery1\" rel=\"lightbox[5752]\"><img loading=\"lazy\" decoding=\"async\" src=\"https:\/\/www.spkatarzyna.pl\/wp-content\/uploads\/2023\/06\/IMG_9630-150x150.jpg\" width=\"150\" height=\"150\" alt=\"\" \/><\/a>\n<\/dt><\/dl><dl class=\"gallery-item\">\n<dt class=\"gallery-icon\">\n<a href=\"https:\/\/www.spkatarzyna.pl\/wp-content\/uploads\/2023\/06\/IMG_9634-225x300.jpg\" title=\"\" rel=\"gallery1\" rel=\"lightbox[5752]\"><img loading=\"lazy\" decoding=\"async\" src=\"https:\/\/www.spkatarzyna.pl\/wp-content\/uploads\/2023\/06\/IMG_9634-150x150.jpg\" width=\"150\" height=\"150\" alt=\"\" \/><\/a>\n<\/dt><\/dl><dl class=\"gallery-item\">\n<dt class=\"gallery-icon\">\n<a href=\"https:\/\/www.spkatarzyna.pl\/wp-content\/uploads\/2023\/06\/IMG_9631-225x300.jpg\" title=\"\" rel=\"gallery1\" rel=\"lightbox[5752]\"><img loading=\"lazy\" decoding=\"async\" src=\"https:\/\/www.spkatarzyna.pl\/wp-content\/uploads\/2023\/06\/IMG_9631-150x150.jpg\" width=\"150\" height=\"150\" alt=\"\" \/><\/a>\n<\/dt><\/dl><dl class=\"gallery-item\">\n<dt class=\"gallery-icon\">\n<a href=\"https:\/\/www.spkatarzyna.pl\/wp-content\/uploads\/2023\/06\/IMG_9633-225x300.jpg\" title=\"\" rel=\"gallery1\" rel=\"lightbox[5752]\"><img loading=\"lazy\" decoding=\"async\" src=\"https:\/\/www.spkatarzyna.pl\/wp-content\/uploads\/2023\/06\/IMG_9633-150x150.jpg\" width=\"150\" height=\"150\" alt=\"\" \/><\/a>\n<\/dt><\/dl><br style=\"clear: both\" \/><dl class=\"gallery-item\">\n<dt class=\"gallery-icon\">\n<a href=\"https:\/\/www.spkatarzyna.pl\/wp-content\/uploads\/2023\/06\/image11-300x225.jpeg\" title=\"\" rel=\"gallery1\" rel=\"lightbox[5752]\"><img loading=\"lazy\" decoding=\"async\" src=\"https:\/\/www.spkatarzyna.pl\/wp-content\/uploads\/2023\/06\/image11-150x150.jpeg\" width=\"150\" height=\"150\" alt=\"\" \/><\/a>\n<\/dt><\/dl><dl class=\"gallery-item\">\n<dt class=\"gallery-icon\">\n<a href=\"https:\/\/www.spkatarzyna.pl\/wp-content\/uploads\/2023\/06\/image31-300x234.jpeg\" title=\"\" rel=\"gallery1\" rel=\"lightbox[5752]\"><img loading=\"lazy\" decoding=\"async\" src=\"https:\/\/www.spkatarzyna.pl\/wp-content\/uploads\/2023\/06\/image31-150x150.jpeg\" width=\"150\" height=\"150\" alt=\"\" \/><\/a>\n<\/dt><\/dl><dl class=\"gallery-item\">\n<dt class=\"gallery-icon\">\n<a href=\"https:\/\/www.spkatarzyna.pl\/wp-content\/uploads\/2023\/06\/image21-300x225.jpeg\" title=\"\" rel=\"gallery1\" rel=\"lightbox[5752]\"><img loading=\"lazy\" decoding=\"async\" src=\"https:\/\/www.spkatarzyna.pl\/wp-content\/uploads\/2023\/06\/image21-150x150.jpeg\" width=\"150\" height=\"150\" alt=\"\" \/><\/a>\n<\/dt><\/dl><dl class=\"gallery-item\">\n<dt class=\"gallery-icon\">\n<a href=\"https:\/\/www.spkatarzyna.pl\/wp-content\/uploads\/2023\/06\/image01-300x225.jpeg\" title=\"\" rel=\"gallery1\" rel=\"lightbox[5752]\"><img loading=\"lazy\" decoding=\"async\" src=\"https:\/\/www.spkatarzyna.pl\/wp-content\/uploads\/2023\/06\/image01-150x150.jpeg\" width=\"150\" height=\"150\" alt=\"\" \/><\/a>\n<\/dt><\/dl><br style=\"clear: both\" \/><dl class=\"gallery-item\">\n<dt class=\"gallery-icon\">\n<a href=\"https:\/\/www.spkatarzyna.pl\/wp-content\/uploads\/2023\/06\/IMG_8991-300x225.jpeg\" title=\"\" rel=\"gallery1\" rel=\"lightbox[5752]\"><img loading=\"lazy\" decoding=\"async\" src=\"https:\/\/www.spkatarzyna.pl\/wp-content\/uploads\/2023\/06\/IMG_8991-150x150.jpeg\" width=\"150\" height=\"150\" alt=\"\" \/><\/a>\n<\/dt><\/dl><dl class=\"gallery-item\">\n<dt class=\"gallery-icon\">\n<a href=\"https:\/\/www.spkatarzyna.pl\/wp-content\/uploads\/2023\/06\/IMG_8992-300x225.jpeg\" title=\"\" rel=\"gallery1\" rel=\"lightbox[5752]\"><img loading=\"lazy\" decoding=\"async\" src=\"https:\/\/www.spkatarzyna.pl\/wp-content\/uploads\/2023\/06\/IMG_8992-150x150.jpeg\" width=\"150\" height=\"150\" alt=\"\" \/><\/a>\n<\/dt><\/dl><dl class=\"gallery-item\">\n<dt class=\"gallery-icon\">\n<a href=\"https:\/\/www.spkatarzyna.pl\/wp-content\/uploads\/2023\/06\/IMG_8993-300x225.jpeg\" title=\"\" rel=\"gallery1\" rel=\"lightbox[5752]\"><img loading=\"lazy\" decoding=\"async\" src=\"https:\/\/www.spkatarzyna.pl\/wp-content\/uploads\/2023\/06\/IMG_8993-150x150.jpeg\" width=\"150\" height=\"150\" alt=\"\" \/><\/a>\n<\/dt><\/dl><dl class=\"gallery-item\">\n<dt class=\"gallery-icon\">\n<a href=\"https:\/\/www.spkatarzyna.pl\/wp-content\/uploads\/2023\/06\/IMG_8994-300x225.jpeg\" title=\"\" rel=\"gallery1\" rel=\"lightbox[5752]\"><img loading=\"lazy\" decoding=\"async\" src=\"https:\/\/www.spkatarzyna.pl\/wp-content\/uploads\/2023\/06\/IMG_8994-150x150.jpeg\" width=\"150\" height=\"150\" alt=\"\" \/><\/a>\n<\/dt><\/dl><br style=\"clear: both\" \/><dl class=\"gallery-item\">\n<dt class=\"gallery-icon\">\n<a href=\"https:\/\/www.spkatarzyna.pl\/wp-content\/uploads\/2023\/06\/IMG_8996-300x225.jpeg\" title=\"\" rel=\"gallery1\" rel=\"lightbox[5752]\"><img loading=\"lazy\" decoding=\"async\" src=\"https:\/\/www.spkatarzyna.pl\/wp-content\/uploads\/2023\/06\/IMG_8996-150x150.jpeg\" width=\"150\" height=\"150\" alt=\"\" \/><\/a>\n<\/dt><\/dl><dl class=\"gallery-item\">\n<dt class=\"gallery-icon\">\n<a href=\"https:\/\/www.spkatarzyna.pl\/wp-content\/uploads\/2023\/06\/IMG_9002-300x225.jpeg\" title=\"\" rel=\"gallery1\" rel=\"lightbox[5752]\"><img loading=\"lazy\" decoding=\"async\" src=\"https:\/\/www.spkatarzyna.pl\/wp-content\/uploads\/2023\/06\/IMG_9002-150x150.jpeg\" width=\"150\" height=\"150\" alt=\"\" \/><\/a>\n<\/dt><\/dl><dl class=\"gallery-item\">\n<dt class=\"gallery-icon\">\n<a href=\"https:\/\/www.spkatarzyna.pl\/wp-content\/uploads\/2023\/06\/IMG_8987-300x225.jpeg\" title=\"\" rel=\"gallery1\" rel=\"lightbox[5752]\"><img loading=\"lazy\" decoding=\"async\" src=\"https:\/\/www.spkatarzyna.pl\/wp-content\/uploads\/2023\/06\/IMG_8987-150x150.jpeg\" width=\"150\" height=\"150\" alt=\"\" \/><\/a>\n<\/dt><\/dl><dl class=\"gallery-item\">\n<dt class=\"gallery-icon\">\n<a href=\"https:\/\/www.spkatarzyna.pl\/wp-content\/uploads\/2023\/06\/IMG_9006-300x225.jpeg\" title=\"\" rel=\"gallery1\" rel=\"lightbox[5752]\"><img loading=\"lazy\" decoding=\"async\" src=\"https:\/\/www.spkatarzyna.pl\/wp-content\/uploads\/2023\/06\/IMG_9006-150x150.jpeg\" width=\"150\" height=\"150\" alt=\"\" \/><\/a>\n<\/dt><\/dl><br style=\"clear: both\" \/><dl class=\"gallery-item\">\n<dt class=\"gallery-icon\">\n<a href=\"https:\/\/www.spkatarzyna.pl\/wp-content\/uploads\/2023\/06\/20230620_100414-300x225.jpg\" title=\"\" rel=\"gallery1\" rel=\"lightbox[5752]\"><img loading=\"lazy\" decoding=\"async\" src=\"https:\/\/www.spkatarzyna.pl\/wp-content\/uploads\/2023\/06\/20230620_100414-150x150.jpg\" width=\"150\" height=\"150\" alt=\"\" \/><\/a>\n<\/dt><\/dl><dl class=\"gallery-item\">\n<dt class=\"gallery-icon\">\n<a href=\"https:\/\/www.spkatarzyna.pl\/wp-content\/uploads\/2023\/06\/20230620_100443-300x225.jpg\" title=\"\" rel=\"gallery1\" rel=\"lightbox[5752]\"><img loading=\"lazy\" decoding=\"async\" src=\"https:\/\/www.spkatarzyna.pl\/wp-content\/uploads\/2023\/06\/20230620_100443-150x150.jpg\" width=\"150\" height=\"150\" alt=\"\" \/><\/a>\n<\/dt><\/dl><dl class=\"gallery-item\">\n<dt class=\"gallery-icon\">\n<a href=\"https:\/\/www.spkatarzyna.pl\/wp-content\/uploads\/2023\/06\/20230620_112210-300x225.jpg\" title=\"\" rel=\"gallery1\" rel=\"lightbox[5752]\"><img loading=\"lazy\" decoding=\"async\" src=\"https:\/\/www.spkatarzyna.pl\/wp-content\/uploads\/2023\/06\/20230620_112210-150x150.jpg\" width=\"150\" height=\"150\" alt=\"\" \/><\/a>\n<\/dt><\/dl><dl class=\"gallery-item\">\n<dt class=\"gallery-icon\">\n<a href=\"https:\/\/www.spkatarzyna.pl\/wp-content\/uploads\/2023\/06\/20230620_120047-300x225.jpg\" title=\"\" rel=\"gallery1\" rel=\"lightbox[5752]\"><img loading=\"lazy\" decoding=\"async\" src=\"https:\/\/www.spkatarzyna.pl\/wp-content\/uploads\/2023\/06\/20230620_120047-150x150.jpg\" width=\"150\" height=\"150\" alt=\"\" \/><\/a>\n<\/dt><\/dl><br style=\"clear: both\" \/><br style=\"clear: both\" \/><\/div>\t\t<\/div>\n\t\t\t\t\t\t<\/div>\n\t\t\t\t\t<\/div>\n\t\t<\/div>\n\t\t\t\t\t<\/div>\n\t\t<\/section>\n\t\t\t\t<section class=\"elementor-section elementor-top-section elementor-element elementor-element-7634fcd elementor-section-boxed elementor-section-height-default elementor-section-height-default\" data-id=\"7634fcd\" data-element_type=\"section\">\n\t\t\t\t\t\t<div class=\"elementor-container elementor-column-gap-default\">\n\t\t\t\t\t<div class=\"elementor-column elementor-col-100 elementor-top-column elementor-element elementor-element-d3333d9\" data-id=\"d3333d9\" data-element_type=\"column\">\n\t\t\t<div class=\"elementor-widget-wrap elementor-element-populated\">\n\t\t\t\t\t\t<div class=\"elementor-element elementor-element-a4ec84c elementor-widget elementor-widget-video\" data-id=\"a4ec84c\" data-element_type=\"widget\" data-settings=\"{&quot;video_type&quot;:&quot;hosted&quot;,&quot;controls&quot;:&quot;yes&quot;}\" data-widget_type=\"video.default\">\n\t\t\t\t\t\t\t<div class=\"e-hosted-video elementor-wrapper elementor-open-inline\">\n\t\t\t\t\t<video class=\"elementor-video\" src=\"http:\/\/www.spkatarzyna.pl\/wp-content\/uploads\/2023\/06\/Video.mov\" controls=\"\" preload=\"metadata\" controlsList=\"nodownload\"><\/video>\n\t\t\t\t<\/div>\n\t\t\t\t\t\t<\/div>\n\t\t\t\t\t<\/div>\n\t\t<\/div>\n\t\t\t\t\t<\/div>\n\t\t<\/section>\n\t\t\t\t<section class=\"elementor-section elementor-top-section elementor-element elementor-element-e29a807 elementor-section-boxed elementor-section-height-default elementor-section-height-default\" data-id=\"e29a807\" data-element_type=\"section\">\n\t\t\t\t\t\t<div class=\"elementor-container elementor-column-gap-default\">\n\t\t\t\t\t<div class=\"elementor-column elementor-col-100 elementor-top-column elementor-element elementor-element-86fc262\" data-id=\"86fc262\" data-element_type=\"column\">\n\t\t\t<div class=\"elementor-widget-wrap elementor-element-populated\">\n\t\t\t\t\t\t<div class=\"elementor-element elementor-element-c6a8d14 elementor-widget elementor-widget-video\" data-id=\"c6a8d14\" data-element_type=\"widget\" data-settings=\"{&quot;video_type&quot;:&quot;hosted&quot;,&quot;controls&quot;:&quot;yes&quot;}\" data-widget_type=\"video.default\">\n\t\t\t\t\t\t\t<div class=\"e-hosted-video elementor-wrapper elementor-open-inline\">\n\t\t\t\t\t<video class=\"elementor-video\" src=\"http:\/\/www.spkatarzyna.pl\/wp-content\/uploads\/2023\/06\/10000000_9719047338136390_4871385484722733961_n-1.mp4\" controls=\"\" preload=\"metadata\" controlsList=\"nodownload\"><\/video>\n\t\t\t\t<\/div>\n\t\t\t\t\t\t<\/div>\n\t\t\t\t\t<\/div>\n\t\t<\/div>\n\t\t\t\t\t<\/div>\n\t\t<\/section>\n\t\t\t\t<\/div>\n\t\t","protected":false},"excerpt":{"rendered":"<p>Jak co roku na prze\u0142omie maja i czerwca w naszej szkole odby\u0142y si\u0119 dzia\u0142ania w ramach Dni dla Zdrowia i Bezpiecze\u0144stwa. Rozpocz\u0119li\u015bmy od prelekcji pt.: \u201eBezpieczne wakacje \u2013 zagro\u017cenia zwi\u0105zane z chorobami odkleszczowymi\u201d, kt\u00f3re przeprowadzone zosta\u0142y przez specjalist\u0119 chor\u00f3b odkleszczowych Pani\u0105 Karolin\u0119 Pardel \u2013 pracownika Sanepidu. Klasy 1-3 uczestniczy\u0142y w [&hellip;]<\/p>\n","protected":false},"author":6,"featured_media":5753,"comment_status":"open","ping_status":"open","sticky":false,"template":"","format":"standard","meta":{"om_disable_all_campaigns":false,"_monsterinsights_skip_tracking":false,"ngg_post_thumbnail":0,"footnotes":""},"categories":[1],"tags":[],"class_list":["post-5752","post","type-post","status-publish","format-standard","has-post-thumbnail","hentry","category-uncategorized"],"aioseo_notices":[],"aioseo_head":"\n\t\t<!-- All in One SEO 5.0.1.1 - aioseo.com -->\n\t<meta name=\"description\" content=\"Jak co roku na prze\u0142omie maja i czerwca w naszej szkole odby\u0142y si\u0119 dzia\u0142ania w ramach Dni dla Zdrowia i Bezpiecze\u0144stwa. Rozpocz\u0119li\u015bmy od prelekcji pt.: \u201eBezpieczne wakacje \u2013 zagro\u017cenia zwi\u0105zane z chorobami odkleszczowymi\u201d, kt\u00f3re przeprowadzone zosta\u0142y przez specjalist\u0119 chor\u00f3b odkleszczowych Pani\u0105 Karolin\u0119 Pardel \u2013 pracownika Sanepidu. Klasy 1-3 uczestniczy\u0142y w rozgrywkach sportowych, podczas kt\u00f3rych uczniowie\" \/>\n\t<meta name=\"robots\" content=\"max-image-preview:large\" \/>\n\t<meta name=\"author\" content=\"Redakcja\"\/>\n\t<link rel=\"canonical\" href=\"https:\/\/www.spkatarzyna.pl\/index.php\/2023\/06\/28\/dni-dla-zdrowia-i-bezpieczenstwa\/\" \/>\n\t<meta name=\"generator\" content=\"All in One SEO (AIOSEO) 5.0.1.1\" \/>\n\t\t<meta property=\"og:locale\" content=\"pl_PL\" \/>\n\t\t<meta property=\"og:site_name\" content=\"SP Katarzyna - Publiczna Szko\u0142a Podstawowa w \u015awi\u0119tej Katarzynie\" \/>\n\t\t<meta property=\"og:type\" content=\"article\" \/>\n\t\t<meta property=\"og:title\" content=\"Dni dla Zdrowia i Bezpiecze\u0144stwa - SP Katarzyna\" \/>\n\t\t<meta property=\"og:description\" content=\"Jak co roku na prze\u0142omie maja i czerwca w naszej szkole odby\u0142y si\u0119 dzia\u0142ania w ramach Dni dla Zdrowia i Bezpiecze\u0144stwa. Rozpocz\u0119li\u015bmy od prelekcji pt.: \u201eBezpieczne wakacje \u2013 zagro\u017cenia zwi\u0105zane z chorobami odkleszczowymi\u201d, kt\u00f3re przeprowadzone zosta\u0142y przez specjalist\u0119 chor\u00f3b odkleszczowych Pani\u0105 Karolin\u0119 Pardel \u2013 pracownika Sanepidu. Klasy 1-3 uczestniczy\u0142y w rozgrywkach sportowych, podczas kt\u00f3rych uczniowie\" \/>\n\t\t<meta property=\"og:url\" content=\"https:\/\/www.spkatarzyna.pl\/index.php\/2023\/06\/28\/dni-dla-zdrowia-i-bezpieczenstwa\/\" \/>\n\t\t<meta property=\"article:published_time\" content=\"2023-06-28T12:24:19+00:00\" \/>\n\t\t<meta property=\"article:modified_time\" content=\"2023-07-04T09:32:47+00:00\" \/>\n\t\t<meta name=\"twitter:card\" content=\"summary_large_image\" \/>\n\t\t<meta name=\"twitter:title\" content=\"Dni dla Zdrowia i Bezpiecze\u0144stwa - SP Katarzyna\" \/>\n\t\t<meta name=\"twitter:description\" content=\"Jak co roku na prze\u0142omie maja i czerwca w naszej szkole odby\u0142y si\u0119 dzia\u0142ania w ramach Dni dla Zdrowia i Bezpiecze\u0144stwa. Rozpocz\u0119li\u015bmy od prelekcji pt.: \u201eBezpieczne wakacje \u2013 zagro\u017cenia zwi\u0105zane z chorobami odkleszczowymi\u201d, kt\u00f3re przeprowadzone zosta\u0142y przez specjalist\u0119 chor\u00f3b odkleszczowych Pani\u0105 Karolin\u0119 Pardel \u2013 pracownika Sanepidu. Klasy 1-3 uczestniczy\u0142y w rozgrywkach sportowych, podczas kt\u00f3rych uczniowie\" \/>\n\t\t<script type=\"application\/ld+json\" class=\"aioseo-schema\">\n\t\t\t{\"@context\":\"https:\\\/\\\/schema.org\",\"@graph\":[{\"@type\":\"BlogPosting\",\"@id\":\"https:\\\/\\\/www.spkatarzyna.pl\\\/index.php\\\/2023\\\/06\\\/28\\\/dni-dla-zdrowia-i-bezpieczenstwa\\\/#blogposting\",\"name\":\"Dni dla Zdrowia i Bezpiecze\\u0144stwa - SP Katarzyna\",\"headline\":\"Dni dla Zdrowia i Bezpiecze\\u0144stwa\",\"author\":{\"@id\":\"https:\\\/\\\/www.spkatarzyna.pl\\\/index.php\\\/author\\\/agatasafianspkatarzyna-pl\\\/#author\"},\"publisher\":{\"@id\":\"https:\\\/\\\/www.spkatarzyna.pl\\\/#organization\"},\"image\":{\"@type\":\"ImageObject\",\"url\":\"https:\\\/\\\/www.spkatarzyna.pl\\\/wp-content\\\/uploads\\\/2023\\\/06\\\/image11.jpg\",\"width\":360,\"height\":202},\"datePublished\":\"2023-06-28T12:24:19+02:00\",\"dateModified\":\"2023-07-04T09:32:47+02:00\",\"inLanguage\":\"pl-PL\",\"mainEntityOfPage\":{\"@id\":\"https:\\\/\\\/www.spkatarzyna.pl\\\/index.php\\\/2023\\\/06\\\/28\\\/dni-dla-zdrowia-i-bezpieczenstwa\\\/#webpage\"},\"isPartOf\":{\"@id\":\"https:\\\/\\\/www.spkatarzyna.pl\\\/index.php\\\/2023\\\/06\\\/28\\\/dni-dla-zdrowia-i-bezpieczenstwa\\\/#webpage\"},\"articleSection\":\"Uncategorized\"},{\"@type\":\"BreadcrumbList\",\"@id\":\"https:\\\/\\\/www.spkatarzyna.pl\\\/index.php\\\/2023\\\/06\\\/28\\\/dni-dla-zdrowia-i-bezpieczenstwa\\\/#breadcrumblist\",\"itemListElement\":[{\"@type\":\"ListItem\",\"@id\":\"https:\\\/\\\/www.spkatarzyna.pl#listItem\",\"position\":1,\"name\":\"Dom\",\"item\":\"https:\\\/\\\/www.spkatarzyna.pl\",\"nextItem\":{\"@type\":\"ListItem\",\"@id\":\"https:\\\/\\\/www.spkatarzyna.pl\\\/index.php\\\/category\\\/uncategorized\\\/#listItem\",\"name\":\"Uncategorized\"}},{\"@type\":\"ListItem\",\"@id\":\"https:\\\/\\\/www.spkatarzyna.pl\\\/index.php\\\/category\\\/uncategorized\\\/#listItem\",\"position\":2,\"name\":\"Uncategorized\",\"item\":\"https:\\\/\\\/www.spkatarzyna.pl\\\/index.php\\\/category\\\/uncategorized\\\/\",\"nextItem\":{\"@type\":\"ListItem\",\"@id\":\"https:\\\/\\\/www.spkatarzyna.pl\\\/index.php\\\/2023\\\/06\\\/28\\\/dni-dla-zdrowia-i-bezpieczenstwa\\\/#listItem\",\"name\":\"Dni dla Zdrowia i Bezpiecze\\u0144stwa\"},\"previousItem\":{\"@type\":\"ListItem\",\"@id\":\"https:\\\/\\\/www.spkatarzyna.pl#listItem\",\"name\":\"Dom\"}},{\"@type\":\"ListItem\",\"@id\":\"https:\\\/\\\/www.spkatarzyna.pl\\\/index.php\\\/2023\\\/06\\\/28\\\/dni-dla-zdrowia-i-bezpieczenstwa\\\/#listItem\",\"position\":3,\"name\":\"Dni dla Zdrowia i Bezpiecze\\u0144stwa\",\"previousItem\":{\"@type\":\"ListItem\",\"@id\":\"https:\\\/\\\/www.spkatarzyna.pl\\\/index.php\\\/category\\\/uncategorized\\\/#listItem\",\"name\":\"Uncategorized\"}}]},{\"@type\":\"Organization\",\"@id\":\"https:\\\/\\\/www.spkatarzyna.pl\\\/#organization\",\"name\":\"SP Katarzyna\",\"description\":\"Publiczna Szko\\u0142a Podstawowa w \\u015awi\\u0119tej Katarzynie\",\"url\":\"https:\\\/\\\/www.spkatarzyna.pl\\\/\",\"telephone\":\"+48713116378\",\"sameAs\":[\"https:\\\/\\\/facebook.com\\\/\",\"https:\\\/\\\/x.com\\\/\",\"https:\\\/\\\/instagram.com\\\/\",\"https:\\\/\\\/pinterest.com\\\/\",\"https:\\\/\\\/youtube.com\\\/\",\"https:\\\/\\\/linkedin.com\\\/in\\\/\"]},{\"@type\":\"Person\",\"@id\":\"https:\\\/\\\/www.spkatarzyna.pl\\\/index.php\\\/author\\\/agatasafianspkatarzyna-pl\\\/#author\",\"url\":\"https:\\\/\\\/www.spkatarzyna.pl\\\/index.php\\\/author\\\/agatasafianspkatarzyna-pl\\\/\",\"name\":\"Redakcja\",\"image\":{\"@type\":\"ImageObject\",\"@id\":\"https:\\\/\\\/www.spkatarzyna.pl\\\/index.php\\\/2023\\\/06\\\/28\\\/dni-dla-zdrowia-i-bezpieczenstwa\\\/#authorImage\",\"url\":\"https:\\\/\\\/secure.gravatar.com\\\/avatar\\\/765290513df94d442152250e92b42327?s=96&d=mm&r=g\",\"width\":96,\"height\":96,\"caption\":\"Redakcja\"}},{\"@type\":\"WebPage\",\"@id\":\"https:\\\/\\\/www.spkatarzyna.pl\\\/index.php\\\/2023\\\/06\\\/28\\\/dni-dla-zdrowia-i-bezpieczenstwa\\\/#webpage\",\"url\":\"https:\\\/\\\/www.spkatarzyna.pl\\\/index.php\\\/2023\\\/06\\\/28\\\/dni-dla-zdrowia-i-bezpieczenstwa\\\/\",\"name\":\"Dni dla Zdrowia i Bezpiecze\\u0144stwa - SP Katarzyna\",\"description\":\"Jak co roku na prze\\u0142omie maja i czerwca w naszej szkole odby\\u0142y si\\u0119 dzia\\u0142ania w ramach Dni dla Zdrowia i Bezpiecze\\u0144stwa. Rozpocz\\u0119li\\u015bmy od prelekcji pt.: \\u201eBezpieczne wakacje \\u2013 zagro\\u017cenia zwi\\u0105zane z chorobami odkleszczowymi\\u201d, kt\\u00f3re przeprowadzone zosta\\u0142y przez specjalist\\u0119 chor\\u00f3b odkleszczowych Pani\\u0105 Karolin\\u0119 Pardel \\u2013 pracownika Sanepidu. Klasy 1-3 uczestniczy\\u0142y w rozgrywkach sportowych, podczas kt\\u00f3rych uczniowie\",\"inLanguage\":\"pl-PL\",\"isPartOf\":{\"@id\":\"https:\\\/\\\/www.spkatarzyna.pl\\\/#website\"},\"breadcrumb\":{\"@id\":\"https:\\\/\\\/www.spkatarzyna.pl\\\/index.php\\\/2023\\\/06\\\/28\\\/dni-dla-zdrowia-i-bezpieczenstwa\\\/#breadcrumblist\"},\"author\":{\"@id\":\"https:\\\/\\\/www.spkatarzyna.pl\\\/index.php\\\/author\\\/agatasafianspkatarzyna-pl\\\/#author\"},\"creator\":{\"@id\":\"https:\\\/\\\/www.spkatarzyna.pl\\\/index.php\\\/author\\\/agatasafianspkatarzyna-pl\\\/#author\"},\"image\":{\"@type\":\"ImageObject\",\"url\":\"https:\\\/\\\/www.spkatarzyna.pl\\\/wp-content\\\/uploads\\\/2023\\\/06\\\/image11.jpg\",\"@id\":\"https:\\\/\\\/www.spkatarzyna.pl\\\/index.php\\\/2023\\\/06\\\/28\\\/dni-dla-zdrowia-i-bezpieczenstwa\\\/#mainImage\",\"width\":360,\"height\":202},\"primaryImageOfPage\":{\"@id\":\"https:\\\/\\\/www.spkatarzyna.pl\\\/index.php\\\/2023\\\/06\\\/28\\\/dni-dla-zdrowia-i-bezpieczenstwa\\\/#mainImage\"},\"datePublished\":\"2023-06-28T12:24:19+02:00\",\"dateModified\":\"2023-07-04T09:32:47+02:00\"},{\"@type\":\"WebSite\",\"@id\":\"https:\\\/\\\/www.spkatarzyna.pl\\\/#website\",\"url\":\"https:\\\/\\\/www.spkatarzyna.pl\\\/\",\"name\":\"SP Katarzyna\",\"description\":\"Publiczna Szko\\u0142a Podstawowa w \\u015awi\\u0119tej Katarzynie\",\"inLanguage\":\"pl-PL\",\"publisher\":{\"@id\":\"https:\\\/\\\/www.spkatarzyna.pl\\\/#organization\"}}]}\n\t\t<\/script>\n\t\t<!-- All in One SEO -->\n\n","aioseo_head_json":{"title":"Dni dla Zdrowia i Bezpiecze\u0144stwa - SP Katarzyna","description":"Jak co roku na prze\u0142omie maja i czerwca w naszej szkole odby\u0142y si\u0119 dzia\u0142ania w ramach Dni dla Zdrowia i Bezpiecze\u0144stwa. Rozpocz\u0119li\u015bmy od prelekcji pt.: \u201eBezpieczne wakacje \u2013 zagro\u017cenia zwi\u0105zane z chorobami odkleszczowymi\u201d, kt\u00f3re przeprowadzone zosta\u0142y przez specjalist\u0119 chor\u00f3b odkleszczowych Pani\u0105 Karolin\u0119 Pardel \u2013 pracownika Sanepidu. Klasy 1-3 uczestniczy\u0142y w rozgrywkach sportowych, podczas kt\u00f3rych uczniowie","canonical_url":"https:\/\/www.spkatarzyna.pl\/index.php\/2023\/06\/28\/dni-dla-zdrowia-i-bezpieczenstwa\/","robots":"max-image-preview:large","keywords":"","webmasterTools":{"miscellaneous":""},"schema":{"@context":"https:\/\/schema.org","@graph":[{"@type":"BlogPosting","@id":"https:\/\/www.spkatarzyna.pl\/index.php\/2023\/06\/28\/dni-dla-zdrowia-i-bezpieczenstwa\/#blogposting","name":"Dni dla Zdrowia i Bezpiecze\u0144stwa - SP Katarzyna","headline":"Dni dla Zdrowia i Bezpiecze\u0144stwa","author":{"@id":"https:\/\/www.spkatarzyna.pl\/index.php\/author\/agatasafianspkatarzyna-pl\/#author"},"publisher":{"@id":"https:\/\/www.spkatarzyna.pl\/#organization"},"image":{"@type":"ImageObject","url":"https:\/\/www.spkatarzyna.pl\/wp-content\/uploads\/2023\/06\/image11.jpg","width":360,"height":202},"datePublished":"2023-06-28T12:24:19+02:00","dateModified":"2023-07-04T09:32:47+02:00","inLanguage":"pl-PL","mainEntityOfPage":{"@id":"https:\/\/www.spkatarzyna.pl\/index.php\/2023\/06\/28\/dni-dla-zdrowia-i-bezpieczenstwa\/#webpage"},"isPartOf":{"@id":"https:\/\/www.spkatarzyna.pl\/index.php\/2023\/06\/28\/dni-dla-zdrowia-i-bezpieczenstwa\/#webpage"},"articleSection":"Uncategorized"},{"@type":"BreadcrumbList","@id":"https:\/\/www.spkatarzyna.pl\/index.php\/2023\/06\/28\/dni-dla-zdrowia-i-bezpieczenstwa\/#breadcrumblist","itemListElement":[{"@type":"ListItem","@id":"https:\/\/www.spkatarzyna.pl#listItem","position":1,"name":"Dom","item":"https:\/\/www.spkatarzyna.pl","nextItem":{"@type":"ListItem","@id":"https:\/\/www.spkatarzyna.pl\/index.php\/category\/uncategorized\/#listItem","name":"Uncategorized"}},{"@type":"ListItem","@id":"https:\/\/www.spkatarzyna.pl\/index.php\/category\/uncategorized\/#listItem","position":2,"name":"Uncategorized","item":"https:\/\/www.spkatarzyna.pl\/index.php\/category\/uncategorized\/","nextItem":{"@type":"ListItem","@id":"https:\/\/www.spkatarzyna.pl\/index.php\/2023\/06\/28\/dni-dla-zdrowia-i-bezpieczenstwa\/#listItem","name":"Dni dla Zdrowia i Bezpiecze\u0144stwa"},"previousItem":{"@type":"ListItem","@id":"https:\/\/www.spkatarzyna.pl#listItem","name":"Dom"}},{"@type":"ListItem","@id":"https:\/\/www.spkatarzyna.pl\/index.php\/2023\/06\/28\/dni-dla-zdrowia-i-bezpieczenstwa\/#listItem","position":3,"name":"Dni dla Zdrowia i Bezpiecze\u0144stwa","previousItem":{"@type":"ListItem","@id":"https:\/\/www.spkatarzyna.pl\/index.php\/category\/uncategorized\/#listItem","name":"Uncategorized"}}]},{"@type":"Organization","@id":"https:\/\/www.spkatarzyna.pl\/#organization","name":"SP Katarzyna","description":"Publiczna Szko\u0142a Podstawowa w \u015awi\u0119tej Katarzynie","url":"https:\/\/www.spkatarzyna.pl\/","telephone":"+48713116378","sameAs":["https:\/\/facebook.com\/","https:\/\/x.com\/","https:\/\/instagram.com\/","https:\/\/pinterest.com\/","https:\/\/youtube.com\/","https:\/\/linkedin.com\/in\/"]},{"@type":"Person","@id":"https:\/\/www.spkatarzyna.pl\/index.php\/author\/agatasafianspkatarzyna-pl\/#author","url":"https:\/\/www.spkatarzyna.pl\/index.php\/author\/agatasafianspkatarzyna-pl\/","name":"Redakcja","image":{"@type":"ImageObject","@id":"https:\/\/www.spkatarzyna.pl\/index.php\/2023\/06\/28\/dni-dla-zdrowia-i-bezpieczenstwa\/#authorImage","url":"https:\/\/secure.gravatar.com\/avatar\/765290513df94d442152250e92b42327?s=96&d=mm&r=g","width":96,"height":96,"caption":"Redakcja"}},{"@type":"WebPage","@id":"https:\/\/www.spkatarzyna.pl\/index.php\/2023\/06\/28\/dni-dla-zdrowia-i-bezpieczenstwa\/#webpage","url":"https:\/\/www.spkatarzyna.pl\/index.php\/2023\/06\/28\/dni-dla-zdrowia-i-bezpieczenstwa\/","name":"Dni dla Zdrowia i Bezpiecze\u0144stwa - SP Katarzyna","description":"Jak co roku na prze\u0142omie maja i czerwca w naszej szkole odby\u0142y si\u0119 dzia\u0142ania w ramach Dni dla Zdrowia i Bezpiecze\u0144stwa. Rozpocz\u0119li\u015bmy od prelekcji pt.: \u201eBezpieczne wakacje \u2013 zagro\u017cenia zwi\u0105zane z chorobami odkleszczowymi\u201d, kt\u00f3re przeprowadzone zosta\u0142y przez specjalist\u0119 chor\u00f3b odkleszczowych Pani\u0105 Karolin\u0119 Pardel \u2013 pracownika Sanepidu. Klasy 1-3 uczestniczy\u0142y w rozgrywkach sportowych, podczas kt\u00f3rych uczniowie","inLanguage":"pl-PL","isPartOf":{"@id":"https:\/\/www.spkatarzyna.pl\/#website"},"breadcrumb":{"@id":"https:\/\/www.spkatarzyna.pl\/index.php\/2023\/06\/28\/dni-dla-zdrowia-i-bezpieczenstwa\/#breadcrumblist"},"author":{"@id":"https:\/\/www.spkatarzyna.pl\/index.php\/author\/agatasafianspkatarzyna-pl\/#author"},"creator":{"@id":"https:\/\/www.spkatarzyna.pl\/index.php\/author\/agatasafianspkatarzyna-pl\/#author"},"image":{"@type":"ImageObject","url":"https:\/\/www.spkatarzyna.pl\/wp-content\/uploads\/2023\/06\/image11.jpg","@id":"https:\/\/www.spkatarzyna.pl\/index.php\/2023\/06\/28\/dni-dla-zdrowia-i-bezpieczenstwa\/#mainImage","width":360,"height":202},"primaryImageOfPage":{"@id":"https:\/\/www.spkatarzyna.pl\/index.php\/2023\/06\/28\/dni-dla-zdrowia-i-bezpieczenstwa\/#mainImage"},"datePublished":"2023-06-28T12:24:19+02:00","dateModified":"2023-07-04T09:32:47+02:00"},{"@type":"WebSite","@id":"https:\/\/www.spkatarzyna.pl\/#website","url":"https:\/\/www.spkatarzyna.pl\/","name":"SP Katarzyna","description":"Publiczna Szko\u0142a Podstawowa w \u015awi\u0119tej Katarzynie","inLanguage":"pl-PL","publisher":{"@id":"https:\/\/www.spkatarzyna.pl\/#organization"}}]},"og:locale":"pl_PL","og:site_name":"SP Katarzyna - Publiczna Szko\u0142a Podstawowa w \u015awi\u0119tej Katarzynie","og:type":"article","og:title":"Dni dla Zdrowia i Bezpiecze\u0144stwa - SP Katarzyna","og:description":"Jak co roku na prze\u0142omie maja i czerwca w naszej szkole odby\u0142y si\u0119 dzia\u0142ania w ramach Dni dla Zdrowia i Bezpiecze\u0144stwa. Rozpocz\u0119li\u015bmy od prelekcji pt.: \u201eBezpieczne wakacje \u2013 zagro\u017cenia zwi\u0105zane z chorobami odkleszczowymi\u201d, kt\u00f3re przeprowadzone zosta\u0142y przez specjalist\u0119 chor\u00f3b odkleszczowych Pani\u0105 Karolin\u0119 Pardel \u2013 pracownika Sanepidu. Klasy 1-3 uczestniczy\u0142y w rozgrywkach sportowych, podczas kt\u00f3rych uczniowie","og:url":"https:\/\/www.spkatarzyna.pl\/index.php\/2023\/06\/28\/dni-dla-zdrowia-i-bezpieczenstwa\/","article:published_time":"2023-06-28T12:24:19+00:00","article:modified_time":"2023-07-04T09:32:47+00:00","twitter:card":"summary_large_image","twitter:title":"Dni dla Zdrowia i Bezpiecze\u0144stwa - SP Katarzyna","twitter:description":"Jak co roku na prze\u0142omie maja i czerwca w naszej szkole odby\u0142y si\u0119 dzia\u0142ania w ramach Dni dla Zdrowia i Bezpiecze\u0144stwa. Rozpocz\u0119li\u015bmy od prelekcji pt.: \u201eBezpieczne wakacje \u2013 zagro\u017cenia zwi\u0105zane z chorobami odkleszczowymi\u201d, kt\u00f3re przeprowadzone zosta\u0142y przez specjalist\u0119 chor\u00f3b odkleszczowych Pani\u0105 Karolin\u0119 Pardel \u2013 pracownika Sanepidu. Klasy 1-3 uczestniczy\u0142y w rozgrywkach sportowych, podczas kt\u00f3rych uczniowie"},"aioseo_meta_data":{"post_id":"5752","title":null,"description":null,"keywords":null,"keyphrases":null,"primary_term":null,"canonical_url":null,"og_title":null,"og_description":null,"og_object_type":"default","og_image_type":"default","og_image_url":null,"og_image_width":null,"og_image_height":null,"og_image_custom_url":null,"og_image_custom_fields":null,"og_video":null,"og_custom_url":null,"og_article_section":null,"og_article_tags":null,"twitter_use_og":false,"twitter_card":"default","twitter_image_type":"default","twitter_image_url":null,"twitter_image_custom_url":null,"twitter_image_custom_fields":null,"twitter_title":null,"twitter_description":null,"schema":{"blockGraphs":[],"customGraphs":[],"default":{"data":{"Article":[],"Course":[],"Dataset":[],"FAQPage":[],"Movie":[],"Person":[],"Product":[],"ProductReview":[],"Car":[],"Recipe":[],"Service":[],"SoftwareApplication":[],"WebPage":[]},"graphName":"","isEnabled":true},"graphs":[]},"schema_type":"default","schema_type_options":null,"pillar_content":false,"robots_default":true,"robots_noindex":false,"robots_noarchive":false,"robots_nosnippet":false,"robots_nofollow":false,"robots_noimageindex":false,"robots_noodp":false,"robots_notranslate":false,"robots_max_snippet":null,"robots_max_videopreview":null,"robots_max_imagepreview":"large","priority":null,"frequency":null,"local_seo":null,"limit_modified_date":false,"created":"2024-04-03 08:19:17","updated":"2026-09-03 14:40:05","focus_keyword":null,"additional_keywords":null,"truseo_locale":null,"ai":null,"breadcrumb_settings":null,"seo_analyzer_scan_date":null},"aioseo_breadcrumb":"<div class=\"aioseo-breadcrumbs\"><span class=\"aioseo-breadcrumb\">\n\t\t\t<a href=\"https:\/\/www.spkatarzyna.pl\" title=\"Dom\">Dom<\/a>\n\t\t<\/span><span class=\"aioseo-breadcrumb-separator\">&raquo;<\/span><span class=\"aioseo-breadcrumb\">\n\t\t\t<a href=\"https:\/\/www.spkatarzyna.pl\/index.php\/category\/uncategorized\/\" title=\"Uncategorized\">Uncategorized<\/a>\n\t\t<\/span><span class=\"aioseo-breadcrumb-separator\">&raquo;<\/span><span class=\"aioseo-breadcrumb\">\n\t\t\tDni dla Zdrowia i Bezpiecze\u0144stwa\n\t\t<\/span><\/div>","aioseo_breadcrumb_json":[{"label":"Dom","link":"https:\/\/www.spkatarzyna.pl"},{"label":"Uncategorized","link":"https:\/\/www.spkatarzyna.pl\/index.php\/category\/uncategorized\/"},{"label":"Dni dla Zdrowia i Bezpiecze\u0144stwa","link":"https:\/\/www.spkatarzyna.pl\/index.php\/2023\/06\/28\/dni-dla-zdrowia-i-bezpieczenstwa\/"}],"_links":{"self":[{"href":"https:\/\/www.spkatarzyna.pl\/index.php\/wp-json\/wp\/v2\/posts\/5752","targetHints":{"allow":["GET"]}}],"collection":[{"href":"https:\/\/www.spkatarzyna.pl\/index.php\/wp-json\/wp\/v2\/posts"}],"about":[{"href":"https:\/\/www.spkatarzyna.pl\/index.php\/wp-json\/wp\/v2\/types\/post"}],"author":[{"embeddable":true,"href":"https:\/\/www.spkatarzyna.pl\/index.php\/wp-json\/wp\/v2\/users\/6"}],"replies":[{"embeddable":true,"href":"https:\/\/www.spkatarzyna.pl\/index.php\/wp-json\/wp\/v2\/comments?post=5752"}],"version-history":[{"count":22,"href":"https:\/\/www.spkatarzyna.pl\/index.php\/wp-json\/wp\/v2\/posts\/5752\/revisions"}],"predecessor-version":[{"id":5861,"href":"https:\/\/www.spkatarzyna.pl\/index.php\/wp-json\/wp\/v2\/posts\/5752\/revisions\/5861"}],"wp:featuredmedia":[{"embeddable":true,"href":"https:\/\/www.spkatarzyna.pl\/index.php\/wp-json\/wp\/v2\/media\/5753"}],"wp:attachment":[{"href":"https:\/\/www.spkatarzyna.pl\/index.php\/wp-json\/wp\/v2\/media?parent=5752"}],"wp:term":[{"taxonomy":"category","embeddable":true,"href":"https:\/\/www.spkatarzyna.pl\/index.php\/wp-json\/wp\/v2\/categories?post=5752"},{"taxonomy":"post_tag","embeddable":true,"href":"https:\/\/www.spkatarzyna.pl\/index.php\/wp-json\/wp\/v2\/tags?post=5752"}],"curies":[{"name":"wp","href":"https:\/\/api.w.org\/{rel}","templated":true}]}}