{"id":5906,"date":"2023-08-24T12:35:47","date_gmt":"2023-08-24T12:35:47","guid":{"rendered":"http:\/\/www.spkatarzyna.pl\/?p=5906"},"modified":"2023-09-01T17:53:51","modified_gmt":"2023-09-01T17:53:51","slug":"rozpoczecie-roku-szkolnego-2023-2024","status":"publish","type":"post","link":"https:\/\/www.spkatarzyna.pl\/index.php\/2023\/08\/24\/rozpoczecie-roku-szkolnego-2023-2024\/","title":{"rendered":"Uroczyste rozpocz\u0119cie roku szkolnego"},"content":{"rendered":"<p style=\"text-align: center;\"><span style=\"font-size: 14pt;\"><b><i><img decoding=\"async\" class=\"size-full wp-image-5907 alignleft\" src=\"http:\/\/www.spkatarzyna.pl\/wp-content\/uploads\/2023\/08\/Zrzut-ekranu-2023-08-24-o-14.29.09.png\" alt=\"\" width=\"109\" height=\"116\">Organizacja rozpocz\u0119cia roku szkolnego 2023\/2024<\/i><\/b><\/span><\/p>\n<p style=\"text-align: center;\"><span style=\"font-size: 14pt;\"><b><i>w Publicznej Szkole Podstawowej w \u015aw. Katarzynie im. Stefana Kardyna\u0142a Wyszy\u0144skiego<\/i><\/b><\/span><\/p>\n<p style=\"text-align: center;\"><span style=\"font-size: 14pt;\"><b><i>&#8211; Prymasa Tysi\u0105clecia<\/i><\/b><\/span><\/p>\n<p style=\"text-align: center;\">&nbsp;<\/p>\n<p style=\"text-align: justify;\"><span style=\"font-size: 14pt;\"><span style=\"font-weight: 400;\">Uroczysto\u015b\u0107 rozpocz\u0119cia roku szkolnego 2023\/2024 odb\u0119dzie si\u0119 <\/span><b>4 wrze\u015bnia 2023 roku<\/b><span style=\"font-weight: 400;\"> na podw\u00f3rku przed szko\u0142\u0105,<\/span><\/span><\/p>\n<p style=\"text-align: justify;\"><span style=\"font-size: 14pt;\"><b>O godzinie 9.00 \u2013 dla dzieci z oddzia\u0142u przedszkolnego i uczni\u00f3w klas I-III&nbsp;<\/b><\/span><\/p>\n<p style=\"text-align: justify;\"><span style=\"font-size: 14pt;\"><b>O godzinie 10.00 \u2013 dla uczni\u00f3w klas IV-VIII<\/b><\/span><\/p>\n<p style=\"text-align: justify;\"><span style=\"font-weight: 400; font-size: 14pt;\">Po cz\u0119\u015bci oficjalnej\u201e Pierwszoklasi\u015bci \u201d wraz z wychowawcami udaj\u0105 si\u0119 do klas wej\u015bciem \u201eF\u201d (od strony parku- najnowsza cz\u0119\u015b\u0107 szko\u0142y)&nbsp; na spotkania w swoich salach.&nbsp;<\/span><\/p>\n<p style=\"text-align: justify;\"><span style=\"font-weight: 400; font-size: 14pt;\">Uczniowie klas II-III wej\u015bciem g\u0142\u00f3wnym \u201eA\u201d udaj\u0105 si\u0119 na spotkania z wychowawcami w salach lekcyjnych (przydzia\u0142 sal na spotkania wg za\u0142\u0105cznika).<\/span><\/p>\n<p style=\"text-align: justify;\"><span style=\"font-weight: 400; font-size: 14pt;\">Uczniowie klas IV &#8211; VIII wej\u015bciem g\u0142\u00f3wnym \u201eA\u201d udaj\u0105 si\u0119 na spotkania z wychowawcami w salach lekcyjnych (przydzia\u0142 sal na spotkania wg za\u0142\u0105cznika)<\/span><\/p>\n<p style=\"text-align: justify;\"><span style=\"font-weight: 400; font-size: 14pt;\">*<a href=\"http:\/\/www.spkatarzyna.pl\/wp-content\/uploads\/2023\/09\/PRZYDZIAL-SAL-W-DNIU-ROZPOCZE\u0328CIA-ROKU-SZKOLNEGO.docx-2.pdf\">Przydzia\u0142 sal na spotkania z wychowawcami w dniu rozpocz\u0119cia roku szkolnego<\/a>,&nbsp;<\/span><\/p>\n<p style=\"text-align: justify;\"><span style=\"font-weight: 400; font-size: 14pt;\">*Informacja o dowozach, wraz z rozk\u0142adem jazdy autobus\u00f3w szkolnych w najbli\u017cszym czasie zostanie umieszczona na szkolnej www.<\/span><\/p>\n<p style=\"text-align: justify;\"><span style=\"font-weight: 400; font-size: 14pt;\">*\u015bwietlica szkolna dla klas 1-4 w dniu rozpocz\u0119cia roku szkolnego pracuje w godzinach 6.30 -17.00.<\/span><\/p>\n<p style=\"text-align: justify;\"><span style=\"font-size: 14pt;\"><b>&nbsp;O godzinie 8.00 <\/b><span style=\"font-weight: 400;\">\u2013 Ksi\u0105dz Proboszcz Rafa\u0142 Ho\u0142ubowicz zaprasza wszystkich ch\u0119tnych uczni\u00f3w na okoliczno\u015bciow\u0105 Msz\u0119 \u015awi\u0119t\u0105 z okazji rozpocz\u0119cia roku szkolnego 2023\/2024, do Ko\u015bcio\u0142a uczniowie udaj\u0105 si\u0119 pod opiek\u0105 rodzic\u00f3w\/opiekun\u00f3w lub starszego rodze\u0144stwa.&nbsp;<\/span><\/span><\/p>\n<p style=\"text-align: center;\"><span style=\"font-size: 14pt;\"><b>&nbsp;&nbsp;&nbsp;\u017byczymy udanego roku szkolnego 2023\/2024<\/b><\/span><\/p>\n<p style=\"text-align: right;\">&nbsp;<\/p>\n<p style=\"text-align: right;\"><span style=\"font-size: 14pt;\"><b>&nbsp;&nbsp;&nbsp;&nbsp;&nbsp;&nbsp;&nbsp;&nbsp;&nbsp;&nbsp;&nbsp;&nbsp;&nbsp;&nbsp;&nbsp;&nbsp;&nbsp;&nbsp;&nbsp;&nbsp;&nbsp;Z wyrazami szacunku<\/b><\/span><\/p>\n<p style=\"text-align: right;\"><span style=\"font-size: 14pt;\"><b>&nbsp;<\/b> <b>&nbsp; &nbsp; &nbsp; Magdalena Kochan-Nowik \u2013 dyrektor szko\u0142y<\/b><\/span><\/p>\n<p style=\"text-align: right;\"><span style=\"font-size: 14pt;\"><b>&nbsp;&nbsp;&nbsp;&nbsp;&nbsp;Maria Babicka- wicedyrektor szko\u0142y<\/b><\/span><\/p>\n<p style=\"text-align: justify;\">&nbsp;<\/p>\n","protected":false},"excerpt":{"rendered":"<p>Organizacja rozpocz\u0119cia roku szkolnego 2023\/2024 w Publicznej Szkole Podstawowej w \u015aw. Katarzynie im. Stefana Kardyna\u0142a Wyszy\u0144skiego &#8211; Prymasa Tysi\u0105clecia &nbsp; Uroczysto\u015b\u0107 rozpocz\u0119cia roku szkolnego 2023\/2024 odb\u0119dzie si\u0119 4 wrze\u015bnia 2023 roku na podw\u00f3rku przed szko\u0142\u0105, O godzinie 9.00 \u2013 dla dzieci z oddzia\u0142u przedszkolnego i uczni\u00f3w klas I-III&nbsp; O godzinie [&hellip;]<\/p>\n","protected":false},"author":6,"featured_media":5908,"comment_status":"open","ping_status":"open","sticky":false,"template":"","format":"standard","meta":{"om_disable_all_campaigns":false,"_monsterinsights_skip_tracking":false,"ngg_post_thumbnail":0,"footnotes":""},"categories":[1],"tags":[],"class_list":["post-5906","post","type-post","status-publish","format-standard","has-post-thumbnail","hentry","category-uncategorized"],"aioseo_notices":[],"aioseo_head":"\n\t\t<!-- All in One SEO 5.0.1.1 - aioseo.com -->\n\t<meta name=\"description\" content=\"Organizacja rozpocz\u0119cia roku szkolnego 2023\/2024 w Publicznej Szkole Podstawowej w \u015aw. Katarzynie im. Stefana Kardyna\u0142a Wyszy\u0144skiego - Prymasa Tysi\u0105clecia Uroczysto\u015b\u0107 rozpocz\u0119cia roku szkolnego 2023\/2024 odb\u0119dzie si\u0119 4 wrze\u015bnia 2023 roku na podw\u00f3rku przed szko\u0142\u0105, O godzinie 9.00 \u2013 dla dzieci z oddzia\u0142u przedszkolnego i uczni\u00f3w klas I-III O godzinie 10.00 \u2013 dla uczni\u00f3w klas\" \/>\n\t<meta name=\"robots\" content=\"max-image-preview:large\" \/>\n\t<meta name=\"author\" content=\"Redakcja\"\/>\n\t<link rel=\"canonical\" href=\"https:\/\/www.spkatarzyna.pl\/index.php\/2023\/08\/24\/rozpoczecie-roku-szkolnego-2023-2024\/\" \/>\n\t<meta name=\"generator\" content=\"All in One SEO (AIOSEO) 5.0.1.1\" \/>\n\t\t<meta property=\"og:locale\" content=\"pl_PL\" \/>\n\t\t<meta property=\"og:site_name\" content=\"SP Katarzyna - Publiczna Szko\u0142a Podstawowa w \u015awi\u0119tej Katarzynie\" \/>\n\t\t<meta property=\"og:type\" content=\"article\" \/>\n\t\t<meta property=\"og:title\" content=\"Uroczyste rozpocz\u0119cie roku szkolnego - SP Katarzyna\" \/>\n\t\t<meta property=\"og:description\" content=\"Organizacja rozpocz\u0119cia roku szkolnego 2023\/2024 w Publicznej Szkole Podstawowej w \u015aw. Katarzynie im. Stefana Kardyna\u0142a Wyszy\u0144skiego - Prymasa Tysi\u0105clecia Uroczysto\u015b\u0107 rozpocz\u0119cia roku szkolnego 2023\/2024 odb\u0119dzie si\u0119 4 wrze\u015bnia 2023 roku na podw\u00f3rku przed szko\u0142\u0105, O godzinie 9.00 \u2013 dla dzieci z oddzia\u0142u przedszkolnego i uczni\u00f3w klas I-III O godzinie 10.00 \u2013 dla uczni\u00f3w klas\" \/>\n\t\t<meta property=\"og:url\" content=\"https:\/\/www.spkatarzyna.pl\/index.php\/2023\/08\/24\/rozpoczecie-roku-szkolnego-2023-2024\/\" \/>\n\t\t<meta property=\"article:published_time\" content=\"2023-08-24T12:35:47+00:00\" \/>\n\t\t<meta property=\"article:modified_time\" content=\"2023-09-01T17:53:51+00:00\" \/>\n\t\t<meta name=\"twitter:card\" content=\"summary_large_image\" \/>\n\t\t<meta name=\"twitter:title\" content=\"Uroczyste rozpocz\u0119cie roku szkolnego - SP Katarzyna\" \/>\n\t\t<meta name=\"twitter:description\" content=\"Organizacja rozpocz\u0119cia roku szkolnego 2023\/2024 w Publicznej Szkole Podstawowej w \u015aw. Katarzynie im. Stefana Kardyna\u0142a Wyszy\u0144skiego - Prymasa Tysi\u0105clecia Uroczysto\u015b\u0107 rozpocz\u0119cia roku szkolnego 2023\/2024 odb\u0119dzie si\u0119 4 wrze\u015bnia 2023 roku na podw\u00f3rku przed szko\u0142\u0105, O godzinie 9.00 \u2013 dla dzieci z oddzia\u0142u przedszkolnego i uczni\u00f3w klas I-III O godzinie 10.00 \u2013 dla uczni\u00f3w klas\" \/>\n\t\t<script type=\"application\/ld+json\" class=\"aioseo-schema\">\n\t\t\t{\"@context\":\"https:\\\/\\\/schema.org\",\"@graph\":[{\"@type\":\"BlogPosting\",\"@id\":\"https:\\\/\\\/www.spkatarzyna.pl\\\/index.php\\\/2023\\\/08\\\/24\\\/rozpoczecie-roku-szkolnego-2023-2024\\\/#blogposting\",\"name\":\"Uroczyste rozpocz\\u0119cie roku szkolnego - SP Katarzyna\",\"headline\":\"Uroczyste rozpocz\\u0119cie roku szkolnego\",\"author\":{\"@id\":\"https:\\\/\\\/www.spkatarzyna.pl\\\/index.php\\\/author\\\/agatasafianspkatarzyna-pl\\\/#author\"},\"publisher\":{\"@id\":\"https:\\\/\\\/www.spkatarzyna.pl\\\/#organization\"},\"image\":{\"@type\":\"ImageObject\",\"url\":\"https:\\\/\\\/www.spkatarzyna.pl\\\/wp-content\\\/uploads\\\/2023\\\/08\\\/szkola-1.jpg\",\"width\":360,\"height\":202},\"datePublished\":\"2023-08-24T12:35:47+02:00\",\"dateModified\":\"2023-09-01T17:53:51+02:00\",\"inLanguage\":\"pl-PL\",\"mainEntityOfPage\":{\"@id\":\"https:\\\/\\\/www.spkatarzyna.pl\\\/index.php\\\/2023\\\/08\\\/24\\\/rozpoczecie-roku-szkolnego-2023-2024\\\/#webpage\"},\"isPartOf\":{\"@id\":\"https:\\\/\\\/www.spkatarzyna.pl\\\/index.php\\\/2023\\\/08\\\/24\\\/rozpoczecie-roku-szkolnego-2023-2024\\\/#webpage\"},\"articleSection\":\"Uncategorized\"},{\"@type\":\"BreadcrumbList\",\"@id\":\"https:\\\/\\\/www.spkatarzyna.pl\\\/index.php\\\/2023\\\/08\\\/24\\\/rozpoczecie-roku-szkolnego-2023-2024\\\/#breadcrumblist\",\"itemListElement\":[{\"@type\":\"ListItem\",\"@id\":\"https:\\\/\\\/www.spkatarzyna.pl#listItem\",\"position\":1,\"name\":\"Dom\",\"item\":\"https:\\\/\\\/www.spkatarzyna.pl\",\"nextItem\":{\"@type\":\"ListItem\",\"@id\":\"https:\\\/\\\/www.spkatarzyna.pl\\\/index.php\\\/category\\\/uncategorized\\\/#listItem\",\"name\":\"Uncategorized\"}},{\"@type\":\"ListItem\",\"@id\":\"https:\\\/\\\/www.spkatarzyna.pl\\\/index.php\\\/category\\\/uncategorized\\\/#listItem\",\"position\":2,\"name\":\"Uncategorized\",\"item\":\"https:\\\/\\\/www.spkatarzyna.pl\\\/index.php\\\/category\\\/uncategorized\\\/\",\"nextItem\":{\"@type\":\"ListItem\",\"@id\":\"https:\\\/\\\/www.spkatarzyna.pl\\\/index.php\\\/2023\\\/08\\\/24\\\/rozpoczecie-roku-szkolnego-2023-2024\\\/#listItem\",\"name\":\"Uroczyste rozpocz\\u0119cie roku szkolnego\"},\"previousItem\":{\"@type\":\"ListItem\",\"@id\":\"https:\\\/\\\/www.spkatarzyna.pl#listItem\",\"name\":\"Dom\"}},{\"@type\":\"ListItem\",\"@id\":\"https:\\\/\\\/www.spkatarzyna.pl\\\/index.php\\\/2023\\\/08\\\/24\\\/rozpoczecie-roku-szkolnego-2023-2024\\\/#listItem\",\"position\":3,\"name\":\"Uroczyste rozpocz\\u0119cie roku szkolnego\",\"previousItem\":{\"@type\":\"ListItem\",\"@id\":\"https:\\\/\\\/www.spkatarzyna.pl\\\/index.php\\\/category\\\/uncategorized\\\/#listItem\",\"name\":\"Uncategorized\"}}]},{\"@type\":\"Organization\",\"@id\":\"https:\\\/\\\/www.spkatarzyna.pl\\\/#organization\",\"name\":\"SP Katarzyna\",\"description\":\"Publiczna Szko\\u0142a Podstawowa w \\u015awi\\u0119tej Katarzynie\",\"url\":\"https:\\\/\\\/www.spkatarzyna.pl\\\/\",\"telephone\":\"+48713116378\",\"sameAs\":[\"https:\\\/\\\/facebook.com\\\/\",\"https:\\\/\\\/x.com\\\/\",\"https:\\\/\\\/instagram.com\\\/\",\"https:\\\/\\\/pinterest.com\\\/\",\"https:\\\/\\\/youtube.com\\\/\",\"https:\\\/\\\/linkedin.com\\\/in\\\/\"]},{\"@type\":\"Person\",\"@id\":\"https:\\\/\\\/www.spkatarzyna.pl\\\/index.php\\\/author\\\/agatasafianspkatarzyna-pl\\\/#author\",\"url\":\"https:\\\/\\\/www.spkatarzyna.pl\\\/index.php\\\/author\\\/agatasafianspkatarzyna-pl\\\/\",\"name\":\"Redakcja\",\"image\":{\"@type\":\"ImageObject\",\"@id\":\"https:\\\/\\\/www.spkatarzyna.pl\\\/index.php\\\/2023\\\/08\\\/24\\\/rozpoczecie-roku-szkolnego-2023-2024\\\/#authorImage\",\"url\":\"https:\\\/\\\/secure.gravatar.com\\\/avatar\\\/765290513df94d442152250e92b42327?s=96&d=mm&r=g\",\"width\":96,\"height\":96,\"caption\":\"Redakcja\"}},{\"@type\":\"WebPage\",\"@id\":\"https:\\\/\\\/www.spkatarzyna.pl\\\/index.php\\\/2023\\\/08\\\/24\\\/rozpoczecie-roku-szkolnego-2023-2024\\\/#webpage\",\"url\":\"https:\\\/\\\/www.spkatarzyna.pl\\\/index.php\\\/2023\\\/08\\\/24\\\/rozpoczecie-roku-szkolnego-2023-2024\\\/\",\"name\":\"Uroczyste rozpocz\\u0119cie roku szkolnego - SP Katarzyna\",\"description\":\"Organizacja rozpocz\\u0119cia roku szkolnego 2023\\\/2024 w Publicznej Szkole Podstawowej w \\u015aw. Katarzynie im. Stefana Kardyna\\u0142a Wyszy\\u0144skiego - Prymasa Tysi\\u0105clecia Uroczysto\\u015b\\u0107 rozpocz\\u0119cia roku szkolnego 2023\\\/2024 odb\\u0119dzie si\\u0119 4 wrze\\u015bnia 2023 roku na podw\\u00f3rku przed szko\\u0142\\u0105, O godzinie 9.00 \\u2013 dla dzieci z oddzia\\u0142u przedszkolnego i uczni\\u00f3w klas I-III O godzinie 10.00 \\u2013 dla uczni\\u00f3w klas\",\"inLanguage\":\"pl-PL\",\"isPartOf\":{\"@id\":\"https:\\\/\\\/www.spkatarzyna.pl\\\/#website\"},\"breadcrumb\":{\"@id\":\"https:\\\/\\\/www.spkatarzyna.pl\\\/index.php\\\/2023\\\/08\\\/24\\\/rozpoczecie-roku-szkolnego-2023-2024\\\/#breadcrumblist\"},\"author\":{\"@id\":\"https:\\\/\\\/www.spkatarzyna.pl\\\/index.php\\\/author\\\/agatasafianspkatarzyna-pl\\\/#author\"},\"creator\":{\"@id\":\"https:\\\/\\\/www.spkatarzyna.pl\\\/index.php\\\/author\\\/agatasafianspkatarzyna-pl\\\/#author\"},\"image\":{\"@type\":\"ImageObject\",\"url\":\"https:\\\/\\\/www.spkatarzyna.pl\\\/wp-content\\\/uploads\\\/2023\\\/08\\\/szkola-1.jpg\",\"@id\":\"https:\\\/\\\/www.spkatarzyna.pl\\\/index.php\\\/2023\\\/08\\\/24\\\/rozpoczecie-roku-szkolnego-2023-2024\\\/#mainImage\",\"width\":360,\"height\":202},\"primaryImageOfPage\":{\"@id\":\"https:\\\/\\\/www.spkatarzyna.pl\\\/index.php\\\/2023\\\/08\\\/24\\\/rozpoczecie-roku-szkolnego-2023-2024\\\/#mainImage\"},\"datePublished\":\"2023-08-24T12:35:47+02:00\",\"dateModified\":\"2023-09-01T17:53:51+02:00\"},{\"@type\":\"WebSite\",\"@id\":\"https:\\\/\\\/www.spkatarzyna.pl\\\/#website\",\"url\":\"https:\\\/\\\/www.spkatarzyna.pl\\\/\",\"name\":\"SP Katarzyna\",\"description\":\"Publiczna Szko\\u0142a Podstawowa w \\u015awi\\u0119tej Katarzynie\",\"inLanguage\":\"pl-PL\",\"publisher\":{\"@id\":\"https:\\\/\\\/www.spkatarzyna.pl\\\/#organization\"}}]}\n\t\t<\/script>\n\t\t<!-- All in One SEO -->\n\n","aioseo_head_json":{"title":"Uroczyste rozpocz\u0119cie roku szkolnego - SP Katarzyna","description":"Organizacja rozpocz\u0119cia roku szkolnego 2023\/2024 w Publicznej Szkole Podstawowej w \u015aw. Katarzynie im. Stefana Kardyna\u0142a Wyszy\u0144skiego - Prymasa Tysi\u0105clecia Uroczysto\u015b\u0107 rozpocz\u0119cia roku szkolnego 2023\/2024 odb\u0119dzie si\u0119 4 wrze\u015bnia 2023 roku na podw\u00f3rku przed szko\u0142\u0105, O godzinie 9.00 \u2013 dla dzieci z oddzia\u0142u przedszkolnego i uczni\u00f3w klas I-III O godzinie 10.00 \u2013 dla uczni\u00f3w klas","canonical_url":"https:\/\/www.spkatarzyna.pl\/index.php\/2023\/08\/24\/rozpoczecie-roku-szkolnego-2023-2024\/","robots":"max-image-preview:large","keywords":"","webmasterTools":{"miscellaneous":""},"schema":{"@context":"https:\/\/schema.org","@graph":[{"@type":"BlogPosting","@id":"https:\/\/www.spkatarzyna.pl\/index.php\/2023\/08\/24\/rozpoczecie-roku-szkolnego-2023-2024\/#blogposting","name":"Uroczyste rozpocz\u0119cie roku szkolnego - SP Katarzyna","headline":"Uroczyste rozpocz\u0119cie roku szkolnego","author":{"@id":"https:\/\/www.spkatarzyna.pl\/index.php\/author\/agatasafianspkatarzyna-pl\/#author"},"publisher":{"@id":"https:\/\/www.spkatarzyna.pl\/#organization"},"image":{"@type":"ImageObject","url":"https:\/\/www.spkatarzyna.pl\/wp-content\/uploads\/2023\/08\/szkola-1.jpg","width":360,"height":202},"datePublished":"2023-08-24T12:35:47+02:00","dateModified":"2023-09-01T17:53:51+02:00","inLanguage":"pl-PL","mainEntityOfPage":{"@id":"https:\/\/www.spkatarzyna.pl\/index.php\/2023\/08\/24\/rozpoczecie-roku-szkolnego-2023-2024\/#webpage"},"isPartOf":{"@id":"https:\/\/www.spkatarzyna.pl\/index.php\/2023\/08\/24\/rozpoczecie-roku-szkolnego-2023-2024\/#webpage"},"articleSection":"Uncategorized"},{"@type":"BreadcrumbList","@id":"https:\/\/www.spkatarzyna.pl\/index.php\/2023\/08\/24\/rozpoczecie-roku-szkolnego-2023-2024\/#breadcrumblist","itemListElement":[{"@type":"ListItem","@id":"https:\/\/www.spkatarzyna.pl#listItem","position":1,"name":"Dom","item":"https:\/\/www.spkatarzyna.pl","nextItem":{"@type":"ListItem","@id":"https:\/\/www.spkatarzyna.pl\/index.php\/category\/uncategorized\/#listItem","name":"Uncategorized"}},{"@type":"ListItem","@id":"https:\/\/www.spkatarzyna.pl\/index.php\/category\/uncategorized\/#listItem","position":2,"name":"Uncategorized","item":"https:\/\/www.spkatarzyna.pl\/index.php\/category\/uncategorized\/","nextItem":{"@type":"ListItem","@id":"https:\/\/www.spkatarzyna.pl\/index.php\/2023\/08\/24\/rozpoczecie-roku-szkolnego-2023-2024\/#listItem","name":"Uroczyste rozpocz\u0119cie roku szkolnego"},"previousItem":{"@type":"ListItem","@id":"https:\/\/www.spkatarzyna.pl#listItem","name":"Dom"}},{"@type":"ListItem","@id":"https:\/\/www.spkatarzyna.pl\/index.php\/2023\/08\/24\/rozpoczecie-roku-szkolnego-2023-2024\/#listItem","position":3,"name":"Uroczyste rozpocz\u0119cie roku szkolnego","previousItem":{"@type":"ListItem","@id":"https:\/\/www.spkatarzyna.pl\/index.php\/category\/uncategorized\/#listItem","name":"Uncategorized"}}]},{"@type":"Organization","@id":"https:\/\/www.spkatarzyna.pl\/#organization","name":"SP Katarzyna","description":"Publiczna Szko\u0142a Podstawowa w \u015awi\u0119tej Katarzynie","url":"https:\/\/www.spkatarzyna.pl\/","telephone":"+48713116378","sameAs":["https:\/\/facebook.com\/","https:\/\/x.com\/","https:\/\/instagram.com\/","https:\/\/pinterest.com\/","https:\/\/youtube.com\/","https:\/\/linkedin.com\/in\/"]},{"@type":"Person","@id":"https:\/\/www.spkatarzyna.pl\/index.php\/author\/agatasafianspkatarzyna-pl\/#author","url":"https:\/\/www.spkatarzyna.pl\/index.php\/author\/agatasafianspkatarzyna-pl\/","name":"Redakcja","image":{"@type":"ImageObject","@id":"https:\/\/www.spkatarzyna.pl\/index.php\/2023\/08\/24\/rozpoczecie-roku-szkolnego-2023-2024\/#authorImage","url":"https:\/\/secure.gravatar.com\/avatar\/765290513df94d442152250e92b42327?s=96&d=mm&r=g","width":96,"height":96,"caption":"Redakcja"}},{"@type":"WebPage","@id":"https:\/\/www.spkatarzyna.pl\/index.php\/2023\/08\/24\/rozpoczecie-roku-szkolnego-2023-2024\/#webpage","url":"https:\/\/www.spkatarzyna.pl\/index.php\/2023\/08\/24\/rozpoczecie-roku-szkolnego-2023-2024\/","name":"Uroczyste rozpocz\u0119cie roku szkolnego - SP Katarzyna","description":"Organizacja rozpocz\u0119cia roku szkolnego 2023\/2024 w Publicznej Szkole Podstawowej w \u015aw. Katarzynie im. Stefana Kardyna\u0142a Wyszy\u0144skiego - Prymasa Tysi\u0105clecia Uroczysto\u015b\u0107 rozpocz\u0119cia roku szkolnego 2023\/2024 odb\u0119dzie si\u0119 4 wrze\u015bnia 2023 roku na podw\u00f3rku przed szko\u0142\u0105, O godzinie 9.00 \u2013 dla dzieci z oddzia\u0142u przedszkolnego i uczni\u00f3w klas I-III O godzinie 10.00 \u2013 dla uczni\u00f3w klas","inLanguage":"pl-PL","isPartOf":{"@id":"https:\/\/www.spkatarzyna.pl\/#website"},"breadcrumb":{"@id":"https:\/\/www.spkatarzyna.pl\/index.php\/2023\/08\/24\/rozpoczecie-roku-szkolnego-2023-2024\/#breadcrumblist"},"author":{"@id":"https:\/\/www.spkatarzyna.pl\/index.php\/author\/agatasafianspkatarzyna-pl\/#author"},"creator":{"@id":"https:\/\/www.spkatarzyna.pl\/index.php\/author\/agatasafianspkatarzyna-pl\/#author"},"image":{"@type":"ImageObject","url":"https:\/\/www.spkatarzyna.pl\/wp-content\/uploads\/2023\/08\/szkola-1.jpg","@id":"https:\/\/www.spkatarzyna.pl\/index.php\/2023\/08\/24\/rozpoczecie-roku-szkolnego-2023-2024\/#mainImage","width":360,"height":202},"primaryImageOfPage":{"@id":"https:\/\/www.spkatarzyna.pl\/index.php\/2023\/08\/24\/rozpoczecie-roku-szkolnego-2023-2024\/#mainImage"},"datePublished":"2023-08-24T12:35:47+02:00","dateModified":"2023-09-01T17:53:51+02:00"},{"@type":"WebSite","@id":"https:\/\/www.spkatarzyna.pl\/#website","url":"https:\/\/www.spkatarzyna.pl\/","name":"SP Katarzyna","description":"Publiczna Szko\u0142a Podstawowa w \u015awi\u0119tej Katarzynie","inLanguage":"pl-PL","publisher":{"@id":"https:\/\/www.spkatarzyna.pl\/#organization"}}]},"og:locale":"pl_PL","og:site_name":"SP Katarzyna - Publiczna Szko\u0142a Podstawowa w \u015awi\u0119tej Katarzynie","og:type":"article","og:title":"Uroczyste rozpocz\u0119cie roku szkolnego - SP Katarzyna","og:description":"Organizacja rozpocz\u0119cia roku szkolnego 2023\/2024 w Publicznej Szkole Podstawowej w \u015aw. Katarzynie im. Stefana Kardyna\u0142a Wyszy\u0144skiego - Prymasa Tysi\u0105clecia Uroczysto\u015b\u0107 rozpocz\u0119cia roku szkolnego 2023\/2024 odb\u0119dzie si\u0119 4 wrze\u015bnia 2023 roku na podw\u00f3rku przed szko\u0142\u0105, O godzinie 9.00 \u2013 dla dzieci z oddzia\u0142u przedszkolnego i uczni\u00f3w klas I-III O godzinie 10.00 \u2013 dla uczni\u00f3w klas","og:url":"https:\/\/www.spkatarzyna.pl\/index.php\/2023\/08\/24\/rozpoczecie-roku-szkolnego-2023-2024\/","article:published_time":"2023-08-24T12:35:47+00:00","article:modified_time":"2023-09-01T17:53:51+00:00","twitter:card":"summary_large_image","twitter:title":"Uroczyste rozpocz\u0119cie roku szkolnego - SP Katarzyna","twitter:description":"Organizacja rozpocz\u0119cia roku szkolnego 2023\/2024 w Publicznej Szkole Podstawowej w \u015aw. Katarzynie im. Stefana Kardyna\u0142a Wyszy\u0144skiego - Prymasa Tysi\u0105clecia Uroczysto\u015b\u0107 rozpocz\u0119cia roku szkolnego 2023\/2024 odb\u0119dzie si\u0119 4 wrze\u015bnia 2023 roku na podw\u00f3rku przed szko\u0142\u0105, O godzinie 9.00 \u2013 dla dzieci z oddzia\u0142u przedszkolnego i uczni\u00f3w klas I-III O godzinie 10.00 \u2013 dla uczni\u00f3w klas"},"aioseo_meta_data":{"post_id":"5906","title":null,"description":null,"keywords":null,"keyphrases":null,"primary_term":null,"canonical_url":null,"og_title":null,"og_description":null,"og_object_type":"default","og_image_type":"default","og_image_url":null,"og_image_width":null,"og_image_height":null,"og_image_custom_url":null,"og_image_custom_fields":null,"og_video":null,"og_custom_url":null,"og_article_section":null,"og_article_tags":null,"twitter_use_og":false,"twitter_card":"default","twitter_image_type":"default","twitter_image_url":null,"twitter_image_custom_url":null,"twitter_image_custom_fields":null,"twitter_title":null,"twitter_description":null,"schema":{"blockGraphs":[],"customGraphs":[],"default":{"data":{"Article":[],"Course":[],"Dataset":[],"FAQPage":[],"Movie":[],"Person":[],"Product":[],"ProductReview":[],"Car":[],"Recipe":[],"Service":[],"SoftwareApplication":[],"WebPage":[]},"graphName":"","isEnabled":true},"graphs":[]},"schema_type":"default","schema_type_options":null,"pillar_content":false,"robots_default":true,"robots_noindex":false,"robots_noarchive":false,"robots_nosnippet":false,"robots_nofollow":false,"robots_noimageindex":false,"robots_noodp":false,"robots_notranslate":false,"robots_max_snippet":null,"robots_max_videopreview":null,"robots_max_imagepreview":"large","priority":null,"frequency":null,"local_seo":null,"limit_modified_date":false,"created":"2024-04-03 08:19:17","updated":"2026-09-03 14:40:06","focus_keyword":null,"additional_keywords":null,"truseo_locale":null,"ai":null,"breadcrumb_settings":null,"seo_analyzer_scan_date":null},"aioseo_breadcrumb":"<div class=\"aioseo-breadcrumbs\"><span class=\"aioseo-breadcrumb\">\n\t\t\t<a href=\"https:\/\/www.spkatarzyna.pl\" title=\"Dom\">Dom<\/a>\n\t\t<\/span><span class=\"aioseo-breadcrumb-separator\">&raquo;<\/span><span class=\"aioseo-breadcrumb\">\n\t\t\t<a href=\"https:\/\/www.spkatarzyna.pl\/index.php\/category\/uncategorized\/\" title=\"Uncategorized\">Uncategorized<\/a>\n\t\t<\/span><span class=\"aioseo-breadcrumb-separator\">&raquo;<\/span><span class=\"aioseo-breadcrumb\">\n\t\t\tUroczyste rozpocz\u0119cie roku szkolnego\n\t\t<\/span><\/div>","aioseo_breadcrumb_json":[{"label":"Dom","link":"https:\/\/www.spkatarzyna.pl"},{"label":"Uncategorized","link":"https:\/\/www.spkatarzyna.pl\/index.php\/category\/uncategorized\/"},{"label":"Uroczyste rozpocz\u0119cie roku szkolnego","link":"https:\/\/www.spkatarzyna.pl\/index.php\/2023\/08\/24\/rozpoczecie-roku-szkolnego-2023-2024\/"}],"_links":{"self":[{"href":"https:\/\/www.spkatarzyna.pl\/index.php\/wp-json\/wp\/v2\/posts\/5906","targetHints":{"allow":["GET"]}}],"collection":[{"href":"https:\/\/www.spkatarzyna.pl\/index.php\/wp-json\/wp\/v2\/posts"}],"about":[{"href":"https:\/\/www.spkatarzyna.pl\/index.php\/wp-json\/wp\/v2\/types\/post"}],"author":[{"embeddable":true,"href":"https:\/\/www.spkatarzyna.pl\/index.php\/wp-json\/wp\/v2\/users\/6"}],"replies":[{"embeddable":true,"href":"https:\/\/www.spkatarzyna.pl\/index.php\/wp-json\/wp\/v2\/comments?post=5906"}],"version-history":[{"count":9,"href":"https:\/\/www.spkatarzyna.pl\/index.php\/wp-json\/wp\/v2\/posts\/5906\/revisions"}],"predecessor-version":[{"id":5953,"href":"https:\/\/www.spkatarzyna.pl\/index.php\/wp-json\/wp\/v2\/posts\/5906\/revisions\/5953"}],"wp:featuredmedia":[{"embeddable":true,"href":"https:\/\/www.spkatarzyna.pl\/index.php\/wp-json\/wp\/v2\/media\/5908"}],"wp:attachment":[{"href":"https:\/\/www.spkatarzyna.pl\/index.php\/wp-json\/wp\/v2\/media?parent=5906"}],"wp:term":[{"taxonomy":"category","embeddable":true,"href":"https:\/\/www.spkatarzyna.pl\/index.php\/wp-json\/wp\/v2\/categories?post=5906"},{"taxonomy":"post_tag","embeddable":true,"href":"https:\/\/www.spkatarzyna.pl\/index.php\/wp-json\/wp\/v2\/tags?post=5906"}],"curies":[{"name":"wp","href":"https:\/\/api.w.org\/{rel}","templated":true}]}}