{"id":5934,"date":"2023-08-25T13:21:35","date_gmt":"2023-08-25T13:21:35","guid":{"rendered":"http:\/\/www.spkatarzyna.pl\/?p=5934"},"modified":"2023-08-25T13:28:21","modified_gmt":"2023-08-25T13:28:21","slug":"dzien-otwarty-w-oddziale-przedszkolnym","status":"publish","type":"post","link":"https:\/\/www.spkatarzyna.pl\/index.php\/2023\/08\/25\/dzien-otwarty-w-oddziale-przedszkolnym\/","title":{"rendered":"Dzie\u0144 Otwarty w oddziale przedszkolnym"},"content":{"rendered":"<p style=\"text-align: center;\"><span style=\"color: #000000; font-size: 14pt;\">Zapraszamy na <strong>\u201eDzie\u0144 otwarty\u201d w oddziale przedszkolnym<\/strong> naszej szko\u0142y<\/span><\/p>\n<p style=\"text-align: center;\"><span style=\"color: #000000; font-size: 14pt;\">w dniu <strong>30 sierpnia 2023 r.<\/strong> \u2013 \u015broda- w godzinach 10.00 \u2013 12.00 w sali 106.<\/span><\/p>\n<p style=\"text-align: center;\"><span style=\"color: #000000; font-size: 14pt;\">Udzielimy Pa\u0144stwu og\u00f3lnych informacji dotycz\u0105cych funkcjonowania i organizacji zer\u00f3wki , wyprawki, obiad\u00f3w.<\/span><\/p>\n<p style=\"text-align: center;\"><span style=\"color: #000000; font-size: 14pt;\">Szczeg\u00f3\u0142owe informacje przeka\u017cemy na zebraniu we wrze\u015bniu.&nbsp;<\/span><\/p>\n<p style=\"text-align: right;\"><span style=\"color: #000000; font-size: 14pt;\">&nbsp;z wyrazami szacunku&nbsp;<\/span><\/p>\n<p style=\"text-align: right;\"><span style=\"color: #000000; font-size: 14pt;\">Maria Babicka &#8211;&nbsp; wicedyrektor szko\u0142y<\/span><\/p>\n","protected":false},"excerpt":{"rendered":"<p>Zapraszamy na \u201eDzie\u0144 otwarty\u201d w oddziale przedszkolnym naszej szko\u0142y w dniu 30 sierpnia 2023 r. \u2013 \u015broda- w godzinach 10.00 \u2013 12.00 w sali 106. Udzielimy Pa\u0144stwu og\u00f3lnych informacji dotycz\u0105cych funkcjonowania i organizacji zer\u00f3wki , wyprawki, obiad\u00f3w. Szczeg\u00f3\u0142owe informacje przeka\u017cemy na zebraniu we wrze\u015bniu.&nbsp; &nbsp;z wyrazami szacunku&nbsp; Maria Babicka &#8211;&nbsp; [&hellip;]<\/p>\n","protected":false},"author":6,"featured_media":5937,"comment_status":"open","ping_status":"open","sticky":false,"template":"","format":"standard","meta":{"om_disable_all_campaigns":false,"_monsterinsights_skip_tracking":false,"ngg_post_thumbnail":0,"footnotes":""},"categories":[1],"tags":[],"class_list":["post-5934","post","type-post","status-publish","format-standard","has-post-thumbnail","hentry","category-uncategorized"],"aioseo_notices":[],"aioseo_head":"\n\t\t<!-- All in One SEO 5.0.1.1 - aioseo.com -->\n\t<meta name=\"description\" content=\"Zapraszamy na \u201eDzie\u0144 otwarty\u201d w oddziale przedszkolnym naszej szko\u0142y w dniu 30 sierpnia 2023 r. \u2013 \u015broda- w godzinach 10.00 \u2013 12.00 w sali 106. Udzielimy Pa\u0144stwu og\u00f3lnych informacji dotycz\u0105cych funkcjonowania i organizacji zer\u00f3wki , wyprawki, obiad\u00f3w. Szczeg\u00f3\u0142owe informacje przeka\u017cemy na zebraniu we wrze\u015bniu. z wyrazami szacunku Maria Babicka - wicedyrektor szko\u0142y\" \/>\n\t<meta name=\"robots\" content=\"max-image-preview:large\" \/>\n\t<meta name=\"author\" content=\"Redakcja\"\/>\n\t<link rel=\"canonical\" href=\"https:\/\/www.spkatarzyna.pl\/index.php\/2023\/08\/25\/dzien-otwarty-w-oddziale-przedszkolnym\/\" \/>\n\t<meta name=\"generator\" content=\"All in One SEO (AIOSEO) 5.0.1.1\" \/>\n\t\t<meta property=\"og:locale\" content=\"pl_PL\" \/>\n\t\t<meta property=\"og:site_name\" content=\"SP Katarzyna - Publiczna Szko\u0142a Podstawowa w \u015awi\u0119tej Katarzynie\" \/>\n\t\t<meta property=\"og:type\" content=\"article\" \/>\n\t\t<meta property=\"og:title\" content=\"Dzie\u0144 Otwarty w oddziale przedszkolnym - SP Katarzyna\" \/>\n\t\t<meta property=\"og:description\" content=\"Zapraszamy na \u201eDzie\u0144 otwarty\u201d w oddziale przedszkolnym naszej szko\u0142y w dniu 30 sierpnia 2023 r. \u2013 \u015broda- w godzinach 10.00 \u2013 12.00 w sali 106. Udzielimy Pa\u0144stwu og\u00f3lnych informacji dotycz\u0105cych funkcjonowania i organizacji zer\u00f3wki , wyprawki, obiad\u00f3w. Szczeg\u00f3\u0142owe informacje przeka\u017cemy na zebraniu we wrze\u015bniu. z wyrazami szacunku Maria Babicka - wicedyrektor szko\u0142y\" \/>\n\t\t<meta property=\"og:url\" content=\"https:\/\/www.spkatarzyna.pl\/index.php\/2023\/08\/25\/dzien-otwarty-w-oddziale-przedszkolnym\/\" \/>\n\t\t<meta property=\"article:published_time\" content=\"2023-08-25T13:21:35+00:00\" \/>\n\t\t<meta property=\"article:modified_time\" content=\"2023-08-25T13:28:21+00:00\" \/>\n\t\t<meta name=\"twitter:card\" content=\"summary_large_image\" \/>\n\t\t<meta name=\"twitter:title\" content=\"Dzie\u0144 Otwarty w oddziale przedszkolnym - SP Katarzyna\" \/>\n\t\t<meta name=\"twitter:description\" content=\"Zapraszamy na \u201eDzie\u0144 otwarty\u201d w oddziale przedszkolnym naszej szko\u0142y w dniu 30 sierpnia 2023 r. \u2013 \u015broda- w godzinach 10.00 \u2013 12.00 w sali 106. Udzielimy Pa\u0144stwu og\u00f3lnych informacji dotycz\u0105cych funkcjonowania i organizacji zer\u00f3wki , wyprawki, obiad\u00f3w. Szczeg\u00f3\u0142owe informacje przeka\u017cemy na zebraniu we wrze\u015bniu. z wyrazami szacunku Maria Babicka - wicedyrektor szko\u0142y\" \/>\n\t\t<script type=\"application\/ld+json\" class=\"aioseo-schema\">\n\t\t\t{\"@context\":\"https:\\\/\\\/schema.org\",\"@graph\":[{\"@type\":\"BlogPosting\",\"@id\":\"https:\\\/\\\/www.spkatarzyna.pl\\\/index.php\\\/2023\\\/08\\\/25\\\/dzien-otwarty-w-oddziale-przedszkolnym\\\/#blogposting\",\"name\":\"Dzie\\u0144 Otwarty w oddziale przedszkolnym - SP Katarzyna\",\"headline\":\"Dzie\\u0144 Otwarty w oddziale przedszkolnym\",\"author\":{\"@id\":\"https:\\\/\\\/www.spkatarzyna.pl\\\/index.php\\\/author\\\/agatasafianspkatarzyna-pl\\\/#author\"},\"publisher\":{\"@id\":\"https:\\\/\\\/www.spkatarzyna.pl\\\/#organization\"},\"image\":{\"@type\":\"ImageObject\",\"url\":\"https:\\\/\\\/www.spkatarzyna.pl\\\/wp-content\\\/uploads\\\/2023\\\/08\\\/students-3518726_640-2-1.jpg\",\"width\":360,\"height\":202},\"datePublished\":\"2023-08-25T13:21:35+02:00\",\"dateModified\":\"2023-08-25T13:28:21+02:00\",\"inLanguage\":\"pl-PL\",\"mainEntityOfPage\":{\"@id\":\"https:\\\/\\\/www.spkatarzyna.pl\\\/index.php\\\/2023\\\/08\\\/25\\\/dzien-otwarty-w-oddziale-przedszkolnym\\\/#webpage\"},\"isPartOf\":{\"@id\":\"https:\\\/\\\/www.spkatarzyna.pl\\\/index.php\\\/2023\\\/08\\\/25\\\/dzien-otwarty-w-oddziale-przedszkolnym\\\/#webpage\"},\"articleSection\":\"Uncategorized\"},{\"@type\":\"BreadcrumbList\",\"@id\":\"https:\\\/\\\/www.spkatarzyna.pl\\\/index.php\\\/2023\\\/08\\\/25\\\/dzien-otwarty-w-oddziale-przedszkolnym\\\/#breadcrumblist\",\"itemListElement\":[{\"@type\":\"ListItem\",\"@id\":\"https:\\\/\\\/www.spkatarzyna.pl#listItem\",\"position\":1,\"name\":\"Dom\",\"item\":\"https:\\\/\\\/www.spkatarzyna.pl\",\"nextItem\":{\"@type\":\"ListItem\",\"@id\":\"https:\\\/\\\/www.spkatarzyna.pl\\\/index.php\\\/category\\\/uncategorized\\\/#listItem\",\"name\":\"Uncategorized\"}},{\"@type\":\"ListItem\",\"@id\":\"https:\\\/\\\/www.spkatarzyna.pl\\\/index.php\\\/category\\\/uncategorized\\\/#listItem\",\"position\":2,\"name\":\"Uncategorized\",\"item\":\"https:\\\/\\\/www.spkatarzyna.pl\\\/index.php\\\/category\\\/uncategorized\\\/\",\"nextItem\":{\"@type\":\"ListItem\",\"@id\":\"https:\\\/\\\/www.spkatarzyna.pl\\\/index.php\\\/2023\\\/08\\\/25\\\/dzien-otwarty-w-oddziale-przedszkolnym\\\/#listItem\",\"name\":\"Dzie\\u0144 Otwarty w oddziale przedszkolnym\"},\"previousItem\":{\"@type\":\"ListItem\",\"@id\":\"https:\\\/\\\/www.spkatarzyna.pl#listItem\",\"name\":\"Dom\"}},{\"@type\":\"ListItem\",\"@id\":\"https:\\\/\\\/www.spkatarzyna.pl\\\/index.php\\\/2023\\\/08\\\/25\\\/dzien-otwarty-w-oddziale-przedszkolnym\\\/#listItem\",\"position\":3,\"name\":\"Dzie\\u0144 Otwarty w oddziale przedszkolnym\",\"previousItem\":{\"@type\":\"ListItem\",\"@id\":\"https:\\\/\\\/www.spkatarzyna.pl\\\/index.php\\\/category\\\/uncategorized\\\/#listItem\",\"name\":\"Uncategorized\"}}]},{\"@type\":\"Organization\",\"@id\":\"https:\\\/\\\/www.spkatarzyna.pl\\\/#organization\",\"name\":\"SP Katarzyna\",\"description\":\"Publiczna Szko\\u0142a Podstawowa w \\u015awi\\u0119tej Katarzynie\",\"url\":\"https:\\\/\\\/www.spkatarzyna.pl\\\/\",\"telephone\":\"+48713116378\",\"sameAs\":[\"https:\\\/\\\/facebook.com\\\/\",\"https:\\\/\\\/x.com\\\/\",\"https:\\\/\\\/instagram.com\\\/\",\"https:\\\/\\\/pinterest.com\\\/\",\"https:\\\/\\\/youtube.com\\\/\",\"https:\\\/\\\/linkedin.com\\\/in\\\/\"]},{\"@type\":\"Person\",\"@id\":\"https:\\\/\\\/www.spkatarzyna.pl\\\/index.php\\\/author\\\/agatasafianspkatarzyna-pl\\\/#author\",\"url\":\"https:\\\/\\\/www.spkatarzyna.pl\\\/index.php\\\/author\\\/agatasafianspkatarzyna-pl\\\/\",\"name\":\"Redakcja\",\"image\":{\"@type\":\"ImageObject\",\"@id\":\"https:\\\/\\\/www.spkatarzyna.pl\\\/index.php\\\/2023\\\/08\\\/25\\\/dzien-otwarty-w-oddziale-przedszkolnym\\\/#authorImage\",\"url\":\"https:\\\/\\\/secure.gravatar.com\\\/avatar\\\/765290513df94d442152250e92b42327?s=96&d=mm&r=g\",\"width\":96,\"height\":96,\"caption\":\"Redakcja\"}},{\"@type\":\"WebPage\",\"@id\":\"https:\\\/\\\/www.spkatarzyna.pl\\\/index.php\\\/2023\\\/08\\\/25\\\/dzien-otwarty-w-oddziale-przedszkolnym\\\/#webpage\",\"url\":\"https:\\\/\\\/www.spkatarzyna.pl\\\/index.php\\\/2023\\\/08\\\/25\\\/dzien-otwarty-w-oddziale-przedszkolnym\\\/\",\"name\":\"Dzie\\u0144 Otwarty w oddziale przedszkolnym - SP Katarzyna\",\"description\":\"Zapraszamy na \\u201eDzie\\u0144 otwarty\\u201d w oddziale przedszkolnym naszej szko\\u0142y w dniu 30 sierpnia 2023 r. \\u2013 \\u015broda- w godzinach 10.00 \\u2013 12.00 w sali 106. Udzielimy Pa\\u0144stwu og\\u00f3lnych informacji dotycz\\u0105cych funkcjonowania i organizacji zer\\u00f3wki , wyprawki, obiad\\u00f3w. Szczeg\\u00f3\\u0142owe informacje przeka\\u017cemy na zebraniu we wrze\\u015bniu. z wyrazami szacunku Maria Babicka - wicedyrektor szko\\u0142y\",\"inLanguage\":\"pl-PL\",\"isPartOf\":{\"@id\":\"https:\\\/\\\/www.spkatarzyna.pl\\\/#website\"},\"breadcrumb\":{\"@id\":\"https:\\\/\\\/www.spkatarzyna.pl\\\/index.php\\\/2023\\\/08\\\/25\\\/dzien-otwarty-w-oddziale-przedszkolnym\\\/#breadcrumblist\"},\"author\":{\"@id\":\"https:\\\/\\\/www.spkatarzyna.pl\\\/index.php\\\/author\\\/agatasafianspkatarzyna-pl\\\/#author\"},\"creator\":{\"@id\":\"https:\\\/\\\/www.spkatarzyna.pl\\\/index.php\\\/author\\\/agatasafianspkatarzyna-pl\\\/#author\"},\"image\":{\"@type\":\"ImageObject\",\"url\":\"https:\\\/\\\/www.spkatarzyna.pl\\\/wp-content\\\/uploads\\\/2023\\\/08\\\/students-3518726_640-2-1.jpg\",\"@id\":\"https:\\\/\\\/www.spkatarzyna.pl\\\/index.php\\\/2023\\\/08\\\/25\\\/dzien-otwarty-w-oddziale-przedszkolnym\\\/#mainImage\",\"width\":360,\"height\":202},\"primaryImageOfPage\":{\"@id\":\"https:\\\/\\\/www.spkatarzyna.pl\\\/index.php\\\/2023\\\/08\\\/25\\\/dzien-otwarty-w-oddziale-przedszkolnym\\\/#mainImage\"},\"datePublished\":\"2023-08-25T13:21:35+02:00\",\"dateModified\":\"2023-08-25T13:28:21+02:00\"},{\"@type\":\"WebSite\",\"@id\":\"https:\\\/\\\/www.spkatarzyna.pl\\\/#website\",\"url\":\"https:\\\/\\\/www.spkatarzyna.pl\\\/\",\"name\":\"SP Katarzyna\",\"description\":\"Publiczna Szko\\u0142a Podstawowa w \\u015awi\\u0119tej Katarzynie\",\"inLanguage\":\"pl-PL\",\"publisher\":{\"@id\":\"https:\\\/\\\/www.spkatarzyna.pl\\\/#organization\"}}]}\n\t\t<\/script>\n\t\t<!-- All in One SEO -->\n\n","aioseo_head_json":{"title":"Dzie\u0144 Otwarty w oddziale przedszkolnym - SP Katarzyna","description":"Zapraszamy na \u201eDzie\u0144 otwarty\u201d w oddziale przedszkolnym naszej szko\u0142y w dniu 30 sierpnia 2023 r. \u2013 \u015broda- w godzinach 10.00 \u2013 12.00 w sali 106. Udzielimy Pa\u0144stwu og\u00f3lnych informacji dotycz\u0105cych funkcjonowania i organizacji zer\u00f3wki , wyprawki, obiad\u00f3w. Szczeg\u00f3\u0142owe informacje przeka\u017cemy na zebraniu we wrze\u015bniu. z wyrazami szacunku Maria Babicka - wicedyrektor szko\u0142y","canonical_url":"https:\/\/www.spkatarzyna.pl\/index.php\/2023\/08\/25\/dzien-otwarty-w-oddziale-przedszkolnym\/","robots":"max-image-preview:large","keywords":"","webmasterTools":{"miscellaneous":""},"schema":{"@context":"https:\/\/schema.org","@graph":[{"@type":"BlogPosting","@id":"https:\/\/www.spkatarzyna.pl\/index.php\/2023\/08\/25\/dzien-otwarty-w-oddziale-przedszkolnym\/#blogposting","name":"Dzie\u0144 Otwarty w oddziale przedszkolnym - SP Katarzyna","headline":"Dzie\u0144 Otwarty w oddziale przedszkolnym","author":{"@id":"https:\/\/www.spkatarzyna.pl\/index.php\/author\/agatasafianspkatarzyna-pl\/#author"},"publisher":{"@id":"https:\/\/www.spkatarzyna.pl\/#organization"},"image":{"@type":"ImageObject","url":"https:\/\/www.spkatarzyna.pl\/wp-content\/uploads\/2023\/08\/students-3518726_640-2-1.jpg","width":360,"height":202},"datePublished":"2023-08-25T13:21:35+02:00","dateModified":"2023-08-25T13:28:21+02:00","inLanguage":"pl-PL","mainEntityOfPage":{"@id":"https:\/\/www.spkatarzyna.pl\/index.php\/2023\/08\/25\/dzien-otwarty-w-oddziale-przedszkolnym\/#webpage"},"isPartOf":{"@id":"https:\/\/www.spkatarzyna.pl\/index.php\/2023\/08\/25\/dzien-otwarty-w-oddziale-przedszkolnym\/#webpage"},"articleSection":"Uncategorized"},{"@type":"BreadcrumbList","@id":"https:\/\/www.spkatarzyna.pl\/index.php\/2023\/08\/25\/dzien-otwarty-w-oddziale-przedszkolnym\/#breadcrumblist","itemListElement":[{"@type":"ListItem","@id":"https:\/\/www.spkatarzyna.pl#listItem","position":1,"name":"Dom","item":"https:\/\/www.spkatarzyna.pl","nextItem":{"@type":"ListItem","@id":"https:\/\/www.spkatarzyna.pl\/index.php\/category\/uncategorized\/#listItem","name":"Uncategorized"}},{"@type":"ListItem","@id":"https:\/\/www.spkatarzyna.pl\/index.php\/category\/uncategorized\/#listItem","position":2,"name":"Uncategorized","item":"https:\/\/www.spkatarzyna.pl\/index.php\/category\/uncategorized\/","nextItem":{"@type":"ListItem","@id":"https:\/\/www.spkatarzyna.pl\/index.php\/2023\/08\/25\/dzien-otwarty-w-oddziale-przedszkolnym\/#listItem","name":"Dzie\u0144 Otwarty w oddziale przedszkolnym"},"previousItem":{"@type":"ListItem","@id":"https:\/\/www.spkatarzyna.pl#listItem","name":"Dom"}},{"@type":"ListItem","@id":"https:\/\/www.spkatarzyna.pl\/index.php\/2023\/08\/25\/dzien-otwarty-w-oddziale-przedszkolnym\/#listItem","position":3,"name":"Dzie\u0144 Otwarty w oddziale przedszkolnym","previousItem":{"@type":"ListItem","@id":"https:\/\/www.spkatarzyna.pl\/index.php\/category\/uncategorized\/#listItem","name":"Uncategorized"}}]},{"@type":"Organization","@id":"https:\/\/www.spkatarzyna.pl\/#organization","name":"SP Katarzyna","description":"Publiczna Szko\u0142a Podstawowa w \u015awi\u0119tej Katarzynie","url":"https:\/\/www.spkatarzyna.pl\/","telephone":"+48713116378","sameAs":["https:\/\/facebook.com\/","https:\/\/x.com\/","https:\/\/instagram.com\/","https:\/\/pinterest.com\/","https:\/\/youtube.com\/","https:\/\/linkedin.com\/in\/"]},{"@type":"Person","@id":"https:\/\/www.spkatarzyna.pl\/index.php\/author\/agatasafianspkatarzyna-pl\/#author","url":"https:\/\/www.spkatarzyna.pl\/index.php\/author\/agatasafianspkatarzyna-pl\/","name":"Redakcja","image":{"@type":"ImageObject","@id":"https:\/\/www.spkatarzyna.pl\/index.php\/2023\/08\/25\/dzien-otwarty-w-oddziale-przedszkolnym\/#authorImage","url":"https:\/\/secure.gravatar.com\/avatar\/765290513df94d442152250e92b42327?s=96&d=mm&r=g","width":96,"height":96,"caption":"Redakcja"}},{"@type":"WebPage","@id":"https:\/\/www.spkatarzyna.pl\/index.php\/2023\/08\/25\/dzien-otwarty-w-oddziale-przedszkolnym\/#webpage","url":"https:\/\/www.spkatarzyna.pl\/index.php\/2023\/08\/25\/dzien-otwarty-w-oddziale-przedszkolnym\/","name":"Dzie\u0144 Otwarty w oddziale przedszkolnym - SP Katarzyna","description":"Zapraszamy na \u201eDzie\u0144 otwarty\u201d w oddziale przedszkolnym naszej szko\u0142y w dniu 30 sierpnia 2023 r. \u2013 \u015broda- w godzinach 10.00 \u2013 12.00 w sali 106. Udzielimy Pa\u0144stwu og\u00f3lnych informacji dotycz\u0105cych funkcjonowania i organizacji zer\u00f3wki , wyprawki, obiad\u00f3w. Szczeg\u00f3\u0142owe informacje przeka\u017cemy na zebraniu we wrze\u015bniu. z wyrazami szacunku Maria Babicka - wicedyrektor szko\u0142y","inLanguage":"pl-PL","isPartOf":{"@id":"https:\/\/www.spkatarzyna.pl\/#website"},"breadcrumb":{"@id":"https:\/\/www.spkatarzyna.pl\/index.php\/2023\/08\/25\/dzien-otwarty-w-oddziale-przedszkolnym\/#breadcrumblist"},"author":{"@id":"https:\/\/www.spkatarzyna.pl\/index.php\/author\/agatasafianspkatarzyna-pl\/#author"},"creator":{"@id":"https:\/\/www.spkatarzyna.pl\/index.php\/author\/agatasafianspkatarzyna-pl\/#author"},"image":{"@type":"ImageObject","url":"https:\/\/www.spkatarzyna.pl\/wp-content\/uploads\/2023\/08\/students-3518726_640-2-1.jpg","@id":"https:\/\/www.spkatarzyna.pl\/index.php\/2023\/08\/25\/dzien-otwarty-w-oddziale-przedszkolnym\/#mainImage","width":360,"height":202},"primaryImageOfPage":{"@id":"https:\/\/www.spkatarzyna.pl\/index.php\/2023\/08\/25\/dzien-otwarty-w-oddziale-przedszkolnym\/#mainImage"},"datePublished":"2023-08-25T13:21:35+02:00","dateModified":"2023-08-25T13:28:21+02:00"},{"@type":"WebSite","@id":"https:\/\/www.spkatarzyna.pl\/#website","url":"https:\/\/www.spkatarzyna.pl\/","name":"SP Katarzyna","description":"Publiczna Szko\u0142a Podstawowa w \u015awi\u0119tej Katarzynie","inLanguage":"pl-PL","publisher":{"@id":"https:\/\/www.spkatarzyna.pl\/#organization"}}]},"og:locale":"pl_PL","og:site_name":"SP Katarzyna - Publiczna Szko\u0142a Podstawowa w \u015awi\u0119tej Katarzynie","og:type":"article","og:title":"Dzie\u0144 Otwarty w oddziale przedszkolnym - SP Katarzyna","og:description":"Zapraszamy na \u201eDzie\u0144 otwarty\u201d w oddziale przedszkolnym naszej szko\u0142y w dniu 30 sierpnia 2023 r. \u2013 \u015broda- w godzinach 10.00 \u2013 12.00 w sali 106. Udzielimy Pa\u0144stwu og\u00f3lnych informacji dotycz\u0105cych funkcjonowania i organizacji zer\u00f3wki , wyprawki, obiad\u00f3w. Szczeg\u00f3\u0142owe informacje przeka\u017cemy na zebraniu we wrze\u015bniu. z wyrazami szacunku Maria Babicka - wicedyrektor szko\u0142y","og:url":"https:\/\/www.spkatarzyna.pl\/index.php\/2023\/08\/25\/dzien-otwarty-w-oddziale-przedszkolnym\/","article:published_time":"2023-08-25T13:21:35+00:00","article:modified_time":"2023-08-25T13:28:21+00:00","twitter:card":"summary_large_image","twitter:title":"Dzie\u0144 Otwarty w oddziale przedszkolnym - SP Katarzyna","twitter:description":"Zapraszamy na \u201eDzie\u0144 otwarty\u201d w oddziale przedszkolnym naszej szko\u0142y w dniu 30 sierpnia 2023 r. \u2013 \u015broda- w godzinach 10.00 \u2013 12.00 w sali 106. Udzielimy Pa\u0144stwu og\u00f3lnych informacji dotycz\u0105cych funkcjonowania i organizacji zer\u00f3wki , wyprawki, obiad\u00f3w. Szczeg\u00f3\u0142owe informacje przeka\u017cemy na zebraniu we wrze\u015bniu. z wyrazami szacunku Maria Babicka - wicedyrektor szko\u0142y"},"aioseo_meta_data":{"post_id":"5934","title":null,"description":null,"keywords":null,"keyphrases":null,"primary_term":null,"canonical_url":null,"og_title":null,"og_description":null,"og_object_type":"default","og_image_type":"default","og_image_url":null,"og_image_width":null,"og_image_height":null,"og_image_custom_url":null,"og_image_custom_fields":null,"og_video":null,"og_custom_url":null,"og_article_section":null,"og_article_tags":null,"twitter_use_og":false,"twitter_card":"default","twitter_image_type":"default","twitter_image_url":null,"twitter_image_custom_url":null,"twitter_image_custom_fields":null,"twitter_title":null,"twitter_description":null,"schema":{"blockGraphs":[],"customGraphs":[],"default":{"data":{"Article":[],"Course":[],"Dataset":[],"FAQPage":[],"Movie":[],"Person":[],"Product":[],"ProductReview":[],"Car":[],"Recipe":[],"Service":[],"SoftwareApplication":[],"WebPage":[]},"graphName":"","isEnabled":true},"graphs":[]},"schema_type":"default","schema_type_options":null,"pillar_content":false,"robots_default":true,"robots_noindex":false,"robots_noarchive":false,"robots_nosnippet":false,"robots_nofollow":false,"robots_noimageindex":false,"robots_noodp":false,"robots_notranslate":false,"robots_max_snippet":null,"robots_max_videopreview":null,"robots_max_imagepreview":"large","priority":null,"frequency":null,"local_seo":null,"limit_modified_date":false,"created":"2024-04-03 08:20:39","updated":"2026-09-03 14:40:06","focus_keyword":null,"additional_keywords":null,"truseo_locale":null,"ai":null,"breadcrumb_settings":null,"seo_analyzer_scan_date":null},"aioseo_breadcrumb":"<div class=\"aioseo-breadcrumbs\"><span class=\"aioseo-breadcrumb\">\n\t\t\t<a href=\"https:\/\/www.spkatarzyna.pl\" title=\"Dom\">Dom<\/a>\n\t\t<\/span><span class=\"aioseo-breadcrumb-separator\">&raquo;<\/span><span class=\"aioseo-breadcrumb\">\n\t\t\t<a href=\"https:\/\/www.spkatarzyna.pl\/index.php\/category\/uncategorized\/\" title=\"Uncategorized\">Uncategorized<\/a>\n\t\t<\/span><span class=\"aioseo-breadcrumb-separator\">&raquo;<\/span><span class=\"aioseo-breadcrumb\">\n\t\t\tDzie\u0144 Otwarty w oddziale przedszkolnym\n\t\t<\/span><\/div>","aioseo_breadcrumb_json":[{"label":"Dom","link":"https:\/\/www.spkatarzyna.pl"},{"label":"Uncategorized","link":"https:\/\/www.spkatarzyna.pl\/index.php\/category\/uncategorized\/"},{"label":"Dzie\u0144 Otwarty w oddziale przedszkolnym","link":"https:\/\/www.spkatarzyna.pl\/index.php\/2023\/08\/25\/dzien-otwarty-w-oddziale-przedszkolnym\/"}],"_links":{"self":[{"href":"https:\/\/www.spkatarzyna.pl\/index.php\/wp-json\/wp\/v2\/posts\/5934","targetHints":{"allow":["GET"]}}],"collection":[{"href":"https:\/\/www.spkatarzyna.pl\/index.php\/wp-json\/wp\/v2\/posts"}],"about":[{"href":"https:\/\/www.spkatarzyna.pl\/index.php\/wp-json\/wp\/v2\/types\/post"}],"author":[{"embeddable":true,"href":"https:\/\/www.spkatarzyna.pl\/index.php\/wp-json\/wp\/v2\/users\/6"}],"replies":[{"embeddable":true,"href":"https:\/\/www.spkatarzyna.pl\/index.php\/wp-json\/wp\/v2\/comments?post=5934"}],"version-history":[{"count":1,"href":"https:\/\/www.spkatarzyna.pl\/index.php\/wp-json\/wp\/v2\/posts\/5934\/revisions"}],"predecessor-version":[{"id":5936,"href":"https:\/\/www.spkatarzyna.pl\/index.php\/wp-json\/wp\/v2\/posts\/5934\/revisions\/5936"}],"wp:featuredmedia":[{"embeddable":true,"href":"https:\/\/www.spkatarzyna.pl\/index.php\/wp-json\/wp\/v2\/media\/5937"}],"wp:attachment":[{"href":"https:\/\/www.spkatarzyna.pl\/index.php\/wp-json\/wp\/v2\/media?parent=5934"}],"wp:term":[{"taxonomy":"category","embeddable":true,"href":"https:\/\/www.spkatarzyna.pl\/index.php\/wp-json\/wp\/v2\/categories?post=5934"},{"taxonomy":"post_tag","embeddable":true,"href":"https:\/\/www.spkatarzyna.pl\/index.php\/wp-json\/wp\/v2\/tags?post=5934"}],"curies":[{"name":"wp","href":"https:\/\/api.w.org\/{rel}","templated":true}]}}