{"id":6510,"date":"2023-10-18T17:50:55","date_gmt":"2023-10-18T17:50:55","guid":{"rendered":"http:\/\/www.spkatarzyna.pl\/?p=6510"},"modified":"2023-10-18T17:54:54","modified_gmt":"2023-10-18T17:54:54","slug":"europejskiej-dzien-przywracania-czynnosci-serca","status":"publish","type":"post","link":"https:\/\/www.spkatarzyna.pl\/index.php\/2023\/10\/18\/europejskiej-dzien-przywracania-czynnosci-serca\/","title":{"rendered":"Dzie\u0144 Przywracania Czynno\u015bci Serca"},"content":{"rendered":"\t\t<div data-elementor-type=\"wp-post\" data-elementor-id=\"6510\" class=\"elementor elementor-6510\">\n\t\t\t\t\t\t<section class=\"elementor-section elementor-top-section elementor-element elementor-element-5519da82 elementor-section-boxed elementor-section-height-default elementor-section-height-default\" data-id=\"5519da82\" data-element_type=\"section\">\n\t\t\t\t\t\t<div class=\"elementor-container elementor-column-gap-default\">\n\t\t\t\t\t<div class=\"elementor-column elementor-col-100 elementor-top-column elementor-element elementor-element-2a9cd2c3\" data-id=\"2a9cd2c3\" data-element_type=\"column\">\n\t\t\t<div class=\"elementor-widget-wrap elementor-element-populated\">\n\t\t\t\t\t\t<div class=\"elementor-element elementor-element-75a64026 elementor-widget elementor-widget-text-editor\" data-id=\"75a64026\" data-element_type=\"widget\" data-widget_type=\"text-editor.default\">\n\t\t\t\t\t\t\t\t\t<p dir=\"ltr\" style=\"text-align: justify;\"><span style=\"font-size: 14pt;\">W dniu 16 pa\u017adziernika obchodzili\u015bmy Europejskiej Dzie\u0144 Przywracania Czynno\u015bci Serca.&nbsp; W zwi\u0105zku z tym, uczniowie ucz\u0119szczaj\u0105cy na \u015bwietlic\u0119 szkoln\u0105 pod okiem pani Magdaleny Zato\u0144 \u0107wiczyli t\u0119 umiej\u0119tno\u015b\u0107 na fantomie.<\/span><\/p>\r\n<p dir=\"ltr\" style=\"text-align: justify;\"><span style=\"font-size: 14pt;\">Celem akcji&nbsp; jest podniesienie umiej\u0119tno\u015bci i wiedzy na temat zasad udzielania pierwszej pomocy w sytuacji nag\u0142ego zatrzymania akcji serca, zanim dotrze karetka. Dzi\u0119ki prawid\u0142owo wykonanemu masa\u017cowi serca, szanse na prze\u017cycie wzrastaj\u0105 do nawet 50%, dlatego wa\u017cne jest, aby ka\u017cdy z nas umia\u0142 go prawid\u0142owo wykona\u0107.<\/span><\/p>\t\t\t\t\t\t\t\t<\/div>\n\t\t\t\t\t<\/div>\n\t\t<\/div>\n\t\t\t\t\t<\/div>\n\t\t<\/section>\n\t\t\t\t<section class=\"elementor-section elementor-top-section elementor-element elementor-element-961b898 elementor-section-boxed elementor-section-height-default elementor-section-height-default\" data-id=\"961b898\" data-element_type=\"section\">\n\t\t\t\t\t\t<div class=\"elementor-container elementor-column-gap-default\">\n\t\t\t\t\t<div class=\"elementor-column elementor-col-100 elementor-top-column elementor-element elementor-element-d314163\" data-id=\"d314163\" data-element_type=\"column\">\n\t\t\t<div class=\"elementor-widget-wrap elementor-element-populated\">\n\t\t\t\t\t\t<div class=\"elementor-element elementor-element-1d7122b elementor-widget elementor-widget-image-gallery\" data-id=\"1d7122b\" data-element_type=\"widget\" data-widget_type=\"image-gallery.default\">\n\t\t\t\t\t\t\t<div class=\"elementor-image-gallery\">\n\t\t\t\n\t\t<div id='gallery-1' class='gallery galleryid-6510 gallery-columns-4 gallery-size-thumbnail gallery1'><script type=\"text\/javascript\">\n\/\/ <![CDATA[\n\tjQuery(document).ready(function () {\n\t\tjQuery(\".gallery1 a\").attr(\"rel\",\"gallery1\");\t\n\t\tjQuery('a[rel=\"gallery1\"]').colorbox({title: function(){ return jQuery(this).children().attr(\"alt\"); }});\n\t});\n\/\/ ]]>\n<\/script>\n<dl class=\"gallery-item\">\n<dt class=\"gallery-icon\">\n<a href=\"https:\/\/www.spkatarzyna.pl\/wp-content\/uploads\/2023\/10\/9f8a43ba-bf7b-45c0-9b6b-ea8ec407f49d-225x300.jpg\" title=\"\" rel=\"gallery1\" rel=\"lightbox[6510]\"><img decoding=\"async\" src=\"https:\/\/www.spkatarzyna.pl\/wp-content\/uploads\/2023\/10\/9f8a43ba-bf7b-45c0-9b6b-ea8ec407f49d-150x150.jpg\" width=\"150\" height=\"150\" alt=\"\" \/><\/a>\n<\/dt><\/dl><dl class=\"gallery-item\">\n<dt class=\"gallery-icon\">\n<a href=\"https:\/\/www.spkatarzyna.pl\/wp-content\/uploads\/2023\/10\/aadfb265-9914-48b9-acc6-12396690a841-300x225.jpg\" title=\"\" rel=\"gallery1\" rel=\"lightbox[6510]\"><img decoding=\"async\" src=\"https:\/\/www.spkatarzyna.pl\/wp-content\/uploads\/2023\/10\/aadfb265-9914-48b9-acc6-12396690a841-150x150.jpg\" width=\"150\" height=\"150\" alt=\"\" \/><\/a>\n<\/dt><\/dl><dl class=\"gallery-item\">\n<dt class=\"gallery-icon\">\n<a href=\"https:\/\/www.spkatarzyna.pl\/wp-content\/uploads\/2023\/10\/1b3a00c5-675a-4efc-9716-003060730181-300x225.jpg\" title=\"\" rel=\"gallery1\" rel=\"lightbox[6510]\"><img decoding=\"async\" src=\"https:\/\/www.spkatarzyna.pl\/wp-content\/uploads\/2023\/10\/1b3a00c5-675a-4efc-9716-003060730181-150x150.jpg\" width=\"150\" height=\"150\" alt=\"\" \/><\/a>\n<\/dt><\/dl><dl class=\"gallery-item\">\n<dt class=\"gallery-icon\">\n<a href=\"https:\/\/www.spkatarzyna.pl\/wp-content\/uploads\/2023\/10\/2233335b-c584-46ca-9104-40eef38152a1-300x225.jpg\" title=\"\" rel=\"gallery1\" rel=\"lightbox[6510]\"><img loading=\"lazy\" decoding=\"async\" src=\"https:\/\/www.spkatarzyna.pl\/wp-content\/uploads\/2023\/10\/2233335b-c584-46ca-9104-40eef38152a1-150x150.jpg\" width=\"150\" height=\"150\" alt=\"\" \/><\/a>\n<\/dt><\/dl><br style=\"clear: both\" \/><dl class=\"gallery-item\">\n<dt class=\"gallery-icon\">\n<a href=\"https:\/\/www.spkatarzyna.pl\/wp-content\/uploads\/2023\/10\/93031315-598b-4090-8669-c1a1f2d82474-300x225.jpg\" title=\"\" rel=\"gallery1\" rel=\"lightbox[6510]\"><img loading=\"lazy\" decoding=\"async\" src=\"https:\/\/www.spkatarzyna.pl\/wp-content\/uploads\/2023\/10\/93031315-598b-4090-8669-c1a1f2d82474-150x150.jpg\" width=\"150\" height=\"150\" alt=\"\" \/><\/a>\n<\/dt><\/dl><dl class=\"gallery-item\">\n<dt class=\"gallery-icon\">\n<a href=\"https:\/\/www.spkatarzyna.pl\/wp-content\/uploads\/2023\/10\/9bd4d56f-7235-4425-befa-b2c37f9f1566-300x225.jpg\" title=\"\" rel=\"gallery1\" rel=\"lightbox[6510]\"><img loading=\"lazy\" decoding=\"async\" src=\"https:\/\/www.spkatarzyna.pl\/wp-content\/uploads\/2023\/10\/9bd4d56f-7235-4425-befa-b2c37f9f1566-150x150.jpg\" width=\"150\" height=\"150\" alt=\"\" \/><\/a>\n<\/dt><\/dl><dl class=\"gallery-item\">\n<dt class=\"gallery-icon\">\n<a href=\"https:\/\/www.spkatarzyna.pl\/wp-content\/uploads\/2023\/10\/8ed8cf1f-a514-40d4-ad7f-e3fc4a7361cc-300x225.jpg\" title=\"\" rel=\"gallery1\" rel=\"lightbox[6510]\"><img loading=\"lazy\" decoding=\"async\" src=\"https:\/\/www.spkatarzyna.pl\/wp-content\/uploads\/2023\/10\/8ed8cf1f-a514-40d4-ad7f-e3fc4a7361cc-150x150.jpg\" width=\"150\" height=\"150\" alt=\"\" \/><\/a>\n<\/dt><\/dl><dl class=\"gallery-item\">\n<dt class=\"gallery-icon\">\n<a href=\"https:\/\/www.spkatarzyna.pl\/wp-content\/uploads\/2023\/10\/669ebd55-926a-4e20-96f3-f25a02c919d2-225x300.jpg\" title=\"\" rel=\"gallery1\" rel=\"lightbox[6510]\"><img loading=\"lazy\" decoding=\"async\" src=\"https:\/\/www.spkatarzyna.pl\/wp-content\/uploads\/2023\/10\/669ebd55-926a-4e20-96f3-f25a02c919d2-150x150.jpg\" width=\"150\" height=\"150\" alt=\"\" \/><\/a>\n<\/dt><\/dl><br style=\"clear: both\" \/><dl class=\"gallery-item\">\n<dt class=\"gallery-icon\">\n<a href=\"https:\/\/www.spkatarzyna.pl\/wp-content\/uploads\/2023\/10\/f5f473dd-c1ee-4126-88c5-9571c0b1c033-300x225.jpg\" title=\"\" rel=\"gallery1\" rel=\"lightbox[6510]\"><img loading=\"lazy\" decoding=\"async\" src=\"https:\/\/www.spkatarzyna.pl\/wp-content\/uploads\/2023\/10\/f5f473dd-c1ee-4126-88c5-9571c0b1c033-150x150.jpg\" width=\"150\" height=\"150\" alt=\"\" \/><\/a>\n<\/dt><\/dl><dl class=\"gallery-item\">\n<dt class=\"gallery-icon\">\n<a href=\"https:\/\/www.spkatarzyna.pl\/wp-content\/uploads\/2023\/10\/53370924-4795-4d10-b971-92899d352685-225x300.jpg\" title=\"\" rel=\"gallery1\" rel=\"lightbox[6510]\"><img loading=\"lazy\" decoding=\"async\" src=\"https:\/\/www.spkatarzyna.pl\/wp-content\/uploads\/2023\/10\/53370924-4795-4d10-b971-92899d352685-150x150.jpg\" width=\"150\" height=\"150\" alt=\"\" \/><\/a>\n<\/dt><\/dl><br style=\"clear: both\" \/><\/div>\t\t<\/div>\n\t\t\t\t\t\t<\/div>\n\t\t\t\t\t<\/div>\n\t\t<\/div>\n\t\t\t\t\t<\/div>\n\t\t<\/section>\n\t\t\t\t<\/div>\n\t\t","protected":false},"excerpt":{"rendered":"<p>W dniu 16 pa\u017adziernika obchodzili\u015bmy Europejskiej Dzie\u0144 Przywracania Czynno\u015bci Serca.&nbsp; W zwi\u0105zku z tym, uczniowie ucz\u0119szczaj\u0105cy na \u015bwietlic\u0119 szkoln\u0105 pod okiem pani Magdaleny Zato\u0144 \u0107wiczyli t\u0119 umiej\u0119tno\u015b\u0107 na fantomie. Celem akcji&nbsp; jest podniesienie umiej\u0119tno\u015bci i wiedzy na temat zasad udzielania pierwszej pomocy w sytuacji nag\u0142ego zatrzymania akcji serca, zanim dotrze [&hellip;]<\/p>\n","protected":false},"author":6,"featured_media":6511,"comment_status":"open","ping_status":"open","sticky":false,"template":"","format":"standard","meta":{"om_disable_all_campaigns":false,"_monsterinsights_skip_tracking":false,"ngg_post_thumbnail":0,"footnotes":""},"categories":[1],"tags":[],"class_list":["post-6510","post","type-post","status-publish","format-standard","has-post-thumbnail","hentry","category-uncategorized"],"aioseo_notices":[],"aioseo_head":"\n\t\t<!-- All in One SEO 5.0.1.1 - aioseo.com -->\n\t<meta name=\"description\" content=\"W dniu 16 pa\u017adziernika obchodzili\u015bmy Europejskiej Dzie\u0144 Przywracania Czynno\u015bci Serca. W zwi\u0105zku z tym, uczniowie ucz\u0119szczaj\u0105cy na \u015bwietlic\u0119 szkoln\u0105 pod okiem pani Magdaleny Zato\u0144 \u0107wiczyli t\u0119 umiej\u0119tno\u015b\u0107 na fantomie. Celem akcji jest podniesienie umiej\u0119tno\u015bci i wiedzy na temat zasad udzielania pierwszej pomocy w sytuacji nag\u0142ego zatrzymania akcji serca, zanim dotrze karetka. Dzi\u0119ki prawid\u0142owo wykonanemu masa\u017cowi\" \/>\n\t<meta name=\"robots\" content=\"max-image-preview:large\" \/>\n\t<meta name=\"author\" content=\"Redakcja\"\/>\n\t<link rel=\"canonical\" href=\"https:\/\/www.spkatarzyna.pl\/index.php\/2023\/10\/18\/europejskiej-dzien-przywracania-czynnosci-serca\/\" \/>\n\t<meta name=\"generator\" content=\"All in One SEO (AIOSEO) 5.0.1.1\" \/>\n\t\t<meta property=\"og:locale\" content=\"pl_PL\" \/>\n\t\t<meta property=\"og:site_name\" content=\"SP Katarzyna - Publiczna Szko\u0142a Podstawowa w \u015awi\u0119tej Katarzynie\" \/>\n\t\t<meta property=\"og:type\" content=\"article\" \/>\n\t\t<meta property=\"og:title\" content=\"Dzie\u0144 Przywracania Czynno\u015bci Serca - SP Katarzyna\" \/>\n\t\t<meta property=\"og:description\" content=\"W dniu 16 pa\u017adziernika obchodzili\u015bmy Europejskiej Dzie\u0144 Przywracania Czynno\u015bci Serca. W zwi\u0105zku z tym, uczniowie ucz\u0119szczaj\u0105cy na \u015bwietlic\u0119 szkoln\u0105 pod okiem pani Magdaleny Zato\u0144 \u0107wiczyli t\u0119 umiej\u0119tno\u015b\u0107 na fantomie. Celem akcji jest podniesienie umiej\u0119tno\u015bci i wiedzy na temat zasad udzielania pierwszej pomocy w sytuacji nag\u0142ego zatrzymania akcji serca, zanim dotrze karetka. Dzi\u0119ki prawid\u0142owo wykonanemu masa\u017cowi\" \/>\n\t\t<meta property=\"og:url\" content=\"https:\/\/www.spkatarzyna.pl\/index.php\/2023\/10\/18\/europejskiej-dzien-przywracania-czynnosci-serca\/\" \/>\n\t\t<meta property=\"article:published_time\" content=\"2023-10-18T17:50:55+00:00\" \/>\n\t\t<meta property=\"article:modified_time\" content=\"2023-10-18T17:54:54+00:00\" \/>\n\t\t<meta name=\"twitter:card\" content=\"summary_large_image\" \/>\n\t\t<meta name=\"twitter:title\" content=\"Dzie\u0144 Przywracania Czynno\u015bci Serca - SP Katarzyna\" \/>\n\t\t<meta name=\"twitter:description\" content=\"W dniu 16 pa\u017adziernika obchodzili\u015bmy Europejskiej Dzie\u0144 Przywracania Czynno\u015bci Serca. W zwi\u0105zku z tym, uczniowie ucz\u0119szczaj\u0105cy na \u015bwietlic\u0119 szkoln\u0105 pod okiem pani Magdaleny Zato\u0144 \u0107wiczyli t\u0119 umiej\u0119tno\u015b\u0107 na fantomie. Celem akcji jest podniesienie umiej\u0119tno\u015bci i wiedzy na temat zasad udzielania pierwszej pomocy w sytuacji nag\u0142ego zatrzymania akcji serca, zanim dotrze karetka. Dzi\u0119ki prawid\u0142owo wykonanemu masa\u017cowi\" \/>\n\t\t<script type=\"application\/ld+json\" class=\"aioseo-schema\">\n\t\t\t{\"@context\":\"https:\\\/\\\/schema.org\",\"@graph\":[{\"@type\":\"BlogPosting\",\"@id\":\"https:\\\/\\\/www.spkatarzyna.pl\\\/index.php\\\/2023\\\/10\\\/18\\\/europejskiej-dzien-przywracania-czynnosci-serca\\\/#blogposting\",\"name\":\"Dzie\\u0144 Przywracania Czynno\\u015bci Serca - SP Katarzyna\",\"headline\":\"Dzie\\u0144 Przywracania Czynno\\u015bci Serca\",\"author\":{\"@id\":\"https:\\\/\\\/www.spkatarzyna.pl\\\/index.php\\\/author\\\/agatasafianspkatarzyna-pl\\\/#author\"},\"publisher\":{\"@id\":\"https:\\\/\\\/www.spkatarzyna.pl\\\/#organization\"},\"image\":{\"@type\":\"ImageObject\",\"url\":\"https:\\\/\\\/www.spkatarzyna.pl\\\/wp-content\\\/uploads\\\/2023\\\/10\\\/93031315-598b-4090-8669-c1a1f2d8.jpg\",\"width\":360,\"height\":202},\"datePublished\":\"2023-10-18T17:50:55+02:00\",\"dateModified\":\"2023-10-18T17:54:54+02:00\",\"inLanguage\":\"pl-PL\",\"mainEntityOfPage\":{\"@id\":\"https:\\\/\\\/www.spkatarzyna.pl\\\/index.php\\\/2023\\\/10\\\/18\\\/europejskiej-dzien-przywracania-czynnosci-serca\\\/#webpage\"},\"isPartOf\":{\"@id\":\"https:\\\/\\\/www.spkatarzyna.pl\\\/index.php\\\/2023\\\/10\\\/18\\\/europejskiej-dzien-przywracania-czynnosci-serca\\\/#webpage\"},\"articleSection\":\"Uncategorized\"},{\"@type\":\"BreadcrumbList\",\"@id\":\"https:\\\/\\\/www.spkatarzyna.pl\\\/index.php\\\/2023\\\/10\\\/18\\\/europejskiej-dzien-przywracania-czynnosci-serca\\\/#breadcrumblist\",\"itemListElement\":[{\"@type\":\"ListItem\",\"@id\":\"https:\\\/\\\/www.spkatarzyna.pl#listItem\",\"position\":1,\"name\":\"Dom\",\"item\":\"https:\\\/\\\/www.spkatarzyna.pl\",\"nextItem\":{\"@type\":\"ListItem\",\"@id\":\"https:\\\/\\\/www.spkatarzyna.pl\\\/index.php\\\/category\\\/uncategorized\\\/#listItem\",\"name\":\"Uncategorized\"}},{\"@type\":\"ListItem\",\"@id\":\"https:\\\/\\\/www.spkatarzyna.pl\\\/index.php\\\/category\\\/uncategorized\\\/#listItem\",\"position\":2,\"name\":\"Uncategorized\",\"item\":\"https:\\\/\\\/www.spkatarzyna.pl\\\/index.php\\\/category\\\/uncategorized\\\/\",\"nextItem\":{\"@type\":\"ListItem\",\"@id\":\"https:\\\/\\\/www.spkatarzyna.pl\\\/index.php\\\/2023\\\/10\\\/18\\\/europejskiej-dzien-przywracania-czynnosci-serca\\\/#listItem\",\"name\":\"Dzie\\u0144 Przywracania Czynno\\u015bci Serca\"},\"previousItem\":{\"@type\":\"ListItem\",\"@id\":\"https:\\\/\\\/www.spkatarzyna.pl#listItem\",\"name\":\"Dom\"}},{\"@type\":\"ListItem\",\"@id\":\"https:\\\/\\\/www.spkatarzyna.pl\\\/index.php\\\/2023\\\/10\\\/18\\\/europejskiej-dzien-przywracania-czynnosci-serca\\\/#listItem\",\"position\":3,\"name\":\"Dzie\\u0144 Przywracania Czynno\\u015bci Serca\",\"previousItem\":{\"@type\":\"ListItem\",\"@id\":\"https:\\\/\\\/www.spkatarzyna.pl\\\/index.php\\\/category\\\/uncategorized\\\/#listItem\",\"name\":\"Uncategorized\"}}]},{\"@type\":\"Organization\",\"@id\":\"https:\\\/\\\/www.spkatarzyna.pl\\\/#organization\",\"name\":\"SP Katarzyna\",\"description\":\"Publiczna Szko\\u0142a Podstawowa w \\u015awi\\u0119tej Katarzynie\",\"url\":\"https:\\\/\\\/www.spkatarzyna.pl\\\/\",\"telephone\":\"+48713116378\",\"sameAs\":[\"https:\\\/\\\/facebook.com\\\/\",\"https:\\\/\\\/x.com\\\/\",\"https:\\\/\\\/instagram.com\\\/\",\"https:\\\/\\\/pinterest.com\\\/\",\"https:\\\/\\\/youtube.com\\\/\",\"https:\\\/\\\/linkedin.com\\\/in\\\/\"]},{\"@type\":\"Person\",\"@id\":\"https:\\\/\\\/www.spkatarzyna.pl\\\/index.php\\\/author\\\/agatasafianspkatarzyna-pl\\\/#author\",\"url\":\"https:\\\/\\\/www.spkatarzyna.pl\\\/index.php\\\/author\\\/agatasafianspkatarzyna-pl\\\/\",\"name\":\"Redakcja\",\"image\":{\"@type\":\"ImageObject\",\"@id\":\"https:\\\/\\\/www.spkatarzyna.pl\\\/index.php\\\/2023\\\/10\\\/18\\\/europejskiej-dzien-przywracania-czynnosci-serca\\\/#authorImage\",\"url\":\"https:\\\/\\\/secure.gravatar.com\\\/avatar\\\/765290513df94d442152250e92b42327?s=96&d=mm&r=g\",\"width\":96,\"height\":96,\"caption\":\"Redakcja\"}},{\"@type\":\"WebPage\",\"@id\":\"https:\\\/\\\/www.spkatarzyna.pl\\\/index.php\\\/2023\\\/10\\\/18\\\/europejskiej-dzien-przywracania-czynnosci-serca\\\/#webpage\",\"url\":\"https:\\\/\\\/www.spkatarzyna.pl\\\/index.php\\\/2023\\\/10\\\/18\\\/europejskiej-dzien-przywracania-czynnosci-serca\\\/\",\"name\":\"Dzie\\u0144 Przywracania Czynno\\u015bci Serca - SP Katarzyna\",\"description\":\"W dniu 16 pa\\u017adziernika obchodzili\\u015bmy Europejskiej Dzie\\u0144 Przywracania Czynno\\u015bci Serca. W zwi\\u0105zku z tym, uczniowie ucz\\u0119szczaj\\u0105cy na \\u015bwietlic\\u0119 szkoln\\u0105 pod okiem pani Magdaleny Zato\\u0144 \\u0107wiczyli t\\u0119 umiej\\u0119tno\\u015b\\u0107 na fantomie. Celem akcji jest podniesienie umiej\\u0119tno\\u015bci i wiedzy na temat zasad udzielania pierwszej pomocy w sytuacji nag\\u0142ego zatrzymania akcji serca, zanim dotrze karetka. Dzi\\u0119ki prawid\\u0142owo wykonanemu masa\\u017cowi\",\"inLanguage\":\"pl-PL\",\"isPartOf\":{\"@id\":\"https:\\\/\\\/www.spkatarzyna.pl\\\/#website\"},\"breadcrumb\":{\"@id\":\"https:\\\/\\\/www.spkatarzyna.pl\\\/index.php\\\/2023\\\/10\\\/18\\\/europejskiej-dzien-przywracania-czynnosci-serca\\\/#breadcrumblist\"},\"author\":{\"@id\":\"https:\\\/\\\/www.spkatarzyna.pl\\\/index.php\\\/author\\\/agatasafianspkatarzyna-pl\\\/#author\"},\"creator\":{\"@id\":\"https:\\\/\\\/www.spkatarzyna.pl\\\/index.php\\\/author\\\/agatasafianspkatarzyna-pl\\\/#author\"},\"image\":{\"@type\":\"ImageObject\",\"url\":\"https:\\\/\\\/www.spkatarzyna.pl\\\/wp-content\\\/uploads\\\/2023\\\/10\\\/93031315-598b-4090-8669-c1a1f2d8.jpg\",\"@id\":\"https:\\\/\\\/www.spkatarzyna.pl\\\/index.php\\\/2023\\\/10\\\/18\\\/europejskiej-dzien-przywracania-czynnosci-serca\\\/#mainImage\",\"width\":360,\"height\":202},\"primaryImageOfPage\":{\"@id\":\"https:\\\/\\\/www.spkatarzyna.pl\\\/index.php\\\/2023\\\/10\\\/18\\\/europejskiej-dzien-przywracania-czynnosci-serca\\\/#mainImage\"},\"datePublished\":\"2023-10-18T17:50:55+02:00\",\"dateModified\":\"2023-10-18T17:54:54+02:00\"},{\"@type\":\"WebSite\",\"@id\":\"https:\\\/\\\/www.spkatarzyna.pl\\\/#website\",\"url\":\"https:\\\/\\\/www.spkatarzyna.pl\\\/\",\"name\":\"SP Katarzyna\",\"description\":\"Publiczna Szko\\u0142a Podstawowa w \\u015awi\\u0119tej Katarzynie\",\"inLanguage\":\"pl-PL\",\"publisher\":{\"@id\":\"https:\\\/\\\/www.spkatarzyna.pl\\\/#organization\"}}]}\n\t\t<\/script>\n\t\t<!-- All in One SEO -->\n\n","aioseo_head_json":{"title":"Dzie\u0144 Przywracania Czynno\u015bci Serca - SP Katarzyna","description":"W dniu 16 pa\u017adziernika obchodzili\u015bmy Europejskiej Dzie\u0144 Przywracania Czynno\u015bci Serca. W zwi\u0105zku z tym, uczniowie ucz\u0119szczaj\u0105cy na \u015bwietlic\u0119 szkoln\u0105 pod okiem pani Magdaleny Zato\u0144 \u0107wiczyli t\u0119 umiej\u0119tno\u015b\u0107 na fantomie. Celem akcji jest podniesienie umiej\u0119tno\u015bci i wiedzy na temat zasad udzielania pierwszej pomocy w sytuacji nag\u0142ego zatrzymania akcji serca, zanim dotrze karetka. Dzi\u0119ki prawid\u0142owo wykonanemu masa\u017cowi","canonical_url":"https:\/\/www.spkatarzyna.pl\/index.php\/2023\/10\/18\/europejskiej-dzien-przywracania-czynnosci-serca\/","robots":"max-image-preview:large","keywords":"","webmasterTools":{"miscellaneous":""},"schema":{"@context":"https:\/\/schema.org","@graph":[{"@type":"BlogPosting","@id":"https:\/\/www.spkatarzyna.pl\/index.php\/2023\/10\/18\/europejskiej-dzien-przywracania-czynnosci-serca\/#blogposting","name":"Dzie\u0144 Przywracania Czynno\u015bci Serca - SP Katarzyna","headline":"Dzie\u0144 Przywracania Czynno\u015bci Serca","author":{"@id":"https:\/\/www.spkatarzyna.pl\/index.php\/author\/agatasafianspkatarzyna-pl\/#author"},"publisher":{"@id":"https:\/\/www.spkatarzyna.pl\/#organization"},"image":{"@type":"ImageObject","url":"https:\/\/www.spkatarzyna.pl\/wp-content\/uploads\/2023\/10\/93031315-598b-4090-8669-c1a1f2d8.jpg","width":360,"height":202},"datePublished":"2023-10-18T17:50:55+02:00","dateModified":"2023-10-18T17:54:54+02:00","inLanguage":"pl-PL","mainEntityOfPage":{"@id":"https:\/\/www.spkatarzyna.pl\/index.php\/2023\/10\/18\/europejskiej-dzien-przywracania-czynnosci-serca\/#webpage"},"isPartOf":{"@id":"https:\/\/www.spkatarzyna.pl\/index.php\/2023\/10\/18\/europejskiej-dzien-przywracania-czynnosci-serca\/#webpage"},"articleSection":"Uncategorized"},{"@type":"BreadcrumbList","@id":"https:\/\/www.spkatarzyna.pl\/index.php\/2023\/10\/18\/europejskiej-dzien-przywracania-czynnosci-serca\/#breadcrumblist","itemListElement":[{"@type":"ListItem","@id":"https:\/\/www.spkatarzyna.pl#listItem","position":1,"name":"Dom","item":"https:\/\/www.spkatarzyna.pl","nextItem":{"@type":"ListItem","@id":"https:\/\/www.spkatarzyna.pl\/index.php\/category\/uncategorized\/#listItem","name":"Uncategorized"}},{"@type":"ListItem","@id":"https:\/\/www.spkatarzyna.pl\/index.php\/category\/uncategorized\/#listItem","position":2,"name":"Uncategorized","item":"https:\/\/www.spkatarzyna.pl\/index.php\/category\/uncategorized\/","nextItem":{"@type":"ListItem","@id":"https:\/\/www.spkatarzyna.pl\/index.php\/2023\/10\/18\/europejskiej-dzien-przywracania-czynnosci-serca\/#listItem","name":"Dzie\u0144 Przywracania Czynno\u015bci Serca"},"previousItem":{"@type":"ListItem","@id":"https:\/\/www.spkatarzyna.pl#listItem","name":"Dom"}},{"@type":"ListItem","@id":"https:\/\/www.spkatarzyna.pl\/index.php\/2023\/10\/18\/europejskiej-dzien-przywracania-czynnosci-serca\/#listItem","position":3,"name":"Dzie\u0144 Przywracania Czynno\u015bci Serca","previousItem":{"@type":"ListItem","@id":"https:\/\/www.spkatarzyna.pl\/index.php\/category\/uncategorized\/#listItem","name":"Uncategorized"}}]},{"@type":"Organization","@id":"https:\/\/www.spkatarzyna.pl\/#organization","name":"SP Katarzyna","description":"Publiczna Szko\u0142a Podstawowa w \u015awi\u0119tej Katarzynie","url":"https:\/\/www.spkatarzyna.pl\/","telephone":"+48713116378","sameAs":["https:\/\/facebook.com\/","https:\/\/x.com\/","https:\/\/instagram.com\/","https:\/\/pinterest.com\/","https:\/\/youtube.com\/","https:\/\/linkedin.com\/in\/"]},{"@type":"Person","@id":"https:\/\/www.spkatarzyna.pl\/index.php\/author\/agatasafianspkatarzyna-pl\/#author","url":"https:\/\/www.spkatarzyna.pl\/index.php\/author\/agatasafianspkatarzyna-pl\/","name":"Redakcja","image":{"@type":"ImageObject","@id":"https:\/\/www.spkatarzyna.pl\/index.php\/2023\/10\/18\/europejskiej-dzien-przywracania-czynnosci-serca\/#authorImage","url":"https:\/\/secure.gravatar.com\/avatar\/765290513df94d442152250e92b42327?s=96&d=mm&r=g","width":96,"height":96,"caption":"Redakcja"}},{"@type":"WebPage","@id":"https:\/\/www.spkatarzyna.pl\/index.php\/2023\/10\/18\/europejskiej-dzien-przywracania-czynnosci-serca\/#webpage","url":"https:\/\/www.spkatarzyna.pl\/index.php\/2023\/10\/18\/europejskiej-dzien-przywracania-czynnosci-serca\/","name":"Dzie\u0144 Przywracania Czynno\u015bci Serca - SP Katarzyna","description":"W dniu 16 pa\u017adziernika obchodzili\u015bmy Europejskiej Dzie\u0144 Przywracania Czynno\u015bci Serca. W zwi\u0105zku z tym, uczniowie ucz\u0119szczaj\u0105cy na \u015bwietlic\u0119 szkoln\u0105 pod okiem pani Magdaleny Zato\u0144 \u0107wiczyli t\u0119 umiej\u0119tno\u015b\u0107 na fantomie. Celem akcji jest podniesienie umiej\u0119tno\u015bci i wiedzy na temat zasad udzielania pierwszej pomocy w sytuacji nag\u0142ego zatrzymania akcji serca, zanim dotrze karetka. Dzi\u0119ki prawid\u0142owo wykonanemu masa\u017cowi","inLanguage":"pl-PL","isPartOf":{"@id":"https:\/\/www.spkatarzyna.pl\/#website"},"breadcrumb":{"@id":"https:\/\/www.spkatarzyna.pl\/index.php\/2023\/10\/18\/europejskiej-dzien-przywracania-czynnosci-serca\/#breadcrumblist"},"author":{"@id":"https:\/\/www.spkatarzyna.pl\/index.php\/author\/agatasafianspkatarzyna-pl\/#author"},"creator":{"@id":"https:\/\/www.spkatarzyna.pl\/index.php\/author\/agatasafianspkatarzyna-pl\/#author"},"image":{"@type":"ImageObject","url":"https:\/\/www.spkatarzyna.pl\/wp-content\/uploads\/2023\/10\/93031315-598b-4090-8669-c1a1f2d8.jpg","@id":"https:\/\/www.spkatarzyna.pl\/index.php\/2023\/10\/18\/europejskiej-dzien-przywracania-czynnosci-serca\/#mainImage","width":360,"height":202},"primaryImageOfPage":{"@id":"https:\/\/www.spkatarzyna.pl\/index.php\/2023\/10\/18\/europejskiej-dzien-przywracania-czynnosci-serca\/#mainImage"},"datePublished":"2023-10-18T17:50:55+02:00","dateModified":"2023-10-18T17:54:54+02:00"},{"@type":"WebSite","@id":"https:\/\/www.spkatarzyna.pl\/#website","url":"https:\/\/www.spkatarzyna.pl\/","name":"SP Katarzyna","description":"Publiczna Szko\u0142a Podstawowa w \u015awi\u0119tej Katarzynie","inLanguage":"pl-PL","publisher":{"@id":"https:\/\/www.spkatarzyna.pl\/#organization"}}]},"og:locale":"pl_PL","og:site_name":"SP Katarzyna - Publiczna Szko\u0142a Podstawowa w \u015awi\u0119tej Katarzynie","og:type":"article","og:title":"Dzie\u0144 Przywracania Czynno\u015bci Serca - SP Katarzyna","og:description":"W dniu 16 pa\u017adziernika obchodzili\u015bmy Europejskiej Dzie\u0144 Przywracania Czynno\u015bci Serca. W zwi\u0105zku z tym, uczniowie ucz\u0119szczaj\u0105cy na \u015bwietlic\u0119 szkoln\u0105 pod okiem pani Magdaleny Zato\u0144 \u0107wiczyli t\u0119 umiej\u0119tno\u015b\u0107 na fantomie. Celem akcji jest podniesienie umiej\u0119tno\u015bci i wiedzy na temat zasad udzielania pierwszej pomocy w sytuacji nag\u0142ego zatrzymania akcji serca, zanim dotrze karetka. Dzi\u0119ki prawid\u0142owo wykonanemu masa\u017cowi","og:url":"https:\/\/www.spkatarzyna.pl\/index.php\/2023\/10\/18\/europejskiej-dzien-przywracania-czynnosci-serca\/","article:published_time":"2023-10-18T17:50:55+00:00","article:modified_time":"2023-10-18T17:54:54+00:00","twitter:card":"summary_large_image","twitter:title":"Dzie\u0144 Przywracania Czynno\u015bci Serca - SP Katarzyna","twitter:description":"W dniu 16 pa\u017adziernika obchodzili\u015bmy Europejskiej Dzie\u0144 Przywracania Czynno\u015bci Serca. W zwi\u0105zku z tym, uczniowie ucz\u0119szczaj\u0105cy na \u015bwietlic\u0119 szkoln\u0105 pod okiem pani Magdaleny Zato\u0144 \u0107wiczyli t\u0119 umiej\u0119tno\u015b\u0107 na fantomie. Celem akcji jest podniesienie umiej\u0119tno\u015bci i wiedzy na temat zasad udzielania pierwszej pomocy w sytuacji nag\u0142ego zatrzymania akcji serca, zanim dotrze karetka. Dzi\u0119ki prawid\u0142owo wykonanemu masa\u017cowi"},"aioseo_meta_data":{"post_id":"6510","title":null,"description":null,"keywords":null,"keyphrases":null,"primary_term":null,"canonical_url":null,"og_title":null,"og_description":null,"og_object_type":"default","og_image_type":"default","og_image_url":null,"og_image_width":null,"og_image_height":null,"og_image_custom_url":null,"og_image_custom_fields":null,"og_video":null,"og_custom_url":null,"og_article_section":null,"og_article_tags":null,"twitter_use_og":false,"twitter_card":"default","twitter_image_type":"default","twitter_image_url":null,"twitter_image_custom_url":null,"twitter_image_custom_fields":null,"twitter_title":null,"twitter_description":null,"schema":{"blockGraphs":[],"customGraphs":[],"default":{"data":{"Article":[],"Course":[],"Dataset":[],"FAQPage":[],"Movie":[],"Person":[],"Product":[],"ProductReview":[],"Car":[],"Recipe":[],"Service":[],"SoftwareApplication":[],"WebPage":[]},"graphName":"","isEnabled":true},"graphs":[]},"schema_type":"default","schema_type_options":null,"pillar_content":false,"robots_default":true,"robots_noindex":false,"robots_noarchive":false,"robots_nosnippet":false,"robots_nofollow":false,"robots_noimageindex":false,"robots_noodp":false,"robots_notranslate":false,"robots_max_snippet":null,"robots_max_videopreview":null,"robots_max_imagepreview":"large","priority":null,"frequency":null,"local_seo":null,"limit_modified_date":false,"created":"2024-04-03 08:29:03","updated":"2026-09-03 14:51:51","focus_keyword":null,"additional_keywords":null,"truseo_locale":null,"ai":null,"breadcrumb_settings":null,"seo_analyzer_scan_date":null},"aioseo_breadcrumb":"<div class=\"aioseo-breadcrumbs\"><span class=\"aioseo-breadcrumb\">\n\t\t\t<a href=\"https:\/\/www.spkatarzyna.pl\" title=\"Dom\">Dom<\/a>\n\t\t<\/span><span class=\"aioseo-breadcrumb-separator\">&raquo;<\/span><span class=\"aioseo-breadcrumb\">\n\t\t\t<a href=\"https:\/\/www.spkatarzyna.pl\/index.php\/category\/uncategorized\/\" title=\"Uncategorized\">Uncategorized<\/a>\n\t\t<\/span><span class=\"aioseo-breadcrumb-separator\">&raquo;<\/span><span class=\"aioseo-breadcrumb\">\n\t\t\tDzie\u0144 Przywracania Czynno\u015bci Serca\n\t\t<\/span><\/div>","aioseo_breadcrumb_json":[{"label":"Dom","link":"https:\/\/www.spkatarzyna.pl"},{"label":"Uncategorized","link":"https:\/\/www.spkatarzyna.pl\/index.php\/category\/uncategorized\/"},{"label":"Dzie\u0144 Przywracania Czynno\u015bci Serca","link":"https:\/\/www.spkatarzyna.pl\/index.php\/2023\/10\/18\/europejskiej-dzien-przywracania-czynnosci-serca\/"}],"_links":{"self":[{"href":"https:\/\/www.spkatarzyna.pl\/index.php\/wp-json\/wp\/v2\/posts\/6510","targetHints":{"allow":["GET"]}}],"collection":[{"href":"https:\/\/www.spkatarzyna.pl\/index.php\/wp-json\/wp\/v2\/posts"}],"about":[{"href":"https:\/\/www.spkatarzyna.pl\/index.php\/wp-json\/wp\/v2\/types\/post"}],"author":[{"embeddable":true,"href":"https:\/\/www.spkatarzyna.pl\/index.php\/wp-json\/wp\/v2\/users\/6"}],"replies":[{"embeddable":true,"href":"https:\/\/www.spkatarzyna.pl\/index.php\/wp-json\/wp\/v2\/comments?post=6510"}],"version-history":[{"count":6,"href":"https:\/\/www.spkatarzyna.pl\/index.php\/wp-json\/wp\/v2\/posts\/6510\/revisions"}],"predecessor-version":[{"id":6528,"href":"https:\/\/www.spkatarzyna.pl\/index.php\/wp-json\/wp\/v2\/posts\/6510\/revisions\/6528"}],"wp:featuredmedia":[{"embeddable":true,"href":"https:\/\/www.spkatarzyna.pl\/index.php\/wp-json\/wp\/v2\/media\/6511"}],"wp:attachment":[{"href":"https:\/\/www.spkatarzyna.pl\/index.php\/wp-json\/wp\/v2\/media?parent=6510"}],"wp:term":[{"taxonomy":"category","embeddable":true,"href":"https:\/\/www.spkatarzyna.pl\/index.php\/wp-json\/wp\/v2\/categories?post=6510"},{"taxonomy":"post_tag","embeddable":true,"href":"https:\/\/www.spkatarzyna.pl\/index.php\/wp-json\/wp\/v2\/tags?post=6510"}],"curies":[{"name":"wp","href":"https:\/\/api.w.org\/{rel}","templated":true}]}}