{"id":6590,"date":"2023-10-22T20:20:10","date_gmt":"2023-10-22T20:20:10","guid":{"rendered":"http:\/\/www.spkatarzyna.pl\/?p=6590"},"modified":"2023-10-22T20:24:13","modified_gmt":"2023-10-22T20:24:13","slug":"wycieczka-klas-4","status":"publish","type":"post","link":"https:\/\/www.spkatarzyna.pl\/index.php\/2023\/10\/22\/wycieczka-klas-4\/","title":{"rendered":"Wycieczka klas 4"},"content":{"rendered":"\t\t<div data-elementor-type=\"wp-post\" data-elementor-id=\"6590\" class=\"elementor elementor-6590\">\n\t\t\t\t\t\t<section class=\"elementor-section elementor-top-section elementor-element elementor-element-2fe0d82f elementor-section-boxed elementor-section-height-default elementor-section-height-default\" data-id=\"2fe0d82f\" data-element_type=\"section\">\n\t\t\t\t\t\t<div class=\"elementor-container elementor-column-gap-default\">\n\t\t\t\t\t<div class=\"elementor-column elementor-col-100 elementor-top-column elementor-element elementor-element-16c2e5e7\" data-id=\"16c2e5e7\" data-element_type=\"column\">\n\t\t\t<div class=\"elementor-widget-wrap elementor-element-populated\">\n\t\t\t\t\t\t<div class=\"elementor-element elementor-element-50ab2f86 elementor-widget elementor-widget-text-editor\" data-id=\"50ab2f86\" data-element_type=\"widget\" data-widget_type=\"text-editor.default\">\n\t\t\t\t\t\t\t\t\t<p style=\"text-align: justify;\"><span style=\"font-weight: 400; font-size: 14pt;\">W dniach 17-18.10 klasy czwarte wybra\u0142y si\u0119 na wycieczk\u0119 do Borowic. Pierwszego dnia po przyje\u017adzie, udali\u015bmy si\u0119 na wypraw\u0119 do Karpacza. Po prawie pi\u0119ciokilometrowym spacerze, odpoczywali\u015bmy zwiedzaj\u0105c Mulitmedialne Muzeum Karkonoszy. Dowiedzieli\u015bmy si\u0119 wiele ciekawych informacji o Karkonoszach, czasie ich powstania oraz jak si\u0119 kszta\u0142towa\u0142y na przestrzeni wiek\u00f3w. Nast\u0119pnie, poszli\u015bmy ogl\u0105da\u0107 widoki jakie rozpo\u015bciera\u0142y si\u0119 z pobliskiej wie\u017cy widokowej.&nbsp; Po powrocie do o\u015brodka, zjedli\u015bmy smaczn\u0105 obiadokolacja, a wieczorem poszli\u015bmy na ognisko.<\/span><\/p>\r\n<p style=\"text-align: justify;\"><span style=\"font-weight: 400; font-size: 14pt;\">Nast\u0119pnego dnia, zaraz po \u015bniadaniu, udali\u015bmy si\u0119 do pobliskiej wioski fi\u0144skiej Kalevali. Jest ona prowadzona przez prawdziwych pasjonat\u00f3w Finladii, kt\u00f3rzy&nbsp; opowiedzieli nam wiele ciekawostek o tym kraju. Po prelekcji, poszli\u015bmy na d\u0142ugi spacer w trzema psami rasy Husky- Kalevem, Sampo i Lappi. Po powrocie czeka\u0142 nas pocz\u0119stunek dla zregenerowania si\u0142, muminkowe kaka\u0142ko i pyszna cha\u0142ka z d\u017cemem. Potem wr\u00f3cili\u015bmy na obiad, zrobili\u015bmy sobie ostatnie zdj\u0119cia przed o\u015brodkiem Hottur i trzeba ju\u017c by\u0142o wraca\u0107.<\/span><\/p>\r\n<p style=\"text-align: justify;\"><span style=\"font-weight: 400; font-size: 14pt;\">Podsumowuj\u0105c, wycieczka uda\u0142a si\u0119 znakomicie! Wielkie brawa dla wszystkich uczestnik\u00f3w, za marsz prawie bez marudzenia oraz za godne reprezentowanie naszej szko\u0142y!<\/span><\/p>\r\n<p style=\"text-align: right;\"><span style=\"font-weight: 400; font-size: 14pt;\">Wychowawcy klas czwartych:<\/span><\/p>\r\n<p style=\"text-align: right;\"><span style=\"font-weight: 400; font-size: 14pt;\">Sylwia Milewska&nbsp;<\/span><\/p>\r\n<p style=\"text-align: right;\"><span style=\"font-weight: 400; font-size: 14pt;\">\u0141ucja K\u0119dzia<\/span><\/p>\r\n<p style=\"text-align: right;\"><span style=\"font-weight: 400; font-size: 14pt;\">Dominik Makowski&nbsp;<\/span><\/p>\t\t\t\t\t\t\t\t<\/div>\n\t\t\t\t\t<\/div>\n\t\t<\/div>\n\t\t\t\t\t<\/div>\n\t\t<\/section>\n\t\t\t\t<section class=\"elementor-section elementor-top-section elementor-element elementor-element-20f852f elementor-section-boxed elementor-section-height-default elementor-section-height-default\" data-id=\"20f852f\" data-element_type=\"section\">\n\t\t\t\t\t\t<div class=\"elementor-container elementor-column-gap-default\">\n\t\t\t\t\t<div class=\"elementor-column elementor-col-100 elementor-top-column elementor-element elementor-element-121526e\" data-id=\"121526e\" data-element_type=\"column\">\n\t\t\t<div class=\"elementor-widget-wrap elementor-element-populated\">\n\t\t\t\t\t\t<div class=\"elementor-element elementor-element-5dea5cd elementor-widget elementor-widget-image-gallery\" data-id=\"5dea5cd\" data-element_type=\"widget\" data-widget_type=\"image-gallery.default\">\n\t\t\t\t\t\t\t<div class=\"elementor-image-gallery\">\n\t\t\t\n\t\t<div id='gallery-1' class='gallery galleryid-6590 gallery-columns-4 gallery-size-thumbnail gallery1'><script type=\"text\/javascript\">\n\/\/ <![CDATA[\n\tjQuery(document).ready(function () {\n\t\tjQuery(\".gallery1 a\").attr(\"rel\",\"gallery1\");\t\n\t\tjQuery('a[rel=\"gallery1\"]').colorbox({title: function(){ return jQuery(this).children().attr(\"alt\"); }});\n\t});\n\/\/ ]]>\n<\/script>\n<dl class=\"gallery-item\">\n<dt class=\"gallery-icon\">\n<a href=\"https:\/\/www.spkatarzyna.pl\/wp-content\/uploads\/2023\/10\/IMG-20231020-WA0004-300x225.jpg\" title=\"\" rel=\"gallery1\" rel=\"lightbox[6590]\"><img decoding=\"async\" src=\"https:\/\/www.spkatarzyna.pl\/wp-content\/uploads\/2023\/10\/IMG-20231020-WA0004-150x150.jpg\" width=\"150\" height=\"150\" alt=\"\" \/><\/a>\n<\/dt><\/dl><dl class=\"gallery-item\">\n<dt class=\"gallery-icon\">\n<a href=\"https:\/\/www.spkatarzyna.pl\/wp-content\/uploads\/2023\/10\/IMG-20231020-WA0007-225x300.jpg\" title=\"\" rel=\"gallery1\" rel=\"lightbox[6590]\"><img decoding=\"async\" src=\"https:\/\/www.spkatarzyna.pl\/wp-content\/uploads\/2023\/10\/IMG-20231020-WA0007-150x150.jpg\" width=\"150\" height=\"150\" alt=\"\" \/><\/a>\n<\/dt><\/dl><dl class=\"gallery-item\">\n<dt class=\"gallery-icon\">\n<a href=\"https:\/\/www.spkatarzyna.pl\/wp-content\/uploads\/2023\/10\/IMG-20231020-WA0010-300x225.jpg\" title=\"\" rel=\"gallery1\" rel=\"lightbox[6590]\"><img decoding=\"async\" src=\"https:\/\/www.spkatarzyna.pl\/wp-content\/uploads\/2023\/10\/IMG-20231020-WA0010-150x150.jpg\" width=\"150\" height=\"150\" alt=\"\" \/><\/a>\n<\/dt><\/dl><dl class=\"gallery-item\">\n<dt class=\"gallery-icon\">\n<a href=\"https:\/\/www.spkatarzyna.pl\/wp-content\/uploads\/2023\/10\/IMG-20231020-WA0030-225x300.jpg\" title=\"\" rel=\"gallery1\" rel=\"lightbox[6590]\"><img loading=\"lazy\" decoding=\"async\" src=\"https:\/\/www.spkatarzyna.pl\/wp-content\/uploads\/2023\/10\/IMG-20231020-WA0030-150x150.jpg\" width=\"150\" height=\"150\" alt=\"\" \/><\/a>\n<\/dt><\/dl><br style=\"clear: both\" \/><dl class=\"gallery-item\">\n<dt class=\"gallery-icon\">\n<a href=\"https:\/\/www.spkatarzyna.pl\/wp-content\/uploads\/2023\/10\/20231018_150225-225x300.jpg\" title=\"\" rel=\"gallery1\" rel=\"lightbox[6590]\"><img loading=\"lazy\" decoding=\"async\" src=\"https:\/\/www.spkatarzyna.pl\/wp-content\/uploads\/2023\/10\/20231018_150225-150x150.jpg\" width=\"150\" height=\"150\" alt=\"\" \/><\/a>\n<\/dt><\/dl><dl class=\"gallery-item\">\n<dt class=\"gallery-icon\">\n<a href=\"https:\/\/www.spkatarzyna.pl\/wp-content\/uploads\/2023\/10\/IMG-20231020-WA0008-1-300x225.jpg\" title=\"\" rel=\"gallery1\" rel=\"lightbox[6590]\"><img loading=\"lazy\" decoding=\"async\" src=\"https:\/\/www.spkatarzyna.pl\/wp-content\/uploads\/2023\/10\/IMG-20231020-WA0008-1-150x150.jpg\" width=\"150\" height=\"150\" alt=\"\" \/><\/a>\n<\/dt><\/dl><dl class=\"gallery-item\">\n<dt class=\"gallery-icon\">\n<a href=\"https:\/\/www.spkatarzyna.pl\/wp-content\/uploads\/2023\/10\/IMG-20231020-WA0009-300x225.jpg\" title=\"\" rel=\"gallery1\" rel=\"lightbox[6590]\"><img loading=\"lazy\" decoding=\"async\" src=\"https:\/\/www.spkatarzyna.pl\/wp-content\/uploads\/2023\/10\/IMG-20231020-WA0009-150x150.jpg\" width=\"150\" height=\"150\" alt=\"\" \/><\/a>\n<\/dt><\/dl><dl class=\"gallery-item\">\n<dt class=\"gallery-icon\">\n<a href=\"https:\/\/www.spkatarzyna.pl\/wp-content\/uploads\/2023\/10\/IMG-20231020-WA0025-225x300.jpg\" title=\"\" rel=\"gallery1\" rel=\"lightbox[6590]\"><img loading=\"lazy\" decoding=\"async\" src=\"https:\/\/www.spkatarzyna.pl\/wp-content\/uploads\/2023\/10\/IMG-20231020-WA0025-150x150.jpg\" width=\"150\" height=\"150\" alt=\"\" \/><\/a>\n<\/dt><\/dl><br style=\"clear: both\" \/><dl class=\"gallery-item\">\n<dt class=\"gallery-icon\">\n<a href=\"https:\/\/www.spkatarzyna.pl\/wp-content\/uploads\/2023\/10\/IMG-20231020-WA0029-225x300.jpg\" title=\"\" rel=\"gallery1\" rel=\"lightbox[6590]\"><img loading=\"lazy\" decoding=\"async\" src=\"https:\/\/www.spkatarzyna.pl\/wp-content\/uploads\/2023\/10\/IMG-20231020-WA0029-150x150.jpg\" width=\"150\" height=\"150\" alt=\"\" \/><\/a>\n<\/dt><\/dl><dl class=\"gallery-item\">\n<dt class=\"gallery-icon\">\n<a href=\"https:\/\/www.spkatarzyna.pl\/wp-content\/uploads\/2023\/10\/IMG-20231020-WA0031-225x300.jpg\" title=\"\" rel=\"gallery1\" rel=\"lightbox[6590]\"><img loading=\"lazy\" decoding=\"async\" src=\"https:\/\/www.spkatarzyna.pl\/wp-content\/uploads\/2023\/10\/IMG-20231020-WA0031-150x150.jpg\" width=\"150\" height=\"150\" alt=\"\" \/><\/a>\n<\/dt><\/dl><dl class=\"gallery-item\">\n<dt class=\"gallery-icon\">\n<a href=\"https:\/\/www.spkatarzyna.pl\/wp-content\/uploads\/2023\/10\/20231018_120213-300x225.jpg\" title=\"\" rel=\"gallery1\" rel=\"lightbox[6590]\"><img loading=\"lazy\" decoding=\"async\" src=\"https:\/\/www.spkatarzyna.pl\/wp-content\/uploads\/2023\/10\/20231018_120213-150x150.jpg\" width=\"150\" height=\"150\" alt=\"\" \/><\/a>\n<\/dt><\/dl><dl class=\"gallery-item\">\n<dt class=\"gallery-icon\">\n<a href=\"https:\/\/www.spkatarzyna.pl\/wp-content\/uploads\/2023\/10\/20231018_110533-300x225.jpg\" title=\"\" rel=\"gallery1\" rel=\"lightbox[6590]\"><img loading=\"lazy\" decoding=\"async\" src=\"https:\/\/www.spkatarzyna.pl\/wp-content\/uploads\/2023\/10\/20231018_110533-150x150.jpg\" width=\"150\" height=\"150\" alt=\"\" \/><\/a>\n<\/dt><\/dl><br style=\"clear: both\" \/><dl class=\"gallery-item\">\n<dt class=\"gallery-icon\">\n<a href=\"https:\/\/www.spkatarzyna.pl\/wp-content\/uploads\/2023\/10\/20231018_104955-225x300.jpg\" title=\"\" rel=\"gallery1\" rel=\"lightbox[6590]\"><img loading=\"lazy\" decoding=\"async\" src=\"https:\/\/www.spkatarzyna.pl\/wp-content\/uploads\/2023\/10\/20231018_104955-150x150.jpg\" width=\"150\" height=\"150\" alt=\"\" \/><\/a>\n<\/dt><\/dl><dl class=\"gallery-item\">\n<dt class=\"gallery-icon\">\n<a href=\"https:\/\/www.spkatarzyna.pl\/wp-content\/uploads\/2023\/10\/20231018_102700-300x225.jpg\" title=\"\" rel=\"gallery1\" rel=\"lightbox[6590]\"><img loading=\"lazy\" decoding=\"async\" src=\"https:\/\/www.spkatarzyna.pl\/wp-content\/uploads\/2023\/10\/20231018_102700-150x150.jpg\" width=\"150\" height=\"150\" alt=\"\" \/><\/a>\n<\/dt><\/dl><dl class=\"gallery-item\">\n<dt class=\"gallery-icon\">\n<a href=\"https:\/\/www.spkatarzyna.pl\/wp-content\/uploads\/2023\/10\/20231018_101045-225x300.jpg\" title=\"\" rel=\"gallery1\" rel=\"lightbox[6590]\"><img loading=\"lazy\" decoding=\"async\" src=\"https:\/\/www.spkatarzyna.pl\/wp-content\/uploads\/2023\/10\/20231018_101045-150x150.jpg\" width=\"150\" height=\"150\" alt=\"\" \/><\/a>\n<\/dt><\/dl><dl class=\"gallery-item\">\n<dt class=\"gallery-icon\">\n<a href=\"https:\/\/www.spkatarzyna.pl\/wp-content\/uploads\/2023\/10\/20231018_094046-300x225.jpg\" title=\"\" rel=\"gallery1\" rel=\"lightbox[6590]\"><img loading=\"lazy\" decoding=\"async\" src=\"https:\/\/www.spkatarzyna.pl\/wp-content\/uploads\/2023\/10\/20231018_094046-150x150.jpg\" width=\"150\" height=\"150\" alt=\"\" \/><\/a>\n<\/dt><\/dl><br style=\"clear: both\" \/><dl class=\"gallery-item\">\n<dt class=\"gallery-icon\">\n<a href=\"https:\/\/www.spkatarzyna.pl\/wp-content\/uploads\/2023\/10\/20231017_181556-225x300.jpg\" title=\"\" rel=\"gallery1\" rel=\"lightbox[6590]\"><img loading=\"lazy\" decoding=\"async\" src=\"https:\/\/www.spkatarzyna.pl\/wp-content\/uploads\/2023\/10\/20231017_181556-150x150.jpg\" width=\"150\" height=\"150\" alt=\"\" \/><\/a>\n<\/dt><\/dl><dl class=\"gallery-item\">\n<dt class=\"gallery-icon\">\n<a href=\"https:\/\/www.spkatarzyna.pl\/wp-content\/uploads\/2023\/10\/20231017_134706-300x225.jpg\" title=\"\" rel=\"gallery1\" rel=\"lightbox[6590]\"><img loading=\"lazy\" decoding=\"async\" src=\"https:\/\/www.spkatarzyna.pl\/wp-content\/uploads\/2023\/10\/20231017_134706-150x150.jpg\" width=\"150\" height=\"150\" alt=\"\" \/><\/a>\n<\/dt><\/dl><dl class=\"gallery-item\">\n<dt class=\"gallery-icon\">\n<a href=\"https:\/\/www.spkatarzyna.pl\/wp-content\/uploads\/2023\/10\/20231017_143320-300x225.jpg\" title=\"\" rel=\"gallery1\" rel=\"lightbox[6590]\"><img loading=\"lazy\" decoding=\"async\" src=\"https:\/\/www.spkatarzyna.pl\/wp-content\/uploads\/2023\/10\/20231017_143320-150x150.jpg\" width=\"150\" height=\"150\" alt=\"\" \/><\/a>\n<\/dt><\/dl><dl class=\"gallery-item\">\n<dt class=\"gallery-icon\">\n<a href=\"https:\/\/www.spkatarzyna.pl\/wp-content\/uploads\/2023\/10\/20231017_115737-300x225.jpg\" title=\"\" rel=\"gallery1\" rel=\"lightbox[6590]\"><img loading=\"lazy\" decoding=\"async\" src=\"https:\/\/www.spkatarzyna.pl\/wp-content\/uploads\/2023\/10\/20231017_115737-150x150.jpg\" width=\"150\" height=\"150\" alt=\"\" \/><\/a>\n<\/dt><\/dl><br style=\"clear: both\" \/><br style=\"clear: both\" \/><\/div>\t\t<\/div>\n\t\t\t\t\t\t<\/div>\n\t\t\t\t\t<\/div>\n\t\t<\/div>\n\t\t\t\t\t<\/div>\n\t\t<\/section>\n\t\t\t\t<\/div>\n\t\t","protected":false},"excerpt":{"rendered":"<p>W dniach 17-18.10 klasy czwarte wybra\u0142y si\u0119 na wycieczk\u0119 do Borowic. Pierwszego dnia po przyje\u017adzie, udali\u015bmy si\u0119 na wypraw\u0119 do Karpacza. Po prawie pi\u0119ciokilometrowym spacerze, odpoczywali\u015bmy zwiedzaj\u0105c Mulitmedialne Muzeum Karkonoszy. Dowiedzieli\u015bmy si\u0119 wiele ciekawych informacji o Karkonoszach, czasie ich powstania oraz jak si\u0119 kszta\u0142towa\u0142y na przestrzeni wiek\u00f3w. Nast\u0119pnie, poszli\u015bmy ogl\u0105da\u0107 [&hellip;]<\/p>\n","protected":false},"author":6,"featured_media":6591,"comment_status":"open","ping_status":"open","sticky":false,"template":"","format":"standard","meta":{"om_disable_all_campaigns":false,"_monsterinsights_skip_tracking":false,"ngg_post_thumbnail":0,"footnotes":""},"categories":[1],"tags":[],"class_list":["post-6590","post","type-post","status-publish","format-standard","has-post-thumbnail","hentry","category-uncategorized"],"aioseo_notices":[],"aioseo_head":"\n\t\t<!-- All in One SEO 5.0.1.1 - aioseo.com -->\n\t<meta name=\"description\" content=\"W dniach 17-18.10 klasy czwarte wybra\u0142y si\u0119 na wycieczk\u0119 do Borowic. Pierwszego dnia po przyje\u017adzie, udali\u015bmy si\u0119 na wypraw\u0119 do Karpacza. Po prawie pi\u0119ciokilometrowym spacerze, odpoczywali\u015bmy zwiedzaj\u0105c Mulitmedialne Muzeum Karkonoszy. Dowiedzieli\u015bmy si\u0119 wiele ciekawych informacji o Karkonoszach, czasie ich powstania oraz jak si\u0119 kszta\u0142towa\u0142y na przestrzeni wiek\u00f3w. Nast\u0119pnie, poszli\u015bmy ogl\u0105da\u0107 widoki jakie rozpo\u015bciera\u0142y si\u0119 z\" \/>\n\t<meta name=\"robots\" content=\"max-image-preview:large\" \/>\n\t<meta name=\"author\" content=\"Redakcja\"\/>\n\t<link rel=\"canonical\" href=\"https:\/\/www.spkatarzyna.pl\/index.php\/2023\/10\/22\/wycieczka-klas-4\/\" \/>\n\t<meta name=\"generator\" content=\"All in One SEO (AIOSEO) 5.0.1.1\" \/>\n\t\t<meta property=\"og:locale\" content=\"pl_PL\" \/>\n\t\t<meta property=\"og:site_name\" content=\"SP Katarzyna - Publiczna Szko\u0142a Podstawowa w \u015awi\u0119tej Katarzynie\" \/>\n\t\t<meta property=\"og:type\" content=\"article\" \/>\n\t\t<meta property=\"og:title\" content=\"Wycieczka klas 4 - SP Katarzyna\" \/>\n\t\t<meta property=\"og:description\" content=\"W dniach 17-18.10 klasy czwarte wybra\u0142y si\u0119 na wycieczk\u0119 do Borowic. Pierwszego dnia po przyje\u017adzie, udali\u015bmy si\u0119 na wypraw\u0119 do Karpacza. Po prawie pi\u0119ciokilometrowym spacerze, odpoczywali\u015bmy zwiedzaj\u0105c Mulitmedialne Muzeum Karkonoszy. Dowiedzieli\u015bmy si\u0119 wiele ciekawych informacji o Karkonoszach, czasie ich powstania oraz jak si\u0119 kszta\u0142towa\u0142y na przestrzeni wiek\u00f3w. Nast\u0119pnie, poszli\u015bmy ogl\u0105da\u0107 widoki jakie rozpo\u015bciera\u0142y si\u0119 z\" \/>\n\t\t<meta property=\"og:url\" content=\"https:\/\/www.spkatarzyna.pl\/index.php\/2023\/10\/22\/wycieczka-klas-4\/\" \/>\n\t\t<meta property=\"article:published_time\" content=\"2023-10-22T20:20:10+00:00\" \/>\n\t\t<meta property=\"article:modified_time\" content=\"2023-10-22T20:24:13+00:00\" \/>\n\t\t<meta name=\"twitter:card\" content=\"summary_large_image\" \/>\n\t\t<meta name=\"twitter:title\" content=\"Wycieczka klas 4 - SP Katarzyna\" \/>\n\t\t<meta name=\"twitter:description\" content=\"W dniach 17-18.10 klasy czwarte wybra\u0142y si\u0119 na wycieczk\u0119 do Borowic. Pierwszego dnia po przyje\u017adzie, udali\u015bmy si\u0119 na wypraw\u0119 do Karpacza. Po prawie pi\u0119ciokilometrowym spacerze, odpoczywali\u015bmy zwiedzaj\u0105c Mulitmedialne Muzeum Karkonoszy. Dowiedzieli\u015bmy si\u0119 wiele ciekawych informacji o Karkonoszach, czasie ich powstania oraz jak si\u0119 kszta\u0142towa\u0142y na przestrzeni wiek\u00f3w. Nast\u0119pnie, poszli\u015bmy ogl\u0105da\u0107 widoki jakie rozpo\u015bciera\u0142y si\u0119 z\" \/>\n\t\t<script type=\"application\/ld+json\" class=\"aioseo-schema\">\n\t\t\t{\"@context\":\"https:\\\/\\\/schema.org\",\"@graph\":[{\"@type\":\"BlogPosting\",\"@id\":\"https:\\\/\\\/www.spkatarzyna.pl\\\/index.php\\\/2023\\\/10\\\/22\\\/wycieczka-klas-4\\\/#blogposting\",\"name\":\"Wycieczka klas 4 - SP Katarzyna\",\"headline\":\"Wycieczka klas 4\",\"author\":{\"@id\":\"https:\\\/\\\/www.spkatarzyna.pl\\\/index.php\\\/author\\\/agatasafianspkatarzyna-pl\\\/#author\"},\"publisher\":{\"@id\":\"https:\\\/\\\/www.spkatarzyna.pl\\\/#organization\"},\"image\":{\"@type\":\"ImageObject\",\"url\":\"https:\\\/\\\/www.spkatarzyna.pl\\\/wp-content\\\/uploads\\\/2023\\\/10\\\/IMG-20231020-WA0008.jpg\",\"width\":360,\"height\":202},\"datePublished\":\"2023-10-22T20:20:10+02:00\",\"dateModified\":\"2023-10-22T20:24:13+02:00\",\"inLanguage\":\"pl-PL\",\"mainEntityOfPage\":{\"@id\":\"https:\\\/\\\/www.spkatarzyna.pl\\\/index.php\\\/2023\\\/10\\\/22\\\/wycieczka-klas-4\\\/#webpage\"},\"isPartOf\":{\"@id\":\"https:\\\/\\\/www.spkatarzyna.pl\\\/index.php\\\/2023\\\/10\\\/22\\\/wycieczka-klas-4\\\/#webpage\"},\"articleSection\":\"Uncategorized\"},{\"@type\":\"BreadcrumbList\",\"@id\":\"https:\\\/\\\/www.spkatarzyna.pl\\\/index.php\\\/2023\\\/10\\\/22\\\/wycieczka-klas-4\\\/#breadcrumblist\",\"itemListElement\":[{\"@type\":\"ListItem\",\"@id\":\"https:\\\/\\\/www.spkatarzyna.pl#listItem\",\"position\":1,\"name\":\"Dom\",\"item\":\"https:\\\/\\\/www.spkatarzyna.pl\",\"nextItem\":{\"@type\":\"ListItem\",\"@id\":\"https:\\\/\\\/www.spkatarzyna.pl\\\/index.php\\\/category\\\/uncategorized\\\/#listItem\",\"name\":\"Uncategorized\"}},{\"@type\":\"ListItem\",\"@id\":\"https:\\\/\\\/www.spkatarzyna.pl\\\/index.php\\\/category\\\/uncategorized\\\/#listItem\",\"position\":2,\"name\":\"Uncategorized\",\"item\":\"https:\\\/\\\/www.spkatarzyna.pl\\\/index.php\\\/category\\\/uncategorized\\\/\",\"nextItem\":{\"@type\":\"ListItem\",\"@id\":\"https:\\\/\\\/www.spkatarzyna.pl\\\/index.php\\\/2023\\\/10\\\/22\\\/wycieczka-klas-4\\\/#listItem\",\"name\":\"Wycieczka klas 4\"},\"previousItem\":{\"@type\":\"ListItem\",\"@id\":\"https:\\\/\\\/www.spkatarzyna.pl#listItem\",\"name\":\"Dom\"}},{\"@type\":\"ListItem\",\"@id\":\"https:\\\/\\\/www.spkatarzyna.pl\\\/index.php\\\/2023\\\/10\\\/22\\\/wycieczka-klas-4\\\/#listItem\",\"position\":3,\"name\":\"Wycieczka klas 4\",\"previousItem\":{\"@type\":\"ListItem\",\"@id\":\"https:\\\/\\\/www.spkatarzyna.pl\\\/index.php\\\/category\\\/uncategorized\\\/#listItem\",\"name\":\"Uncategorized\"}}]},{\"@type\":\"Organization\",\"@id\":\"https:\\\/\\\/www.spkatarzyna.pl\\\/#organization\",\"name\":\"SP Katarzyna\",\"description\":\"Publiczna Szko\\u0142a Podstawowa w \\u015awi\\u0119tej Katarzynie\",\"url\":\"https:\\\/\\\/www.spkatarzyna.pl\\\/\",\"telephone\":\"+48713116378\",\"sameAs\":[\"https:\\\/\\\/facebook.com\\\/\",\"https:\\\/\\\/x.com\\\/\",\"https:\\\/\\\/instagram.com\\\/\",\"https:\\\/\\\/pinterest.com\\\/\",\"https:\\\/\\\/youtube.com\\\/\",\"https:\\\/\\\/linkedin.com\\\/in\\\/\"]},{\"@type\":\"Person\",\"@id\":\"https:\\\/\\\/www.spkatarzyna.pl\\\/index.php\\\/author\\\/agatasafianspkatarzyna-pl\\\/#author\",\"url\":\"https:\\\/\\\/www.spkatarzyna.pl\\\/index.php\\\/author\\\/agatasafianspkatarzyna-pl\\\/\",\"name\":\"Redakcja\",\"image\":{\"@type\":\"ImageObject\",\"@id\":\"https:\\\/\\\/www.spkatarzyna.pl\\\/index.php\\\/2023\\\/10\\\/22\\\/wycieczka-klas-4\\\/#authorImage\",\"url\":\"https:\\\/\\\/secure.gravatar.com\\\/avatar\\\/765290513df94d442152250e92b42327?s=96&d=mm&r=g\",\"width\":96,\"height\":96,\"caption\":\"Redakcja\"}},{\"@type\":\"WebPage\",\"@id\":\"https:\\\/\\\/www.spkatarzyna.pl\\\/index.php\\\/2023\\\/10\\\/22\\\/wycieczka-klas-4\\\/#webpage\",\"url\":\"https:\\\/\\\/www.spkatarzyna.pl\\\/index.php\\\/2023\\\/10\\\/22\\\/wycieczka-klas-4\\\/\",\"name\":\"Wycieczka klas 4 - SP Katarzyna\",\"description\":\"W dniach 17-18.10 klasy czwarte wybra\\u0142y si\\u0119 na wycieczk\\u0119 do Borowic. Pierwszego dnia po przyje\\u017adzie, udali\\u015bmy si\\u0119 na wypraw\\u0119 do Karpacza. Po prawie pi\\u0119ciokilometrowym spacerze, odpoczywali\\u015bmy zwiedzaj\\u0105c Mulitmedialne Muzeum Karkonoszy. Dowiedzieli\\u015bmy si\\u0119 wiele ciekawych informacji o Karkonoszach, czasie ich powstania oraz jak si\\u0119 kszta\\u0142towa\\u0142y na przestrzeni wiek\\u00f3w. Nast\\u0119pnie, poszli\\u015bmy ogl\\u0105da\\u0107 widoki jakie rozpo\\u015bciera\\u0142y si\\u0119 z\",\"inLanguage\":\"pl-PL\",\"isPartOf\":{\"@id\":\"https:\\\/\\\/www.spkatarzyna.pl\\\/#website\"},\"breadcrumb\":{\"@id\":\"https:\\\/\\\/www.spkatarzyna.pl\\\/index.php\\\/2023\\\/10\\\/22\\\/wycieczka-klas-4\\\/#breadcrumblist\"},\"author\":{\"@id\":\"https:\\\/\\\/www.spkatarzyna.pl\\\/index.php\\\/author\\\/agatasafianspkatarzyna-pl\\\/#author\"},\"creator\":{\"@id\":\"https:\\\/\\\/www.spkatarzyna.pl\\\/index.php\\\/author\\\/agatasafianspkatarzyna-pl\\\/#author\"},\"image\":{\"@type\":\"ImageObject\",\"url\":\"https:\\\/\\\/www.spkatarzyna.pl\\\/wp-content\\\/uploads\\\/2023\\\/10\\\/IMG-20231020-WA0008.jpg\",\"@id\":\"https:\\\/\\\/www.spkatarzyna.pl\\\/index.php\\\/2023\\\/10\\\/22\\\/wycieczka-klas-4\\\/#mainImage\",\"width\":360,\"height\":202},\"primaryImageOfPage\":{\"@id\":\"https:\\\/\\\/www.spkatarzyna.pl\\\/index.php\\\/2023\\\/10\\\/22\\\/wycieczka-klas-4\\\/#mainImage\"},\"datePublished\":\"2023-10-22T20:20:10+02:00\",\"dateModified\":\"2023-10-22T20:24:13+02:00\"},{\"@type\":\"WebSite\",\"@id\":\"https:\\\/\\\/www.spkatarzyna.pl\\\/#website\",\"url\":\"https:\\\/\\\/www.spkatarzyna.pl\\\/\",\"name\":\"SP Katarzyna\",\"description\":\"Publiczna Szko\\u0142a Podstawowa w \\u015awi\\u0119tej Katarzynie\",\"inLanguage\":\"pl-PL\",\"publisher\":{\"@id\":\"https:\\\/\\\/www.spkatarzyna.pl\\\/#organization\"}}]}\n\t\t<\/script>\n\t\t<!-- All in One SEO -->\n\n","aioseo_head_json":{"title":"Wycieczka klas 4 - SP Katarzyna","description":"W dniach 17-18.10 klasy czwarte wybra\u0142y si\u0119 na wycieczk\u0119 do Borowic. Pierwszego dnia po przyje\u017adzie, udali\u015bmy si\u0119 na wypraw\u0119 do Karpacza. Po prawie pi\u0119ciokilometrowym spacerze, odpoczywali\u015bmy zwiedzaj\u0105c Mulitmedialne Muzeum Karkonoszy. Dowiedzieli\u015bmy si\u0119 wiele ciekawych informacji o Karkonoszach, czasie ich powstania oraz jak si\u0119 kszta\u0142towa\u0142y na przestrzeni wiek\u00f3w. Nast\u0119pnie, poszli\u015bmy ogl\u0105da\u0107 widoki jakie rozpo\u015bciera\u0142y si\u0119 z","canonical_url":"https:\/\/www.spkatarzyna.pl\/index.php\/2023\/10\/22\/wycieczka-klas-4\/","robots":"max-image-preview:large","keywords":"","webmasterTools":{"miscellaneous":""},"schema":{"@context":"https:\/\/schema.org","@graph":[{"@type":"BlogPosting","@id":"https:\/\/www.spkatarzyna.pl\/index.php\/2023\/10\/22\/wycieczka-klas-4\/#blogposting","name":"Wycieczka klas 4 - SP Katarzyna","headline":"Wycieczka klas 4","author":{"@id":"https:\/\/www.spkatarzyna.pl\/index.php\/author\/agatasafianspkatarzyna-pl\/#author"},"publisher":{"@id":"https:\/\/www.spkatarzyna.pl\/#organization"},"image":{"@type":"ImageObject","url":"https:\/\/www.spkatarzyna.pl\/wp-content\/uploads\/2023\/10\/IMG-20231020-WA0008.jpg","width":360,"height":202},"datePublished":"2023-10-22T20:20:10+02:00","dateModified":"2023-10-22T20:24:13+02:00","inLanguage":"pl-PL","mainEntityOfPage":{"@id":"https:\/\/www.spkatarzyna.pl\/index.php\/2023\/10\/22\/wycieczka-klas-4\/#webpage"},"isPartOf":{"@id":"https:\/\/www.spkatarzyna.pl\/index.php\/2023\/10\/22\/wycieczka-klas-4\/#webpage"},"articleSection":"Uncategorized"},{"@type":"BreadcrumbList","@id":"https:\/\/www.spkatarzyna.pl\/index.php\/2023\/10\/22\/wycieczka-klas-4\/#breadcrumblist","itemListElement":[{"@type":"ListItem","@id":"https:\/\/www.spkatarzyna.pl#listItem","position":1,"name":"Dom","item":"https:\/\/www.spkatarzyna.pl","nextItem":{"@type":"ListItem","@id":"https:\/\/www.spkatarzyna.pl\/index.php\/category\/uncategorized\/#listItem","name":"Uncategorized"}},{"@type":"ListItem","@id":"https:\/\/www.spkatarzyna.pl\/index.php\/category\/uncategorized\/#listItem","position":2,"name":"Uncategorized","item":"https:\/\/www.spkatarzyna.pl\/index.php\/category\/uncategorized\/","nextItem":{"@type":"ListItem","@id":"https:\/\/www.spkatarzyna.pl\/index.php\/2023\/10\/22\/wycieczka-klas-4\/#listItem","name":"Wycieczka klas 4"},"previousItem":{"@type":"ListItem","@id":"https:\/\/www.spkatarzyna.pl#listItem","name":"Dom"}},{"@type":"ListItem","@id":"https:\/\/www.spkatarzyna.pl\/index.php\/2023\/10\/22\/wycieczka-klas-4\/#listItem","position":3,"name":"Wycieczka klas 4","previousItem":{"@type":"ListItem","@id":"https:\/\/www.spkatarzyna.pl\/index.php\/category\/uncategorized\/#listItem","name":"Uncategorized"}}]},{"@type":"Organization","@id":"https:\/\/www.spkatarzyna.pl\/#organization","name":"SP Katarzyna","description":"Publiczna Szko\u0142a Podstawowa w \u015awi\u0119tej Katarzynie","url":"https:\/\/www.spkatarzyna.pl\/","telephone":"+48713116378","sameAs":["https:\/\/facebook.com\/","https:\/\/x.com\/","https:\/\/instagram.com\/","https:\/\/pinterest.com\/","https:\/\/youtube.com\/","https:\/\/linkedin.com\/in\/"]},{"@type":"Person","@id":"https:\/\/www.spkatarzyna.pl\/index.php\/author\/agatasafianspkatarzyna-pl\/#author","url":"https:\/\/www.spkatarzyna.pl\/index.php\/author\/agatasafianspkatarzyna-pl\/","name":"Redakcja","image":{"@type":"ImageObject","@id":"https:\/\/www.spkatarzyna.pl\/index.php\/2023\/10\/22\/wycieczka-klas-4\/#authorImage","url":"https:\/\/secure.gravatar.com\/avatar\/765290513df94d442152250e92b42327?s=96&d=mm&r=g","width":96,"height":96,"caption":"Redakcja"}},{"@type":"WebPage","@id":"https:\/\/www.spkatarzyna.pl\/index.php\/2023\/10\/22\/wycieczka-klas-4\/#webpage","url":"https:\/\/www.spkatarzyna.pl\/index.php\/2023\/10\/22\/wycieczka-klas-4\/","name":"Wycieczka klas 4 - SP Katarzyna","description":"W dniach 17-18.10 klasy czwarte wybra\u0142y si\u0119 na wycieczk\u0119 do Borowic. Pierwszego dnia po przyje\u017adzie, udali\u015bmy si\u0119 na wypraw\u0119 do Karpacza. Po prawie pi\u0119ciokilometrowym spacerze, odpoczywali\u015bmy zwiedzaj\u0105c Mulitmedialne Muzeum Karkonoszy. Dowiedzieli\u015bmy si\u0119 wiele ciekawych informacji o Karkonoszach, czasie ich powstania oraz jak si\u0119 kszta\u0142towa\u0142y na przestrzeni wiek\u00f3w. Nast\u0119pnie, poszli\u015bmy ogl\u0105da\u0107 widoki jakie rozpo\u015bciera\u0142y si\u0119 z","inLanguage":"pl-PL","isPartOf":{"@id":"https:\/\/www.spkatarzyna.pl\/#website"},"breadcrumb":{"@id":"https:\/\/www.spkatarzyna.pl\/index.php\/2023\/10\/22\/wycieczka-klas-4\/#breadcrumblist"},"author":{"@id":"https:\/\/www.spkatarzyna.pl\/index.php\/author\/agatasafianspkatarzyna-pl\/#author"},"creator":{"@id":"https:\/\/www.spkatarzyna.pl\/index.php\/author\/agatasafianspkatarzyna-pl\/#author"},"image":{"@type":"ImageObject","url":"https:\/\/www.spkatarzyna.pl\/wp-content\/uploads\/2023\/10\/IMG-20231020-WA0008.jpg","@id":"https:\/\/www.spkatarzyna.pl\/index.php\/2023\/10\/22\/wycieczka-klas-4\/#mainImage","width":360,"height":202},"primaryImageOfPage":{"@id":"https:\/\/www.spkatarzyna.pl\/index.php\/2023\/10\/22\/wycieczka-klas-4\/#mainImage"},"datePublished":"2023-10-22T20:20:10+02:00","dateModified":"2023-10-22T20:24:13+02:00"},{"@type":"WebSite","@id":"https:\/\/www.spkatarzyna.pl\/#website","url":"https:\/\/www.spkatarzyna.pl\/","name":"SP Katarzyna","description":"Publiczna Szko\u0142a Podstawowa w \u015awi\u0119tej Katarzynie","inLanguage":"pl-PL","publisher":{"@id":"https:\/\/www.spkatarzyna.pl\/#organization"}}]},"og:locale":"pl_PL","og:site_name":"SP Katarzyna - Publiczna Szko\u0142a Podstawowa w \u015awi\u0119tej Katarzynie","og:type":"article","og:title":"Wycieczka klas 4 - SP Katarzyna","og:description":"W dniach 17-18.10 klasy czwarte wybra\u0142y si\u0119 na wycieczk\u0119 do Borowic. Pierwszego dnia po przyje\u017adzie, udali\u015bmy si\u0119 na wypraw\u0119 do Karpacza. Po prawie pi\u0119ciokilometrowym spacerze, odpoczywali\u015bmy zwiedzaj\u0105c Mulitmedialne Muzeum Karkonoszy. Dowiedzieli\u015bmy si\u0119 wiele ciekawych informacji o Karkonoszach, czasie ich powstania oraz jak si\u0119 kszta\u0142towa\u0142y na przestrzeni wiek\u00f3w. Nast\u0119pnie, poszli\u015bmy ogl\u0105da\u0107 widoki jakie rozpo\u015bciera\u0142y si\u0119 z","og:url":"https:\/\/www.spkatarzyna.pl\/index.php\/2023\/10\/22\/wycieczka-klas-4\/","article:published_time":"2023-10-22T20:20:10+00:00","article:modified_time":"2023-10-22T20:24:13+00:00","twitter:card":"summary_large_image","twitter:title":"Wycieczka klas 4 - SP Katarzyna","twitter:description":"W dniach 17-18.10 klasy czwarte wybra\u0142y si\u0119 na wycieczk\u0119 do Borowic. Pierwszego dnia po przyje\u017adzie, udali\u015bmy si\u0119 na wypraw\u0119 do Karpacza. Po prawie pi\u0119ciokilometrowym spacerze, odpoczywali\u015bmy zwiedzaj\u0105c Mulitmedialne Muzeum Karkonoszy. Dowiedzieli\u015bmy si\u0119 wiele ciekawych informacji o Karkonoszach, czasie ich powstania oraz jak si\u0119 kszta\u0142towa\u0142y na przestrzeni wiek\u00f3w. Nast\u0119pnie, poszli\u015bmy ogl\u0105da\u0107 widoki jakie rozpo\u015bciera\u0142y si\u0119 z"},"aioseo_meta_data":{"post_id":"6590","title":null,"description":null,"keywords":null,"keyphrases":null,"primary_term":null,"canonical_url":null,"og_title":null,"og_description":null,"og_object_type":"default","og_image_type":"default","og_image_url":null,"og_image_width":null,"og_image_height":null,"og_image_custom_url":null,"og_image_custom_fields":null,"og_video":null,"og_custom_url":null,"og_article_section":null,"og_article_tags":null,"twitter_use_og":false,"twitter_card":"default","twitter_image_type":"default","twitter_image_url":null,"twitter_image_custom_url":null,"twitter_image_custom_fields":null,"twitter_title":null,"twitter_description":null,"schema":{"blockGraphs":[],"customGraphs":[],"default":{"data":{"Article":[],"Course":[],"Dataset":[],"FAQPage":[],"Movie":[],"Person":[],"Product":[],"ProductReview":[],"Car":[],"Recipe":[],"Service":[],"SoftwareApplication":[],"WebPage":[]},"graphName":"","isEnabled":true},"graphs":[]},"schema_type":"default","schema_type_options":null,"pillar_content":false,"robots_default":true,"robots_noindex":false,"robots_noarchive":false,"robots_nosnippet":false,"robots_nofollow":false,"robots_noimageindex":false,"robots_noodp":false,"robots_notranslate":false,"robots_max_snippet":null,"robots_max_videopreview":null,"robots_max_imagepreview":"large","priority":null,"frequency":null,"local_seo":null,"limit_modified_date":false,"created":"2024-04-03 08:29:03","updated":"2026-09-03 14:51:51","focus_keyword":null,"additional_keywords":null,"truseo_locale":null,"ai":null,"breadcrumb_settings":null,"seo_analyzer_scan_date":null},"aioseo_breadcrumb":"<div class=\"aioseo-breadcrumbs\"><span class=\"aioseo-breadcrumb\">\n\t\t\t<a href=\"https:\/\/www.spkatarzyna.pl\" title=\"Dom\">Dom<\/a>\n\t\t<\/span><span class=\"aioseo-breadcrumb-separator\">&raquo;<\/span><span class=\"aioseo-breadcrumb\">\n\t\t\t<a href=\"https:\/\/www.spkatarzyna.pl\/index.php\/category\/uncategorized\/\" title=\"Uncategorized\">Uncategorized<\/a>\n\t\t<\/span><span class=\"aioseo-breadcrumb-separator\">&raquo;<\/span><span class=\"aioseo-breadcrumb\">\n\t\t\tWycieczka klas 4\n\t\t<\/span><\/div>","aioseo_breadcrumb_json":[{"label":"Dom","link":"https:\/\/www.spkatarzyna.pl"},{"label":"Uncategorized","link":"https:\/\/www.spkatarzyna.pl\/index.php\/category\/uncategorized\/"},{"label":"Wycieczka klas 4","link":"https:\/\/www.spkatarzyna.pl\/index.php\/2023\/10\/22\/wycieczka-klas-4\/"}],"_links":{"self":[{"href":"https:\/\/www.spkatarzyna.pl\/index.php\/wp-json\/wp\/v2\/posts\/6590","targetHints":{"allow":["GET"]}}],"collection":[{"href":"https:\/\/www.spkatarzyna.pl\/index.php\/wp-json\/wp\/v2\/posts"}],"about":[{"href":"https:\/\/www.spkatarzyna.pl\/index.php\/wp-json\/wp\/v2\/types\/post"}],"author":[{"embeddable":true,"href":"https:\/\/www.spkatarzyna.pl\/index.php\/wp-json\/wp\/v2\/users\/6"}],"replies":[{"embeddable":true,"href":"https:\/\/www.spkatarzyna.pl\/index.php\/wp-json\/wp\/v2\/comments?post=6590"}],"version-history":[{"count":4,"href":"https:\/\/www.spkatarzyna.pl\/index.php\/wp-json\/wp\/v2\/posts\/6590\/revisions"}],"predecessor-version":[{"id":6616,"href":"https:\/\/www.spkatarzyna.pl\/index.php\/wp-json\/wp\/v2\/posts\/6590\/revisions\/6616"}],"wp:featuredmedia":[{"embeddable":true,"href":"https:\/\/www.spkatarzyna.pl\/index.php\/wp-json\/wp\/v2\/media\/6591"}],"wp:attachment":[{"href":"https:\/\/www.spkatarzyna.pl\/index.php\/wp-json\/wp\/v2\/media?parent=6590"}],"wp:term":[{"taxonomy":"category","embeddable":true,"href":"https:\/\/www.spkatarzyna.pl\/index.php\/wp-json\/wp\/v2\/categories?post=6590"},{"taxonomy":"post_tag","embeddable":true,"href":"https:\/\/www.spkatarzyna.pl\/index.php\/wp-json\/wp\/v2\/tags?post=6590"}],"curies":[{"name":"wp","href":"https:\/\/api.w.org\/{rel}","templated":true}]}}