{"id":6617,"date":"2023-10-23T20:01:55","date_gmt":"2023-10-23T20:01:55","guid":{"rendered":"http:\/\/www.spkatarzyna.pl\/?p=6617"},"modified":"2023-10-23T20:02:53","modified_gmt":"2023-10-23T20:02:53","slug":"znicze-dla-kresowiakow-2","status":"publish","type":"post","link":"https:\/\/www.spkatarzyna.pl\/index.php\/2023\/10\/23\/znicze-dla-kresowiakow-2\/","title":{"rendered":"Znicze dla Kresowiak\u00f3w"},"content":{"rendered":"\t\t<div data-elementor-type=\"wp-post\" data-elementor-id=\"6617\" class=\"elementor elementor-6617\">\n\t\t\t\t\t\t<section class=\"elementor-section elementor-top-section elementor-element elementor-element-2d29f6fe elementor-section-boxed elementor-section-height-default elementor-section-height-default\" data-id=\"2d29f6fe\" data-element_type=\"section\">\n\t\t\t\t\t\t<div class=\"elementor-container elementor-column-gap-default\">\n\t\t\t\t\t<div class=\"elementor-column elementor-col-100 elementor-top-column elementor-element elementor-element-1146f801\" data-id=\"1146f801\" data-element_type=\"column\">\n\t\t\t<div class=\"elementor-widget-wrap elementor-element-populated\">\n\t\t\t\t\t\t<div class=\"elementor-element elementor-element-73fe613e elementor-widget elementor-widget-text-editor\" data-id=\"73fe613e\" data-element_type=\"widget\" data-widget_type=\"text-editor.default\">\n\t\t\t\t\t\t\t\t\t<p style=\"text-align: justify;\"><span style=\"font-size: 14pt;\"><span style=\"font-weight: 400;\">Dnia 20.10.2023 r. dobieg\u0142a ko\u0144ca zainicjowana przez Stowarzyszenie Odra-Niemen akcja \u201cZnicze dla Kresowiak\u00f3w\u201d, <\/span><span style=\"font-weight: 400;\">kt\u00f3rej celem jest zachowanie pami\u0119ci o naszych Rodakach spoczywaj\u0105cych na Kresach. Akcja ma r\u00f3wnie\u017c wymiar edukacyjny, tj. poznanie historii dawnych ziem wschodniej Rzeczypospolitej. Uczniowie naszej szko\u0142y, pami\u0119taj\u0105c o swoim patriotycznym obowi\u0105zku, postanowili odda\u0107 ho\u0142d zmar\u0142ym i poleg\u0142ym rodakom. Uda\u0142o nam si\u0119 zebra\u0107 trzy kartony zniczy, a nast\u0119pnie przekaza\u0107 Stowarzyszeniu Odra-Niemen.<\/span><\/span><\/p>\r\n<p style=\"text-align: justify;\"><span style=\"font-weight: 400; font-size: 14pt;\">Dzi\u0119kujemy serdecznie wszystkim, kt\u00f3rzy wzi\u0119li udzia\u0142 w tej niezwyk\u0142ej inicjatywie.<\/span><\/p>\r\n<p style=\"text-align: justify;\">\r\n\r\n<\/p>\t\t\t\t\t\t\t\t<\/div>\n\t\t\t\t\t<\/div>\n\t\t<\/div>\n\t\t\t\t\t<\/div>\n\t\t<\/section>\n\t\t\t\t<section class=\"elementor-section elementor-top-section elementor-element elementor-element-4e148e6 elementor-section-boxed elementor-section-height-default elementor-section-height-default\" data-id=\"4e148e6\" data-element_type=\"section\">\n\t\t\t\t\t\t<div class=\"elementor-container elementor-column-gap-default\">\n\t\t\t\t\t<div class=\"elementor-column elementor-col-100 elementor-top-column elementor-element elementor-element-a0bc3ce\" data-id=\"a0bc3ce\" data-element_type=\"column\">\n\t\t\t<div class=\"elementor-widget-wrap elementor-element-populated\">\n\t\t\t\t\t\t<div class=\"elementor-element elementor-element-a3ab1c9 elementor-widget elementor-widget-image\" data-id=\"a3ab1c9\" data-element_type=\"widget\" data-widget_type=\"image.default\">\n\t\t\t\t\t\t\t\t\t\t\t\t\t\t\t<img fetchpriority=\"high\" decoding=\"async\" width=\"768\" height=\"644\" src=\"https:\/\/www.spkatarzyna.pl\/wp-content\/uploads\/2023\/10\/2-768x644.png\" class=\"attachment-medium_large size-medium_large wp-image-6620\" alt=\"\" srcset=\"https:\/\/www.spkatarzyna.pl\/wp-content\/uploads\/2023\/10\/2-768x644.png 768w, https:\/\/www.spkatarzyna.pl\/wp-content\/uploads\/2023\/10\/2-300x251.png 300w, https:\/\/www.spkatarzyna.pl\/wp-content\/uploads\/2023\/10\/2.png 940w\" sizes=\"(max-width: 768px) 100vw, 768px\" \/>\t\t\t\t\t\t\t\t\t\t\t\t\t\t\t<\/div>\n\t\t\t\t\t<\/div>\n\t\t<\/div>\n\t\t\t\t\t<\/div>\n\t\t<\/section>\n\t\t\t\t<\/div>\n\t\t","protected":false},"excerpt":{"rendered":"<p>Dnia 20.10.2023 r. dobieg\u0142a ko\u0144ca zainicjowana przez Stowarzyszenie Odra-Niemen akcja \u201cZnicze dla Kresowiak\u00f3w\u201d, kt\u00f3rej celem jest zachowanie pami\u0119ci o naszych Rodakach spoczywaj\u0105cych na Kresach. Akcja ma r\u00f3wnie\u017c wymiar edukacyjny, tj. poznanie historii dawnych ziem wschodniej Rzeczypospolitej. Uczniowie naszej szko\u0142y, pami\u0119taj\u0105c o swoim patriotycznym obowi\u0105zku, postanowili odda\u0107 ho\u0142d zmar\u0142ym i poleg\u0142ym [&hellip;]<\/p>\n","protected":false},"author":6,"featured_media":6618,"comment_status":"open","ping_status":"open","sticky":false,"template":"","format":"standard","meta":{"om_disable_all_campaigns":false,"_monsterinsights_skip_tracking":false,"ngg_post_thumbnail":0,"footnotes":""},"categories":[1],"tags":[],"class_list":["post-6617","post","type-post","status-publish","format-standard","has-post-thumbnail","hentry","category-uncategorized"],"aioseo_notices":[],"aioseo_head":"\n\t\t<!-- All in One SEO 5.0.1.1 - aioseo.com -->\n\t<meta name=\"description\" content=\"Dnia 20.10.2023 r. dobieg\u0142a ko\u0144ca zainicjowana przez Stowarzyszenie Odra-Niemen akcja \u201cZnicze dla Kresowiak\u00f3w\u201d, kt\u00f3rej celem jest zachowanie pami\u0119ci o naszych Rodakach spoczywaj\u0105cych na Kresach. Akcja ma r\u00f3wnie\u017c wymiar edukacyjny, tj. poznanie historii dawnych ziem wschodniej Rzeczypospolitej. Uczniowie naszej szko\u0142y, pami\u0119taj\u0105c o swoim patriotycznym obowi\u0105zku, postanowili odda\u0107 ho\u0142d zmar\u0142ym i poleg\u0142ym rodakom. Uda\u0142o nam si\u0119 zebra\u0107\" \/>\n\t<meta name=\"robots\" content=\"max-image-preview:large\" \/>\n\t<meta name=\"author\" content=\"Redakcja\"\/>\n\t<link rel=\"canonical\" href=\"https:\/\/www.spkatarzyna.pl\/index.php\/2023\/10\/23\/znicze-dla-kresowiakow-2\/\" \/>\n\t<meta name=\"generator\" content=\"All in One SEO (AIOSEO) 5.0.1.1\" \/>\n\t\t<meta property=\"og:locale\" content=\"pl_PL\" \/>\n\t\t<meta property=\"og:site_name\" content=\"SP Katarzyna - Publiczna Szko\u0142a Podstawowa w \u015awi\u0119tej Katarzynie\" \/>\n\t\t<meta property=\"og:type\" content=\"article\" \/>\n\t\t<meta property=\"og:title\" content=\"Znicze dla Kresowiak\u00f3w - SP Katarzyna\" \/>\n\t\t<meta property=\"og:description\" content=\"Dnia 20.10.2023 r. dobieg\u0142a ko\u0144ca zainicjowana przez Stowarzyszenie Odra-Niemen akcja \u201cZnicze dla Kresowiak\u00f3w\u201d, kt\u00f3rej celem jest zachowanie pami\u0119ci o naszych Rodakach spoczywaj\u0105cych na Kresach. Akcja ma r\u00f3wnie\u017c wymiar edukacyjny, tj. poznanie historii dawnych ziem wschodniej Rzeczypospolitej. Uczniowie naszej szko\u0142y, pami\u0119taj\u0105c o swoim patriotycznym obowi\u0105zku, postanowili odda\u0107 ho\u0142d zmar\u0142ym i poleg\u0142ym rodakom. Uda\u0142o nam si\u0119 zebra\u0107\" \/>\n\t\t<meta property=\"og:url\" content=\"https:\/\/www.spkatarzyna.pl\/index.php\/2023\/10\/23\/znicze-dla-kresowiakow-2\/\" \/>\n\t\t<meta property=\"article:published_time\" content=\"2023-10-23T20:01:55+00:00\" \/>\n\t\t<meta property=\"article:modified_time\" content=\"2023-10-23T20:02:53+00:00\" \/>\n\t\t<meta name=\"twitter:card\" content=\"summary_large_image\" \/>\n\t\t<meta name=\"twitter:title\" content=\"Znicze dla Kresowiak\u00f3w - SP Katarzyna\" \/>\n\t\t<meta name=\"twitter:description\" content=\"Dnia 20.10.2023 r. dobieg\u0142a ko\u0144ca zainicjowana przez Stowarzyszenie Odra-Niemen akcja \u201cZnicze dla Kresowiak\u00f3w\u201d, kt\u00f3rej celem jest zachowanie pami\u0119ci o naszych Rodakach spoczywaj\u0105cych na Kresach. Akcja ma r\u00f3wnie\u017c wymiar edukacyjny, tj. poznanie historii dawnych ziem wschodniej Rzeczypospolitej. Uczniowie naszej szko\u0142y, pami\u0119taj\u0105c o swoim patriotycznym obowi\u0105zku, postanowili odda\u0107 ho\u0142d zmar\u0142ym i poleg\u0142ym rodakom. Uda\u0142o nam si\u0119 zebra\u0107\" \/>\n\t\t<script type=\"application\/ld+json\" class=\"aioseo-schema\">\n\t\t\t{\"@context\":\"https:\\\/\\\/schema.org\",\"@graph\":[{\"@type\":\"BlogPosting\",\"@id\":\"https:\\\/\\\/www.spkatarzyna.pl\\\/index.php\\\/2023\\\/10\\\/23\\\/znicze-dla-kresowiakow-2\\\/#blogposting\",\"name\":\"Znicze dla Kresowiak\\u00f3w - SP Katarzyna\",\"headline\":\"Znicze dla Kresowiak\\u00f3w\",\"author\":{\"@id\":\"https:\\\/\\\/www.spkatarzyna.pl\\\/index.php\\\/author\\\/agatasafianspkatarzyna-pl\\\/#author\"},\"publisher\":{\"@id\":\"https:\\\/\\\/www.spkatarzyna.pl\\\/#organization\"},\"image\":{\"@type\":\"ImageObject\",\"url\":\"https:\\\/\\\/www.spkatarzyna.pl\\\/wp-content\\\/uploads\\\/2023\\\/10\\\/1-1.png\",\"width\":360,\"height\":202},\"datePublished\":\"2023-10-23T20:01:55+02:00\",\"dateModified\":\"2023-10-23T20:02:53+02:00\",\"inLanguage\":\"pl-PL\",\"mainEntityOfPage\":{\"@id\":\"https:\\\/\\\/www.spkatarzyna.pl\\\/index.php\\\/2023\\\/10\\\/23\\\/znicze-dla-kresowiakow-2\\\/#webpage\"},\"isPartOf\":{\"@id\":\"https:\\\/\\\/www.spkatarzyna.pl\\\/index.php\\\/2023\\\/10\\\/23\\\/znicze-dla-kresowiakow-2\\\/#webpage\"},\"articleSection\":\"Uncategorized\"},{\"@type\":\"BreadcrumbList\",\"@id\":\"https:\\\/\\\/www.spkatarzyna.pl\\\/index.php\\\/2023\\\/10\\\/23\\\/znicze-dla-kresowiakow-2\\\/#breadcrumblist\",\"itemListElement\":[{\"@type\":\"ListItem\",\"@id\":\"https:\\\/\\\/www.spkatarzyna.pl#listItem\",\"position\":1,\"name\":\"Dom\",\"item\":\"https:\\\/\\\/www.spkatarzyna.pl\",\"nextItem\":{\"@type\":\"ListItem\",\"@id\":\"https:\\\/\\\/www.spkatarzyna.pl\\\/index.php\\\/category\\\/uncategorized\\\/#listItem\",\"name\":\"Uncategorized\"}},{\"@type\":\"ListItem\",\"@id\":\"https:\\\/\\\/www.spkatarzyna.pl\\\/index.php\\\/category\\\/uncategorized\\\/#listItem\",\"position\":2,\"name\":\"Uncategorized\",\"item\":\"https:\\\/\\\/www.spkatarzyna.pl\\\/index.php\\\/category\\\/uncategorized\\\/\",\"nextItem\":{\"@type\":\"ListItem\",\"@id\":\"https:\\\/\\\/www.spkatarzyna.pl\\\/index.php\\\/2023\\\/10\\\/23\\\/znicze-dla-kresowiakow-2\\\/#listItem\",\"name\":\"Znicze dla Kresowiak\\u00f3w\"},\"previousItem\":{\"@type\":\"ListItem\",\"@id\":\"https:\\\/\\\/www.spkatarzyna.pl#listItem\",\"name\":\"Dom\"}},{\"@type\":\"ListItem\",\"@id\":\"https:\\\/\\\/www.spkatarzyna.pl\\\/index.php\\\/2023\\\/10\\\/23\\\/znicze-dla-kresowiakow-2\\\/#listItem\",\"position\":3,\"name\":\"Znicze dla Kresowiak\\u00f3w\",\"previousItem\":{\"@type\":\"ListItem\",\"@id\":\"https:\\\/\\\/www.spkatarzyna.pl\\\/index.php\\\/category\\\/uncategorized\\\/#listItem\",\"name\":\"Uncategorized\"}}]},{\"@type\":\"Organization\",\"@id\":\"https:\\\/\\\/www.spkatarzyna.pl\\\/#organization\",\"name\":\"SP Katarzyna\",\"description\":\"Publiczna Szko\\u0142a Podstawowa w \\u015awi\\u0119tej Katarzynie\",\"url\":\"https:\\\/\\\/www.spkatarzyna.pl\\\/\",\"telephone\":\"+48713116378\",\"sameAs\":[\"https:\\\/\\\/facebook.com\\\/\",\"https:\\\/\\\/x.com\\\/\",\"https:\\\/\\\/instagram.com\\\/\",\"https:\\\/\\\/pinterest.com\\\/\",\"https:\\\/\\\/youtube.com\\\/\",\"https:\\\/\\\/linkedin.com\\\/in\\\/\"]},{\"@type\":\"Person\",\"@id\":\"https:\\\/\\\/www.spkatarzyna.pl\\\/index.php\\\/author\\\/agatasafianspkatarzyna-pl\\\/#author\",\"url\":\"https:\\\/\\\/www.spkatarzyna.pl\\\/index.php\\\/author\\\/agatasafianspkatarzyna-pl\\\/\",\"name\":\"Redakcja\",\"image\":{\"@type\":\"ImageObject\",\"@id\":\"https:\\\/\\\/www.spkatarzyna.pl\\\/index.php\\\/2023\\\/10\\\/23\\\/znicze-dla-kresowiakow-2\\\/#authorImage\",\"url\":\"https:\\\/\\\/secure.gravatar.com\\\/avatar\\\/765290513df94d442152250e92b42327?s=96&d=mm&r=g\",\"width\":96,\"height\":96,\"caption\":\"Redakcja\"}},{\"@type\":\"WebPage\",\"@id\":\"https:\\\/\\\/www.spkatarzyna.pl\\\/index.php\\\/2023\\\/10\\\/23\\\/znicze-dla-kresowiakow-2\\\/#webpage\",\"url\":\"https:\\\/\\\/www.spkatarzyna.pl\\\/index.php\\\/2023\\\/10\\\/23\\\/znicze-dla-kresowiakow-2\\\/\",\"name\":\"Znicze dla Kresowiak\\u00f3w - SP Katarzyna\",\"description\":\"Dnia 20.10.2023 r. dobieg\\u0142a ko\\u0144ca zainicjowana przez Stowarzyszenie Odra-Niemen akcja \\u201cZnicze dla Kresowiak\\u00f3w\\u201d, kt\\u00f3rej celem jest zachowanie pami\\u0119ci o naszych Rodakach spoczywaj\\u0105cych na Kresach. Akcja ma r\\u00f3wnie\\u017c wymiar edukacyjny, tj. poznanie historii dawnych ziem wschodniej Rzeczypospolitej. Uczniowie naszej szko\\u0142y, pami\\u0119taj\\u0105c o swoim patriotycznym obowi\\u0105zku, postanowili odda\\u0107 ho\\u0142d zmar\\u0142ym i poleg\\u0142ym rodakom. Uda\\u0142o nam si\\u0119 zebra\\u0107\",\"inLanguage\":\"pl-PL\",\"isPartOf\":{\"@id\":\"https:\\\/\\\/www.spkatarzyna.pl\\\/#website\"},\"breadcrumb\":{\"@id\":\"https:\\\/\\\/www.spkatarzyna.pl\\\/index.php\\\/2023\\\/10\\\/23\\\/znicze-dla-kresowiakow-2\\\/#breadcrumblist\"},\"author\":{\"@id\":\"https:\\\/\\\/www.spkatarzyna.pl\\\/index.php\\\/author\\\/agatasafianspkatarzyna-pl\\\/#author\"},\"creator\":{\"@id\":\"https:\\\/\\\/www.spkatarzyna.pl\\\/index.php\\\/author\\\/agatasafianspkatarzyna-pl\\\/#author\"},\"image\":{\"@type\":\"ImageObject\",\"url\":\"https:\\\/\\\/www.spkatarzyna.pl\\\/wp-content\\\/uploads\\\/2023\\\/10\\\/1-1.png\",\"@id\":\"https:\\\/\\\/www.spkatarzyna.pl\\\/index.php\\\/2023\\\/10\\\/23\\\/znicze-dla-kresowiakow-2\\\/#mainImage\",\"width\":360,\"height\":202},\"primaryImageOfPage\":{\"@id\":\"https:\\\/\\\/www.spkatarzyna.pl\\\/index.php\\\/2023\\\/10\\\/23\\\/znicze-dla-kresowiakow-2\\\/#mainImage\"},\"datePublished\":\"2023-10-23T20:01:55+02:00\",\"dateModified\":\"2023-10-23T20:02:53+02:00\"},{\"@type\":\"WebSite\",\"@id\":\"https:\\\/\\\/www.spkatarzyna.pl\\\/#website\",\"url\":\"https:\\\/\\\/www.spkatarzyna.pl\\\/\",\"name\":\"SP Katarzyna\",\"description\":\"Publiczna Szko\\u0142a Podstawowa w \\u015awi\\u0119tej Katarzynie\",\"inLanguage\":\"pl-PL\",\"publisher\":{\"@id\":\"https:\\\/\\\/www.spkatarzyna.pl\\\/#organization\"}}]}\n\t\t<\/script>\n\t\t<!-- All in One SEO -->\n\n","aioseo_head_json":{"title":"Znicze dla Kresowiak\u00f3w - SP Katarzyna","description":"Dnia 20.10.2023 r. dobieg\u0142a ko\u0144ca zainicjowana przez Stowarzyszenie Odra-Niemen akcja \u201cZnicze dla Kresowiak\u00f3w\u201d, kt\u00f3rej celem jest zachowanie pami\u0119ci o naszych Rodakach spoczywaj\u0105cych na Kresach. Akcja ma r\u00f3wnie\u017c wymiar edukacyjny, tj. poznanie historii dawnych ziem wschodniej Rzeczypospolitej. Uczniowie naszej szko\u0142y, pami\u0119taj\u0105c o swoim patriotycznym obowi\u0105zku, postanowili odda\u0107 ho\u0142d zmar\u0142ym i poleg\u0142ym rodakom. Uda\u0142o nam si\u0119 zebra\u0107","canonical_url":"https:\/\/www.spkatarzyna.pl\/index.php\/2023\/10\/23\/znicze-dla-kresowiakow-2\/","robots":"max-image-preview:large","keywords":"","webmasterTools":{"miscellaneous":""},"schema":{"@context":"https:\/\/schema.org","@graph":[{"@type":"BlogPosting","@id":"https:\/\/www.spkatarzyna.pl\/index.php\/2023\/10\/23\/znicze-dla-kresowiakow-2\/#blogposting","name":"Znicze dla Kresowiak\u00f3w - SP Katarzyna","headline":"Znicze dla Kresowiak\u00f3w","author":{"@id":"https:\/\/www.spkatarzyna.pl\/index.php\/author\/agatasafianspkatarzyna-pl\/#author"},"publisher":{"@id":"https:\/\/www.spkatarzyna.pl\/#organization"},"image":{"@type":"ImageObject","url":"https:\/\/www.spkatarzyna.pl\/wp-content\/uploads\/2023\/10\/1-1.png","width":360,"height":202},"datePublished":"2023-10-23T20:01:55+02:00","dateModified":"2023-10-23T20:02:53+02:00","inLanguage":"pl-PL","mainEntityOfPage":{"@id":"https:\/\/www.spkatarzyna.pl\/index.php\/2023\/10\/23\/znicze-dla-kresowiakow-2\/#webpage"},"isPartOf":{"@id":"https:\/\/www.spkatarzyna.pl\/index.php\/2023\/10\/23\/znicze-dla-kresowiakow-2\/#webpage"},"articleSection":"Uncategorized"},{"@type":"BreadcrumbList","@id":"https:\/\/www.spkatarzyna.pl\/index.php\/2023\/10\/23\/znicze-dla-kresowiakow-2\/#breadcrumblist","itemListElement":[{"@type":"ListItem","@id":"https:\/\/www.spkatarzyna.pl#listItem","position":1,"name":"Dom","item":"https:\/\/www.spkatarzyna.pl","nextItem":{"@type":"ListItem","@id":"https:\/\/www.spkatarzyna.pl\/index.php\/category\/uncategorized\/#listItem","name":"Uncategorized"}},{"@type":"ListItem","@id":"https:\/\/www.spkatarzyna.pl\/index.php\/category\/uncategorized\/#listItem","position":2,"name":"Uncategorized","item":"https:\/\/www.spkatarzyna.pl\/index.php\/category\/uncategorized\/","nextItem":{"@type":"ListItem","@id":"https:\/\/www.spkatarzyna.pl\/index.php\/2023\/10\/23\/znicze-dla-kresowiakow-2\/#listItem","name":"Znicze dla Kresowiak\u00f3w"},"previousItem":{"@type":"ListItem","@id":"https:\/\/www.spkatarzyna.pl#listItem","name":"Dom"}},{"@type":"ListItem","@id":"https:\/\/www.spkatarzyna.pl\/index.php\/2023\/10\/23\/znicze-dla-kresowiakow-2\/#listItem","position":3,"name":"Znicze dla Kresowiak\u00f3w","previousItem":{"@type":"ListItem","@id":"https:\/\/www.spkatarzyna.pl\/index.php\/category\/uncategorized\/#listItem","name":"Uncategorized"}}]},{"@type":"Organization","@id":"https:\/\/www.spkatarzyna.pl\/#organization","name":"SP Katarzyna","description":"Publiczna Szko\u0142a Podstawowa w \u015awi\u0119tej Katarzynie","url":"https:\/\/www.spkatarzyna.pl\/","telephone":"+48713116378","sameAs":["https:\/\/facebook.com\/","https:\/\/x.com\/","https:\/\/instagram.com\/","https:\/\/pinterest.com\/","https:\/\/youtube.com\/","https:\/\/linkedin.com\/in\/"]},{"@type":"Person","@id":"https:\/\/www.spkatarzyna.pl\/index.php\/author\/agatasafianspkatarzyna-pl\/#author","url":"https:\/\/www.spkatarzyna.pl\/index.php\/author\/agatasafianspkatarzyna-pl\/","name":"Redakcja","image":{"@type":"ImageObject","@id":"https:\/\/www.spkatarzyna.pl\/index.php\/2023\/10\/23\/znicze-dla-kresowiakow-2\/#authorImage","url":"https:\/\/secure.gravatar.com\/avatar\/765290513df94d442152250e92b42327?s=96&d=mm&r=g","width":96,"height":96,"caption":"Redakcja"}},{"@type":"WebPage","@id":"https:\/\/www.spkatarzyna.pl\/index.php\/2023\/10\/23\/znicze-dla-kresowiakow-2\/#webpage","url":"https:\/\/www.spkatarzyna.pl\/index.php\/2023\/10\/23\/znicze-dla-kresowiakow-2\/","name":"Znicze dla Kresowiak\u00f3w - SP Katarzyna","description":"Dnia 20.10.2023 r. dobieg\u0142a ko\u0144ca zainicjowana przez Stowarzyszenie Odra-Niemen akcja \u201cZnicze dla Kresowiak\u00f3w\u201d, kt\u00f3rej celem jest zachowanie pami\u0119ci o naszych Rodakach spoczywaj\u0105cych na Kresach. Akcja ma r\u00f3wnie\u017c wymiar edukacyjny, tj. poznanie historii dawnych ziem wschodniej Rzeczypospolitej. Uczniowie naszej szko\u0142y, pami\u0119taj\u0105c o swoim patriotycznym obowi\u0105zku, postanowili odda\u0107 ho\u0142d zmar\u0142ym i poleg\u0142ym rodakom. Uda\u0142o nam si\u0119 zebra\u0107","inLanguage":"pl-PL","isPartOf":{"@id":"https:\/\/www.spkatarzyna.pl\/#website"},"breadcrumb":{"@id":"https:\/\/www.spkatarzyna.pl\/index.php\/2023\/10\/23\/znicze-dla-kresowiakow-2\/#breadcrumblist"},"author":{"@id":"https:\/\/www.spkatarzyna.pl\/index.php\/author\/agatasafianspkatarzyna-pl\/#author"},"creator":{"@id":"https:\/\/www.spkatarzyna.pl\/index.php\/author\/agatasafianspkatarzyna-pl\/#author"},"image":{"@type":"ImageObject","url":"https:\/\/www.spkatarzyna.pl\/wp-content\/uploads\/2023\/10\/1-1.png","@id":"https:\/\/www.spkatarzyna.pl\/index.php\/2023\/10\/23\/znicze-dla-kresowiakow-2\/#mainImage","width":360,"height":202},"primaryImageOfPage":{"@id":"https:\/\/www.spkatarzyna.pl\/index.php\/2023\/10\/23\/znicze-dla-kresowiakow-2\/#mainImage"},"datePublished":"2023-10-23T20:01:55+02:00","dateModified":"2023-10-23T20:02:53+02:00"},{"@type":"WebSite","@id":"https:\/\/www.spkatarzyna.pl\/#website","url":"https:\/\/www.spkatarzyna.pl\/","name":"SP Katarzyna","description":"Publiczna Szko\u0142a Podstawowa w \u015awi\u0119tej Katarzynie","inLanguage":"pl-PL","publisher":{"@id":"https:\/\/www.spkatarzyna.pl\/#organization"}}]},"og:locale":"pl_PL","og:site_name":"SP Katarzyna - Publiczna Szko\u0142a Podstawowa w \u015awi\u0119tej Katarzynie","og:type":"article","og:title":"Znicze dla Kresowiak\u00f3w - SP Katarzyna","og:description":"Dnia 20.10.2023 r. dobieg\u0142a ko\u0144ca zainicjowana przez Stowarzyszenie Odra-Niemen akcja \u201cZnicze dla Kresowiak\u00f3w\u201d, kt\u00f3rej celem jest zachowanie pami\u0119ci o naszych Rodakach spoczywaj\u0105cych na Kresach. Akcja ma r\u00f3wnie\u017c wymiar edukacyjny, tj. poznanie historii dawnych ziem wschodniej Rzeczypospolitej. Uczniowie naszej szko\u0142y, pami\u0119taj\u0105c o swoim patriotycznym obowi\u0105zku, postanowili odda\u0107 ho\u0142d zmar\u0142ym i poleg\u0142ym rodakom. Uda\u0142o nam si\u0119 zebra\u0107","og:url":"https:\/\/www.spkatarzyna.pl\/index.php\/2023\/10\/23\/znicze-dla-kresowiakow-2\/","article:published_time":"2023-10-23T20:01:55+00:00","article:modified_time":"2023-10-23T20:02:53+00:00","twitter:card":"summary_large_image","twitter:title":"Znicze dla Kresowiak\u00f3w - SP Katarzyna","twitter:description":"Dnia 20.10.2023 r. dobieg\u0142a ko\u0144ca zainicjowana przez Stowarzyszenie Odra-Niemen akcja \u201cZnicze dla Kresowiak\u00f3w\u201d, kt\u00f3rej celem jest zachowanie pami\u0119ci o naszych Rodakach spoczywaj\u0105cych na Kresach. Akcja ma r\u00f3wnie\u017c wymiar edukacyjny, tj. poznanie historii dawnych ziem wschodniej Rzeczypospolitej. Uczniowie naszej szko\u0142y, pami\u0119taj\u0105c o swoim patriotycznym obowi\u0105zku, postanowili odda\u0107 ho\u0142d zmar\u0142ym i poleg\u0142ym rodakom. Uda\u0142o nam si\u0119 zebra\u0107"},"aioseo_meta_data":{"post_id":"6617","title":null,"description":null,"keywords":null,"keyphrases":null,"primary_term":null,"canonical_url":null,"og_title":null,"og_description":null,"og_object_type":"default","og_image_type":"default","og_image_url":null,"og_image_width":null,"og_image_height":null,"og_image_custom_url":null,"og_image_custom_fields":null,"og_video":null,"og_custom_url":null,"og_article_section":null,"og_article_tags":null,"twitter_use_og":false,"twitter_card":"default","twitter_image_type":"default","twitter_image_url":null,"twitter_image_custom_url":null,"twitter_image_custom_fields":null,"twitter_title":null,"twitter_description":null,"schema":{"blockGraphs":[],"customGraphs":[],"default":{"data":{"Article":[],"Course":[],"Dataset":[],"FAQPage":[],"Movie":[],"Person":[],"Product":[],"ProductReview":[],"Car":[],"Recipe":[],"Service":[],"SoftwareApplication":[],"WebPage":[]},"graphName":"","isEnabled":true},"graphs":[]},"schema_type":"default","schema_type_options":null,"pillar_content":false,"robots_default":true,"robots_noindex":false,"robots_noarchive":false,"robots_nosnippet":false,"robots_nofollow":false,"robots_noimageindex":false,"robots_noodp":false,"robots_notranslate":false,"robots_max_snippet":null,"robots_max_videopreview":null,"robots_max_imagepreview":"large","priority":null,"frequency":null,"local_seo":null,"limit_modified_date":false,"created":"2024-04-03 08:29:03","updated":"2026-09-03 14:51:51","focus_keyword":null,"additional_keywords":null,"truseo_locale":null,"ai":null,"breadcrumb_settings":null,"seo_analyzer_scan_date":null},"aioseo_breadcrumb":"<div class=\"aioseo-breadcrumbs\"><span class=\"aioseo-breadcrumb\">\n\t\t\t<a href=\"https:\/\/www.spkatarzyna.pl\" title=\"Dom\">Dom<\/a>\n\t\t<\/span><span class=\"aioseo-breadcrumb-separator\">&raquo;<\/span><span class=\"aioseo-breadcrumb\">\n\t\t\t<a href=\"https:\/\/www.spkatarzyna.pl\/index.php\/category\/uncategorized\/\" title=\"Uncategorized\">Uncategorized<\/a>\n\t\t<\/span><span class=\"aioseo-breadcrumb-separator\">&raquo;<\/span><span class=\"aioseo-breadcrumb\">\n\t\t\tZnicze dla Kresowiak\u00f3w\n\t\t<\/span><\/div>","aioseo_breadcrumb_json":[{"label":"Dom","link":"https:\/\/www.spkatarzyna.pl"},{"label":"Uncategorized","link":"https:\/\/www.spkatarzyna.pl\/index.php\/category\/uncategorized\/"},{"label":"Znicze dla Kresowiak\u00f3w","link":"https:\/\/www.spkatarzyna.pl\/index.php\/2023\/10\/23\/znicze-dla-kresowiakow-2\/"}],"_links":{"self":[{"href":"https:\/\/www.spkatarzyna.pl\/index.php\/wp-json\/wp\/v2\/posts\/6617","targetHints":{"allow":["GET"]}}],"collection":[{"href":"https:\/\/www.spkatarzyna.pl\/index.php\/wp-json\/wp\/v2\/posts"}],"about":[{"href":"https:\/\/www.spkatarzyna.pl\/index.php\/wp-json\/wp\/v2\/types\/post"}],"author":[{"embeddable":true,"href":"https:\/\/www.spkatarzyna.pl\/index.php\/wp-json\/wp\/v2\/users\/6"}],"replies":[{"embeddable":true,"href":"https:\/\/www.spkatarzyna.pl\/index.php\/wp-json\/wp\/v2\/comments?post=6617"}],"version-history":[{"count":4,"href":"https:\/\/www.spkatarzyna.pl\/index.php\/wp-json\/wp\/v2\/posts\/6617\/revisions"}],"predecessor-version":[{"id":6623,"href":"https:\/\/www.spkatarzyna.pl\/index.php\/wp-json\/wp\/v2\/posts\/6617\/revisions\/6623"}],"wp:featuredmedia":[{"embeddable":true,"href":"https:\/\/www.spkatarzyna.pl\/index.php\/wp-json\/wp\/v2\/media\/6618"}],"wp:attachment":[{"href":"https:\/\/www.spkatarzyna.pl\/index.php\/wp-json\/wp\/v2\/media?parent=6617"}],"wp:term":[{"taxonomy":"category","embeddable":true,"href":"https:\/\/www.spkatarzyna.pl\/index.php\/wp-json\/wp\/v2\/categories?post=6617"},{"taxonomy":"post_tag","embeddable":true,"href":"https:\/\/www.spkatarzyna.pl\/index.php\/wp-json\/wp\/v2\/tags?post=6617"}],"curies":[{"name":"wp","href":"https:\/\/api.w.org\/{rel}","templated":true}]}}