{"id":6625,"date":"2023-10-24T12:52:56","date_gmt":"2023-10-24T12:52:56","guid":{"rendered":"http:\/\/www.spkatarzyna.pl\/?p=6625"},"modified":"2023-10-24T12:54:39","modified_gmt":"2023-10-24T12:54:39","slug":"6625","status":"publish","type":"post","link":"https:\/\/www.spkatarzyna.pl\/index.php\/2023\/10\/24\/6625\/","title":{"rendered":"Pr\u00f3bna ewakuacja naszej szko\u0142y"},"content":{"rendered":"\t\t<div data-elementor-type=\"wp-post\" data-elementor-id=\"6625\" class=\"elementor elementor-6625\">\n\t\t\t\t\t\t<section class=\"elementor-section elementor-top-section elementor-element elementor-element-692a0597 elementor-section-boxed elementor-section-height-default elementor-section-height-default\" data-id=\"692a0597\" data-element_type=\"section\">\n\t\t\t\t\t\t<div class=\"elementor-container elementor-column-gap-default\">\n\t\t\t\t\t<div class=\"elementor-column elementor-col-100 elementor-top-column elementor-element elementor-element-3e12225e\" data-id=\"3e12225e\" data-element_type=\"column\">\n\t\t\t<div class=\"elementor-widget-wrap elementor-element-populated\">\n\t\t\t\t\t\t<div class=\"elementor-element elementor-element-2f91544e elementor-widget elementor-widget-text-editor\" data-id=\"2f91544e\" data-element_type=\"widget\" data-widget_type=\"text-editor.default\">\n\t\t\t\t\t\t\t\t\t<div style=\"text-align: justify;\"><span style=\"font-size: 14pt;\">Dzi\u015b 24 pa\u017adziernika odby\u0142a si\u0119 pr\u00f3bna ewakuacja naszej szko\u0142y. Wszystko przebiega\u0142o zgodnie z &nbsp;procedurami. Uczniowie sprawnie opu\u015bcili klasy i pod opiek\u0105 nauczycieli udali si\u0119 na miejsca zbi\u00f3rki &#8211; w tym roku po raz pierwszy mieli\u015bmy dwa punkty (boisko szkolne i teren zielony przed szko\u0142\u0105). <\/span><\/div>\r\n<div>&nbsp;<\/div>\r\n<div style=\"text-align: justify;\"><span style=\"font-size: 14pt;\">Bardzo dzi\u0119kujemy stra\u017cakom z Ochotniczej Stra\u017cy Po\u017carnej ze \u015awi\u0119tej Katarzyny za pomoc i wsp\u00f3\u0142prac\u0119. Tym bardziej jest nam mi\u0142o, \u017ce w\u015br\u00f3d stra\u017cak\u00f3w s\u0105 absolwenci naszej szko\u0142y. <\/span><\/div>\r\n<div style=\"text-align: justify;\"><span style=\"font-size: 14pt;\">Oby\u015bmy spotykali si\u0119 tylko przy takich akcjach.&nbsp;<\/span><\/div>\r\n<div>&nbsp;<\/div>\r\n<div style=\"text-align: right;\">&nbsp;<\/div>\t\t\t\t\t\t\t\t<\/div>\n\t\t\t\t\t<\/div>\n\t\t<\/div>\n\t\t\t\t\t<\/div>\n\t\t<\/section>\n\t\t\t\t<section class=\"elementor-section elementor-top-section elementor-element elementor-element-680d4f9 elementor-section-boxed elementor-section-height-default elementor-section-height-default\" data-id=\"680d4f9\" data-element_type=\"section\">\n\t\t\t\t\t\t<div class=\"elementor-container elementor-column-gap-default\">\n\t\t\t\t\t<div class=\"elementor-column elementor-col-100 elementor-top-column elementor-element elementor-element-90afaea\" data-id=\"90afaea\" data-element_type=\"column\">\n\t\t\t<div class=\"elementor-widget-wrap elementor-element-populated\">\n\t\t\t\t\t\t<div class=\"elementor-element elementor-element-281ce9a elementor-widget elementor-widget-image-gallery\" data-id=\"281ce9a\" data-element_type=\"widget\" data-widget_type=\"image-gallery.default\">\n\t\t\t\t\t\t\t<div class=\"elementor-image-gallery\">\n\t\t\t\n\t\t<div id='gallery-1' class='gallery galleryid-6625 gallery-columns-4 gallery-size-thumbnail gallery1'><script type=\"text\/javascript\">\n\/\/ <![CDATA[\n\tjQuery(document).ready(function () {\n\t\tjQuery(\".gallery1 a\").attr(\"rel\",\"gallery1\");\t\n\t\tjQuery('a[rel=\"gallery1\"]').colorbox({title: function(){ return jQuery(this).children().attr(\"alt\"); }});\n\t});\n\/\/ ]]>\n<\/script>\n<dl class=\"gallery-item\">\n<dt class=\"gallery-icon\">\n<a href=\"https:\/\/www.spkatarzyna.pl\/wp-content\/uploads\/2023\/10\/72120a44-135b-494a-ba65-c590886534bb-225x300.jpg\" title=\"\" rel=\"gallery1\" rel=\"lightbox[6625]\"><img decoding=\"async\" src=\"https:\/\/www.spkatarzyna.pl\/wp-content\/uploads\/2023\/10\/72120a44-135b-494a-ba65-c590886534bb-150x150.jpg\" width=\"150\" height=\"150\" alt=\"\" \/><\/a>\n<\/dt><\/dl><dl class=\"gallery-item\">\n<dt class=\"gallery-icon\">\n<a href=\"https:\/\/www.spkatarzyna.pl\/wp-content\/uploads\/2023\/10\/37cae874-00d7-4e35-aaf3-4f562d640b45-300x225.jpg\" title=\"\" rel=\"gallery1\" rel=\"lightbox[6625]\"><img decoding=\"async\" src=\"https:\/\/www.spkatarzyna.pl\/wp-content\/uploads\/2023\/10\/37cae874-00d7-4e35-aaf3-4f562d640b45-150x150.jpg\" width=\"150\" height=\"150\" alt=\"\" \/><\/a>\n<\/dt><\/dl><dl class=\"gallery-item\">\n<dt class=\"gallery-icon\">\n<a href=\"https:\/\/www.spkatarzyna.pl\/wp-content\/uploads\/2023\/10\/673c7c41-7722-400b-93ec-23c1800bad9f-300x225.jpg\" title=\"\" rel=\"gallery1\" rel=\"lightbox[6625]\"><img decoding=\"async\" src=\"https:\/\/www.spkatarzyna.pl\/wp-content\/uploads\/2023\/10\/673c7c41-7722-400b-93ec-23c1800bad9f-150x150.jpg\" width=\"150\" height=\"150\" alt=\"\" \/><\/a>\n<\/dt><\/dl><dl class=\"gallery-item\">\n<dt class=\"gallery-icon\">\n<a href=\"https:\/\/www.spkatarzyna.pl\/wp-content\/uploads\/2023\/10\/a4a0a649-8055-4a4e-8165-efae7c300c9d-300x225.jpg\" title=\"\" rel=\"gallery1\" rel=\"lightbox[6625]\"><img loading=\"lazy\" decoding=\"async\" src=\"https:\/\/www.spkatarzyna.pl\/wp-content\/uploads\/2023\/10\/a4a0a649-8055-4a4e-8165-efae7c300c9d-150x150.jpg\" width=\"150\" height=\"150\" alt=\"\" \/><\/a>\n<\/dt><\/dl><br style=\"clear: both\" \/><dl class=\"gallery-item\">\n<dt class=\"gallery-icon\">\n<a href=\"https:\/\/www.spkatarzyna.pl\/wp-content\/uploads\/2023\/10\/f77997c7-9922-48a0-b16e-f95abf9c08a6-225x300.jpg\" title=\"\" rel=\"gallery1\" rel=\"lightbox[6625]\"><img loading=\"lazy\" decoding=\"async\" src=\"https:\/\/www.spkatarzyna.pl\/wp-content\/uploads\/2023\/10\/f77997c7-9922-48a0-b16e-f95abf9c08a6-150x150.jpg\" width=\"150\" height=\"150\" alt=\"\" \/><\/a>\n<\/dt><\/dl><dl class=\"gallery-item\">\n<dt class=\"gallery-icon\">\n<a href=\"https:\/\/www.spkatarzyna.pl\/wp-content\/uploads\/2023\/10\/a9bd6be5-3724-422e-838d-fe104d7e4b81-300x225.jpg\" title=\"\" rel=\"gallery1\" rel=\"lightbox[6625]\"><img loading=\"lazy\" decoding=\"async\" src=\"https:\/\/www.spkatarzyna.pl\/wp-content\/uploads\/2023\/10\/a9bd6be5-3724-422e-838d-fe104d7e4b81-150x150.jpg\" width=\"150\" height=\"150\" alt=\"\" \/><\/a>\n<\/dt><\/dl><br style=\"clear: both\" \/><\/div>\t\t<\/div>\n\t\t\t\t\t\t<\/div>\n\t\t\t\t\t<\/div>\n\t\t<\/div>\n\t\t\t\t\t<\/div>\n\t\t<\/section>\n\t\t\t\t<\/div>\n\t\t","protected":false},"excerpt":{"rendered":"<p>Dzi\u015b 24 pa\u017adziernika odby\u0142a si\u0119 pr\u00f3bna ewakuacja naszej szko\u0142y. Wszystko przebiega\u0142o zgodnie z &nbsp;procedurami. Uczniowie sprawnie opu\u015bcili klasy i pod opiek\u0105 nauczycieli udali si\u0119 na miejsca zbi\u00f3rki &#8211; w tym roku po raz pierwszy mieli\u015bmy dwa punkty (boisko szkolne i teren zielony przed szko\u0142\u0105). &nbsp; Bardzo dzi\u0119kujemy stra\u017cakom z Ochotniczej [&hellip;]<\/p>\n","protected":false},"author":6,"featured_media":6626,"comment_status":"open","ping_status":"open","sticky":false,"template":"","format":"standard","meta":{"om_disable_all_campaigns":false,"_monsterinsights_skip_tracking":false,"ngg_post_thumbnail":0,"footnotes":""},"categories":[1],"tags":[],"class_list":["post-6625","post","type-post","status-publish","format-standard","has-post-thumbnail","hentry","category-uncategorized"],"aioseo_notices":[],"aioseo_head":"\n\t\t<!-- All in One SEO 5.0.1.1 - aioseo.com -->\n\t<meta name=\"description\" content=\"Dzi\u015b 24 pa\u017adziernika odby\u0142a si\u0119 pr\u00f3bna ewakuacja naszej szko\u0142y. Wszystko przebiega\u0142o zgodnie z procedurami. Uczniowie sprawnie opu\u015bcili klasy i pod opiek\u0105 nauczycieli udali si\u0119 na miejsca zbi\u00f3rki \u2013 w tym roku po raz pierwszy mieli\u015bmy dwa punkty (boisko szkolne i teren zielony przed szko\u0142\u0105). Bardzo dzi\u0119kujemy stra\u017cakom z Ochotniczej Stra\u017cy Po\u017carnej ze \u015awi\u0119tej Katarzyny\" \/>\n\t<meta name=\"robots\" content=\"max-image-preview:large\" \/>\n\t<meta name=\"author\" content=\"Redakcja\"\/>\n\t<link rel=\"canonical\" href=\"https:\/\/www.spkatarzyna.pl\/index.php\/2023\/10\/24\/6625\/\" \/>\n\t<meta name=\"generator\" content=\"All in One SEO (AIOSEO) 5.0.1.1\" \/>\n\t\t<meta property=\"og:locale\" content=\"pl_PL\" \/>\n\t\t<meta property=\"og:site_name\" content=\"SP Katarzyna - Publiczna Szko\u0142a Podstawowa w \u015awi\u0119tej Katarzynie\" \/>\n\t\t<meta property=\"og:type\" content=\"article\" \/>\n\t\t<meta property=\"og:title\" content=\"Pr\u00f3bna ewakuacja naszej szko\u0142y - SP Katarzyna\" \/>\n\t\t<meta property=\"og:description\" content=\"Dzi\u015b 24 pa\u017adziernika odby\u0142a si\u0119 pr\u00f3bna ewakuacja naszej szko\u0142y. Wszystko przebiega\u0142o zgodnie z procedurami. Uczniowie sprawnie opu\u015bcili klasy i pod opiek\u0105 nauczycieli udali si\u0119 na miejsca zbi\u00f3rki \u2013 w tym roku po raz pierwszy mieli\u015bmy dwa punkty (boisko szkolne i teren zielony przed szko\u0142\u0105). Bardzo dzi\u0119kujemy stra\u017cakom z Ochotniczej Stra\u017cy Po\u017carnej ze \u015awi\u0119tej Katarzyny\" \/>\n\t\t<meta property=\"og:url\" content=\"https:\/\/www.spkatarzyna.pl\/index.php\/2023\/10\/24\/6625\/\" \/>\n\t\t<meta property=\"article:published_time\" content=\"2023-10-24T12:52:56+00:00\" \/>\n\t\t<meta property=\"article:modified_time\" content=\"2023-10-24T12:54:39+00:00\" \/>\n\t\t<meta name=\"twitter:card\" content=\"summary_large_image\" \/>\n\t\t<meta name=\"twitter:title\" content=\"Pr\u00f3bna ewakuacja naszej szko\u0142y - SP Katarzyna\" \/>\n\t\t<meta name=\"twitter:description\" content=\"Dzi\u015b 24 pa\u017adziernika odby\u0142a si\u0119 pr\u00f3bna ewakuacja naszej szko\u0142y. Wszystko przebiega\u0142o zgodnie z procedurami. Uczniowie sprawnie opu\u015bcili klasy i pod opiek\u0105 nauczycieli udali si\u0119 na miejsca zbi\u00f3rki \u2013 w tym roku po raz pierwszy mieli\u015bmy dwa punkty (boisko szkolne i teren zielony przed szko\u0142\u0105). Bardzo dzi\u0119kujemy stra\u017cakom z Ochotniczej Stra\u017cy Po\u017carnej ze \u015awi\u0119tej Katarzyny\" \/>\n\t\t<script type=\"application\/ld+json\" class=\"aioseo-schema\">\n\t\t\t{\"@context\":\"https:\\\/\\\/schema.org\",\"@graph\":[{\"@type\":\"BlogPosting\",\"@id\":\"https:\\\/\\\/www.spkatarzyna.pl\\\/index.php\\\/2023\\\/10\\\/24\\\/6625\\\/#blogposting\",\"name\":\"Pr\\u00f3bna ewakuacja naszej szko\\u0142y - SP Katarzyna\",\"headline\":\"Pr\\u00f3bna ewakuacja naszej szko\\u0142y\",\"author\":{\"@id\":\"https:\\\/\\\/www.spkatarzyna.pl\\\/index.php\\\/author\\\/agatasafianspkatarzyna-pl\\\/#author\"},\"publisher\":{\"@id\":\"https:\\\/\\\/www.spkatarzyna.pl\\\/#organization\"},\"image\":{\"@type\":\"ImageObject\",\"url\":\"https:\\\/\\\/www.spkatarzyna.pl\\\/wp-content\\\/uploads\\\/2023\\\/10\\\/37cae874-00d7-4e35-aaf3-4f562d64.jpg\",\"width\":360,\"height\":202},\"datePublished\":\"2023-10-24T12:52:56+02:00\",\"dateModified\":\"2023-10-24T12:54:39+02:00\",\"inLanguage\":\"pl-PL\",\"mainEntityOfPage\":{\"@id\":\"https:\\\/\\\/www.spkatarzyna.pl\\\/index.php\\\/2023\\\/10\\\/24\\\/6625\\\/#webpage\"},\"isPartOf\":{\"@id\":\"https:\\\/\\\/www.spkatarzyna.pl\\\/index.php\\\/2023\\\/10\\\/24\\\/6625\\\/#webpage\"},\"articleSection\":\"Uncategorized\"},{\"@type\":\"BreadcrumbList\",\"@id\":\"https:\\\/\\\/www.spkatarzyna.pl\\\/index.php\\\/2023\\\/10\\\/24\\\/6625\\\/#breadcrumblist\",\"itemListElement\":[{\"@type\":\"ListItem\",\"@id\":\"https:\\\/\\\/www.spkatarzyna.pl#listItem\",\"position\":1,\"name\":\"Dom\",\"item\":\"https:\\\/\\\/www.spkatarzyna.pl\",\"nextItem\":{\"@type\":\"ListItem\",\"@id\":\"https:\\\/\\\/www.spkatarzyna.pl\\\/index.php\\\/category\\\/uncategorized\\\/#listItem\",\"name\":\"Uncategorized\"}},{\"@type\":\"ListItem\",\"@id\":\"https:\\\/\\\/www.spkatarzyna.pl\\\/index.php\\\/category\\\/uncategorized\\\/#listItem\",\"position\":2,\"name\":\"Uncategorized\",\"item\":\"https:\\\/\\\/www.spkatarzyna.pl\\\/index.php\\\/category\\\/uncategorized\\\/\",\"nextItem\":{\"@type\":\"ListItem\",\"@id\":\"https:\\\/\\\/www.spkatarzyna.pl\\\/index.php\\\/2023\\\/10\\\/24\\\/6625\\\/#listItem\",\"name\":\"Pr\\u00f3bna ewakuacja naszej szko\\u0142y\"},\"previousItem\":{\"@type\":\"ListItem\",\"@id\":\"https:\\\/\\\/www.spkatarzyna.pl#listItem\",\"name\":\"Dom\"}},{\"@type\":\"ListItem\",\"@id\":\"https:\\\/\\\/www.spkatarzyna.pl\\\/index.php\\\/2023\\\/10\\\/24\\\/6625\\\/#listItem\",\"position\":3,\"name\":\"Pr\\u00f3bna ewakuacja naszej szko\\u0142y\",\"previousItem\":{\"@type\":\"ListItem\",\"@id\":\"https:\\\/\\\/www.spkatarzyna.pl\\\/index.php\\\/category\\\/uncategorized\\\/#listItem\",\"name\":\"Uncategorized\"}}]},{\"@type\":\"Organization\",\"@id\":\"https:\\\/\\\/www.spkatarzyna.pl\\\/#organization\",\"name\":\"SP Katarzyna\",\"description\":\"Publiczna Szko\\u0142a Podstawowa w \\u015awi\\u0119tej Katarzynie\",\"url\":\"https:\\\/\\\/www.spkatarzyna.pl\\\/\",\"telephone\":\"+48713116378\",\"sameAs\":[\"https:\\\/\\\/facebook.com\\\/\",\"https:\\\/\\\/x.com\\\/\",\"https:\\\/\\\/instagram.com\\\/\",\"https:\\\/\\\/pinterest.com\\\/\",\"https:\\\/\\\/youtube.com\\\/\",\"https:\\\/\\\/linkedin.com\\\/in\\\/\"]},{\"@type\":\"Person\",\"@id\":\"https:\\\/\\\/www.spkatarzyna.pl\\\/index.php\\\/author\\\/agatasafianspkatarzyna-pl\\\/#author\",\"url\":\"https:\\\/\\\/www.spkatarzyna.pl\\\/index.php\\\/author\\\/agatasafianspkatarzyna-pl\\\/\",\"name\":\"Redakcja\",\"image\":{\"@type\":\"ImageObject\",\"@id\":\"https:\\\/\\\/www.spkatarzyna.pl\\\/index.php\\\/2023\\\/10\\\/24\\\/6625\\\/#authorImage\",\"url\":\"https:\\\/\\\/secure.gravatar.com\\\/avatar\\\/765290513df94d442152250e92b42327?s=96&d=mm&r=g\",\"width\":96,\"height\":96,\"caption\":\"Redakcja\"}},{\"@type\":\"WebPage\",\"@id\":\"https:\\\/\\\/www.spkatarzyna.pl\\\/index.php\\\/2023\\\/10\\\/24\\\/6625\\\/#webpage\",\"url\":\"https:\\\/\\\/www.spkatarzyna.pl\\\/index.php\\\/2023\\\/10\\\/24\\\/6625\\\/\",\"name\":\"Pr\\u00f3bna ewakuacja naszej szko\\u0142y - SP Katarzyna\",\"description\":\"Dzi\\u015b 24 pa\\u017adziernika odby\\u0142a si\\u0119 pr\\u00f3bna ewakuacja naszej szko\\u0142y. Wszystko przebiega\\u0142o zgodnie z procedurami. Uczniowie sprawnie opu\\u015bcili klasy i pod opiek\\u0105 nauczycieli udali si\\u0119 na miejsca zbi\\u00f3rki \\u2013 w tym roku po raz pierwszy mieli\\u015bmy dwa punkty (boisko szkolne i teren zielony przed szko\\u0142\\u0105). Bardzo dzi\\u0119kujemy stra\\u017cakom z Ochotniczej Stra\\u017cy Po\\u017carnej ze \\u015awi\\u0119tej Katarzyny\",\"inLanguage\":\"pl-PL\",\"isPartOf\":{\"@id\":\"https:\\\/\\\/www.spkatarzyna.pl\\\/#website\"},\"breadcrumb\":{\"@id\":\"https:\\\/\\\/www.spkatarzyna.pl\\\/index.php\\\/2023\\\/10\\\/24\\\/6625\\\/#breadcrumblist\"},\"author\":{\"@id\":\"https:\\\/\\\/www.spkatarzyna.pl\\\/index.php\\\/author\\\/agatasafianspkatarzyna-pl\\\/#author\"},\"creator\":{\"@id\":\"https:\\\/\\\/www.spkatarzyna.pl\\\/index.php\\\/author\\\/agatasafianspkatarzyna-pl\\\/#author\"},\"image\":{\"@type\":\"ImageObject\",\"url\":\"https:\\\/\\\/www.spkatarzyna.pl\\\/wp-content\\\/uploads\\\/2023\\\/10\\\/37cae874-00d7-4e35-aaf3-4f562d64.jpg\",\"@id\":\"https:\\\/\\\/www.spkatarzyna.pl\\\/index.php\\\/2023\\\/10\\\/24\\\/6625\\\/#mainImage\",\"width\":360,\"height\":202},\"primaryImageOfPage\":{\"@id\":\"https:\\\/\\\/www.spkatarzyna.pl\\\/index.php\\\/2023\\\/10\\\/24\\\/6625\\\/#mainImage\"},\"datePublished\":\"2023-10-24T12:52:56+02:00\",\"dateModified\":\"2023-10-24T12:54:39+02:00\"},{\"@type\":\"WebSite\",\"@id\":\"https:\\\/\\\/www.spkatarzyna.pl\\\/#website\",\"url\":\"https:\\\/\\\/www.spkatarzyna.pl\\\/\",\"name\":\"SP Katarzyna\",\"description\":\"Publiczna Szko\\u0142a Podstawowa w \\u015awi\\u0119tej Katarzynie\",\"inLanguage\":\"pl-PL\",\"publisher\":{\"@id\":\"https:\\\/\\\/www.spkatarzyna.pl\\\/#organization\"}}]}\n\t\t<\/script>\n\t\t<!-- All in One SEO -->\n\n","aioseo_head_json":{"title":"Pr\u00f3bna ewakuacja naszej szko\u0142y - SP Katarzyna","description":"Dzi\u015b 24 pa\u017adziernika odby\u0142a si\u0119 pr\u00f3bna ewakuacja naszej szko\u0142y. Wszystko przebiega\u0142o zgodnie z procedurami. Uczniowie sprawnie opu\u015bcili klasy i pod opiek\u0105 nauczycieli udali si\u0119 na miejsca zbi\u00f3rki \u2013 w tym roku po raz pierwszy mieli\u015bmy dwa punkty (boisko szkolne i teren zielony przed szko\u0142\u0105). Bardzo dzi\u0119kujemy stra\u017cakom z Ochotniczej Stra\u017cy Po\u017carnej ze \u015awi\u0119tej Katarzyny","canonical_url":"https:\/\/www.spkatarzyna.pl\/index.php\/2023\/10\/24\/6625\/","robots":"max-image-preview:large","keywords":"","webmasterTools":{"miscellaneous":""},"schema":{"@context":"https:\/\/schema.org","@graph":[{"@type":"BlogPosting","@id":"https:\/\/www.spkatarzyna.pl\/index.php\/2023\/10\/24\/6625\/#blogposting","name":"Pr\u00f3bna ewakuacja naszej szko\u0142y - SP Katarzyna","headline":"Pr\u00f3bna ewakuacja naszej szko\u0142y","author":{"@id":"https:\/\/www.spkatarzyna.pl\/index.php\/author\/agatasafianspkatarzyna-pl\/#author"},"publisher":{"@id":"https:\/\/www.spkatarzyna.pl\/#organization"},"image":{"@type":"ImageObject","url":"https:\/\/www.spkatarzyna.pl\/wp-content\/uploads\/2023\/10\/37cae874-00d7-4e35-aaf3-4f562d64.jpg","width":360,"height":202},"datePublished":"2023-10-24T12:52:56+02:00","dateModified":"2023-10-24T12:54:39+02:00","inLanguage":"pl-PL","mainEntityOfPage":{"@id":"https:\/\/www.spkatarzyna.pl\/index.php\/2023\/10\/24\/6625\/#webpage"},"isPartOf":{"@id":"https:\/\/www.spkatarzyna.pl\/index.php\/2023\/10\/24\/6625\/#webpage"},"articleSection":"Uncategorized"},{"@type":"BreadcrumbList","@id":"https:\/\/www.spkatarzyna.pl\/index.php\/2023\/10\/24\/6625\/#breadcrumblist","itemListElement":[{"@type":"ListItem","@id":"https:\/\/www.spkatarzyna.pl#listItem","position":1,"name":"Dom","item":"https:\/\/www.spkatarzyna.pl","nextItem":{"@type":"ListItem","@id":"https:\/\/www.spkatarzyna.pl\/index.php\/category\/uncategorized\/#listItem","name":"Uncategorized"}},{"@type":"ListItem","@id":"https:\/\/www.spkatarzyna.pl\/index.php\/category\/uncategorized\/#listItem","position":2,"name":"Uncategorized","item":"https:\/\/www.spkatarzyna.pl\/index.php\/category\/uncategorized\/","nextItem":{"@type":"ListItem","@id":"https:\/\/www.spkatarzyna.pl\/index.php\/2023\/10\/24\/6625\/#listItem","name":"Pr\u00f3bna ewakuacja naszej szko\u0142y"},"previousItem":{"@type":"ListItem","@id":"https:\/\/www.spkatarzyna.pl#listItem","name":"Dom"}},{"@type":"ListItem","@id":"https:\/\/www.spkatarzyna.pl\/index.php\/2023\/10\/24\/6625\/#listItem","position":3,"name":"Pr\u00f3bna ewakuacja naszej szko\u0142y","previousItem":{"@type":"ListItem","@id":"https:\/\/www.spkatarzyna.pl\/index.php\/category\/uncategorized\/#listItem","name":"Uncategorized"}}]},{"@type":"Organization","@id":"https:\/\/www.spkatarzyna.pl\/#organization","name":"SP Katarzyna","description":"Publiczna Szko\u0142a Podstawowa w \u015awi\u0119tej Katarzynie","url":"https:\/\/www.spkatarzyna.pl\/","telephone":"+48713116378","sameAs":["https:\/\/facebook.com\/","https:\/\/x.com\/","https:\/\/instagram.com\/","https:\/\/pinterest.com\/","https:\/\/youtube.com\/","https:\/\/linkedin.com\/in\/"]},{"@type":"Person","@id":"https:\/\/www.spkatarzyna.pl\/index.php\/author\/agatasafianspkatarzyna-pl\/#author","url":"https:\/\/www.spkatarzyna.pl\/index.php\/author\/agatasafianspkatarzyna-pl\/","name":"Redakcja","image":{"@type":"ImageObject","@id":"https:\/\/www.spkatarzyna.pl\/index.php\/2023\/10\/24\/6625\/#authorImage","url":"https:\/\/secure.gravatar.com\/avatar\/765290513df94d442152250e92b42327?s=96&d=mm&r=g","width":96,"height":96,"caption":"Redakcja"}},{"@type":"WebPage","@id":"https:\/\/www.spkatarzyna.pl\/index.php\/2023\/10\/24\/6625\/#webpage","url":"https:\/\/www.spkatarzyna.pl\/index.php\/2023\/10\/24\/6625\/","name":"Pr\u00f3bna ewakuacja naszej szko\u0142y - SP Katarzyna","description":"Dzi\u015b 24 pa\u017adziernika odby\u0142a si\u0119 pr\u00f3bna ewakuacja naszej szko\u0142y. Wszystko przebiega\u0142o zgodnie z procedurami. Uczniowie sprawnie opu\u015bcili klasy i pod opiek\u0105 nauczycieli udali si\u0119 na miejsca zbi\u00f3rki \u2013 w tym roku po raz pierwszy mieli\u015bmy dwa punkty (boisko szkolne i teren zielony przed szko\u0142\u0105). Bardzo dzi\u0119kujemy stra\u017cakom z Ochotniczej Stra\u017cy Po\u017carnej ze \u015awi\u0119tej Katarzyny","inLanguage":"pl-PL","isPartOf":{"@id":"https:\/\/www.spkatarzyna.pl\/#website"},"breadcrumb":{"@id":"https:\/\/www.spkatarzyna.pl\/index.php\/2023\/10\/24\/6625\/#breadcrumblist"},"author":{"@id":"https:\/\/www.spkatarzyna.pl\/index.php\/author\/agatasafianspkatarzyna-pl\/#author"},"creator":{"@id":"https:\/\/www.spkatarzyna.pl\/index.php\/author\/agatasafianspkatarzyna-pl\/#author"},"image":{"@type":"ImageObject","url":"https:\/\/www.spkatarzyna.pl\/wp-content\/uploads\/2023\/10\/37cae874-00d7-4e35-aaf3-4f562d64.jpg","@id":"https:\/\/www.spkatarzyna.pl\/index.php\/2023\/10\/24\/6625\/#mainImage","width":360,"height":202},"primaryImageOfPage":{"@id":"https:\/\/www.spkatarzyna.pl\/index.php\/2023\/10\/24\/6625\/#mainImage"},"datePublished":"2023-10-24T12:52:56+02:00","dateModified":"2023-10-24T12:54:39+02:00"},{"@type":"WebSite","@id":"https:\/\/www.spkatarzyna.pl\/#website","url":"https:\/\/www.spkatarzyna.pl\/","name":"SP Katarzyna","description":"Publiczna Szko\u0142a Podstawowa w \u015awi\u0119tej Katarzynie","inLanguage":"pl-PL","publisher":{"@id":"https:\/\/www.spkatarzyna.pl\/#organization"}}]},"og:locale":"pl_PL","og:site_name":"SP Katarzyna - Publiczna Szko\u0142a Podstawowa w \u015awi\u0119tej Katarzynie","og:type":"article","og:title":"Pr\u00f3bna ewakuacja naszej szko\u0142y - SP Katarzyna","og:description":"Dzi\u015b 24 pa\u017adziernika odby\u0142a si\u0119 pr\u00f3bna ewakuacja naszej szko\u0142y. Wszystko przebiega\u0142o zgodnie z procedurami. Uczniowie sprawnie opu\u015bcili klasy i pod opiek\u0105 nauczycieli udali si\u0119 na miejsca zbi\u00f3rki \u2013 w tym roku po raz pierwszy mieli\u015bmy dwa punkty (boisko szkolne i teren zielony przed szko\u0142\u0105). Bardzo dzi\u0119kujemy stra\u017cakom z Ochotniczej Stra\u017cy Po\u017carnej ze \u015awi\u0119tej Katarzyny","og:url":"https:\/\/www.spkatarzyna.pl\/index.php\/2023\/10\/24\/6625\/","article:published_time":"2023-10-24T12:52:56+00:00","article:modified_time":"2023-10-24T12:54:39+00:00","twitter:card":"summary_large_image","twitter:title":"Pr\u00f3bna ewakuacja naszej szko\u0142y - SP Katarzyna","twitter:description":"Dzi\u015b 24 pa\u017adziernika odby\u0142a si\u0119 pr\u00f3bna ewakuacja naszej szko\u0142y. Wszystko przebiega\u0142o zgodnie z procedurami. Uczniowie sprawnie opu\u015bcili klasy i pod opiek\u0105 nauczycieli udali si\u0119 na miejsca zbi\u00f3rki \u2013 w tym roku po raz pierwszy mieli\u015bmy dwa punkty (boisko szkolne i teren zielony przed szko\u0142\u0105). Bardzo dzi\u0119kujemy stra\u017cakom z Ochotniczej Stra\u017cy Po\u017carnej ze \u015awi\u0119tej Katarzyny"},"aioseo_meta_data":{"post_id":"6625","title":null,"description":null,"keywords":null,"keyphrases":null,"primary_term":null,"canonical_url":null,"og_title":null,"og_description":null,"og_object_type":"default","og_image_type":"default","og_image_url":null,"og_image_width":null,"og_image_height":null,"og_image_custom_url":null,"og_image_custom_fields":null,"og_video":null,"og_custom_url":null,"og_article_section":null,"og_article_tags":null,"twitter_use_og":false,"twitter_card":"default","twitter_image_type":"default","twitter_image_url":null,"twitter_image_custom_url":null,"twitter_image_custom_fields":null,"twitter_title":null,"twitter_description":null,"schema":{"blockGraphs":[],"customGraphs":[],"default":{"data":{"Article":[],"Course":[],"Dataset":[],"FAQPage":[],"Movie":[],"Person":[],"Product":[],"ProductReview":[],"Car":[],"Recipe":[],"Service":[],"SoftwareApplication":[],"WebPage":[]},"graphName":"","isEnabled":true},"graphs":[]},"schema_type":"default","schema_type_options":null,"pillar_content":false,"robots_default":true,"robots_noindex":false,"robots_noarchive":false,"robots_nosnippet":false,"robots_nofollow":false,"robots_noimageindex":false,"robots_noodp":false,"robots_notranslate":false,"robots_max_snippet":null,"robots_max_videopreview":null,"robots_max_imagepreview":"large","priority":null,"frequency":null,"local_seo":null,"limit_modified_date":false,"created":"2024-04-03 08:29:03","updated":"2026-09-03 14:51:51","focus_keyword":null,"additional_keywords":null,"truseo_locale":null,"ai":null,"breadcrumb_settings":null,"seo_analyzer_scan_date":null},"aioseo_breadcrumb":"<div class=\"aioseo-breadcrumbs\"><span class=\"aioseo-breadcrumb\">\n\t\t\t<a href=\"https:\/\/www.spkatarzyna.pl\" title=\"Dom\">Dom<\/a>\n\t\t<\/span><span class=\"aioseo-breadcrumb-separator\">&raquo;<\/span><span class=\"aioseo-breadcrumb\">\n\t\t\t<a href=\"https:\/\/www.spkatarzyna.pl\/index.php\/category\/uncategorized\/\" title=\"Uncategorized\">Uncategorized<\/a>\n\t\t<\/span><span class=\"aioseo-breadcrumb-separator\">&raquo;<\/span><span class=\"aioseo-breadcrumb\">\n\t\t\tPr\u00f3bna ewakuacja naszej szko\u0142y\n\t\t<\/span><\/div>","aioseo_breadcrumb_json":[{"label":"Dom","link":"https:\/\/www.spkatarzyna.pl"},{"label":"Uncategorized","link":"https:\/\/www.spkatarzyna.pl\/index.php\/category\/uncategorized\/"},{"label":"Pr\u00f3bna ewakuacja naszej szko\u0142y","link":"https:\/\/www.spkatarzyna.pl\/index.php\/2023\/10\/24\/6625\/"}],"_links":{"self":[{"href":"https:\/\/www.spkatarzyna.pl\/index.php\/wp-json\/wp\/v2\/posts\/6625","targetHints":{"allow":["GET"]}}],"collection":[{"href":"https:\/\/www.spkatarzyna.pl\/index.php\/wp-json\/wp\/v2\/posts"}],"about":[{"href":"https:\/\/www.spkatarzyna.pl\/index.php\/wp-json\/wp\/v2\/types\/post"}],"author":[{"embeddable":true,"href":"https:\/\/www.spkatarzyna.pl\/index.php\/wp-json\/wp\/v2\/users\/6"}],"replies":[{"embeddable":true,"href":"https:\/\/www.spkatarzyna.pl\/index.php\/wp-json\/wp\/v2\/comments?post=6625"}],"version-history":[{"count":5,"href":"https:\/\/www.spkatarzyna.pl\/index.php\/wp-json\/wp\/v2\/posts\/6625\/revisions"}],"predecessor-version":[{"id":6637,"href":"https:\/\/www.spkatarzyna.pl\/index.php\/wp-json\/wp\/v2\/posts\/6625\/revisions\/6637"}],"wp:featuredmedia":[{"embeddable":true,"href":"https:\/\/www.spkatarzyna.pl\/index.php\/wp-json\/wp\/v2\/media\/6626"}],"wp:attachment":[{"href":"https:\/\/www.spkatarzyna.pl\/index.php\/wp-json\/wp\/v2\/media?parent=6625"}],"wp:term":[{"taxonomy":"category","embeddable":true,"href":"https:\/\/www.spkatarzyna.pl\/index.php\/wp-json\/wp\/v2\/categories?post=6625"},{"taxonomy":"post_tag","embeddable":true,"href":"https:\/\/www.spkatarzyna.pl\/index.php\/wp-json\/wp\/v2\/tags?post=6625"}],"curies":[{"name":"wp","href":"https:\/\/api.w.org\/{rel}","templated":true}]}}