{"id":6719,"date":"2023-10-31T22:24:18","date_gmt":"2023-10-31T22:24:18","guid":{"rendered":"http:\/\/www.spkatarzyna.pl\/?p=6719"},"modified":"2023-10-31T22:29:52","modified_gmt":"2023-10-31T22:29:52","slug":"mickiewiczowskie-zaduszki-2","status":"publish","type":"post","link":"https:\/\/www.spkatarzyna.pl\/index.php\/2023\/10\/31\/mickiewiczowskie-zaduszki-2\/","title":{"rendered":"Mickiewiczowskie Zaduszki"},"content":{"rendered":"\t\t<div data-elementor-type=\"wp-post\" data-elementor-id=\"6719\" class=\"elementor elementor-6719\">\n\t\t\t\t\t\t<section class=\"elementor-section elementor-top-section elementor-element elementor-element-273b9a23 elementor-section-boxed elementor-section-height-default elementor-section-height-default\" data-id=\"273b9a23\" data-element_type=\"section\">\n\t\t\t\t\t\t<div class=\"elementor-container elementor-column-gap-default\">\n\t\t\t\t\t<div class=\"elementor-column elementor-col-100 elementor-top-column elementor-element elementor-element-36dcb96a\" data-id=\"36dcb96a\" data-element_type=\"column\">\n\t\t\t<div class=\"elementor-widget-wrap elementor-element-populated\">\n\t\t\t\t\t\t<div class=\"elementor-element elementor-element-77b64d54 elementor-widget elementor-widget-text-editor\" data-id=\"77b64d54\" data-element_type=\"widget\" data-widget_type=\"text-editor.default\">\n\t\t\t\t\t\t\t\t\t<p style=\"text-align: right;\"><em><span style=\"font-size: 14pt;\"><span style=\"font-weight: 400;\">S\u0105 dziwy w niebie i na ziemi, o kt\u00f3rych ani \u015bni\u0142o si\u0119 waszym filozofom.<\/span><\/span><\/em><\/p><p style=\"text-align: right;\"><em><span style=\"font-size: 14pt;\"><span style=\"font-weight: 400;\">W. Szekspir<\/span><\/span><\/em><\/p><p style=\"text-align: justify;\"><span style=\"font-weight: 400; font-size: 14pt;\">W dniu 31 pa\u017adziernika 2023 roku uczniowie klas si\u00f3dmych przedstawili inscenizacj\u0119 fragment\u00f3w dramatu A. Mickiewicza. Poszczeg\u00f3lne role zagrali:<\/span><\/p><p style=\"text-align: justify;\"><span style=\"font-weight: 400; font-size: 14pt;\">Gu\u015blarz: Hubert Micha\u0142owski\u00a0<\/span><\/p><p style=\"text-align: justify;\"><span style=\"font-weight: 400; font-size: 14pt;\">Anio\u0142ki: Amelia Kochanowska, Marcel Klich<\/span><\/p><p style=\"text-align: justify;\"><span style=\"font-weight: 400; font-size: 14pt;\">Widmo: Jakub Nowak<\/span><\/p><p style=\"text-align: justify;\"><span style=\"font-weight: 400; font-size: 14pt;\">Zosia: Ma\u0142gorzata Koz\u00f3w<\/span><\/p><p style=\"text-align: justify;\"><span style=\"font-weight: 400; font-size: 14pt;\">Ch\u00f3r ptak\u00f3w nocnych: Agata Cisek, Eliza Micha\u0142owska, Blanka Witka, Alex Sz\u0142amas<\/span><\/p><p style=\"text-align: justify;\"><span style=\"font-weight: 400; font-size: 14pt;\">Narratorzy: Liwia Domaga\u0142a, Miko\u0142aj Kurylczyk<\/span><\/p><p style=\"text-align: justify;\"><span style=\"font-size: 14pt;\"><span style=\"font-weight: 400;\">Uczniowie, zadbali o odpowiednie kostiumy, rekwizyty. <\/span><span style=\"font-weight: 400;\">\u00a0Sztuka da\u0142a mo\u017cliwo\u015b\u0107 podpatrzenia aktorskiego rzemios\u0142a, stanowi\u0142a okazj\u0119 do przypomnienia tre\u015bci i utrwalenia problematyki dramatu.\u00a0<\/span><\/span><\/p><p style=\"text-align: justify;\"><span style=\"font-weight: 400; font-size: 14pt;\">Z przedstawienia p\u0142ynie konkretna nauka. Mamy nadziej\u0119, \u017ce i tym razem w \u017cyciu ka\u017cdego z nas zwyci\u0119\u017cy dobro i pomoc drugiemu cz\u0142owiekowi. &#8222;Bo kto nie by\u0142 ni razu cz\u0142owiekiem, Temu cz\u0142owiek nic nie pomo\u017ce.&#8221;\u00a0<\/span><\/p>\t\t\t\t\t\t\t\t<\/div>\n\t\t\t\t<div class=\"elementor-element elementor-element-766b7d8 elementor-widget elementor-widget-image-gallery\" data-id=\"766b7d8\" data-element_type=\"widget\" data-widget_type=\"image-gallery.default\">\n\t\t\t\t\t\t\t<div class=\"elementor-image-gallery\">\n\t\t\t\n\t\t<div id='gallery-1' class='gallery galleryid-6719 gallery-columns-4 gallery-size-thumbnail gallery1'><script type=\"text\/javascript\">\n\/\/ <![CDATA[\n\tjQuery(document).ready(function () {\n\t\tjQuery(\".gallery1 a\").attr(\"rel\",\"gallery1\");\t\n\t\tjQuery('a[rel=\"gallery1\"]').colorbox({title: function(){ return jQuery(this).children().attr(\"alt\"); }});\n\t});\n\/\/ ]]>\n<\/script>\n<dl class=\"gallery-item\">\n<dt class=\"gallery-icon\">\n<a href=\"https:\/\/www.spkatarzyna.pl\/wp-content\/uploads\/2023\/10\/image_50429441-300x222.jpg\" title=\"\" rel=\"gallery1\" rel=\"lightbox[6719]\"><img decoding=\"async\" src=\"https:\/\/www.spkatarzyna.pl\/wp-content\/uploads\/2023\/10\/image_50429441-150x150.jpg\" width=\"150\" height=\"150\" alt=\"\" \/><\/a>\n<\/dt><\/dl><dl class=\"gallery-item\">\n<dt class=\"gallery-icon\">\n<a href=\"https:\/\/www.spkatarzyna.pl\/wp-content\/uploads\/2023\/10\/image_50432257-1-300x202.jpg\" title=\"\" rel=\"gallery1\" rel=\"lightbox[6719]\"><img decoding=\"async\" src=\"https:\/\/www.spkatarzyna.pl\/wp-content\/uploads\/2023\/10\/image_50432257-1-150x150.jpg\" width=\"150\" height=\"150\" alt=\"\" \/><\/a>\n<\/dt><\/dl><dl class=\"gallery-item\">\n<dt class=\"gallery-icon\">\n<a href=\"https:\/\/www.spkatarzyna.pl\/wp-content\/uploads\/2023\/10\/image_50440961-300x222.jpg\" title=\"\" rel=\"gallery1\" rel=\"lightbox[6719]\"><img decoding=\"async\" src=\"https:\/\/www.spkatarzyna.pl\/wp-content\/uploads\/2023\/10\/image_50440961-150x150.jpg\" width=\"150\" height=\"150\" alt=\"\" \/><\/a>\n<\/dt><\/dl><dl class=\"gallery-item\">\n<dt class=\"gallery-icon\">\n<a href=\"https:\/\/www.spkatarzyna.pl\/wp-content\/uploads\/2023\/10\/image_50441217-300x211.jpg\" title=\"\" rel=\"gallery1\" rel=\"lightbox[6719]\"><img loading=\"lazy\" decoding=\"async\" src=\"https:\/\/www.spkatarzyna.pl\/wp-content\/uploads\/2023\/10\/image_50441217-150x150.jpg\" width=\"150\" height=\"150\" alt=\"\" \/><\/a>\n<\/dt><\/dl><br style=\"clear: both\" \/><dl class=\"gallery-item\">\n<dt class=\"gallery-icon\">\n<a href=\"https:\/\/www.spkatarzyna.pl\/wp-content\/uploads\/2023\/10\/image_50445057-300x225.jpg\" title=\"\" rel=\"gallery1\" rel=\"lightbox[6719]\"><img loading=\"lazy\" decoding=\"async\" src=\"https:\/\/www.spkatarzyna.pl\/wp-content\/uploads\/2023\/10\/image_50445057-150x150.jpg\" width=\"150\" height=\"150\" alt=\"\" \/><\/a>\n<\/dt><\/dl><dl class=\"gallery-item\">\n<dt class=\"gallery-icon\">\n<a href=\"https:\/\/www.spkatarzyna.pl\/wp-content\/uploads\/2023\/10\/image_50446593-300x207.jpg\" title=\"\" rel=\"gallery1\" rel=\"lightbox[6719]\"><img loading=\"lazy\" decoding=\"async\" src=\"https:\/\/www.spkatarzyna.pl\/wp-content\/uploads\/2023\/10\/image_50446593-150x150.jpg\" width=\"150\" height=\"150\" alt=\"\" \/><\/a>\n<\/dt><\/dl><dl class=\"gallery-item\">\n<dt class=\"gallery-icon\">\n<a href=\"https:\/\/www.spkatarzyna.pl\/wp-content\/uploads\/2023\/10\/image_50455809-300x223.jpg\" title=\"\" rel=\"gallery1\" rel=\"lightbox[6719]\"><img loading=\"lazy\" decoding=\"async\" src=\"https:\/\/www.spkatarzyna.pl\/wp-content\/uploads\/2023\/10\/image_50455809-150x150.jpg\" width=\"150\" height=\"150\" alt=\"\" \/><\/a>\n<\/dt><\/dl><dl class=\"gallery-item\">\n<dt class=\"gallery-icon\">\n<a href=\"https:\/\/www.spkatarzyna.pl\/wp-content\/uploads\/2023\/10\/image_50456833-300x225.jpg\" title=\"\" rel=\"gallery1\" rel=\"lightbox[6719]\"><img loading=\"lazy\" decoding=\"async\" src=\"https:\/\/www.spkatarzyna.pl\/wp-content\/uploads\/2023\/10\/image_50456833-150x150.jpg\" width=\"150\" height=\"150\" alt=\"\" \/><\/a>\n<\/dt><\/dl><br style=\"clear: both\" \/><dl class=\"gallery-item\">\n<dt class=\"gallery-icon\">\n<a href=\"https:\/\/www.spkatarzyna.pl\/wp-content\/uploads\/2023\/10\/image_50459137-300x225.jpg\" title=\"\" rel=\"gallery1\" rel=\"lightbox[6719]\"><img loading=\"lazy\" decoding=\"async\" src=\"https:\/\/www.spkatarzyna.pl\/wp-content\/uploads\/2023\/10\/image_50459137-150x150.jpg\" width=\"150\" height=\"150\" alt=\"\" \/><\/a>\n<\/dt><\/dl><dl class=\"gallery-item\">\n<dt class=\"gallery-icon\">\n<a href=\"https:\/\/www.spkatarzyna.pl\/wp-content\/uploads\/2023\/10\/image_50726145-300x212.jpg\" title=\"\" rel=\"gallery1\" rel=\"lightbox[6719]\"><img loading=\"lazy\" decoding=\"async\" src=\"https:\/\/www.spkatarzyna.pl\/wp-content\/uploads\/2023\/10\/image_50726145-150x150.jpg\" width=\"150\" height=\"150\" alt=\"\" \/><\/a>\n<\/dt><\/dl><dl class=\"gallery-item\">\n<dt class=\"gallery-icon\">\n<a href=\"https:\/\/www.spkatarzyna.pl\/wp-content\/uploads\/2023\/10\/image_50731777-300x225.jpg\" title=\"\" rel=\"gallery1\" rel=\"lightbox[6719]\"><img loading=\"lazy\" decoding=\"async\" src=\"https:\/\/www.spkatarzyna.pl\/wp-content\/uploads\/2023\/10\/image_50731777-150x150.jpg\" width=\"150\" height=\"150\" alt=\"\" \/><\/a>\n<\/dt><\/dl><dl class=\"gallery-item\">\n<dt class=\"gallery-icon\">\n<a href=\"https:\/\/www.spkatarzyna.pl\/wp-content\/uploads\/2023\/10\/image_50743553-300x210.jpg\" title=\"\" rel=\"gallery1\" rel=\"lightbox[6719]\"><img loading=\"lazy\" decoding=\"async\" src=\"https:\/\/www.spkatarzyna.pl\/wp-content\/uploads\/2023\/10\/image_50743553-150x150.jpg\" width=\"150\" height=\"150\" alt=\"\" \/><\/a>\n<\/dt><\/dl><br style=\"clear: both\" \/><br style=\"clear: both\" \/><\/div>\t\t<\/div>\n\t\t\t\t\t\t<\/div>\n\t\t\t\t\t<\/div>\n\t\t<\/div>\n\t\t\t\t\t<\/div>\n\t\t<\/section>\n\t\t\t\t<\/div>\n\t\t","protected":false},"excerpt":{"rendered":"<p>S\u0105 dziwy w niebie i na ziemi, o kt\u00f3rych ani \u015bni\u0142o si\u0119 waszym filozofom. W. Szekspir W dniu 31 pa\u017adziernika 2023 roku uczniowie klas si\u00f3dmych przedstawili inscenizacj\u0119 fragment\u00f3w dramatu A. Mickiewicza. Poszczeg\u00f3lne role zagrali: Gu\u015blarz: Hubert Micha\u0142owski\u00a0 Anio\u0142ki: Amelia Kochanowska, Marcel Klich Widmo: Jakub Nowak Zosia: Ma\u0142gorzata Koz\u00f3w Ch\u00f3r ptak\u00f3w [&hellip;]<\/p>\n","protected":false},"author":6,"featured_media":6720,"comment_status":"open","ping_status":"open","sticky":false,"template":"","format":"standard","meta":{"om_disable_all_campaigns":false,"_monsterinsights_skip_tracking":false,"ngg_post_thumbnail":0,"footnotes":""},"categories":[1],"tags":[],"class_list":["post-6719","post","type-post","status-publish","format-standard","has-post-thumbnail","hentry","category-uncategorized"],"aioseo_notices":[],"aioseo_head":"\n\t\t<!-- All in One SEO 5.0.1.1 - aioseo.com -->\n\t<meta name=\"description\" content=\"S\u0105 dziwy w niebie i na ziemi, o kt\u00f3rych ani \u015bni\u0142o si\u0119 waszym filozofom.W. SzekspirW dniu 31 pa\u017adziernika 2023 roku uczniowie klas si\u00f3dmych przedstawili inscenizacj\u0119 fragment\u00f3w dramatu A. Mickiewicza. Poszczeg\u00f3lne role zagrali:Gu\u015blarz: Hubert Micha\u0142owski Anio\u0142ki: Amelia Kochanowska, Marcel KlichWidmo: Jakub NowakZosia: Ma\u0142gorzata Koz\u00f3wCh\u00f3r ptak\u00f3w nocnych: Agata Cisek, Eliza Micha\u0142owska, Blanka Witka, Alex Sz\u0142amasNarratorzy: Liwia Domaga\u0142a, Miko\u0142aj\" \/>\n\t<meta name=\"robots\" content=\"max-image-preview:large\" \/>\n\t<meta name=\"author\" content=\"Redakcja\"\/>\n\t<link rel=\"canonical\" href=\"https:\/\/www.spkatarzyna.pl\/index.php\/2023\/10\/31\/mickiewiczowskie-zaduszki-2\/\" \/>\n\t<meta name=\"generator\" content=\"All in One SEO (AIOSEO) 5.0.1.1\" \/>\n\t\t<meta property=\"og:locale\" content=\"pl_PL\" \/>\n\t\t<meta property=\"og:site_name\" content=\"SP Katarzyna - Publiczna Szko\u0142a Podstawowa w \u015awi\u0119tej Katarzynie\" \/>\n\t\t<meta property=\"og:type\" content=\"article\" \/>\n\t\t<meta property=\"og:title\" content=\"Mickiewiczowskie Zaduszki - SP Katarzyna\" \/>\n\t\t<meta property=\"og:description\" content=\"S\u0105 dziwy w niebie i na ziemi, o kt\u00f3rych ani \u015bni\u0142o si\u0119 waszym filozofom.W. SzekspirW dniu 31 pa\u017adziernika 2023 roku uczniowie klas si\u00f3dmych przedstawili inscenizacj\u0119 fragment\u00f3w dramatu A. Mickiewicza. Poszczeg\u00f3lne role zagrali:Gu\u015blarz: Hubert Micha\u0142owski Anio\u0142ki: Amelia Kochanowska, Marcel KlichWidmo: Jakub NowakZosia: Ma\u0142gorzata Koz\u00f3wCh\u00f3r ptak\u00f3w nocnych: Agata Cisek, Eliza Micha\u0142owska, Blanka Witka, Alex Sz\u0142amasNarratorzy: Liwia Domaga\u0142a, Miko\u0142aj\" \/>\n\t\t<meta property=\"og:url\" content=\"https:\/\/www.spkatarzyna.pl\/index.php\/2023\/10\/31\/mickiewiczowskie-zaduszki-2\/\" \/>\n\t\t<meta property=\"article:published_time\" content=\"2023-10-31T22:24:18+00:00\" \/>\n\t\t<meta property=\"article:modified_time\" content=\"2023-10-31T22:29:52+00:00\" \/>\n\t\t<meta name=\"twitter:card\" content=\"summary_large_image\" \/>\n\t\t<meta name=\"twitter:title\" content=\"Mickiewiczowskie Zaduszki - SP Katarzyna\" \/>\n\t\t<meta name=\"twitter:description\" content=\"S\u0105 dziwy w niebie i na ziemi, o kt\u00f3rych ani \u015bni\u0142o si\u0119 waszym filozofom.W. SzekspirW dniu 31 pa\u017adziernika 2023 roku uczniowie klas si\u00f3dmych przedstawili inscenizacj\u0119 fragment\u00f3w dramatu A. Mickiewicza. Poszczeg\u00f3lne role zagrali:Gu\u015blarz: Hubert Micha\u0142owski Anio\u0142ki: Amelia Kochanowska, Marcel KlichWidmo: Jakub NowakZosia: Ma\u0142gorzata Koz\u00f3wCh\u00f3r ptak\u00f3w nocnych: Agata Cisek, Eliza Micha\u0142owska, Blanka Witka, Alex Sz\u0142amasNarratorzy: Liwia Domaga\u0142a, Miko\u0142aj\" \/>\n\t\t<script type=\"application\/ld+json\" class=\"aioseo-schema\">\n\t\t\t{\"@context\":\"https:\\\/\\\/schema.org\",\"@graph\":[{\"@type\":\"BlogPosting\",\"@id\":\"https:\\\/\\\/www.spkatarzyna.pl\\\/index.php\\\/2023\\\/10\\\/31\\\/mickiewiczowskie-zaduszki-2\\\/#blogposting\",\"name\":\"Mickiewiczowskie Zaduszki - SP Katarzyna\",\"headline\":\"Mickiewiczowskie Zaduszki\",\"author\":{\"@id\":\"https:\\\/\\\/www.spkatarzyna.pl\\\/index.php\\\/author\\\/agatasafianspkatarzyna-pl\\\/#author\"},\"publisher\":{\"@id\":\"https:\\\/\\\/www.spkatarzyna.pl\\\/#organization\"},\"image\":{\"@type\":\"ImageObject\",\"url\":\"https:\\\/\\\/www.spkatarzyna.pl\\\/wp-content\\\/uploads\\\/2023\\\/10\\\/image_50731777-1.jpg\",\"width\":360,\"height\":202},\"datePublished\":\"2023-10-31T22:24:18+01:00\",\"dateModified\":\"2023-10-31T22:29:52+01:00\",\"inLanguage\":\"pl-PL\",\"mainEntityOfPage\":{\"@id\":\"https:\\\/\\\/www.spkatarzyna.pl\\\/index.php\\\/2023\\\/10\\\/31\\\/mickiewiczowskie-zaduszki-2\\\/#webpage\"},\"isPartOf\":{\"@id\":\"https:\\\/\\\/www.spkatarzyna.pl\\\/index.php\\\/2023\\\/10\\\/31\\\/mickiewiczowskie-zaduszki-2\\\/#webpage\"},\"articleSection\":\"Uncategorized\"},{\"@type\":\"BreadcrumbList\",\"@id\":\"https:\\\/\\\/www.spkatarzyna.pl\\\/index.php\\\/2023\\\/10\\\/31\\\/mickiewiczowskie-zaduszki-2\\\/#breadcrumblist\",\"itemListElement\":[{\"@type\":\"ListItem\",\"@id\":\"https:\\\/\\\/www.spkatarzyna.pl#listItem\",\"position\":1,\"name\":\"Dom\",\"item\":\"https:\\\/\\\/www.spkatarzyna.pl\",\"nextItem\":{\"@type\":\"ListItem\",\"@id\":\"https:\\\/\\\/www.spkatarzyna.pl\\\/index.php\\\/category\\\/uncategorized\\\/#listItem\",\"name\":\"Uncategorized\"}},{\"@type\":\"ListItem\",\"@id\":\"https:\\\/\\\/www.spkatarzyna.pl\\\/index.php\\\/category\\\/uncategorized\\\/#listItem\",\"position\":2,\"name\":\"Uncategorized\",\"item\":\"https:\\\/\\\/www.spkatarzyna.pl\\\/index.php\\\/category\\\/uncategorized\\\/\",\"nextItem\":{\"@type\":\"ListItem\",\"@id\":\"https:\\\/\\\/www.spkatarzyna.pl\\\/index.php\\\/2023\\\/10\\\/31\\\/mickiewiczowskie-zaduszki-2\\\/#listItem\",\"name\":\"Mickiewiczowskie Zaduszki\"},\"previousItem\":{\"@type\":\"ListItem\",\"@id\":\"https:\\\/\\\/www.spkatarzyna.pl#listItem\",\"name\":\"Dom\"}},{\"@type\":\"ListItem\",\"@id\":\"https:\\\/\\\/www.spkatarzyna.pl\\\/index.php\\\/2023\\\/10\\\/31\\\/mickiewiczowskie-zaduszki-2\\\/#listItem\",\"position\":3,\"name\":\"Mickiewiczowskie Zaduszki\",\"previousItem\":{\"@type\":\"ListItem\",\"@id\":\"https:\\\/\\\/www.spkatarzyna.pl\\\/index.php\\\/category\\\/uncategorized\\\/#listItem\",\"name\":\"Uncategorized\"}}]},{\"@type\":\"Organization\",\"@id\":\"https:\\\/\\\/www.spkatarzyna.pl\\\/#organization\",\"name\":\"SP Katarzyna\",\"description\":\"Publiczna Szko\\u0142a Podstawowa w \\u015awi\\u0119tej Katarzynie\",\"url\":\"https:\\\/\\\/www.spkatarzyna.pl\\\/\",\"telephone\":\"+48713116378\",\"sameAs\":[\"https:\\\/\\\/facebook.com\\\/\",\"https:\\\/\\\/x.com\\\/\",\"https:\\\/\\\/instagram.com\\\/\",\"https:\\\/\\\/pinterest.com\\\/\",\"https:\\\/\\\/youtube.com\\\/\",\"https:\\\/\\\/linkedin.com\\\/in\\\/\"]},{\"@type\":\"Person\",\"@id\":\"https:\\\/\\\/www.spkatarzyna.pl\\\/index.php\\\/author\\\/agatasafianspkatarzyna-pl\\\/#author\",\"url\":\"https:\\\/\\\/www.spkatarzyna.pl\\\/index.php\\\/author\\\/agatasafianspkatarzyna-pl\\\/\",\"name\":\"Redakcja\",\"image\":{\"@type\":\"ImageObject\",\"@id\":\"https:\\\/\\\/www.spkatarzyna.pl\\\/index.php\\\/2023\\\/10\\\/31\\\/mickiewiczowskie-zaduszki-2\\\/#authorImage\",\"url\":\"https:\\\/\\\/secure.gravatar.com\\\/avatar\\\/765290513df94d442152250e92b42327?s=96&d=mm&r=g\",\"width\":96,\"height\":96,\"caption\":\"Redakcja\"}},{\"@type\":\"WebPage\",\"@id\":\"https:\\\/\\\/www.spkatarzyna.pl\\\/index.php\\\/2023\\\/10\\\/31\\\/mickiewiczowskie-zaduszki-2\\\/#webpage\",\"url\":\"https:\\\/\\\/www.spkatarzyna.pl\\\/index.php\\\/2023\\\/10\\\/31\\\/mickiewiczowskie-zaduszki-2\\\/\",\"name\":\"Mickiewiczowskie Zaduszki - SP Katarzyna\",\"description\":\"S\\u0105 dziwy w niebie i na ziemi, o kt\\u00f3rych ani \\u015bni\\u0142o si\\u0119 waszym filozofom.W. SzekspirW dniu 31 pa\\u017adziernika 2023 roku uczniowie klas si\\u00f3dmych przedstawili inscenizacj\\u0119 fragment\\u00f3w dramatu A. Mickiewicza. Poszczeg\\u00f3lne role zagrali:Gu\\u015blarz: Hubert Micha\\u0142owski Anio\\u0142ki: Amelia Kochanowska, Marcel KlichWidmo: Jakub NowakZosia: Ma\\u0142gorzata Koz\\u00f3wCh\\u00f3r ptak\\u00f3w nocnych: Agata Cisek, Eliza Micha\\u0142owska, Blanka Witka, Alex Sz\\u0142amasNarratorzy: Liwia Domaga\\u0142a, Miko\\u0142aj\",\"inLanguage\":\"pl-PL\",\"isPartOf\":{\"@id\":\"https:\\\/\\\/www.spkatarzyna.pl\\\/#website\"},\"breadcrumb\":{\"@id\":\"https:\\\/\\\/www.spkatarzyna.pl\\\/index.php\\\/2023\\\/10\\\/31\\\/mickiewiczowskie-zaduszki-2\\\/#breadcrumblist\"},\"author\":{\"@id\":\"https:\\\/\\\/www.spkatarzyna.pl\\\/index.php\\\/author\\\/agatasafianspkatarzyna-pl\\\/#author\"},\"creator\":{\"@id\":\"https:\\\/\\\/www.spkatarzyna.pl\\\/index.php\\\/author\\\/agatasafianspkatarzyna-pl\\\/#author\"},\"image\":{\"@type\":\"ImageObject\",\"url\":\"https:\\\/\\\/www.spkatarzyna.pl\\\/wp-content\\\/uploads\\\/2023\\\/10\\\/image_50731777-1.jpg\",\"@id\":\"https:\\\/\\\/www.spkatarzyna.pl\\\/index.php\\\/2023\\\/10\\\/31\\\/mickiewiczowskie-zaduszki-2\\\/#mainImage\",\"width\":360,\"height\":202},\"primaryImageOfPage\":{\"@id\":\"https:\\\/\\\/www.spkatarzyna.pl\\\/index.php\\\/2023\\\/10\\\/31\\\/mickiewiczowskie-zaduszki-2\\\/#mainImage\"},\"datePublished\":\"2023-10-31T22:24:18+01:00\",\"dateModified\":\"2023-10-31T22:29:52+01:00\"},{\"@type\":\"WebSite\",\"@id\":\"https:\\\/\\\/www.spkatarzyna.pl\\\/#website\",\"url\":\"https:\\\/\\\/www.spkatarzyna.pl\\\/\",\"name\":\"SP Katarzyna\",\"description\":\"Publiczna Szko\\u0142a Podstawowa w \\u015awi\\u0119tej Katarzynie\",\"inLanguage\":\"pl-PL\",\"publisher\":{\"@id\":\"https:\\\/\\\/www.spkatarzyna.pl\\\/#organization\"}}]}\n\t\t<\/script>\n\t\t<!-- All in One SEO -->\n\n","aioseo_head_json":{"title":"Mickiewiczowskie Zaduszki - SP Katarzyna","description":"S\u0105 dziwy w niebie i na ziemi, o kt\u00f3rych ani \u015bni\u0142o si\u0119 waszym filozofom.W. SzekspirW dniu 31 pa\u017adziernika 2023 roku uczniowie klas si\u00f3dmych przedstawili inscenizacj\u0119 fragment\u00f3w dramatu A. Mickiewicza. Poszczeg\u00f3lne role zagrali:Gu\u015blarz: Hubert Micha\u0142owski Anio\u0142ki: Amelia Kochanowska, Marcel KlichWidmo: Jakub NowakZosia: Ma\u0142gorzata Koz\u00f3wCh\u00f3r ptak\u00f3w nocnych: Agata Cisek, Eliza Micha\u0142owska, Blanka Witka, Alex Sz\u0142amasNarratorzy: Liwia Domaga\u0142a, Miko\u0142aj","canonical_url":"https:\/\/www.spkatarzyna.pl\/index.php\/2023\/10\/31\/mickiewiczowskie-zaduszki-2\/","robots":"max-image-preview:large","keywords":"","webmasterTools":{"miscellaneous":""},"schema":{"@context":"https:\/\/schema.org","@graph":[{"@type":"BlogPosting","@id":"https:\/\/www.spkatarzyna.pl\/index.php\/2023\/10\/31\/mickiewiczowskie-zaduszki-2\/#blogposting","name":"Mickiewiczowskie Zaduszki - SP Katarzyna","headline":"Mickiewiczowskie Zaduszki","author":{"@id":"https:\/\/www.spkatarzyna.pl\/index.php\/author\/agatasafianspkatarzyna-pl\/#author"},"publisher":{"@id":"https:\/\/www.spkatarzyna.pl\/#organization"},"image":{"@type":"ImageObject","url":"https:\/\/www.spkatarzyna.pl\/wp-content\/uploads\/2023\/10\/image_50731777-1.jpg","width":360,"height":202},"datePublished":"2023-10-31T22:24:18+01:00","dateModified":"2023-10-31T22:29:52+01:00","inLanguage":"pl-PL","mainEntityOfPage":{"@id":"https:\/\/www.spkatarzyna.pl\/index.php\/2023\/10\/31\/mickiewiczowskie-zaduszki-2\/#webpage"},"isPartOf":{"@id":"https:\/\/www.spkatarzyna.pl\/index.php\/2023\/10\/31\/mickiewiczowskie-zaduszki-2\/#webpage"},"articleSection":"Uncategorized"},{"@type":"BreadcrumbList","@id":"https:\/\/www.spkatarzyna.pl\/index.php\/2023\/10\/31\/mickiewiczowskie-zaduszki-2\/#breadcrumblist","itemListElement":[{"@type":"ListItem","@id":"https:\/\/www.spkatarzyna.pl#listItem","position":1,"name":"Dom","item":"https:\/\/www.spkatarzyna.pl","nextItem":{"@type":"ListItem","@id":"https:\/\/www.spkatarzyna.pl\/index.php\/category\/uncategorized\/#listItem","name":"Uncategorized"}},{"@type":"ListItem","@id":"https:\/\/www.spkatarzyna.pl\/index.php\/category\/uncategorized\/#listItem","position":2,"name":"Uncategorized","item":"https:\/\/www.spkatarzyna.pl\/index.php\/category\/uncategorized\/","nextItem":{"@type":"ListItem","@id":"https:\/\/www.spkatarzyna.pl\/index.php\/2023\/10\/31\/mickiewiczowskie-zaduszki-2\/#listItem","name":"Mickiewiczowskie Zaduszki"},"previousItem":{"@type":"ListItem","@id":"https:\/\/www.spkatarzyna.pl#listItem","name":"Dom"}},{"@type":"ListItem","@id":"https:\/\/www.spkatarzyna.pl\/index.php\/2023\/10\/31\/mickiewiczowskie-zaduszki-2\/#listItem","position":3,"name":"Mickiewiczowskie Zaduszki","previousItem":{"@type":"ListItem","@id":"https:\/\/www.spkatarzyna.pl\/index.php\/category\/uncategorized\/#listItem","name":"Uncategorized"}}]},{"@type":"Organization","@id":"https:\/\/www.spkatarzyna.pl\/#organization","name":"SP Katarzyna","description":"Publiczna Szko\u0142a Podstawowa w \u015awi\u0119tej Katarzynie","url":"https:\/\/www.spkatarzyna.pl\/","telephone":"+48713116378","sameAs":["https:\/\/facebook.com\/","https:\/\/x.com\/","https:\/\/instagram.com\/","https:\/\/pinterest.com\/","https:\/\/youtube.com\/","https:\/\/linkedin.com\/in\/"]},{"@type":"Person","@id":"https:\/\/www.spkatarzyna.pl\/index.php\/author\/agatasafianspkatarzyna-pl\/#author","url":"https:\/\/www.spkatarzyna.pl\/index.php\/author\/agatasafianspkatarzyna-pl\/","name":"Redakcja","image":{"@type":"ImageObject","@id":"https:\/\/www.spkatarzyna.pl\/index.php\/2023\/10\/31\/mickiewiczowskie-zaduszki-2\/#authorImage","url":"https:\/\/secure.gravatar.com\/avatar\/765290513df94d442152250e92b42327?s=96&d=mm&r=g","width":96,"height":96,"caption":"Redakcja"}},{"@type":"WebPage","@id":"https:\/\/www.spkatarzyna.pl\/index.php\/2023\/10\/31\/mickiewiczowskie-zaduszki-2\/#webpage","url":"https:\/\/www.spkatarzyna.pl\/index.php\/2023\/10\/31\/mickiewiczowskie-zaduszki-2\/","name":"Mickiewiczowskie Zaduszki - SP Katarzyna","description":"S\u0105 dziwy w niebie i na ziemi, o kt\u00f3rych ani \u015bni\u0142o si\u0119 waszym filozofom.W. SzekspirW dniu 31 pa\u017adziernika 2023 roku uczniowie klas si\u00f3dmych przedstawili inscenizacj\u0119 fragment\u00f3w dramatu A. Mickiewicza. Poszczeg\u00f3lne role zagrali:Gu\u015blarz: Hubert Micha\u0142owski Anio\u0142ki: Amelia Kochanowska, Marcel KlichWidmo: Jakub NowakZosia: Ma\u0142gorzata Koz\u00f3wCh\u00f3r ptak\u00f3w nocnych: Agata Cisek, Eliza Micha\u0142owska, Blanka Witka, Alex Sz\u0142amasNarratorzy: Liwia Domaga\u0142a, Miko\u0142aj","inLanguage":"pl-PL","isPartOf":{"@id":"https:\/\/www.spkatarzyna.pl\/#website"},"breadcrumb":{"@id":"https:\/\/www.spkatarzyna.pl\/index.php\/2023\/10\/31\/mickiewiczowskie-zaduszki-2\/#breadcrumblist"},"author":{"@id":"https:\/\/www.spkatarzyna.pl\/index.php\/author\/agatasafianspkatarzyna-pl\/#author"},"creator":{"@id":"https:\/\/www.spkatarzyna.pl\/index.php\/author\/agatasafianspkatarzyna-pl\/#author"},"image":{"@type":"ImageObject","url":"https:\/\/www.spkatarzyna.pl\/wp-content\/uploads\/2023\/10\/image_50731777-1.jpg","@id":"https:\/\/www.spkatarzyna.pl\/index.php\/2023\/10\/31\/mickiewiczowskie-zaduszki-2\/#mainImage","width":360,"height":202},"primaryImageOfPage":{"@id":"https:\/\/www.spkatarzyna.pl\/index.php\/2023\/10\/31\/mickiewiczowskie-zaduszki-2\/#mainImage"},"datePublished":"2023-10-31T22:24:18+01:00","dateModified":"2023-10-31T22:29:52+01:00"},{"@type":"WebSite","@id":"https:\/\/www.spkatarzyna.pl\/#website","url":"https:\/\/www.spkatarzyna.pl\/","name":"SP Katarzyna","description":"Publiczna Szko\u0142a Podstawowa w \u015awi\u0119tej Katarzynie","inLanguage":"pl-PL","publisher":{"@id":"https:\/\/www.spkatarzyna.pl\/#organization"}}]},"og:locale":"pl_PL","og:site_name":"SP Katarzyna - Publiczna Szko\u0142a Podstawowa w \u015awi\u0119tej Katarzynie","og:type":"article","og:title":"Mickiewiczowskie Zaduszki - SP Katarzyna","og:description":"S\u0105 dziwy w niebie i na ziemi, o kt\u00f3rych ani \u015bni\u0142o si\u0119 waszym filozofom.W. SzekspirW dniu 31 pa\u017adziernika 2023 roku uczniowie klas si\u00f3dmych przedstawili inscenizacj\u0119 fragment\u00f3w dramatu A. Mickiewicza. Poszczeg\u00f3lne role zagrali:Gu\u015blarz: Hubert Micha\u0142owski Anio\u0142ki: Amelia Kochanowska, Marcel KlichWidmo: Jakub NowakZosia: Ma\u0142gorzata Koz\u00f3wCh\u00f3r ptak\u00f3w nocnych: Agata Cisek, Eliza Micha\u0142owska, Blanka Witka, Alex Sz\u0142amasNarratorzy: Liwia Domaga\u0142a, Miko\u0142aj","og:url":"https:\/\/www.spkatarzyna.pl\/index.php\/2023\/10\/31\/mickiewiczowskie-zaduszki-2\/","article:published_time":"2023-10-31T22:24:18+00:00","article:modified_time":"2023-10-31T22:29:52+00:00","twitter:card":"summary_large_image","twitter:title":"Mickiewiczowskie Zaduszki - SP Katarzyna","twitter:description":"S\u0105 dziwy w niebie i na ziemi, o kt\u00f3rych ani \u015bni\u0142o si\u0119 waszym filozofom.W. SzekspirW dniu 31 pa\u017adziernika 2023 roku uczniowie klas si\u00f3dmych przedstawili inscenizacj\u0119 fragment\u00f3w dramatu A. Mickiewicza. Poszczeg\u00f3lne role zagrali:Gu\u015blarz: Hubert Micha\u0142owski Anio\u0142ki: Amelia Kochanowska, Marcel KlichWidmo: Jakub NowakZosia: Ma\u0142gorzata Koz\u00f3wCh\u00f3r ptak\u00f3w nocnych: Agata Cisek, Eliza Micha\u0142owska, Blanka Witka, Alex Sz\u0142amasNarratorzy: Liwia Domaga\u0142a, Miko\u0142aj"},"aioseo_meta_data":{"post_id":"6719","title":null,"description":null,"keywords":null,"keyphrases":null,"primary_term":null,"canonical_url":null,"og_title":null,"og_description":null,"og_object_type":"default","og_image_type":"default","og_image_url":null,"og_image_width":null,"og_image_height":null,"og_image_custom_url":null,"og_image_custom_fields":null,"og_video":null,"og_custom_url":null,"og_article_section":null,"og_article_tags":null,"twitter_use_og":false,"twitter_card":"default","twitter_image_type":"default","twitter_image_url":null,"twitter_image_custom_url":null,"twitter_image_custom_fields":null,"twitter_title":null,"twitter_description":null,"schema":{"blockGraphs":[],"customGraphs":[],"default":{"data":{"Article":[],"Course":[],"Dataset":[],"FAQPage":[],"Movie":[],"Person":[],"Product":[],"ProductReview":[],"Car":[],"Recipe":[],"Service":[],"SoftwareApplication":[],"WebPage":[]},"graphName":"","isEnabled":true},"graphs":[]},"schema_type":"default","schema_type_options":null,"pillar_content":false,"robots_default":true,"robots_noindex":false,"robots_noarchive":false,"robots_nosnippet":false,"robots_nofollow":false,"robots_noimageindex":false,"robots_noodp":false,"robots_notranslate":false,"robots_max_snippet":null,"robots_max_videopreview":null,"robots_max_imagepreview":"large","priority":null,"frequency":null,"local_seo":null,"limit_modified_date":false,"created":"2024-04-03 08:31:22","updated":"2026-09-03 14:51:51","focus_keyword":null,"additional_keywords":null,"truseo_locale":null,"ai":null,"breadcrumb_settings":null,"seo_analyzer_scan_date":null},"aioseo_breadcrumb":"<div class=\"aioseo-breadcrumbs\"><span class=\"aioseo-breadcrumb\">\n\t\t\t<a href=\"https:\/\/www.spkatarzyna.pl\" title=\"Dom\">Dom<\/a>\n\t\t<\/span><span class=\"aioseo-breadcrumb-separator\">&raquo;<\/span><span class=\"aioseo-breadcrumb\">\n\t\t\t<a href=\"https:\/\/www.spkatarzyna.pl\/index.php\/category\/uncategorized\/\" title=\"Uncategorized\">Uncategorized<\/a>\n\t\t<\/span><span class=\"aioseo-breadcrumb-separator\">&raquo;<\/span><span class=\"aioseo-breadcrumb\">\n\t\t\tMickiewiczowskie Zaduszki\n\t\t<\/span><\/div>","aioseo_breadcrumb_json":[{"label":"Dom","link":"https:\/\/www.spkatarzyna.pl"},{"label":"Uncategorized","link":"https:\/\/www.spkatarzyna.pl\/index.php\/category\/uncategorized\/"},{"label":"Mickiewiczowskie Zaduszki","link":"https:\/\/www.spkatarzyna.pl\/index.php\/2023\/10\/31\/mickiewiczowskie-zaduszki-2\/"}],"_links":{"self":[{"href":"https:\/\/www.spkatarzyna.pl\/index.php\/wp-json\/wp\/v2\/posts\/6719","targetHints":{"allow":["GET"]}}],"collection":[{"href":"https:\/\/www.spkatarzyna.pl\/index.php\/wp-json\/wp\/v2\/posts"}],"about":[{"href":"https:\/\/www.spkatarzyna.pl\/index.php\/wp-json\/wp\/v2\/types\/post"}],"author":[{"embeddable":true,"href":"https:\/\/www.spkatarzyna.pl\/index.php\/wp-json\/wp\/v2\/users\/6"}],"replies":[{"embeddable":true,"href":"https:\/\/www.spkatarzyna.pl\/index.php\/wp-json\/wp\/v2\/comments?post=6719"}],"version-history":[{"count":7,"href":"https:\/\/www.spkatarzyna.pl\/index.php\/wp-json\/wp\/v2\/posts\/6719\/revisions"}],"predecessor-version":[{"id":6743,"href":"https:\/\/www.spkatarzyna.pl\/index.php\/wp-json\/wp\/v2\/posts\/6719\/revisions\/6743"}],"wp:featuredmedia":[{"embeddable":true,"href":"https:\/\/www.spkatarzyna.pl\/index.php\/wp-json\/wp\/v2\/media\/6720"}],"wp:attachment":[{"href":"https:\/\/www.spkatarzyna.pl\/index.php\/wp-json\/wp\/v2\/media?parent=6719"}],"wp:term":[{"taxonomy":"category","embeddable":true,"href":"https:\/\/www.spkatarzyna.pl\/index.php\/wp-json\/wp\/v2\/categories?post=6719"},{"taxonomy":"post_tag","embeddable":true,"href":"https:\/\/www.spkatarzyna.pl\/index.php\/wp-json\/wp\/v2\/tags?post=6719"}],"curies":[{"name":"wp","href":"https:\/\/api.w.org\/{rel}","templated":true}]}}