{"id":8107,"date":"2023-12-17T15:46:40","date_gmt":"2023-12-17T15:46:40","guid":{"rendered":"http:\/\/www.spkatarzyna.pl\/?p=8107"},"modified":"2023-12-17T15:48:27","modified_gmt":"2023-12-17T15:48:27","slug":"podsumowanie-akcji-paczki-pamieci","status":"publish","type":"post","link":"https:\/\/www.spkatarzyna.pl\/index.php\/2023\/12\/17\/podsumowanie-akcji-paczki-pamieci\/","title":{"rendered":"Podsumowanie akcji Paczki pami\u0119ci"},"content":{"rendered":"\t\t<div data-elementor-type=\"wp-post\" data-elementor-id=\"8107\" class=\"elementor elementor-8107\">\n\t\t\t\t\t\t<section class=\"elementor-section elementor-top-section elementor-element elementor-element-3465952c elementor-section-boxed elementor-section-height-default elementor-section-height-default\" data-id=\"3465952c\" data-element_type=\"section\">\n\t\t\t\t\t\t<div class=\"elementor-container elementor-column-gap-default\">\n\t\t\t\t\t<div class=\"elementor-column elementor-col-100 elementor-top-column elementor-element elementor-element-2e4004a2\" data-id=\"2e4004a2\" data-element_type=\"column\">\n\t\t\t<div class=\"elementor-widget-wrap elementor-element-populated\">\n\t\t\t\t\t\t<div class=\"elementor-element elementor-element-3c5675cc elementor-widget elementor-widget-text-editor\" data-id=\"3c5675cc\" data-element_type=\"widget\" data-widget_type=\"text-editor.default\">\n\t\t\t\t\t\t\t\t\t<div style=\"text-align: justify;\"><span style=\"font-size: 14pt; color: #000000;\">15 grudnia zako\u0144czyli\u015bmy akcj\u0119\u00a0<i>Paczki pami\u0119ci Rodacy Bohaterom.<\/i> Program prowadzi Stowarzyszenie Odra-Niemen. To niesamowita okazja, \u017ceby naszym Rodakom, \u017cyj\u0105cym poza granicami ojczyzny, pom\u00f3c w spos\u00f3b duchowy i materialny.\u00a0<\/span><span style=\"font-size: 14pt; color: #000000;\">Kolejny raz mogli\u015bmy liczy\u0107 na Pa\u0144stwa wra\u017cliwe i otwarte serca. Zebrali\u015bmy pi\u0119\u0107 karton\u00f3w najpotrzebniejszych produkt\u00f3w.<\/span><\/div><div>\u00a0<\/div><div><span style=\"font-size: 14pt; text-align: justify; color: #000000;\">Dzi\u0119kujemy!<\/span><\/div>\t\t\t\t\t\t\t\t<\/div>\n\t\t\t\t<div class=\"elementor-element elementor-element-3f4ae6f elementor-widget elementor-widget-image-gallery\" data-id=\"3f4ae6f\" data-element_type=\"widget\" data-widget_type=\"image-gallery.default\">\n\t\t\t\t\t\t\t<div class=\"elementor-image-gallery\">\n\t\t\t\n\t\t<div id='gallery-1' class='gallery galleryid-8107 gallery-columns-3 gallery-size-thumbnail gallery1'><script type=\"text\/javascript\">\n\/\/ <![CDATA[\n\tjQuery(document).ready(function () {\n\t\tjQuery(\".gallery1 a\").attr(\"rel\",\"gallery1\");\t\n\t\tjQuery('a[rel=\"gallery1\"]').colorbox({title: function(){ return jQuery(this).children().attr(\"alt\"); }});\n\t});\n\/\/ ]]>\n<\/script>\n<dl class=\"gallery-item\">\n<dt class=\"gallery-icon\">\n<a href=\"https:\/\/www.spkatarzyna.pl\/wp-content\/uploads\/2023\/12\/0-300x206.jpeg\" title=\"\" rel=\"gallery1\" rel=\"lightbox[8107]\"><img decoding=\"async\" src=\"https:\/\/www.spkatarzyna.pl\/wp-content\/uploads\/2023\/12\/0-150x150.jpeg\" width=\"150\" height=\"150\" alt=\"\" \/><\/a>\n<\/dt><\/dl><dl class=\"gallery-item\">\n<dt class=\"gallery-icon\">\n<a href=\"https:\/\/www.spkatarzyna.pl\/wp-content\/uploads\/2023\/12\/image_50733825-207x300.jpg\" title=\"\" rel=\"gallery1\" rel=\"lightbox[8107]\"><img decoding=\"async\" src=\"https:\/\/www.spkatarzyna.pl\/wp-content\/uploads\/2023\/12\/image_50733825-150x150.jpg\" width=\"150\" height=\"150\" alt=\"\" \/><\/a>\n<\/dt><\/dl><dl class=\"gallery-item\">\n<dt class=\"gallery-icon\">\n<a href=\"https:\/\/www.spkatarzyna.pl\/wp-content\/uploads\/2023\/12\/image_50753025-300x213.jpg\" title=\"\" rel=\"gallery1\" rel=\"lightbox[8107]\"><img decoding=\"async\" src=\"https:\/\/www.spkatarzyna.pl\/wp-content\/uploads\/2023\/12\/image_50753025-150x150.jpg\" width=\"150\" height=\"150\" alt=\"\" \/><\/a>\n<\/dt><\/dl><br style=\"clear: both\" \/><br style=\"clear: both\" \/><\/div>\t\t<\/div>\n\t\t\t\t\t\t<\/div>\n\t\t\t\t\t<\/div>\n\t\t<\/div>\n\t\t\t\t\t<\/div>\n\t\t<\/section>\n\t\t\t\t<\/div>\n\t\t","protected":false},"excerpt":{"rendered":"<p>15 grudnia zako\u0144czyli\u015bmy akcj\u0119\u00a0Paczki pami\u0119ci Rodacy Bohaterom. Program prowadzi Stowarzyszenie Odra-Niemen. To niesamowita okazja, \u017ceby naszym Rodakom, \u017cyj\u0105cym poza granicami ojczyzny, pom\u00f3c w spos\u00f3b duchowy i materialny.\u00a0Kolejny raz mogli\u015bmy liczy\u0107 na Pa\u0144stwa wra\u017cliwe i otwarte serca. Zebrali\u015bmy pi\u0119\u0107 karton\u00f3w najpotrzebniejszych produkt\u00f3w.\u00a0Dzi\u0119kujemy!<\/p>\n","protected":false},"author":6,"featured_media":8108,"comment_status":"open","ping_status":"open","sticky":false,"template":"","format":"standard","meta":{"om_disable_all_campaigns":false,"_monsterinsights_skip_tracking":false,"ngg_post_thumbnail":0,"footnotes":""},"categories":[1],"tags":[],"class_list":["post-8107","post","type-post","status-publish","format-standard","has-post-thumbnail","hentry","category-uncategorized"],"aioseo_notices":[],"aioseo_head":"\n\t\t<!-- All in One SEO 5.0.1.1 - aioseo.com -->\n\t<meta name=\"description\" content=\"15 grudnia zako\u0144czyli\u015bmy akcj\u0119 Paczki pami\u0119ci Rodacy Bohaterom. Program prowadzi Stowarzyszenie Odra-Niemen. To niesamowita okazja, \u017ceby naszym Rodakom, \u017cyj\u0105cym poza granicami ojczyzny, pom\u00f3c w spos\u00f3b duchowy i materialny. Kolejny raz mogli\u015bmy liczy\u0107 na Pa\u0144stwa wra\u017cliwe i otwarte serca. Zebrali\u015bmy pi\u0119\u0107 karton\u00f3w najpotrzebniejszych produkt\u00f3w. Dzi\u0119kujemy!\" \/>\n\t<meta name=\"robots\" content=\"max-image-preview:large\" \/>\n\t<meta name=\"author\" content=\"Redakcja\"\/>\n\t<link rel=\"canonical\" href=\"https:\/\/www.spkatarzyna.pl\/index.php\/2023\/12\/17\/podsumowanie-akcji-paczki-pamieci\/\" \/>\n\t<meta name=\"generator\" content=\"All in One SEO (AIOSEO) 5.0.1.1\" \/>\n\t\t<meta property=\"og:locale\" content=\"pl_PL\" \/>\n\t\t<meta property=\"og:site_name\" content=\"SP Katarzyna - Publiczna Szko\u0142a Podstawowa w \u015awi\u0119tej Katarzynie\" \/>\n\t\t<meta property=\"og:type\" content=\"article\" \/>\n\t\t<meta property=\"og:title\" content=\"Podsumowanie akcji Paczki pami\u0119ci - SP Katarzyna\" \/>\n\t\t<meta property=\"og:description\" content=\"15 grudnia zako\u0144czyli\u015bmy akcj\u0119 Paczki pami\u0119ci Rodacy Bohaterom. Program prowadzi Stowarzyszenie Odra-Niemen. To niesamowita okazja, \u017ceby naszym Rodakom, \u017cyj\u0105cym poza granicami ojczyzny, pom\u00f3c w spos\u00f3b duchowy i materialny. Kolejny raz mogli\u015bmy liczy\u0107 na Pa\u0144stwa wra\u017cliwe i otwarte serca. Zebrali\u015bmy pi\u0119\u0107 karton\u00f3w najpotrzebniejszych produkt\u00f3w. Dzi\u0119kujemy!\" \/>\n\t\t<meta property=\"og:url\" content=\"https:\/\/www.spkatarzyna.pl\/index.php\/2023\/12\/17\/podsumowanie-akcji-paczki-pamieci\/\" \/>\n\t\t<meta property=\"article:published_time\" content=\"2023-12-17T15:46:40+00:00\" \/>\n\t\t<meta property=\"article:modified_time\" content=\"2023-12-17T15:48:27+00:00\" \/>\n\t\t<meta name=\"twitter:card\" content=\"summary_large_image\" \/>\n\t\t<meta name=\"twitter:title\" content=\"Podsumowanie akcji Paczki pami\u0119ci - SP Katarzyna\" \/>\n\t\t<meta name=\"twitter:description\" content=\"15 grudnia zako\u0144czyli\u015bmy akcj\u0119 Paczki pami\u0119ci Rodacy Bohaterom. Program prowadzi Stowarzyszenie Odra-Niemen. To niesamowita okazja, \u017ceby naszym Rodakom, \u017cyj\u0105cym poza granicami ojczyzny, pom\u00f3c w spos\u00f3b duchowy i materialny. Kolejny raz mogli\u015bmy liczy\u0107 na Pa\u0144stwa wra\u017cliwe i otwarte serca. Zebrali\u015bmy pi\u0119\u0107 karton\u00f3w najpotrzebniejszych produkt\u00f3w. Dzi\u0119kujemy!\" \/>\n\t\t<script type=\"application\/ld+json\" class=\"aioseo-schema\">\n\t\t\t{\"@context\":\"https:\\\/\\\/schema.org\",\"@graph\":[{\"@type\":\"BlogPosting\",\"@id\":\"https:\\\/\\\/www.spkatarzyna.pl\\\/index.php\\\/2023\\\/12\\\/17\\\/podsumowanie-akcji-paczki-pamieci\\\/#blogposting\",\"name\":\"Podsumowanie akcji Paczki pami\\u0119ci - SP Katarzyna\",\"headline\":\"Podsumowanie akcji Paczki pami\\u0119ci\",\"author\":{\"@id\":\"https:\\\/\\\/www.spkatarzyna.pl\\\/index.php\\\/author\\\/agatasafianspkatarzyna-pl\\\/#author\"},\"publisher\":{\"@id\":\"https:\\\/\\\/www.spkatarzyna.pl\\\/#organization\"},\"image\":{\"@type\":\"ImageObject\",\"url\":\"https:\\\/\\\/www.spkatarzyna.pl\\\/wp-content\\\/uploads\\\/2023\\\/12\\\/0.jpg\",\"width\":360,\"height\":202},\"datePublished\":\"2023-12-17T15:46:40+01:00\",\"dateModified\":\"2023-12-17T15:48:27+01:00\",\"inLanguage\":\"pl-PL\",\"mainEntityOfPage\":{\"@id\":\"https:\\\/\\\/www.spkatarzyna.pl\\\/index.php\\\/2023\\\/12\\\/17\\\/podsumowanie-akcji-paczki-pamieci\\\/#webpage\"},\"isPartOf\":{\"@id\":\"https:\\\/\\\/www.spkatarzyna.pl\\\/index.php\\\/2023\\\/12\\\/17\\\/podsumowanie-akcji-paczki-pamieci\\\/#webpage\"},\"articleSection\":\"Uncategorized\"},{\"@type\":\"BreadcrumbList\",\"@id\":\"https:\\\/\\\/www.spkatarzyna.pl\\\/index.php\\\/2023\\\/12\\\/17\\\/podsumowanie-akcji-paczki-pamieci\\\/#breadcrumblist\",\"itemListElement\":[{\"@type\":\"ListItem\",\"@id\":\"https:\\\/\\\/www.spkatarzyna.pl#listItem\",\"position\":1,\"name\":\"Dom\",\"item\":\"https:\\\/\\\/www.spkatarzyna.pl\",\"nextItem\":{\"@type\":\"ListItem\",\"@id\":\"https:\\\/\\\/www.spkatarzyna.pl\\\/index.php\\\/category\\\/uncategorized\\\/#listItem\",\"name\":\"Uncategorized\"}},{\"@type\":\"ListItem\",\"@id\":\"https:\\\/\\\/www.spkatarzyna.pl\\\/index.php\\\/category\\\/uncategorized\\\/#listItem\",\"position\":2,\"name\":\"Uncategorized\",\"item\":\"https:\\\/\\\/www.spkatarzyna.pl\\\/index.php\\\/category\\\/uncategorized\\\/\",\"nextItem\":{\"@type\":\"ListItem\",\"@id\":\"https:\\\/\\\/www.spkatarzyna.pl\\\/index.php\\\/2023\\\/12\\\/17\\\/podsumowanie-akcji-paczki-pamieci\\\/#listItem\",\"name\":\"Podsumowanie akcji Paczki pami\\u0119ci\"},\"previousItem\":{\"@type\":\"ListItem\",\"@id\":\"https:\\\/\\\/www.spkatarzyna.pl#listItem\",\"name\":\"Dom\"}},{\"@type\":\"ListItem\",\"@id\":\"https:\\\/\\\/www.spkatarzyna.pl\\\/index.php\\\/2023\\\/12\\\/17\\\/podsumowanie-akcji-paczki-pamieci\\\/#listItem\",\"position\":3,\"name\":\"Podsumowanie akcji Paczki pami\\u0119ci\",\"previousItem\":{\"@type\":\"ListItem\",\"@id\":\"https:\\\/\\\/www.spkatarzyna.pl\\\/index.php\\\/category\\\/uncategorized\\\/#listItem\",\"name\":\"Uncategorized\"}}]},{\"@type\":\"Organization\",\"@id\":\"https:\\\/\\\/www.spkatarzyna.pl\\\/#organization\",\"name\":\"SP Katarzyna\",\"description\":\"Publiczna Szko\\u0142a Podstawowa w \\u015awi\\u0119tej Katarzynie\",\"url\":\"https:\\\/\\\/www.spkatarzyna.pl\\\/\",\"telephone\":\"+48713116378\",\"sameAs\":[\"https:\\\/\\\/facebook.com\\\/\",\"https:\\\/\\\/x.com\\\/\",\"https:\\\/\\\/instagram.com\\\/\",\"https:\\\/\\\/pinterest.com\\\/\",\"https:\\\/\\\/youtube.com\\\/\",\"https:\\\/\\\/linkedin.com\\\/in\\\/\"]},{\"@type\":\"Person\",\"@id\":\"https:\\\/\\\/www.spkatarzyna.pl\\\/index.php\\\/author\\\/agatasafianspkatarzyna-pl\\\/#author\",\"url\":\"https:\\\/\\\/www.spkatarzyna.pl\\\/index.php\\\/author\\\/agatasafianspkatarzyna-pl\\\/\",\"name\":\"Redakcja\",\"image\":{\"@type\":\"ImageObject\",\"@id\":\"https:\\\/\\\/www.spkatarzyna.pl\\\/index.php\\\/2023\\\/12\\\/17\\\/podsumowanie-akcji-paczki-pamieci\\\/#authorImage\",\"url\":\"https:\\\/\\\/secure.gravatar.com\\\/avatar\\\/765290513df94d442152250e92b42327?s=96&d=mm&r=g\",\"width\":96,\"height\":96,\"caption\":\"Redakcja\"}},{\"@type\":\"WebPage\",\"@id\":\"https:\\\/\\\/www.spkatarzyna.pl\\\/index.php\\\/2023\\\/12\\\/17\\\/podsumowanie-akcji-paczki-pamieci\\\/#webpage\",\"url\":\"https:\\\/\\\/www.spkatarzyna.pl\\\/index.php\\\/2023\\\/12\\\/17\\\/podsumowanie-akcji-paczki-pamieci\\\/\",\"name\":\"Podsumowanie akcji Paczki pami\\u0119ci - SP Katarzyna\",\"description\":\"15 grudnia zako\\u0144czyli\\u015bmy akcj\\u0119 Paczki pami\\u0119ci Rodacy Bohaterom. Program prowadzi Stowarzyszenie Odra-Niemen. To niesamowita okazja, \\u017ceby naszym Rodakom, \\u017cyj\\u0105cym poza granicami ojczyzny, pom\\u00f3c w spos\\u00f3b duchowy i materialny. Kolejny raz mogli\\u015bmy liczy\\u0107 na Pa\\u0144stwa wra\\u017cliwe i otwarte serca. Zebrali\\u015bmy pi\\u0119\\u0107 karton\\u00f3w najpotrzebniejszych produkt\\u00f3w. Dzi\\u0119kujemy!\",\"inLanguage\":\"pl-PL\",\"isPartOf\":{\"@id\":\"https:\\\/\\\/www.spkatarzyna.pl\\\/#website\"},\"breadcrumb\":{\"@id\":\"https:\\\/\\\/www.spkatarzyna.pl\\\/index.php\\\/2023\\\/12\\\/17\\\/podsumowanie-akcji-paczki-pamieci\\\/#breadcrumblist\"},\"author\":{\"@id\":\"https:\\\/\\\/www.spkatarzyna.pl\\\/index.php\\\/author\\\/agatasafianspkatarzyna-pl\\\/#author\"},\"creator\":{\"@id\":\"https:\\\/\\\/www.spkatarzyna.pl\\\/index.php\\\/author\\\/agatasafianspkatarzyna-pl\\\/#author\"},\"image\":{\"@type\":\"ImageObject\",\"url\":\"https:\\\/\\\/www.spkatarzyna.pl\\\/wp-content\\\/uploads\\\/2023\\\/12\\\/0.jpg\",\"@id\":\"https:\\\/\\\/www.spkatarzyna.pl\\\/index.php\\\/2023\\\/12\\\/17\\\/podsumowanie-akcji-paczki-pamieci\\\/#mainImage\",\"width\":360,\"height\":202},\"primaryImageOfPage\":{\"@id\":\"https:\\\/\\\/www.spkatarzyna.pl\\\/index.php\\\/2023\\\/12\\\/17\\\/podsumowanie-akcji-paczki-pamieci\\\/#mainImage\"},\"datePublished\":\"2023-12-17T15:46:40+01:00\",\"dateModified\":\"2023-12-17T15:48:27+01:00\"},{\"@type\":\"WebSite\",\"@id\":\"https:\\\/\\\/www.spkatarzyna.pl\\\/#website\",\"url\":\"https:\\\/\\\/www.spkatarzyna.pl\\\/\",\"name\":\"SP Katarzyna\",\"description\":\"Publiczna Szko\\u0142a Podstawowa w \\u015awi\\u0119tej Katarzynie\",\"inLanguage\":\"pl-PL\",\"publisher\":{\"@id\":\"https:\\\/\\\/www.spkatarzyna.pl\\\/#organization\"}}]}\n\t\t<\/script>\n\t\t<!-- All in One SEO -->\n\n","aioseo_head_json":{"title":"Podsumowanie akcji Paczki pami\u0119ci - SP Katarzyna","description":"15 grudnia zako\u0144czyli\u015bmy akcj\u0119 Paczki pami\u0119ci Rodacy Bohaterom. Program prowadzi Stowarzyszenie Odra-Niemen. To niesamowita okazja, \u017ceby naszym Rodakom, \u017cyj\u0105cym poza granicami ojczyzny, pom\u00f3c w spos\u00f3b duchowy i materialny. Kolejny raz mogli\u015bmy liczy\u0107 na Pa\u0144stwa wra\u017cliwe i otwarte serca. Zebrali\u015bmy pi\u0119\u0107 karton\u00f3w najpotrzebniejszych produkt\u00f3w. Dzi\u0119kujemy!","canonical_url":"https:\/\/www.spkatarzyna.pl\/index.php\/2023\/12\/17\/podsumowanie-akcji-paczki-pamieci\/","robots":"max-image-preview:large","keywords":"","webmasterTools":{"miscellaneous":""},"schema":{"@context":"https:\/\/schema.org","@graph":[{"@type":"BlogPosting","@id":"https:\/\/www.spkatarzyna.pl\/index.php\/2023\/12\/17\/podsumowanie-akcji-paczki-pamieci\/#blogposting","name":"Podsumowanie akcji Paczki pami\u0119ci - SP Katarzyna","headline":"Podsumowanie akcji Paczki pami\u0119ci","author":{"@id":"https:\/\/www.spkatarzyna.pl\/index.php\/author\/agatasafianspkatarzyna-pl\/#author"},"publisher":{"@id":"https:\/\/www.spkatarzyna.pl\/#organization"},"image":{"@type":"ImageObject","url":"https:\/\/www.spkatarzyna.pl\/wp-content\/uploads\/2023\/12\/0.jpg","width":360,"height":202},"datePublished":"2023-12-17T15:46:40+01:00","dateModified":"2023-12-17T15:48:27+01:00","inLanguage":"pl-PL","mainEntityOfPage":{"@id":"https:\/\/www.spkatarzyna.pl\/index.php\/2023\/12\/17\/podsumowanie-akcji-paczki-pamieci\/#webpage"},"isPartOf":{"@id":"https:\/\/www.spkatarzyna.pl\/index.php\/2023\/12\/17\/podsumowanie-akcji-paczki-pamieci\/#webpage"},"articleSection":"Uncategorized"},{"@type":"BreadcrumbList","@id":"https:\/\/www.spkatarzyna.pl\/index.php\/2023\/12\/17\/podsumowanie-akcji-paczki-pamieci\/#breadcrumblist","itemListElement":[{"@type":"ListItem","@id":"https:\/\/www.spkatarzyna.pl#listItem","position":1,"name":"Dom","item":"https:\/\/www.spkatarzyna.pl","nextItem":{"@type":"ListItem","@id":"https:\/\/www.spkatarzyna.pl\/index.php\/category\/uncategorized\/#listItem","name":"Uncategorized"}},{"@type":"ListItem","@id":"https:\/\/www.spkatarzyna.pl\/index.php\/category\/uncategorized\/#listItem","position":2,"name":"Uncategorized","item":"https:\/\/www.spkatarzyna.pl\/index.php\/category\/uncategorized\/","nextItem":{"@type":"ListItem","@id":"https:\/\/www.spkatarzyna.pl\/index.php\/2023\/12\/17\/podsumowanie-akcji-paczki-pamieci\/#listItem","name":"Podsumowanie akcji Paczki pami\u0119ci"},"previousItem":{"@type":"ListItem","@id":"https:\/\/www.spkatarzyna.pl#listItem","name":"Dom"}},{"@type":"ListItem","@id":"https:\/\/www.spkatarzyna.pl\/index.php\/2023\/12\/17\/podsumowanie-akcji-paczki-pamieci\/#listItem","position":3,"name":"Podsumowanie akcji Paczki pami\u0119ci","previousItem":{"@type":"ListItem","@id":"https:\/\/www.spkatarzyna.pl\/index.php\/category\/uncategorized\/#listItem","name":"Uncategorized"}}]},{"@type":"Organization","@id":"https:\/\/www.spkatarzyna.pl\/#organization","name":"SP Katarzyna","description":"Publiczna Szko\u0142a Podstawowa w \u015awi\u0119tej Katarzynie","url":"https:\/\/www.spkatarzyna.pl\/","telephone":"+48713116378","sameAs":["https:\/\/facebook.com\/","https:\/\/x.com\/","https:\/\/instagram.com\/","https:\/\/pinterest.com\/","https:\/\/youtube.com\/","https:\/\/linkedin.com\/in\/"]},{"@type":"Person","@id":"https:\/\/www.spkatarzyna.pl\/index.php\/author\/agatasafianspkatarzyna-pl\/#author","url":"https:\/\/www.spkatarzyna.pl\/index.php\/author\/agatasafianspkatarzyna-pl\/","name":"Redakcja","image":{"@type":"ImageObject","@id":"https:\/\/www.spkatarzyna.pl\/index.php\/2023\/12\/17\/podsumowanie-akcji-paczki-pamieci\/#authorImage","url":"https:\/\/secure.gravatar.com\/avatar\/765290513df94d442152250e92b42327?s=96&d=mm&r=g","width":96,"height":96,"caption":"Redakcja"}},{"@type":"WebPage","@id":"https:\/\/www.spkatarzyna.pl\/index.php\/2023\/12\/17\/podsumowanie-akcji-paczki-pamieci\/#webpage","url":"https:\/\/www.spkatarzyna.pl\/index.php\/2023\/12\/17\/podsumowanie-akcji-paczki-pamieci\/","name":"Podsumowanie akcji Paczki pami\u0119ci - SP Katarzyna","description":"15 grudnia zako\u0144czyli\u015bmy akcj\u0119 Paczki pami\u0119ci Rodacy Bohaterom. Program prowadzi Stowarzyszenie Odra-Niemen. To niesamowita okazja, \u017ceby naszym Rodakom, \u017cyj\u0105cym poza granicami ojczyzny, pom\u00f3c w spos\u00f3b duchowy i materialny. Kolejny raz mogli\u015bmy liczy\u0107 na Pa\u0144stwa wra\u017cliwe i otwarte serca. Zebrali\u015bmy pi\u0119\u0107 karton\u00f3w najpotrzebniejszych produkt\u00f3w. Dzi\u0119kujemy!","inLanguage":"pl-PL","isPartOf":{"@id":"https:\/\/www.spkatarzyna.pl\/#website"},"breadcrumb":{"@id":"https:\/\/www.spkatarzyna.pl\/index.php\/2023\/12\/17\/podsumowanie-akcji-paczki-pamieci\/#breadcrumblist"},"author":{"@id":"https:\/\/www.spkatarzyna.pl\/index.php\/author\/agatasafianspkatarzyna-pl\/#author"},"creator":{"@id":"https:\/\/www.spkatarzyna.pl\/index.php\/author\/agatasafianspkatarzyna-pl\/#author"},"image":{"@type":"ImageObject","url":"https:\/\/www.spkatarzyna.pl\/wp-content\/uploads\/2023\/12\/0.jpg","@id":"https:\/\/www.spkatarzyna.pl\/index.php\/2023\/12\/17\/podsumowanie-akcji-paczki-pamieci\/#mainImage","width":360,"height":202},"primaryImageOfPage":{"@id":"https:\/\/www.spkatarzyna.pl\/index.php\/2023\/12\/17\/podsumowanie-akcji-paczki-pamieci\/#mainImage"},"datePublished":"2023-12-17T15:46:40+01:00","dateModified":"2023-12-17T15:48:27+01:00"},{"@type":"WebSite","@id":"https:\/\/www.spkatarzyna.pl\/#website","url":"https:\/\/www.spkatarzyna.pl\/","name":"SP Katarzyna","description":"Publiczna Szko\u0142a Podstawowa w \u015awi\u0119tej Katarzynie","inLanguage":"pl-PL","publisher":{"@id":"https:\/\/www.spkatarzyna.pl\/#organization"}}]},"og:locale":"pl_PL","og:site_name":"SP Katarzyna - Publiczna Szko\u0142a Podstawowa w \u015awi\u0119tej Katarzynie","og:type":"article","og:title":"Podsumowanie akcji Paczki pami\u0119ci - SP Katarzyna","og:description":"15 grudnia zako\u0144czyli\u015bmy akcj\u0119 Paczki pami\u0119ci Rodacy Bohaterom. Program prowadzi Stowarzyszenie Odra-Niemen. To niesamowita okazja, \u017ceby naszym Rodakom, \u017cyj\u0105cym poza granicami ojczyzny, pom\u00f3c w spos\u00f3b duchowy i materialny. Kolejny raz mogli\u015bmy liczy\u0107 na Pa\u0144stwa wra\u017cliwe i otwarte serca. Zebrali\u015bmy pi\u0119\u0107 karton\u00f3w najpotrzebniejszych produkt\u00f3w. Dzi\u0119kujemy!","og:url":"https:\/\/www.spkatarzyna.pl\/index.php\/2023\/12\/17\/podsumowanie-akcji-paczki-pamieci\/","article:published_time":"2023-12-17T15:46:40+00:00","article:modified_time":"2023-12-17T15:48:27+00:00","twitter:card":"summary_large_image","twitter:title":"Podsumowanie akcji Paczki pami\u0119ci - SP Katarzyna","twitter:description":"15 grudnia zako\u0144czyli\u015bmy akcj\u0119 Paczki pami\u0119ci Rodacy Bohaterom. Program prowadzi Stowarzyszenie Odra-Niemen. To niesamowita okazja, \u017ceby naszym Rodakom, \u017cyj\u0105cym poza granicami ojczyzny, pom\u00f3c w spos\u00f3b duchowy i materialny. Kolejny raz mogli\u015bmy liczy\u0107 na Pa\u0144stwa wra\u017cliwe i otwarte serca. Zebrali\u015bmy pi\u0119\u0107 karton\u00f3w najpotrzebniejszych produkt\u00f3w. Dzi\u0119kujemy!"},"aioseo_meta_data":{"post_id":"8107","title":null,"description":null,"keywords":null,"keyphrases":null,"primary_term":null,"canonical_url":null,"og_title":null,"og_description":null,"og_object_type":"default","og_image_type":"default","og_image_url":null,"og_image_width":null,"og_image_height":null,"og_image_custom_url":null,"og_image_custom_fields":null,"og_video":null,"og_custom_url":null,"og_article_section":null,"og_article_tags":null,"twitter_use_og":false,"twitter_card":"default","twitter_image_type":"default","twitter_image_url":null,"twitter_image_custom_url":null,"twitter_image_custom_fields":null,"twitter_title":null,"twitter_description":null,"schema":{"blockGraphs":[],"customGraphs":[],"default":{"data":{"Article":[],"Course":[],"Dataset":[],"FAQPage":[],"Movie":[],"Person":[],"Product":[],"ProductReview":[],"Car":[],"Recipe":[],"Service":[],"SoftwareApplication":[],"WebPage":[]},"graphName":"","isEnabled":true},"graphs":[]},"schema_type":"default","schema_type_options":null,"pillar_content":false,"robots_default":true,"robots_noindex":false,"robots_noarchive":false,"robots_nosnippet":false,"robots_nofollow":false,"robots_noimageindex":false,"robots_noodp":false,"robots_notranslate":false,"robots_max_snippet":null,"robots_max_videopreview":null,"robots_max_imagepreview":"large","priority":null,"frequency":null,"local_seo":null,"limit_modified_date":false,"created":"2024-04-03 08:43:07","updated":"2026-09-03 15:03:56","focus_keyword":null,"additional_keywords":null,"truseo_locale":null,"ai":null,"breadcrumb_settings":null,"seo_analyzer_scan_date":null},"aioseo_breadcrumb":"<div class=\"aioseo-breadcrumbs\"><span class=\"aioseo-breadcrumb\">\n\t\t\t<a href=\"https:\/\/www.spkatarzyna.pl\" title=\"Dom\">Dom<\/a>\n\t\t<\/span><span class=\"aioseo-breadcrumb-separator\">&raquo;<\/span><span class=\"aioseo-breadcrumb\">\n\t\t\t<a href=\"https:\/\/www.spkatarzyna.pl\/index.php\/category\/uncategorized\/\" title=\"Uncategorized\">Uncategorized<\/a>\n\t\t<\/span><span class=\"aioseo-breadcrumb-separator\">&raquo;<\/span><span class=\"aioseo-breadcrumb\">\n\t\t\tPodsumowanie akcji Paczki pami\u0119ci\n\t\t<\/span><\/div>","aioseo_breadcrumb_json":[{"label":"Dom","link":"https:\/\/www.spkatarzyna.pl"},{"label":"Uncategorized","link":"https:\/\/www.spkatarzyna.pl\/index.php\/category\/uncategorized\/"},{"label":"Podsumowanie akcji Paczki pami\u0119ci","link":"https:\/\/www.spkatarzyna.pl\/index.php\/2023\/12\/17\/podsumowanie-akcji-paczki-pamieci\/"}],"_links":{"self":[{"href":"https:\/\/www.spkatarzyna.pl\/index.php\/wp-json\/wp\/v2\/posts\/8107","targetHints":{"allow":["GET"]}}],"collection":[{"href":"https:\/\/www.spkatarzyna.pl\/index.php\/wp-json\/wp\/v2\/posts"}],"about":[{"href":"https:\/\/www.spkatarzyna.pl\/index.php\/wp-json\/wp\/v2\/types\/post"}],"author":[{"embeddable":true,"href":"https:\/\/www.spkatarzyna.pl\/index.php\/wp-json\/wp\/v2\/users\/6"}],"replies":[{"embeddable":true,"href":"https:\/\/www.spkatarzyna.pl\/index.php\/wp-json\/wp\/v2\/comments?post=8107"}],"version-history":[{"count":7,"href":"https:\/\/www.spkatarzyna.pl\/index.php\/wp-json\/wp\/v2\/posts\/8107\/revisions"}],"predecessor-version":[{"id":8118,"href":"https:\/\/www.spkatarzyna.pl\/index.php\/wp-json\/wp\/v2\/posts\/8107\/revisions\/8118"}],"wp:featuredmedia":[{"embeddable":true,"href":"https:\/\/www.spkatarzyna.pl\/index.php\/wp-json\/wp\/v2\/media\/8108"}],"wp:attachment":[{"href":"https:\/\/www.spkatarzyna.pl\/index.php\/wp-json\/wp\/v2\/media?parent=8107"}],"wp:term":[{"taxonomy":"category","embeddable":true,"href":"https:\/\/www.spkatarzyna.pl\/index.php\/wp-json\/wp\/v2\/categories?post=8107"},{"taxonomy":"post_tag","embeddable":true,"href":"https:\/\/www.spkatarzyna.pl\/index.php\/wp-json\/wp\/v2\/tags?post=8107"}],"curies":[{"name":"wp","href":"https:\/\/api.w.org\/{rel}","templated":true}]}}